{"id":7006,"date":"2021-03-20T20:09:10","date_gmt":"2021-03-20T19:09:10","guid":{"rendered":"https:\/\/exaudi.org\/?p=7006"},"modified":"2021-03-21T10:54:54","modified_gmt":"2021-03-21T09:54:54","slug":"fidesco-discurso-papa","status":"publish","type":"post","link":"https:\/\/exaudi.org\/es\/fidesco-discurso-papa\/","title":{"rendered":"FIDESCO: Discurso del Papa a directivos y voluntarios"},"content":{"rendered":"<p>En la ma\u00f1ana de hoy, 21 de marzo de 2021, en el Palacio Apost\u00f3lico Vaticano, el Papa Francisco ha recibido en audiencia a los directivos y voluntarios de la Asociaci\u00f3n <a href=\"https:\/\/emmanuel.info\/es\/fidesco\/\">FIDESCO<\/a> -Organizaci\u00f3n Cat\u00f3lica de Solidaridad Internacional- con motivo del 40\u00ba aniversario de su fundaci\u00f3n.<\/p>\n<p><img loading=\"lazy\" decoding=\"async\" class=\"size-medium wp-image-7016 alignleft\" src=\"https:\/\/exaudi.org\/wp-content\/uploads\/2021\/03\/vm200321121204_00088-300x200.jpg\" alt=\"\" width=\"300\" height=\"200\" srcset=\"https:\/\/exaudi.org\/wp-content\/uploads\/2021\/03\/vm200321121204_00088-300x200.jpg 300w, https:\/\/exaudi.org\/wp-content\/uploads\/2021\/03\/vm200321121204_00088-1024x683.jpg 1024w, https:\/\/exaudi.org\/wp-content\/uploads\/2021\/03\/vm200321121204_00088-768x512.jpg 768w, https:\/\/exaudi.org\/wp-content\/uploads\/2021\/03\/vm200321121204_00088-1536x1024.jpg 1536w, https:\/\/exaudi.org\/wp-content\/uploads\/2021\/03\/vm200321121204_00088-2048x1365.jpg 2048w, https:\/\/exaudi.org\/wp-content\/uploads\/2021\/03\/vm200321121204_00088-150x100.jpg 150w, https:\/\/exaudi.org\/wp-content\/uploads\/2021\/03\/vm200321121204_00088-696x464.jpg 696w, https:\/\/exaudi.org\/wp-content\/uploads\/2021\/03\/vm200321121204_00088-1068x712.jpg 1068w, https:\/\/exaudi.org\/wp-content\/uploads\/2021\/03\/vm200321121204_00088-1920x1280.jpg 1920w, https:\/\/exaudi.org\/wp-content\/uploads\/2021\/03\/vm200321121204_00088-630x420.jpg 630w\" sizes=\"auto, (max-width: 300px) 100vw, 300px\" \/>FIDESCO, iniciativa de la Comunidad Emmanuel, es una organizaci\u00f3n cat\u00f3lica de solidaridad internacional. \u00a0Env\u00eda voluntarios a los pa\u00edses en desarrollo para poner sus competencias profesionales al servicio de la poblaci\u00f3n local.<\/p>\n<p>A continuaci\u00f3n, publicamos el discurso que el Papa ha dirigido a los presentes durante el encuentro.<\/p>\n<p>***<\/p>\n<h4><strong>Discurso del Santo Padre<\/strong><\/h4>\n<p>Queridos hermanos y hermanas,<\/p>\n<p><img loading=\"lazy\" decoding=\"async\" class=\"size-medium wp-image-7010 alignright\" src=\"https:\/\/exaudi.org\/wp-content\/uploads\/2021\/03\/vm200321115530_00106-300x200.jpg\" alt=\"\" width=\"300\" height=\"200\" srcset=\"https:\/\/exaudi.org\/wp-content\/uploads\/2021\/03\/vm200321115530_00106-300x200.jpg 300w, https:\/\/exaudi.org\/wp-content\/uploads\/2021\/03\/vm200321115530_00106-1024x683.jpg 1024w, https:\/\/exaudi.org\/wp-content\/uploads\/2021\/03\/vm200321115530_00106-768x512.jpg 768w, https:\/\/exaudi.org\/wp-content\/uploads\/2021\/03\/vm200321115530_00106-1536x1024.jpg 1536w, https:\/\/exaudi.org\/wp-content\/uploads\/2021\/03\/vm200321115530_00106-2048x1365.jpg 2048w, https:\/\/exaudi.org\/wp-content\/uploads\/2021\/03\/vm200321115530_00106-150x100.jpg 150w, https:\/\/exaudi.org\/wp-content\/uploads\/2021\/03\/vm200321115530_00106-696x464.jpg 696w, https:\/\/exaudi.org\/wp-content\/uploads\/2021\/03\/vm200321115530_00106-1068x712.jpg 1068w, https:\/\/exaudi.org\/wp-content\/uploads\/2021\/03\/vm200321115530_00106-1920x1280.jpg 1920w, https:\/\/exaudi.org\/wp-content\/uploads\/2021\/03\/vm200321115530_00106-630x420.jpg 630w\" sizes=\"auto, (max-width: 300px) 100vw, 300px\" \/>Me alegra daros la bienvenida, a los responsables y voluntarios de la organizaci\u00f3n FIDESCO, durante vuestra peregrinaci\u00f3n a Roma con motivo del 40\u00ba aniversario de vuestra fundaci\u00f3n al servicio de la Iglesia y del desarrollo. Agradezco al director sus palabras de saludo y presentaci\u00f3n. Vuestro paso por las tumbas de los ap\u00f3stoles os permite arraigar todav\u00eda mejor las acciones que llev\u00e1is a cabo diariamente en vuestra fe en Cristo muerto y resucitado y en el coraz\u00f3n de la misi\u00f3n de la Iglesia. Espero que la renovaci\u00f3n espiritual que est\u00e1is viviendo, caracterizada por una connotaci\u00f3n penitencial en este tiempo de Cuaresma, os haga regresar a vuestros hermanos todav\u00eda m\u00e1s entusiastas y alegres.<\/p>\n<p>\u201cDejarse amar por Dios y [&#8230;] amarlo con el amor que \u00c9l mismo nos comunica, provoca en la vida de la persona y en sus acciones una primera y fundamental reacci\u00f3n: desear, buscar y cuidar el bien de los dem\u00e1s\u201d. (Exhortaci\u00f3n apost\u00f3lica\u00a0<a href=\"http:\/\/www.vatican.va\/content\/francesco\/es\/apost_exhortations\/documents\/papa-francesco_esortazione-ap_20131124_evangelii-gaudium.html\" target=\"_blank\" rel=\"noopener noreferrer\"><em>Evangelii Gaudium<\/em><\/a>, 178) Es este \u201cbien de los dem\u00e1s\u201d el que busc\u00e1is, impulsados por el soplo del Esp\u00edritu, cuando decid\u00eds partir durante unos a\u00f1os con la organizaci\u00f3n FIDESCO para servir a vuestros hermanos m\u00e1s lejanos, menos afortunados, m\u00e1s desfavorecidos, con menos oportunidades que vosotros y, sin embargo, igual de amados por Dios y dotados de dignidad.<\/p>\n<p><img loading=\"lazy\" decoding=\"async\" class=\"size-medium wp-image-7013 alignleft\" src=\"https:\/\/exaudi.org\/wp-content\/uploads\/2021\/03\/vm200321115216_00007-300x200.jpg\" alt=\"\" width=\"300\" height=\"200\" srcset=\"https:\/\/exaudi.org\/wp-content\/uploads\/2021\/03\/vm200321115216_00007-300x200.jpg 300w, https:\/\/exaudi.org\/wp-content\/uploads\/2021\/03\/vm200321115216_00007-1024x683.jpg 1024w, https:\/\/exaudi.org\/wp-content\/uploads\/2021\/03\/vm200321115216_00007-768x512.jpg 768w, https:\/\/exaudi.org\/wp-content\/uploads\/2021\/03\/vm200321115216_00007-1536x1024.jpg 1536w, https:\/\/exaudi.org\/wp-content\/uploads\/2021\/03\/vm200321115216_00007-2048x1365.jpg 2048w, https:\/\/exaudi.org\/wp-content\/uploads\/2021\/03\/vm200321115216_00007-150x100.jpg 150w, https:\/\/exaudi.org\/wp-content\/uploads\/2021\/03\/vm200321115216_00007-696x464.jpg 696w, https:\/\/exaudi.org\/wp-content\/uploads\/2021\/03\/vm200321115216_00007-1068x712.jpg 1068w, https:\/\/exaudi.org\/wp-content\/uploads\/2021\/03\/vm200321115216_00007-1920x1280.jpg 1920w, https:\/\/exaudi.org\/wp-content\/uploads\/2021\/03\/vm200321115216_00007-630x420.jpg 630w\" sizes=\"auto, (max-width: 300px) 100vw, 300px\" \/>La Iglesia en estos d\u00edas entra en la gran meditaci\u00f3n de la Pasi\u00f3n del Se\u00f1or. El Cristo sufriente est\u00e1 presente en el pobre, en el excluido, en el enfermo y en el hambriento que lleva consigo el misterio de la Cruz. Os beneficiar\u00e9is en gran medida de vivir plenamente este tiempo de la Pasi\u00f3n para acudir a la fuente de vuestra misi\u00f3n. \u201cConfesar que Jes\u00fas dio su sangre por nosotros nos impide conservar alguna duda acerca del amor sin l\u00edmites que ennoblece a todo ser humano. (<em>ibid.<\/em>). Todo ser humano es digno. Cada ser humano es un hermano o hermana para m\u00ed. Os invito a que, cuando est\u00e9is en plena misi\u00f3n, con vuestra relaci\u00f3n personal con el Se\u00f1or y con vuestra vida de fe, conserv\u00e9is intactos el asombro, la cautivaci\u00f3n, el entusiasmo de vivir el Evangelio de la fraternidad (cf. ib\u00edd., 179). Lo necesitamos en los momentos m\u00e1s dif\u00edciles de soledad, des\u00e1nimo, desilusi\u00f3n&#8230;.<\/p>\n<p><img loading=\"lazy\" decoding=\"async\" class=\"size-medium wp-image-7019 alignright\" src=\"https:\/\/exaudi.org\/wp-content\/uploads\/2021\/03\/cq5dam.web_.800.800-24-300x200.jpeg\" alt=\"\" width=\"300\" height=\"200\" srcset=\"https:\/\/exaudi.org\/wp-content\/uploads\/2021\/03\/cq5dam.web_.800.800-24-300x200.jpeg 300w, https:\/\/exaudi.org\/wp-content\/uploads\/2021\/03\/cq5dam.web_.800.800-24-768x512.jpeg 768w, https:\/\/exaudi.org\/wp-content\/uploads\/2021\/03\/cq5dam.web_.800.800-24-150x100.jpeg 150w, https:\/\/exaudi.org\/wp-content\/uploads\/2021\/03\/cq5dam.web_.800.800-24-696x464.jpeg 696w, https:\/\/exaudi.org\/wp-content\/uploads\/2021\/03\/cq5dam.web_.800.800-24-630x420.jpeg 630w, https:\/\/exaudi.org\/wp-content\/uploads\/2021\/03\/cq5dam.web_.800.800-24.jpeg 800w\" sizes=\"auto, (max-width: 300px) 100vw, 300px\" \/>Quiero dar las gracias a FIDESCO, a sus dirigentes, a sus voluntarios, y dar gracias al Se\u00f1or por el trabajo realizado en estos cuarenta a\u00f1os de servicio misionero, as\u00ed como por el testimonio de Cristo, que vino a salvar a todo el hombre y a todos los hombres. Vuestraf acci\u00f3n solidaria se orienta, en efecto, hacia el desarrollo integral de las personas, hacia la atenci\u00f3n no s\u00f3lo de sus necesidades materiales, sino tambi\u00e9n de su integraci\u00f3n social, de su crecimiento intelectual, cultural y espiritual, dando a cada uno su propia dignidad. Os animo a perseverar en este camino, permaneciendo enraizados en la doctrina social de la Iglesia. Hoy es m\u00e1s importante que nunca que los fieles de Cristo sean testigos de la ternura y la compasi\u00f3n. Escuchar el grito de los pobres que resuena en nuestro interior, dejarse provocar por el sufrimiento de los dem\u00e1s y decidirse a salir a tocar sus heridas -que son las heridas de Cristo- no s\u00f3lo nos hace participar en la construcci\u00f3n de un mundo m\u00e1s bello, m\u00e1s fraterno, m\u00e1s evang\u00e9lico, sino que fortalece a la Iglesia en su misi\u00f3n de acelerar la instauraci\u00f3n del Reino de Dios (cf. i<em>b\u00edd.,<\/em>\u00a0180).<\/p>\n<p><img loading=\"lazy\" decoding=\"async\" class=\"size-medium wp-image-7010 alignleft\" src=\"https:\/\/exaudi.org\/wp-content\/uploads\/2021\/03\/vm200321115530_00106-300x200.jpg\" alt=\"\" width=\"300\" height=\"200\" srcset=\"https:\/\/exaudi.org\/wp-content\/uploads\/2021\/03\/vm200321115530_00106-300x200.jpg 300w, https:\/\/exaudi.org\/wp-content\/uploads\/2021\/03\/vm200321115530_00106-1024x683.jpg 1024w, https:\/\/exaudi.org\/wp-content\/uploads\/2021\/03\/vm200321115530_00106-768x512.jpg 768w, https:\/\/exaudi.org\/wp-content\/uploads\/2021\/03\/vm200321115530_00106-1536x1024.jpg 1536w, https:\/\/exaudi.org\/wp-content\/uploads\/2021\/03\/vm200321115530_00106-2048x1365.jpg 2048w, https:\/\/exaudi.org\/wp-content\/uploads\/2021\/03\/vm200321115530_00106-150x100.jpg 150w, https:\/\/exaudi.org\/wp-content\/uploads\/2021\/03\/vm200321115530_00106-696x464.jpg 696w, https:\/\/exaudi.org\/wp-content\/uploads\/2021\/03\/vm200321115530_00106-1068x712.jpg 1068w, https:\/\/exaudi.org\/wp-content\/uploads\/2021\/03\/vm200321115530_00106-1920x1280.jpg 1920w, https:\/\/exaudi.org\/wp-content\/uploads\/2021\/03\/vm200321115530_00106-630x420.jpg 630w\" sizes=\"auto, (max-width: 300px) 100vw, 300px\" \/>Por \u00faltimo, me gustar\u00eda destacar el crecimiento personal que puede aportar un compromiso, aunque sea temporal, en vuestra asociaci\u00f3n, tanto en el plano humano como en el de la fe. Qui\u00e9n se compromete con vuestras misiones encuentra no s\u00f3lo la oportunidad de abrirse al mundo y a las culturas, sino tambi\u00e9n el medio de responder a la misericordia de Dios: \u00abSed misericordiosos, como vuestro Padre es misericordioso\u00bb (<em>Lc\u00a0<\/em>6,36). Tambi\u00e9n encuentra un camino espiritual en respuesta al don gratuito de Dios. Una vez m\u00e1s, la oportunidad que ofrec\u00e9is, especialmente a los m\u00e1s j\u00f3venes, de crecer en fe y humanidad es digna de reconocimiento.<\/p>\n<p>Os deseo una buena peregrinaci\u00f3n y os encomiendo, como a todos los miembros de FIDESCO, a la protecci\u00f3n de la Virgen Mar\u00eda. Os bendigo de coraz\u00f3n y os pido por favor que rec\u00e9is por m\u00ed. Gracias.<\/p>\n<p><strong>\u00a9 Librer\u00eda Editora Vaticana<\/strong><\/p>\n","protected":false},"excerpt":{"rendered":"<p>Texto completo<\/p>\n","protected":false},"author":15,"featured_media":7007,"comment_status":"closed","ping_status":"closed","sticky":false,"template":"","format":"standard","meta":{"_acf_changed":false,"_crdt_document":"","inline_featured_image":false,"footnotes":""},"categories":[68,298],"tags":[648,1055,158],"class_list":["post-7006","post","type-post","status-publish","format-standard","has-post-thumbnail","hentry","category-leon-xiv","category-ultimas-noticias","tag-discurso","tag-fidesco-es","tag-papa-francisco"],"acf":[],"yoast_head":"<!-- This site is optimized with the Yoast SEO plugin v27.5 - https:\/\/yoast.com\/product\/yoast-seo-wordpress\/ -->\n<title>FIDESCO: Discurso del Papa a directivos y voluntarios &#8211; Exaudi<\/title>\n<meta name=\"description\" content=\"El Papa ha recibido en audiencia a los directivos y voluntarios de la Asociaci\u00f3n FIDESCO con motivo del 40\u00ba aniversario de su fundaci\u00f3n\" \/>\n<meta name=\"robots\" content=\"index, follow, max-snippet:-1, max-image-preview:large, max-video-preview:-1\" \/>\n<link rel=\"canonical\" href=\"https:\/\/exaudi.org\/es\/fidesco-discurso-papa\/\" \/>\n<meta property=\"og:locale\" content=\"es_ES\" \/>\n<meta property=\"og:type\" content=\"article\" \/>\n<meta property=\"og:title\" content=\"FIDESCO: Discurso del Papa a directivos y voluntarios &#8211; Exaudi\" \/>\n<meta property=\"og:description\" content=\"El Papa ha recibido en audiencia a los directivos y voluntarios de la Asociaci\u00f3n FIDESCO con motivo del 40\u00ba aniversario de su fundaci\u00f3n\" \/>\n<meta property=\"og:url\" content=\"https:\/\/exaudi.org\/es\/fidesco-discurso-papa\/\" \/>\n<meta property=\"og:site_name\" content=\"Exaudi\" \/>\n<meta property=\"article:publisher\" content=\"https:\/\/www.facebook.com\/ExaudiNews\" \/>\n<meta property=\"article:author\" content=\"https:\/\/www.facebook.com\/ExaudiNoticias\/\" \/>\n<meta property=\"article:published_time\" content=\"2021-03-20T19:09:10+00:00\" \/>\n<meta property=\"article:modified_time\" content=\"2021-03-21T09:54:54+00:00\" \/>\n<meta property=\"og:image\" content=\"https:\/\/exaudi.org\/wp-content\/uploads\/2021\/03\/VM200321115148_0009-scaled.jpg\" \/>\n\t<meta property=\"og:image:width\" content=\"2560\" \/>\n\t<meta property=\"og:image:height\" content=\"1706\" \/>\n\t<meta property=\"og:image:type\" content=\"image\/jpeg\" \/>\n<meta name=\"author\" content=\"Exaudi Redacci\u00f3n\" \/>\n<meta name=\"twitter:card\" content=\"summary_large_image\" \/>\n<meta name=\"twitter:creator\" content=\"@Exaudi_noticias\" \/>\n<meta name=\"twitter:site\" content=\"@Exaudi_News\" \/>\n<meta name=\"twitter:label1\" content=\"Escrito por\" \/>\n\t<meta name=\"twitter:data1\" content=\"Exaudi Redacci\u00f3n\" \/>\n\t<meta name=\"twitter:label2\" content=\"Tiempo de lectura\" \/>\n\t<meta name=\"twitter:data2\" content=\"5 minutos\" \/>\n<script type=\"application\/ld+json\" class=\"yoast-schema-graph\">{\"@context\":\"https:\\\/\\\/schema.org\",\"@graph\":[{\"@type\":\"Article\",\"@id\":\"https:\\\/\\\/exaudi.org\\\/es\\\/fidesco-discurso-papa\\\/#article\",\"isPartOf\":{\"@id\":\"https:\\\/\\\/exaudi.org\\\/es\\\/fidesco-discurso-papa\\\/\"},\"author\":{\"name\":\"Exaudi Redacci\u00f3n\",\"@id\":\"https:\\\/\\\/exaudi.org\\\/#\\\/schema\\\/person\\\/f5fc8f063065e38742da7afe15f25df7\"},\"headline\":\"FIDESCO: Discurso del Papa a directivos y voluntarios\",\"datePublished\":\"2021-03-20T19:09:10+00:00\",\"dateModified\":\"2021-03-21T09:54:54+00:00\",\"mainEntityOfPage\":{\"@id\":\"https:\\\/\\\/exaudi.org\\\/es\\\/fidesco-discurso-papa\\\/\"},\"wordCount\":891,\"image\":{\"@id\":\"https:\\\/\\\/exaudi.org\\\/es\\\/fidesco-discurso-papa\\\/#primaryimage\"},\"thumbnailUrl\":\"https:\\\/\\\/exaudi.org\\\/wp-content\\\/uploads\\\/2021\\\/03\\\/VM200321115148_0009-scaled.jpg\",\"keywords\":[\"Discurso\",\"Fidesco\",\"papa francisco\"],\"articleSection\":[\"Le\u00f3n XIV\",\"\u00daltimas noticias\"],\"inLanguage\":\"es\"},{\"@type\":\"WebPage\",\"@id\":\"https:\\\/\\\/exaudi.org\\\/es\\\/fidesco-discurso-papa\\\/\",\"url\":\"https:\\\/\\\/exaudi.org\\\/es\\\/fidesco-discurso-papa\\\/\",\"name\":\"FIDESCO: Discurso del Papa a directivos y voluntarios &#8211; Exaudi\",\"isPartOf\":{\"@id\":\"https:\\\/\\\/exaudi.org\\\/#website\"},\"primaryImageOfPage\":{\"@id\":\"https:\\\/\\\/exaudi.org\\\/es\\\/fidesco-discurso-papa\\\/#primaryimage\"},\"image\":{\"@id\":\"https:\\\/\\\/exaudi.org\\\/es\\\/fidesco-discurso-papa\\\/#primaryimage\"},\"thumbnailUrl\":\"https:\\\/\\\/exaudi.org\\\/wp-content\\\/uploads\\\/2021\\\/03\\\/VM200321115148_0009-scaled.jpg\",\"datePublished\":\"2021-03-20T19:09:10+00:00\",\"dateModified\":\"2021-03-21T09:54:54+00:00\",\"author\":{\"@id\":\"https:\\\/\\\/exaudi.org\\\/#\\\/schema\\\/person\\\/f5fc8f063065e38742da7afe15f25df7\"},\"description\":\"El Papa ha recibido en audiencia a los directivos y voluntarios de la Asociaci\u00f3n FIDESCO con motivo del 40\u00ba aniversario de su fundaci\u00f3n\",\"breadcrumb\":{\"@id\":\"https:\\\/\\\/exaudi.org\\\/es\\\/fidesco-discurso-papa\\\/#breadcrumb\"},\"inLanguage\":\"es\",\"potentialAction\":[{\"@type\":\"ReadAction\",\"target\":[\"https:\\\/\\\/exaudi.org\\\/es\\\/fidesco-discurso-papa\\\/\"]}]},{\"@type\":\"ImageObject\",\"inLanguage\":\"es\",\"@id\":\"https:\\\/\\\/exaudi.org\\\/es\\\/fidesco-discurso-papa\\\/#primaryimage\",\"url\":\"https:\\\/\\\/exaudi.org\\\/wp-content\\\/uploads\\\/2021\\\/03\\\/VM200321115148_0009-scaled.jpg\",\"contentUrl\":\"https:\\\/\\\/exaudi.org\\\/wp-content\\\/uploads\\\/2021\\\/03\\\/VM200321115148_0009-scaled.jpg\",\"width\":2560,\"height\":1706,\"caption\":\"Audiencia del Papa con directivos y voluntarios de FIDESCO \u00a9 Vatican Media\"},{\"@type\":\"BreadcrumbList\",\"@id\":\"https:\\\/\\\/exaudi.org\\\/es\\\/fidesco-discurso-papa\\\/#breadcrumb\",\"itemListElement\":[{\"@type\":\"ListItem\",\"position\":1,\"name\":\"Portada\",\"item\":\"https:\\\/\\\/exaudi.org\\\/es\\\/\"},{\"@type\":\"ListItem\",\"position\":2,\"name\":\"FIDESCO: Discurso del Papa a directivos y voluntarios\"}]},{\"@type\":\"WebSite\",\"@id\":\"https:\\\/\\\/exaudi.org\\\/#website\",\"url\":\"https:\\\/\\\/exaudi.org\\\/\",\"name\":\"Exaudi\",\"description\":\"News\",\"potentialAction\":[{\"@type\":\"SearchAction\",\"target\":{\"@type\":\"EntryPoint\",\"urlTemplate\":\"https:\\\/\\\/exaudi.org\\\/?s={search_term_string}\"},\"query-input\":{\"@type\":\"PropertyValueSpecification\",\"valueRequired\":true,\"valueName\":\"search_term_string\"}}],\"inLanguage\":\"es\"},{\"@type\":\"Person\",\"@id\":\"https:\\\/\\\/exaudi.org\\\/#\\\/schema\\\/person\\\/f5fc8f063065e38742da7afe15f25df7\",\"name\":\"Exaudi Redacci\u00f3n\",\"image\":{\"@type\":\"ImageObject\",\"inLanguage\":\"es\",\"@id\":\"https:\\\/\\\/secure.gravatar.com\\\/avatar\\\/fe0f6a059fb68d9b3e11bc5850dd4899b1c7492091a3cb6dd9b01b56ad828be2?s=96&d=mm&r=g\",\"url\":\"https:\\\/\\\/secure.gravatar.com\\\/avatar\\\/fe0f6a059fb68d9b3e11bc5850dd4899b1c7492091a3cb6dd9b01b56ad828be2?s=96&d=mm&r=g\",\"contentUrl\":\"https:\\\/\\\/secure.gravatar.com\\\/avatar\\\/fe0f6a059fb68d9b3e11bc5850dd4899b1c7492091a3cb6dd9b01b56ad828be2?s=96&d=mm&r=g\",\"caption\":\"Exaudi Redacci\u00f3n\"},\"description\":\"\u00bfQu\u00e9 es Exaudi News? Exaudi News es un medio de comunicaci\u00f3n cat\u00f3lico internacional que informa, forma y transforma, diariamente en espa\u00f1ol, ingl\u00e9s e italiano. A trav\u00e9s de noticias, art\u00edculos de an\u00e1lisis y transmisiones en directo de los eventos del Papa, Exaudi busca fortalecer la unidad de los cristianos y contribuir a la evangelizaci\u00f3n del mundo, siempre guiados por la doctrina social de la Iglesia. Trabajamos para acercar la verdad y los valores cristianos a cada rinc\u00f3n del planeta. \u00a1Ay\u00fadanos a transformar el mundo con Exaudi! En Exaudi creemos que la evangelizaci\u00f3n y la informaci\u00f3n de calidad pueden cambiar vidas. Para continuar con nuestra misi\u00f3n y expandir nuestro alcance, necesitamos tu ayuda. Adem\u00e1s, buscamos personas comprometidas que deseen unirse a nuestro equipo. Con tu apoyo, lograremos llegar a m\u00e1s personas, difundir el mensaje de Cristo y reforzar la unidad de los cristianos. \u00bfTe unes a nuestra misi\u00f3n? Para m\u00e1s informaci\u00f3n sobre c\u00f3mo colaborar, visita Exaudi.org\\\/es o cont\u00e1ctanos directamente: info@exaudi.org Exaudi: Informa, forma y transforma.\",\"sameAs\":[\"https:\\\/\\\/www.facebook.com\\\/ExaudiNoticias\\\/\",\"https:\\\/\\\/www.instagram.com\\\/exaudi_noticias\\\/\",\"https:\\\/\\\/x.com\\\/Exaudi_noticias\",\"https:\\\/\\\/www.youtube.com\\\/@exaudicatholicnews\"],\"url\":\"https:\\\/\\\/exaudi.org\\\/es\\\/author\\\/redaccionexaudi\\\/\"}]}<\/script>\n<!-- \/ Yoast SEO plugin. -->","yoast_head_json":{"title":"FIDESCO: Discurso del Papa a directivos y voluntarios &#8211; Exaudi","description":"El Papa ha recibido en audiencia a los directivos y voluntarios de la Asociaci\u00f3n FIDESCO con motivo del 40\u00ba aniversario de su fundaci\u00f3n","robots":{"index":"index","follow":"follow","max-snippet":"max-snippet:-1","max-image-preview":"max-image-preview:large","max-video-preview":"max-video-preview:-1"},"canonical":"https:\/\/exaudi.org\/es\/fidesco-discurso-papa\/","og_locale":"es_ES","og_type":"article","og_title":"FIDESCO: Discurso del Papa a directivos y voluntarios &#8211; Exaudi","og_description":"El Papa ha recibido en audiencia a los directivos y voluntarios de la Asociaci\u00f3n FIDESCO con motivo del 40\u00ba aniversario de su fundaci\u00f3n","og_url":"https:\/\/exaudi.org\/es\/fidesco-discurso-papa\/","og_site_name":"Exaudi","article_publisher":"https:\/\/www.facebook.com\/ExaudiNews","article_author":"https:\/\/www.facebook.com\/ExaudiNoticias\/","article_published_time":"2021-03-20T19:09:10+00:00","article_modified_time":"2021-03-21T09:54:54+00:00","og_image":[{"width":2560,"height":1706,"url":"https:\/\/exaudi.org\/wp-content\/uploads\/2021\/03\/VM200321115148_0009-scaled.jpg","type":"image\/jpeg"}],"author":"Exaudi Redacci\u00f3n","twitter_card":"summary_large_image","twitter_creator":"@Exaudi_noticias","twitter_site":"@Exaudi_News","twitter_misc":{"Escrito por":"Exaudi Redacci\u00f3n","Tiempo de lectura":"5 minutos"},"schema":{"@context":"https:\/\/schema.org","@graph":[{"@type":"Article","@id":"https:\/\/exaudi.org\/es\/fidesco-discurso-papa\/#article","isPartOf":{"@id":"https:\/\/exaudi.org\/es\/fidesco-discurso-papa\/"},"author":{"name":"Exaudi Redacci\u00f3n","@id":"https:\/\/exaudi.org\/#\/schema\/person\/f5fc8f063065e38742da7afe15f25df7"},"headline":"FIDESCO: Discurso del Papa a directivos y voluntarios","datePublished":"2021-03-20T19:09:10+00:00","dateModified":"2021-03-21T09:54:54+00:00","mainEntityOfPage":{"@id":"https:\/\/exaudi.org\/es\/fidesco-discurso-papa\/"},"wordCount":891,"image":{"@id":"https:\/\/exaudi.org\/es\/fidesco-discurso-papa\/#primaryimage"},"thumbnailUrl":"https:\/\/exaudi.org\/wp-content\/uploads\/2021\/03\/VM200321115148_0009-scaled.jpg","keywords":["Discurso","Fidesco","papa francisco"],"articleSection":["Le\u00f3n XIV","\u00daltimas noticias"],"inLanguage":"es"},{"@type":"WebPage","@id":"https:\/\/exaudi.org\/es\/fidesco-discurso-papa\/","url":"https:\/\/exaudi.org\/es\/fidesco-discurso-papa\/","name":"FIDESCO: Discurso del Papa a directivos y voluntarios &#8211; Exaudi","isPartOf":{"@id":"https:\/\/exaudi.org\/#website"},"primaryImageOfPage":{"@id":"https:\/\/exaudi.org\/es\/fidesco-discurso-papa\/#primaryimage"},"image":{"@id":"https:\/\/exaudi.org\/es\/fidesco-discurso-papa\/#primaryimage"},"thumbnailUrl":"https:\/\/exaudi.org\/wp-content\/uploads\/2021\/03\/VM200321115148_0009-scaled.jpg","datePublished":"2021-03-20T19:09:10+00:00","dateModified":"2021-03-21T09:54:54+00:00","author":{"@id":"https:\/\/exaudi.org\/#\/schema\/person\/f5fc8f063065e38742da7afe15f25df7"},"description":"El Papa ha recibido en audiencia a los directivos y voluntarios de la Asociaci\u00f3n FIDESCO con motivo del 40\u00ba aniversario de su fundaci\u00f3n","breadcrumb":{"@id":"https:\/\/exaudi.org\/es\/fidesco-discurso-papa\/#breadcrumb"},"inLanguage":"es","potentialAction":[{"@type":"ReadAction","target":["https:\/\/exaudi.org\/es\/fidesco-discurso-papa\/"]}]},{"@type":"ImageObject","inLanguage":"es","@id":"https:\/\/exaudi.org\/es\/fidesco-discurso-papa\/#primaryimage","url":"https:\/\/exaudi.org\/wp-content\/uploads\/2021\/03\/VM200321115148_0009-scaled.jpg","contentUrl":"https:\/\/exaudi.org\/wp-content\/uploads\/2021\/03\/VM200321115148_0009-scaled.jpg","width":2560,"height":1706,"caption":"Audiencia del Papa con directivos y voluntarios de FIDESCO \u00a9 Vatican Media"},{"@type":"BreadcrumbList","@id":"https:\/\/exaudi.org\/es\/fidesco-discurso-papa\/#breadcrumb","itemListElement":[{"@type":"ListItem","position":1,"name":"Portada","item":"https:\/\/exaudi.org\/es\/"},{"@type":"ListItem","position":2,"name":"FIDESCO: Discurso del Papa a directivos y voluntarios"}]},{"@type":"WebSite","@id":"https:\/\/exaudi.org\/#website","url":"https:\/\/exaudi.org\/","name":"Exaudi","description":"News","potentialAction":[{"@type":"SearchAction","target":{"@type":"EntryPoint","urlTemplate":"https:\/\/exaudi.org\/?s={search_term_string}"},"query-input":{"@type":"PropertyValueSpecification","valueRequired":true,"valueName":"search_term_string"}}],"inLanguage":"es"},{"@type":"Person","@id":"https:\/\/exaudi.org\/#\/schema\/person\/f5fc8f063065e38742da7afe15f25df7","name":"Exaudi Redacci\u00f3n","image":{"@type":"ImageObject","inLanguage":"es","@id":"https:\/\/secure.gravatar.com\/avatar\/fe0f6a059fb68d9b3e11bc5850dd4899b1c7492091a3cb6dd9b01b56ad828be2?s=96&d=mm&r=g","url":"https:\/\/secure.gravatar.com\/avatar\/fe0f6a059fb68d9b3e11bc5850dd4899b1c7492091a3cb6dd9b01b56ad828be2?s=96&d=mm&r=g","contentUrl":"https:\/\/secure.gravatar.com\/avatar\/fe0f6a059fb68d9b3e11bc5850dd4899b1c7492091a3cb6dd9b01b56ad828be2?s=96&d=mm&r=g","caption":"Exaudi Redacci\u00f3n"},"description":"\u00bfQu\u00e9 es Exaudi News? Exaudi News es un medio de comunicaci\u00f3n cat\u00f3lico internacional que informa, forma y transforma, diariamente en espa\u00f1ol, ingl\u00e9s e italiano. A trav\u00e9s de noticias, art\u00edculos de an\u00e1lisis y transmisiones en directo de los eventos del Papa, Exaudi busca fortalecer la unidad de los cristianos y contribuir a la evangelizaci\u00f3n del mundo, siempre guiados por la doctrina social de la Iglesia. Trabajamos para acercar la verdad y los valores cristianos a cada rinc\u00f3n del planeta. \u00a1Ay\u00fadanos a transformar el mundo con Exaudi! En Exaudi creemos que la evangelizaci\u00f3n y la informaci\u00f3n de calidad pueden cambiar vidas. Para continuar con nuestra misi\u00f3n y expandir nuestro alcance, necesitamos tu ayuda. Adem\u00e1s, buscamos personas comprometidas que deseen unirse a nuestro equipo. Con tu apoyo, lograremos llegar a m\u00e1s personas, difundir el mensaje de Cristo y reforzar la unidad de los cristianos. \u00bfTe unes a nuestra misi\u00f3n? Para m\u00e1s informaci\u00f3n sobre c\u00f3mo colaborar, visita Exaudi.org\/es o cont\u00e1ctanos directamente: info@exaudi.org Exaudi: Informa, forma y transforma.","sameAs":["https:\/\/www.facebook.com\/ExaudiNoticias\/","https:\/\/www.instagram.com\/exaudi_noticias\/","https:\/\/x.com\/Exaudi_noticias","https:\/\/www.youtube.com\/@exaudicatholicnews"],"url":"https:\/\/exaudi.org\/es\/author\/redaccionexaudi\/"}]}},"jetpack_featured_media_url":"https:\/\/exaudi.org\/wp-content\/uploads\/2021\/03\/VM200321115148_0009-scaled.jpg","jetpack_shortlink":"https:\/\/wp.me\/pgKjF2-1P0","_links":{"self":[{"href":"https:\/\/exaudi.org\/es\/wp-json\/wp\/v2\/posts\/7006","targetHints":{"allow":["GET"]}}],"collection":[{"href":"https:\/\/exaudi.org\/es\/wp-json\/wp\/v2\/posts"}],"about":[{"href":"https:\/\/exaudi.org\/es\/wp-json\/wp\/v2\/types\/post"}],"author":[{"embeddable":true,"href":"https:\/\/exaudi.org\/es\/wp-json\/wp\/v2\/users\/15"}],"replies":[{"embeddable":true,"href":"https:\/\/exaudi.org\/es\/wp-json\/wp\/v2\/comments?post=7006"}],"version-history":[{"count":0,"href":"https:\/\/exaudi.org\/es\/wp-json\/wp\/v2\/posts\/7006\/revisions"}],"wp:featuredmedia":[{"embeddable":true,"href":"https:\/\/exaudi.org\/es\/wp-json\/wp\/v2\/media\/7007"}],"wp:attachment":[{"href":"https:\/\/exaudi.org\/es\/wp-json\/wp\/v2\/media?parent=7006"}],"wp:term":[{"taxonomy":"category","embeddable":true,"href":"https:\/\/exaudi.org\/es\/wp-json\/wp\/v2\/categories?post=7006"},{"taxonomy":"post_tag","embeddable":true,"href":"https:\/\/exaudi.org\/es\/wp-json\/wp\/v2\/tags?post=7006"}],"curies":[{"name":"wp","href":"https:\/\/api.w.org\/{rel}","templated":true}]}}