{"id":69962,"date":"2023-02-08T11:02:45","date_gmt":"2023-02-08T10:02:45","guid":{"rendered":"https:\/\/exaudi.org\/?p=69962"},"modified":"2023-02-08T16:04:43","modified_gmt":"2023-02-08T15:04:43","slug":"eeuu-congreso-csmg-quien-no-toma-en-serio-la-mision-social-no-es-un-catolico-completo","status":"publish","type":"post","link":"https:\/\/exaudi.org\/es\/eeuu-congreso-csmg-quien-no-toma-en-serio-la-mision-social-no-es-un-catolico-completo\/","title":{"rendered":"EEUU, Congreso CSMG: Quien no toma en serio la misi\u00f3n social, no es un cat\u00f3lico completo"},"content":{"rendered":"<audio class=\"wp-audio-shortcode\" id=\"audio-69962-1\" preload=\"none\" style=\"width: 100%;\" controls=\"controls\"><source type=\"audio\/mpeg\" src=\"https:\/\/exaudi.org\/wp-content\/uploads\/2023\/02\/EEUU-Congreso-CSMG-Quien-no-toma-en-serio-la.mp3?_=1\" \/><a href=\"https:\/\/exaudi.org\/wp-content\/uploads\/2023\/02\/EEUU-Congreso-CSMG-Quien-no-toma-en-serio-la.mp3\">https:\/\/exaudi.org\/wp-content\/uploads\/2023\/02\/EEUU-Congreso-CSMG-Quien-no-toma-en-serio-la.mp3<\/a><\/audio>\n<p>La semana pasada tuvo lugar el Encuentro Cat\u00f3lico de Pastoral Social -CSMG por sus siglas en ingl\u00e9s-, en Washington, DC, organizado por el Departamento de Justicia, Paz y Desarrollo Humano del Episcopado de Estados Unidos.<\/p>\n<p><img loading=\"lazy\" decoding=\"async\" class=\"size-medium wp-image-69981 alignleft\" src=\"https:\/\/exaudi.org\/wp-content\/uploads\/2023\/02\/CSMG-logo-copy-300x139.png\" alt=\"\" width=\"300\" height=\"139\" srcset=\"https:\/\/exaudi.org\/wp-content\/uploads\/2023\/02\/CSMG-logo-copy-300x139.png 300w, https:\/\/exaudi.org\/wp-content\/uploads\/2023\/02\/CSMG-logo-copy-1024x474.png 1024w, https:\/\/exaudi.org\/wp-content\/uploads\/2023\/02\/CSMG-logo-copy-770x357.png 770w, https:\/\/exaudi.org\/wp-content\/uploads\/2023\/02\/CSMG-logo-copy-1536x712.png 1536w, https:\/\/exaudi.org\/wp-content\/uploads\/2023\/02\/CSMG-logo-copy-2048x949.png 2048w, https:\/\/exaudi.org\/wp-content\/uploads\/2023\/02\/CSMG-logo-copy-500x232.png 500w, https:\/\/exaudi.org\/wp-content\/uploads\/2023\/02\/CSMG-logo-copy-293x136.png 293w, https:\/\/exaudi.org\/wp-content\/uploads\/2023\/02\/CSMG-logo-copy-1400x649.png 1400w, https:\/\/exaudi.org\/wp-content\/uploads\/2023\/02\/CSMG-logo-copy-390x181.png 390w\" sizes=\"auto, (max-width: 300px) 100vw, 300px\" \/>Bajo el lema \u201cFelices los constructores de paz\u201d participaron en el mismo 500 l\u00edderes de la pastoral social de Estados Unidos. Con una <a href=\"https:\/\/web.cvent.com\/event\/698bf8ff-edc5-4c0d-b14a-4817a0277116\/websitePage:645d57e4-75eb-4769-b2c0-f201a0bfc6ce\" target=\"_blank\" rel=\"noopener\">agenda apretada<\/a>, se trataron los m\u00e1s variados temas referentes a la dignidad humana en el campo social, como ser la cuesti\u00f3n laboral, la discapacidad, el cambio clim\u00e1tico, la escasez alimentaria, resoluci\u00f3n de conflictos, violencia en escuelas, la paz y el control de armas, sanaci\u00f3n despu\u00e9s de un aborto, bienvenida y apoyo a los migrantes, racismo y significado amplio del ser pro vida.<\/p>\n<p>En el \u00faltimo d\u00eda, los participantes del congreso visitaron a sus representantes en el Congreso de los Estados Unidos, para abogar por las personas y asuntos sociales m\u00e1s importantes relacionados con los distritos concretos.<\/p>\n<h2><strong>Misa de clausura celebrada por el cardenal<\/strong><\/h2>\n<p><img loading=\"lazy\" decoding=\"async\" class=\"size-medium wp-image-69966 alignright\" src=\"https:\/\/exaudi.org\/wp-content\/uploads\/2023\/02\/IMG_8277-copy-300x168.jpg\" alt=\"\" width=\"300\" height=\"168\" srcset=\"https:\/\/exaudi.org\/wp-content\/uploads\/2023\/02\/IMG_8277-copy-300x168.jpg 300w, https:\/\/exaudi.org\/wp-content\/uploads\/2023\/02\/IMG_8277-copy-1024x575.jpg 1024w, https:\/\/exaudi.org\/wp-content\/uploads\/2023\/02\/IMG_8277-copy-770x432.jpg 770w, https:\/\/exaudi.org\/wp-content\/uploads\/2023\/02\/IMG_8277-copy-1536x862.jpg 1536w, https:\/\/exaudi.org\/wp-content\/uploads\/2023\/02\/IMG_8277-copy-2048x1150.jpg 2048w, https:\/\/exaudi.org\/wp-content\/uploads\/2023\/02\/IMG_8277-copy-500x281.jpg 500w, https:\/\/exaudi.org\/wp-content\/uploads\/2023\/02\/IMG_8277-copy-293x164.jpg 293w, https:\/\/exaudi.org\/wp-content\/uploads\/2023\/02\/IMG_8277-copy-1400x786.jpg 1400w, https:\/\/exaudi.org\/wp-content\/uploads\/2023\/02\/IMG_8277-copy-390x219.jpg 390w\" sizes=\"auto, (max-width: 300px) 100vw, 300px\" \/>El cardenal Wilton Gregory, arzobispo de Washington, celebr\u00f3 la Misa de cierre del encuentro. Sus palabras resumieron con potencia el esp\u00edritu prof\u00e9tico del congreso, que recorri\u00f3 de forma comprometida, de mano de agentes de pastoral social de la Iglesia, los temas sociales m\u00e1s importantes a ser analizados, para buscar caminos comunitarios de soluci\u00f3n.<\/p>\n<h2><strong>Sirviendo al necesitado predicas el Evangelio<\/strong><\/h2>\n<p>Gregory mencion\u00f3 en su homil\u00eda los campos de acci\u00f3n diciendo que \u201ccuando se destruye la vida en el \u00fatero y en el corredor de la muerte, en las calles de nuestras ciudades o en Tierra Santa, en las aldeas de \u00c1frica y en Irak, t\u00fa nos ayudas a predicar el Evangelio y a compartir la doctrina cat\u00f3lica. Sobre el trabajo y los salarios, sobre la vivienda y la sanidad, sobre la agricultura y el medio ambiente, nos ayudas a predicar el Evangelio y a compartir la doctrina social de la Iglesia. Sobre la guerra y la paz, sobre la contribuci\u00f3n de los inmigrantes y las personas discapacitadas, sobre cuestiones de discriminaci\u00f3n, dignidad humana y derechos humanos, nos ayudas a predicar el Evangelio y a compartir la doctrina social de la Iglesia.<\/p>\n<p><img loading=\"lazy\" decoding=\"async\" class=\"size-medium wp-image-69978 alignleft\" src=\"https:\/\/exaudi.org\/wp-content\/uploads\/2023\/02\/4-IMG_8270-copy-300x168.jpg\" alt=\"\" width=\"300\" height=\"168\" srcset=\"https:\/\/exaudi.org\/wp-content\/uploads\/2023\/02\/4-IMG_8270-copy-300x168.jpg 300w, https:\/\/exaudi.org\/wp-content\/uploads\/2023\/02\/4-IMG_8270-copy-1024x575.jpg 1024w, https:\/\/exaudi.org\/wp-content\/uploads\/2023\/02\/4-IMG_8270-copy-770x432.jpg 770w, https:\/\/exaudi.org\/wp-content\/uploads\/2023\/02\/4-IMG_8270-copy-1536x862.jpg 1536w, https:\/\/exaudi.org\/wp-content\/uploads\/2023\/02\/4-IMG_8270-copy-2048x1150.jpg 2048w, https:\/\/exaudi.org\/wp-content\/uploads\/2023\/02\/4-IMG_8270-copy-500x281.jpg 500w, https:\/\/exaudi.org\/wp-content\/uploads\/2023\/02\/4-IMG_8270-copy-293x164.jpg 293w, https:\/\/exaudi.org\/wp-content\/uploads\/2023\/02\/4-IMG_8270-copy-1400x786.jpg 1400w, https:\/\/exaudi.org\/wp-content\/uploads\/2023\/02\/4-IMG_8270-copy-390x219.jpg 390w\" sizes=\"auto, (max-width: 300px) 100vw, 300px\" \/>Lamentablemente, el homilista sinti\u00f3 la necesidad de aclarar algo obvio, que \u201cno se trata de pol\u00edtica, sino de fidelidad. Este trabajo est\u00e1 arraigado en las Escrituras, moldeado por el testimonio y las palabras de Jes\u00fas y basado en la ense\u00f1anza de la Iglesia.\u201d<\/p>\n<h2><strong>El Papa Francisco, nuestro modelo<\/strong><\/h2>\n<p>Y continu\u00f3: \u201cnuestro Santo Padre, el Papa Francisco, es un modelo para nosotros. Hoy le recordamos mientras visita pa\u00edses de \u00c1frica que solo han conocido la guerra y la pobreza. Lo hace como un hombre fr\u00e1gil lleno de esperanza. Pero su visi\u00f3n y su llamado nunca han cambiado. Hoy nos unimos al Santo Padre en sus llamamientos por una paz justa en Tierra Santa, su insistencia en que la guerra no es la respuesta en la Rep\u00fablica del Congo o Sud\u00e1n, su defensa de la libertad religiosa y su abogac\u00eda por el alivio de la deuda y un mayor desarrollo para los pueblos m\u00e1s pobres de la Tierra\u201d.<\/p>\n<h2><strong>Quien no toma en serio la misi\u00f3n social, no es un cat\u00f3lico completo<\/strong><\/h2>\n<p><img loading=\"lazy\" decoding=\"async\" class=\"size-medium wp-image-69972 alignright\" src=\"https:\/\/exaudi.org\/wp-content\/uploads\/2023\/02\/IMG_8032-copy-300x168.jpg\" alt=\"\" width=\"300\" height=\"168\" srcset=\"https:\/\/exaudi.org\/wp-content\/uploads\/2023\/02\/IMG_8032-copy-300x168.jpg 300w, https:\/\/exaudi.org\/wp-content\/uploads\/2023\/02\/IMG_8032-copy-1024x575.jpg 1024w, https:\/\/exaudi.org\/wp-content\/uploads\/2023\/02\/IMG_8032-copy-770x432.jpg 770w, https:\/\/exaudi.org\/wp-content\/uploads\/2023\/02\/IMG_8032-copy-1536x862.jpg 1536w, https:\/\/exaudi.org\/wp-content\/uploads\/2023\/02\/IMG_8032-copy-2048x1150.jpg 2048w, https:\/\/exaudi.org\/wp-content\/uploads\/2023\/02\/IMG_8032-copy-500x281.jpg 500w, https:\/\/exaudi.org\/wp-content\/uploads\/2023\/02\/IMG_8032-copy-293x164.jpg 293w, https:\/\/exaudi.org\/wp-content\/uploads\/2023\/02\/IMG_8032-copy-1400x786.jpg 1400w, https:\/\/exaudi.org\/wp-content\/uploads\/2023\/02\/IMG_8032-copy-390x219.jpg 390w\" sizes=\"auto, (max-width: 300px) 100vw, 300px\" \/>Sobre la ineludible acci\u00f3n social del cat\u00f3lico, Gregory expres\u00f3 que \u201cesta misi\u00f3n es fundamentalmente una obra de fe, claramente anclada en esta Eucarist\u00eda y configurada por la Doctrina Social de la Iglesia. Pero debe ser obra de toda la Iglesia. Una comunidad cat\u00f3lica de fe, que no se toma en serio nuestra misi\u00f3n social com\u00fan, no es verdadera y completamente cat\u00f3lica. Esto incluye a nuestras familias, parroquias, escuelas, colegios y universidades, y otras instituciones. Esta misi\u00f3n social es parte integral de lo que somos y de lo que creemos.\u00a0 No es opcional ni marginal, sino que est\u00e1 en el coraz\u00f3n de lo que significa ser cat\u00f3lico\u201d.<\/p>\n<h2><strong>Llamado a todos los cat\u00f3licos de EEUU al compromiso social<\/strong><\/h2>\n<p>Reconociendo la importancia del compromiso social de los asistentes, el Cardenal dijo que estaba honrado de \u201cestar con ustedes en oraci\u00f3n esta ma\u00f1ana. Son portadores de la misi\u00f3n, articuladores de esta visi\u00f3n y constructores de este ministerio. Les agradezco su servicio y sacrificio, su compromiso y su duro trabajo. En estos d\u00edas dif\u00edciles, necesitamos llegar m\u00e1s ampliamente, exponer nuestro caso con mayor eficacia y llamar a toda la comunidad cat\u00f3lica de los Estados Unidos a tener un renovado y m\u00e1s urgente sentido de la misi\u00f3n social\u201d.<\/p>\n<h2><strong>Tambi\u00e9n los obispos deben elevar su voz<\/strong><\/h2>\n<p>Llamando la atenci\u00f3n sobre la necesidad de seguir llevando estos temas al ambiente p\u00fablico, Gregory expres\u00f3 que \u201ca pesar de todos nuestros problemas, a pesar de nuestros desaf\u00edos, nuestros principios deben ser compartidos de forma m\u00e1s inequ\u00edvoca y coherente en el futuro. Algunos pueden ver la voz de los obispos tal vez comprensiblemente disminuida o comprometida, pero nuestra voz y la voz de toda la comunidad cat\u00f3lica es m\u00e1s necesaria que nunca. Deben seguir ayud\u00e1ndonos a educar, capacitar y empoderar a los creyentes cat\u00f3licos para que act\u00faen en cuestiones relacionadas con la vida y la dignidad humana, la justicia y la paz\u201d.<\/p>\n<h2><strong>La vocaci\u00f3n del agente pastoral es santa<\/strong><\/h2>\n<p>Sobre los agentes pastorales, el arzobispo se\u00f1al\u00f3 que \u201cla vocaci\u00f3n que tienen ustedes es digna y santa, y un signo de que la fe, la esperanza y el amor cobran vida. Es la \u2018buena noticia\u2019 que nos re\u00fane hoy en torno a este altar. Les pido que sigan persiguiendo esta misi\u00f3n con creatividad, persistencia y fidelidad. Recuerden que la promesa del Se\u00f1or nunca se abandona, ni siquiera cuando la multitud cre\u00eda que la ni\u00f1a estaba muerta\u201d.<\/p>\n<p>Y continu\u00f3: \u201cGracias por el servicio y los sacrificios que hacen para predicar el Evangelio y compartir la ense\u00f1anza cat\u00f3lica en estos tiempos discordantes. Que estos d\u00edas esenciales en que nos encontramos sean una fuente de sanaci\u00f3n, solidaridad y renovaci\u00f3n, un tiempo para la defensa y la acci\u00f3n en nombre de aquel que anduvo &#8216;predicando y expulsando demonios por toda Galilea&#8217;\u201d.<\/p>\n<h2><strong>Washington es nuestra Galilea estos d\u00edas<\/strong><\/h2>\n<p><img loading=\"lazy\" decoding=\"async\" class=\"size-medium wp-image-69969 alignleft\" src=\"https:\/\/exaudi.org\/wp-content\/uploads\/2023\/02\/IMG_8271-copy-300x168.jpg\" alt=\"\" width=\"300\" height=\"168\" srcset=\"https:\/\/exaudi.org\/wp-content\/uploads\/2023\/02\/IMG_8271-copy-300x168.jpg 300w, https:\/\/exaudi.org\/wp-content\/uploads\/2023\/02\/IMG_8271-copy-1024x575.jpg 1024w, https:\/\/exaudi.org\/wp-content\/uploads\/2023\/02\/IMG_8271-copy-770x432.jpg 770w, https:\/\/exaudi.org\/wp-content\/uploads\/2023\/02\/IMG_8271-copy-1536x862.jpg 1536w, https:\/\/exaudi.org\/wp-content\/uploads\/2023\/02\/IMG_8271-copy-2048x1150.jpg 2048w, https:\/\/exaudi.org\/wp-content\/uploads\/2023\/02\/IMG_8271-copy-500x281.jpg 500w, https:\/\/exaudi.org\/wp-content\/uploads\/2023\/02\/IMG_8271-copy-293x164.jpg 293w, https:\/\/exaudi.org\/wp-content\/uploads\/2023\/02\/IMG_8271-copy-1400x786.jpg 1400w, https:\/\/exaudi.org\/wp-content\/uploads\/2023\/02\/IMG_8271-copy-390x219.jpg 390w\" sizes=\"auto, (max-width: 300px) 100vw, 300px\" \/>Acentuando el poder del Se\u00f1or a trav\u00e9s de la Eucarist\u00eda, el arcdenal Gregory cerr\u00f3 diciendo que<\/p>\n<p>\u201cLa ciudad capital de EEUU es nuestra Galilea por estos d\u00edas juntos. Este es nuestro tiempo para predicar y expulsar demonios. Esta Eucarist\u00eda y estas lecturas nos aseguran que el Se\u00f1or sana nuestros corazones rotos, venda nuestras heridas y nos env\u00eda a predicar el Evangelio, quiz\u00e1s ahora m\u00e1s que nunca\u201d.<\/p>\n<h2><strong>Arzobispo sacude por las matanzas con armas de guerra: \u201csomos una verg\u00fcenza\u201d<\/strong><\/h2>\n<p>Mons. Gustavo Garc\u00eda Siller, arzobispo de San Antonio, Texas, fue parte del panel que trat\u00f3 el tema \u201cEsperanza en el ma\u00f1ana, construyendo la paz, sanando el dolor de hoy\u201d. Comenz\u00f3 expresando que \u201ctodo comienza con humildad. No tenemos todas las respuestas, ni todos los recursos, ni todas las posibilidades\u201d.<\/p>\n<p><img loading=\"lazy\" decoding=\"async\" class=\"size-medium wp-image-69975 alignright\" src=\"https:\/\/exaudi.org\/wp-content\/uploads\/2023\/02\/ARZ-GUSTAVO-300x168.jpg\" alt=\"\" width=\"300\" height=\"168\" srcset=\"https:\/\/exaudi.org\/wp-content\/uploads\/2023\/02\/ARZ-GUSTAVO-300x168.jpg 300w, https:\/\/exaudi.org\/wp-content\/uploads\/2023\/02\/ARZ-GUSTAVO-1024x575.jpg 1024w, https:\/\/exaudi.org\/wp-content\/uploads\/2023\/02\/ARZ-GUSTAVO-770x432.jpg 770w, https:\/\/exaudi.org\/wp-content\/uploads\/2023\/02\/ARZ-GUSTAVO-1536x862.jpg 1536w, https:\/\/exaudi.org\/wp-content\/uploads\/2023\/02\/ARZ-GUSTAVO-2048x1150.jpg 2048w, https:\/\/exaudi.org\/wp-content\/uploads\/2023\/02\/ARZ-GUSTAVO-500x281.jpg 500w, https:\/\/exaudi.org\/wp-content\/uploads\/2023\/02\/ARZ-GUSTAVO-293x164.jpg 293w, https:\/\/exaudi.org\/wp-content\/uploads\/2023\/02\/ARZ-GUSTAVO-1400x786.jpg 1400w, https:\/\/exaudi.org\/wp-content\/uploads\/2023\/02\/ARZ-GUSTAVO-390x219.jpg 390w\" sizes=\"auto, (max-width: 300px) 100vw, 300px\" \/>Sobre las matanzas masivas que se dan en el pa\u00eds, el arzobispo lament\u00f3: \u201ces dif\u00edcil reconciliar armas de guerra con la vida\u201d. Y continu\u00f3: \u201cEstamos mat\u00e1ndonos entre nosotros sin raz\u00f3n alguna\u201d. Y con profunda emoci\u00f3n y voz cortada, por haber estado consolando con su cercan\u00eda pastoral personalmente a numerosas v\u00edctimas de matanzas y a sus familias, sentenci\u00f3: \u201csomos el \u2018mejor pa\u00eds del mundo\u2019, y nos estamos matando entre nosotros. Somos una verg\u00fcenza. Este es un tema pro vida. Todas las personas tienen derecho a vivir desde el principio hasta el final, con dignidad\u201d, motivando a los asistentes a colaborar para encontrar caminos comunes con el objeto de enfrentar este flagelo, por lo cual recibi\u00f3 una potente ovaci\u00f3n de los presentes.<\/p>\n<h2><strong>Pr\u00f3ximo congreso CSMG: 2025<\/strong><\/h2>\n<p>Los miembros de di\u00f3cesis, parroquias, instituciones y movimientos se llevan de Washington una potenciaci\u00f3n en la pasi\u00f3n por el compromiso social por los hermanos que sufren, en nombre del Se\u00f1or. El pr\u00f3ximo encuentro CSMG tendr\u00e1 lugar en el a\u00f1o 2025. Es posible acceder a m\u00e1s informes e im\u00e1genes sobre CSMG 2023 a trav\u00e9s del hashtag #CSMG23.<\/p>\n","protected":false},"excerpt":{"rendered":"<p>Despu\u00e9s de la pandemia, regres\u00f3 el Encuentro Cat\u00f3lico de Pastoral Social en Washington, DC, con innumerables campos de acci\u00f3n<\/p>\n","protected":false},"author":41,"featured_media":69963,"comment_status":"closed","ping_status":"closed","sticky":false,"template":"","format":"standard","meta":{"_acf_changed":false,"_crdt_document":"","inline_featured_image":false,"footnotes":""},"categories":[74],"tags":[8373,8372,565,4953],"class_list":["post-69962","post","type-post","status-publish","format-standard","has-post-thumbnail","hentry","category-iglesia-y-mundo","tag-cardenal-wilton-gregory","tag-csmg","tag-estados-unidos","tag-trending-es"],"acf":[],"yoast_head":"<!-- This site is optimized with the Yoast SEO plugin v27.5 - https:\/\/yoast.com\/product\/yoast-seo-wordpress\/ -->\n<title>EEUU, Congreso CSMG: Quien no toma en serio la misi\u00f3n social, no es un cat\u00f3lico completo &#8211; Exaudi<\/title>\n<meta name=\"description\" content=\"El Card. Greory en el Congreso CSMG en Estados Unidos: Quien no toma en serio la misi\u00f3n social, no es un cat\u00f3lico completo\" \/>\n<meta name=\"robots\" content=\"index, follow, max-snippet:-1, max-image-preview:large, max-video-preview:-1\" \/>\n<link rel=\"canonical\" href=\"https:\/\/exaudi.org\/es\/eeuu-congreso-csmg-quien-no-toma-en-serio-la-mision-social-no-es-un-catolico-completo\/\" \/>\n<meta property=\"og:locale\" content=\"es_ES\" \/>\n<meta property=\"og:type\" content=\"article\" \/>\n<meta property=\"og:title\" content=\"EEUU, Congreso CSMG: Quien no toma en serio la misi\u00f3n social, no es un cat\u00f3lico completo &#8211; Exaudi\" \/>\n<meta property=\"og:description\" content=\"El Card. Greory en el Congreso CSMG en Estados Unidos: Quien no toma en serio la misi\u00f3n social, no es un cat\u00f3lico completo\" \/>\n<meta property=\"og:url\" content=\"https:\/\/exaudi.org\/es\/eeuu-congreso-csmg-quien-no-toma-en-serio-la-mision-social-no-es-un-catolico-completo\/\" \/>\n<meta property=\"og:site_name\" content=\"Exaudi\" \/>\n<meta property=\"article:publisher\" content=\"https:\/\/www.facebook.com\/ExaudiNews\" \/>\n<meta property=\"article:published_time\" content=\"2023-02-08T10:02:45+00:00\" \/>\n<meta property=\"article:modified_time\" content=\"2023-02-08T15:04:43+00:00\" \/>\n<meta property=\"og:image\" content=\"https:\/\/exaudi.org\/wp-content\/uploads\/2023\/02\/1-FOTO-DE-PORTADA-scaled.jpg\" \/>\n\t<meta property=\"og:image:width\" content=\"2560\" \/>\n\t<meta property=\"og:image:height\" content=\"1437\" \/>\n\t<meta property=\"og:image:type\" content=\"image\/jpeg\" \/>\n<meta name=\"author\" content=\"Enrique Soros\" \/>\n<meta name=\"twitter:card\" content=\"summary_large_image\" \/>\n<meta name=\"twitter:creator\" content=\"@Exaudi_News\" \/>\n<meta name=\"twitter:site\" content=\"@Exaudi_News\" \/>\n<meta name=\"twitter:label1\" content=\"Escrito por\" \/>\n\t<meta name=\"twitter:data1\" content=\"Enrique Soros\" \/>\n\t<meta name=\"twitter:label2\" content=\"Tiempo de lectura\" \/>\n\t<meta name=\"twitter:data2\" content=\"7 minutos\" \/>\n<script type=\"application\/ld+json\" class=\"yoast-schema-graph\">{\"@context\":\"https:\\\/\\\/schema.org\",\"@graph\":[{\"@type\":\"Article\",\"@id\":\"https:\\\/\\\/exaudi.org\\\/es\\\/eeuu-congreso-csmg-quien-no-toma-en-serio-la-mision-social-no-es-un-catolico-completo\\\/#article\",\"isPartOf\":{\"@id\":\"https:\\\/\\\/exaudi.org\\\/es\\\/eeuu-congreso-csmg-quien-no-toma-en-serio-la-mision-social-no-es-un-catolico-completo\\\/\"},\"author\":{\"name\":\"Enrique Soros\",\"@id\":\"https:\\\/\\\/exaudi.org\\\/#\\\/schema\\\/person\\\/b562feb21279ee01cdb5c8cd58ac4e33\"},\"headline\":\"EEUU, Congreso CSMG: Quien no toma en serio la misi\u00f3n social, no es un cat\u00f3lico completo\",\"datePublished\":\"2023-02-08T10:02:45+00:00\",\"dateModified\":\"2023-02-08T15:04:43+00:00\",\"mainEntityOfPage\":{\"@id\":\"https:\\\/\\\/exaudi.org\\\/es\\\/eeuu-congreso-csmg-quien-no-toma-en-serio-la-mision-social-no-es-un-catolico-completo\\\/\"},\"wordCount\":1424,\"image\":{\"@id\":\"https:\\\/\\\/exaudi.org\\\/es\\\/eeuu-congreso-csmg-quien-no-toma-en-serio-la-mision-social-no-es-un-catolico-completo\\\/#primaryimage\"},\"thumbnailUrl\":\"https:\\\/\\\/exaudi.org\\\/wp-content\\\/uploads\\\/2023\\\/02\\\/1-FOTO-DE-PORTADA-scaled.jpg\",\"keywords\":[\"Cardenal Wilton Gregory\",\"CSMG\",\"Estados Unidos\",\"Trending\"],\"articleSection\":[\"Iglesia y Mundo\"],\"inLanguage\":\"es\"},{\"@type\":\"WebPage\",\"@id\":\"https:\\\/\\\/exaudi.org\\\/es\\\/eeuu-congreso-csmg-quien-no-toma-en-serio-la-mision-social-no-es-un-catolico-completo\\\/\",\"url\":\"https:\\\/\\\/exaudi.org\\\/es\\\/eeuu-congreso-csmg-quien-no-toma-en-serio-la-mision-social-no-es-un-catolico-completo\\\/\",\"name\":\"EEUU, Congreso CSMG: Quien no toma en serio la misi\u00f3n social, no es un cat\u00f3lico completo &#8211; Exaudi\",\"isPartOf\":{\"@id\":\"https:\\\/\\\/exaudi.org\\\/#website\"},\"primaryImageOfPage\":{\"@id\":\"https:\\\/\\\/exaudi.org\\\/es\\\/eeuu-congreso-csmg-quien-no-toma-en-serio-la-mision-social-no-es-un-catolico-completo\\\/#primaryimage\"},\"image\":{\"@id\":\"https:\\\/\\\/exaudi.org\\\/es\\\/eeuu-congreso-csmg-quien-no-toma-en-serio-la-mision-social-no-es-un-catolico-completo\\\/#primaryimage\"},\"thumbnailUrl\":\"https:\\\/\\\/exaudi.org\\\/wp-content\\\/uploads\\\/2023\\\/02\\\/1-FOTO-DE-PORTADA-scaled.jpg\",\"datePublished\":\"2023-02-08T10:02:45+00:00\",\"dateModified\":\"2023-02-08T15:04:43+00:00\",\"author\":{\"@id\":\"https:\\\/\\\/exaudi.org\\\/#\\\/schema\\\/person\\\/b562feb21279ee01cdb5c8cd58ac4e33\"},\"description\":\"El Card. Greory en el Congreso CSMG en Estados Unidos: Quien no toma en serio la misi\u00f3n social, no es un cat\u00f3lico completo\",\"breadcrumb\":{\"@id\":\"https:\\\/\\\/exaudi.org\\\/es\\\/eeuu-congreso-csmg-quien-no-toma-en-serio-la-mision-social-no-es-un-catolico-completo\\\/#breadcrumb\"},\"inLanguage\":\"es\",\"potentialAction\":[{\"@type\":\"ReadAction\",\"target\":[\"https:\\\/\\\/exaudi.org\\\/es\\\/eeuu-congreso-csmg-quien-no-toma-en-serio-la-mision-social-no-es-un-catolico-completo\\\/\"]}]},{\"@type\":\"ImageObject\",\"inLanguage\":\"es\",\"@id\":\"https:\\\/\\\/exaudi.org\\\/es\\\/eeuu-congreso-csmg-quien-no-toma-en-serio-la-mision-social-no-es-un-catolico-completo\\\/#primaryimage\",\"url\":\"https:\\\/\\\/exaudi.org\\\/wp-content\\\/uploads\\\/2023\\\/02\\\/1-FOTO-DE-PORTADA-scaled.jpg\",\"contentUrl\":\"https:\\\/\\\/exaudi.org\\\/wp-content\\\/uploads\\\/2023\\\/02\\\/1-FOTO-DE-PORTADA-scaled.jpg\",\"width\":2560,\"height\":1437,\"caption\":\"Estados Unidos: Encuentro Cat\u00f3lico de Pastoral Social (CSMG), 2023 \u00a9 Enrique Soros\"},{\"@type\":\"BreadcrumbList\",\"@id\":\"https:\\\/\\\/exaudi.org\\\/es\\\/eeuu-congreso-csmg-quien-no-toma-en-serio-la-mision-social-no-es-un-catolico-completo\\\/#breadcrumb\",\"itemListElement\":[{\"@type\":\"ListItem\",\"position\":1,\"name\":\"Portada\",\"item\":\"https:\\\/\\\/exaudi.org\\\/es\\\/\"},{\"@type\":\"ListItem\",\"position\":2,\"name\":\"EEUU, Congreso CSMG: Quien no toma en serio la misi\u00f3n social, no es un cat\u00f3lico completo\"}]},{\"@type\":\"WebSite\",\"@id\":\"https:\\\/\\\/exaudi.org\\\/#website\",\"url\":\"https:\\\/\\\/exaudi.org\\\/\",\"name\":\"Exaudi\",\"description\":\"News\",\"potentialAction\":[{\"@type\":\"SearchAction\",\"target\":{\"@type\":\"EntryPoint\",\"urlTemplate\":\"https:\\\/\\\/exaudi.org\\\/?s={search_term_string}\"},\"query-input\":{\"@type\":\"PropertyValueSpecification\",\"valueRequired\":true,\"valueName\":\"search_term_string\"}}],\"inLanguage\":\"es\"},{\"@type\":\"Person\",\"@id\":\"https:\\\/\\\/exaudi.org\\\/#\\\/schema\\\/person\\\/b562feb21279ee01cdb5c8cd58ac4e33\",\"name\":\"Enrique Soros\",\"image\":{\"@type\":\"ImageObject\",\"inLanguage\":\"es\",\"@id\":\"https:\\\/\\\/secure.gravatar.com\\\/avatar\\\/909c464715f2daa91ebbef733cea12657b24a5ddb7284bf9b3bb3911d874bb9e?s=96&d=mm&r=g\",\"url\":\"https:\\\/\\\/secure.gravatar.com\\\/avatar\\\/909c464715f2daa91ebbef733cea12657b24a5ddb7284bf9b3bb3911d874bb9e?s=96&d=mm&r=g\",\"contentUrl\":\"https:\\\/\\\/secure.gravatar.com\\\/avatar\\\/909c464715f2daa91ebbef733cea12657b24a5ddb7284bf9b3bb3911d874bb9e?s=96&d=mm&r=g\",\"caption\":\"Enrique Soros\"},\"description\":\"Argentino. Reside desde hace 27 a\u00f1os en Washington, DC, Estados Unidos, con su esposa Erica, con quien tiene un hijo, Mart\u00edn, de 21 a\u00f1os. Es comunicador social, escritor, traductor p\u00fablico. Act\u00faa como agente pastoral y comunicacional en Estados Unidos, donde es vicepresidente del Consejo Nacional Cat\u00f3lico para el Ministerio Hispano -NCCHM, por sus siglas en ingl\u00e9s-, que tiene como misi\u00f3n la promoci\u00f3n y el trabajo com\u00fan de las fuerzas pastorales hispanas en el pa\u00eds. Participa en proyectos pastorales y comunicacionales en Latinoam\u00e9rica y desde 2012 colabora con el CELAM, Consejo Episcopal Latinoamericano en esfuerzos de integraci\u00f3n pastoral entre dicha instituci\u00f3n y la Iglesia en los Estados Unidos.\",\"url\":\"https:\\\/\\\/exaudi.org\\\/es\\\/author\\\/enriquesoros\\\/\"}]}<\/script>\n<!-- \/ Yoast SEO plugin. -->","yoast_head_json":{"title":"EEUU, Congreso CSMG: Quien no toma en serio la misi\u00f3n social, no es un cat\u00f3lico completo &#8211; Exaudi","description":"El Card. Greory en el Congreso CSMG en Estados Unidos: Quien no toma en serio la misi\u00f3n social, no es un cat\u00f3lico completo","robots":{"index":"index","follow":"follow","max-snippet":"max-snippet:-1","max-image-preview":"max-image-preview:large","max-video-preview":"max-video-preview:-1"},"canonical":"https:\/\/exaudi.org\/es\/eeuu-congreso-csmg-quien-no-toma-en-serio-la-mision-social-no-es-un-catolico-completo\/","og_locale":"es_ES","og_type":"article","og_title":"EEUU, Congreso CSMG: Quien no toma en serio la misi\u00f3n social, no es un cat\u00f3lico completo &#8211; Exaudi","og_description":"El Card. Greory en el Congreso CSMG en Estados Unidos: Quien no toma en serio la misi\u00f3n social, no es un cat\u00f3lico completo","og_url":"https:\/\/exaudi.org\/es\/eeuu-congreso-csmg-quien-no-toma-en-serio-la-mision-social-no-es-un-catolico-completo\/","og_site_name":"Exaudi","article_publisher":"https:\/\/www.facebook.com\/ExaudiNews","article_published_time":"2023-02-08T10:02:45+00:00","article_modified_time":"2023-02-08T15:04:43+00:00","og_image":[{"width":2560,"height":1437,"url":"https:\/\/exaudi.org\/wp-content\/uploads\/2023\/02\/1-FOTO-DE-PORTADA-scaled.jpg","type":"image\/jpeg"}],"author":"Enrique Soros","twitter_card":"summary_large_image","twitter_creator":"@Exaudi_News","twitter_site":"@Exaudi_News","twitter_misc":{"Escrito por":"Enrique Soros","Tiempo de lectura":"7 minutos"},"schema":{"@context":"https:\/\/schema.org","@graph":[{"@type":"Article","@id":"https:\/\/exaudi.org\/es\/eeuu-congreso-csmg-quien-no-toma-en-serio-la-mision-social-no-es-un-catolico-completo\/#article","isPartOf":{"@id":"https:\/\/exaudi.org\/es\/eeuu-congreso-csmg-quien-no-toma-en-serio-la-mision-social-no-es-un-catolico-completo\/"},"author":{"name":"Enrique Soros","@id":"https:\/\/exaudi.org\/#\/schema\/person\/b562feb21279ee01cdb5c8cd58ac4e33"},"headline":"EEUU, Congreso CSMG: Quien no toma en serio la misi\u00f3n social, no es un cat\u00f3lico completo","datePublished":"2023-02-08T10:02:45+00:00","dateModified":"2023-02-08T15:04:43+00:00","mainEntityOfPage":{"@id":"https:\/\/exaudi.org\/es\/eeuu-congreso-csmg-quien-no-toma-en-serio-la-mision-social-no-es-un-catolico-completo\/"},"wordCount":1424,"image":{"@id":"https:\/\/exaudi.org\/es\/eeuu-congreso-csmg-quien-no-toma-en-serio-la-mision-social-no-es-un-catolico-completo\/#primaryimage"},"thumbnailUrl":"https:\/\/exaudi.org\/wp-content\/uploads\/2023\/02\/1-FOTO-DE-PORTADA-scaled.jpg","keywords":["Cardenal Wilton Gregory","CSMG","Estados Unidos","Trending"],"articleSection":["Iglesia y Mundo"],"inLanguage":"es"},{"@type":"WebPage","@id":"https:\/\/exaudi.org\/es\/eeuu-congreso-csmg-quien-no-toma-en-serio-la-mision-social-no-es-un-catolico-completo\/","url":"https:\/\/exaudi.org\/es\/eeuu-congreso-csmg-quien-no-toma-en-serio-la-mision-social-no-es-un-catolico-completo\/","name":"EEUU, Congreso CSMG: Quien no toma en serio la misi\u00f3n social, no es un cat\u00f3lico completo &#8211; Exaudi","isPartOf":{"@id":"https:\/\/exaudi.org\/#website"},"primaryImageOfPage":{"@id":"https:\/\/exaudi.org\/es\/eeuu-congreso-csmg-quien-no-toma-en-serio-la-mision-social-no-es-un-catolico-completo\/#primaryimage"},"image":{"@id":"https:\/\/exaudi.org\/es\/eeuu-congreso-csmg-quien-no-toma-en-serio-la-mision-social-no-es-un-catolico-completo\/#primaryimage"},"thumbnailUrl":"https:\/\/exaudi.org\/wp-content\/uploads\/2023\/02\/1-FOTO-DE-PORTADA-scaled.jpg","datePublished":"2023-02-08T10:02:45+00:00","dateModified":"2023-02-08T15:04:43+00:00","author":{"@id":"https:\/\/exaudi.org\/#\/schema\/person\/b562feb21279ee01cdb5c8cd58ac4e33"},"description":"El Card. Greory en el Congreso CSMG en Estados Unidos: Quien no toma en serio la misi\u00f3n social, no es un cat\u00f3lico completo","breadcrumb":{"@id":"https:\/\/exaudi.org\/es\/eeuu-congreso-csmg-quien-no-toma-en-serio-la-mision-social-no-es-un-catolico-completo\/#breadcrumb"},"inLanguage":"es","potentialAction":[{"@type":"ReadAction","target":["https:\/\/exaudi.org\/es\/eeuu-congreso-csmg-quien-no-toma-en-serio-la-mision-social-no-es-un-catolico-completo\/"]}]},{"@type":"ImageObject","inLanguage":"es","@id":"https:\/\/exaudi.org\/es\/eeuu-congreso-csmg-quien-no-toma-en-serio-la-mision-social-no-es-un-catolico-completo\/#primaryimage","url":"https:\/\/exaudi.org\/wp-content\/uploads\/2023\/02\/1-FOTO-DE-PORTADA-scaled.jpg","contentUrl":"https:\/\/exaudi.org\/wp-content\/uploads\/2023\/02\/1-FOTO-DE-PORTADA-scaled.jpg","width":2560,"height":1437,"caption":"Estados Unidos: Encuentro Cat\u00f3lico de Pastoral Social (CSMG), 2023 \u00a9 Enrique Soros"},{"@type":"BreadcrumbList","@id":"https:\/\/exaudi.org\/es\/eeuu-congreso-csmg-quien-no-toma-en-serio-la-mision-social-no-es-un-catolico-completo\/#breadcrumb","itemListElement":[{"@type":"ListItem","position":1,"name":"Portada","item":"https:\/\/exaudi.org\/es\/"},{"@type":"ListItem","position":2,"name":"EEUU, Congreso CSMG: Quien no toma en serio la misi\u00f3n social, no es un cat\u00f3lico completo"}]},{"@type":"WebSite","@id":"https:\/\/exaudi.org\/#website","url":"https:\/\/exaudi.org\/","name":"Exaudi","description":"News","potentialAction":[{"@type":"SearchAction","target":{"@type":"EntryPoint","urlTemplate":"https:\/\/exaudi.org\/?s={search_term_string}"},"query-input":{"@type":"PropertyValueSpecification","valueRequired":true,"valueName":"search_term_string"}}],"inLanguage":"es"},{"@type":"Person","@id":"https:\/\/exaudi.org\/#\/schema\/person\/b562feb21279ee01cdb5c8cd58ac4e33","name":"Enrique Soros","image":{"@type":"ImageObject","inLanguage":"es","@id":"https:\/\/secure.gravatar.com\/avatar\/909c464715f2daa91ebbef733cea12657b24a5ddb7284bf9b3bb3911d874bb9e?s=96&d=mm&r=g","url":"https:\/\/secure.gravatar.com\/avatar\/909c464715f2daa91ebbef733cea12657b24a5ddb7284bf9b3bb3911d874bb9e?s=96&d=mm&r=g","contentUrl":"https:\/\/secure.gravatar.com\/avatar\/909c464715f2daa91ebbef733cea12657b24a5ddb7284bf9b3bb3911d874bb9e?s=96&d=mm&r=g","caption":"Enrique Soros"},"description":"Argentino. Reside desde hace 27 a\u00f1os en Washington, DC, Estados Unidos, con su esposa Erica, con quien tiene un hijo, Mart\u00edn, de 21 a\u00f1os. Es comunicador social, escritor, traductor p\u00fablico. Act\u00faa como agente pastoral y comunicacional en Estados Unidos, donde es vicepresidente del Consejo Nacional Cat\u00f3lico para el Ministerio Hispano -NCCHM, por sus siglas en ingl\u00e9s-, que tiene como misi\u00f3n la promoci\u00f3n y el trabajo com\u00fan de las fuerzas pastorales hispanas en el pa\u00eds. Participa en proyectos pastorales y comunicacionales en Latinoam\u00e9rica y desde 2012 colabora con el CELAM, Consejo Episcopal Latinoamericano en esfuerzos de integraci\u00f3n pastoral entre dicha instituci\u00f3n y la Iglesia en los Estados Unidos.","url":"https:\/\/exaudi.org\/es\/author\/enriquesoros\/"}]}},"jetpack_featured_media_url":"https:\/\/exaudi.org\/wp-content\/uploads\/2023\/02\/1-FOTO-DE-PORTADA-scaled.jpg","jetpack_shortlink":"https:\/\/wp.me\/pgKjF2-icq","_links":{"self":[{"href":"https:\/\/exaudi.org\/es\/wp-json\/wp\/v2\/posts\/69962","targetHints":{"allow":["GET"]}}],"collection":[{"href":"https:\/\/exaudi.org\/es\/wp-json\/wp\/v2\/posts"}],"about":[{"href":"https:\/\/exaudi.org\/es\/wp-json\/wp\/v2\/types\/post"}],"author":[{"embeddable":true,"href":"https:\/\/exaudi.org\/es\/wp-json\/wp\/v2\/users\/41"}],"replies":[{"embeddable":true,"href":"https:\/\/exaudi.org\/es\/wp-json\/wp\/v2\/comments?post=69962"}],"version-history":[{"count":0,"href":"https:\/\/exaudi.org\/es\/wp-json\/wp\/v2\/posts\/69962\/revisions"}],"wp:featuredmedia":[{"embeddable":true,"href":"https:\/\/exaudi.org\/es\/wp-json\/wp\/v2\/media\/69963"}],"wp:attachment":[{"href":"https:\/\/exaudi.org\/es\/wp-json\/wp\/v2\/media?parent=69962"}],"wp:term":[{"taxonomy":"category","embeddable":true,"href":"https:\/\/exaudi.org\/es\/wp-json\/wp\/v2\/categories?post=69962"},{"taxonomy":"post_tag","embeddable":true,"href":"https:\/\/exaudi.org\/es\/wp-json\/wp\/v2\/tags?post=69962"}],"curies":[{"name":"wp","href":"https:\/\/api.w.org\/{rel}","templated":true}]}}