{"id":69720,"date":"2023-02-03T12:00:23","date_gmt":"2023-02-03T11:00:23","guid":{"rendered":"https:\/\/exaudi.org\/?p=69720"},"modified":"2023-02-03T16:57:36","modified_gmt":"2023-02-03T15:57:36","slug":"2-puntos-para-los-obispos-congolenos-cercania-de-dios-y-profecia-para-el-pueblo","status":"publish","type":"post","link":"https:\/\/exaudi.org\/es\/2-puntos-para-los-obispos-congolenos-cercania-de-dios-y-profecia-para-el-pueblo\/","title":{"rendered":"2 puntos para los obispos congole\u00f1os: \u201cCercan\u00eda de Dios y profec\u00eda para el pueblo\u201d"},"content":{"rendered":"<p>El Papa Francisco ha indicado a los obispos congole\u00f1os que su ministerio episcopal \u201cvive\u201d entre 2 dimensiones: \u201cla cercan\u00eda de Dios y la profec\u00eda para el pueblo<em>\u201d.<\/em><\/p>\n<p>En la ma\u00f1ana de hoy, 3 de febrero de 2023, tras haber celebrado la Misa en privado saludar al personal y a los benefactores de la Nunciatura Apost\u00f3lica, el Santo Padre se despidi\u00f3 y se dirigi\u00f3 a la sede de la Conferencia Episcopal Nacional del Congo (CENCO) en Kinsasa <a href=\"https:\/\/www.youtube.com\/watch?v=N_vqQ4IYG8c\" target=\"_blank\" rel=\"noopener\">para reunirse con los obispos de las 48 circunscripciones eclesi\u00e1sticas del pa\u00eds<\/a>.<\/p>\n<p>Este ha sido el \u00faltimo acto de su programa en la Rep\u00fablica Democr\u00e1tica del Congo, despu\u00e9s, Francisco ha partido en avi\u00f3n a las 10:49 con destino a la segunda parada de su 40\u00ba viaje apost\u00f3lico: Sud\u00e1n del Sur.<\/p>\n<p>A continuaci\u00f3n, sigue el discurso completo del Papa.<\/p>\n<p>***<\/p>\n<h2><strong>Discurso del Santo Padre<\/strong><\/h2>\n<p><em>Queridos hermanos obispos, \u00a1buenos d\u00edas!<\/em><\/p>\n<p>Me alegra encontrarme con ustedes y les agradezco de coraz\u00f3n la calurosa acogida. Gracias a Mons. Utembi Tapa por el saludo que me ha dirigido y por haberles dado voz con sus palabras: les agradezco c\u00f3mo anuncian con valent\u00eda el consuelo del Se\u00f1or, caminando en medio del pueblo, compartiendo sus fatigas y sus esperanzas.<\/p>\n<p>Ha sido hermoso para m\u00ed pasar estos d\u00edas en vuestra tierra, que con su gran selva representa el \u201ccoraz\u00f3n verde\u201d de \u00c1frica, un pulm\u00f3n para el mundo entero. La importancia de este patrimonio ecol\u00f3gico nos recuerda que estamos llamados a conservar la belleza de la creaci\u00f3n y a defenderla de las heridas causadas por el ego\u00edsmo rapaz. Pero esta inmensa extensi\u00f3n verde que es vuestra selva, es tambi\u00e9n una imagen que habla a nuestra vida cristiana. Como Iglesia necesitamos respirar el aire puro del Evangelio, expulsar el aire contaminado de la mundanidad y custodiar el coraz\u00f3n joven de la fe. As\u00ed imagino a la Iglesia africana y as\u00ed veo a esta Iglesia congole\u00f1a, una Iglesia joven, din\u00e1mica, alegre, animada por el anhelo misionero, por el anuncio de que Dios nos ama y de que Jes\u00fas es el Se\u00f1or. Vuestra Iglesia est\u00e1 presente en la historia concreta de este pueblo, enraizada de modo capilar en la realidad, protagonista de la caridad; una comunidad capaz de atraer y contagiar con su entusiasmo y, por tanto, al igual que vuestras selvas, con mucho \u201cox\u00edgeno\u201d. \u00a1Gracias por ser un pulm\u00f3n que da aliento a la Iglesia universal!<\/p>\n<p>Es desagradable comenzar un p\u00e1rrafo con la palabra \u201clamentablemente\u201d, pero debo hacerlo. Lamentablemente,<strong>\u00a0<\/strong>s\u00e9 bien que la comunidad cristiana de esta tierra tiene tambi\u00e9n otra fisonom\u00eda. En efecto, vuestro rostro joven, luminoso y hermoso est\u00e1 surcado por el dolor y la fatiga, marcado a veces por el miedo y el desaliento. Es el rostro de una Iglesia que sufre por su pueblo, es un coraz\u00f3n en el que palpita intensamente la vida de la gente con sus alegr\u00edas y tribulaciones. Es una Iglesia signo visible de Cristo que, a\u00fan hoy, es rechazado, condenado y despreciado en tantos crucificados del mundo, y llora nuestras mismas l\u00e1grimas. Es una Iglesia que, como Jes\u00fas, quiere tambi\u00e9n secar las l\u00e1grimas del pueblo, comprometi\u00e9ndose a asumir las heridas materiales y espirituales de la gente, y derramando sobre ella el agua viva y sanadora del costado de Cristo.<\/p>\n<p>Con ustedes, hermanos, veo a Jes\u00fas que sufre en la historia de este pueblo<strong>,\u00a0<\/strong>pueblo crucificado, pueblo oprimido, devastado por una violencia que no perdona, marcado por el dolor inocente, obligado a convivir con las aguas turbias de la corrupci\u00f3n y la injusticia que contaminan la sociedad; y que sufre la pobreza en tantos de sus hijos. Pero veo al mismo tiempo a un pueblo que no ha perdido la esperanza, que abraza con entusiasmo la fe y mira a sus Pastores, que sabe volver al Se\u00f1or y confiar en sus manos, porque la paz que anhela, sofocada por la explotaci\u00f3n, por ego\u00edsmos de grupos, por el veneno de los conflictos y las verdades manipuladas, pueda finalmente llegar como un don de lo alto.<\/p>\n<p>Cabe preguntarse, \u00bfc\u00f3mo ejercer el ministerio en esta situaci\u00f3n? Pensando en ustedes, pastores del Pueblo santo de Dios, me vino a la mente la historia de Jerem\u00edas, un profeta llamado a vivir su misi\u00f3n en un momento dram\u00e1tico de la historia de Israel, en medio de injusticias, abominaciones y sufrimientos. \u00c9l gast\u00f3 su vida para anunciar que Dios nunca abandona a su pueblo y lleva adelante proyectos de paz incluso en las situaciones que parecen perdidas e irrecuperables. Pero este anuncio consolador de fe, Jerem\u00edas lo vivi\u00f3 ante todo en su persona, \u00e9l fue el primero en experimentar\u00a0<em>la cercan\u00eda de Dios<\/em>. S\u00f3lo as\u00ed pudo llevar a los dem\u00e1s una valiente\u00a0<em>profec\u00eda de esperanza<\/em>. Tambi\u00e9n vuestro ministerio episcopal vive entre estas dos dimensiones, de las que quisiera hablarles: la\u00a0<em>cercan\u00eda de Dios<\/em>\u00a0y la\u00a0<em>profec\u00eda para el pueblo<\/em>.<\/p>\n<p>Ante todo, quisiera invitarlos a que se dejen abrazar y consolar por la\u00a0<em>cercan\u00eda de Dios.\u00a0<\/em>\u00c9l est\u00e1 cerca nuestro. La primera palabra que el Se\u00f1or dirige a Jerem\u00edas es esta: \u201cAntes de formarte en el vientre materno, yo te conoc\u00eda\u201d (<em>Jr<\/em>\u00a01,5). Es una declaraci\u00f3n de amor que Dios esculpe en el coraz\u00f3n de cada uno de nosotros, que nadie puede borrar y que, en medio de las tormentas de la vida, es una fuente de consuelo. Para nosotros, que hemos recibido la llamada a ser pastores del Pueblo de Dios, es importante estar cimentados en esta cercan\u00eda del Se\u00f1or, \u201cestructurarnos en la oraci\u00f3n\u201d,\u00a0<em>estando horas delante de \u00c9l.<\/em>\u00a0S\u00f3lo as\u00ed se acerca al Buen Pastor el pueblo que nos ha encomendado y s\u00f3lo as\u00ed nos convertiremos verdaderamente en pastores, pues nosotros, sin \u00c9l, no podemos hacer nada (cf.\u00a0<em>Jn<\/em>\u00a015,5). Ser\u00edamos empresarios, \u201cmaestros\u201d, pero no seguir\u00edamos la vocaci\u00f3n del Se\u00f1or. Sin \u00c9l no podemos hacer nada.<strong>\u00a0<\/strong>Que no vaya a suceder que nos creamos autosuficientes, mucho menos que se vea en el episcopado la posibilidad de escalar posiciones sociales y de ejercitar el poder. Ese feo esp\u00edritu del \u201ccarrerismo\u201d.<strong>\u00a0<\/strong>Y, sobre todo, que no entre el esp\u00edritu de la mundanidad, que nos hace interpretar el ministerio seg\u00fan criterios de beneficio personal, que nos vuelven fr\u00edos y alejados de la administraci\u00f3n de cuanto nos ha sido confiado, que nos lleva a servirnos del rol antes que a servir a los dem\u00e1s, y a no cuidar m\u00e1s esa relaci\u00f3n indispensable, la de la oraci\u00f3n humilde y cotidiana. No olvidemos que la mundanidad es lo peor que le puede suceder a la Iglesia, es lo peor. Siempre me ha impactado ese final del libro del cardenal De Lubac sobre la Iglesia, las \u00faltimas tres, cuatro p\u00e1ginas, donde dice que la mundanidad espiritual es lo peor que puede suceder, peor a\u00fan que la \u00e9poca de los Papas mundanos y concubinarios. Es peor. Y la mundanidad est\u00e1 siempre al acecho. \u00a1Estemos atentos!<strong>\u00a0<\/strong><\/p>\n<p>Queridos hermanos obispos, cuidemos la cercan\u00eda con el Se\u00f1or para ser sus testigos cre\u00edbles y portavoces de su amor ante el pueblo. \u00c9l quiere ungirlo a trav\u00e9s de nosotros con el aceite de la consolaci\u00f3n y de la esperanza. Son ustedes la voz con la que Dios quiere decir a los congoleses: \u201cT\u00fa eres un pueblo consagrado al Se\u00f1or, tu Dios\u201d (<em>Dt<\/em>\u00a07,6). El anuncio del Evangelio, la animaci\u00f3n de la vida pastoral y la gu\u00eda del pueblo no pueden resolverse con principios distantes de la realidad de la vida cotidiana, sino que deben tocar las heridas y comunicar la cercan\u00eda divina, para que las personas descubran su dignidad de hijos de Dios y aprendan a caminar con la frente en alto, sin agachar la cabeza ante las humillaciones y las opresiones. Por medio de ustedes este pueblo tiene la gracia de sentir dirigidas a \u00e9l palabras similares a las que el Se\u00f1or dijo a Jerem\u00edas: \u201cEres un pueblo bendito, antes de formarte yo ya te hab\u00eda pensado, conocido, amado\u201d. Si cultivamos la cercan\u00eda con Dios, nos sentimos impulsados hacia el pueblo y sentiremos siempre compasi\u00f3n por aquellos que nos son confiados. Esa actitud de la compasi\u00f3n, que no es un sentimiento; es un\u00a0<em>sufrir con<\/em>.<strong>\u00a0<\/strong>Animados y fortalecidos por el Se\u00f1or, nos hacemos, a su vez, instrumentos de consuelo y de reconciliaci\u00f3n para los dem\u00e1s, para sanar las llagas de los que sufren, mitigar el dolor de los que lloran, alzar a los pobres, liberar a las personas de tantas formas de esclavitud y de opresi\u00f3n. De manera que la cercan\u00eda con Dios da\u00a0<em>profetas para el pueblo<\/em>, capaces de sembrar la Palabra que salva en la historia herida de la propia tierra.<\/p>\n<p>Y para adentrarnos en este segundo punto, la\u00a0<em>profec\u00eda para el pueblo<\/em>, miremos de nuevo la experiencia de Jerem\u00edas. Despu\u00e9s de haber recibido la Palabra amorosa y consoladora de Dios, est\u00e1 llamado a ser \u201cprofeta para las naciones\u201d (<em>Jr<\/em>\u00a01,5), enviado para llevar luz en la oscuridad, para dar testimonio en un contexto de violencia y corrupci\u00f3n. Y Jerem\u00edas, que devora la Palabra del Se\u00f1or, pues es para \u00e9l gozo y alegr\u00eda del coraz\u00f3n (cf.\u00a0<em>Jr<\/em>\u00a015,16), confiesa que esa misma Palabra siembra en \u00e9l una inquietud imposible de suprimir, y lo conduce a encontrarse con otros para que sean abrazados por la presencia de Dios. \u201cPero hab\u00eda en mi coraz\u00f3n \u2014escribe\u2014 como un fuego abrasador, encerrado en mis huesos: me esforzaba por contenerlo, pero no pod\u00eda\u201d (<em>Jr<\/em>\u00a020,9). No podemos retener s\u00f3lo para nosotros la Palabra de Dios, no podemos contener su fuerza; es un fuego que quema nuestra apat\u00eda y enciende en nosotros el deseo de iluminar a quien est\u00e1 en la oscuridad. La Palabra de Dios es un fuego que<em>\u00a0quema por dentro\u00a0<\/em>y que nos empuja a\u00a0<em>salir.\u00a0<\/em>Esta es nuestra identidad episcopal: encendidos por el fuego de la Palabra de Dios, en salida hacia el Pueblo de Dios, con celo apost\u00f3lico.<\/p>\n<p>Pero \u2014podr\u00edamos preguntarnos\u2014, \u00bfen qu\u00e9 consiste este anuncio prof\u00e9tico de la Palabra, este ardor? Al profeta Jerem\u00edas el Se\u00f1or le dice: \u201cYo pongo mis palabras en tu boca. Yo te establezco en este d\u00eda sobre las naciones y sobre los reinos, para arrancar y derribar, para perder y demoler, para edificar y plantar\u201d (<em>Jr\u00a0<\/em>1,9-10). Son verbos fuertes: primero\u00a0<em>arrancar y derribar,\u00a0<\/em>para luego poder\u00a0<em>edificar y plantar.\u00a0<\/em>Se trata de colaborar en favor de una historia nueva que Dios desea construir en un mundo de perversi\u00f3n e injusticia. As\u00ed que tambi\u00e9n ustedes est\u00e1n llamados a seguir alzando su voz prof\u00e9tica, para que las conciencias se sientan interpeladas y cada uno pueda ser protagonista y responsable de un futuro diferente. Por tanto, es necesario\u00a0<em>arrancar<\/em>\u00a0las plantas venenosas del odio y el ego\u00edsmo, del rencor y la violencia;\u00a0<em>derribar<\/em>\u00a0los altares consagrados al dinero y a la corrupci\u00f3n;\u00a0<em>edificar\u00a0<\/em>una convivencia fundada en la justicia, la verdad y la paz; y finalmente,\u00a0<em>plantar\u00a0<\/em>semillas de renovaci\u00f3n, para que el Congo del ma\u00f1ana sea verdaderamente el que el Se\u00f1or sue\u00f1a, una tierra bendecida y feliz, ya no m\u00e1s maltratada, oprimida ni ensangrentada.<\/p>\n<p>Pero tengamos cuidado, pues no se trata de una acci\u00f3n pol\u00edtica. La profec\u00eda cristiana se encarna en muchas acciones pol\u00edticas y sociales, pero la tarea de los obispos y de los pastores en general no es esta. Es m\u00e1s bien la del anuncio de la Palabra para despertar las conciencias, para denunciar el mal, para alentar a los que est\u00e1n abatidos y sin esperanza. \u201cConsuela, consuela a mi pueblo\u201d, esa frase que resuena es una invitaci\u00f3n del Se\u00f1or: consolar al pueblo. \u201cConsuela, consuela a mi pueblo\u201d.<strong>\u00a0<\/strong>Es un anuncio hecho no s\u00f3lo con palabras, sino con cercan\u00eda y testimonio: cercan\u00eda, ante todo, con los sacerdotes \u2014los sacerdotes son los m\u00e1s pr\u00f3ximos a un obispo\u2014, escucha de los agentes pastorales, apoyo al esp\u00edritu sinodal para trabajar juntos. Y testimonio, porque los pastores, primero y en todo, deben ser cre\u00edbles, y en particular al cultivar la comuni\u00f3n, en la vida moral y en la administraci\u00f3n de los bienes. En este sentido, es esencial saber construir armon\u00eda, sin subirse a pedestales, sin asperezas, sino dando buen ejemplo con el sost\u00e9n y perd\u00f3n mutuos, trabajando juntos, como modelos de fraternidad, de paz y de sencillez evang\u00e9lica. Que nunca suceda que, mientras el pueblo sufre de hambre, se diga de ustedes: \u201ca aquellos no les importa y se va uno a su campo, otro a su negocio\u201d (cf.\u00a0<em>Mt<\/em>\u00a022,5). No, por favor, los negocios dej\u00e9moslos fuera de la vi\u00f1a del Se\u00f1or. Un pastor no puede ser un hombre de negocios, \u00a1no puede! Seamos pastores y servidores del pueblo de Dios, no administradores de cosas, no hombres de negocios, \u00a1pastores! La administraci\u00f3n del obispo debe ser la del pastor: delante del reba\u00f1o, en medio del reba\u00f1o, detr\u00e1s del reba\u00f1o. Delante del reba\u00f1o para indicar el camino; en medio del reba\u00f1o para sentir su olor y no perderlo; detr\u00e1s del reba\u00f1o para ayudar a los que van m\u00e1s despacio, y tambi\u00e9n para dejar al reba\u00f1o un poco solo y ver d\u00f3nde encuentra pastos. El pastor tiene que moverse en estas tres direcciones.<\/p>\n<p>Queridos hermanos obispos, he compartido con ustedes lo que sent\u00eda en mi coraz\u00f3n, es decir, cultivar la cercan\u00eda con el Se\u00f1or para ser signos prof\u00e9ticos de su compasi\u00f3n por el pueblo. Les ruego que no descuiden el di\u00e1logo con Dios y no dejen que el fuego de la profec\u00eda se extinga por c\u00e1lculos o ambig\u00fcedades con el poder, ni tampoco por la vida tranquila o por la rutina. Ante el pueblo que sufre y ante la injusticia, el Evangelio nos pide alzar la voz. Cuando alzamos la voz, seg\u00fan Dios, nos arriesgamos.<strong>\u00a0<\/strong>Un hermano de ustedes lo hizo, el siervo de Dios Mons. Christophe Munzihirwa, pastor valiente y voz prof\u00e9tica, que protegi\u00f3 a su pueblo ofreciendo su vida. El d\u00eda antes de morir envi\u00f3 un mensaje a todos, diciendo: \u201cEn estos d\u00edas, \u00bfqu\u00e9 m\u00e1s podemos hacer? Permanezcamos firmes en la fe. Confiemos en que Dios no nos abandonar\u00e1 y que de alguna parte surgir\u00e1 para nosotros un peque\u00f1o destello de esperanza. Dios no nos abandonar\u00e1 si nos comprometemos a respetar la vida de nuestros vecinos, sea cual sea la etnia a la que pertenecen\u201d. El d\u00eda despu\u00e9s fue asesinado en una plaza de la ciudad, pero su semilla, plantada en esta tierra, junto a la de muchos otros, dar\u00e1 fruto. Es bueno recordar, con gratitud, a los grandes pastores que marcaron la historia de vuestro pa\u00eds y de vuestra Iglesia; que los evangelizaron y precedieron en la fe. Hermanos, ellos son vuestras ra\u00edces, que los robustecen en el ardor evang\u00e9lico. Pienso en el bien que me ha hecho conocer al cardenal Laurent Monsengwo Pasinya.<\/p>\n<p>Estimados hermanos, no tengan miedo de ser\u00a0<em>profetas de esperanza para el pueblo<\/em>, voces arm\u00f3nicas de la consolaci\u00f3n del Se\u00f1or, testigos y anunciadores gozosos del Evangelio, ap\u00f3stoles de la justicia, samaritanos de la solidaridad; testigos de misericordia y reconciliaci\u00f3n en medio de la violencia desencadenada no s\u00f3lo por la explotaci\u00f3n de los recursos y por los conflictos \u00e9tnicos y tribales, sino tambi\u00e9n y sobre todo, por la fuerza oscura del maligno, enemigo de Dios y del hombre. Pero no se desanimen nunca,\u00a0<em>el Crucificado ha resucitado<\/em>, Jes\u00fas vence, es m\u00e1s, ya ha vencido al mundo (cf.\u00a0<em>Jn<\/em>\u00a016,33) y desea resplandecer en ustedes, en vuestra valiosa labor, en vuestra semilla fecunda de paz. Hermanos, quiero agradecerles vuestro servicio, vuestro celo pastoral y vuestro testimonio.<\/p>\n<p>Llegando ya al final de este viaje, quisiera expresarles mi agradecimiento a todos ustedes y a cuantos lo han preparado. Tuvieron la paciencia de esperar un a\u00f1o, \u00a1qu\u00e9 buenos son! Gracias por esto.<strong>\u00a0<\/strong>Tuvieron que trabajar el doble, porque la primera vez la visita fue cancelada, pero yo s\u00e9 que son misericordiosos con el Papa. De verdad, gracias. El pr\u00f3ximo mes de junio van a celebrar en Lubumbashi el Congreso Eucar\u00edstico Nacional. Jes\u00fas est\u00e1 verdaderamente presente y operante en la Eucarist\u00eda; ah\u00ed da paz y restaura, consuela y une, ilumina y transforma; ah\u00ed inspira, sostiene y hace eficaz su ministerio. Que la presencia de Jes\u00fas, pastor manso y humilde de coraz\u00f3n, vencedor del mal y de la muerte, transforme este gran pa\u00eds y sea siempre vuestra alegr\u00eda y vuestra esperanza. Los bendigo de coraz\u00f3n.<\/p>\n<p>Quisiera agregar una sola cosa: dije \u201csean misericordiosos\u201d. La misericordia. Perdonar siempre. Cuando un fiel viene a confesarse, viene a pedir perd\u00f3n, viene a pedir la caricia del Padre. Y nosotros, con el dedo acusador: \u201c\u00bfCu\u00e1ntas veces? \u00bfY c\u00f3mo lo has hecho?\u201d. No, esto no. Perdonar. Siempre. \u201cPero no s\u00e9\u2026 es que el c\u00f3digo me dice\u2026\u201d. El c\u00f3digo lo tenemos que observar, porque es importante, pero el coraz\u00f3n del pastor va m\u00e1s all\u00e1. Arriesguen. Por el perd\u00f3n, arriesguen. Siempre. Perdonen siempre, en el Sacramento de la Reconciliaci\u00f3n. Y as\u00ed sembrar\u00e1n perd\u00f3n en toda la sociedad.<\/p>\n<p>Los bendigo de coraz\u00f3n. Y, por favor, sigan rezando por m\u00ed, porque esta tarea es un poco dif\u00edcil. Pero conf\u00edo en ustedes. Gracias.<\/p>\n<p><strong>\u00a9 Librer\u00eda Editora Vaticana<\/strong><\/p>\n<p><iframe loading=\"lazy\" title=\"Encuentro con Obispos - Papa Francisco - Kinsasa - 40\u00ba Viaje Apost\u00f3lico\" width=\"500\" height=\"281\" src=\"https:\/\/www.youtube.com\/embed\/N_vqQ4IYG8c?feature=oembed\" frameborder=\"0\" allow=\"accelerometer; autoplay; clipboard-write; encrypted-media; gyroscope; picture-in-picture; web-share\" referrerpolicy=\"strict-origin-when-cross-origin\" allowfullscreen><\/iframe><\/p>\n","protected":false},"excerpt":{"rendered":"<p>Discurso del Papa Francisco a la Conferencia Episcopal Nacional del Congo<\/p>\n","protected":false},"author":15,"featured_media":69721,"comment_status":"closed","ping_status":"closed","sticky":false,"template":"","format":"standard","meta":{"_acf_changed":false,"_crdt_document":"","inline_featured_image":false,"footnotes":""},"categories":[124,68,120,126],"tags":[8326,8311,602,158,317,4953],"class_list":["post-69720","post","type-post","status-publish","format-standard","has-post-thumbnail","hentry","category-discursos","category-leon-xiv","category-viajes","category-viajes-papales","tag-conferencia-episcopal-nacional-del-congo","tag-kinsasa-2","tag-obispos","tag-papa-francisco","tag-republica-democratica-del-congo","tag-trending-es"],"acf":[],"yoast_head":"<!-- This site is optimized with the Yoast SEO plugin v27.4 - https:\/\/yoast.com\/product\/yoast-seo-wordpress\/ -->\n<title>2 puntos para los obispos congole\u00f1os: \u201cCercan\u00eda de Dios y profec\u00eda para el pueblo\u201d &#8211; Exaudi<\/title>\n<meta name=\"description\" content=\"El Papa indica a los obispos congole\u00f1os que su ministerio episcopal \u201cvive\u201d entre 2 dimensiones: \u201ccercan\u00eda de Dios\u00a0y profec\u00eda para el pueblo\u201d.\" \/>\n<meta name=\"robots\" content=\"index, follow, max-snippet:-1, max-image-preview:large, max-video-preview:-1\" \/>\n<link rel=\"canonical\" href=\"https:\/\/exaudi.org\/es\/2-puntos-para-los-obispos-congolenos-cercania-de-dios-y-profecia-para-el-pueblo\/\" \/>\n<meta property=\"og:locale\" content=\"es_ES\" \/>\n<meta property=\"og:type\" content=\"article\" \/>\n<meta property=\"og:title\" content=\"2 puntos para los obispos congole\u00f1os: \u201cCercan\u00eda de Dios y profec\u00eda para el pueblo\u201d &#8211; Exaudi\" \/>\n<meta property=\"og:description\" content=\"El Papa indica a los obispos congole\u00f1os que su ministerio episcopal \u201cvive\u201d entre 2 dimensiones: \u201ccercan\u00eda de Dios\u00a0y profec\u00eda para el pueblo\u201d.\" \/>\n<meta property=\"og:url\" content=\"https:\/\/exaudi.org\/es\/2-puntos-para-los-obispos-congolenos-cercania-de-dios-y-profecia-para-el-pueblo\/\" \/>\n<meta property=\"og:site_name\" content=\"Exaudi\" \/>\n<meta property=\"article:publisher\" content=\"https:\/\/www.facebook.com\/ExaudiNews\" \/>\n<meta property=\"article:author\" content=\"https:\/\/www.facebook.com\/ExaudiNoticias\/\" \/>\n<meta property=\"article:published_time\" content=\"2023-02-03T11:00:23+00:00\" \/>\n<meta property=\"article:modified_time\" content=\"2023-02-03T15:57:36+00:00\" \/>\n<meta property=\"og:image\" content=\"https:\/\/exaudi.org\/wp-content\/uploads\/2023\/02\/cq5dam.web_.800.800-12.jpeg\" \/>\n\t<meta property=\"og:image:width\" content=\"800\" \/>\n\t<meta property=\"og:image:height\" content=\"533\" \/>\n\t<meta property=\"og:image:type\" content=\"image\/jpeg\" \/>\n<meta name=\"author\" content=\"Exaudi Redacci\u00f3n\" \/>\n<meta name=\"twitter:card\" content=\"summary_large_image\" \/>\n<meta name=\"twitter:creator\" content=\"@Exaudi_noticias\" \/>\n<meta name=\"twitter:site\" content=\"@Exaudi_News\" \/>\n<meta name=\"twitter:label1\" content=\"Escrito por\" \/>\n\t<meta name=\"twitter:data1\" content=\"Exaudi Redacci\u00f3n\" \/>\n\t<meta name=\"twitter:label2\" content=\"Tiempo de lectura\" \/>\n\t<meta name=\"twitter:data2\" content=\"15 minutos\" \/>\n<script type=\"application\/ld+json\" class=\"yoast-schema-graph\">{\"@context\":\"https:\\\/\\\/schema.org\",\"@graph\":[{\"@type\":\"Article\",\"@id\":\"https:\\\/\\\/exaudi.org\\\/es\\\/2-puntos-para-los-obispos-congolenos-cercania-de-dios-y-profecia-para-el-pueblo\\\/#article\",\"isPartOf\":{\"@id\":\"https:\\\/\\\/exaudi.org\\\/es\\\/2-puntos-para-los-obispos-congolenos-cercania-de-dios-y-profecia-para-el-pueblo\\\/\"},\"author\":{\"name\":\"Exaudi Redacci\u00f3n\",\"@id\":\"https:\\\/\\\/exaudi.org\\\/#\\\/schema\\\/person\\\/f5fc8f063065e38742da7afe15f25df7\"},\"headline\":\"2 puntos para los obispos congole\u00f1os: \u201cCercan\u00eda de Dios y profec\u00eda para el pueblo\u201d\",\"datePublished\":\"2023-02-03T11:00:23+00:00\",\"dateModified\":\"2023-02-03T15:57:36+00:00\",\"mainEntityOfPage\":{\"@id\":\"https:\\\/\\\/exaudi.org\\\/es\\\/2-puntos-para-los-obispos-congolenos-cercania-de-dios-y-profecia-para-el-pueblo\\\/\"},\"wordCount\":3027,\"image\":{\"@id\":\"https:\\\/\\\/exaudi.org\\\/es\\\/2-puntos-para-los-obispos-congolenos-cercania-de-dios-y-profecia-para-el-pueblo\\\/#primaryimage\"},\"thumbnailUrl\":\"https:\\\/\\\/exaudi.org\\\/wp-content\\\/uploads\\\/2023\\\/02\\\/cq5dam.web_.800.800-12.jpeg\",\"keywords\":[\"Conferencia Episcopal Nacional del Congo\",\"Kinsasa\",\"obispos\",\"papa francisco\",\"Rep\u00fablica Democr\u00e1tica del Congo\",\"Trending\"],\"articleSection\":[\"Discursos\",\"Le\u00f3n XIV\",\"Viajes\",\"Viajes Papales\"],\"inLanguage\":\"es\"},{\"@type\":\"WebPage\",\"@id\":\"https:\\\/\\\/exaudi.org\\\/es\\\/2-puntos-para-los-obispos-congolenos-cercania-de-dios-y-profecia-para-el-pueblo\\\/\",\"url\":\"https:\\\/\\\/exaudi.org\\\/es\\\/2-puntos-para-los-obispos-congolenos-cercania-de-dios-y-profecia-para-el-pueblo\\\/\",\"name\":\"2 puntos para los obispos congole\u00f1os: \u201cCercan\u00eda de Dios y profec\u00eda para el pueblo\u201d &#8211; Exaudi\",\"isPartOf\":{\"@id\":\"https:\\\/\\\/exaudi.org\\\/#website\"},\"primaryImageOfPage\":{\"@id\":\"https:\\\/\\\/exaudi.org\\\/es\\\/2-puntos-para-los-obispos-congolenos-cercania-de-dios-y-profecia-para-el-pueblo\\\/#primaryimage\"},\"image\":{\"@id\":\"https:\\\/\\\/exaudi.org\\\/es\\\/2-puntos-para-los-obispos-congolenos-cercania-de-dios-y-profecia-para-el-pueblo\\\/#primaryimage\"},\"thumbnailUrl\":\"https:\\\/\\\/exaudi.org\\\/wp-content\\\/uploads\\\/2023\\\/02\\\/cq5dam.web_.800.800-12.jpeg\",\"datePublished\":\"2023-02-03T11:00:23+00:00\",\"dateModified\":\"2023-02-03T15:57:36+00:00\",\"author\":{\"@id\":\"https:\\\/\\\/exaudi.org\\\/#\\\/schema\\\/person\\\/f5fc8f063065e38742da7afe15f25df7\"},\"description\":\"El Papa indica a los obispos congole\u00f1os que su ministerio episcopal \u201cvive\u201d entre 2 dimensiones: \u201ccercan\u00eda de Dios\u00a0y profec\u00eda para el pueblo\u201d.\",\"breadcrumb\":{\"@id\":\"https:\\\/\\\/exaudi.org\\\/es\\\/2-puntos-para-los-obispos-congolenos-cercania-de-dios-y-profecia-para-el-pueblo\\\/#breadcrumb\"},\"inLanguage\":\"es\",\"potentialAction\":[{\"@type\":\"ReadAction\",\"target\":[\"https:\\\/\\\/exaudi.org\\\/es\\\/2-puntos-para-los-obispos-congolenos-cercania-de-dios-y-profecia-para-el-pueblo\\\/\"]}]},{\"@type\":\"ImageObject\",\"inLanguage\":\"es\",\"@id\":\"https:\\\/\\\/exaudi.org\\\/es\\\/2-puntos-para-los-obispos-congolenos-cercania-de-dios-y-profecia-para-el-pueblo\\\/#primaryimage\",\"url\":\"https:\\\/\\\/exaudi.org\\\/wp-content\\\/uploads\\\/2023\\\/02\\\/cq5dam.web_.800.800-12.jpeg\",\"contentUrl\":\"https:\\\/\\\/exaudi.org\\\/wp-content\\\/uploads\\\/2023\\\/02\\\/cq5dam.web_.800.800-12.jpeg\",\"width\":800,\"height\":533,\"caption\":\"Encuentro con los obispos de la Rep\u00fablica Democr\u00e1tica del Congo, 3 febrero 2022 \u00a9 Vatican Media\"},{\"@type\":\"BreadcrumbList\",\"@id\":\"https:\\\/\\\/exaudi.org\\\/es\\\/2-puntos-para-los-obispos-congolenos-cercania-de-dios-y-profecia-para-el-pueblo\\\/#breadcrumb\",\"itemListElement\":[{\"@type\":\"ListItem\",\"position\":1,\"name\":\"Portada\",\"item\":\"https:\\\/\\\/exaudi.org\\\/es\\\/\"},{\"@type\":\"ListItem\",\"position\":2,\"name\":\"2 puntos para los obispos congole\u00f1os: \u201cCercan\u00eda de Dios y profec\u00eda para el pueblo\u201d\"}]},{\"@type\":\"WebSite\",\"@id\":\"https:\\\/\\\/exaudi.org\\\/#website\",\"url\":\"https:\\\/\\\/exaudi.org\\\/\",\"name\":\"Exaudi\",\"description\":\"News\",\"potentialAction\":[{\"@type\":\"SearchAction\",\"target\":{\"@type\":\"EntryPoint\",\"urlTemplate\":\"https:\\\/\\\/exaudi.org\\\/?s={search_term_string}\"},\"query-input\":{\"@type\":\"PropertyValueSpecification\",\"valueRequired\":true,\"valueName\":\"search_term_string\"}}],\"inLanguage\":\"es\"},{\"@type\":\"Person\",\"@id\":\"https:\\\/\\\/exaudi.org\\\/#\\\/schema\\\/person\\\/f5fc8f063065e38742da7afe15f25df7\",\"name\":\"Exaudi Redacci\u00f3n\",\"image\":{\"@type\":\"ImageObject\",\"inLanguage\":\"es\",\"@id\":\"https:\\\/\\\/secure.gravatar.com\\\/avatar\\\/fe0f6a059fb68d9b3e11bc5850dd4899b1c7492091a3cb6dd9b01b56ad828be2?s=96&d=mm&r=g\",\"url\":\"https:\\\/\\\/secure.gravatar.com\\\/avatar\\\/fe0f6a059fb68d9b3e11bc5850dd4899b1c7492091a3cb6dd9b01b56ad828be2?s=96&d=mm&r=g\",\"contentUrl\":\"https:\\\/\\\/secure.gravatar.com\\\/avatar\\\/fe0f6a059fb68d9b3e11bc5850dd4899b1c7492091a3cb6dd9b01b56ad828be2?s=96&d=mm&r=g\",\"caption\":\"Exaudi Redacci\u00f3n\"},\"description\":\"\u00bfQu\u00e9 es Exaudi News? Exaudi News es un medio de comunicaci\u00f3n cat\u00f3lico internacional que informa, forma y transforma, diariamente en espa\u00f1ol, ingl\u00e9s e italiano. A trav\u00e9s de noticias, art\u00edculos de an\u00e1lisis y transmisiones en directo de los eventos del Papa, Exaudi busca fortalecer la unidad de los cristianos y contribuir a la evangelizaci\u00f3n del mundo, siempre guiados por la doctrina social de la Iglesia. Trabajamos para acercar la verdad y los valores cristianos a cada rinc\u00f3n del planeta. \u00a1Ay\u00fadanos a transformar el mundo con Exaudi! En Exaudi creemos que la evangelizaci\u00f3n y la informaci\u00f3n de calidad pueden cambiar vidas. Para continuar con nuestra misi\u00f3n y expandir nuestro alcance, necesitamos tu ayuda. Adem\u00e1s, buscamos personas comprometidas que deseen unirse a nuestro equipo. Con tu apoyo, lograremos llegar a m\u00e1s personas, difundir el mensaje de Cristo y reforzar la unidad de los cristianos. \u00bfTe unes a nuestra misi\u00f3n? Para m\u00e1s informaci\u00f3n sobre c\u00f3mo colaborar, visita Exaudi.org\\\/es o cont\u00e1ctanos directamente: info@exaudi.org Exaudi: Informa, forma y transforma.\",\"sameAs\":[\"https:\\\/\\\/www.facebook.com\\\/ExaudiNoticias\\\/\",\"https:\\\/\\\/www.instagram.com\\\/exaudi_noticias\\\/\",\"https:\\\/\\\/x.com\\\/Exaudi_noticias\",\"https:\\\/\\\/www.youtube.com\\\/@exaudicatholicnews\"],\"url\":\"https:\\\/\\\/exaudi.org\\\/es\\\/author\\\/redaccionexaudi\\\/\"}]}<\/script>\n<!-- \/ Yoast SEO plugin. -->","yoast_head_json":{"title":"2 puntos para los obispos congole\u00f1os: \u201cCercan\u00eda de Dios y profec\u00eda para el pueblo\u201d &#8211; Exaudi","description":"El Papa indica a los obispos congole\u00f1os que su ministerio episcopal \u201cvive\u201d entre 2 dimensiones: \u201ccercan\u00eda de Dios\u00a0y profec\u00eda para el pueblo\u201d.","robots":{"index":"index","follow":"follow","max-snippet":"max-snippet:-1","max-image-preview":"max-image-preview:large","max-video-preview":"max-video-preview:-1"},"canonical":"https:\/\/exaudi.org\/es\/2-puntos-para-los-obispos-congolenos-cercania-de-dios-y-profecia-para-el-pueblo\/","og_locale":"es_ES","og_type":"article","og_title":"2 puntos para los obispos congole\u00f1os: \u201cCercan\u00eda de Dios y profec\u00eda para el pueblo\u201d &#8211; Exaudi","og_description":"El Papa indica a los obispos congole\u00f1os que su ministerio episcopal \u201cvive\u201d entre 2 dimensiones: \u201ccercan\u00eda de Dios\u00a0y profec\u00eda para el pueblo\u201d.","og_url":"https:\/\/exaudi.org\/es\/2-puntos-para-los-obispos-congolenos-cercania-de-dios-y-profecia-para-el-pueblo\/","og_site_name":"Exaudi","article_publisher":"https:\/\/www.facebook.com\/ExaudiNews","article_author":"https:\/\/www.facebook.com\/ExaudiNoticias\/","article_published_time":"2023-02-03T11:00:23+00:00","article_modified_time":"2023-02-03T15:57:36+00:00","og_image":[{"width":800,"height":533,"url":"https:\/\/exaudi.org\/wp-content\/uploads\/2023\/02\/cq5dam.web_.800.800-12.jpeg","type":"image\/jpeg"}],"author":"Exaudi Redacci\u00f3n","twitter_card":"summary_large_image","twitter_creator":"@Exaudi_noticias","twitter_site":"@Exaudi_News","twitter_misc":{"Escrito por":"Exaudi Redacci\u00f3n","Tiempo de lectura":"15 minutos"},"schema":{"@context":"https:\/\/schema.org","@graph":[{"@type":"Article","@id":"https:\/\/exaudi.org\/es\/2-puntos-para-los-obispos-congolenos-cercania-de-dios-y-profecia-para-el-pueblo\/#article","isPartOf":{"@id":"https:\/\/exaudi.org\/es\/2-puntos-para-los-obispos-congolenos-cercania-de-dios-y-profecia-para-el-pueblo\/"},"author":{"name":"Exaudi Redacci\u00f3n","@id":"https:\/\/exaudi.org\/#\/schema\/person\/f5fc8f063065e38742da7afe15f25df7"},"headline":"2 puntos para los obispos congole\u00f1os: \u201cCercan\u00eda de Dios y profec\u00eda para el pueblo\u201d","datePublished":"2023-02-03T11:00:23+00:00","dateModified":"2023-02-03T15:57:36+00:00","mainEntityOfPage":{"@id":"https:\/\/exaudi.org\/es\/2-puntos-para-los-obispos-congolenos-cercania-de-dios-y-profecia-para-el-pueblo\/"},"wordCount":3027,"image":{"@id":"https:\/\/exaudi.org\/es\/2-puntos-para-los-obispos-congolenos-cercania-de-dios-y-profecia-para-el-pueblo\/#primaryimage"},"thumbnailUrl":"https:\/\/exaudi.org\/wp-content\/uploads\/2023\/02\/cq5dam.web_.800.800-12.jpeg","keywords":["Conferencia Episcopal Nacional del Congo","Kinsasa","obispos","papa francisco","Rep\u00fablica Democr\u00e1tica del Congo","Trending"],"articleSection":["Discursos","Le\u00f3n XIV","Viajes","Viajes Papales"],"inLanguage":"es"},{"@type":"WebPage","@id":"https:\/\/exaudi.org\/es\/2-puntos-para-los-obispos-congolenos-cercania-de-dios-y-profecia-para-el-pueblo\/","url":"https:\/\/exaudi.org\/es\/2-puntos-para-los-obispos-congolenos-cercania-de-dios-y-profecia-para-el-pueblo\/","name":"2 puntos para los obispos congole\u00f1os: \u201cCercan\u00eda de Dios y profec\u00eda para el pueblo\u201d &#8211; Exaudi","isPartOf":{"@id":"https:\/\/exaudi.org\/#website"},"primaryImageOfPage":{"@id":"https:\/\/exaudi.org\/es\/2-puntos-para-los-obispos-congolenos-cercania-de-dios-y-profecia-para-el-pueblo\/#primaryimage"},"image":{"@id":"https:\/\/exaudi.org\/es\/2-puntos-para-los-obispos-congolenos-cercania-de-dios-y-profecia-para-el-pueblo\/#primaryimage"},"thumbnailUrl":"https:\/\/exaudi.org\/wp-content\/uploads\/2023\/02\/cq5dam.web_.800.800-12.jpeg","datePublished":"2023-02-03T11:00:23+00:00","dateModified":"2023-02-03T15:57:36+00:00","author":{"@id":"https:\/\/exaudi.org\/#\/schema\/person\/f5fc8f063065e38742da7afe15f25df7"},"description":"El Papa indica a los obispos congole\u00f1os que su ministerio episcopal \u201cvive\u201d entre 2 dimensiones: \u201ccercan\u00eda de Dios\u00a0y profec\u00eda para el pueblo\u201d.","breadcrumb":{"@id":"https:\/\/exaudi.org\/es\/2-puntos-para-los-obispos-congolenos-cercania-de-dios-y-profecia-para-el-pueblo\/#breadcrumb"},"inLanguage":"es","potentialAction":[{"@type":"ReadAction","target":["https:\/\/exaudi.org\/es\/2-puntos-para-los-obispos-congolenos-cercania-de-dios-y-profecia-para-el-pueblo\/"]}]},{"@type":"ImageObject","inLanguage":"es","@id":"https:\/\/exaudi.org\/es\/2-puntos-para-los-obispos-congolenos-cercania-de-dios-y-profecia-para-el-pueblo\/#primaryimage","url":"https:\/\/exaudi.org\/wp-content\/uploads\/2023\/02\/cq5dam.web_.800.800-12.jpeg","contentUrl":"https:\/\/exaudi.org\/wp-content\/uploads\/2023\/02\/cq5dam.web_.800.800-12.jpeg","width":800,"height":533,"caption":"Encuentro con los obispos de la Rep\u00fablica Democr\u00e1tica del Congo, 3 febrero 2022 \u00a9 Vatican Media"},{"@type":"BreadcrumbList","@id":"https:\/\/exaudi.org\/es\/2-puntos-para-los-obispos-congolenos-cercania-de-dios-y-profecia-para-el-pueblo\/#breadcrumb","itemListElement":[{"@type":"ListItem","position":1,"name":"Portada","item":"https:\/\/exaudi.org\/es\/"},{"@type":"ListItem","position":2,"name":"2 puntos para los obispos congole\u00f1os: \u201cCercan\u00eda de Dios y profec\u00eda para el pueblo\u201d"}]},{"@type":"WebSite","@id":"https:\/\/exaudi.org\/#website","url":"https:\/\/exaudi.org\/","name":"Exaudi","description":"News","potentialAction":[{"@type":"SearchAction","target":{"@type":"EntryPoint","urlTemplate":"https:\/\/exaudi.org\/?s={search_term_string}"},"query-input":{"@type":"PropertyValueSpecification","valueRequired":true,"valueName":"search_term_string"}}],"inLanguage":"es"},{"@type":"Person","@id":"https:\/\/exaudi.org\/#\/schema\/person\/f5fc8f063065e38742da7afe15f25df7","name":"Exaudi Redacci\u00f3n","image":{"@type":"ImageObject","inLanguage":"es","@id":"https:\/\/secure.gravatar.com\/avatar\/fe0f6a059fb68d9b3e11bc5850dd4899b1c7492091a3cb6dd9b01b56ad828be2?s=96&d=mm&r=g","url":"https:\/\/secure.gravatar.com\/avatar\/fe0f6a059fb68d9b3e11bc5850dd4899b1c7492091a3cb6dd9b01b56ad828be2?s=96&d=mm&r=g","contentUrl":"https:\/\/secure.gravatar.com\/avatar\/fe0f6a059fb68d9b3e11bc5850dd4899b1c7492091a3cb6dd9b01b56ad828be2?s=96&d=mm&r=g","caption":"Exaudi Redacci\u00f3n"},"description":"\u00bfQu\u00e9 es Exaudi News? Exaudi News es un medio de comunicaci\u00f3n cat\u00f3lico internacional que informa, forma y transforma, diariamente en espa\u00f1ol, ingl\u00e9s e italiano. A trav\u00e9s de noticias, art\u00edculos de an\u00e1lisis y transmisiones en directo de los eventos del Papa, Exaudi busca fortalecer la unidad de los cristianos y contribuir a la evangelizaci\u00f3n del mundo, siempre guiados por la doctrina social de la Iglesia. Trabajamos para acercar la verdad y los valores cristianos a cada rinc\u00f3n del planeta. \u00a1Ay\u00fadanos a transformar el mundo con Exaudi! En Exaudi creemos que la evangelizaci\u00f3n y la informaci\u00f3n de calidad pueden cambiar vidas. Para continuar con nuestra misi\u00f3n y expandir nuestro alcance, necesitamos tu ayuda. Adem\u00e1s, buscamos personas comprometidas que deseen unirse a nuestro equipo. Con tu apoyo, lograremos llegar a m\u00e1s personas, difundir el mensaje de Cristo y reforzar la unidad de los cristianos. \u00bfTe unes a nuestra misi\u00f3n? Para m\u00e1s informaci\u00f3n sobre c\u00f3mo colaborar, visita Exaudi.org\/es o cont\u00e1ctanos directamente: info@exaudi.org Exaudi: Informa, forma y transforma.","sameAs":["https:\/\/www.facebook.com\/ExaudiNoticias\/","https:\/\/www.instagram.com\/exaudi_noticias\/","https:\/\/x.com\/Exaudi_noticias","https:\/\/www.youtube.com\/@exaudicatholicnews"],"url":"https:\/\/exaudi.org\/es\/author\/redaccionexaudi\/"}]}},"jetpack_featured_media_url":"https:\/\/exaudi.org\/wp-content\/uploads\/2023\/02\/cq5dam.web_.800.800-12.jpeg","jetpack_shortlink":"https:\/\/wp.me\/pgKjF2-i8w","_links":{"self":[{"href":"https:\/\/exaudi.org\/es\/wp-json\/wp\/v2\/posts\/69720","targetHints":{"allow":["GET"]}}],"collection":[{"href":"https:\/\/exaudi.org\/es\/wp-json\/wp\/v2\/posts"}],"about":[{"href":"https:\/\/exaudi.org\/es\/wp-json\/wp\/v2\/types\/post"}],"author":[{"embeddable":true,"href":"https:\/\/exaudi.org\/es\/wp-json\/wp\/v2\/users\/15"}],"replies":[{"embeddable":true,"href":"https:\/\/exaudi.org\/es\/wp-json\/wp\/v2\/comments?post=69720"}],"version-history":[{"count":0,"href":"https:\/\/exaudi.org\/es\/wp-json\/wp\/v2\/posts\/69720\/revisions"}],"wp:featuredmedia":[{"embeddable":true,"href":"https:\/\/exaudi.org\/es\/wp-json\/wp\/v2\/media\/69721"}],"wp:attachment":[{"href":"https:\/\/exaudi.org\/es\/wp-json\/wp\/v2\/media?parent=69720"}],"wp:term":[{"taxonomy":"category","embeddable":true,"href":"https:\/\/exaudi.org\/es\/wp-json\/wp\/v2\/categories?post=69720"},{"taxonomy":"post_tag","embeddable":true,"href":"https:\/\/exaudi.org\/es\/wp-json\/wp\/v2\/tags?post=69720"}],"curies":[{"name":"wp","href":"https:\/\/api.w.org\/{rel}","templated":true}]}}