{"id":69521,"date":"2023-01-31T14:05:02","date_gmt":"2023-01-31T13:05:02","guid":{"rendered":"https:\/\/exaudi.org\/?p=69521"},"modified":"2023-01-31T17:11:36","modified_gmt":"2023-01-31T16:11:36","slug":"nuevo-prefecto-del-dicasterio-para-los-obispos-y-presidente-de-la-cal","status":"publish","type":"post","link":"https:\/\/exaudi.org\/es\/nuevo-prefecto-del-dicasterio-para-los-obispos-y-presidente-de-la-cal\/","title":{"rendered":"Mons. Prevost, nuevo prefecto del Dicasterio para los Obispos"},"content":{"rendered":"<audio class=\"wp-audio-shortcode\" id=\"audio-69521-1\" preload=\"none\" style=\"width: 100%;\" controls=\"controls\"><source type=\"audio\/mpeg\" src=\"https:\/\/exaudi.org\/wp-content\/uploads\/2023\/01\/Mons-Prevost-nuevo-prefecto-del-Dicasterio-para.mp3?_=1\" \/><a href=\"https:\/\/exaudi.org\/wp-content\/uploads\/2023\/01\/Mons-Prevost-nuevo-prefecto-del-Dicasterio-para.mp3\">https:\/\/exaudi.org\/wp-content\/uploads\/2023\/01\/Mons-Prevost-nuevo-prefecto-del-Dicasterio-para.mp3<\/a><\/audio>\n<p>El Papa Francisco ha nombrado nuevo prefecto del <a href=\"https:\/\/www.vatican.va\/roman_curia\/congregations\/cbishops\/index_it.htm\" target=\"_blank\" rel=\"noopener\">Dicasterio para los Obispos<\/a> (el organismo del Vaticano que designa a los obispos en todo el mundo) a Mons. Robert Prevost, actual obispo de Chiclayo, Per\u00fa, agustino y misionero.<\/p>\n<p>Al mismo tiempo, el Santo Padre ha designado a Mons. Prevost como presidente de la <a href=\"https:\/\/www.vaticannews.va\/es\/vaticano\/news\/2023-01\/Pontificia%20Comisi%C3%B3n%20para%20Am%C3%A9rica%20Latina\" target=\"_blank\" rel=\"noopener\">Pontificia Comisi\u00f3n para Am\u00e9rica Latina<\/a> (CAL). De este modo, Francisco le otorga a Mons. Prevost el t\u00edtulo de arzobispo \u2013 obispo em\u00e9rito de Chiclayo.<\/p>\n<p>El Papa acept\u00f3 previamente la renuncia presentada, por l\u00edmite de edad (a partir de los 75 a\u00f1os), por el <a href=\"https:\/\/exaudi.org\/es\/cardenal-ouellet-exaudi-sacerdotes-espiritual-paternidad-fundamental\/\" target=\"_blank\" rel=\"noopener\">cardenal Marc Ouellet<\/a> de los cargos de prefecto del\u00a0Dicasterio para los Obispos y presidente de la CAL.<\/p>\n<p>Mons. Prevost tomar\u00e1 posesi\u00f3n de estos dos importantes cargos el pr\u00f3ximo 12 de abril de 2023.<\/p>\n<h2><strong>Dicasterio para los Obispos<\/strong><\/h2>\n<p>El propio cardenal Ouellet en abril de 2021 explic\u00f3 a <a href=\"https:\/\/www.vaticannews.va\/es\/vaticano\/news\/2021-04\/santa-sede-dicasterios-congregacion-para-clero-mision.html\" target=\"_blank\" rel=\"noopener\">Vatican News<\/a> que \u201ccada 3 a\u00f1os los obispos metropolitanos elaboran una lista de\u00a0<em>promovendis<\/em>, es decir, una lista de presb\u00edteros que podr\u00edan ser aptos para el oficio episcopal, seg\u00fan las indicaciones de los obispos de la metr\u00f3poli. La Nunciatura examina estas candidaturas a trav\u00e9s de un proceso de consulta con el pueblo de Dios, que tiene la caracter\u00edstica de la m\u00e1xima confidencialidad. En el proceso de consulta se pide estricta confidencialidad a las personas consultadas para garantizar la veracidad de la informaci\u00f3n y, sobre todo, para proteger la reputaci\u00f3n de la persona estudiada. Una vez identificados los mejores perfiles para atender las necesidades del momento, los transmite a la Santa Sede. Ella, a trav\u00e9s de la Congregaci\u00f3n para los Obispos, examina las candidaturas a la luz de los criterios generales y, con la ayuda de una asamblea de miembros designados por el Santo Padre, actualmente 23 cardenales y obispos de todo el mundo, realiza la evaluaci\u00f3n final que ser\u00e1 ofrecida al Papa para su decisi\u00f3n definitiva\u201d.<\/p>\n<p>\u201cLa tarea que la Iglesia conf\u00eda a este dicasterio es la de ayudar al Santo Padre a decidir. El nuestro es, pues, un discernimiento previo. En cuanto a esta \u2018primera etapap, puedo resumir esta enorme trabajo en tres verbos: orar, consultar, verificar. Orar: la oraci\u00f3n como primera y \u00faltima acci\u00f3n, como acto inicial y final de confiar nuestras intenciones al Padre Celestial; no es casualidad que al centro de las oficinas de la Congregaci\u00f3n est\u00e9 la Capilla con el Sant\u00edsimo Sacramento. Cada vez que caminamos por los pasillos, nos encontramos ante esta misteriosa Presencia a la que hay que remitir toda acci\u00f3n. Consultar: la fase preparatoria de la que nos ocupamos llega a su punto \u00e1lgido despu\u00e9s de un intenso trabajo con m\u00e9todo sinodal: consultas al pueblo de Dios, a los nuncios, a los miembros de la Asamblea Plenaria; es la s\u00edntesis de todo ello lo que llega a la mesa del Papa. Verificar: es decir, intentar llegar a la mayor certeza posible de que la persona identificada tenga las caracter\u00edsticas requeridas\u201d, describi\u00f3 el purpurado.<\/p>\n<h2><strong>Mons. Robert Prevost <\/strong><\/h2>\n<p>De acuerdo a la Conferencia Episcopal Peruana, naci\u00f3 el 14 de Setiembre de 1955 en Chicago (Illinois, Estados Unidos). De los 18 hasta los 22 a\u00f1os, estudi\u00f3 en Villanova University (Pennsylvania). El 1 de Setiembre de ese mismo a\u00f1o ingres\u00f3 al noviciado de la Orden de San Agust\u00edn (O.S.A.).<\/p>\n<p>El 29 de agosto de 1981, profes\u00f3 los votos solemnes. Durante aquellos a\u00f1os estudi\u00f3, en la <em>Catholic Theological Union<\/em> (Chicago), llegando a graduarse con el t\u00edtulo de <em>Master of Divinity<\/em> (Teolog\u00eda), con menci\u00f3n en Misi\u00f3n Intercultural (1982). En 1987, obtuvo el grado de doctor en Teolog\u00eda.<\/p>\n<p>En 1988, fue enviado a la misi\u00f3n de Trujillo, para ser el director del proyecto de formaci\u00f3n com\u00fan de los aspirantes agustinos de los Vicariatos de Chulucanas, Iquitos y Apur\u00edmac. All\u00ed se desempe\u00f1\u00f3 como prior de la Comunidad (1988-1992), director de formaci\u00f3n (1988-1998) y maestro de profesos (1992-1998).<\/p>\n<p>Tras esos 11 a\u00f1os en Trujillo, regres\u00f3 a los Estados Unidos porque fue elegido (en 1999) prior provincial de su Provincia \u201cMadre del Buen Consejo\u201d (Chicago). Despu\u00e9s de dos a\u00f1os y medio, el Cap\u00edtulo General Ordinario lo eligi\u00f3 prior general, ministerio que la Orden le volvi\u00f3 a confiar en 2007. De esta manera, fue responsable de los procesos de planificaci\u00f3n y direcci\u00f3n de la orden agustina a nivel mundial.<\/p>\n<p>El Papa Francisco lo nombr\u00f3, el 3 de noviembre de 2014, administrador apost\u00f3lico de la di\u00f3cesis de Chiclayo (Per\u00fa), elev\u00e1ndolo a la dignidad episcopal como obispo titular de Sufar. El 7 de noviembre tom\u00f3 posesi\u00f3n can\u00f3nica de la di\u00f3cesis. Fue ordenado obispo de Chiclayo el 12 de diciembre de 2014.<\/p>\n<p>El 15 de abril de 2020, el actual Pont\u00edfice lo nombr\u00f3 administrador apost\u00f3lico de la di\u00f3cesis del Callao.<\/p>\n<p>En la Santa Sede, Monse\u00f1or Prevost es miembro de la Congregaci\u00f3n para los Obispos y de la Congregaci\u00f3n para el Clero.<\/p>\n","protected":false},"excerpt":{"rendered":"<p>Dirigir\u00e1 el organismo del Vaticano que designa a los obispos en todo el mundo<\/p>\n","protected":false},"author":15,"featured_media":69540,"comment_status":"closed","ping_status":"closed","sticky":false,"template":"","format":"standard","meta":{"_acf_changed":false,"_crdt_document":"","inline_featured_image":false,"footnotes":""},"categories":[132],"tags":[5534,602,158,945,8299,8298,4953],"class_list":["post-69521","post","type-post","status-publish","format-standard","has-post-thumbnail","hentry","category-vaticano-es","tag-dicasterio","tag-obispos","tag-papa-francisco","tag-peru","tag-prefecto","tag-robert-francis-prevost","tag-trending-es"],"acf":[],"yoast_head":"<!-- This site is optimized with the Yoast SEO plugin v27.5 - https:\/\/yoast.com\/product\/yoast-seo-wordpress\/ -->\n<title>Mons. Prevost, nuevo prefecto del Dicasterio para los Obispos &#8211; Exaudi<\/title>\n<meta name=\"description\" content=\"El Papa Francisco ha nombrado nuevo prefecto del Dicasterio para los Obispos a Monse\u00f1or Robert Prevost, actual obispo de Chiclayo, Per\u00fa\" \/>\n<meta name=\"robots\" content=\"index, follow, max-snippet:-1, max-image-preview:large, max-video-preview:-1\" \/>\n<link rel=\"canonical\" href=\"https:\/\/exaudi.org\/es\/nuevo-prefecto-del-dicasterio-para-los-obispos-y-presidente-de-la-cal\/\" \/>\n<meta property=\"og:locale\" content=\"es_ES\" \/>\n<meta property=\"og:type\" content=\"article\" \/>\n<meta property=\"og:title\" content=\"Mons. Prevost, nuevo prefecto del Dicasterio para los Obispos &#8211; Exaudi\" \/>\n<meta property=\"og:description\" content=\"El Papa Francisco ha nombrado nuevo prefecto del Dicasterio para los Obispos a Monse\u00f1or Robert Prevost, actual obispo de Chiclayo, Per\u00fa\" \/>\n<meta property=\"og:url\" content=\"https:\/\/exaudi.org\/es\/nuevo-prefecto-del-dicasterio-para-los-obispos-y-presidente-de-la-cal\/\" \/>\n<meta property=\"og:site_name\" content=\"Exaudi\" \/>\n<meta property=\"article:publisher\" content=\"https:\/\/www.facebook.com\/ExaudiNews\" \/>\n<meta property=\"article:author\" content=\"https:\/\/www.facebook.com\/ExaudiNoticias\/\" \/>\n<meta property=\"article:published_time\" content=\"2023-01-31T13:05:02+00:00\" \/>\n<meta property=\"article:modified_time\" content=\"2023-01-31T16:11:36+00:00\" \/>\n<meta property=\"og:image\" content=\"https:\/\/exaudi.org\/wp-content\/uploads\/2023\/01\/Vatica.jpeg\" \/>\n\t<meta property=\"og:image:width\" content=\"1280\" \/>\n\t<meta property=\"og:image:height\" content=\"720\" \/>\n\t<meta property=\"og:image:type\" content=\"image\/jpeg\" \/>\n<meta name=\"author\" content=\"Exaudi Redacci\u00f3n\" \/>\n<meta name=\"twitter:card\" content=\"summary_large_image\" \/>\n<meta name=\"twitter:creator\" content=\"@Exaudi_noticias\" \/>\n<meta name=\"twitter:site\" content=\"@Exaudi_News\" \/>\n<meta name=\"twitter:label1\" content=\"Escrito por\" \/>\n\t<meta name=\"twitter:data1\" content=\"Exaudi Redacci\u00f3n\" \/>\n\t<meta name=\"twitter:label2\" content=\"Tiempo de lectura\" \/>\n\t<meta name=\"twitter:data2\" content=\"4 minutos\" \/>\n<script type=\"application\/ld+json\" class=\"yoast-schema-graph\">{\"@context\":\"https:\\\/\\\/schema.org\",\"@graph\":[{\"@type\":\"Article\",\"@id\":\"https:\\\/\\\/exaudi.org\\\/es\\\/nuevo-prefecto-del-dicasterio-para-los-obispos-y-presidente-de-la-cal\\\/#article\",\"isPartOf\":{\"@id\":\"https:\\\/\\\/exaudi.org\\\/es\\\/nuevo-prefecto-del-dicasterio-para-los-obispos-y-presidente-de-la-cal\\\/\"},\"author\":{\"name\":\"Exaudi Redacci\u00f3n\",\"@id\":\"https:\\\/\\\/exaudi.org\\\/#\\\/schema\\\/person\\\/f5fc8f063065e38742da7afe15f25df7\"},\"headline\":\"Mons. Prevost, nuevo prefecto del Dicasterio para los Obispos\",\"datePublished\":\"2023-01-31T13:05:02+00:00\",\"dateModified\":\"2023-01-31T16:11:36+00:00\",\"mainEntityOfPage\":{\"@id\":\"https:\\\/\\\/exaudi.org\\\/es\\\/nuevo-prefecto-del-dicasterio-para-los-obispos-y-presidente-de-la-cal\\\/\"},\"wordCount\":846,\"image\":{\"@id\":\"https:\\\/\\\/exaudi.org\\\/es\\\/nuevo-prefecto-del-dicasterio-para-los-obispos-y-presidente-de-la-cal\\\/#primaryimage\"},\"thumbnailUrl\":\"https:\\\/\\\/exaudi.org\\\/wp-content\\\/uploads\\\/2023\\\/01\\\/Vatica.jpeg\",\"keywords\":[\"Dicasterio\",\"obispos\",\"papa francisco\",\"Per\u00fa\",\"Prefecto\",\"Robert Francis Prevost\",\"Trending\"],\"articleSection\":[\"Vaticano\"],\"inLanguage\":\"es\"},{\"@type\":\"WebPage\",\"@id\":\"https:\\\/\\\/exaudi.org\\\/es\\\/nuevo-prefecto-del-dicasterio-para-los-obispos-y-presidente-de-la-cal\\\/\",\"url\":\"https:\\\/\\\/exaudi.org\\\/es\\\/nuevo-prefecto-del-dicasterio-para-los-obispos-y-presidente-de-la-cal\\\/\",\"name\":\"Mons. Prevost, nuevo prefecto del Dicasterio para los Obispos &#8211; Exaudi\",\"isPartOf\":{\"@id\":\"https:\\\/\\\/exaudi.org\\\/#website\"},\"primaryImageOfPage\":{\"@id\":\"https:\\\/\\\/exaudi.org\\\/es\\\/nuevo-prefecto-del-dicasterio-para-los-obispos-y-presidente-de-la-cal\\\/#primaryimage\"},\"image\":{\"@id\":\"https:\\\/\\\/exaudi.org\\\/es\\\/nuevo-prefecto-del-dicasterio-para-los-obispos-y-presidente-de-la-cal\\\/#primaryimage\"},\"thumbnailUrl\":\"https:\\\/\\\/exaudi.org\\\/wp-content\\\/uploads\\\/2023\\\/01\\\/Vatica.jpeg\",\"datePublished\":\"2023-01-31T13:05:02+00:00\",\"dateModified\":\"2023-01-31T16:11:36+00:00\",\"author\":{\"@id\":\"https:\\\/\\\/exaudi.org\\\/#\\\/schema\\\/person\\\/f5fc8f063065e38742da7afe15f25df7\"},\"description\":\"El Papa Francisco ha nombrado nuevo prefecto del Dicasterio para los Obispos a Monse\u00f1or Robert Prevost, actual obispo de Chiclayo, Per\u00fa\",\"breadcrumb\":{\"@id\":\"https:\\\/\\\/exaudi.org\\\/es\\\/nuevo-prefecto-del-dicasterio-para-los-obispos-y-presidente-de-la-cal\\\/#breadcrumb\"},\"inLanguage\":\"es\",\"potentialAction\":[{\"@type\":\"ReadAction\",\"target\":[\"https:\\\/\\\/exaudi.org\\\/es\\\/nuevo-prefecto-del-dicasterio-para-los-obispos-y-presidente-de-la-cal\\\/\"]}]},{\"@type\":\"ImageObject\",\"inLanguage\":\"es\",\"@id\":\"https:\\\/\\\/exaudi.org\\\/es\\\/nuevo-prefecto-del-dicasterio-para-los-obispos-y-presidente-de-la-cal\\\/#primaryimage\",\"url\":\"https:\\\/\\\/exaudi.org\\\/wp-content\\\/uploads\\\/2023\\\/01\\\/Vatica.jpeg\",\"contentUrl\":\"https:\\\/\\\/exaudi.org\\\/wp-content\\\/uploads\\\/2023\\\/01\\\/Vatica.jpeg\",\"width\":1280,\"height\":720,\"caption\":\"Mons. Robert Prevost saluda al Papa Francisco \u00a9 Vatican Media\"},{\"@type\":\"BreadcrumbList\",\"@id\":\"https:\\\/\\\/exaudi.org\\\/es\\\/nuevo-prefecto-del-dicasterio-para-los-obispos-y-presidente-de-la-cal\\\/#breadcrumb\",\"itemListElement\":[{\"@type\":\"ListItem\",\"position\":1,\"name\":\"Portada\",\"item\":\"https:\\\/\\\/exaudi.org\\\/es\\\/\"},{\"@type\":\"ListItem\",\"position\":2,\"name\":\"Mons. Prevost, nuevo prefecto del Dicasterio para los Obispos\"}]},{\"@type\":\"WebSite\",\"@id\":\"https:\\\/\\\/exaudi.org\\\/#website\",\"url\":\"https:\\\/\\\/exaudi.org\\\/\",\"name\":\"Exaudi\",\"description\":\"News\",\"potentialAction\":[{\"@type\":\"SearchAction\",\"target\":{\"@type\":\"EntryPoint\",\"urlTemplate\":\"https:\\\/\\\/exaudi.org\\\/?s={search_term_string}\"},\"query-input\":{\"@type\":\"PropertyValueSpecification\",\"valueRequired\":true,\"valueName\":\"search_term_string\"}}],\"inLanguage\":\"es\"},{\"@type\":\"Person\",\"@id\":\"https:\\\/\\\/exaudi.org\\\/#\\\/schema\\\/person\\\/f5fc8f063065e38742da7afe15f25df7\",\"name\":\"Exaudi Redacci\u00f3n\",\"image\":{\"@type\":\"ImageObject\",\"inLanguage\":\"es\",\"@id\":\"https:\\\/\\\/secure.gravatar.com\\\/avatar\\\/fe0f6a059fb68d9b3e11bc5850dd4899b1c7492091a3cb6dd9b01b56ad828be2?s=96&d=mm&r=g\",\"url\":\"https:\\\/\\\/secure.gravatar.com\\\/avatar\\\/fe0f6a059fb68d9b3e11bc5850dd4899b1c7492091a3cb6dd9b01b56ad828be2?s=96&d=mm&r=g\",\"contentUrl\":\"https:\\\/\\\/secure.gravatar.com\\\/avatar\\\/fe0f6a059fb68d9b3e11bc5850dd4899b1c7492091a3cb6dd9b01b56ad828be2?s=96&d=mm&r=g\",\"caption\":\"Exaudi Redacci\u00f3n\"},\"description\":\"\u00bfQu\u00e9 es Exaudi News? Exaudi News es un medio de comunicaci\u00f3n cat\u00f3lico internacional que informa, forma y transforma, diariamente en espa\u00f1ol, ingl\u00e9s e italiano. A trav\u00e9s de noticias, art\u00edculos de an\u00e1lisis y transmisiones en directo de los eventos del Papa, Exaudi busca fortalecer la unidad de los cristianos y contribuir a la evangelizaci\u00f3n del mundo, siempre guiados por la doctrina social de la Iglesia. Trabajamos para acercar la verdad y los valores cristianos a cada rinc\u00f3n del planeta. \u00a1Ay\u00fadanos a transformar el mundo con Exaudi! En Exaudi creemos que la evangelizaci\u00f3n y la informaci\u00f3n de calidad pueden cambiar vidas. Para continuar con nuestra misi\u00f3n y expandir nuestro alcance, necesitamos tu ayuda. Adem\u00e1s, buscamos personas comprometidas que deseen unirse a nuestro equipo. Con tu apoyo, lograremos llegar a m\u00e1s personas, difundir el mensaje de Cristo y reforzar la unidad de los cristianos. \u00bfTe unes a nuestra misi\u00f3n? Para m\u00e1s informaci\u00f3n sobre c\u00f3mo colaborar, visita Exaudi.org\\\/es o cont\u00e1ctanos directamente: info@exaudi.org Exaudi: Informa, forma y transforma.\",\"sameAs\":[\"https:\\\/\\\/www.facebook.com\\\/ExaudiNoticias\\\/\",\"https:\\\/\\\/www.instagram.com\\\/exaudi_noticias\\\/\",\"https:\\\/\\\/x.com\\\/Exaudi_noticias\",\"https:\\\/\\\/www.youtube.com\\\/@exaudicatholicnews\"],\"url\":\"https:\\\/\\\/exaudi.org\\\/es\\\/author\\\/redaccionexaudi\\\/\"}]}<\/script>\n<!-- \/ Yoast SEO plugin. -->","yoast_head_json":{"title":"Mons. Prevost, nuevo prefecto del Dicasterio para los Obispos &#8211; Exaudi","description":"El Papa Francisco ha nombrado nuevo prefecto del Dicasterio para los Obispos a Monse\u00f1or Robert Prevost, actual obispo de Chiclayo, Per\u00fa","robots":{"index":"index","follow":"follow","max-snippet":"max-snippet:-1","max-image-preview":"max-image-preview:large","max-video-preview":"max-video-preview:-1"},"canonical":"https:\/\/exaudi.org\/es\/nuevo-prefecto-del-dicasterio-para-los-obispos-y-presidente-de-la-cal\/","og_locale":"es_ES","og_type":"article","og_title":"Mons. Prevost, nuevo prefecto del Dicasterio para los Obispos &#8211; Exaudi","og_description":"El Papa Francisco ha nombrado nuevo prefecto del Dicasterio para los Obispos a Monse\u00f1or Robert Prevost, actual obispo de Chiclayo, Per\u00fa","og_url":"https:\/\/exaudi.org\/es\/nuevo-prefecto-del-dicasterio-para-los-obispos-y-presidente-de-la-cal\/","og_site_name":"Exaudi","article_publisher":"https:\/\/www.facebook.com\/ExaudiNews","article_author":"https:\/\/www.facebook.com\/ExaudiNoticias\/","article_published_time":"2023-01-31T13:05:02+00:00","article_modified_time":"2023-01-31T16:11:36+00:00","og_image":[{"width":1280,"height":720,"url":"https:\/\/exaudi.org\/wp-content\/uploads\/2023\/01\/Vatica.jpeg","type":"image\/jpeg"}],"author":"Exaudi Redacci\u00f3n","twitter_card":"summary_large_image","twitter_creator":"@Exaudi_noticias","twitter_site":"@Exaudi_News","twitter_misc":{"Escrito por":"Exaudi Redacci\u00f3n","Tiempo de lectura":"4 minutos"},"schema":{"@context":"https:\/\/schema.org","@graph":[{"@type":"Article","@id":"https:\/\/exaudi.org\/es\/nuevo-prefecto-del-dicasterio-para-los-obispos-y-presidente-de-la-cal\/#article","isPartOf":{"@id":"https:\/\/exaudi.org\/es\/nuevo-prefecto-del-dicasterio-para-los-obispos-y-presidente-de-la-cal\/"},"author":{"name":"Exaudi Redacci\u00f3n","@id":"https:\/\/exaudi.org\/#\/schema\/person\/f5fc8f063065e38742da7afe15f25df7"},"headline":"Mons. Prevost, nuevo prefecto del Dicasterio para los Obispos","datePublished":"2023-01-31T13:05:02+00:00","dateModified":"2023-01-31T16:11:36+00:00","mainEntityOfPage":{"@id":"https:\/\/exaudi.org\/es\/nuevo-prefecto-del-dicasterio-para-los-obispos-y-presidente-de-la-cal\/"},"wordCount":846,"image":{"@id":"https:\/\/exaudi.org\/es\/nuevo-prefecto-del-dicasterio-para-los-obispos-y-presidente-de-la-cal\/#primaryimage"},"thumbnailUrl":"https:\/\/exaudi.org\/wp-content\/uploads\/2023\/01\/Vatica.jpeg","keywords":["Dicasterio","obispos","papa francisco","Per\u00fa","Prefecto","Robert Francis Prevost","Trending"],"articleSection":["Vaticano"],"inLanguage":"es"},{"@type":"WebPage","@id":"https:\/\/exaudi.org\/es\/nuevo-prefecto-del-dicasterio-para-los-obispos-y-presidente-de-la-cal\/","url":"https:\/\/exaudi.org\/es\/nuevo-prefecto-del-dicasterio-para-los-obispos-y-presidente-de-la-cal\/","name":"Mons. Prevost, nuevo prefecto del Dicasterio para los Obispos &#8211; Exaudi","isPartOf":{"@id":"https:\/\/exaudi.org\/#website"},"primaryImageOfPage":{"@id":"https:\/\/exaudi.org\/es\/nuevo-prefecto-del-dicasterio-para-los-obispos-y-presidente-de-la-cal\/#primaryimage"},"image":{"@id":"https:\/\/exaudi.org\/es\/nuevo-prefecto-del-dicasterio-para-los-obispos-y-presidente-de-la-cal\/#primaryimage"},"thumbnailUrl":"https:\/\/exaudi.org\/wp-content\/uploads\/2023\/01\/Vatica.jpeg","datePublished":"2023-01-31T13:05:02+00:00","dateModified":"2023-01-31T16:11:36+00:00","author":{"@id":"https:\/\/exaudi.org\/#\/schema\/person\/f5fc8f063065e38742da7afe15f25df7"},"description":"El Papa Francisco ha nombrado nuevo prefecto del Dicasterio para los Obispos a Monse\u00f1or Robert Prevost, actual obispo de Chiclayo, Per\u00fa","breadcrumb":{"@id":"https:\/\/exaudi.org\/es\/nuevo-prefecto-del-dicasterio-para-los-obispos-y-presidente-de-la-cal\/#breadcrumb"},"inLanguage":"es","potentialAction":[{"@type":"ReadAction","target":["https:\/\/exaudi.org\/es\/nuevo-prefecto-del-dicasterio-para-los-obispos-y-presidente-de-la-cal\/"]}]},{"@type":"ImageObject","inLanguage":"es","@id":"https:\/\/exaudi.org\/es\/nuevo-prefecto-del-dicasterio-para-los-obispos-y-presidente-de-la-cal\/#primaryimage","url":"https:\/\/exaudi.org\/wp-content\/uploads\/2023\/01\/Vatica.jpeg","contentUrl":"https:\/\/exaudi.org\/wp-content\/uploads\/2023\/01\/Vatica.jpeg","width":1280,"height":720,"caption":"Mons. Robert Prevost saluda al Papa Francisco \u00a9 Vatican Media"},{"@type":"BreadcrumbList","@id":"https:\/\/exaudi.org\/es\/nuevo-prefecto-del-dicasterio-para-los-obispos-y-presidente-de-la-cal\/#breadcrumb","itemListElement":[{"@type":"ListItem","position":1,"name":"Portada","item":"https:\/\/exaudi.org\/es\/"},{"@type":"ListItem","position":2,"name":"Mons. Prevost, nuevo prefecto del Dicasterio para los Obispos"}]},{"@type":"WebSite","@id":"https:\/\/exaudi.org\/#website","url":"https:\/\/exaudi.org\/","name":"Exaudi","description":"News","potentialAction":[{"@type":"SearchAction","target":{"@type":"EntryPoint","urlTemplate":"https:\/\/exaudi.org\/?s={search_term_string}"},"query-input":{"@type":"PropertyValueSpecification","valueRequired":true,"valueName":"search_term_string"}}],"inLanguage":"es"},{"@type":"Person","@id":"https:\/\/exaudi.org\/#\/schema\/person\/f5fc8f063065e38742da7afe15f25df7","name":"Exaudi Redacci\u00f3n","image":{"@type":"ImageObject","inLanguage":"es","@id":"https:\/\/secure.gravatar.com\/avatar\/fe0f6a059fb68d9b3e11bc5850dd4899b1c7492091a3cb6dd9b01b56ad828be2?s=96&d=mm&r=g","url":"https:\/\/secure.gravatar.com\/avatar\/fe0f6a059fb68d9b3e11bc5850dd4899b1c7492091a3cb6dd9b01b56ad828be2?s=96&d=mm&r=g","contentUrl":"https:\/\/secure.gravatar.com\/avatar\/fe0f6a059fb68d9b3e11bc5850dd4899b1c7492091a3cb6dd9b01b56ad828be2?s=96&d=mm&r=g","caption":"Exaudi Redacci\u00f3n"},"description":"\u00bfQu\u00e9 es Exaudi News? Exaudi News es un medio de comunicaci\u00f3n cat\u00f3lico internacional que informa, forma y transforma, diariamente en espa\u00f1ol, ingl\u00e9s e italiano. A trav\u00e9s de noticias, art\u00edculos de an\u00e1lisis y transmisiones en directo de los eventos del Papa, Exaudi busca fortalecer la unidad de los cristianos y contribuir a la evangelizaci\u00f3n del mundo, siempre guiados por la doctrina social de la Iglesia. Trabajamos para acercar la verdad y los valores cristianos a cada rinc\u00f3n del planeta. \u00a1Ay\u00fadanos a transformar el mundo con Exaudi! En Exaudi creemos que la evangelizaci\u00f3n y la informaci\u00f3n de calidad pueden cambiar vidas. Para continuar con nuestra misi\u00f3n y expandir nuestro alcance, necesitamos tu ayuda. Adem\u00e1s, buscamos personas comprometidas que deseen unirse a nuestro equipo. Con tu apoyo, lograremos llegar a m\u00e1s personas, difundir el mensaje de Cristo y reforzar la unidad de los cristianos. \u00bfTe unes a nuestra misi\u00f3n? Para m\u00e1s informaci\u00f3n sobre c\u00f3mo colaborar, visita Exaudi.org\/es o cont\u00e1ctanos directamente: info@exaudi.org Exaudi: Informa, forma y transforma.","sameAs":["https:\/\/www.facebook.com\/ExaudiNoticias\/","https:\/\/www.instagram.com\/exaudi_noticias\/","https:\/\/x.com\/Exaudi_noticias","https:\/\/www.youtube.com\/@exaudicatholicnews"],"url":"https:\/\/exaudi.org\/es\/author\/redaccionexaudi\/"}]}},"jetpack_featured_media_url":"https:\/\/exaudi.org\/wp-content\/uploads\/2023\/01\/Vatica.jpeg","jetpack_shortlink":"https:\/\/wp.me\/pgKjF2-i5j","_links":{"self":[{"href":"https:\/\/exaudi.org\/es\/wp-json\/wp\/v2\/posts\/69521","targetHints":{"allow":["GET"]}}],"collection":[{"href":"https:\/\/exaudi.org\/es\/wp-json\/wp\/v2\/posts"}],"about":[{"href":"https:\/\/exaudi.org\/es\/wp-json\/wp\/v2\/types\/post"}],"author":[{"embeddable":true,"href":"https:\/\/exaudi.org\/es\/wp-json\/wp\/v2\/users\/15"}],"replies":[{"embeddable":true,"href":"https:\/\/exaudi.org\/es\/wp-json\/wp\/v2\/comments?post=69521"}],"version-history":[{"count":0,"href":"https:\/\/exaudi.org\/es\/wp-json\/wp\/v2\/posts\/69521\/revisions"}],"wp:featuredmedia":[{"embeddable":true,"href":"https:\/\/exaudi.org\/es\/wp-json\/wp\/v2\/media\/69540"}],"wp:attachment":[{"href":"https:\/\/exaudi.org\/es\/wp-json\/wp\/v2\/media?parent=69521"}],"wp:term":[{"taxonomy":"category","embeddable":true,"href":"https:\/\/exaudi.org\/es\/wp-json\/wp\/v2\/categories?post=69521"},{"taxonomy":"post_tag","embeddable":true,"href":"https:\/\/exaudi.org\/es\/wp-json\/wp\/v2\/tags?post=69521"}],"curies":[{"name":"wp","href":"https:\/\/api.w.org\/{rel}","templated":true}]}}