{"id":69323,"date":"2023-01-28T11:47:56","date_gmt":"2023-01-28T10:47:56","guid":{"rendered":"https:\/\/exaudi.org\/?p=69323"},"modified":"2023-01-28T11:47:56","modified_gmt":"2023-01-28T10:47:56","slug":"hoy-comienza-el-encuentro-nacional-de-pastoral-social-en-washington","status":"publish","type":"post","link":"https:\/\/exaudi.org\/es\/hoy-comienza-el-encuentro-nacional-de-pastoral-social-en-washington\/","title":{"rendered":"Hoy comienza el Encuentro nacional de Pastoral Social en Washington"},"content":{"rendered":"<p>Hoy da comienzo en Washington, DC, el Encuentro Cat\u00f3lico de Pastoral Social, CSMG, por sus siglas en ingl\u00e9s, que se desarrolla ya por 30 a\u00f1os. Finalizar\u00e1 el martes 31 de enero. El mismo es organizado por el Departamento de Justicia, Paz y Desarrollo Humano del Episcopado de Estados Unidos, en colaboraci\u00f3n con otros 10 departamentos de dicha instituci\u00f3n y 20 organizaciones cat\u00f3licas nacionales.<\/p>\n<p>M\u00e1s de 500 l\u00edderes nacionales se re\u00fanen provenientes de todo el pa\u00eds, para hacer frente a los apremiantes desaf\u00edos sociales actuales, tanto nacionales como mundiales. El Encuentro Cat\u00f3lico de Pastoral Social ofrece una excelente oportunidad para que los l\u00edderes cat\u00f3licos se conecten, conozcan numerosos emprendimientos sociales que desarrollan instituciones de la Iglesia, profundicen sus conocimientos sobre la Doctrina Social de la Iglesia y la realidad en la pr\u00e1ctica, oren comunitariamente y aboguen por los derechos de los m\u00e1s vulnerables.<\/p>\n<p><strong>El tema social para la Iglesia siempre fue esencial<\/strong><\/p>\n<figure id=\"attachment_69315\" aria-describedby=\"caption-attachment-69315\" style=\"width: 700px\" class=\"wp-caption alignleft\"><img loading=\"lazy\" decoding=\"async\" class=\"size-full wp-image-69315\" src=\"https:\/\/exaudi.org\/wp-content\/uploads\/2023\/01\/Francisco-Lampedusa.jpeg\" alt=\"(C) Vatican Media\" width=\"700\" height=\"394\" srcset=\"https:\/\/exaudi.org\/wp-content\/uploads\/2023\/01\/Francisco-Lampedusa.jpeg 700w, https:\/\/exaudi.org\/wp-content\/uploads\/2023\/01\/Francisco-Lampedusa-300x169.jpeg 300w, https:\/\/exaudi.org\/wp-content\/uploads\/2023\/01\/Francisco-Lampedusa-500x281.jpeg 500w, https:\/\/exaudi.org\/wp-content\/uploads\/2023\/01\/Francisco-Lampedusa-293x165.jpeg 293w, https:\/\/exaudi.org\/wp-content\/uploads\/2023\/01\/Francisco-Lampedusa-390x220.jpeg 390w\" sizes=\"auto, (max-width: 700px) 100vw, 700px\" \/><figcaption id=\"caption-attachment-69315\" class=\"wp-caption-text\">(C) AFP\/Getty Images<\/figcaption><\/figure>\n<p>&nbsp;<\/p>\n<p>Si bien el tema social siempre tuvo importancia para la Iglesia, desde la proclamaci\u00f3n de la enc\u00edclica Rerum novarum por el Papa Le\u00f3n XIII, en 1891, el tema cobra relevancia \u201coficial\u201d de primer nivel. El Papa Franciso le otorga una especial transcendencia ya desde la elecci\u00f3n de su nombre como papa. Su primer viaje como pont\u00edfice fue a la isla Lampedusa, al sur de Italia, adonde llegan africanos escapando de las miserias de sus lugares de origen, en pos de una mejor suerte. Muchos mueren en el intento. Con este viaje el Papa Francisco pretendi\u00f3 mostrar al mundo la importancia que le da a la dignidad de los m\u00e1s necesitados.<\/p>\n<p><strong>Debe haber coherencia entre espiritualidad y compromiso social<\/strong><\/p>\n<p>A trav\u00e9s de sus documentos magisteriales fue sellando con m\u00e1s precisi\u00f3n el esp\u00edritu cristiano del compromiso social. Evangelii gaudium, Laudato SI, Fratelli tutti, y hasta Gaudete et exsultate, exhortaci\u00f3n apost\u00f3lica sobre la santidad, marcan el rumbo sobre la coherencia que debe haber entre una profunda espiritualidad y un compromiso radical con la dignidad de nuestros hermanos.<\/p>\n<p>El Papa Francisco expresa en Gaudete et exsultate: \u201cPor lo tanto, ser santos no significa blanquear los ojos en un supuesto e\u0301xtasis. Deci\u0301a san Juan Pablo II que \u2018si verdaderamente hemos partido de la contemplacio\u0301n de Cristo, tenemos que saberlo descubrir sobre todo en el rostro de aquellos con los que e\u0301l mismo ha querido identificarse\u2019\u201d GE 96.<\/p>\n<p><strong>CSMG 2023\u00a0 <\/strong><\/p>\n<figure id=\"attachment_69312\" aria-describedby=\"caption-attachment-69312\" style=\"width: 1000px\" class=\"wp-caption alignleft\"><img loading=\"lazy\" decoding=\"async\" class=\"size-full wp-image-69312\" src=\"https:\/\/exaudi.org\/wp-content\/uploads\/2023\/01\/Obispo-Mario-Dorsonville.jpeg\" alt=\"\" width=\"1000\" height=\"715\" srcset=\"https:\/\/exaudi.org\/wp-content\/uploads\/2023\/01\/Obispo-Mario-Dorsonville.jpeg 1000w, https:\/\/exaudi.org\/wp-content\/uploads\/2023\/01\/Obispo-Mario-Dorsonville-300x215.jpeg 300w, https:\/\/exaudi.org\/wp-content\/uploads\/2023\/01\/Obispo-Mario-Dorsonville-770x551.jpeg 770w, https:\/\/exaudi.org\/wp-content\/uploads\/2023\/01\/Obispo-Mario-Dorsonville-500x358.jpeg 500w, https:\/\/exaudi.org\/wp-content\/uploads\/2023\/01\/Obispo-Mario-Dorsonville-293x209.jpeg 293w, https:\/\/exaudi.org\/wp-content\/uploads\/2023\/01\/Obispo-Mario-Dorsonville-390x279.jpeg 390w\" sizes=\"auto, (max-width: 1000px) 100vw, 1000px\" \/><figcaption id=\"caption-attachment-69312\" class=\"wp-caption-text\">Washington Auxiliary Bishop Mario E. Dorsonville, chairman of the U.S. bishops&#8217; migration committee, is seen at The Catholic University of America in Washington Oct. 5, 2019. (CNS photo\/Javier Diaz, Catholic Standard)<\/figcaption><\/figure>\n<p>El tema del encuentro CSMG de este a\u00f1o es \u00ab<strong>Bienaventurados los pacificadores<\/strong>\u00bb (Mt 5:9). Los participantes explorar\u00e1n el llamado de la Iglesia cat\u00f3lica a responder a los signos de los tiempos reflexionando de forma creativa y audaz para crear oportunidades de sanaci\u00f3n y encuentro renovado.<\/p>\n<p>Entre las cuestiones que se debatir\u00e1n figuran las que afectan tanto a las familias como a las comunidades en general: el cambio clim\u00e1tico, la justicia racial, la violencia armada, la violencia en Ucrania, la consolidaci\u00f3n de la paz, la migraci\u00f3n, el hambre, la justicia reparadora y la pobreza.<\/p>\n<p>Los participantes concluir\u00e1n el \u00faltimo d\u00eda del encuentro con una visita al Capitolio, donde visitar\u00e1n las oficinas de sus cargos electos. El programa del CSMG 2023 incluir\u00e1 ofertas para l\u00edderes hispanos\/latinos que desempe\u00f1an un papel importante en la formaci\u00f3n de disc\u00edpulos en misi\u00f3n en sus comunidades.<\/p>\n<p><strong>Aportes de personalidades<\/strong><\/p>\n<p>Diversas personalidades dar\u00e1n su aporte, de entre ellas Mons. William E. Lori, arzobispo de Baltimore, quien hablar\u00e1 sobre la iniciativa \u00abCaminando con las madres necesitadas\u00bb, y compartir\u00e1 sobre la labor local de lucha contra el racismo y de apoyo a los inmigrantes. Tambi\u00e9n estar\u00e1 presente Mons. Gustavo Garc\u00eda-Siller, arzobispo de San Antonio, quien intervendr\u00e1 en un debate plenario sobre la colaboraci\u00f3n con COPS\/Metro, financiada por la Campa\u00f1a Cat\u00f3lica para el Desarrollo Humano, para responder al mortal tiroteo en una escuela de Uvalde (Texas). El arzobispo Garc\u00eda-Siller fue presidente del Comit\u00e9 de la USCCB sobre Diversidad Cultural en la Iglesia.<\/p>\n<p>Mons. Mario E. Dorsonville, obispo auxiliar de Washington, disertar\u00e1 sobre c\u00f3mo podemos articular la voz de la Iglesia en la construcci\u00f3n de la paz y responder con amor a los hermanos y hermanas desplazados, migrantes y necesitados de acogida en un nuevo hogar, como parte de un debate plenario. El obispo Dorsonville fue presidente del Comit\u00e9 de Migraci\u00f3n de la USCCB y actualmente es miembro del Comit\u00e9 de Justicia Dom\u00e9stica y Desarrollo Humano, del Comit\u00e9 de Migraci\u00f3n, del Comit\u00e9 de Libertad Religiosa y del Comit\u00e9 Ad Hoc contra el Racismo.<\/p>\n<figure id=\"attachment_69309\" aria-describedby=\"caption-attachment-69309\" style=\"width: 670px\" class=\"wp-caption alignleft\"><img loading=\"lazy\" decoding=\"async\" class=\"size-full wp-image-69309\" src=\"https:\/\/exaudi.org\/wp-content\/uploads\/2023\/01\/Hna.-Norma-Pimentel-Foto-Nuestra-voz.jpeg\" alt=\"\" width=\"670\" height=\"503\" srcset=\"https:\/\/exaudi.org\/wp-content\/uploads\/2023\/01\/Hna.-Norma-Pimentel-Foto-Nuestra-voz.jpeg 670w, https:\/\/exaudi.org\/wp-content\/uploads\/2023\/01\/Hna.-Norma-Pimentel-Foto-Nuestra-voz-300x225.jpeg 300w, https:\/\/exaudi.org\/wp-content\/uploads\/2023\/01\/Hna.-Norma-Pimentel-Foto-Nuestra-voz-500x375.jpeg 500w, https:\/\/exaudi.org\/wp-content\/uploads\/2023\/01\/Hna.-Norma-Pimentel-Foto-Nuestra-voz-293x220.jpeg 293w, https:\/\/exaudi.org\/wp-content\/uploads\/2023\/01\/Hna.-Norma-Pimentel-Foto-Nuestra-voz-390x293.jpeg 390w\" sizes=\"auto, (max-width: 670px) 100vw, 670px\" \/><figcaption id=\"caption-attachment-69309\" class=\"wp-caption-text\">Sister Norma Pimentel, executive director of Catholic Charities of the Rio Grande Valley, is pictured in an undated photo holding her her godchild at the migrant camp in Matamoros, Mexico, during the COVID-19 pandemic. The baby&#8217;s birth, like most births at the camp, posed a risk to the mother and baby, as medical attention is not a given. (CNS photo\/courtesy Sister Norma Pimentel)<\/figcaption><\/figure>\n<p>Por su parte, la Hna. Norma Pimentel, M.J., directora ejecutiva de Caridades Cat\u00f3licas del Valle del R\u00edo Grande, compartir\u00e1 acerca del apoyo de la Iglesia a mujeres y ni\u00f1os a trav\u00e9s del acompa\u00f1amiento a migrantes y refugiados en la frontera sur. La Hna. Pimentel, supervisa el brazo caritativo de la Di\u00f3cesis de Brownsville, Texas, coordinando diferentes ministerios y servicios en el Valle del R\u00edo Grande a trav\u00e9s de asistencia de emergencia, prevenci\u00f3n de la falta de vivienda, asesoramiento cl\u00ednico, atenci\u00f3n a embarazadas, programas de alimentaci\u00f3n y ayuda humanitaria a inmigrantes.<\/p>\n<p><strong>Temas pr\u00e1cticos<\/strong><\/p>\n<p>El evento tiene lugar en el hotel Hyatt Regency, en Washington, DC, ubicado en 400 New Jersey Avenue, NW, Washington D.C., 20001. Es posible registrarse al llegar al lugar del encuentro.<\/p>\n<p>Las actualizaciones en directo se compartir\u00e1n a lo largo del CSMG en Twitter por @USCCBLive y #CSMG23. M\u00e1s informaci\u00f3n se puede obtener a trav\u00e9s del enlace <a href=\"http:\/\/www.catholicsocialministrygathering.org\">www.catholicsocialministrygathering.org<\/a>.<\/p>\n","protected":false},"excerpt":{"rendered":"<p>Organizado por el Episcopado de EEUU y re\u00fane a los principales l\u00edderes sociales del pa\u00eds<\/p>\n","protected":false},"author":41,"featured_media":69322,"comment_status":"closed","ping_status":"closed","sticky":false,"template":"","format":"standard","meta":{"_acf_changed":false,"_crdt_document":"","inline_featured_image":false,"footnotes":""},"categories":[74],"tags":[2501,8273,4953,8274],"class_list":["post-69323","post","type-post","status-publish","format-standard","has-post-thumbnail","hentry","category-iglesia-y-mundo","tag-conferencia-de-obispos-catolicos-de-estados-unidos-usccb","tag-encuentro-nacional-de-pastoral-social","tag-trending-es","tag-washington-2"],"acf":[],"yoast_head":"<!-- This site is optimized with the Yoast SEO plugin v27.5 - https:\/\/yoast.com\/product\/yoast-seo-wordpress\/ -->\n<title>Hoy comienza el Encuentro nacional de Pastoral Social en Washington &#8211; Exaudi<\/title>\n<meta name=\"robots\" content=\"index, follow, max-snippet:-1, max-image-preview:large, max-video-preview:-1\" \/>\n<link rel=\"canonical\" href=\"https:\/\/exaudi.org\/es\/hoy-comienza-el-encuentro-nacional-de-pastoral-social-en-washington\/\" \/>\n<meta property=\"og:locale\" content=\"es_ES\" \/>\n<meta property=\"og:type\" content=\"article\" \/>\n<meta property=\"og:title\" content=\"Hoy comienza el Encuentro nacional de Pastoral Social en Washington &#8211; Exaudi\" \/>\n<meta property=\"og:description\" content=\"Organizado por el Episcopado de EEUU y re\u00fane a los principales l\u00edderes sociales del pa\u00eds\" \/>\n<meta property=\"og:url\" content=\"https:\/\/exaudi.org\/es\/hoy-comienza-el-encuentro-nacional-de-pastoral-social-en-washington\/\" \/>\n<meta property=\"og:site_name\" content=\"Exaudi\" \/>\n<meta property=\"article:publisher\" content=\"https:\/\/www.facebook.com\/ExaudiNews\" \/>\n<meta property=\"article:published_time\" content=\"2023-01-28T10:47:56+00:00\" \/>\n<meta property=\"og:image\" content=\"https:\/\/exaudi.org\/wp-content\/uploads\/2023\/01\/Sin-titulo-1-2.jpg\" \/>\n\t<meta property=\"og:image:width\" content=\"1049\" \/>\n\t<meta property=\"og:image:height\" content=\"563\" \/>\n\t<meta property=\"og:image:type\" content=\"image\/jpeg\" \/>\n<meta name=\"author\" content=\"Enrique Soros\" \/>\n<meta name=\"twitter:card\" content=\"summary_large_image\" \/>\n<meta name=\"twitter:creator\" content=\"@Exaudi_News\" \/>\n<meta name=\"twitter:site\" content=\"@Exaudi_News\" \/>\n<meta name=\"twitter:label1\" content=\"Escrito por\" \/>\n\t<meta name=\"twitter:data1\" content=\"Enrique Soros\" \/>\n\t<meta name=\"twitter:label2\" content=\"Tiempo de lectura\" \/>\n\t<meta name=\"twitter:data2\" content=\"6 minutos\" \/>\n<script type=\"application\/ld+json\" class=\"yoast-schema-graph\">{\"@context\":\"https:\\\/\\\/schema.org\",\"@graph\":[{\"@type\":\"Article\",\"@id\":\"https:\\\/\\\/exaudi.org\\\/es\\\/hoy-comienza-el-encuentro-nacional-de-pastoral-social-en-washington\\\/#article\",\"isPartOf\":{\"@id\":\"https:\\\/\\\/exaudi.org\\\/es\\\/hoy-comienza-el-encuentro-nacional-de-pastoral-social-en-washington\\\/\"},\"author\":{\"name\":\"Enrique Soros\",\"@id\":\"https:\\\/\\\/exaudi.org\\\/#\\\/schema\\\/person\\\/b562feb21279ee01cdb5c8cd58ac4e33\"},\"headline\":\"Hoy comienza el Encuentro nacional de Pastoral Social en Washington\",\"datePublished\":\"2023-01-28T10:47:56+00:00\",\"mainEntityOfPage\":{\"@id\":\"https:\\\/\\\/exaudi.org\\\/es\\\/hoy-comienza-el-encuentro-nacional-de-pastoral-social-en-washington\\\/\"},\"wordCount\":1069,\"image\":{\"@id\":\"https:\\\/\\\/exaudi.org\\\/es\\\/hoy-comienza-el-encuentro-nacional-de-pastoral-social-en-washington\\\/#primaryimage\"},\"thumbnailUrl\":\"https:\\\/\\\/exaudi.org\\\/wp-content\\\/uploads\\\/2023\\\/01\\\/Sin-titulo-1-2.jpg\",\"keywords\":[\"Conferencia de Obispos Cat\u00f3licos de Estados Unidos (USCCB)\",\"Encuentro nacional de Pastoral Social\",\"Trending\",\"Washington\"],\"articleSection\":[\"Iglesia y Mundo\"],\"inLanguage\":\"es\"},{\"@type\":\"WebPage\",\"@id\":\"https:\\\/\\\/exaudi.org\\\/es\\\/hoy-comienza-el-encuentro-nacional-de-pastoral-social-en-washington\\\/\",\"url\":\"https:\\\/\\\/exaudi.org\\\/es\\\/hoy-comienza-el-encuentro-nacional-de-pastoral-social-en-washington\\\/\",\"name\":\"Hoy comienza el Encuentro nacional de Pastoral Social en Washington &#8211; Exaudi\",\"isPartOf\":{\"@id\":\"https:\\\/\\\/exaudi.org\\\/#website\"},\"primaryImageOfPage\":{\"@id\":\"https:\\\/\\\/exaudi.org\\\/es\\\/hoy-comienza-el-encuentro-nacional-de-pastoral-social-en-washington\\\/#primaryimage\"},\"image\":{\"@id\":\"https:\\\/\\\/exaudi.org\\\/es\\\/hoy-comienza-el-encuentro-nacional-de-pastoral-social-en-washington\\\/#primaryimage\"},\"thumbnailUrl\":\"https:\\\/\\\/exaudi.org\\\/wp-content\\\/uploads\\\/2023\\\/01\\\/Sin-titulo-1-2.jpg\",\"datePublished\":\"2023-01-28T10:47:56+00:00\",\"author\":{\"@id\":\"https:\\\/\\\/exaudi.org\\\/#\\\/schema\\\/person\\\/b562feb21279ee01cdb5c8cd58ac4e33\"},\"breadcrumb\":{\"@id\":\"https:\\\/\\\/exaudi.org\\\/es\\\/hoy-comienza-el-encuentro-nacional-de-pastoral-social-en-washington\\\/#breadcrumb\"},\"inLanguage\":\"es\",\"potentialAction\":[{\"@type\":\"ReadAction\",\"target\":[\"https:\\\/\\\/exaudi.org\\\/es\\\/hoy-comienza-el-encuentro-nacional-de-pastoral-social-en-washington\\\/\"]}]},{\"@type\":\"ImageObject\",\"inLanguage\":\"es\",\"@id\":\"https:\\\/\\\/exaudi.org\\\/es\\\/hoy-comienza-el-encuentro-nacional-de-pastoral-social-en-washington\\\/#primaryimage\",\"url\":\"https:\\\/\\\/exaudi.org\\\/wp-content\\\/uploads\\\/2023\\\/01\\\/Sin-titulo-1-2.jpg\",\"contentUrl\":\"https:\\\/\\\/exaudi.org\\\/wp-content\\\/uploads\\\/2023\\\/01\\\/Sin-titulo-1-2.jpg\",\"width\":1049,\"height\":563},{\"@type\":\"BreadcrumbList\",\"@id\":\"https:\\\/\\\/exaudi.org\\\/es\\\/hoy-comienza-el-encuentro-nacional-de-pastoral-social-en-washington\\\/#breadcrumb\",\"itemListElement\":[{\"@type\":\"ListItem\",\"position\":1,\"name\":\"Portada\",\"item\":\"https:\\\/\\\/exaudi.org\\\/es\\\/\"},{\"@type\":\"ListItem\",\"position\":2,\"name\":\"Hoy comienza el Encuentro nacional de Pastoral Social en Washington\"}]},{\"@type\":\"WebSite\",\"@id\":\"https:\\\/\\\/exaudi.org\\\/#website\",\"url\":\"https:\\\/\\\/exaudi.org\\\/\",\"name\":\"Exaudi\",\"description\":\"News\",\"potentialAction\":[{\"@type\":\"SearchAction\",\"target\":{\"@type\":\"EntryPoint\",\"urlTemplate\":\"https:\\\/\\\/exaudi.org\\\/?s={search_term_string}\"},\"query-input\":{\"@type\":\"PropertyValueSpecification\",\"valueRequired\":true,\"valueName\":\"search_term_string\"}}],\"inLanguage\":\"es\"},{\"@type\":\"Person\",\"@id\":\"https:\\\/\\\/exaudi.org\\\/#\\\/schema\\\/person\\\/b562feb21279ee01cdb5c8cd58ac4e33\",\"name\":\"Enrique Soros\",\"image\":{\"@type\":\"ImageObject\",\"inLanguage\":\"es\",\"@id\":\"https:\\\/\\\/secure.gravatar.com\\\/avatar\\\/909c464715f2daa91ebbef733cea12657b24a5ddb7284bf9b3bb3911d874bb9e?s=96&d=mm&r=g\",\"url\":\"https:\\\/\\\/secure.gravatar.com\\\/avatar\\\/909c464715f2daa91ebbef733cea12657b24a5ddb7284bf9b3bb3911d874bb9e?s=96&d=mm&r=g\",\"contentUrl\":\"https:\\\/\\\/secure.gravatar.com\\\/avatar\\\/909c464715f2daa91ebbef733cea12657b24a5ddb7284bf9b3bb3911d874bb9e?s=96&d=mm&r=g\",\"caption\":\"Enrique Soros\"},\"description\":\"Argentino. Reside desde hace 27 a\u00f1os en Washington, DC, Estados Unidos, con su esposa Erica, con quien tiene un hijo, Mart\u00edn, de 21 a\u00f1os. Es comunicador social, escritor, traductor p\u00fablico. Act\u00faa como agente pastoral y comunicacional en Estados Unidos, donde es vicepresidente del Consejo Nacional Cat\u00f3lico para el Ministerio Hispano -NCCHM, por sus siglas en ingl\u00e9s-, que tiene como misi\u00f3n la promoci\u00f3n y el trabajo com\u00fan de las fuerzas pastorales hispanas en el pa\u00eds. Participa en proyectos pastorales y comunicacionales en Latinoam\u00e9rica y desde 2012 colabora con el CELAM, Consejo Episcopal Latinoamericano en esfuerzos de integraci\u00f3n pastoral entre dicha instituci\u00f3n y la Iglesia en los Estados Unidos.\",\"url\":\"https:\\\/\\\/exaudi.org\\\/es\\\/author\\\/enriquesoros\\\/\"}]}<\/script>\n<!-- \/ Yoast SEO plugin. -->","yoast_head_json":{"title":"Hoy comienza el Encuentro nacional de Pastoral Social en Washington &#8211; Exaudi","robots":{"index":"index","follow":"follow","max-snippet":"max-snippet:-1","max-image-preview":"max-image-preview:large","max-video-preview":"max-video-preview:-1"},"canonical":"https:\/\/exaudi.org\/es\/hoy-comienza-el-encuentro-nacional-de-pastoral-social-en-washington\/","og_locale":"es_ES","og_type":"article","og_title":"Hoy comienza el Encuentro nacional de Pastoral Social en Washington &#8211; Exaudi","og_description":"Organizado por el Episcopado de EEUU y re\u00fane a los principales l\u00edderes sociales del pa\u00eds","og_url":"https:\/\/exaudi.org\/es\/hoy-comienza-el-encuentro-nacional-de-pastoral-social-en-washington\/","og_site_name":"Exaudi","article_publisher":"https:\/\/www.facebook.com\/ExaudiNews","article_published_time":"2023-01-28T10:47:56+00:00","og_image":[{"width":1049,"height":563,"url":"https:\/\/exaudi.org\/wp-content\/uploads\/2023\/01\/Sin-titulo-1-2.jpg","type":"image\/jpeg"}],"author":"Enrique Soros","twitter_card":"summary_large_image","twitter_creator":"@Exaudi_News","twitter_site":"@Exaudi_News","twitter_misc":{"Escrito por":"Enrique Soros","Tiempo de lectura":"6 minutos"},"schema":{"@context":"https:\/\/schema.org","@graph":[{"@type":"Article","@id":"https:\/\/exaudi.org\/es\/hoy-comienza-el-encuentro-nacional-de-pastoral-social-en-washington\/#article","isPartOf":{"@id":"https:\/\/exaudi.org\/es\/hoy-comienza-el-encuentro-nacional-de-pastoral-social-en-washington\/"},"author":{"name":"Enrique Soros","@id":"https:\/\/exaudi.org\/#\/schema\/person\/b562feb21279ee01cdb5c8cd58ac4e33"},"headline":"Hoy comienza el Encuentro nacional de Pastoral Social en Washington","datePublished":"2023-01-28T10:47:56+00:00","mainEntityOfPage":{"@id":"https:\/\/exaudi.org\/es\/hoy-comienza-el-encuentro-nacional-de-pastoral-social-en-washington\/"},"wordCount":1069,"image":{"@id":"https:\/\/exaudi.org\/es\/hoy-comienza-el-encuentro-nacional-de-pastoral-social-en-washington\/#primaryimage"},"thumbnailUrl":"https:\/\/exaudi.org\/wp-content\/uploads\/2023\/01\/Sin-titulo-1-2.jpg","keywords":["Conferencia de Obispos Cat\u00f3licos de Estados Unidos (USCCB)","Encuentro nacional de Pastoral Social","Trending","Washington"],"articleSection":["Iglesia y Mundo"],"inLanguage":"es"},{"@type":"WebPage","@id":"https:\/\/exaudi.org\/es\/hoy-comienza-el-encuentro-nacional-de-pastoral-social-en-washington\/","url":"https:\/\/exaudi.org\/es\/hoy-comienza-el-encuentro-nacional-de-pastoral-social-en-washington\/","name":"Hoy comienza el Encuentro nacional de Pastoral Social en Washington &#8211; Exaudi","isPartOf":{"@id":"https:\/\/exaudi.org\/#website"},"primaryImageOfPage":{"@id":"https:\/\/exaudi.org\/es\/hoy-comienza-el-encuentro-nacional-de-pastoral-social-en-washington\/#primaryimage"},"image":{"@id":"https:\/\/exaudi.org\/es\/hoy-comienza-el-encuentro-nacional-de-pastoral-social-en-washington\/#primaryimage"},"thumbnailUrl":"https:\/\/exaudi.org\/wp-content\/uploads\/2023\/01\/Sin-titulo-1-2.jpg","datePublished":"2023-01-28T10:47:56+00:00","author":{"@id":"https:\/\/exaudi.org\/#\/schema\/person\/b562feb21279ee01cdb5c8cd58ac4e33"},"breadcrumb":{"@id":"https:\/\/exaudi.org\/es\/hoy-comienza-el-encuentro-nacional-de-pastoral-social-en-washington\/#breadcrumb"},"inLanguage":"es","potentialAction":[{"@type":"ReadAction","target":["https:\/\/exaudi.org\/es\/hoy-comienza-el-encuentro-nacional-de-pastoral-social-en-washington\/"]}]},{"@type":"ImageObject","inLanguage":"es","@id":"https:\/\/exaudi.org\/es\/hoy-comienza-el-encuentro-nacional-de-pastoral-social-en-washington\/#primaryimage","url":"https:\/\/exaudi.org\/wp-content\/uploads\/2023\/01\/Sin-titulo-1-2.jpg","contentUrl":"https:\/\/exaudi.org\/wp-content\/uploads\/2023\/01\/Sin-titulo-1-2.jpg","width":1049,"height":563},{"@type":"BreadcrumbList","@id":"https:\/\/exaudi.org\/es\/hoy-comienza-el-encuentro-nacional-de-pastoral-social-en-washington\/#breadcrumb","itemListElement":[{"@type":"ListItem","position":1,"name":"Portada","item":"https:\/\/exaudi.org\/es\/"},{"@type":"ListItem","position":2,"name":"Hoy comienza el Encuentro nacional de Pastoral Social en Washington"}]},{"@type":"WebSite","@id":"https:\/\/exaudi.org\/#website","url":"https:\/\/exaudi.org\/","name":"Exaudi","description":"News","potentialAction":[{"@type":"SearchAction","target":{"@type":"EntryPoint","urlTemplate":"https:\/\/exaudi.org\/?s={search_term_string}"},"query-input":{"@type":"PropertyValueSpecification","valueRequired":true,"valueName":"search_term_string"}}],"inLanguage":"es"},{"@type":"Person","@id":"https:\/\/exaudi.org\/#\/schema\/person\/b562feb21279ee01cdb5c8cd58ac4e33","name":"Enrique Soros","image":{"@type":"ImageObject","inLanguage":"es","@id":"https:\/\/secure.gravatar.com\/avatar\/909c464715f2daa91ebbef733cea12657b24a5ddb7284bf9b3bb3911d874bb9e?s=96&d=mm&r=g","url":"https:\/\/secure.gravatar.com\/avatar\/909c464715f2daa91ebbef733cea12657b24a5ddb7284bf9b3bb3911d874bb9e?s=96&d=mm&r=g","contentUrl":"https:\/\/secure.gravatar.com\/avatar\/909c464715f2daa91ebbef733cea12657b24a5ddb7284bf9b3bb3911d874bb9e?s=96&d=mm&r=g","caption":"Enrique Soros"},"description":"Argentino. Reside desde hace 27 a\u00f1os en Washington, DC, Estados Unidos, con su esposa Erica, con quien tiene un hijo, Mart\u00edn, de 21 a\u00f1os. Es comunicador social, escritor, traductor p\u00fablico. Act\u00faa como agente pastoral y comunicacional en Estados Unidos, donde es vicepresidente del Consejo Nacional Cat\u00f3lico para el Ministerio Hispano -NCCHM, por sus siglas en ingl\u00e9s-, que tiene como misi\u00f3n la promoci\u00f3n y el trabajo com\u00fan de las fuerzas pastorales hispanas en el pa\u00eds. Participa en proyectos pastorales y comunicacionales en Latinoam\u00e9rica y desde 2012 colabora con el CELAM, Consejo Episcopal Latinoamericano en esfuerzos de integraci\u00f3n pastoral entre dicha instituci\u00f3n y la Iglesia en los Estados Unidos.","url":"https:\/\/exaudi.org\/es\/author\/enriquesoros\/"}]}},"jetpack_featured_media_url":"https:\/\/exaudi.org\/wp-content\/uploads\/2023\/01\/Sin-titulo-1-2.jpg","jetpack_shortlink":"https:\/\/wp.me\/pgKjF2-i27","_links":{"self":[{"href":"https:\/\/exaudi.org\/es\/wp-json\/wp\/v2\/posts\/69323","targetHints":{"allow":["GET"]}}],"collection":[{"href":"https:\/\/exaudi.org\/es\/wp-json\/wp\/v2\/posts"}],"about":[{"href":"https:\/\/exaudi.org\/es\/wp-json\/wp\/v2\/types\/post"}],"author":[{"embeddable":true,"href":"https:\/\/exaudi.org\/es\/wp-json\/wp\/v2\/users\/41"}],"replies":[{"embeddable":true,"href":"https:\/\/exaudi.org\/es\/wp-json\/wp\/v2\/comments?post=69323"}],"version-history":[{"count":0,"href":"https:\/\/exaudi.org\/es\/wp-json\/wp\/v2\/posts\/69323\/revisions"}],"wp:featuredmedia":[{"embeddable":true,"href":"https:\/\/exaudi.org\/es\/wp-json\/wp\/v2\/media\/69322"}],"wp:attachment":[{"href":"https:\/\/exaudi.org\/es\/wp-json\/wp\/v2\/media?parent=69323"}],"wp:term":[{"taxonomy":"category","embeddable":true,"href":"https:\/\/exaudi.org\/es\/wp-json\/wp\/v2\/categories?post=69323"},{"taxonomy":"post_tag","embeddable":true,"href":"https:\/\/exaudi.org\/es\/wp-json\/wp\/v2\/tags?post=69323"}],"curies":[{"name":"wp","href":"https:\/\/api.w.org\/{rel}","templated":true}]}}