{"id":69223,"date":"2023-01-26T16:23:36","date_gmt":"2023-01-26T15:23:36","guid":{"rendered":"https:\/\/exaudi.org\/?p=69223"},"modified":"2023-01-27T11:13:58","modified_gmt":"2023-01-27T10:13:58","slug":"papa-sobre-camino-sinodal-alemania-peligro-es-que-se-filtre-la-ideologia","status":"publish","type":"post","link":"https:\/\/exaudi.org\/es\/papa-sobre-camino-sinodal-alemania-peligro-es-que-se-filtre-la-ideologia\/","title":{"rendered":"El Papa sobre camino sinodal en Alemania: El peligro es que se \u201cfiltre\u201d la ideolog\u00eda"},"content":{"rendered":"<audio class=\"wp-audio-shortcode\" id=\"audio-69223-1\" preload=\"none\" style=\"width: 100%;\" controls=\"controls\"><source type=\"audio\/mpeg\" src=\"https:\/\/exaudi.org\/wp-content\/uploads\/2023\/01\/El-Papa-sobre-camino-sinodal-en-Alemania-El.mp3?_=1\" \/><a href=\"https:\/\/exaudi.org\/wp-content\/uploads\/2023\/01\/El-Papa-sobre-camino-sinodal-en-Alemania-El.mp3\">https:\/\/exaudi.org\/wp-content\/uploads\/2023\/01\/El-Papa-sobre-camino-sinodal-en-Alemania-El.mp3<\/a><\/audio>\n<p>El Papa Francisco ha vuelto a hablar sobre el camino sinodal en Alemania y ha advertido sobre el peligro de que se \u201cfiltre\u201d lo ideol\u00f3gico: \u201cCuando la ideolog\u00eda se mete en los procesos eclesiales, el Esp\u00edritu Santo se va a su casa porque la ideolog\u00eda supera al Esp\u00edritu Santo\u201d.<\/p>\n<p>En una entrevista con <em>The Associated Press<\/em> publicada el martes 24 de enero de 2023, el Santo Padre ha especificado que \u201cla experiencia alemana no ayuda, porque no es un S\u00ednodo, un camino sinodal en serio, es un camino as\u00ed llamado sinodal, pero no de la totalidad del pueblo de Dios, sino hecho por \u00e9lites\u201d.<\/p>\n<p>El pa\u00eds alem\u00e1n inici\u00f3 hace unos a\u00f1os un camino sinodal propio cuyos documentos de trabajo incluyen propuestas como la ordenaci\u00f3n sacerdotal de mujeres, el celibato voluntario para sacerdotes y cambios en la moral sexual.<\/p>\n<p>En este sentido, insisti\u00f3 en que sobre el este tema \u201cme cuido de hablar mucho, pero<a href=\"https:\/\/www.vatican.va\/content\/francesco\/es\/letters\/2019\/documents\/papa-francesco_20190629_lettera-fedeligermania.html\" target=\"_blank\" rel=\"noopener\"> ya escrib\u00ed una carta que me llev\u00f3 un mes hacerla<\/a>. La hice solo y cuando me pregunten, digo \u2018vuelvan a la carta\u2019\u201d.<\/p>\n<p>Despu\u00e9s, el Papa describi\u00f3, \u201ctuve reuni\u00f3n con ellos ac\u00e1 y ahora la Congregaci\u00f3n para los Obispos, la Doctrina de la Fe y la Secretar\u00eda de Estado han hecho una precisi\u00f3n sobre tres o cuatro cosas que salieron en el di\u00e1logo aqu\u00ed. El camino sinodal en Alemania est\u00e1 empezando desde las di\u00f3cesis de los pueblos. Esto fue un poco elitista y no tiene todo el consenso procesal de un S\u00ednodo como tal\u201d.<\/p>\n<h2><strong>El peligro de la ideolog\u00eda: \u201cEl Esp\u00edritu Santo se va a su casa\u201d<\/strong><\/h2>\n<p>Asimismo, resalt\u00f3 que \u201cel peligro es que se filtre algo muy, muy ideol\u00f3gico. Y cuando la ideolog\u00eda se mete en los procesos eclesiales, el Esp\u00edritu Santo se va a su casa porque la ideolog\u00eda supera al Esp\u00edritu Santo\u201d.<\/p>\n<p>\u201cUsted mencion\u00f3 algunas cosas a resolver que ellos quieren resolver, pero esto lo resolv\u00e9s en base a \u00bfqu\u00e9 criterio? \u00bfEn base a tu experiencia eclesial, tomando de la tradici\u00f3n de los ap\u00f3stoles y traduci\u00e9ndolo al d\u00eda de hoy, o en base a datos sociol\u00f3gicos? Ah\u00ed est\u00e1 el problema, el problema de fondo\u201d, clarific\u00f3.<\/p>\n<p>Finalmente, Francisco expres\u00f3: \u201cPero hay que tener paciencia, dialogar y acompa\u00f1ar a este pueblo en su real camino sinodal y ayudar a este camino m\u00e1s elitista a que de alguna manera no termine mal, sino que tambi\u00e9n se integre en la Iglesia. Siempre tratar de unir\u201d.<\/p>\n<h2><strong>La pol\u00e9mica de los \u00faltimos d\u00edas: Carta del Vaticano del 16 de enero<\/strong><\/h2>\n<p>Recientemente, el Vaticano rechaz\u00f3 la creaci\u00f3n de un \u201cConsejo Sinodal\u201d en la Iglesia Cat\u00f3lica de Alemania en una <a href=\"https:\/\/www.dbk.de\/fileadmin\/redaktion\/diverse_downloads\/presse_2023\/2023-009a-Brief-Kardinalstaatsekretaer-Praefekten-der-Dikasterien-fuer-die_Glaubenslehre-und-fuer-die-Bischoefe.pdf\" target=\"_blank\" rel=\"noopener\">carta dirigida a la Conferencia Episcopal Alemana<\/a>.<\/p>\n<p>La misiva de la Santa Sede, fechada el 16 de enero, est\u00e1 firmada por el cardenal secretario de Estado, Pietro Parolin, el prefecto del Dicasterio para la Doctrina de la Fe, cardenal Luis Ladaria, y el prefecto del Dicasterio para los Obispos, cardenal Marc Ouellet. El Papa Francisco lo aprob\u00f3 \u201c<em>in forma specifica<\/em>\u201d y orden\u00f3 su transmisi\u00f3n.<\/p>\n<p>El \u201cConsejo Sinodal\u201d es uno de los proyectos de reforma del Camino Sinodal, que ya lleva varios a\u00f1os en marcha y al que est\u00e1n dando forma juntos obispos y laicos de Alemania. El organismo est\u00e1 previsto como \u00f3rgano conjunto de asesoramiento y gesti\u00f3n de \u00e1mbito nacional y deber\u00e1 ocuparse de \u201clos acontecimientos esenciales en la Iglesia y la sociedad\u201d. Estar\u00eda compuesto por 27 obispos alemanes, 27 miembros del Comit\u00e9 Central de los Cat\u00f3licos Alemanes y otros 20 miembros elegidos por los miembros del \u201cCamino sinodal\u201d.<\/p>\n<p>En la carta vaticana se aclara \u201cque ni el Camino Sinodal, ni un organismo establecido por \u00e9l, ni una conferencia episcopal tienen competencia para establecer el &#8216;Consejo Sinodal&#8217; a nivel nacional, diocesano o parroquial\u201d.<\/p>\n<p>Los citados cardenales explican en el texto que el mencionado Consejo Sinodal, a nivel nacional, constituir\u00eda una nueva estructura de liderazgo que podr\u00eda colocarse por encima de la Conferencia Episcopal. A nivel diocesano, tal instituci\u00f3n tambi\u00e9n podr\u00eda situarse \u201cpor encima de la autoridad de cada obispo dentro de su di\u00f3cesis\u201d.<\/p>\n<p>Con ello, el Vaticano desautoriza la creaci\u00f3n de estos comit\u00e9s para reforzar la figura y el papel de los obispos dentro de la estructura de la Iglesia local.<\/p>\n<h2><strong>Respuesta a una carta de algunos obispos alemanes<\/strong><\/h2>\n<p>La carta del Vaticano subraya que los obispos alemanes no est\u00e1n obligados a participar en el \u201cComit\u00e9 Sinodal\u201d, que debe preparar el \u201cConsejo Sinodal\u201d para 2026. Al precisar que los obispos alemanes no est\u00e1n obligados a cooperar en el \u201cComit\u00e9 Sinodal\u201d, el Vaticano responde a otra misiva de varios obispos alemanes poco antes de Navidad, seg\u00fan indica la \u00faltima carta de la Santa Sede.<\/p>\n<p>Los obispos de Colonia (Mons. Woelki), Eichst\u00e4tt (Mons. Hanke), Augsburgo (Mons. Meier), Passau (Mons. Oster) y Ratisbona (Mons. Voderholzer) deseaban saber del Vaticano si se les pod\u00eda obligar o autorizar a participar en el \u201cComit\u00e9 sinodal\u201d.<\/p>\n<p>Por otra parte, en las cuatro p\u00e1ginas de respuesta de la Santa Sede, los representantes de la Curia agradecen de nuevo a los obispos alemanes sus \u201cgrandes esfuerzos\u201d en el contexto de la superaci\u00f3n de los delitos de abusos y el \u201cenfoque a menudo inadecuado de algunos pastores de la Iglesia\u201d. Animan a la Conferencia Episcopal a continuar este trabajo en el esp\u00edritu de las directrices dadas por el Papa Francisco.<\/p>\n<p>Durante la visita <em>ad limina<\/em> de la Conferencia Episcopal Alemana el pasado mes de noviembre, el Vaticano tambi\u00e9n elogi\u00f3 el compromiso de la Iglesia alemana en la lucha contra los abusos.<\/p>\n<h2><strong>Pronunciamientos del Papa Francisco y la Santa Sede<\/strong><\/h2>\n<p>El Papa Francisco y la Santa Sede ya se han pronunciado varias veces el camino sinodal alem\u00e1n y la carta del Vaticano del 16 de enero de 2023 hace referencia a algunas de ellas.<\/p>\n<p>En primer lugar, el Santo Padre escribi\u00f3 una carta a la Iglesia alemana sobre el Camino Sinodal en junio de 2019, dirigida tanto a obispos como a laicos. En este texto, al que Francisco ha remitido repetidamente como orientaci\u00f3n para el Camino Sinodal en Alemania, anima a la Iglesia alemana a seguir un camino com\u00fan de discernimiento y escucha, pero tambi\u00e9n advierte contra los caminos \u201cespeciales\u201d.<\/p>\n<p>En cuanto a las reformas eclesi\u00e1sticas, el Papa ha insistido en reiteradas ocasiones que los s\u00ednodos no son un parlamento y no deben malinterpretarse como sondeos de opini\u00f3n con los consiguientes compromisos. \u00daltimamente, recomend\u00f3 a la Iglesia alemana en particular que no se perdiera en discusiones, sino que volviera al sentido religioso de la fe del pueblo.<\/p>\n<p>En septiembre de 2019, cuando a\u00fan se estaban redactando los estatutos del Camino Sinodal alem\u00e1n, el cardenal Marc Ouellet, plante\u00f3 dudas sobre la concordancia de este con el Derecho Can\u00f3nico. En una carta acompa\u00f1ada de un dictamen jur\u00eddico, recalcaba igualmente que los estatutos definitivos tendr\u00edan que someterse a la confirmaci\u00f3n del Pont\u00edfice.<\/p>\n<p>En julio de 2022, <a href=\"https:\/\/exaudi.org\/es\/santa-sede-camino-sinodal-alemania-no-cambios-doctrinales-morales\/\" target=\"_blank\" rel=\"noopener\">la Santa Sede habl\u00f3 nuevamente sobre el camino sinodal<\/a> de la Iglesia en Alemania, precisando que este \u201cno tiene potestad para obligar a los obispos y fieles a adoptar nuevas formas de gobierno y nuevas aproximaciones a la doctrina y la moral\u201d.<\/p>\n<p>De este modo, las nuevas estructuras o doctrinas oficiales tendr\u00edan que coordinarse a nivel de la Iglesia universal, habr\u00eda que preservar la unidad de la Iglesia y las propuestas alemanas tendr\u00edan que alimentar el proceso sinodal de la Iglesia universal.<\/p>\n<p>Durante la <a href=\"https:\/\/exaudi.org\/es\/obispos-alemania-camino-sinodal-vaticano\/\" target=\"_blank\" rel=\"noopener\">visita <em>ad limina<\/em> de los obispos alemanes al Vaticano en noviembre de 2022<\/a>, los cardenales Luis Ladaria y Marc Ouellet \u201cabordaron con franqueza y claridad las inquietudes y reservas sobre la metodolog\u00eda, el contenido y las propuestas del Camino Sinodal, proponiendo, en beneficio de la unidad de la Iglesia y de su misi\u00f3n evangelizadora, que las peticiones surgidas hasta ahora se incluyan en el S\u00ednodo de la Iglesia universal\u201d.<\/p>\n<p>El prefecto del Dicasterio de los Obispos, Mons. Ouellet, abog\u00f3 por una \u201cmoratoria\u201d del camino Sinodal alem\u00e1n y una \u201crevisi\u00f3n fundamental\u201d de sus exigencias a la luz de los resultados del proceso sinodal mundial en curso. Asimismo, el purpurado trasmiti\u00f3 que era necesaria una v\u00eda sinodal corregida, \u201cmenos parlamentaria\u201d.<\/p>\n<p>En la carta vaticana del 16 de enero de 2023, los cardenales firmantes recuerdan la misi\u00f3n del obispo tal como est\u00e1 formulada en la Constituci\u00f3n dogm\u00e1tica <em>Lumen Gentium<\/em>. Tambi\u00e9n remiten a la carta del Papa de 2019 sobre el Camino Sinodal y reafirman la instrucci\u00f3n vaticana de 2022, seg\u00fan la cual \u201cno ser\u00eda l\u00edcito iniciar nuevas estructuras oficiales o doctrinas en las di\u00f3cesis, antes de un acuerdo acordado a nivel de la Iglesia universal, lo que representar\u00eda una herida a la comuni\u00f3n eclesial y una amenaza a la unidad de la Iglesia\u201d.<\/p>\n<h2><strong>Reacci\u00f3n de la Conferencia Episcopal Alemana<\/strong><\/h2>\n<p>El presidente de la Conferencia Episcopal Alemana, Mons. Georg B\u00e4tzing, por su parte, realiz\u00f3 una declaraci\u00f3n sobre este tema tras la reuni\u00f3n ordinaria del Consejo Permanente en W\u00fcrzburg, cita en la que los 27 obispos locales se re\u00fanen sin sus obispos auxiliares para tratar temas de actualidad.<\/p>\n<p>En respuesta a la carta de los cardenales Parolin, Ladaria y Ouellet, el obispo alem\u00e1n considera \u201cinfundada\u201d la preocupaci\u00f3n de la Santa Sede de que ese nuevo organismo pudiera \u201csituarse por encima de la Conferencia Episcopal o socavar la autoridad de los obispos individuales\u201d. Para Mons. B\u00e4tzing, el Consejo Sinodal programado \u201cfuncionar\u00eda dentro del derecho can\u00f3nico vigente\u201d.<\/p>\n<p>El obispo alem\u00e1n considera tambi\u00e9n que la \u201cComit\u00e9 Sinodal\u201d, que debe preparar el \u201cConsejo Sinodal\u201d para el a\u00f1o 2026, \u201cno est\u00e1 cuestionado por la carta romana\u201d.<\/p>\n<p>Sobre el peligro de un debilitamiento del oficio episcopal del que habla la Santa Sede, el prelado alem\u00e1n sostiene: \u201cYo vivo la consulta sinodal precisamente como un fortalecimiento de este oficio\u201d. Por ello, en el futuro le gustar\u00eda reflexionar \u2018mucho m\u00e1s intensamente\u2019 sobre tales formas y posibilidades y buscar el di\u00e1logo con los responsables del Vaticano. Tambi\u00e9n agradeci\u00f3 que \u201cuna gran parte del Consejo Permanente haya afirmado una vez m\u00e1s la voluntad de aplicar la decisi\u00f3n de la Asamblea sinodal sobre el Comit\u00e9 sinodal y de iniciar las consultas\u201d.<\/p>\n<p>Asimismo, el presidente de la Conferencia Episcopal expuso que \u201caceptar\u00e1n sin demora la invitaci\u00f3n de la carta (del Vaticano) a dialogar con Roma, y tambi\u00e9n como <em>Presidium<\/em> del Camino Sinodal\u201d. Tambi\u00e9n lament\u00f3 que \u201ca\u00fan no hayamos podido hablar con Roma sobre los contenidos y objetivos de la consulta sinodal a todos los niveles de la Iglesia en nuestro pa\u00eds\u201d.<\/p>\n","protected":false},"excerpt":{"rendered":"<p>Palabras del Santo Padre en la entrevista con AP<\/p>\n","protected":false},"author":15,"featured_media":69234,"comment_status":"closed","ping_status":"closed","sticky":false,"template":"","format":"standard","meta":{"_acf_changed":false,"_crdt_document":"","inline_featured_image":false,"footnotes":""},"categories":[68],"tags":[2676,5532,158,4953,2783],"class_list":["post-69223","post","type-post","status-publish","format-standard","has-post-thumbnail","hentry","category-leon-xiv","tag-alemania","tag-camino-sinodal","tag-papa-francisco","tag-trending-es","tag-unidad"],"acf":[],"yoast_head":"<!-- This site is optimized with the Yoast SEO plugin v27.5 - https:\/\/yoast.com\/product\/yoast-seo-wordpress\/ -->\n<title>El Papa sobre camino sinodal en Alemania: El peligro es que se \u201cfiltre\u201d la ideolog\u00eda &#8211; Exaudi<\/title>\n<meta name=\"description\" content=\"El Papa Francisco ha vuelto a hablar sobre el camino sinodal en Alemania y advierte sobre el peligro de que se &quot;filtre&quot; la ideolog\u00eda\" \/>\n<meta name=\"robots\" content=\"index, follow, max-snippet:-1, max-image-preview:large, max-video-preview:-1\" \/>\n<link rel=\"canonical\" href=\"https:\/\/exaudi.org\/es\/papa-sobre-camino-sinodal-alemania-peligro-es-que-se-filtre-la-ideologia\/\" \/>\n<meta property=\"og:locale\" content=\"es_ES\" \/>\n<meta property=\"og:type\" content=\"article\" \/>\n<meta property=\"og:title\" content=\"El Papa sobre camino sinodal en Alemania: El peligro es que se \u201cfiltre\u201d la ideolog\u00eda &#8211; Exaudi\" \/>\n<meta property=\"og:description\" content=\"El Papa Francisco ha vuelto a hablar sobre el camino sinodal en Alemania y advierte sobre el peligro de que se &quot;filtre&quot; la ideolog\u00eda\" \/>\n<meta property=\"og:url\" content=\"https:\/\/exaudi.org\/es\/papa-sobre-camino-sinodal-alemania-peligro-es-que-se-filtre-la-ideologia\/\" \/>\n<meta property=\"og:site_name\" content=\"Exaudi\" \/>\n<meta property=\"article:publisher\" content=\"https:\/\/www.facebook.com\/ExaudiNews\" \/>\n<meta property=\"article:author\" content=\"https:\/\/www.facebook.com\/ExaudiNoticias\/\" \/>\n<meta property=\"article:published_time\" content=\"2023-01-26T15:23:36+00:00\" \/>\n<meta property=\"article:modified_time\" content=\"2023-01-27T10:13:58+00:00\" \/>\n<meta property=\"og:image\" content=\"https:\/\/exaudi.org\/wp-content\/uploads\/2023\/01\/SFO7756-scaled-e1674746371998.jpg\" \/>\n\t<meta property=\"og:image:width\" content=\"1707\" \/>\n\t<meta property=\"og:image:height\" content=\"1555\" \/>\n\t<meta property=\"og:image:type\" content=\"image\/jpeg\" \/>\n<meta name=\"author\" content=\"Exaudi Redacci\u00f3n\" \/>\n<meta name=\"twitter:card\" content=\"summary_large_image\" \/>\n<meta name=\"twitter:creator\" content=\"@Exaudi_noticias\" \/>\n<meta name=\"twitter:site\" content=\"@Exaudi_News\" \/>\n<meta name=\"twitter:label1\" content=\"Escrito por\" \/>\n\t<meta name=\"twitter:data1\" content=\"Exaudi Redacci\u00f3n\" \/>\n\t<meta name=\"twitter:label2\" content=\"Tiempo de lectura\" \/>\n\t<meta name=\"twitter:data2\" content=\"8 minutos\" \/>\n<script type=\"application\/ld+json\" class=\"yoast-schema-graph\">{\"@context\":\"https:\\\/\\\/schema.org\",\"@graph\":[{\"@type\":\"Article\",\"@id\":\"https:\\\/\\\/exaudi.org\\\/es\\\/papa-sobre-camino-sinodal-alemania-peligro-es-que-se-filtre-la-ideologia\\\/#article\",\"isPartOf\":{\"@id\":\"https:\\\/\\\/exaudi.org\\\/es\\\/papa-sobre-camino-sinodal-alemania-peligro-es-que-se-filtre-la-ideologia\\\/\"},\"author\":{\"name\":\"Exaudi Redacci\u00f3n\",\"@id\":\"https:\\\/\\\/exaudi.org\\\/#\\\/schema\\\/person\\\/f5fc8f063065e38742da7afe15f25df7\"},\"headline\":\"El Papa sobre camino sinodal en Alemania: El peligro es que se \u201cfiltre\u201d la ideolog\u00eda\",\"datePublished\":\"2023-01-26T15:23:36+00:00\",\"dateModified\":\"2023-01-27T10:13:58+00:00\",\"mainEntityOfPage\":{\"@id\":\"https:\\\/\\\/exaudi.org\\\/es\\\/papa-sobre-camino-sinodal-alemania-peligro-es-que-se-filtre-la-ideologia\\\/\"},\"wordCount\":1827,\"image\":{\"@id\":\"https:\\\/\\\/exaudi.org\\\/es\\\/papa-sobre-camino-sinodal-alemania-peligro-es-que-se-filtre-la-ideologia\\\/#primaryimage\"},\"thumbnailUrl\":\"https:\\\/\\\/exaudi.org\\\/wp-content\\\/uploads\\\/2023\\\/01\\\/SFO7756-scaled-e1674746371998.jpg\",\"keywords\":[\"Alemania\",\"Camino Sinodal\",\"papa francisco\",\"Trending\",\"Unidad\"],\"articleSection\":[\"Le\u00f3n XIV\"],\"inLanguage\":\"es\"},{\"@type\":\"WebPage\",\"@id\":\"https:\\\/\\\/exaudi.org\\\/es\\\/papa-sobre-camino-sinodal-alemania-peligro-es-que-se-filtre-la-ideologia\\\/\",\"url\":\"https:\\\/\\\/exaudi.org\\\/es\\\/papa-sobre-camino-sinodal-alemania-peligro-es-que-se-filtre-la-ideologia\\\/\",\"name\":\"El Papa sobre camino sinodal en Alemania: El peligro es que se \u201cfiltre\u201d la ideolog\u00eda &#8211; Exaudi\",\"isPartOf\":{\"@id\":\"https:\\\/\\\/exaudi.org\\\/#website\"},\"primaryImageOfPage\":{\"@id\":\"https:\\\/\\\/exaudi.org\\\/es\\\/papa-sobre-camino-sinodal-alemania-peligro-es-que-se-filtre-la-ideologia\\\/#primaryimage\"},\"image\":{\"@id\":\"https:\\\/\\\/exaudi.org\\\/es\\\/papa-sobre-camino-sinodal-alemania-peligro-es-que-se-filtre-la-ideologia\\\/#primaryimage\"},\"thumbnailUrl\":\"https:\\\/\\\/exaudi.org\\\/wp-content\\\/uploads\\\/2023\\\/01\\\/SFO7756-scaled-e1674746371998.jpg\",\"datePublished\":\"2023-01-26T15:23:36+00:00\",\"dateModified\":\"2023-01-27T10:13:58+00:00\",\"author\":{\"@id\":\"https:\\\/\\\/exaudi.org\\\/#\\\/schema\\\/person\\\/f5fc8f063065e38742da7afe15f25df7\"},\"description\":\"El Papa Francisco ha vuelto a hablar sobre el camino sinodal en Alemania y advierte sobre el peligro de que se \\\"filtre\\\" la ideolog\u00eda\",\"breadcrumb\":{\"@id\":\"https:\\\/\\\/exaudi.org\\\/es\\\/papa-sobre-camino-sinodal-alemania-peligro-es-que-se-filtre-la-ideologia\\\/#breadcrumb\"},\"inLanguage\":\"es\",\"potentialAction\":[{\"@type\":\"ReadAction\",\"target\":[\"https:\\\/\\\/exaudi.org\\\/es\\\/papa-sobre-camino-sinodal-alemania-peligro-es-que-se-filtre-la-ideologia\\\/\"]}]},{\"@type\":\"ImageObject\",\"inLanguage\":\"es\",\"@id\":\"https:\\\/\\\/exaudi.org\\\/es\\\/papa-sobre-camino-sinodal-alemania-peligro-es-que-se-filtre-la-ideologia\\\/#primaryimage\",\"url\":\"https:\\\/\\\/exaudi.org\\\/wp-content\\\/uploads\\\/2023\\\/01\\\/SFO7756-scaled-e1674746371998.jpg\",\"contentUrl\":\"https:\\\/\\\/exaudi.org\\\/wp-content\\\/uploads\\\/2023\\\/01\\\/SFO7756-scaled-e1674746371998.jpg\",\"width\":1707,\"height\":1555,\"caption\":\"Papa Francisco \u00a9 Vatican Media\"},{\"@type\":\"BreadcrumbList\",\"@id\":\"https:\\\/\\\/exaudi.org\\\/es\\\/papa-sobre-camino-sinodal-alemania-peligro-es-que-se-filtre-la-ideologia\\\/#breadcrumb\",\"itemListElement\":[{\"@type\":\"ListItem\",\"position\":1,\"name\":\"Portada\",\"item\":\"https:\\\/\\\/exaudi.org\\\/es\\\/\"},{\"@type\":\"ListItem\",\"position\":2,\"name\":\"El Papa sobre camino sinodal en Alemania: El peligro es que se \u201cfiltre\u201d la ideolog\u00eda\"}]},{\"@type\":\"WebSite\",\"@id\":\"https:\\\/\\\/exaudi.org\\\/#website\",\"url\":\"https:\\\/\\\/exaudi.org\\\/\",\"name\":\"Exaudi\",\"description\":\"News\",\"potentialAction\":[{\"@type\":\"SearchAction\",\"target\":{\"@type\":\"EntryPoint\",\"urlTemplate\":\"https:\\\/\\\/exaudi.org\\\/?s={search_term_string}\"},\"query-input\":{\"@type\":\"PropertyValueSpecification\",\"valueRequired\":true,\"valueName\":\"search_term_string\"}}],\"inLanguage\":\"es\"},{\"@type\":\"Person\",\"@id\":\"https:\\\/\\\/exaudi.org\\\/#\\\/schema\\\/person\\\/f5fc8f063065e38742da7afe15f25df7\",\"name\":\"Exaudi Redacci\u00f3n\",\"image\":{\"@type\":\"ImageObject\",\"inLanguage\":\"es\",\"@id\":\"https:\\\/\\\/secure.gravatar.com\\\/avatar\\\/fe0f6a059fb68d9b3e11bc5850dd4899b1c7492091a3cb6dd9b01b56ad828be2?s=96&d=mm&r=g\",\"url\":\"https:\\\/\\\/secure.gravatar.com\\\/avatar\\\/fe0f6a059fb68d9b3e11bc5850dd4899b1c7492091a3cb6dd9b01b56ad828be2?s=96&d=mm&r=g\",\"contentUrl\":\"https:\\\/\\\/secure.gravatar.com\\\/avatar\\\/fe0f6a059fb68d9b3e11bc5850dd4899b1c7492091a3cb6dd9b01b56ad828be2?s=96&d=mm&r=g\",\"caption\":\"Exaudi Redacci\u00f3n\"},\"description\":\"\u00bfQu\u00e9 es Exaudi News? Exaudi News es un medio de comunicaci\u00f3n cat\u00f3lico internacional que informa, forma y transforma, diariamente en espa\u00f1ol, ingl\u00e9s e italiano. A trav\u00e9s de noticias, art\u00edculos de an\u00e1lisis y transmisiones en directo de los eventos del Papa, Exaudi busca fortalecer la unidad de los cristianos y contribuir a la evangelizaci\u00f3n del mundo, siempre guiados por la doctrina social de la Iglesia. Trabajamos para acercar la verdad y los valores cristianos a cada rinc\u00f3n del planeta. \u00a1Ay\u00fadanos a transformar el mundo con Exaudi! En Exaudi creemos que la evangelizaci\u00f3n y la informaci\u00f3n de calidad pueden cambiar vidas. Para continuar con nuestra misi\u00f3n y expandir nuestro alcance, necesitamos tu ayuda. Adem\u00e1s, buscamos personas comprometidas que deseen unirse a nuestro equipo. Con tu apoyo, lograremos llegar a m\u00e1s personas, difundir el mensaje de Cristo y reforzar la unidad de los cristianos. \u00bfTe unes a nuestra misi\u00f3n? Para m\u00e1s informaci\u00f3n sobre c\u00f3mo colaborar, visita Exaudi.org\\\/es o cont\u00e1ctanos directamente: info@exaudi.org Exaudi: Informa, forma y transforma.\",\"sameAs\":[\"https:\\\/\\\/www.facebook.com\\\/ExaudiNoticias\\\/\",\"https:\\\/\\\/www.instagram.com\\\/exaudi_noticias\\\/\",\"https:\\\/\\\/x.com\\\/Exaudi_noticias\",\"https:\\\/\\\/www.youtube.com\\\/@exaudicatholicnews\"],\"url\":\"https:\\\/\\\/exaudi.org\\\/es\\\/author\\\/redaccionexaudi\\\/\"}]}<\/script>\n<!-- \/ Yoast SEO plugin. -->","yoast_head_json":{"title":"El Papa sobre camino sinodal en Alemania: El peligro es que se \u201cfiltre\u201d la ideolog\u00eda &#8211; Exaudi","description":"El Papa Francisco ha vuelto a hablar sobre el camino sinodal en Alemania y advierte sobre el peligro de que se \"filtre\" la ideolog\u00eda","robots":{"index":"index","follow":"follow","max-snippet":"max-snippet:-1","max-image-preview":"max-image-preview:large","max-video-preview":"max-video-preview:-1"},"canonical":"https:\/\/exaudi.org\/es\/papa-sobre-camino-sinodal-alemania-peligro-es-que-se-filtre-la-ideologia\/","og_locale":"es_ES","og_type":"article","og_title":"El Papa sobre camino sinodal en Alemania: El peligro es que se \u201cfiltre\u201d la ideolog\u00eda &#8211; Exaudi","og_description":"El Papa Francisco ha vuelto a hablar sobre el camino sinodal en Alemania y advierte sobre el peligro de que se \"filtre\" la ideolog\u00eda","og_url":"https:\/\/exaudi.org\/es\/papa-sobre-camino-sinodal-alemania-peligro-es-que-se-filtre-la-ideologia\/","og_site_name":"Exaudi","article_publisher":"https:\/\/www.facebook.com\/ExaudiNews","article_author":"https:\/\/www.facebook.com\/ExaudiNoticias\/","article_published_time":"2023-01-26T15:23:36+00:00","article_modified_time":"2023-01-27T10:13:58+00:00","og_image":[{"width":1707,"height":1555,"url":"https:\/\/exaudi.org\/wp-content\/uploads\/2023\/01\/SFO7756-scaled-e1674746371998.jpg","type":"image\/jpeg"}],"author":"Exaudi Redacci\u00f3n","twitter_card":"summary_large_image","twitter_creator":"@Exaudi_noticias","twitter_site":"@Exaudi_News","twitter_misc":{"Escrito por":"Exaudi Redacci\u00f3n","Tiempo de lectura":"8 minutos"},"schema":{"@context":"https:\/\/schema.org","@graph":[{"@type":"Article","@id":"https:\/\/exaudi.org\/es\/papa-sobre-camino-sinodal-alemania-peligro-es-que-se-filtre-la-ideologia\/#article","isPartOf":{"@id":"https:\/\/exaudi.org\/es\/papa-sobre-camino-sinodal-alemania-peligro-es-que-se-filtre-la-ideologia\/"},"author":{"name":"Exaudi Redacci\u00f3n","@id":"https:\/\/exaudi.org\/#\/schema\/person\/f5fc8f063065e38742da7afe15f25df7"},"headline":"El Papa sobre camino sinodal en Alemania: El peligro es que se \u201cfiltre\u201d la ideolog\u00eda","datePublished":"2023-01-26T15:23:36+00:00","dateModified":"2023-01-27T10:13:58+00:00","mainEntityOfPage":{"@id":"https:\/\/exaudi.org\/es\/papa-sobre-camino-sinodal-alemania-peligro-es-que-se-filtre-la-ideologia\/"},"wordCount":1827,"image":{"@id":"https:\/\/exaudi.org\/es\/papa-sobre-camino-sinodal-alemania-peligro-es-que-se-filtre-la-ideologia\/#primaryimage"},"thumbnailUrl":"https:\/\/exaudi.org\/wp-content\/uploads\/2023\/01\/SFO7756-scaled-e1674746371998.jpg","keywords":["Alemania","Camino Sinodal","papa francisco","Trending","Unidad"],"articleSection":["Le\u00f3n XIV"],"inLanguage":"es"},{"@type":"WebPage","@id":"https:\/\/exaudi.org\/es\/papa-sobre-camino-sinodal-alemania-peligro-es-que-se-filtre-la-ideologia\/","url":"https:\/\/exaudi.org\/es\/papa-sobre-camino-sinodal-alemania-peligro-es-que-se-filtre-la-ideologia\/","name":"El Papa sobre camino sinodal en Alemania: El peligro es que se \u201cfiltre\u201d la ideolog\u00eda &#8211; Exaudi","isPartOf":{"@id":"https:\/\/exaudi.org\/#website"},"primaryImageOfPage":{"@id":"https:\/\/exaudi.org\/es\/papa-sobre-camino-sinodal-alemania-peligro-es-que-se-filtre-la-ideologia\/#primaryimage"},"image":{"@id":"https:\/\/exaudi.org\/es\/papa-sobre-camino-sinodal-alemania-peligro-es-que-se-filtre-la-ideologia\/#primaryimage"},"thumbnailUrl":"https:\/\/exaudi.org\/wp-content\/uploads\/2023\/01\/SFO7756-scaled-e1674746371998.jpg","datePublished":"2023-01-26T15:23:36+00:00","dateModified":"2023-01-27T10:13:58+00:00","author":{"@id":"https:\/\/exaudi.org\/#\/schema\/person\/f5fc8f063065e38742da7afe15f25df7"},"description":"El Papa Francisco ha vuelto a hablar sobre el camino sinodal en Alemania y advierte sobre el peligro de que se \"filtre\" la ideolog\u00eda","breadcrumb":{"@id":"https:\/\/exaudi.org\/es\/papa-sobre-camino-sinodal-alemania-peligro-es-que-se-filtre-la-ideologia\/#breadcrumb"},"inLanguage":"es","potentialAction":[{"@type":"ReadAction","target":["https:\/\/exaudi.org\/es\/papa-sobre-camino-sinodal-alemania-peligro-es-que-se-filtre-la-ideologia\/"]}]},{"@type":"ImageObject","inLanguage":"es","@id":"https:\/\/exaudi.org\/es\/papa-sobre-camino-sinodal-alemania-peligro-es-que-se-filtre-la-ideologia\/#primaryimage","url":"https:\/\/exaudi.org\/wp-content\/uploads\/2023\/01\/SFO7756-scaled-e1674746371998.jpg","contentUrl":"https:\/\/exaudi.org\/wp-content\/uploads\/2023\/01\/SFO7756-scaled-e1674746371998.jpg","width":1707,"height":1555,"caption":"Papa Francisco \u00a9 Vatican Media"},{"@type":"BreadcrumbList","@id":"https:\/\/exaudi.org\/es\/papa-sobre-camino-sinodal-alemania-peligro-es-que-se-filtre-la-ideologia\/#breadcrumb","itemListElement":[{"@type":"ListItem","position":1,"name":"Portada","item":"https:\/\/exaudi.org\/es\/"},{"@type":"ListItem","position":2,"name":"El Papa sobre camino sinodal en Alemania: El peligro es que se \u201cfiltre\u201d la ideolog\u00eda"}]},{"@type":"WebSite","@id":"https:\/\/exaudi.org\/#website","url":"https:\/\/exaudi.org\/","name":"Exaudi","description":"News","potentialAction":[{"@type":"SearchAction","target":{"@type":"EntryPoint","urlTemplate":"https:\/\/exaudi.org\/?s={search_term_string}"},"query-input":{"@type":"PropertyValueSpecification","valueRequired":true,"valueName":"search_term_string"}}],"inLanguage":"es"},{"@type":"Person","@id":"https:\/\/exaudi.org\/#\/schema\/person\/f5fc8f063065e38742da7afe15f25df7","name":"Exaudi Redacci\u00f3n","image":{"@type":"ImageObject","inLanguage":"es","@id":"https:\/\/secure.gravatar.com\/avatar\/fe0f6a059fb68d9b3e11bc5850dd4899b1c7492091a3cb6dd9b01b56ad828be2?s=96&d=mm&r=g","url":"https:\/\/secure.gravatar.com\/avatar\/fe0f6a059fb68d9b3e11bc5850dd4899b1c7492091a3cb6dd9b01b56ad828be2?s=96&d=mm&r=g","contentUrl":"https:\/\/secure.gravatar.com\/avatar\/fe0f6a059fb68d9b3e11bc5850dd4899b1c7492091a3cb6dd9b01b56ad828be2?s=96&d=mm&r=g","caption":"Exaudi Redacci\u00f3n"},"description":"\u00bfQu\u00e9 es Exaudi News? Exaudi News es un medio de comunicaci\u00f3n cat\u00f3lico internacional que informa, forma y transforma, diariamente en espa\u00f1ol, ingl\u00e9s e italiano. A trav\u00e9s de noticias, art\u00edculos de an\u00e1lisis y transmisiones en directo de los eventos del Papa, Exaudi busca fortalecer la unidad de los cristianos y contribuir a la evangelizaci\u00f3n del mundo, siempre guiados por la doctrina social de la Iglesia. Trabajamos para acercar la verdad y los valores cristianos a cada rinc\u00f3n del planeta. \u00a1Ay\u00fadanos a transformar el mundo con Exaudi! En Exaudi creemos que la evangelizaci\u00f3n y la informaci\u00f3n de calidad pueden cambiar vidas. Para continuar con nuestra misi\u00f3n y expandir nuestro alcance, necesitamos tu ayuda. Adem\u00e1s, buscamos personas comprometidas que deseen unirse a nuestro equipo. Con tu apoyo, lograremos llegar a m\u00e1s personas, difundir el mensaje de Cristo y reforzar la unidad de los cristianos. \u00bfTe unes a nuestra misi\u00f3n? Para m\u00e1s informaci\u00f3n sobre c\u00f3mo colaborar, visita Exaudi.org\/es o cont\u00e1ctanos directamente: info@exaudi.org Exaudi: Informa, forma y transforma.","sameAs":["https:\/\/www.facebook.com\/ExaudiNoticias\/","https:\/\/www.instagram.com\/exaudi_noticias\/","https:\/\/x.com\/Exaudi_noticias","https:\/\/www.youtube.com\/@exaudicatholicnews"],"url":"https:\/\/exaudi.org\/es\/author\/redaccionexaudi\/"}]}},"jetpack_featured_media_url":"https:\/\/exaudi.org\/wp-content\/uploads\/2023\/01\/SFO7756-scaled-e1674746371998.jpg","jetpack_shortlink":"https:\/\/wp.me\/pgKjF2-i0v","_links":{"self":[{"href":"https:\/\/exaudi.org\/es\/wp-json\/wp\/v2\/posts\/69223","targetHints":{"allow":["GET"]}}],"collection":[{"href":"https:\/\/exaudi.org\/es\/wp-json\/wp\/v2\/posts"}],"about":[{"href":"https:\/\/exaudi.org\/es\/wp-json\/wp\/v2\/types\/post"}],"author":[{"embeddable":true,"href":"https:\/\/exaudi.org\/es\/wp-json\/wp\/v2\/users\/15"}],"replies":[{"embeddable":true,"href":"https:\/\/exaudi.org\/es\/wp-json\/wp\/v2\/comments?post=69223"}],"version-history":[{"count":0,"href":"https:\/\/exaudi.org\/es\/wp-json\/wp\/v2\/posts\/69223\/revisions"}],"wp:featuredmedia":[{"embeddable":true,"href":"https:\/\/exaudi.org\/es\/wp-json\/wp\/v2\/media\/69234"}],"wp:attachment":[{"href":"https:\/\/exaudi.org\/es\/wp-json\/wp\/v2\/media?parent=69223"}],"wp:term":[{"taxonomy":"category","embeddable":true,"href":"https:\/\/exaudi.org\/es\/wp-json\/wp\/v2\/categories?post=69223"},{"taxonomy":"post_tag","embeddable":true,"href":"https:\/\/exaudi.org\/es\/wp-json\/wp\/v2\/tags?post=69223"}],"curies":[{"name":"wp","href":"https:\/\/api.w.org\/{rel}","templated":true}]}}