{"id":69188,"date":"2023-01-26T19:00:27","date_gmt":"2023-01-26T18:00:27","guid":{"rendered":"https:\/\/exaudi.org\/?p=69188"},"modified":"2023-01-28T17:13:44","modified_gmt":"2023-01-28T16:13:44","slug":"produccion-de-seres-humanos-a-la-carta","status":"publish","type":"post","link":"https:\/\/exaudi.org\/es\/produccion-de-seres-humanos-a-la-carta\/","title":{"rendered":"\u00bfProducci\u00f3n de seres humanos a la carta?"},"content":{"rendered":"<audio class=\"wp-audio-shortcode\" id=\"audio-69188-1\" preload=\"none\" style=\"width: 100%;\" controls=\"controls\"><source type=\"audio\/mpeg\" src=\"https:\/\/exaudi.org\/wp-content\/uploads\/2023\/01\/\u00bfProduccion-de-seres-humanos-a-la-carta-III.mp3?_=1\" \/><a href=\"https:\/\/exaudi.org\/wp-content\/uploads\/2023\/01\/\u00bfProduccion-de-seres-humanos-a-la-carta-III.mp3\">https:\/\/exaudi.org\/wp-content\/uploads\/2023\/01\/\u00bfProduccion-de-seres-humanos-a-la-carta-III.mp3<\/a><\/audio>\n<p>El Seminario Internacional, organizado por la Academia Latinoamericana de L\u00edderes Cat\u00f3licos junto con el Instituto de Bio\u00e9tica de la Universidad Cat\u00f3lica de Argentina, la Universidad Finis Terrae de Chile y la Fundaci\u00f3n Universitaria Cat\u00f3lica del Sur de Colombia, tienen por objetivo, presentar los fundamentos antropol\u00f3gicos, filos\u00f3ficos, cient\u00edficos y \u00e9ticos del valor y car\u00e1cter inviolable de la vida humana. Este curso est\u00e1 dirigido a hombres y mujeres profesionales de la salud, agentes pastorales de la salud, sacerdotes, religiosas y dirigentes de organizaciones pr\u00f3vida, preocupados de la promoci\u00f3n y defensa de la vida humana desde su concepci\u00f3n. Las sesiones se llevar\u00e1n a cabo desde el s\u00e1bado 4 al 25 de febrero, a trav\u00e9s de la plataforma Zoom.<\/p>\n<p>Los docentes que impartir\u00e1n este curso, son del m\u00e1s alto nivel, como Manuel Santos, Director del instituto de Bio\u00e9tica de la Universidad Finis Terrae (Chile), Jos\u00e9 \u00c1ngel C\u00f3rdova Villalobos, Ex presidente del Consejo Directivo de la Organizaci\u00f3n Panamericana de Salud, Karina Ordo\u00f1ez Torres, Magister en Bio\u00e9tica por la Pontificia Universidad Cat\u00f3lica de Chile y profesora de la Escuela de Medicina de la Universidad Aut\u00f3noma de Chihuahua, P. Rub\u00e9n Revello, Coordinador del centro de Bio\u00e9tica de la Universidad Cat\u00f3lica (Argentina), Melissa Moschella, Profesora adjunta de Catholic University of America (USA), entre otros, quienes abordar\u00e1n tem\u00e1ticas sobre la defensa a la vida y sus inicios, adem\u00e1s de las consecuencias que generan la clonaci\u00f3n y reproducci\u00f3n del ser humano en laboratorios de cualquier \u00edndole, exponiendo una postura tanto m\u00e9dica como magisterial.<\/p>\n<p>Por otro lado, el Dr. Patricio Ventura-Junca, Ex miembro del Consejo Directivo de la Pontificia Academia para la Vida, se\u00f1ala porque es importan el seminario: <strong><em>\u201cAborda temas candentes y de actualidad referentes a los problemas del inicio de la vida. El avance cient\u00edfico tecnol\u00f3gico permite hoy d\u00eda intervenciones en el inicio de la vida que deben ser examinados con informaci\u00f3n cient\u00edfica actualizada y evaluados con el debido respeto por la vida y el impacto que tengan en las relaciones personales, familiares y con la sociedad. Un tema central ser\u00e1n aquellos relacionados con la procreaci\u00f3n natural y la fertilizaci\u00f3n. Temas de especial inter\u00e9s para las parejas que tienen la esperanza de un amor fecundo que se prolongue en los hijos\u201d.<\/em><\/strong><\/p>\n<p>Por \u00faltimo, la profesora adjunta de Catholic University of America (USA), Melissa Moschella, destaca que la iglesia tiene una voz relevante sobre el tema: <strong><em>\u201cLa Iglesia se compromete a promover una cultura de la vida que respeta y promueve la dignidad de todas las personas, desde la concepci\u00f3n hasta la muerte. Por eso, tiene la responsabilidad de ayudarnos a evaluar las nuevas biotecnolog\u00edas para proteger la dignidad humana, especialmente la dignidad de los m\u00e1s vulnerables\u201d.<\/em><\/strong><\/p>\n<p><strong>El curso tiene un valor de 100 USD, pero contar\u00e1 con acceso a becas para todos aquellos que deseen postular <\/strong><a href=\"https:\/\/liderescatolicos.net\/bioetica3\/costos-y-becas.html\"><strong>https:\/\/liderescatolicos.net\/bioetica3\/costos-y-becas.html<\/strong><\/a><\/p>\n<p>Para mayor informaci\u00f3n sobre el curso, puede escribir al correo <u>bioetica@liderescatolicos.net<\/u> o ingresar a la p\u00e1gina <a href=\"http:\/\/liderescatolicos.net\/bioetica3\/\">http:\/\/liderescatolicos.net\/bioetica3\/<\/a><\/p>\n<p>La Academia Latinoamericana de L\u00edderes Cat\u00f3licos, es un centro de formaci\u00f3n internacional con presencia en 11 pa\u00edses de Am\u00e9rica Latina, cuya misi\u00f3n es formar l\u00edderes desde una perspectiva cat\u00f3lica, arraigados en la fe de la Iglesia, para transformar el mundo social, pol\u00edtico y econ\u00f3mico a la luz de la Doctrina Social de la Iglesia.<\/p>\n<p><img loading=\"lazy\" decoding=\"async\" class=\"alignleft size-full wp-image-69192\" src=\"https:\/\/exaudi.org\/wp-content\/uploads\/2023\/01\/2-feed-instagram-Flyer-BIOETICA-05-1.png\" alt=\"\" width=\"1081\" height=\"1081\" srcset=\"https:\/\/exaudi.org\/wp-content\/uploads\/2023\/01\/2-feed-instagram-Flyer-BIOETICA-05-1.png 1081w, https:\/\/exaudi.org\/wp-content\/uploads\/2023\/01\/2-feed-instagram-Flyer-BIOETICA-05-1-300x300.png 300w, https:\/\/exaudi.org\/wp-content\/uploads\/2023\/01\/2-feed-instagram-Flyer-BIOETICA-05-1-1024x1024.png 1024w, https:\/\/exaudi.org\/wp-content\/uploads\/2023\/01\/2-feed-instagram-Flyer-BIOETICA-05-1-100x100.png?crop=1 100w, https:\/\/exaudi.org\/wp-content\/uploads\/2023\/01\/2-feed-instagram-Flyer-BIOETICA-05-1-770x770.png 770w, https:\/\/exaudi.org\/wp-content\/uploads\/2023\/01\/2-feed-instagram-Flyer-BIOETICA-05-1-500x500.png 500w, https:\/\/exaudi.org\/wp-content\/uploads\/2023\/01\/2-feed-instagram-Flyer-BIOETICA-05-1-293x293.png 293w, https:\/\/exaudi.org\/wp-content\/uploads\/2023\/01\/2-feed-instagram-Flyer-BIOETICA-05-1-390x390.png 390w, https:\/\/exaudi.org\/wp-content\/uploads\/2023\/01\/2-feed-instagram-Flyer-BIOETICA-05-1-585x585.png 585w, https:\/\/exaudi.org\/wp-content\/uploads\/2023\/01\/2-feed-instagram-Flyer-BIOETICA-05-1-900x900.png 900w\" sizes=\"auto, (max-width: 1081px) 100vw, 1081px\" \/><img loading=\"lazy\" decoding=\"async\" class=\"alignleft size-full wp-image-69189\" src=\"https:\/\/exaudi.org\/wp-content\/uploads\/2023\/01\/1-feed-instagram-Flyer-BIOETICA-01.png\" alt=\"\" width=\"1081\" height=\"1081\" srcset=\"https:\/\/exaudi.org\/wp-content\/uploads\/2023\/01\/1-feed-instagram-Flyer-BIOETICA-01.png 1081w, https:\/\/exaudi.org\/wp-content\/uploads\/2023\/01\/1-feed-instagram-Flyer-BIOETICA-01-300x300.png 300w, https:\/\/exaudi.org\/wp-content\/uploads\/2023\/01\/1-feed-instagram-Flyer-BIOETICA-01-1024x1024.png 1024w, https:\/\/exaudi.org\/wp-content\/uploads\/2023\/01\/1-feed-instagram-Flyer-BIOETICA-01-100x100.png?crop=1 100w, https:\/\/exaudi.org\/wp-content\/uploads\/2023\/01\/1-feed-instagram-Flyer-BIOETICA-01-770x770.png 770w, https:\/\/exaudi.org\/wp-content\/uploads\/2023\/01\/1-feed-instagram-Flyer-BIOETICA-01-500x500.png 500w, https:\/\/exaudi.org\/wp-content\/uploads\/2023\/01\/1-feed-instagram-Flyer-BIOETICA-01-293x293.png 293w, https:\/\/exaudi.org\/wp-content\/uploads\/2023\/01\/1-feed-instagram-Flyer-BIOETICA-01-390x390.png 390w, https:\/\/exaudi.org\/wp-content\/uploads\/2023\/01\/1-feed-instagram-Flyer-BIOETICA-01-585x585.png 585w, https:\/\/exaudi.org\/wp-content\/uploads\/2023\/01\/1-feed-instagram-Flyer-BIOETICA-01-900x900.png 900w\" sizes=\"auto, (max-width: 1081px) 100vw, 1081px\" \/><\/p>\n","protected":false},"excerpt":{"rendered":"<p>III Seminario Internacional de Bio\u00e9tica <\/p>\n","protected":false},"author":15,"featured_media":69198,"comment_status":"closed","ping_status":"closed","sticky":false,"template":"","format":"standard","meta":{"_acf_changed":false,"_crdt_document":"","inline_featured_image":false,"footnotes":""},"categories":[74],"tags":[728,2423],"class_list":["post-69188","post","type-post","status-publish","format-standard","has-post-thumbnail","hentry","category-iglesia-y-mundo","tag-bioetica","tag-seminario"],"acf":[],"yoast_head":"<!-- This site is optimized with the Yoast SEO plugin v27.4 - https:\/\/yoast.com\/product\/yoast-seo-wordpress\/ -->\n<title>\u00bfProducci\u00f3n de seres humanos a la carta? &#8211; Exaudi<\/title>\n<meta name=\"robots\" content=\"index, follow, max-snippet:-1, max-image-preview:large, max-video-preview:-1\" \/>\n<link rel=\"canonical\" href=\"https:\/\/exaudi.org\/es\/produccion-de-seres-humanos-a-la-carta\/\" \/>\n<meta property=\"og:locale\" content=\"es_ES\" \/>\n<meta property=\"og:type\" content=\"article\" \/>\n<meta property=\"og:title\" content=\"\u00bfProducci\u00f3n de seres humanos a la carta? &#8211; Exaudi\" \/>\n<meta property=\"og:description\" content=\"III Seminario Internacional de Bio\u00e9tica\" \/>\n<meta property=\"og:url\" content=\"https:\/\/exaudi.org\/es\/produccion-de-seres-humanos-a-la-carta\/\" \/>\n<meta property=\"og:site_name\" content=\"Exaudi\" \/>\n<meta property=\"article:publisher\" content=\"https:\/\/www.facebook.com\/ExaudiNews\" \/>\n<meta property=\"article:author\" content=\"https:\/\/www.facebook.com\/ExaudiNoticias\/\" \/>\n<meta property=\"article:published_time\" content=\"2023-01-26T18:00:27+00:00\" \/>\n<meta property=\"article:modified_time\" content=\"2023-01-28T16:13:44+00:00\" \/>\n<meta property=\"og:image\" content=\"https:\/\/exaudi.org\/wp-content\/uploads\/2023\/01\/pexels-rfstudio-3825573-scaled.jpg\" \/>\n\t<meta property=\"og:image:width\" content=\"2560\" \/>\n\t<meta property=\"og:image:height\" content=\"1828\" \/>\n\t<meta property=\"og:image:type\" content=\"image\/jpeg\" \/>\n<meta name=\"author\" content=\"Exaudi Redacci\u00f3n\" \/>\n<meta name=\"twitter:card\" content=\"summary_large_image\" \/>\n<meta name=\"twitter:creator\" content=\"@Exaudi_noticias\" \/>\n<meta name=\"twitter:site\" content=\"@Exaudi_News\" \/>\n<meta name=\"twitter:label1\" content=\"Escrito por\" \/>\n\t<meta name=\"twitter:data1\" content=\"Exaudi Redacci\u00f3n\" \/>\n\t<meta name=\"twitter:label2\" content=\"Tiempo de lectura\" \/>\n\t<meta name=\"twitter:data2\" content=\"3 minutos\" \/>\n<script type=\"application\/ld+json\" class=\"yoast-schema-graph\">{\"@context\":\"https:\\\/\\\/schema.org\",\"@graph\":[{\"@type\":\"Article\",\"@id\":\"https:\\\/\\\/exaudi.org\\\/es\\\/produccion-de-seres-humanos-a-la-carta\\\/#article\",\"isPartOf\":{\"@id\":\"https:\\\/\\\/exaudi.org\\\/es\\\/produccion-de-seres-humanos-a-la-carta\\\/\"},\"author\":{\"name\":\"Exaudi Redacci\u00f3n\",\"@id\":\"https:\\\/\\\/exaudi.org\\\/#\\\/schema\\\/person\\\/f5fc8f063065e38742da7afe15f25df7\"},\"headline\":\"\u00bfProducci\u00f3n de seres humanos a la carta?\",\"datePublished\":\"2023-01-26T18:00:27+00:00\",\"dateModified\":\"2023-01-28T16:13:44+00:00\",\"mainEntityOfPage\":{\"@id\":\"https:\\\/\\\/exaudi.org\\\/es\\\/produccion-de-seres-humanos-a-la-carta\\\/\"},\"wordCount\":612,\"image\":{\"@id\":\"https:\\\/\\\/exaudi.org\\\/es\\\/produccion-de-seres-humanos-a-la-carta\\\/#primaryimage\"},\"thumbnailUrl\":\"https:\\\/\\\/exaudi.org\\\/wp-content\\\/uploads\\\/2023\\\/01\\\/pexels-rfstudio-3825573-scaled.jpg\",\"keywords\":[\"Bio\u00e9tica\",\"Seminario\"],\"articleSection\":[\"Iglesia y Mundo\"],\"inLanguage\":\"es\"},{\"@type\":\"WebPage\",\"@id\":\"https:\\\/\\\/exaudi.org\\\/es\\\/produccion-de-seres-humanos-a-la-carta\\\/\",\"url\":\"https:\\\/\\\/exaudi.org\\\/es\\\/produccion-de-seres-humanos-a-la-carta\\\/\",\"name\":\"\u00bfProducci\u00f3n de seres humanos a la carta? &#8211; Exaudi\",\"isPartOf\":{\"@id\":\"https:\\\/\\\/exaudi.org\\\/#website\"},\"primaryImageOfPage\":{\"@id\":\"https:\\\/\\\/exaudi.org\\\/es\\\/produccion-de-seres-humanos-a-la-carta\\\/#primaryimage\"},\"image\":{\"@id\":\"https:\\\/\\\/exaudi.org\\\/es\\\/produccion-de-seres-humanos-a-la-carta\\\/#primaryimage\"},\"thumbnailUrl\":\"https:\\\/\\\/exaudi.org\\\/wp-content\\\/uploads\\\/2023\\\/01\\\/pexels-rfstudio-3825573-scaled.jpg\",\"datePublished\":\"2023-01-26T18:00:27+00:00\",\"dateModified\":\"2023-01-28T16:13:44+00:00\",\"author\":{\"@id\":\"https:\\\/\\\/exaudi.org\\\/#\\\/schema\\\/person\\\/f5fc8f063065e38742da7afe15f25df7\"},\"breadcrumb\":{\"@id\":\"https:\\\/\\\/exaudi.org\\\/es\\\/produccion-de-seres-humanos-a-la-carta\\\/#breadcrumb\"},\"inLanguage\":\"es\",\"potentialAction\":[{\"@type\":\"ReadAction\",\"target\":[\"https:\\\/\\\/exaudi.org\\\/es\\\/produccion-de-seres-humanos-a-la-carta\\\/\"]}]},{\"@type\":\"ImageObject\",\"inLanguage\":\"es\",\"@id\":\"https:\\\/\\\/exaudi.org\\\/es\\\/produccion-de-seres-humanos-a-la-carta\\\/#primaryimage\",\"url\":\"https:\\\/\\\/exaudi.org\\\/wp-content\\\/uploads\\\/2023\\\/01\\\/pexels-rfstudio-3825573-scaled.jpg\",\"contentUrl\":\"https:\\\/\\\/exaudi.org\\\/wp-content\\\/uploads\\\/2023\\\/01\\\/pexels-rfstudio-3825573-scaled.jpg\",\"width\":2560,\"height\":1828,\"caption\":\"(C) Pexels\"},{\"@type\":\"BreadcrumbList\",\"@id\":\"https:\\\/\\\/exaudi.org\\\/es\\\/produccion-de-seres-humanos-a-la-carta\\\/#breadcrumb\",\"itemListElement\":[{\"@type\":\"ListItem\",\"position\":1,\"name\":\"Portada\",\"item\":\"https:\\\/\\\/exaudi.org\\\/es\\\/\"},{\"@type\":\"ListItem\",\"position\":2,\"name\":\"\u00bfProducci\u00f3n de seres humanos a la carta?\"}]},{\"@type\":\"WebSite\",\"@id\":\"https:\\\/\\\/exaudi.org\\\/#website\",\"url\":\"https:\\\/\\\/exaudi.org\\\/\",\"name\":\"Exaudi\",\"description\":\"News\",\"potentialAction\":[{\"@type\":\"SearchAction\",\"target\":{\"@type\":\"EntryPoint\",\"urlTemplate\":\"https:\\\/\\\/exaudi.org\\\/?s={search_term_string}\"},\"query-input\":{\"@type\":\"PropertyValueSpecification\",\"valueRequired\":true,\"valueName\":\"search_term_string\"}}],\"inLanguage\":\"es\"},{\"@type\":\"Person\",\"@id\":\"https:\\\/\\\/exaudi.org\\\/#\\\/schema\\\/person\\\/f5fc8f063065e38742da7afe15f25df7\",\"name\":\"Exaudi Redacci\u00f3n\",\"image\":{\"@type\":\"ImageObject\",\"inLanguage\":\"es\",\"@id\":\"https:\\\/\\\/secure.gravatar.com\\\/avatar\\\/fe0f6a059fb68d9b3e11bc5850dd4899b1c7492091a3cb6dd9b01b56ad828be2?s=96&d=mm&r=g\",\"url\":\"https:\\\/\\\/secure.gravatar.com\\\/avatar\\\/fe0f6a059fb68d9b3e11bc5850dd4899b1c7492091a3cb6dd9b01b56ad828be2?s=96&d=mm&r=g\",\"contentUrl\":\"https:\\\/\\\/secure.gravatar.com\\\/avatar\\\/fe0f6a059fb68d9b3e11bc5850dd4899b1c7492091a3cb6dd9b01b56ad828be2?s=96&d=mm&r=g\",\"caption\":\"Exaudi Redacci\u00f3n\"},\"description\":\"\u00bfQu\u00e9 es Exaudi News? Exaudi News es un medio de comunicaci\u00f3n cat\u00f3lico internacional que informa, forma y transforma, diariamente en espa\u00f1ol, ingl\u00e9s e italiano. A trav\u00e9s de noticias, art\u00edculos de an\u00e1lisis y transmisiones en directo de los eventos del Papa, Exaudi busca fortalecer la unidad de los cristianos y contribuir a la evangelizaci\u00f3n del mundo, siempre guiados por la doctrina social de la Iglesia. Trabajamos para acercar la verdad y los valores cristianos a cada rinc\u00f3n del planeta. \u00a1Ay\u00fadanos a transformar el mundo con Exaudi! En Exaudi creemos que la evangelizaci\u00f3n y la informaci\u00f3n de calidad pueden cambiar vidas. Para continuar con nuestra misi\u00f3n y expandir nuestro alcance, necesitamos tu ayuda. Adem\u00e1s, buscamos personas comprometidas que deseen unirse a nuestro equipo. Con tu apoyo, lograremos llegar a m\u00e1s personas, difundir el mensaje de Cristo y reforzar la unidad de los cristianos. \u00bfTe unes a nuestra misi\u00f3n? Para m\u00e1s informaci\u00f3n sobre c\u00f3mo colaborar, visita Exaudi.org\\\/es o cont\u00e1ctanos directamente: info@exaudi.org Exaudi: Informa, forma y transforma.\",\"sameAs\":[\"https:\\\/\\\/www.facebook.com\\\/ExaudiNoticias\\\/\",\"https:\\\/\\\/www.instagram.com\\\/exaudi_noticias\\\/\",\"https:\\\/\\\/x.com\\\/Exaudi_noticias\",\"https:\\\/\\\/www.youtube.com\\\/@exaudicatholicnews\"],\"url\":\"https:\\\/\\\/exaudi.org\\\/es\\\/author\\\/redaccionexaudi\\\/\"}]}<\/script>\n<!-- \/ Yoast SEO plugin. -->","yoast_head_json":{"title":"\u00bfProducci\u00f3n de seres humanos a la carta? &#8211; Exaudi","robots":{"index":"index","follow":"follow","max-snippet":"max-snippet:-1","max-image-preview":"max-image-preview:large","max-video-preview":"max-video-preview:-1"},"canonical":"https:\/\/exaudi.org\/es\/produccion-de-seres-humanos-a-la-carta\/","og_locale":"es_ES","og_type":"article","og_title":"\u00bfProducci\u00f3n de seres humanos a la carta? &#8211; Exaudi","og_description":"III Seminario Internacional de Bio\u00e9tica","og_url":"https:\/\/exaudi.org\/es\/produccion-de-seres-humanos-a-la-carta\/","og_site_name":"Exaudi","article_publisher":"https:\/\/www.facebook.com\/ExaudiNews","article_author":"https:\/\/www.facebook.com\/ExaudiNoticias\/","article_published_time":"2023-01-26T18:00:27+00:00","article_modified_time":"2023-01-28T16:13:44+00:00","og_image":[{"width":2560,"height":1828,"url":"https:\/\/exaudi.org\/wp-content\/uploads\/2023\/01\/pexels-rfstudio-3825573-scaled.jpg","type":"image\/jpeg"}],"author":"Exaudi Redacci\u00f3n","twitter_card":"summary_large_image","twitter_creator":"@Exaudi_noticias","twitter_site":"@Exaudi_News","twitter_misc":{"Escrito por":"Exaudi Redacci\u00f3n","Tiempo de lectura":"3 minutos"},"schema":{"@context":"https:\/\/schema.org","@graph":[{"@type":"Article","@id":"https:\/\/exaudi.org\/es\/produccion-de-seres-humanos-a-la-carta\/#article","isPartOf":{"@id":"https:\/\/exaudi.org\/es\/produccion-de-seres-humanos-a-la-carta\/"},"author":{"name":"Exaudi Redacci\u00f3n","@id":"https:\/\/exaudi.org\/#\/schema\/person\/f5fc8f063065e38742da7afe15f25df7"},"headline":"\u00bfProducci\u00f3n de seres humanos a la carta?","datePublished":"2023-01-26T18:00:27+00:00","dateModified":"2023-01-28T16:13:44+00:00","mainEntityOfPage":{"@id":"https:\/\/exaudi.org\/es\/produccion-de-seres-humanos-a-la-carta\/"},"wordCount":612,"image":{"@id":"https:\/\/exaudi.org\/es\/produccion-de-seres-humanos-a-la-carta\/#primaryimage"},"thumbnailUrl":"https:\/\/exaudi.org\/wp-content\/uploads\/2023\/01\/pexels-rfstudio-3825573-scaled.jpg","keywords":["Bio\u00e9tica","Seminario"],"articleSection":["Iglesia y Mundo"],"inLanguage":"es"},{"@type":"WebPage","@id":"https:\/\/exaudi.org\/es\/produccion-de-seres-humanos-a-la-carta\/","url":"https:\/\/exaudi.org\/es\/produccion-de-seres-humanos-a-la-carta\/","name":"\u00bfProducci\u00f3n de seres humanos a la carta? &#8211; Exaudi","isPartOf":{"@id":"https:\/\/exaudi.org\/#website"},"primaryImageOfPage":{"@id":"https:\/\/exaudi.org\/es\/produccion-de-seres-humanos-a-la-carta\/#primaryimage"},"image":{"@id":"https:\/\/exaudi.org\/es\/produccion-de-seres-humanos-a-la-carta\/#primaryimage"},"thumbnailUrl":"https:\/\/exaudi.org\/wp-content\/uploads\/2023\/01\/pexels-rfstudio-3825573-scaled.jpg","datePublished":"2023-01-26T18:00:27+00:00","dateModified":"2023-01-28T16:13:44+00:00","author":{"@id":"https:\/\/exaudi.org\/#\/schema\/person\/f5fc8f063065e38742da7afe15f25df7"},"breadcrumb":{"@id":"https:\/\/exaudi.org\/es\/produccion-de-seres-humanos-a-la-carta\/#breadcrumb"},"inLanguage":"es","potentialAction":[{"@type":"ReadAction","target":["https:\/\/exaudi.org\/es\/produccion-de-seres-humanos-a-la-carta\/"]}]},{"@type":"ImageObject","inLanguage":"es","@id":"https:\/\/exaudi.org\/es\/produccion-de-seres-humanos-a-la-carta\/#primaryimage","url":"https:\/\/exaudi.org\/wp-content\/uploads\/2023\/01\/pexels-rfstudio-3825573-scaled.jpg","contentUrl":"https:\/\/exaudi.org\/wp-content\/uploads\/2023\/01\/pexels-rfstudio-3825573-scaled.jpg","width":2560,"height":1828,"caption":"(C) Pexels"},{"@type":"BreadcrumbList","@id":"https:\/\/exaudi.org\/es\/produccion-de-seres-humanos-a-la-carta\/#breadcrumb","itemListElement":[{"@type":"ListItem","position":1,"name":"Portada","item":"https:\/\/exaudi.org\/es\/"},{"@type":"ListItem","position":2,"name":"\u00bfProducci\u00f3n de seres humanos a la carta?"}]},{"@type":"WebSite","@id":"https:\/\/exaudi.org\/#website","url":"https:\/\/exaudi.org\/","name":"Exaudi","description":"News","potentialAction":[{"@type":"SearchAction","target":{"@type":"EntryPoint","urlTemplate":"https:\/\/exaudi.org\/?s={search_term_string}"},"query-input":{"@type":"PropertyValueSpecification","valueRequired":true,"valueName":"search_term_string"}}],"inLanguage":"es"},{"@type":"Person","@id":"https:\/\/exaudi.org\/#\/schema\/person\/f5fc8f063065e38742da7afe15f25df7","name":"Exaudi Redacci\u00f3n","image":{"@type":"ImageObject","inLanguage":"es","@id":"https:\/\/secure.gravatar.com\/avatar\/fe0f6a059fb68d9b3e11bc5850dd4899b1c7492091a3cb6dd9b01b56ad828be2?s=96&d=mm&r=g","url":"https:\/\/secure.gravatar.com\/avatar\/fe0f6a059fb68d9b3e11bc5850dd4899b1c7492091a3cb6dd9b01b56ad828be2?s=96&d=mm&r=g","contentUrl":"https:\/\/secure.gravatar.com\/avatar\/fe0f6a059fb68d9b3e11bc5850dd4899b1c7492091a3cb6dd9b01b56ad828be2?s=96&d=mm&r=g","caption":"Exaudi Redacci\u00f3n"},"description":"\u00bfQu\u00e9 es Exaudi News? Exaudi News es un medio de comunicaci\u00f3n cat\u00f3lico internacional que informa, forma y transforma, diariamente en espa\u00f1ol, ingl\u00e9s e italiano. A trav\u00e9s de noticias, art\u00edculos de an\u00e1lisis y transmisiones en directo de los eventos del Papa, Exaudi busca fortalecer la unidad de los cristianos y contribuir a la evangelizaci\u00f3n del mundo, siempre guiados por la doctrina social de la Iglesia. Trabajamos para acercar la verdad y los valores cristianos a cada rinc\u00f3n del planeta. \u00a1Ay\u00fadanos a transformar el mundo con Exaudi! En Exaudi creemos que la evangelizaci\u00f3n y la informaci\u00f3n de calidad pueden cambiar vidas. Para continuar con nuestra misi\u00f3n y expandir nuestro alcance, necesitamos tu ayuda. Adem\u00e1s, buscamos personas comprometidas que deseen unirse a nuestro equipo. Con tu apoyo, lograremos llegar a m\u00e1s personas, difundir el mensaje de Cristo y reforzar la unidad de los cristianos. \u00bfTe unes a nuestra misi\u00f3n? Para m\u00e1s informaci\u00f3n sobre c\u00f3mo colaborar, visita Exaudi.org\/es o cont\u00e1ctanos directamente: info@exaudi.org Exaudi: Informa, forma y transforma.","sameAs":["https:\/\/www.facebook.com\/ExaudiNoticias\/","https:\/\/www.instagram.com\/exaudi_noticias\/","https:\/\/x.com\/Exaudi_noticias","https:\/\/www.youtube.com\/@exaudicatholicnews"],"url":"https:\/\/exaudi.org\/es\/author\/redaccionexaudi\/"}]}},"jetpack_featured_media_url":"https:\/\/exaudi.org\/wp-content\/uploads\/2023\/01\/pexels-rfstudio-3825573-scaled.jpg","jetpack_shortlink":"https:\/\/wp.me\/pgKjF2-hZW","_links":{"self":[{"href":"https:\/\/exaudi.org\/es\/wp-json\/wp\/v2\/posts\/69188","targetHints":{"allow":["GET"]}}],"collection":[{"href":"https:\/\/exaudi.org\/es\/wp-json\/wp\/v2\/posts"}],"about":[{"href":"https:\/\/exaudi.org\/es\/wp-json\/wp\/v2\/types\/post"}],"author":[{"embeddable":true,"href":"https:\/\/exaudi.org\/es\/wp-json\/wp\/v2\/users\/15"}],"replies":[{"embeddable":true,"href":"https:\/\/exaudi.org\/es\/wp-json\/wp\/v2\/comments?post=69188"}],"version-history":[{"count":0,"href":"https:\/\/exaudi.org\/es\/wp-json\/wp\/v2\/posts\/69188\/revisions"}],"wp:featuredmedia":[{"embeddable":true,"href":"https:\/\/exaudi.org\/es\/wp-json\/wp\/v2\/media\/69198"}],"wp:attachment":[{"href":"https:\/\/exaudi.org\/es\/wp-json\/wp\/v2\/media?parent=69188"}],"wp:term":[{"taxonomy":"category","embeddable":true,"href":"https:\/\/exaudi.org\/es\/wp-json\/wp\/v2\/categories?post=69188"},{"taxonomy":"post_tag","embeddable":true,"href":"https:\/\/exaudi.org\/es\/wp-json\/wp\/v2\/tags?post=69188"}],"curies":[{"name":"wp","href":"https:\/\/api.w.org\/{rel}","templated":true}]}}