{"id":69169,"date":"2023-01-26T11:05:57","date_gmt":"2023-01-26T10:05:57","guid":{"rendered":"https:\/\/exaudi.org\/?p=69169"},"modified":"2023-01-26T11:14:27","modified_gmt":"2023-01-26T10:14:27","slug":"los-impactos-sociales-actuales-muestran-la-falta-de-sostenibilidad-de-nuestros-proyectos-sociales","status":"publish","type":"post","link":"https:\/\/exaudi.org\/es\/los-impactos-sociales-actuales-muestran-la-falta-de-sostenibilidad-de-nuestros-proyectos-sociales\/","title":{"rendered":"Una magn\u00edfica oportunidad para hacerlo bien"},"content":{"rendered":"<audio class=\"wp-audio-shortcode\" id=\"audio-69169-1\" preload=\"none\" style=\"width: 100%;\" controls=\"controls\"><source type=\"audio\/mpeg\" src=\"https:\/\/exaudi.org\/wp-content\/uploads\/2023\/01\/Una-magnifica-oportunidad-para-hacerlo-bien-Los.mp3?_=1\" \/><a href=\"https:\/\/exaudi.org\/wp-content\/uploads\/2023\/01\/Una-magnifica-oportunidad-para-hacerlo-bien-Los.mp3\">https:\/\/exaudi.org\/wp-content\/uploads\/2023\/01\/Una-magnifica-oportunidad-para-hacerlo-bien-Los.mp3<\/a><\/audio>\n<p>A diferencia de la responsabilidad social corporativa que mira al corto plazo, la sostenibilidad es un concepto vinculado siempre al largo plazo. Ya solo el t\u00e9rmino en s\u00ed nos rememora la necesidad que tiene una propuesta de superar la prueba del tiempo para ser considerada como sostenible. Por tanto, de esta sencilla afirmaci\u00f3n, podr\u00edamos concluir que los impactos sociales negativos, que estamos viviendo en el presente en nuestra sociedad son la consecuencia de no haber enfocado adecuadamente los planes sociales corporativos.<\/p>\n<p>La noticia mala es que quiz\u00e1s se han hecho muchas acciones, quiz\u00e1s se ha invertido mucho; pero que lamentablemente no se ha hecho del modo adecuado. A mi parecer han faltado conceptos sociales y empresariales claves. En parte, porque en nuestro pa\u00eds nos hemos acostumbrado a no profundizar en el conocimiento cient\u00edfico; o porque buscamos solo resultados inmediatos; y en parte, tambi\u00e9n, por falta de sensibilidad con los que han tenido menos oportunidades.<\/p>\n<p>La noticia buena es que tenemos una magn\u00edfica oportunidad para hacerlo bien, y para generar el impacto social que permita brindar oportunidades a quienes antes no la han tenido, y as\u00ed asegurar una operaci\u00f3n sostenible.<\/p>\n<p>\u00ab<em>To think positive, to act gently<\/em>\u00ab<\/p>\n","protected":false},"excerpt":{"rendered":"<p>Los impactos sociales actuales muestran la falta de sostenibilidad de nuestros proyectos sociales<\/p>\n","protected":false},"author":57,"featured_media":69173,"comment_status":"closed","ping_status":"closed","sticky":false,"template":"","format":"standard","meta":{"_acf_changed":false,"_crdt_document":"","inline_featured_image":false,"footnotes":""},"categories":[72],"tags":[8263,8264,8265,4953],"class_list":["post-69169","post","type-post","status-publish","format-standard","has-post-thumbnail","hentry","category-analisis","tag-impactos-sociales","tag-proyectos-sociales","tag-sostenibilidad","tag-trending-es"],"acf":[],"yoast_head":"<!-- This site is optimized with the Yoast SEO plugin v27.5 - https:\/\/yoast.com\/product\/yoast-seo-wordpress\/ -->\n<title>Una magn\u00edfica oportunidad para hacerlo bien &#8211; Exaudi<\/title>\n<meta name=\"robots\" content=\"index, follow, max-snippet:-1, max-image-preview:large, max-video-preview:-1\" \/>\n<link rel=\"canonical\" href=\"https:\/\/exaudi.org\/es\/los-impactos-sociales-actuales-muestran-la-falta-de-sostenibilidad-de-nuestros-proyectos-sociales\/\" \/>\n<meta property=\"og:locale\" content=\"es_ES\" \/>\n<meta property=\"og:type\" content=\"article\" \/>\n<meta property=\"og:title\" content=\"Una magn\u00edfica oportunidad para hacerlo bien &#8211; Exaudi\" \/>\n<meta property=\"og:description\" content=\"Los impactos sociales actuales muestran la falta de sostenibilidad de nuestros proyectos sociales\" \/>\n<meta property=\"og:url\" content=\"https:\/\/exaudi.org\/es\/los-impactos-sociales-actuales-muestran-la-falta-de-sostenibilidad-de-nuestros-proyectos-sociales\/\" \/>\n<meta property=\"og:site_name\" content=\"Exaudi\" \/>\n<meta property=\"article:publisher\" content=\"https:\/\/www.facebook.com\/ExaudiNews\" \/>\n<meta property=\"article:published_time\" content=\"2023-01-26T10:05:57+00:00\" \/>\n<meta property=\"article:modified_time\" content=\"2023-01-26T10:14:27+00:00\" \/>\n<meta property=\"og:image\" content=\"https:\/\/exaudi.org\/wp-content\/uploads\/2023\/01\/pexels-anna-tarazevich-5939111-scaled.jpg\" \/>\n\t<meta property=\"og:image:width\" content=\"2560\" \/>\n\t<meta property=\"og:image:height\" content=\"1706\" \/>\n\t<meta property=\"og:image:type\" content=\"image\/jpeg\" \/>\n<meta name=\"author\" content=\"Alejandro Fontana\" \/>\n<meta name=\"twitter:card\" content=\"summary_large_image\" \/>\n<meta name=\"twitter:creator\" content=\"@Exaudi_News\" \/>\n<meta name=\"twitter:site\" content=\"@Exaudi_News\" \/>\n<meta name=\"twitter:label1\" content=\"Escrito por\" \/>\n\t<meta name=\"twitter:data1\" content=\"Alejandro Fontana\" \/>\n\t<meta name=\"twitter:label2\" content=\"Tiempo de lectura\" \/>\n\t<meta name=\"twitter:data2\" content=\"1 minuto\" \/>\n<script type=\"application\/ld+json\" class=\"yoast-schema-graph\">{\"@context\":\"https:\\\/\\\/schema.org\",\"@graph\":[{\"@type\":\"Article\",\"@id\":\"https:\\\/\\\/exaudi.org\\\/es\\\/los-impactos-sociales-actuales-muestran-la-falta-de-sostenibilidad-de-nuestros-proyectos-sociales\\\/#article\",\"isPartOf\":{\"@id\":\"https:\\\/\\\/exaudi.org\\\/es\\\/los-impactos-sociales-actuales-muestran-la-falta-de-sostenibilidad-de-nuestros-proyectos-sociales\\\/\"},\"author\":{\"name\":\"Alejandro Fontana\",\"@id\":\"https:\\\/\\\/exaudi.org\\\/#\\\/schema\\\/person\\\/036aa1cfc8cb49829af5d777f3965ad7\"},\"headline\":\"Una magn\u00edfica oportunidad para hacerlo bien\",\"datePublished\":\"2023-01-26T10:05:57+00:00\",\"dateModified\":\"2023-01-26T10:14:27+00:00\",\"mainEntityOfPage\":{\"@id\":\"https:\\\/\\\/exaudi.org\\\/es\\\/los-impactos-sociales-actuales-muestran-la-falta-de-sostenibilidad-de-nuestros-proyectos-sociales\\\/\"},\"wordCount\":222,\"image\":{\"@id\":\"https:\\\/\\\/exaudi.org\\\/es\\\/los-impactos-sociales-actuales-muestran-la-falta-de-sostenibilidad-de-nuestros-proyectos-sociales\\\/#primaryimage\"},\"thumbnailUrl\":\"https:\\\/\\\/exaudi.org\\\/wp-content\\\/uploads\\\/2023\\\/01\\\/pexels-anna-tarazevich-5939111-scaled.jpg\",\"keywords\":[\"Impactos sociales\",\"Proyectos sociales\",\"sostenibilidad\",\"Trending\"],\"articleSection\":[\"An\u00e1lisis\"],\"inLanguage\":\"es\"},{\"@type\":\"WebPage\",\"@id\":\"https:\\\/\\\/exaudi.org\\\/es\\\/los-impactos-sociales-actuales-muestran-la-falta-de-sostenibilidad-de-nuestros-proyectos-sociales\\\/\",\"url\":\"https:\\\/\\\/exaudi.org\\\/es\\\/los-impactos-sociales-actuales-muestran-la-falta-de-sostenibilidad-de-nuestros-proyectos-sociales\\\/\",\"name\":\"Una magn\u00edfica oportunidad para hacerlo bien &#8211; Exaudi\",\"isPartOf\":{\"@id\":\"https:\\\/\\\/exaudi.org\\\/#website\"},\"primaryImageOfPage\":{\"@id\":\"https:\\\/\\\/exaudi.org\\\/es\\\/los-impactos-sociales-actuales-muestran-la-falta-de-sostenibilidad-de-nuestros-proyectos-sociales\\\/#primaryimage\"},\"image\":{\"@id\":\"https:\\\/\\\/exaudi.org\\\/es\\\/los-impactos-sociales-actuales-muestran-la-falta-de-sostenibilidad-de-nuestros-proyectos-sociales\\\/#primaryimage\"},\"thumbnailUrl\":\"https:\\\/\\\/exaudi.org\\\/wp-content\\\/uploads\\\/2023\\\/01\\\/pexels-anna-tarazevich-5939111-scaled.jpg\",\"datePublished\":\"2023-01-26T10:05:57+00:00\",\"dateModified\":\"2023-01-26T10:14:27+00:00\",\"author\":{\"@id\":\"https:\\\/\\\/exaudi.org\\\/#\\\/schema\\\/person\\\/036aa1cfc8cb49829af5d777f3965ad7\"},\"breadcrumb\":{\"@id\":\"https:\\\/\\\/exaudi.org\\\/es\\\/los-impactos-sociales-actuales-muestran-la-falta-de-sostenibilidad-de-nuestros-proyectos-sociales\\\/#breadcrumb\"},\"inLanguage\":\"es\",\"potentialAction\":[{\"@type\":\"ReadAction\",\"target\":[\"https:\\\/\\\/exaudi.org\\\/es\\\/los-impactos-sociales-actuales-muestran-la-falta-de-sostenibilidad-de-nuestros-proyectos-sociales\\\/\"]}]},{\"@type\":\"ImageObject\",\"inLanguage\":\"es\",\"@id\":\"https:\\\/\\\/exaudi.org\\\/es\\\/los-impactos-sociales-actuales-muestran-la-falta-de-sostenibilidad-de-nuestros-proyectos-sociales\\\/#primaryimage\",\"url\":\"https:\\\/\\\/exaudi.org\\\/wp-content\\\/uploads\\\/2023\\\/01\\\/pexels-anna-tarazevich-5939111-scaled.jpg\",\"contentUrl\":\"https:\\\/\\\/exaudi.org\\\/wp-content\\\/uploads\\\/2023\\\/01\\\/pexels-anna-tarazevich-5939111-scaled.jpg\",\"width\":2560,\"height\":1706},{\"@type\":\"BreadcrumbList\",\"@id\":\"https:\\\/\\\/exaudi.org\\\/es\\\/los-impactos-sociales-actuales-muestran-la-falta-de-sostenibilidad-de-nuestros-proyectos-sociales\\\/#breadcrumb\",\"itemListElement\":[{\"@type\":\"ListItem\",\"position\":1,\"name\":\"Portada\",\"item\":\"https:\\\/\\\/exaudi.org\\\/es\\\/\"},{\"@type\":\"ListItem\",\"position\":2,\"name\":\"Una magn\u00edfica oportunidad para hacerlo bien\"}]},{\"@type\":\"WebSite\",\"@id\":\"https:\\\/\\\/exaudi.org\\\/#website\",\"url\":\"https:\\\/\\\/exaudi.org\\\/\",\"name\":\"Exaudi\",\"description\":\"News\",\"potentialAction\":[{\"@type\":\"SearchAction\",\"target\":{\"@type\":\"EntryPoint\",\"urlTemplate\":\"https:\\\/\\\/exaudi.org\\\/?s={search_term_string}\"},\"query-input\":{\"@type\":\"PropertyValueSpecification\",\"valueRequired\":true,\"valueName\":\"search_term_string\"}}],\"inLanguage\":\"es\"},{\"@type\":\"Person\",\"@id\":\"https:\\\/\\\/exaudi.org\\\/#\\\/schema\\\/person\\\/036aa1cfc8cb49829af5d777f3965ad7\",\"name\":\"Alejandro Fontana\",\"image\":{\"@type\":\"ImageObject\",\"inLanguage\":\"es\",\"@id\":\"https:\\\/\\\/secure.gravatar.com\\\/avatar\\\/288eb00d08e23df21f6e88a59ea2dd3df4566ed7b431ac0bcf3fbf94354fa324?s=96&d=mm&r=g\",\"url\":\"https:\\\/\\\/secure.gravatar.com\\\/avatar\\\/288eb00d08e23df21f6e88a59ea2dd3df4566ed7b431ac0bcf3fbf94354fa324?s=96&d=mm&r=g\",\"contentUrl\":\"https:\\\/\\\/secure.gravatar.com\\\/avatar\\\/288eb00d08e23df21f6e88a59ea2dd3df4566ed7b431ac0bcf3fbf94354fa324?s=96&d=mm&r=g\",\"caption\":\"Alejandro Fontana\"},\"description\":\"Profesor de Direcci\u00f3n General y Control Directivo. Consultor en Direcci\u00f3n General para empresas y organizaciones c\u00edvicas. Doctorado en Planificaci\u00f3n y Desarrollo; M\u00e1ster en Organizaciones y Comportamiento Humano; M.B.A. y M.E. en Ingenier\u00eda Civil. Miembro del grupo de investigaci\u00f3n GESPLAN de la Universidad Polit\u00e9cnica de Madrid. \u00c1reas de inter\u00e9s: cooperaci\u00f3n horizontal; relaci\u00f3n empresa-sociedad civil; negocios internacionales y an\u00e1lisis de estrategias empresariales.\",\"url\":\"https:\\\/\\\/exaudi.org\\\/es\\\/author\\\/alejandrofontana\\\/\"}]}<\/script>\n<!-- \/ Yoast SEO plugin. -->","yoast_head_json":{"title":"Una magn\u00edfica oportunidad para hacerlo bien &#8211; Exaudi","robots":{"index":"index","follow":"follow","max-snippet":"max-snippet:-1","max-image-preview":"max-image-preview:large","max-video-preview":"max-video-preview:-1"},"canonical":"https:\/\/exaudi.org\/es\/los-impactos-sociales-actuales-muestran-la-falta-de-sostenibilidad-de-nuestros-proyectos-sociales\/","og_locale":"es_ES","og_type":"article","og_title":"Una magn\u00edfica oportunidad para hacerlo bien &#8211; Exaudi","og_description":"Los impactos sociales actuales muestran la falta de sostenibilidad de nuestros proyectos sociales","og_url":"https:\/\/exaudi.org\/es\/los-impactos-sociales-actuales-muestran-la-falta-de-sostenibilidad-de-nuestros-proyectos-sociales\/","og_site_name":"Exaudi","article_publisher":"https:\/\/www.facebook.com\/ExaudiNews","article_published_time":"2023-01-26T10:05:57+00:00","article_modified_time":"2023-01-26T10:14:27+00:00","og_image":[{"width":2560,"height":1706,"url":"https:\/\/exaudi.org\/wp-content\/uploads\/2023\/01\/pexels-anna-tarazevich-5939111-scaled.jpg","type":"image\/jpeg"}],"author":"Alejandro Fontana","twitter_card":"summary_large_image","twitter_creator":"@Exaudi_News","twitter_site":"@Exaudi_News","twitter_misc":{"Escrito por":"Alejandro Fontana","Tiempo de lectura":"1 minuto"},"schema":{"@context":"https:\/\/schema.org","@graph":[{"@type":"Article","@id":"https:\/\/exaudi.org\/es\/los-impactos-sociales-actuales-muestran-la-falta-de-sostenibilidad-de-nuestros-proyectos-sociales\/#article","isPartOf":{"@id":"https:\/\/exaudi.org\/es\/los-impactos-sociales-actuales-muestran-la-falta-de-sostenibilidad-de-nuestros-proyectos-sociales\/"},"author":{"name":"Alejandro Fontana","@id":"https:\/\/exaudi.org\/#\/schema\/person\/036aa1cfc8cb49829af5d777f3965ad7"},"headline":"Una magn\u00edfica oportunidad para hacerlo bien","datePublished":"2023-01-26T10:05:57+00:00","dateModified":"2023-01-26T10:14:27+00:00","mainEntityOfPage":{"@id":"https:\/\/exaudi.org\/es\/los-impactos-sociales-actuales-muestran-la-falta-de-sostenibilidad-de-nuestros-proyectos-sociales\/"},"wordCount":222,"image":{"@id":"https:\/\/exaudi.org\/es\/los-impactos-sociales-actuales-muestran-la-falta-de-sostenibilidad-de-nuestros-proyectos-sociales\/#primaryimage"},"thumbnailUrl":"https:\/\/exaudi.org\/wp-content\/uploads\/2023\/01\/pexels-anna-tarazevich-5939111-scaled.jpg","keywords":["Impactos sociales","Proyectos sociales","sostenibilidad","Trending"],"articleSection":["An\u00e1lisis"],"inLanguage":"es"},{"@type":"WebPage","@id":"https:\/\/exaudi.org\/es\/los-impactos-sociales-actuales-muestran-la-falta-de-sostenibilidad-de-nuestros-proyectos-sociales\/","url":"https:\/\/exaudi.org\/es\/los-impactos-sociales-actuales-muestran-la-falta-de-sostenibilidad-de-nuestros-proyectos-sociales\/","name":"Una magn\u00edfica oportunidad para hacerlo bien &#8211; Exaudi","isPartOf":{"@id":"https:\/\/exaudi.org\/#website"},"primaryImageOfPage":{"@id":"https:\/\/exaudi.org\/es\/los-impactos-sociales-actuales-muestran-la-falta-de-sostenibilidad-de-nuestros-proyectos-sociales\/#primaryimage"},"image":{"@id":"https:\/\/exaudi.org\/es\/los-impactos-sociales-actuales-muestran-la-falta-de-sostenibilidad-de-nuestros-proyectos-sociales\/#primaryimage"},"thumbnailUrl":"https:\/\/exaudi.org\/wp-content\/uploads\/2023\/01\/pexels-anna-tarazevich-5939111-scaled.jpg","datePublished":"2023-01-26T10:05:57+00:00","dateModified":"2023-01-26T10:14:27+00:00","author":{"@id":"https:\/\/exaudi.org\/#\/schema\/person\/036aa1cfc8cb49829af5d777f3965ad7"},"breadcrumb":{"@id":"https:\/\/exaudi.org\/es\/los-impactos-sociales-actuales-muestran-la-falta-de-sostenibilidad-de-nuestros-proyectos-sociales\/#breadcrumb"},"inLanguage":"es","potentialAction":[{"@type":"ReadAction","target":["https:\/\/exaudi.org\/es\/los-impactos-sociales-actuales-muestran-la-falta-de-sostenibilidad-de-nuestros-proyectos-sociales\/"]}]},{"@type":"ImageObject","inLanguage":"es","@id":"https:\/\/exaudi.org\/es\/los-impactos-sociales-actuales-muestran-la-falta-de-sostenibilidad-de-nuestros-proyectos-sociales\/#primaryimage","url":"https:\/\/exaudi.org\/wp-content\/uploads\/2023\/01\/pexels-anna-tarazevich-5939111-scaled.jpg","contentUrl":"https:\/\/exaudi.org\/wp-content\/uploads\/2023\/01\/pexels-anna-tarazevich-5939111-scaled.jpg","width":2560,"height":1706},{"@type":"BreadcrumbList","@id":"https:\/\/exaudi.org\/es\/los-impactos-sociales-actuales-muestran-la-falta-de-sostenibilidad-de-nuestros-proyectos-sociales\/#breadcrumb","itemListElement":[{"@type":"ListItem","position":1,"name":"Portada","item":"https:\/\/exaudi.org\/es\/"},{"@type":"ListItem","position":2,"name":"Una magn\u00edfica oportunidad para hacerlo bien"}]},{"@type":"WebSite","@id":"https:\/\/exaudi.org\/#website","url":"https:\/\/exaudi.org\/","name":"Exaudi","description":"News","potentialAction":[{"@type":"SearchAction","target":{"@type":"EntryPoint","urlTemplate":"https:\/\/exaudi.org\/?s={search_term_string}"},"query-input":{"@type":"PropertyValueSpecification","valueRequired":true,"valueName":"search_term_string"}}],"inLanguage":"es"},{"@type":"Person","@id":"https:\/\/exaudi.org\/#\/schema\/person\/036aa1cfc8cb49829af5d777f3965ad7","name":"Alejandro Fontana","image":{"@type":"ImageObject","inLanguage":"es","@id":"https:\/\/secure.gravatar.com\/avatar\/288eb00d08e23df21f6e88a59ea2dd3df4566ed7b431ac0bcf3fbf94354fa324?s=96&d=mm&r=g","url":"https:\/\/secure.gravatar.com\/avatar\/288eb00d08e23df21f6e88a59ea2dd3df4566ed7b431ac0bcf3fbf94354fa324?s=96&d=mm&r=g","contentUrl":"https:\/\/secure.gravatar.com\/avatar\/288eb00d08e23df21f6e88a59ea2dd3df4566ed7b431ac0bcf3fbf94354fa324?s=96&d=mm&r=g","caption":"Alejandro Fontana"},"description":"Profesor de Direcci\u00f3n General y Control Directivo. Consultor en Direcci\u00f3n General para empresas y organizaciones c\u00edvicas. Doctorado en Planificaci\u00f3n y Desarrollo; M\u00e1ster en Organizaciones y Comportamiento Humano; M.B.A. y M.E. en Ingenier\u00eda Civil. Miembro del grupo de investigaci\u00f3n GESPLAN de la Universidad Polit\u00e9cnica de Madrid. \u00c1reas de inter\u00e9s: cooperaci\u00f3n horizontal; relaci\u00f3n empresa-sociedad civil; negocios internacionales y an\u00e1lisis de estrategias empresariales.","url":"https:\/\/exaudi.org\/es\/author\/alejandrofontana\/"}]}},"jetpack_featured_media_url":"https:\/\/exaudi.org\/wp-content\/uploads\/2023\/01\/pexels-anna-tarazevich-5939111-scaled.jpg","jetpack_shortlink":"https:\/\/wp.me\/pgKjF2-hZD","_links":{"self":[{"href":"https:\/\/exaudi.org\/es\/wp-json\/wp\/v2\/posts\/69169","targetHints":{"allow":["GET"]}}],"collection":[{"href":"https:\/\/exaudi.org\/es\/wp-json\/wp\/v2\/posts"}],"about":[{"href":"https:\/\/exaudi.org\/es\/wp-json\/wp\/v2\/types\/post"}],"author":[{"embeddable":true,"href":"https:\/\/exaudi.org\/es\/wp-json\/wp\/v2\/users\/57"}],"replies":[{"embeddable":true,"href":"https:\/\/exaudi.org\/es\/wp-json\/wp\/v2\/comments?post=69169"}],"version-history":[{"count":0,"href":"https:\/\/exaudi.org\/es\/wp-json\/wp\/v2\/posts\/69169\/revisions"}],"wp:featuredmedia":[{"embeddable":true,"href":"https:\/\/exaudi.org\/es\/wp-json\/wp\/v2\/media\/69173"}],"wp:attachment":[{"href":"https:\/\/exaudi.org\/es\/wp-json\/wp\/v2\/media?parent=69169"}],"wp:term":[{"taxonomy":"category","embeddable":true,"href":"https:\/\/exaudi.org\/es\/wp-json\/wp\/v2\/categories?post=69169"},{"taxonomy":"post_tag","embeddable":true,"href":"https:\/\/exaudi.org\/es\/wp-json\/wp\/v2\/tags?post=69169"}],"curies":[{"name":"wp","href":"https:\/\/api.w.org\/{rel}","templated":true}]}}