{"id":68396,"date":"2023-01-13T12:41:02","date_gmt":"2023-01-13T11:41:02","guid":{"rendered":"https:\/\/exaudi.org\/?p=68396"},"modified":"2023-01-13T12:41:35","modified_gmt":"2023-01-13T11:41:35","slug":"ii-encuentro-iberoamericano-de-profesores-de-religion","status":"publish","type":"post","link":"https:\/\/exaudi.org\/es\/ii-encuentro-iberoamericano-de-profesores-de-religion\/","title":{"rendered":"II Encuentro Iberoamericano de Profesores de Religi\u00f3n"},"content":{"rendered":"<p><b>CaixaForum Madrid<\/b><span style=\"font-weight: 400\"> acoger\u00e1 el <\/span><b>15 de abril<\/b><span style=\"font-weight: 400\"> el <\/span><a href=\"https:\/\/religion.profesoresdehumanidades.com\/\"><b>II Encuentro Iberoamericano de Profesores de Religi\u00f3n<\/b><\/a><span style=\"font-weight: 400\">, organizado por <\/span><a href=\"https:\/\/sienaeducacion.com\/\"><span style=\"font-weight: 400\">Siena Educaci\u00f3n<\/span><\/a><span style=\"font-weight: 400\"> \u2014editora del peri\u00f3dico <\/span><a href=\"https:\/\/www.magisnet.com\/\"><span style=\"font-weight: 400\">MAGISTERIO<\/span><\/a><span style=\"font-weight: 400\">\u2014 con el objetivo de <\/span><b>impulsar la asignatura de Religi\u00f3n y a su profesorado<\/b><span style=\"font-weight: 400\">. Tras el \u00e9xito de su <\/span><a href=\"https:\/\/www.magisnet.com\/2022\/05\/mas-de-mil-docentes-de-espana-y-latinoamerica-se-dieron-cita-en-el-i-encuentro-iberoamericano-de-profesores-de-religion\/\"><span style=\"font-weight: 400\">primera edici\u00f3n<\/span><\/a><span style=\"font-weight: 400\">, en la que participaron <\/span><b>m\u00e1s de mil docentes de Espa\u00f1a, Portugal y Latinoam\u00e9rica<\/b><span style=\"font-weight: 400\">, vuelve un encuentro que pretende contribuir a una <\/span><b>formaci\u00f3n integral<\/b><span style=\"font-weight: 400\"> que abarque la dimensi\u00f3n espiritual del alumnado.<\/span><\/p>\n<p><span style=\"font-weight: 400\">\u00abLa llamada <\/span><b>generaci\u00f3n de cristal <\/b><span style=\"font-weight: 400\">necesita educadores \u2014padres, madres y profesores\u2014 que seamos capaces de ofrecer <\/span><b>respuestas robustas en estos tiempos empe\u00f1ados en ofrecer solo incertidumbres y ambig\u00fcedades<\/b><span style=\"font-weight: 400\">\u201d, explica Jos\u00e9 Mar\u00eda de Moya, director general de Siena Educaci\u00f3n y responsable del encuentro. \u201cLa religi\u00f3n resulta determinante en este prop\u00f3sito de <\/span><b>ofrecer un sentido pleno a los grandes interrogantes<\/b><span style=\"font-weight: 400\"> que todo adolescente y joven se termina haciendo, m\u00e1s pronto que tarde; especialmente, aquellos que maduran m\u00e1s r\u00e1pidamente\u00bb, sostiene.<\/span><\/p>\n<p><span style=\"font-weight: 400\">En este sentido, De Moya recuerda c\u00f3mo surgi\u00f3 la iniciativa: \u201cLa idea surge cuando en <\/span><a href=\"https:\/\/www.magisnet.com\/\"><span style=\"font-weight: 400\">MAGISTERIO<\/span><\/a><span style=\"font-weight: 400\"> profesores y gabinetes de orientaci\u00f3n psicopedag\u00f3gica nos alertan de que reciben cada vez m\u00e1s a chavales acad\u00e9micamente brillantes, humanamente bien formados, pero con un <\/span><b>vac\u00edo existencial<\/b><span style=\"font-weight: 400\"> y un sinsentido en sus vidas que con frecuencia desemboca en <\/span><b>todo tipo de trastornos<\/b><span style=\"font-weight: 400\">. Y es que la educaci\u00f3n es un taburete de tres patas que con dos no se sostiene\u201d.<\/span><\/p>\n<p><b>Congreso h\u00edbrido y un amplio programa cultural<\/b><\/p>\n<p><span style=\"font-weight: 400\">Tras una primera edici\u00f3n en la que intervinieron ponentes tan reconocidos como <\/span><a href=\"https:\/\/www.magisnet.com\/2022\/05\/andreas-schleicher-las-clases-pequenas-no-aseguran-mejores-resultados\/\"><span style=\"font-weight: 400\">Andreas Schleicher<\/span><\/a><span style=\"font-weight: 400\"> o <\/span><a href=\"https:\/\/www.cope.es\/religion\/hoy-en-dia\/iglesia-espanola\/noticias\/pablo-ors-escritor-sacerdote-nos-agarremos-que-sabemos-jesus-miremosle-con-ojos-nuevos-20220506_2068358\"><span style=\"font-weight: 400\">Pablo d\u2019Ors<\/span><\/a><span style=\"font-weight: 400\">, el encuentro de este a\u00f1o arrancar\u00e1 el <\/span><b>15 de abril de 2023<\/b><span style=\"font-weight: 400\"> con un <\/span><b>congreso presencial en CaixaForum Madrid<\/b><span style=\"font-weight: 400\">, que tambi\u00e9n podr\u00e1 seguirse v\u00eda <\/span><i><span style=\"font-weight: 400\">streaming<\/span><\/i><span style=\"font-weight: 400\">. El escritor y catedr\u00e1tico de Filosof\u00eda <\/span><b>Francesc Torralba <\/b><span style=\"font-weight: 400\">pronunciar\u00e1 la conferencia inaugural, mientras que la clausura correr\u00e1 a cargo de <\/span><b>Mons. H\u00e9ctor Miguel Cabrejos Vidarte<\/b><span style=\"font-weight: 400\">, presidente del Consejo Episcopal Latinoamericano (CELAM). El <\/span><a href=\"https:\/\/religion.profesoresdehumanidades.com\/home#programa\"><span style=\"font-weight: 400\">programa<\/span><\/a><span style=\"font-weight: 400\"> se completa con un <\/span><b>conversatorio de psic\u00f3logos<\/b><span style=\"font-weight: 400\"> en el que participar\u00e1n profesionales de reconocido prestigio, como <\/span><a href=\"https:\/\/www.magisnet.com\/2022\/11\/javier-urra-hay-ninos-de-15-anos-que-a-la-vida-le-piden-ciertas-cosas-que-si-no-se-las-da-se-bajan-del-autobus\/\"><b>Javier Urra<\/b><\/a><span style=\"font-weight: 400\"> o <\/span><b>Silvia \u00c1lava<\/b><span style=\"font-weight: 400\">.\u00a0<\/span><\/p>\n<p><span style=\"font-weight: 400\">Los protagonistas de la cita ser\u00e1n los docentes, que presentar\u00e1n numerosas <\/span><b>din\u00e1micas innovadoras<\/b><span style=\"font-weight: 400\"> para la clase de Religi\u00f3n. El <\/span><b>pa\u00eds invitado<\/b><span style=\"font-weight: 400\"> en esta segunda edici\u00f3n es <\/span><b>Estados Unidos<\/b><span style=\"font-weight: 400\"> y tambi\u00e9n se pondr\u00e1 el acento en Latinoam\u00e9rica, con un observatorio de la ense\u00f1anza de Religi\u00f3n en esta regi\u00f3n en el que intervendr\u00e1 <\/span><b>Carlos Esteban Garc\u00e9s<\/b><span style=\"font-weight: 400\">. A las ponencias le seguir\u00e1 por la tarde una visita al parque tem\u00e1tico <\/span><b>Puy du Fou<\/b><span style=\"font-weight: 400\">. Completan el <\/span><b>programa cultural<\/b><span style=\"font-weight: 400\"> otras dos visitas guiadas, el <\/span><b>domingo 16<\/b><span style=\"font-weight: 400\">, al <\/span><b>Museo del Prado <\/b><span style=\"font-weight: 400\">y <\/span><b>CaixaForum<\/b><span style=\"font-weight: 400\">, que pondr\u00e1n el broche al encuentro.<\/span><\/p>\n<p><b>Reivindicar las humanidades<\/b><span style=\"font-weight: 400\">\u00a0<\/span><\/p>\n<p><span style=\"font-weight: 400\">En su segunda edici\u00f3n, el Encuentro Iberoamericano de Profesores de Religi\u00f3n se enmarca dentro de <\/span><a href=\"http:\/\/www.profesoresdehumanidades.com\"><b>#ProfesoresdeHumanidades<\/b><\/a><span style=\"font-weight: 400\">, un espacio promovido por Siena Educaci\u00f3n para <\/span><b>impulsar iniciativas en favor de la ense\u00f1anza de las humanidades en la escuela<\/b><span style=\"font-weight: 400\">. \u201cEn tiempos de supremac\u00eda de las STEM y de las competencias digitales, se hace m\u00e1s cr\u00edtico si cabe <\/span><b>fortalecer tambi\u00e9n las competencias human\u00edsticas de los alumnos\u00bb<\/b><span style=\"font-weight: 400\">, explica Jos\u00e9 Mar\u00eda de Moya.\u00a0<\/span><\/p>\n<p><span style=\"font-weight: 400\">El de Religi\u00f3n ser\u00e1 el primero de los <\/span><b>tres encuentros <\/b><span style=\"font-weight: 400\">que se organizan desde este espacio para el mill\u00f3n y medio de profesores de humanidades de habla hispana. Los otros dos ser\u00e1n el <\/span><a href=\"https:\/\/www.youtube.com\/watch?v=0KIeGZCodrw\"><b>I Encuentro Iberoamericano de Profesores de Filosof\u00eda<\/b><\/a><span style=\"font-weight: 400\"> (22 y 23 de abril) y el <\/span><a href=\"https:\/\/www.youtube.com\/watch?v=1S3qjh91dUE\"><b>I Encuentro Iberoamericano de Profesores de Historia<\/b><\/a><span style=\"font-weight: 400\"> (6 y 7 de mayo), ambos en CaixaForum Madrid y en formato h\u00edbrido. Para 2024 est\u00e1 proyectado, adem\u00e1s, un cuarto encuentro para docentes de <\/span><b>Literatura<\/b><span style=\"font-weight: 400\">.\u00a0<\/span><\/p>\n<p><span style=\"font-weight: 400\">Adem\u00e1s, con la colaboraci\u00f3n de <\/span><a href=\"https:\/\/www.vicensvives.com\/\"><span style=\"font-weight: 400\">Vicens Vives<\/span><\/a><span style=\"font-weight: 400\"> y <\/span><a href=\"https:\/\/www.puydufou.com\/espana\/es\"><span style=\"font-weight: 400\">Puy du Fou<\/span><\/a><span style=\"font-weight: 400\">, desde <\/span><a href=\"https:\/\/www.magisnet.com\/2022\/11\/nace-profesoresdehumanidades\/\"><b>#ProfesoresdeHumanidades<\/b><\/a><span style=\"font-weight: 400\"> se han convocado los premios <\/span><a href=\"https:\/\/historia.profesoresdehumanidades.com\/concurso\/#\"><b><i>Haz apasionantes tus clases de Historia<\/i><\/b><\/a><span style=\"font-weight: 400\">, en el que profesores de esta materia podr\u00e1n presentar sus metodolog\u00edas y estrategias para hacer atractiva la ense\u00f1anza de la Historia a una generaci\u00f3n de j\u00f3venes marcados por la dispersi\u00f3n, los videojuegos y la tecnolog\u00eda.\u00a0<\/span><\/p>\n<p>&nbsp;<\/p>\n<table>\n<tbody>\n<tr>\n<td><b>CLAVES<\/b><\/p>\n<ul>\n<li style=\"font-weight: 400\"><b>Qu\u00e9<\/b><span style=\"font-weight: 400\">: <\/span><a href=\"https:\/\/religion.profesoresdehumanidades.com\/\"><span style=\"font-weight: 400\">II Encuentro Iberoamericano de Profesores de Religi\u00f3n<\/span><\/a><\/li>\n<li style=\"font-weight: 400\"><b>Cu\u00e1ndo<\/b><span style=\"font-weight: 400\">: 15 y 16 de abril de 2023<\/span><\/li>\n<li style=\"font-weight: 400\"><b>D\u00f3nde<\/b><span style=\"font-weight: 400\">: online y presencial en CaixaForum Madrid<\/span><\/li>\n<\/ul>\n<\/td>\n<\/tr>\n<\/tbody>\n<\/table>\n<ul>\n<li style=\"list-style-type: none\">\n<ul>\n<li style=\"font-weight: 400;text-align: left\"><span style=\"font-weight: 400\">Para m\u00e1s informaci\u00f3n y\/o solicitud de entrevistas, escribe a <\/span><a href=\"mailto:ruben@sienaeducacion.com\"><span style=\"font-weight: 400\">ruben@sienaeducacion.com<\/span><\/a><\/li>\n<\/ul>\n<\/li>\n<\/ul>\n<ul>\n<li style=\"text-align: left\"><span style=\"font-weight: 400\">S\u00edguenos en nuestras redes sociales: <\/span><a href=\"https:\/\/twitter.com\/Magisnet\"><span style=\"font-weight: 400\">Twitter<\/span><\/a><span style=\"font-weight: 400\"> | <\/span><a href=\"https:\/\/www.facebook.com\/periodicomagisterio\"><span style=\"font-weight: 400\">Facebook<\/span><\/a><span style=\"font-weight: 400\"> | <\/span><a href=\"https:\/\/www.linkedin.com\/company\/peri%C3%B3dico-magisterio\/\"><span style=\"font-weight: 400\">LinkedIn<\/span><\/a><span style=\"font-weight: 400\"> | <\/span><a href=\"https:\/\/www.instagram.com\/magisnet\/\"><span style=\"font-weight: 400\">Instagram<\/span><\/a><\/li>\n<\/ul>\n<p><a href=\"https:\/\/www.youtube.com\/watch?v=72EsdYUz6Ho\" rel=\"nofollow\">https:\/\/www.youtube.com\/watch?v=72EsdYUz6Ho<\/a><\/p>\n<p><b>Sobre Siena Educaci\u00f3n<\/b><\/p>\n<p><a href=\"https:\/\/sienaeducacion.com\/\"><span style=\"font-weight: 400\">Siena Educaci\u00f3n<\/span><\/a><span style=\"font-weight: 400\"> es una compa\u00f1\u00eda fundada en 1866 especializada en tres \u00e1reas educativas:<\/span><\/p>\n<ul>\n<li style=\"font-weight: 400\"><span style=\"font-weight: 400\">Informaci\u00f3n<\/span><span style=\"font-weight: 400\">. Cuenta con medios y canales especializados, como <\/span><a href=\"https:\/\/www.magisnet.com\/\"><span style=\"font-weight: 400\">Magisterio<\/span><\/a><span style=\"font-weight: 400\">, el Anuario de la Educaci\u00f3n o el buscador de colegios <\/span><a href=\"https:\/\/www.scholarum.es\/\"><span style=\"font-weight: 400\">Scholarum<\/span><\/a><span style=\"font-weight: 400\">.<\/span><\/li>\n<li style=\"font-weight: 400\"><span style=\"font-weight: 400\">Comunicaci\u00f3n<\/span><span style=\"font-weight: 400\">. Es una agencia de comunicaci\u00f3n especializada en acciones dirigidas al sector educativo. Promueve eventos como <\/span><a href=\"https:\/\/laferiadeloscolegios.com\/\"><span style=\"font-weight: 400\">La Feria de los Colegios<\/span><\/a><span style=\"font-weight: 400\">, las <\/span><a href=\"https:\/\/jornadasdeorientacion.com\/\"><span style=\"font-weight: 400\">Jornadas de Orientaci\u00f3n Profesional<\/span><\/a><span style=\"font-weight: 400\">, <\/span><a href=\"https:\/\/youlead.es\/\"><span style=\"font-weight: 400\">YouLead<\/span><\/a><span style=\"font-weight: 400\">, <\/span><a href=\"https:\/\/www.vimetexpo.com\/home\"><span style=\"font-weight: 400\">VIMET<\/span><\/a><span style=\"font-weight: 400\">, el <\/span><a href=\"https:\/\/festivaleducacine.es\/\"><span style=\"font-weight: 400\">Festival Educacine<\/span><\/a><span style=\"font-weight: 400\"> o los <\/span><a href=\"https:\/\/www.premiosmagisterio.com\/\"><span style=\"font-weight: 400\">Premios Magisterio a los Protagonistas de la Educaci\u00f3n<\/span><\/a><span style=\"font-weight: 400\">.<\/span><\/li>\n<li style=\"font-weight: 400\"><span style=\"font-weight: 400\">Formaci\u00f3n<\/span><span style=\"font-weight: 400\">. Cuenta con varios centros de formaci\u00f3n, como <\/span><a href=\"https:\/\/www.inav.es\/\"><span style=\"font-weight: 400\">INAV<\/span><\/a><span style=\"font-weight: 400\">, <\/span><a href=\"https:\/\/www.inav.es\/fp\/\"><span style=\"font-weight: 400\">INAV FP<\/span><\/a><span style=\"font-weight: 400\"> y <\/span><a href=\"https:\/\/aulasiena.com\/\"><span style=\"font-weight: 400\">Aula Siena<\/span><\/a><span style=\"font-weight: 400\"> de formaci\u00f3n de profesores y profesionales de la enfermer\u00eda.<\/span><\/li>\n<\/ul>\n","protected":false},"excerpt":{"rendered":"<p>Siena Educaci\u00f3n organiza por segundo a\u00f1o consecutivo un encuentro que tiene como objetivo impulsar la asignatura de Religi\u00f3n y a su profesorado<\/p>\n","protected":false},"author":15,"featured_media":68397,"comment_status":"closed","ping_status":"closed","sticky":false,"template":"","format":"standard","meta":{"_acf_changed":false,"_crdt_document":"","inline_featured_image":false,"footnotes":""},"categories":[128,74],"tags":[8159,8155,8152,464,8153,8157,8154,8156,8160,8151,8158,4953],"class_list":["post-68396","post","type-post","status-publish","format-standard","has-post-thumbnail","hentry","category-eventos-especiales","category-iglesia-y-mundo","tag-andreas-schleicher","tag-asignatura-de-religion","tag-caixa-forum","tag-celam","tag-ii-encuentro-iberoamericano-de-profesores-de-religion","tag-javier-urra","tag-magisterio","tag-museo-del-prado","tag-pablo-dors","tag-siena-educacion","tag-silvia-alava","tag-trending-es"],"acf":[],"yoast_head":"<!-- This site is optimized with the Yoast SEO plugin v27.5 - https:\/\/yoast.com\/product\/yoast-seo-wordpress\/ -->\n<title>II Encuentro Iberoamericano de Profesores de Religi\u00f3n &#8211; Exaudi<\/title>\n<meta name=\"robots\" content=\"index, follow, max-snippet:-1, max-image-preview:large, max-video-preview:-1\" \/>\n<link rel=\"canonical\" href=\"https:\/\/exaudi.org\/es\/ii-encuentro-iberoamericano-de-profesores-de-religion\/\" \/>\n<meta property=\"og:locale\" content=\"es_ES\" \/>\n<meta property=\"og:type\" content=\"article\" \/>\n<meta property=\"og:title\" content=\"II Encuentro Iberoamericano de Profesores de Religi\u00f3n &#8211; Exaudi\" \/>\n<meta property=\"og:description\" content=\"Siena Educaci\u00f3n organiza por segundo a\u00f1o consecutivo un encuentro que tiene como objetivo impulsar la asignatura de Religi\u00f3n y a su profesorado\" \/>\n<meta property=\"og:url\" content=\"https:\/\/exaudi.org\/es\/ii-encuentro-iberoamericano-de-profesores-de-religion\/\" \/>\n<meta property=\"og:site_name\" content=\"Exaudi\" \/>\n<meta property=\"article:publisher\" content=\"https:\/\/www.facebook.com\/ExaudiNews\" \/>\n<meta property=\"article:author\" content=\"https:\/\/www.facebook.com\/ExaudiNoticias\/\" \/>\n<meta property=\"article:published_time\" content=\"2023-01-13T11:41:02+00:00\" \/>\n<meta property=\"article:modified_time\" content=\"2023-01-13T11:41:35+00:00\" \/>\n<meta property=\"og:image\" content=\"https:\/\/exaudi.org\/wp-content\/uploads\/2023\/01\/Sin-titulo-1-1.jpg\" \/>\n\t<meta property=\"og:image:width\" content=\"750\" \/>\n\t<meta property=\"og:image:height\" content=\"422\" \/>\n\t<meta property=\"og:image:type\" content=\"image\/jpeg\" \/>\n<meta name=\"author\" content=\"Exaudi Redacci\u00f3n\" \/>\n<meta name=\"twitter:card\" content=\"summary_large_image\" \/>\n<meta name=\"twitter:creator\" content=\"@Exaudi_noticias\" \/>\n<meta name=\"twitter:site\" content=\"@Exaudi_News\" \/>\n<meta name=\"twitter:label1\" content=\"Escrito por\" \/>\n\t<meta name=\"twitter:data1\" content=\"Exaudi Redacci\u00f3n\" \/>\n\t<meta name=\"twitter:label2\" content=\"Tiempo de lectura\" \/>\n\t<meta name=\"twitter:data2\" content=\"4 minutos\" \/>\n<script type=\"application\/ld+json\" class=\"yoast-schema-graph\">{\"@context\":\"https:\\\/\\\/schema.org\",\"@graph\":[{\"@type\":\"Article\",\"@id\":\"https:\\\/\\\/exaudi.org\\\/es\\\/ii-encuentro-iberoamericano-de-profesores-de-religion\\\/#article\",\"isPartOf\":{\"@id\":\"https:\\\/\\\/exaudi.org\\\/es\\\/ii-encuentro-iberoamericano-de-profesores-de-religion\\\/\"},\"author\":{\"name\":\"Exaudi Redacci\u00f3n\",\"@id\":\"https:\\\/\\\/exaudi.org\\\/#\\\/schema\\\/person\\\/f5fc8f063065e38742da7afe15f25df7\"},\"headline\":\"II Encuentro Iberoamericano de Profesores de Religi\u00f3n\",\"datePublished\":\"2023-01-13T11:41:02+00:00\",\"dateModified\":\"2023-01-13T11:41:35+00:00\",\"mainEntityOfPage\":{\"@id\":\"https:\\\/\\\/exaudi.org\\\/es\\\/ii-encuentro-iberoamericano-de-profesores-de-religion\\\/\"},\"wordCount\":874,\"image\":{\"@id\":\"https:\\\/\\\/exaudi.org\\\/es\\\/ii-encuentro-iberoamericano-de-profesores-de-religion\\\/#primaryimage\"},\"thumbnailUrl\":\"https:\\\/\\\/exaudi.org\\\/wp-content\\\/uploads\\\/2023\\\/01\\\/Sin-titulo-1-1.jpg\",\"keywords\":[\"Andreas Schleicher\",\"asignatura de Religi\u00f3n\",\"Caixa Forum\",\"CELAM\",\"II Encuentro Iberoamericano de Profesores de Religi\u00f3n\",\"Javier Urra\",\"MAGISTERIO\",\"Museo del Prado\",\"Pablo d\u2019Ors\",\"Siena Educaci\u00f3n\",\"Silvia \u00c1lava\",\"Trending\"],\"articleSection\":[\"Eventos especiales\",\"Iglesia y Mundo\"],\"inLanguage\":\"es\"},{\"@type\":\"WebPage\",\"@id\":\"https:\\\/\\\/exaudi.org\\\/es\\\/ii-encuentro-iberoamericano-de-profesores-de-religion\\\/\",\"url\":\"https:\\\/\\\/exaudi.org\\\/es\\\/ii-encuentro-iberoamericano-de-profesores-de-religion\\\/\",\"name\":\"II Encuentro Iberoamericano de Profesores de Religi\u00f3n &#8211; Exaudi\",\"isPartOf\":{\"@id\":\"https:\\\/\\\/exaudi.org\\\/#website\"},\"primaryImageOfPage\":{\"@id\":\"https:\\\/\\\/exaudi.org\\\/es\\\/ii-encuentro-iberoamericano-de-profesores-de-religion\\\/#primaryimage\"},\"image\":{\"@id\":\"https:\\\/\\\/exaudi.org\\\/es\\\/ii-encuentro-iberoamericano-de-profesores-de-religion\\\/#primaryimage\"},\"thumbnailUrl\":\"https:\\\/\\\/exaudi.org\\\/wp-content\\\/uploads\\\/2023\\\/01\\\/Sin-titulo-1-1.jpg\",\"datePublished\":\"2023-01-13T11:41:02+00:00\",\"dateModified\":\"2023-01-13T11:41:35+00:00\",\"author\":{\"@id\":\"https:\\\/\\\/exaudi.org\\\/#\\\/schema\\\/person\\\/f5fc8f063065e38742da7afe15f25df7\"},\"breadcrumb\":{\"@id\":\"https:\\\/\\\/exaudi.org\\\/es\\\/ii-encuentro-iberoamericano-de-profesores-de-religion\\\/#breadcrumb\"},\"inLanguage\":\"es\",\"potentialAction\":[{\"@type\":\"ReadAction\",\"target\":[\"https:\\\/\\\/exaudi.org\\\/es\\\/ii-encuentro-iberoamericano-de-profesores-de-religion\\\/\"]}]},{\"@type\":\"ImageObject\",\"inLanguage\":\"es\",\"@id\":\"https:\\\/\\\/exaudi.org\\\/es\\\/ii-encuentro-iberoamericano-de-profesores-de-religion\\\/#primaryimage\",\"url\":\"https:\\\/\\\/exaudi.org\\\/wp-content\\\/uploads\\\/2023\\\/01\\\/Sin-titulo-1-1.jpg\",\"contentUrl\":\"https:\\\/\\\/exaudi.org\\\/wp-content\\\/uploads\\\/2023\\\/01\\\/Sin-titulo-1-1.jpg\",\"width\":750,\"height\":422},{\"@type\":\"BreadcrumbList\",\"@id\":\"https:\\\/\\\/exaudi.org\\\/es\\\/ii-encuentro-iberoamericano-de-profesores-de-religion\\\/#breadcrumb\",\"itemListElement\":[{\"@type\":\"ListItem\",\"position\":1,\"name\":\"Portada\",\"item\":\"https:\\\/\\\/exaudi.org\\\/es\\\/\"},{\"@type\":\"ListItem\",\"position\":2,\"name\":\"II Encuentro Iberoamericano de Profesores de Religi\u00f3n\"}]},{\"@type\":\"WebSite\",\"@id\":\"https:\\\/\\\/exaudi.org\\\/#website\",\"url\":\"https:\\\/\\\/exaudi.org\\\/\",\"name\":\"Exaudi\",\"description\":\"News\",\"potentialAction\":[{\"@type\":\"SearchAction\",\"target\":{\"@type\":\"EntryPoint\",\"urlTemplate\":\"https:\\\/\\\/exaudi.org\\\/?s={search_term_string}\"},\"query-input\":{\"@type\":\"PropertyValueSpecification\",\"valueRequired\":true,\"valueName\":\"search_term_string\"}}],\"inLanguage\":\"es\"},{\"@type\":\"Person\",\"@id\":\"https:\\\/\\\/exaudi.org\\\/#\\\/schema\\\/person\\\/f5fc8f063065e38742da7afe15f25df7\",\"name\":\"Exaudi Redacci\u00f3n\",\"image\":{\"@type\":\"ImageObject\",\"inLanguage\":\"es\",\"@id\":\"https:\\\/\\\/secure.gravatar.com\\\/avatar\\\/fe0f6a059fb68d9b3e11bc5850dd4899b1c7492091a3cb6dd9b01b56ad828be2?s=96&d=mm&r=g\",\"url\":\"https:\\\/\\\/secure.gravatar.com\\\/avatar\\\/fe0f6a059fb68d9b3e11bc5850dd4899b1c7492091a3cb6dd9b01b56ad828be2?s=96&d=mm&r=g\",\"contentUrl\":\"https:\\\/\\\/secure.gravatar.com\\\/avatar\\\/fe0f6a059fb68d9b3e11bc5850dd4899b1c7492091a3cb6dd9b01b56ad828be2?s=96&d=mm&r=g\",\"caption\":\"Exaudi Redacci\u00f3n\"},\"description\":\"\u00bfQu\u00e9 es Exaudi News? Exaudi News es un medio de comunicaci\u00f3n cat\u00f3lico internacional que informa, forma y transforma, diariamente en espa\u00f1ol, ingl\u00e9s e italiano. A trav\u00e9s de noticias, art\u00edculos de an\u00e1lisis y transmisiones en directo de los eventos del Papa, Exaudi busca fortalecer la unidad de los cristianos y contribuir a la evangelizaci\u00f3n del mundo, siempre guiados por la doctrina social de la Iglesia. Trabajamos para acercar la verdad y los valores cristianos a cada rinc\u00f3n del planeta. \u00a1Ay\u00fadanos a transformar el mundo con Exaudi! En Exaudi creemos que la evangelizaci\u00f3n y la informaci\u00f3n de calidad pueden cambiar vidas. Para continuar con nuestra misi\u00f3n y expandir nuestro alcance, necesitamos tu ayuda. Adem\u00e1s, buscamos personas comprometidas que deseen unirse a nuestro equipo. Con tu apoyo, lograremos llegar a m\u00e1s personas, difundir el mensaje de Cristo y reforzar la unidad de los cristianos. \u00bfTe unes a nuestra misi\u00f3n? Para m\u00e1s informaci\u00f3n sobre c\u00f3mo colaborar, visita Exaudi.org\\\/es o cont\u00e1ctanos directamente: info@exaudi.org Exaudi: Informa, forma y transforma.\",\"sameAs\":[\"https:\\\/\\\/www.facebook.com\\\/ExaudiNoticias\\\/\",\"https:\\\/\\\/www.instagram.com\\\/exaudi_noticias\\\/\",\"https:\\\/\\\/x.com\\\/Exaudi_noticias\",\"https:\\\/\\\/www.youtube.com\\\/@exaudicatholicnews\"],\"url\":\"https:\\\/\\\/exaudi.org\\\/es\\\/author\\\/redaccionexaudi\\\/\"}]}<\/script>\n<!-- \/ Yoast SEO plugin. -->","yoast_head_json":{"title":"II Encuentro Iberoamericano de Profesores de Religi\u00f3n &#8211; Exaudi","robots":{"index":"index","follow":"follow","max-snippet":"max-snippet:-1","max-image-preview":"max-image-preview:large","max-video-preview":"max-video-preview:-1"},"canonical":"https:\/\/exaudi.org\/es\/ii-encuentro-iberoamericano-de-profesores-de-religion\/","og_locale":"es_ES","og_type":"article","og_title":"II Encuentro Iberoamericano de Profesores de Religi\u00f3n &#8211; Exaudi","og_description":"Siena Educaci\u00f3n organiza por segundo a\u00f1o consecutivo un encuentro que tiene como objetivo impulsar la asignatura de Religi\u00f3n y a su profesorado","og_url":"https:\/\/exaudi.org\/es\/ii-encuentro-iberoamericano-de-profesores-de-religion\/","og_site_name":"Exaudi","article_publisher":"https:\/\/www.facebook.com\/ExaudiNews","article_author":"https:\/\/www.facebook.com\/ExaudiNoticias\/","article_published_time":"2023-01-13T11:41:02+00:00","article_modified_time":"2023-01-13T11:41:35+00:00","og_image":[{"width":750,"height":422,"url":"https:\/\/exaudi.org\/wp-content\/uploads\/2023\/01\/Sin-titulo-1-1.jpg","type":"image\/jpeg"}],"author":"Exaudi Redacci\u00f3n","twitter_card":"summary_large_image","twitter_creator":"@Exaudi_noticias","twitter_site":"@Exaudi_News","twitter_misc":{"Escrito por":"Exaudi Redacci\u00f3n","Tiempo de lectura":"4 minutos"},"schema":{"@context":"https:\/\/schema.org","@graph":[{"@type":"Article","@id":"https:\/\/exaudi.org\/es\/ii-encuentro-iberoamericano-de-profesores-de-religion\/#article","isPartOf":{"@id":"https:\/\/exaudi.org\/es\/ii-encuentro-iberoamericano-de-profesores-de-religion\/"},"author":{"name":"Exaudi Redacci\u00f3n","@id":"https:\/\/exaudi.org\/#\/schema\/person\/f5fc8f063065e38742da7afe15f25df7"},"headline":"II Encuentro Iberoamericano de Profesores de Religi\u00f3n","datePublished":"2023-01-13T11:41:02+00:00","dateModified":"2023-01-13T11:41:35+00:00","mainEntityOfPage":{"@id":"https:\/\/exaudi.org\/es\/ii-encuentro-iberoamericano-de-profesores-de-religion\/"},"wordCount":874,"image":{"@id":"https:\/\/exaudi.org\/es\/ii-encuentro-iberoamericano-de-profesores-de-religion\/#primaryimage"},"thumbnailUrl":"https:\/\/exaudi.org\/wp-content\/uploads\/2023\/01\/Sin-titulo-1-1.jpg","keywords":["Andreas Schleicher","asignatura de Religi\u00f3n","Caixa Forum","CELAM","II Encuentro Iberoamericano de Profesores de Religi\u00f3n","Javier Urra","MAGISTERIO","Museo del Prado","Pablo d\u2019Ors","Siena Educaci\u00f3n","Silvia \u00c1lava","Trending"],"articleSection":["Eventos especiales","Iglesia y Mundo"],"inLanguage":"es"},{"@type":"WebPage","@id":"https:\/\/exaudi.org\/es\/ii-encuentro-iberoamericano-de-profesores-de-religion\/","url":"https:\/\/exaudi.org\/es\/ii-encuentro-iberoamericano-de-profesores-de-religion\/","name":"II Encuentro Iberoamericano de Profesores de Religi\u00f3n &#8211; Exaudi","isPartOf":{"@id":"https:\/\/exaudi.org\/#website"},"primaryImageOfPage":{"@id":"https:\/\/exaudi.org\/es\/ii-encuentro-iberoamericano-de-profesores-de-religion\/#primaryimage"},"image":{"@id":"https:\/\/exaudi.org\/es\/ii-encuentro-iberoamericano-de-profesores-de-religion\/#primaryimage"},"thumbnailUrl":"https:\/\/exaudi.org\/wp-content\/uploads\/2023\/01\/Sin-titulo-1-1.jpg","datePublished":"2023-01-13T11:41:02+00:00","dateModified":"2023-01-13T11:41:35+00:00","author":{"@id":"https:\/\/exaudi.org\/#\/schema\/person\/f5fc8f063065e38742da7afe15f25df7"},"breadcrumb":{"@id":"https:\/\/exaudi.org\/es\/ii-encuentro-iberoamericano-de-profesores-de-religion\/#breadcrumb"},"inLanguage":"es","potentialAction":[{"@type":"ReadAction","target":["https:\/\/exaudi.org\/es\/ii-encuentro-iberoamericano-de-profesores-de-religion\/"]}]},{"@type":"ImageObject","inLanguage":"es","@id":"https:\/\/exaudi.org\/es\/ii-encuentro-iberoamericano-de-profesores-de-religion\/#primaryimage","url":"https:\/\/exaudi.org\/wp-content\/uploads\/2023\/01\/Sin-titulo-1-1.jpg","contentUrl":"https:\/\/exaudi.org\/wp-content\/uploads\/2023\/01\/Sin-titulo-1-1.jpg","width":750,"height":422},{"@type":"BreadcrumbList","@id":"https:\/\/exaudi.org\/es\/ii-encuentro-iberoamericano-de-profesores-de-religion\/#breadcrumb","itemListElement":[{"@type":"ListItem","position":1,"name":"Portada","item":"https:\/\/exaudi.org\/es\/"},{"@type":"ListItem","position":2,"name":"II Encuentro Iberoamericano de Profesores de Religi\u00f3n"}]},{"@type":"WebSite","@id":"https:\/\/exaudi.org\/#website","url":"https:\/\/exaudi.org\/","name":"Exaudi","description":"News","potentialAction":[{"@type":"SearchAction","target":{"@type":"EntryPoint","urlTemplate":"https:\/\/exaudi.org\/?s={search_term_string}"},"query-input":{"@type":"PropertyValueSpecification","valueRequired":true,"valueName":"search_term_string"}}],"inLanguage":"es"},{"@type":"Person","@id":"https:\/\/exaudi.org\/#\/schema\/person\/f5fc8f063065e38742da7afe15f25df7","name":"Exaudi Redacci\u00f3n","image":{"@type":"ImageObject","inLanguage":"es","@id":"https:\/\/secure.gravatar.com\/avatar\/fe0f6a059fb68d9b3e11bc5850dd4899b1c7492091a3cb6dd9b01b56ad828be2?s=96&d=mm&r=g","url":"https:\/\/secure.gravatar.com\/avatar\/fe0f6a059fb68d9b3e11bc5850dd4899b1c7492091a3cb6dd9b01b56ad828be2?s=96&d=mm&r=g","contentUrl":"https:\/\/secure.gravatar.com\/avatar\/fe0f6a059fb68d9b3e11bc5850dd4899b1c7492091a3cb6dd9b01b56ad828be2?s=96&d=mm&r=g","caption":"Exaudi Redacci\u00f3n"},"description":"\u00bfQu\u00e9 es Exaudi News? Exaudi News es un medio de comunicaci\u00f3n cat\u00f3lico internacional que informa, forma y transforma, diariamente en espa\u00f1ol, ingl\u00e9s e italiano. A trav\u00e9s de noticias, art\u00edculos de an\u00e1lisis y transmisiones en directo de los eventos del Papa, Exaudi busca fortalecer la unidad de los cristianos y contribuir a la evangelizaci\u00f3n del mundo, siempre guiados por la doctrina social de la Iglesia. Trabajamos para acercar la verdad y los valores cristianos a cada rinc\u00f3n del planeta. \u00a1Ay\u00fadanos a transformar el mundo con Exaudi! En Exaudi creemos que la evangelizaci\u00f3n y la informaci\u00f3n de calidad pueden cambiar vidas. Para continuar con nuestra misi\u00f3n y expandir nuestro alcance, necesitamos tu ayuda. Adem\u00e1s, buscamos personas comprometidas que deseen unirse a nuestro equipo. Con tu apoyo, lograremos llegar a m\u00e1s personas, difundir el mensaje de Cristo y reforzar la unidad de los cristianos. \u00bfTe unes a nuestra misi\u00f3n? Para m\u00e1s informaci\u00f3n sobre c\u00f3mo colaborar, visita Exaudi.org\/es o cont\u00e1ctanos directamente: info@exaudi.org Exaudi: Informa, forma y transforma.","sameAs":["https:\/\/www.facebook.com\/ExaudiNoticias\/","https:\/\/www.instagram.com\/exaudi_noticias\/","https:\/\/x.com\/Exaudi_noticias","https:\/\/www.youtube.com\/@exaudicatholicnews"],"url":"https:\/\/exaudi.org\/es\/author\/redaccionexaudi\/"}]}},"jetpack_featured_media_url":"https:\/\/exaudi.org\/wp-content\/uploads\/2023\/01\/Sin-titulo-1-1.jpg","jetpack_shortlink":"https:\/\/wp.me\/pgKjF2-hNa","_links":{"self":[{"href":"https:\/\/exaudi.org\/es\/wp-json\/wp\/v2\/posts\/68396","targetHints":{"allow":["GET"]}}],"collection":[{"href":"https:\/\/exaudi.org\/es\/wp-json\/wp\/v2\/posts"}],"about":[{"href":"https:\/\/exaudi.org\/es\/wp-json\/wp\/v2\/types\/post"}],"author":[{"embeddable":true,"href":"https:\/\/exaudi.org\/es\/wp-json\/wp\/v2\/users\/15"}],"replies":[{"embeddable":true,"href":"https:\/\/exaudi.org\/es\/wp-json\/wp\/v2\/comments?post=68396"}],"version-history":[{"count":0,"href":"https:\/\/exaudi.org\/es\/wp-json\/wp\/v2\/posts\/68396\/revisions"}],"wp:featuredmedia":[{"embeddable":true,"href":"https:\/\/exaudi.org\/es\/wp-json\/wp\/v2\/media\/68397"}],"wp:attachment":[{"href":"https:\/\/exaudi.org\/es\/wp-json\/wp\/v2\/media?parent=68396"}],"wp:term":[{"taxonomy":"category","embeddable":true,"href":"https:\/\/exaudi.org\/es\/wp-json\/wp\/v2\/categories?post=68396"},{"taxonomy":"post_tag","embeddable":true,"href":"https:\/\/exaudi.org\/es\/wp-json\/wp\/v2\/tags?post=68396"}],"curies":[{"name":"wp","href":"https:\/\/api.w.org\/{rel}","templated":true}]}}