{"id":68084,"date":"2023-01-08T12:09:32","date_gmt":"2023-01-08T11:09:32","guid":{"rendered":"https:\/\/exaudi.org\/?p=68084"},"modified":"2023-01-08T15:32:42","modified_gmt":"2023-01-08T14:32:42","slug":"el-papa-el-bautismo-nos-hace-renacer-a-la-vida-cristiana","status":"publish","type":"post","link":"https:\/\/exaudi.org\/es\/el-papa-el-bautismo-nos-hace-renacer-a-la-vida-cristiana\/","title":{"rendered":"El Papa: \u201cEl Bautismo nos hace renacer a la vida cristiana\u201d"},"content":{"rendered":"<p>A las 9.30 de esta ma\u00f1ana, fiesta del Bautismo del Se\u00f1or, el Santo Padre Francisco presidi\u00f3 la Santa Misa en la Capilla Sixtina durante la cual administr\u00f3 el Sacramento del Bautismo a 13 ni\u00f1os.<\/p>\n<p>El Santo Padre bautiz\u00f3 a Santiago, Gabriele Levi, Ludovica, Damiano Vittorio, Diletta, Matilde Mar\u00eda P\u00eda, Amalia, Livia Sof\u00eda, Francesca, Olimpia Beatrice, Damiano, Matilde Mar\u00eda y Lorenzo, quienes estuvieron acompa\u00f1ados de sus padres y padrinos.<\/p>\n<p>Reproducimos a continuaci\u00f3n la transcripci\u00f3n de la homil\u00eda que el Papa pronunci\u00f3 tras la lectura del Santo Evangelio:<\/p>\n<p>***<\/p>\n<h3><strong>Homil\u00eda del Santo Padre<\/strong><\/h3>\n<p>Queridos padres, gracias por traer a vuestros hijos aqu\u00ed, por traerlos a la Iglesia. Y este es un buen d\u00eda, porque no olvidamos cu\u00e1ndo fuimos bautizados. Es como un cumplea\u00f1os, porque el Bautismo nos hace renacer a la vida cristiana. Por eso os aconsejo que ense\u00f1\u00e9is a vuestros hijos la fecha del Bautismo, como un nuevo cumplea\u00f1os: que cada a\u00f1o recuerden y den gracias a Dios por esta gracia de hacerse cristianos. Esta es una tarea que te aconsejo que hagas.<\/p>\n<p>Entonces, reflexionemos un poco sobre el hecho de que estos ni\u00f1os que tra\u00e9is ahora est\u00e1n empezando un camino, pero os corresponde a vosotros y a los padrinos ayudarles a recorrerlo. Nos ense\u00f1an a rezar, de ni\u00f1os: que aprendan a rezar, de ni\u00f1os, al menos a hacerlo con las manos, con gestos&#8230; Que aprendan a rezar, de ni\u00f1os, porque la oraci\u00f3n ser\u00e1 lo que les dar\u00e1 fuerzas a lo largo de su vida: en los buenos momentos, para dar gracias a Dios, y en los malos, para encontrar fuerzas. Esto es lo primero que debes ense\u00f1arles: a rezar.<\/p>\n<p>Y rezad tambi\u00e9n a la Virgen, que es la Madre, es nuestra Madre. Se dice que cuando alguien est\u00e1 enfadado con el Se\u00f1or, o se ha desviado, la Virgen est\u00e1 siempre cerca para abrirle camino de vuelta. Es un dicho. El Se\u00f1or est\u00e1 siempre cerca de nosotros, pero la Virgen es la madre, y la madre est\u00e1 siempre m\u00e1s cerca que el padre. Siempre. \u00bfPor qu\u00e9? Porque es as\u00ed. Las madres son as\u00ed, y esto es genial. Que aprendan a ser cristianos.<\/p>\n<p>Ahora todo el mundo est\u00e1 callado, y eso est\u00e1 bien. Pero tal vez alguien &#8216;d\u00e9 el la&#8217;, empiece. Y como los ni\u00f1os son sinf\u00f3nicos, todos ir\u00e1n a por \u00e9l. Que griten, que lloren. Quiz\u00e1 alguien llore de hambre: amam\u00e1ntalo. Con toda libertad. Lo importante es que hoy esta celebraci\u00f3n es la fiesta, la fiesta del comienzo de un hermoso camino cristiano, en el que ayudar\u00e9is a vuestros hijos a seguir adelante. Quiz\u00e1 algunos est\u00e9n demasiado cubiertos y pasen calor: que est\u00e9n c\u00f3modos, que est\u00e9n c\u00f3modos todos.<\/p>\n<p>Celebramos con ellos este comienzo de viaje. Y depende de vosotros ayudarles a seguir adelante. Porque yo acabo aqu\u00ed, pero vosotros toda la vida.<\/p>\n<p><iframe loading=\"lazy\" title=\"Santa Misa Bautismo del Se\u00f1or - Papa Francisco - 8 de enero de 2023\" width=\"500\" height=\"281\" src=\"https:\/\/www.youtube.com\/embed\/xyatcnRlq5A?feature=oembed\" frameborder=\"0\" allow=\"accelerometer; autoplay; clipboard-write; encrypted-media; gyroscope; picture-in-picture; web-share\" referrerpolicy=\"strict-origin-when-cross-origin\" allowfullscreen><\/iframe><\/p>\n","protected":false},"excerpt":{"rendered":"<p>El Papa bautiza a 13 ni\u00f1os en la fiesta del Bautismo del Se\u00f1or<\/p>\n","protected":false},"author":15,"featured_media":68085,"comment_status":"closed","ping_status":"closed","sticky":false,"template":"","format":"standard","meta":{"_acf_changed":false,"_crdt_document":"","inline_featured_image":false,"footnotes":""},"categories":[114,68],"tags":[2913,8102,173,158,4953],"class_list":["post-68084","post","type-post","status-publish","format-standard","has-post-thumbnail","hentry","category-homilias","category-leon-xiv","tag-bautismo","tag-fiesta-del-bautismo-del-senor","tag-homilia","tag-papa-francisco","tag-trending-es"],"acf":[],"yoast_head":"<!-- This site is optimized with the Yoast SEO plugin v27.4 - https:\/\/yoast.com\/product\/yoast-seo-wordpress\/ -->\n<title>El Papa: \u201cEl Bautismo nos hace renacer a la vida cristiana\u201d &#8211; Exaudi<\/title>\n<meta name=\"robots\" content=\"index, follow, max-snippet:-1, max-image-preview:large, max-video-preview:-1\" \/>\n<link rel=\"canonical\" href=\"https:\/\/exaudi.org\/es\/el-papa-el-bautismo-nos-hace-renacer-a-la-vida-cristiana\/\" \/>\n<meta property=\"og:locale\" content=\"es_ES\" \/>\n<meta property=\"og:type\" content=\"article\" \/>\n<meta property=\"og:title\" content=\"El Papa: \u201cEl Bautismo nos hace renacer a la vida cristiana\u201d &#8211; Exaudi\" \/>\n<meta property=\"og:description\" content=\"El Papa bautiza a 13 ni\u00f1os en la fiesta del Bautismo del Se\u00f1or\" \/>\n<meta property=\"og:url\" content=\"https:\/\/exaudi.org\/es\/el-papa-el-bautismo-nos-hace-renacer-a-la-vida-cristiana\/\" \/>\n<meta property=\"og:site_name\" content=\"Exaudi\" \/>\n<meta property=\"article:publisher\" content=\"https:\/\/www.facebook.com\/ExaudiNews\" \/>\n<meta property=\"article:author\" content=\"https:\/\/www.facebook.com\/ExaudiNoticias\/\" \/>\n<meta property=\"article:published_time\" content=\"2023-01-08T11:09:32+00:00\" \/>\n<meta property=\"article:modified_time\" content=\"2023-01-08T14:32:42+00:00\" \/>\n<meta property=\"og:image\" content=\"https:\/\/exaudi.org\/wp-content\/uploads\/2023\/01\/Bautismo-scaled.jpg\" \/>\n\t<meta property=\"og:image:width\" content=\"2560\" \/>\n\t<meta property=\"og:image:height\" content=\"1707\" \/>\n\t<meta property=\"og:image:type\" content=\"image\/jpeg\" \/>\n<meta name=\"author\" content=\"Exaudi Redacci\u00f3n\" \/>\n<meta name=\"twitter:card\" content=\"summary_large_image\" \/>\n<meta name=\"twitter:creator\" content=\"@Exaudi_noticias\" \/>\n<meta name=\"twitter:site\" content=\"@Exaudi_News\" \/>\n<meta name=\"twitter:label1\" content=\"Escrito por\" \/>\n\t<meta name=\"twitter:data1\" content=\"Exaudi Redacci\u00f3n\" \/>\n\t<meta name=\"twitter:label2\" content=\"Tiempo de lectura\" \/>\n\t<meta name=\"twitter:data2\" content=\"3 minutos\" \/>\n<script type=\"application\/ld+json\" class=\"yoast-schema-graph\">{\"@context\":\"https:\\\/\\\/schema.org\",\"@graph\":[{\"@type\":\"Article\",\"@id\":\"https:\\\/\\\/exaudi.org\\\/es\\\/el-papa-el-bautismo-nos-hace-renacer-a-la-vida-cristiana\\\/#article\",\"isPartOf\":{\"@id\":\"https:\\\/\\\/exaudi.org\\\/es\\\/el-papa-el-bautismo-nos-hace-renacer-a-la-vida-cristiana\\\/\"},\"author\":{\"name\":\"Exaudi Redacci\u00f3n\",\"@id\":\"https:\\\/\\\/exaudi.org\\\/#\\\/schema\\\/person\\\/f5fc8f063065e38742da7afe15f25df7\"},\"headline\":\"El Papa: \u201cEl Bautismo nos hace renacer a la vida cristiana\u201d\",\"datePublished\":\"2023-01-08T11:09:32+00:00\",\"dateModified\":\"2023-01-08T14:32:42+00:00\",\"mainEntityOfPage\":{\"@id\":\"https:\\\/\\\/exaudi.org\\\/es\\\/el-papa-el-bautismo-nos-hace-renacer-a-la-vida-cristiana\\\/\"},\"wordCount\":519,\"image\":{\"@id\":\"https:\\\/\\\/exaudi.org\\\/es\\\/el-papa-el-bautismo-nos-hace-renacer-a-la-vida-cristiana\\\/#primaryimage\"},\"thumbnailUrl\":\"https:\\\/\\\/exaudi.org\\\/wp-content\\\/uploads\\\/2023\\\/01\\\/Bautismo-scaled.jpg\",\"keywords\":[\"Bautismo\",\"Fiesta del Bautismo del Se\u00f1or\",\"homil\u00eda\",\"papa francisco\",\"Trending\"],\"articleSection\":[\"Homilias\",\"Le\u00f3n XIV\"],\"inLanguage\":\"es\"},{\"@type\":\"WebPage\",\"@id\":\"https:\\\/\\\/exaudi.org\\\/es\\\/el-papa-el-bautismo-nos-hace-renacer-a-la-vida-cristiana\\\/\",\"url\":\"https:\\\/\\\/exaudi.org\\\/es\\\/el-papa-el-bautismo-nos-hace-renacer-a-la-vida-cristiana\\\/\",\"name\":\"El Papa: \u201cEl Bautismo nos hace renacer a la vida cristiana\u201d &#8211; Exaudi\",\"isPartOf\":{\"@id\":\"https:\\\/\\\/exaudi.org\\\/#website\"},\"primaryImageOfPage\":{\"@id\":\"https:\\\/\\\/exaudi.org\\\/es\\\/el-papa-el-bautismo-nos-hace-renacer-a-la-vida-cristiana\\\/#primaryimage\"},\"image\":{\"@id\":\"https:\\\/\\\/exaudi.org\\\/es\\\/el-papa-el-bautismo-nos-hace-renacer-a-la-vida-cristiana\\\/#primaryimage\"},\"thumbnailUrl\":\"https:\\\/\\\/exaudi.org\\\/wp-content\\\/uploads\\\/2023\\\/01\\\/Bautismo-scaled.jpg\",\"datePublished\":\"2023-01-08T11:09:32+00:00\",\"dateModified\":\"2023-01-08T14:32:42+00:00\",\"author\":{\"@id\":\"https:\\\/\\\/exaudi.org\\\/#\\\/schema\\\/person\\\/f5fc8f063065e38742da7afe15f25df7\"},\"breadcrumb\":{\"@id\":\"https:\\\/\\\/exaudi.org\\\/es\\\/el-papa-el-bautismo-nos-hace-renacer-a-la-vida-cristiana\\\/#breadcrumb\"},\"inLanguage\":\"es\",\"potentialAction\":[{\"@type\":\"ReadAction\",\"target\":[\"https:\\\/\\\/exaudi.org\\\/es\\\/el-papa-el-bautismo-nos-hace-renacer-a-la-vida-cristiana\\\/\"]}]},{\"@type\":\"ImageObject\",\"inLanguage\":\"es\",\"@id\":\"https:\\\/\\\/exaudi.org\\\/es\\\/el-papa-el-bautismo-nos-hace-renacer-a-la-vida-cristiana\\\/#primaryimage\",\"url\":\"https:\\\/\\\/exaudi.org\\\/wp-content\\\/uploads\\\/2023\\\/01\\\/Bautismo-scaled.jpg\",\"contentUrl\":\"https:\\\/\\\/exaudi.org\\\/wp-content\\\/uploads\\\/2023\\\/01\\\/Bautismo-scaled.jpg\",\"width\":2560,\"height\":1707,\"caption\":\"Bautismo \u00a9 Vatican Media\"},{\"@type\":\"BreadcrumbList\",\"@id\":\"https:\\\/\\\/exaudi.org\\\/es\\\/el-papa-el-bautismo-nos-hace-renacer-a-la-vida-cristiana\\\/#breadcrumb\",\"itemListElement\":[{\"@type\":\"ListItem\",\"position\":1,\"name\":\"Portada\",\"item\":\"https:\\\/\\\/exaudi.org\\\/es\\\/\"},{\"@type\":\"ListItem\",\"position\":2,\"name\":\"El Papa: \u201cEl Bautismo nos hace renacer a la vida cristiana\u201d\"}]},{\"@type\":\"WebSite\",\"@id\":\"https:\\\/\\\/exaudi.org\\\/#website\",\"url\":\"https:\\\/\\\/exaudi.org\\\/\",\"name\":\"Exaudi\",\"description\":\"News\",\"potentialAction\":[{\"@type\":\"SearchAction\",\"target\":{\"@type\":\"EntryPoint\",\"urlTemplate\":\"https:\\\/\\\/exaudi.org\\\/?s={search_term_string}\"},\"query-input\":{\"@type\":\"PropertyValueSpecification\",\"valueRequired\":true,\"valueName\":\"search_term_string\"}}],\"inLanguage\":\"es\"},{\"@type\":\"Person\",\"@id\":\"https:\\\/\\\/exaudi.org\\\/#\\\/schema\\\/person\\\/f5fc8f063065e38742da7afe15f25df7\",\"name\":\"Exaudi Redacci\u00f3n\",\"image\":{\"@type\":\"ImageObject\",\"inLanguage\":\"es\",\"@id\":\"https:\\\/\\\/secure.gravatar.com\\\/avatar\\\/fe0f6a059fb68d9b3e11bc5850dd4899b1c7492091a3cb6dd9b01b56ad828be2?s=96&d=mm&r=g\",\"url\":\"https:\\\/\\\/secure.gravatar.com\\\/avatar\\\/fe0f6a059fb68d9b3e11bc5850dd4899b1c7492091a3cb6dd9b01b56ad828be2?s=96&d=mm&r=g\",\"contentUrl\":\"https:\\\/\\\/secure.gravatar.com\\\/avatar\\\/fe0f6a059fb68d9b3e11bc5850dd4899b1c7492091a3cb6dd9b01b56ad828be2?s=96&d=mm&r=g\",\"caption\":\"Exaudi Redacci\u00f3n\"},\"description\":\"\u00bfQu\u00e9 es Exaudi News? Exaudi News es un medio de comunicaci\u00f3n cat\u00f3lico internacional que informa, forma y transforma, diariamente en espa\u00f1ol, ingl\u00e9s e italiano. A trav\u00e9s de noticias, art\u00edculos de an\u00e1lisis y transmisiones en directo de los eventos del Papa, Exaudi busca fortalecer la unidad de los cristianos y contribuir a la evangelizaci\u00f3n del mundo, siempre guiados por la doctrina social de la Iglesia. Trabajamos para acercar la verdad y los valores cristianos a cada rinc\u00f3n del planeta. \u00a1Ay\u00fadanos a transformar el mundo con Exaudi! En Exaudi creemos que la evangelizaci\u00f3n y la informaci\u00f3n de calidad pueden cambiar vidas. Para continuar con nuestra misi\u00f3n y expandir nuestro alcance, necesitamos tu ayuda. Adem\u00e1s, buscamos personas comprometidas que deseen unirse a nuestro equipo. Con tu apoyo, lograremos llegar a m\u00e1s personas, difundir el mensaje de Cristo y reforzar la unidad de los cristianos. \u00bfTe unes a nuestra misi\u00f3n? Para m\u00e1s informaci\u00f3n sobre c\u00f3mo colaborar, visita Exaudi.org\\\/es o cont\u00e1ctanos directamente: info@exaudi.org Exaudi: Informa, forma y transforma.\",\"sameAs\":[\"https:\\\/\\\/www.facebook.com\\\/ExaudiNoticias\\\/\",\"https:\\\/\\\/www.instagram.com\\\/exaudi_noticias\\\/\",\"https:\\\/\\\/x.com\\\/Exaudi_noticias\",\"https:\\\/\\\/www.youtube.com\\\/@exaudicatholicnews\"],\"url\":\"https:\\\/\\\/exaudi.org\\\/es\\\/author\\\/redaccionexaudi\\\/\"}]}<\/script>\n<!-- \/ Yoast SEO plugin. -->","yoast_head_json":{"title":"El Papa: \u201cEl Bautismo nos hace renacer a la vida cristiana\u201d &#8211; Exaudi","robots":{"index":"index","follow":"follow","max-snippet":"max-snippet:-1","max-image-preview":"max-image-preview:large","max-video-preview":"max-video-preview:-1"},"canonical":"https:\/\/exaudi.org\/es\/el-papa-el-bautismo-nos-hace-renacer-a-la-vida-cristiana\/","og_locale":"es_ES","og_type":"article","og_title":"El Papa: \u201cEl Bautismo nos hace renacer a la vida cristiana\u201d &#8211; Exaudi","og_description":"El Papa bautiza a 13 ni\u00f1os en la fiesta del Bautismo del Se\u00f1or","og_url":"https:\/\/exaudi.org\/es\/el-papa-el-bautismo-nos-hace-renacer-a-la-vida-cristiana\/","og_site_name":"Exaudi","article_publisher":"https:\/\/www.facebook.com\/ExaudiNews","article_author":"https:\/\/www.facebook.com\/ExaudiNoticias\/","article_published_time":"2023-01-08T11:09:32+00:00","article_modified_time":"2023-01-08T14:32:42+00:00","og_image":[{"width":2560,"height":1707,"url":"https:\/\/exaudi.org\/wp-content\/uploads\/2023\/01\/Bautismo-scaled.jpg","type":"image\/jpeg"}],"author":"Exaudi Redacci\u00f3n","twitter_card":"summary_large_image","twitter_creator":"@Exaudi_noticias","twitter_site":"@Exaudi_News","twitter_misc":{"Escrito por":"Exaudi Redacci\u00f3n","Tiempo de lectura":"3 minutos"},"schema":{"@context":"https:\/\/schema.org","@graph":[{"@type":"Article","@id":"https:\/\/exaudi.org\/es\/el-papa-el-bautismo-nos-hace-renacer-a-la-vida-cristiana\/#article","isPartOf":{"@id":"https:\/\/exaudi.org\/es\/el-papa-el-bautismo-nos-hace-renacer-a-la-vida-cristiana\/"},"author":{"name":"Exaudi Redacci\u00f3n","@id":"https:\/\/exaudi.org\/#\/schema\/person\/f5fc8f063065e38742da7afe15f25df7"},"headline":"El Papa: \u201cEl Bautismo nos hace renacer a la vida cristiana\u201d","datePublished":"2023-01-08T11:09:32+00:00","dateModified":"2023-01-08T14:32:42+00:00","mainEntityOfPage":{"@id":"https:\/\/exaudi.org\/es\/el-papa-el-bautismo-nos-hace-renacer-a-la-vida-cristiana\/"},"wordCount":519,"image":{"@id":"https:\/\/exaudi.org\/es\/el-papa-el-bautismo-nos-hace-renacer-a-la-vida-cristiana\/#primaryimage"},"thumbnailUrl":"https:\/\/exaudi.org\/wp-content\/uploads\/2023\/01\/Bautismo-scaled.jpg","keywords":["Bautismo","Fiesta del Bautismo del Se\u00f1or","homil\u00eda","papa francisco","Trending"],"articleSection":["Homilias","Le\u00f3n XIV"],"inLanguage":"es"},{"@type":"WebPage","@id":"https:\/\/exaudi.org\/es\/el-papa-el-bautismo-nos-hace-renacer-a-la-vida-cristiana\/","url":"https:\/\/exaudi.org\/es\/el-papa-el-bautismo-nos-hace-renacer-a-la-vida-cristiana\/","name":"El Papa: \u201cEl Bautismo nos hace renacer a la vida cristiana\u201d &#8211; Exaudi","isPartOf":{"@id":"https:\/\/exaudi.org\/#website"},"primaryImageOfPage":{"@id":"https:\/\/exaudi.org\/es\/el-papa-el-bautismo-nos-hace-renacer-a-la-vida-cristiana\/#primaryimage"},"image":{"@id":"https:\/\/exaudi.org\/es\/el-papa-el-bautismo-nos-hace-renacer-a-la-vida-cristiana\/#primaryimage"},"thumbnailUrl":"https:\/\/exaudi.org\/wp-content\/uploads\/2023\/01\/Bautismo-scaled.jpg","datePublished":"2023-01-08T11:09:32+00:00","dateModified":"2023-01-08T14:32:42+00:00","author":{"@id":"https:\/\/exaudi.org\/#\/schema\/person\/f5fc8f063065e38742da7afe15f25df7"},"breadcrumb":{"@id":"https:\/\/exaudi.org\/es\/el-papa-el-bautismo-nos-hace-renacer-a-la-vida-cristiana\/#breadcrumb"},"inLanguage":"es","potentialAction":[{"@type":"ReadAction","target":["https:\/\/exaudi.org\/es\/el-papa-el-bautismo-nos-hace-renacer-a-la-vida-cristiana\/"]}]},{"@type":"ImageObject","inLanguage":"es","@id":"https:\/\/exaudi.org\/es\/el-papa-el-bautismo-nos-hace-renacer-a-la-vida-cristiana\/#primaryimage","url":"https:\/\/exaudi.org\/wp-content\/uploads\/2023\/01\/Bautismo-scaled.jpg","contentUrl":"https:\/\/exaudi.org\/wp-content\/uploads\/2023\/01\/Bautismo-scaled.jpg","width":2560,"height":1707,"caption":"Bautismo \u00a9 Vatican Media"},{"@type":"BreadcrumbList","@id":"https:\/\/exaudi.org\/es\/el-papa-el-bautismo-nos-hace-renacer-a-la-vida-cristiana\/#breadcrumb","itemListElement":[{"@type":"ListItem","position":1,"name":"Portada","item":"https:\/\/exaudi.org\/es\/"},{"@type":"ListItem","position":2,"name":"El Papa: \u201cEl Bautismo nos hace renacer a la vida cristiana\u201d"}]},{"@type":"WebSite","@id":"https:\/\/exaudi.org\/#website","url":"https:\/\/exaudi.org\/","name":"Exaudi","description":"News","potentialAction":[{"@type":"SearchAction","target":{"@type":"EntryPoint","urlTemplate":"https:\/\/exaudi.org\/?s={search_term_string}"},"query-input":{"@type":"PropertyValueSpecification","valueRequired":true,"valueName":"search_term_string"}}],"inLanguage":"es"},{"@type":"Person","@id":"https:\/\/exaudi.org\/#\/schema\/person\/f5fc8f063065e38742da7afe15f25df7","name":"Exaudi Redacci\u00f3n","image":{"@type":"ImageObject","inLanguage":"es","@id":"https:\/\/secure.gravatar.com\/avatar\/fe0f6a059fb68d9b3e11bc5850dd4899b1c7492091a3cb6dd9b01b56ad828be2?s=96&d=mm&r=g","url":"https:\/\/secure.gravatar.com\/avatar\/fe0f6a059fb68d9b3e11bc5850dd4899b1c7492091a3cb6dd9b01b56ad828be2?s=96&d=mm&r=g","contentUrl":"https:\/\/secure.gravatar.com\/avatar\/fe0f6a059fb68d9b3e11bc5850dd4899b1c7492091a3cb6dd9b01b56ad828be2?s=96&d=mm&r=g","caption":"Exaudi Redacci\u00f3n"},"description":"\u00bfQu\u00e9 es Exaudi News? Exaudi News es un medio de comunicaci\u00f3n cat\u00f3lico internacional que informa, forma y transforma, diariamente en espa\u00f1ol, ingl\u00e9s e italiano. A trav\u00e9s de noticias, art\u00edculos de an\u00e1lisis y transmisiones en directo de los eventos del Papa, Exaudi busca fortalecer la unidad de los cristianos y contribuir a la evangelizaci\u00f3n del mundo, siempre guiados por la doctrina social de la Iglesia. Trabajamos para acercar la verdad y los valores cristianos a cada rinc\u00f3n del planeta. \u00a1Ay\u00fadanos a transformar el mundo con Exaudi! En Exaudi creemos que la evangelizaci\u00f3n y la informaci\u00f3n de calidad pueden cambiar vidas. Para continuar con nuestra misi\u00f3n y expandir nuestro alcance, necesitamos tu ayuda. Adem\u00e1s, buscamos personas comprometidas que deseen unirse a nuestro equipo. Con tu apoyo, lograremos llegar a m\u00e1s personas, difundir el mensaje de Cristo y reforzar la unidad de los cristianos. \u00bfTe unes a nuestra misi\u00f3n? Para m\u00e1s informaci\u00f3n sobre c\u00f3mo colaborar, visita Exaudi.org\/es o cont\u00e1ctanos directamente: info@exaudi.org Exaudi: Informa, forma y transforma.","sameAs":["https:\/\/www.facebook.com\/ExaudiNoticias\/","https:\/\/www.instagram.com\/exaudi_noticias\/","https:\/\/x.com\/Exaudi_noticias","https:\/\/www.youtube.com\/@exaudicatholicnews"],"url":"https:\/\/exaudi.org\/es\/author\/redaccionexaudi\/"}]}},"jetpack_featured_media_url":"https:\/\/exaudi.org\/wp-content\/uploads\/2023\/01\/Bautismo-scaled.jpg","jetpack_shortlink":"https:\/\/wp.me\/pgKjF2-hI8","_links":{"self":[{"href":"https:\/\/exaudi.org\/es\/wp-json\/wp\/v2\/posts\/68084","targetHints":{"allow":["GET"]}}],"collection":[{"href":"https:\/\/exaudi.org\/es\/wp-json\/wp\/v2\/posts"}],"about":[{"href":"https:\/\/exaudi.org\/es\/wp-json\/wp\/v2\/types\/post"}],"author":[{"embeddable":true,"href":"https:\/\/exaudi.org\/es\/wp-json\/wp\/v2\/users\/15"}],"replies":[{"embeddable":true,"href":"https:\/\/exaudi.org\/es\/wp-json\/wp\/v2\/comments?post=68084"}],"version-history":[{"count":0,"href":"https:\/\/exaudi.org\/es\/wp-json\/wp\/v2\/posts\/68084\/revisions"}],"wp:featuredmedia":[{"embeddable":true,"href":"https:\/\/exaudi.org\/es\/wp-json\/wp\/v2\/media\/68085"}],"wp:attachment":[{"href":"https:\/\/exaudi.org\/es\/wp-json\/wp\/v2\/media?parent=68084"}],"wp:term":[{"taxonomy":"category","embeddable":true,"href":"https:\/\/exaudi.org\/es\/wp-json\/wp\/v2\/categories?post=68084"},{"taxonomy":"post_tag","embeddable":true,"href":"https:\/\/exaudi.org\/es\/wp-json\/wp\/v2\/tags?post=68084"}],"curies":[{"name":"wp","href":"https:\/\/api.w.org\/{rel}","templated":true}]}}