{"id":67259,"date":"2022-12-18T11:10:34","date_gmt":"2022-12-18T10:10:34","guid":{"rendered":"https:\/\/exaudi.org\/?p=67259"},"modified":"2022-12-18T11:14:25","modified_gmt":"2022-12-18T10:14:25","slug":"la-paz-es-la-sintesis-de-todas-las-cosas-buenas-que-podemos-desear","status":"publish","type":"post","link":"https:\/\/exaudi.org\/es\/la-paz-es-la-sintesis-de-todas-las-cosas-buenas-que-podemos-desear\/","title":{"rendered":"\u201cLa paz es la s\u00edntesis de todas las cosas buenas que podemos desear\u201d"},"content":{"rendered":"<p>Publicamos a continuaci\u00f3n el saludo que el Santo Padre Francisco dirigi\u00f3 este s\u00e1bado, 17 diciembre 2022, a los artistas del \u201cConcierto de Navidad\u00a0 en el Vaticano \u201cdurante la Audiencia en el Palacio Apost\u00f3lico:<\/p>\n<p>***<\/p>\n<h3><strong>Saludos del Santo Padre<\/strong><\/h3>\n<p>Queridos amigos, buenos d\u00edas y bienvenidos, y muchas gracias por los buenos deseos que me hab\u00e9is dado, \u00a1gracias!<\/p>\n<p>Gracias por haber elegido dedicar esta edici\u00f3n del Concierto de Navidad al tema de la paz. La paz es la s\u00edntesis de todas las cosas buenas que podemos desear, y por ella vale la pena gastar lo mejor de nuestras energ\u00edas materiales, intelectuales y espirituales.<\/p>\n<p>La paz, lo sabemos, se construye d\u00eda a d\u00eda, es un deseo que acompa\u00f1a y motiva nuestro vivir cotidiano. Pero, desgraciadamente, en este momento de la historia, la paz es tambi\u00e9n una emergencia, como dice el lema que promueve el proyecto de solidaridad combinado con el Concierto. En Ucrania, los Salesianos de \u201c<em>Missioni Don Bosco<\/em>\u201d est\u00e1n junto a las poblaciones, trabajando para acoger a los refugiados y distribuir alimentos y medicinas. Con esta iniciativa queremos apoyarles; pero todos nosotros, sea cual sea nuestro papel, estamos llamados a ser artesanos de la paz, a rezar y trabajar por la paz.<\/p>\n<p>La adhesi\u00f3n de tantos artistas a este proyecto atestigua su deseo de participar en solidaridad con sus hermanos y hermanas que sufren la guerra, y a los que la Navidad nos invita a sentir m\u00e1s cerca. En efecto, el mensaje que la Palabra de Dios nos dirige cada a\u00f1o durante el tiempo de Adviento no es un mensaje de resignaci\u00f3n o de tristeza, sino un mensaje de esperanza y de alegr\u00eda, un mensaje que hay que interiorizar y comunicar. Y en esta \u201ccomunicaci\u00f3n\u201d tambi\u00e9n entran en juego la m\u00fasica y las canciones. La liturgia y las tradiciones populares de Navidad est\u00e1n llenas de m\u00fasica y canciones. El propio relato evang\u00e9lico nos habla del himno de los \u00e1ngeles: \u201c<em>Gloria a Dios en las alturas, y en la tierra paz a los hombres que ama<\/em>\u201d (<em>Lc<\/em> 2,14).<\/p>\n<p>Queridos amigos, vuestro talento es un don y tambi\u00e9n una responsabilidad, de la que hay que estar agradecidos y ser conscientes, mientras -como escribi\u00f3 san Juan Pablo II a los artistas- \u201ccon apasionada dedicaci\u00f3n busc\u00e1is nuevas epifan\u00edas de belleza para hacer de ellas un don al mundo\u201d (<a href=\"https:\/\/www.vatican.va\/content\/john-paul-ii\/es\/letters\/1999\/documents\/hf_jp-ii_let_23041999_artists.html\" target=\"_blank\" rel=\"noopener\"><em>Carta a los artistas<\/em>, 4 de abril de 1999<\/a>). La m\u00fasica tranquiliza, dispone al di\u00e1logo, favorece el encuentro y la amistad. En este sentido, es un camino abierto hacia la paz.<\/p>\n<p>Gracias por venir. Os deseo lo mejor a vosotros y a vuestros seres queridos. Os doy mi m\u00e1s sincera bendici\u00f3n y pido a Dios que os bendiga. Y, por favor, no os olvid\u00e9is de rezar por m\u00ed. Gracias.<\/p>\n","protected":false},"excerpt":{"rendered":"<p>Palabras del Papa a los artistas del \u201cConcierto de Navidad en el Vaticano\u201d<\/p>\n","protected":false},"author":15,"featured_media":67223,"comment_status":"closed","ping_status":"closed","sticky":false,"template":"","format":"standard","meta":{"_acf_changed":false,"_crdt_document":"","inline_featured_image":false,"footnotes":""},"categories":[68,132],"tags":[7968,4700,158,4953],"class_list":["post-67259","post","type-post","status-publish","format-standard","has-post-thumbnail","hentry","category-leon-xiv","category-vaticano-es","tag-concierto-en-el-vaticano","tag-navidad","tag-papa-francisco","tag-trending-es"],"acf":[],"yoast_head":"<!-- This site is optimized with the Yoast SEO plugin v27.5 - https:\/\/yoast.com\/product\/yoast-seo-wordpress\/ -->\n<title>\u201cLa paz es la s\u00edntesis de todas las cosas buenas que podemos desear\u201d &#8211; Exaudi<\/title>\n<meta name=\"robots\" content=\"index, follow, max-snippet:-1, max-image-preview:large, max-video-preview:-1\" \/>\n<link rel=\"canonical\" href=\"https:\/\/exaudi.org\/es\/la-paz-es-la-sintesis-de-todas-las-cosas-buenas-que-podemos-desear\/\" \/>\n<meta property=\"og:locale\" content=\"es_ES\" \/>\n<meta property=\"og:type\" content=\"article\" \/>\n<meta property=\"og:title\" content=\"\u201cLa paz es la s\u00edntesis de todas las cosas buenas que podemos desear\u201d &#8211; Exaudi\" \/>\n<meta property=\"og:description\" content=\"Palabras del Papa a los artistas del \u201cConcierto de Navidad en el Vaticano\u201d\" \/>\n<meta property=\"og:url\" content=\"https:\/\/exaudi.org\/es\/la-paz-es-la-sintesis-de-todas-las-cosas-buenas-que-podemos-desear\/\" \/>\n<meta property=\"og:site_name\" content=\"Exaudi\" \/>\n<meta property=\"article:publisher\" content=\"https:\/\/www.facebook.com\/ExaudiNews\" \/>\n<meta property=\"article:author\" content=\"https:\/\/www.facebook.com\/ExaudiNoticias\/\" \/>\n<meta property=\"article:published_time\" content=\"2022-12-18T10:10:34+00:00\" \/>\n<meta property=\"article:modified_time\" content=\"2022-12-18T10:14:25+00:00\" \/>\n<meta property=\"og:image\" content=\"https:\/\/exaudi.org\/wp-content\/uploads\/2022\/12\/cq5dam.web_.800.800-1.jpeg\" \/>\n\t<meta property=\"og:image:width\" content=\"800\" \/>\n\t<meta property=\"og:image:height\" content=\"533\" \/>\n\t<meta property=\"og:image:type\" content=\"image\/jpeg\" \/>\n<meta name=\"author\" content=\"Exaudi Redacci\u00f3n\" \/>\n<meta name=\"twitter:card\" content=\"summary_large_image\" \/>\n<meta name=\"twitter:creator\" content=\"@Exaudi_noticias\" \/>\n<meta name=\"twitter:site\" content=\"@Exaudi_News\" \/>\n<meta name=\"twitter:label1\" content=\"Escrito por\" \/>\n\t<meta name=\"twitter:data1\" content=\"Exaudi Redacci\u00f3n\" \/>\n\t<meta name=\"twitter:label2\" content=\"Tiempo de lectura\" \/>\n\t<meta name=\"twitter:data2\" content=\"3 minutos\" \/>\n<script type=\"application\/ld+json\" class=\"yoast-schema-graph\">{\"@context\":\"https:\\\/\\\/schema.org\",\"@graph\":[{\"@type\":\"Article\",\"@id\":\"https:\\\/\\\/exaudi.org\\\/es\\\/la-paz-es-la-sintesis-de-todas-las-cosas-buenas-que-podemos-desear\\\/#article\",\"isPartOf\":{\"@id\":\"https:\\\/\\\/exaudi.org\\\/es\\\/la-paz-es-la-sintesis-de-todas-las-cosas-buenas-que-podemos-desear\\\/\"},\"author\":{\"name\":\"Exaudi Redacci\u00f3n\",\"@id\":\"https:\\\/\\\/exaudi.org\\\/#\\\/schema\\\/person\\\/f5fc8f063065e38742da7afe15f25df7\"},\"headline\":\"\u201cLa paz es la s\u00edntesis de todas las cosas buenas que podemos desear\u201d\",\"datePublished\":\"2022-12-18T10:10:34+00:00\",\"dateModified\":\"2022-12-18T10:14:25+00:00\",\"mainEntityOfPage\":{\"@id\":\"https:\\\/\\\/exaudi.org\\\/es\\\/la-paz-es-la-sintesis-de-todas-las-cosas-buenas-que-podemos-desear\\\/\"},\"wordCount\":492,\"image\":{\"@id\":\"https:\\\/\\\/exaudi.org\\\/es\\\/la-paz-es-la-sintesis-de-todas-las-cosas-buenas-que-podemos-desear\\\/#primaryimage\"},\"thumbnailUrl\":\"https:\\\/\\\/exaudi.org\\\/wp-content\\\/uploads\\\/2022\\\/12\\\/cq5dam.web_.800.800-1.jpeg\",\"keywords\":[\"Concierto en el vaticano\",\"navidad\",\"papa francisco\",\"Trending\"],\"articleSection\":[\"Le\u00f3n XIV\",\"Vaticano\"],\"inLanguage\":\"es\"},{\"@type\":\"WebPage\",\"@id\":\"https:\\\/\\\/exaudi.org\\\/es\\\/la-paz-es-la-sintesis-de-todas-las-cosas-buenas-que-podemos-desear\\\/\",\"url\":\"https:\\\/\\\/exaudi.org\\\/es\\\/la-paz-es-la-sintesis-de-todas-las-cosas-buenas-que-podemos-desear\\\/\",\"name\":\"\u201cLa paz es la s\u00edntesis de todas las cosas buenas que podemos desear\u201d &#8211; Exaudi\",\"isPartOf\":{\"@id\":\"https:\\\/\\\/exaudi.org\\\/#website\"},\"primaryImageOfPage\":{\"@id\":\"https:\\\/\\\/exaudi.org\\\/es\\\/la-paz-es-la-sintesis-de-todas-las-cosas-buenas-que-podemos-desear\\\/#primaryimage\"},\"image\":{\"@id\":\"https:\\\/\\\/exaudi.org\\\/es\\\/la-paz-es-la-sintesis-de-todas-las-cosas-buenas-que-podemos-desear\\\/#primaryimage\"},\"thumbnailUrl\":\"https:\\\/\\\/exaudi.org\\\/wp-content\\\/uploads\\\/2022\\\/12\\\/cq5dam.web_.800.800-1.jpeg\",\"datePublished\":\"2022-12-18T10:10:34+00:00\",\"dateModified\":\"2022-12-18T10:14:25+00:00\",\"author\":{\"@id\":\"https:\\\/\\\/exaudi.org\\\/#\\\/schema\\\/person\\\/f5fc8f063065e38742da7afe15f25df7\"},\"breadcrumb\":{\"@id\":\"https:\\\/\\\/exaudi.org\\\/es\\\/la-paz-es-la-sintesis-de-todas-las-cosas-buenas-que-podemos-desear\\\/#breadcrumb\"},\"inLanguage\":\"es\",\"potentialAction\":[{\"@type\":\"ReadAction\",\"target\":[\"https:\\\/\\\/exaudi.org\\\/es\\\/la-paz-es-la-sintesis-de-todas-las-cosas-buenas-que-podemos-desear\\\/\"]}]},{\"@type\":\"ImageObject\",\"inLanguage\":\"es\",\"@id\":\"https:\\\/\\\/exaudi.org\\\/es\\\/la-paz-es-la-sintesis-de-todas-las-cosas-buenas-que-podemos-desear\\\/#primaryimage\",\"url\":\"https:\\\/\\\/exaudi.org\\\/wp-content\\\/uploads\\\/2022\\\/12\\\/cq5dam.web_.800.800-1.jpeg\",\"contentUrl\":\"https:\\\/\\\/exaudi.org\\\/wp-content\\\/uploads\\\/2022\\\/12\\\/cq5dam.web_.800.800-1.jpeg\",\"width\":800,\"height\":533,\"caption\":\"Concierto en el vaticano \u00a9 Vatican Media\"},{\"@type\":\"BreadcrumbList\",\"@id\":\"https:\\\/\\\/exaudi.org\\\/es\\\/la-paz-es-la-sintesis-de-todas-las-cosas-buenas-que-podemos-desear\\\/#breadcrumb\",\"itemListElement\":[{\"@type\":\"ListItem\",\"position\":1,\"name\":\"Portada\",\"item\":\"https:\\\/\\\/exaudi.org\\\/es\\\/\"},{\"@type\":\"ListItem\",\"position\":2,\"name\":\"\u201cLa paz es la s\u00edntesis de todas las cosas buenas que podemos desear\u201d\"}]},{\"@type\":\"WebSite\",\"@id\":\"https:\\\/\\\/exaudi.org\\\/#website\",\"url\":\"https:\\\/\\\/exaudi.org\\\/\",\"name\":\"Exaudi\",\"description\":\"News\",\"potentialAction\":[{\"@type\":\"SearchAction\",\"target\":{\"@type\":\"EntryPoint\",\"urlTemplate\":\"https:\\\/\\\/exaudi.org\\\/?s={search_term_string}\"},\"query-input\":{\"@type\":\"PropertyValueSpecification\",\"valueRequired\":true,\"valueName\":\"search_term_string\"}}],\"inLanguage\":\"es\"},{\"@type\":\"Person\",\"@id\":\"https:\\\/\\\/exaudi.org\\\/#\\\/schema\\\/person\\\/f5fc8f063065e38742da7afe15f25df7\",\"name\":\"Exaudi Redacci\u00f3n\",\"image\":{\"@type\":\"ImageObject\",\"inLanguage\":\"es\",\"@id\":\"https:\\\/\\\/secure.gravatar.com\\\/avatar\\\/fe0f6a059fb68d9b3e11bc5850dd4899b1c7492091a3cb6dd9b01b56ad828be2?s=96&d=mm&r=g\",\"url\":\"https:\\\/\\\/secure.gravatar.com\\\/avatar\\\/fe0f6a059fb68d9b3e11bc5850dd4899b1c7492091a3cb6dd9b01b56ad828be2?s=96&d=mm&r=g\",\"contentUrl\":\"https:\\\/\\\/secure.gravatar.com\\\/avatar\\\/fe0f6a059fb68d9b3e11bc5850dd4899b1c7492091a3cb6dd9b01b56ad828be2?s=96&d=mm&r=g\",\"caption\":\"Exaudi Redacci\u00f3n\"},\"description\":\"\u00bfQu\u00e9 es Exaudi News? Exaudi News es un medio de comunicaci\u00f3n cat\u00f3lico internacional que informa, forma y transforma, diariamente en espa\u00f1ol, ingl\u00e9s e italiano. A trav\u00e9s de noticias, art\u00edculos de an\u00e1lisis y transmisiones en directo de los eventos del Papa, Exaudi busca fortalecer la unidad de los cristianos y contribuir a la evangelizaci\u00f3n del mundo, siempre guiados por la doctrina social de la Iglesia. Trabajamos para acercar la verdad y los valores cristianos a cada rinc\u00f3n del planeta. \u00a1Ay\u00fadanos a transformar el mundo con Exaudi! En Exaudi creemos que la evangelizaci\u00f3n y la informaci\u00f3n de calidad pueden cambiar vidas. Para continuar con nuestra misi\u00f3n y expandir nuestro alcance, necesitamos tu ayuda. Adem\u00e1s, buscamos personas comprometidas que deseen unirse a nuestro equipo. Con tu apoyo, lograremos llegar a m\u00e1s personas, difundir el mensaje de Cristo y reforzar la unidad de los cristianos. \u00bfTe unes a nuestra misi\u00f3n? Para m\u00e1s informaci\u00f3n sobre c\u00f3mo colaborar, visita Exaudi.org\\\/es o cont\u00e1ctanos directamente: info@exaudi.org Exaudi: Informa, forma y transforma.\",\"sameAs\":[\"https:\\\/\\\/www.facebook.com\\\/ExaudiNoticias\\\/\",\"https:\\\/\\\/www.instagram.com\\\/exaudi_noticias\\\/\",\"https:\\\/\\\/x.com\\\/Exaudi_noticias\",\"https:\\\/\\\/www.youtube.com\\\/@exaudicatholicnews\"],\"url\":\"https:\\\/\\\/exaudi.org\\\/es\\\/author\\\/redaccionexaudi\\\/\"}]}<\/script>\n<!-- \/ Yoast SEO plugin. -->","yoast_head_json":{"title":"\u201cLa paz es la s\u00edntesis de todas las cosas buenas que podemos desear\u201d &#8211; Exaudi","robots":{"index":"index","follow":"follow","max-snippet":"max-snippet:-1","max-image-preview":"max-image-preview:large","max-video-preview":"max-video-preview:-1"},"canonical":"https:\/\/exaudi.org\/es\/la-paz-es-la-sintesis-de-todas-las-cosas-buenas-que-podemos-desear\/","og_locale":"es_ES","og_type":"article","og_title":"\u201cLa paz es la s\u00edntesis de todas las cosas buenas que podemos desear\u201d &#8211; Exaudi","og_description":"Palabras del Papa a los artistas del \u201cConcierto de Navidad en el Vaticano\u201d","og_url":"https:\/\/exaudi.org\/es\/la-paz-es-la-sintesis-de-todas-las-cosas-buenas-que-podemos-desear\/","og_site_name":"Exaudi","article_publisher":"https:\/\/www.facebook.com\/ExaudiNews","article_author":"https:\/\/www.facebook.com\/ExaudiNoticias\/","article_published_time":"2022-12-18T10:10:34+00:00","article_modified_time":"2022-12-18T10:14:25+00:00","og_image":[{"width":800,"height":533,"url":"https:\/\/exaudi.org\/wp-content\/uploads\/2022\/12\/cq5dam.web_.800.800-1.jpeg","type":"image\/jpeg"}],"author":"Exaudi Redacci\u00f3n","twitter_card":"summary_large_image","twitter_creator":"@Exaudi_noticias","twitter_site":"@Exaudi_News","twitter_misc":{"Escrito por":"Exaudi Redacci\u00f3n","Tiempo de lectura":"3 minutos"},"schema":{"@context":"https:\/\/schema.org","@graph":[{"@type":"Article","@id":"https:\/\/exaudi.org\/es\/la-paz-es-la-sintesis-de-todas-las-cosas-buenas-que-podemos-desear\/#article","isPartOf":{"@id":"https:\/\/exaudi.org\/es\/la-paz-es-la-sintesis-de-todas-las-cosas-buenas-que-podemos-desear\/"},"author":{"name":"Exaudi Redacci\u00f3n","@id":"https:\/\/exaudi.org\/#\/schema\/person\/f5fc8f063065e38742da7afe15f25df7"},"headline":"\u201cLa paz es la s\u00edntesis de todas las cosas buenas que podemos desear\u201d","datePublished":"2022-12-18T10:10:34+00:00","dateModified":"2022-12-18T10:14:25+00:00","mainEntityOfPage":{"@id":"https:\/\/exaudi.org\/es\/la-paz-es-la-sintesis-de-todas-las-cosas-buenas-que-podemos-desear\/"},"wordCount":492,"image":{"@id":"https:\/\/exaudi.org\/es\/la-paz-es-la-sintesis-de-todas-las-cosas-buenas-que-podemos-desear\/#primaryimage"},"thumbnailUrl":"https:\/\/exaudi.org\/wp-content\/uploads\/2022\/12\/cq5dam.web_.800.800-1.jpeg","keywords":["Concierto en el vaticano","navidad","papa francisco","Trending"],"articleSection":["Le\u00f3n XIV","Vaticano"],"inLanguage":"es"},{"@type":"WebPage","@id":"https:\/\/exaudi.org\/es\/la-paz-es-la-sintesis-de-todas-las-cosas-buenas-que-podemos-desear\/","url":"https:\/\/exaudi.org\/es\/la-paz-es-la-sintesis-de-todas-las-cosas-buenas-que-podemos-desear\/","name":"\u201cLa paz es la s\u00edntesis de todas las cosas buenas que podemos desear\u201d &#8211; Exaudi","isPartOf":{"@id":"https:\/\/exaudi.org\/#website"},"primaryImageOfPage":{"@id":"https:\/\/exaudi.org\/es\/la-paz-es-la-sintesis-de-todas-las-cosas-buenas-que-podemos-desear\/#primaryimage"},"image":{"@id":"https:\/\/exaudi.org\/es\/la-paz-es-la-sintesis-de-todas-las-cosas-buenas-que-podemos-desear\/#primaryimage"},"thumbnailUrl":"https:\/\/exaudi.org\/wp-content\/uploads\/2022\/12\/cq5dam.web_.800.800-1.jpeg","datePublished":"2022-12-18T10:10:34+00:00","dateModified":"2022-12-18T10:14:25+00:00","author":{"@id":"https:\/\/exaudi.org\/#\/schema\/person\/f5fc8f063065e38742da7afe15f25df7"},"breadcrumb":{"@id":"https:\/\/exaudi.org\/es\/la-paz-es-la-sintesis-de-todas-las-cosas-buenas-que-podemos-desear\/#breadcrumb"},"inLanguage":"es","potentialAction":[{"@type":"ReadAction","target":["https:\/\/exaudi.org\/es\/la-paz-es-la-sintesis-de-todas-las-cosas-buenas-que-podemos-desear\/"]}]},{"@type":"ImageObject","inLanguage":"es","@id":"https:\/\/exaudi.org\/es\/la-paz-es-la-sintesis-de-todas-las-cosas-buenas-que-podemos-desear\/#primaryimage","url":"https:\/\/exaudi.org\/wp-content\/uploads\/2022\/12\/cq5dam.web_.800.800-1.jpeg","contentUrl":"https:\/\/exaudi.org\/wp-content\/uploads\/2022\/12\/cq5dam.web_.800.800-1.jpeg","width":800,"height":533,"caption":"Concierto en el vaticano \u00a9 Vatican Media"},{"@type":"BreadcrumbList","@id":"https:\/\/exaudi.org\/es\/la-paz-es-la-sintesis-de-todas-las-cosas-buenas-que-podemos-desear\/#breadcrumb","itemListElement":[{"@type":"ListItem","position":1,"name":"Portada","item":"https:\/\/exaudi.org\/es\/"},{"@type":"ListItem","position":2,"name":"\u201cLa paz es la s\u00edntesis de todas las cosas buenas que podemos desear\u201d"}]},{"@type":"WebSite","@id":"https:\/\/exaudi.org\/#website","url":"https:\/\/exaudi.org\/","name":"Exaudi","description":"News","potentialAction":[{"@type":"SearchAction","target":{"@type":"EntryPoint","urlTemplate":"https:\/\/exaudi.org\/?s={search_term_string}"},"query-input":{"@type":"PropertyValueSpecification","valueRequired":true,"valueName":"search_term_string"}}],"inLanguage":"es"},{"@type":"Person","@id":"https:\/\/exaudi.org\/#\/schema\/person\/f5fc8f063065e38742da7afe15f25df7","name":"Exaudi Redacci\u00f3n","image":{"@type":"ImageObject","inLanguage":"es","@id":"https:\/\/secure.gravatar.com\/avatar\/fe0f6a059fb68d9b3e11bc5850dd4899b1c7492091a3cb6dd9b01b56ad828be2?s=96&d=mm&r=g","url":"https:\/\/secure.gravatar.com\/avatar\/fe0f6a059fb68d9b3e11bc5850dd4899b1c7492091a3cb6dd9b01b56ad828be2?s=96&d=mm&r=g","contentUrl":"https:\/\/secure.gravatar.com\/avatar\/fe0f6a059fb68d9b3e11bc5850dd4899b1c7492091a3cb6dd9b01b56ad828be2?s=96&d=mm&r=g","caption":"Exaudi Redacci\u00f3n"},"description":"\u00bfQu\u00e9 es Exaudi News? Exaudi News es un medio de comunicaci\u00f3n cat\u00f3lico internacional que informa, forma y transforma, diariamente en espa\u00f1ol, ingl\u00e9s e italiano. A trav\u00e9s de noticias, art\u00edculos de an\u00e1lisis y transmisiones en directo de los eventos del Papa, Exaudi busca fortalecer la unidad de los cristianos y contribuir a la evangelizaci\u00f3n del mundo, siempre guiados por la doctrina social de la Iglesia. Trabajamos para acercar la verdad y los valores cristianos a cada rinc\u00f3n del planeta. \u00a1Ay\u00fadanos a transformar el mundo con Exaudi! En Exaudi creemos que la evangelizaci\u00f3n y la informaci\u00f3n de calidad pueden cambiar vidas. Para continuar con nuestra misi\u00f3n y expandir nuestro alcance, necesitamos tu ayuda. Adem\u00e1s, buscamos personas comprometidas que deseen unirse a nuestro equipo. Con tu apoyo, lograremos llegar a m\u00e1s personas, difundir el mensaje de Cristo y reforzar la unidad de los cristianos. \u00bfTe unes a nuestra misi\u00f3n? Para m\u00e1s informaci\u00f3n sobre c\u00f3mo colaborar, visita Exaudi.org\/es o cont\u00e1ctanos directamente: info@exaudi.org Exaudi: Informa, forma y transforma.","sameAs":["https:\/\/www.facebook.com\/ExaudiNoticias\/","https:\/\/www.instagram.com\/exaudi_noticias\/","https:\/\/x.com\/Exaudi_noticias","https:\/\/www.youtube.com\/@exaudicatholicnews"],"url":"https:\/\/exaudi.org\/es\/author\/redaccionexaudi\/"}]}},"jetpack_featured_media_url":"https:\/\/exaudi.org\/wp-content\/uploads\/2022\/12\/cq5dam.web_.800.800-1.jpeg","jetpack_shortlink":"https:\/\/wp.me\/pgKjF2-huP","_links":{"self":[{"href":"https:\/\/exaudi.org\/es\/wp-json\/wp\/v2\/posts\/67259","targetHints":{"allow":["GET"]}}],"collection":[{"href":"https:\/\/exaudi.org\/es\/wp-json\/wp\/v2\/posts"}],"about":[{"href":"https:\/\/exaudi.org\/es\/wp-json\/wp\/v2\/types\/post"}],"author":[{"embeddable":true,"href":"https:\/\/exaudi.org\/es\/wp-json\/wp\/v2\/users\/15"}],"replies":[{"embeddable":true,"href":"https:\/\/exaudi.org\/es\/wp-json\/wp\/v2\/comments?post=67259"}],"version-history":[{"count":0,"href":"https:\/\/exaudi.org\/es\/wp-json\/wp\/v2\/posts\/67259\/revisions"}],"wp:featuredmedia":[{"embeddable":true,"href":"https:\/\/exaudi.org\/es\/wp-json\/wp\/v2\/media\/67223"}],"wp:attachment":[{"href":"https:\/\/exaudi.org\/es\/wp-json\/wp\/v2\/media?parent=67259"}],"wp:term":[{"taxonomy":"category","embeddable":true,"href":"https:\/\/exaudi.org\/es\/wp-json\/wp\/v2\/categories?post=67259"},{"taxonomy":"post_tag","embeddable":true,"href":"https:\/\/exaudi.org\/es\/wp-json\/wp\/v2\/tags?post=67259"}],"curies":[{"name":"wp","href":"https:\/\/api.w.org\/{rel}","templated":true}]}}