{"id":67119,"date":"2022-12-15T10:52:20","date_gmt":"2022-12-15T09:52:20","guid":{"rendered":"https:\/\/exaudi.org\/?p=67119"},"modified":"2022-12-15T10:52:20","modified_gmt":"2022-12-15T09:52:20","slug":"el-presidente-y-las-gemas-del-poder-infinito","status":"publish","type":"post","link":"https:\/\/exaudi.org\/es\/el-presidente-y-las-gemas-del-poder-infinito\/","title":{"rendered":"El presidente y las gemas del poder infinito"},"content":{"rendered":"<p data-adtags-visited=\"true\">Al poco tiempo de hacerse p\u00fablico, en los a\u00f1os 70, los denominados\u00a0<em>Documentos del Pent\u00e1gono<\/em>, Hannah Arendt public\u00f3 un breve ensayo\u00a0<em>La mentira en pol\u00edtica<\/em>\u00a0(Alianza, 2022). Aquellos documentos expon\u00edan la forma -nada santa- en que el gobierno de Estados Unidos hab\u00eda intervenido en la guerra contra Vietnam del Norte. Arendt se fij\u00f3, principalmente, en los aspectos vinculados al enga\u00f1o, autoenga\u00f1o, creaci\u00f3n de una imagen, ideologizaci\u00f3n y negaci\u00f3n de la realidad f\u00e1ctica que esos documentos pon\u00edan en evidencia.<\/p>\n<p data-adtags-visited=\"true\">Las apreciaciones de Arendt de aquel entonces son de tremenda actualidad, en gran parte, porque las buenas y malas pr\u00e1cticas en pol\u00edtica acompa\u00f1an a la historia de la humanidad. En el inicio del ensayo afirma que \u201cel secreto \u2013lo que en diplomacia se llama \u201cdiscreci\u00f3n\u201d, y tambi\u00e9n los <em>arcana imperii<\/em>, los misterios del gobierno\u2013, el enga\u00f1o, la falsedad deliberada y la mentira descarada, utilizados como medios leg\u00edtimos para lograr fines pol\u00edticos, han existido desde el comienzo de la historia documentada\u201d (p. 39). Poco despu\u00e9s a\u00f1ade: \u201cla sinceridad no se ha contado nunca entre las virtudes de los pol\u00edticos y la mentira se ha considerado siempre un instrumento susceptible de justificaci\u00f3n en pol\u00edtica\u201d. Duras afirmaciones y no dejan de ser ciertas en muchos casos.<\/p>\n<p data-adtags-visited=\"true\">El reciente gobierno de Pedro Castillo, terminado en el fallido autogolpe, es una muestra del enga\u00f1o y autoenga\u00f1o fabricado por \u00e9l y su entorno. Arendt lo se\u00f1ala clarividentemente: \u201cen el terreno de la pol\u00edtica, en el que el secreto y el enga\u00f1o deliberado siempre han jugado un papel significativo, el autoenga\u00f1o es el peligro por excelencia; el enga\u00f1ador autoenga\u00f1ado pierde todo contacto no solo con su audiencia, sino tambi\u00e9n con el mundo real, porque el enga\u00f1ador puede apartar su mente de \u00e9l, pero no su cuerpo (p. 86)\u201d. Negar la verdad, mentir no es sostenible ni frente a la opini\u00f3n p\u00fablica, ni frente a uno mismo. Al final del d\u00eda de ayer, Castillo se qued\u00f3 solo, ninguno de sus ministros quiso correr su suerte: la declaraci\u00f3n inconstitucional de la ma\u00f1ana se hizo a\u00f1icos, pero \u00e9l qued\u00f3 recluido; no es nada f\u00e1cil zafar el cuerpo.<\/p>\n<p data-adtags-visited=\"true\">Pensando en Estados Unidos, dice Arendt que \u201cincluso un enorme poder es <em>limitado\u201d.<\/em>\u00a0<em>Mutatis mutandis<\/em>, podemos decir lo mismo del juego de contrapesos en el poder estatal. Ning\u00fan poder del Estado (Legislativo, Ejecutivo, Judicial) puede considerarse omnipotente. Hacerlo es una fatal arrogancia. Todos tienen los pies de barro (en el sentido b\u00edblico de la expresi\u00f3n), basta una piedra ca\u00edda de lo alto para que la columna todopoderosa se venga abajo. Castillo apost\u00f3 al poder total (\u00bfenga\u00f1ado? \u00bfautoenga\u00f1ado?), cuando la realidad nos muestra un poder repartido, incluso al interior de las mismas instituciones. Imagin\u00f3 que, cual Thanos, (de la saga de los\u00a0<em>Vengadores\u00a0<\/em>del Universo Marvel) ten\u00eda todas las gemas del poder infinito y que le bastar\u00eda con chasquear los dedos para desaparecer la institucionalidad del pa\u00eds. No fue as\u00ed, solo ten\u00eda un guante con gemas falsas. La Fiscal de la Naci\u00f3n lo regres\u00f3, del metaverso en el que viv\u00eda, a nuestra realidad imperfecta, pero mejorable.<\/p>\n<p data-adtags-visited=\"true\">Somos conscientes de la fragilidad \u00ednsita de la democracia. Sabemos que todos hemos de poner el hombro en el empe\u00f1o por mejorarla, contando con la diversidad de perspectivas. Una tarea ardua en la que no faltan des\u00e1nimos, desencuentros, incomprensiones. Considero que la verdad tiene un rol fundamental para darle estabilidad \u201cal inestable reino de los asuntos humanos\u201d como dice Arendt. Es mejor la verdad sin filtros a la mentira enmascarada o abiertamente descarada. No se trata de \u201cquedar bien\u201d frente a la opini\u00f3n p\u00fablica, se trata de obrar rectamente y devolverle la confianza a la ciudadan\u00eda tantas veces enga\u00f1ada.<\/p>\n","protected":false},"excerpt":{"rendered":"<p>Se trata de obrar rectamente y devolverle la confianza<\/p>\n","protected":false},"author":109,"featured_media":67120,"comment_status":"closed","ping_status":"closed","sticky":false,"template":"","format":"standard","meta":{"_acf_changed":false,"_crdt_document":"","inline_featured_image":false,"footnotes":""},"categories":[130],"tags":[2819,7930,634,4953,6448],"class_list":["post-67119","post","type-post","status-publish","format-standard","has-post-thumbnail","hentry","category-voces","tag-democracia","tag-hannah-arendt","tag-politica","tag-trending-es","tag-verdad"],"acf":[],"yoast_head":"<!-- This site is optimized with the Yoast SEO plugin v27.4 - https:\/\/yoast.com\/product\/yoast-seo-wordpress\/ -->\n<title>El presidente y las gemas del poder infinito &#8211; Exaudi<\/title>\n<meta name=\"robots\" content=\"index, follow, max-snippet:-1, max-image-preview:large, max-video-preview:-1\" \/>\n<link rel=\"canonical\" href=\"https:\/\/exaudi.org\/es\/el-presidente-y-las-gemas-del-poder-infinito\/\" \/>\n<meta property=\"og:locale\" content=\"es_ES\" \/>\n<meta property=\"og:type\" content=\"article\" \/>\n<meta property=\"og:title\" content=\"El presidente y las gemas del poder infinito &#8211; Exaudi\" \/>\n<meta property=\"og:description\" content=\"Se trata de obrar rectamente y devolverle la confianza\" \/>\n<meta property=\"og:url\" content=\"https:\/\/exaudi.org\/es\/el-presidente-y-las-gemas-del-poder-infinito\/\" \/>\n<meta property=\"og:site_name\" content=\"Exaudi\" \/>\n<meta property=\"article:publisher\" content=\"https:\/\/www.facebook.com\/ExaudiNews\" \/>\n<meta property=\"article:published_time\" content=\"2022-12-15T09:52:20+00:00\" \/>\n<meta property=\"og:image\" content=\"https:\/\/exaudi.org\/wp-content\/uploads\/2022\/12\/pexels-pramod-tiwari-14647826-scaled.jpg\" \/>\n\t<meta property=\"og:image:width\" content=\"2048\" \/>\n\t<meta property=\"og:image:height\" content=\"2560\" \/>\n\t<meta property=\"og:image:type\" content=\"image\/jpeg\" \/>\n<meta name=\"author\" content=\"Francisco Bobadilla\" \/>\n<meta name=\"twitter:card\" content=\"summary_large_image\" \/>\n<meta name=\"twitter:creator\" content=\"@Exaudi_News\" \/>\n<meta name=\"twitter:site\" content=\"@Exaudi_News\" \/>\n<meta name=\"twitter:label1\" content=\"Escrito por\" \/>\n\t<meta name=\"twitter:data1\" content=\"Francisco Bobadilla\" \/>\n\t<meta name=\"twitter:label2\" content=\"Tiempo de lectura\" \/>\n\t<meta name=\"twitter:data2\" content=\"3 minutos\" \/>\n<script type=\"application\/ld+json\" class=\"yoast-schema-graph\">{\"@context\":\"https:\\\/\\\/schema.org\",\"@graph\":[{\"@type\":\"Article\",\"@id\":\"https:\\\/\\\/exaudi.org\\\/es\\\/el-presidente-y-las-gemas-del-poder-infinito\\\/#article\",\"isPartOf\":{\"@id\":\"https:\\\/\\\/exaudi.org\\\/es\\\/el-presidente-y-las-gemas-del-poder-infinito\\\/\"},\"author\":{\"name\":\"Francisco Bobadilla\",\"@id\":\"https:\\\/\\\/exaudi.org\\\/#\\\/schema\\\/person\\\/f2d4ad1e1e2bb7dad42a623b75b7166b\"},\"headline\":\"El presidente y las gemas del poder infinito\",\"datePublished\":\"2022-12-15T09:52:20+00:00\",\"mainEntityOfPage\":{\"@id\":\"https:\\\/\\\/exaudi.org\\\/es\\\/el-presidente-y-las-gemas-del-poder-infinito\\\/\"},\"wordCount\":664,\"image\":{\"@id\":\"https:\\\/\\\/exaudi.org\\\/es\\\/el-presidente-y-las-gemas-del-poder-infinito\\\/#primaryimage\"},\"thumbnailUrl\":\"https:\\\/\\\/exaudi.org\\\/wp-content\\\/uploads\\\/2022\\\/12\\\/pexels-pramod-tiwari-14647826-scaled.jpg\",\"keywords\":[\"Democracia\",\"Hannah Arendt\",\"Pol\u00edtica\",\"Trending\",\"verdad\"],\"articleSection\":[\"Voces\"],\"inLanguage\":\"es\"},{\"@type\":\"WebPage\",\"@id\":\"https:\\\/\\\/exaudi.org\\\/es\\\/el-presidente-y-las-gemas-del-poder-infinito\\\/\",\"url\":\"https:\\\/\\\/exaudi.org\\\/es\\\/el-presidente-y-las-gemas-del-poder-infinito\\\/\",\"name\":\"El presidente y las gemas del poder infinito &#8211; Exaudi\",\"isPartOf\":{\"@id\":\"https:\\\/\\\/exaudi.org\\\/#website\"},\"primaryImageOfPage\":{\"@id\":\"https:\\\/\\\/exaudi.org\\\/es\\\/el-presidente-y-las-gemas-del-poder-infinito\\\/#primaryimage\"},\"image\":{\"@id\":\"https:\\\/\\\/exaudi.org\\\/es\\\/el-presidente-y-las-gemas-del-poder-infinito\\\/#primaryimage\"},\"thumbnailUrl\":\"https:\\\/\\\/exaudi.org\\\/wp-content\\\/uploads\\\/2022\\\/12\\\/pexels-pramod-tiwari-14647826-scaled.jpg\",\"datePublished\":\"2022-12-15T09:52:20+00:00\",\"author\":{\"@id\":\"https:\\\/\\\/exaudi.org\\\/#\\\/schema\\\/person\\\/f2d4ad1e1e2bb7dad42a623b75b7166b\"},\"breadcrumb\":{\"@id\":\"https:\\\/\\\/exaudi.org\\\/es\\\/el-presidente-y-las-gemas-del-poder-infinito\\\/#breadcrumb\"},\"inLanguage\":\"es\",\"potentialAction\":[{\"@type\":\"ReadAction\",\"target\":[\"https:\\\/\\\/exaudi.org\\\/es\\\/el-presidente-y-las-gemas-del-poder-infinito\\\/\"]}]},{\"@type\":\"ImageObject\",\"inLanguage\":\"es\",\"@id\":\"https:\\\/\\\/exaudi.org\\\/es\\\/el-presidente-y-las-gemas-del-poder-infinito\\\/#primaryimage\",\"url\":\"https:\\\/\\\/exaudi.org\\\/wp-content\\\/uploads\\\/2022\\\/12\\\/pexels-pramod-tiwari-14647826-scaled.jpg\",\"contentUrl\":\"https:\\\/\\\/exaudi.org\\\/wp-content\\\/uploads\\\/2022\\\/12\\\/pexels-pramod-tiwari-14647826-scaled.jpg\",\"width\":2048,\"height\":2560,\"caption\":\"(C) Pexels\"},{\"@type\":\"BreadcrumbList\",\"@id\":\"https:\\\/\\\/exaudi.org\\\/es\\\/el-presidente-y-las-gemas-del-poder-infinito\\\/#breadcrumb\",\"itemListElement\":[{\"@type\":\"ListItem\",\"position\":1,\"name\":\"Portada\",\"item\":\"https:\\\/\\\/exaudi.org\\\/es\\\/\"},{\"@type\":\"ListItem\",\"position\":2,\"name\":\"El presidente y las gemas del poder infinito\"}]},{\"@type\":\"WebSite\",\"@id\":\"https:\\\/\\\/exaudi.org\\\/#website\",\"url\":\"https:\\\/\\\/exaudi.org\\\/\",\"name\":\"Exaudi\",\"description\":\"News\",\"potentialAction\":[{\"@type\":\"SearchAction\",\"target\":{\"@type\":\"EntryPoint\",\"urlTemplate\":\"https:\\\/\\\/exaudi.org\\\/?s={search_term_string}\"},\"query-input\":{\"@type\":\"PropertyValueSpecification\",\"valueRequired\":true,\"valueName\":\"search_term_string\"}}],\"inLanguage\":\"es\"},{\"@type\":\"Person\",\"@id\":\"https:\\\/\\\/exaudi.org\\\/#\\\/schema\\\/person\\\/f2d4ad1e1e2bb7dad42a623b75b7166b\",\"name\":\"Francisco Bobadilla\",\"image\":{\"@type\":\"ImageObject\",\"inLanguage\":\"es\",\"@id\":\"https:\\\/\\\/secure.gravatar.com\\\/avatar\\\/8d65d74eeda045f5ef133a25b739fed12768ab871a0ddb2772cf98408d61ee37?s=96&d=mm&r=g\",\"url\":\"https:\\\/\\\/secure.gravatar.com\\\/avatar\\\/8d65d74eeda045f5ef133a25b739fed12768ab871a0ddb2772cf98408d61ee37?s=96&d=mm&r=g\",\"contentUrl\":\"https:\\\/\\\/secure.gravatar.com\\\/avatar\\\/8d65d74eeda045f5ef133a25b739fed12768ab871a0ddb2772cf98408d61ee37?s=96&d=mm&r=g\",\"caption\":\"Francisco Bobadilla\"},\"description\":\"Francisco Bobadilla es profesor principal de la Universidad de Piura, donde dicta clases para el pre-grado y posgrado. Interesado en las Humanidades y en la dimensi\u00f3n \u00e9tica de la conducta humana. Lector habitual, de cuyas lecturas se nutre en gran parte este blog. Es autor, entre otros, de los libros \u201cPasi\u00f3n por la Excelencia\u201d, \u201cEmpresas con alma\u201d, \u00abProgreso econ\u00f3mico y desarrollo humano\u00bb, \u00abEl C\u00f3digo da Vinci: de la ficci\u00f3n a la realidad\u00bb; \u00abLa disponibilidad de los derechos de la personalidad\u00bb. Abogado y Master en Derecho Civil por la PUCP, doctor en Derecho por la Universidad de Zaragoza; Licenciado en Ciencias de la Informaci\u00f3n por la Universidad de Piura. Sus temas: pensamiento pol\u00edtico y social, \u00e9tica y cultura, derechos de la persona.\",\"sameAs\":[\"https:\\\/\\\/tertuliaabierta.wordpress.com\\\/\"],\"url\":\"https:\\\/\\\/exaudi.org\\\/es\\\/author\\\/francisco-bobadilla\\\/\"}]}<\/script>\n<!-- \/ Yoast SEO plugin. -->","yoast_head_json":{"title":"El presidente y las gemas del poder infinito &#8211; Exaudi","robots":{"index":"index","follow":"follow","max-snippet":"max-snippet:-1","max-image-preview":"max-image-preview:large","max-video-preview":"max-video-preview:-1"},"canonical":"https:\/\/exaudi.org\/es\/el-presidente-y-las-gemas-del-poder-infinito\/","og_locale":"es_ES","og_type":"article","og_title":"El presidente y las gemas del poder infinito &#8211; Exaudi","og_description":"Se trata de obrar rectamente y devolverle la confianza","og_url":"https:\/\/exaudi.org\/es\/el-presidente-y-las-gemas-del-poder-infinito\/","og_site_name":"Exaudi","article_publisher":"https:\/\/www.facebook.com\/ExaudiNews","article_published_time":"2022-12-15T09:52:20+00:00","og_image":[{"width":2048,"height":2560,"url":"https:\/\/exaudi.org\/wp-content\/uploads\/2022\/12\/pexels-pramod-tiwari-14647826-scaled.jpg","type":"image\/jpeg"}],"author":"Francisco Bobadilla","twitter_card":"summary_large_image","twitter_creator":"@Exaudi_News","twitter_site":"@Exaudi_News","twitter_misc":{"Escrito por":"Francisco Bobadilla","Tiempo de lectura":"3 minutos"},"schema":{"@context":"https:\/\/schema.org","@graph":[{"@type":"Article","@id":"https:\/\/exaudi.org\/es\/el-presidente-y-las-gemas-del-poder-infinito\/#article","isPartOf":{"@id":"https:\/\/exaudi.org\/es\/el-presidente-y-las-gemas-del-poder-infinito\/"},"author":{"name":"Francisco Bobadilla","@id":"https:\/\/exaudi.org\/#\/schema\/person\/f2d4ad1e1e2bb7dad42a623b75b7166b"},"headline":"El presidente y las gemas del poder infinito","datePublished":"2022-12-15T09:52:20+00:00","mainEntityOfPage":{"@id":"https:\/\/exaudi.org\/es\/el-presidente-y-las-gemas-del-poder-infinito\/"},"wordCount":664,"image":{"@id":"https:\/\/exaudi.org\/es\/el-presidente-y-las-gemas-del-poder-infinito\/#primaryimage"},"thumbnailUrl":"https:\/\/exaudi.org\/wp-content\/uploads\/2022\/12\/pexels-pramod-tiwari-14647826-scaled.jpg","keywords":["Democracia","Hannah Arendt","Pol\u00edtica","Trending","verdad"],"articleSection":["Voces"],"inLanguage":"es"},{"@type":"WebPage","@id":"https:\/\/exaudi.org\/es\/el-presidente-y-las-gemas-del-poder-infinito\/","url":"https:\/\/exaudi.org\/es\/el-presidente-y-las-gemas-del-poder-infinito\/","name":"El presidente y las gemas del poder infinito &#8211; Exaudi","isPartOf":{"@id":"https:\/\/exaudi.org\/#website"},"primaryImageOfPage":{"@id":"https:\/\/exaudi.org\/es\/el-presidente-y-las-gemas-del-poder-infinito\/#primaryimage"},"image":{"@id":"https:\/\/exaudi.org\/es\/el-presidente-y-las-gemas-del-poder-infinito\/#primaryimage"},"thumbnailUrl":"https:\/\/exaudi.org\/wp-content\/uploads\/2022\/12\/pexels-pramod-tiwari-14647826-scaled.jpg","datePublished":"2022-12-15T09:52:20+00:00","author":{"@id":"https:\/\/exaudi.org\/#\/schema\/person\/f2d4ad1e1e2bb7dad42a623b75b7166b"},"breadcrumb":{"@id":"https:\/\/exaudi.org\/es\/el-presidente-y-las-gemas-del-poder-infinito\/#breadcrumb"},"inLanguage":"es","potentialAction":[{"@type":"ReadAction","target":["https:\/\/exaudi.org\/es\/el-presidente-y-las-gemas-del-poder-infinito\/"]}]},{"@type":"ImageObject","inLanguage":"es","@id":"https:\/\/exaudi.org\/es\/el-presidente-y-las-gemas-del-poder-infinito\/#primaryimage","url":"https:\/\/exaudi.org\/wp-content\/uploads\/2022\/12\/pexels-pramod-tiwari-14647826-scaled.jpg","contentUrl":"https:\/\/exaudi.org\/wp-content\/uploads\/2022\/12\/pexels-pramod-tiwari-14647826-scaled.jpg","width":2048,"height":2560,"caption":"(C) Pexels"},{"@type":"BreadcrumbList","@id":"https:\/\/exaudi.org\/es\/el-presidente-y-las-gemas-del-poder-infinito\/#breadcrumb","itemListElement":[{"@type":"ListItem","position":1,"name":"Portada","item":"https:\/\/exaudi.org\/es\/"},{"@type":"ListItem","position":2,"name":"El presidente y las gemas del poder infinito"}]},{"@type":"WebSite","@id":"https:\/\/exaudi.org\/#website","url":"https:\/\/exaudi.org\/","name":"Exaudi","description":"News","potentialAction":[{"@type":"SearchAction","target":{"@type":"EntryPoint","urlTemplate":"https:\/\/exaudi.org\/?s={search_term_string}"},"query-input":{"@type":"PropertyValueSpecification","valueRequired":true,"valueName":"search_term_string"}}],"inLanguage":"es"},{"@type":"Person","@id":"https:\/\/exaudi.org\/#\/schema\/person\/f2d4ad1e1e2bb7dad42a623b75b7166b","name":"Francisco Bobadilla","image":{"@type":"ImageObject","inLanguage":"es","@id":"https:\/\/secure.gravatar.com\/avatar\/8d65d74eeda045f5ef133a25b739fed12768ab871a0ddb2772cf98408d61ee37?s=96&d=mm&r=g","url":"https:\/\/secure.gravatar.com\/avatar\/8d65d74eeda045f5ef133a25b739fed12768ab871a0ddb2772cf98408d61ee37?s=96&d=mm&r=g","contentUrl":"https:\/\/secure.gravatar.com\/avatar\/8d65d74eeda045f5ef133a25b739fed12768ab871a0ddb2772cf98408d61ee37?s=96&d=mm&r=g","caption":"Francisco Bobadilla"},"description":"Francisco Bobadilla es profesor principal de la Universidad de Piura, donde dicta clases para el pre-grado y posgrado. Interesado en las Humanidades y en la dimensi\u00f3n \u00e9tica de la conducta humana. Lector habitual, de cuyas lecturas se nutre en gran parte este blog. Es autor, entre otros, de los libros \u201cPasi\u00f3n por la Excelencia\u201d, \u201cEmpresas con alma\u201d, \u00abProgreso econ\u00f3mico y desarrollo humano\u00bb, \u00abEl C\u00f3digo da Vinci: de la ficci\u00f3n a la realidad\u00bb; \u00abLa disponibilidad de los derechos de la personalidad\u00bb. Abogado y Master en Derecho Civil por la PUCP, doctor en Derecho por la Universidad de Zaragoza; Licenciado en Ciencias de la Informaci\u00f3n por la Universidad de Piura. Sus temas: pensamiento pol\u00edtico y social, \u00e9tica y cultura, derechos de la persona.","sameAs":["https:\/\/tertuliaabierta.wordpress.com\/"],"url":"https:\/\/exaudi.org\/es\/author\/francisco-bobadilla\/"}]}},"jetpack_featured_media_url":"https:\/\/exaudi.org\/wp-content\/uploads\/2022\/12\/pexels-pramod-tiwari-14647826-scaled.jpg","jetpack_shortlink":"https:\/\/wp.me\/pgKjF2-hsz","_links":{"self":[{"href":"https:\/\/exaudi.org\/es\/wp-json\/wp\/v2\/posts\/67119","targetHints":{"allow":["GET"]}}],"collection":[{"href":"https:\/\/exaudi.org\/es\/wp-json\/wp\/v2\/posts"}],"about":[{"href":"https:\/\/exaudi.org\/es\/wp-json\/wp\/v2\/types\/post"}],"author":[{"embeddable":true,"href":"https:\/\/exaudi.org\/es\/wp-json\/wp\/v2\/users\/109"}],"replies":[{"embeddable":true,"href":"https:\/\/exaudi.org\/es\/wp-json\/wp\/v2\/comments?post=67119"}],"version-history":[{"count":0,"href":"https:\/\/exaudi.org\/es\/wp-json\/wp\/v2\/posts\/67119\/revisions"}],"wp:featuredmedia":[{"embeddable":true,"href":"https:\/\/exaudi.org\/es\/wp-json\/wp\/v2\/media\/67120"}],"wp:attachment":[{"href":"https:\/\/exaudi.org\/es\/wp-json\/wp\/v2\/media?parent=67119"}],"wp:term":[{"taxonomy":"category","embeddable":true,"href":"https:\/\/exaudi.org\/es\/wp-json\/wp\/v2\/categories?post=67119"},{"taxonomy":"post_tag","embeddable":true,"href":"https:\/\/exaudi.org\/es\/wp-json\/wp\/v2\/tags?post=67119"}],"curies":[{"name":"wp","href":"https:\/\/api.w.org\/{rel}","templated":true}]}}