{"id":66952,"date":"2022-12-12T14:38:35","date_gmt":"2022-12-12T13:38:35","guid":{"rendered":"https:\/\/exaudi.org\/?p=66952"},"modified":"2022-12-12T14:38:35","modified_gmt":"2022-12-12T13:38:35","slug":"jovenes-espanoles-preparan-saints-la-aplicacion-catolica-mas-completa-para-la-vida-de-oracion","status":"publish","type":"post","link":"https:\/\/exaudi.org\/es\/jovenes-espanoles-preparan-saints-la-aplicacion-catolica-mas-completa-para-la-vida-de-oracion\/","title":{"rendered":"J\u00f3venes espa\u00f1oles preparan \u201cSaints\u201d, la aplicaci\u00f3n cat\u00f3lica m\u00e1s completa para la vida de oraci\u00f3n"},"content":{"rendered":"<p>\u00abJ\u00f3venes, \u00a1hagan l\u00edo!\u201d. En respuesta a la propuesta del Papa Francisco para construir una Iglesia en salida, un grupo de j\u00f3venes est\u00e1 desarrollando <em>Saints App<\/em>, la aplicaci\u00f3n cat\u00f3lica m\u00e1s completa que ayudar\u00e1 a los cristianos a cuidar y acrecentar su relaci\u00f3n diaria con Dios y con la Virgen Mar\u00eda.<\/p>\n<p>Pronto podremos tener en nuestros tel\u00e9fonos m\u00f3viles<em>\u00a0<\/em><em>Saints<\/em><em>\u00a0<\/em><em>App<\/em>, una completa aplicaci\u00f3n para facilitar la vida de oraci\u00f3n de cat\u00f3licos que buscan una relaci\u00f3n diaria con el Se\u00f1or.\u00a0 Se trata de una iniciativa de j\u00f3venes que responden con entusiasmo y sus talentos a la llamada del Papa Francisco de \u201chacer l\u00edo\u201d.<\/p>\n<p><img loading=\"lazy\" decoding=\"async\" class=\"alignright size-medium wp-image-66960\" src=\"https:\/\/exaudi.org\/wp-content\/uploads\/2022\/12\/Montaje-8-300x260.png\" alt=\"\" width=\"300\" height=\"260\" srcset=\"https:\/\/exaudi.org\/wp-content\/uploads\/2022\/12\/Montaje-8-300x260.png 300w, https:\/\/exaudi.org\/wp-content\/uploads\/2022\/12\/Montaje-8-1024x888.png 1024w, https:\/\/exaudi.org\/wp-content\/uploads\/2022\/12\/Montaje-8-770x668.png 770w, https:\/\/exaudi.org\/wp-content\/uploads\/2022\/12\/Montaje-8-500x433.png 500w, https:\/\/exaudi.org\/wp-content\/uploads\/2022\/12\/Montaje-8-293x254.png 293w, https:\/\/exaudi.org\/wp-content\/uploads\/2022\/12\/Montaje-8-390x338.png 390w, https:\/\/exaudi.org\/wp-content\/uploads\/2022\/12\/Montaje-8.png 1202w\" sizes=\"auto, (max-width: 300px) 100vw, 300px\" \/>El proyecto recibe el nombre de \u201cSaints\u201d por la vocaci\u00f3n a la santidad de todos los bautizados. Dicha vocaci\u00f3n tiene su camino en nuestra relaci\u00f3n e intimidad con Dios, y ese es el objetivo de esta app: ser una herramienta en la vida de oraci\u00f3n de los fieles cat\u00f3licos.<\/p>\n<p>Esta aplicaci\u00f3n dise\u00f1ada e impulsada por j\u00f3venes de diferentes realidades de Iglesia ha sido acogida\u00a0por la <a href=\"https:\/\/educatioimprimis.org\/\"><strong>Fundaci\u00f3n Educatio Imprimis<\/strong><\/a>, entidad sin \u00e1nimo de lucro que apoya iniciativas, proyectos y obras para la educaci\u00f3n, la transformaci\u00f3n y la evangelizaci\u00f3n de la Iglesia.<\/p>\n<p><strong>Una aplicaci\u00f3n \u00fanica<\/strong><\/p>\n<p>Aplicaciones de oraci\u00f3n existen muchas, sin embargo, tal y como est\u00e1 pensada <em>Saints<\/em>, no hay ninguna. Lo m\u00e1s diferenciador es que incluir\u00e1<strong> en una sola app las principales necesidades de los fieles para su vida de oraci\u00f3n. <\/strong>En ella el usuario encontrar\u00e1 el Evangelio y las lecturas de cada d\u00eda, meditaciones, la Liturgia de las Horas, el santo del d\u00eda, cuadernos de oraci\u00f3n diaria, oraciones para distintos momentos del d\u00eda, novenas, oraciones propias de santos, otras de distintas realidades de la Iglesia&#8230; Adem\u00e1s, el creyente podr\u00e1 crear listas de intenciones, dise\u00f1ar su propio plan de oraci\u00f3n y escribir y guardar sus reflexiones. Todo ello de forma <strong>gratuita, sin publicidad y sin necesidad de conexi\u00f3n a internet<\/strong>. Los textos b\u00edblicos y lit\u00fargicos publicados ser\u00e1n los de la traducci\u00f3n oficial de la Conferencia Episcopal Espa\u00f1ola y del Consejo Episcopal Latinoamericano y Caribe\u00f1o.<\/p>\n<p>La popular app de <em>ePrex<\/em>, con cerca de un mill\u00f3n de usuarios en habla hispana, se fusiona al proyecto gracias a que su desarrollador, el italiano Marco del Pin, se ha unido al equipo de <em>Saints<\/em> para ofrecer a sus usuarios una herramienta mucho m\u00e1s completa para su vida de oraci\u00f3n.<\/p>\n<p><strong><em>Fundraising <\/em><\/strong><strong>y lanzamiento <\/strong><\/p>\n<p>La aplicaci\u00f3n, que se encuentra en su \u00faltima fase de desarrollo, podr\u00e1 descargarse en cualquier tel\u00e9fono iPhone o Android a principios de 2023 pero antes es necesario cubrir los costes de desarrollo y mantenimiento del software, los de seguridad y encriptaci\u00f3n de contenidos, y los de los sistemas de datos y computaci\u00f3n. Por ello los promotores del proyecto lanzan ahora una campa\u00f1a de recaudaci\u00f3n de fondos y recuerdan que estas donaciones son desgravables seg\u00fan el Real Decreto-ley 17\/2020.<\/p>\n<p><span style=\"text-decoration: line-through\">\u00a0<\/span><\/p>\n<p>Los donantes de <em>Saints App<\/em> recibir\u00e1n:<\/p>\n<ul>\n<li>Un reporte quincenal del uso de su donativo.<\/li>\n<li>El certificado de donaci\u00f3n para la desgravaci\u00f3n.<\/li>\n<li>Acceso a la prerreserva de la aplicaci\u00f3n.<\/li>\n<li>Entrada a la presentaci\u00f3n p\u00fablica de <em>Saints App<\/em>.<\/li>\n<li>La seguridad de que su donativo va a ayudar a construir la aplicaci\u00f3n m\u00e1s completa para la vida de oraci\u00f3n de muchos creyentes.<\/li>\n<\/ul>\n<p>En la p\u00e1gina web del proyecto, <a href=\"http:\/\/www.saints.es\">www.saints.es<\/a><strong>,<\/strong> se dan a conocer las caracter\u00edsticas, contenidos y funcionalidades de la aplicaci\u00f3n, as\u00ed como la manera de efectuar las donaciones de apoyo al proyecto.<\/p>\n<p><iframe loading=\"lazy\" title=\"Saints App | La app m\u00e1s completa para tu vida de oraci\u00f3n\" src=\"https:\/\/player.vimeo.com\/video\/780297054?dnt=1&amp;app_id=122963\" width=\"500\" height=\"281\" frameborder=\"0\" allow=\"autoplay; fullscreen; picture-in-picture; clipboard-write; encrypted-media\"><\/iframe><\/p>\n<p><strong>M\u00e1s informaci\u00f3n y contacto:<\/strong><\/p>\n<p>Francisco Javier de Navascu\u00e9s y Cuadros \u00b7\u00a0 <a href=\"mailto:saints@educatioimprimis.org\">saints@educatioimprimis.org<\/a><\/p>\n<p>Blanca de Ugarte Blanco \u00a0\u00b7\u00a0 \u00a0<a href=\"mailto:comunicacion@educatioimprimis.org\">comunicacion@educatioimprimis.org<\/a><\/p>\n<p><strong>Web Saints: <\/strong><a href=\"https:\/\/saints.es\/\"><strong>saints.es<\/strong><\/a> (<a href=\"https:\/\/saints.es\">https:\/\/saints.es<\/a>)<\/p>\n<p><img loading=\"lazy\" decoding=\"async\" class=\"size-medium wp-image-66963 alignleft\" src=\"https:\/\/exaudi.org\/wp-content\/uploads\/2022\/12\/saints_icon-300x123.png\" alt=\"\" width=\"300\" height=\"123\" srcset=\"https:\/\/exaudi.org\/wp-content\/uploads\/2022\/12\/saints_icon-300x123.png 300w, https:\/\/exaudi.org\/wp-content\/uploads\/2022\/12\/saints_icon-1024x418.png 1024w, https:\/\/exaudi.org\/wp-content\/uploads\/2022\/12\/saints_icon-770x315.png 770w, https:\/\/exaudi.org\/wp-content\/uploads\/2022\/12\/saints_icon-1536x627.png 1536w, https:\/\/exaudi.org\/wp-content\/uploads\/2022\/12\/saints_icon-2048x837.png 2048w, https:\/\/exaudi.org\/wp-content\/uploads\/2022\/12\/saints_icon-500x204.png 500w, https:\/\/exaudi.org\/wp-content\/uploads\/2022\/12\/saints_icon-293x120.png 293w, https:\/\/exaudi.org\/wp-content\/uploads\/2022\/12\/saints_icon-1400x572.png 1400w, https:\/\/exaudi.org\/wp-content\/uploads\/2022\/12\/saints_icon-390x159.png 390w\" sizes=\"auto, (max-width: 300px) 100vw, 300px\" \/><\/p>\n","protected":false},"excerpt":{"rendered":"<p>Una app para cuidar la relaci\u00f3n personal con el Se\u00f1or y con la Virgen <\/p>\n","protected":false},"author":15,"featured_media":66953,"comment_status":"closed","ping_status":"closed","sticky":false,"template":"","format":"standard","meta":{"_acf_changed":false,"_crdt_document":"","inline_featured_image":false,"footnotes":""},"categories":[74],"tags":[7890,1855,676,7891,4953,7892],"class_list":["post-66952","post","type-post","status-publish","format-standard","has-post-thumbnail","hentry","category-iglesia-y-mundo","tag-aplicacion","tag-jovenes","tag-oracion","tag-saints-2","tag-trending-es","tag-vida-de-oracion"],"acf":[],"yoast_head":"<!-- This site is optimized with the Yoast SEO plugin v27.4 - https:\/\/yoast.com\/product\/yoast-seo-wordpress\/ -->\n<title>J\u00f3venes espa\u00f1oles preparan \u201cSaints\u201d, la aplicaci\u00f3n cat\u00f3lica m\u00e1s completa para la vida de oraci\u00f3n &#8211; Exaudi<\/title>\n<meta name=\"robots\" content=\"index, follow, max-snippet:-1, max-image-preview:large, max-video-preview:-1\" \/>\n<link rel=\"canonical\" href=\"https:\/\/exaudi.org\/es\/jovenes-espanoles-preparan-saints-la-aplicacion-catolica-mas-completa-para-la-vida-de-oracion\/\" \/>\n<meta property=\"og:locale\" content=\"es_ES\" \/>\n<meta property=\"og:type\" content=\"article\" \/>\n<meta property=\"og:title\" content=\"J\u00f3venes espa\u00f1oles preparan \u201cSaints\u201d, la aplicaci\u00f3n cat\u00f3lica m\u00e1s completa para la vida de oraci\u00f3n &#8211; Exaudi\" \/>\n<meta property=\"og:description\" content=\"Una app para cuidar la relaci\u00f3n personal con el Se\u00f1or y con la Virgen\" \/>\n<meta property=\"og:url\" content=\"https:\/\/exaudi.org\/es\/jovenes-espanoles-preparan-saints-la-aplicacion-catolica-mas-completa-para-la-vida-de-oracion\/\" \/>\n<meta property=\"og:site_name\" content=\"Exaudi\" \/>\n<meta property=\"article:publisher\" content=\"https:\/\/www.facebook.com\/ExaudiNews\" \/>\n<meta property=\"article:author\" content=\"https:\/\/www.facebook.com\/ExaudiNoticias\/\" \/>\n<meta property=\"article:published_time\" content=\"2022-12-12T13:38:35+00:00\" \/>\n<meta property=\"og:image\" content=\"https:\/\/exaudi.org\/wp-content\/uploads\/2022\/12\/Montaje-6.png\" \/>\n\t<meta property=\"og:image:width\" content=\"2434\" \/>\n\t<meta property=\"og:image:height\" content=\"1325\" \/>\n\t<meta property=\"og:image:type\" content=\"image\/png\" \/>\n<meta name=\"author\" content=\"Exaudi Redacci\u00f3n\" \/>\n<meta name=\"twitter:card\" content=\"summary_large_image\" \/>\n<meta name=\"twitter:creator\" content=\"@Exaudi_noticias\" \/>\n<meta name=\"twitter:site\" content=\"@Exaudi_News\" \/>\n<meta name=\"twitter:label1\" content=\"Escrito por\" \/>\n\t<meta name=\"twitter:data1\" content=\"Exaudi Redacci\u00f3n\" \/>\n\t<meta name=\"twitter:label2\" content=\"Tiempo de lectura\" \/>\n\t<meta name=\"twitter:data2\" content=\"3 minutos\" \/>\n<script type=\"application\/ld+json\" class=\"yoast-schema-graph\">{\"@context\":\"https:\\\/\\\/schema.org\",\"@graph\":[{\"@type\":\"Article\",\"@id\":\"https:\\\/\\\/exaudi.org\\\/es\\\/jovenes-espanoles-preparan-saints-la-aplicacion-catolica-mas-completa-para-la-vida-de-oracion\\\/#article\",\"isPartOf\":{\"@id\":\"https:\\\/\\\/exaudi.org\\\/es\\\/jovenes-espanoles-preparan-saints-la-aplicacion-catolica-mas-completa-para-la-vida-de-oracion\\\/\"},\"author\":{\"name\":\"Exaudi Redacci\u00f3n\",\"@id\":\"https:\\\/\\\/exaudi.org\\\/#\\\/schema\\\/person\\\/f5fc8f063065e38742da7afe15f25df7\"},\"headline\":\"J\u00f3venes espa\u00f1oles preparan \u201cSaints\u201d, la aplicaci\u00f3n cat\u00f3lica m\u00e1s completa para la vida de oraci\u00f3n\",\"datePublished\":\"2022-12-12T13:38:35+00:00\",\"mainEntityOfPage\":{\"@id\":\"https:\\\/\\\/exaudi.org\\\/es\\\/jovenes-espanoles-preparan-saints-la-aplicacion-catolica-mas-completa-para-la-vida-de-oracion\\\/\"},\"wordCount\":684,\"image\":{\"@id\":\"https:\\\/\\\/exaudi.org\\\/es\\\/jovenes-espanoles-preparan-saints-la-aplicacion-catolica-mas-completa-para-la-vida-de-oracion\\\/#primaryimage\"},\"thumbnailUrl\":\"https:\\\/\\\/exaudi.org\\\/wp-content\\\/uploads\\\/2022\\\/12\\\/Montaje-6.png\",\"keywords\":[\"Aplicaci\u00f3n\",\"J\u00f3venes\",\"Oraci\u00f3n\",\"Saints\",\"Trending\",\"Vida de oraci\u00f3n\"],\"articleSection\":[\"Iglesia y Mundo\"],\"inLanguage\":\"es\"},{\"@type\":\"WebPage\",\"@id\":\"https:\\\/\\\/exaudi.org\\\/es\\\/jovenes-espanoles-preparan-saints-la-aplicacion-catolica-mas-completa-para-la-vida-de-oracion\\\/\",\"url\":\"https:\\\/\\\/exaudi.org\\\/es\\\/jovenes-espanoles-preparan-saints-la-aplicacion-catolica-mas-completa-para-la-vida-de-oracion\\\/\",\"name\":\"J\u00f3venes espa\u00f1oles preparan \u201cSaints\u201d, la aplicaci\u00f3n cat\u00f3lica m\u00e1s completa para la vida de oraci\u00f3n &#8211; Exaudi\",\"isPartOf\":{\"@id\":\"https:\\\/\\\/exaudi.org\\\/#website\"},\"primaryImageOfPage\":{\"@id\":\"https:\\\/\\\/exaudi.org\\\/es\\\/jovenes-espanoles-preparan-saints-la-aplicacion-catolica-mas-completa-para-la-vida-de-oracion\\\/#primaryimage\"},\"image\":{\"@id\":\"https:\\\/\\\/exaudi.org\\\/es\\\/jovenes-espanoles-preparan-saints-la-aplicacion-catolica-mas-completa-para-la-vida-de-oracion\\\/#primaryimage\"},\"thumbnailUrl\":\"https:\\\/\\\/exaudi.org\\\/wp-content\\\/uploads\\\/2022\\\/12\\\/Montaje-6.png\",\"datePublished\":\"2022-12-12T13:38:35+00:00\",\"author\":{\"@id\":\"https:\\\/\\\/exaudi.org\\\/#\\\/schema\\\/person\\\/f5fc8f063065e38742da7afe15f25df7\"},\"breadcrumb\":{\"@id\":\"https:\\\/\\\/exaudi.org\\\/es\\\/jovenes-espanoles-preparan-saints-la-aplicacion-catolica-mas-completa-para-la-vida-de-oracion\\\/#breadcrumb\"},\"inLanguage\":\"es\",\"potentialAction\":[{\"@type\":\"ReadAction\",\"target\":[\"https:\\\/\\\/exaudi.org\\\/es\\\/jovenes-espanoles-preparan-saints-la-aplicacion-catolica-mas-completa-para-la-vida-de-oracion\\\/\"]}]},{\"@type\":\"ImageObject\",\"inLanguage\":\"es\",\"@id\":\"https:\\\/\\\/exaudi.org\\\/es\\\/jovenes-espanoles-preparan-saints-la-aplicacion-catolica-mas-completa-para-la-vida-de-oracion\\\/#primaryimage\",\"url\":\"https:\\\/\\\/exaudi.org\\\/wp-content\\\/uploads\\\/2022\\\/12\\\/Montaje-6.png\",\"contentUrl\":\"https:\\\/\\\/exaudi.org\\\/wp-content\\\/uploads\\\/2022\\\/12\\\/Montaje-6.png\",\"width\":2434,\"height\":1325,\"caption\":\"(C) Saints app\"},{\"@type\":\"BreadcrumbList\",\"@id\":\"https:\\\/\\\/exaudi.org\\\/es\\\/jovenes-espanoles-preparan-saints-la-aplicacion-catolica-mas-completa-para-la-vida-de-oracion\\\/#breadcrumb\",\"itemListElement\":[{\"@type\":\"ListItem\",\"position\":1,\"name\":\"Portada\",\"item\":\"https:\\\/\\\/exaudi.org\\\/es\\\/\"},{\"@type\":\"ListItem\",\"position\":2,\"name\":\"J\u00f3venes espa\u00f1oles preparan \u201cSaints\u201d, la aplicaci\u00f3n cat\u00f3lica m\u00e1s completa para la vida de oraci\u00f3n\"}]},{\"@type\":\"WebSite\",\"@id\":\"https:\\\/\\\/exaudi.org\\\/#website\",\"url\":\"https:\\\/\\\/exaudi.org\\\/\",\"name\":\"Exaudi\",\"description\":\"News\",\"potentialAction\":[{\"@type\":\"SearchAction\",\"target\":{\"@type\":\"EntryPoint\",\"urlTemplate\":\"https:\\\/\\\/exaudi.org\\\/?s={search_term_string}\"},\"query-input\":{\"@type\":\"PropertyValueSpecification\",\"valueRequired\":true,\"valueName\":\"search_term_string\"}}],\"inLanguage\":\"es\"},{\"@type\":\"Person\",\"@id\":\"https:\\\/\\\/exaudi.org\\\/#\\\/schema\\\/person\\\/f5fc8f063065e38742da7afe15f25df7\",\"name\":\"Exaudi Redacci\u00f3n\",\"image\":{\"@type\":\"ImageObject\",\"inLanguage\":\"es\",\"@id\":\"https:\\\/\\\/secure.gravatar.com\\\/avatar\\\/fe0f6a059fb68d9b3e11bc5850dd4899b1c7492091a3cb6dd9b01b56ad828be2?s=96&d=mm&r=g\",\"url\":\"https:\\\/\\\/secure.gravatar.com\\\/avatar\\\/fe0f6a059fb68d9b3e11bc5850dd4899b1c7492091a3cb6dd9b01b56ad828be2?s=96&d=mm&r=g\",\"contentUrl\":\"https:\\\/\\\/secure.gravatar.com\\\/avatar\\\/fe0f6a059fb68d9b3e11bc5850dd4899b1c7492091a3cb6dd9b01b56ad828be2?s=96&d=mm&r=g\",\"caption\":\"Exaudi Redacci\u00f3n\"},\"description\":\"\u00bfQu\u00e9 es Exaudi News? Exaudi News es un medio de comunicaci\u00f3n cat\u00f3lico internacional que informa, forma y transforma, diariamente en espa\u00f1ol, ingl\u00e9s e italiano. A trav\u00e9s de noticias, art\u00edculos de an\u00e1lisis y transmisiones en directo de los eventos del Papa, Exaudi busca fortalecer la unidad de los cristianos y contribuir a la evangelizaci\u00f3n del mundo, siempre guiados por la doctrina social de la Iglesia. Trabajamos para acercar la verdad y los valores cristianos a cada rinc\u00f3n del planeta. \u00a1Ay\u00fadanos a transformar el mundo con Exaudi! En Exaudi creemos que la evangelizaci\u00f3n y la informaci\u00f3n de calidad pueden cambiar vidas. Para continuar con nuestra misi\u00f3n y expandir nuestro alcance, necesitamos tu ayuda. Adem\u00e1s, buscamos personas comprometidas que deseen unirse a nuestro equipo. Con tu apoyo, lograremos llegar a m\u00e1s personas, difundir el mensaje de Cristo y reforzar la unidad de los cristianos. \u00bfTe unes a nuestra misi\u00f3n? Para m\u00e1s informaci\u00f3n sobre c\u00f3mo colaborar, visita Exaudi.org\\\/es o cont\u00e1ctanos directamente: info@exaudi.org Exaudi: Informa, forma y transforma.\",\"sameAs\":[\"https:\\\/\\\/www.facebook.com\\\/ExaudiNoticias\\\/\",\"https:\\\/\\\/www.instagram.com\\\/exaudi_noticias\\\/\",\"https:\\\/\\\/x.com\\\/Exaudi_noticias\",\"https:\\\/\\\/www.youtube.com\\\/@exaudicatholicnews\"],\"url\":\"https:\\\/\\\/exaudi.org\\\/es\\\/author\\\/redaccionexaudi\\\/\"}]}<\/script>\n<!-- \/ Yoast SEO plugin. -->","yoast_head_json":{"title":"J\u00f3venes espa\u00f1oles preparan \u201cSaints\u201d, la aplicaci\u00f3n cat\u00f3lica m\u00e1s completa para la vida de oraci\u00f3n &#8211; Exaudi","robots":{"index":"index","follow":"follow","max-snippet":"max-snippet:-1","max-image-preview":"max-image-preview:large","max-video-preview":"max-video-preview:-1"},"canonical":"https:\/\/exaudi.org\/es\/jovenes-espanoles-preparan-saints-la-aplicacion-catolica-mas-completa-para-la-vida-de-oracion\/","og_locale":"es_ES","og_type":"article","og_title":"J\u00f3venes espa\u00f1oles preparan \u201cSaints\u201d, la aplicaci\u00f3n cat\u00f3lica m\u00e1s completa para la vida de oraci\u00f3n &#8211; Exaudi","og_description":"Una app para cuidar la relaci\u00f3n personal con el Se\u00f1or y con la Virgen","og_url":"https:\/\/exaudi.org\/es\/jovenes-espanoles-preparan-saints-la-aplicacion-catolica-mas-completa-para-la-vida-de-oracion\/","og_site_name":"Exaudi","article_publisher":"https:\/\/www.facebook.com\/ExaudiNews","article_author":"https:\/\/www.facebook.com\/ExaudiNoticias\/","article_published_time":"2022-12-12T13:38:35+00:00","og_image":[{"width":2434,"height":1325,"url":"https:\/\/exaudi.org\/wp-content\/uploads\/2022\/12\/Montaje-6.png","type":"image\/png"}],"author":"Exaudi Redacci\u00f3n","twitter_card":"summary_large_image","twitter_creator":"@Exaudi_noticias","twitter_site":"@Exaudi_News","twitter_misc":{"Escrito por":"Exaudi Redacci\u00f3n","Tiempo de lectura":"3 minutos"},"schema":{"@context":"https:\/\/schema.org","@graph":[{"@type":"Article","@id":"https:\/\/exaudi.org\/es\/jovenes-espanoles-preparan-saints-la-aplicacion-catolica-mas-completa-para-la-vida-de-oracion\/#article","isPartOf":{"@id":"https:\/\/exaudi.org\/es\/jovenes-espanoles-preparan-saints-la-aplicacion-catolica-mas-completa-para-la-vida-de-oracion\/"},"author":{"name":"Exaudi Redacci\u00f3n","@id":"https:\/\/exaudi.org\/#\/schema\/person\/f5fc8f063065e38742da7afe15f25df7"},"headline":"J\u00f3venes espa\u00f1oles preparan \u201cSaints\u201d, la aplicaci\u00f3n cat\u00f3lica m\u00e1s completa para la vida de oraci\u00f3n","datePublished":"2022-12-12T13:38:35+00:00","mainEntityOfPage":{"@id":"https:\/\/exaudi.org\/es\/jovenes-espanoles-preparan-saints-la-aplicacion-catolica-mas-completa-para-la-vida-de-oracion\/"},"wordCount":684,"image":{"@id":"https:\/\/exaudi.org\/es\/jovenes-espanoles-preparan-saints-la-aplicacion-catolica-mas-completa-para-la-vida-de-oracion\/#primaryimage"},"thumbnailUrl":"https:\/\/exaudi.org\/wp-content\/uploads\/2022\/12\/Montaje-6.png","keywords":["Aplicaci\u00f3n","J\u00f3venes","Oraci\u00f3n","Saints","Trending","Vida de oraci\u00f3n"],"articleSection":["Iglesia y Mundo"],"inLanguage":"es"},{"@type":"WebPage","@id":"https:\/\/exaudi.org\/es\/jovenes-espanoles-preparan-saints-la-aplicacion-catolica-mas-completa-para-la-vida-de-oracion\/","url":"https:\/\/exaudi.org\/es\/jovenes-espanoles-preparan-saints-la-aplicacion-catolica-mas-completa-para-la-vida-de-oracion\/","name":"J\u00f3venes espa\u00f1oles preparan \u201cSaints\u201d, la aplicaci\u00f3n cat\u00f3lica m\u00e1s completa para la vida de oraci\u00f3n &#8211; Exaudi","isPartOf":{"@id":"https:\/\/exaudi.org\/#website"},"primaryImageOfPage":{"@id":"https:\/\/exaudi.org\/es\/jovenes-espanoles-preparan-saints-la-aplicacion-catolica-mas-completa-para-la-vida-de-oracion\/#primaryimage"},"image":{"@id":"https:\/\/exaudi.org\/es\/jovenes-espanoles-preparan-saints-la-aplicacion-catolica-mas-completa-para-la-vida-de-oracion\/#primaryimage"},"thumbnailUrl":"https:\/\/exaudi.org\/wp-content\/uploads\/2022\/12\/Montaje-6.png","datePublished":"2022-12-12T13:38:35+00:00","author":{"@id":"https:\/\/exaudi.org\/#\/schema\/person\/f5fc8f063065e38742da7afe15f25df7"},"breadcrumb":{"@id":"https:\/\/exaudi.org\/es\/jovenes-espanoles-preparan-saints-la-aplicacion-catolica-mas-completa-para-la-vida-de-oracion\/#breadcrumb"},"inLanguage":"es","potentialAction":[{"@type":"ReadAction","target":["https:\/\/exaudi.org\/es\/jovenes-espanoles-preparan-saints-la-aplicacion-catolica-mas-completa-para-la-vida-de-oracion\/"]}]},{"@type":"ImageObject","inLanguage":"es","@id":"https:\/\/exaudi.org\/es\/jovenes-espanoles-preparan-saints-la-aplicacion-catolica-mas-completa-para-la-vida-de-oracion\/#primaryimage","url":"https:\/\/exaudi.org\/wp-content\/uploads\/2022\/12\/Montaje-6.png","contentUrl":"https:\/\/exaudi.org\/wp-content\/uploads\/2022\/12\/Montaje-6.png","width":2434,"height":1325,"caption":"(C) Saints app"},{"@type":"BreadcrumbList","@id":"https:\/\/exaudi.org\/es\/jovenes-espanoles-preparan-saints-la-aplicacion-catolica-mas-completa-para-la-vida-de-oracion\/#breadcrumb","itemListElement":[{"@type":"ListItem","position":1,"name":"Portada","item":"https:\/\/exaudi.org\/es\/"},{"@type":"ListItem","position":2,"name":"J\u00f3venes espa\u00f1oles preparan \u201cSaints\u201d, la aplicaci\u00f3n cat\u00f3lica m\u00e1s completa para la vida de oraci\u00f3n"}]},{"@type":"WebSite","@id":"https:\/\/exaudi.org\/#website","url":"https:\/\/exaudi.org\/","name":"Exaudi","description":"News","potentialAction":[{"@type":"SearchAction","target":{"@type":"EntryPoint","urlTemplate":"https:\/\/exaudi.org\/?s={search_term_string}"},"query-input":{"@type":"PropertyValueSpecification","valueRequired":true,"valueName":"search_term_string"}}],"inLanguage":"es"},{"@type":"Person","@id":"https:\/\/exaudi.org\/#\/schema\/person\/f5fc8f063065e38742da7afe15f25df7","name":"Exaudi Redacci\u00f3n","image":{"@type":"ImageObject","inLanguage":"es","@id":"https:\/\/secure.gravatar.com\/avatar\/fe0f6a059fb68d9b3e11bc5850dd4899b1c7492091a3cb6dd9b01b56ad828be2?s=96&d=mm&r=g","url":"https:\/\/secure.gravatar.com\/avatar\/fe0f6a059fb68d9b3e11bc5850dd4899b1c7492091a3cb6dd9b01b56ad828be2?s=96&d=mm&r=g","contentUrl":"https:\/\/secure.gravatar.com\/avatar\/fe0f6a059fb68d9b3e11bc5850dd4899b1c7492091a3cb6dd9b01b56ad828be2?s=96&d=mm&r=g","caption":"Exaudi Redacci\u00f3n"},"description":"\u00bfQu\u00e9 es Exaudi News? Exaudi News es un medio de comunicaci\u00f3n cat\u00f3lico internacional que informa, forma y transforma, diariamente en espa\u00f1ol, ingl\u00e9s e italiano. A trav\u00e9s de noticias, art\u00edculos de an\u00e1lisis y transmisiones en directo de los eventos del Papa, Exaudi busca fortalecer la unidad de los cristianos y contribuir a la evangelizaci\u00f3n del mundo, siempre guiados por la doctrina social de la Iglesia. Trabajamos para acercar la verdad y los valores cristianos a cada rinc\u00f3n del planeta. \u00a1Ay\u00fadanos a transformar el mundo con Exaudi! En Exaudi creemos que la evangelizaci\u00f3n y la informaci\u00f3n de calidad pueden cambiar vidas. Para continuar con nuestra misi\u00f3n y expandir nuestro alcance, necesitamos tu ayuda. Adem\u00e1s, buscamos personas comprometidas que deseen unirse a nuestro equipo. Con tu apoyo, lograremos llegar a m\u00e1s personas, difundir el mensaje de Cristo y reforzar la unidad de los cristianos. \u00bfTe unes a nuestra misi\u00f3n? Para m\u00e1s informaci\u00f3n sobre c\u00f3mo colaborar, visita Exaudi.org\/es o cont\u00e1ctanos directamente: info@exaudi.org Exaudi: Informa, forma y transforma.","sameAs":["https:\/\/www.facebook.com\/ExaudiNoticias\/","https:\/\/www.instagram.com\/exaudi_noticias\/","https:\/\/x.com\/Exaudi_noticias","https:\/\/www.youtube.com\/@exaudicatholicnews"],"url":"https:\/\/exaudi.org\/es\/author\/redaccionexaudi\/"}]}},"jetpack_featured_media_url":"https:\/\/exaudi.org\/wp-content\/uploads\/2022\/12\/Montaje-6.png","jetpack_shortlink":"https:\/\/wp.me\/pgKjF2-hpS","_links":{"self":[{"href":"https:\/\/exaudi.org\/es\/wp-json\/wp\/v2\/posts\/66952","targetHints":{"allow":["GET"]}}],"collection":[{"href":"https:\/\/exaudi.org\/es\/wp-json\/wp\/v2\/posts"}],"about":[{"href":"https:\/\/exaudi.org\/es\/wp-json\/wp\/v2\/types\/post"}],"author":[{"embeddable":true,"href":"https:\/\/exaudi.org\/es\/wp-json\/wp\/v2\/users\/15"}],"replies":[{"embeddable":true,"href":"https:\/\/exaudi.org\/es\/wp-json\/wp\/v2\/comments?post=66952"}],"version-history":[{"count":0,"href":"https:\/\/exaudi.org\/es\/wp-json\/wp\/v2\/posts\/66952\/revisions"}],"wp:featuredmedia":[{"embeddable":true,"href":"https:\/\/exaudi.org\/es\/wp-json\/wp\/v2\/media\/66953"}],"wp:attachment":[{"href":"https:\/\/exaudi.org\/es\/wp-json\/wp\/v2\/media?parent=66952"}],"wp:term":[{"taxonomy":"category","embeddable":true,"href":"https:\/\/exaudi.org\/es\/wp-json\/wp\/v2\/categories?post=66952"},{"taxonomy":"post_tag","embeddable":true,"href":"https:\/\/exaudi.org\/es\/wp-json\/wp\/v2\/tags?post=66952"}],"curies":[{"name":"wp","href":"https:\/\/api.w.org\/{rel}","templated":true}]}}