{"id":66643,"date":"2022-12-07T13:50:44","date_gmt":"2022-12-07T12:50:44","guid":{"rendered":"https:\/\/exaudi.org\/?p=66643"},"modified":"2022-12-07T13:58:22","modified_gmt":"2022-12-07T12:58:22","slug":"nueva-reunion-del-consejo-de-cardenales","status":"publish","type":"post","link":"https:\/\/exaudi.org\/es\/nueva-reunion-del-consejo-de-cardenales\/","title":{"rendered":"Nueva reuni\u00f3n del Consejo de Cardenales"},"content":{"rendered":"<p>El 5 y 6 de diciembre de 2022 ha tenido lugar una nueva reuni\u00f3n del Consejo de Cardenales en la Casa de Santa Marta y el Papa Francisco particip\u00f3 en los trabajos de ambos d\u00edas.<\/p>\n<p>El Consejo de Cardenales fue instituido por Francisco en 2013. Est\u00e1 constituido por un grupo de cardenales \u201ccon la tarea de ayudarme en el gobierno de la Iglesia universal y de estudiar un proyecto de revisi\u00f3n de la Constituci\u00f3n Apost\u00f3lica <em><a href=\"http:\/\/www.vatican.va\/holy_father\/john_paul_ii\/apost_constitutions\/documents\/hf_jp-ii_apc_19880628_pastor-bonus-index_sp.html\" target=\"_blank\" rel=\"noopener\">Pastor bonus<\/a><\/em>\u00a0sobre la Curia Romana\u201d. Dicha revisi\u00f3n desemboc\u00f3 en la publicaci\u00f3n de la nueva Constituci\u00f3n Apost\u00f3lica sobre la Curia Romana y su servicio a la Iglesia y al mundo\u00a0<a href=\"https:\/\/exaudi.org\/es\/el-papa-promulga-praedicate-evangelium-sobre-la-curia-romana\/\" target=\"_blank\" rel=\"noopener\"><em>Praedicate evangelium <\/em><\/a>(Predicad el Evangelio) el 19 de marzo de 2022.<\/p>\n<p>Durante este encuentro, entre otros temas, el Consejo de Cardenales ha reflexionado sobre la Fase Continental del S\u00ednodo, los recientes esfuerzos de la Comisi\u00f3n para la Protecci\u00f3n de Menores al servicio de las Conferencias Episcopales y de la Curia Romana.<\/p>\n<p>Los cardenales presentes fueron Pietro Parolin, Giuseppe Bertello, \u00d3scar A. Rodr\u00edguez Maradiaga, Reinhard Marx, Se\u00e1n Patrick O&#8217;Malley, Oswald Gracias y Fridolin Ambongo Besungu. Tambi\u00e9n asisti\u00f3 el secretario del Consejo, Mons. Marco Mellino.<\/p>\n<p>Seg\u00fan el\u00a0<a href=\"https:\/\/press.vatican.va\/content\/salastampa\/it\/bollettino\/pubblico\/2022\/12\/07\/0913\/01910.html\" target=\"_blank\" rel=\"noopener\">comunicado emitido por la Oficina de Prensa de la Santa Sede<\/a>, el d\u00eda 5 el Consejo particip\u00f3 de la Eucar\u00edstica en la Bas\u00edlica San Pedro \u201cen sufragio del \u00a0cardenal ghan\u00e9s Richard Kuuia Baawobr, M Afr\u201d. En esa misma jornada los cardenales y el Santo Padre revisaron \u201clos trabajos de la COP27 en Egipto, introducidos por los informes de los cardenales Parolin y Ambongo Besungu\u201d.<\/p>\n<p>El martes 6 de diciembre, \u201creflexionaron sobre la fase continental del actual S\u00ednodo, con el tema \u2018Por una Iglesia sinodal: comuni\u00f3n, participaci\u00f3n y misi\u00f3n\u2019, bas\u00e1ndose en un informe del cardenal Mario Grech y en los frutos del camino sinodal digital elaborado en colaboraci\u00f3n con el Dicasterio para la Comunicaci\u00f3n.<\/p>\n<p>Asimismo, el cardenal O&#8217;Malley present\u00f3 los recientes esfuerzos de la Comisi\u00f3n para la Protecci\u00f3n de Menores al servicio de las Conferencias Episcopales y de la Curia Romana. Por la tarde, el cardenal Gracias inform\u00f3 sobre la Conferencia de la Federaci\u00f3n de Conferencias Episcopales de Asia celebrada en Bangkok el pasado mes de octubre\u201d.<\/p>\n<p>La nota de la Santa Sede indica que \u201cla reuni\u00f3n fue una oportunidad para actualizarse mutuamente sobre algunos asuntos en las distintas zonas geogr\u00e1ficas de referencia y hacer un balance general de los avances del Consejo en los \u00faltimos a\u00f1os\u201d.<\/p>\n<p>El Consejo de Cardenales concluy\u00f3 el martes por la noche, a las 19 hora de Roma y est\u00e1 previsto que el pr\u00f3ximo encuentro tenga lugar en abril de 2023.<\/p>\n","protected":false},"excerpt":{"rendered":"<p>La pr\u00f3xima reuni\u00f3n ser\u00e1 en abril<\/p>\n","protected":false},"author":15,"featured_media":66622,"comment_status":"closed","ping_status":"closed","sticky":false,"template":"","format":"standard","meta":{"_acf_changed":false,"_crdt_document":"","inline_featured_image":false,"footnotes":""},"categories":[68],"tags":[2185,158,4460,4953],"class_list":["post-66643","post","type-post","status-publish","format-standard","has-post-thumbnail","hentry","category-leon-xiv","tag-consejo-de-cardenales","tag-papa-francisco","tag-sinodo-es","tag-trending-es"],"acf":[],"yoast_head":"<!-- This site is optimized with the Yoast SEO plugin v27.5 - https:\/\/yoast.com\/product\/yoast-seo-wordpress\/ -->\n<title>Nueva reuni\u00f3n del Consejo de Cardenales &#8211; Exaudi<\/title>\n<meta name=\"robots\" content=\"index, follow, max-snippet:-1, max-image-preview:large, max-video-preview:-1\" \/>\n<link rel=\"canonical\" href=\"https:\/\/exaudi.org\/es\/nueva-reunion-del-consejo-de-cardenales\/\" \/>\n<meta property=\"og:locale\" content=\"es_ES\" \/>\n<meta property=\"og:type\" content=\"article\" \/>\n<meta property=\"og:title\" content=\"Nueva reuni\u00f3n del Consejo de Cardenales &#8211; Exaudi\" \/>\n<meta property=\"og:description\" content=\"La pr\u00f3xima reuni\u00f3n ser\u00e1 en abril\" \/>\n<meta property=\"og:url\" content=\"https:\/\/exaudi.org\/es\/nueva-reunion-del-consejo-de-cardenales\/\" \/>\n<meta property=\"og:site_name\" content=\"Exaudi\" \/>\n<meta property=\"article:publisher\" content=\"https:\/\/www.facebook.com\/ExaudiNews\" \/>\n<meta property=\"article:author\" content=\"https:\/\/www.facebook.com\/ExaudiNoticias\/\" \/>\n<meta property=\"article:published_time\" content=\"2022-12-07T12:50:44+00:00\" \/>\n<meta property=\"article:modified_time\" content=\"2022-12-07T12:58:22+00:00\" \/>\n<meta property=\"og:image\" content=\"https:\/\/exaudi.org\/wp-content\/uploads\/2022\/12\/pexels-andrea-piacquadio-937690-scaled.jpg\" \/>\n\t<meta property=\"og:image:width\" content=\"2560\" \/>\n\t<meta property=\"og:image:height\" content=\"1665\" \/>\n\t<meta property=\"og:image:type\" content=\"image\/jpeg\" \/>\n<meta name=\"author\" content=\"Exaudi Redacci\u00f3n\" \/>\n<meta name=\"twitter:card\" content=\"summary_large_image\" \/>\n<meta name=\"twitter:creator\" content=\"@Exaudi_noticias\" \/>\n<meta name=\"twitter:site\" content=\"@Exaudi_News\" \/>\n<meta name=\"twitter:label1\" content=\"Escrito por\" \/>\n\t<meta name=\"twitter:data1\" content=\"Exaudi Redacci\u00f3n\" \/>\n\t<meta name=\"twitter:label2\" content=\"Tiempo de lectura\" \/>\n\t<meta name=\"twitter:data2\" content=\"2 minutos\" \/>\n<script type=\"application\/ld+json\" class=\"yoast-schema-graph\">{\"@context\":\"https:\\\/\\\/schema.org\",\"@graph\":[{\"@type\":\"Article\",\"@id\":\"https:\\\/\\\/exaudi.org\\\/es\\\/nueva-reunion-del-consejo-de-cardenales\\\/#article\",\"isPartOf\":{\"@id\":\"https:\\\/\\\/exaudi.org\\\/es\\\/nueva-reunion-del-consejo-de-cardenales\\\/\"},\"author\":{\"name\":\"Exaudi Redacci\u00f3n\",\"@id\":\"https:\\\/\\\/exaudi.org\\\/#\\\/schema\\\/person\\\/f5fc8f063065e38742da7afe15f25df7\"},\"headline\":\"Nueva reuni\u00f3n del Consejo de Cardenales\",\"datePublished\":\"2022-12-07T12:50:44+00:00\",\"dateModified\":\"2022-12-07T12:58:22+00:00\",\"mainEntityOfPage\":{\"@id\":\"https:\\\/\\\/exaudi.org\\\/es\\\/nueva-reunion-del-consejo-de-cardenales\\\/\"},\"wordCount\":458,\"image\":{\"@id\":\"https:\\\/\\\/exaudi.org\\\/es\\\/nueva-reunion-del-consejo-de-cardenales\\\/#primaryimage\"},\"thumbnailUrl\":\"https:\\\/\\\/exaudi.org\\\/wp-content\\\/uploads\\\/2022\\\/12\\\/pexels-andrea-piacquadio-937690-scaled.jpg\",\"keywords\":[\"Consejo de Cardenales\",\"papa francisco\",\"Sinodo\",\"Trending\"],\"articleSection\":[\"Le\u00f3n XIV\"],\"inLanguage\":\"es\"},{\"@type\":\"WebPage\",\"@id\":\"https:\\\/\\\/exaudi.org\\\/es\\\/nueva-reunion-del-consejo-de-cardenales\\\/\",\"url\":\"https:\\\/\\\/exaudi.org\\\/es\\\/nueva-reunion-del-consejo-de-cardenales\\\/\",\"name\":\"Nueva reuni\u00f3n del Consejo de Cardenales &#8211; Exaudi\",\"isPartOf\":{\"@id\":\"https:\\\/\\\/exaudi.org\\\/#website\"},\"primaryImageOfPage\":{\"@id\":\"https:\\\/\\\/exaudi.org\\\/es\\\/nueva-reunion-del-consejo-de-cardenales\\\/#primaryimage\"},\"image\":{\"@id\":\"https:\\\/\\\/exaudi.org\\\/es\\\/nueva-reunion-del-consejo-de-cardenales\\\/#primaryimage\"},\"thumbnailUrl\":\"https:\\\/\\\/exaudi.org\\\/wp-content\\\/uploads\\\/2022\\\/12\\\/pexels-andrea-piacquadio-937690-scaled.jpg\",\"datePublished\":\"2022-12-07T12:50:44+00:00\",\"dateModified\":\"2022-12-07T12:58:22+00:00\",\"author\":{\"@id\":\"https:\\\/\\\/exaudi.org\\\/#\\\/schema\\\/person\\\/f5fc8f063065e38742da7afe15f25df7\"},\"breadcrumb\":{\"@id\":\"https:\\\/\\\/exaudi.org\\\/es\\\/nueva-reunion-del-consejo-de-cardenales\\\/#breadcrumb\"},\"inLanguage\":\"es\",\"potentialAction\":[{\"@type\":\"ReadAction\",\"target\":[\"https:\\\/\\\/exaudi.org\\\/es\\\/nueva-reunion-del-consejo-de-cardenales\\\/\"]}]},{\"@type\":\"ImageObject\",\"inLanguage\":\"es\",\"@id\":\"https:\\\/\\\/exaudi.org\\\/es\\\/nueva-reunion-del-consejo-de-cardenales\\\/#primaryimage\",\"url\":\"https:\\\/\\\/exaudi.org\\\/wp-content\\\/uploads\\\/2022\\\/12\\\/pexels-andrea-piacquadio-937690-scaled.jpg\",\"contentUrl\":\"https:\\\/\\\/exaudi.org\\\/wp-content\\\/uploads\\\/2022\\\/12\\\/pexels-andrea-piacquadio-937690-scaled.jpg\",\"width\":2560,\"height\":1665,\"caption\":\"Vaticano \u00a9 Pexels. Andrea Piacquadio\"},{\"@type\":\"BreadcrumbList\",\"@id\":\"https:\\\/\\\/exaudi.org\\\/es\\\/nueva-reunion-del-consejo-de-cardenales\\\/#breadcrumb\",\"itemListElement\":[{\"@type\":\"ListItem\",\"position\":1,\"name\":\"Portada\",\"item\":\"https:\\\/\\\/exaudi.org\\\/es\\\/\"},{\"@type\":\"ListItem\",\"position\":2,\"name\":\"Nueva reuni\u00f3n del Consejo de Cardenales\"}]},{\"@type\":\"WebSite\",\"@id\":\"https:\\\/\\\/exaudi.org\\\/#website\",\"url\":\"https:\\\/\\\/exaudi.org\\\/\",\"name\":\"Exaudi\",\"description\":\"News\",\"potentialAction\":[{\"@type\":\"SearchAction\",\"target\":{\"@type\":\"EntryPoint\",\"urlTemplate\":\"https:\\\/\\\/exaudi.org\\\/?s={search_term_string}\"},\"query-input\":{\"@type\":\"PropertyValueSpecification\",\"valueRequired\":true,\"valueName\":\"search_term_string\"}}],\"inLanguage\":\"es\"},{\"@type\":\"Person\",\"@id\":\"https:\\\/\\\/exaudi.org\\\/#\\\/schema\\\/person\\\/f5fc8f063065e38742da7afe15f25df7\",\"name\":\"Exaudi Redacci\u00f3n\",\"image\":{\"@type\":\"ImageObject\",\"inLanguage\":\"es\",\"@id\":\"https:\\\/\\\/secure.gravatar.com\\\/avatar\\\/fe0f6a059fb68d9b3e11bc5850dd4899b1c7492091a3cb6dd9b01b56ad828be2?s=96&d=mm&r=g\",\"url\":\"https:\\\/\\\/secure.gravatar.com\\\/avatar\\\/fe0f6a059fb68d9b3e11bc5850dd4899b1c7492091a3cb6dd9b01b56ad828be2?s=96&d=mm&r=g\",\"contentUrl\":\"https:\\\/\\\/secure.gravatar.com\\\/avatar\\\/fe0f6a059fb68d9b3e11bc5850dd4899b1c7492091a3cb6dd9b01b56ad828be2?s=96&d=mm&r=g\",\"caption\":\"Exaudi Redacci\u00f3n\"},\"description\":\"\u00bfQu\u00e9 es Exaudi News? Exaudi News es un medio de comunicaci\u00f3n cat\u00f3lico internacional que informa, forma y transforma, diariamente en espa\u00f1ol, ingl\u00e9s e italiano. A trav\u00e9s de noticias, art\u00edculos de an\u00e1lisis y transmisiones en directo de los eventos del Papa, Exaudi busca fortalecer la unidad de los cristianos y contribuir a la evangelizaci\u00f3n del mundo, siempre guiados por la doctrina social de la Iglesia. Trabajamos para acercar la verdad y los valores cristianos a cada rinc\u00f3n del planeta. \u00a1Ay\u00fadanos a transformar el mundo con Exaudi! En Exaudi creemos que la evangelizaci\u00f3n y la informaci\u00f3n de calidad pueden cambiar vidas. Para continuar con nuestra misi\u00f3n y expandir nuestro alcance, necesitamos tu ayuda. Adem\u00e1s, buscamos personas comprometidas que deseen unirse a nuestro equipo. Con tu apoyo, lograremos llegar a m\u00e1s personas, difundir el mensaje de Cristo y reforzar la unidad de los cristianos. \u00bfTe unes a nuestra misi\u00f3n? Para m\u00e1s informaci\u00f3n sobre c\u00f3mo colaborar, visita Exaudi.org\\\/es o cont\u00e1ctanos directamente: info@exaudi.org Exaudi: Informa, forma y transforma.\",\"sameAs\":[\"https:\\\/\\\/www.facebook.com\\\/ExaudiNoticias\\\/\",\"https:\\\/\\\/www.instagram.com\\\/exaudi_noticias\\\/\",\"https:\\\/\\\/x.com\\\/Exaudi_noticias\",\"https:\\\/\\\/www.youtube.com\\\/@exaudicatholicnews\"],\"url\":\"https:\\\/\\\/exaudi.org\\\/es\\\/author\\\/redaccionexaudi\\\/\"}]}<\/script>\n<!-- \/ Yoast SEO plugin. -->","yoast_head_json":{"title":"Nueva reuni\u00f3n del Consejo de Cardenales &#8211; Exaudi","robots":{"index":"index","follow":"follow","max-snippet":"max-snippet:-1","max-image-preview":"max-image-preview:large","max-video-preview":"max-video-preview:-1"},"canonical":"https:\/\/exaudi.org\/es\/nueva-reunion-del-consejo-de-cardenales\/","og_locale":"es_ES","og_type":"article","og_title":"Nueva reuni\u00f3n del Consejo de Cardenales &#8211; Exaudi","og_description":"La pr\u00f3xima reuni\u00f3n ser\u00e1 en abril","og_url":"https:\/\/exaudi.org\/es\/nueva-reunion-del-consejo-de-cardenales\/","og_site_name":"Exaudi","article_publisher":"https:\/\/www.facebook.com\/ExaudiNews","article_author":"https:\/\/www.facebook.com\/ExaudiNoticias\/","article_published_time":"2022-12-07T12:50:44+00:00","article_modified_time":"2022-12-07T12:58:22+00:00","og_image":[{"width":2560,"height":1665,"url":"https:\/\/exaudi.org\/wp-content\/uploads\/2022\/12\/pexels-andrea-piacquadio-937690-scaled.jpg","type":"image\/jpeg"}],"author":"Exaudi Redacci\u00f3n","twitter_card":"summary_large_image","twitter_creator":"@Exaudi_noticias","twitter_site":"@Exaudi_News","twitter_misc":{"Escrito por":"Exaudi Redacci\u00f3n","Tiempo de lectura":"2 minutos"},"schema":{"@context":"https:\/\/schema.org","@graph":[{"@type":"Article","@id":"https:\/\/exaudi.org\/es\/nueva-reunion-del-consejo-de-cardenales\/#article","isPartOf":{"@id":"https:\/\/exaudi.org\/es\/nueva-reunion-del-consejo-de-cardenales\/"},"author":{"name":"Exaudi Redacci\u00f3n","@id":"https:\/\/exaudi.org\/#\/schema\/person\/f5fc8f063065e38742da7afe15f25df7"},"headline":"Nueva reuni\u00f3n del Consejo de Cardenales","datePublished":"2022-12-07T12:50:44+00:00","dateModified":"2022-12-07T12:58:22+00:00","mainEntityOfPage":{"@id":"https:\/\/exaudi.org\/es\/nueva-reunion-del-consejo-de-cardenales\/"},"wordCount":458,"image":{"@id":"https:\/\/exaudi.org\/es\/nueva-reunion-del-consejo-de-cardenales\/#primaryimage"},"thumbnailUrl":"https:\/\/exaudi.org\/wp-content\/uploads\/2022\/12\/pexels-andrea-piacquadio-937690-scaled.jpg","keywords":["Consejo de Cardenales","papa francisco","Sinodo","Trending"],"articleSection":["Le\u00f3n XIV"],"inLanguage":"es"},{"@type":"WebPage","@id":"https:\/\/exaudi.org\/es\/nueva-reunion-del-consejo-de-cardenales\/","url":"https:\/\/exaudi.org\/es\/nueva-reunion-del-consejo-de-cardenales\/","name":"Nueva reuni\u00f3n del Consejo de Cardenales &#8211; Exaudi","isPartOf":{"@id":"https:\/\/exaudi.org\/#website"},"primaryImageOfPage":{"@id":"https:\/\/exaudi.org\/es\/nueva-reunion-del-consejo-de-cardenales\/#primaryimage"},"image":{"@id":"https:\/\/exaudi.org\/es\/nueva-reunion-del-consejo-de-cardenales\/#primaryimage"},"thumbnailUrl":"https:\/\/exaudi.org\/wp-content\/uploads\/2022\/12\/pexels-andrea-piacquadio-937690-scaled.jpg","datePublished":"2022-12-07T12:50:44+00:00","dateModified":"2022-12-07T12:58:22+00:00","author":{"@id":"https:\/\/exaudi.org\/#\/schema\/person\/f5fc8f063065e38742da7afe15f25df7"},"breadcrumb":{"@id":"https:\/\/exaudi.org\/es\/nueva-reunion-del-consejo-de-cardenales\/#breadcrumb"},"inLanguage":"es","potentialAction":[{"@type":"ReadAction","target":["https:\/\/exaudi.org\/es\/nueva-reunion-del-consejo-de-cardenales\/"]}]},{"@type":"ImageObject","inLanguage":"es","@id":"https:\/\/exaudi.org\/es\/nueva-reunion-del-consejo-de-cardenales\/#primaryimage","url":"https:\/\/exaudi.org\/wp-content\/uploads\/2022\/12\/pexels-andrea-piacquadio-937690-scaled.jpg","contentUrl":"https:\/\/exaudi.org\/wp-content\/uploads\/2022\/12\/pexels-andrea-piacquadio-937690-scaled.jpg","width":2560,"height":1665,"caption":"Vaticano \u00a9 Pexels. Andrea Piacquadio"},{"@type":"BreadcrumbList","@id":"https:\/\/exaudi.org\/es\/nueva-reunion-del-consejo-de-cardenales\/#breadcrumb","itemListElement":[{"@type":"ListItem","position":1,"name":"Portada","item":"https:\/\/exaudi.org\/es\/"},{"@type":"ListItem","position":2,"name":"Nueva reuni\u00f3n del Consejo de Cardenales"}]},{"@type":"WebSite","@id":"https:\/\/exaudi.org\/#website","url":"https:\/\/exaudi.org\/","name":"Exaudi","description":"News","potentialAction":[{"@type":"SearchAction","target":{"@type":"EntryPoint","urlTemplate":"https:\/\/exaudi.org\/?s={search_term_string}"},"query-input":{"@type":"PropertyValueSpecification","valueRequired":true,"valueName":"search_term_string"}}],"inLanguage":"es"},{"@type":"Person","@id":"https:\/\/exaudi.org\/#\/schema\/person\/f5fc8f063065e38742da7afe15f25df7","name":"Exaudi Redacci\u00f3n","image":{"@type":"ImageObject","inLanguage":"es","@id":"https:\/\/secure.gravatar.com\/avatar\/fe0f6a059fb68d9b3e11bc5850dd4899b1c7492091a3cb6dd9b01b56ad828be2?s=96&d=mm&r=g","url":"https:\/\/secure.gravatar.com\/avatar\/fe0f6a059fb68d9b3e11bc5850dd4899b1c7492091a3cb6dd9b01b56ad828be2?s=96&d=mm&r=g","contentUrl":"https:\/\/secure.gravatar.com\/avatar\/fe0f6a059fb68d9b3e11bc5850dd4899b1c7492091a3cb6dd9b01b56ad828be2?s=96&d=mm&r=g","caption":"Exaudi Redacci\u00f3n"},"description":"\u00bfQu\u00e9 es Exaudi News? Exaudi News es un medio de comunicaci\u00f3n cat\u00f3lico internacional que informa, forma y transforma, diariamente en espa\u00f1ol, ingl\u00e9s e italiano. A trav\u00e9s de noticias, art\u00edculos de an\u00e1lisis y transmisiones en directo de los eventos del Papa, Exaudi busca fortalecer la unidad de los cristianos y contribuir a la evangelizaci\u00f3n del mundo, siempre guiados por la doctrina social de la Iglesia. Trabajamos para acercar la verdad y los valores cristianos a cada rinc\u00f3n del planeta. \u00a1Ay\u00fadanos a transformar el mundo con Exaudi! En Exaudi creemos que la evangelizaci\u00f3n y la informaci\u00f3n de calidad pueden cambiar vidas. Para continuar con nuestra misi\u00f3n y expandir nuestro alcance, necesitamos tu ayuda. Adem\u00e1s, buscamos personas comprometidas que deseen unirse a nuestro equipo. Con tu apoyo, lograremos llegar a m\u00e1s personas, difundir el mensaje de Cristo y reforzar la unidad de los cristianos. \u00bfTe unes a nuestra misi\u00f3n? Para m\u00e1s informaci\u00f3n sobre c\u00f3mo colaborar, visita Exaudi.org\/es o cont\u00e1ctanos directamente: info@exaudi.org Exaudi: Informa, forma y transforma.","sameAs":["https:\/\/www.facebook.com\/ExaudiNoticias\/","https:\/\/www.instagram.com\/exaudi_noticias\/","https:\/\/x.com\/Exaudi_noticias","https:\/\/www.youtube.com\/@exaudicatholicnews"],"url":"https:\/\/exaudi.org\/es\/author\/redaccionexaudi\/"}]}},"jetpack_featured_media_url":"https:\/\/exaudi.org\/wp-content\/uploads\/2022\/12\/pexels-andrea-piacquadio-937690-scaled.jpg","jetpack_shortlink":"https:\/\/wp.me\/pgKjF2-hkT","_links":{"self":[{"href":"https:\/\/exaudi.org\/es\/wp-json\/wp\/v2\/posts\/66643","targetHints":{"allow":["GET"]}}],"collection":[{"href":"https:\/\/exaudi.org\/es\/wp-json\/wp\/v2\/posts"}],"about":[{"href":"https:\/\/exaudi.org\/es\/wp-json\/wp\/v2\/types\/post"}],"author":[{"embeddable":true,"href":"https:\/\/exaudi.org\/es\/wp-json\/wp\/v2\/users\/15"}],"replies":[{"embeddable":true,"href":"https:\/\/exaudi.org\/es\/wp-json\/wp\/v2\/comments?post=66643"}],"version-history":[{"count":0,"href":"https:\/\/exaudi.org\/es\/wp-json\/wp\/v2\/posts\/66643\/revisions"}],"wp:featuredmedia":[{"embeddable":true,"href":"https:\/\/exaudi.org\/es\/wp-json\/wp\/v2\/media\/66622"}],"wp:attachment":[{"href":"https:\/\/exaudi.org\/es\/wp-json\/wp\/v2\/media?parent=66643"}],"wp:term":[{"taxonomy":"category","embeddable":true,"href":"https:\/\/exaudi.org\/es\/wp-json\/wp\/v2\/categories?post=66643"},{"taxonomy":"post_tag","embeddable":true,"href":"https:\/\/exaudi.org\/es\/wp-json\/wp\/v2\/tags?post=66643"}],"curies":[{"name":"wp","href":"https:\/\/api.w.org\/{rel}","templated":true}]}}