{"id":66379,"date":"2022-12-01T10:45:30","date_gmt":"2022-12-01T09:45:30","guid":{"rendered":"https:\/\/exaudi.org\/?p=66379"},"modified":"2022-12-01T10:45:30","modified_gmt":"2022-12-01T09:45:30","slug":"isaias-y-juan-bautista-reflexion-de-mons-enrique-diaz","status":"publish","type":"post","link":"https:\/\/exaudi.org\/es\/isaias-y-juan-bautista-reflexion-de-mons-enrique-diaz\/","title":{"rendered":"Isa\u00edas y Juan Bautista: Reflexi\u00f3n de Mons. Enrique D\u00edaz"},"content":{"rendered":"<p><a href=\"https:\/\/exaudi.org\/es\/author\/enriquediaz\/\">Mons. Enrique D\u00edaz D\u00edaz<\/a> comparte con los lectores de Exaudi su reflexi\u00f3n sobre el Evangelio del pr\u00f3ximo, <a href=\"https:\/\/www.dominicos.org\/predicacion\/homilia\/4-12-2022\/lecturas\/\" target=\"_blank\" rel=\"noopener\">Domingo, 4 diciembre de 2022<\/a> titulado: \u201cIsa\u00edas y Juan Bautista\u201d.<\/p>\n<p>***<\/p>\n<p>Isa\u00edas 11, 1-10: <em>\u201cLes har\u00e1 justicia a los pobres\u201d<\/em><\/p>\n<p>Salmo 71: <em>\u201cVen, rey de justicia y de paz\u201d<\/em><\/p>\n<p><em>\u00a0<\/em>Romanos 15, 4-9: <em>\u201cCristo salv\u00f3 a todos los hombres\u201d<\/em><\/p>\n<p><em>\u00a0<\/em>San Mateo 3, 1-12: <em>\u201cConvi\u00e9rtanse porque ya est\u00e1 cerca el Reino de los cielos\u201d<\/em><\/p>\n<p>Un d\u00eda tras otro nos sorprenden nuevas\u00a0 noticias de corrupci\u00f3n, violencia y fraudes escandalosos. No son hechos que hayan brotado de pronto entre nosotros, sino el resultado lamentable de una contradicci\u00f3n que ha acompa\u00f1ado el desarrollo de esta sociedad desde hace muchos a\u00f1os. Se ha llegado a la incongruencia de aducir razones religiosas y morales para formar grupos delictivos. Y si bien se dicen defensores de la verdad y de la justicia, en la pr\u00e1ctica utilizan la extorsi\u00f3n, los plagios, los asesinatos y los robos como m\u00e9todos para imponer su autoridad. Vivimos en la ley de la selva. Por desgracia, esta corrupci\u00f3n y esta mentalidad que condenamos se propaga y se justifica en muchos sitios.<\/p>\n<p>En el segundo domingo de adviento se alzan dos grandes profetas que buscan sacarnos de este ambiente de corrupci\u00f3n: Isa\u00edas y San Juan bautista. Lejos de la corte, lejos del templo, lejos de los grandes negocios, se presenta la figura enigm\u00e1tica y provocativa del Bautista. <em>\u201cEn el desierto\u2026\u201d<\/em> \u00a1Como si no hubiera mejores lugares para iniciar la predicaci\u00f3n! Pero es el desierto precisamente el lugar para encontrarse con Dios, es el lugar del silencio, el lugar de la autenticidad, el lugar de mirar al interior y descubrir en el fondo de nosotros mismos que Dios est\u00e1 llenando de misericordia y de amor nuestro coraz\u00f3n. Y, desde el desierto, hace tronar su voz exigiendo conversi\u00f3n, preparaci\u00f3n de los caminos, rectitud de los senderos. Sorprendentemente acuden multitudes a confesar sus pecados y a recibir el bautismo. Hay sed de Dios, pero se requiere el mirar el interior, hacer el silencio. Y acuden tambi\u00e9n fariseos y saduceos, pero no han abierto el coraz\u00f3n, no se han convertido y quieren recibir ritos, sin cambiar el coraz\u00f3n. <em>\u201cRaza de v\u00edboras\u201d<\/em>, es la respuesta del Bautista\u2026 Juan es como un aguij\u00f3n que quiere lanzarnos al encuentro del Se\u00f1or que ya llega. Adviento se traduce as\u00ed en un salir al encuentro, en enderezar el camino, en abrir el coraz\u00f3n. Nosotros en este Adviento, \u00bfbuscaremos la verdadera conversi\u00f3n o nos conformaremos con celebraciones y ritos externos para adormilar la conciencia? \u00bfSeguiremos viviendo en la injusticia y en la mentira?<\/p>\n<p>Isa\u00edas se acerca tambi\u00e9n hasta nosotros en este inicio de Adviento para despertar nuestros corazones y alentar nuestra esperanza. Con un gran poema mesi\u00e1nico lleno de s\u00edmbolos c\u00f3smicos, vegetales y animales, Isa\u00edas canta una paz definitiva, pregona un nuevo para\u00edso. Para quienes han ca\u00eddo en la desesperanza y s\u00f3lo expresan sus lamentos y quejas, presenta el \u201crenuevo que florecer\u00e1 del tronco de Jes\u00e9\u201d. Es cierto, la dinast\u00eda de David se ha perdido en el pecado y la idolatr\u00eda, pero el Se\u00f1or no abandona a su pueblo y suscita un nuevo \u201cV\u00e1stago\u201d. Como de un a\u00f1oso tronco que ya daban por acabado, renace la esperanza en este nuevo brote que est\u00e1 acompa\u00f1ado por el Esp\u00edritu del Se\u00f1or. Pero la paz se construye con la verdad y con la sabidur\u00eda que calan en la vida diaria, en el compromiso con el hermano, en la rectitud de intenciones. Y aqu\u00ed tendremos que reflexionar nosotros si estamos aceptando y recibiendo a este nuevo \u201cV\u00e1stago\u201d, pues \u201cno juzgar\u00e1 por apariencias, ni sentenciar\u00e1 de o\u00eddas\u201d. A nosotros que tanto nos gustan las apariencias y nos hacemos fuertes en palabras bonitas, debe calarnos hondo este nuevo modo de juzgar. Isa\u00edas desciende a detalles para que no nos equivoquemos y exige justicia al desamparado, sentencia equitativa al pobre, herida al violento y destrucci\u00f3n del imp\u00edo. Son las caracter\u00edsticas de este nuevo Rey que brota del a\u00f1oso tronco de David y renueva toda la esperanza de Israel, pero que tambi\u00e9n en nosotros despierta el deseo de ese gobierno justo y posible.<\/p>\n<p>Los sue\u00f1os de Isa\u00edas no terminan en destrucci\u00f3n de la violencia y en la aniquilaci\u00f3n del malvado, sue\u00f1a Isa\u00edas con un mundo id\u00edlico expresado en la convivencia pac\u00edfica de parejas de animales, cada una de ellas representada por un animal dom\u00e9stico y uno salvaje, para despu\u00e9s colocar en medio de ellos y superando todo peligro y adversidad, el muchachito que los apacienta o el ni\u00f1o que juega inocente en el agujero de la v\u00edbora sin recibir ning\u00fan da\u00f1o. As\u00ed, destruidos los malvados, amansadas las fieras y superada la irreconciliable enemistad con la serpiente y la descendencia de la mujer, se vive esta paz nueva, construida desde el interior de las personas. Cambio revolucionario para poder construir la justicia y la verdad. Es el mismo cambio revolucionario e interior que nos exige Juan Bautista cuando sigue gritando a nuestros o\u00eddos: \u201cConvi\u00e9rtanse, porque ya est\u00e1 cerca el Reino de los cielos\u201d. Esto es lo primero que necesitamos tambi\u00e9n: convertirnos sinceramente a Dios, volver a Jes\u00fas, abrirle caminos en el mundo y en nuestras comunidades\u2026 Sin verdadera conversi\u00f3n los sue\u00f1os de Isa\u00edas, se desvanecen y se pierden en puros buenos prop\u00f3sitos.<\/p>\n<p>El canto de Isa\u00edas y las palabras de Juan son \u00a0interpelaci\u00f3n y buena noticia: la paz es posible si aprendemos a vivir en solidaridad, si luchamos porque la justicia y la verdad lleguen a todos los pobres. Si, como dice San Pablo, vivimos en armon\u00eda y nos acogemos los unos a los otros, ciertamente se va haciendo realidad la promesa de Dios hecha a su pueblo. El Se\u00f1or es quien construye la paz. La \u00fanica manera verdadera de celebrar la Navidad ser\u00e1 cuando nos hayamos convertido, cuando el hombre se descubra necesitado y abra su coraz\u00f3n. \u00bfEs posible romper nuestro caparaz\u00f3n de individualismo y ego\u00edsmo para abrirnos a los dem\u00e1s? \u00bfEstamos dispuestos a construir un mundo nuevo? \u00bfQu\u00e9 necesitamos para reestablecer relaci\u00f3n con Dios, con los dem\u00e1s, con la naturaleza?<\/p>\n<p><em>\u00a0<\/em><em>Padre bueno, que exiges conversi\u00f3n para prepararnos al nacimiento de tu Hijo Jes\u00fas, conc\u00e9denos construir los caminos de justicia y de paz que hagan posible el mundo de fraternidad anunciado por tus profetas. Am\u00e9n.<\/em><\/p>\n","protected":false},"excerpt":{"rendered":"<p>II Domingo de Adviento<\/p>\n","protected":false},"author":25,"featured_media":66382,"comment_status":"closed","ping_status":"closed","sticky":false,"template":"","format":"standard","meta":{"_acf_changed":false,"_crdt_document":"","inline_featured_image":false,"footnotes":""},"categories":[96],"tags":[5654,4953],"class_list":["post-66379","post","type-post","status-publish","format-standard","has-post-thumbnail","hentry","category-espiritualidad","tag-enrique-diaz","tag-trending-es"],"acf":[],"yoast_head":"<!-- This site is optimized with the Yoast SEO plugin v27.4 - https:\/\/yoast.com\/product\/yoast-seo-wordpress\/ -->\n<title>Isa\u00edas y Juan Bautista: Reflexi\u00f3n de Mons. Enrique D\u00edaz &#8211; Exaudi<\/title>\n<meta name=\"robots\" content=\"index, follow, max-snippet:-1, max-image-preview:large, max-video-preview:-1\" \/>\n<link rel=\"canonical\" href=\"https:\/\/exaudi.org\/es\/isaias-y-juan-bautista-reflexion-de-mons-enrique-diaz\/\" \/>\n<meta property=\"og:locale\" content=\"es_ES\" \/>\n<meta property=\"og:type\" content=\"article\" \/>\n<meta property=\"og:title\" content=\"Isa\u00edas y Juan Bautista: Reflexi\u00f3n de Mons. Enrique D\u00edaz &#8211; Exaudi\" \/>\n<meta property=\"og:description\" content=\"II Domingo de Adviento\" \/>\n<meta property=\"og:url\" content=\"https:\/\/exaudi.org\/es\/isaias-y-juan-bautista-reflexion-de-mons-enrique-diaz\/\" \/>\n<meta property=\"og:site_name\" content=\"Exaudi\" \/>\n<meta property=\"article:publisher\" content=\"https:\/\/www.facebook.com\/ExaudiNews\" \/>\n<meta property=\"article:published_time\" content=\"2022-12-01T09:45:30+00:00\" \/>\n<meta property=\"og:image\" content=\"https:\/\/exaudi.org\/wp-content\/uploads\/2022\/12\/Desierto-scaled.jpg\" \/>\n\t<meta property=\"og:image:width\" content=\"2560\" \/>\n\t<meta property=\"og:image:height\" content=\"1433\" \/>\n\t<meta property=\"og:image:type\" content=\"image\/jpeg\" \/>\n<meta name=\"author\" content=\"Enrique D\u00edaz\" \/>\n<meta name=\"twitter:card\" content=\"summary_large_image\" \/>\n<meta name=\"twitter:creator\" content=\"@Exaudi_News\" \/>\n<meta name=\"twitter:site\" content=\"@Exaudi_News\" \/>\n<meta name=\"twitter:label1\" content=\"Escrito por\" \/>\n\t<meta name=\"twitter:data1\" content=\"Enrique D\u00edaz\" \/>\n\t<meta name=\"twitter:label2\" content=\"Tiempo de lectura\" \/>\n\t<meta name=\"twitter:data2\" content=\"6 minutos\" \/>\n<script type=\"application\/ld+json\" class=\"yoast-schema-graph\">{\"@context\":\"https:\\\/\\\/schema.org\",\"@graph\":[{\"@type\":\"Article\",\"@id\":\"https:\\\/\\\/exaudi.org\\\/es\\\/isaias-y-juan-bautista-reflexion-de-mons-enrique-diaz\\\/#article\",\"isPartOf\":{\"@id\":\"https:\\\/\\\/exaudi.org\\\/es\\\/isaias-y-juan-bautista-reflexion-de-mons-enrique-diaz\\\/\"},\"author\":{\"name\":\"Enrique D\u00edaz\",\"@id\":\"https:\\\/\\\/exaudi.org\\\/#\\\/schema\\\/person\\\/c02ffbd10830fa375f6882f7dcf1844d\"},\"headline\":\"Isa\u00edas y Juan Bautista: Reflexi\u00f3n de Mons. Enrique D\u00edaz\",\"datePublished\":\"2022-12-01T09:45:30+00:00\",\"mainEntityOfPage\":{\"@id\":\"https:\\\/\\\/exaudi.org\\\/es\\\/isaias-y-juan-bautista-reflexion-de-mons-enrique-diaz\\\/\"},\"wordCount\":1127,\"image\":{\"@id\":\"https:\\\/\\\/exaudi.org\\\/es\\\/isaias-y-juan-bautista-reflexion-de-mons-enrique-diaz\\\/#primaryimage\"},\"thumbnailUrl\":\"https:\\\/\\\/exaudi.org\\\/wp-content\\\/uploads\\\/2022\\\/12\\\/Desierto-scaled.jpg\",\"keywords\":[\"Enrique D\u00edaz\",\"Trending\"],\"articleSection\":[\"Espiritualidad\"],\"inLanguage\":\"es\"},{\"@type\":\"WebPage\",\"@id\":\"https:\\\/\\\/exaudi.org\\\/es\\\/isaias-y-juan-bautista-reflexion-de-mons-enrique-diaz\\\/\",\"url\":\"https:\\\/\\\/exaudi.org\\\/es\\\/isaias-y-juan-bautista-reflexion-de-mons-enrique-diaz\\\/\",\"name\":\"Isa\u00edas y Juan Bautista: Reflexi\u00f3n de Mons. Enrique D\u00edaz &#8211; Exaudi\",\"isPartOf\":{\"@id\":\"https:\\\/\\\/exaudi.org\\\/#website\"},\"primaryImageOfPage\":{\"@id\":\"https:\\\/\\\/exaudi.org\\\/es\\\/isaias-y-juan-bautista-reflexion-de-mons-enrique-diaz\\\/#primaryimage\"},\"image\":{\"@id\":\"https:\\\/\\\/exaudi.org\\\/es\\\/isaias-y-juan-bautista-reflexion-de-mons-enrique-diaz\\\/#primaryimage\"},\"thumbnailUrl\":\"https:\\\/\\\/exaudi.org\\\/wp-content\\\/uploads\\\/2022\\\/12\\\/Desierto-scaled.jpg\",\"datePublished\":\"2022-12-01T09:45:30+00:00\",\"author\":{\"@id\":\"https:\\\/\\\/exaudi.org\\\/#\\\/schema\\\/person\\\/c02ffbd10830fa375f6882f7dcf1844d\"},\"breadcrumb\":{\"@id\":\"https:\\\/\\\/exaudi.org\\\/es\\\/isaias-y-juan-bautista-reflexion-de-mons-enrique-diaz\\\/#breadcrumb\"},\"inLanguage\":\"es\",\"potentialAction\":[{\"@type\":\"ReadAction\",\"target\":[\"https:\\\/\\\/exaudi.org\\\/es\\\/isaias-y-juan-bautista-reflexion-de-mons-enrique-diaz\\\/\"]}]},{\"@type\":\"ImageObject\",\"inLanguage\":\"es\",\"@id\":\"https:\\\/\\\/exaudi.org\\\/es\\\/isaias-y-juan-bautista-reflexion-de-mons-enrique-diaz\\\/#primaryimage\",\"url\":\"https:\\\/\\\/exaudi.org\\\/wp-content\\\/uploads\\\/2022\\\/12\\\/Desierto-scaled.jpg\",\"contentUrl\":\"https:\\\/\\\/exaudi.org\\\/wp-content\\\/uploads\\\/2022\\\/12\\\/Desierto-scaled.jpg\",\"width\":2560,\"height\":1433,\"caption\":\"Desierto Cathopic\"},{\"@type\":\"BreadcrumbList\",\"@id\":\"https:\\\/\\\/exaudi.org\\\/es\\\/isaias-y-juan-bautista-reflexion-de-mons-enrique-diaz\\\/#breadcrumb\",\"itemListElement\":[{\"@type\":\"ListItem\",\"position\":1,\"name\":\"Portada\",\"item\":\"https:\\\/\\\/exaudi.org\\\/es\\\/\"},{\"@type\":\"ListItem\",\"position\":2,\"name\":\"Isa\u00edas y Juan Bautista: Reflexi\u00f3n de Mons. Enrique D\u00edaz\"}]},{\"@type\":\"WebSite\",\"@id\":\"https:\\\/\\\/exaudi.org\\\/#website\",\"url\":\"https:\\\/\\\/exaudi.org\\\/\",\"name\":\"Exaudi\",\"description\":\"News\",\"potentialAction\":[{\"@type\":\"SearchAction\",\"target\":{\"@type\":\"EntryPoint\",\"urlTemplate\":\"https:\\\/\\\/exaudi.org\\\/?s={search_term_string}\"},\"query-input\":{\"@type\":\"PropertyValueSpecification\",\"valueRequired\":true,\"valueName\":\"search_term_string\"}}],\"inLanguage\":\"es\"},{\"@type\":\"Person\",\"@id\":\"https:\\\/\\\/exaudi.org\\\/#\\\/schema\\\/person\\\/c02ffbd10830fa375f6882f7dcf1844d\",\"name\":\"Enrique D\u00edaz\",\"image\":{\"@type\":\"ImageObject\",\"inLanguage\":\"es\",\"@id\":\"https:\\\/\\\/secure.gravatar.com\\\/avatar\\\/7ca10be5325a95d04b74082d68ba605aa69611eb0f68f47096cb1bc349873284?s=96&d=mm&r=g\",\"url\":\"https:\\\/\\\/secure.gravatar.com\\\/avatar\\\/7ca10be5325a95d04b74082d68ba605aa69611eb0f68f47096cb1bc349873284?s=96&d=mm&r=g\",\"contentUrl\":\"https:\\\/\\\/secure.gravatar.com\\\/avatar\\\/7ca10be5325a95d04b74082d68ba605aa69611eb0f68f47096cb1bc349873284?s=96&d=mm&r=g\",\"caption\":\"Enrique D\u00edaz\"},\"description\":\"Naci\u00f3 en Huandacareo, Michoac\u00e1n, M\u00e9xico, en 1952. Realiz\u00f3 sus estudios de Filosof\u00eda y Teolog\u00eda en el Seminario de Morelia. Ordenado di\u00e1cono el 22 de mayo de 1977, y presb\u00edtero el 23 de octubre del mismo a\u00f1o. Obtuvo la Licenciatura en Sagrada Escritura en el Pontificio Instituto B\u00edblico en Roma. Ha desarrollado m\u00faltiples encargos pastorales como el de capell\u00e1n de la rector\u00eda de las Tres Aves Mar\u00edas; responsable de la Pastoral B\u00edblica Diocesana y director de la Escuela B\u00edblica en Morelia; maestro de Biblia en el Seminario Conciliar de Morelia, p\u00e1rroco de la Parroquia de Nuestra Se\u00f1ora de Guadalupe, Col. Guadalupe, Morelia; o vicario episcopal para la Zona de Nuestra Se\u00f1ora de la Luz, P\u00e1tzcuaro. Ordenado obispo auxiliar de san Crist\u00f3bal de las Casas en 2003. En la Conferencia Episcopal form\u00f3 parte de las Comisiones de Biblia, Diaconado y Ministerios Laicales. Fue responsable de las Dimensiones de Ministerios Laicales, de Educaci\u00f3n y Cultura. Ha participado en encuentros latinoamericanos y mundiales sobre el Diaconado Permanente. Actualmente es el responsable de la Dimensi\u00f3n de Pastoral de la Cultura. Particip\u00f3 como Miembro del S\u00ednodo de Obispos sobre la Palabra de Dios en la Vida y Misi\u00f3n de la Iglesia en Roma, en 2008. Recibi\u00f3 el nombramiento de obispo coadjutor de San Crist\u00f3bal de las Casas en 2014. Nombrado II obispo de Irapuato el d\u00eda 11 de marzo, tom\u00f3 posesi\u00f3n el 19 de Mayo. Colabora en varias revistas y publicaciones sobre todo con la reflexi\u00f3n diaria y dominical tanto en audio como escrita.\",\"url\":\"https:\\\/\\\/exaudi.org\\\/es\\\/author\\\/enriquediaz\\\/\"}]}<\/script>\n<!-- \/ Yoast SEO plugin. -->","yoast_head_json":{"title":"Isa\u00edas y Juan Bautista: Reflexi\u00f3n de Mons. Enrique D\u00edaz &#8211; Exaudi","robots":{"index":"index","follow":"follow","max-snippet":"max-snippet:-1","max-image-preview":"max-image-preview:large","max-video-preview":"max-video-preview:-1"},"canonical":"https:\/\/exaudi.org\/es\/isaias-y-juan-bautista-reflexion-de-mons-enrique-diaz\/","og_locale":"es_ES","og_type":"article","og_title":"Isa\u00edas y Juan Bautista: Reflexi\u00f3n de Mons. Enrique D\u00edaz &#8211; Exaudi","og_description":"II Domingo de Adviento","og_url":"https:\/\/exaudi.org\/es\/isaias-y-juan-bautista-reflexion-de-mons-enrique-diaz\/","og_site_name":"Exaudi","article_publisher":"https:\/\/www.facebook.com\/ExaudiNews","article_published_time":"2022-12-01T09:45:30+00:00","og_image":[{"width":2560,"height":1433,"url":"https:\/\/exaudi.org\/wp-content\/uploads\/2022\/12\/Desierto-scaled.jpg","type":"image\/jpeg"}],"author":"Enrique D\u00edaz","twitter_card":"summary_large_image","twitter_creator":"@Exaudi_News","twitter_site":"@Exaudi_News","twitter_misc":{"Escrito por":"Enrique D\u00edaz","Tiempo de lectura":"6 minutos"},"schema":{"@context":"https:\/\/schema.org","@graph":[{"@type":"Article","@id":"https:\/\/exaudi.org\/es\/isaias-y-juan-bautista-reflexion-de-mons-enrique-diaz\/#article","isPartOf":{"@id":"https:\/\/exaudi.org\/es\/isaias-y-juan-bautista-reflexion-de-mons-enrique-diaz\/"},"author":{"name":"Enrique D\u00edaz","@id":"https:\/\/exaudi.org\/#\/schema\/person\/c02ffbd10830fa375f6882f7dcf1844d"},"headline":"Isa\u00edas y Juan Bautista: Reflexi\u00f3n de Mons. Enrique D\u00edaz","datePublished":"2022-12-01T09:45:30+00:00","mainEntityOfPage":{"@id":"https:\/\/exaudi.org\/es\/isaias-y-juan-bautista-reflexion-de-mons-enrique-diaz\/"},"wordCount":1127,"image":{"@id":"https:\/\/exaudi.org\/es\/isaias-y-juan-bautista-reflexion-de-mons-enrique-diaz\/#primaryimage"},"thumbnailUrl":"https:\/\/exaudi.org\/wp-content\/uploads\/2022\/12\/Desierto-scaled.jpg","keywords":["Enrique D\u00edaz","Trending"],"articleSection":["Espiritualidad"],"inLanguage":"es"},{"@type":"WebPage","@id":"https:\/\/exaudi.org\/es\/isaias-y-juan-bautista-reflexion-de-mons-enrique-diaz\/","url":"https:\/\/exaudi.org\/es\/isaias-y-juan-bautista-reflexion-de-mons-enrique-diaz\/","name":"Isa\u00edas y Juan Bautista: Reflexi\u00f3n de Mons. Enrique D\u00edaz &#8211; Exaudi","isPartOf":{"@id":"https:\/\/exaudi.org\/#website"},"primaryImageOfPage":{"@id":"https:\/\/exaudi.org\/es\/isaias-y-juan-bautista-reflexion-de-mons-enrique-diaz\/#primaryimage"},"image":{"@id":"https:\/\/exaudi.org\/es\/isaias-y-juan-bautista-reflexion-de-mons-enrique-diaz\/#primaryimage"},"thumbnailUrl":"https:\/\/exaudi.org\/wp-content\/uploads\/2022\/12\/Desierto-scaled.jpg","datePublished":"2022-12-01T09:45:30+00:00","author":{"@id":"https:\/\/exaudi.org\/#\/schema\/person\/c02ffbd10830fa375f6882f7dcf1844d"},"breadcrumb":{"@id":"https:\/\/exaudi.org\/es\/isaias-y-juan-bautista-reflexion-de-mons-enrique-diaz\/#breadcrumb"},"inLanguage":"es","potentialAction":[{"@type":"ReadAction","target":["https:\/\/exaudi.org\/es\/isaias-y-juan-bautista-reflexion-de-mons-enrique-diaz\/"]}]},{"@type":"ImageObject","inLanguage":"es","@id":"https:\/\/exaudi.org\/es\/isaias-y-juan-bautista-reflexion-de-mons-enrique-diaz\/#primaryimage","url":"https:\/\/exaudi.org\/wp-content\/uploads\/2022\/12\/Desierto-scaled.jpg","contentUrl":"https:\/\/exaudi.org\/wp-content\/uploads\/2022\/12\/Desierto-scaled.jpg","width":2560,"height":1433,"caption":"Desierto Cathopic"},{"@type":"BreadcrumbList","@id":"https:\/\/exaudi.org\/es\/isaias-y-juan-bautista-reflexion-de-mons-enrique-diaz\/#breadcrumb","itemListElement":[{"@type":"ListItem","position":1,"name":"Portada","item":"https:\/\/exaudi.org\/es\/"},{"@type":"ListItem","position":2,"name":"Isa\u00edas y Juan Bautista: Reflexi\u00f3n de Mons. Enrique D\u00edaz"}]},{"@type":"WebSite","@id":"https:\/\/exaudi.org\/#website","url":"https:\/\/exaudi.org\/","name":"Exaudi","description":"News","potentialAction":[{"@type":"SearchAction","target":{"@type":"EntryPoint","urlTemplate":"https:\/\/exaudi.org\/?s={search_term_string}"},"query-input":{"@type":"PropertyValueSpecification","valueRequired":true,"valueName":"search_term_string"}}],"inLanguage":"es"},{"@type":"Person","@id":"https:\/\/exaudi.org\/#\/schema\/person\/c02ffbd10830fa375f6882f7dcf1844d","name":"Enrique D\u00edaz","image":{"@type":"ImageObject","inLanguage":"es","@id":"https:\/\/secure.gravatar.com\/avatar\/7ca10be5325a95d04b74082d68ba605aa69611eb0f68f47096cb1bc349873284?s=96&d=mm&r=g","url":"https:\/\/secure.gravatar.com\/avatar\/7ca10be5325a95d04b74082d68ba605aa69611eb0f68f47096cb1bc349873284?s=96&d=mm&r=g","contentUrl":"https:\/\/secure.gravatar.com\/avatar\/7ca10be5325a95d04b74082d68ba605aa69611eb0f68f47096cb1bc349873284?s=96&d=mm&r=g","caption":"Enrique D\u00edaz"},"description":"Naci\u00f3 en Huandacareo, Michoac\u00e1n, M\u00e9xico, en 1952. Realiz\u00f3 sus estudios de Filosof\u00eda y Teolog\u00eda en el Seminario de Morelia. Ordenado di\u00e1cono el 22 de mayo de 1977, y presb\u00edtero el 23 de octubre del mismo a\u00f1o. Obtuvo la Licenciatura en Sagrada Escritura en el Pontificio Instituto B\u00edblico en Roma. Ha desarrollado m\u00faltiples encargos pastorales como el de capell\u00e1n de la rector\u00eda de las Tres Aves Mar\u00edas; responsable de la Pastoral B\u00edblica Diocesana y director de la Escuela B\u00edblica en Morelia; maestro de Biblia en el Seminario Conciliar de Morelia, p\u00e1rroco de la Parroquia de Nuestra Se\u00f1ora de Guadalupe, Col. Guadalupe, Morelia; o vicario episcopal para la Zona de Nuestra Se\u00f1ora de la Luz, P\u00e1tzcuaro. Ordenado obispo auxiliar de san Crist\u00f3bal de las Casas en 2003. En la Conferencia Episcopal form\u00f3 parte de las Comisiones de Biblia, Diaconado y Ministerios Laicales. Fue responsable de las Dimensiones de Ministerios Laicales, de Educaci\u00f3n y Cultura. Ha participado en encuentros latinoamericanos y mundiales sobre el Diaconado Permanente. Actualmente es el responsable de la Dimensi\u00f3n de Pastoral de la Cultura. Particip\u00f3 como Miembro del S\u00ednodo de Obispos sobre la Palabra de Dios en la Vida y Misi\u00f3n de la Iglesia en Roma, en 2008. Recibi\u00f3 el nombramiento de obispo coadjutor de San Crist\u00f3bal de las Casas en 2014. Nombrado II obispo de Irapuato el d\u00eda 11 de marzo, tom\u00f3 posesi\u00f3n el 19 de Mayo. Colabora en varias revistas y publicaciones sobre todo con la reflexi\u00f3n diaria y dominical tanto en audio como escrita.","url":"https:\/\/exaudi.org\/es\/author\/enriquediaz\/"}]}},"jetpack_featured_media_url":"https:\/\/exaudi.org\/wp-content\/uploads\/2022\/12\/Desierto-scaled.jpg","jetpack_shortlink":"https:\/\/wp.me\/pgKjF2-hgD","_links":{"self":[{"href":"https:\/\/exaudi.org\/es\/wp-json\/wp\/v2\/posts\/66379","targetHints":{"allow":["GET"]}}],"collection":[{"href":"https:\/\/exaudi.org\/es\/wp-json\/wp\/v2\/posts"}],"about":[{"href":"https:\/\/exaudi.org\/es\/wp-json\/wp\/v2\/types\/post"}],"author":[{"embeddable":true,"href":"https:\/\/exaudi.org\/es\/wp-json\/wp\/v2\/users\/25"}],"replies":[{"embeddable":true,"href":"https:\/\/exaudi.org\/es\/wp-json\/wp\/v2\/comments?post=66379"}],"version-history":[{"count":0,"href":"https:\/\/exaudi.org\/es\/wp-json\/wp\/v2\/posts\/66379\/revisions"}],"wp:featuredmedia":[{"embeddable":true,"href":"https:\/\/exaudi.org\/es\/wp-json\/wp\/v2\/media\/66382"}],"wp:attachment":[{"href":"https:\/\/exaudi.org\/es\/wp-json\/wp\/v2\/media?parent=66379"}],"wp:term":[{"taxonomy":"category","embeddable":true,"href":"https:\/\/exaudi.org\/es\/wp-json\/wp\/v2\/categories?post=66379"},{"taxonomy":"post_tag","embeddable":true,"href":"https:\/\/exaudi.org\/es\/wp-json\/wp\/v2\/tags?post=66379"}],"curies":[{"name":"wp","href":"https:\/\/api.w.org\/{rel}","templated":true}]}}