{"id":66378,"date":"2025-12-04T08:00:22","date_gmt":"2025-12-04T07:00:22","guid":{"rendered":"https:\/\/exaudi.org\/?p=66378"},"modified":"2025-12-03T09:55:19","modified_gmt":"2025-12-03T08:55:19","slug":"san-juan-calabria-4-de-diciembre-2","status":"publish","type":"post","link":"https:\/\/exaudi.org\/es\/san-juan-calabria-4-de-diciembre-2\/","title":{"rendered":"San Juan Calabria, 4 de diciembre"},"content":{"rendered":"<p>\u201cLa Providencia existe, Dios es Padre y piensa en nosotros, siempre que nosotros pensemos en \u00c9l y le correspondamos buscando en primer lugar el Santo Reino de Dios y su justicia\u201d. Fue la honda convicci\u00f3n de Juan que hab\u00eda experimentado claramente la Providencia en su vida y en ella sustent\u00f3 el carisma de sus fundaciones. Era el s\u00e9ptimo hijo de una humilde y cristiana familia que rayaba en la pobreza y que le acogi\u00f3 gozosa en su seno cuando naci\u00f3 en Verona, Italia, el 8 de octubre de 1873. Su padre era zapatero y su madre se ganaba la vida como empleada dom\u00e9stica. La muerte de aquel cuando Juan era un adolescente trunc\u00f3 su primera andadura acad\u00e9mica ya que tuvo que ponerse a trabajar para ayudar a sostener el hogar, aunque le desped\u00edan de los trabajos por incompetente. Esta situaci\u00f3n afect\u00f3 a su rendimiento escolar.<\/p>\n<p><iframe title=\"Spotify Embed: San Juan Calabria, 4 de diciembre\" style=\"border-radius: 12px\" width=\"100%\" height=\"152\" frameborder=\"0\" allowfullscreen allow=\"autoplay; clipboard-write; encrypted-media; fullscreen; picture-in-picture\" loading=\"lazy\" src=\"https:\/\/open.spotify.com\/embed\/episode\/0piFRZ3Anki62hL8S5atS8?si=abb9d26c564b4e76&#038;utm_source=oembed\"><\/iframe><\/p>\n<p>El padre Scarpini, rector de San Lorenzo, constat\u00f3 que el muchacho mostraba unos rasgos de virtud que le hac\u00edan apto para iniciar los estudios eclesi\u00e1sticos, y no escatim\u00f3 ning\u00fan esfuerzo para que pudiera ingresar en el seminario. La situaci\u00f3n econ\u00f3mica familiar solo le permit\u00eda estudiar como alumno externo, y as\u00ed permaneci\u00f3 tres a\u00f1os hasta que tuvo que cumplir el servicio militar. Ten\u00eda madera de santo y en el cuartel tuvieron ocasi\u00f3n de constatarlo. Cuando sali\u00f3 de all\u00ed, muchos, instados por \u00e9l, hab\u00edan abierto sus brazos a Dios.<\/p>\n<p>Algunas de las circunstancias que concurrieron en su vida, especialmente la experiencia de precariedad en la que hab\u00eda discurrido su corta existencia, y el gesto generoso y atento del padre Scarpini, unido a sus entra\u00f1as de misericordia, se trenzaron en fecundo anillo una g\u00e9lida noche de 1897 cuando, tras realizar la visita a los enfermos, hall\u00f3 un ni\u00f1o fugitivo que yac\u00eda en el umbral de su casa aterido de fr\u00edo. Ten\u00eda 6 a\u00f1os y todo indicaba que hab\u00eda sido adiestrado para mendigar y posiblemente secuestrado en la regi\u00f3n de Liguria. Por eso, aunque hizo las gestiones legales oportunas, aconsejado por Scarpini, nadie se preocup\u00f3 de buscar al peque\u00f1o.<\/p>\n<p>La pobreza, la soledad, la enfermedad, el abandono\u2026, ser\u00edan para siempre dram\u00e1ticas realidades que jam\u00e1s dejar\u00edan al santo impasible. Por el contrario, a ellas dedic\u00f3 todo su quehacer buscando siempre el modo de paliarlas implicando a seminaristas, sacerdotes y laicos. Por de pronto, aquella inolvidable noche en la que descubri\u00f3 la naturaleza de su verdadera vocaci\u00f3n, cobij\u00f3 al peque\u00f1o en su propia casa sin que su madre mostrara reparo alguno por ello. Y a los pocos meses ya hab\u00eda puesto en marcha la P\u00eda Uni\u00f3n para la asistencia de los enfermos pobres.<\/p>\n<p>Desde 1901, a\u00f1o en el que fue ordenado sacerdote, junto a la labor pastoral que realiz\u00f3 en la parroquia de San Esteban y en la rector\u00eda de San Benito del Monte, los enfermos, los ancianos, los pobres y cualquier persona necesitada, recibieron de \u00e9l gestos de caridad ofrecida a manos llenas. Las fundaciones se iban multiplicando mientras la Providencia segu\u00eda acompa\u00f1\u00e1ndole en su incansable labor. Recog\u00eda a los ni\u00f1os abandonados; mientras trataba de hallar un centro de acogida digno para ellos, sin lograrlo. En 1906 su madre se ocupaba de atenderlos con tanta intensidad que enferm\u00f3 gravemente. Juan acudi\u00f3 al conde Francisco P\u00e9rez, que despu\u00e9s seguir\u00eda sus pasos. El arist\u00f3crata le mir\u00f3 fijamente convencido de que \u00e9l era la persona id\u00f3nea para cuidar a los peque\u00f1os. Pero con su madre enferma no ve\u00eda c\u00f3mo pod\u00eda llevar a cabo su labor. Suplic\u00f3 a Dios. Si era su voluntad que se ocupase de los ni\u00f1os, el signo ser\u00eda la curaci\u00f3n de su madre al menos durante un a\u00f1o. Ella san\u00f3 repentinamente.<\/p>\n<p>En noviembre de 1907 puso en marcha el Instituto Casa Buoni Fanciulli, y a esta obra sigui\u00f3 la fundaci\u00f3n de la Congregaci\u00f3n de los Pobres Siervos de la Divina Providencia, formada con un grupo de personas que secundaron su acci\u00f3n apost\u00f3lica compartiendo su vocaci\u00f3n, y la rama femenina Pobres Siervas de la Divina Providencia. Cre\u00f3 la Cittadella della carit\u00e1, la Familia de los Hermanos Externos para los laicos, y fue impulsor de casas de acogida y hospitales.<\/p>\n<p>Pensando en los \u201cParias\u201d en 1934 extendi\u00f3 la fundaci\u00f3n a Vijayavada (India). Adem\u00e1s, promovi\u00f3 las vocaciones y el di\u00e1logo interreligioso dejando abierta una fecunda v\u00eda ecum\u00e9nica con protestantes, ortodoxos y hebreos, fue un extraordinario confesor, y no dud\u00f3 en exponer su vida salvando la de personas en peligro, como la de una doctora hebrea amenazada de muerte en la persecuci\u00f3n nazi a la que rescat\u00f3 manteni\u00e9ndola oculta entre las religiosas fundadas por \u00e9l. Algunos de los agraciados por tan bondadoso coraz\u00f3n, como hizo esta mujer, enviaron cartas a Roma a la postulaci\u00f3n pidiendo que fuese elevado a los altares.<\/p>\n<p>Juan se ofreci\u00f3 a s\u00ed mismo por la santificaci\u00f3n de la Iglesia y la unidad de los cristianos, y alent\u00f3 a todos a la vivencia del rigor evang\u00e9lico. Junto con su proverbial caridad, asentada en su oraci\u00f3n, pervivi\u00f3 la gratuidad en todo lo que hizo. De hecho, quer\u00eda que sus hijos realizaran su misi\u00f3n en \u201cdonde nada hay, humanamente, para recibir\u201d. Solo les ped\u00eda \u201chumildad, escondimiento total, abandonada por entero y totalmente en la divina Providencia; no pedir nada, rezar mucho; que nadie pague; prohibido todo tipo de publicidad; no conferencias, no reuniones de beneficencia, no agradecimientos p\u00fablicos, porque Dios no necesita estas cosas y \u00c9l se ocupa de esta Obra que es totalmente suya. Nosotros busquemos almas, solamente almas\u201d.<\/p>\n<p>Enfermo de gravedad y sabedor de que P\u00edo XII se hallaba agonizante, puso su vida a los pies del Padre por \u00e9l. Dios le escuch\u00f3. Muri\u00f3 el 4 de diciembre de 1954 mientras el pont\u00edfice sal\u00eda adelante y le sobreviv\u00eda cuatro a\u00f1os m\u00e1s. Al conocer el postrer gesto de caridad que hab\u00eda tenido, P\u00edo XII lo calific\u00f3 como \u201ccampe\u00f3n de evang\u00e9lica caridad\u201d. Por su parte, el cardenal Schuster orden\u00f3 cincelar este epitafio sobre la tumba de Juan que sintetiza su grandeza y el impacto de su admirable virtud y quehacer apost\u00f3lico: \u201cResplandeci\u00f3 como un faro luminoso en la Iglesia de Dios\u201d. Juan Pablo II lo beatific\u00f3 el 17 de abril de 1988, y \u00e9l mismo lo canoniz\u00f3 el 18 de abril de 1999.<\/p>\n<p><img loading=\"lazy\" decoding=\"async\" class=\"size-full wp-image-146224 alignnone\" src=\"https:\/\/exaudi.org\/wp-content\/uploads\/2024\/12\/486356021_1073481841484505_3165166537717793127_n.jpg\" alt=\"\" width=\"1080\" height=\"1080\" srcset=\"https:\/\/exaudi.org\/wp-content\/uploads\/2024\/12\/486356021_1073481841484505_3165166537717793127_n.jpg 1080w, https:\/\/exaudi.org\/wp-content\/uploads\/2024\/12\/486356021_1073481841484505_3165166537717793127_n-300x300.jpg 300w, https:\/\/exaudi.org\/wp-content\/uploads\/2024\/12\/486356021_1073481841484505_3165166537717793127_n-1024x1024.jpg 1024w, https:\/\/exaudi.org\/wp-content\/uploads\/2024\/12\/486356021_1073481841484505_3165166537717793127_n-100x100.jpg?crop=1 100w, https:\/\/exaudi.org\/wp-content\/uploads\/2024\/12\/486356021_1073481841484505_3165166537717793127_n-770x770.jpg 770w, https:\/\/exaudi.org\/wp-content\/uploads\/2024\/12\/486356021_1073481841484505_3165166537717793127_n-500x500.jpg 500w\" sizes=\"auto, (max-width: 1080px) 100vw, 1080px\" \/><\/p>\n<h6><em>\u00a9 <a href=\"https:\/\/exaudi.org\/es\/author\/isabelorellana\/\" target=\"_blank\" rel=\"noopener noreferrer\">Isabel Orellana Vilches<\/a>, 2018<\/em><\/h6>\n<h6><em>Autora vinculada a<\/em><\/h6>\n<h6><em><img loading=\"lazy\" decoding=\"async\" class=\"alignright wp-image-2208\" src=\"https:\/\/exaudi.wpengine.com\/wp-content\/uploads\/2021\/11\/santoral-scaled-1-725x1024.jpg\" alt=\"santoral Isabel Orellana\" width=\"262\" height=\"370\" \/><\/em><img loading=\"lazy\" decoding=\"async\" class=\"alignnone size-full wp-image-41949\" src=\"https:\/\/exaudi.wpengine.com\/wp-content\/uploads\/2021\/11\/logo-cedro-v01-843x295-1-e1603384654546.png\" alt=\"\" width=\"80\" height=\"28\" \/><br \/>\nObra protegida por derechos de autor.<br \/>\nInscrita en el Registro de la Propiedad Intelectual el 24 de noviembre de 2014.<br \/>\n________________<br \/>\nDerechos de edici\u00f3n reservados:<br \/>\n<a href=\"https:\/\/rielo.com\/\" target=\"_blank\" rel=\"noopener noreferrer\">Fundaci\u00f3n Fernando Rielo<\/a><br \/>\nGoya 20, 4.\u00ba izq. int. 28001 Madrid<br \/>\nTlf.: (34) 91 575 40 91<br \/>\nCorreo electr\u00f3nico: fundacion@rielo.com<\/h6>\n<div class=\"page\" title=\"Page 4\">\n<div class=\"layoutArea\">\n<div class=\"column\">\n<h6>Dep\u00f3sito legal: M-18664-2020<br \/>\nISBN: 978-84-946646-6-3<\/h6>\n<\/div>\n<\/div>\n<\/div>\n","protected":false},"excerpt":{"rendered":"<p>Fundador de las Congregaciones de los Pobres Siervos de la Divina Providencia<\/p>\n","protected":false},"author":23,"featured_media":42728,"comment_status":"open","ping_status":"open","sticky":false,"template":"","format":"standard","meta":{"_acf_changed":false,"_crdt_document":"","inline_featured_image":false,"footnotes":""},"categories":[74,2772],"tags":[388,5010,387,58880],"class_list":["post-66378","post","type-post","status-publish","format-standard","has-post-thumbnail","hentry","category-iglesia-y-mundo","category-santoral","tag-isabel-orellana-vilches","tag-san-juan-calabria","tag-santoral","tag-trending-es-151"],"acf":[],"yoast_head":"<!-- This site is optimized with the Yoast SEO plugin v27.4 - https:\/\/yoast.com\/product\/yoast-seo-wordpress\/ -->\n<title>San Juan Calabria, 4 de diciembre &#8211; Exaudi-<\/title>\n<meta name=\"description\" content=\"San Juan Calabria fue un sacerdote italiano fundador de las Congregaciones de los Pobres Siervos de la Divina Providencia.\" \/>\n<meta name=\"robots\" content=\"index, follow, max-snippet:-1, max-image-preview:large, max-video-preview:-1\" \/>\n<link rel=\"canonical\" href=\"https:\/\/exaudi.org\/es\/san-juan-calabria-4-de-diciembre-2\/\" \/>\n<meta property=\"og:locale\" content=\"es_ES\" \/>\n<meta property=\"og:type\" content=\"article\" \/>\n<meta property=\"og:title\" content=\"San Juan Calabria, 4 de diciembre &#8211; Exaudi-\" \/>\n<meta property=\"og:description\" content=\"San Juan Calabria fue un sacerdote italiano fundador de las Congregaciones de los Pobres Siervos de la Divina Providencia.\" \/>\n<meta property=\"og:url\" content=\"https:\/\/exaudi.org\/es\/san-juan-calabria-4-de-diciembre-2\/\" \/>\n<meta property=\"og:site_name\" content=\"Exaudi\" \/>\n<meta property=\"article:publisher\" content=\"https:\/\/www.facebook.com\/ExaudiNews\" \/>\n<meta property=\"article:published_time\" content=\"2025-12-04T07:00:22+00:00\" \/>\n<meta property=\"og:image\" content=\"https:\/\/exaudi.org\/wp-content\/uploads\/2021\/11\/Disen\u0303o-sin-ti\u0301tulo-42.jpg\" \/>\n\t<meta property=\"og:image:width\" content=\"771\" \/>\n\t<meta property=\"og:image:height\" content=\"585\" \/>\n\t<meta property=\"og:image:type\" content=\"image\/jpeg\" \/>\n<meta name=\"author\" content=\"Isabel Orellana\" \/>\n<meta name=\"twitter:card\" content=\"summary_large_image\" \/>\n<meta name=\"twitter:creator\" content=\"@Exaudi_News\" \/>\n<meta name=\"twitter:site\" content=\"@Exaudi_News\" \/>\n<meta name=\"twitter:label1\" content=\"Escrito por\" \/>\n\t<meta name=\"twitter:data1\" content=\"Isabel Orellana\" \/>\n\t<meta name=\"twitter:label2\" content=\"Tiempo de lectura\" \/>\n\t<meta name=\"twitter:data2\" content=\"6 minutos\" \/>\n<script type=\"application\/ld+json\" class=\"yoast-schema-graph\">{\"@context\":\"https:\\\/\\\/schema.org\",\"@graph\":[{\"@type\":\"Article\",\"@id\":\"https:\\\/\\\/exaudi.org\\\/es\\\/san-juan-calabria-4-de-diciembre-2\\\/#article\",\"isPartOf\":{\"@id\":\"https:\\\/\\\/exaudi.org\\\/es\\\/san-juan-calabria-4-de-diciembre-2\\\/\"},\"author\":{\"name\":\"Isabel Orellana\",\"@id\":\"https:\\\/\\\/exaudi.org\\\/#\\\/schema\\\/person\\\/64e18b96fd6118559a9217b5b3375fdc\"},\"headline\":\"San Juan Calabria, 4 de diciembre\",\"datePublished\":\"2025-12-04T07:00:22+00:00\",\"mainEntityOfPage\":{\"@id\":\"https:\\\/\\\/exaudi.org\\\/es\\\/san-juan-calabria-4-de-diciembre-2\\\/\"},\"wordCount\":1169,\"commentCount\":0,\"image\":{\"@id\":\"https:\\\/\\\/exaudi.org\\\/es\\\/san-juan-calabria-4-de-diciembre-2\\\/#primaryimage\"},\"thumbnailUrl\":\"https:\\\/\\\/exaudi.org\\\/wp-content\\\/uploads\\\/2021\\\/11\\\/Disen\u0303o-sin-ti\u0301tulo-42.jpg\",\"keywords\":[\"Isabel Orellana Vilches\",\"San Juan Calabria\",\"Santoral\",\"Trending\"],\"articleSection\":[\"Iglesia y Mundo\",\"Santoral\"],\"inLanguage\":\"es\",\"potentialAction\":[{\"@type\":\"CommentAction\",\"name\":\"Comment\",\"target\":[\"https:\\\/\\\/exaudi.org\\\/es\\\/san-juan-calabria-4-de-diciembre-2\\\/#respond\"]}]},{\"@type\":\"WebPage\",\"@id\":\"https:\\\/\\\/exaudi.org\\\/es\\\/san-juan-calabria-4-de-diciembre-2\\\/\",\"url\":\"https:\\\/\\\/exaudi.org\\\/es\\\/san-juan-calabria-4-de-diciembre-2\\\/\",\"name\":\"San Juan Calabria, 4 de diciembre &#8211; Exaudi-\",\"isPartOf\":{\"@id\":\"https:\\\/\\\/exaudi.org\\\/#website\"},\"primaryImageOfPage\":{\"@id\":\"https:\\\/\\\/exaudi.org\\\/es\\\/san-juan-calabria-4-de-diciembre-2\\\/#primaryimage\"},\"image\":{\"@id\":\"https:\\\/\\\/exaudi.org\\\/es\\\/san-juan-calabria-4-de-diciembre-2\\\/#primaryimage\"},\"thumbnailUrl\":\"https:\\\/\\\/exaudi.org\\\/wp-content\\\/uploads\\\/2021\\\/11\\\/Disen\u0303o-sin-ti\u0301tulo-42.jpg\",\"datePublished\":\"2025-12-04T07:00:22+00:00\",\"author\":{\"@id\":\"https:\\\/\\\/exaudi.org\\\/#\\\/schema\\\/person\\\/64e18b96fd6118559a9217b5b3375fdc\"},\"description\":\"San Juan Calabria fue un sacerdote italiano fundador de las Congregaciones de los Pobres Siervos de la Divina Providencia.\",\"breadcrumb\":{\"@id\":\"https:\\\/\\\/exaudi.org\\\/es\\\/san-juan-calabria-4-de-diciembre-2\\\/#breadcrumb\"},\"inLanguage\":\"es\",\"potentialAction\":[{\"@type\":\"ReadAction\",\"target\":[\"https:\\\/\\\/exaudi.org\\\/es\\\/san-juan-calabria-4-de-diciembre-2\\\/\"]}]},{\"@type\":\"ImageObject\",\"inLanguage\":\"es\",\"@id\":\"https:\\\/\\\/exaudi.org\\\/es\\\/san-juan-calabria-4-de-diciembre-2\\\/#primaryimage\",\"url\":\"https:\\\/\\\/exaudi.org\\\/wp-content\\\/uploads\\\/2021\\\/11\\\/Disen\u0303o-sin-ti\u0301tulo-42.jpg\",\"contentUrl\":\"https:\\\/\\\/exaudi.org\\\/wp-content\\\/uploads\\\/2021\\\/11\\\/Disen\u0303o-sin-ti\u0301tulo-42.jpg\",\"width\":771,\"height\":585,\"caption\":\"San Juan Calabria \u00a9 comunitacenacolo\"},{\"@type\":\"BreadcrumbList\",\"@id\":\"https:\\\/\\\/exaudi.org\\\/es\\\/san-juan-calabria-4-de-diciembre-2\\\/#breadcrumb\",\"itemListElement\":[{\"@type\":\"ListItem\",\"position\":1,\"name\":\"Portada\",\"item\":\"https:\\\/\\\/exaudi.org\\\/es\\\/\"},{\"@type\":\"ListItem\",\"position\":2,\"name\":\"San Juan Calabria, 4 de diciembre\"}]},{\"@type\":\"WebSite\",\"@id\":\"https:\\\/\\\/exaudi.org\\\/#website\",\"url\":\"https:\\\/\\\/exaudi.org\\\/\",\"name\":\"Exaudi\",\"description\":\"News\",\"potentialAction\":[{\"@type\":\"SearchAction\",\"target\":{\"@type\":\"EntryPoint\",\"urlTemplate\":\"https:\\\/\\\/exaudi.org\\\/?s={search_term_string}\"},\"query-input\":{\"@type\":\"PropertyValueSpecification\",\"valueRequired\":true,\"valueName\":\"search_term_string\"}}],\"inLanguage\":\"es\"},{\"@type\":\"Person\",\"@id\":\"https:\\\/\\\/exaudi.org\\\/#\\\/schema\\\/person\\\/64e18b96fd6118559a9217b5b3375fdc\",\"name\":\"Isabel Orellana\",\"image\":{\"@type\":\"ImageObject\",\"inLanguage\":\"es\",\"@id\":\"https:\\\/\\\/secure.gravatar.com\\\/avatar\\\/51968380bbb6b22ae85c605634860366fd9a2a611c6341125115bca32cd6c171?s=96&d=mm&r=g\",\"url\":\"https:\\\/\\\/secure.gravatar.com\\\/avatar\\\/51968380bbb6b22ae85c605634860366fd9a2a611c6341125115bca32cd6c171?s=96&d=mm&r=g\",\"contentUrl\":\"https:\\\/\\\/secure.gravatar.com\\\/avatar\\\/51968380bbb6b22ae85c605634860366fd9a2a611c6341125115bca32cd6c171?s=96&d=mm&r=g\",\"caption\":\"Isabel Orellana\"},\"description\":\"Isabel Orellana Vilches Misionera idente. Doctora en Filosof\u00eda por la Universidad Aut\u00f3noma de Barcelona con la tesis Realismo y progreso cient\u00edfico en la epistemolog\u00eda popperiana. Ha cursado estudios de teolog\u00eda en la Universidad Pontificia de Salamanca. Con amplia actividad docente desde 1986, ha publicado libros como: Realismo y progreso cient\u00edfico en la epistemolog\u00eda popperiana, Universitat Aut\u00f2noma de Barcelona, 1993; El evangelio habla a los j\u00f3venes, Atenas, Madrid, 1997; Qu\u00e9 es... LA TOLERANCIA, Paulinas, Madrid, 1999; Pedagog\u00eda del dolor. Ensayo antropol\u00f3gico, Palabra, Madrid, 1999; En colaboraci\u00f3n con Enrique Rivera de Ventosa (\u2020) OFM. Cap. San Francisco de As\u00eds y Fernando Rielo: Convergencias. Respuestas desde la fe a los interrogantes del hombre de hoy, Universidad Pontificia, Salamanca, 2001; La \\\"mirada\\\" del cine. Recursos did\u00e1cticos del s\u00e9ptimo arte. Librer\u00eda Cervantes, Salamanca, 2001; Paradojas de la convivencia, San Pablo, Madrid, 2002; En la Universidad T\u00e9cnica Particular de Loja, Ecuador, ha publicado: La confianza. El arte de amar, 2002; Educar para la responsabilidad, 2003; Apuntes de \u00e9tica en Karl R. Popper, 2003; De soledades y comunicaci\u00f3n, 2005; Yo educo; t\u00fa respondes, 2008; Humanismo y fe en un crisol de culturas, 2008; Repensar lo cotidiano, 2008; Convivir: un constante desaf\u00edo, 2009; La l\u00f3gica del amor, 2010; El dolor del amor. Apuntes sobre la enfermedad y el dolor en relaci\u00f3n con la virtud heroica, el martirio y la vida santa. Seminario Diocesano de M\u00e1laga, 2006 y Universidad T\u00e9cnica Particular de Loja, Ecuador (2007). Cuenta con numerosas colaboraciones en obras colectivas, as\u00ed como relatos, cuentos, f\u00e1bula y novela juvenil, adem\u00e1s de art\u00edculos de tem\u00e1tica cient\u00edfica, pedag\u00f3gica y espiritual, que viene publicando en distintas revistas nacionales e internacionales. En 2012 culmin\u00f3 el santoral Llamados a ser santos y poco m\u00e1s tarde Epopeyas de amor prologado por mons. Fernando Sebasti\u00e1n. Es la bi\u00f3grafa oficial del fundador de su familia espiritual, autora de Fernando Rielo Pardal. Fundador de los Misioneros Identes, Descl\u00e9e de Brouwer, Bilbao, 2009. Culmina la biograf\u00eda completa. Encargada del santoral de ZENIT desde 2012 a 2020 y ahora en Exaudi\",\"url\":\"https:\\\/\\\/exaudi.org\\\/es\\\/author\\\/isabelorellana\\\/\"}]}<\/script>\n<!-- \/ Yoast SEO plugin. -->","yoast_head_json":{"title":"San Juan Calabria, 4 de diciembre &#8211; Exaudi-","description":"San Juan Calabria fue un sacerdote italiano fundador de las Congregaciones de los Pobres Siervos de la Divina Providencia.","robots":{"index":"index","follow":"follow","max-snippet":"max-snippet:-1","max-image-preview":"max-image-preview:large","max-video-preview":"max-video-preview:-1"},"canonical":"https:\/\/exaudi.org\/es\/san-juan-calabria-4-de-diciembre-2\/","og_locale":"es_ES","og_type":"article","og_title":"San Juan Calabria, 4 de diciembre &#8211; Exaudi-","og_description":"San Juan Calabria fue un sacerdote italiano fundador de las Congregaciones de los Pobres Siervos de la Divina Providencia.","og_url":"https:\/\/exaudi.org\/es\/san-juan-calabria-4-de-diciembre-2\/","og_site_name":"Exaudi","article_publisher":"https:\/\/www.facebook.com\/ExaudiNews","article_published_time":"2025-12-04T07:00:22+00:00","og_image":[{"width":771,"height":585,"url":"https:\/\/exaudi.org\/wp-content\/uploads\/2021\/11\/Disen\u0303o-sin-ti\u0301tulo-42.jpg","type":"image\/jpeg"}],"author":"Isabel Orellana","twitter_card":"summary_large_image","twitter_creator":"@Exaudi_News","twitter_site":"@Exaudi_News","twitter_misc":{"Escrito por":"Isabel Orellana","Tiempo de lectura":"6 minutos"},"schema":{"@context":"https:\/\/schema.org","@graph":[{"@type":"Article","@id":"https:\/\/exaudi.org\/es\/san-juan-calabria-4-de-diciembre-2\/#article","isPartOf":{"@id":"https:\/\/exaudi.org\/es\/san-juan-calabria-4-de-diciembre-2\/"},"author":{"name":"Isabel Orellana","@id":"https:\/\/exaudi.org\/#\/schema\/person\/64e18b96fd6118559a9217b5b3375fdc"},"headline":"San Juan Calabria, 4 de diciembre","datePublished":"2025-12-04T07:00:22+00:00","mainEntityOfPage":{"@id":"https:\/\/exaudi.org\/es\/san-juan-calabria-4-de-diciembre-2\/"},"wordCount":1169,"commentCount":0,"image":{"@id":"https:\/\/exaudi.org\/es\/san-juan-calabria-4-de-diciembre-2\/#primaryimage"},"thumbnailUrl":"https:\/\/exaudi.org\/wp-content\/uploads\/2021\/11\/Disen\u0303o-sin-ti\u0301tulo-42.jpg","keywords":["Isabel Orellana Vilches","San Juan Calabria","Santoral","Trending"],"articleSection":["Iglesia y Mundo","Santoral"],"inLanguage":"es","potentialAction":[{"@type":"CommentAction","name":"Comment","target":["https:\/\/exaudi.org\/es\/san-juan-calabria-4-de-diciembre-2\/#respond"]}]},{"@type":"WebPage","@id":"https:\/\/exaudi.org\/es\/san-juan-calabria-4-de-diciembre-2\/","url":"https:\/\/exaudi.org\/es\/san-juan-calabria-4-de-diciembre-2\/","name":"San Juan Calabria, 4 de diciembre &#8211; Exaudi-","isPartOf":{"@id":"https:\/\/exaudi.org\/#website"},"primaryImageOfPage":{"@id":"https:\/\/exaudi.org\/es\/san-juan-calabria-4-de-diciembre-2\/#primaryimage"},"image":{"@id":"https:\/\/exaudi.org\/es\/san-juan-calabria-4-de-diciembre-2\/#primaryimage"},"thumbnailUrl":"https:\/\/exaudi.org\/wp-content\/uploads\/2021\/11\/Disen\u0303o-sin-ti\u0301tulo-42.jpg","datePublished":"2025-12-04T07:00:22+00:00","author":{"@id":"https:\/\/exaudi.org\/#\/schema\/person\/64e18b96fd6118559a9217b5b3375fdc"},"description":"San Juan Calabria fue un sacerdote italiano fundador de las Congregaciones de los Pobres Siervos de la Divina Providencia.","breadcrumb":{"@id":"https:\/\/exaudi.org\/es\/san-juan-calabria-4-de-diciembre-2\/#breadcrumb"},"inLanguage":"es","potentialAction":[{"@type":"ReadAction","target":["https:\/\/exaudi.org\/es\/san-juan-calabria-4-de-diciembre-2\/"]}]},{"@type":"ImageObject","inLanguage":"es","@id":"https:\/\/exaudi.org\/es\/san-juan-calabria-4-de-diciembre-2\/#primaryimage","url":"https:\/\/exaudi.org\/wp-content\/uploads\/2021\/11\/Disen\u0303o-sin-ti\u0301tulo-42.jpg","contentUrl":"https:\/\/exaudi.org\/wp-content\/uploads\/2021\/11\/Disen\u0303o-sin-ti\u0301tulo-42.jpg","width":771,"height":585,"caption":"San Juan Calabria \u00a9 comunitacenacolo"},{"@type":"BreadcrumbList","@id":"https:\/\/exaudi.org\/es\/san-juan-calabria-4-de-diciembre-2\/#breadcrumb","itemListElement":[{"@type":"ListItem","position":1,"name":"Portada","item":"https:\/\/exaudi.org\/es\/"},{"@type":"ListItem","position":2,"name":"San Juan Calabria, 4 de diciembre"}]},{"@type":"WebSite","@id":"https:\/\/exaudi.org\/#website","url":"https:\/\/exaudi.org\/","name":"Exaudi","description":"News","potentialAction":[{"@type":"SearchAction","target":{"@type":"EntryPoint","urlTemplate":"https:\/\/exaudi.org\/?s={search_term_string}"},"query-input":{"@type":"PropertyValueSpecification","valueRequired":true,"valueName":"search_term_string"}}],"inLanguage":"es"},{"@type":"Person","@id":"https:\/\/exaudi.org\/#\/schema\/person\/64e18b96fd6118559a9217b5b3375fdc","name":"Isabel Orellana","image":{"@type":"ImageObject","inLanguage":"es","@id":"https:\/\/secure.gravatar.com\/avatar\/51968380bbb6b22ae85c605634860366fd9a2a611c6341125115bca32cd6c171?s=96&d=mm&r=g","url":"https:\/\/secure.gravatar.com\/avatar\/51968380bbb6b22ae85c605634860366fd9a2a611c6341125115bca32cd6c171?s=96&d=mm&r=g","contentUrl":"https:\/\/secure.gravatar.com\/avatar\/51968380bbb6b22ae85c605634860366fd9a2a611c6341125115bca32cd6c171?s=96&d=mm&r=g","caption":"Isabel Orellana"},"description":"Isabel Orellana Vilches Misionera idente. Doctora en Filosof\u00eda por la Universidad Aut\u00f3noma de Barcelona con la tesis Realismo y progreso cient\u00edfico en la epistemolog\u00eda popperiana. Ha cursado estudios de teolog\u00eda en la Universidad Pontificia de Salamanca. Con amplia actividad docente desde 1986, ha publicado libros como: Realismo y progreso cient\u00edfico en la epistemolog\u00eda popperiana, Universitat Aut\u00f2noma de Barcelona, 1993; El evangelio habla a los j\u00f3venes, Atenas, Madrid, 1997; Qu\u00e9 es... LA TOLERANCIA, Paulinas, Madrid, 1999; Pedagog\u00eda del dolor. Ensayo antropol\u00f3gico, Palabra, Madrid, 1999; En colaboraci\u00f3n con Enrique Rivera de Ventosa (\u2020) OFM. Cap. San Francisco de As\u00eds y Fernando Rielo: Convergencias. Respuestas desde la fe a los interrogantes del hombre de hoy, Universidad Pontificia, Salamanca, 2001; La \"mirada\" del cine. Recursos did\u00e1cticos del s\u00e9ptimo arte. Librer\u00eda Cervantes, Salamanca, 2001; Paradojas de la convivencia, San Pablo, Madrid, 2002; En la Universidad T\u00e9cnica Particular de Loja, Ecuador, ha publicado: La confianza. El arte de amar, 2002; Educar para la responsabilidad, 2003; Apuntes de \u00e9tica en Karl R. Popper, 2003; De soledades y comunicaci\u00f3n, 2005; Yo educo; t\u00fa respondes, 2008; Humanismo y fe en un crisol de culturas, 2008; Repensar lo cotidiano, 2008; Convivir: un constante desaf\u00edo, 2009; La l\u00f3gica del amor, 2010; El dolor del amor. Apuntes sobre la enfermedad y el dolor en relaci\u00f3n con la virtud heroica, el martirio y la vida santa. Seminario Diocesano de M\u00e1laga, 2006 y Universidad T\u00e9cnica Particular de Loja, Ecuador (2007). Cuenta con numerosas colaboraciones en obras colectivas, as\u00ed como relatos, cuentos, f\u00e1bula y novela juvenil, adem\u00e1s de art\u00edculos de tem\u00e1tica cient\u00edfica, pedag\u00f3gica y espiritual, que viene publicando en distintas revistas nacionales e internacionales. En 2012 culmin\u00f3 el santoral Llamados a ser santos y poco m\u00e1s tarde Epopeyas de amor prologado por mons. Fernando Sebasti\u00e1n. Es la bi\u00f3grafa oficial del fundador de su familia espiritual, autora de Fernando Rielo Pardal. Fundador de los Misioneros Identes, Descl\u00e9e de Brouwer, Bilbao, 2009. Culmina la biograf\u00eda completa. Encargada del santoral de ZENIT desde 2012 a 2020 y ahora en Exaudi","url":"https:\/\/exaudi.org\/es\/author\/isabelorellana\/"}]}},"jetpack_featured_media_url":"https:\/\/exaudi.org\/wp-content\/uploads\/2021\/11\/Disen\u0303o-sin-ti\u0301tulo-42.jpg","jetpack_shortlink":"https:\/\/wp.me\/pgKjF2-hgC","_links":{"self":[{"href":"https:\/\/exaudi.org\/es\/wp-json\/wp\/v2\/posts\/66378","targetHints":{"allow":["GET"]}}],"collection":[{"href":"https:\/\/exaudi.org\/es\/wp-json\/wp\/v2\/posts"}],"about":[{"href":"https:\/\/exaudi.org\/es\/wp-json\/wp\/v2\/types\/post"}],"author":[{"embeddable":true,"href":"https:\/\/exaudi.org\/es\/wp-json\/wp\/v2\/users\/23"}],"replies":[{"embeddable":true,"href":"https:\/\/exaudi.org\/es\/wp-json\/wp\/v2\/comments?post=66378"}],"version-history":[{"count":2,"href":"https:\/\/exaudi.org\/es\/wp-json\/wp\/v2\/posts\/66378\/revisions"}],"predecessor-version":[{"id":146228,"href":"https:\/\/exaudi.org\/es\/wp-json\/wp\/v2\/posts\/66378\/revisions\/146228"}],"wp:featuredmedia":[{"embeddable":true,"href":"https:\/\/exaudi.org\/es\/wp-json\/wp\/v2\/media\/42728"}],"wp:attachment":[{"href":"https:\/\/exaudi.org\/es\/wp-json\/wp\/v2\/media?parent=66378"}],"wp:term":[{"taxonomy":"category","embeddable":true,"href":"https:\/\/exaudi.org\/es\/wp-json\/wp\/v2\/categories?post=66378"},{"taxonomy":"post_tag","embeddable":true,"href":"https:\/\/exaudi.org\/es\/wp-json\/wp\/v2\/tags?post=66378"}],"curies":[{"name":"wp","href":"https:\/\/api.w.org\/{rel}","templated":true}]}}