{"id":66371,"date":"2022-12-01T09:00:13","date_gmt":"2022-12-01T08:00:13","guid":{"rendered":"https:\/\/exaudi.org\/?p=66371"},"modified":"2022-11-30T17:20:01","modified_gmt":"2022-11-30T16:20:01","slug":"derechos-humanos-inteligencia-artificial-y-neuroderecho","status":"publish","type":"post","link":"https:\/\/exaudi.org\/es\/derechos-humanos-inteligencia-artificial-y-neuroderecho\/","title":{"rendered":"Derechos humanos, inteligencia artificial y neuroderecho"},"content":{"rendered":"<p>P\u00e9rez Lu\u00f1o (2010, p. 50) define los derechos humanos como \u201cun conjunto de facultades e instituciones que, en cada momento hist\u00f3rico, concretan las exigencias de la dignidad, la libertad y la igualdad humanas, las cuales deben ser reconocidas positivamente por los ordenamientos jur\u00eddicos a nivel nacional e internacional\u201d.<\/p>\n<p>De esa definici\u00f3n nos interesa resaltar su referencia a la historia, o como mejor expresi\u00f3n de P\u00e9rez Lu\u00f1o, a \u201ccada momento hist\u00f3rico\u201d, toda vez que la propia evoluci\u00f3n de la vida y de la sociedad, concretada en este caso en los avances cient\u00edficos y tecnol\u00f3gicos, a lo primero que afecta, a modo de atrio jur\u00eddico, es a los derechos humanos.<\/p>\n<p>Precisamente, atendiendo a dicha evoluci\u00f3n, el objeto de investigaci\u00f3n del presente art\u00edculo es la nueva tecnolog\u00eda y la historia de los derechos humanos.<\/p>\n<p>El criterio que hemos elegido para investigarla es la conocida clasificaci\u00f3n de los mismos, elaborada por Karel Vasak en 1979, en tres generaciones de derechos humanos, clasificaci\u00f3n cuyo criterio taxon\u00f3mico viene dado por los tres principios de la Revoluci\u00f3n Francesa: libertad, igualdad y fraternidad (o solidaridad).<\/p>\n<p>La propia historia ha demostrado que esa clasificaci\u00f3n es necesariamente abierta, puesto que a medida que los avances de toda \u00edndole, y por lo que aqu\u00ed respecta los de naturaleza cient\u00edfica y tecnol\u00f3gica, progresan, tal avance influye en los derechos humanos.<\/p>\n<p>De ah\u00ed que las preguntas de investigaci\u00f3n vayan en la siguiente direcci\u00f3n: 1) <em>\u00bfEn qu\u00e9 medida el progreso cient\u00edfico y, sobre todo hoy, tecnol\u00f3gico y biotecnol\u00f3gico, afecta a los derechos humanos?<\/em> 2) <em>Si afecta, \u00bftal afectaci\u00f3n pude ser negativa y, por tanto, pone en riesgo alg\u00fan derecho humano m\u00e1s que otro?<\/em> 3) <em>En tal caso, \u00bfcu\u00e1l o cu\u00e1les en concreto?<\/em><\/p>\n<p>La metodolog\u00eda es necesariamente cualitativa, basada en la observaci\u00f3n indirecta y en la inferencia, m\u00e9todo que no est\u00e1 exento de un an\u00e1lisis descriptivo, explicativo y exploratorio\/confirmatorio.<\/p>\n<p>El objetivo general es averiguar, en efecto, si la tecnolog\u00eda m\u00e1s avanzada, m\u00e1s en concreto la Inteligencia Artificial (en adelante, IA) y la Neurociencia, vulneran o pueden vulnerar la esfera de los derechos humanos.<\/p>\n<p>Los objetivos espec\u00edficos coinciden con los apartados del presente art\u00edculo.<\/p>\n<h4>Todo esto es lo que tratamos de analizar en este trabajo cient\u00edfico.<\/h4>\n<ol>\n<li>\n<h4><strong>KAREL VASAK: TRES GENERACIONES DE DERECHOS HUMANOS<\/strong><\/h4>\n<\/li>\n<\/ol>\n<p>Como acabamos de decir, la divisi\u00f3n de los derechos humanos en tres generaciones fue propuesta por primera vez por\u00a0<a href=\"http:\/\/es.wikipedia.org\/wiki\/Karel_Vasak\">Karel Vasak<\/a>\u00a0en\u00a0<a href=\"http:\/\/es.wikipedia.org\/wiki\/1979\">1979<\/a>. Cada una se asocia a uno de los grandes valores proclamados en la\u00a0<a href=\"http:\/\/es.wikipedia.org\/wiki\/Revoluci%C3%B3n_francesa\">Revoluci\u00f3n Francesa<\/a>:\u00a0<a href=\"http:\/\/es.wikipedia.org\/wiki\/Libertad,_igualdad,_fraternidad\">libertad, igualdad, fraternidad<\/a>.<\/p>\n<p><a href=\"https:\/\/www.observatoriobioetica.org\/wp-content\/uploads\/2022\/11\/162292952_s.jpg\" data-caption=\"\"><img loading=\"lazy\" decoding=\"async\" class=\"wp-image-40542 ls-is-cached lazyloaded aligncenter\" src=\"https:\/\/www.observatoriobioetica.org\/wp-content\/uploads\/2022\/11\/162292952_s-1024x462.jpg\" alt=\"\" width=\"765\" height=\"345\" data-srcset=\"https:\/\/www.observatoriobioetica.org\/wp-content\/uploads\/2022\/11\/162292952_s-200x90.jpg 200w, https:\/\/www.observatoriobioetica.org\/wp-content\/uploads\/2022\/11\/162292952_s-300x135.jpg 300w, https:\/\/www.observatoriobioetica.org\/wp-content\/uploads\/2022\/11\/162292952_s-400x181.jpg 400w, https:\/\/www.observatoriobioetica.org\/wp-content\/uploads\/2022\/11\/162292952_s-600x271.jpg 600w, https:\/\/www.observatoriobioetica.org\/wp-content\/uploads\/2022\/11\/162292952_s-768x347.jpg 768w, https:\/\/www.observatoriobioetica.org\/wp-content\/uploads\/2022\/11\/162292952_s-800x361.jpg 800w, https:\/\/www.observatoriobioetica.org\/wp-content\/uploads\/2022\/11\/162292952_s-1024x462.jpg 1024w, https:\/\/www.observatoriobioetica.org\/wp-content\/uploads\/2022\/11\/162292952_s.jpg 1030w\" data-src=\"https:\/\/www.observatoriobioetica.org\/wp-content\/uploads\/2022\/11\/162292952_s-1024x462.jpg\" data-sizes=\"(max-width: 765px) 100vw, 765px\" \/><\/a><\/p>\n<p>Los derechos civiles y pol\u00edticos de primera generaci\u00f3n, son aquellos que inciden sobre la expresi\u00f3n de libertad de los individuos. Con ellos se pretendi\u00f3 limitar el poder del Estado (absolutismo mon\u00e1rquico) frente a los individuos, intentando evitar la ileg\u00edtima injerencia del poder pol\u00edtico en las conciencias y otros terrenos privativos del ciudadano.<\/p>\n<p>Podemos marcar su comienzo en la\u00a0<em>Declaraci\u00f3n de Independencia de los Estados Unidos<\/em>, de 4 de julio de 1776; y la\u00a0<em>Declaraci\u00f3n de los Derechos del Hombre y del Ciudadano de 1789<\/em>, fruto de la Revoluci\u00f3n Francesa.<\/p>\n<p>Seg\u00fan unos autores, Bustamante (2001), fue el constitucionalismo y el liberalismo progresista quienes impulsaron la inclusi\u00f3n de dichos derechos en las Constituciones de los Estados nacionales europeos a finales del siglo XVIII y durante el siglo XIX, favoreciendo as\u00ed la universalizaci\u00f3n de los derechos civiles y pol\u00edticos b\u00e1sicos.<\/p>\n<p>Sin embargo, es m\u00e1s com\u00fan reconocer el m\u00e9rito al iusnaturalismo de corte racionalista, algo anterior a esa \u00e9poca, que entiende los derechos humanos como derechos naturales porque \u201cconcibe la existencia de un Derecho Natural como un c\u00f3digo de normas generales, universales e inmutables, [y que] tiene una repercusi\u00f3n hist\u00f3rica muy concreta en la aparici\u00f3n de los derechos humanos como derechos inherentes al hombre que el Estado reconoce y garantiza\u201d (E. Bea en De Lucas, 1997, p. 328).<\/p>\n<p>El derecho a la intimidad de la persona, a su libertad frente al Estado, su integridad f\u00edsica o las garant\u00edas procesales, son derechos que tienen como soporte el iusnaturalismo, la filosof\u00eda de la ilustraci\u00f3n y las teor\u00edas del contrato social: Grocio, Pufendorf, Locke, Rousseau, \u2026<\/p>\n<p>Los derechos econ\u00f3micos, sociales y culturales de segunda generaci\u00f3n se incorporan a partir de una tradici\u00f3n de pensamiento humanista y socialista, en concreto a partir de finales del siglo XIX y primera mitad del XX. Impulsores son Marx, Engels o la Constituci\u00f3n de la Rep\u00fablica de Weimar. Son, como decimos, de naturaleza econ\u00f3mica y social, e inciden sobre la expresi\u00f3n de igualdad de los individuos.<\/p>\n<p>Los derechos de primera generaci\u00f3n defend\u00edan a los ciudadanos frente al poder del Estado, pero ahora se exige cierta intervenci\u00f3n de \u00e9ste para garantizar un acceso igualitario a los derechos que de forma aut\u00f3noma no se pueden alcanzar (o no todos los pueden alcanzar).<\/p>\n<p>Se ped\u00eda as\u00ed que el Estado garantice el acceso a la educaci\u00f3n, el trabajo, la salud, la protecci\u00f3n social, la vivienda, el salario, el descanso, el sufragio, etc.<\/p>\n<p>Los llamados derechos de la solidaridad constituyen una tercera generaci\u00f3n que se concreta hist\u00f3ricamente en la segunda mitad del siglo XX, fundamentalmente despu\u00e9s de la Segunda Guerra Mundial.<\/p>\n<p>Seg\u00fan Bustamante (2001), esta vez, su motor impulsor ser\u00e1 la acci\u00f3n de determinados colectivos que reclaman leg\u00edtimos derechos. Se comienzan a configurar en forma de declaraciones sectoriales que protegen los derechos de colectivos discriminados: grupos de edad, minor\u00edas \u00e9tnicas o religiosas, parados, pa\u00edses del Tercer Mundo, que se ven afectados por alguna de las m\u00faltiples manifestaciones que cobra la discriminaci\u00f3n econ\u00f3mica y\/o social.<\/p>\n<p>Con ellos se trata de luchar contra la alienaci\u00f3n del individuo (Ballesteros, 1992, pp. 137 y ss.).<\/p>\n<p>Contin\u00faa Bustamante diciendo que comienzan a reivindicarse con fuerza los derechos a la paz y a una justicia internacional, a poder intervenir desde instituciones de car\u00e1cter supranacional en los conflictos armados locales, imponiendo la paz desde una fuerza leg\u00edtima. El derecho a escoger modelos de desarrollo sostenible que garanticen la diversidad y que permitan preservar el medio ambiente natural, as\u00ed como el patrimonio cultural de la humanidad.<\/p>\n<ol start=\"2\">\n<li>\n<h4><strong>INFORM\u00c1TICA Y DERECHOS HUMANOS<\/strong><\/h4>\n<\/li>\n<\/ol>\n<p>Con la irrupci\u00f3n de la inform\u00e1tica en nuestras vidas y de los avances biotecnol\u00f3gicos en el campo de las ciencias de la vida y de la salud, se estuvo pidiendo por parte de algunos estudiosos en la materia una nueva generaci\u00f3n de derechos humanos.<\/p>\n<p>No vamos a hablar de la influencia de la inform\u00e1tica en nuestra vida diaria. Todos la vivimos en nuestra cotidianidad y, por tanto, no vamos a descubrir nada en este sentido.<\/p>\n<p>Ahora bien, tal avance inform\u00e1tico, por ejemplo, ha dado lugar en la investigaci\u00f3n y la docencia a los llamados Recursos 3.0, es decir, el manejo de nuevas herramientas utilizadas como recursos para impartir las clases o para la investigaci\u00f3n cient\u00edfica (art\u00edculos 26, 27 de la Declaraci\u00f3n Universal de Derechos Humanos), como audiovisuales o buscadores, muy \u00fatiles y habituales hoy, pero que en ocasiones pueden vulnerar, ponemos por caso, derechos de propiedad intelectual. De ah\u00ed el cuidado que debe tenerse en la utilizaci\u00f3n de los mismos.<\/p>\n<p>Por otro lado, la compraventa o publicaci\u00f3n de bienes de ocio a trav\u00e9s de Internet, la utilizaci\u00f3n de redes sociales, adem\u00e1s de la aparici\u00f3n de nuevos delitos, ahora inform\u00e1ticos, tiene como consecuencia repensar determinados derechos que pueden ser vulnerados, como los econ\u00f3micos (extorsi\u00f3n, art\u00edculo 243; estafa, art\u00edculos 248 y siguientes, todos ellos del C\u00f3digo Penal), o que se tenga que salvaguardar mejor la protecci\u00f3n de los datos de car\u00e1cter personal (como la Ley Org\u00e1nica 3\/18 de protecci\u00f3n de datos personales y garant\u00eda de los derechos digitales y la Ley Org\u00e1nica 7\/21 de protecci\u00f3n de datos personales tratados para fines de prevenci\u00f3n, detecci\u00f3n, investigaci\u00f3n y enjuiciamiento de infracciones penales y de ejecuci\u00f3n de sanciones penales).<\/p>\n<p>El art\u00edculo 18.4 de nuestra Constituci\u00f3n (regulaci\u00f3n legislativa del uso de la inform\u00e1tica), los art\u00edculos 8.1 de la Carta Europea de Derechos Fundamentales y 16.1 del Tratado de Funcionamiento de la Uni\u00f3n Europea (protecci\u00f3n de datos de car\u00e1cter personal) adquieren hoy m\u00e1s importancia que nunca.<\/p>\n<p>Aparecen, pues, los derechos digitales.<\/p>\n<p>Por su parte, los avances biotecnol\u00f3gicos hacen que conceptos cl\u00e1sicos del derecho tengan que revisarse, \u201creinventarse\u201d o \u201creclasificarse\u201d. Sin ir m\u00e1s lejos, pi\u00e9nsese en los efectos del diagn\u00f3stico gen\u00e9tico preimplantacional en el derecho a la vida o, en su caso, la FIV o la Maternidad Subrogada en el derecho de familia.<\/p>\n<p>Pues bien, dando un paso m\u00e1s, \u00bfpodemos hablar ya de una nueva generaci\u00f3n de derechos humanos 4.0?<\/p>\n<ol start=\"3\">\n<li>\n<h4><strong>DERECHOS HUMANOS 4.0<\/strong><\/h4>\n<\/li>\n<\/ol>\n<p>Las tecnolog\u00edas m\u00e1s avanzadas est\u00e1n influyendo en nuestra vida cotidiana: desde dispositivos m\u00f3viles, incluso a modo\u00a0<a href=\"https:\/\/www.observatoriobioetica.org\/wp-content\/uploads\/2021\/07\/tecnologia-inteligencia-artificial-PIXABAY.jpg\" data-caption=\"\"><img loading=\"lazy\" decoding=\"async\" class=\"wp-image-36556 alignright ls-is-cached lazyloaded\" src=\"https:\/\/www.observatoriobioetica.org\/wp-content\/uploads\/2021\/07\/tecnologia-inteligencia-artificial-PIXABAY-300x200.jpg\" alt=\"\" width=\"286\" height=\"190\" data-srcset=\"https:\/\/www.observatoriobioetica.org\/wp-content\/uploads\/2021\/07\/tecnologia-inteligencia-artificial-PIXABAY-300x200.jpg 300w, https:\/\/www.observatoriobioetica.org\/wp-content\/uploads\/2021\/07\/tecnologia-inteligencia-artificial-PIXABAY-600x400.jpg 600w, https:\/\/www.observatoriobioetica.org\/wp-content\/uploads\/2021\/07\/tecnologia-inteligencia-artificial-PIXABAY-768x512.jpg 768w, https:\/\/www.observatoriobioetica.org\/wp-content\/uploads\/2021\/07\/tecnologia-inteligencia-artificial-PIXABAY.jpg 957w\" data-src=\"https:\/\/www.observatoriobioetica.org\/wp-content\/uploads\/2021\/07\/tecnologia-inteligencia-artificial-PIXABAY-300x200.jpg\" data-sizes=\"(max-width: 286px) 100vw, 286px\" \/><\/a>de relojes, hasta autom\u00f3viles que se\u00a0conducen\u00a0de modo aut\u00f3nomo; apps donde podemos operar gestiones rutinarias, incluso bancarias. T\u00e9rminos y conceptos que ya utilizamos en nuestro d\u00eda a d\u00eda sin darles m\u00e1s importancia, como la Inteligencia Artificial o el Big data.<\/p>\n<p>Si est\u00e1n utiliz\u00e1ndose en la vida diaria, ten\u00eda que llegar tambi\u00e9n a otros campos m\u00e1s especializados, sobre todo profesionalmente: Marketing, Econom\u00eda, Medicina y, desde luego, Derecho.<\/p>\n<p>Pero lo que ocurre en el Derecho, como venimos diciendo, es que siempre que se abren nuevos campos sociales, surge la pregunta de si hay que adaptar el Derecho ya construido a las novedades, en este caso tecnol\u00f3gicas, o bien se han de crear nuevos derechos.<\/p>\n<p>Y tal cuestionamiento contin\u00faa siendo l\u00f3gico, porque, como dec\u00edamos\u00a0<em>supra<\/em>, todo evoluciona y los cambios en las tecnolog\u00edas y biotecnolog\u00edas acaban influyendo en los derechos que, en cualquier caso, hay que proteger: como todo cambio o, m\u00e1s bien, toda novedad, no deja de tener la caracter\u00edstica de la ambig\u00fcedad, de tal modo que dependiendo de la intenci\u00f3n o finalidad de su utilizaci\u00f3n, \u00e9sta puede vulnerar derechos y, por ende y antes que nada, derechos humanos.<\/p>\n<p>Pero es que en este caso, su mera utilizaci\u00f3n ya genera el deber de su regulaci\u00f3n: \u00bfa qui\u00e9n no le ha ocurrido comprobar con sorpresa, o ya sin sorpresa, la invitaci\u00f3n repentina a incluir en nuestros TL nuevos contactos o nuevos temas simplemente por dar \u201clikes\u201d en Twitter o Facebook, todo ello producto de los algoritmos, la IA y el Big data?<\/p>\n<p>Esa situaci\u00f3n tiene consecuencias en nuestra esfera \u00edntima, lo que ocurre es que al ser tan cotidiana, ni nos damos cuenta ni le damos importancia. Inocentemente, estamos dando informaci\u00f3n no ya sobre nuestros gustos, sino sobre nuestras preferencias y nuestras opciones vitales, sabi\u00e9ndose incluso hasta c\u00f3mo pensamos y sobre qu\u00e9.<\/p>\n<p>Si eso ocurre a diario, excusamos decir cuando tales avances se aplican al campo de la Medicina.<\/p>\n<p>La cita de Barona (2022, pp. 28-29) que ahora recogemos es larga, pero de necesaria lectura:<\/p>\n<p>\u00abBaste pensar en las piernas bi\u00f3nicas, las manos artificiales con sentido de tacto, el marcapasos del coraz\u00f3n y sobre todo el marcapasos cerebral que se muestra como la salvaci\u00f3n a las enfermedades degenerativas cerebrales, sin olvidar los avances de la nanotecnolog\u00eda que de forma reciente ofrecen los nanorobots para introducir en el cuerpo humano para eliminar las secuelas de los organismos con COVID\u2026; son todos ellos avances en los que la tecnolog\u00eda de \u00faltima generaci\u00f3n ofrecen una indiscutible mejora del bienestar humano. Debe fijarse los l\u00edmites de su extensi\u00f3n, que est\u00e1 provocando la conversi\u00f3n de la Humanidad en una Tecnohumanidad, una humanidad aumentada o hibridada, posici\u00f3n defendida por los transhumanistas, que avizoran la desaparici\u00f3n del ser humano y abogan por la superaci\u00f3n de la creatura humana por el Cyborg (h\u00edbrido)\u00bb.<\/p>\n<p>De ah\u00ed que el Libro Blanco sobre la\u00a0<a href=\"https:\/\/www.observatoriobioetica.org\/?s=Inteligencia+Artificial&amp;post_type%5B%5D=any&amp;search_limit_to_post_titles=0&amp;fs=1\">Inteligencia Artificial<\/a>\u00a0de la Uni\u00f3n Europea, elaborado por la Comisi\u00f3n Europea, haga esta rotunda afirmaci\u00f3n (2020, p. 13):<\/p>\n<p>\u00abAunque la IA puede ofrecer muchas ventajas, por ejemplo, mejorando la seguridad de los productos y los procedimientos, tambi\u00e9n puede resultar nociva. Los da\u00f1os pueden ser tanto materiales (para la seguridad y la salud de las personas, con consecuencias como la muerte, y menoscabos al patrimonio) como inmateriales (p\u00e9rdida de privacidad, limitaciones del derecho de libertad de expresi\u00f3n, dignidad humana, discriminaci\u00f3n en el acceso al empleo, etc.) y pueden estar vinculados a una gran variedad de riesgos. El marco regulador debe centrarse en c\u00f3mo minimizar los distintos riesgos de sufrir da\u00f1os, especialmente los m\u00e1s significativos.<\/p>\n<p><a href=\"https:\/\/www.observatoriobioetica.org\/wp-content\/uploads\/2021\/07\/cuadrada.jpg\" data-caption=\"\"><img loading=\"lazy\" decoding=\"async\" class=\"wp-image-36550 alignleft lazyloaded\" src=\"https:\/\/www.observatoriobioetica.org\/wp-content\/uploads\/2021\/07\/cuadrada-300x295.jpg\" alt=\"\" width=\"252\" height=\"247\" data-srcset=\"https:\/\/www.observatoriobioetica.org\/wp-content\/uploads\/2021\/07\/cuadrada-300x295.jpg 300w, https:\/\/www.observatoriobioetica.org\/wp-content\/uploads\/2021\/07\/cuadrada.jpg 600w\" data-src=\"https:\/\/www.observatoriobioetica.org\/wp-content\/uploads\/2021\/07\/cuadrada-300x295.jpg\" data-sizes=\"(max-width: 252px) 100vw, 252px\" \/><\/a>Los principales riesgos relacionados con el uso de la inteligencia artificial afectan a la aplicaci\u00f3n de las normas dise\u00f1adas para proteger los derechos fundamentales (como la protecci\u00f3n de los datos personales y la privacidad, o la no discriminaci\u00f3n) y la seguridad, as\u00ed como a las cuestiones relativas a la responsabilidad civil\u00bb.<\/p>\n<p>As\u00ed como tambi\u00e9n la elaboraci\u00f3n de normas internacionales como el Reglamento (UE) 2017\/745 sobre productos sanitarios. Por no hablar de la influencia de la inform\u00e1tica y la tecnolog\u00eda en los derechos de los pacientes, como por ejemplo es el caso del consentimiento informado o la historia cl\u00ednica; o por la posible Responsabilidad Civil Sanitaria por los da\u00f1os que pueda ocasionar la elaboraci\u00f3n de una defectuosa tecnolog\u00eda y\/o la aplicaci\u00f3n de la misma con mala praxis.<\/p>\n<p>Llegando incluso a aparecer un nuevo Derecho, el Neuroderecho (con los consiguientes neuroderechos), que al decir de Lolas &amp; Cornejo (2017, p. 67) \u201ces la traducci\u00f3n del anglicismo neurolaw, que no es m\u00e1s que la interfaz entre todas aquellas disciplinas aglutinadas bajo el r\u00f3tulo de neurociencias y derecho\u201d.<\/p>\n<ol start=\"4\">\n<li>\n<h4><strong>CONCLUSIONES<\/strong><\/h4>\n<\/li>\n<\/ol>\n<p>Con la Bio\u00e9tica y el Bioderecho a los juristas se nos exigi\u00f3 un esfuerzo en el estudio de disciplinas que antes eran ajenas al Derecho. Es m\u00e1s, \u00bflos juristas ten\u00edamos derecho a ejercer una acci\u00f3n que no era otra cosa que un intrusismo? \u00bfEse intrusismo era bien intencionado, sobre todo teniendo en cuenta que las Leyes permiten, pero tambi\u00e9n obligan y proh\u00edben, es decir, imponen l\u00edmites?<\/p>\n<p>Aparisi (2007, p. 74) ya lo advert\u00eda al decir: \u201cTambi\u00e9n a nivel f\u00e1ctico, se advierte una cierta reticencia en los juristas para adentrarse en problemas que, a primera vista, pueden parecer m\u00e1s propios de los cient\u00edficos o de los fil\u00f3sofos morales. Otro posible obst\u00e1culo a salvar por el bioderecho es la \u00abnovedad\u00bb y especificidad que implican los conflictos bio\u00e9ticos, el tipo de razonamiento que conllevan, as\u00ed como su ya mencionada interdisciplinariedad.\u201d<\/p>\n<p>En su comienzo, tales disciplinas se residenciaban en la Biolog\u00eda y en la Medicina.<\/p>\n<p>\u00c1lvarez (2004, pp. 2-3), por su parte, hablaba de problemas nuevos y de Nueva Medicina: \u201cLas decisiones morales se han tornado decisiones de gran complejidad durante el pasado siglo XX, por varias razones: por un lado, la gran dificultad intr\u00ednseca de los problemas nuevos que se nos plantean: manipulaci\u00f3n gen\u00e9tica, diagn\u00f3stico prenatal, t\u00e9cnicas de reproducci\u00f3n asistida, consentimiento informado, muerte cerebral, trasplante de \u00f3rganos, limitaci\u00f3n del esfuerzo terap\u00e9utico, etc. Por otro lado, el \u00e1mbito donde se plantean estos problemas se ha transformado. La creciente complejidad de las relaciones asistenciales, debido al desarrollo de la Nueva Medicina, (\u2026).\u201d<\/p>\n<p>Pero en estos momentos, los nuevos avances en tecnolog\u00eda y biotecnolog\u00eda han generado \u00bfnuevos derechos? \u00bfNuevas disciplinas? \u00bfSub-disciplinas? \u00bfSimplemente, especializaci\u00f3n? Y ha sido as\u00ed por la influencia de las mismas en el Derecho que le obligan a regularlas, al ser esta la ciencia adecuada, precisamente, para proteger los derechos de las personas que pueden verse vulnerados por los da\u00f1os ocasionados a causa de la elaboraci\u00f3n y\/o aplicaci\u00f3n de tales avances.<\/p>\n<p>Esas nuevas tecnolog\u00edas deben dar confianza, motivo por el cual la seguridad jur\u00eddica (art\u00edculo 9.3 de la Constituci\u00f3n Espa\u00f1ola) debe ser uno de los principios jur\u00eddicos fundamentales en este campo.<\/p>\n<p>Inteligencia Artificial, Big data, algoritmos, Neurociencia, Neuroderecho, Metaverso\u2026 todo un mundo nuevo que es necesario y hasta perentorio investigar. Si recordamos las palabras de Barona, no es exagerado afirmar que hay mucho en juego.<\/p>\n<p>&nbsp;<\/p>\n<p>&nbsp;<\/p>\n<p>David Guillem-Tatay<\/p>\n<p><a href=\"https:\/\/www.observatoriobioetica.org\/\">Observatorio de Bio\u00e9tica de la UCV<\/a><\/p>\n<p>Instituto de Ciencias de la Vida<\/p>\n<p>&nbsp;<\/p>\n<h4><strong>BIBLIOGRAF\u00cdA<\/strong><\/h4>\n<p>\u00c1lvarez, J.C. (2004).\u00a0<em>Comit\u00e9s de \u00c9tica Asistencial<\/em>. Recuperado de:<\/p>\n<p><a href=\"http:\/\/envejecimiento.csic.es\/documentos\/documentos\/alvarez-comites-01.pdf\">http:\/\/envejecimiento.csic.es\/documentos\/documentos\/alvarez-comites-01.pdf<\/a><\/p>\n<p>Aparisi, A. (2007).\u00a0<em>Bio\u00e9tica, bioderecho, biojur\u00eddica (Reflexiones desde la filosof\u00eda del derecho)<\/em>. Recuperado de:<\/p>\n<p>file:\/\/\/C:\/Users\/David\/Downloads\/Dialnet-BioeticaBioderechoYBiojuridicaReflexionesDesdeLaFi-2769929.pdf<\/p>\n<p>Ballesteros, J. (Ed.) (1992).\u00a0<em>Derechos Humanos<\/em>. Editorial Tecnos: Madrid.<\/p>\n<p>Barona, S. (2022).\u00a0<em>Justicia algor\u00edtmica y neuroderecho. Una mirada multidisciplinar<\/em>. Editorial Tirant lo Blanch: Valencia.<\/p>\n<p>Bustamante, J. (2001).\u00a0<em>Hacia la cuarta generaci\u00f3n de derechos humanos<\/em>.\u00a0<em>Revista electr\u00f3nica CTS+I<\/em>, 1. Organizaci\u00f3n de Estados Iberoamericanos.<\/p>\n<p>Castro Nogueira, L., Castro Nogueira, M. A., &amp; Morales Navarro, J. (2005).\u00a0<em>Metodolog\u00eda de las ciencias sociales<\/em>. Editorial Tecnos: Madrid.<\/p>\n<p>C\u00f3digo Penal. Recuperado de:<\/p>\n<p><a href=\"https:\/\/www.boe.es\/buscar\/act.php?id=BOE-A-1995-25444\">https:\/\/www.boe.es\/buscar\/act.php?id=BOE-A-1995-25444<\/a><\/p>\n<p>Comisi\u00f3n Europea.\u00a0<em>Libro Blanco sobre Inteligencia Artificial \u2013 un enfoque europeo orientado a la excelencia y la confianza<\/em>. Recuperado de:<\/p>\n<p><a href=\"https:\/\/ec.europa.eu\/info\/sites\/default\/files\/commission-white-paper-artificial-intelligence-feb2020_es.pdf\">https:\/\/ec.europa.eu\/info\/sites\/default\/files\/commission-white-paper-artificial-intelligence-feb2020_es.pdf<\/a><\/p>\n<p>De Lucas, J. (Coord.) (1997).\u00a0<em>Introducci\u00f3n a la teor\u00eda del derecho<\/em>. Editorial Tirant lo blanch: Valencia.<\/p>\n<p>Garc\u00eda Ferrando, M., et al. (1986).\u00a0<em>El an\u00e1lisis de la realidad social. M\u00e9todos y t\u00e9cnicas de investigaci\u00f3n<\/em>. Alianza Editorial: Madrid.<\/p>\n<p>Legislaci\u00f3n Bio\u00e9tica. Recuperado de:<\/p>\n<p><a href=\"https:\/\/observatoriobioetica.org\/\">https:\/\/observatoriobioetica.org<\/a><\/p>\n<p>Lolas, F. &amp; Cornejo, I. (2017).\u00a0<em>Neurociencias, Neurobio\u00e9tica y Derecho: culturas epist\u00e9micas y comunidades de pr\u00e1ctica<\/em>. XIX N\u00famero especial de\u00a0<em>Bio\u00e9tica<\/em>: Buenos Aires (Argentina). Recuperado de: https\/\/:bit.ly\/3d9MJ5i<\/p>\n<p>P\u00e9rez Lu\u00f1o, A.-E. (2010).\u00a0<em>Derechos Humanos, Estado de Derecho y Constituci\u00f3n<\/em>. Editorial Tecnos: Madrid.<\/p>\n<p>Romeo Casabona, C. (coord.). (2022).\u00a0<em>Manual de Bioderecho (Adaptado para la docencia en ciencias, ciencias de la salud y ciencias sociales y jur\u00eddicas)<\/em>. Editorial Dykinson: Madrid.<\/p>\n","protected":false},"excerpt":{"rendered":"<p>De Karel Vasak a los derechos humanos 4.0<\/p>\n","protected":false},"author":87,"featured_media":66372,"comment_status":"closed","ping_status":"closed","sticky":false,"template":"","format":"standard","meta":{"_acf_changed":false,"_crdt_document":"","inline_featured_image":false,"footnotes":""},"categories":[130],"tags":[728,802,3454,4953],"class_list":["post-66371","post","type-post","status-publish","format-standard","has-post-thumbnail","hentry","category-voces","tag-bioetica","tag-derechos-humanos","tag-inteligencia-artificial","tag-trending-es"],"acf":[],"yoast_head":"<!-- This site is optimized with the Yoast SEO plugin v27.5 - https:\/\/yoast.com\/product\/yoast-seo-wordpress\/ -->\n<title>Derechos humanos, inteligencia artificial y neuroderecho &#8211; Exaudi<\/title>\n<meta name=\"robots\" content=\"index, follow, max-snippet:-1, max-image-preview:large, max-video-preview:-1\" \/>\n<link rel=\"canonical\" href=\"https:\/\/exaudi.org\/es\/derechos-humanos-inteligencia-artificial-y-neuroderecho\/\" \/>\n<meta property=\"og:locale\" content=\"es_ES\" \/>\n<meta property=\"og:type\" content=\"article\" \/>\n<meta property=\"og:title\" content=\"Derechos humanos, inteligencia artificial y neuroderecho &#8211; Exaudi\" \/>\n<meta property=\"og:description\" content=\"De Karel Vasak a los derechos humanos 4.0\" \/>\n<meta property=\"og:url\" content=\"https:\/\/exaudi.org\/es\/derechos-humanos-inteligencia-artificial-y-neuroderecho\/\" \/>\n<meta property=\"og:site_name\" content=\"Exaudi\" \/>\n<meta property=\"article:publisher\" content=\"https:\/\/www.facebook.com\/ExaudiNews\" \/>\n<meta property=\"article:author\" content=\"https:\/\/www.facebook.com\/observatoriodebioetica\/\" \/>\n<meta property=\"article:published_time\" content=\"2022-12-01T08:00:13+00:00\" \/>\n<meta property=\"og:image\" content=\"https:\/\/exaudi.org\/wp-content\/uploads\/2022\/11\/pexels-tara-winstead-8386434-scaled.jpg\" \/>\n\t<meta property=\"og:image:width\" content=\"2560\" \/>\n\t<meta property=\"og:image:height\" content=\"1707\" \/>\n\t<meta property=\"og:image:type\" content=\"image\/jpeg\" \/>\n<meta name=\"author\" content=\"Observatorio de Bio\u00e9tica UCV\" \/>\n<meta name=\"twitter:card\" content=\"summary_large_image\" \/>\n<meta name=\"twitter:creator\" content=\"@obioetica\" \/>\n<meta name=\"twitter:site\" content=\"@Exaudi_News\" \/>\n<meta name=\"twitter:label1\" content=\"Escrito por\" \/>\n\t<meta name=\"twitter:data1\" content=\"Observatorio de Bio\u00e9tica UCV\" \/>\n\t<meta name=\"twitter:label2\" content=\"Tiempo de lectura\" \/>\n\t<meta name=\"twitter:data2\" content=\"15 minutos\" \/>\n<script type=\"application\/ld+json\" class=\"yoast-schema-graph\">{\"@context\":\"https:\\\/\\\/schema.org\",\"@graph\":[{\"@type\":\"Article\",\"@id\":\"https:\\\/\\\/exaudi.org\\\/es\\\/derechos-humanos-inteligencia-artificial-y-neuroderecho\\\/#article\",\"isPartOf\":{\"@id\":\"https:\\\/\\\/exaudi.org\\\/es\\\/derechos-humanos-inteligencia-artificial-y-neuroderecho\\\/\"},\"author\":{\"name\":\"Observatorio de Bio\u00e9tica UCV\",\"@id\":\"https:\\\/\\\/exaudi.org\\\/#\\\/schema\\\/person\\\/05d1c06e56ecb5490e9bff0d27026595\"},\"headline\":\"Derechos humanos, inteligencia artificial y neuroderecho\",\"datePublished\":\"2022-12-01T08:00:13+00:00\",\"mainEntityOfPage\":{\"@id\":\"https:\\\/\\\/exaudi.org\\\/es\\\/derechos-humanos-inteligencia-artificial-y-neuroderecho\\\/\"},\"wordCount\":3067,\"image\":{\"@id\":\"https:\\\/\\\/exaudi.org\\\/es\\\/derechos-humanos-inteligencia-artificial-y-neuroderecho\\\/#primaryimage\"},\"thumbnailUrl\":\"https:\\\/\\\/exaudi.org\\\/wp-content\\\/uploads\\\/2022\\\/11\\\/pexels-tara-winstead-8386434-scaled.jpg\",\"keywords\":[\"Bio\u00e9tica\",\"Derechos Humanos\",\"Inteligencia Artificial\",\"Trending\"],\"articleSection\":[\"Voces\"],\"inLanguage\":\"es\"},{\"@type\":\"WebPage\",\"@id\":\"https:\\\/\\\/exaudi.org\\\/es\\\/derechos-humanos-inteligencia-artificial-y-neuroderecho\\\/\",\"url\":\"https:\\\/\\\/exaudi.org\\\/es\\\/derechos-humanos-inteligencia-artificial-y-neuroderecho\\\/\",\"name\":\"Derechos humanos, inteligencia artificial y neuroderecho &#8211; Exaudi\",\"isPartOf\":{\"@id\":\"https:\\\/\\\/exaudi.org\\\/#website\"},\"primaryImageOfPage\":{\"@id\":\"https:\\\/\\\/exaudi.org\\\/es\\\/derechos-humanos-inteligencia-artificial-y-neuroderecho\\\/#primaryimage\"},\"image\":{\"@id\":\"https:\\\/\\\/exaudi.org\\\/es\\\/derechos-humanos-inteligencia-artificial-y-neuroderecho\\\/#primaryimage\"},\"thumbnailUrl\":\"https:\\\/\\\/exaudi.org\\\/wp-content\\\/uploads\\\/2022\\\/11\\\/pexels-tara-winstead-8386434-scaled.jpg\",\"datePublished\":\"2022-12-01T08:00:13+00:00\",\"author\":{\"@id\":\"https:\\\/\\\/exaudi.org\\\/#\\\/schema\\\/person\\\/05d1c06e56ecb5490e9bff0d27026595\"},\"breadcrumb\":{\"@id\":\"https:\\\/\\\/exaudi.org\\\/es\\\/derechos-humanos-inteligencia-artificial-y-neuroderecho\\\/#breadcrumb\"},\"inLanguage\":\"es\",\"potentialAction\":[{\"@type\":\"ReadAction\",\"target\":[\"https:\\\/\\\/exaudi.org\\\/es\\\/derechos-humanos-inteligencia-artificial-y-neuroderecho\\\/\"]}]},{\"@type\":\"ImageObject\",\"inLanguage\":\"es\",\"@id\":\"https:\\\/\\\/exaudi.org\\\/es\\\/derechos-humanos-inteligencia-artificial-y-neuroderecho\\\/#primaryimage\",\"url\":\"https:\\\/\\\/exaudi.org\\\/wp-content\\\/uploads\\\/2022\\\/11\\\/pexels-tara-winstead-8386434-scaled.jpg\",\"contentUrl\":\"https:\\\/\\\/exaudi.org\\\/wp-content\\\/uploads\\\/2022\\\/11\\\/pexels-tara-winstead-8386434-scaled.jpg\",\"width\":2560,\"height\":1707,\"caption\":\"(C) tara-winstead\"},{\"@type\":\"BreadcrumbList\",\"@id\":\"https:\\\/\\\/exaudi.org\\\/es\\\/derechos-humanos-inteligencia-artificial-y-neuroderecho\\\/#breadcrumb\",\"itemListElement\":[{\"@type\":\"ListItem\",\"position\":1,\"name\":\"Portada\",\"item\":\"https:\\\/\\\/exaudi.org\\\/es\\\/\"},{\"@type\":\"ListItem\",\"position\":2,\"name\":\"Derechos humanos, inteligencia artificial y neuroderecho\"}]},{\"@type\":\"WebSite\",\"@id\":\"https:\\\/\\\/exaudi.org\\\/#website\",\"url\":\"https:\\\/\\\/exaudi.org\\\/\",\"name\":\"Exaudi\",\"description\":\"News\",\"potentialAction\":[{\"@type\":\"SearchAction\",\"target\":{\"@type\":\"EntryPoint\",\"urlTemplate\":\"https:\\\/\\\/exaudi.org\\\/?s={search_term_string}\"},\"query-input\":{\"@type\":\"PropertyValueSpecification\",\"valueRequired\":true,\"valueName\":\"search_term_string\"}}],\"inLanguage\":\"es\"},{\"@type\":\"Person\",\"@id\":\"https:\\\/\\\/exaudi.org\\\/#\\\/schema\\\/person\\\/05d1c06e56ecb5490e9bff0d27026595\",\"name\":\"Observatorio de Bio\u00e9tica UCV\",\"image\":{\"@type\":\"ImageObject\",\"inLanguage\":\"es\",\"@id\":\"https:\\\/\\\/secure.gravatar.com\\\/avatar\\\/086563f59595a89fb0851de25d712a03657b1cdfa8af3c9cd0a1ee122fc5d596?s=96&d=mm&r=g\",\"url\":\"https:\\\/\\\/secure.gravatar.com\\\/avatar\\\/086563f59595a89fb0851de25d712a03657b1cdfa8af3c9cd0a1ee122fc5d596?s=96&d=mm&r=g\",\"contentUrl\":\"https:\\\/\\\/secure.gravatar.com\\\/avatar\\\/086563f59595a89fb0851de25d712a03657b1cdfa8af3c9cd0a1ee122fc5d596?s=96&d=mm&r=g\",\"caption\":\"Observatorio de Bio\u00e9tica UCV\"},\"description\":\"El Observatorio de Bio\u00e9tica se encuentra dentro del Instituto Ciencias de la vida de la Universidad Cat\u00f3lica de Valencia \u201cSan Vicente M\u00e1rtir\u201d . En el trasfondo de sus publicaciones, se defiende la vida humana desde la fecundaci\u00f3n a la muerte natural y la dignidad de la persona, teniendo como objetivo aunar esfuerzos para difundir la cultura de la vida como la define la Evangelium Vitae.\",\"sameAs\":[\"https:\\\/\\\/www.observatoriobioetica.org\\\/\",\"https:\\\/\\\/www.facebook.com\\\/observatoriodebioetica\\\/\",\"https:\\\/\\\/x.com\\\/obioetica\",\"https:\\\/\\\/www.youtube.com\\\/channel\\\/UC_Tr4WS5-TXoNo5e1MdQc7w\"],\"url\":\"https:\\\/\\\/exaudi.org\\\/es\\\/author\\\/observatoriodebioeticaucv\\\/\"}]}<\/script>\n<!-- \/ Yoast SEO plugin. -->","yoast_head_json":{"title":"Derechos humanos, inteligencia artificial y neuroderecho &#8211; Exaudi","robots":{"index":"index","follow":"follow","max-snippet":"max-snippet:-1","max-image-preview":"max-image-preview:large","max-video-preview":"max-video-preview:-1"},"canonical":"https:\/\/exaudi.org\/es\/derechos-humanos-inteligencia-artificial-y-neuroderecho\/","og_locale":"es_ES","og_type":"article","og_title":"Derechos humanos, inteligencia artificial y neuroderecho &#8211; Exaudi","og_description":"De Karel Vasak a los derechos humanos 4.0","og_url":"https:\/\/exaudi.org\/es\/derechos-humanos-inteligencia-artificial-y-neuroderecho\/","og_site_name":"Exaudi","article_publisher":"https:\/\/www.facebook.com\/ExaudiNews","article_author":"https:\/\/www.facebook.com\/observatoriodebioetica\/","article_published_time":"2022-12-01T08:00:13+00:00","og_image":[{"width":2560,"height":1707,"url":"https:\/\/exaudi.org\/wp-content\/uploads\/2022\/11\/pexels-tara-winstead-8386434-scaled.jpg","type":"image\/jpeg"}],"author":"Observatorio de Bio\u00e9tica UCV","twitter_card":"summary_large_image","twitter_creator":"@obioetica","twitter_site":"@Exaudi_News","twitter_misc":{"Escrito por":"Observatorio de Bio\u00e9tica UCV","Tiempo de lectura":"15 minutos"},"schema":{"@context":"https:\/\/schema.org","@graph":[{"@type":"Article","@id":"https:\/\/exaudi.org\/es\/derechos-humanos-inteligencia-artificial-y-neuroderecho\/#article","isPartOf":{"@id":"https:\/\/exaudi.org\/es\/derechos-humanos-inteligencia-artificial-y-neuroderecho\/"},"author":{"name":"Observatorio de Bio\u00e9tica UCV","@id":"https:\/\/exaudi.org\/#\/schema\/person\/05d1c06e56ecb5490e9bff0d27026595"},"headline":"Derechos humanos, inteligencia artificial y neuroderecho","datePublished":"2022-12-01T08:00:13+00:00","mainEntityOfPage":{"@id":"https:\/\/exaudi.org\/es\/derechos-humanos-inteligencia-artificial-y-neuroderecho\/"},"wordCount":3067,"image":{"@id":"https:\/\/exaudi.org\/es\/derechos-humanos-inteligencia-artificial-y-neuroderecho\/#primaryimage"},"thumbnailUrl":"https:\/\/exaudi.org\/wp-content\/uploads\/2022\/11\/pexels-tara-winstead-8386434-scaled.jpg","keywords":["Bio\u00e9tica","Derechos Humanos","Inteligencia Artificial","Trending"],"articleSection":["Voces"],"inLanguage":"es"},{"@type":"WebPage","@id":"https:\/\/exaudi.org\/es\/derechos-humanos-inteligencia-artificial-y-neuroderecho\/","url":"https:\/\/exaudi.org\/es\/derechos-humanos-inteligencia-artificial-y-neuroderecho\/","name":"Derechos humanos, inteligencia artificial y neuroderecho &#8211; Exaudi","isPartOf":{"@id":"https:\/\/exaudi.org\/#website"},"primaryImageOfPage":{"@id":"https:\/\/exaudi.org\/es\/derechos-humanos-inteligencia-artificial-y-neuroderecho\/#primaryimage"},"image":{"@id":"https:\/\/exaudi.org\/es\/derechos-humanos-inteligencia-artificial-y-neuroderecho\/#primaryimage"},"thumbnailUrl":"https:\/\/exaudi.org\/wp-content\/uploads\/2022\/11\/pexels-tara-winstead-8386434-scaled.jpg","datePublished":"2022-12-01T08:00:13+00:00","author":{"@id":"https:\/\/exaudi.org\/#\/schema\/person\/05d1c06e56ecb5490e9bff0d27026595"},"breadcrumb":{"@id":"https:\/\/exaudi.org\/es\/derechos-humanos-inteligencia-artificial-y-neuroderecho\/#breadcrumb"},"inLanguage":"es","potentialAction":[{"@type":"ReadAction","target":["https:\/\/exaudi.org\/es\/derechos-humanos-inteligencia-artificial-y-neuroderecho\/"]}]},{"@type":"ImageObject","inLanguage":"es","@id":"https:\/\/exaudi.org\/es\/derechos-humanos-inteligencia-artificial-y-neuroderecho\/#primaryimage","url":"https:\/\/exaudi.org\/wp-content\/uploads\/2022\/11\/pexels-tara-winstead-8386434-scaled.jpg","contentUrl":"https:\/\/exaudi.org\/wp-content\/uploads\/2022\/11\/pexels-tara-winstead-8386434-scaled.jpg","width":2560,"height":1707,"caption":"(C) tara-winstead"},{"@type":"BreadcrumbList","@id":"https:\/\/exaudi.org\/es\/derechos-humanos-inteligencia-artificial-y-neuroderecho\/#breadcrumb","itemListElement":[{"@type":"ListItem","position":1,"name":"Portada","item":"https:\/\/exaudi.org\/es\/"},{"@type":"ListItem","position":2,"name":"Derechos humanos, inteligencia artificial y neuroderecho"}]},{"@type":"WebSite","@id":"https:\/\/exaudi.org\/#website","url":"https:\/\/exaudi.org\/","name":"Exaudi","description":"News","potentialAction":[{"@type":"SearchAction","target":{"@type":"EntryPoint","urlTemplate":"https:\/\/exaudi.org\/?s={search_term_string}"},"query-input":{"@type":"PropertyValueSpecification","valueRequired":true,"valueName":"search_term_string"}}],"inLanguage":"es"},{"@type":"Person","@id":"https:\/\/exaudi.org\/#\/schema\/person\/05d1c06e56ecb5490e9bff0d27026595","name":"Observatorio de Bio\u00e9tica UCV","image":{"@type":"ImageObject","inLanguage":"es","@id":"https:\/\/secure.gravatar.com\/avatar\/086563f59595a89fb0851de25d712a03657b1cdfa8af3c9cd0a1ee122fc5d596?s=96&d=mm&r=g","url":"https:\/\/secure.gravatar.com\/avatar\/086563f59595a89fb0851de25d712a03657b1cdfa8af3c9cd0a1ee122fc5d596?s=96&d=mm&r=g","contentUrl":"https:\/\/secure.gravatar.com\/avatar\/086563f59595a89fb0851de25d712a03657b1cdfa8af3c9cd0a1ee122fc5d596?s=96&d=mm&r=g","caption":"Observatorio de Bio\u00e9tica UCV"},"description":"El Observatorio de Bio\u00e9tica se encuentra dentro del Instituto Ciencias de la vida de la Universidad Cat\u00f3lica de Valencia \u201cSan Vicente M\u00e1rtir\u201d . En el trasfondo de sus publicaciones, se defiende la vida humana desde la fecundaci\u00f3n a la muerte natural y la dignidad de la persona, teniendo como objetivo aunar esfuerzos para difundir la cultura de la vida como la define la Evangelium Vitae.","sameAs":["https:\/\/www.observatoriobioetica.org\/","https:\/\/www.facebook.com\/observatoriodebioetica\/","https:\/\/x.com\/obioetica","https:\/\/www.youtube.com\/channel\/UC_Tr4WS5-TXoNo5e1MdQc7w"],"url":"https:\/\/exaudi.org\/es\/author\/observatoriodebioeticaucv\/"}]}},"jetpack_featured_media_url":"https:\/\/exaudi.org\/wp-content\/uploads\/2022\/11\/pexels-tara-winstead-8386434-scaled.jpg","jetpack_shortlink":"https:\/\/wp.me\/pgKjF2-hgv","_links":{"self":[{"href":"https:\/\/exaudi.org\/es\/wp-json\/wp\/v2\/posts\/66371","targetHints":{"allow":["GET"]}}],"collection":[{"href":"https:\/\/exaudi.org\/es\/wp-json\/wp\/v2\/posts"}],"about":[{"href":"https:\/\/exaudi.org\/es\/wp-json\/wp\/v2\/types\/post"}],"author":[{"embeddable":true,"href":"https:\/\/exaudi.org\/es\/wp-json\/wp\/v2\/users\/87"}],"replies":[{"embeddable":true,"href":"https:\/\/exaudi.org\/es\/wp-json\/wp\/v2\/comments?post=66371"}],"version-history":[{"count":0,"href":"https:\/\/exaudi.org\/es\/wp-json\/wp\/v2\/posts\/66371\/revisions"}],"wp:featuredmedia":[{"embeddable":true,"href":"https:\/\/exaudi.org\/es\/wp-json\/wp\/v2\/media\/66372"}],"wp:attachment":[{"href":"https:\/\/exaudi.org\/es\/wp-json\/wp\/v2\/media?parent=66371"}],"wp:term":[{"taxonomy":"category","embeddable":true,"href":"https:\/\/exaudi.org\/es\/wp-json\/wp\/v2\/categories?post=66371"},{"taxonomy":"post_tag","embeddable":true,"href":"https:\/\/exaudi.org\/es\/wp-json\/wp\/v2\/tags?post=66371"}],"curies":[{"name":"wp","href":"https:\/\/api.w.org\/{rel}","templated":true}]}}