{"id":66274,"date":"2022-12-01T10:00:32","date_gmt":"2022-12-01T09:00:32","guid":{"rendered":"https:\/\/exaudi.org\/?p=66274"},"modified":"2022-12-01T12:41:19","modified_gmt":"2022-12-01T11:41:19","slug":"sahara-occidental-foucauld-nos-inspira-somos-presencia-de-cristo-en-medio-de-un-mundo-musulman","status":"publish","type":"post","link":"https:\/\/exaudi.org\/es\/sahara-occidental-foucauld-nos-inspira-somos-presencia-de-cristo-en-medio-de-un-mundo-musulman\/","title":{"rendered":"Sahara Occidental: \u201cFoucauld nos inspira. Somos presencia de Cristo en medio de un mundo musulm\u00e1n\u201d"},"content":{"rendered":"<p>Mons. Le\u00f3n, prefecto apost\u00f3lico del Sahara Occidental indica que san Carlos Foucauld \u201cnos inspira. Somos presencia de Cristo en medio de un mundo musulm\u00e1n\u201d<\/p>\n<p>El 1 de diciembre es la fiesta de san Carlos Eugenio de Foucauld, canonizado por el Papa Francisco el 15 de mayo de este a\u00f1o. Religioso y sacerdote cat\u00f3lico franc\u00e9s, Foucauld vivi\u00f3 entre los tuaregs del Sahara en Argelia. Fue asesinado en 1916 y es considerado m\u00e1rtir. En una entrevista con la fundaci\u00f3n <a href=\"https:\/\/acninternational.org\/es\/\" target=\"_blank\" rel=\"noopener\">Ayuda a la Iglesia Necesitada (ACN)<\/a>, Mons. Mario Le\u00f3n Dorado O.M.I., misionero espa\u00f1ol y actual prefecto apost\u00f3lico de Sahara Occidental, habla sobre la importancia de este \u201cnuevo\u201d santo y describe la situaci\u00f3n de los cristianos de la regi\u00f3n.<\/p>\n<p>A continuaci\u00f3n, sigue la entrevista realizada por Mar\u00eda Lozano.<\/p>\n<figure id=\"attachment_66293\" aria-describedby=\"caption-attachment-66293\" style=\"width: 300px\" class=\"wp-caption alignleft\"><img loading=\"lazy\" decoding=\"async\" class=\"wp-image-66293 size-medium\" src=\"https:\/\/exaudi.org\/wp-content\/uploads\/2022\/11\/ACN-20221125-136804-300x231.jpg\" alt=\"Sahara Occidental Foucauld\" width=\"300\" height=\"231\" srcset=\"https:\/\/exaudi.org\/wp-content\/uploads\/2022\/11\/ACN-20221125-136804-300x231.jpg 300w, https:\/\/exaudi.org\/wp-content\/uploads\/2022\/11\/ACN-20221125-136804-1024x789.jpg 1024w, https:\/\/exaudi.org\/wp-content\/uploads\/2022\/11\/ACN-20221125-136804-770x593.jpg 770w, https:\/\/exaudi.org\/wp-content\/uploads\/2022\/11\/ACN-20221125-136804-500x385.jpg 500w, https:\/\/exaudi.org\/wp-content\/uploads\/2022\/11\/ACN-20221125-136804-293x226.jpg 293w, https:\/\/exaudi.org\/wp-content\/uploads\/2022\/11\/ACN-20221125-136804-390x300.jpg 390w, https:\/\/exaudi.org\/wp-content\/uploads\/2022\/11\/ACN-20221125-136804.jpg 1394w\" sizes=\"auto, (max-width: 300px) 100vw, 300px\" \/><figcaption id=\"caption-attachment-66293\" class=\"wp-caption-text\">\u00a9 Mons. Mario Le\u00f3n<\/figcaption><\/figure>\n<p><strong>ACN: El Sahara Occidental es <em>terra incognita<\/em> para muchos cat\u00f3licos. \u00bfQui\u00e9nes componen la prefectura apost\u00f3lica del Sahara Occidental de la que usted es responsable desde junio de 2013? <\/strong><\/p>\n<p><strong>Mons. Le\u00f3n Dorado:<\/strong> La mayor\u00eda de los cristianos en el Sahara Occidental son personas migrantes que vienen cruzando \u00c1frica para llegar a las Islas Canarias o a la Pen\u00ednsula Ib\u00e9rica; o estudiantes que llegan por tres a\u00f1os para hacer un curso de formaci\u00f3n superior y luego volver a sus pa\u00edses. Hay algunos de Asia y Europa, pero lo que predomina son cristianos de la Iglesia subsahariana: de Costa de Marfil, Senegal, Camer\u00fan, Guinea Conakry, Kenia, Sierra Leona, Liberia y otras.<\/p>\n<p>Somos una Iglesia muy peque\u00f1ita, pero peque\u00f1ita no significa muerta o insignificante. Pero s\u00ed que somos peque\u00f1os. Es decir, tenemos b\u00e1sicamente dos parroquias en el Sahara Occidental.<\/p>\n<p><img loading=\"lazy\" decoding=\"async\" class=\"size-medium wp-image-66281\" src=\"https:\/\/exaudi.org\/wp-content\/uploads\/2022\/11\/ACN-20220801-131676-300x204.jpg\" alt=\"\" width=\"300\" height=\"204\" srcset=\"https:\/\/exaudi.org\/wp-content\/uploads\/2022\/11\/ACN-20220801-131676-300x204.jpg 300w, https:\/\/exaudi.org\/wp-content\/uploads\/2022\/11\/ACN-20220801-131676-1024x696.jpg 1024w, https:\/\/exaudi.org\/wp-content\/uploads\/2022\/11\/ACN-20220801-131676-770x523.jpg 770w, https:\/\/exaudi.org\/wp-content\/uploads\/2022\/11\/ACN-20220801-131676-1536x1043.jpg 1536w, https:\/\/exaudi.org\/wp-content\/uploads\/2022\/11\/ACN-20220801-131676-2048x1391.jpg 2048w, https:\/\/exaudi.org\/wp-content\/uploads\/2022\/11\/ACN-20220801-131676-500x340.jpg 500w, https:\/\/exaudi.org\/wp-content\/uploads\/2022\/11\/ACN-20220801-131676-293x199.jpg 293w, https:\/\/exaudi.org\/wp-content\/uploads\/2022\/11\/ACN-20220801-131676-1400x951.jpg 1400w, https:\/\/exaudi.org\/wp-content\/uploads\/2022\/11\/ACN-20220801-131676-390x265.jpg 390w\" sizes=\"auto, (max-width: 300px) 100vw, 300px\" \/><\/p>\n<p>La prefectura apost\u00f3lica, el Sahara Occidental, es prefectura apost\u00f3lica precisamente porque no cumple las condiciones de constituir una di\u00f3cesis. Por lo tanto, tampoco tenemos obispo. Yo soy un prefecto. Estamos en una situaci\u00f3n de crecimiento, dig\u00e1moslo as\u00ed, aunque es un crecimiento muy lento. La comunidad de los Misioneros Oblatos de Mar\u00eda Inmaculada tiene a su cargo esta prefectura. Tenemos dos parroquias. Una est\u00e1 en El Aai\u00fan, al norte, la otra est\u00e1 m\u00e1s en el centro-sur, en Dajla.<\/p>\n<p><strong>\u00bfCu\u00e1ndo dice que peque\u00f1ita, de qu\u00e9 n\u00famero estamos hablando?<\/strong><\/p>\n<p>En Dajla los cristianos son entre 40 y60, pero var\u00eda mucho. Son, sobre todo, personas migrantes que ciertamente llegan al Sahara para poder ir a Canarias, Espa\u00f1a, a veces en patera. Pero hay un buen n\u00facleo que se queda y lleva ya a\u00f1os, porque en Dajla pueden ganar dinero con la industria del pescado, los frigor\u00edficos. Y as\u00ed hacen comunidad y nosotros como Iglesia queremos hacer hogar, familia, porque todos los migrantes viven lejos de sus familias, de sus Iglesias de referencia. Nosotros queremos que encuentren en nuestra Iglesia un hogar. Tenemos un centro de acogida para personas migrantes, dirigido por C\u00e1ritas parroquial, sostenido por C\u00e1ritas Rabat y por nuestra congregaci\u00f3n.\u00a0 Es eso, una peque\u00f1a Iglesia, pero muy viva, muy viva. La verdad es que da gusto celebrar la Eucarist\u00eda y la fe aqu\u00ed.<\/p>\n<p>En la parroquia del Norte, en El Aai\u00fan, la capital de la regi\u00f3n con unos 400.000 habitantes, tenemos tambi\u00e9n un grupito peque\u00f1o de migrantes pero El Aai\u00fan es zona de salida y no tiene poca industria o lugar de trabajo donde sacar dinero. Con lo cual, es m\u00e1s dif\u00edcil quedarse mucho tiempo. Aqu\u00ed, tenemos estudiantes subsaharianos que han llegado para hacer formaci\u00f3n profesional superior. Tambi\u00e9n hay un peque\u00f1ito grupo de las Naciones Unidas que desde 1991 tienen una misi\u00f3n y siguen ah\u00ed. Nuestras celebraciones dominicales aqu\u00ed pueden contar con 40 o 50 personas. Una minoritaria dentro de la gran sociedad musulmana. El reto una vez m\u00e1s es hacer familia y comunidad.<\/p>\n<p><strong>\u00bfQu\u00e9 significa para estos cat\u00f3licos, para los cristianos de Sahara Occidental, que Foucauld suba a los altares? <\/strong><\/p>\n<p><img loading=\"lazy\" decoding=\"async\" class=\"alignleft wp-image-66290 size-medium\" src=\"https:\/\/exaudi.org\/wp-content\/uploads\/2022\/11\/ACN-20220512-128164-158x300.jpg\" alt=\"Sahara Occidental Foucauld\" width=\"158\" height=\"300\" srcset=\"https:\/\/exaudi.org\/wp-content\/uploads\/2022\/11\/ACN-20220512-128164-158x300.jpg 158w, https:\/\/exaudi.org\/wp-content\/uploads\/2022\/11\/ACN-20220512-128164-539x1024.jpg 539w, https:\/\/exaudi.org\/wp-content\/uploads\/2022\/11\/ACN-20220512-128164-770x1463.jpg 770w, https:\/\/exaudi.org\/wp-content\/uploads\/2022\/11\/ACN-20220512-128164-808x1536.jpg 808w, https:\/\/exaudi.org\/wp-content\/uploads\/2022\/11\/ACN-20220512-128164-500x950.jpg 500w, https:\/\/exaudi.org\/wp-content\/uploads\/2022\/11\/ACN-20220512-128164-293x557.jpg 293w, https:\/\/exaudi.org\/wp-content\/uploads\/2022\/11\/ACN-20220512-128164-390x741.jpg 390w, https:\/\/exaudi.org\/wp-content\/uploads\/2022\/11\/ACN-20220512-128164.jpg 842w\" sizes=\"auto, (max-width: 158px) 100vw, 158px\" \/><\/p>\n<p>La mayor\u00eda de los cristianos que vienen de Iglesias subsahariana desconocen la persona de Foucauld. Nuestra tarea es la de darles a conocer su mensaje: comprender qu\u00e9 significa ser cristiano en esta tierra en la que la poblaci\u00f3n es pr\u00e1cticamente toda musulmana y los cristianos somos extranjeros.<\/p>\n<p>Yo creo que Foucauld tiene mucho que decirnos y es una herramienta, creo que es una herramienta del Esp\u00edritu para que precisamente aprendamos a ser cristianos en esta tierra, porque la tentaci\u00f3n de todos, tambi\u00e9n en nuestros hermanos subsaharianos, es la de copiar las Iglesias, los modelos de Iglesia de sus pa\u00edses y de sus comunidades. Foucauld es para nosotros claramente un santo, una inspiraci\u00f3n. Es un modelo, un <a href=\"https:\/\/acninternational.org\/es\/argelia-tras-los-pasos-de-carlos-de-foucauld\/\" target=\"_blank\" rel=\"noopener\">ejemplo de\u00a0 vida cristiana<\/a>, de carisma, de forma de estar, de ser y de vivir, de misionar, de evangelizar en esta tierra.<\/p>\n<p>Tambi\u00e9n es un ejemplo para nosotros los oblatos, evidentemente Foucauld siempre est\u00e1 en el horizonte. Para nosotros es una confirmaci\u00f3n y va de la mano con la llamada, la invitaci\u00f3n del Papa a salir, a abrirnos, a sentirnos y hacernos hermanos de todos.<\/p>\n<p><strong>Uno de los proyectos que est\u00e1 realizando con el apoyo de la fundaci\u00f3n de ACN es la ornamentaci\u00f3n de las capillas de El Marsa en el norte y de Dajla en el sur. \u00bfCu\u00e1l es el prop\u00f3sito de este proyecto?<\/strong><\/p>\n<p><img loading=\"lazy\" decoding=\"async\" class=\"alignright wp-image-66284 size-medium\" src=\"https:\/\/exaudi.org\/wp-content\/uploads\/2022\/11\/ACN-20220512-128163-300x169.jpg\" alt=\"Sahara Occidental Foucauld\" width=\"300\" height=\"169\" srcset=\"https:\/\/exaudi.org\/wp-content\/uploads\/2022\/11\/ACN-20220512-128163-300x169.jpg 300w, https:\/\/exaudi.org\/wp-content\/uploads\/2022\/11\/ACN-20220512-128163-1024x576.jpg 1024w, https:\/\/exaudi.org\/wp-content\/uploads\/2022\/11\/ACN-20220512-128163-770x433.jpg 770w, https:\/\/exaudi.org\/wp-content\/uploads\/2022\/11\/ACN-20220512-128163-500x281.jpg 500w, https:\/\/exaudi.org\/wp-content\/uploads\/2022\/11\/ACN-20220512-128163-293x165.jpg 293w, https:\/\/exaudi.org\/wp-content\/uploads\/2022\/11\/ACN-20220512-128163-390x219.jpg 390w, https:\/\/exaudi.org\/wp-content\/uploads\/2022\/11\/ACN-20220512-128163.jpg 1280w\" sizes=\"auto, (max-width: 300px) 100vw, 300px\" \/>De alguna manera queremos utilizar la ornamentaci\u00f3n de las capillas como inspiraci\u00f3n y como catequesis para nuestros cristianos, para que podamos profundizar e imbuirnos de esta espiritualidad propia de cristianos en tierra de islam, en el Sahara. Foucauld quer\u00eda que la eucarist\u00eda estuviera en medio de los musulmanes y eso somos nosotros, presencia, cuerpo de Cristo en medio de este mundo musulm\u00e1n, en contacto con \u00e9l.<\/p>\n<p>En El Marsa se trata de unos mosaicos y una cruz con toques arabescos, de tipo oriental, porque ahora mismo hay una cruz de hierro del a\u00f1o 60, que la pobre est\u00e1 que da pena. Para el oratorio de Dajla son unas im\u00e1genes en cer\u00e1mica que muestran a san Carlos de Foucauld y <a href=\"https:\/\/exaudi.org\/es\/san-eugenio-de-mazenod-21-mayo-2022\/\" target=\"_blank\" rel=\"noopener\">san Eugenio de Mazenod<\/a>, el fundador de nuestra congregaci\u00f3n, y en el centro la Virgen del Carmen.<\/p>\n<p>Tambi\u00e9n pondremos un cuadro de la Visitaci\u00f3n en el hall de entrada, porque la Visitaci\u00f3n para nosotros es un paradigma de misi\u00f3n, misioneros al ejemplo de Mar\u00eda: saliendo al encuentro del otro, movidos por el Esp\u00edritu, llevando en su seno al Se\u00f1or. Al lado del cuadro est\u00e1 el Padrenuestro en \u00e1rabe, tambi\u00e9n en el hall de entrada, para explicarles a todos \u2013 tambi\u00e9n a tantos musulmanes que entran a veces por curiosidad &#8211; qu\u00e9 es lo que nosotros somos y queremos ser.<\/p>\n<p><strong>\u00bfCu\u00e1les son los retos m\u00e1s grandes que encuentra en su misi\u00f3n?<\/strong><\/p>\n<p><img loading=\"lazy\" decoding=\"async\" class=\"size-medium wp-image-66287 alignleft\" src=\"https:\/\/exaudi.org\/wp-content\/uploads\/2022\/11\/ACN-20210521-113354-300x225.jpeg\" alt=\"\" width=\"300\" height=\"225\" srcset=\"https:\/\/exaudi.org\/wp-content\/uploads\/2022\/11\/ACN-20210521-113354-300x225.jpeg 300w, https:\/\/exaudi.org\/wp-content\/uploads\/2022\/11\/ACN-20210521-113354-1024x768.jpeg 1024w, https:\/\/exaudi.org\/wp-content\/uploads\/2022\/11\/ACN-20210521-113354-770x578.jpeg 770w, https:\/\/exaudi.org\/wp-content\/uploads\/2022\/11\/ACN-20210521-113354-500x375.jpeg 500w, https:\/\/exaudi.org\/wp-content\/uploads\/2022\/11\/ACN-20210521-113354-293x220.jpeg 293w, https:\/\/exaudi.org\/wp-content\/uploads\/2022\/11\/ACN-20210521-113354-390x293.jpeg 390w, https:\/\/exaudi.org\/wp-content\/uploads\/2022\/11\/ACN-20210521-113354.jpeg 1280w\" sizes=\"auto, (max-width: 300px) 100vw, 300px\" \/>Nuestra Iglesia hace aqu\u00ed lo mismo que hace cualquier Iglesia: celebrar la fe y estar al servicio de todos los cristianos. Tambi\u00e9n, estar al servicio de los pobres y de los m\u00e1s abandonados, una labor de C\u00e1ritas, sea con personas marroqu\u00edes o saharauis, con pobres o migrantes. Y, por supuesto, evangelizar en el sentido de ayudar al Esp\u00edritu a crear su Reino, el Reino de Dios. Cada lugar tiene sus notas particulares y las Iglesias del norte de \u00c1frica tienen notas muy particulares.<\/p>\n<p>El punto fuerte de estas Iglesias nuestras del norte de \u00c1frica es el di\u00e1logo y el encuentro con los musulmanes que son nuestros vecinos. Crear esos lazos de fraternidad, de encuentro, de amor, en la diversidad de lo que somos, creando amistades. Porque a partir de la amistad, dialogamos y nos apreciamos. Yo creo que la base de todo di\u00e1logo interreligioso es la amistad.<\/p>\n","protected":false},"excerpt":{"rendered":"<p>Entrevista al actual prefecto apost\u00f3lico en la fiesta de este santo<\/p>\n","protected":false},"author":89,"featured_media":66275,"comment_status":"closed","ping_status":"closed","sticky":false,"template":"","format":"standard","meta":{"_acf_changed":false,"_crdt_document":"","inline_featured_image":false,"footnotes":""},"categories":[74,98],"tags":[1462,7718,7717,4953],"class_list":["post-66274","post","type-post","status-publish","format-standard","has-post-thumbnail","hentry","category-iglesia-y-mundo","category-testimonios","tag-ayuda-a-la-iglesia-necesitada-acn","tag-sahara-occidental","tag-san-charles-foucauld","tag-trending-es"],"acf":[],"yoast_head":"<!-- This site is optimized with the Yoast SEO plugin v27.5 - https:\/\/yoast.com\/product\/yoast-seo-wordpress\/ -->\n<title>Sahara Occidental: \u201cFoucauld nos inspira. Somos presencia de Cristo en medio de un mundo musulm\u00e1n\u201d &#8211; Exaudi<\/title>\n<meta name=\"description\" content=\"Prefecto apost\u00f3lico del Sahara Occidental: \u201cFoucauld nos inspira. Somos presencia de Cristo en medio de un mundo musulm\u00e1n\u201d\" \/>\n<meta name=\"robots\" content=\"index, follow, max-snippet:-1, max-image-preview:large, max-video-preview:-1\" \/>\n<link rel=\"canonical\" href=\"https:\/\/exaudi.org\/es\/sahara-occidental-foucauld-nos-inspira-somos-presencia-de-cristo-en-medio-de-un-mundo-musulman\/\" \/>\n<meta property=\"og:locale\" content=\"es_ES\" \/>\n<meta property=\"og:type\" content=\"article\" \/>\n<meta property=\"og:title\" content=\"Sahara Occidental: \u201cFoucauld nos inspira. Somos presencia de Cristo en medio de un mundo musulm\u00e1n\u201d &#8211; Exaudi\" \/>\n<meta property=\"og:description\" content=\"Prefecto apost\u00f3lico del Sahara Occidental: \u201cFoucauld nos inspira. Somos presencia de Cristo en medio de un mundo musulm\u00e1n\u201d\" \/>\n<meta property=\"og:url\" content=\"https:\/\/exaudi.org\/es\/sahara-occidental-foucauld-nos-inspira-somos-presencia-de-cristo-en-medio-de-un-mundo-musulman\/\" \/>\n<meta property=\"og:site_name\" content=\"Exaudi\" \/>\n<meta property=\"article:publisher\" content=\"https:\/\/www.facebook.com\/ExaudiNews\" \/>\n<meta property=\"article:author\" content=\"https:\/\/www.facebook.com\/ayudaalaiglesianecesitada\/?ref=ts\" \/>\n<meta property=\"article:published_time\" content=\"2022-12-01T09:00:32+00:00\" \/>\n<meta property=\"article:modified_time\" content=\"2022-12-01T11:41:19+00:00\" \/>\n<meta property=\"og:image\" content=\"https:\/\/exaudi.org\/wp-content\/uploads\/2022\/11\/ACN-20200331-99302.jpeg\" \/>\n\t<meta property=\"og:image:width\" content=\"1032\" \/>\n\t<meta property=\"og:image:height\" content=\"581\" \/>\n\t<meta property=\"og:image:type\" content=\"image\/jpeg\" \/>\n<meta name=\"author\" content=\"Ayuda a la Iglesia Necesitada\" \/>\n<meta name=\"twitter:card\" content=\"summary_large_image\" \/>\n<meta name=\"twitter:creator\" content=\"@https:\/\/x.com\/AyudaIglesNeces\" \/>\n<meta name=\"twitter:site\" content=\"@Exaudi_News\" \/>\n<meta name=\"twitter:label1\" content=\"Escrito por\" \/>\n\t<meta name=\"twitter:data1\" content=\"Ayuda a la Iglesia Necesitada\" \/>\n\t<meta name=\"twitter:label2\" content=\"Tiempo de lectura\" \/>\n\t<meta name=\"twitter:data2\" content=\"7 minutos\" \/>\n<script type=\"application\/ld+json\" class=\"yoast-schema-graph\">{\"@context\":\"https:\\\/\\\/schema.org\",\"@graph\":[{\"@type\":\"Article\",\"@id\":\"https:\\\/\\\/exaudi.org\\\/es\\\/sahara-occidental-foucauld-nos-inspira-somos-presencia-de-cristo-en-medio-de-un-mundo-musulman\\\/#article\",\"isPartOf\":{\"@id\":\"https:\\\/\\\/exaudi.org\\\/es\\\/sahara-occidental-foucauld-nos-inspira-somos-presencia-de-cristo-en-medio-de-un-mundo-musulman\\\/\"},\"author\":{\"name\":\"Ayuda a la Iglesia Necesitada\",\"@id\":\"https:\\\/\\\/exaudi.org\\\/#\\\/schema\\\/person\\\/d4906ab3b6c174ffe37d722c51c73317\"},\"headline\":\"Sahara Occidental: \u201cFoucauld nos inspira. Somos presencia de Cristo en medio de un mundo musulm\u00e1n\u201d\",\"datePublished\":\"2022-12-01T09:00:32+00:00\",\"dateModified\":\"2022-12-01T11:41:19+00:00\",\"mainEntityOfPage\":{\"@id\":\"https:\\\/\\\/exaudi.org\\\/es\\\/sahara-occidental-foucauld-nos-inspira-somos-presencia-de-cristo-en-medio-de-un-mundo-musulman\\\/\"},\"wordCount\":1329,\"image\":{\"@id\":\"https:\\\/\\\/exaudi.org\\\/es\\\/sahara-occidental-foucauld-nos-inspira-somos-presencia-de-cristo-en-medio-de-un-mundo-musulman\\\/#primaryimage\"},\"thumbnailUrl\":\"https:\\\/\\\/exaudi.org\\\/wp-content\\\/uploads\\\/2022\\\/11\\\/ACN-20200331-99302.jpeg\",\"keywords\":[\"Ayuda a la Iglesia Necesitada (ACN)\",\"Sahara Occidental\",\"San Charles Foucauld\",\"Trending\"],\"articleSection\":[\"Iglesia y Mundo\",\"Testimonios\"],\"inLanguage\":\"es\"},{\"@type\":\"WebPage\",\"@id\":\"https:\\\/\\\/exaudi.org\\\/es\\\/sahara-occidental-foucauld-nos-inspira-somos-presencia-de-cristo-en-medio-de-un-mundo-musulman\\\/\",\"url\":\"https:\\\/\\\/exaudi.org\\\/es\\\/sahara-occidental-foucauld-nos-inspira-somos-presencia-de-cristo-en-medio-de-un-mundo-musulman\\\/\",\"name\":\"Sahara Occidental: \u201cFoucauld nos inspira. Somos presencia de Cristo en medio de un mundo musulm\u00e1n\u201d &#8211; Exaudi\",\"isPartOf\":{\"@id\":\"https:\\\/\\\/exaudi.org\\\/#website\"},\"primaryImageOfPage\":{\"@id\":\"https:\\\/\\\/exaudi.org\\\/es\\\/sahara-occidental-foucauld-nos-inspira-somos-presencia-de-cristo-en-medio-de-un-mundo-musulman\\\/#primaryimage\"},\"image\":{\"@id\":\"https:\\\/\\\/exaudi.org\\\/es\\\/sahara-occidental-foucauld-nos-inspira-somos-presencia-de-cristo-en-medio-de-un-mundo-musulman\\\/#primaryimage\"},\"thumbnailUrl\":\"https:\\\/\\\/exaudi.org\\\/wp-content\\\/uploads\\\/2022\\\/11\\\/ACN-20200331-99302.jpeg\",\"datePublished\":\"2022-12-01T09:00:32+00:00\",\"dateModified\":\"2022-12-01T11:41:19+00:00\",\"author\":{\"@id\":\"https:\\\/\\\/exaudi.org\\\/#\\\/schema\\\/person\\\/d4906ab3b6c174ffe37d722c51c73317\"},\"description\":\"Prefecto apost\u00f3lico del Sahara Occidental: \u201cFoucauld nos inspira. Somos presencia de Cristo en medio de un mundo musulm\u00e1n\u201d\",\"breadcrumb\":{\"@id\":\"https:\\\/\\\/exaudi.org\\\/es\\\/sahara-occidental-foucauld-nos-inspira-somos-presencia-de-cristo-en-medio-de-un-mundo-musulman\\\/#breadcrumb\"},\"inLanguage\":\"es\",\"potentialAction\":[{\"@type\":\"ReadAction\",\"target\":[\"https:\\\/\\\/exaudi.org\\\/es\\\/sahara-occidental-foucauld-nos-inspira-somos-presencia-de-cristo-en-medio-de-un-mundo-musulman\\\/\"]}]},{\"@type\":\"ImageObject\",\"inLanguage\":\"es\",\"@id\":\"https:\\\/\\\/exaudi.org\\\/es\\\/sahara-occidental-foucauld-nos-inspira-somos-presencia-de-cristo-en-medio-de-un-mundo-musulman\\\/#primaryimage\",\"url\":\"https:\\\/\\\/exaudi.org\\\/wp-content\\\/uploads\\\/2022\\\/11\\\/ACN-20200331-99302.jpeg\",\"contentUrl\":\"https:\\\/\\\/exaudi.org\\\/wp-content\\\/uploads\\\/2022\\\/11\\\/ACN-20200331-99302.jpeg\",\"width\":1032,\"height\":581,\"caption\":\"Sahara Occidental \u00a9 Mons. Mario Le\u00f3n\"},{\"@type\":\"BreadcrumbList\",\"@id\":\"https:\\\/\\\/exaudi.org\\\/es\\\/sahara-occidental-foucauld-nos-inspira-somos-presencia-de-cristo-en-medio-de-un-mundo-musulman\\\/#breadcrumb\",\"itemListElement\":[{\"@type\":\"ListItem\",\"position\":1,\"name\":\"Portada\",\"item\":\"https:\\\/\\\/exaudi.org\\\/es\\\/\"},{\"@type\":\"ListItem\",\"position\":2,\"name\":\"Sahara Occidental: \u201cFoucauld nos inspira. Somos presencia de Cristo en medio de un mundo musulm\u00e1n\u201d\"}]},{\"@type\":\"WebSite\",\"@id\":\"https:\\\/\\\/exaudi.org\\\/#website\",\"url\":\"https:\\\/\\\/exaudi.org\\\/\",\"name\":\"Exaudi\",\"description\":\"News\",\"potentialAction\":[{\"@type\":\"SearchAction\",\"target\":{\"@type\":\"EntryPoint\",\"urlTemplate\":\"https:\\\/\\\/exaudi.org\\\/?s={search_term_string}\"},\"query-input\":{\"@type\":\"PropertyValueSpecification\",\"valueRequired\":true,\"valueName\":\"search_term_string\"}}],\"inLanguage\":\"es\"},{\"@type\":\"Person\",\"@id\":\"https:\\\/\\\/exaudi.org\\\/#\\\/schema\\\/person\\\/d4906ab3b6c174ffe37d722c51c73317\",\"name\":\"Ayuda a la Iglesia Necesitada\",\"image\":{\"@type\":\"ImageObject\",\"inLanguage\":\"es\",\"@id\":\"https:\\\/\\\/secure.gravatar.com\\\/avatar\\\/18b646e6575a46729bc25d1c374d5965acb9854728a2929ada390e85905160db?s=96&d=mm&r=g\",\"url\":\"https:\\\/\\\/secure.gravatar.com\\\/avatar\\\/18b646e6575a46729bc25d1c374d5965acb9854728a2929ada390e85905160db?s=96&d=mm&r=g\",\"contentUrl\":\"https:\\\/\\\/secure.gravatar.com\\\/avatar\\\/18b646e6575a46729bc25d1c374d5965acb9854728a2929ada390e85905160db?s=96&d=mm&r=g\",\"caption\":\"Ayuda a la Iglesia Necesitada\"},\"description\":\"Ayuda a la Iglesia Necesitada (ACN) es la Fundaci\u00f3n Pontificia que apoya a la Iglesia cat\u00f3lica en su labor evangelizadora en las comunidades m\u00e1s necesitadas, discriminadas y perseguidas del mundo. Cada a\u00f1o, ACN financia m\u00e1s de 5.000 proyectos pastorales y de emergencia humanitaria en m\u00e1s de 130 pa\u00edses. Cuenta con m\u00e1s de 20 oficinas en el mundo (en Espa\u00f1a desde 1965), dedicadas a informar sobre la realidad de estos cristianos; al fomento de la oraci\u00f3n, y a la recaudaci\u00f3n de fondos para la cobertura de proyectos. El 100% de los proyectos que desarrolla ACN se sostienen gracias a los donativos de personas f\u00edsicas u organizaciones que valoran la labor de la Iglesia en el mundo. La Fundaci\u00f3n no recibe subvenciones de organismos p\u00fablicos.\",\"sameAs\":[\"https:\\\/\\\/www.facebook.com\\\/ayudaalaiglesianecesitada\\\/?ref=ts\",\"https:\\\/\\\/www.instagram.com\\\/ayudaiglesianecesitada\\\/\",\"https:\\\/\\\/x.com\\\/https:\\\/\\\/x.com\\\/AyudaIglesNeces\",\"https:\\\/\\\/www.youtube.com\\\/user\\\/AINorg\"],\"url\":\"https:\\\/\\\/exaudi.org\\\/es\\\/author\\\/ayudaalaiglesianecesitada\\\/\"}]}<\/script>\n<!-- \/ Yoast SEO plugin. -->","yoast_head_json":{"title":"Sahara Occidental: \u201cFoucauld nos inspira. Somos presencia de Cristo en medio de un mundo musulm\u00e1n\u201d &#8211; Exaudi","description":"Prefecto apost\u00f3lico del Sahara Occidental: \u201cFoucauld nos inspira. Somos presencia de Cristo en medio de un mundo musulm\u00e1n\u201d","robots":{"index":"index","follow":"follow","max-snippet":"max-snippet:-1","max-image-preview":"max-image-preview:large","max-video-preview":"max-video-preview:-1"},"canonical":"https:\/\/exaudi.org\/es\/sahara-occidental-foucauld-nos-inspira-somos-presencia-de-cristo-en-medio-de-un-mundo-musulman\/","og_locale":"es_ES","og_type":"article","og_title":"Sahara Occidental: \u201cFoucauld nos inspira. Somos presencia de Cristo en medio de un mundo musulm\u00e1n\u201d &#8211; Exaudi","og_description":"Prefecto apost\u00f3lico del Sahara Occidental: \u201cFoucauld nos inspira. Somos presencia de Cristo en medio de un mundo musulm\u00e1n\u201d","og_url":"https:\/\/exaudi.org\/es\/sahara-occidental-foucauld-nos-inspira-somos-presencia-de-cristo-en-medio-de-un-mundo-musulman\/","og_site_name":"Exaudi","article_publisher":"https:\/\/www.facebook.com\/ExaudiNews","article_author":"https:\/\/www.facebook.com\/ayudaalaiglesianecesitada\/?ref=ts","article_published_time":"2022-12-01T09:00:32+00:00","article_modified_time":"2022-12-01T11:41:19+00:00","og_image":[{"width":1032,"height":581,"url":"https:\/\/exaudi.org\/wp-content\/uploads\/2022\/11\/ACN-20200331-99302.jpeg","type":"image\/jpeg"}],"author":"Ayuda a la Iglesia Necesitada","twitter_card":"summary_large_image","twitter_creator":"@https:\/\/x.com\/AyudaIglesNeces","twitter_site":"@Exaudi_News","twitter_misc":{"Escrito por":"Ayuda a la Iglesia Necesitada","Tiempo de lectura":"7 minutos"},"schema":{"@context":"https:\/\/schema.org","@graph":[{"@type":"Article","@id":"https:\/\/exaudi.org\/es\/sahara-occidental-foucauld-nos-inspira-somos-presencia-de-cristo-en-medio-de-un-mundo-musulman\/#article","isPartOf":{"@id":"https:\/\/exaudi.org\/es\/sahara-occidental-foucauld-nos-inspira-somos-presencia-de-cristo-en-medio-de-un-mundo-musulman\/"},"author":{"name":"Ayuda a la Iglesia Necesitada","@id":"https:\/\/exaudi.org\/#\/schema\/person\/d4906ab3b6c174ffe37d722c51c73317"},"headline":"Sahara Occidental: \u201cFoucauld nos inspira. Somos presencia de Cristo en medio de un mundo musulm\u00e1n\u201d","datePublished":"2022-12-01T09:00:32+00:00","dateModified":"2022-12-01T11:41:19+00:00","mainEntityOfPage":{"@id":"https:\/\/exaudi.org\/es\/sahara-occidental-foucauld-nos-inspira-somos-presencia-de-cristo-en-medio-de-un-mundo-musulman\/"},"wordCount":1329,"image":{"@id":"https:\/\/exaudi.org\/es\/sahara-occidental-foucauld-nos-inspira-somos-presencia-de-cristo-en-medio-de-un-mundo-musulman\/#primaryimage"},"thumbnailUrl":"https:\/\/exaudi.org\/wp-content\/uploads\/2022\/11\/ACN-20200331-99302.jpeg","keywords":["Ayuda a la Iglesia Necesitada (ACN)","Sahara Occidental","San Charles Foucauld","Trending"],"articleSection":["Iglesia y Mundo","Testimonios"],"inLanguage":"es"},{"@type":"WebPage","@id":"https:\/\/exaudi.org\/es\/sahara-occidental-foucauld-nos-inspira-somos-presencia-de-cristo-en-medio-de-un-mundo-musulman\/","url":"https:\/\/exaudi.org\/es\/sahara-occidental-foucauld-nos-inspira-somos-presencia-de-cristo-en-medio-de-un-mundo-musulman\/","name":"Sahara Occidental: \u201cFoucauld nos inspira. Somos presencia de Cristo en medio de un mundo musulm\u00e1n\u201d &#8211; Exaudi","isPartOf":{"@id":"https:\/\/exaudi.org\/#website"},"primaryImageOfPage":{"@id":"https:\/\/exaudi.org\/es\/sahara-occidental-foucauld-nos-inspira-somos-presencia-de-cristo-en-medio-de-un-mundo-musulman\/#primaryimage"},"image":{"@id":"https:\/\/exaudi.org\/es\/sahara-occidental-foucauld-nos-inspira-somos-presencia-de-cristo-en-medio-de-un-mundo-musulman\/#primaryimage"},"thumbnailUrl":"https:\/\/exaudi.org\/wp-content\/uploads\/2022\/11\/ACN-20200331-99302.jpeg","datePublished":"2022-12-01T09:00:32+00:00","dateModified":"2022-12-01T11:41:19+00:00","author":{"@id":"https:\/\/exaudi.org\/#\/schema\/person\/d4906ab3b6c174ffe37d722c51c73317"},"description":"Prefecto apost\u00f3lico del Sahara Occidental: \u201cFoucauld nos inspira. Somos presencia de Cristo en medio de un mundo musulm\u00e1n\u201d","breadcrumb":{"@id":"https:\/\/exaudi.org\/es\/sahara-occidental-foucauld-nos-inspira-somos-presencia-de-cristo-en-medio-de-un-mundo-musulman\/#breadcrumb"},"inLanguage":"es","potentialAction":[{"@type":"ReadAction","target":["https:\/\/exaudi.org\/es\/sahara-occidental-foucauld-nos-inspira-somos-presencia-de-cristo-en-medio-de-un-mundo-musulman\/"]}]},{"@type":"ImageObject","inLanguage":"es","@id":"https:\/\/exaudi.org\/es\/sahara-occidental-foucauld-nos-inspira-somos-presencia-de-cristo-en-medio-de-un-mundo-musulman\/#primaryimage","url":"https:\/\/exaudi.org\/wp-content\/uploads\/2022\/11\/ACN-20200331-99302.jpeg","contentUrl":"https:\/\/exaudi.org\/wp-content\/uploads\/2022\/11\/ACN-20200331-99302.jpeg","width":1032,"height":581,"caption":"Sahara Occidental \u00a9 Mons. Mario Le\u00f3n"},{"@type":"BreadcrumbList","@id":"https:\/\/exaudi.org\/es\/sahara-occidental-foucauld-nos-inspira-somos-presencia-de-cristo-en-medio-de-un-mundo-musulman\/#breadcrumb","itemListElement":[{"@type":"ListItem","position":1,"name":"Portada","item":"https:\/\/exaudi.org\/es\/"},{"@type":"ListItem","position":2,"name":"Sahara Occidental: \u201cFoucauld nos inspira. Somos presencia de Cristo en medio de un mundo musulm\u00e1n\u201d"}]},{"@type":"WebSite","@id":"https:\/\/exaudi.org\/#website","url":"https:\/\/exaudi.org\/","name":"Exaudi","description":"News","potentialAction":[{"@type":"SearchAction","target":{"@type":"EntryPoint","urlTemplate":"https:\/\/exaudi.org\/?s={search_term_string}"},"query-input":{"@type":"PropertyValueSpecification","valueRequired":true,"valueName":"search_term_string"}}],"inLanguage":"es"},{"@type":"Person","@id":"https:\/\/exaudi.org\/#\/schema\/person\/d4906ab3b6c174ffe37d722c51c73317","name":"Ayuda a la Iglesia Necesitada","image":{"@type":"ImageObject","inLanguage":"es","@id":"https:\/\/secure.gravatar.com\/avatar\/18b646e6575a46729bc25d1c374d5965acb9854728a2929ada390e85905160db?s=96&d=mm&r=g","url":"https:\/\/secure.gravatar.com\/avatar\/18b646e6575a46729bc25d1c374d5965acb9854728a2929ada390e85905160db?s=96&d=mm&r=g","contentUrl":"https:\/\/secure.gravatar.com\/avatar\/18b646e6575a46729bc25d1c374d5965acb9854728a2929ada390e85905160db?s=96&d=mm&r=g","caption":"Ayuda a la Iglesia Necesitada"},"description":"Ayuda a la Iglesia Necesitada (ACN) es la Fundaci\u00f3n Pontificia que apoya a la Iglesia cat\u00f3lica en su labor evangelizadora en las comunidades m\u00e1s necesitadas, discriminadas y perseguidas del mundo. Cada a\u00f1o, ACN financia m\u00e1s de 5.000 proyectos pastorales y de emergencia humanitaria en m\u00e1s de 130 pa\u00edses. Cuenta con m\u00e1s de 20 oficinas en el mundo (en Espa\u00f1a desde 1965), dedicadas a informar sobre la realidad de estos cristianos; al fomento de la oraci\u00f3n, y a la recaudaci\u00f3n de fondos para la cobertura de proyectos. El 100% de los proyectos que desarrolla ACN se sostienen gracias a los donativos de personas f\u00edsicas u organizaciones que valoran la labor de la Iglesia en el mundo. La Fundaci\u00f3n no recibe subvenciones de organismos p\u00fablicos.","sameAs":["https:\/\/www.facebook.com\/ayudaalaiglesianecesitada\/?ref=ts","https:\/\/www.instagram.com\/ayudaiglesianecesitada\/","https:\/\/x.com\/https:\/\/x.com\/AyudaIglesNeces","https:\/\/www.youtube.com\/user\/AINorg"],"url":"https:\/\/exaudi.org\/es\/author\/ayudaalaiglesianecesitada\/"}]}},"jetpack_featured_media_url":"https:\/\/exaudi.org\/wp-content\/uploads\/2022\/11\/ACN-20200331-99302.jpeg","jetpack_shortlink":"https:\/\/wp.me\/pgKjF2-heW","_links":{"self":[{"href":"https:\/\/exaudi.org\/es\/wp-json\/wp\/v2\/posts\/66274","targetHints":{"allow":["GET"]}}],"collection":[{"href":"https:\/\/exaudi.org\/es\/wp-json\/wp\/v2\/posts"}],"about":[{"href":"https:\/\/exaudi.org\/es\/wp-json\/wp\/v2\/types\/post"}],"author":[{"embeddable":true,"href":"https:\/\/exaudi.org\/es\/wp-json\/wp\/v2\/users\/89"}],"replies":[{"embeddable":true,"href":"https:\/\/exaudi.org\/es\/wp-json\/wp\/v2\/comments?post=66274"}],"version-history":[{"count":0,"href":"https:\/\/exaudi.org\/es\/wp-json\/wp\/v2\/posts\/66274\/revisions"}],"wp:featuredmedia":[{"embeddable":true,"href":"https:\/\/exaudi.org\/es\/wp-json\/wp\/v2\/media\/66275"}],"wp:attachment":[{"href":"https:\/\/exaudi.org\/es\/wp-json\/wp\/v2\/media?parent=66274"}],"wp:term":[{"taxonomy":"category","embeddable":true,"href":"https:\/\/exaudi.org\/es\/wp-json\/wp\/v2\/categories?post=66274"},{"taxonomy":"post_tag","embeddable":true,"href":"https:\/\/exaudi.org\/es\/wp-json\/wp\/v2\/tags?post=66274"}],"curies":[{"name":"wp","href":"https:\/\/api.w.org\/{rel}","templated":true}]}}