{"id":66197,"date":"2022-11-28T10:00:51","date_gmt":"2022-11-28T09:00:51","guid":{"rendered":"https:\/\/exaudi.org\/?p=66197"},"modified":"2022-11-28T09:11:32","modified_gmt":"2022-11-28T08:11:32","slug":"la-aceptacion-de-si-mismo","status":"publish","type":"post","link":"https:\/\/exaudi.org\/es\/la-aceptacion-de-si-mismo\/","title":{"rendered":"La aceptaci\u00f3n de s\u00ed mismo"},"content":{"rendered":"<p>Se cuenta que un rey descubri\u00f3 que los \u00e1rboles y flores de su jard\u00edn se estaban muriendo. El roble le dijo que se mor\u00eda porque no pod\u00eda ser tan alto como el pino. La rosa lloraba por no ser fuerte y s\u00f3lida como el roble. Entonces encontr\u00f3 un clavel floreciendo. \u00a0El rey le pregunt\u00f3: &#8211; \u00bfC\u00f3mo es que creces tan saludable en medio de este jard\u00edn mustio y sombr\u00edo? &#8211; Porque siempre supuse que cuando me plantaste, quer\u00edas claveles. Si hubieras querido un roble, lo habr\u00edas plantado. En aquel momento me dije: Intentar\u00e9 ser clavel de la mejor manera que pueda y heme aqu\u00ed convencido de mi destino.<\/p>\n<p>El af\u00e1n por compararse se ha convertido en un \u2018deporte social\u2019. Los espejos est\u00e1n contristados, como reflejan a cabalidad a quien est\u00e1 delante, no los buscan porque ahora \u201cles piden\u201d que trasluzcan como a uno le gustar\u00eda verse, que muestren una imagen que sintonice con los modelos o artistas populares, verse como el amigo m\u00e1s buscado, etc.<\/p>\n<p>Ser mejor no es ser como \u201cel otro\u201d, por esa ruta no se llega a esa meta. Las energ\u00edas se dispersan. Se est\u00e1 porque m\u00e1s pendiente de lo que no se es o de lo que no se tiene y menos de quien se es. La insatisfacci\u00f3n consigo mismo es su consecuencia.<\/p>\n<p>Somos lo que decidimos. Una gran decisi\u00f3n es aceptar como se es. La vida se marchita porque se la riega con las propias insatisfacciones, producto de las improductivas comparaciones con los dem\u00e1s: \u00absi yo fuera\u00bb \u00absi yo tuviera\u00bb \u00absi mi vida fuera\u00bb. Siempre conjugando el futuro incierto en vez del presente concreto, empecinados en no querer ver, que la felicidad es un estado subjetivo y voluntario. Podemos elegir hoy, estar felices con lo que somos, con lo que tenemos; o vivir amargados por lo que no tenemos o no podemos ser. S\u00f3lo se podr\u00e1 florecer el d\u00eda que nos aceptemos, que somos \u00fanicos y que nadie puede reemplazarnos en el cumplimiento de nuestro proyecto de vida. \u00abComienza haciendo lo que es necesario, despu\u00e9s lo que es posible y de repente estar\u00e1s haciendo lo imposible.\u00bb (Francisco de As\u00eds)<\/p>\n<p>La aceptaci\u00f3n ri\u00f1e con el \u201cyo soy as\u00ed\u201d invocado cuando se quiere uno justificar.\u00a0 Todas las personas\u2013 sin excepci\u00f3n \u2013junto a sus cualidades, personalidad y talentos) cuentan con defectos o limitaciones que se tienen que encauzar o mejorar.\u00a0 Aceptarse significa ser sencillos para reconocer los errores, que se tiene que mejorar y, dejarse ayudar.<\/p>\n<p>Renunciar a luchar por ser mejores es una gran meta que en la grandeza de su sencillez el hombre quiere lograr. Siempre se puede conocer m\u00e1s y mejor como querer siempre m\u00e1s e intensamente, por eso la sencillez ayuda a ser realista y comprensivo con uno mismo y con los dem\u00e1s.\u00a0 Por \u00faltimo, quien reconoce lo que es y lo que tiene, no solamente podr\u00e1 mejorar por iniciativa propia, sino que sabr\u00e1 abrirse a quienes son significativos: padres y profesores para pedir consejo y ayuda. En solitario no se progresa ni se crece como persona: con los dem\u00e1s significativos se alcanza grandes metas.<\/p>\n","protected":false},"excerpt":{"rendered":"<p>Con los dem\u00e1s se alcanzan grandes metas<\/p>\n","protected":false},"author":108,"featured_media":66198,"comment_status":"closed","ping_status":"closed","sticky":false,"template":"","format":"standard","meta":{"_acf_changed":false,"_crdt_document":"","inline_featured_image":false,"footnotes":""},"categories":[130],"tags":[7698,7699,7700,7164,4953],"class_list":["post-66197","post","type-post","status-publish","format-standard","has-post-thumbnail","hentry","category-voces","tag-aceptacion","tag-compararse","tag-ego","tag-persona-3","tag-trending-es"],"acf":[],"yoast_head":"<!-- This site is optimized with the Yoast SEO plugin v27.5 - https:\/\/yoast.com\/product\/yoast-seo-wordpress\/ -->\n<title>La aceptaci\u00f3n de s\u00ed mismo &#8211; Exaudi<\/title>\n<meta name=\"robots\" content=\"index, follow, max-snippet:-1, max-image-preview:large, max-video-preview:-1\" \/>\n<link rel=\"canonical\" href=\"https:\/\/exaudi.org\/es\/la-aceptacion-de-si-mismo\/\" \/>\n<meta property=\"og:locale\" content=\"es_ES\" \/>\n<meta property=\"og:type\" content=\"article\" \/>\n<meta property=\"og:title\" content=\"La aceptaci\u00f3n de s\u00ed mismo &#8211; Exaudi\" \/>\n<meta property=\"og:description\" content=\"Con los dem\u00e1s se alcanzan grandes metas\" \/>\n<meta property=\"og:url\" content=\"https:\/\/exaudi.org\/es\/la-aceptacion-de-si-mismo\/\" \/>\n<meta property=\"og:site_name\" content=\"Exaudi\" \/>\n<meta property=\"article:publisher\" content=\"https:\/\/www.facebook.com\/ExaudiNews\" \/>\n<meta property=\"article:published_time\" content=\"2022-11-28T09:00:51+00:00\" \/>\n<meta property=\"og:image\" content=\"https:\/\/exaudi.org\/wp-content\/uploads\/2022\/11\/pexels-angela-roma-7480009-scaled.jpg\" \/>\n\t<meta property=\"og:image:width\" content=\"2560\" \/>\n\t<meta property=\"og:image:height\" content=\"1707\" \/>\n\t<meta property=\"og:image:type\" content=\"image\/jpeg\" \/>\n<meta name=\"author\" content=\"Edistio C\u00e1mere\" \/>\n<meta name=\"twitter:card\" content=\"summary_large_image\" \/>\n<meta name=\"twitter:creator\" content=\"@Exaudi_News\" \/>\n<meta name=\"twitter:site\" content=\"@Exaudi_News\" \/>\n<meta name=\"twitter:label1\" content=\"Escrito por\" \/>\n\t<meta name=\"twitter:data1\" content=\"Edistio C\u00e1mere\" \/>\n\t<meta name=\"twitter:label2\" content=\"Tiempo de lectura\" \/>\n\t<meta name=\"twitter:data2\" content=\"3 minutos\" \/>\n<script type=\"application\/ld+json\" class=\"yoast-schema-graph\">{\"@context\":\"https:\\\/\\\/schema.org\",\"@graph\":[{\"@type\":\"Article\",\"@id\":\"https:\\\/\\\/exaudi.org\\\/es\\\/la-aceptacion-de-si-mismo\\\/#article\",\"isPartOf\":{\"@id\":\"https:\\\/\\\/exaudi.org\\\/es\\\/la-aceptacion-de-si-mismo\\\/\"},\"author\":{\"name\":\"Edistio C\u00e1mere\",\"@id\":\"https:\\\/\\\/exaudi.org\\\/#\\\/schema\\\/person\\\/aa92f55756693d1030b8b20e6cc7a60e\"},\"headline\":\"La aceptaci\u00f3n de s\u00ed mismo\",\"datePublished\":\"2022-11-28T09:00:51+00:00\",\"mainEntityOfPage\":{\"@id\":\"https:\\\/\\\/exaudi.org\\\/es\\\/la-aceptacion-de-si-mismo\\\/\"},\"wordCount\":547,\"image\":{\"@id\":\"https:\\\/\\\/exaudi.org\\\/es\\\/la-aceptacion-de-si-mismo\\\/#primaryimage\"},\"thumbnailUrl\":\"https:\\\/\\\/exaudi.org\\\/wp-content\\\/uploads\\\/2022\\\/11\\\/pexels-angela-roma-7480009-scaled.jpg\",\"keywords\":[\"aceptaci\u00f3n\",\"compararse\",\"ego\",\"Persona\",\"Trending\"],\"articleSection\":[\"Voces\"],\"inLanguage\":\"es\"},{\"@type\":\"WebPage\",\"@id\":\"https:\\\/\\\/exaudi.org\\\/es\\\/la-aceptacion-de-si-mismo\\\/\",\"url\":\"https:\\\/\\\/exaudi.org\\\/es\\\/la-aceptacion-de-si-mismo\\\/\",\"name\":\"La aceptaci\u00f3n de s\u00ed mismo &#8211; Exaudi\",\"isPartOf\":{\"@id\":\"https:\\\/\\\/exaudi.org\\\/#website\"},\"primaryImageOfPage\":{\"@id\":\"https:\\\/\\\/exaudi.org\\\/es\\\/la-aceptacion-de-si-mismo\\\/#primaryimage\"},\"image\":{\"@id\":\"https:\\\/\\\/exaudi.org\\\/es\\\/la-aceptacion-de-si-mismo\\\/#primaryimage\"},\"thumbnailUrl\":\"https:\\\/\\\/exaudi.org\\\/wp-content\\\/uploads\\\/2022\\\/11\\\/pexels-angela-roma-7480009-scaled.jpg\",\"datePublished\":\"2022-11-28T09:00:51+00:00\",\"author\":{\"@id\":\"https:\\\/\\\/exaudi.org\\\/#\\\/schema\\\/person\\\/aa92f55756693d1030b8b20e6cc7a60e\"},\"breadcrumb\":{\"@id\":\"https:\\\/\\\/exaudi.org\\\/es\\\/la-aceptacion-de-si-mismo\\\/#breadcrumb\"},\"inLanguage\":\"es\",\"potentialAction\":[{\"@type\":\"ReadAction\",\"target\":[\"https:\\\/\\\/exaudi.org\\\/es\\\/la-aceptacion-de-si-mismo\\\/\"]}]},{\"@type\":\"ImageObject\",\"inLanguage\":\"es\",\"@id\":\"https:\\\/\\\/exaudi.org\\\/es\\\/la-aceptacion-de-si-mismo\\\/#primaryimage\",\"url\":\"https:\\\/\\\/exaudi.org\\\/wp-content\\\/uploads\\\/2022\\\/11\\\/pexels-angela-roma-7480009-scaled.jpg\",\"contentUrl\":\"https:\\\/\\\/exaudi.org\\\/wp-content\\\/uploads\\\/2022\\\/11\\\/pexels-angela-roma-7480009-scaled.jpg\",\"width\":2560,\"height\":1707,\"caption\":\"(C) Angela Roma\"},{\"@type\":\"BreadcrumbList\",\"@id\":\"https:\\\/\\\/exaudi.org\\\/es\\\/la-aceptacion-de-si-mismo\\\/#breadcrumb\",\"itemListElement\":[{\"@type\":\"ListItem\",\"position\":1,\"name\":\"Portada\",\"item\":\"https:\\\/\\\/exaudi.org\\\/es\\\/\"},{\"@type\":\"ListItem\",\"position\":2,\"name\":\"La aceptaci\u00f3n de s\u00ed mismo\"}]},{\"@type\":\"WebSite\",\"@id\":\"https:\\\/\\\/exaudi.org\\\/#website\",\"url\":\"https:\\\/\\\/exaudi.org\\\/\",\"name\":\"Exaudi\",\"description\":\"News\",\"potentialAction\":[{\"@type\":\"SearchAction\",\"target\":{\"@type\":\"EntryPoint\",\"urlTemplate\":\"https:\\\/\\\/exaudi.org\\\/?s={search_term_string}\"},\"query-input\":{\"@type\":\"PropertyValueSpecification\",\"valueRequired\":true,\"valueName\":\"search_term_string\"}}],\"inLanguage\":\"es\"},{\"@type\":\"Person\",\"@id\":\"https:\\\/\\\/exaudi.org\\\/#\\\/schema\\\/person\\\/aa92f55756693d1030b8b20e6cc7a60e\",\"name\":\"Edistio C\u00e1mere\",\"image\":{\"@type\":\"ImageObject\",\"inLanguage\":\"es\",\"@id\":\"https:\\\/\\\/secure.gravatar.com\\\/avatar\\\/1775fbe340de944caeeb45f274a80a5a62f77fdffaafcadc491856f815f04f35?s=96&d=mm&r=g\",\"url\":\"https:\\\/\\\/secure.gravatar.com\\\/avatar\\\/1775fbe340de944caeeb45f274a80a5a62f77fdffaafcadc491856f815f04f35?s=96&d=mm&r=g\",\"contentUrl\":\"https:\\\/\\\/secure.gravatar.com\\\/avatar\\\/1775fbe340de944caeeb45f274a80a5a62f77fdffaafcadc491856f815f04f35?s=96&d=mm&r=g\",\"caption\":\"Edistio C\u00e1mere\"},\"description\":\"Especialista en Liderazgo y Direcci\u00f3n educativa\",\"url\":\"https:\\\/\\\/exaudi.org\\\/es\\\/author\\\/edistiocamere\\\/\"}]}<\/script>\n<!-- \/ Yoast SEO plugin. -->","yoast_head_json":{"title":"La aceptaci\u00f3n de s\u00ed mismo &#8211; Exaudi","robots":{"index":"index","follow":"follow","max-snippet":"max-snippet:-1","max-image-preview":"max-image-preview:large","max-video-preview":"max-video-preview:-1"},"canonical":"https:\/\/exaudi.org\/es\/la-aceptacion-de-si-mismo\/","og_locale":"es_ES","og_type":"article","og_title":"La aceptaci\u00f3n de s\u00ed mismo &#8211; Exaudi","og_description":"Con los dem\u00e1s se alcanzan grandes metas","og_url":"https:\/\/exaudi.org\/es\/la-aceptacion-de-si-mismo\/","og_site_name":"Exaudi","article_publisher":"https:\/\/www.facebook.com\/ExaudiNews","article_published_time":"2022-11-28T09:00:51+00:00","og_image":[{"width":2560,"height":1707,"url":"https:\/\/exaudi.org\/wp-content\/uploads\/2022\/11\/pexels-angela-roma-7480009-scaled.jpg","type":"image\/jpeg"}],"author":"Edistio C\u00e1mere","twitter_card":"summary_large_image","twitter_creator":"@Exaudi_News","twitter_site":"@Exaudi_News","twitter_misc":{"Escrito por":"Edistio C\u00e1mere","Tiempo de lectura":"3 minutos"},"schema":{"@context":"https:\/\/schema.org","@graph":[{"@type":"Article","@id":"https:\/\/exaudi.org\/es\/la-aceptacion-de-si-mismo\/#article","isPartOf":{"@id":"https:\/\/exaudi.org\/es\/la-aceptacion-de-si-mismo\/"},"author":{"name":"Edistio C\u00e1mere","@id":"https:\/\/exaudi.org\/#\/schema\/person\/aa92f55756693d1030b8b20e6cc7a60e"},"headline":"La aceptaci\u00f3n de s\u00ed mismo","datePublished":"2022-11-28T09:00:51+00:00","mainEntityOfPage":{"@id":"https:\/\/exaudi.org\/es\/la-aceptacion-de-si-mismo\/"},"wordCount":547,"image":{"@id":"https:\/\/exaudi.org\/es\/la-aceptacion-de-si-mismo\/#primaryimage"},"thumbnailUrl":"https:\/\/exaudi.org\/wp-content\/uploads\/2022\/11\/pexels-angela-roma-7480009-scaled.jpg","keywords":["aceptaci\u00f3n","compararse","ego","Persona","Trending"],"articleSection":["Voces"],"inLanguage":"es"},{"@type":"WebPage","@id":"https:\/\/exaudi.org\/es\/la-aceptacion-de-si-mismo\/","url":"https:\/\/exaudi.org\/es\/la-aceptacion-de-si-mismo\/","name":"La aceptaci\u00f3n de s\u00ed mismo &#8211; Exaudi","isPartOf":{"@id":"https:\/\/exaudi.org\/#website"},"primaryImageOfPage":{"@id":"https:\/\/exaudi.org\/es\/la-aceptacion-de-si-mismo\/#primaryimage"},"image":{"@id":"https:\/\/exaudi.org\/es\/la-aceptacion-de-si-mismo\/#primaryimage"},"thumbnailUrl":"https:\/\/exaudi.org\/wp-content\/uploads\/2022\/11\/pexels-angela-roma-7480009-scaled.jpg","datePublished":"2022-11-28T09:00:51+00:00","author":{"@id":"https:\/\/exaudi.org\/#\/schema\/person\/aa92f55756693d1030b8b20e6cc7a60e"},"breadcrumb":{"@id":"https:\/\/exaudi.org\/es\/la-aceptacion-de-si-mismo\/#breadcrumb"},"inLanguage":"es","potentialAction":[{"@type":"ReadAction","target":["https:\/\/exaudi.org\/es\/la-aceptacion-de-si-mismo\/"]}]},{"@type":"ImageObject","inLanguage":"es","@id":"https:\/\/exaudi.org\/es\/la-aceptacion-de-si-mismo\/#primaryimage","url":"https:\/\/exaudi.org\/wp-content\/uploads\/2022\/11\/pexels-angela-roma-7480009-scaled.jpg","contentUrl":"https:\/\/exaudi.org\/wp-content\/uploads\/2022\/11\/pexels-angela-roma-7480009-scaled.jpg","width":2560,"height":1707,"caption":"(C) Angela Roma"},{"@type":"BreadcrumbList","@id":"https:\/\/exaudi.org\/es\/la-aceptacion-de-si-mismo\/#breadcrumb","itemListElement":[{"@type":"ListItem","position":1,"name":"Portada","item":"https:\/\/exaudi.org\/es\/"},{"@type":"ListItem","position":2,"name":"La aceptaci\u00f3n de s\u00ed mismo"}]},{"@type":"WebSite","@id":"https:\/\/exaudi.org\/#website","url":"https:\/\/exaudi.org\/","name":"Exaudi","description":"News","potentialAction":[{"@type":"SearchAction","target":{"@type":"EntryPoint","urlTemplate":"https:\/\/exaudi.org\/?s={search_term_string}"},"query-input":{"@type":"PropertyValueSpecification","valueRequired":true,"valueName":"search_term_string"}}],"inLanguage":"es"},{"@type":"Person","@id":"https:\/\/exaudi.org\/#\/schema\/person\/aa92f55756693d1030b8b20e6cc7a60e","name":"Edistio C\u00e1mere","image":{"@type":"ImageObject","inLanguage":"es","@id":"https:\/\/secure.gravatar.com\/avatar\/1775fbe340de944caeeb45f274a80a5a62f77fdffaafcadc491856f815f04f35?s=96&d=mm&r=g","url":"https:\/\/secure.gravatar.com\/avatar\/1775fbe340de944caeeb45f274a80a5a62f77fdffaafcadc491856f815f04f35?s=96&d=mm&r=g","contentUrl":"https:\/\/secure.gravatar.com\/avatar\/1775fbe340de944caeeb45f274a80a5a62f77fdffaafcadc491856f815f04f35?s=96&d=mm&r=g","caption":"Edistio C\u00e1mere"},"description":"Especialista en Liderazgo y Direcci\u00f3n educativa","url":"https:\/\/exaudi.org\/es\/author\/edistiocamere\/"}]}},"jetpack_featured_media_url":"https:\/\/exaudi.org\/wp-content\/uploads\/2022\/11\/pexels-angela-roma-7480009-scaled.jpg","jetpack_shortlink":"https:\/\/wp.me\/pgKjF2-hdH","_links":{"self":[{"href":"https:\/\/exaudi.org\/es\/wp-json\/wp\/v2\/posts\/66197","targetHints":{"allow":["GET"]}}],"collection":[{"href":"https:\/\/exaudi.org\/es\/wp-json\/wp\/v2\/posts"}],"about":[{"href":"https:\/\/exaudi.org\/es\/wp-json\/wp\/v2\/types\/post"}],"author":[{"embeddable":true,"href":"https:\/\/exaudi.org\/es\/wp-json\/wp\/v2\/users\/108"}],"replies":[{"embeddable":true,"href":"https:\/\/exaudi.org\/es\/wp-json\/wp\/v2\/comments?post=66197"}],"version-history":[{"count":0,"href":"https:\/\/exaudi.org\/es\/wp-json\/wp\/v2\/posts\/66197\/revisions"}],"wp:featuredmedia":[{"embeddable":true,"href":"https:\/\/exaudi.org\/es\/wp-json\/wp\/v2\/media\/66198"}],"wp:attachment":[{"href":"https:\/\/exaudi.org\/es\/wp-json\/wp\/v2\/media?parent=66197"}],"wp:term":[{"taxonomy":"category","embeddable":true,"href":"https:\/\/exaudi.org\/es\/wp-json\/wp\/v2\/categories?post=66197"},{"taxonomy":"post_tag","embeddable":true,"href":"https:\/\/exaudi.org\/es\/wp-json\/wp\/v2\/tags?post=66197"}],"curies":[{"name":"wp","href":"https:\/\/api.w.org\/{rel}","templated":true}]}}