{"id":66169,"date":"2022-11-27T12:45:10","date_gmt":"2022-11-27T11:45:10","guid":{"rendered":"https:\/\/exaudi.org\/?p=66169"},"modified":"2022-11-27T12:45:10","modified_gmt":"2022-11-27T11:45:10","slug":"comunicado-de-la-santa-sede-sobre-la-ceremonia-de-investidura-de-un-obispo-en-china","status":"publish","type":"post","link":"https:\/\/exaudi.org\/es\/comunicado-de-la-santa-sede-sobre-la-ceremonia-de-investidura-de-un-obispo-en-china\/","title":{"rendered":"Comunicado de la Santa Sede sobre la \u201cceremonia de investidura\u201d de un obispo en China"},"content":{"rendered":"<p>La Santa Sede ha tomado nota con sorpresa y pesar de la noticia de la \u201cceremonia de investidura\u201d, que tuvo lugar el 24 de noviembre en Nanchang, de S.E. Mons. John Peng Weizhao, obispo de Yujiang (provincia de Jiangxi), como \u201cobispo auxiliar de Jiangxi\u00bb\u201d di\u00f3cesis no reconocida por la Santa Sede.<\/p>\n<p>Este evento, de hecho, no se produjo de acuerdo con el esp\u00edritu de di\u00e1logo existente entre el Vaticano y la parte china y lo estipulado en el Acuerdo Provisional sobre el Nombramiento de Obispos, el 22 de septiembre de 2018.<\/p>\n<p>Adem\u00e1s, el reconocimiento civil del obispo Peng habr\u00eda sido precedido por una larga y fuerte presi\u00f3n de las autoridades locales.<\/p>\n<p>La Santa Sede espera que tales episodios no se repitan, aguarda las oportunas comunicaciones de las Autoridades y reafirma su plena disposici\u00f3n a continuar el di\u00e1logo respetuoso sobre todas las cuestiones de inter\u00e9s com\u00fan.<\/p>\n","protected":false},"excerpt":{"rendered":"<p>S.E. Mons. John Peng Weizhao, \u201cObispo Auxiliar de Jiangxi\u201d<\/p>\n","protected":false},"author":15,"featured_media":66153,"comment_status":"closed","ping_status":"closed","sticky":false,"template":"","format":"standard","meta":{"_acf_changed":false,"_crdt_document":"","inline_featured_image":false,"footnotes":""},"categories":[132],"tags":[2355,7689,1891,4953],"class_list":["post-66169","post","type-post","status-publish","format-standard","has-post-thumbnail","hentry","category-vaticano-es","tag-china-es","tag-investidura-obispo","tag-santa-sede","tag-trending-es"],"acf":[],"yoast_head":"<!-- This site is optimized with the Yoast SEO plugin v27.5 - https:\/\/yoast.com\/product\/yoast-seo-wordpress\/ -->\n<title>Comunicado de la Santa Sede sobre la \u201cceremonia de investidura\u201d de un obispo en China &#8211; Exaudi<\/title>\n<meta name=\"robots\" content=\"index, follow, max-snippet:-1, max-image-preview:large, max-video-preview:-1\" \/>\n<link rel=\"canonical\" href=\"https:\/\/exaudi.org\/es\/comunicado-de-la-santa-sede-sobre-la-ceremonia-de-investidura-de-un-obispo-en-china\/\" \/>\n<meta property=\"og:locale\" content=\"es_ES\" \/>\n<meta property=\"og:type\" content=\"article\" \/>\n<meta property=\"og:title\" content=\"Comunicado de la Santa Sede sobre la \u201cceremonia de investidura\u201d de un obispo en China &#8211; Exaudi\" \/>\n<meta property=\"og:description\" content=\"S.E. Mons. John Peng Weizhao, \u201cObispo Auxiliar de Jiangxi\u201d\" \/>\n<meta property=\"og:url\" content=\"https:\/\/exaudi.org\/es\/comunicado-de-la-santa-sede-sobre-la-ceremonia-de-investidura-de-un-obispo-en-china\/\" \/>\n<meta property=\"og:site_name\" content=\"Exaudi\" \/>\n<meta property=\"article:publisher\" content=\"https:\/\/www.facebook.com\/ExaudiNews\" \/>\n<meta property=\"article:author\" content=\"https:\/\/www.facebook.com\/ExaudiNoticias\/\" \/>\n<meta property=\"article:published_time\" content=\"2022-11-27T11:45:10+00:00\" \/>\n<meta property=\"og:image\" content=\"https:\/\/exaudi.org\/wp-content\/uploads\/2022\/11\/cq5dam.thumbnail.cropped.1000.563-3.jpeg\" \/>\n\t<meta property=\"og:image:width\" content=\"1000\" \/>\n\t<meta property=\"og:image:height\" content=\"563\" \/>\n\t<meta property=\"og:image:type\" content=\"image\/jpeg\" \/>\n<meta name=\"author\" content=\"Exaudi Redacci\u00f3n\" \/>\n<meta name=\"twitter:card\" content=\"summary_large_image\" \/>\n<meta name=\"twitter:creator\" content=\"@Exaudi_noticias\" \/>\n<meta name=\"twitter:site\" content=\"@Exaudi_News\" \/>\n<meta name=\"twitter:label1\" content=\"Escrito por\" \/>\n\t<meta name=\"twitter:data1\" content=\"Exaudi Redacci\u00f3n\" \/>\n\t<meta name=\"twitter:label2\" content=\"Tiempo de lectura\" \/>\n\t<meta name=\"twitter:data2\" content=\"1 minuto\" \/>\n<script type=\"application\/ld+json\" class=\"yoast-schema-graph\">{\"@context\":\"https:\\\/\\\/schema.org\",\"@graph\":[{\"@type\":\"Article\",\"@id\":\"https:\\\/\\\/exaudi.org\\\/es\\\/comunicado-de-la-santa-sede-sobre-la-ceremonia-de-investidura-de-un-obispo-en-china\\\/#article\",\"isPartOf\":{\"@id\":\"https:\\\/\\\/exaudi.org\\\/es\\\/comunicado-de-la-santa-sede-sobre-la-ceremonia-de-investidura-de-un-obispo-en-china\\\/\"},\"author\":{\"name\":\"Exaudi Redacci\u00f3n\",\"@id\":\"https:\\\/\\\/exaudi.org\\\/#\\\/schema\\\/person\\\/f5fc8f063065e38742da7afe15f25df7\"},\"headline\":\"Comunicado de la Santa Sede sobre la \u201cceremonia de investidura\u201d de un obispo en China\",\"datePublished\":\"2022-11-27T11:45:10+00:00\",\"mainEntityOfPage\":{\"@id\":\"https:\\\/\\\/exaudi.org\\\/es\\\/comunicado-de-la-santa-sede-sobre-la-ceremonia-de-investidura-de-un-obispo-en-china\\\/\"},\"wordCount\":168,\"image\":{\"@id\":\"https:\\\/\\\/exaudi.org\\\/es\\\/comunicado-de-la-santa-sede-sobre-la-ceremonia-de-investidura-de-un-obispo-en-china\\\/#primaryimage\"},\"thumbnailUrl\":\"https:\\\/\\\/exaudi.org\\\/wp-content\\\/uploads\\\/2022\\\/11\\\/cq5dam.thumbnail.cropped.1000.563-3.jpeg\",\"keywords\":[\"china\",\"investidura obispo\",\"Santa Sede\",\"Trending\"],\"articleSection\":[\"Vaticano\"],\"inLanguage\":\"es\"},{\"@type\":\"WebPage\",\"@id\":\"https:\\\/\\\/exaudi.org\\\/es\\\/comunicado-de-la-santa-sede-sobre-la-ceremonia-de-investidura-de-un-obispo-en-china\\\/\",\"url\":\"https:\\\/\\\/exaudi.org\\\/es\\\/comunicado-de-la-santa-sede-sobre-la-ceremonia-de-investidura-de-un-obispo-en-china\\\/\",\"name\":\"Comunicado de la Santa Sede sobre la \u201cceremonia de investidura\u201d de un obispo en China &#8211; Exaudi\",\"isPartOf\":{\"@id\":\"https:\\\/\\\/exaudi.org\\\/#website\"},\"primaryImageOfPage\":{\"@id\":\"https:\\\/\\\/exaudi.org\\\/es\\\/comunicado-de-la-santa-sede-sobre-la-ceremonia-de-investidura-de-un-obispo-en-china\\\/#primaryimage\"},\"image\":{\"@id\":\"https:\\\/\\\/exaudi.org\\\/es\\\/comunicado-de-la-santa-sede-sobre-la-ceremonia-de-investidura-de-un-obispo-en-china\\\/#primaryimage\"},\"thumbnailUrl\":\"https:\\\/\\\/exaudi.org\\\/wp-content\\\/uploads\\\/2022\\\/11\\\/cq5dam.thumbnail.cropped.1000.563-3.jpeg\",\"datePublished\":\"2022-11-27T11:45:10+00:00\",\"author\":{\"@id\":\"https:\\\/\\\/exaudi.org\\\/#\\\/schema\\\/person\\\/f5fc8f063065e38742da7afe15f25df7\"},\"breadcrumb\":{\"@id\":\"https:\\\/\\\/exaudi.org\\\/es\\\/comunicado-de-la-santa-sede-sobre-la-ceremonia-de-investidura-de-un-obispo-en-china\\\/#breadcrumb\"},\"inLanguage\":\"es\",\"potentialAction\":[{\"@type\":\"ReadAction\",\"target\":[\"https:\\\/\\\/exaudi.org\\\/es\\\/comunicado-de-la-santa-sede-sobre-la-ceremonia-de-investidura-de-un-obispo-en-china\\\/\"]}]},{\"@type\":\"ImageObject\",\"inLanguage\":\"es\",\"@id\":\"https:\\\/\\\/exaudi.org\\\/es\\\/comunicado-de-la-santa-sede-sobre-la-ceremonia-de-investidura-de-un-obispo-en-china\\\/#primaryimage\",\"url\":\"https:\\\/\\\/exaudi.org\\\/wp-content\\\/uploads\\\/2022\\\/11\\\/cq5dam.thumbnail.cropped.1000.563-3.jpeg\",\"contentUrl\":\"https:\\\/\\\/exaudi.org\\\/wp-content\\\/uploads\\\/2022\\\/11\\\/cq5dam.thumbnail.cropped.1000.563-3.jpeg\",\"width\":1000,\"height\":563,\"caption\":\"\u00a9 Vatican Media\"},{\"@type\":\"BreadcrumbList\",\"@id\":\"https:\\\/\\\/exaudi.org\\\/es\\\/comunicado-de-la-santa-sede-sobre-la-ceremonia-de-investidura-de-un-obispo-en-china\\\/#breadcrumb\",\"itemListElement\":[{\"@type\":\"ListItem\",\"position\":1,\"name\":\"Portada\",\"item\":\"https:\\\/\\\/exaudi.org\\\/es\\\/\"},{\"@type\":\"ListItem\",\"position\":2,\"name\":\"Comunicado de la Santa Sede sobre la \u201cceremonia de investidura\u201d de un obispo en China\"}]},{\"@type\":\"WebSite\",\"@id\":\"https:\\\/\\\/exaudi.org\\\/#website\",\"url\":\"https:\\\/\\\/exaudi.org\\\/\",\"name\":\"Exaudi\",\"description\":\"News\",\"potentialAction\":[{\"@type\":\"SearchAction\",\"target\":{\"@type\":\"EntryPoint\",\"urlTemplate\":\"https:\\\/\\\/exaudi.org\\\/?s={search_term_string}\"},\"query-input\":{\"@type\":\"PropertyValueSpecification\",\"valueRequired\":true,\"valueName\":\"search_term_string\"}}],\"inLanguage\":\"es\"},{\"@type\":\"Person\",\"@id\":\"https:\\\/\\\/exaudi.org\\\/#\\\/schema\\\/person\\\/f5fc8f063065e38742da7afe15f25df7\",\"name\":\"Exaudi Redacci\u00f3n\",\"image\":{\"@type\":\"ImageObject\",\"inLanguage\":\"es\",\"@id\":\"https:\\\/\\\/secure.gravatar.com\\\/avatar\\\/fe0f6a059fb68d9b3e11bc5850dd4899b1c7492091a3cb6dd9b01b56ad828be2?s=96&d=mm&r=g\",\"url\":\"https:\\\/\\\/secure.gravatar.com\\\/avatar\\\/fe0f6a059fb68d9b3e11bc5850dd4899b1c7492091a3cb6dd9b01b56ad828be2?s=96&d=mm&r=g\",\"contentUrl\":\"https:\\\/\\\/secure.gravatar.com\\\/avatar\\\/fe0f6a059fb68d9b3e11bc5850dd4899b1c7492091a3cb6dd9b01b56ad828be2?s=96&d=mm&r=g\",\"caption\":\"Exaudi Redacci\u00f3n\"},\"description\":\"\u00bfQu\u00e9 es Exaudi News? Exaudi News es un medio de comunicaci\u00f3n cat\u00f3lico internacional que informa, forma y transforma, diariamente en espa\u00f1ol, ingl\u00e9s e italiano. A trav\u00e9s de noticias, art\u00edculos de an\u00e1lisis y transmisiones en directo de los eventos del Papa, Exaudi busca fortalecer la unidad de los cristianos y contribuir a la evangelizaci\u00f3n del mundo, siempre guiados por la doctrina social de la Iglesia. Trabajamos para acercar la verdad y los valores cristianos a cada rinc\u00f3n del planeta. \u00a1Ay\u00fadanos a transformar el mundo con Exaudi! En Exaudi creemos que la evangelizaci\u00f3n y la informaci\u00f3n de calidad pueden cambiar vidas. Para continuar con nuestra misi\u00f3n y expandir nuestro alcance, necesitamos tu ayuda. Adem\u00e1s, buscamos personas comprometidas que deseen unirse a nuestro equipo. Con tu apoyo, lograremos llegar a m\u00e1s personas, difundir el mensaje de Cristo y reforzar la unidad de los cristianos. \u00bfTe unes a nuestra misi\u00f3n? Para m\u00e1s informaci\u00f3n sobre c\u00f3mo colaborar, visita Exaudi.org\\\/es o cont\u00e1ctanos directamente: info@exaudi.org Exaudi: Informa, forma y transforma.\",\"sameAs\":[\"https:\\\/\\\/www.facebook.com\\\/ExaudiNoticias\\\/\",\"https:\\\/\\\/www.instagram.com\\\/exaudi_noticias\\\/\",\"https:\\\/\\\/x.com\\\/Exaudi_noticias\",\"https:\\\/\\\/www.youtube.com\\\/@exaudicatholicnews\"],\"url\":\"https:\\\/\\\/exaudi.org\\\/es\\\/author\\\/redaccionexaudi\\\/\"}]}<\/script>\n<!-- \/ Yoast SEO plugin. -->","yoast_head_json":{"title":"Comunicado de la Santa Sede sobre la \u201cceremonia de investidura\u201d de un obispo en China &#8211; Exaudi","robots":{"index":"index","follow":"follow","max-snippet":"max-snippet:-1","max-image-preview":"max-image-preview:large","max-video-preview":"max-video-preview:-1"},"canonical":"https:\/\/exaudi.org\/es\/comunicado-de-la-santa-sede-sobre-la-ceremonia-de-investidura-de-un-obispo-en-china\/","og_locale":"es_ES","og_type":"article","og_title":"Comunicado de la Santa Sede sobre la \u201cceremonia de investidura\u201d de un obispo en China &#8211; Exaudi","og_description":"S.E. Mons. John Peng Weizhao, \u201cObispo Auxiliar de Jiangxi\u201d","og_url":"https:\/\/exaudi.org\/es\/comunicado-de-la-santa-sede-sobre-la-ceremonia-de-investidura-de-un-obispo-en-china\/","og_site_name":"Exaudi","article_publisher":"https:\/\/www.facebook.com\/ExaudiNews","article_author":"https:\/\/www.facebook.com\/ExaudiNoticias\/","article_published_time":"2022-11-27T11:45:10+00:00","og_image":[{"width":1000,"height":563,"url":"https:\/\/exaudi.org\/wp-content\/uploads\/2022\/11\/cq5dam.thumbnail.cropped.1000.563-3.jpeg","type":"image\/jpeg"}],"author":"Exaudi Redacci\u00f3n","twitter_card":"summary_large_image","twitter_creator":"@Exaudi_noticias","twitter_site":"@Exaudi_News","twitter_misc":{"Escrito por":"Exaudi Redacci\u00f3n","Tiempo de lectura":"1 minuto"},"schema":{"@context":"https:\/\/schema.org","@graph":[{"@type":"Article","@id":"https:\/\/exaudi.org\/es\/comunicado-de-la-santa-sede-sobre-la-ceremonia-de-investidura-de-un-obispo-en-china\/#article","isPartOf":{"@id":"https:\/\/exaudi.org\/es\/comunicado-de-la-santa-sede-sobre-la-ceremonia-de-investidura-de-un-obispo-en-china\/"},"author":{"name":"Exaudi Redacci\u00f3n","@id":"https:\/\/exaudi.org\/#\/schema\/person\/f5fc8f063065e38742da7afe15f25df7"},"headline":"Comunicado de la Santa Sede sobre la \u201cceremonia de investidura\u201d de un obispo en China","datePublished":"2022-11-27T11:45:10+00:00","mainEntityOfPage":{"@id":"https:\/\/exaudi.org\/es\/comunicado-de-la-santa-sede-sobre-la-ceremonia-de-investidura-de-un-obispo-en-china\/"},"wordCount":168,"image":{"@id":"https:\/\/exaudi.org\/es\/comunicado-de-la-santa-sede-sobre-la-ceremonia-de-investidura-de-un-obispo-en-china\/#primaryimage"},"thumbnailUrl":"https:\/\/exaudi.org\/wp-content\/uploads\/2022\/11\/cq5dam.thumbnail.cropped.1000.563-3.jpeg","keywords":["china","investidura obispo","Santa Sede","Trending"],"articleSection":["Vaticano"],"inLanguage":"es"},{"@type":"WebPage","@id":"https:\/\/exaudi.org\/es\/comunicado-de-la-santa-sede-sobre-la-ceremonia-de-investidura-de-un-obispo-en-china\/","url":"https:\/\/exaudi.org\/es\/comunicado-de-la-santa-sede-sobre-la-ceremonia-de-investidura-de-un-obispo-en-china\/","name":"Comunicado de la Santa Sede sobre la \u201cceremonia de investidura\u201d de un obispo en China &#8211; Exaudi","isPartOf":{"@id":"https:\/\/exaudi.org\/#website"},"primaryImageOfPage":{"@id":"https:\/\/exaudi.org\/es\/comunicado-de-la-santa-sede-sobre-la-ceremonia-de-investidura-de-un-obispo-en-china\/#primaryimage"},"image":{"@id":"https:\/\/exaudi.org\/es\/comunicado-de-la-santa-sede-sobre-la-ceremonia-de-investidura-de-un-obispo-en-china\/#primaryimage"},"thumbnailUrl":"https:\/\/exaudi.org\/wp-content\/uploads\/2022\/11\/cq5dam.thumbnail.cropped.1000.563-3.jpeg","datePublished":"2022-11-27T11:45:10+00:00","author":{"@id":"https:\/\/exaudi.org\/#\/schema\/person\/f5fc8f063065e38742da7afe15f25df7"},"breadcrumb":{"@id":"https:\/\/exaudi.org\/es\/comunicado-de-la-santa-sede-sobre-la-ceremonia-de-investidura-de-un-obispo-en-china\/#breadcrumb"},"inLanguage":"es","potentialAction":[{"@type":"ReadAction","target":["https:\/\/exaudi.org\/es\/comunicado-de-la-santa-sede-sobre-la-ceremonia-de-investidura-de-un-obispo-en-china\/"]}]},{"@type":"ImageObject","inLanguage":"es","@id":"https:\/\/exaudi.org\/es\/comunicado-de-la-santa-sede-sobre-la-ceremonia-de-investidura-de-un-obispo-en-china\/#primaryimage","url":"https:\/\/exaudi.org\/wp-content\/uploads\/2022\/11\/cq5dam.thumbnail.cropped.1000.563-3.jpeg","contentUrl":"https:\/\/exaudi.org\/wp-content\/uploads\/2022\/11\/cq5dam.thumbnail.cropped.1000.563-3.jpeg","width":1000,"height":563,"caption":"\u00a9 Vatican Media"},{"@type":"BreadcrumbList","@id":"https:\/\/exaudi.org\/es\/comunicado-de-la-santa-sede-sobre-la-ceremonia-de-investidura-de-un-obispo-en-china\/#breadcrumb","itemListElement":[{"@type":"ListItem","position":1,"name":"Portada","item":"https:\/\/exaudi.org\/es\/"},{"@type":"ListItem","position":2,"name":"Comunicado de la Santa Sede sobre la \u201cceremonia de investidura\u201d de un obispo en China"}]},{"@type":"WebSite","@id":"https:\/\/exaudi.org\/#website","url":"https:\/\/exaudi.org\/","name":"Exaudi","description":"News","potentialAction":[{"@type":"SearchAction","target":{"@type":"EntryPoint","urlTemplate":"https:\/\/exaudi.org\/?s={search_term_string}"},"query-input":{"@type":"PropertyValueSpecification","valueRequired":true,"valueName":"search_term_string"}}],"inLanguage":"es"},{"@type":"Person","@id":"https:\/\/exaudi.org\/#\/schema\/person\/f5fc8f063065e38742da7afe15f25df7","name":"Exaudi Redacci\u00f3n","image":{"@type":"ImageObject","inLanguage":"es","@id":"https:\/\/secure.gravatar.com\/avatar\/fe0f6a059fb68d9b3e11bc5850dd4899b1c7492091a3cb6dd9b01b56ad828be2?s=96&d=mm&r=g","url":"https:\/\/secure.gravatar.com\/avatar\/fe0f6a059fb68d9b3e11bc5850dd4899b1c7492091a3cb6dd9b01b56ad828be2?s=96&d=mm&r=g","contentUrl":"https:\/\/secure.gravatar.com\/avatar\/fe0f6a059fb68d9b3e11bc5850dd4899b1c7492091a3cb6dd9b01b56ad828be2?s=96&d=mm&r=g","caption":"Exaudi Redacci\u00f3n"},"description":"\u00bfQu\u00e9 es Exaudi News? Exaudi News es un medio de comunicaci\u00f3n cat\u00f3lico internacional que informa, forma y transforma, diariamente en espa\u00f1ol, ingl\u00e9s e italiano. A trav\u00e9s de noticias, art\u00edculos de an\u00e1lisis y transmisiones en directo de los eventos del Papa, Exaudi busca fortalecer la unidad de los cristianos y contribuir a la evangelizaci\u00f3n del mundo, siempre guiados por la doctrina social de la Iglesia. Trabajamos para acercar la verdad y los valores cristianos a cada rinc\u00f3n del planeta. \u00a1Ay\u00fadanos a transformar el mundo con Exaudi! En Exaudi creemos que la evangelizaci\u00f3n y la informaci\u00f3n de calidad pueden cambiar vidas. Para continuar con nuestra misi\u00f3n y expandir nuestro alcance, necesitamos tu ayuda. Adem\u00e1s, buscamos personas comprometidas que deseen unirse a nuestro equipo. Con tu apoyo, lograremos llegar a m\u00e1s personas, difundir el mensaje de Cristo y reforzar la unidad de los cristianos. \u00bfTe unes a nuestra misi\u00f3n? Para m\u00e1s informaci\u00f3n sobre c\u00f3mo colaborar, visita Exaudi.org\/es o cont\u00e1ctanos directamente: info@exaudi.org Exaudi: Informa, forma y transforma.","sameAs":["https:\/\/www.facebook.com\/ExaudiNoticias\/","https:\/\/www.instagram.com\/exaudi_noticias\/","https:\/\/x.com\/Exaudi_noticias","https:\/\/www.youtube.com\/@exaudicatholicnews"],"url":"https:\/\/exaudi.org\/es\/author\/redaccionexaudi\/"}]}},"jetpack_featured_media_url":"https:\/\/exaudi.org\/wp-content\/uploads\/2022\/11\/cq5dam.thumbnail.cropped.1000.563-3.jpeg","jetpack_shortlink":"https:\/\/wp.me\/pgKjF2-hdf","_links":{"self":[{"href":"https:\/\/exaudi.org\/es\/wp-json\/wp\/v2\/posts\/66169","targetHints":{"allow":["GET"]}}],"collection":[{"href":"https:\/\/exaudi.org\/es\/wp-json\/wp\/v2\/posts"}],"about":[{"href":"https:\/\/exaudi.org\/es\/wp-json\/wp\/v2\/types\/post"}],"author":[{"embeddable":true,"href":"https:\/\/exaudi.org\/es\/wp-json\/wp\/v2\/users\/15"}],"replies":[{"embeddable":true,"href":"https:\/\/exaudi.org\/es\/wp-json\/wp\/v2\/comments?post=66169"}],"version-history":[{"count":0,"href":"https:\/\/exaudi.org\/es\/wp-json\/wp\/v2\/posts\/66169\/revisions"}],"wp:featuredmedia":[{"embeddable":true,"href":"https:\/\/exaudi.org\/es\/wp-json\/wp\/v2\/media\/66153"}],"wp:attachment":[{"href":"https:\/\/exaudi.org\/es\/wp-json\/wp\/v2\/media?parent=66169"}],"wp:term":[{"taxonomy":"category","embeddable":true,"href":"https:\/\/exaudi.org\/es\/wp-json\/wp\/v2\/categories?post=66169"},{"taxonomy":"post_tag","embeddable":true,"href":"https:\/\/exaudi.org\/es\/wp-json\/wp\/v2\/tags?post=66169"}],"curies":[{"name":"wp","href":"https:\/\/api.w.org\/{rel}","templated":true}]}}