{"id":65936,"date":"2022-11-21T19:03:00","date_gmt":"2022-11-21T18:03:00","guid":{"rendered":"https:\/\/exaudi.org\/?p=65936"},"modified":"2022-11-21T19:05:49","modified_gmt":"2022-11-21T18:05:49","slug":"carta-del-papa-tras-la-muerte-de-hebe-de-bonafini","status":"publish","type":"post","link":"https:\/\/exaudi.org\/es\/carta-del-papa-tras-la-muerte-de-hebe-de-bonafini\/","title":{"rendered":"Carta del Papa tras la muerte de Hebe de Bonafini"},"content":{"rendered":"<p>El Papa Francisco ha enviado una carta tras la muerte de Hebe de Bonafini, presidenta de la <a href=\"https:\/\/madres.org\/\" target=\"_blank\" rel=\"noopener\">Asociaci\u00f3n Madres de la Plaza de Mayo de Argentina<\/a>.<\/p>\n<p>En la misiva, dirigida a las Madres de la Plaza de Mayo, el Santo Padre ha transmitido su cercan\u00eda y p\u00e9same.<\/p>\n<p>El Papa destac\u00f3 que Hebe, fallecida el 20 de noviembre de 2022, \u201csupo transformar su vida, como Ustedes, marcada por el dolor de sus hijos e hijas desaparecidos en una b\u00fasqueda incansable por la defensa de los derechos de los m\u00e1s marginados e invisibilizados. Recuerdo, en el encuentro que tuvimos en el Vaticano, la pasi\u00f3n que me transmit\u00eda por querer darle voz a qui\u00e9nes no la ten\u00edan\u201d.<\/p>\n<p>\u201cSu valent\u00eda y coraje, en momentos donde imperaba el silencio impuls\u00f3 y despu\u00e9s mantuvo viva la b\u00fasqueda por la verdad, la memoria y la justicia. Una b\u00fasqueda que la llev\u00f3 semanalmente a marchar para que el olvido no se apoderase de las calles y de la historia y, el compromiso con el otro, fuera la mejor palabra y ant\u00eddoto contra las atrocidades que se padecieron\u201d, a\u00f1ade el Papa en su misiva.<\/p>\n<p>Finalmente, Francisco indica a las Madres de la Plaza de Mayo que \u201cen esta, su \u00faltima marcha, la acompa\u00f1amos con la oraci\u00f3n pidi\u00e9ndole al Se\u00f1or que le regale el descanso eterno y no permita que se pierda todo el bien realizado; y, a Ustedes, las conforte y acompa\u00f1e para seguir siendo las Madres de la Memoria\u201d.<\/p>\n<p>\u201cRezo por Ustedes; por favor, no se olviden de rezar por m\u00ed. Que Jes\u00fas la bendiga y la Virgen Santa las cuide\u201d, concluye el Pont\u00edfice.<\/p>\n<h2><strong>Encuentro en el Vaticano con Francisco<\/strong><\/h2>\n<p>El Papa Francisco se reuni\u00f3 el 27 de mayo de 2016 con de Bonafini en la Casa de Santa Marta. La fundadora y presidenta de las Madres de la Plaza de Mayo, que entonces ten\u00eda 87 a\u00f1os, dedic\u00f3 su existencia a la lucha y la b\u00fasqueda, desde que, durante la dictadura militar en Argentina, perdi\u00f3 a 2 hijos y una nuera, desaparecidos como tantos otros opositores al r\u00e9gimen.<\/p>\n<p>\u201cEl encuentro con el Papa en Santa Marta fue largo, muy afectuoso: nos conmovimos y nos abrazamos\u201d, explic\u00f3 la se\u00f1ora sobre el encuentro con Su Santidad de acuerdo a Vatican News. En el pasado, la presidenta de la Asociaci\u00f3n Madres de la Plaza de Mayo hab\u00eda criticado a Francisco. No obstante, m\u00e1s tarde, en una carta, reconoci\u00f3 que se hab\u00eda equivocado, al desconocer el compromiso del Santo Padre con los pobres.<\/p>\n","protected":false},"excerpt":{"rendered":"<p>Presidenta de la Asociaci\u00f3n Madres de la Plaza de Mayo de Argentina.<\/p>\n","protected":false},"author":15,"featured_media":65937,"comment_status":"closed","ping_status":"closed","sticky":false,"template":"","format":"standard","meta":{"_acf_changed":false,"_crdt_document":"","inline_featured_image":false,"footnotes":""},"categories":[68],"tags":[1550,7642,2419,7643,158],"class_list":["post-65936","post","type-post","status-publish","format-standard","has-post-thumbnail","hentry","category-leon-xiv","tag-argentina","tag-asociacion-madres-de-la-plaza-de-mayo","tag-featured","tag-hebe-de-bonafini","tag-papa-francisco"],"acf":[],"yoast_head":"<!-- This site is optimized with the Yoast SEO plugin v27.4 - https:\/\/yoast.com\/product\/yoast-seo-wordpress\/ -->\n<title>Carta del Papa tras la muerte de Hebe de Bonafini &#8211; Exaudi<\/title>\n<meta name=\"description\" content=\"El Papa Francisco env\u00eda una carta tras la muerte de Hebe de Bonafini, presidenta de la misma. a la Asociaci\u00f3n Madres de la Plaza de Mayo\" \/>\n<meta name=\"robots\" content=\"index, follow, max-snippet:-1, max-image-preview:large, max-video-preview:-1\" \/>\n<link rel=\"canonical\" href=\"https:\/\/exaudi.org\/es\/carta-del-papa-tras-la-muerte-de-hebe-de-bonafini\/\" \/>\n<meta property=\"og:locale\" content=\"es_ES\" \/>\n<meta property=\"og:type\" content=\"article\" \/>\n<meta property=\"og:title\" content=\"Carta del Papa tras la muerte de Hebe de Bonafini &#8211; Exaudi\" \/>\n<meta property=\"og:description\" content=\"El Papa Francisco env\u00eda una carta tras la muerte de Hebe de Bonafini, presidenta de la misma. a la Asociaci\u00f3n Madres de la Plaza de Mayo\" \/>\n<meta property=\"og:url\" content=\"https:\/\/exaudi.org\/es\/carta-del-papa-tras-la-muerte-de-hebe-de-bonafini\/\" \/>\n<meta property=\"og:site_name\" content=\"Exaudi\" \/>\n<meta property=\"article:publisher\" content=\"https:\/\/www.facebook.com\/ExaudiNews\" \/>\n<meta property=\"article:author\" content=\"https:\/\/www.facebook.com\/ExaudiNoticias\/\" \/>\n<meta property=\"article:published_time\" content=\"2022-11-21T18:03:00+00:00\" \/>\n<meta property=\"article:modified_time\" content=\"2022-11-21T18:05:49+00:00\" \/>\n<meta property=\"og:image\" content=\"https:\/\/exaudi.org\/wp-content\/uploads\/2022\/11\/310165019_476090841225136_6202937895546925314_n.jpg\" \/>\n\t<meta property=\"og:image:width\" content=\"2048\" \/>\n\t<meta property=\"og:image:height\" content=\"1366\" \/>\n\t<meta property=\"og:image:type\" content=\"image\/jpeg\" \/>\n<meta name=\"author\" content=\"Exaudi Redacci\u00f3n\" \/>\n<meta name=\"twitter:card\" content=\"summary_large_image\" \/>\n<meta name=\"twitter:creator\" content=\"@Exaudi_noticias\" \/>\n<meta name=\"twitter:site\" content=\"@Exaudi_News\" \/>\n<meta name=\"twitter:label1\" content=\"Escrito por\" \/>\n\t<meta name=\"twitter:data1\" content=\"Exaudi Redacci\u00f3n\" \/>\n\t<meta name=\"twitter:label2\" content=\"Tiempo de lectura\" \/>\n\t<meta name=\"twitter:data2\" content=\"2 minutos\" \/>\n<script type=\"application\/ld+json\" class=\"yoast-schema-graph\">{\"@context\":\"https:\\\/\\\/schema.org\",\"@graph\":[{\"@type\":\"Article\",\"@id\":\"https:\\\/\\\/exaudi.org\\\/es\\\/carta-del-papa-tras-la-muerte-de-hebe-de-bonafini\\\/#article\",\"isPartOf\":{\"@id\":\"https:\\\/\\\/exaudi.org\\\/es\\\/carta-del-papa-tras-la-muerte-de-hebe-de-bonafini\\\/\"},\"author\":{\"name\":\"Exaudi Redacci\u00f3n\",\"@id\":\"https:\\\/\\\/exaudi.org\\\/#\\\/schema\\\/person\\\/f5fc8f063065e38742da7afe15f25df7\"},\"headline\":\"Carta del Papa tras la muerte de Hebe de Bonafini\",\"datePublished\":\"2022-11-21T18:03:00+00:00\",\"dateModified\":\"2022-11-21T18:05:49+00:00\",\"mainEntityOfPage\":{\"@id\":\"https:\\\/\\\/exaudi.org\\\/es\\\/carta-del-papa-tras-la-muerte-de-hebe-de-bonafini\\\/\"},\"wordCount\":446,\"image\":{\"@id\":\"https:\\\/\\\/exaudi.org\\\/es\\\/carta-del-papa-tras-la-muerte-de-hebe-de-bonafini\\\/#primaryimage\"},\"thumbnailUrl\":\"https:\\\/\\\/exaudi.org\\\/wp-content\\\/uploads\\\/2022\\\/11\\\/310165019_476090841225136_6202937895546925314_n.jpg\",\"keywords\":[\"Argentina\",\"Asociaci\u00f3n Madres de la Plaza de Mayo\",\"Featured\",\"Hebe de Bonafini\",\"papa francisco\"],\"articleSection\":[\"Le\u00f3n XIV\"],\"inLanguage\":\"es\"},{\"@type\":\"WebPage\",\"@id\":\"https:\\\/\\\/exaudi.org\\\/es\\\/carta-del-papa-tras-la-muerte-de-hebe-de-bonafini\\\/\",\"url\":\"https:\\\/\\\/exaudi.org\\\/es\\\/carta-del-papa-tras-la-muerte-de-hebe-de-bonafini\\\/\",\"name\":\"Carta del Papa tras la muerte de Hebe de Bonafini &#8211; Exaudi\",\"isPartOf\":{\"@id\":\"https:\\\/\\\/exaudi.org\\\/#website\"},\"primaryImageOfPage\":{\"@id\":\"https:\\\/\\\/exaudi.org\\\/es\\\/carta-del-papa-tras-la-muerte-de-hebe-de-bonafini\\\/#primaryimage\"},\"image\":{\"@id\":\"https:\\\/\\\/exaudi.org\\\/es\\\/carta-del-papa-tras-la-muerte-de-hebe-de-bonafini\\\/#primaryimage\"},\"thumbnailUrl\":\"https:\\\/\\\/exaudi.org\\\/wp-content\\\/uploads\\\/2022\\\/11\\\/310165019_476090841225136_6202937895546925314_n.jpg\",\"datePublished\":\"2022-11-21T18:03:00+00:00\",\"dateModified\":\"2022-11-21T18:05:49+00:00\",\"author\":{\"@id\":\"https:\\\/\\\/exaudi.org\\\/#\\\/schema\\\/person\\\/f5fc8f063065e38742da7afe15f25df7\"},\"description\":\"El Papa Francisco env\u00eda una carta tras la muerte de Hebe de Bonafini, presidenta de la misma. a la Asociaci\u00f3n Madres de la Plaza de Mayo\",\"breadcrumb\":{\"@id\":\"https:\\\/\\\/exaudi.org\\\/es\\\/carta-del-papa-tras-la-muerte-de-hebe-de-bonafini\\\/#breadcrumb\"},\"inLanguage\":\"es\",\"potentialAction\":[{\"@type\":\"ReadAction\",\"target\":[\"https:\\\/\\\/exaudi.org\\\/es\\\/carta-del-papa-tras-la-muerte-de-hebe-de-bonafini\\\/\"]}]},{\"@type\":\"ImageObject\",\"inLanguage\":\"es\",\"@id\":\"https:\\\/\\\/exaudi.org\\\/es\\\/carta-del-papa-tras-la-muerte-de-hebe-de-bonafini\\\/#primaryimage\",\"url\":\"https:\\\/\\\/exaudi.org\\\/wp-content\\\/uploads\\\/2022\\\/11\\\/310165019_476090841225136_6202937895546925314_n.jpg\",\"contentUrl\":\"https:\\\/\\\/exaudi.org\\\/wp-content\\\/uploads\\\/2022\\\/11\\\/310165019_476090841225136_6202937895546925314_n.jpg\",\"width\":2048,\"height\":1366,\"caption\":\"Hebe de Bonafini \u00a9 Facebook. Asociaci\u00f3n Madres de la Plaza de Mayo\"},{\"@type\":\"BreadcrumbList\",\"@id\":\"https:\\\/\\\/exaudi.org\\\/es\\\/carta-del-papa-tras-la-muerte-de-hebe-de-bonafini\\\/#breadcrumb\",\"itemListElement\":[{\"@type\":\"ListItem\",\"position\":1,\"name\":\"Portada\",\"item\":\"https:\\\/\\\/exaudi.org\\\/es\\\/\"},{\"@type\":\"ListItem\",\"position\":2,\"name\":\"Carta del Papa tras la muerte de Hebe de Bonafini\"}]},{\"@type\":\"WebSite\",\"@id\":\"https:\\\/\\\/exaudi.org\\\/#website\",\"url\":\"https:\\\/\\\/exaudi.org\\\/\",\"name\":\"Exaudi\",\"description\":\"News\",\"potentialAction\":[{\"@type\":\"SearchAction\",\"target\":{\"@type\":\"EntryPoint\",\"urlTemplate\":\"https:\\\/\\\/exaudi.org\\\/?s={search_term_string}\"},\"query-input\":{\"@type\":\"PropertyValueSpecification\",\"valueRequired\":true,\"valueName\":\"search_term_string\"}}],\"inLanguage\":\"es\"},{\"@type\":\"Person\",\"@id\":\"https:\\\/\\\/exaudi.org\\\/#\\\/schema\\\/person\\\/f5fc8f063065e38742da7afe15f25df7\",\"name\":\"Exaudi Redacci\u00f3n\",\"image\":{\"@type\":\"ImageObject\",\"inLanguage\":\"es\",\"@id\":\"https:\\\/\\\/secure.gravatar.com\\\/avatar\\\/fe0f6a059fb68d9b3e11bc5850dd4899b1c7492091a3cb6dd9b01b56ad828be2?s=96&d=mm&r=g\",\"url\":\"https:\\\/\\\/secure.gravatar.com\\\/avatar\\\/fe0f6a059fb68d9b3e11bc5850dd4899b1c7492091a3cb6dd9b01b56ad828be2?s=96&d=mm&r=g\",\"contentUrl\":\"https:\\\/\\\/secure.gravatar.com\\\/avatar\\\/fe0f6a059fb68d9b3e11bc5850dd4899b1c7492091a3cb6dd9b01b56ad828be2?s=96&d=mm&r=g\",\"caption\":\"Exaudi Redacci\u00f3n\"},\"description\":\"\u00bfQu\u00e9 es Exaudi News? Exaudi News es un medio de comunicaci\u00f3n cat\u00f3lico internacional que informa, forma y transforma, diariamente en espa\u00f1ol, ingl\u00e9s e italiano. A trav\u00e9s de noticias, art\u00edculos de an\u00e1lisis y transmisiones en directo de los eventos del Papa, Exaudi busca fortalecer la unidad de los cristianos y contribuir a la evangelizaci\u00f3n del mundo, siempre guiados por la doctrina social de la Iglesia. Trabajamos para acercar la verdad y los valores cristianos a cada rinc\u00f3n del planeta. \u00a1Ay\u00fadanos a transformar el mundo con Exaudi! En Exaudi creemos que la evangelizaci\u00f3n y la informaci\u00f3n de calidad pueden cambiar vidas. Para continuar con nuestra misi\u00f3n y expandir nuestro alcance, necesitamos tu ayuda. Adem\u00e1s, buscamos personas comprometidas que deseen unirse a nuestro equipo. Con tu apoyo, lograremos llegar a m\u00e1s personas, difundir el mensaje de Cristo y reforzar la unidad de los cristianos. \u00bfTe unes a nuestra misi\u00f3n? Para m\u00e1s informaci\u00f3n sobre c\u00f3mo colaborar, visita Exaudi.org\\\/es o cont\u00e1ctanos directamente: info@exaudi.org Exaudi: Informa, forma y transforma.\",\"sameAs\":[\"https:\\\/\\\/www.facebook.com\\\/ExaudiNoticias\\\/\",\"https:\\\/\\\/www.instagram.com\\\/exaudi_noticias\\\/\",\"https:\\\/\\\/x.com\\\/Exaudi_noticias\",\"https:\\\/\\\/www.youtube.com\\\/@exaudicatholicnews\"],\"url\":\"https:\\\/\\\/exaudi.org\\\/es\\\/author\\\/redaccionexaudi\\\/\"}]}<\/script>\n<!-- \/ Yoast SEO plugin. -->","yoast_head_json":{"title":"Carta del Papa tras la muerte de Hebe de Bonafini &#8211; Exaudi","description":"El Papa Francisco env\u00eda una carta tras la muerte de Hebe de Bonafini, presidenta de la misma. a la Asociaci\u00f3n Madres de la Plaza de Mayo","robots":{"index":"index","follow":"follow","max-snippet":"max-snippet:-1","max-image-preview":"max-image-preview:large","max-video-preview":"max-video-preview:-1"},"canonical":"https:\/\/exaudi.org\/es\/carta-del-papa-tras-la-muerte-de-hebe-de-bonafini\/","og_locale":"es_ES","og_type":"article","og_title":"Carta del Papa tras la muerte de Hebe de Bonafini &#8211; Exaudi","og_description":"El Papa Francisco env\u00eda una carta tras la muerte de Hebe de Bonafini, presidenta de la misma. a la Asociaci\u00f3n Madres de la Plaza de Mayo","og_url":"https:\/\/exaudi.org\/es\/carta-del-papa-tras-la-muerte-de-hebe-de-bonafini\/","og_site_name":"Exaudi","article_publisher":"https:\/\/www.facebook.com\/ExaudiNews","article_author":"https:\/\/www.facebook.com\/ExaudiNoticias\/","article_published_time":"2022-11-21T18:03:00+00:00","article_modified_time":"2022-11-21T18:05:49+00:00","og_image":[{"width":2048,"height":1366,"url":"https:\/\/exaudi.org\/wp-content\/uploads\/2022\/11\/310165019_476090841225136_6202937895546925314_n.jpg","type":"image\/jpeg"}],"author":"Exaudi Redacci\u00f3n","twitter_card":"summary_large_image","twitter_creator":"@Exaudi_noticias","twitter_site":"@Exaudi_News","twitter_misc":{"Escrito por":"Exaudi Redacci\u00f3n","Tiempo de lectura":"2 minutos"},"schema":{"@context":"https:\/\/schema.org","@graph":[{"@type":"Article","@id":"https:\/\/exaudi.org\/es\/carta-del-papa-tras-la-muerte-de-hebe-de-bonafini\/#article","isPartOf":{"@id":"https:\/\/exaudi.org\/es\/carta-del-papa-tras-la-muerte-de-hebe-de-bonafini\/"},"author":{"name":"Exaudi Redacci\u00f3n","@id":"https:\/\/exaudi.org\/#\/schema\/person\/f5fc8f063065e38742da7afe15f25df7"},"headline":"Carta del Papa tras la muerte de Hebe de Bonafini","datePublished":"2022-11-21T18:03:00+00:00","dateModified":"2022-11-21T18:05:49+00:00","mainEntityOfPage":{"@id":"https:\/\/exaudi.org\/es\/carta-del-papa-tras-la-muerte-de-hebe-de-bonafini\/"},"wordCount":446,"image":{"@id":"https:\/\/exaudi.org\/es\/carta-del-papa-tras-la-muerte-de-hebe-de-bonafini\/#primaryimage"},"thumbnailUrl":"https:\/\/exaudi.org\/wp-content\/uploads\/2022\/11\/310165019_476090841225136_6202937895546925314_n.jpg","keywords":["Argentina","Asociaci\u00f3n Madres de la Plaza de Mayo","Featured","Hebe de Bonafini","papa francisco"],"articleSection":["Le\u00f3n XIV"],"inLanguage":"es"},{"@type":"WebPage","@id":"https:\/\/exaudi.org\/es\/carta-del-papa-tras-la-muerte-de-hebe-de-bonafini\/","url":"https:\/\/exaudi.org\/es\/carta-del-papa-tras-la-muerte-de-hebe-de-bonafini\/","name":"Carta del Papa tras la muerte de Hebe de Bonafini &#8211; Exaudi","isPartOf":{"@id":"https:\/\/exaudi.org\/#website"},"primaryImageOfPage":{"@id":"https:\/\/exaudi.org\/es\/carta-del-papa-tras-la-muerte-de-hebe-de-bonafini\/#primaryimage"},"image":{"@id":"https:\/\/exaudi.org\/es\/carta-del-papa-tras-la-muerte-de-hebe-de-bonafini\/#primaryimage"},"thumbnailUrl":"https:\/\/exaudi.org\/wp-content\/uploads\/2022\/11\/310165019_476090841225136_6202937895546925314_n.jpg","datePublished":"2022-11-21T18:03:00+00:00","dateModified":"2022-11-21T18:05:49+00:00","author":{"@id":"https:\/\/exaudi.org\/#\/schema\/person\/f5fc8f063065e38742da7afe15f25df7"},"description":"El Papa Francisco env\u00eda una carta tras la muerte de Hebe de Bonafini, presidenta de la misma. a la Asociaci\u00f3n Madres de la Plaza de Mayo","breadcrumb":{"@id":"https:\/\/exaudi.org\/es\/carta-del-papa-tras-la-muerte-de-hebe-de-bonafini\/#breadcrumb"},"inLanguage":"es","potentialAction":[{"@type":"ReadAction","target":["https:\/\/exaudi.org\/es\/carta-del-papa-tras-la-muerte-de-hebe-de-bonafini\/"]}]},{"@type":"ImageObject","inLanguage":"es","@id":"https:\/\/exaudi.org\/es\/carta-del-papa-tras-la-muerte-de-hebe-de-bonafini\/#primaryimage","url":"https:\/\/exaudi.org\/wp-content\/uploads\/2022\/11\/310165019_476090841225136_6202937895546925314_n.jpg","contentUrl":"https:\/\/exaudi.org\/wp-content\/uploads\/2022\/11\/310165019_476090841225136_6202937895546925314_n.jpg","width":2048,"height":1366,"caption":"Hebe de Bonafini \u00a9 Facebook. Asociaci\u00f3n Madres de la Plaza de Mayo"},{"@type":"BreadcrumbList","@id":"https:\/\/exaudi.org\/es\/carta-del-papa-tras-la-muerte-de-hebe-de-bonafini\/#breadcrumb","itemListElement":[{"@type":"ListItem","position":1,"name":"Portada","item":"https:\/\/exaudi.org\/es\/"},{"@type":"ListItem","position":2,"name":"Carta del Papa tras la muerte de Hebe de Bonafini"}]},{"@type":"WebSite","@id":"https:\/\/exaudi.org\/#website","url":"https:\/\/exaudi.org\/","name":"Exaudi","description":"News","potentialAction":[{"@type":"SearchAction","target":{"@type":"EntryPoint","urlTemplate":"https:\/\/exaudi.org\/?s={search_term_string}"},"query-input":{"@type":"PropertyValueSpecification","valueRequired":true,"valueName":"search_term_string"}}],"inLanguage":"es"},{"@type":"Person","@id":"https:\/\/exaudi.org\/#\/schema\/person\/f5fc8f063065e38742da7afe15f25df7","name":"Exaudi Redacci\u00f3n","image":{"@type":"ImageObject","inLanguage":"es","@id":"https:\/\/secure.gravatar.com\/avatar\/fe0f6a059fb68d9b3e11bc5850dd4899b1c7492091a3cb6dd9b01b56ad828be2?s=96&d=mm&r=g","url":"https:\/\/secure.gravatar.com\/avatar\/fe0f6a059fb68d9b3e11bc5850dd4899b1c7492091a3cb6dd9b01b56ad828be2?s=96&d=mm&r=g","contentUrl":"https:\/\/secure.gravatar.com\/avatar\/fe0f6a059fb68d9b3e11bc5850dd4899b1c7492091a3cb6dd9b01b56ad828be2?s=96&d=mm&r=g","caption":"Exaudi Redacci\u00f3n"},"description":"\u00bfQu\u00e9 es Exaudi News? Exaudi News es un medio de comunicaci\u00f3n cat\u00f3lico internacional que informa, forma y transforma, diariamente en espa\u00f1ol, ingl\u00e9s e italiano. A trav\u00e9s de noticias, art\u00edculos de an\u00e1lisis y transmisiones en directo de los eventos del Papa, Exaudi busca fortalecer la unidad de los cristianos y contribuir a la evangelizaci\u00f3n del mundo, siempre guiados por la doctrina social de la Iglesia. Trabajamos para acercar la verdad y los valores cristianos a cada rinc\u00f3n del planeta. \u00a1Ay\u00fadanos a transformar el mundo con Exaudi! En Exaudi creemos que la evangelizaci\u00f3n y la informaci\u00f3n de calidad pueden cambiar vidas. Para continuar con nuestra misi\u00f3n y expandir nuestro alcance, necesitamos tu ayuda. Adem\u00e1s, buscamos personas comprometidas que deseen unirse a nuestro equipo. Con tu apoyo, lograremos llegar a m\u00e1s personas, difundir el mensaje de Cristo y reforzar la unidad de los cristianos. \u00bfTe unes a nuestra misi\u00f3n? Para m\u00e1s informaci\u00f3n sobre c\u00f3mo colaborar, visita Exaudi.org\/es o cont\u00e1ctanos directamente: info@exaudi.org Exaudi: Informa, forma y transforma.","sameAs":["https:\/\/www.facebook.com\/ExaudiNoticias\/","https:\/\/www.instagram.com\/exaudi_noticias\/","https:\/\/x.com\/Exaudi_noticias","https:\/\/www.youtube.com\/@exaudicatholicnews"],"url":"https:\/\/exaudi.org\/es\/author\/redaccionexaudi\/"}]}},"jetpack_featured_media_url":"https:\/\/exaudi.org\/wp-content\/uploads\/2022\/11\/310165019_476090841225136_6202937895546925314_n.jpg","jetpack_shortlink":"https:\/\/wp.me\/pgKjF2-h9u","_links":{"self":[{"href":"https:\/\/exaudi.org\/es\/wp-json\/wp\/v2\/posts\/65936","targetHints":{"allow":["GET"]}}],"collection":[{"href":"https:\/\/exaudi.org\/es\/wp-json\/wp\/v2\/posts"}],"about":[{"href":"https:\/\/exaudi.org\/es\/wp-json\/wp\/v2\/types\/post"}],"author":[{"embeddable":true,"href":"https:\/\/exaudi.org\/es\/wp-json\/wp\/v2\/users\/15"}],"replies":[{"embeddable":true,"href":"https:\/\/exaudi.org\/es\/wp-json\/wp\/v2\/comments?post=65936"}],"version-history":[{"count":0,"href":"https:\/\/exaudi.org\/es\/wp-json\/wp\/v2\/posts\/65936\/revisions"}],"wp:featuredmedia":[{"embeddable":true,"href":"https:\/\/exaudi.org\/es\/wp-json\/wp\/v2\/media\/65937"}],"wp:attachment":[{"href":"https:\/\/exaudi.org\/es\/wp-json\/wp\/v2\/media?parent=65936"}],"wp:term":[{"taxonomy":"category","embeddable":true,"href":"https:\/\/exaudi.org\/es\/wp-json\/wp\/v2\/categories?post=65936"},{"taxonomy":"post_tag","embeddable":true,"href":"https:\/\/exaudi.org\/es\/wp-json\/wp\/v2\/tags?post=65936"}],"curies":[{"name":"wp","href":"https:\/\/api.w.org\/{rel}","templated":true}]}}