{"id":65810,"date":"2022-11-19T17:08:23","date_gmt":"2022-11-19T16:08:23","guid":{"rendered":"https:\/\/exaudi.org\/?p=65810"},"modified":"2022-11-19T18:56:47","modified_gmt":"2022-11-19T17:56:47","slug":"obispos-alemania-camino-sinodal-vaticano","status":"publish","type":"post","link":"https:\/\/exaudi.org\/es\/obispos-alemania-camino-sinodal-vaticano\/","title":{"rendered":"Obispos de Alemania discuten el Camino Sinodal con el Vaticano"},"content":{"rendered":"<p>Ayer, viernes 18 de noviembre de 2022, tuvo lugar una reuni\u00f3n entre los responsables de varios Dicasterios de la Curia y 62 obispos de la Iglesia Cat\u00f3lica en Alemania presentes en el Vaticano con motivo de la visita <em>ad Limina<\/em>.<\/p>\n<p>De acuerdo a un comunicado conjunto de la Santa Sede y la Conferencia Episcopal de Alemania, el cardenal secretario de Estado Pietro Parolin expres\u00f3 \u201clas preocupaciones que el Camino Sinodal (en Alemania, ndr) plantea, se\u00f1alando el riesgo de &#8216;reformas de la Iglesia y no en la Iglesia&#8217;\u201d.<\/p>\n<h2><strong>Camino sinodal alem\u00e1n<\/strong><\/h2>\n<p>Es preciso indicar que el pa\u00eds alem\u00e1n inici\u00f3 hace unos a\u00f1os este camino sinodal en el que en los documentos de trabajo avanzan propuestas como la ordenaci\u00f3n sacerdotal de mujeres, el celibato voluntario para sacerdotes y cambios en la moral sexual.<\/p>\n<h2>Respuesta anterior del Vaticano<\/h2>\n<p>El pasado mes de julio, la Santa Sede se pronunci\u00f3 sobre el \u201cCamino sinodal\u201d de la Iglesia en Alemania, precisando que este \u201cno tiene potestad para obligar a los obispos y fieles a adoptar nuevas formas de gobierno y nuevas aproximaciones a la doctrina y la moral\u201d.<\/p>\n<p>En un comunicado, el Vaticano explic\u00f3 que \u201cno ser\u00eda l\u00edcito iniciar nuevas estructuras oficiales o doctrinas en las di\u00f3cesis, antes de un acuerdo acordado a nivel de la Iglesia universal, lo que representar\u00eda una herida a la comuni\u00f3n eclesial y una amenaza a la unidad de la Iglesia\u201d.<\/p>\n<h2><strong>Inquietudes y reservas\u00a0<\/strong><\/h2>\n<p>En este sentido, durante la reuni\u00f3n celebrada ayer, los informes teol\u00f3gicos de los cardenales Luis Francisco Ladaria, prefecto del Dicasterio para la Doctrina de la Fe, y Marc Ouellet, prefecto del Dicasterio para los Obispos, \u201cabordaron con franqueza y claridad las inquietudes y reservas sobre la metodolog\u00eda, el contenido y las propuestas del Camino Sinodal, proponiendo, en beneficio de la unidad de la Iglesia y de su misi\u00f3n evangelizadora, que las peticiones surgidas hasta ahora se incluyan en el S\u00ednodo de la Iglesia universal\u201d.<\/p>\n<p>\u201cEn esta perspectiva de intercambio abierto y fraternal, se presentaron algunas propuestas, como la de aplicar una moratoria al Camino Sinodal alem\u00e1n, que no encontr\u00f3 espacio, y la de fomentar una mayor reflexi\u00f3n y escucha mutua a la luz de las perplejidades surgidas\u201d, expresa el comunicado conjunto.<\/p>\n<h2>Escucha mutual y di\u00e1logo<\/h2>\n<p>Asimismo, el cardenal secretario de Estado \u201cexpres\u00f3 su agradecimiento por el debate, que no fue formal, sino necesario y constructivo, y que \u2018no puede ser ignorado\u2019 en el proceso en curso\u201d.<\/p>\n<p>Finalmente, \u201cse acord\u00f3 que la escucha mutua y el di\u00e1logo deben continuar en los pr\u00f3ximos meses, para que puedan contribuir al enriquecimiento del Camino Sinodal alem\u00e1n y del S\u00ednodo de la Iglesia universal\u201d.<\/p>\n<p>A continuaci\u00f3n, sigue el texto completo del comunicado.<\/p>\n<p>***<\/p>\n<p>Este viernes, 18 de noviembre, se ha celebrado una reuni\u00f3n interdicasterial en el <em>Instituto<\/em> <em>Augustinianum<\/em>, en Roma, al que asistieron, junto con los responsables de algunos Dicasterios de la Curia Romana, los 62 obispos de la Iglesia Cat\u00f3lica en Alemania presentes en Roma para la Visita <em>ad Limina Apostolorum.<\/em><\/p>\n<p>La reuni\u00f3n estaba prevista desde hace tiempo como una oportunidad para reflexionar juntos sobre el Camino del S\u00ednodo en Alemania convocado para reaccionar ante los casos de abusos sexuales a menores por los cl\u00e9rigos.<\/p>\n<p>La reuni\u00f3n fue moderada por el cardenal secretario de Estado, Su Eminencia Pietro Parolin, quien, al introducir el encuentro, record\u00f3 el v\u00ednculo de comuni\u00f3n y amor que une a los Obispos entre s\u00ed y con el Sucesor de la Iglesia de Pedro y, subrayando la importancia del encuentro como un momento de compartir y de gracia, de unidad en las diferencias, mencion\u00f3 las preocupaciones que el Camino Sinodal plantea el viaje, se\u00f1alando el riesgo de \u201creformas de la Iglesia y no en la Iglesia\u201d.<\/p>\n<p>En su discurso introductorio, Su Excelencia Mons. Georg Baetzing, obispo de Limburgo y presidente de la Conferencia Episcopal Alemana, ofreci\u00f3 una lectura de los trabajos del Camino Sinodal Alem\u00e1n, y destac\u00f3 su esp\u00edritu, basado en la escucha del Pueblo de Dios y sobre el dolor por los abusos cometidos por los miembros del clero. El obispo Baetzing tambi\u00e9n enumer\u00f3 los temas discutidos en las asambleas: Poder y divisi\u00f3n de poderes en la Iglesia -Participaci\u00f3n com\u00fan y Planificaci\u00f3n misionera; La vida sacerdotal hoy; La mujer en los ministerios y cargos de la Iglesia; Vivir en relaciones que funcionan &#8211; Vivir el amor en la sexualidad y la pareja. Finalmente, Su Excelencia expres\u00f3 su aprecio por el trabajo del S\u00ednodo convocado por el Santo Padre para toda la Iglesia y la decisi\u00f3n de prolongar su tiempo.<\/p>\n<p>A continuaci\u00f3n, los informes teol\u00f3gicos de los cardenales Luis Francisco Ladaria, prefecto del Dicasterio para la Doctrina de la Fe, y Marc Ouellet, prefecto del Dicasterio para los Obispos, abordaron con franqueza y claridad las inquietudes y reservas sobre la metodolog\u00eda, el contenido y las propuestas del Camino Sinodal, proponiendo, en beneficio de la unidad de la Iglesia y de su misi\u00f3n evangelizadora, que las peticiones surgidas hasta ahora se incluyan en el S\u00ednodo de la Iglesia universal.<\/p>\n<p>Numerosos obispos alemanes y representantes de la Curia participaron en el posterior di\u00e1logo abierto. As\u00ed, surgi\u00f3 la importancia y tambi\u00e9n la urgencia de definir y profundizar en algunas de las cuestiones destacadas, por ejemplo, las relativas a las estructuras de la Iglesia, el ministerio sagrado y el acceso a \u00e9l, la antropolog\u00eda cristiana, etc. Al mismo tiempo, hubo una plena conciencia por parte de todos de que est\u00e1n en camino con todo el santo y paciente Pueblo de Dios, incluso en la confrontaci\u00f3n entre diferentes posiciones. Precisamente en este sentido, muchas intervenciones se\u00f1alaron la centralidad de la evangelizaci\u00f3n y la misi\u00f3n como objetivo \u00faltimo de los procesos en curso, as\u00ed como la conciencia de la indisponibilidad de ciertos temas.<\/p>\n<p>En esta perspectiva de intercambio abierto y fraternal, se presentaron algunas propuestas, como la de aplicar una moratoria al Camino Sinodal alem\u00e1n, que no encontr\u00f3 espacio, y la de fomentar una mayor reflexi\u00f3n y escucha mutua a la luz de las perplejidades surgidas.<\/p>\n<p>Para concluir, el cardenal secretario de Estado expres\u00f3 su agradecimiento por el encuentro, que no fue formal, sino necesario y constructivo, y que \u201cno puede ser ignorada\u201d en el proceso en curso.<\/p>\n<p>Se acord\u00f3 que la escucha mutua y el di\u00e1logo deben continuar en los pr\u00f3ximos meses, para que puedan contribuir al enriquecimiento del Camino Sinodal alem\u00e1n y del S\u00ednodo de la Iglesia universal.<\/p>\n","protected":false},"excerpt":{"rendered":"<p>Comunicado conjunto<\/p>\n","protected":false},"author":15,"featured_media":65811,"comment_status":"closed","ping_status":"closed","sticky":false,"template":"","format":"standard","meta":{"_acf_changed":false,"_crdt_document":"","inline_featured_image":false,"footnotes":""},"categories":[132],"tags":[7617,7602,2419,7603,7601,4953],"class_list":["post-65810","post","type-post","status-publish","format-standard","has-post-thumbnail","hentry","category-vaticano-es","tag-camino-sinodal-aleman","tag-dicasterios-curia-romana","tag-featured","tag-obispos-alemania","tag-reunion","tag-trending-es"],"acf":[],"yoast_head":"<!-- This site is optimized with the Yoast SEO plugin v27.4 - https:\/\/yoast.com\/product\/yoast-seo-wordpress\/ -->\n<title>Obispos de Alemania discuten el Camino Sinodal con el Vaticano &#8211; Exaudi<\/title>\n<meta name=\"robots\" content=\"index, follow, max-snippet:-1, max-image-preview:large, max-video-preview:-1\" \/>\n<link rel=\"canonical\" href=\"https:\/\/exaudi.org\/es\/obispos-alemania-camino-sinodal-vaticano\/\" \/>\n<meta property=\"og:locale\" content=\"es_ES\" \/>\n<meta property=\"og:type\" content=\"article\" \/>\n<meta property=\"og:title\" content=\"Obispos de Alemania discuten el Camino Sinodal con el Vaticano &#8211; Exaudi\" \/>\n<meta property=\"og:description\" content=\"Comunicado conjunto\" \/>\n<meta property=\"og:url\" content=\"https:\/\/exaudi.org\/es\/obispos-alemania-camino-sinodal-vaticano\/\" \/>\n<meta property=\"og:site_name\" content=\"Exaudi\" \/>\n<meta property=\"article:publisher\" content=\"https:\/\/www.facebook.com\/ExaudiNews\" \/>\n<meta property=\"article:author\" content=\"https:\/\/www.facebook.com\/ExaudiNoticias\/\" \/>\n<meta property=\"article:published_time\" content=\"2022-11-19T16:08:23+00:00\" \/>\n<meta property=\"article:modified_time\" content=\"2022-11-19T17:56:47+00:00\" \/>\n<meta property=\"og:image\" content=\"https:\/\/exaudi.org\/wp-content\/uploads\/2022\/11\/El-cardenal-Parolin.jpeg\" \/>\n\t<meta property=\"og:image:width\" content=\"1500\" \/>\n\t<meta property=\"og:image:height\" content=\"844\" \/>\n\t<meta property=\"og:image:type\" content=\"image\/jpeg\" \/>\n<meta name=\"author\" content=\"Exaudi Redacci\u00f3n\" \/>\n<meta name=\"twitter:card\" content=\"summary_large_image\" \/>\n<meta name=\"twitter:creator\" content=\"@Exaudi_noticias\" \/>\n<meta name=\"twitter:site\" content=\"@Exaudi_News\" \/>\n<meta name=\"twitter:label1\" content=\"Escrito por\" \/>\n\t<meta name=\"twitter:data1\" content=\"Exaudi Redacci\u00f3n\" \/>\n\t<meta name=\"twitter:label2\" content=\"Tiempo de lectura\" \/>\n\t<meta name=\"twitter:data2\" content=\"5 minutos\" \/>\n<script type=\"application\/ld+json\" class=\"yoast-schema-graph\">{\"@context\":\"https:\\\/\\\/schema.org\",\"@graph\":[{\"@type\":\"Article\",\"@id\":\"https:\\\/\\\/exaudi.org\\\/es\\\/obispos-alemania-camino-sinodal-vaticano\\\/#article\",\"isPartOf\":{\"@id\":\"https:\\\/\\\/exaudi.org\\\/es\\\/obispos-alemania-camino-sinodal-vaticano\\\/\"},\"author\":{\"name\":\"Exaudi Redacci\u00f3n\",\"@id\":\"https:\\\/\\\/exaudi.org\\\/#\\\/schema\\\/person\\\/f5fc8f063065e38742da7afe15f25df7\"},\"headline\":\"Obispos de Alemania discuten el Camino Sinodal con el Vaticano\",\"datePublished\":\"2022-11-19T16:08:23+00:00\",\"dateModified\":\"2022-11-19T17:56:47+00:00\",\"mainEntityOfPage\":{\"@id\":\"https:\\\/\\\/exaudi.org\\\/es\\\/obispos-alemania-camino-sinodal-vaticano\\\/\"},\"wordCount\":1113,\"image\":{\"@id\":\"https:\\\/\\\/exaudi.org\\\/es\\\/obispos-alemania-camino-sinodal-vaticano\\\/#primaryimage\"},\"thumbnailUrl\":\"https:\\\/\\\/exaudi.org\\\/wp-content\\\/uploads\\\/2022\\\/11\\\/El-cardenal-Parolin.jpeg\",\"keywords\":[\"Camino sinodal alem\u00e1n\",\"Dicasterios Curia Romana\",\"Featured\",\"Obispos alemania\",\"reuni\u00f3n\",\"Trending\"],\"articleSection\":[\"Vaticano\"],\"inLanguage\":\"es\"},{\"@type\":\"WebPage\",\"@id\":\"https:\\\/\\\/exaudi.org\\\/es\\\/obispos-alemania-camino-sinodal-vaticano\\\/\",\"url\":\"https:\\\/\\\/exaudi.org\\\/es\\\/obispos-alemania-camino-sinodal-vaticano\\\/\",\"name\":\"Obispos de Alemania discuten el Camino Sinodal con el Vaticano &#8211; Exaudi\",\"isPartOf\":{\"@id\":\"https:\\\/\\\/exaudi.org\\\/#website\"},\"primaryImageOfPage\":{\"@id\":\"https:\\\/\\\/exaudi.org\\\/es\\\/obispos-alemania-camino-sinodal-vaticano\\\/#primaryimage\"},\"image\":{\"@id\":\"https:\\\/\\\/exaudi.org\\\/es\\\/obispos-alemania-camino-sinodal-vaticano\\\/#primaryimage\"},\"thumbnailUrl\":\"https:\\\/\\\/exaudi.org\\\/wp-content\\\/uploads\\\/2022\\\/11\\\/El-cardenal-Parolin.jpeg\",\"datePublished\":\"2022-11-19T16:08:23+00:00\",\"dateModified\":\"2022-11-19T17:56:47+00:00\",\"author\":{\"@id\":\"https:\\\/\\\/exaudi.org\\\/#\\\/schema\\\/person\\\/f5fc8f063065e38742da7afe15f25df7\"},\"breadcrumb\":{\"@id\":\"https:\\\/\\\/exaudi.org\\\/es\\\/obispos-alemania-camino-sinodal-vaticano\\\/#breadcrumb\"},\"inLanguage\":\"es\",\"potentialAction\":[{\"@type\":\"ReadAction\",\"target\":[\"https:\\\/\\\/exaudi.org\\\/es\\\/obispos-alemania-camino-sinodal-vaticano\\\/\"]}]},{\"@type\":\"ImageObject\",\"inLanguage\":\"es\",\"@id\":\"https:\\\/\\\/exaudi.org\\\/es\\\/obispos-alemania-camino-sinodal-vaticano\\\/#primaryimage\",\"url\":\"https:\\\/\\\/exaudi.org\\\/wp-content\\\/uploads\\\/2022\\\/11\\\/El-cardenal-Parolin.jpeg\",\"contentUrl\":\"https:\\\/\\\/exaudi.org\\\/wp-content\\\/uploads\\\/2022\\\/11\\\/El-cardenal-Parolin.jpeg\",\"width\":1500,\"height\":844,\"caption\":\"El Cardenal Parolin (derecha) con el Presidente de la Conferencia Episcopal Alemana, Monse\u00f1or B\u00e4tzing. En el fondo, el cardenal Marx, arzobispo de M\u00fanich y Freising. (Dt. Bischofskonferenz)\"},{\"@type\":\"BreadcrumbList\",\"@id\":\"https:\\\/\\\/exaudi.org\\\/es\\\/obispos-alemania-camino-sinodal-vaticano\\\/#breadcrumb\",\"itemListElement\":[{\"@type\":\"ListItem\",\"position\":1,\"name\":\"Portada\",\"item\":\"https:\\\/\\\/exaudi.org\\\/es\\\/\"},{\"@type\":\"ListItem\",\"position\":2,\"name\":\"Obispos de Alemania discuten el Camino Sinodal con el Vaticano\"}]},{\"@type\":\"WebSite\",\"@id\":\"https:\\\/\\\/exaudi.org\\\/#website\",\"url\":\"https:\\\/\\\/exaudi.org\\\/\",\"name\":\"Exaudi\",\"description\":\"News\",\"potentialAction\":[{\"@type\":\"SearchAction\",\"target\":{\"@type\":\"EntryPoint\",\"urlTemplate\":\"https:\\\/\\\/exaudi.org\\\/?s={search_term_string}\"},\"query-input\":{\"@type\":\"PropertyValueSpecification\",\"valueRequired\":true,\"valueName\":\"search_term_string\"}}],\"inLanguage\":\"es\"},{\"@type\":\"Person\",\"@id\":\"https:\\\/\\\/exaudi.org\\\/#\\\/schema\\\/person\\\/f5fc8f063065e38742da7afe15f25df7\",\"name\":\"Exaudi Redacci\u00f3n\",\"image\":{\"@type\":\"ImageObject\",\"inLanguage\":\"es\",\"@id\":\"https:\\\/\\\/secure.gravatar.com\\\/avatar\\\/fe0f6a059fb68d9b3e11bc5850dd4899b1c7492091a3cb6dd9b01b56ad828be2?s=96&d=mm&r=g\",\"url\":\"https:\\\/\\\/secure.gravatar.com\\\/avatar\\\/fe0f6a059fb68d9b3e11bc5850dd4899b1c7492091a3cb6dd9b01b56ad828be2?s=96&d=mm&r=g\",\"contentUrl\":\"https:\\\/\\\/secure.gravatar.com\\\/avatar\\\/fe0f6a059fb68d9b3e11bc5850dd4899b1c7492091a3cb6dd9b01b56ad828be2?s=96&d=mm&r=g\",\"caption\":\"Exaudi Redacci\u00f3n\"},\"description\":\"\u00bfQu\u00e9 es Exaudi News? Exaudi News es un medio de comunicaci\u00f3n cat\u00f3lico internacional que informa, forma y transforma, diariamente en espa\u00f1ol, ingl\u00e9s e italiano. A trav\u00e9s de noticias, art\u00edculos de an\u00e1lisis y transmisiones en directo de los eventos del Papa, Exaudi busca fortalecer la unidad de los cristianos y contribuir a la evangelizaci\u00f3n del mundo, siempre guiados por la doctrina social de la Iglesia. Trabajamos para acercar la verdad y los valores cristianos a cada rinc\u00f3n del planeta. \u00a1Ay\u00fadanos a transformar el mundo con Exaudi! En Exaudi creemos que la evangelizaci\u00f3n y la informaci\u00f3n de calidad pueden cambiar vidas. Para continuar con nuestra misi\u00f3n y expandir nuestro alcance, necesitamos tu ayuda. Adem\u00e1s, buscamos personas comprometidas que deseen unirse a nuestro equipo. Con tu apoyo, lograremos llegar a m\u00e1s personas, difundir el mensaje de Cristo y reforzar la unidad de los cristianos. \u00bfTe unes a nuestra misi\u00f3n? Para m\u00e1s informaci\u00f3n sobre c\u00f3mo colaborar, visita Exaudi.org\\\/es o cont\u00e1ctanos directamente: info@exaudi.org Exaudi: Informa, forma y transforma.\",\"sameAs\":[\"https:\\\/\\\/www.facebook.com\\\/ExaudiNoticias\\\/\",\"https:\\\/\\\/www.instagram.com\\\/exaudi_noticias\\\/\",\"https:\\\/\\\/x.com\\\/Exaudi_noticias\",\"https:\\\/\\\/www.youtube.com\\\/@exaudicatholicnews\"],\"url\":\"https:\\\/\\\/exaudi.org\\\/es\\\/author\\\/redaccionexaudi\\\/\"}]}<\/script>\n<!-- \/ Yoast SEO plugin. -->","yoast_head_json":{"title":"Obispos de Alemania discuten el Camino Sinodal con el Vaticano &#8211; Exaudi","robots":{"index":"index","follow":"follow","max-snippet":"max-snippet:-1","max-image-preview":"max-image-preview:large","max-video-preview":"max-video-preview:-1"},"canonical":"https:\/\/exaudi.org\/es\/obispos-alemania-camino-sinodal-vaticano\/","og_locale":"es_ES","og_type":"article","og_title":"Obispos de Alemania discuten el Camino Sinodal con el Vaticano &#8211; Exaudi","og_description":"Comunicado conjunto","og_url":"https:\/\/exaudi.org\/es\/obispos-alemania-camino-sinodal-vaticano\/","og_site_name":"Exaudi","article_publisher":"https:\/\/www.facebook.com\/ExaudiNews","article_author":"https:\/\/www.facebook.com\/ExaudiNoticias\/","article_published_time":"2022-11-19T16:08:23+00:00","article_modified_time":"2022-11-19T17:56:47+00:00","og_image":[{"width":1500,"height":844,"url":"https:\/\/exaudi.org\/wp-content\/uploads\/2022\/11\/El-cardenal-Parolin.jpeg","type":"image\/jpeg"}],"author":"Exaudi Redacci\u00f3n","twitter_card":"summary_large_image","twitter_creator":"@Exaudi_noticias","twitter_site":"@Exaudi_News","twitter_misc":{"Escrito por":"Exaudi Redacci\u00f3n","Tiempo de lectura":"5 minutos"},"schema":{"@context":"https:\/\/schema.org","@graph":[{"@type":"Article","@id":"https:\/\/exaudi.org\/es\/obispos-alemania-camino-sinodal-vaticano\/#article","isPartOf":{"@id":"https:\/\/exaudi.org\/es\/obispos-alemania-camino-sinodal-vaticano\/"},"author":{"name":"Exaudi Redacci\u00f3n","@id":"https:\/\/exaudi.org\/#\/schema\/person\/f5fc8f063065e38742da7afe15f25df7"},"headline":"Obispos de Alemania discuten el Camino Sinodal con el Vaticano","datePublished":"2022-11-19T16:08:23+00:00","dateModified":"2022-11-19T17:56:47+00:00","mainEntityOfPage":{"@id":"https:\/\/exaudi.org\/es\/obispos-alemania-camino-sinodal-vaticano\/"},"wordCount":1113,"image":{"@id":"https:\/\/exaudi.org\/es\/obispos-alemania-camino-sinodal-vaticano\/#primaryimage"},"thumbnailUrl":"https:\/\/exaudi.org\/wp-content\/uploads\/2022\/11\/El-cardenal-Parolin.jpeg","keywords":["Camino sinodal alem\u00e1n","Dicasterios Curia Romana","Featured","Obispos alemania","reuni\u00f3n","Trending"],"articleSection":["Vaticano"],"inLanguage":"es"},{"@type":"WebPage","@id":"https:\/\/exaudi.org\/es\/obispos-alemania-camino-sinodal-vaticano\/","url":"https:\/\/exaudi.org\/es\/obispos-alemania-camino-sinodal-vaticano\/","name":"Obispos de Alemania discuten el Camino Sinodal con el Vaticano &#8211; Exaudi","isPartOf":{"@id":"https:\/\/exaudi.org\/#website"},"primaryImageOfPage":{"@id":"https:\/\/exaudi.org\/es\/obispos-alemania-camino-sinodal-vaticano\/#primaryimage"},"image":{"@id":"https:\/\/exaudi.org\/es\/obispos-alemania-camino-sinodal-vaticano\/#primaryimage"},"thumbnailUrl":"https:\/\/exaudi.org\/wp-content\/uploads\/2022\/11\/El-cardenal-Parolin.jpeg","datePublished":"2022-11-19T16:08:23+00:00","dateModified":"2022-11-19T17:56:47+00:00","author":{"@id":"https:\/\/exaudi.org\/#\/schema\/person\/f5fc8f063065e38742da7afe15f25df7"},"breadcrumb":{"@id":"https:\/\/exaudi.org\/es\/obispos-alemania-camino-sinodal-vaticano\/#breadcrumb"},"inLanguage":"es","potentialAction":[{"@type":"ReadAction","target":["https:\/\/exaudi.org\/es\/obispos-alemania-camino-sinodal-vaticano\/"]}]},{"@type":"ImageObject","inLanguage":"es","@id":"https:\/\/exaudi.org\/es\/obispos-alemania-camino-sinodal-vaticano\/#primaryimage","url":"https:\/\/exaudi.org\/wp-content\/uploads\/2022\/11\/El-cardenal-Parolin.jpeg","contentUrl":"https:\/\/exaudi.org\/wp-content\/uploads\/2022\/11\/El-cardenal-Parolin.jpeg","width":1500,"height":844,"caption":"El Cardenal Parolin (derecha) con el Presidente de la Conferencia Episcopal Alemana, Monse\u00f1or B\u00e4tzing. En el fondo, el cardenal Marx, arzobispo de M\u00fanich y Freising. (Dt. Bischofskonferenz)"},{"@type":"BreadcrumbList","@id":"https:\/\/exaudi.org\/es\/obispos-alemania-camino-sinodal-vaticano\/#breadcrumb","itemListElement":[{"@type":"ListItem","position":1,"name":"Portada","item":"https:\/\/exaudi.org\/es\/"},{"@type":"ListItem","position":2,"name":"Obispos de Alemania discuten el Camino Sinodal con el Vaticano"}]},{"@type":"WebSite","@id":"https:\/\/exaudi.org\/#website","url":"https:\/\/exaudi.org\/","name":"Exaudi","description":"News","potentialAction":[{"@type":"SearchAction","target":{"@type":"EntryPoint","urlTemplate":"https:\/\/exaudi.org\/?s={search_term_string}"},"query-input":{"@type":"PropertyValueSpecification","valueRequired":true,"valueName":"search_term_string"}}],"inLanguage":"es"},{"@type":"Person","@id":"https:\/\/exaudi.org\/#\/schema\/person\/f5fc8f063065e38742da7afe15f25df7","name":"Exaudi Redacci\u00f3n","image":{"@type":"ImageObject","inLanguage":"es","@id":"https:\/\/secure.gravatar.com\/avatar\/fe0f6a059fb68d9b3e11bc5850dd4899b1c7492091a3cb6dd9b01b56ad828be2?s=96&d=mm&r=g","url":"https:\/\/secure.gravatar.com\/avatar\/fe0f6a059fb68d9b3e11bc5850dd4899b1c7492091a3cb6dd9b01b56ad828be2?s=96&d=mm&r=g","contentUrl":"https:\/\/secure.gravatar.com\/avatar\/fe0f6a059fb68d9b3e11bc5850dd4899b1c7492091a3cb6dd9b01b56ad828be2?s=96&d=mm&r=g","caption":"Exaudi Redacci\u00f3n"},"description":"\u00bfQu\u00e9 es Exaudi News? Exaudi News es un medio de comunicaci\u00f3n cat\u00f3lico internacional que informa, forma y transforma, diariamente en espa\u00f1ol, ingl\u00e9s e italiano. A trav\u00e9s de noticias, art\u00edculos de an\u00e1lisis y transmisiones en directo de los eventos del Papa, Exaudi busca fortalecer la unidad de los cristianos y contribuir a la evangelizaci\u00f3n del mundo, siempre guiados por la doctrina social de la Iglesia. Trabajamos para acercar la verdad y los valores cristianos a cada rinc\u00f3n del planeta. \u00a1Ay\u00fadanos a transformar el mundo con Exaudi! En Exaudi creemos que la evangelizaci\u00f3n y la informaci\u00f3n de calidad pueden cambiar vidas. Para continuar con nuestra misi\u00f3n y expandir nuestro alcance, necesitamos tu ayuda. Adem\u00e1s, buscamos personas comprometidas que deseen unirse a nuestro equipo. Con tu apoyo, lograremos llegar a m\u00e1s personas, difundir el mensaje de Cristo y reforzar la unidad de los cristianos. \u00bfTe unes a nuestra misi\u00f3n? Para m\u00e1s informaci\u00f3n sobre c\u00f3mo colaborar, visita Exaudi.org\/es o cont\u00e1ctanos directamente: info@exaudi.org Exaudi: Informa, forma y transforma.","sameAs":["https:\/\/www.facebook.com\/ExaudiNoticias\/","https:\/\/www.instagram.com\/exaudi_noticias\/","https:\/\/x.com\/Exaudi_noticias","https:\/\/www.youtube.com\/@exaudicatholicnews"],"url":"https:\/\/exaudi.org\/es\/author\/redaccionexaudi\/"}]}},"jetpack_featured_media_url":"https:\/\/exaudi.org\/wp-content\/uploads\/2022\/11\/El-cardenal-Parolin.jpeg","jetpack_shortlink":"https:\/\/wp.me\/pgKjF2-h7s","_links":{"self":[{"href":"https:\/\/exaudi.org\/es\/wp-json\/wp\/v2\/posts\/65810","targetHints":{"allow":["GET"]}}],"collection":[{"href":"https:\/\/exaudi.org\/es\/wp-json\/wp\/v2\/posts"}],"about":[{"href":"https:\/\/exaudi.org\/es\/wp-json\/wp\/v2\/types\/post"}],"author":[{"embeddable":true,"href":"https:\/\/exaudi.org\/es\/wp-json\/wp\/v2\/users\/15"}],"replies":[{"embeddable":true,"href":"https:\/\/exaudi.org\/es\/wp-json\/wp\/v2\/comments?post=65810"}],"version-history":[{"count":0,"href":"https:\/\/exaudi.org\/es\/wp-json\/wp\/v2\/posts\/65810\/revisions"}],"wp:featuredmedia":[{"embeddable":true,"href":"https:\/\/exaudi.org\/es\/wp-json\/wp\/v2\/media\/65811"}],"wp:attachment":[{"href":"https:\/\/exaudi.org\/es\/wp-json\/wp\/v2\/media?parent=65810"}],"wp:term":[{"taxonomy":"category","embeddable":true,"href":"https:\/\/exaudi.org\/es\/wp-json\/wp\/v2\/categories?post=65810"},{"taxonomy":"post_tag","embeddable":true,"href":"https:\/\/exaudi.org\/es\/wp-json\/wp\/v2\/tags?post=65810"}],"curies":[{"name":"wp","href":"https:\/\/api.w.org\/{rel}","templated":true}]}}