{"id":65771,"date":"2022-11-17T14:19:40","date_gmt":"2022-11-17T13:19:40","guid":{"rendered":"https:\/\/exaudi.org\/?p=65771"},"modified":"2022-11-17T14:28:58","modified_gmt":"2022-11-17T13:28:58","slug":"como-si-dios-no-existiera-reflexion-de-mons-enrique-diaz","status":"publish","type":"post","link":"https:\/\/exaudi.org\/es\/como-si-dios-no-existiera-reflexion-de-mons-enrique-diaz\/","title":{"rendered":"\u201cComo si Dios no existiera\u201d: Reflexi\u00f3n de Mons. Enrique D\u00edaz"},"content":{"rendered":"<p><a href=\"https:\/\/exaudi.org\/es\/author\/enriquediaz\/\">Mons. Enrique D\u00edaz D\u00edaz<\/a> comparte con los lectores de Exaudi su reflexi\u00f3n sobre el Evangelio del pr\u00f3ximo, <a href=\"https:\/\/www.dominicos.org\/predicacion\/homilia\/20-11-2022\/lecturas\/\" target=\"_blank\" rel=\"noopener\">Domingo, 20 de noviembre de 2022<\/a> titulado: \u201cComo si Dios no existiera\u201d.<\/p>\n<p>***<\/p>\n<p>2 Samuel 5, 1-3: <em>\u201cUnguieron a David como rey de Israel\u201d<\/em><\/p>\n<p>Salmo 121: <em>\u201cVayamos con alegr\u00eda al encuentro del Se\u00f1or\u201d<\/em><\/p>\n<p>Colosenses 1, 12-20: <em>\u201cDios nos ha trasladado al Reino de su Hijo amado\u201d<\/em><\/p>\n<p>San Lucas 23, 35-43: <em>\u201cSe\u00f1or, cuando llegues a tu Reino, acu\u00e9rdate de m\u00ed\u201d<\/em><\/p>\n<p>Con silencio, amargura y tristeza fueron velados y sepultados en distintos momentos, los cad\u00e1veres de los masacrados, en su mayor\u00eda j\u00f3venes, en el anexo de Arandas, a las orillas de Irapuato. Toda la sociedad se qued\u00f3 estupefacta mezclando el temor, el coraje y la impotencia.\u00a0 \u201cEstamos viendo es resultado de a\u00f1os de descuido, de fracaso de la pol\u00edtica y la educaci\u00f3n; no ha surgido espont\u00e1neamente, es fruto de a\u00f1os en los que se ha venido destruyendo el tejido social ante la p\u00e9rdida de valores\u2026 como si Dios no existiera\u201d, me comentan doloridos algunos de sus cercanos. Todos estamos de acuerdo, nos sentimos como en pa\u00eds sin ley, sin principios, \u201csin Dios\u201d. Aunque alguien me reclama y me dice que eso es solamente la comprobaci\u00f3n de que Dios no existe. Pero si estamos asistiendo a esta lucha absurda por los espacios de dominio que asesina a personas, sin importar sean peque\u00f1as o inocentes sino solamente porque ocupan un espacio que juzgan pertenece a ellos, es porque el hombre ha perdido su verdadera dimensi\u00f3n y se ha olvidado de Dios, no porque Dios est\u00e9 ausente.<\/p>\n<p>La fiesta de \u201cCristo Rey\u201d, tan querida por el pueblo mexicano, cierra todo el ciclo lit\u00fargico y nos ense\u00f1a el verdadero sentido del tiempo y de la naturaleza: pertenecen a Dios y est\u00e1n destinados a servirle a \u00c9l. No en el sentido ego\u00edsta como si Dios necesitara que millones de personas le alabaran para sentirse feliz, sino descubriendo c\u00f3mo la felicidad del hombre es la mayor gloria de Dios. Cuando el hombre logra encontrarse con Dios en su coraz\u00f3n, cuando busca vivir como imagen y semejanza suya, cuando se torna creador y generador de vida y de belleza, el hombre encuentra su m\u00e1s grande realizaci\u00f3n. Pero cuando se ataca frontalmente a Dios con el pretexto de respetar la dignidad de la persona, se desequilibra de tal forma que pierde su sentido y termina en un caos volvi\u00e9ndose contra el mismo hombre. Nuestra sociedad podr\u00e1 organizarse sin Dios, pero siempre tendr\u00e1 un enorme hueco en su coraz\u00f3n que buscar\u00e1 llenarlo con poder, con riqueza o con placeres, como lo hemos estado viendo y sufriendo en los \u00faltimos a\u00f1os. Claro que cuando se utiliza la imagen de Dios para los fines perversos del hombre, se termina por destruir la sociedad y a las personas.<\/p>\n<p>Hoy, m\u00e1s que nunca, nos urge volver nuestra mirada a este Cristo y reconocerlo como nuestro rey, pero descubriendo las s\u00f3lidas bases de su reino. El reino de Jes\u00fas es muy distinto a como lo hubieran podido imaginar los hombres, muy lejano a la ambici\u00f3n de poder de unos cuantos. Jes\u00fas viene a ofrecer un reino de vida. Su propuesta es la participaci\u00f3n de una vida plena de todos los pueblos y todas las gentes como hijos de Dios. Es hacer realidad el proyecto del Padre. Sin embargo, no utiliza ni el poder ni el dinero ni la fuerza para implantar su Reino: su \u00fanica arma es el amor, un amor pleno, un amor total. Por eso en este d\u00eda se nos invita a contemplarlo tal y como nos lo presenta San Lucas: clavado en la cruz, con un letrero que da fe de su sentencia y con las autoridades, los soldados y un ladr\u00f3n burl\u00e1ndose de su reinado e invit\u00e1ndolo a manifestar su poder\u00edo. \u00bfUn rey fracasado? Podr\u00eda parecer a los ojos del mundo y as\u00ed lo consideran los que est\u00e1n a su alrededor, a\u00fan sus disc\u00edpulos. La paradoja de un rey clavado en la cruz, nos recuerda lo que Jes\u00fas hab\u00eda dicho a Pilatos: \u201cMi Reino no es de este mundo\u201d. Y no se refiere a que su reino est\u00e9 en un plano espiritualista o et\u00e9reo, sino muy real y concreto como nos lo demuestra con toda su vida, con sus par\u00e1bolas sobre el Reino, y su atenci\u00f3n a los que m\u00e1s sufren y su compromiso con los humildes y despreciados. Su Reino no es al estilo del mundo donde la fuerza y el poder dominan, su reino tiene mucho que ver con el amor, con la entrega y con el servicio. Cuando lo quisieron nombrar \u201crey\u201d, en otro sentido, tuvo que salir huyendo ya que \u00c9l no hab\u00eda venido para ser servido sino para servir.<\/p>\n<p>Hoy sus disc\u00edpulos lo proclamamos como Rey y adquirimos un verdadero compromiso de luchar por sus mismos ideales y con su mismo estilo. No podemos estar de acuerdo con toda la cadena de violencia que se ha desatado. No admitimos como cristianas, ni siquiera como humanas, las crueles masacres y los horrendos cr\u00edmenes que se han suscitado. Elevamos nuestra en\u00e9rgica protesta. Pero tambi\u00e9n nos examinamos y tratamos de descubrir qu\u00e9 est\u00e1 fallando en esta sociedad. Se requiere un nuevo modo de educaci\u00f3n para el amor, para la responsabilidad y para la aceptaci\u00f3n del Evangelio y esto s\u00f3lo lo podemos encontrar en el ejemplo de Jes\u00fas. Los reinos del poder, de la fuerza y de la mentira, s\u00f3lo caer\u00e1n si construimos un reino de verdad, de justicia y de vida. Necesitamos acercarnos a este Rey y aprender de \u00c9l su entrega y la forma en que construye su reino. Debemos buscar vida para todos y dejarnos de ego\u00edsmos e individualismos. En este mundo que considera con frecuencia a Dios como algo superfluo o extra\u00f1o, confesamos con Pedro que s\u00f3lo Jes\u00fas tiene \u201cpalabras de vida eterna\u201d. Si queremos recobrar el verdadero sentido del hombre no tendremos otra prioridad que abrir de nuevo al hombre de hoy el acceso a Dios, al Dios que habla y nos comunica su amor para que tengamos vida abundante, al Dios que se hace carne y presencia en Jes\u00fas, nuestro Rey. El compromiso por la justicia, la reconciliaci\u00f3n y la paz encuentran \u00a0su \u00faltima ra\u00edz y su cumplimiento en el amor que Cristo nos ha revelado. Todos los creyentes debemos traducir nuestro homenaje a Cristo Rey en un compromiso serio por la construcci\u00f3n de su reino, por el amor a los pobres y la lucha por la verdadera justicia.<\/p>\n<p>\u00bfC\u00f3mo es nuestro homenaje a Cristo Rey? Fiesta de Cristo rey, fiesta para examinar nuestras actitudes frente a Cristo y frente a los hermanos; fiesta para \u201centronizar\u201d en la familia a este Rey de Amor; fiesta para convertirnos en sus fieles seguidores, llenos de esperanza, y constructores incansables de un Reino diferente.<\/p>\n<p><em>\u00a0<\/em><em>Padre Bueno y Misericordioso, que quisiste fundar todas las cosas en tu Hijo muy amado, Rey del universo, haz que toda creatura, liberada de toda esclavitud, sirva a tu majestad y te alabe eternamente. Am\u00e9n.<\/em><\/p>\n<p>&nbsp;<\/p>\n","protected":false},"excerpt":{"rendered":"<p>Fiesta de Cristo Rey<\/p>\n","protected":false},"author":25,"featured_media":65779,"comment_status":"closed","ping_status":"closed","sticky":false,"template":"","format":"standard","meta":{"_acf_changed":false,"_crdt_document":"","inline_featured_image":false,"footnotes":""},"categories":[96],"tags":[5654,4953],"class_list":["post-65771","post","type-post","status-publish","format-standard","has-post-thumbnail","hentry","category-espiritualidad","tag-enrique-diaz","tag-trending-es"],"acf":[],"yoast_head":"<!-- This site is optimized with the Yoast SEO plugin v27.4 - https:\/\/yoast.com\/product\/yoast-seo-wordpress\/ -->\n<title>\u201cComo si Dios no existiera\u201d: Reflexi\u00f3n de Mons. Enrique D\u00edaz &#8211; Exaudi<\/title>\n<meta name=\"robots\" content=\"index, follow, max-snippet:-1, max-image-preview:large, max-video-preview:-1\" \/>\n<link rel=\"canonical\" href=\"https:\/\/exaudi.org\/es\/como-si-dios-no-existiera-reflexion-de-mons-enrique-diaz\/\" \/>\n<meta property=\"og:locale\" content=\"es_ES\" \/>\n<meta property=\"og:type\" content=\"article\" \/>\n<meta property=\"og:title\" content=\"\u201cComo si Dios no existiera\u201d: Reflexi\u00f3n de Mons. Enrique D\u00edaz &#8211; Exaudi\" \/>\n<meta property=\"og:description\" content=\"Fiesta de Cristo Rey\" \/>\n<meta property=\"og:url\" content=\"https:\/\/exaudi.org\/es\/como-si-dios-no-existiera-reflexion-de-mons-enrique-diaz\/\" \/>\n<meta property=\"og:site_name\" content=\"Exaudi\" \/>\n<meta property=\"article:publisher\" content=\"https:\/\/www.facebook.com\/ExaudiNews\" \/>\n<meta property=\"article:published_time\" content=\"2022-11-17T13:19:40+00:00\" \/>\n<meta property=\"article:modified_time\" content=\"2022-11-17T13:28:58+00:00\" \/>\n<meta property=\"og:image\" content=\"https:\/\/exaudi.org\/wp-content\/uploads\/2022\/11\/Cristo-scaled.jpg\" \/>\n\t<meta property=\"og:image:width\" content=\"2560\" \/>\n\t<meta property=\"og:image:height\" content=\"1707\" \/>\n\t<meta property=\"og:image:type\" content=\"image\/jpeg\" \/>\n<meta name=\"author\" content=\"Enrique D\u00edaz\" \/>\n<meta name=\"twitter:card\" content=\"summary_large_image\" \/>\n<meta name=\"twitter:creator\" content=\"@Exaudi_News\" \/>\n<meta name=\"twitter:site\" content=\"@Exaudi_News\" \/>\n<meta name=\"twitter:label1\" content=\"Escrito por\" \/>\n\t<meta name=\"twitter:data1\" content=\"Enrique D\u00edaz\" \/>\n\t<meta name=\"twitter:label2\" content=\"Tiempo de lectura\" \/>\n\t<meta name=\"twitter:data2\" content=\"6 minutos\" \/>\n<script type=\"application\/ld+json\" class=\"yoast-schema-graph\">{\"@context\":\"https:\\\/\\\/schema.org\",\"@graph\":[{\"@type\":\"Article\",\"@id\":\"https:\\\/\\\/exaudi.org\\\/es\\\/como-si-dios-no-existiera-reflexion-de-mons-enrique-diaz\\\/#article\",\"isPartOf\":{\"@id\":\"https:\\\/\\\/exaudi.org\\\/es\\\/como-si-dios-no-existiera-reflexion-de-mons-enrique-diaz\\\/\"},\"author\":{\"name\":\"Enrique D\u00edaz\",\"@id\":\"https:\\\/\\\/exaudi.org\\\/#\\\/schema\\\/person\\\/c02ffbd10830fa375f6882f7dcf1844d\"},\"headline\":\"\u201cComo si Dios no existiera\u201d: Reflexi\u00f3n de Mons. Enrique D\u00edaz\",\"datePublished\":\"2022-11-17T13:19:40+00:00\",\"dateModified\":\"2022-11-17T13:28:58+00:00\",\"mainEntityOfPage\":{\"@id\":\"https:\\\/\\\/exaudi.org\\\/es\\\/como-si-dios-no-existiera-reflexion-de-mons-enrique-diaz\\\/\"},\"wordCount\":1237,\"image\":{\"@id\":\"https:\\\/\\\/exaudi.org\\\/es\\\/como-si-dios-no-existiera-reflexion-de-mons-enrique-diaz\\\/#primaryimage\"},\"thumbnailUrl\":\"https:\\\/\\\/exaudi.org\\\/wp-content\\\/uploads\\\/2022\\\/11\\\/Cristo-scaled.jpg\",\"keywords\":[\"Enrique D\u00edaz\",\"Trending\"],\"articleSection\":[\"Espiritualidad\"],\"inLanguage\":\"es\"},{\"@type\":\"WebPage\",\"@id\":\"https:\\\/\\\/exaudi.org\\\/es\\\/como-si-dios-no-existiera-reflexion-de-mons-enrique-diaz\\\/\",\"url\":\"https:\\\/\\\/exaudi.org\\\/es\\\/como-si-dios-no-existiera-reflexion-de-mons-enrique-diaz\\\/\",\"name\":\"\u201cComo si Dios no existiera\u201d: Reflexi\u00f3n de Mons. Enrique D\u00edaz &#8211; Exaudi\",\"isPartOf\":{\"@id\":\"https:\\\/\\\/exaudi.org\\\/#website\"},\"primaryImageOfPage\":{\"@id\":\"https:\\\/\\\/exaudi.org\\\/es\\\/como-si-dios-no-existiera-reflexion-de-mons-enrique-diaz\\\/#primaryimage\"},\"image\":{\"@id\":\"https:\\\/\\\/exaudi.org\\\/es\\\/como-si-dios-no-existiera-reflexion-de-mons-enrique-diaz\\\/#primaryimage\"},\"thumbnailUrl\":\"https:\\\/\\\/exaudi.org\\\/wp-content\\\/uploads\\\/2022\\\/11\\\/Cristo-scaled.jpg\",\"datePublished\":\"2022-11-17T13:19:40+00:00\",\"dateModified\":\"2022-11-17T13:28:58+00:00\",\"author\":{\"@id\":\"https:\\\/\\\/exaudi.org\\\/#\\\/schema\\\/person\\\/c02ffbd10830fa375f6882f7dcf1844d\"},\"breadcrumb\":{\"@id\":\"https:\\\/\\\/exaudi.org\\\/es\\\/como-si-dios-no-existiera-reflexion-de-mons-enrique-diaz\\\/#breadcrumb\"},\"inLanguage\":\"es\",\"potentialAction\":[{\"@type\":\"ReadAction\",\"target\":[\"https:\\\/\\\/exaudi.org\\\/es\\\/como-si-dios-no-existiera-reflexion-de-mons-enrique-diaz\\\/\"]}]},{\"@type\":\"ImageObject\",\"inLanguage\":\"es\",\"@id\":\"https:\\\/\\\/exaudi.org\\\/es\\\/como-si-dios-no-existiera-reflexion-de-mons-enrique-diaz\\\/#primaryimage\",\"url\":\"https:\\\/\\\/exaudi.org\\\/wp-content\\\/uploads\\\/2022\\\/11\\\/Cristo-scaled.jpg\",\"contentUrl\":\"https:\\\/\\\/exaudi.org\\\/wp-content\\\/uploads\\\/2022\\\/11\\\/Cristo-scaled.jpg\",\"width\":2560,\"height\":1707,\"caption\":\"Cristo Rey-Cathopic\"},{\"@type\":\"BreadcrumbList\",\"@id\":\"https:\\\/\\\/exaudi.org\\\/es\\\/como-si-dios-no-existiera-reflexion-de-mons-enrique-diaz\\\/#breadcrumb\",\"itemListElement\":[{\"@type\":\"ListItem\",\"position\":1,\"name\":\"Portada\",\"item\":\"https:\\\/\\\/exaudi.org\\\/es\\\/\"},{\"@type\":\"ListItem\",\"position\":2,\"name\":\"\u201cComo si Dios no existiera\u201d: Reflexi\u00f3n de Mons. Enrique D\u00edaz\"}]},{\"@type\":\"WebSite\",\"@id\":\"https:\\\/\\\/exaudi.org\\\/#website\",\"url\":\"https:\\\/\\\/exaudi.org\\\/\",\"name\":\"Exaudi\",\"description\":\"News\",\"potentialAction\":[{\"@type\":\"SearchAction\",\"target\":{\"@type\":\"EntryPoint\",\"urlTemplate\":\"https:\\\/\\\/exaudi.org\\\/?s={search_term_string}\"},\"query-input\":{\"@type\":\"PropertyValueSpecification\",\"valueRequired\":true,\"valueName\":\"search_term_string\"}}],\"inLanguage\":\"es\"},{\"@type\":\"Person\",\"@id\":\"https:\\\/\\\/exaudi.org\\\/#\\\/schema\\\/person\\\/c02ffbd10830fa375f6882f7dcf1844d\",\"name\":\"Enrique D\u00edaz\",\"image\":{\"@type\":\"ImageObject\",\"inLanguage\":\"es\",\"@id\":\"https:\\\/\\\/secure.gravatar.com\\\/avatar\\\/7ca10be5325a95d04b74082d68ba605aa69611eb0f68f47096cb1bc349873284?s=96&d=mm&r=g\",\"url\":\"https:\\\/\\\/secure.gravatar.com\\\/avatar\\\/7ca10be5325a95d04b74082d68ba605aa69611eb0f68f47096cb1bc349873284?s=96&d=mm&r=g\",\"contentUrl\":\"https:\\\/\\\/secure.gravatar.com\\\/avatar\\\/7ca10be5325a95d04b74082d68ba605aa69611eb0f68f47096cb1bc349873284?s=96&d=mm&r=g\",\"caption\":\"Enrique D\u00edaz\"},\"description\":\"Naci\u00f3 en Huandacareo, Michoac\u00e1n, M\u00e9xico, en 1952. Realiz\u00f3 sus estudios de Filosof\u00eda y Teolog\u00eda en el Seminario de Morelia. Ordenado di\u00e1cono el 22 de mayo de 1977, y presb\u00edtero el 23 de octubre del mismo a\u00f1o. Obtuvo la Licenciatura en Sagrada Escritura en el Pontificio Instituto B\u00edblico en Roma. Ha desarrollado m\u00faltiples encargos pastorales como el de capell\u00e1n de la rector\u00eda de las Tres Aves Mar\u00edas; responsable de la Pastoral B\u00edblica Diocesana y director de la Escuela B\u00edblica en Morelia; maestro de Biblia en el Seminario Conciliar de Morelia, p\u00e1rroco de la Parroquia de Nuestra Se\u00f1ora de Guadalupe, Col. Guadalupe, Morelia; o vicario episcopal para la Zona de Nuestra Se\u00f1ora de la Luz, P\u00e1tzcuaro. Ordenado obispo auxiliar de san Crist\u00f3bal de las Casas en 2003. En la Conferencia Episcopal form\u00f3 parte de las Comisiones de Biblia, Diaconado y Ministerios Laicales. Fue responsable de las Dimensiones de Ministerios Laicales, de Educaci\u00f3n y Cultura. Ha participado en encuentros latinoamericanos y mundiales sobre el Diaconado Permanente. Actualmente es el responsable de la Dimensi\u00f3n de Pastoral de la Cultura. Particip\u00f3 como Miembro del S\u00ednodo de Obispos sobre la Palabra de Dios en la Vida y Misi\u00f3n de la Iglesia en Roma, en 2008. Recibi\u00f3 el nombramiento de obispo coadjutor de San Crist\u00f3bal de las Casas en 2014. Nombrado II obispo de Irapuato el d\u00eda 11 de marzo, tom\u00f3 posesi\u00f3n el 19 de Mayo. Colabora en varias revistas y publicaciones sobre todo con la reflexi\u00f3n diaria y dominical tanto en audio como escrita.\",\"url\":\"https:\\\/\\\/exaudi.org\\\/es\\\/author\\\/enriquediaz\\\/\"}]}<\/script>\n<!-- \/ Yoast SEO plugin. -->","yoast_head_json":{"title":"\u201cComo si Dios no existiera\u201d: Reflexi\u00f3n de Mons. Enrique D\u00edaz &#8211; Exaudi","robots":{"index":"index","follow":"follow","max-snippet":"max-snippet:-1","max-image-preview":"max-image-preview:large","max-video-preview":"max-video-preview:-1"},"canonical":"https:\/\/exaudi.org\/es\/como-si-dios-no-existiera-reflexion-de-mons-enrique-diaz\/","og_locale":"es_ES","og_type":"article","og_title":"\u201cComo si Dios no existiera\u201d: Reflexi\u00f3n de Mons. Enrique D\u00edaz &#8211; Exaudi","og_description":"Fiesta de Cristo Rey","og_url":"https:\/\/exaudi.org\/es\/como-si-dios-no-existiera-reflexion-de-mons-enrique-diaz\/","og_site_name":"Exaudi","article_publisher":"https:\/\/www.facebook.com\/ExaudiNews","article_published_time":"2022-11-17T13:19:40+00:00","article_modified_time":"2022-11-17T13:28:58+00:00","og_image":[{"width":2560,"height":1707,"url":"https:\/\/exaudi.org\/wp-content\/uploads\/2022\/11\/Cristo-scaled.jpg","type":"image\/jpeg"}],"author":"Enrique D\u00edaz","twitter_card":"summary_large_image","twitter_creator":"@Exaudi_News","twitter_site":"@Exaudi_News","twitter_misc":{"Escrito por":"Enrique D\u00edaz","Tiempo de lectura":"6 minutos"},"schema":{"@context":"https:\/\/schema.org","@graph":[{"@type":"Article","@id":"https:\/\/exaudi.org\/es\/como-si-dios-no-existiera-reflexion-de-mons-enrique-diaz\/#article","isPartOf":{"@id":"https:\/\/exaudi.org\/es\/como-si-dios-no-existiera-reflexion-de-mons-enrique-diaz\/"},"author":{"name":"Enrique D\u00edaz","@id":"https:\/\/exaudi.org\/#\/schema\/person\/c02ffbd10830fa375f6882f7dcf1844d"},"headline":"\u201cComo si Dios no existiera\u201d: Reflexi\u00f3n de Mons. Enrique D\u00edaz","datePublished":"2022-11-17T13:19:40+00:00","dateModified":"2022-11-17T13:28:58+00:00","mainEntityOfPage":{"@id":"https:\/\/exaudi.org\/es\/como-si-dios-no-existiera-reflexion-de-mons-enrique-diaz\/"},"wordCount":1237,"image":{"@id":"https:\/\/exaudi.org\/es\/como-si-dios-no-existiera-reflexion-de-mons-enrique-diaz\/#primaryimage"},"thumbnailUrl":"https:\/\/exaudi.org\/wp-content\/uploads\/2022\/11\/Cristo-scaled.jpg","keywords":["Enrique D\u00edaz","Trending"],"articleSection":["Espiritualidad"],"inLanguage":"es"},{"@type":"WebPage","@id":"https:\/\/exaudi.org\/es\/como-si-dios-no-existiera-reflexion-de-mons-enrique-diaz\/","url":"https:\/\/exaudi.org\/es\/como-si-dios-no-existiera-reflexion-de-mons-enrique-diaz\/","name":"\u201cComo si Dios no existiera\u201d: Reflexi\u00f3n de Mons. Enrique D\u00edaz &#8211; Exaudi","isPartOf":{"@id":"https:\/\/exaudi.org\/#website"},"primaryImageOfPage":{"@id":"https:\/\/exaudi.org\/es\/como-si-dios-no-existiera-reflexion-de-mons-enrique-diaz\/#primaryimage"},"image":{"@id":"https:\/\/exaudi.org\/es\/como-si-dios-no-existiera-reflexion-de-mons-enrique-diaz\/#primaryimage"},"thumbnailUrl":"https:\/\/exaudi.org\/wp-content\/uploads\/2022\/11\/Cristo-scaled.jpg","datePublished":"2022-11-17T13:19:40+00:00","dateModified":"2022-11-17T13:28:58+00:00","author":{"@id":"https:\/\/exaudi.org\/#\/schema\/person\/c02ffbd10830fa375f6882f7dcf1844d"},"breadcrumb":{"@id":"https:\/\/exaudi.org\/es\/como-si-dios-no-existiera-reflexion-de-mons-enrique-diaz\/#breadcrumb"},"inLanguage":"es","potentialAction":[{"@type":"ReadAction","target":["https:\/\/exaudi.org\/es\/como-si-dios-no-existiera-reflexion-de-mons-enrique-diaz\/"]}]},{"@type":"ImageObject","inLanguage":"es","@id":"https:\/\/exaudi.org\/es\/como-si-dios-no-existiera-reflexion-de-mons-enrique-diaz\/#primaryimage","url":"https:\/\/exaudi.org\/wp-content\/uploads\/2022\/11\/Cristo-scaled.jpg","contentUrl":"https:\/\/exaudi.org\/wp-content\/uploads\/2022\/11\/Cristo-scaled.jpg","width":2560,"height":1707,"caption":"Cristo Rey-Cathopic"},{"@type":"BreadcrumbList","@id":"https:\/\/exaudi.org\/es\/como-si-dios-no-existiera-reflexion-de-mons-enrique-diaz\/#breadcrumb","itemListElement":[{"@type":"ListItem","position":1,"name":"Portada","item":"https:\/\/exaudi.org\/es\/"},{"@type":"ListItem","position":2,"name":"\u201cComo si Dios no existiera\u201d: Reflexi\u00f3n de Mons. Enrique D\u00edaz"}]},{"@type":"WebSite","@id":"https:\/\/exaudi.org\/#website","url":"https:\/\/exaudi.org\/","name":"Exaudi","description":"News","potentialAction":[{"@type":"SearchAction","target":{"@type":"EntryPoint","urlTemplate":"https:\/\/exaudi.org\/?s={search_term_string}"},"query-input":{"@type":"PropertyValueSpecification","valueRequired":true,"valueName":"search_term_string"}}],"inLanguage":"es"},{"@type":"Person","@id":"https:\/\/exaudi.org\/#\/schema\/person\/c02ffbd10830fa375f6882f7dcf1844d","name":"Enrique D\u00edaz","image":{"@type":"ImageObject","inLanguage":"es","@id":"https:\/\/secure.gravatar.com\/avatar\/7ca10be5325a95d04b74082d68ba605aa69611eb0f68f47096cb1bc349873284?s=96&d=mm&r=g","url":"https:\/\/secure.gravatar.com\/avatar\/7ca10be5325a95d04b74082d68ba605aa69611eb0f68f47096cb1bc349873284?s=96&d=mm&r=g","contentUrl":"https:\/\/secure.gravatar.com\/avatar\/7ca10be5325a95d04b74082d68ba605aa69611eb0f68f47096cb1bc349873284?s=96&d=mm&r=g","caption":"Enrique D\u00edaz"},"description":"Naci\u00f3 en Huandacareo, Michoac\u00e1n, M\u00e9xico, en 1952. Realiz\u00f3 sus estudios de Filosof\u00eda y Teolog\u00eda en el Seminario de Morelia. Ordenado di\u00e1cono el 22 de mayo de 1977, y presb\u00edtero el 23 de octubre del mismo a\u00f1o. Obtuvo la Licenciatura en Sagrada Escritura en el Pontificio Instituto B\u00edblico en Roma. Ha desarrollado m\u00faltiples encargos pastorales como el de capell\u00e1n de la rector\u00eda de las Tres Aves Mar\u00edas; responsable de la Pastoral B\u00edblica Diocesana y director de la Escuela B\u00edblica en Morelia; maestro de Biblia en el Seminario Conciliar de Morelia, p\u00e1rroco de la Parroquia de Nuestra Se\u00f1ora de Guadalupe, Col. Guadalupe, Morelia; o vicario episcopal para la Zona de Nuestra Se\u00f1ora de la Luz, P\u00e1tzcuaro. Ordenado obispo auxiliar de san Crist\u00f3bal de las Casas en 2003. En la Conferencia Episcopal form\u00f3 parte de las Comisiones de Biblia, Diaconado y Ministerios Laicales. Fue responsable de las Dimensiones de Ministerios Laicales, de Educaci\u00f3n y Cultura. Ha participado en encuentros latinoamericanos y mundiales sobre el Diaconado Permanente. Actualmente es el responsable de la Dimensi\u00f3n de Pastoral de la Cultura. Particip\u00f3 como Miembro del S\u00ednodo de Obispos sobre la Palabra de Dios en la Vida y Misi\u00f3n de la Iglesia en Roma, en 2008. Recibi\u00f3 el nombramiento de obispo coadjutor de San Crist\u00f3bal de las Casas en 2014. Nombrado II obispo de Irapuato el d\u00eda 11 de marzo, tom\u00f3 posesi\u00f3n el 19 de Mayo. Colabora en varias revistas y publicaciones sobre todo con la reflexi\u00f3n diaria y dominical tanto en audio como escrita.","url":"https:\/\/exaudi.org\/es\/author\/enriquediaz\/"}]}},"jetpack_featured_media_url":"https:\/\/exaudi.org\/wp-content\/uploads\/2022\/11\/Cristo-scaled.jpg","jetpack_shortlink":"https:\/\/wp.me\/pgKjF2-h6P","_links":{"self":[{"href":"https:\/\/exaudi.org\/es\/wp-json\/wp\/v2\/posts\/65771","targetHints":{"allow":["GET"]}}],"collection":[{"href":"https:\/\/exaudi.org\/es\/wp-json\/wp\/v2\/posts"}],"about":[{"href":"https:\/\/exaudi.org\/es\/wp-json\/wp\/v2\/types\/post"}],"author":[{"embeddable":true,"href":"https:\/\/exaudi.org\/es\/wp-json\/wp\/v2\/users\/25"}],"replies":[{"embeddable":true,"href":"https:\/\/exaudi.org\/es\/wp-json\/wp\/v2\/comments?post=65771"}],"version-history":[{"count":0,"href":"https:\/\/exaudi.org\/es\/wp-json\/wp\/v2\/posts\/65771\/revisions"}],"wp:featuredmedia":[{"embeddable":true,"href":"https:\/\/exaudi.org\/es\/wp-json\/wp\/v2\/media\/65779"}],"wp:attachment":[{"href":"https:\/\/exaudi.org\/es\/wp-json\/wp\/v2\/media?parent=65771"}],"wp:term":[{"taxonomy":"category","embeddable":true,"href":"https:\/\/exaudi.org\/es\/wp-json\/wp\/v2\/categories?post=65771"},{"taxonomy":"post_tag","embeddable":true,"href":"https:\/\/exaudi.org\/es\/wp-json\/wp\/v2\/tags?post=65771"}],"curies":[{"name":"wp","href":"https:\/\/api.w.org\/{rel}","templated":true}]}}