{"id":65765,"date":"2022-11-17T10:45:16","date_gmt":"2022-11-17T09:45:16","guid":{"rendered":"https:\/\/exaudi.org\/?p=65765"},"modified":"2022-11-17T18:53:42","modified_gmt":"2022-11-17T17:53:42","slug":"obispos-eeuu-renuevan-autoridades-monsenor-broglio-nuevo-presidente","status":"publish","type":"post","link":"https:\/\/exaudi.org\/es\/obispos-eeuu-renuevan-autoridades-monsenor-broglio-nuevo-presidente\/","title":{"rendered":"Obispos de EE.UU. renuevan autoridades: Monse\u00f1or Broglio, nuevo presidente"},"content":{"rendered":"<p><strong>Elecci\u00f3n de presidente, vice y secretario<\/strong><\/p>\n<p>Los Obispos de Estados Unidos, reunidos en su Asamblea nacional de oto\u00f1o en la ciudad de Baltimore, Maryland, han elegido autoridades. El nuevo presidente es el arzobispo Timothy Broglio, quien es el responsable de la Arquidi\u00f3cesis para los Servicios Militares de Estados Unidos desde el a\u00f1o 2008. Actu\u00f3 como nuncio apost\u00f3lico en la Rep\u00fablica Dominicana y como delegado apost\u00f3lico de Puerto Rico entre 2001 y 2008. El nuevo vicepresidente es Mons. William Lori, arzobispo de Baltimore. Es miembro del Comit\u00e9 Administrativo, del Comit\u00e9 de Prioridades y Planes, del Comit\u00e9 de Actividades Pro-Vida y del Comit\u00e9 de Promoci\u00f3n y Defensa del Matrimonio. Es asesor del Comit\u00e9 de Doctrina, del Comit\u00e9 Ad Hoc contra el Racismo y del Comit\u00e9 de Libertad Religiosa.<\/p>\n<figure id=\"attachment_65760\" aria-describedby=\"caption-attachment-65760\" style=\"width: 300px\" class=\"wp-caption alignleft\"><img loading=\"lazy\" decoding=\"async\" class=\"wp-image-65760 size-medium\" src=\"https:\/\/exaudi.org\/wp-content\/uploads\/2022\/11\/Cardenal-Wilton-Gregory-con-Richard-Coll-USCCB--300x200.jpg\" alt=\"(C) Vatican Media\" width=\"300\" height=\"200\" srcset=\"https:\/\/exaudi.org\/wp-content\/uploads\/2022\/11\/Cardenal-Wilton-Gregory-con-Richard-Coll-USCCB--300x200.jpg 300w, https:\/\/exaudi.org\/wp-content\/uploads\/2022\/11\/Cardenal-Wilton-Gregory-con-Richard-Coll-USCCB--1024x683.jpg 1024w, https:\/\/exaudi.org\/wp-content\/uploads\/2022\/11\/Cardenal-Wilton-Gregory-con-Richard-Coll-USCCB--770x513.jpg 770w, https:\/\/exaudi.org\/wp-content\/uploads\/2022\/11\/Cardenal-Wilton-Gregory-con-Richard-Coll-USCCB--1536x1024.jpg 1536w, https:\/\/exaudi.org\/wp-content\/uploads\/2022\/11\/Cardenal-Wilton-Gregory-con-Richard-Coll-USCCB--2048x1365.jpg 2048w, https:\/\/exaudi.org\/wp-content\/uploads\/2022\/11\/Cardenal-Wilton-Gregory-con-Richard-Coll-USCCB--360x240.jpg?crop=1 360w, https:\/\/exaudi.org\/wp-content\/uploads\/2022\/11\/Cardenal-Wilton-Gregory-con-Richard-Coll-USCCB--500x333.jpg 500w, https:\/\/exaudi.org\/wp-content\/uploads\/2022\/11\/Cardenal-Wilton-Gregory-con-Richard-Coll-USCCB--1155x770.jpg 1155w, https:\/\/exaudi.org\/wp-content\/uploads\/2022\/11\/Cardenal-Wilton-Gregory-con-Richard-Coll-USCCB--370x247.jpg 370w, https:\/\/exaudi.org\/wp-content\/uploads\/2022\/11\/Cardenal-Wilton-Gregory-con-Richard-Coll-USCCB--293x195.jpg 293w, https:\/\/exaudi.org\/wp-content\/uploads\/2022\/11\/Cardenal-Wilton-Gregory-con-Richard-Coll-USCCB--1400x933.jpg 1400w, https:\/\/exaudi.org\/wp-content\/uploads\/2022\/11\/Cardenal-Wilton-Gregory-con-Richard-Coll-USCCB--120x80.jpg 120w, https:\/\/exaudi.org\/wp-content\/uploads\/2022\/11\/Cardenal-Wilton-Gregory-con-Richard-Coll-USCCB--240x160.jpg 240w, https:\/\/exaudi.org\/wp-content\/uploads\/2022\/11\/Cardenal-Wilton-Gregory-con-Richard-Coll-USCCB--390x260.jpg 390w\" sizes=\"auto, (max-width: 300px) 100vw, 300px\" \/><figcaption id=\"caption-attachment-65760\" class=\"wp-caption-text\">Cardenal Wilton Gregory con Richard Coll, USCCB (C) Enrique Soros<\/figcaption><\/figure>\n<p>El arzobispo Paul S. Coakley, de Oklahoma City, fue elegido secretario de la Conferencia y presidente del Comit\u00e9 de Prioridades y Planes. Cubre la vacante como secretario, que queda al asumir la presidencia de la Conferencia el arzobispo Broglio, que ha tenido este cargo desde 2019. Los tres arzobispos mencionados, Timothy Broglio, William Lori y Paul Coakley, asumen su cargo al mediod\u00eda del d\u00eda de hoy.<\/p>\n<p><strong>Elecci\u00f3n de autoridades de siete comit\u00e9s permanentes<\/strong><\/p>\n<p>La Conferencia de Obispos de Estados Unidos tambi\u00e9n ha elegido a los presidentes de siete comit\u00e9s permanentes en su Asamblea General de oto\u00f1o en Baltimore.<\/p>\n<figure id=\"attachment_65745\" aria-describedby=\"caption-attachment-65745\" style=\"width: 300px\" class=\"wp-caption alignright\"><img loading=\"lazy\" decoding=\"async\" class=\"wp-image-65745 size-medium\" src=\"https:\/\/exaudi.org\/wp-content\/uploads\/2022\/11\/Obispo-Jorge-Rodriguez-Denver-y-Obispo-Alberto-Rojas-San-Bernardino-300x225.jpeg\" alt=\"(C) Vatican Media\" width=\"300\" height=\"225\" srcset=\"https:\/\/exaudi.org\/wp-content\/uploads\/2022\/11\/Obispo-Jorge-Rodriguez-Denver-y-Obispo-Alberto-Rojas-San-Bernardino-300x225.jpeg 300w, https:\/\/exaudi.org\/wp-content\/uploads\/2022\/11\/Obispo-Jorge-Rodriguez-Denver-y-Obispo-Alberto-Rojas-San-Bernardino-1024x768.jpeg 1024w, https:\/\/exaudi.org\/wp-content\/uploads\/2022\/11\/Obispo-Jorge-Rodriguez-Denver-y-Obispo-Alberto-Rojas-San-Bernardino-770x578.jpeg 770w, https:\/\/exaudi.org\/wp-content\/uploads\/2022\/11\/Obispo-Jorge-Rodriguez-Denver-y-Obispo-Alberto-Rojas-San-Bernardino-1536x1152.jpeg 1536w, https:\/\/exaudi.org\/wp-content\/uploads\/2022\/11\/Obispo-Jorge-Rodriguez-Denver-y-Obispo-Alberto-Rojas-San-Bernardino-2048x1536.jpeg 2048w, https:\/\/exaudi.org\/wp-content\/uploads\/2022\/11\/Obispo-Jorge-Rodriguez-Denver-y-Obispo-Alberto-Rojas-San-Bernardino-500x375.jpeg 500w, https:\/\/exaudi.org\/wp-content\/uploads\/2022\/11\/Obispo-Jorge-Rodriguez-Denver-y-Obispo-Alberto-Rojas-San-Bernardino-293x220.jpeg 293w, https:\/\/exaudi.org\/wp-content\/uploads\/2022\/11\/Obispo-Jorge-Rodriguez-Denver-y-Obispo-Alberto-Rojas-San-Bernardino-1400x1050.jpeg 1400w, https:\/\/exaudi.org\/wp-content\/uploads\/2022\/11\/Obispo-Jorge-Rodriguez-Denver-y-Obispo-Alberto-Rojas-San-Bernardino-390x293.jpeg 390w\" sizes=\"auto, (max-width: 300px) 100vw, 300px\" \/><figcaption id=\"caption-attachment-65745\" class=\"wp-caption-text\">(C) Enrique Soros<\/figcaption><\/figure>\n<p>El obispo Michael Burbidge, de Arlington, Virginia, fue elegido presidente del Comit\u00e9 de Actividades Pro-Vida, cubriendo la vacante creada con la elecci\u00f3n del arzobispo Lori como vicepresidente de la Conferencia. Asume su cargo en el d\u00eda de hoy, hasta noviembre de 2024, momento en el que podr\u00e1 ser reelegido.<\/p>\n<p>Los seis restantes ejercer\u00e1n durante un a\u00f1o como presidentes electos antes de comenzar un mandato de tres a\u00f1os al concluir la Asamblea Plenaria de oto\u00f1o de 2023. Los obispos elegidos como presidentes electos son:<\/p>\n<p>El obispo Thomas John Paprocki de Springfield, en Illinois, como presidente electo del Comit\u00e9 de Asuntos Can\u00f3nicos y Gobierno de la Iglesia; Mons. Joseph C. Bambera, de Scranton, como presidente electo del Comit\u00e9 de Asuntos Ecum\u00e9nicos e Interreligiosos; el arzobispo Charles Thompson, de Indian\u00e1polis, como presidente electo del Comit\u00e9 de Evangelizaci\u00f3n y Catequesis; Mons. Abdallah Zaidan, MLM, de la Eparqu\u00eda Maronita de Nuestra Se\u00f1ora del L\u00edbano, como presidente electo del Comit\u00e9 de Justicia y Paz Internacional; Mons. Barry Knestout, de Richmond, como presidente electo del Comit\u00e9 de Protecci\u00f3n de la Infancia y la Juventud; y Mons. Kevin C. Rhoades, de Fort Wayne-South Bend, como presidente electo del Comit\u00e9 de Libertad Religiosa.<\/p>\n<p><strong>Discurso del Nuncio Apost\u00f3lico: \u201cSue\u00f1o con una Iglesia misionera\u201d<\/strong><\/p>\n<p>Miembros de la Iglesia de Estados Unidos tienen posiciones encontradas al respecto de puntos relativos a la acentuaci\u00f3n unilateral o incluso seria reducci\u00f3n del reconocimiento pr\u00e1ctico de ciertos valores cristianos centrales, discusi\u00f3n de la cual los Obispos no est\u00e1n exentos. Se da tambi\u00e9n el caso de la politizaci\u00f3n de valores cristianos, lo cual genera mayor polarizaci\u00f3n.<\/p>\n<figure id=\"attachment_65748\" aria-describedby=\"caption-attachment-65748\" style=\"width: 300px\" class=\"wp-caption alignleft\"><img loading=\"lazy\" decoding=\"async\" class=\"wp-image-65748 size-medium\" src=\"https:\/\/exaudi.org\/wp-content\/uploads\/2022\/11\/Nuncio-Apostolico-Arz.-Christophe-Pierre-y-Arz.-Jose-Gomez-300x200.jpg\" alt=\"Nuncio Apost\u00f3lico Arz. Christophe Pierre y Arz. Jos\u00e9 G\u00f3mez (C) Enrique Soros\" width=\"300\" height=\"200\" srcset=\"https:\/\/exaudi.org\/wp-content\/uploads\/2022\/11\/Nuncio-Apostolico-Arz.-Christophe-Pierre-y-Arz.-Jose-Gomez-300x200.jpg 300w, https:\/\/exaudi.org\/wp-content\/uploads\/2022\/11\/Nuncio-Apostolico-Arz.-Christophe-Pierre-y-Arz.-Jose-Gomez-1024x683.jpg 1024w, https:\/\/exaudi.org\/wp-content\/uploads\/2022\/11\/Nuncio-Apostolico-Arz.-Christophe-Pierre-y-Arz.-Jose-Gomez-770x513.jpg 770w, https:\/\/exaudi.org\/wp-content\/uploads\/2022\/11\/Nuncio-Apostolico-Arz.-Christophe-Pierre-y-Arz.-Jose-Gomez-1536x1024.jpg 1536w, https:\/\/exaudi.org\/wp-content\/uploads\/2022\/11\/Nuncio-Apostolico-Arz.-Christophe-Pierre-y-Arz.-Jose-Gomez-2048x1365.jpg 2048w, https:\/\/exaudi.org\/wp-content\/uploads\/2022\/11\/Nuncio-Apostolico-Arz.-Christophe-Pierre-y-Arz.-Jose-Gomez-360x240.jpg?crop=1 360w, https:\/\/exaudi.org\/wp-content\/uploads\/2022\/11\/Nuncio-Apostolico-Arz.-Christophe-Pierre-y-Arz.-Jose-Gomez-500x333.jpg 500w, https:\/\/exaudi.org\/wp-content\/uploads\/2022\/11\/Nuncio-Apostolico-Arz.-Christophe-Pierre-y-Arz.-Jose-Gomez-1155x770.jpg 1155w, https:\/\/exaudi.org\/wp-content\/uploads\/2022\/11\/Nuncio-Apostolico-Arz.-Christophe-Pierre-y-Arz.-Jose-Gomez-370x247.jpg 370w, https:\/\/exaudi.org\/wp-content\/uploads\/2022\/11\/Nuncio-Apostolico-Arz.-Christophe-Pierre-y-Arz.-Jose-Gomez-293x195.jpg 293w, https:\/\/exaudi.org\/wp-content\/uploads\/2022\/11\/Nuncio-Apostolico-Arz.-Christophe-Pierre-y-Arz.-Jose-Gomez-1400x933.jpg 1400w, https:\/\/exaudi.org\/wp-content\/uploads\/2022\/11\/Nuncio-Apostolico-Arz.-Christophe-Pierre-y-Arz.-Jose-Gomez-120x80.jpg 120w, https:\/\/exaudi.org\/wp-content\/uploads\/2022\/11\/Nuncio-Apostolico-Arz.-Christophe-Pierre-y-Arz.-Jose-Gomez-240x160.jpg 240w, https:\/\/exaudi.org\/wp-content\/uploads\/2022\/11\/Nuncio-Apostolico-Arz.-Christophe-Pierre-y-Arz.-Jose-Gomez-390x260.jpg 390w\" sizes=\"auto, (max-width: 300px) 100vw, 300px\" \/><figcaption id=\"caption-attachment-65748\" class=\"wp-caption-text\">Nuncio Apost\u00f3lico Arz. Christophe Pierre y Arz. Jos\u00e9 G\u00f3mez (C) Enrique Soros<\/figcaption><\/figure>\n<p>Ante esta realidad, el Nuncio Apost\u00f3lico en Estados Unidos, arzobispo Christophe Pierre, centra sus discursos en temas que profundizan la misi\u00f3n cristiana, dada por Jes\u00fas, que tienden a unificar las posiciones en puntos en com\u00fan. En esta Asamblea lo hizo citando diversos documentos del Papa Francisco, entre otros textos. Motivando a los obispos a reconocer la importancia de la corresponsabilidad de los laicos, mencion\u00f3 los principales documentos del Papa: Evangelii Gaudium, <em>Laudato SI<\/em> y <em>Amoris Laetitia<\/em>. Sobre <em>Gaudete et Exsultate<\/em>, expres\u00f3 que se trata de una profunda meditaci\u00f3n sobre el llamado a la santidad, y acentu\u00f3 la importancia de la \u201csantidad de los santos de la puerta de al lado\u201d, indicando que la santidad es una vocaci\u00f3n de todo cristiano.<\/p>\n<p>Sobre Amoris Laetitia, remarc\u00f3 la l<em>ey de gradualidad,<\/em> del Papa Juan Pablo II, quien en <em>Familiaris consortio<\/em> ense\u00f1aba que el ser humano \u201cconoce, ama y realiza el bien moral seg\u00fan diversas etapas de crecimiento\u201d.<\/p>\n<p>La frase elegida de Evangelii Gaudium, tomada del n\u00famero 27, y nunca citada suficientemente, es un certero resumen del esp\u00edritu de la exhortaci\u00f3n apost\u00f3lica y de la visi\u00f3n pastoral del Papa Francisco, de una Iglesia misionera, evangelizadora y sinodal:<\/p>\n<p>\u201c<em>Sue\u00f1o con una opci\u00f3n misionera capaz de transformarlo todo, para que las costumbres, los estilos, los horarios, el lenguaje y toda estructura eclesial se convierta en un cauce adecuado para la evangelizaci\u00f3n del mundo actual m\u00e1s que para la autopreservaci\u00f3n<\/em>\u201d.<\/p>\n<p>Tras su alocuci\u00f3n, Mons. Jos\u00e9 G\u00f3mez, arzobispo de Los \u00c1ngeles, fue saludado por la asamblea con un caluroso aplauso, como reconocimiento por su gesti\u00f3n como presidente de la Conferencia de Obispos Cat\u00f3licos de Estados Unidos.<\/p>\n<figure id=\"attachment_65751\" aria-describedby=\"caption-attachment-65751\" style=\"width: 300px\" class=\"wp-caption alignright\"><img loading=\"lazy\" decoding=\"async\" class=\"wp-image-65751 size-medium\" src=\"https:\/\/exaudi.org\/wp-content\/uploads\/2022\/11\/Miembros-del-Secretariado-de-Laicos-Matrimonio-Vida-Familiar-y-Juventud-300x200.jpg\" alt=\"(C) Vatican Media\" width=\"300\" height=\"200\" srcset=\"https:\/\/exaudi.org\/wp-content\/uploads\/2022\/11\/Miembros-del-Secretariado-de-Laicos-Matrimonio-Vida-Familiar-y-Juventud-300x200.jpg 300w, https:\/\/exaudi.org\/wp-content\/uploads\/2022\/11\/Miembros-del-Secretariado-de-Laicos-Matrimonio-Vida-Familiar-y-Juventud-1024x683.jpg 1024w, https:\/\/exaudi.org\/wp-content\/uploads\/2022\/11\/Miembros-del-Secretariado-de-Laicos-Matrimonio-Vida-Familiar-y-Juventud-770x513.jpg 770w, https:\/\/exaudi.org\/wp-content\/uploads\/2022\/11\/Miembros-del-Secretariado-de-Laicos-Matrimonio-Vida-Familiar-y-Juventud-1536x1024.jpg 1536w, https:\/\/exaudi.org\/wp-content\/uploads\/2022\/11\/Miembros-del-Secretariado-de-Laicos-Matrimonio-Vida-Familiar-y-Juventud-2048x1365.jpg 2048w, https:\/\/exaudi.org\/wp-content\/uploads\/2022\/11\/Miembros-del-Secretariado-de-Laicos-Matrimonio-Vida-Familiar-y-Juventud-360x240.jpg?crop=1 360w, https:\/\/exaudi.org\/wp-content\/uploads\/2022\/11\/Miembros-del-Secretariado-de-Laicos-Matrimonio-Vida-Familiar-y-Juventud-500x333.jpg 500w, https:\/\/exaudi.org\/wp-content\/uploads\/2022\/11\/Miembros-del-Secretariado-de-Laicos-Matrimonio-Vida-Familiar-y-Juventud-1155x770.jpg 1155w, https:\/\/exaudi.org\/wp-content\/uploads\/2022\/11\/Miembros-del-Secretariado-de-Laicos-Matrimonio-Vida-Familiar-y-Juventud-370x247.jpg 370w, https:\/\/exaudi.org\/wp-content\/uploads\/2022\/11\/Miembros-del-Secretariado-de-Laicos-Matrimonio-Vida-Familiar-y-Juventud-293x195.jpg 293w, https:\/\/exaudi.org\/wp-content\/uploads\/2022\/11\/Miembros-del-Secretariado-de-Laicos-Matrimonio-Vida-Familiar-y-Juventud-1400x933.jpg 1400w, https:\/\/exaudi.org\/wp-content\/uploads\/2022\/11\/Miembros-del-Secretariado-de-Laicos-Matrimonio-Vida-Familiar-y-Juventud-120x80.jpg 120w, https:\/\/exaudi.org\/wp-content\/uploads\/2022\/11\/Miembros-del-Secretariado-de-Laicos-Matrimonio-Vida-Familiar-y-Juventud-240x160.jpg 240w, https:\/\/exaudi.org\/wp-content\/uploads\/2022\/11\/Miembros-del-Secretariado-de-Laicos-Matrimonio-Vida-Familiar-y-Juventud-390x260.jpg 390w\" sizes=\"auto, (max-width: 300px) 100vw, 300px\" \/><figcaption id=\"caption-attachment-65751\" class=\"wp-caption-text\">Miembros del Secretariado de Laicos, Matrimonio, Vida Familiar y Juventud (C) Enrique Soros<\/figcaption><\/figure>\n<p>Se puede leer la alocuci\u00f3n completa del Nuncio Apost\u00f3lico en ingl\u00e9s a trav\u00e9s del siguiente enlace: <a href=\"https:\/\/www.usccb.org\/resources\/Nuncio%20Address.11.15.22_1_1.pdf\">https:\/\/www.usccb.org\/resources\/Nuncio%20Address.11.15.22_1_1.pdf<\/a><\/p>\n","protected":false},"excerpt":{"rendered":"<p>Tambi\u00e9n eligieron vicepresidente, secretario y presidentes de siete comit\u00e9s<\/p>\n","protected":false},"author":41,"featured_media":65807,"comment_status":"closed","ping_status":"closed","sticky":false,"template":"","format":"standard","meta":{"_acf_changed":false,"_crdt_document":"","inline_featured_image":false,"footnotes":""},"categories":[86,74],"tags":[2501,565,602,7593,4953,6517],"class_list":["post-65765","post","type-post","status-publish","format-standard","has-post-thumbnail","hentry","category-iglesia-local","category-iglesia-y-mundo","tag-conferencia-de-obispos-catolicos-de-estados-unidos-usccb","tag-estados-unidos","tag-obispos","tag-timothy-broglio","tag-trending-es","tag-usa-es"],"acf":[],"yoast_head":"<!-- This site is optimized with the Yoast SEO plugin v27.5 - https:\/\/yoast.com\/product\/yoast-seo-wordpress\/ -->\n<title>Obispos de EE.UU. renuevan autoridades: Monse\u00f1or Broglio, nuevo presidente &#8211; Exaudi<\/title>\n<meta name=\"robots\" content=\"index, follow, max-snippet:-1, max-image-preview:large, max-video-preview:-1\" \/>\n<link rel=\"canonical\" href=\"https:\/\/exaudi.org\/es\/obispos-eeuu-renuevan-autoridades-monsenor-broglio-nuevo-presidente\/\" \/>\n<meta property=\"og:locale\" content=\"es_ES\" \/>\n<meta property=\"og:type\" content=\"article\" \/>\n<meta property=\"og:title\" content=\"Obispos de EE.UU. renuevan autoridades: Monse\u00f1or Broglio, nuevo presidente &#8211; Exaudi\" \/>\n<meta property=\"og:description\" content=\"Tambi\u00e9n eligieron vicepresidente, secretario y presidentes de siete comit\u00e9s\" \/>\n<meta property=\"og:url\" content=\"https:\/\/exaudi.org\/es\/obispos-eeuu-renuevan-autoridades-monsenor-broglio-nuevo-presidente\/\" \/>\n<meta property=\"og:site_name\" content=\"Exaudi\" \/>\n<meta property=\"article:publisher\" content=\"https:\/\/www.facebook.com\/ExaudiNews\" \/>\n<meta property=\"article:published_time\" content=\"2022-11-17T09:45:16+00:00\" \/>\n<meta property=\"article:modified_time\" content=\"2022-11-17T17:53:42+00:00\" \/>\n<meta property=\"og:image\" content=\"https:\/\/exaudi.org\/wp-content\/uploads\/2022\/11\/Sin-titulo-3-esp.jpg\" \/>\n\t<meta property=\"og:image:width\" content=\"1050\" \/>\n\t<meta property=\"og:image:height\" content=\"566\" \/>\n\t<meta property=\"og:image:type\" content=\"image\/jpeg\" \/>\n<meta name=\"author\" content=\"Enrique Soros\" \/>\n<meta name=\"twitter:card\" content=\"summary_large_image\" \/>\n<meta name=\"twitter:creator\" content=\"@Exaudi_News\" \/>\n<meta name=\"twitter:site\" content=\"@Exaudi_News\" \/>\n<meta name=\"twitter:label1\" content=\"Escrito por\" \/>\n\t<meta name=\"twitter:data1\" content=\"Enrique Soros\" \/>\n\t<meta name=\"twitter:label2\" content=\"Tiempo de lectura\" \/>\n\t<meta name=\"twitter:data2\" content=\"5 minutos\" \/>\n<script type=\"application\/ld+json\" class=\"yoast-schema-graph\">{\"@context\":\"https:\\\/\\\/schema.org\",\"@graph\":[{\"@type\":\"Article\",\"@id\":\"https:\\\/\\\/exaudi.org\\\/es\\\/obispos-eeuu-renuevan-autoridades-monsenor-broglio-nuevo-presidente\\\/#article\",\"isPartOf\":{\"@id\":\"https:\\\/\\\/exaudi.org\\\/es\\\/obispos-eeuu-renuevan-autoridades-monsenor-broglio-nuevo-presidente\\\/\"},\"author\":{\"name\":\"Enrique Soros\",\"@id\":\"https:\\\/\\\/exaudi.org\\\/#\\\/schema\\\/person\\\/b562feb21279ee01cdb5c8cd58ac4e33\"},\"headline\":\"Obispos de EE.UU. renuevan autoridades: Monse\u00f1or Broglio, nuevo presidente\",\"datePublished\":\"2022-11-17T09:45:16+00:00\",\"dateModified\":\"2022-11-17T17:53:42+00:00\",\"mainEntityOfPage\":{\"@id\":\"https:\\\/\\\/exaudi.org\\\/es\\\/obispos-eeuu-renuevan-autoridades-monsenor-broglio-nuevo-presidente\\\/\"},\"wordCount\":912,\"image\":{\"@id\":\"https:\\\/\\\/exaudi.org\\\/es\\\/obispos-eeuu-renuevan-autoridades-monsenor-broglio-nuevo-presidente\\\/#primaryimage\"},\"thumbnailUrl\":\"https:\\\/\\\/exaudi.org\\\/wp-content\\\/uploads\\\/2022\\\/11\\\/Sin-titulo-3-esp.jpg\",\"keywords\":[\"Conferencia de Obispos Cat\u00f3licos de Estados Unidos (USCCB)\",\"Estados Unidos\",\"obispos\",\"Timothy Broglio\",\"Trending\",\"usa\"],\"articleSection\":[\"Iglesia Local\",\"Iglesia y Mundo\"],\"inLanguage\":\"es\"},{\"@type\":\"WebPage\",\"@id\":\"https:\\\/\\\/exaudi.org\\\/es\\\/obispos-eeuu-renuevan-autoridades-monsenor-broglio-nuevo-presidente\\\/\",\"url\":\"https:\\\/\\\/exaudi.org\\\/es\\\/obispos-eeuu-renuevan-autoridades-monsenor-broglio-nuevo-presidente\\\/\",\"name\":\"Obispos de EE.UU. renuevan autoridades: Monse\u00f1or Broglio, nuevo presidente &#8211; Exaudi\",\"isPartOf\":{\"@id\":\"https:\\\/\\\/exaudi.org\\\/#website\"},\"primaryImageOfPage\":{\"@id\":\"https:\\\/\\\/exaudi.org\\\/es\\\/obispos-eeuu-renuevan-autoridades-monsenor-broglio-nuevo-presidente\\\/#primaryimage\"},\"image\":{\"@id\":\"https:\\\/\\\/exaudi.org\\\/es\\\/obispos-eeuu-renuevan-autoridades-monsenor-broglio-nuevo-presidente\\\/#primaryimage\"},\"thumbnailUrl\":\"https:\\\/\\\/exaudi.org\\\/wp-content\\\/uploads\\\/2022\\\/11\\\/Sin-titulo-3-esp.jpg\",\"datePublished\":\"2022-11-17T09:45:16+00:00\",\"dateModified\":\"2022-11-17T17:53:42+00:00\",\"author\":{\"@id\":\"https:\\\/\\\/exaudi.org\\\/#\\\/schema\\\/person\\\/b562feb21279ee01cdb5c8cd58ac4e33\"},\"breadcrumb\":{\"@id\":\"https:\\\/\\\/exaudi.org\\\/es\\\/obispos-eeuu-renuevan-autoridades-monsenor-broglio-nuevo-presidente\\\/#breadcrumb\"},\"inLanguage\":\"es\",\"potentialAction\":[{\"@type\":\"ReadAction\",\"target\":[\"https:\\\/\\\/exaudi.org\\\/es\\\/obispos-eeuu-renuevan-autoridades-monsenor-broglio-nuevo-presidente\\\/\"]}]},{\"@type\":\"ImageObject\",\"inLanguage\":\"es\",\"@id\":\"https:\\\/\\\/exaudi.org\\\/es\\\/obispos-eeuu-renuevan-autoridades-monsenor-broglio-nuevo-presidente\\\/#primaryimage\",\"url\":\"https:\\\/\\\/exaudi.org\\\/wp-content\\\/uploads\\\/2022\\\/11\\\/Sin-titulo-3-esp.jpg\",\"contentUrl\":\"https:\\\/\\\/exaudi.org\\\/wp-content\\\/uploads\\\/2022\\\/11\\\/Sin-titulo-3-esp.jpg\",\"width\":1050,\"height\":566,\"caption\":\"(C) Enrique Soros\"},{\"@type\":\"BreadcrumbList\",\"@id\":\"https:\\\/\\\/exaudi.org\\\/es\\\/obispos-eeuu-renuevan-autoridades-monsenor-broglio-nuevo-presidente\\\/#breadcrumb\",\"itemListElement\":[{\"@type\":\"ListItem\",\"position\":1,\"name\":\"Portada\",\"item\":\"https:\\\/\\\/exaudi.org\\\/es\\\/\"},{\"@type\":\"ListItem\",\"position\":2,\"name\":\"Obispos de EE.UU. renuevan autoridades: Monse\u00f1or Broglio, nuevo presidente\"}]},{\"@type\":\"WebSite\",\"@id\":\"https:\\\/\\\/exaudi.org\\\/#website\",\"url\":\"https:\\\/\\\/exaudi.org\\\/\",\"name\":\"Exaudi\",\"description\":\"News\",\"potentialAction\":[{\"@type\":\"SearchAction\",\"target\":{\"@type\":\"EntryPoint\",\"urlTemplate\":\"https:\\\/\\\/exaudi.org\\\/?s={search_term_string}\"},\"query-input\":{\"@type\":\"PropertyValueSpecification\",\"valueRequired\":true,\"valueName\":\"search_term_string\"}}],\"inLanguage\":\"es\"},{\"@type\":\"Person\",\"@id\":\"https:\\\/\\\/exaudi.org\\\/#\\\/schema\\\/person\\\/b562feb21279ee01cdb5c8cd58ac4e33\",\"name\":\"Enrique Soros\",\"image\":{\"@type\":\"ImageObject\",\"inLanguage\":\"es\",\"@id\":\"https:\\\/\\\/secure.gravatar.com\\\/avatar\\\/909c464715f2daa91ebbef733cea12657b24a5ddb7284bf9b3bb3911d874bb9e?s=96&d=mm&r=g\",\"url\":\"https:\\\/\\\/secure.gravatar.com\\\/avatar\\\/909c464715f2daa91ebbef733cea12657b24a5ddb7284bf9b3bb3911d874bb9e?s=96&d=mm&r=g\",\"contentUrl\":\"https:\\\/\\\/secure.gravatar.com\\\/avatar\\\/909c464715f2daa91ebbef733cea12657b24a5ddb7284bf9b3bb3911d874bb9e?s=96&d=mm&r=g\",\"caption\":\"Enrique Soros\"},\"description\":\"Argentino. Reside desde hace 27 a\u00f1os en Washington, DC, Estados Unidos, con su esposa Erica, con quien tiene un hijo, Mart\u00edn, de 21 a\u00f1os. Es comunicador social, escritor, traductor p\u00fablico. Act\u00faa como agente pastoral y comunicacional en Estados Unidos, donde es vicepresidente del Consejo Nacional Cat\u00f3lico para el Ministerio Hispano -NCCHM, por sus siglas en ingl\u00e9s-, que tiene como misi\u00f3n la promoci\u00f3n y el trabajo com\u00fan de las fuerzas pastorales hispanas en el pa\u00eds. Participa en proyectos pastorales y comunicacionales en Latinoam\u00e9rica y desde 2012 colabora con el CELAM, Consejo Episcopal Latinoamericano en esfuerzos de integraci\u00f3n pastoral entre dicha instituci\u00f3n y la Iglesia en los Estados Unidos.\",\"url\":\"https:\\\/\\\/exaudi.org\\\/es\\\/author\\\/enriquesoros\\\/\"}]}<\/script>\n<!-- \/ Yoast SEO plugin. -->","yoast_head_json":{"title":"Obispos de EE.UU. renuevan autoridades: Monse\u00f1or Broglio, nuevo presidente &#8211; Exaudi","robots":{"index":"index","follow":"follow","max-snippet":"max-snippet:-1","max-image-preview":"max-image-preview:large","max-video-preview":"max-video-preview:-1"},"canonical":"https:\/\/exaudi.org\/es\/obispos-eeuu-renuevan-autoridades-monsenor-broglio-nuevo-presidente\/","og_locale":"es_ES","og_type":"article","og_title":"Obispos de EE.UU. renuevan autoridades: Monse\u00f1or Broglio, nuevo presidente &#8211; Exaudi","og_description":"Tambi\u00e9n eligieron vicepresidente, secretario y presidentes de siete comit\u00e9s","og_url":"https:\/\/exaudi.org\/es\/obispos-eeuu-renuevan-autoridades-monsenor-broglio-nuevo-presidente\/","og_site_name":"Exaudi","article_publisher":"https:\/\/www.facebook.com\/ExaudiNews","article_published_time":"2022-11-17T09:45:16+00:00","article_modified_time":"2022-11-17T17:53:42+00:00","og_image":[{"width":1050,"height":566,"url":"https:\/\/exaudi.org\/wp-content\/uploads\/2022\/11\/Sin-titulo-3-esp.jpg","type":"image\/jpeg"}],"author":"Enrique Soros","twitter_card":"summary_large_image","twitter_creator":"@Exaudi_News","twitter_site":"@Exaudi_News","twitter_misc":{"Escrito por":"Enrique Soros","Tiempo de lectura":"5 minutos"},"schema":{"@context":"https:\/\/schema.org","@graph":[{"@type":"Article","@id":"https:\/\/exaudi.org\/es\/obispos-eeuu-renuevan-autoridades-monsenor-broglio-nuevo-presidente\/#article","isPartOf":{"@id":"https:\/\/exaudi.org\/es\/obispos-eeuu-renuevan-autoridades-monsenor-broglio-nuevo-presidente\/"},"author":{"name":"Enrique Soros","@id":"https:\/\/exaudi.org\/#\/schema\/person\/b562feb21279ee01cdb5c8cd58ac4e33"},"headline":"Obispos de EE.UU. renuevan autoridades: Monse\u00f1or Broglio, nuevo presidente","datePublished":"2022-11-17T09:45:16+00:00","dateModified":"2022-11-17T17:53:42+00:00","mainEntityOfPage":{"@id":"https:\/\/exaudi.org\/es\/obispos-eeuu-renuevan-autoridades-monsenor-broglio-nuevo-presidente\/"},"wordCount":912,"image":{"@id":"https:\/\/exaudi.org\/es\/obispos-eeuu-renuevan-autoridades-monsenor-broglio-nuevo-presidente\/#primaryimage"},"thumbnailUrl":"https:\/\/exaudi.org\/wp-content\/uploads\/2022\/11\/Sin-titulo-3-esp.jpg","keywords":["Conferencia de Obispos Cat\u00f3licos de Estados Unidos (USCCB)","Estados Unidos","obispos","Timothy Broglio","Trending","usa"],"articleSection":["Iglesia Local","Iglesia y Mundo"],"inLanguage":"es"},{"@type":"WebPage","@id":"https:\/\/exaudi.org\/es\/obispos-eeuu-renuevan-autoridades-monsenor-broglio-nuevo-presidente\/","url":"https:\/\/exaudi.org\/es\/obispos-eeuu-renuevan-autoridades-monsenor-broglio-nuevo-presidente\/","name":"Obispos de EE.UU. renuevan autoridades: Monse\u00f1or Broglio, nuevo presidente &#8211; Exaudi","isPartOf":{"@id":"https:\/\/exaudi.org\/#website"},"primaryImageOfPage":{"@id":"https:\/\/exaudi.org\/es\/obispos-eeuu-renuevan-autoridades-monsenor-broglio-nuevo-presidente\/#primaryimage"},"image":{"@id":"https:\/\/exaudi.org\/es\/obispos-eeuu-renuevan-autoridades-monsenor-broglio-nuevo-presidente\/#primaryimage"},"thumbnailUrl":"https:\/\/exaudi.org\/wp-content\/uploads\/2022\/11\/Sin-titulo-3-esp.jpg","datePublished":"2022-11-17T09:45:16+00:00","dateModified":"2022-11-17T17:53:42+00:00","author":{"@id":"https:\/\/exaudi.org\/#\/schema\/person\/b562feb21279ee01cdb5c8cd58ac4e33"},"breadcrumb":{"@id":"https:\/\/exaudi.org\/es\/obispos-eeuu-renuevan-autoridades-monsenor-broglio-nuevo-presidente\/#breadcrumb"},"inLanguage":"es","potentialAction":[{"@type":"ReadAction","target":["https:\/\/exaudi.org\/es\/obispos-eeuu-renuevan-autoridades-monsenor-broglio-nuevo-presidente\/"]}]},{"@type":"ImageObject","inLanguage":"es","@id":"https:\/\/exaudi.org\/es\/obispos-eeuu-renuevan-autoridades-monsenor-broglio-nuevo-presidente\/#primaryimage","url":"https:\/\/exaudi.org\/wp-content\/uploads\/2022\/11\/Sin-titulo-3-esp.jpg","contentUrl":"https:\/\/exaudi.org\/wp-content\/uploads\/2022\/11\/Sin-titulo-3-esp.jpg","width":1050,"height":566,"caption":"(C) Enrique Soros"},{"@type":"BreadcrumbList","@id":"https:\/\/exaudi.org\/es\/obispos-eeuu-renuevan-autoridades-monsenor-broglio-nuevo-presidente\/#breadcrumb","itemListElement":[{"@type":"ListItem","position":1,"name":"Portada","item":"https:\/\/exaudi.org\/es\/"},{"@type":"ListItem","position":2,"name":"Obispos de EE.UU. renuevan autoridades: Monse\u00f1or Broglio, nuevo presidente"}]},{"@type":"WebSite","@id":"https:\/\/exaudi.org\/#website","url":"https:\/\/exaudi.org\/","name":"Exaudi","description":"News","potentialAction":[{"@type":"SearchAction","target":{"@type":"EntryPoint","urlTemplate":"https:\/\/exaudi.org\/?s={search_term_string}"},"query-input":{"@type":"PropertyValueSpecification","valueRequired":true,"valueName":"search_term_string"}}],"inLanguage":"es"},{"@type":"Person","@id":"https:\/\/exaudi.org\/#\/schema\/person\/b562feb21279ee01cdb5c8cd58ac4e33","name":"Enrique Soros","image":{"@type":"ImageObject","inLanguage":"es","@id":"https:\/\/secure.gravatar.com\/avatar\/909c464715f2daa91ebbef733cea12657b24a5ddb7284bf9b3bb3911d874bb9e?s=96&d=mm&r=g","url":"https:\/\/secure.gravatar.com\/avatar\/909c464715f2daa91ebbef733cea12657b24a5ddb7284bf9b3bb3911d874bb9e?s=96&d=mm&r=g","contentUrl":"https:\/\/secure.gravatar.com\/avatar\/909c464715f2daa91ebbef733cea12657b24a5ddb7284bf9b3bb3911d874bb9e?s=96&d=mm&r=g","caption":"Enrique Soros"},"description":"Argentino. Reside desde hace 27 a\u00f1os en Washington, DC, Estados Unidos, con su esposa Erica, con quien tiene un hijo, Mart\u00edn, de 21 a\u00f1os. Es comunicador social, escritor, traductor p\u00fablico. Act\u00faa como agente pastoral y comunicacional en Estados Unidos, donde es vicepresidente del Consejo Nacional Cat\u00f3lico para el Ministerio Hispano -NCCHM, por sus siglas en ingl\u00e9s-, que tiene como misi\u00f3n la promoci\u00f3n y el trabajo com\u00fan de las fuerzas pastorales hispanas en el pa\u00eds. Participa en proyectos pastorales y comunicacionales en Latinoam\u00e9rica y desde 2012 colabora con el CELAM, Consejo Episcopal Latinoamericano en esfuerzos de integraci\u00f3n pastoral entre dicha instituci\u00f3n y la Iglesia en los Estados Unidos.","url":"https:\/\/exaudi.org\/es\/author\/enriquesoros\/"}]}},"jetpack_featured_media_url":"https:\/\/exaudi.org\/wp-content\/uploads\/2022\/11\/Sin-titulo-3-esp.jpg","jetpack_shortlink":"https:\/\/wp.me\/pgKjF2-h6J","_links":{"self":[{"href":"https:\/\/exaudi.org\/es\/wp-json\/wp\/v2\/posts\/65765","targetHints":{"allow":["GET"]}}],"collection":[{"href":"https:\/\/exaudi.org\/es\/wp-json\/wp\/v2\/posts"}],"about":[{"href":"https:\/\/exaudi.org\/es\/wp-json\/wp\/v2\/types\/post"}],"author":[{"embeddable":true,"href":"https:\/\/exaudi.org\/es\/wp-json\/wp\/v2\/users\/41"}],"replies":[{"embeddable":true,"href":"https:\/\/exaudi.org\/es\/wp-json\/wp\/v2\/comments?post=65765"}],"version-history":[{"count":0,"href":"https:\/\/exaudi.org\/es\/wp-json\/wp\/v2\/posts\/65765\/revisions"}],"wp:featuredmedia":[{"embeddable":true,"href":"https:\/\/exaudi.org\/es\/wp-json\/wp\/v2\/media\/65807"}],"wp:attachment":[{"href":"https:\/\/exaudi.org\/es\/wp-json\/wp\/v2\/media?parent=65765"}],"wp:term":[{"taxonomy":"category","embeddable":true,"href":"https:\/\/exaudi.org\/es\/wp-json\/wp\/v2\/categories?post=65765"},{"taxonomy":"post_tag","embeddable":true,"href":"https:\/\/exaudi.org\/es\/wp-json\/wp\/v2\/tags?post=65765"}],"curies":[{"name":"wp","href":"https:\/\/api.w.org\/{rel}","templated":true}]}}