{"id":65715,"date":"2022-11-16T12:06:22","date_gmt":"2022-11-16T11:06:22","guid":{"rendered":"https:\/\/exaudi.org\/?p=65715"},"modified":"2022-11-16T12:06:22","modified_gmt":"2022-11-16T11:06:22","slug":"la-economia-de-francisco-en-america-latina-y-el-caribe","status":"publish","type":"post","link":"https:\/\/exaudi.org\/es\/la-economia-de-francisco-en-america-latina-y-el-caribe\/","title":{"rendered":"La Econom\u00eda de Francisco en Am\u00e9rica Latina y el Caribe"},"content":{"rendered":"<p>M\u00e1s de 15 instituciones educativas de Am\u00e9rica Latina y el Caribe, se reunieron para impulsar una econom\u00eda diferente, m\u00e1s humana, inclusiva y sostenible.<\/p>\n<p>El segundo Congreso Internacional de la Econom\u00eda de Francisco en Am\u00e9rica Latina y el Caribe, convoc\u00f3 a m\u00e1s de 300 universitarios, economistas, emprendedores, activistas sociales, acad\u00e9micos y agentes de cambio. Fue un espacio de di\u00e1logo interdisciplinario en b\u00fasqueda de una econom\u00eda m\u00e1s humana, inclusiva y sostenible. El encuentro favoreci\u00f3 el desarrollo del conocimiento, con la posibilidad de intercambiar experiencias. Tuvo como objetivo unirse como regi\u00f3n latinoamericana para aprender de sus diversidades y co-crear una mirada en conjunto desde sus territorialidades. Fueron cuatro las tem\u00e1ticas principales que funcionaron como ejes y espacios de trabajo e intercambio: Agricultura y Justicia; Energ\u00eda y Pobreza; C02 de las Desigualdades y Finanzas y Humanidad.<\/p>\n<p>El evento del pasado 10 y 11 de noviembre se desarroll\u00f3 bajo una modalidad h\u00edbrida: presencial y virtual. En Argentina la sede del encuentro fue la Facultad de Derecho de la Universidad de Buenos Aires. El organizador fue La Red Latinoamericana de Econom\u00eda de Francisco y la sede convocante el Programa Internacional sobre Democracia, Sociedad y Nuevas econom\u00edas <a href=\"https:\/\/pidesoneuba.com\/\">(<\/a><a href=\"https:\/\/pidesoneuba.com\/\" target=\"_blank\" rel=\"noopener\">PIDESONE)<\/a> del Rectorado de la Universidad de Buenos Aires. Cont\u00f3 con el apoyo del Centro Regional Ecum\u00e9nico de Asesor\u00eda y Servicio <a href=\"https:\/\/creas.org\/\" target=\"_blank\" rel=\"noopener\">(CREAS)<\/a>. Fue un programa regional con sesiones locales en diferentes pa\u00edses de Am\u00e9rica Latina y el Caribe. A nivel regional, co-organizaron el evento otras instituciones educativas tales como Universidades e Amaz\u00f4nia; IBERO Ciudad de M\u00e9xico, Centro Internacional de Investigaci\u00f3n de Econom\u00eda Social y Solidaria; Uniminuto, Corporaci\u00f3n Universitaria Minuto de Dios; Unibagozzi; Universidad de San Isidro &#8211; Dr. Pl\u00e1cido Mar\u00edn; Universidad la Gran Colombia &#8211; Centro de Pensamiento La Esperanza \u00abDon Pedro Lain Entralgo\u00bb.<\/p>\n<p>En 2021 se realiz\u00f3 el primer Congreso Internacional totalmente online con sede en Brasil, en la Pontificia Universidad Cat\u00f3lica de Paran\u00e1. Colaboraron otras instituciones educativas, quienes han visto en la Econom\u00eda de Francisco y su Red Latinoamericana una alternativa al sistema econ\u00f3mico que emerge.<\/p>\n<p>El gran impulso de este segundo Congreso lo dio el encuentro de Econom\u00eda de Francisco que tuvo lugar, en septiembre de este a\u00f1o, en As\u00eds, Italia. \u201cUna nueva econom\u00eda, inspirada en Francisco de As\u00eds, hoy puede y debe ser una econom\u00eda amiga de la tierra, una econom\u00eda de paz. Se trata de transformar una econom\u00eda que mata en una econom\u00eda de la vida, en todas sus dimensiones\u201d, exhort\u00f3 el Papa Francisco a los j\u00f3venes. Como resultado, sellaron un <a href=\"https:\/\/exaudi.org\/es\/los-12-puntos-del-pacto-de-economia-de-francisco\/\" target=\"_blank\" rel=\"noopener\">pacto con el Papa<\/a> comprometi\u00e9ndose a emplear sus vidas para que la econom\u00eda de hoy y de ma\u00f1ana se convierta en una Econom\u00eda del Evangelio.<\/p>\n<p>Francesca Giglio, de la Red de Econom\u00eda de Francisco Internacional, en la apertura destac\u00f3: \u201cComo miembro del comit\u00e9 central quiero subrayar que queremos estar al servicio de todos los j\u00f3venes que son la voz de este proyecto. Estamos al servicio de algo que ya no tiene ning\u00fan due\u00f1o, es libre\u201d. Y en relaci\u00f3n a esto agreg\u00f3: \u201cEl objetivo principal del movimiento libre, y que est\u00e1 formado por vocaciones personales y colectivas, es impactar en un nuevo pensamiento, es impactar a la opini\u00f3n p\u00fablica y demostrar que esos rostros de la nueva econom\u00eda ya est\u00e1n cambiando. A trav\u00e9s del compromiso de los j\u00f3venes\u201d.<\/p>\n<p>Por otro lado, Virginia Sol\u00eds, emprendedora social argentina, Co-fundadora y Co-CEO de <em>The Farm of Francesco<\/em>, resalt\u00f3: \u201cRecordando lo que nos dec\u00eda el Papa Francisco en As\u00eds: \u201cLa realidad es m\u00e1s grande que las ideas\u201d. Lo que me gustar\u00eda compartir hoy es c\u00f3mo siento que es mi intuici\u00f3n para responder a esto. Y la forma en que yo lo vivo, como un llamado y como respuesta tambi\u00e9n. Es un camino que va desde el llamado personal, que luego se hace com\u00fan y que luego se hace colectivo\u201d.<\/p>\n<p>El \u00faltimo panel, llamado \u00bfHacia un nuevo paradigma integral?, cont\u00f3 con los aportes de dos destacados panelistas a nivel internacional: Ga\u00ebl Giraud, economista franc\u00e9s, de<\/p>\n<p>la Universidad de Georgetown; y Carlota Sanz, espa\u00f1ola, Co-founder de D<em>oughnut Economics Action Lab.<\/em><\/p>\n<p>Ga\u00ebl Giraud comparti\u00f3 algunas de sus reflexiones acerca de su libro \u201cLa Revoluci\u00f3n Dulce de la Transformaci\u00f3n Ecol\u00f3gica\u201d. En su intervenci\u00f3n enfatiz\u00f3: \u201cLo que ahora est\u00e1 en juego es la supervivencia a largo plazo de la humanidad. El desaf\u00edo es inventar las instituciones del futuro para tratar los bienes comunes: la salud, la biodiversidad, el agua potable, etc. Que no son bienes privados ni p\u00fablicos, sino bienes comunes\u201d.<\/p>\n<p>Y por su parte Carlota Sanz, explic\u00f3 qu\u00e9 es la \u201cEconom\u00eda de la Dona\u201d y su prop\u00f3sito. Dej\u00f3 claro en su exposici\u00f3n que: \u201cTenemos que dise\u00f1ar las din\u00e1micas de nuestras econom\u00edas. Donde se deje atr\u00e1s el modelo lineal econ\u00f3mico, de tomar, hacer, usar y perder. Para convertirlo en un sistema regenerativo c\u00edclico por dise\u00f1o\u201d. A su vez profundiz\u00f3 en c\u00f3mo aplicar esta nueva econom\u00eda a una ciudad particular.<\/p>\n<p>Cabe resaltar que en Argentina se realizaron cl\u00ednicas de innovaci\u00f3n en las que participaron j\u00f3venes pertenecientes a C\u00e1ritas Argentina, CREAS y al Instituto de Cultura Popular (INCUPO). En relaci\u00f3n a esto la Dra. Cristina Calvo, Directora del PIDESONE, durante la apertura dijo que fueron invitados porque son: \u201cJ\u00f3venes referentes, l\u00edderes sociales que est\u00e1n mano a mano con la capilaridad, es decir, escuchando, conociendo cuales son estas m\u00faltiples pobrezas y junto con estos actores buscar las alternativas de soluci\u00f3n\u201d.<\/p>\n<p>El Congreso de La Econom\u00eda de Francisco en Am\u00e9rica Latina y el Caribe, demostr\u00f3 la preocupaci\u00f3n y el compromiso de las y los j\u00f3venes por la crisis clim\u00e1tica y socio-econ\u00f3mica contempor\u00e1nea. Proponiendo y generando nuevos modelos que acojan las realidades del continente americano para cimentar una econom\u00eda del ma\u00f1ana.<\/p>\n<p>Por esta raz\u00f3n, la Dra. Cristina Calvo, concluy\u00f3 estos dos d\u00edas de trabajo pasando la posta a la Red de Acad\u00e9micos de Colombia, quienes ser\u00e1n la sede del tercer congreso a realizarse en el 2023. Esto asegura el compromiso de los j\u00f3venes de la Red Latinoamericana en seguir construyendo una econom\u00eda que haga vivir, que incluya, humanice y cuide el medio ambiente.<\/p>\n","protected":false},"excerpt":{"rendered":"<p>Por una econom\u00eda m\u00e1s humana, inclusiva y sostenible<\/p>\n","protected":false},"author":15,"featured_media":65716,"comment_status":"closed","ping_status":"closed","sticky":false,"template":"","format":"standard","meta":{"_acf_changed":false,"_crdt_document":"","inline_featured_image":false,"footnotes":""},"categories":[74],"tags":[1521,1522,1288,4953],"class_list":["post-65715","post","type-post","status-publish","format-standard","has-post-thumbnail","hentry","category-iglesia-y-mundo","tag-america-latina","tag-caribe","tag-economia-de-francisco","tag-trending-es"],"acf":[],"yoast_head":"<!-- This site is optimized with the Yoast SEO plugin v27.4 - https:\/\/yoast.com\/product\/yoast-seo-wordpress\/ -->\n<title>La Econom\u00eda de Francisco en Am\u00e9rica Latina y el Caribe &#8211; Exaudi<\/title>\n<meta name=\"robots\" content=\"index, follow, max-snippet:-1, max-image-preview:large, max-video-preview:-1\" \/>\n<link rel=\"canonical\" href=\"https:\/\/exaudi.org\/es\/la-economia-de-francisco-en-america-latina-y-el-caribe\/\" \/>\n<meta property=\"og:locale\" content=\"es_ES\" \/>\n<meta property=\"og:type\" content=\"article\" \/>\n<meta property=\"og:title\" content=\"La Econom\u00eda de Francisco en Am\u00e9rica Latina y el Caribe &#8211; Exaudi\" \/>\n<meta property=\"og:description\" content=\"Por una econom\u00eda m\u00e1s humana, inclusiva y sostenible\" \/>\n<meta property=\"og:url\" content=\"https:\/\/exaudi.org\/es\/la-economia-de-francisco-en-america-latina-y-el-caribe\/\" \/>\n<meta property=\"og:site_name\" content=\"Exaudi\" \/>\n<meta property=\"article:publisher\" content=\"https:\/\/www.facebook.com\/ExaudiNews\" \/>\n<meta property=\"article:author\" content=\"https:\/\/www.facebook.com\/ExaudiNoticias\/\" \/>\n<meta property=\"article:published_time\" content=\"2022-11-16T11:06:22+00:00\" \/>\n<meta property=\"og:image\" content=\"https:\/\/exaudi.org\/wp-content\/uploads\/2022\/11\/segundo-Congreso-Internacional-de-la-Economia-de-Francisco-en-America-Latina-y-el-Caribe.jpg\" \/>\n\t<meta property=\"og:image:width\" content=\"1600\" \/>\n\t<meta property=\"og:image:height\" content=\"898\" \/>\n\t<meta property=\"og:image:type\" content=\"image\/jpeg\" \/>\n<meta name=\"author\" content=\"Exaudi Redacci\u00f3n\" \/>\n<meta name=\"twitter:card\" content=\"summary_large_image\" \/>\n<meta name=\"twitter:creator\" content=\"@Exaudi_noticias\" \/>\n<meta name=\"twitter:site\" content=\"@Exaudi_News\" \/>\n<meta name=\"twitter:label1\" content=\"Escrito por\" \/>\n\t<meta name=\"twitter:data1\" content=\"Exaudi Redacci\u00f3n\" \/>\n\t<meta name=\"twitter:label2\" content=\"Tiempo de lectura\" \/>\n\t<meta name=\"twitter:data2\" content=\"5 minutos\" \/>\n<script type=\"application\/ld+json\" class=\"yoast-schema-graph\">{\"@context\":\"https:\\\/\\\/schema.org\",\"@graph\":[{\"@type\":\"Article\",\"@id\":\"https:\\\/\\\/exaudi.org\\\/es\\\/la-economia-de-francisco-en-america-latina-y-el-caribe\\\/#article\",\"isPartOf\":{\"@id\":\"https:\\\/\\\/exaudi.org\\\/es\\\/la-economia-de-francisco-en-america-latina-y-el-caribe\\\/\"},\"author\":{\"name\":\"Exaudi Redacci\u00f3n\",\"@id\":\"https:\\\/\\\/exaudi.org\\\/#\\\/schema\\\/person\\\/f5fc8f063065e38742da7afe15f25df7\"},\"headline\":\"La Econom\u00eda de Francisco en Am\u00e9rica Latina y el Caribe\",\"datePublished\":\"2022-11-16T11:06:22+00:00\",\"mainEntityOfPage\":{\"@id\":\"https:\\\/\\\/exaudi.org\\\/es\\\/la-economia-de-francisco-en-america-latina-y-el-caribe\\\/\"},\"wordCount\":1103,\"image\":{\"@id\":\"https:\\\/\\\/exaudi.org\\\/es\\\/la-economia-de-francisco-en-america-latina-y-el-caribe\\\/#primaryimage\"},\"thumbnailUrl\":\"https:\\\/\\\/exaudi.org\\\/wp-content\\\/uploads\\\/2022\\\/11\\\/segundo-Congreso-Internacional-de-la-Economia-de-Francisco-en-America-Latina-y-el-Caribe.jpg\",\"keywords\":[\"Am\u00e9rica Latina\",\"Caribe\",\"Econom\u00eda de Francisco\",\"Trending\"],\"articleSection\":[\"Iglesia y Mundo\"],\"inLanguage\":\"es\"},{\"@type\":\"WebPage\",\"@id\":\"https:\\\/\\\/exaudi.org\\\/es\\\/la-economia-de-francisco-en-america-latina-y-el-caribe\\\/\",\"url\":\"https:\\\/\\\/exaudi.org\\\/es\\\/la-economia-de-francisco-en-america-latina-y-el-caribe\\\/\",\"name\":\"La Econom\u00eda de Francisco en Am\u00e9rica Latina y el Caribe &#8211; Exaudi\",\"isPartOf\":{\"@id\":\"https:\\\/\\\/exaudi.org\\\/#website\"},\"primaryImageOfPage\":{\"@id\":\"https:\\\/\\\/exaudi.org\\\/es\\\/la-economia-de-francisco-en-america-latina-y-el-caribe\\\/#primaryimage\"},\"image\":{\"@id\":\"https:\\\/\\\/exaudi.org\\\/es\\\/la-economia-de-francisco-en-america-latina-y-el-caribe\\\/#primaryimage\"},\"thumbnailUrl\":\"https:\\\/\\\/exaudi.org\\\/wp-content\\\/uploads\\\/2022\\\/11\\\/segundo-Congreso-Internacional-de-la-Economia-de-Francisco-en-America-Latina-y-el-Caribe.jpg\",\"datePublished\":\"2022-11-16T11:06:22+00:00\",\"author\":{\"@id\":\"https:\\\/\\\/exaudi.org\\\/#\\\/schema\\\/person\\\/f5fc8f063065e38742da7afe15f25df7\"},\"breadcrumb\":{\"@id\":\"https:\\\/\\\/exaudi.org\\\/es\\\/la-economia-de-francisco-en-america-latina-y-el-caribe\\\/#breadcrumb\"},\"inLanguage\":\"es\",\"potentialAction\":[{\"@type\":\"ReadAction\",\"target\":[\"https:\\\/\\\/exaudi.org\\\/es\\\/la-economia-de-francisco-en-america-latina-y-el-caribe\\\/\"]}]},{\"@type\":\"ImageObject\",\"inLanguage\":\"es\",\"@id\":\"https:\\\/\\\/exaudi.org\\\/es\\\/la-economia-de-francisco-en-america-latina-y-el-caribe\\\/#primaryimage\",\"url\":\"https:\\\/\\\/exaudi.org\\\/wp-content\\\/uploads\\\/2022\\\/11\\\/segundo-Congreso-Internacional-de-la-Economia-de-Francisco-en-America-Latina-y-el-Caribe.jpg\",\"contentUrl\":\"https:\\\/\\\/exaudi.org\\\/wp-content\\\/uploads\\\/2022\\\/11\\\/segundo-Congreso-Internacional-de-la-Economia-de-Francisco-en-America-Latina-y-el-Caribe.jpg\",\"width\":1600,\"height\":898,\"caption\":\"II Congreso Internacional de la Econom\u00eda de Francisco en Am\u00e9rica Latina y el Caribe \u00a9 Econom\u00eda de Francisco en en Am\u00e9rica Latina y el Caribe\"},{\"@type\":\"BreadcrumbList\",\"@id\":\"https:\\\/\\\/exaudi.org\\\/es\\\/la-economia-de-francisco-en-america-latina-y-el-caribe\\\/#breadcrumb\",\"itemListElement\":[{\"@type\":\"ListItem\",\"position\":1,\"name\":\"Portada\",\"item\":\"https:\\\/\\\/exaudi.org\\\/es\\\/\"},{\"@type\":\"ListItem\",\"position\":2,\"name\":\"La Econom\u00eda de Francisco en Am\u00e9rica Latina y el Caribe\"}]},{\"@type\":\"WebSite\",\"@id\":\"https:\\\/\\\/exaudi.org\\\/#website\",\"url\":\"https:\\\/\\\/exaudi.org\\\/\",\"name\":\"Exaudi\",\"description\":\"News\",\"potentialAction\":[{\"@type\":\"SearchAction\",\"target\":{\"@type\":\"EntryPoint\",\"urlTemplate\":\"https:\\\/\\\/exaudi.org\\\/?s={search_term_string}\"},\"query-input\":{\"@type\":\"PropertyValueSpecification\",\"valueRequired\":true,\"valueName\":\"search_term_string\"}}],\"inLanguage\":\"es\"},{\"@type\":\"Person\",\"@id\":\"https:\\\/\\\/exaudi.org\\\/#\\\/schema\\\/person\\\/f5fc8f063065e38742da7afe15f25df7\",\"name\":\"Exaudi Redacci\u00f3n\",\"image\":{\"@type\":\"ImageObject\",\"inLanguage\":\"es\",\"@id\":\"https:\\\/\\\/secure.gravatar.com\\\/avatar\\\/fe0f6a059fb68d9b3e11bc5850dd4899b1c7492091a3cb6dd9b01b56ad828be2?s=96&d=mm&r=g\",\"url\":\"https:\\\/\\\/secure.gravatar.com\\\/avatar\\\/fe0f6a059fb68d9b3e11bc5850dd4899b1c7492091a3cb6dd9b01b56ad828be2?s=96&d=mm&r=g\",\"contentUrl\":\"https:\\\/\\\/secure.gravatar.com\\\/avatar\\\/fe0f6a059fb68d9b3e11bc5850dd4899b1c7492091a3cb6dd9b01b56ad828be2?s=96&d=mm&r=g\",\"caption\":\"Exaudi Redacci\u00f3n\"},\"description\":\"\u00bfQu\u00e9 es Exaudi News? Exaudi News es un medio de comunicaci\u00f3n cat\u00f3lico internacional que informa, forma y transforma, diariamente en espa\u00f1ol, ingl\u00e9s e italiano. A trav\u00e9s de noticias, art\u00edculos de an\u00e1lisis y transmisiones en directo de los eventos del Papa, Exaudi busca fortalecer la unidad de los cristianos y contribuir a la evangelizaci\u00f3n del mundo, siempre guiados por la doctrina social de la Iglesia. Trabajamos para acercar la verdad y los valores cristianos a cada rinc\u00f3n del planeta. \u00a1Ay\u00fadanos a transformar el mundo con Exaudi! En Exaudi creemos que la evangelizaci\u00f3n y la informaci\u00f3n de calidad pueden cambiar vidas. Para continuar con nuestra misi\u00f3n y expandir nuestro alcance, necesitamos tu ayuda. Adem\u00e1s, buscamos personas comprometidas que deseen unirse a nuestro equipo. Con tu apoyo, lograremos llegar a m\u00e1s personas, difundir el mensaje de Cristo y reforzar la unidad de los cristianos. \u00bfTe unes a nuestra misi\u00f3n? Para m\u00e1s informaci\u00f3n sobre c\u00f3mo colaborar, visita Exaudi.org\\\/es o cont\u00e1ctanos directamente: info@exaudi.org Exaudi: Informa, forma y transforma.\",\"sameAs\":[\"https:\\\/\\\/www.facebook.com\\\/ExaudiNoticias\\\/\",\"https:\\\/\\\/www.instagram.com\\\/exaudi_noticias\\\/\",\"https:\\\/\\\/x.com\\\/Exaudi_noticias\",\"https:\\\/\\\/www.youtube.com\\\/@exaudicatholicnews\"],\"url\":\"https:\\\/\\\/exaudi.org\\\/es\\\/author\\\/redaccionexaudi\\\/\"}]}<\/script>\n<!-- \/ Yoast SEO plugin. -->","yoast_head_json":{"title":"La Econom\u00eda de Francisco en Am\u00e9rica Latina y el Caribe &#8211; Exaudi","robots":{"index":"index","follow":"follow","max-snippet":"max-snippet:-1","max-image-preview":"max-image-preview:large","max-video-preview":"max-video-preview:-1"},"canonical":"https:\/\/exaudi.org\/es\/la-economia-de-francisco-en-america-latina-y-el-caribe\/","og_locale":"es_ES","og_type":"article","og_title":"La Econom\u00eda de Francisco en Am\u00e9rica Latina y el Caribe &#8211; Exaudi","og_description":"Por una econom\u00eda m\u00e1s humana, inclusiva y sostenible","og_url":"https:\/\/exaudi.org\/es\/la-economia-de-francisco-en-america-latina-y-el-caribe\/","og_site_name":"Exaudi","article_publisher":"https:\/\/www.facebook.com\/ExaudiNews","article_author":"https:\/\/www.facebook.com\/ExaudiNoticias\/","article_published_time":"2022-11-16T11:06:22+00:00","og_image":[{"width":1600,"height":898,"url":"https:\/\/exaudi.org\/wp-content\/uploads\/2022\/11\/segundo-Congreso-Internacional-de-la-Economia-de-Francisco-en-America-Latina-y-el-Caribe.jpg","type":"image\/jpeg"}],"author":"Exaudi Redacci\u00f3n","twitter_card":"summary_large_image","twitter_creator":"@Exaudi_noticias","twitter_site":"@Exaudi_News","twitter_misc":{"Escrito por":"Exaudi Redacci\u00f3n","Tiempo de lectura":"5 minutos"},"schema":{"@context":"https:\/\/schema.org","@graph":[{"@type":"Article","@id":"https:\/\/exaudi.org\/es\/la-economia-de-francisco-en-america-latina-y-el-caribe\/#article","isPartOf":{"@id":"https:\/\/exaudi.org\/es\/la-economia-de-francisco-en-america-latina-y-el-caribe\/"},"author":{"name":"Exaudi Redacci\u00f3n","@id":"https:\/\/exaudi.org\/#\/schema\/person\/f5fc8f063065e38742da7afe15f25df7"},"headline":"La Econom\u00eda de Francisco en Am\u00e9rica Latina y el Caribe","datePublished":"2022-11-16T11:06:22+00:00","mainEntityOfPage":{"@id":"https:\/\/exaudi.org\/es\/la-economia-de-francisco-en-america-latina-y-el-caribe\/"},"wordCount":1103,"image":{"@id":"https:\/\/exaudi.org\/es\/la-economia-de-francisco-en-america-latina-y-el-caribe\/#primaryimage"},"thumbnailUrl":"https:\/\/exaudi.org\/wp-content\/uploads\/2022\/11\/segundo-Congreso-Internacional-de-la-Economia-de-Francisco-en-America-Latina-y-el-Caribe.jpg","keywords":["Am\u00e9rica Latina","Caribe","Econom\u00eda de Francisco","Trending"],"articleSection":["Iglesia y Mundo"],"inLanguage":"es"},{"@type":"WebPage","@id":"https:\/\/exaudi.org\/es\/la-economia-de-francisco-en-america-latina-y-el-caribe\/","url":"https:\/\/exaudi.org\/es\/la-economia-de-francisco-en-america-latina-y-el-caribe\/","name":"La Econom\u00eda de Francisco en Am\u00e9rica Latina y el Caribe &#8211; Exaudi","isPartOf":{"@id":"https:\/\/exaudi.org\/#website"},"primaryImageOfPage":{"@id":"https:\/\/exaudi.org\/es\/la-economia-de-francisco-en-america-latina-y-el-caribe\/#primaryimage"},"image":{"@id":"https:\/\/exaudi.org\/es\/la-economia-de-francisco-en-america-latina-y-el-caribe\/#primaryimage"},"thumbnailUrl":"https:\/\/exaudi.org\/wp-content\/uploads\/2022\/11\/segundo-Congreso-Internacional-de-la-Economia-de-Francisco-en-America-Latina-y-el-Caribe.jpg","datePublished":"2022-11-16T11:06:22+00:00","author":{"@id":"https:\/\/exaudi.org\/#\/schema\/person\/f5fc8f063065e38742da7afe15f25df7"},"breadcrumb":{"@id":"https:\/\/exaudi.org\/es\/la-economia-de-francisco-en-america-latina-y-el-caribe\/#breadcrumb"},"inLanguage":"es","potentialAction":[{"@type":"ReadAction","target":["https:\/\/exaudi.org\/es\/la-economia-de-francisco-en-america-latina-y-el-caribe\/"]}]},{"@type":"ImageObject","inLanguage":"es","@id":"https:\/\/exaudi.org\/es\/la-economia-de-francisco-en-america-latina-y-el-caribe\/#primaryimage","url":"https:\/\/exaudi.org\/wp-content\/uploads\/2022\/11\/segundo-Congreso-Internacional-de-la-Economia-de-Francisco-en-America-Latina-y-el-Caribe.jpg","contentUrl":"https:\/\/exaudi.org\/wp-content\/uploads\/2022\/11\/segundo-Congreso-Internacional-de-la-Economia-de-Francisco-en-America-Latina-y-el-Caribe.jpg","width":1600,"height":898,"caption":"II Congreso Internacional de la Econom\u00eda de Francisco en Am\u00e9rica Latina y el Caribe \u00a9 Econom\u00eda de Francisco en en Am\u00e9rica Latina y el Caribe"},{"@type":"BreadcrumbList","@id":"https:\/\/exaudi.org\/es\/la-economia-de-francisco-en-america-latina-y-el-caribe\/#breadcrumb","itemListElement":[{"@type":"ListItem","position":1,"name":"Portada","item":"https:\/\/exaudi.org\/es\/"},{"@type":"ListItem","position":2,"name":"La Econom\u00eda de Francisco en Am\u00e9rica Latina y el Caribe"}]},{"@type":"WebSite","@id":"https:\/\/exaudi.org\/#website","url":"https:\/\/exaudi.org\/","name":"Exaudi","description":"News","potentialAction":[{"@type":"SearchAction","target":{"@type":"EntryPoint","urlTemplate":"https:\/\/exaudi.org\/?s={search_term_string}"},"query-input":{"@type":"PropertyValueSpecification","valueRequired":true,"valueName":"search_term_string"}}],"inLanguage":"es"},{"@type":"Person","@id":"https:\/\/exaudi.org\/#\/schema\/person\/f5fc8f063065e38742da7afe15f25df7","name":"Exaudi Redacci\u00f3n","image":{"@type":"ImageObject","inLanguage":"es","@id":"https:\/\/secure.gravatar.com\/avatar\/fe0f6a059fb68d9b3e11bc5850dd4899b1c7492091a3cb6dd9b01b56ad828be2?s=96&d=mm&r=g","url":"https:\/\/secure.gravatar.com\/avatar\/fe0f6a059fb68d9b3e11bc5850dd4899b1c7492091a3cb6dd9b01b56ad828be2?s=96&d=mm&r=g","contentUrl":"https:\/\/secure.gravatar.com\/avatar\/fe0f6a059fb68d9b3e11bc5850dd4899b1c7492091a3cb6dd9b01b56ad828be2?s=96&d=mm&r=g","caption":"Exaudi Redacci\u00f3n"},"description":"\u00bfQu\u00e9 es Exaudi News? Exaudi News es un medio de comunicaci\u00f3n cat\u00f3lico internacional que informa, forma y transforma, diariamente en espa\u00f1ol, ingl\u00e9s e italiano. A trav\u00e9s de noticias, art\u00edculos de an\u00e1lisis y transmisiones en directo de los eventos del Papa, Exaudi busca fortalecer la unidad de los cristianos y contribuir a la evangelizaci\u00f3n del mundo, siempre guiados por la doctrina social de la Iglesia. Trabajamos para acercar la verdad y los valores cristianos a cada rinc\u00f3n del planeta. \u00a1Ay\u00fadanos a transformar el mundo con Exaudi! En Exaudi creemos que la evangelizaci\u00f3n y la informaci\u00f3n de calidad pueden cambiar vidas. Para continuar con nuestra misi\u00f3n y expandir nuestro alcance, necesitamos tu ayuda. Adem\u00e1s, buscamos personas comprometidas que deseen unirse a nuestro equipo. Con tu apoyo, lograremos llegar a m\u00e1s personas, difundir el mensaje de Cristo y reforzar la unidad de los cristianos. \u00bfTe unes a nuestra misi\u00f3n? Para m\u00e1s informaci\u00f3n sobre c\u00f3mo colaborar, visita Exaudi.org\/es o cont\u00e1ctanos directamente: info@exaudi.org Exaudi: Informa, forma y transforma.","sameAs":["https:\/\/www.facebook.com\/ExaudiNoticias\/","https:\/\/www.instagram.com\/exaudi_noticias\/","https:\/\/x.com\/Exaudi_noticias","https:\/\/www.youtube.com\/@exaudicatholicnews"],"url":"https:\/\/exaudi.org\/es\/author\/redaccionexaudi\/"}]}},"jetpack_featured_media_url":"https:\/\/exaudi.org\/wp-content\/uploads\/2022\/11\/segundo-Congreso-Internacional-de-la-Economia-de-Francisco-en-America-Latina-y-el-Caribe.jpg","jetpack_shortlink":"https:\/\/wp.me\/pgKjF2-h5V","_links":{"self":[{"href":"https:\/\/exaudi.org\/es\/wp-json\/wp\/v2\/posts\/65715","targetHints":{"allow":["GET"]}}],"collection":[{"href":"https:\/\/exaudi.org\/es\/wp-json\/wp\/v2\/posts"}],"about":[{"href":"https:\/\/exaudi.org\/es\/wp-json\/wp\/v2\/types\/post"}],"author":[{"embeddable":true,"href":"https:\/\/exaudi.org\/es\/wp-json\/wp\/v2\/users\/15"}],"replies":[{"embeddable":true,"href":"https:\/\/exaudi.org\/es\/wp-json\/wp\/v2\/comments?post=65715"}],"version-history":[{"count":0,"href":"https:\/\/exaudi.org\/es\/wp-json\/wp\/v2\/posts\/65715\/revisions"}],"wp:featuredmedia":[{"embeddable":true,"href":"https:\/\/exaudi.org\/es\/wp-json\/wp\/v2\/media\/65716"}],"wp:attachment":[{"href":"https:\/\/exaudi.org\/es\/wp-json\/wp\/v2\/media?parent=65715"}],"wp:term":[{"taxonomy":"category","embeddable":true,"href":"https:\/\/exaudi.org\/es\/wp-json\/wp\/v2\/categories?post=65715"},{"taxonomy":"post_tag","embeddable":true,"href":"https:\/\/exaudi.org\/es\/wp-json\/wp\/v2\/tags?post=65715"}],"curies":[{"name":"wp","href":"https:\/\/api.w.org\/{rel}","templated":true}]}}