{"id":65703,"date":"2022-11-16T11:05:21","date_gmt":"2022-11-16T10:05:21","guid":{"rendered":"https:\/\/exaudi.org\/?p=65703"},"modified":"2022-11-16T16:09:29","modified_gmt":"2022-11-16T15:09:29","slug":"cardenal-arizmendi-los-obispos-ante-la-realidad-del-pais","status":"publish","type":"post","link":"https:\/\/exaudi.org\/es\/cardenal-arizmendi-los-obispos-ante-la-realidad-del-pais\/","title":{"rendered":"Cardenal Arizmendi: Los obispos ante la realidad del pa\u00eds"},"content":{"rendered":"<p>El\u00a0<a href=\"https:\/\/exaudi.org\/es\/author\/felipearizmendi\/\">cardenal Felipe Arizmendi<\/a>, obispo em\u00e9rito de San Crist\u00f3bal de Las Casas y responsable de la Doctrina de la Fe en la\u00a0<a href=\"https:\/\/www.cem.org.mx\/\">Conferencia del Episcopado Mexicano (CEM)<\/a>, ofrece a los lectores de Exaudi su art\u00edculo semanal titulado \u201cLos obispos ante la realidad del Pa\u00eds\u201d.<\/p>\n<p>***<\/p>\n<p><strong>MIRAR<\/strong><\/p>\n<p>Los obispos mexicanos, la semana pasada, realizamos nuestra CXIII Asamblea Plenaria, con participaci\u00f3n de 120 hermanos en el episcopado, m\u00e1s varios agentes de pastoral que nos auxilian en nuestro ministerio. Acostumbramos reunirnos, de ordinario, dos veces por a\u00f1o: despu\u00e9s de Pascua y a mitad de noviembre. Nuestro objetivo general fue: Reflexionar juntos, a partir de las experiencias del proceso sinodal en M\u00e9xico, para el fortalecimiento y continuidad del Proyecto Global de Pastoral 2031+2033, en la reconstrucci\u00f3n del tejido social y eclesial, la construcci\u00f3n de la paz, la promoci\u00f3n de la participaci\u00f3n ciudadana, el ejercicio de la democracia y la vivencia de la libertad en todas sus expresiones. Para lograr este objetivo general nos propusimos, entre otros, los siguientes objetivos espec\u00edficos: Analizar la realidad y los desaf\u00edos en materia de seguridad y de justicia, as\u00ed como la situaci\u00f3n pol\u00edtica y econ\u00f3mica que enfrenta nuestro pa\u00eds y, de este modo, conocer la propuesta que estamos construyendo como Iglesia, a trav\u00e9s de los Di\u00e1logos Sociales por la Paz, para valorarlos y enriquecerlos. Animarnos como obispos a acompa\u00f1ar al Pueblo de Dios en el camino sinodal.<\/p>\n<p>El Dr. Jos\u00e9 Medina Mora Icaza, Presidente de la COPARMEX, nos habl\u00f3 del panorama econ\u00f3mico y empresarial del pa\u00eds. El Dr. Jaime Domingo L\u00f3pez, Presidente de la Comisi\u00f3n de Seguridad del Consejo Coordinador Empresarial, nos present\u00f3 el escenario de seguridad que se vive en M\u00e9xico. El Dr. Alejandro Landeros Guti\u00e9rrez, Director de Formaci\u00f3n Integral y Vida de la Universidad An\u00e1huac, nos expuso el panorama social y pol\u00edtico, m\u00e1s los procesos electorales. El Dr. Jos\u00e9 Antonio Lozano D\u00edez, Presidente de la Junta de Gobierno de la Universidad Panamericana y del IPADE, nos present\u00f3 el panorama de la agenda ideol\u00f3gica y cultural de fondo detr\u00e1s de las acciones de los distintos actores pol\u00edticos y la finalidad que persiguen.<\/p>\n<p>Para hablarnos sobre Democracia y Libertad, tuvimos una mesa plural con pol\u00edticos en activo: Senador Clemente Casta\u00f1eda Hoeflich, Coordinador del Grupo Parlamentario del Partido Movimiento Ciudadano (MC); Diputado Santiago Creel Miranda, del Partido Acci\u00f3n Nacional (PAN) y Presidente de la Mesa Directiva de la C\u00e1mara de Diputados; Senador Ricardo Monreal Avila, del Partido MORENA y Coordinador de ese Grupo Parlamentario en la C\u00e1mara de Diputados, y la Senadora Beatriz Paredes Rangel, del Partido Revolucionario Institucional (PRI).<\/p>\n<p>De parte del gobierno federal, estuvieron con nosotros el Lic. Ad\u00e1n Augusto L\u00f3pez Hern\u00e1ndez, Secretario de Gobernaci\u00f3n, quien insisti\u00f3 en la conveniencia de que la Guardia Nacional dependa de la Secretar\u00eda de la Defensa Nacional, as\u00ed como en las bondades de una posible reforma del Instituto Nacional Electoral. La Lic. Rosa Icela Rodr\u00edguez Vel\u00e1zquez, Secretaria de Seguridad y Protecci\u00f3n Ciudadana, nos present\u00f3 estad\u00edsticas de c\u00f3mo el gobierno est\u00e1 disminuyendo varios \u00edndices delictivos, aunque le dijimos que nosotros tenemos otros datos. El Maestro Zo\u00e9 Alejandro Robledo Aburto, Director General del Instituto Mexicano del Seguro Social (IMSS), nos ofreci\u00f3 un proyecto de seguridad social para los sacerdotes, cosa que discutiremos en su momento.<\/p>\n<p>Tambi\u00e9n abordamos lo que estamos haciendo para colaborar en la construcci\u00f3n de la paz, en colaboraci\u00f3n con la CIRM (Confederaci\u00f3n de Institutos Religiosos de M\u00e9xico) y con la Compa\u00f1\u00eda de Jes\u00fas, particularmente en la promoci\u00f3n de Conversatorios y Di\u00e1logos por la Paz, pues no podemos contentarnos con s\u00f3lo denunciar los males que padecemos, sino que aportamos cuanto se desprende de nuestro seguimiento de Jes\u00fas, Pr\u00edncipe de Paz.<\/p>\n<p><strong>DISCERNIR<\/strong><\/p>\n<p>En nuestro Mensaje al Pueblo de Dios, ante <em>u<\/em><em>na realidad compleja y desafiante que nos interpela a todos<\/em>, decimos:<\/p>\n<p><em>\u201cCompartiendo el gozo de creer y los grandes anhelos de este pueblo que ha superado muchas y muy variadas dificultades en su historia, queremos expresar, a trav<\/em><em>\u00e9<\/em><em>s de este mensaje, nuestra preocupaci<\/em><em>\u00f3<\/em><em>n ante la realidad que estamos viviendo y, a la vez, nuestro deseo de seguir colaborando en la construcci<\/em><em>\u00f3<\/em><em>n de un pa<\/em><em>\u00ed<\/em><em>s m<\/em><em>\u00e1<\/em><em>s justo, fraterno, unido y en paz. <\/em><\/p>\n<p><em>Los tiempos actuales son complejos y desafiantes. Nos preocupan, entre otras cosas, la pobreza creciente y la destrucci<\/em><em>\u00f3<\/em><em>n del medio ambiente; la inseguridad y la violencia; el narcotr<\/em><em>\u00e1<\/em><em>fico y la drogadicci<\/em><em>\u00f3<\/em><em>n; las extorsiones y los secuestros; los feminicidios y los miles de desaparecidos; los desplazamientos forzados de tantos migrantes, quienes buscando una vida mejor, atraviesan el territorio nacional convertidos, tristemente, en mercanc<\/em><em>\u00ed<\/em><em>a humana; las amenazas a la democracia, la libertad religiosa y de expresi<\/em><em>\u00f3<\/em><em>n; la polarizaci<\/em><em>\u00f3<\/em><em>n ante las diversas propuestas pol<\/em><em>\u00ed<\/em><em>ticas, alimentada, muchas veces, por quienes deben promover la unidad para el bien del pa<\/em><em>\u00ed<\/em><em>s. <\/em><\/p>\n<p><em>Ante esta realidad, Jes<\/em><em>\u00fa<\/em><em>s nos dice: \u00abno pierdan la paz ni se acobarden\u00bb (Jn. 14,27); palabras que nos llenan de esperanza y nos llevan a ser sensibles frente a la situaci<\/em><em>\u00f3<\/em><em>n actual y a no quedarnos cruzados de brazos ante los problemas que afectan a todos. A este respecto, el Papa Francisco nos propone que no trabajemos de manera aislada, sino que hagamos un trabajo de respuesta conjunta: \u00abcomenzando por las familias; involucrando a las comunidades, las escuelas, las instituciones comunitarias, las comunidades pol<\/em><em>\u00ed<\/em><em>ticas, las estructuras de seguridad, s<\/em><em>\u00f3<\/em><em>lo as<\/em><em>\u00ed<\/em><em> se podr<\/em><em>\u00e1<\/em><em> liberar totalmente de las aguas en las cuales lamentablemente se ahogan tantas vidas<\/em><em>\u2026<\/em><em>\u00bb (Mensaje del Papa a los obispos de M<\/em><em>\u00e9<\/em><em>xico, 13 de febrero de 2016). <\/em><\/p>\n<p><em>Los obispos de M<\/em><em>\u00e9<\/em><em>xico percibimos que la inmensa mayor<\/em><em>\u00ed<\/em><em>a de los mexicanos sue\u00f1a y est<\/em><em>\u00e1<\/em><em> dispuesta a construir una sociedad en la que todos podamos sentarnos en armon<\/em><em>\u00ed<\/em><em>a en la mesa com<\/em><em>\u00fa<\/em><em>n, donde nadie tenga que comer las \u00abmigajas que caen de la mesa\u00bb (Mt. 15,27), sino que como hermanos nos demos la mano para encontrar caminos nuevos en las relaciones sociales, pol<\/em><em>\u00ed<\/em><em>ticas y econ<\/em><em>\u00f3<\/em><em>micas, que nos lleven a construir una patria mejor para todos. Signo de esperanza es la organizaci<\/em><em>\u00f3<\/em><em>n de conversatorios y foros, con miras a un di<\/em><em>\u00e1<\/em><em>logo nacional para acuerdos por la paz que involucre a diversos sectores de la sociedad civil, y a los que deseamos sumarnos. <\/em><\/p>\n<p><em>Estamos seguros de que la intercesi<\/em><em>\u00f3<\/em><em>n de la Sant<\/em><em>\u00ed<\/em><em>sima Virgen de Guadalupe, presente en el coraz<\/em><em>\u00f3<\/em><em>n de todos sus hijos, que nos ha dicho: \u00ab<\/em><em>\u00bf<\/em><em>acaso no estoy yo aqu<\/em><em>\u00ed<\/em><em>, que soy tu madre?\u00bb, nos ayudar<\/em><em>\u00e1<\/em><em> a renovar la mente y el coraz<\/em><em>\u00f3<\/em><em>n para construir la \u00abcasita sagrada\u00bb que \u00abes un lugar donde nadie se siente extra\u00f1o, un lugar de encuentro, convivencia y cercan<\/em><em>\u00ed<\/em><em>a\u00bb.<\/em><\/p>\n<p><strong>ACTUAR<\/strong><\/p>\n<p>Aunque no puedas intervenir en asuntos oficiales y nacionales, puedes ser agente de paz: construyendo armon\u00eda, comprensi\u00f3n, respeto y amor en tu familia; preocup\u00e1ndote por tu pueblo, tu rancher\u00eda, tu colonia, tu escuela, tu municipio, y organiz\u00e1ndote con otros ciudadanos para mejorar las calles, la migraci\u00f3n, la seguridad, el desarrollo, y tantos otros aspectos que no atiende la autoridad. No nos quedemos en quejas, sino que seamos constructores de bienestar social.<\/p>\n","protected":false},"excerpt":{"rendered":"<p>La Virgen de Guadalupe nos ayudar\u00e1 a renovar la mente y el coraz\u00f3n para construir la \u00abcasita sagrada\u00bb<\/p>\n","protected":false},"author":24,"featured_media":65704,"comment_status":"closed","ping_status":"closed","sticky":false,"template":"","format":"standard","meta":{"_acf_changed":false,"_crdt_document":"","inline_featured_image":false,"footnotes":""},"categories":[130],"tags":[6274,4953],"class_list":["post-65703","post","type-post","status-publish","format-standard","has-post-thumbnail","hentry","category-voces","tag-felipe-arizmendi","tag-trending-es"],"acf":[],"yoast_head":"<!-- This site is optimized with the Yoast SEO plugin v27.5 - https:\/\/yoast.com\/product\/yoast-seo-wordpress\/ -->\n<title>Cardenal Arizmendi: Los obispos ante la realidad del pa\u00eds &#8211; Exaudi<\/title>\n<meta name=\"robots\" content=\"index, follow, max-snippet:-1, max-image-preview:large, max-video-preview:-1\" \/>\n<link rel=\"canonical\" href=\"https:\/\/exaudi.org\/es\/cardenal-arizmendi-los-obispos-ante-la-realidad-del-pais\/\" \/>\n<meta property=\"og:locale\" content=\"es_ES\" \/>\n<meta property=\"og:type\" content=\"article\" \/>\n<meta property=\"og:title\" content=\"Cardenal Arizmendi: Los obispos ante la realidad del pa\u00eds &#8211; Exaudi\" \/>\n<meta property=\"og:description\" content=\"La Virgen de Guadalupe nos ayudar\u00e1 a renovar la mente y el coraz\u00f3n para construir la &quot;casita sagrada&quot;\" \/>\n<meta property=\"og:url\" content=\"https:\/\/exaudi.org\/es\/cardenal-arizmendi-los-obispos-ante-la-realidad-del-pais\/\" \/>\n<meta property=\"og:site_name\" content=\"Exaudi\" \/>\n<meta property=\"article:publisher\" content=\"https:\/\/www.facebook.com\/ExaudiNews\" \/>\n<meta property=\"article:published_time\" content=\"2022-11-16T10:05:21+00:00\" \/>\n<meta property=\"article:modified_time\" content=\"2022-11-16T15:09:29+00:00\" \/>\n<meta property=\"og:image\" content=\"https:\/\/exaudi.org\/wp-content\/uploads\/2022\/11\/b38c3d7daf4a5d6070035b766cc414b7-scaled.jpg\" \/>\n\t<meta property=\"og:image:width\" content=\"2560\" \/>\n\t<meta property=\"og:image:height\" content=\"1707\" \/>\n\t<meta property=\"og:image:type\" content=\"image\/jpeg\" \/>\n<meta name=\"author\" content=\"Cardenal Felipe Arizmendi\" \/>\n<meta name=\"twitter:card\" content=\"summary_large_image\" \/>\n<meta name=\"twitter:creator\" content=\"@Exaudi_News\" \/>\n<meta name=\"twitter:site\" content=\"@Exaudi_News\" \/>\n<meta name=\"twitter:label1\" content=\"Escrito por\" \/>\n\t<meta name=\"twitter:data1\" content=\"Cardenal Felipe Arizmendi\" \/>\n\t<meta name=\"twitter:label2\" content=\"Tiempo de lectura\" \/>\n\t<meta name=\"twitter:data2\" content=\"6 minutos\" \/>\n<script type=\"application\/ld+json\" class=\"yoast-schema-graph\">{\"@context\":\"https:\\\/\\\/schema.org\",\"@graph\":[{\"@type\":\"Article\",\"@id\":\"https:\\\/\\\/exaudi.org\\\/es\\\/cardenal-arizmendi-los-obispos-ante-la-realidad-del-pais\\\/#article\",\"isPartOf\":{\"@id\":\"https:\\\/\\\/exaudi.org\\\/es\\\/cardenal-arizmendi-los-obispos-ante-la-realidad-del-pais\\\/\"},\"author\":{\"name\":\"Cardenal Felipe Arizmendi\",\"@id\":\"https:\\\/\\\/exaudi.org\\\/#\\\/schema\\\/person\\\/c7d223f87e58f1105d044d8da1439102\"},\"headline\":\"Cardenal Arizmendi: Los obispos ante la realidad del pa\u00eds\",\"datePublished\":\"2022-11-16T10:05:21+00:00\",\"dateModified\":\"2022-11-16T15:09:29+00:00\",\"mainEntityOfPage\":{\"@id\":\"https:\\\/\\\/exaudi.org\\\/es\\\/cardenal-arizmendi-los-obispos-ante-la-realidad-del-pais\\\/\"},\"wordCount\":1243,\"image\":{\"@id\":\"https:\\\/\\\/exaudi.org\\\/es\\\/cardenal-arizmendi-los-obispos-ante-la-realidad-del-pais\\\/#primaryimage\"},\"thumbnailUrl\":\"https:\\\/\\\/exaudi.org\\\/wp-content\\\/uploads\\\/2022\\\/11\\\/b38c3d7daf4a5d6070035b766cc414b7-scaled.jpg\",\"keywords\":[\"Felipe Arizmendi\",\"Trending\"],\"articleSection\":[\"Voces\"],\"inLanguage\":\"es\"},{\"@type\":\"WebPage\",\"@id\":\"https:\\\/\\\/exaudi.org\\\/es\\\/cardenal-arizmendi-los-obispos-ante-la-realidad-del-pais\\\/\",\"url\":\"https:\\\/\\\/exaudi.org\\\/es\\\/cardenal-arizmendi-los-obispos-ante-la-realidad-del-pais\\\/\",\"name\":\"Cardenal Arizmendi: Los obispos ante la realidad del pa\u00eds &#8211; Exaudi\",\"isPartOf\":{\"@id\":\"https:\\\/\\\/exaudi.org\\\/#website\"},\"primaryImageOfPage\":{\"@id\":\"https:\\\/\\\/exaudi.org\\\/es\\\/cardenal-arizmendi-los-obispos-ante-la-realidad-del-pais\\\/#primaryimage\"},\"image\":{\"@id\":\"https:\\\/\\\/exaudi.org\\\/es\\\/cardenal-arizmendi-los-obispos-ante-la-realidad-del-pais\\\/#primaryimage\"},\"thumbnailUrl\":\"https:\\\/\\\/exaudi.org\\\/wp-content\\\/uploads\\\/2022\\\/11\\\/b38c3d7daf4a5d6070035b766cc414b7-scaled.jpg\",\"datePublished\":\"2022-11-16T10:05:21+00:00\",\"dateModified\":\"2022-11-16T15:09:29+00:00\",\"author\":{\"@id\":\"https:\\\/\\\/exaudi.org\\\/#\\\/schema\\\/person\\\/c7d223f87e58f1105d044d8da1439102\"},\"breadcrumb\":{\"@id\":\"https:\\\/\\\/exaudi.org\\\/es\\\/cardenal-arizmendi-los-obispos-ante-la-realidad-del-pais\\\/#breadcrumb\"},\"inLanguage\":\"es\",\"potentialAction\":[{\"@type\":\"ReadAction\",\"target\":[\"https:\\\/\\\/exaudi.org\\\/es\\\/cardenal-arizmendi-los-obispos-ante-la-realidad-del-pais\\\/\"]}]},{\"@type\":\"ImageObject\",\"inLanguage\":\"es\",\"@id\":\"https:\\\/\\\/exaudi.org\\\/es\\\/cardenal-arizmendi-los-obispos-ante-la-realidad-del-pais\\\/#primaryimage\",\"url\":\"https:\\\/\\\/exaudi.org\\\/wp-content\\\/uploads\\\/2022\\\/11\\\/b38c3d7daf4a5d6070035b766cc414b7-scaled.jpg\",\"contentUrl\":\"https:\\\/\\\/exaudi.org\\\/wp-content\\\/uploads\\\/2022\\\/11\\\/b38c3d7daf4a5d6070035b766cc414b7-scaled.jpg\",\"width\":2560,\"height\":1707,\"caption\":\"Cathopic\"},{\"@type\":\"BreadcrumbList\",\"@id\":\"https:\\\/\\\/exaudi.org\\\/es\\\/cardenal-arizmendi-los-obispos-ante-la-realidad-del-pais\\\/#breadcrumb\",\"itemListElement\":[{\"@type\":\"ListItem\",\"position\":1,\"name\":\"Portada\",\"item\":\"https:\\\/\\\/exaudi.org\\\/es\\\/\"},{\"@type\":\"ListItem\",\"position\":2,\"name\":\"Cardenal Arizmendi: Los obispos ante la realidad del pa\u00eds\"}]},{\"@type\":\"WebSite\",\"@id\":\"https:\\\/\\\/exaudi.org\\\/#website\",\"url\":\"https:\\\/\\\/exaudi.org\\\/\",\"name\":\"Exaudi\",\"description\":\"News\",\"potentialAction\":[{\"@type\":\"SearchAction\",\"target\":{\"@type\":\"EntryPoint\",\"urlTemplate\":\"https:\\\/\\\/exaudi.org\\\/?s={search_term_string}\"},\"query-input\":{\"@type\":\"PropertyValueSpecification\",\"valueRequired\":true,\"valueName\":\"search_term_string\"}}],\"inLanguage\":\"es\"},{\"@type\":\"Person\",\"@id\":\"https:\\\/\\\/exaudi.org\\\/#\\\/schema\\\/person\\\/c7d223f87e58f1105d044d8da1439102\",\"name\":\"Cardenal Felipe Arizmendi\",\"image\":{\"@type\":\"ImageObject\",\"inLanguage\":\"es\",\"@id\":\"https:\\\/\\\/secure.gravatar.com\\\/avatar\\\/4ffc5520d896b86d39346168903de33a17ef0f23d16de0ff45062c1ff422ed2f?s=96&d=mm&r=g\",\"url\":\"https:\\\/\\\/secure.gravatar.com\\\/avatar\\\/4ffc5520d896b86d39346168903de33a17ef0f23d16de0ff45062c1ff422ed2f?s=96&d=mm&r=g\",\"contentUrl\":\"https:\\\/\\\/secure.gravatar.com\\\/avatar\\\/4ffc5520d896b86d39346168903de33a17ef0f23d16de0ff45062c1ff422ed2f?s=96&d=mm&r=g\",\"caption\":\"Cardenal Felipe Arizmendi\"},\"description\":\"Nacido en Chiltepec el 1 de mayo de 1940. Estudi\u00f3 Humanidades y Filosof\u00eda en el Seminario de Toluca, de 1952 a 1959. Curs\u00f3 la Teolog\u00eda en la Universidad Pontificia de Salamanca, Espa\u00f1a, de 1959 a 1963, obteniendo la licenciatura en Teolog\u00eda Dogm\u00e1tica. Por su cuenta, se especializ\u00f3 en Liturgia. Fue ordenado sacerdote el 25 de agosto de 1963 en Toluca. Sirvi\u00f3 como Vicario Parroquial en tres parroquias por tres a\u00f1os y medio y fue p\u00e1rroco de una comunidad ind\u00edgena otom\u00ed, de 1967 a 1970. Fue Director Espiritual del Seminario de Toluca por diez a\u00f1os, y Rector del mismo de 1981 a 1991. El 7 de marzo de 1991, fue ordenado obispo de la di\u00f3cesis de Tapachula, donde estuvo hasta el 30 de abril del a\u00f1o 2000. El 1 de mayo del 2000, inici\u00f3 su ministerio episcopal como XLVI obispo de la di\u00f3cesis de San Crist\u00f3bal de las Casas, Chiapas, una de las di\u00f3cesis m\u00e1s antiguas de M\u00e9xico, erigida en 1539; all\u00ed sirvi\u00f3 por casi 18 a\u00f1os. Ha ocupado diversos cargos en la Conferencia del Episcopado Mexicano y en el CELAM. El 3 de noviembre de 2017, el Papa Francisco le acept\u00f3, por edad, su renuncia al servicio episcopal en esta di\u00f3cesis, que entreg\u00f3 a su sucesor el 3 de enero de 2018. Desde entonces, reside en la ciudad de Toluca. Desde 1979, escribe art\u00edculos de actualidad en varios medios religiosos y civiles. Es autor de varias publicaciones.\",\"url\":\"https:\\\/\\\/exaudi.org\\\/es\\\/author\\\/felipearizmendi\\\/\"}]}<\/script>\n<!-- \/ Yoast SEO plugin. -->","yoast_head_json":{"title":"Cardenal Arizmendi: Los obispos ante la realidad del pa\u00eds &#8211; Exaudi","robots":{"index":"index","follow":"follow","max-snippet":"max-snippet:-1","max-image-preview":"max-image-preview:large","max-video-preview":"max-video-preview:-1"},"canonical":"https:\/\/exaudi.org\/es\/cardenal-arizmendi-los-obispos-ante-la-realidad-del-pais\/","og_locale":"es_ES","og_type":"article","og_title":"Cardenal Arizmendi: Los obispos ante la realidad del pa\u00eds &#8211; Exaudi","og_description":"La Virgen de Guadalupe nos ayudar\u00e1 a renovar la mente y el coraz\u00f3n para construir la \"casita sagrada\"","og_url":"https:\/\/exaudi.org\/es\/cardenal-arizmendi-los-obispos-ante-la-realidad-del-pais\/","og_site_name":"Exaudi","article_publisher":"https:\/\/www.facebook.com\/ExaudiNews","article_published_time":"2022-11-16T10:05:21+00:00","article_modified_time":"2022-11-16T15:09:29+00:00","og_image":[{"width":2560,"height":1707,"url":"https:\/\/exaudi.org\/wp-content\/uploads\/2022\/11\/b38c3d7daf4a5d6070035b766cc414b7-scaled.jpg","type":"image\/jpeg"}],"author":"Cardenal Felipe Arizmendi","twitter_card":"summary_large_image","twitter_creator":"@Exaudi_News","twitter_site":"@Exaudi_News","twitter_misc":{"Escrito por":"Cardenal Felipe Arizmendi","Tiempo de lectura":"6 minutos"},"schema":{"@context":"https:\/\/schema.org","@graph":[{"@type":"Article","@id":"https:\/\/exaudi.org\/es\/cardenal-arizmendi-los-obispos-ante-la-realidad-del-pais\/#article","isPartOf":{"@id":"https:\/\/exaudi.org\/es\/cardenal-arizmendi-los-obispos-ante-la-realidad-del-pais\/"},"author":{"name":"Cardenal Felipe Arizmendi","@id":"https:\/\/exaudi.org\/#\/schema\/person\/c7d223f87e58f1105d044d8da1439102"},"headline":"Cardenal Arizmendi: Los obispos ante la realidad del pa\u00eds","datePublished":"2022-11-16T10:05:21+00:00","dateModified":"2022-11-16T15:09:29+00:00","mainEntityOfPage":{"@id":"https:\/\/exaudi.org\/es\/cardenal-arizmendi-los-obispos-ante-la-realidad-del-pais\/"},"wordCount":1243,"image":{"@id":"https:\/\/exaudi.org\/es\/cardenal-arizmendi-los-obispos-ante-la-realidad-del-pais\/#primaryimage"},"thumbnailUrl":"https:\/\/exaudi.org\/wp-content\/uploads\/2022\/11\/b38c3d7daf4a5d6070035b766cc414b7-scaled.jpg","keywords":["Felipe Arizmendi","Trending"],"articleSection":["Voces"],"inLanguage":"es"},{"@type":"WebPage","@id":"https:\/\/exaudi.org\/es\/cardenal-arizmendi-los-obispos-ante-la-realidad-del-pais\/","url":"https:\/\/exaudi.org\/es\/cardenal-arizmendi-los-obispos-ante-la-realidad-del-pais\/","name":"Cardenal Arizmendi: Los obispos ante la realidad del pa\u00eds &#8211; Exaudi","isPartOf":{"@id":"https:\/\/exaudi.org\/#website"},"primaryImageOfPage":{"@id":"https:\/\/exaudi.org\/es\/cardenal-arizmendi-los-obispos-ante-la-realidad-del-pais\/#primaryimage"},"image":{"@id":"https:\/\/exaudi.org\/es\/cardenal-arizmendi-los-obispos-ante-la-realidad-del-pais\/#primaryimage"},"thumbnailUrl":"https:\/\/exaudi.org\/wp-content\/uploads\/2022\/11\/b38c3d7daf4a5d6070035b766cc414b7-scaled.jpg","datePublished":"2022-11-16T10:05:21+00:00","dateModified":"2022-11-16T15:09:29+00:00","author":{"@id":"https:\/\/exaudi.org\/#\/schema\/person\/c7d223f87e58f1105d044d8da1439102"},"breadcrumb":{"@id":"https:\/\/exaudi.org\/es\/cardenal-arizmendi-los-obispos-ante-la-realidad-del-pais\/#breadcrumb"},"inLanguage":"es","potentialAction":[{"@type":"ReadAction","target":["https:\/\/exaudi.org\/es\/cardenal-arizmendi-los-obispos-ante-la-realidad-del-pais\/"]}]},{"@type":"ImageObject","inLanguage":"es","@id":"https:\/\/exaudi.org\/es\/cardenal-arizmendi-los-obispos-ante-la-realidad-del-pais\/#primaryimage","url":"https:\/\/exaudi.org\/wp-content\/uploads\/2022\/11\/b38c3d7daf4a5d6070035b766cc414b7-scaled.jpg","contentUrl":"https:\/\/exaudi.org\/wp-content\/uploads\/2022\/11\/b38c3d7daf4a5d6070035b766cc414b7-scaled.jpg","width":2560,"height":1707,"caption":"Cathopic"},{"@type":"BreadcrumbList","@id":"https:\/\/exaudi.org\/es\/cardenal-arizmendi-los-obispos-ante-la-realidad-del-pais\/#breadcrumb","itemListElement":[{"@type":"ListItem","position":1,"name":"Portada","item":"https:\/\/exaudi.org\/es\/"},{"@type":"ListItem","position":2,"name":"Cardenal Arizmendi: Los obispos ante la realidad del pa\u00eds"}]},{"@type":"WebSite","@id":"https:\/\/exaudi.org\/#website","url":"https:\/\/exaudi.org\/","name":"Exaudi","description":"News","potentialAction":[{"@type":"SearchAction","target":{"@type":"EntryPoint","urlTemplate":"https:\/\/exaudi.org\/?s={search_term_string}"},"query-input":{"@type":"PropertyValueSpecification","valueRequired":true,"valueName":"search_term_string"}}],"inLanguage":"es"},{"@type":"Person","@id":"https:\/\/exaudi.org\/#\/schema\/person\/c7d223f87e58f1105d044d8da1439102","name":"Cardenal Felipe Arizmendi","image":{"@type":"ImageObject","inLanguage":"es","@id":"https:\/\/secure.gravatar.com\/avatar\/4ffc5520d896b86d39346168903de33a17ef0f23d16de0ff45062c1ff422ed2f?s=96&d=mm&r=g","url":"https:\/\/secure.gravatar.com\/avatar\/4ffc5520d896b86d39346168903de33a17ef0f23d16de0ff45062c1ff422ed2f?s=96&d=mm&r=g","contentUrl":"https:\/\/secure.gravatar.com\/avatar\/4ffc5520d896b86d39346168903de33a17ef0f23d16de0ff45062c1ff422ed2f?s=96&d=mm&r=g","caption":"Cardenal Felipe Arizmendi"},"description":"Nacido en Chiltepec el 1 de mayo de 1940. Estudi\u00f3 Humanidades y Filosof\u00eda en el Seminario de Toluca, de 1952 a 1959. Curs\u00f3 la Teolog\u00eda en la Universidad Pontificia de Salamanca, Espa\u00f1a, de 1959 a 1963, obteniendo la licenciatura en Teolog\u00eda Dogm\u00e1tica. Por su cuenta, se especializ\u00f3 en Liturgia. Fue ordenado sacerdote el 25 de agosto de 1963 en Toluca. Sirvi\u00f3 como Vicario Parroquial en tres parroquias por tres a\u00f1os y medio y fue p\u00e1rroco de una comunidad ind\u00edgena otom\u00ed, de 1967 a 1970. Fue Director Espiritual del Seminario de Toluca por diez a\u00f1os, y Rector del mismo de 1981 a 1991. El 7 de marzo de 1991, fue ordenado obispo de la di\u00f3cesis de Tapachula, donde estuvo hasta el 30 de abril del a\u00f1o 2000. El 1 de mayo del 2000, inici\u00f3 su ministerio episcopal como XLVI obispo de la di\u00f3cesis de San Crist\u00f3bal de las Casas, Chiapas, una de las di\u00f3cesis m\u00e1s antiguas de M\u00e9xico, erigida en 1539; all\u00ed sirvi\u00f3 por casi 18 a\u00f1os. Ha ocupado diversos cargos en la Conferencia del Episcopado Mexicano y en el CELAM. El 3 de noviembre de 2017, el Papa Francisco le acept\u00f3, por edad, su renuncia al servicio episcopal en esta di\u00f3cesis, que entreg\u00f3 a su sucesor el 3 de enero de 2018. Desde entonces, reside en la ciudad de Toluca. Desde 1979, escribe art\u00edculos de actualidad en varios medios religiosos y civiles. Es autor de varias publicaciones.","url":"https:\/\/exaudi.org\/es\/author\/felipearizmendi\/"}]}},"jetpack_featured_media_url":"https:\/\/exaudi.org\/wp-content\/uploads\/2022\/11\/b38c3d7daf4a5d6070035b766cc414b7-scaled.jpg","jetpack_shortlink":"https:\/\/wp.me\/pgKjF2-h5J","_links":{"self":[{"href":"https:\/\/exaudi.org\/es\/wp-json\/wp\/v2\/posts\/65703","targetHints":{"allow":["GET"]}}],"collection":[{"href":"https:\/\/exaudi.org\/es\/wp-json\/wp\/v2\/posts"}],"about":[{"href":"https:\/\/exaudi.org\/es\/wp-json\/wp\/v2\/types\/post"}],"author":[{"embeddable":true,"href":"https:\/\/exaudi.org\/es\/wp-json\/wp\/v2\/users\/24"}],"replies":[{"embeddable":true,"href":"https:\/\/exaudi.org\/es\/wp-json\/wp\/v2\/comments?post=65703"}],"version-history":[{"count":0,"href":"https:\/\/exaudi.org\/es\/wp-json\/wp\/v2\/posts\/65703\/revisions"}],"wp:featuredmedia":[{"embeddable":true,"href":"https:\/\/exaudi.org\/es\/wp-json\/wp\/v2\/media\/65704"}],"wp:attachment":[{"href":"https:\/\/exaudi.org\/es\/wp-json\/wp\/v2\/media?parent=65703"}],"wp:term":[{"taxonomy":"category","embeddable":true,"href":"https:\/\/exaudi.org\/es\/wp-json\/wp\/v2\/categories?post=65703"},{"taxonomy":"post_tag","embeddable":true,"href":"https:\/\/exaudi.org\/es\/wp-json\/wp\/v2\/tags?post=65703"}],"curies":[{"name":"wp","href":"https:\/\/api.w.org\/{rel}","templated":true}]}}