{"id":65651,"date":"2022-11-15T14:15:50","date_gmt":"2022-11-15T13:15:50","guid":{"rendered":"https:\/\/exaudi.org\/?p=65651"},"modified":"2022-11-15T19:49:00","modified_gmt":"2022-11-15T18:49:00","slug":"premio-pontificio-una-vida-por-la-vida-concedido-al-dr-ventura-junca","status":"publish","type":"post","link":"https:\/\/exaudi.org\/es\/premio-pontificio-una-vida-por-la-vida-concedido-al-dr-ventura-junca\/","title":{"rendered":"Premio pontificio \u201cUna vida por la vida\u201d concedido al Dr. Ventura-Junc\u00e1"},"content":{"rendered":"<p>La Universidad Ateneo Pontificio Regina Apostolorum -UPRA- confiri\u00f3 su premio \u201cUna Vita per la Vita\u201d 2022, al Dr. Patricio Ventura-Junc\u00e1. Dicha distinci\u00f3n se encuentra fundamentada en la larga trayectoria acad\u00e9mica y humana del cient\u00edfico en favor de la vida.<\/p>\n<p><img loading=\"lazy\" decoding=\"async\" class=\"size-medium wp-image-65656 alignleft\" src=\"https:\/\/exaudi.org\/wp-content\/uploads\/2022\/11\/Patricio-Ventura-Junca-3-300x225.jpg\" alt=\"\" width=\"300\" height=\"225\" srcset=\"https:\/\/exaudi.org\/wp-content\/uploads\/2022\/11\/Patricio-Ventura-Junca-3-300x225.jpg 300w, https:\/\/exaudi.org\/wp-content\/uploads\/2022\/11\/Patricio-Ventura-Junca-3-1024x768.jpg 1024w, https:\/\/exaudi.org\/wp-content\/uploads\/2022\/11\/Patricio-Ventura-Junca-3-770x578.jpg 770w, https:\/\/exaudi.org\/wp-content\/uploads\/2022\/11\/Patricio-Ventura-Junca-3-1536x1152.jpg 1536w, https:\/\/exaudi.org\/wp-content\/uploads\/2022\/11\/Patricio-Ventura-Junca-3-500x375.jpg 500w, https:\/\/exaudi.org\/wp-content\/uploads\/2022\/11\/Patricio-Ventura-Junca-3-293x220.jpg 293w, https:\/\/exaudi.org\/wp-content\/uploads\/2022\/11\/Patricio-Ventura-Junca-3-1400x1050.jpg 1400w, https:\/\/exaudi.org\/wp-content\/uploads\/2022\/11\/Patricio-Ventura-Junca-3-390x293.jpg 390w, https:\/\/exaudi.org\/wp-content\/uploads\/2022\/11\/Patricio-Ventura-Junca-3.jpg 1600w\" sizes=\"auto, (max-width: 300px) 100vw, 300px\" \/>La cita tuvo lugar el pasado 4 de noviembre. En su clase magistral ante el auditorio presencial y virtual, el profesor Ventura-Junc\u00e1 recorri\u00f3 los hitos m\u00e1s relevantes de su carrera profesional, haciendo tambi\u00e9n conexi\u00f3n con su vida personal.<\/p>\n<h2><strong>Lider\u00f3 la formaci\u00f3n del primer centro de cuidados intensivos neonatales de Chile<\/strong><\/h2>\n<p>Entre los a\u00f1os 1969 y 2000 su actividad universitaria y cl\u00ednica se desarroll\u00f3 en la Facultad de Medicina de la Pontificia Universidad Cat\u00f3lica de Chile -PUC-, en el \u00e1mbito de la Neonatolog\u00eda y la Pediatr\u00eda. Esta fue una etapa de gran fecundidad en el desarrollo de la atenci\u00f3n cl\u00ednica la docencia y la investigaci\u00f3n. El Dr. Ventura-Junc\u00e1 lider\u00f3 la formaci\u00f3n del primer centro de cuidados intensivos neonatales en Chile, en el Hospital Cl\u00ednico de la PUC, y luego del servicio de Pediatr\u00eda en el Hospital Universitario. A partir de estos avances, la sobrevida de los reci\u00e9n nacidos mejor\u00f3 en un 50% en dicho centro, resultado que amerit\u00f3 su publicaci\u00f3n en la Revista Pediatrics, en Estados Unidos, por lo que esta pionera experiencia fue conocida y reconocida en el mundo cient\u00edfico.<\/p>\n<h2><strong>Reconocimiento internacional<\/strong><\/h2>\n<p>Ventura-Junc\u00e1 reuni\u00f3 una pl\u00e9yade de m\u00e9dicos e investigadores de sobresaliente competencia acad\u00e9mica y humana. Su sucesor\u00a0en la direcci\u00f3n del Departamento\u00a0Pediatr\u00eda\u00a0es hoy el rector\u00a0de la PUC y el sucesor de este\u00a0es hoy decano de la Facultad de Medicina\u00a0de dicha universidad.\u00a0Se form\u00f3 s\u00ed una verdadera escuela en neonatolog\u00eda y pediatr\u00eda testimoniada por numerosas publicaciones cient\u00edficas, cap\u00edtulos de libros, y libros de la especialidad, siendo reconocido su liderazgo en Chile, Latinoam\u00e9rica, Estados Unidos y diversos pa\u00edses de Europa. Fue as\u00ed como, si en 1975, al comienzo la pediatr\u00eda en el hospital cl\u00ednico, estaba limitada a una sala, hoy es un servicio y departamento moderno con todas las especialidades. Esta fue su primera etapa de compromiso y dedicaci\u00f3n por la vida, de ni\u00f1os, que pudieron sobrevivir teniendo una larga vida por delante.<\/p>\n<h2><strong>A punto de jubilarse lo nombran director del Centro de Bio\u00e9tica de la PUC<\/strong><\/h2>\n<p>En el a\u00f1o 2000, a la edad de 63 a\u00f1os, pronto a jubilarse, considerando sus antecedentes de una s\u00f3lida formaci\u00f3n tambi\u00e9n en Filosof\u00eda (1961-63), lo nombran director del Centro de Bio\u00e9tica de la PUC. Este fue un cambio providencial e inesperado en el cual el Dr. Ventura- Junc\u00e1 pudo verter su experiencia de gesti\u00f3n y acad\u00e9mica en un \u00e1mbito en que surg\u00edan con fuerza los debates especialmente referentes al inicio de la vida y al derecho inalienable a la vida del ser humano, especialmente en las primeras etapas de su existencia. El Centro de Bio\u00e9tica cre\u00f3 el primer Magister de Bio\u00e9tica, se avanz\u00f3 en la docencia de pre y postgrado, en investigaci\u00f3n y en el debate p\u00fablico y participaci\u00f3n en leyes referentes a la vida naciente. Este desarrollo le vali\u00f3 que el Papa Juan Pablo II nombrara al Dr. Ventura-Junc\u00e1 miembro ordinario de la Pontificia Academia para la Vida -PAV- y luego en 2005, miembro de su Consejo Directivo.<\/p>\n<figure id=\"attachment_65665\" aria-describedby=\"caption-attachment-65665\" style=\"width: 300px\" class=\"wp-caption alignright\"><img loading=\"lazy\" decoding=\"async\" class=\"size-medium wp-image-65665\" src=\"https:\/\/exaudi.org\/wp-content\/uploads\/2022\/11\/Foto-con-Marita-300x169.jpg\" alt=\"\" width=\"300\" height=\"169\" srcset=\"https:\/\/exaudi.org\/wp-content\/uploads\/2022\/11\/Foto-con-Marita-300x169.jpg 300w, https:\/\/exaudi.org\/wp-content\/uploads\/2022\/11\/Foto-con-Marita-1024x575.jpg 1024w, https:\/\/exaudi.org\/wp-content\/uploads\/2022\/11\/Foto-con-Marita-770x433.jpg 770w, https:\/\/exaudi.org\/wp-content\/uploads\/2022\/11\/Foto-con-Marita-500x281.jpg 500w, https:\/\/exaudi.org\/wp-content\/uploads\/2022\/11\/Foto-con-Marita-293x165.jpg 293w, https:\/\/exaudi.org\/wp-content\/uploads\/2022\/11\/Foto-con-Marita-390x219.jpg 390w, https:\/\/exaudi.org\/wp-content\/uploads\/2022\/11\/Foto-con-Marita.jpg 1280w\" sizes=\"auto, (max-width: 300px) 100vw, 300px\" \/><figcaption id=\"caption-attachment-65665\" class=\"wp-caption-text\">El Dr. Patricio Ventura- Junc\u00e1 con su esposa Marita \u00a9 Dr. Patricio Ventura- Junc\u00e1<\/figcaption><\/figure>\n<p>All\u00ed trabaj\u00f3 con personas notables por su competencia y dedicaci\u00f3n y apoy\u00f3 especialmente la nominaci\u00f3n de miembros con probada competencia cient\u00edfica y\/o filos\u00f3fica que reconoc\u00edan el don de la vida desde sus inicios hasta la muerte natural, como un derecho inviolable. Igualmente gerenci\u00f3 la invitaci\u00f3n a los congresos de la PAV a cient\u00edficos que estaban involucrados en la investigaci\u00f3n de punta en diversos campos, en especial los relacionados con el inicio de la vida. A los 79 a\u00f1os, ya en la edad l\u00edmite de pertenencia, deja de pertenecer a la PAV.<\/p>\n<h2><strong>Ciencia, cl\u00ednica y filosof\u00eda\u00a0\u00a0\u00a0 <\/strong><\/h2>\n<p>La competencia del Dr. Ventura-Junc\u00e1 en ciencia, cl\u00ednica y filosof\u00eda, facilit\u00f3 que los acad\u00e9micos que ya lo conoc\u00edan por su trayectoria, apreciaran y validaran sus argumentos en bio\u00e9tica como alguien que hab\u00eda vivido al lado de los enfermos y de los ni\u00f1os m\u00e1s peque\u00f1os, siendo un invitado frecuente a seminarios y congresos internacionales en Latinoam\u00e9rica y Europa. Todo esto facilitaba el di\u00e1logo respetuoso, as\u00ed como riguroso, con quienes sosten\u00eda aproximaciones diferentes al respeto por la vida naciente. Es as\u00ed como obtuvo diversos reconocimientos, adem\u00e1s de los ya recibidos en su trayectoria en pediatr\u00eda, esta vez de bio\u00e9tica, como profesor invitado en diversos pa\u00edses, como Cuba, Argentina e Italia, por su trayectoria acad\u00e9mica. En 2008 recibe\u00a0el premio de Bio\u00e9tica de Colegio M\u00e9dico de Chile.<\/p>\n<p>A los 75 a\u00f1os se jubila de la Universidad Cat\u00f3lica de Chile y es nombrado director del Instituto de Bio\u00e9tica de la Universidad Finis Terrae. Es una etapa de maduraci\u00f3n en que hace docencia en bio\u00e9tica y filosof\u00eda de la medicina, desarrolla numerosas actividades entre las que destacan varios seminarios y congresos internacionales de posgrado y especialmente en avanzar en su l\u00ednea de investigaci\u00f3n sobre ecolog\u00eda integral y bio\u00e9tica.<\/p>\n<h2><strong>Encuentro de la filosof\u00eda con la biolog\u00eda: bio\u00e9tica<\/strong><\/h2>\n<p>La necesidad de relacionar la bio\u00e9tica con la ecolog\u00eda era un tema recurrente en la visi\u00f3n del profesor Ventura-Junc\u00e1 por 15 a\u00f1os, influido por la intuici\u00f3n inicial de Van Rensselaer Potter sobre la necesidad del encuentro de la filosof\u00eda con la biolog\u00eda, de donde surge la bio\u00e9tica. Seg\u00fan Potter, de esta interacci\u00f3n depende la supervivencia de todo el ecosistema. Tambi\u00e9n influyeron en la visi\u00f3n del Dr. Ventura-Junc\u00e1 Juan Pablo II, cuando habla de la de la ecolog\u00eda humana y la familia. Finalmente tambi\u00e9n los textos del Papa Francisco, Laudato Si y Frattelli Tutti, que desarrollan una ecolog\u00eda integral. El profesor Ventura-Junc\u00e1 menciona como tel\u00f3n de fondo en su exposici\u00f3n la frase atribuida a\u00a0 Leonardo da Vinci: <em>\u201c<\/em>Aprende a ver. Date cuenta de que todo se conecta con todo lo dem\u00e1s\u201d.<\/p>\n<h2><strong>Todo est\u00e1 relacionado<\/strong><\/h2>\n<figure id=\"attachment_65659\" aria-describedby=\"caption-attachment-65659\" style=\"width: 300px\" class=\"wp-caption alignright\"><img loading=\"lazy\" decoding=\"async\" class=\"size-medium wp-image-65659\" src=\"https:\/\/exaudi.org\/wp-content\/uploads\/2022\/11\/Patricio-Ventura-Junca-con-Marita-esposa-y-Papa-2-300x225.jpg\" alt=\"\" width=\"300\" height=\"225\" srcset=\"https:\/\/exaudi.org\/wp-content\/uploads\/2022\/11\/Patricio-Ventura-Junca-con-Marita-esposa-y-Papa-2-300x225.jpg 300w, https:\/\/exaudi.org\/wp-content\/uploads\/2022\/11\/Patricio-Ventura-Junca-con-Marita-esposa-y-Papa-2-500x375.jpg 500w, https:\/\/exaudi.org\/wp-content\/uploads\/2022\/11\/Patricio-Ventura-Junca-con-Marita-esposa-y-Papa-2-293x220.jpg 293w, https:\/\/exaudi.org\/wp-content\/uploads\/2022\/11\/Patricio-Ventura-Junca-con-Marita-esposa-y-Papa-2-390x293.jpg 390w, https:\/\/exaudi.org\/wp-content\/uploads\/2022\/11\/Patricio-Ventura-Junca-con-Marita-esposa-y-Papa-2.jpg 640w\" sizes=\"auto, (max-width: 300px) 100vw, 300px\" \/><figcaption id=\"caption-attachment-65659\" class=\"wp-caption-text\">Dr. Patricio Ventura-Junc\u00e1 su esposa Marita esposa y el Papa Francisco<\/figcaption><\/figure>\n<p>A la frase del Papa Francisco en <em>Laudato Si&#8217;<\/em>: \u201cHoy el an\u00e1lisis de los problemas ambientales es inseparable del an\u00e1lisis de los contextos humanos, familiares, laborales, urbanos, y de la relaci\u00f3n de cada persona consigo misma, que genera un determinado modo de relacionarse con los dem\u00e1s y con el ambiente.\u201d<em> (LS 141) <\/em>Esta l\u00ednea de investigaci\u00f3n ha expandido el tema de las interrelaciones al \u00e1mbito del inicio de la vida en que la etapa de la vida del ser humano desde la fecundaci\u00f3n hasta la implantaci\u00f3n del embri\u00f3n es extraordinariamente vulnerable a los cambios del entorno, como ocurre en la fertilizaci\u00f3n in vitro afectando el perfil epigen\u00e9tico y el desarrollo. Hoy se cuenta con innumerables art\u00edculos cient\u00edficos dedicados a se\u00f1alar este problema, principalmente en estudios animales, dado las dificultades \u00e9ticas de hacerlo en humanos. Esto fue testimoniado en un art\u00edculo se\u00f1ero de Ventura-Junc\u00e1 publicado en una revista cient\u00edfica de alto impacto y citado numerosas veces: Ventura-Junc\u00e1, P, et al.\u00a0 <em>\u201c<\/em><em>In vitro fertilization (IVF) in mammals: epigenetic and developmental alterations. Scientific and bioethical implications for IVF in humans<\/em>. <em>Biological Research\u201d<\/em> 48 (2015): 1-13.<\/p>\n<h2><strong>Su inspiraci\u00f3n<\/strong><\/h2>\n<p>La trayectoria acad\u00e9mica del Dr. Ventura-Junc\u00e1 ha estado inspirada por el servicio a la Iglesia en especial de los valores evang\u00e9licos en el campo cient\u00edfico universitario y docente, as\u00ed como en diversas instancias de Iglesia. Pertenece al movimiento de Schoenstatt que ha sido la inspiraci\u00f3n fundamental para su espiritualidad, vida comunitaria y apostolado, siendo muy relevante su encuentro con el fundador padre Jos\u00e9 Kentenich en 1964 en Milwaukee. Se ha destacado con su esposa Marita como dirigente de diversas comunidades de Schoenstatt y especialmente por acompa\u00f1ar la formaci\u00f3n de diversos grupos de matrimonios j\u00f3venes.<\/p>\n<h2><strong>Miembro del Comit\u00e9 Acad\u00e9mico de la Academia Latinoamericana de L\u00edderes Cat\u00f3licos<\/strong><\/h2>\n<p>Desde hace 5 a\u00f1os pertenece al Comit\u00e9 Acad\u00e9mico de la Academia Latinoamericana de L\u00edderes cat\u00f3licos, donde ha contribuido en la elaboraci\u00f3n de temas de sus competencias en el itinerario formativo, participando en diversas actividades pastorales y pedag\u00f3gicas de actualidad, siendo testigo del din\u00e1mico desarrollo de la academia, en la cual se forman miles de j\u00f3venes interesados en proyectar la Doctrina Social de la Iglesia en la vida p\u00fablica.<\/p>\n<p>Ventura-Junc\u00e1 adem\u00e1s, ha cooperado con la Conferencia Episcopal de Chile y ha hecho un aporte para el Encuentro de Aparecida en temas de bio\u00e9tica relacionados con el inicio de la vida.<\/p>\n<h2><strong>Contin\u00faa su aporte profesional<\/strong><\/h2>\n<p><img loading=\"lazy\" decoding=\"async\" class=\"size-medium wp-image-65662 alignright\" src=\"https:\/\/exaudi.org\/wp-content\/uploads\/2022\/11\/Con-Marita-y-nietos-300x225.jpg\" alt=\"\" width=\"300\" height=\"225\" srcset=\"https:\/\/exaudi.org\/wp-content\/uploads\/2022\/11\/Con-Marita-y-nietos-300x225.jpg 300w, https:\/\/exaudi.org\/wp-content\/uploads\/2022\/11\/Con-Marita-y-nietos-1024x768.jpg 1024w, https:\/\/exaudi.org\/wp-content\/uploads\/2022\/11\/Con-Marita-y-nietos-770x578.jpg 770w, https:\/\/exaudi.org\/wp-content\/uploads\/2022\/11\/Con-Marita-y-nietos-1536x1152.jpg 1536w, https:\/\/exaudi.org\/wp-content\/uploads\/2022\/11\/Con-Marita-y-nietos-2048x1536.jpg 2048w, https:\/\/exaudi.org\/wp-content\/uploads\/2022\/11\/Con-Marita-y-nietos-500x375.jpg 500w, https:\/\/exaudi.org\/wp-content\/uploads\/2022\/11\/Con-Marita-y-nietos-293x220.jpg 293w, https:\/\/exaudi.org\/wp-content\/uploads\/2022\/11\/Con-Marita-y-nietos-1400x1050.jpg 1400w, https:\/\/exaudi.org\/wp-content\/uploads\/2022\/11\/Con-Marita-y-nietos-390x293.jpg 390w\" sizes=\"auto, (max-width: 300px) 100vw, 300px\" \/>Est\u00e1 casado con Mar\u00eda Carmen Dom\u00ednguez Covarrubias, con quien tiene tres hijos y diez nietos. La vida, el apoyo y el cari\u00f1o de su familia ha sido clave en todos sus emprendimientos acad\u00e9micos, profesionales y pastorales.<\/p>\n<p>Actualmente contin\u00faa apoyando la docencia de \u00e9tica m\u00e9dica y bio\u00e9tica en la Universidad Finis Terrae, participando adem\u00e1s en el Comit\u00e9 de \u00c9tica de la investigaci\u00f3n de dicho centro acad\u00e9mico.<\/p>\n<p>Es as\u00ed como el servicio a la vida en la trayectoria del Prof. Ventura-Junc\u00e1 ha tenido una clara direcci\u00f3n, primero en el desarrollo de neonatolog\u00eda y pediatr\u00eda y luego en la \u00e9tica de la vida.\u00a0 Citando a Anna Arendt, cerr\u00f3 su exposici\u00f3n en la ceremonia de entrega del premio \u201cUna Vita per la Vita\u201d \u00a0se\u00f1alando que \u201cen cada nuevo nacimiento se renueva la esperanza del mundo, con nuevos hombres y mujeres que son capaces de comenzar y hacer mejores las cosas que hoy agobian a nuestro mundo. Esta fe y esperanza encuentran su expresi\u00f3n m\u00e1s gloriosa con el anuncio del Evangelio: \u2018nos ha nacido un Ni\u00f1o\u2019\u201d.<\/p>\n<p>Aqu\u00ed la grabaci\u00f3n de la entrega del premio.<\/p>\n<p><iframe loading=\"lazy\" title=\"Cerimonia Premio &quot;Una vita per la vita&quot;\" width=\"500\" height=\"281\" src=\"https:\/\/www.youtube.com\/embed\/SxjqkRaSr-Q?feature=oembed\" frameborder=\"0\" allow=\"accelerometer; autoplay; clipboard-write; encrypted-media; gyroscope; picture-in-picture; web-share\" referrerpolicy=\"strict-origin-when-cross-origin\" allowfullscreen><\/iframe><\/p>\n","protected":false},"excerpt":{"rendered":"<p>Premio principal en bio\u00e9tica que otorga la Universidad Pontificia UPRA<\/p>\n","protected":false},"author":41,"featured_media":65653,"comment_status":"closed","ping_status":"closed","sticky":false,"template":"","format":"standard","meta":{"_acf_changed":false,"_crdt_document":"","inline_featured_image":false,"footnotes":""},"categories":[78],"tags":[7578,4953],"class_list":["post-65651","post","type-post","status-publish","format-standard","has-post-thumbnail","hentry","category-defensa-de-la-vida","tag-premio-pontificio-una-vida-por-la-vida","tag-trending-es"],"acf":[],"yoast_head":"<!-- This site is optimized with the Yoast SEO plugin v27.4 - https:\/\/yoast.com\/product\/yoast-seo-wordpress\/ -->\n<title>Premio pontificio \u201cUna vida por la vida\u201d concedido al Dr. Ventura-Junc\u00e1 &#8211; Exaudi<\/title>\n<meta name=\"robots\" content=\"index, follow, max-snippet:-1, max-image-preview:large, max-video-preview:-1\" \/>\n<link rel=\"canonical\" href=\"https:\/\/exaudi.org\/es\/premio-pontificio-una-vida-por-la-vida-concedido-al-dr-ventura-junca\/\" \/>\n<meta property=\"og:locale\" content=\"es_ES\" \/>\n<meta property=\"og:type\" content=\"article\" \/>\n<meta property=\"og:title\" content=\"Premio pontificio \u201cUna vida por la vida\u201d concedido al Dr. Ventura-Junc\u00e1 &#8211; Exaudi\" \/>\n<meta property=\"og:description\" content=\"Premio principal en bio\u00e9tica que otorga la Universidad Pontificia UPRA\" \/>\n<meta property=\"og:url\" content=\"https:\/\/exaudi.org\/es\/premio-pontificio-una-vida-por-la-vida-concedido-al-dr-ventura-junca\/\" \/>\n<meta property=\"og:site_name\" content=\"Exaudi\" \/>\n<meta property=\"article:publisher\" content=\"https:\/\/www.facebook.com\/ExaudiNews\" \/>\n<meta property=\"article:published_time\" content=\"2022-11-15T13:15:50+00:00\" \/>\n<meta property=\"article:modified_time\" content=\"2022-11-15T18:49:00+00:00\" \/>\n<meta property=\"og:image\" content=\"https:\/\/exaudi.org\/wp-content\/uploads\/2022\/11\/Patricio-Ventura-Junca-0-scaled-e1668517069939.jpg\" \/>\n\t<meta property=\"og:image:width\" content=\"1696\" \/>\n\t<meta property=\"og:image:height\" content=\"1708\" \/>\n\t<meta property=\"og:image:type\" content=\"image\/jpeg\" \/>\n<meta name=\"author\" content=\"Enrique Soros\" \/>\n<meta name=\"twitter:card\" content=\"summary_large_image\" \/>\n<meta name=\"twitter:creator\" content=\"@Exaudi_News\" \/>\n<meta name=\"twitter:site\" content=\"@Exaudi_News\" \/>\n<meta name=\"twitter:label1\" content=\"Escrito por\" \/>\n\t<meta name=\"twitter:data1\" content=\"Enrique Soros\" \/>\n\t<meta name=\"twitter:label2\" content=\"Tiempo de lectura\" \/>\n\t<meta name=\"twitter:data2\" content=\"8 minutos\" \/>\n<script type=\"application\/ld+json\" class=\"yoast-schema-graph\">{\"@context\":\"https:\\\/\\\/schema.org\",\"@graph\":[{\"@type\":\"Article\",\"@id\":\"https:\\\/\\\/exaudi.org\\\/es\\\/premio-pontificio-una-vida-por-la-vida-concedido-al-dr-ventura-junca\\\/#article\",\"isPartOf\":{\"@id\":\"https:\\\/\\\/exaudi.org\\\/es\\\/premio-pontificio-una-vida-por-la-vida-concedido-al-dr-ventura-junca\\\/\"},\"author\":{\"name\":\"Enrique Soros\",\"@id\":\"https:\\\/\\\/exaudi.org\\\/#\\\/schema\\\/person\\\/b562feb21279ee01cdb5c8cd58ac4e33\"},\"headline\":\"Premio pontificio \u201cUna vida por la vida\u201d concedido al Dr. Ventura-Junc\u00e1\",\"datePublished\":\"2022-11-15T13:15:50+00:00\",\"dateModified\":\"2022-11-15T18:49:00+00:00\",\"mainEntityOfPage\":{\"@id\":\"https:\\\/\\\/exaudi.org\\\/es\\\/premio-pontificio-una-vida-por-la-vida-concedido-al-dr-ventura-junca\\\/\"},\"wordCount\":1741,\"image\":{\"@id\":\"https:\\\/\\\/exaudi.org\\\/es\\\/premio-pontificio-una-vida-por-la-vida-concedido-al-dr-ventura-junca\\\/#primaryimage\"},\"thumbnailUrl\":\"https:\\\/\\\/exaudi.org\\\/wp-content\\\/uploads\\\/2022\\\/11\\\/Patricio-Ventura-Junca-0-scaled-e1668517069939.jpg\",\"keywords\":[\"Premio pontificio \u201cUna vida por la vida\u201d\",\"Trending\"],\"articleSection\":[\"Defensa de la vida\"],\"inLanguage\":\"es\"},{\"@type\":\"WebPage\",\"@id\":\"https:\\\/\\\/exaudi.org\\\/es\\\/premio-pontificio-una-vida-por-la-vida-concedido-al-dr-ventura-junca\\\/\",\"url\":\"https:\\\/\\\/exaudi.org\\\/es\\\/premio-pontificio-una-vida-por-la-vida-concedido-al-dr-ventura-junca\\\/\",\"name\":\"Premio pontificio \u201cUna vida por la vida\u201d concedido al Dr. Ventura-Junc\u00e1 &#8211; Exaudi\",\"isPartOf\":{\"@id\":\"https:\\\/\\\/exaudi.org\\\/#website\"},\"primaryImageOfPage\":{\"@id\":\"https:\\\/\\\/exaudi.org\\\/es\\\/premio-pontificio-una-vida-por-la-vida-concedido-al-dr-ventura-junca\\\/#primaryimage\"},\"image\":{\"@id\":\"https:\\\/\\\/exaudi.org\\\/es\\\/premio-pontificio-una-vida-por-la-vida-concedido-al-dr-ventura-junca\\\/#primaryimage\"},\"thumbnailUrl\":\"https:\\\/\\\/exaudi.org\\\/wp-content\\\/uploads\\\/2022\\\/11\\\/Patricio-Ventura-Junca-0-scaled-e1668517069939.jpg\",\"datePublished\":\"2022-11-15T13:15:50+00:00\",\"dateModified\":\"2022-11-15T18:49:00+00:00\",\"author\":{\"@id\":\"https:\\\/\\\/exaudi.org\\\/#\\\/schema\\\/person\\\/b562feb21279ee01cdb5c8cd58ac4e33\"},\"breadcrumb\":{\"@id\":\"https:\\\/\\\/exaudi.org\\\/es\\\/premio-pontificio-una-vida-por-la-vida-concedido-al-dr-ventura-junca\\\/#breadcrumb\"},\"inLanguage\":\"es\",\"potentialAction\":[{\"@type\":\"ReadAction\",\"target\":[\"https:\\\/\\\/exaudi.org\\\/es\\\/premio-pontificio-una-vida-por-la-vida-concedido-al-dr-ventura-junca\\\/\"]}]},{\"@type\":\"ImageObject\",\"inLanguage\":\"es\",\"@id\":\"https:\\\/\\\/exaudi.org\\\/es\\\/premio-pontificio-una-vida-por-la-vida-concedido-al-dr-ventura-junca\\\/#primaryimage\",\"url\":\"https:\\\/\\\/exaudi.org\\\/wp-content\\\/uploads\\\/2022\\\/11\\\/Patricio-Ventura-Junca-0-scaled-e1668517069939.jpg\",\"contentUrl\":\"https:\\\/\\\/exaudi.org\\\/wp-content\\\/uploads\\\/2022\\\/11\\\/Patricio-Ventura-Junca-0-scaled-e1668517069939.jpg\",\"width\":1696,\"height\":1708,\"caption\":\"\u00a9 Dr. Patricio Ventura- Junc\u00e1\"},{\"@type\":\"BreadcrumbList\",\"@id\":\"https:\\\/\\\/exaudi.org\\\/es\\\/premio-pontificio-una-vida-por-la-vida-concedido-al-dr-ventura-junca\\\/#breadcrumb\",\"itemListElement\":[{\"@type\":\"ListItem\",\"position\":1,\"name\":\"Portada\",\"item\":\"https:\\\/\\\/exaudi.org\\\/es\\\/\"},{\"@type\":\"ListItem\",\"position\":2,\"name\":\"Premio pontificio \u201cUna vida por la vida\u201d concedido al Dr. Ventura-Junc\u00e1\"}]},{\"@type\":\"WebSite\",\"@id\":\"https:\\\/\\\/exaudi.org\\\/#website\",\"url\":\"https:\\\/\\\/exaudi.org\\\/\",\"name\":\"Exaudi\",\"description\":\"News\",\"potentialAction\":[{\"@type\":\"SearchAction\",\"target\":{\"@type\":\"EntryPoint\",\"urlTemplate\":\"https:\\\/\\\/exaudi.org\\\/?s={search_term_string}\"},\"query-input\":{\"@type\":\"PropertyValueSpecification\",\"valueRequired\":true,\"valueName\":\"search_term_string\"}}],\"inLanguage\":\"es\"},{\"@type\":\"Person\",\"@id\":\"https:\\\/\\\/exaudi.org\\\/#\\\/schema\\\/person\\\/b562feb21279ee01cdb5c8cd58ac4e33\",\"name\":\"Enrique Soros\",\"image\":{\"@type\":\"ImageObject\",\"inLanguage\":\"es\",\"@id\":\"https:\\\/\\\/secure.gravatar.com\\\/avatar\\\/909c464715f2daa91ebbef733cea12657b24a5ddb7284bf9b3bb3911d874bb9e?s=96&d=mm&r=g\",\"url\":\"https:\\\/\\\/secure.gravatar.com\\\/avatar\\\/909c464715f2daa91ebbef733cea12657b24a5ddb7284bf9b3bb3911d874bb9e?s=96&d=mm&r=g\",\"contentUrl\":\"https:\\\/\\\/secure.gravatar.com\\\/avatar\\\/909c464715f2daa91ebbef733cea12657b24a5ddb7284bf9b3bb3911d874bb9e?s=96&d=mm&r=g\",\"caption\":\"Enrique Soros\"},\"description\":\"Argentino. Reside desde hace 27 a\u00f1os en Washington, DC, Estados Unidos, con su esposa Erica, con quien tiene un hijo, Mart\u00edn, de 21 a\u00f1os. Es comunicador social, escritor, traductor p\u00fablico. Act\u00faa como agente pastoral y comunicacional en Estados Unidos, donde es vicepresidente del Consejo Nacional Cat\u00f3lico para el Ministerio Hispano -NCCHM, por sus siglas en ingl\u00e9s-, que tiene como misi\u00f3n la promoci\u00f3n y el trabajo com\u00fan de las fuerzas pastorales hispanas en el pa\u00eds. Participa en proyectos pastorales y comunicacionales en Latinoam\u00e9rica y desde 2012 colabora con el CELAM, Consejo Episcopal Latinoamericano en esfuerzos de integraci\u00f3n pastoral entre dicha instituci\u00f3n y la Iglesia en los Estados Unidos.\",\"url\":\"https:\\\/\\\/exaudi.org\\\/es\\\/author\\\/enriquesoros\\\/\"}]}<\/script>\n<!-- \/ Yoast SEO plugin. -->","yoast_head_json":{"title":"Premio pontificio \u201cUna vida por la vida\u201d concedido al Dr. Ventura-Junc\u00e1 &#8211; Exaudi","robots":{"index":"index","follow":"follow","max-snippet":"max-snippet:-1","max-image-preview":"max-image-preview:large","max-video-preview":"max-video-preview:-1"},"canonical":"https:\/\/exaudi.org\/es\/premio-pontificio-una-vida-por-la-vida-concedido-al-dr-ventura-junca\/","og_locale":"es_ES","og_type":"article","og_title":"Premio pontificio \u201cUna vida por la vida\u201d concedido al Dr. Ventura-Junc\u00e1 &#8211; Exaudi","og_description":"Premio principal en bio\u00e9tica que otorga la Universidad Pontificia UPRA","og_url":"https:\/\/exaudi.org\/es\/premio-pontificio-una-vida-por-la-vida-concedido-al-dr-ventura-junca\/","og_site_name":"Exaudi","article_publisher":"https:\/\/www.facebook.com\/ExaudiNews","article_published_time":"2022-11-15T13:15:50+00:00","article_modified_time":"2022-11-15T18:49:00+00:00","og_image":[{"width":1696,"height":1708,"url":"https:\/\/exaudi.org\/wp-content\/uploads\/2022\/11\/Patricio-Ventura-Junca-0-scaled-e1668517069939.jpg","type":"image\/jpeg"}],"author":"Enrique Soros","twitter_card":"summary_large_image","twitter_creator":"@Exaudi_News","twitter_site":"@Exaudi_News","twitter_misc":{"Escrito por":"Enrique Soros","Tiempo de lectura":"8 minutos"},"schema":{"@context":"https:\/\/schema.org","@graph":[{"@type":"Article","@id":"https:\/\/exaudi.org\/es\/premio-pontificio-una-vida-por-la-vida-concedido-al-dr-ventura-junca\/#article","isPartOf":{"@id":"https:\/\/exaudi.org\/es\/premio-pontificio-una-vida-por-la-vida-concedido-al-dr-ventura-junca\/"},"author":{"name":"Enrique Soros","@id":"https:\/\/exaudi.org\/#\/schema\/person\/b562feb21279ee01cdb5c8cd58ac4e33"},"headline":"Premio pontificio \u201cUna vida por la vida\u201d concedido al Dr. Ventura-Junc\u00e1","datePublished":"2022-11-15T13:15:50+00:00","dateModified":"2022-11-15T18:49:00+00:00","mainEntityOfPage":{"@id":"https:\/\/exaudi.org\/es\/premio-pontificio-una-vida-por-la-vida-concedido-al-dr-ventura-junca\/"},"wordCount":1741,"image":{"@id":"https:\/\/exaudi.org\/es\/premio-pontificio-una-vida-por-la-vida-concedido-al-dr-ventura-junca\/#primaryimage"},"thumbnailUrl":"https:\/\/exaudi.org\/wp-content\/uploads\/2022\/11\/Patricio-Ventura-Junca-0-scaled-e1668517069939.jpg","keywords":["Premio pontificio \u201cUna vida por la vida\u201d","Trending"],"articleSection":["Defensa de la vida"],"inLanguage":"es"},{"@type":"WebPage","@id":"https:\/\/exaudi.org\/es\/premio-pontificio-una-vida-por-la-vida-concedido-al-dr-ventura-junca\/","url":"https:\/\/exaudi.org\/es\/premio-pontificio-una-vida-por-la-vida-concedido-al-dr-ventura-junca\/","name":"Premio pontificio \u201cUna vida por la vida\u201d concedido al Dr. Ventura-Junc\u00e1 &#8211; Exaudi","isPartOf":{"@id":"https:\/\/exaudi.org\/#website"},"primaryImageOfPage":{"@id":"https:\/\/exaudi.org\/es\/premio-pontificio-una-vida-por-la-vida-concedido-al-dr-ventura-junca\/#primaryimage"},"image":{"@id":"https:\/\/exaudi.org\/es\/premio-pontificio-una-vida-por-la-vida-concedido-al-dr-ventura-junca\/#primaryimage"},"thumbnailUrl":"https:\/\/exaudi.org\/wp-content\/uploads\/2022\/11\/Patricio-Ventura-Junca-0-scaled-e1668517069939.jpg","datePublished":"2022-11-15T13:15:50+00:00","dateModified":"2022-11-15T18:49:00+00:00","author":{"@id":"https:\/\/exaudi.org\/#\/schema\/person\/b562feb21279ee01cdb5c8cd58ac4e33"},"breadcrumb":{"@id":"https:\/\/exaudi.org\/es\/premio-pontificio-una-vida-por-la-vida-concedido-al-dr-ventura-junca\/#breadcrumb"},"inLanguage":"es","potentialAction":[{"@type":"ReadAction","target":["https:\/\/exaudi.org\/es\/premio-pontificio-una-vida-por-la-vida-concedido-al-dr-ventura-junca\/"]}]},{"@type":"ImageObject","inLanguage":"es","@id":"https:\/\/exaudi.org\/es\/premio-pontificio-una-vida-por-la-vida-concedido-al-dr-ventura-junca\/#primaryimage","url":"https:\/\/exaudi.org\/wp-content\/uploads\/2022\/11\/Patricio-Ventura-Junca-0-scaled-e1668517069939.jpg","contentUrl":"https:\/\/exaudi.org\/wp-content\/uploads\/2022\/11\/Patricio-Ventura-Junca-0-scaled-e1668517069939.jpg","width":1696,"height":1708,"caption":"\u00a9 Dr. Patricio Ventura- Junc\u00e1"},{"@type":"BreadcrumbList","@id":"https:\/\/exaudi.org\/es\/premio-pontificio-una-vida-por-la-vida-concedido-al-dr-ventura-junca\/#breadcrumb","itemListElement":[{"@type":"ListItem","position":1,"name":"Portada","item":"https:\/\/exaudi.org\/es\/"},{"@type":"ListItem","position":2,"name":"Premio pontificio \u201cUna vida por la vida\u201d concedido al Dr. Ventura-Junc\u00e1"}]},{"@type":"WebSite","@id":"https:\/\/exaudi.org\/#website","url":"https:\/\/exaudi.org\/","name":"Exaudi","description":"News","potentialAction":[{"@type":"SearchAction","target":{"@type":"EntryPoint","urlTemplate":"https:\/\/exaudi.org\/?s={search_term_string}"},"query-input":{"@type":"PropertyValueSpecification","valueRequired":true,"valueName":"search_term_string"}}],"inLanguage":"es"},{"@type":"Person","@id":"https:\/\/exaudi.org\/#\/schema\/person\/b562feb21279ee01cdb5c8cd58ac4e33","name":"Enrique Soros","image":{"@type":"ImageObject","inLanguage":"es","@id":"https:\/\/secure.gravatar.com\/avatar\/909c464715f2daa91ebbef733cea12657b24a5ddb7284bf9b3bb3911d874bb9e?s=96&d=mm&r=g","url":"https:\/\/secure.gravatar.com\/avatar\/909c464715f2daa91ebbef733cea12657b24a5ddb7284bf9b3bb3911d874bb9e?s=96&d=mm&r=g","contentUrl":"https:\/\/secure.gravatar.com\/avatar\/909c464715f2daa91ebbef733cea12657b24a5ddb7284bf9b3bb3911d874bb9e?s=96&d=mm&r=g","caption":"Enrique Soros"},"description":"Argentino. Reside desde hace 27 a\u00f1os en Washington, DC, Estados Unidos, con su esposa Erica, con quien tiene un hijo, Mart\u00edn, de 21 a\u00f1os. Es comunicador social, escritor, traductor p\u00fablico. Act\u00faa como agente pastoral y comunicacional en Estados Unidos, donde es vicepresidente del Consejo Nacional Cat\u00f3lico para el Ministerio Hispano -NCCHM, por sus siglas en ingl\u00e9s-, que tiene como misi\u00f3n la promoci\u00f3n y el trabajo com\u00fan de las fuerzas pastorales hispanas en el pa\u00eds. Participa en proyectos pastorales y comunicacionales en Latinoam\u00e9rica y desde 2012 colabora con el CELAM, Consejo Episcopal Latinoamericano en esfuerzos de integraci\u00f3n pastoral entre dicha instituci\u00f3n y la Iglesia en los Estados Unidos.","url":"https:\/\/exaudi.org\/es\/author\/enriquesoros\/"}]}},"jetpack_featured_media_url":"https:\/\/exaudi.org\/wp-content\/uploads\/2022\/11\/Patricio-Ventura-Junca-0-scaled-e1668517069939.jpg","jetpack_shortlink":"https:\/\/wp.me\/pgKjF2-h4T","_links":{"self":[{"href":"https:\/\/exaudi.org\/es\/wp-json\/wp\/v2\/posts\/65651","targetHints":{"allow":["GET"]}}],"collection":[{"href":"https:\/\/exaudi.org\/es\/wp-json\/wp\/v2\/posts"}],"about":[{"href":"https:\/\/exaudi.org\/es\/wp-json\/wp\/v2\/types\/post"}],"author":[{"embeddable":true,"href":"https:\/\/exaudi.org\/es\/wp-json\/wp\/v2\/users\/41"}],"replies":[{"embeddable":true,"href":"https:\/\/exaudi.org\/es\/wp-json\/wp\/v2\/comments?post=65651"}],"version-history":[{"count":0,"href":"https:\/\/exaudi.org\/es\/wp-json\/wp\/v2\/posts\/65651\/revisions"}],"wp:featuredmedia":[{"embeddable":true,"href":"https:\/\/exaudi.org\/es\/wp-json\/wp\/v2\/media\/65653"}],"wp:attachment":[{"href":"https:\/\/exaudi.org\/es\/wp-json\/wp\/v2\/media?parent=65651"}],"wp:term":[{"taxonomy":"category","embeddable":true,"href":"https:\/\/exaudi.org\/es\/wp-json\/wp\/v2\/categories?post=65651"},{"taxonomy":"post_tag","embeddable":true,"href":"https:\/\/exaudi.org\/es\/wp-json\/wp\/v2\/tags?post=65651"}],"curies":[{"name":"wp","href":"https:\/\/api.w.org\/{rel}","templated":true}]}}