{"id":65641,"date":"2022-11-14T22:00:29","date_gmt":"2022-11-14T21:00:29","guid":{"rendered":"https:\/\/exaudi.org\/?p=65641"},"modified":"2022-11-14T22:00:29","modified_gmt":"2022-11-14T21:00:29","slug":"laicos-catolicos-y-los-desafios-de-la-sociedad","status":"publish","type":"post","link":"https:\/\/exaudi.org\/es\/laicos-catolicos-y-los-desafios-de-la-sociedad\/","title":{"rendered":"Laicos Cat\u00f3licos y los Desaf\u00edos de la Sociedad"},"content":{"rendered":"<p>El mundo y en \u00e9l Am\u00e9rica, asisten a un cambio de \u00e9poca. Un momento de la historia en el que se produce el quiebre de las din\u00e1micas sociales, tal como ven\u00edan operando desde fines del siglo XX. Las causas son m\u00faltiples (sociales, pol\u00edticas, econ\u00f3micas, ambientales, ecol\u00f3gicas, etc.). Entre ellas el\u00a0 desarrollo de la t\u00e9cnica como causa eficiente, que acort\u00f3 las distancias entre los pueblos y personas y modific\u00f3 las relaciones sociales. Aunque su fin es resolver los problemas que afectan el desarrollo del hombre y la sociedad, demostr\u00f3 mal orientada, que tiene la capacidad de agravarlos.<\/p>\n<p>El cambio de \u00e9poca plantea nuevos desaf\u00edos, cuestiona muchas de las seguridades con las que las personas desarrollaban sus vidas y produce una sensaci\u00f3n de incertidumbre fundamentalmente a nivel social. Las soluciones cl\u00e1sicas para los distintos conflictos de la vida social, parecen haber perdido su efectividad. Esto se hace evidente en \u00a0el recrudecimiento de antiguas cuestiones como la pobreza y el desempleo, las adicciones, la violencia, la guerra y el debilitamiento de la democracia (manifestado por el resurgimiento de gobiernos populistas en algunos pa\u00edses y la percepci\u00f3n por parte de la ciudadan\u00eda de que la pol\u00edtica tradicional no alcanza a acertar con las soluciones de los problemas importantes).<\/p>\n<p>Sin dudas corresponde a la actual generaci\u00f3n, la misi\u00f3n de afrontar este tiempo de cambios encarando v\u00edas de acci\u00f3n oportunas para volver m\u00e1s humanas las relaciones sociales.<\/p>\n<p><strong>Importancia de participar <\/strong><\/p>\n<p>El momento hist\u00f3rico actual representa un llamado al testimonio comprometido de los laicos, cada uno desde el lugar en el que te toca actuar.<\/p>\n<p>Un mundo m\u00e1s justo, fraterno y solidario, no ser\u00e1 el resultado de la s\u00f3la voluntad de un l\u00edder carism\u00e1tico o de una \u00e9lite iluminada, sino una transformaci\u00f3n obrada en comunidad, por personas que toman la decisi\u00f3n de torcer el rumbo (de esa inercia que conduce al individualismo) hacia un cambio de actitud por la que muchos deciden ponerse al servicio del otro, en primer lugar del necesitado pr\u00f3ximo.<\/p>\n<p>Para eso se requiere la decisi\u00f3n personal de asumir todas las \u00e1reas y gradientes de la vida seg\u00fan el mensaje del Evangelio, de modo tal que los seguidores de Cristo salgan a luz, se identifiquen \u00a0como tales, para poder cooperar con las otras personas que decidieron seguir en la misma direcci\u00f3n. En este sentido, la figura de la levadura en la masa conserva hoy intacto su significado, como aglutinante e impulsor indispensable en la promoci\u00f3n positiva de todas las estructuras de la vida social.<\/p>\n<p>Sin embargo, el cambio que se reclama, no es fruto exclusivo de la actitud de servicio y la conciencia comunitaria, requiere adem\u00e1s el cultivo de capacidades y convicciones espec\u00edficas.<\/p>\n<p><strong>Formaci\u00f3n para la acci\u00f3n<\/strong><\/p>\n<p>El cristiano se inserta en la vida social poniendo sus talentos a favor de la construcci\u00f3n del Reino de Dios en la Tierra. Esto indica la necesidad de una s\u00f3lida formaci\u00f3n humana orientada a conocer la verdad sobre el hombre y la sociedad. \u00a0Desde esta perspectiva podr\u00e1 comprender el mundo actual, sus problemas y necesidades con una mirada l\u00facida sobre las situaciones que atentan contra la libertad y el desarrollo de los pueblos, indagar sobre sus causas y efectos y buscar v\u00edas de soluci\u00f3n respetuosas de la dignidad de la persona humana.<\/p>\n<p>Los avances de la ciencia y sus aplicaciones tecnol\u00f3gicas, sin dudas son favorables para el hombre, sin embargo conviene notar que estos, muchas veces caminan por las fronteras de lo humano o amagan con desentenderse del cuidado de la tierra y de los dem\u00e1s seres vivientes, por lo que es necesario evaluar sus aportes desde la perspectiva de una \u00e9tica realista y la mirada sabia del Magisterio de la Iglesia.<\/p>\n<p>En este sentido, la Doctrina Social de la Iglesia tiene como funci\u00f3n iluminar la vida social desde la perspectiva trascendente fundada en el mensaje de Cristo, para ayudar a construir un mundo cada vez m\u00e1s conforme al plan de Dios.<\/p>\n<p><strong>Nada es imposible para qui\u00e9n obra en uni\u00f3n con Dios<\/strong><\/p>\n<p>El Reino de Dios se hace presente en la historia por obra de la Providencia Divina, seg\u00fan ense\u00f1a la Iglesia. Tiene inicio en la redenci\u00f3n y se desarrolla hacia su definitiva realizaci\u00f3n en la segunda venida de Cristo, con la participaci\u00f3n de los hombres que aceptan la invitaci\u00f3n a ser corredentores y cocreadores con \u00c9l.<\/p>\n<p>As\u00ed, \u201ccuando los laicos ejercen las actividades propias, tambi\u00e9n las de car\u00e1cter temporal, en uni\u00f3n con Jes\u00fas, cualquier trabajo viene a ser como una continuaci\u00f3n del trabajo de Jes\u00fas, penetrado de fuerza redentora&#8230; difundiendo en los otros los frutos de la Redenci\u00f3n\u201d (Juan XXIII, Mater et Magistra 70).<\/p>\n<p>Esta es la esperanza que sostiene la actitud optimista del pueblo cristiano, que adem\u00e1s se sabe privilegiado por contar con la ayuda amorosa de la Madre del Cielo, Nuestra Se\u00f1ora de Guadalupe, patrona de Am\u00e9rica.<\/p>\n<p>Dios envi\u00f3 a la Virgen Mar\u00eda a M\u00e9xico con\u00a0 un mensaje para la raza y la cultura mestiza que poblar\u00eda Am\u00e9rica. De esta forma, seg\u00fan relata el Nican Mopuhua, la Morenita se apareci\u00f3 a San Juan Diego, laico de estirpe aborigen, para confiarle la certeza de su ayuda maternal con estas palabras:<\/p>\n<p><em><strong>\u201cPorque en verdad yo me honro en ser madre compasiva de todos ustedes, tuya y de todas las gentes que aqu\u00ed en esta tierra est\u00e1n en uno, y de los dem\u00e1s variados linajes de hombres, mis amadores, los que a m\u00ed clamen, los que me busquen, los que me honren confiando en mi intercesi\u00f3n. Porque all\u00ed estar\u00e9 siempre dispuesta a escuchar su llanto, su tristeza, para purificar, para curar todas sus diferentes miserias, sus penas, sus dolores\u201d (29 -32).<\/strong><\/em><\/p>\n<p>Horacio Cornejo<\/p>\n<p>Director de la Escuela Universitaria de Turismo de Universidad Cat\u00f3lica de Salta y Exalumno de la <a href=\"https:\/\/liderescatolicos.net\/\">Academia Latinoamericana de L\u00edderes Cat\u00f3licos<\/a><\/p>\n","protected":false},"excerpt":{"rendered":"<p>Importancia de participar, formaci\u00f3n para la acci\u00f3n y nada es imposible para qui\u00e9n obra en uni\u00f3n con Dios<\/p>\n","protected":false},"author":107,"featured_media":65642,"comment_status":"closed","ping_status":"closed","sticky":false,"template":"","format":"standard","meta":{"_acf_changed":false,"_crdt_document":"","inline_featured_image":false,"footnotes":""},"categories":[130],"tags":[765,2023,5110,5220,4953],"class_list":["post-65641","post","type-post","status-publish","format-standard","has-post-thumbnail","hentry","category-voces","tag-academia-de-lideres-catolicos","tag-formacion","tag-nuestra-senora-de-guadalupe","tag-participacion","tag-trending-es"],"acf":[],"yoast_head":"<!-- This site is optimized with the Yoast SEO plugin v27.5 - https:\/\/yoast.com\/product\/yoast-seo-wordpress\/ -->\n<title>Laicos Cat\u00f3licos y los Desaf\u00edos de la Sociedad &#8211; Exaudi<\/title>\n<meta name=\"robots\" content=\"index, follow, max-snippet:-1, max-image-preview:large, max-video-preview:-1\" \/>\n<link rel=\"canonical\" href=\"https:\/\/exaudi.org\/es\/laicos-catolicos-y-los-desafios-de-la-sociedad\/\" \/>\n<meta property=\"og:locale\" content=\"es_ES\" \/>\n<meta property=\"og:type\" content=\"article\" \/>\n<meta property=\"og:title\" content=\"Laicos Cat\u00f3licos y los Desaf\u00edos de la Sociedad &#8211; Exaudi\" \/>\n<meta property=\"og:description\" content=\"Importancia de participar, formaci\u00f3n para la acci\u00f3n y nada es imposible para qui\u00e9n obra en uni\u00f3n con Dios\" \/>\n<meta property=\"og:url\" content=\"https:\/\/exaudi.org\/es\/laicos-catolicos-y-los-desafios-de-la-sociedad\/\" \/>\n<meta property=\"og:site_name\" content=\"Exaudi\" \/>\n<meta property=\"article:publisher\" content=\"https:\/\/www.facebook.com\/ExaudiNews\" \/>\n<meta property=\"article:published_time\" content=\"2022-11-14T21:00:29+00:00\" \/>\n<meta property=\"og:image\" content=\"https:\/\/exaudi.org\/wp-content\/uploads\/2022\/11\/lumelyv-1576654966184-cathopic-scaled.jpg\" \/>\n\t<meta property=\"og:image:width\" content=\"2560\" \/>\n\t<meta property=\"og:image:height\" content=\"1696\" \/>\n\t<meta property=\"og:image:type\" content=\"image\/jpeg\" \/>\n<meta name=\"author\" content=\"Academia de L\u00edderes Cat\u00f3licos\" \/>\n<meta name=\"twitter:card\" content=\"summary_large_image\" \/>\n<meta name=\"twitter:creator\" content=\"@Exaudi_News\" \/>\n<meta name=\"twitter:site\" content=\"@Exaudi_News\" \/>\n<meta name=\"twitter:label1\" content=\"Escrito por\" \/>\n\t<meta name=\"twitter:data1\" content=\"Academia de L\u00edderes Cat\u00f3licos\" \/>\n\t<meta name=\"twitter:label2\" content=\"Tiempo de lectura\" \/>\n\t<meta name=\"twitter:data2\" content=\"5 minutos\" \/>\n<script type=\"application\/ld+json\" class=\"yoast-schema-graph\">{\"@context\":\"https:\\\/\\\/schema.org\",\"@graph\":[{\"@type\":\"Article\",\"@id\":\"https:\\\/\\\/exaudi.org\\\/es\\\/laicos-catolicos-y-los-desafios-de-la-sociedad\\\/#article\",\"isPartOf\":{\"@id\":\"https:\\\/\\\/exaudi.org\\\/es\\\/laicos-catolicos-y-los-desafios-de-la-sociedad\\\/\"},\"author\":{\"name\":\"Academia de L\u00edderes Cat\u00f3licos\",\"@id\":\"https:\\\/\\\/exaudi.org\\\/#\\\/schema\\\/person\\\/334968a332d5dad9f94e08897852c6af\"},\"headline\":\"Laicos Cat\u00f3licos y los Desaf\u00edos de la Sociedad\",\"datePublished\":\"2022-11-14T21:00:29+00:00\",\"mainEntityOfPage\":{\"@id\":\"https:\\\/\\\/exaudi.org\\\/es\\\/laicos-catolicos-y-los-desafios-de-la-sociedad\\\/\"},\"wordCount\":1030,\"image\":{\"@id\":\"https:\\\/\\\/exaudi.org\\\/es\\\/laicos-catolicos-y-los-desafios-de-la-sociedad\\\/#primaryimage\"},\"thumbnailUrl\":\"https:\\\/\\\/exaudi.org\\\/wp-content\\\/uploads\\\/2022\\\/11\\\/lumelyv-1576654966184-cathopic-scaled.jpg\",\"keywords\":[\"Academia de L\u00edderes Cat\u00f3licos\",\"Formaci\u00f3n\",\"Nuestra Se\u00f1ora de Guadalupe\",\"Participaci\u00f3n\",\"Trending\"],\"articleSection\":[\"Voces\"],\"inLanguage\":\"es\"},{\"@type\":\"WebPage\",\"@id\":\"https:\\\/\\\/exaudi.org\\\/es\\\/laicos-catolicos-y-los-desafios-de-la-sociedad\\\/\",\"url\":\"https:\\\/\\\/exaudi.org\\\/es\\\/laicos-catolicos-y-los-desafios-de-la-sociedad\\\/\",\"name\":\"Laicos Cat\u00f3licos y los Desaf\u00edos de la Sociedad &#8211; Exaudi\",\"isPartOf\":{\"@id\":\"https:\\\/\\\/exaudi.org\\\/#website\"},\"primaryImageOfPage\":{\"@id\":\"https:\\\/\\\/exaudi.org\\\/es\\\/laicos-catolicos-y-los-desafios-de-la-sociedad\\\/#primaryimage\"},\"image\":{\"@id\":\"https:\\\/\\\/exaudi.org\\\/es\\\/laicos-catolicos-y-los-desafios-de-la-sociedad\\\/#primaryimage\"},\"thumbnailUrl\":\"https:\\\/\\\/exaudi.org\\\/wp-content\\\/uploads\\\/2022\\\/11\\\/lumelyv-1576654966184-cathopic-scaled.jpg\",\"datePublished\":\"2022-11-14T21:00:29+00:00\",\"author\":{\"@id\":\"https:\\\/\\\/exaudi.org\\\/#\\\/schema\\\/person\\\/334968a332d5dad9f94e08897852c6af\"},\"breadcrumb\":{\"@id\":\"https:\\\/\\\/exaudi.org\\\/es\\\/laicos-catolicos-y-los-desafios-de-la-sociedad\\\/#breadcrumb\"},\"inLanguage\":\"es\",\"potentialAction\":[{\"@type\":\"ReadAction\",\"target\":[\"https:\\\/\\\/exaudi.org\\\/es\\\/laicos-catolicos-y-los-desafios-de-la-sociedad\\\/\"]}]},{\"@type\":\"ImageObject\",\"inLanguage\":\"es\",\"@id\":\"https:\\\/\\\/exaudi.org\\\/es\\\/laicos-catolicos-y-los-desafios-de-la-sociedad\\\/#primaryimage\",\"url\":\"https:\\\/\\\/exaudi.org\\\/wp-content\\\/uploads\\\/2022\\\/11\\\/lumelyv-1576654966184-cathopic-scaled.jpg\",\"contentUrl\":\"https:\\\/\\\/exaudi.org\\\/wp-content\\\/uploads\\\/2022\\\/11\\\/lumelyv-1576654966184-cathopic-scaled.jpg\",\"width\":2560,\"height\":1696,\"caption\":\"\u00a9 Academia de L\u00edderes Cat\u00f3licos\"},{\"@type\":\"BreadcrumbList\",\"@id\":\"https:\\\/\\\/exaudi.org\\\/es\\\/laicos-catolicos-y-los-desafios-de-la-sociedad\\\/#breadcrumb\",\"itemListElement\":[{\"@type\":\"ListItem\",\"position\":1,\"name\":\"Portada\",\"item\":\"https:\\\/\\\/exaudi.org\\\/es\\\/\"},{\"@type\":\"ListItem\",\"position\":2,\"name\":\"Laicos Cat\u00f3licos y los Desaf\u00edos de la Sociedad\"}]},{\"@type\":\"WebSite\",\"@id\":\"https:\\\/\\\/exaudi.org\\\/#website\",\"url\":\"https:\\\/\\\/exaudi.org\\\/\",\"name\":\"Exaudi\",\"description\":\"News\",\"potentialAction\":[{\"@type\":\"SearchAction\",\"target\":{\"@type\":\"EntryPoint\",\"urlTemplate\":\"https:\\\/\\\/exaudi.org\\\/?s={search_term_string}\"},\"query-input\":{\"@type\":\"PropertyValueSpecification\",\"valueRequired\":true,\"valueName\":\"search_term_string\"}}],\"inLanguage\":\"es\"},{\"@type\":\"Person\",\"@id\":\"https:\\\/\\\/exaudi.org\\\/#\\\/schema\\\/person\\\/334968a332d5dad9f94e08897852c6af\",\"name\":\"Academia de L\u00edderes Cat\u00f3licos\",\"image\":{\"@type\":\"ImageObject\",\"inLanguage\":\"es\",\"@id\":\"https:\\\/\\\/secure.gravatar.com\\\/avatar\\\/80d80b1e34d8fa01f6b95d10e695853ca4ea7e054050e21ad1a15d546d4600ca?s=96&d=mm&r=g\",\"url\":\"https:\\\/\\\/secure.gravatar.com\\\/avatar\\\/80d80b1e34d8fa01f6b95d10e695853ca4ea7e054050e21ad1a15d546d4600ca?s=96&d=mm&r=g\",\"contentUrl\":\"https:\\\/\\\/secure.gravatar.com\\\/avatar\\\/80d80b1e34d8fa01f6b95d10e695853ca4ea7e054050e21ad1a15d546d4600ca?s=96&d=mm&r=g\",\"caption\":\"Academia de L\u00edderes Cat\u00f3licos\"},\"description\":\"Es una fundaci\u00f3n de derecho privado sin fines de lucro que busca formar cat\u00f3licos que a partir de la experiencia cristiana desarrollen su vocaci\u00f3n pol\u00edtica con la ayuda de la Doctrina Social de la Iglesia. La Academia Latinoamericana de L\u00edderes Cat\u00f3licos tiene como misi\u00f3n, formar l\u00edderes desde una perspectiva cat\u00f3lica, arraigados en la fe de la Iglesia, para transformar el mundo social, pol\u00edtico y econ\u00f3mico a la luz de la Doctrina Social de la Iglesia. Formar una nueva generaci\u00f3n de cat\u00f3licos latinoamericanos con responsabilidades pol\u00edticas y sociales para que transformen el rostro del continente al servicio de sus pueblos, a la luz del Magisterio de la Iglesia y de cara a los Jubileos del V Centenario Guadalupano y de los dos mil a\u00f1os de la redenci\u00f3n.\",\"sameAs\":[\"https:\\\/\\\/liderescatolicos.net\\\/\",\"https:\\\/\\\/www.youtube.com\\\/c\\\/LderesCatlicos\"],\"url\":\"https:\\\/\\\/exaudi.org\\\/es\\\/author\\\/academia-de-lideres-catolicos\\\/\"}]}<\/script>\n<!-- \/ Yoast SEO plugin. -->","yoast_head_json":{"title":"Laicos Cat\u00f3licos y los Desaf\u00edos de la Sociedad &#8211; Exaudi","robots":{"index":"index","follow":"follow","max-snippet":"max-snippet:-1","max-image-preview":"max-image-preview:large","max-video-preview":"max-video-preview:-1"},"canonical":"https:\/\/exaudi.org\/es\/laicos-catolicos-y-los-desafios-de-la-sociedad\/","og_locale":"es_ES","og_type":"article","og_title":"Laicos Cat\u00f3licos y los Desaf\u00edos de la Sociedad &#8211; Exaudi","og_description":"Importancia de participar, formaci\u00f3n para la acci\u00f3n y nada es imposible para qui\u00e9n obra en uni\u00f3n con Dios","og_url":"https:\/\/exaudi.org\/es\/laicos-catolicos-y-los-desafios-de-la-sociedad\/","og_site_name":"Exaudi","article_publisher":"https:\/\/www.facebook.com\/ExaudiNews","article_published_time":"2022-11-14T21:00:29+00:00","og_image":[{"width":2560,"height":1696,"url":"https:\/\/exaudi.org\/wp-content\/uploads\/2022\/11\/lumelyv-1576654966184-cathopic-scaled.jpg","type":"image\/jpeg"}],"author":"Academia de L\u00edderes Cat\u00f3licos","twitter_card":"summary_large_image","twitter_creator":"@Exaudi_News","twitter_site":"@Exaudi_News","twitter_misc":{"Escrito por":"Academia de L\u00edderes Cat\u00f3licos","Tiempo de lectura":"5 minutos"},"schema":{"@context":"https:\/\/schema.org","@graph":[{"@type":"Article","@id":"https:\/\/exaudi.org\/es\/laicos-catolicos-y-los-desafios-de-la-sociedad\/#article","isPartOf":{"@id":"https:\/\/exaudi.org\/es\/laicos-catolicos-y-los-desafios-de-la-sociedad\/"},"author":{"name":"Academia de L\u00edderes Cat\u00f3licos","@id":"https:\/\/exaudi.org\/#\/schema\/person\/334968a332d5dad9f94e08897852c6af"},"headline":"Laicos Cat\u00f3licos y los Desaf\u00edos de la Sociedad","datePublished":"2022-11-14T21:00:29+00:00","mainEntityOfPage":{"@id":"https:\/\/exaudi.org\/es\/laicos-catolicos-y-los-desafios-de-la-sociedad\/"},"wordCount":1030,"image":{"@id":"https:\/\/exaudi.org\/es\/laicos-catolicos-y-los-desafios-de-la-sociedad\/#primaryimage"},"thumbnailUrl":"https:\/\/exaudi.org\/wp-content\/uploads\/2022\/11\/lumelyv-1576654966184-cathopic-scaled.jpg","keywords":["Academia de L\u00edderes Cat\u00f3licos","Formaci\u00f3n","Nuestra Se\u00f1ora de Guadalupe","Participaci\u00f3n","Trending"],"articleSection":["Voces"],"inLanguage":"es"},{"@type":"WebPage","@id":"https:\/\/exaudi.org\/es\/laicos-catolicos-y-los-desafios-de-la-sociedad\/","url":"https:\/\/exaudi.org\/es\/laicos-catolicos-y-los-desafios-de-la-sociedad\/","name":"Laicos Cat\u00f3licos y los Desaf\u00edos de la Sociedad &#8211; Exaudi","isPartOf":{"@id":"https:\/\/exaudi.org\/#website"},"primaryImageOfPage":{"@id":"https:\/\/exaudi.org\/es\/laicos-catolicos-y-los-desafios-de-la-sociedad\/#primaryimage"},"image":{"@id":"https:\/\/exaudi.org\/es\/laicos-catolicos-y-los-desafios-de-la-sociedad\/#primaryimage"},"thumbnailUrl":"https:\/\/exaudi.org\/wp-content\/uploads\/2022\/11\/lumelyv-1576654966184-cathopic-scaled.jpg","datePublished":"2022-11-14T21:00:29+00:00","author":{"@id":"https:\/\/exaudi.org\/#\/schema\/person\/334968a332d5dad9f94e08897852c6af"},"breadcrumb":{"@id":"https:\/\/exaudi.org\/es\/laicos-catolicos-y-los-desafios-de-la-sociedad\/#breadcrumb"},"inLanguage":"es","potentialAction":[{"@type":"ReadAction","target":["https:\/\/exaudi.org\/es\/laicos-catolicos-y-los-desafios-de-la-sociedad\/"]}]},{"@type":"ImageObject","inLanguage":"es","@id":"https:\/\/exaudi.org\/es\/laicos-catolicos-y-los-desafios-de-la-sociedad\/#primaryimage","url":"https:\/\/exaudi.org\/wp-content\/uploads\/2022\/11\/lumelyv-1576654966184-cathopic-scaled.jpg","contentUrl":"https:\/\/exaudi.org\/wp-content\/uploads\/2022\/11\/lumelyv-1576654966184-cathopic-scaled.jpg","width":2560,"height":1696,"caption":"\u00a9 Academia de L\u00edderes Cat\u00f3licos"},{"@type":"BreadcrumbList","@id":"https:\/\/exaudi.org\/es\/laicos-catolicos-y-los-desafios-de-la-sociedad\/#breadcrumb","itemListElement":[{"@type":"ListItem","position":1,"name":"Portada","item":"https:\/\/exaudi.org\/es\/"},{"@type":"ListItem","position":2,"name":"Laicos Cat\u00f3licos y los Desaf\u00edos de la Sociedad"}]},{"@type":"WebSite","@id":"https:\/\/exaudi.org\/#website","url":"https:\/\/exaudi.org\/","name":"Exaudi","description":"News","potentialAction":[{"@type":"SearchAction","target":{"@type":"EntryPoint","urlTemplate":"https:\/\/exaudi.org\/?s={search_term_string}"},"query-input":{"@type":"PropertyValueSpecification","valueRequired":true,"valueName":"search_term_string"}}],"inLanguage":"es"},{"@type":"Person","@id":"https:\/\/exaudi.org\/#\/schema\/person\/334968a332d5dad9f94e08897852c6af","name":"Academia de L\u00edderes Cat\u00f3licos","image":{"@type":"ImageObject","inLanguage":"es","@id":"https:\/\/secure.gravatar.com\/avatar\/80d80b1e34d8fa01f6b95d10e695853ca4ea7e054050e21ad1a15d546d4600ca?s=96&d=mm&r=g","url":"https:\/\/secure.gravatar.com\/avatar\/80d80b1e34d8fa01f6b95d10e695853ca4ea7e054050e21ad1a15d546d4600ca?s=96&d=mm&r=g","contentUrl":"https:\/\/secure.gravatar.com\/avatar\/80d80b1e34d8fa01f6b95d10e695853ca4ea7e054050e21ad1a15d546d4600ca?s=96&d=mm&r=g","caption":"Academia de L\u00edderes Cat\u00f3licos"},"description":"Es una fundaci\u00f3n de derecho privado sin fines de lucro que busca formar cat\u00f3licos que a partir de la experiencia cristiana desarrollen su vocaci\u00f3n pol\u00edtica con la ayuda de la Doctrina Social de la Iglesia. La Academia Latinoamericana de L\u00edderes Cat\u00f3licos tiene como misi\u00f3n, formar l\u00edderes desde una perspectiva cat\u00f3lica, arraigados en la fe de la Iglesia, para transformar el mundo social, pol\u00edtico y econ\u00f3mico a la luz de la Doctrina Social de la Iglesia. Formar una nueva generaci\u00f3n de cat\u00f3licos latinoamericanos con responsabilidades pol\u00edticas y sociales para que transformen el rostro del continente al servicio de sus pueblos, a la luz del Magisterio de la Iglesia y de cara a los Jubileos del V Centenario Guadalupano y de los dos mil a\u00f1os de la redenci\u00f3n.","sameAs":["https:\/\/liderescatolicos.net\/","https:\/\/www.youtube.com\/c\/LderesCatlicos"],"url":"https:\/\/exaudi.org\/es\/author\/academia-de-lideres-catolicos\/"}]}},"jetpack_featured_media_url":"https:\/\/exaudi.org\/wp-content\/uploads\/2022\/11\/lumelyv-1576654966184-cathopic-scaled.jpg","jetpack_shortlink":"https:\/\/wp.me\/pgKjF2-h4J","_links":{"self":[{"href":"https:\/\/exaudi.org\/es\/wp-json\/wp\/v2\/posts\/65641","targetHints":{"allow":["GET"]}}],"collection":[{"href":"https:\/\/exaudi.org\/es\/wp-json\/wp\/v2\/posts"}],"about":[{"href":"https:\/\/exaudi.org\/es\/wp-json\/wp\/v2\/types\/post"}],"author":[{"embeddable":true,"href":"https:\/\/exaudi.org\/es\/wp-json\/wp\/v2\/users\/107"}],"replies":[{"embeddable":true,"href":"https:\/\/exaudi.org\/es\/wp-json\/wp\/v2\/comments?post=65641"}],"version-history":[{"count":0,"href":"https:\/\/exaudi.org\/es\/wp-json\/wp\/v2\/posts\/65641\/revisions"}],"wp:featuredmedia":[{"embeddable":true,"href":"https:\/\/exaudi.org\/es\/wp-json\/wp\/v2\/media\/65642"}],"wp:attachment":[{"href":"https:\/\/exaudi.org\/es\/wp-json\/wp\/v2\/media?parent=65641"}],"wp:term":[{"taxonomy":"category","embeddable":true,"href":"https:\/\/exaudi.org\/es\/wp-json\/wp\/v2\/categories?post=65641"},{"taxonomy":"post_tag","embeddable":true,"href":"https:\/\/exaudi.org\/es\/wp-json\/wp\/v2\/tags?post=65641"}],"curies":[{"name":"wp","href":"https:\/\/api.w.org\/{rel}","templated":true}]}}