{"id":65530,"date":"2022-11-13T19:37:17","date_gmt":"2022-11-13T18:37:17","guid":{"rendered":"https:\/\/exaudi.org\/?p=65530"},"modified":"2022-11-13T19:37:17","modified_gmt":"2022-11-13T18:37:17","slug":"de-lo-digital-a-lo-presencial-2","status":"publish","type":"post","link":"https:\/\/exaudi.org\/es\/de-lo-digital-a-lo-presencial-2\/","title":{"rendered":"De lo digital a lo presencial"},"content":{"rendered":"<p>La Macrofiesta del Rosario es una iniciativa personal que nace despu\u00e9s de la pandemia donde cuatro enamorados de la verdad y del amor a los dem\u00e1s rezan el Santo Rosario, la oraci\u00f3n preferida de la Virgen, de una manera discernida, todos los domingos a las 21:30h a trav\u00e9s de sus cuentas de Instagram @quintanajosepmaria @pacheco.doria @viajarentrelineas @lavirgendelaalegria.<\/p>\n<p>Su primer destino presencial fue Madrid, en la Iglesia del Buen Suceso, donde reunieron a m\u00e1s de 500 personas.<\/p>\n<p><img loading=\"lazy\" decoding=\"async\" class=\"alignleft wp-image-65574 size-medium\" src=\"https:\/\/exaudi.org\/wp-content\/uploads\/2022\/11\/WhatsApp-Image-2022-11-13-at-11.04.17-3-1-200x300.jpg\" alt=\"\" width=\"200\" height=\"300\" srcset=\"https:\/\/exaudi.org\/wp-content\/uploads\/2022\/11\/WhatsApp-Image-2022-11-13-at-11.04.17-3-1-200x300.jpg 200w, https:\/\/exaudi.org\/wp-content\/uploads\/2022\/11\/WhatsApp-Image-2022-11-13-at-11.04.17-3-1-500x750.jpg 500w, https:\/\/exaudi.org\/wp-content\/uploads\/2022\/11\/WhatsApp-Image-2022-11-13-at-11.04.17-3-1.jpg 683w, https:\/\/exaudi.org\/wp-content\/uploads\/2022\/11\/WhatsApp-Image-2022-11-13-at-11.04.17-3-1-293x439.jpg 293w, https:\/\/exaudi.org\/wp-content\/uploads\/2022\/11\/WhatsApp-Image-2022-11-13-at-11.04.17-3-1-390x585.jpg 390w\" sizes=\"auto, (max-width: 200px) 100vw, 200px\" \/> En verano estuvieron en Medjugorje agradeciendo a la Virgen esa labor encomendada desde el cielo donde les acompa\u00f1aron 120 personas en peregrinaci\u00f3n. Este s\u00e1bado 12 de noviembre se reunieron en Barcelona para rezar al un\u00edsono y en familia el Santo Rosario en la iglesia de Santa Mar\u00eda de Gracia. Esta gran \u201cparroquia de instagram\u201d abraza todas las sensibilidades, de todas las edades y re\u00fane todos los domingos a m\u00e1s de 1400 personas en directo llegando a pasar por un Rosario de cada domingo 70.000 personas \u00fanicas.<\/p>\n<p>La misi\u00f3n de la Macrofiesta del Rosario es, en primer lugar, decir S\u00cd en may\u00fasculas, como hizo nuestra Madre, donde al margen de los quehaceres de los 4 integrantes todos los domingos est\u00e1n conectados. En segundo lugar, y tal como dijo Don Jos\u00e9 Mar\u00eda Quintana, uno de los miembros de la macrofiesta del Rosario, la Macrofiesta del Rosario es \u201cuna nueva forma de evangelizaci\u00f3n\u201d donde el \u201cno\u201d no existe nunca para hacer el bien\u201d. Y en tercer lugar, esta nueva manera de evangelizar va de lo digital a lo presencial, atendiendo una a una a las personas que se ponen en contacto con ellos.<\/p>\n<p>Ante un contexto de un contenido falto de valor en redes sociales en varias ocasiones han repetido la frase que dijo San Josemar\u00eda Escriv\u00e1 de Balaguer: \u201c<em>Ahogar el mal en abundancia de bien<\/em>\u201d.<\/p>\n<p><img loading=\"lazy\" decoding=\"async\" class=\"wp-image-65577 size-full aligncenter\" src=\"https:\/\/exaudi.org\/wp-content\/uploads\/2022\/11\/WhatsApp-Image-2022-11-13-at-11.04.17-4-1.jpg\" alt=\"\" width=\"683\" height=\"1024\" srcset=\"https:\/\/exaudi.org\/wp-content\/uploads\/2022\/11\/WhatsApp-Image-2022-11-13-at-11.04.17-4-1.jpg 683w, https:\/\/exaudi.org\/wp-content\/uploads\/2022\/11\/WhatsApp-Image-2022-11-13-at-11.04.17-4-1-200x300.jpg 200w, https:\/\/exaudi.org\/wp-content\/uploads\/2022\/11\/WhatsApp-Image-2022-11-13-at-11.04.17-4-1-500x750.jpg 500w, https:\/\/exaudi.org\/wp-content\/uploads\/2022\/11\/WhatsApp-Image-2022-11-13-at-11.04.17-4-1-293x439.jpg 293w, https:\/\/exaudi.org\/wp-content\/uploads\/2022\/11\/WhatsApp-Image-2022-11-13-at-11.04.17-4-1-390x585.jpg 390w\" sizes=\"auto, (max-width: 683px) 100vw, 683px\" \/><\/p>\n<p>&nbsp;<\/p>\n<p>&nbsp;<\/p>\n<p>&nbsp;<\/p>\n","protected":false},"excerpt":{"rendered":"<p>La iniciativa de La Macrofiesta del Rosario tiene su tercer encuentro presencial en Barcelona (Espa\u00f1a)<\/p>\n","protected":false},"author":15,"featured_media":65552,"comment_status":"closed","ping_status":"closed","sticky":false,"template":"","format":"standard","meta":{"_acf_changed":false,"_crdt_document":"","inline_featured_image":false,"footnotes":""},"categories":[74],"tags":[6708,6693,7566,7567,4953,7568],"class_list":["post-65530","post","type-post","status-publish","format-standard","has-post-thumbnail","hentry","category-iglesia-y-mundo","tag-evangelizadores-digitales","tag-macrofiesta","tag-pacheco","tag-quintana","tag-trending-es","tag-virgen-de-la-alegria"],"acf":[],"yoast_head":"<!-- This site is optimized with the Yoast SEO plugin v27.5 - https:\/\/yoast.com\/product\/yoast-seo-wordpress\/ -->\n<title>De lo digital a lo presencial &#8211; Exaudi<\/title>\n<meta name=\"robots\" content=\"index, follow, max-snippet:-1, max-image-preview:large, max-video-preview:-1\" \/>\n<link rel=\"canonical\" href=\"https:\/\/exaudi.org\/es\/de-lo-digital-a-lo-presencial-2\/\" \/>\n<meta property=\"og:locale\" content=\"es_ES\" \/>\n<meta property=\"og:type\" content=\"article\" \/>\n<meta property=\"og:title\" content=\"De lo digital a lo presencial &#8211; Exaudi\" \/>\n<meta property=\"og:description\" content=\"La iniciativa de La Macrofiesta del Rosario tiene su tercer encuentro presencial en Barcelona (Espa\u00f1a)\" \/>\n<meta property=\"og:url\" content=\"https:\/\/exaudi.org\/es\/de-lo-digital-a-lo-presencial-2\/\" \/>\n<meta property=\"og:site_name\" content=\"Exaudi\" \/>\n<meta property=\"article:publisher\" content=\"https:\/\/www.facebook.com\/ExaudiNews\" \/>\n<meta property=\"article:author\" content=\"https:\/\/www.facebook.com\/ExaudiNoticias\/\" \/>\n<meta property=\"article:published_time\" content=\"2022-11-13T18:37:17+00:00\" \/>\n<meta property=\"og:image\" content=\"https:\/\/exaudi.org\/wp-content\/uploads\/2022\/11\/WhatsApp-Image-2022-11-13-at-11.04.16.jpeg\" \/>\n\t<meta property=\"og:image:width\" content=\"1024\" \/>\n\t<meta property=\"og:image:height\" content=\"683\" \/>\n\t<meta property=\"og:image:type\" content=\"image\/jpeg\" \/>\n<meta name=\"author\" content=\"Exaudi Redacci\u00f3n\" \/>\n<meta name=\"twitter:card\" content=\"summary_large_image\" \/>\n<meta name=\"twitter:creator\" content=\"@Exaudi_noticias\" \/>\n<meta name=\"twitter:site\" content=\"@Exaudi_News\" \/>\n<meta name=\"twitter:label1\" content=\"Escrito por\" \/>\n\t<meta name=\"twitter:data1\" content=\"Exaudi Redacci\u00f3n\" \/>\n\t<meta name=\"twitter:label2\" content=\"Tiempo de lectura\" \/>\n\t<meta name=\"twitter:data2\" content=\"2 minutos\" \/>\n<script type=\"application\/ld+json\" class=\"yoast-schema-graph\">{\"@context\":\"https:\\\/\\\/schema.org\",\"@graph\":[{\"@type\":\"Article\",\"@id\":\"https:\\\/\\\/exaudi.org\\\/es\\\/de-lo-digital-a-lo-presencial-2\\\/#article\",\"isPartOf\":{\"@id\":\"https:\\\/\\\/exaudi.org\\\/es\\\/de-lo-digital-a-lo-presencial-2\\\/\"},\"author\":{\"name\":\"Exaudi Redacci\u00f3n\",\"@id\":\"https:\\\/\\\/exaudi.org\\\/#\\\/schema\\\/person\\\/f5fc8f063065e38742da7afe15f25df7\"},\"headline\":\"De lo digital a lo presencial\",\"datePublished\":\"2022-11-13T18:37:17+00:00\",\"mainEntityOfPage\":{\"@id\":\"https:\\\/\\\/exaudi.org\\\/es\\\/de-lo-digital-a-lo-presencial-2\\\/\"},\"wordCount\":321,\"image\":{\"@id\":\"https:\\\/\\\/exaudi.org\\\/es\\\/de-lo-digital-a-lo-presencial-2\\\/#primaryimage\"},\"thumbnailUrl\":\"https:\\\/\\\/exaudi.org\\\/wp-content\\\/uploads\\\/2022\\\/11\\\/WhatsApp-Image-2022-11-13-at-11.04.16.jpeg\",\"keywords\":[\"Evangelizadores digitales\",\"Macrofiesta\",\"Pacheco\",\"Quintana\",\"Trending\",\"Virgen de la Alegr\u00eda\"],\"articleSection\":[\"Iglesia y Mundo\"],\"inLanguage\":\"es\"},{\"@type\":\"WebPage\",\"@id\":\"https:\\\/\\\/exaudi.org\\\/es\\\/de-lo-digital-a-lo-presencial-2\\\/\",\"url\":\"https:\\\/\\\/exaudi.org\\\/es\\\/de-lo-digital-a-lo-presencial-2\\\/\",\"name\":\"De lo digital a lo presencial &#8211; Exaudi\",\"isPartOf\":{\"@id\":\"https:\\\/\\\/exaudi.org\\\/#website\"},\"primaryImageOfPage\":{\"@id\":\"https:\\\/\\\/exaudi.org\\\/es\\\/de-lo-digital-a-lo-presencial-2\\\/#primaryimage\"},\"image\":{\"@id\":\"https:\\\/\\\/exaudi.org\\\/es\\\/de-lo-digital-a-lo-presencial-2\\\/#primaryimage\"},\"thumbnailUrl\":\"https:\\\/\\\/exaudi.org\\\/wp-content\\\/uploads\\\/2022\\\/11\\\/WhatsApp-Image-2022-11-13-at-11.04.16.jpeg\",\"datePublished\":\"2022-11-13T18:37:17+00:00\",\"author\":{\"@id\":\"https:\\\/\\\/exaudi.org\\\/#\\\/schema\\\/person\\\/f5fc8f063065e38742da7afe15f25df7\"},\"breadcrumb\":{\"@id\":\"https:\\\/\\\/exaudi.org\\\/es\\\/de-lo-digital-a-lo-presencial-2\\\/#breadcrumb\"},\"inLanguage\":\"es\",\"potentialAction\":[{\"@type\":\"ReadAction\",\"target\":[\"https:\\\/\\\/exaudi.org\\\/es\\\/de-lo-digital-a-lo-presencial-2\\\/\"]}]},{\"@type\":\"ImageObject\",\"inLanguage\":\"es\",\"@id\":\"https:\\\/\\\/exaudi.org\\\/es\\\/de-lo-digital-a-lo-presencial-2\\\/#primaryimage\",\"url\":\"https:\\\/\\\/exaudi.org\\\/wp-content\\\/uploads\\\/2022\\\/11\\\/WhatsApp-Image-2022-11-13-at-11.04.16.jpeg\",\"contentUrl\":\"https:\\\/\\\/exaudi.org\\\/wp-content\\\/uploads\\\/2022\\\/11\\\/WhatsApp-Image-2022-11-13-at-11.04.16.jpeg\",\"width\":1024,\"height\":683},{\"@type\":\"BreadcrumbList\",\"@id\":\"https:\\\/\\\/exaudi.org\\\/es\\\/de-lo-digital-a-lo-presencial-2\\\/#breadcrumb\",\"itemListElement\":[{\"@type\":\"ListItem\",\"position\":1,\"name\":\"Portada\",\"item\":\"https:\\\/\\\/exaudi.org\\\/es\\\/\"},{\"@type\":\"ListItem\",\"position\":2,\"name\":\"De lo digital a lo presencial\"}]},{\"@type\":\"WebSite\",\"@id\":\"https:\\\/\\\/exaudi.org\\\/#website\",\"url\":\"https:\\\/\\\/exaudi.org\\\/\",\"name\":\"Exaudi\",\"description\":\"News\",\"potentialAction\":[{\"@type\":\"SearchAction\",\"target\":{\"@type\":\"EntryPoint\",\"urlTemplate\":\"https:\\\/\\\/exaudi.org\\\/?s={search_term_string}\"},\"query-input\":{\"@type\":\"PropertyValueSpecification\",\"valueRequired\":true,\"valueName\":\"search_term_string\"}}],\"inLanguage\":\"es\"},{\"@type\":\"Person\",\"@id\":\"https:\\\/\\\/exaudi.org\\\/#\\\/schema\\\/person\\\/f5fc8f063065e38742da7afe15f25df7\",\"name\":\"Exaudi Redacci\u00f3n\",\"image\":{\"@type\":\"ImageObject\",\"inLanguage\":\"es\",\"@id\":\"https:\\\/\\\/secure.gravatar.com\\\/avatar\\\/fe0f6a059fb68d9b3e11bc5850dd4899b1c7492091a3cb6dd9b01b56ad828be2?s=96&d=mm&r=g\",\"url\":\"https:\\\/\\\/secure.gravatar.com\\\/avatar\\\/fe0f6a059fb68d9b3e11bc5850dd4899b1c7492091a3cb6dd9b01b56ad828be2?s=96&d=mm&r=g\",\"contentUrl\":\"https:\\\/\\\/secure.gravatar.com\\\/avatar\\\/fe0f6a059fb68d9b3e11bc5850dd4899b1c7492091a3cb6dd9b01b56ad828be2?s=96&d=mm&r=g\",\"caption\":\"Exaudi Redacci\u00f3n\"},\"description\":\"\u00bfQu\u00e9 es Exaudi News? Exaudi News es un medio de comunicaci\u00f3n cat\u00f3lico internacional que informa, forma y transforma, diariamente en espa\u00f1ol, ingl\u00e9s e italiano. A trav\u00e9s de noticias, art\u00edculos de an\u00e1lisis y transmisiones en directo de los eventos del Papa, Exaudi busca fortalecer la unidad de los cristianos y contribuir a la evangelizaci\u00f3n del mundo, siempre guiados por la doctrina social de la Iglesia. Trabajamos para acercar la verdad y los valores cristianos a cada rinc\u00f3n del planeta. \u00a1Ay\u00fadanos a transformar el mundo con Exaudi! En Exaudi creemos que la evangelizaci\u00f3n y la informaci\u00f3n de calidad pueden cambiar vidas. Para continuar con nuestra misi\u00f3n y expandir nuestro alcance, necesitamos tu ayuda. Adem\u00e1s, buscamos personas comprometidas que deseen unirse a nuestro equipo. Con tu apoyo, lograremos llegar a m\u00e1s personas, difundir el mensaje de Cristo y reforzar la unidad de los cristianos. \u00bfTe unes a nuestra misi\u00f3n? Para m\u00e1s informaci\u00f3n sobre c\u00f3mo colaborar, visita Exaudi.org\\\/es o cont\u00e1ctanos directamente: info@exaudi.org Exaudi: Informa, forma y transforma.\",\"sameAs\":[\"https:\\\/\\\/www.facebook.com\\\/ExaudiNoticias\\\/\",\"https:\\\/\\\/www.instagram.com\\\/exaudi_noticias\\\/\",\"https:\\\/\\\/x.com\\\/Exaudi_noticias\",\"https:\\\/\\\/www.youtube.com\\\/@exaudicatholicnews\"],\"url\":\"https:\\\/\\\/exaudi.org\\\/es\\\/author\\\/redaccionexaudi\\\/\"}]}<\/script>\n<!-- \/ Yoast SEO plugin. -->","yoast_head_json":{"title":"De lo digital a lo presencial &#8211; Exaudi","robots":{"index":"index","follow":"follow","max-snippet":"max-snippet:-1","max-image-preview":"max-image-preview:large","max-video-preview":"max-video-preview:-1"},"canonical":"https:\/\/exaudi.org\/es\/de-lo-digital-a-lo-presencial-2\/","og_locale":"es_ES","og_type":"article","og_title":"De lo digital a lo presencial &#8211; Exaudi","og_description":"La iniciativa de La Macrofiesta del Rosario tiene su tercer encuentro presencial en Barcelona (Espa\u00f1a)","og_url":"https:\/\/exaudi.org\/es\/de-lo-digital-a-lo-presencial-2\/","og_site_name":"Exaudi","article_publisher":"https:\/\/www.facebook.com\/ExaudiNews","article_author":"https:\/\/www.facebook.com\/ExaudiNoticias\/","article_published_time":"2022-11-13T18:37:17+00:00","og_image":[{"width":1024,"height":683,"url":"https:\/\/exaudi.org\/wp-content\/uploads\/2022\/11\/WhatsApp-Image-2022-11-13-at-11.04.16.jpeg","type":"image\/jpeg"}],"author":"Exaudi Redacci\u00f3n","twitter_card":"summary_large_image","twitter_creator":"@Exaudi_noticias","twitter_site":"@Exaudi_News","twitter_misc":{"Escrito por":"Exaudi Redacci\u00f3n","Tiempo de lectura":"2 minutos"},"schema":{"@context":"https:\/\/schema.org","@graph":[{"@type":"Article","@id":"https:\/\/exaudi.org\/es\/de-lo-digital-a-lo-presencial-2\/#article","isPartOf":{"@id":"https:\/\/exaudi.org\/es\/de-lo-digital-a-lo-presencial-2\/"},"author":{"name":"Exaudi Redacci\u00f3n","@id":"https:\/\/exaudi.org\/#\/schema\/person\/f5fc8f063065e38742da7afe15f25df7"},"headline":"De lo digital a lo presencial","datePublished":"2022-11-13T18:37:17+00:00","mainEntityOfPage":{"@id":"https:\/\/exaudi.org\/es\/de-lo-digital-a-lo-presencial-2\/"},"wordCount":321,"image":{"@id":"https:\/\/exaudi.org\/es\/de-lo-digital-a-lo-presencial-2\/#primaryimage"},"thumbnailUrl":"https:\/\/exaudi.org\/wp-content\/uploads\/2022\/11\/WhatsApp-Image-2022-11-13-at-11.04.16.jpeg","keywords":["Evangelizadores digitales","Macrofiesta","Pacheco","Quintana","Trending","Virgen de la Alegr\u00eda"],"articleSection":["Iglesia y Mundo"],"inLanguage":"es"},{"@type":"WebPage","@id":"https:\/\/exaudi.org\/es\/de-lo-digital-a-lo-presencial-2\/","url":"https:\/\/exaudi.org\/es\/de-lo-digital-a-lo-presencial-2\/","name":"De lo digital a lo presencial &#8211; Exaudi","isPartOf":{"@id":"https:\/\/exaudi.org\/#website"},"primaryImageOfPage":{"@id":"https:\/\/exaudi.org\/es\/de-lo-digital-a-lo-presencial-2\/#primaryimage"},"image":{"@id":"https:\/\/exaudi.org\/es\/de-lo-digital-a-lo-presencial-2\/#primaryimage"},"thumbnailUrl":"https:\/\/exaudi.org\/wp-content\/uploads\/2022\/11\/WhatsApp-Image-2022-11-13-at-11.04.16.jpeg","datePublished":"2022-11-13T18:37:17+00:00","author":{"@id":"https:\/\/exaudi.org\/#\/schema\/person\/f5fc8f063065e38742da7afe15f25df7"},"breadcrumb":{"@id":"https:\/\/exaudi.org\/es\/de-lo-digital-a-lo-presencial-2\/#breadcrumb"},"inLanguage":"es","potentialAction":[{"@type":"ReadAction","target":["https:\/\/exaudi.org\/es\/de-lo-digital-a-lo-presencial-2\/"]}]},{"@type":"ImageObject","inLanguage":"es","@id":"https:\/\/exaudi.org\/es\/de-lo-digital-a-lo-presencial-2\/#primaryimage","url":"https:\/\/exaudi.org\/wp-content\/uploads\/2022\/11\/WhatsApp-Image-2022-11-13-at-11.04.16.jpeg","contentUrl":"https:\/\/exaudi.org\/wp-content\/uploads\/2022\/11\/WhatsApp-Image-2022-11-13-at-11.04.16.jpeg","width":1024,"height":683},{"@type":"BreadcrumbList","@id":"https:\/\/exaudi.org\/es\/de-lo-digital-a-lo-presencial-2\/#breadcrumb","itemListElement":[{"@type":"ListItem","position":1,"name":"Portada","item":"https:\/\/exaudi.org\/es\/"},{"@type":"ListItem","position":2,"name":"De lo digital a lo presencial"}]},{"@type":"WebSite","@id":"https:\/\/exaudi.org\/#website","url":"https:\/\/exaudi.org\/","name":"Exaudi","description":"News","potentialAction":[{"@type":"SearchAction","target":{"@type":"EntryPoint","urlTemplate":"https:\/\/exaudi.org\/?s={search_term_string}"},"query-input":{"@type":"PropertyValueSpecification","valueRequired":true,"valueName":"search_term_string"}}],"inLanguage":"es"},{"@type":"Person","@id":"https:\/\/exaudi.org\/#\/schema\/person\/f5fc8f063065e38742da7afe15f25df7","name":"Exaudi Redacci\u00f3n","image":{"@type":"ImageObject","inLanguage":"es","@id":"https:\/\/secure.gravatar.com\/avatar\/fe0f6a059fb68d9b3e11bc5850dd4899b1c7492091a3cb6dd9b01b56ad828be2?s=96&d=mm&r=g","url":"https:\/\/secure.gravatar.com\/avatar\/fe0f6a059fb68d9b3e11bc5850dd4899b1c7492091a3cb6dd9b01b56ad828be2?s=96&d=mm&r=g","contentUrl":"https:\/\/secure.gravatar.com\/avatar\/fe0f6a059fb68d9b3e11bc5850dd4899b1c7492091a3cb6dd9b01b56ad828be2?s=96&d=mm&r=g","caption":"Exaudi Redacci\u00f3n"},"description":"\u00bfQu\u00e9 es Exaudi News? Exaudi News es un medio de comunicaci\u00f3n cat\u00f3lico internacional que informa, forma y transforma, diariamente en espa\u00f1ol, ingl\u00e9s e italiano. A trav\u00e9s de noticias, art\u00edculos de an\u00e1lisis y transmisiones en directo de los eventos del Papa, Exaudi busca fortalecer la unidad de los cristianos y contribuir a la evangelizaci\u00f3n del mundo, siempre guiados por la doctrina social de la Iglesia. Trabajamos para acercar la verdad y los valores cristianos a cada rinc\u00f3n del planeta. \u00a1Ay\u00fadanos a transformar el mundo con Exaudi! En Exaudi creemos que la evangelizaci\u00f3n y la informaci\u00f3n de calidad pueden cambiar vidas. Para continuar con nuestra misi\u00f3n y expandir nuestro alcance, necesitamos tu ayuda. Adem\u00e1s, buscamos personas comprometidas que deseen unirse a nuestro equipo. Con tu apoyo, lograremos llegar a m\u00e1s personas, difundir el mensaje de Cristo y reforzar la unidad de los cristianos. \u00bfTe unes a nuestra misi\u00f3n? Para m\u00e1s informaci\u00f3n sobre c\u00f3mo colaborar, visita Exaudi.org\/es o cont\u00e1ctanos directamente: info@exaudi.org Exaudi: Informa, forma y transforma.","sameAs":["https:\/\/www.facebook.com\/ExaudiNoticias\/","https:\/\/www.instagram.com\/exaudi_noticias\/","https:\/\/x.com\/Exaudi_noticias","https:\/\/www.youtube.com\/@exaudicatholicnews"],"url":"https:\/\/exaudi.org\/es\/author\/redaccionexaudi\/"}]}},"jetpack_featured_media_url":"https:\/\/exaudi.org\/wp-content\/uploads\/2022\/11\/WhatsApp-Image-2022-11-13-at-11.04.16.jpeg","jetpack_shortlink":"https:\/\/wp.me\/pgKjF2-h2W","_links":{"self":[{"href":"https:\/\/exaudi.org\/es\/wp-json\/wp\/v2\/posts\/65530","targetHints":{"allow":["GET"]}}],"collection":[{"href":"https:\/\/exaudi.org\/es\/wp-json\/wp\/v2\/posts"}],"about":[{"href":"https:\/\/exaudi.org\/es\/wp-json\/wp\/v2\/types\/post"}],"author":[{"embeddable":true,"href":"https:\/\/exaudi.org\/es\/wp-json\/wp\/v2\/users\/15"}],"replies":[{"embeddable":true,"href":"https:\/\/exaudi.org\/es\/wp-json\/wp\/v2\/comments?post=65530"}],"version-history":[{"count":0,"href":"https:\/\/exaudi.org\/es\/wp-json\/wp\/v2\/posts\/65530\/revisions"}],"wp:featuredmedia":[{"embeddable":true,"href":"https:\/\/exaudi.org\/es\/wp-json\/wp\/v2\/media\/65552"}],"wp:attachment":[{"href":"https:\/\/exaudi.org\/es\/wp-json\/wp\/v2\/media?parent=65530"}],"wp:term":[{"taxonomy":"category","embeddable":true,"href":"https:\/\/exaudi.org\/es\/wp-json\/wp\/v2\/categories?post=65530"},{"taxonomy":"post_tag","embeddable":true,"href":"https:\/\/exaudi.org\/es\/wp-json\/wp\/v2\/tags?post=65530"}],"curies":[{"name":"wp","href":"https:\/\/api.w.org\/{rel}","templated":true}]}}