{"id":65254,"date":"2022-11-09T10:15:11","date_gmt":"2022-11-09T09:15:11","guid":{"rendered":"https:\/\/exaudi.org\/?p=65254"},"modified":"2022-11-09T10:34:03","modified_gmt":"2022-11-09T09:34:03","slug":"el-papa-a-jefe-de-la-iglesia-en-ucrania-estoy-cerca-del-pueblo-ucraniano","status":"publish","type":"post","link":"https:\/\/exaudi.org\/es\/el-papa-a-jefe-de-la-iglesia-en-ucrania-estoy-cerca-del-pueblo-ucraniano\/","title":{"rendered":"El Papa a jefe de la Iglesia en Ucrania: \u201cEstoy cerca del pueblo ucraniano\u201d"},"content":{"rendered":"<p>\u201cEstoy cerca del pueblo ucraniano\u201d, dijo el Papa Francisco al jefe de la Iglesia greco-cat\u00f3lica de Ucrania.<\/p>\n<p>El lunes 7 de noviembre de 2022, monse\u00f1or Sviatoslav Shevchuk, jefe de Iglesia greco-cat\u00f3lica en Ucrania (UGCC) y arzobispo mayor de Kiev-Halic, se reuni\u00f3 con el Santo Padre en el Palacio Apost\u00f3lico del Vaticano.<\/p>\n<p>De acuerdo a <a href=\"https:\/\/ugcc.ua\/data\/ya-e-poruch-z-ukraynskym-narodom-papa-frantsysk-do-blazhennishogo-svyatoslava-1348\/\" target=\"_blank\" rel=\"noopener\">una nota<\/a> de la p\u00e1gina oficial de la Iglesia greco-cat\u00f3lica en Ucrania, el jefe de la UGCC viaj\u00f3 a Roma para \u201cllevar al coraz\u00f3n del mundo cristiano el dolor y el sufrimiento del pueblo ucraniano\u201d, por primera vez desde el comienzo de la guerra en Ucrania.<\/p>\n<p>Durante la conversaci\u00f3n, el Papa expres\u00f3 su cercan\u00eda con el \u201cmartirizado pueblo ucraniano\u201d y asegur\u00f3 que estaba con \u00e9l en oraci\u00f3n y acciones concretas. Tambi\u00e9n hizo un llamamiento al jefe y al clero de la UGCC para \u201ccontinuar el servicio sacrificial en el esp\u00edritu evang\u00e9lico a los m\u00e1s necesitados y afectados por la guerra\u201d.<\/p>\n<p>El comunicado indica que Francisco tambi\u00e9n habl\u00f3 sobre los esfuerzos diplom\u00e1ticos de la Santa Sede para detener la agresi\u00f3n rusa y lograr una paz justa para el pueblo ucraniano. \u201cNuestra preocupaci\u00f3n diaria es tambi\u00e9n alimentar la solidaridad de todo el mundo con los ucranianos\u201d, afirm\u00f3.<\/p>\n<h2><strong>Dolor y sufrimiento del pueblo ucranian<\/strong>o<\/h2>\n<p>Por su parte, monse\u00f1or Shevchuk, subray\u00f3 que el prop\u00f3sito de su visita a la capital apost\u00f3lica \u201ces transmitirle a usted, el Santo Padre, y a sus colaboradores el dolor y el sufrimiento de mi pueblo\u201d.<\/p>\n<p>\u201cLa guerra en Ucrania es claramente colonial y las ofertas de paz que nos llegan de Rusia no son m\u00e1s que la pacificaci\u00f3n de la colonia. Detr\u00e1s de ellos est\u00e1 la negaci\u00f3n del derecho a la existencia del pueblo ucraniano, su historia, cultura y, en particular, la Iglesia. Llevan una negaci\u00f3n del derecho mismo a la existencia del estado ucraniano, reconocido por la comunidad internacional con su soberan\u00eda e integridad territorial\u201d, dijo el jefe de la UGCC al Pont\u00edfice. Asimismo, indic\u00f3 que \u201clas propuestas rusas para la paz a\u00fan no tienen ninguna objetividad para el di\u00e1logo\u201d.<\/p>\n<h2><strong>La labor de la Iglesia durante la guerra<\/strong><\/h2>\n<p>El arzobispo mayor de Kiev-Halic describi\u00f3 al Santo Padre el servicio de la Iglesia greco-cat\u00f3lica ucraniana en condiciones de guerra, y tambi\u00e9n comparti\u00f3 testimonios personales de lo que vio durante las visitas pastorales a las parroquias en el centro, este y sur de Ucrania, los territorios m\u00e1s afectados por la agresi\u00f3n rusa.<\/p>\n<p>\u201cLe cont\u00e9 al Papa sobre el ministerio diario de nuestros obispos, sacerdotes, monjes y monjas en los territorios temporalmente ocupados. Hizo hincapi\u00e9 en que todos nuestros pastores permanecieron con su gente\u201d. Las instalaciones de los templos y monasterios de la Iglesia en el pa\u00eds se han convertido en un refugio y centros de ayuda humanitaria.<\/p>\n<p>Por otro lado, el arzobispo ucraniano present\u00f3 al Obispo de Roma el plan pastoral de la UGCC hasta 2030, cuya tarea principal es ayudar a los refugiados y sanar las heridas de la guerra.<\/p>\n<p>Monse\u00f1or Shevchuk agradeci\u00f3 al Papa sus esfuerzos personales para poner fin a la guerra en Ucrania, la liberaci\u00f3n de prisioneros y la organizaci\u00f3n de la asistencia humanitaria mundial para el pueblo ucraniano.<\/p>\n<h2><strong>Regalo al Santo Padre<\/strong><\/h2>\n<p>Al final de la audiencia, el jefe de la Iglesia greco-cat\u00f3lica en Ucrania, entreg\u00f3 al Santo Padre un regalo simb\u00f3lico: un fragmento de una mina rusa que en marzo destruy\u00f3 la fachada de una iglesia en Irpen.<\/p>\n<p>\u201cEste es un regalo simb\u00f3lico no solo porque es un fragmento de una mina rusa que destruy\u00f3 nuestro templo en la ciudad m\u00e1rtir de Irpen, sino tambi\u00e9n porque extraemos tales fragmentos de minas, bombas y misiles rusos de los cuerpos de ni\u00f1os militares, civiles e incluso inocentes todos los d\u00edas. Son signos visibles de destrucci\u00f3n total y muerte que Rusia est\u00e1 trayendo a suelo ucraniano\u201d.<\/p>\n","protected":false},"excerpt":{"rendered":"<p>1\u00aa visita al Vaticano de monse\u00f1or Sviatoslav Shevchuk desde que comenz\u00f3 la guerra<\/p>\n","protected":false},"author":15,"featured_media":65256,"comment_status":"closed","ping_status":"closed","sticky":false,"template":"","format":"standard","meta":{"_acf_changed":false,"_crdt_document":"","inline_featured_image":false,"footnotes":""},"categories":[74,68],"tags":[6101,6016,158,4953,1235,272],"class_list":["post-65254","post","type-post","status-publish","format-standard","has-post-thumbnail","hentry","category-iglesia-y-mundo","category-leon-xiv","tag-iglesia-greco-catolica-de-ucrania","tag-monsenor-sviatoslav-shevchuk","tag-papa-francisco","tag-trending-es","tag-ucrania","tag-vaticano-es"],"acf":[],"yoast_head":"<!-- This site is optimized with the Yoast SEO plugin v27.5 - https:\/\/yoast.com\/product\/yoast-seo-wordpress\/ -->\n<title>El Papa a jefe de la Iglesia en Ucrania: \u201cEstoy cerca del pueblo ucraniano\u201d &#8211; Exaudi<\/title>\n<meta name=\"description\" content=\"\u201cEstoy cerca del pueblo ucraniano\u201d, dijo el Papa Francisco al jefe de la Iglesia greco-cat\u00f3lica de Ucrania.\" \/>\n<meta name=\"robots\" content=\"index, follow, max-snippet:-1, max-image-preview:large, max-video-preview:-1\" \/>\n<link rel=\"canonical\" href=\"https:\/\/exaudi.org\/es\/el-papa-a-jefe-de-la-iglesia-en-ucrania-estoy-cerca-del-pueblo-ucraniano\/\" \/>\n<meta property=\"og:locale\" content=\"es_ES\" \/>\n<meta property=\"og:type\" content=\"article\" \/>\n<meta property=\"og:title\" content=\"El Papa a jefe de la Iglesia en Ucrania: \u201cEstoy cerca del pueblo ucraniano\u201d &#8211; Exaudi\" \/>\n<meta property=\"og:description\" content=\"\u201cEstoy cerca del pueblo ucraniano\u201d, dijo el Papa Francisco al jefe de la Iglesia greco-cat\u00f3lica de Ucrania.\" \/>\n<meta property=\"og:url\" content=\"https:\/\/exaudi.org\/es\/el-papa-a-jefe-de-la-iglesia-en-ucrania-estoy-cerca-del-pueblo-ucraniano\/\" \/>\n<meta property=\"og:site_name\" content=\"Exaudi\" \/>\n<meta property=\"article:publisher\" content=\"https:\/\/www.facebook.com\/ExaudiNews\" \/>\n<meta property=\"article:author\" content=\"https:\/\/www.facebook.com\/ExaudiNoticias\/\" \/>\n<meta property=\"article:published_time\" content=\"2022-11-09T09:15:11+00:00\" \/>\n<meta property=\"article:modified_time\" content=\"2022-11-09T09:34:03+00:00\" \/>\n<meta property=\"og:image\" content=\"https:\/\/exaudi.org\/wp-content\/uploads\/2022\/11\/El-Papa-Francisco-recibe-a.jpeg\" \/>\n\t<meta property=\"og:image:width\" content=\"1500\" \/>\n\t<meta property=\"og:image:height\" content=\"844\" \/>\n\t<meta property=\"og:image:type\" content=\"image\/jpeg\" \/>\n<meta name=\"author\" content=\"Exaudi Redacci\u00f3n\" \/>\n<meta name=\"twitter:card\" content=\"summary_large_image\" \/>\n<meta name=\"twitter:creator\" content=\"@Exaudi_noticias\" \/>\n<meta name=\"twitter:site\" content=\"@Exaudi_News\" \/>\n<meta name=\"twitter:label1\" content=\"Escrito por\" \/>\n\t<meta name=\"twitter:data1\" content=\"Exaudi Redacci\u00f3n\" \/>\n\t<meta name=\"twitter:label2\" content=\"Tiempo de lectura\" \/>\n\t<meta name=\"twitter:data2\" content=\"3 minutos\" \/>\n<script type=\"application\/ld+json\" class=\"yoast-schema-graph\">{\"@context\":\"https:\\\/\\\/schema.org\",\"@graph\":[{\"@type\":\"Article\",\"@id\":\"https:\\\/\\\/exaudi.org\\\/es\\\/el-papa-a-jefe-de-la-iglesia-en-ucrania-estoy-cerca-del-pueblo-ucraniano\\\/#article\",\"isPartOf\":{\"@id\":\"https:\\\/\\\/exaudi.org\\\/es\\\/el-papa-a-jefe-de-la-iglesia-en-ucrania-estoy-cerca-del-pueblo-ucraniano\\\/\"},\"author\":{\"name\":\"Exaudi Redacci\u00f3n\",\"@id\":\"https:\\\/\\\/exaudi.org\\\/#\\\/schema\\\/person\\\/f5fc8f063065e38742da7afe15f25df7\"},\"headline\":\"El Papa a jefe de la Iglesia en Ucrania: \u201cEstoy cerca del pueblo ucraniano\u201d\",\"datePublished\":\"2022-11-09T09:15:11+00:00\",\"dateModified\":\"2022-11-09T09:34:03+00:00\",\"mainEntityOfPage\":{\"@id\":\"https:\\\/\\\/exaudi.org\\\/es\\\/el-papa-a-jefe-de-la-iglesia-en-ucrania-estoy-cerca-del-pueblo-ucraniano\\\/\"},\"wordCount\":681,\"image\":{\"@id\":\"https:\\\/\\\/exaudi.org\\\/es\\\/el-papa-a-jefe-de-la-iglesia-en-ucrania-estoy-cerca-del-pueblo-ucraniano\\\/#primaryimage\"},\"thumbnailUrl\":\"https:\\\/\\\/exaudi.org\\\/wp-content\\\/uploads\\\/2022\\\/11\\\/El-Papa-Francisco-recibe-a.jpeg\",\"keywords\":[\"Iglesia Greco- Cat\u00f3lica de Ucrania\",\"Monse\u00f1or Sviatoslav Shevchuk\",\"papa francisco\",\"Trending\",\"Ucrania\",\"Vaticano\"],\"articleSection\":[\"Iglesia y Mundo\",\"Le\u00f3n XIV\"],\"inLanguage\":\"es\"},{\"@type\":\"WebPage\",\"@id\":\"https:\\\/\\\/exaudi.org\\\/es\\\/el-papa-a-jefe-de-la-iglesia-en-ucrania-estoy-cerca-del-pueblo-ucraniano\\\/\",\"url\":\"https:\\\/\\\/exaudi.org\\\/es\\\/el-papa-a-jefe-de-la-iglesia-en-ucrania-estoy-cerca-del-pueblo-ucraniano\\\/\",\"name\":\"El Papa a jefe de la Iglesia en Ucrania: \u201cEstoy cerca del pueblo ucraniano\u201d &#8211; Exaudi\",\"isPartOf\":{\"@id\":\"https:\\\/\\\/exaudi.org\\\/#website\"},\"primaryImageOfPage\":{\"@id\":\"https:\\\/\\\/exaudi.org\\\/es\\\/el-papa-a-jefe-de-la-iglesia-en-ucrania-estoy-cerca-del-pueblo-ucraniano\\\/#primaryimage\"},\"image\":{\"@id\":\"https:\\\/\\\/exaudi.org\\\/es\\\/el-papa-a-jefe-de-la-iglesia-en-ucrania-estoy-cerca-del-pueblo-ucraniano\\\/#primaryimage\"},\"thumbnailUrl\":\"https:\\\/\\\/exaudi.org\\\/wp-content\\\/uploads\\\/2022\\\/11\\\/El-Papa-Francisco-recibe-a.jpeg\",\"datePublished\":\"2022-11-09T09:15:11+00:00\",\"dateModified\":\"2022-11-09T09:34:03+00:00\",\"author\":{\"@id\":\"https:\\\/\\\/exaudi.org\\\/#\\\/schema\\\/person\\\/f5fc8f063065e38742da7afe15f25df7\"},\"description\":\"\u201cEstoy cerca del pueblo ucraniano\u201d, dijo el Papa Francisco al jefe de la Iglesia greco-cat\u00f3lica de Ucrania.\",\"breadcrumb\":{\"@id\":\"https:\\\/\\\/exaudi.org\\\/es\\\/el-papa-a-jefe-de-la-iglesia-en-ucrania-estoy-cerca-del-pueblo-ucraniano\\\/#breadcrumb\"},\"inLanguage\":\"es\",\"potentialAction\":[{\"@type\":\"ReadAction\",\"target\":[\"https:\\\/\\\/exaudi.org\\\/es\\\/el-papa-a-jefe-de-la-iglesia-en-ucrania-estoy-cerca-del-pueblo-ucraniano\\\/\"]}]},{\"@type\":\"ImageObject\",\"inLanguage\":\"es\",\"@id\":\"https:\\\/\\\/exaudi.org\\\/es\\\/el-papa-a-jefe-de-la-iglesia-en-ucrania-estoy-cerca-del-pueblo-ucraniano\\\/#primaryimage\",\"url\":\"https:\\\/\\\/exaudi.org\\\/wp-content\\\/uploads\\\/2022\\\/11\\\/El-Papa-Francisco-recibe-a.jpeg\",\"contentUrl\":\"https:\\\/\\\/exaudi.org\\\/wp-content\\\/uploads\\\/2022\\\/11\\\/El-Papa-Francisco-recibe-a.jpeg\",\"width\":1500,\"height\":844,\"caption\":\"El Papa Francisco recibe monse\u00f1or Sviatoslav Shevchuk, jefe de Iglesia greco-cat\u00f3lica en Ucrania \u00a9 Vatican Media\"},{\"@type\":\"BreadcrumbList\",\"@id\":\"https:\\\/\\\/exaudi.org\\\/es\\\/el-papa-a-jefe-de-la-iglesia-en-ucrania-estoy-cerca-del-pueblo-ucraniano\\\/#breadcrumb\",\"itemListElement\":[{\"@type\":\"ListItem\",\"position\":1,\"name\":\"Portada\",\"item\":\"https:\\\/\\\/exaudi.org\\\/es\\\/\"},{\"@type\":\"ListItem\",\"position\":2,\"name\":\"El Papa a jefe de la Iglesia en Ucrania: \u201cEstoy cerca del pueblo ucraniano\u201d\"}]},{\"@type\":\"WebSite\",\"@id\":\"https:\\\/\\\/exaudi.org\\\/#website\",\"url\":\"https:\\\/\\\/exaudi.org\\\/\",\"name\":\"Exaudi\",\"description\":\"News\",\"potentialAction\":[{\"@type\":\"SearchAction\",\"target\":{\"@type\":\"EntryPoint\",\"urlTemplate\":\"https:\\\/\\\/exaudi.org\\\/?s={search_term_string}\"},\"query-input\":{\"@type\":\"PropertyValueSpecification\",\"valueRequired\":true,\"valueName\":\"search_term_string\"}}],\"inLanguage\":\"es\"},{\"@type\":\"Person\",\"@id\":\"https:\\\/\\\/exaudi.org\\\/#\\\/schema\\\/person\\\/f5fc8f063065e38742da7afe15f25df7\",\"name\":\"Exaudi Redacci\u00f3n\",\"image\":{\"@type\":\"ImageObject\",\"inLanguage\":\"es\",\"@id\":\"https:\\\/\\\/secure.gravatar.com\\\/avatar\\\/fe0f6a059fb68d9b3e11bc5850dd4899b1c7492091a3cb6dd9b01b56ad828be2?s=96&d=mm&r=g\",\"url\":\"https:\\\/\\\/secure.gravatar.com\\\/avatar\\\/fe0f6a059fb68d9b3e11bc5850dd4899b1c7492091a3cb6dd9b01b56ad828be2?s=96&d=mm&r=g\",\"contentUrl\":\"https:\\\/\\\/secure.gravatar.com\\\/avatar\\\/fe0f6a059fb68d9b3e11bc5850dd4899b1c7492091a3cb6dd9b01b56ad828be2?s=96&d=mm&r=g\",\"caption\":\"Exaudi Redacci\u00f3n\"},\"description\":\"\u00bfQu\u00e9 es Exaudi News? Exaudi News es un medio de comunicaci\u00f3n cat\u00f3lico internacional que informa, forma y transforma, diariamente en espa\u00f1ol, ingl\u00e9s e italiano. A trav\u00e9s de noticias, art\u00edculos de an\u00e1lisis y transmisiones en directo de los eventos del Papa, Exaudi busca fortalecer la unidad de los cristianos y contribuir a la evangelizaci\u00f3n del mundo, siempre guiados por la doctrina social de la Iglesia. Trabajamos para acercar la verdad y los valores cristianos a cada rinc\u00f3n del planeta. \u00a1Ay\u00fadanos a transformar el mundo con Exaudi! En Exaudi creemos que la evangelizaci\u00f3n y la informaci\u00f3n de calidad pueden cambiar vidas. Para continuar con nuestra misi\u00f3n y expandir nuestro alcance, necesitamos tu ayuda. Adem\u00e1s, buscamos personas comprometidas que deseen unirse a nuestro equipo. Con tu apoyo, lograremos llegar a m\u00e1s personas, difundir el mensaje de Cristo y reforzar la unidad de los cristianos. \u00bfTe unes a nuestra misi\u00f3n? Para m\u00e1s informaci\u00f3n sobre c\u00f3mo colaborar, visita Exaudi.org\\\/es o cont\u00e1ctanos directamente: info@exaudi.org Exaudi: Informa, forma y transforma.\",\"sameAs\":[\"https:\\\/\\\/www.facebook.com\\\/ExaudiNoticias\\\/\",\"https:\\\/\\\/www.instagram.com\\\/exaudi_noticias\\\/\",\"https:\\\/\\\/x.com\\\/Exaudi_noticias\",\"https:\\\/\\\/www.youtube.com\\\/@exaudicatholicnews\"],\"url\":\"https:\\\/\\\/exaudi.org\\\/es\\\/author\\\/redaccionexaudi\\\/\"}]}<\/script>\n<!-- \/ Yoast SEO plugin. -->","yoast_head_json":{"title":"El Papa a jefe de la Iglesia en Ucrania: \u201cEstoy cerca del pueblo ucraniano\u201d &#8211; Exaudi","description":"\u201cEstoy cerca del pueblo ucraniano\u201d, dijo el Papa Francisco al jefe de la Iglesia greco-cat\u00f3lica de Ucrania.","robots":{"index":"index","follow":"follow","max-snippet":"max-snippet:-1","max-image-preview":"max-image-preview:large","max-video-preview":"max-video-preview:-1"},"canonical":"https:\/\/exaudi.org\/es\/el-papa-a-jefe-de-la-iglesia-en-ucrania-estoy-cerca-del-pueblo-ucraniano\/","og_locale":"es_ES","og_type":"article","og_title":"El Papa a jefe de la Iglesia en Ucrania: \u201cEstoy cerca del pueblo ucraniano\u201d &#8211; Exaudi","og_description":"\u201cEstoy cerca del pueblo ucraniano\u201d, dijo el Papa Francisco al jefe de la Iglesia greco-cat\u00f3lica de Ucrania.","og_url":"https:\/\/exaudi.org\/es\/el-papa-a-jefe-de-la-iglesia-en-ucrania-estoy-cerca-del-pueblo-ucraniano\/","og_site_name":"Exaudi","article_publisher":"https:\/\/www.facebook.com\/ExaudiNews","article_author":"https:\/\/www.facebook.com\/ExaudiNoticias\/","article_published_time":"2022-11-09T09:15:11+00:00","article_modified_time":"2022-11-09T09:34:03+00:00","og_image":[{"width":1500,"height":844,"url":"https:\/\/exaudi.org\/wp-content\/uploads\/2022\/11\/El-Papa-Francisco-recibe-a.jpeg","type":"image\/jpeg"}],"author":"Exaudi Redacci\u00f3n","twitter_card":"summary_large_image","twitter_creator":"@Exaudi_noticias","twitter_site":"@Exaudi_News","twitter_misc":{"Escrito por":"Exaudi Redacci\u00f3n","Tiempo de lectura":"3 minutos"},"schema":{"@context":"https:\/\/schema.org","@graph":[{"@type":"Article","@id":"https:\/\/exaudi.org\/es\/el-papa-a-jefe-de-la-iglesia-en-ucrania-estoy-cerca-del-pueblo-ucraniano\/#article","isPartOf":{"@id":"https:\/\/exaudi.org\/es\/el-papa-a-jefe-de-la-iglesia-en-ucrania-estoy-cerca-del-pueblo-ucraniano\/"},"author":{"name":"Exaudi Redacci\u00f3n","@id":"https:\/\/exaudi.org\/#\/schema\/person\/f5fc8f063065e38742da7afe15f25df7"},"headline":"El Papa a jefe de la Iglesia en Ucrania: \u201cEstoy cerca del pueblo ucraniano\u201d","datePublished":"2022-11-09T09:15:11+00:00","dateModified":"2022-11-09T09:34:03+00:00","mainEntityOfPage":{"@id":"https:\/\/exaudi.org\/es\/el-papa-a-jefe-de-la-iglesia-en-ucrania-estoy-cerca-del-pueblo-ucraniano\/"},"wordCount":681,"image":{"@id":"https:\/\/exaudi.org\/es\/el-papa-a-jefe-de-la-iglesia-en-ucrania-estoy-cerca-del-pueblo-ucraniano\/#primaryimage"},"thumbnailUrl":"https:\/\/exaudi.org\/wp-content\/uploads\/2022\/11\/El-Papa-Francisco-recibe-a.jpeg","keywords":["Iglesia Greco- Cat\u00f3lica de Ucrania","Monse\u00f1or Sviatoslav Shevchuk","papa francisco","Trending","Ucrania","Vaticano"],"articleSection":["Iglesia y Mundo","Le\u00f3n XIV"],"inLanguage":"es"},{"@type":"WebPage","@id":"https:\/\/exaudi.org\/es\/el-papa-a-jefe-de-la-iglesia-en-ucrania-estoy-cerca-del-pueblo-ucraniano\/","url":"https:\/\/exaudi.org\/es\/el-papa-a-jefe-de-la-iglesia-en-ucrania-estoy-cerca-del-pueblo-ucraniano\/","name":"El Papa a jefe de la Iglesia en Ucrania: \u201cEstoy cerca del pueblo ucraniano\u201d &#8211; Exaudi","isPartOf":{"@id":"https:\/\/exaudi.org\/#website"},"primaryImageOfPage":{"@id":"https:\/\/exaudi.org\/es\/el-papa-a-jefe-de-la-iglesia-en-ucrania-estoy-cerca-del-pueblo-ucraniano\/#primaryimage"},"image":{"@id":"https:\/\/exaudi.org\/es\/el-papa-a-jefe-de-la-iglesia-en-ucrania-estoy-cerca-del-pueblo-ucraniano\/#primaryimage"},"thumbnailUrl":"https:\/\/exaudi.org\/wp-content\/uploads\/2022\/11\/El-Papa-Francisco-recibe-a.jpeg","datePublished":"2022-11-09T09:15:11+00:00","dateModified":"2022-11-09T09:34:03+00:00","author":{"@id":"https:\/\/exaudi.org\/#\/schema\/person\/f5fc8f063065e38742da7afe15f25df7"},"description":"\u201cEstoy cerca del pueblo ucraniano\u201d, dijo el Papa Francisco al jefe de la Iglesia greco-cat\u00f3lica de Ucrania.","breadcrumb":{"@id":"https:\/\/exaudi.org\/es\/el-papa-a-jefe-de-la-iglesia-en-ucrania-estoy-cerca-del-pueblo-ucraniano\/#breadcrumb"},"inLanguage":"es","potentialAction":[{"@type":"ReadAction","target":["https:\/\/exaudi.org\/es\/el-papa-a-jefe-de-la-iglesia-en-ucrania-estoy-cerca-del-pueblo-ucraniano\/"]}]},{"@type":"ImageObject","inLanguage":"es","@id":"https:\/\/exaudi.org\/es\/el-papa-a-jefe-de-la-iglesia-en-ucrania-estoy-cerca-del-pueblo-ucraniano\/#primaryimage","url":"https:\/\/exaudi.org\/wp-content\/uploads\/2022\/11\/El-Papa-Francisco-recibe-a.jpeg","contentUrl":"https:\/\/exaudi.org\/wp-content\/uploads\/2022\/11\/El-Papa-Francisco-recibe-a.jpeg","width":1500,"height":844,"caption":"El Papa Francisco recibe monse\u00f1or Sviatoslav Shevchuk, jefe de Iglesia greco-cat\u00f3lica en Ucrania \u00a9 Vatican Media"},{"@type":"BreadcrumbList","@id":"https:\/\/exaudi.org\/es\/el-papa-a-jefe-de-la-iglesia-en-ucrania-estoy-cerca-del-pueblo-ucraniano\/#breadcrumb","itemListElement":[{"@type":"ListItem","position":1,"name":"Portada","item":"https:\/\/exaudi.org\/es\/"},{"@type":"ListItem","position":2,"name":"El Papa a jefe de la Iglesia en Ucrania: \u201cEstoy cerca del pueblo ucraniano\u201d"}]},{"@type":"WebSite","@id":"https:\/\/exaudi.org\/#website","url":"https:\/\/exaudi.org\/","name":"Exaudi","description":"News","potentialAction":[{"@type":"SearchAction","target":{"@type":"EntryPoint","urlTemplate":"https:\/\/exaudi.org\/?s={search_term_string}"},"query-input":{"@type":"PropertyValueSpecification","valueRequired":true,"valueName":"search_term_string"}}],"inLanguage":"es"},{"@type":"Person","@id":"https:\/\/exaudi.org\/#\/schema\/person\/f5fc8f063065e38742da7afe15f25df7","name":"Exaudi Redacci\u00f3n","image":{"@type":"ImageObject","inLanguage":"es","@id":"https:\/\/secure.gravatar.com\/avatar\/fe0f6a059fb68d9b3e11bc5850dd4899b1c7492091a3cb6dd9b01b56ad828be2?s=96&d=mm&r=g","url":"https:\/\/secure.gravatar.com\/avatar\/fe0f6a059fb68d9b3e11bc5850dd4899b1c7492091a3cb6dd9b01b56ad828be2?s=96&d=mm&r=g","contentUrl":"https:\/\/secure.gravatar.com\/avatar\/fe0f6a059fb68d9b3e11bc5850dd4899b1c7492091a3cb6dd9b01b56ad828be2?s=96&d=mm&r=g","caption":"Exaudi Redacci\u00f3n"},"description":"\u00bfQu\u00e9 es Exaudi News? Exaudi News es un medio de comunicaci\u00f3n cat\u00f3lico internacional que informa, forma y transforma, diariamente en espa\u00f1ol, ingl\u00e9s e italiano. A trav\u00e9s de noticias, art\u00edculos de an\u00e1lisis y transmisiones en directo de los eventos del Papa, Exaudi busca fortalecer la unidad de los cristianos y contribuir a la evangelizaci\u00f3n del mundo, siempre guiados por la doctrina social de la Iglesia. Trabajamos para acercar la verdad y los valores cristianos a cada rinc\u00f3n del planeta. \u00a1Ay\u00fadanos a transformar el mundo con Exaudi! En Exaudi creemos que la evangelizaci\u00f3n y la informaci\u00f3n de calidad pueden cambiar vidas. Para continuar con nuestra misi\u00f3n y expandir nuestro alcance, necesitamos tu ayuda. Adem\u00e1s, buscamos personas comprometidas que deseen unirse a nuestro equipo. Con tu apoyo, lograremos llegar a m\u00e1s personas, difundir el mensaje de Cristo y reforzar la unidad de los cristianos. \u00bfTe unes a nuestra misi\u00f3n? Para m\u00e1s informaci\u00f3n sobre c\u00f3mo colaborar, visita Exaudi.org\/es o cont\u00e1ctanos directamente: info@exaudi.org Exaudi: Informa, forma y transforma.","sameAs":["https:\/\/www.facebook.com\/ExaudiNoticias\/","https:\/\/www.instagram.com\/exaudi_noticias\/","https:\/\/x.com\/Exaudi_noticias","https:\/\/www.youtube.com\/@exaudicatholicnews"],"url":"https:\/\/exaudi.org\/es\/author\/redaccionexaudi\/"}]}},"jetpack_featured_media_url":"https:\/\/exaudi.org\/wp-content\/uploads\/2022\/11\/El-Papa-Francisco-recibe-a.jpeg","jetpack_shortlink":"https:\/\/wp.me\/pgKjF2-gYu","_links":{"self":[{"href":"https:\/\/exaudi.org\/es\/wp-json\/wp\/v2\/posts\/65254","targetHints":{"allow":["GET"]}}],"collection":[{"href":"https:\/\/exaudi.org\/es\/wp-json\/wp\/v2\/posts"}],"about":[{"href":"https:\/\/exaudi.org\/es\/wp-json\/wp\/v2\/types\/post"}],"author":[{"embeddable":true,"href":"https:\/\/exaudi.org\/es\/wp-json\/wp\/v2\/users\/15"}],"replies":[{"embeddable":true,"href":"https:\/\/exaudi.org\/es\/wp-json\/wp\/v2\/comments?post=65254"}],"version-history":[{"count":0,"href":"https:\/\/exaudi.org\/es\/wp-json\/wp\/v2\/posts\/65254\/revisions"}],"wp:featuredmedia":[{"embeddable":true,"href":"https:\/\/exaudi.org\/es\/wp-json\/wp\/v2\/media\/65256"}],"wp:attachment":[{"href":"https:\/\/exaudi.org\/es\/wp-json\/wp\/v2\/media?parent=65254"}],"wp:term":[{"taxonomy":"category","embeddable":true,"href":"https:\/\/exaudi.org\/es\/wp-json\/wp\/v2\/categories?post=65254"},{"taxonomy":"post_tag","embeddable":true,"href":"https:\/\/exaudi.org\/es\/wp-json\/wp\/v2\/tags?post=65254"}],"curies":[{"name":"wp","href":"https:\/\/api.w.org\/{rel}","templated":true}]}}