{"id":65080,"date":"2022-11-05T20:14:38","date_gmt":"2022-11-05T19:14:38","guid":{"rendered":"https:\/\/exaudi.org\/?p=65080"},"modified":"2022-11-05T20:14:38","modified_gmt":"2022-11-05T19:14:38","slug":"papa-francisco-soy-abierto-a-los-demas-busco-el-encuentro-o-me-quedo-en-lo-mio","status":"publish","type":"post","link":"https:\/\/exaudi.org\/es\/papa-francisco-soy-abierto-a-los-demas-busco-el-encuentro-o-me-quedo-en-lo-mio\/","title":{"rendered":"Papa Francisco: \u00bfSoy abierto a los dem\u00e1s? \u00bfBusco el encuentro o me quedo en lo m\u00edo?"},"content":{"rendered":"<div class=\"testo\">\n<div class=\"abstract text parbase vaticanrichtext\"><span class=\"color-text\">Hoy el Santo Padre en su 39\u00ba Viaje Apost\u00f3lico tuvo un encuentro con los j\u00f3venes en el <\/span><i>Colegio del Sagrado Coraz\u00f3n de Awali.<\/i><\/div>\n<div><\/div>\n<div class=\"abstract text parbase vaticanrichtext\"><span class=\"color-text\"><i>A continuaci\u00f3n el discurso completo que el Papa Francisco dirigi\u00f3 a los j\u00f3venes<\/i><\/span><\/div>\n<div class=\"abstract text parbase vaticanrichtext\">\n<p>_____________________________________<\/p>\n<div class=\"clearfix\"><\/div>\n<\/div>\n<div class=\"text parbase vaticanrichtext\">\n<p><i>Queridos amigos, hermanos y hermanas, \u00a1buenos d\u00edas!<\/i><\/p>\n<p>Les agradezco que est\u00e9n aqu\u00ed, de muchas naciones y con tanto entusiasmo. Quisiera agradecer a Sor Rosalyn sus palabras de bienvenida y la dedicaci\u00f3n con la que, junto con muchos otros, dirige este Colegio del Sagrado Coraz\u00f3n.<\/p>\n<p>Y me alegro de\u00a0haber visto en el Reino de Bar\u00e9in un lugar de encuentro y di\u00e1logo entre diferentes culturas y credos. Y en este momento, mir\u00e1ndolos a ustedes, que no son de la misma religi\u00f3n y no tienen miedo de estar juntos, pienso que sin ustedes esta convivencia de las diferencias no ser\u00eda posible. \u00a1Y no tendr\u00eda futuro! En la masa del mundo, ustedes son la buena levadura destinada a crecer, a superar tantas barreras sociales y culturales, y a promover g\u00e9rmenes de fraternidad y novedad. J\u00f3venes, ustedes son los que, como viajeros inquietos y abiertos a lo in\u00e9dito, no tienen miedo de enfrentarse, dialogar, \u201chacer ruido\u201d y mezclarse con los dem\u00e1s, convirti\u00e9ndose en la base de una sociedad amiga y solidaria. Y esto, queridos amigos, es fundamental en los contextos complejos y plurales en los que vivimos; derribar algunas barreras para inaugurar un mundo m\u00e1s conforme al hombre, m\u00e1s fraternal, aun cuando esto suponga enfrentar muchos retos. A este respecto, tomando como referencia sus testimonios y sus preguntas, me gustar\u00eda dirigirles\u00a0<i>tres peque\u00f1as invitaciones<\/i>, no tanto para ense\u00f1arles algo sino para animarlos.<\/p>\n<figure id=\"attachment_65084\" aria-describedby=\"caption-attachment-65084\" style=\"width: 300px\" class=\"wp-caption alignleft\"><img loading=\"lazy\" decoding=\"async\" class=\"size-medium wp-image-65084\" src=\"https:\/\/exaudi.org\/wp-content\/uploads\/2022\/11\/DSC6387-300x200.jpg\" alt=\"\u00a9 Vatican Media\" width=\"300\" height=\"200\" srcset=\"https:\/\/exaudi.org\/wp-content\/uploads\/2022\/11\/DSC6387-300x200.jpg 300w, https:\/\/exaudi.org\/wp-content\/uploads\/2022\/11\/DSC6387-1024x682.jpg 1024w, https:\/\/exaudi.org\/wp-content\/uploads\/2022\/11\/DSC6387-770x513.jpg 770w, https:\/\/exaudi.org\/wp-content\/uploads\/2022\/11\/DSC6387-1536x1023.jpg 1536w, https:\/\/exaudi.org\/wp-content\/uploads\/2022\/11\/DSC6387-2048x1364.jpg 2048w, https:\/\/exaudi.org\/wp-content\/uploads\/2022\/11\/DSC6387-360x240.jpg?crop=1 360w, https:\/\/exaudi.org\/wp-content\/uploads\/2022\/11\/DSC6387-500x333.jpg 500w, https:\/\/exaudi.org\/wp-content\/uploads\/2022\/11\/DSC6387-1155x770.jpg 1155w, https:\/\/exaudi.org\/wp-content\/uploads\/2022\/11\/DSC6387-370x247.jpg 370w, https:\/\/exaudi.org\/wp-content\/uploads\/2022\/11\/DSC6387-293x195.jpg 293w, https:\/\/exaudi.org\/wp-content\/uploads\/2022\/11\/DSC6387-1400x932.jpg 1400w, https:\/\/exaudi.org\/wp-content\/uploads\/2022\/11\/DSC6387-120x80.jpg 120w, https:\/\/exaudi.org\/wp-content\/uploads\/2022\/11\/DSC6387-240x160.jpg 240w, https:\/\/exaudi.org\/wp-content\/uploads\/2022\/11\/DSC6387-390x260.jpg 390w\" sizes=\"auto, (max-width: 300px) 100vw, 300px\" \/><figcaption id=\"caption-attachment-65084\" class=\"wp-caption-text\">\u00a9 Vatican Media<\/figcaption><\/figure>\n<p>La primera invitaci\u00f3n es a\u00a0<i>abrazar la cultura del cuidado<\/i>. Sor Rosalyn utiliz\u00f3 esta expresi\u00f3n: \u201ccultura del cuidado\u201d. Hacerse cargo, cuidar, significa desarrollar una actitud interior de empat\u00eda, una mirada atenta que nos lleva a salir de nosotros mismos, una presencia amable que supera la indiferencia y nos impulsa a interesarnos por los dem\u00e1s. Este es el punto de inflexi\u00f3n, el comienzo de la novedad, el ant\u00eddoto contra un mundo cerrado que, impregnado de individualismo, devora a sus hijos; contra un mundo prisionero de la tristeza, que genera indiferencia y soledad. Me permito decirles, \u00a1cu\u00e1nto da\u00f1o hace el esp\u00edritu de tristeza! \u00a0Porque si no aprendemos a hacernos cargo de lo que nos rodea \u2014de los dem\u00e1s, de la ciudad, de la sociedad, de la creaci\u00f3n\u2014 terminamos pasando la vida como los que corren, se afanan, hacen muchas cosas, pero, al final, se quedan tristes y solos porque nunca han experimentado en profundidad la alegr\u00eda de la amistad y de la gratuidad. Y no le han dado al mundo aquel toque \u00fanico de belleza que s\u00f3lo \u00e9l, o ella, y nadie m\u00e1s podr\u00eda darle. Como cristiano, pienso en Jes\u00fas y veo que sus acciones estuvieron siempre animadas por el cuidado. Cuid\u00f3 las relaciones con todos los que encontraba en las casas, en los pueblos y en los caminos. Miraba a la gente a los ojos, escuchaba sus peticiones de ayuda, se acercaba y tocaba sus heridas. Ustedes, \u00bfmiran a la gente a los ojos? Jes\u00fas entr\u00f3 en la historia para decirnos que el Alt\u00edsimo cuida de nosotros; para recordarnos que estar del lado de Dios significa hacerse cargo de alguien y de algo, especialmente de los m\u00e1s necesitados.<\/p>\n<p>Amigos, \u00a1qu\u00e9 maravilloso es convertirse en especialistas del cuidado y artistas de las relaciones! Pero esto requiere, como todo en la vida, un entrenamiento constante. As\u00ed que no se olviden de cuidarse primero a ustedes mismos, no tanto del exterior, sino del interior, la parte m\u00e1s oculta y preciosa de ustedes. \u00bfCu\u00e1l es? El alma, el coraz\u00f3n. \u00bfY c\u00f3mo se hace para cuidar el coraz\u00f3n? Traten de escucharlo en silencio, de encontrar espacios para estar en contacto con su interioridad, para sentir el regalo que son, para acoger su propia existencia y no dejar que se les escape de las manos. Que no les suceda ser \u201cturistas de la vida\u201d, que s\u00f3lo la miran desde fuera, superficialmente. Y, en silencio, siguiendo el ritmo de vuestro coraz\u00f3n, hablen con Dios. H\u00e1blenle de ustedes mismos, y tambi\u00e9n de aquellos que encuentran cada d\u00eda y que \u00c9l les da como compa\u00f1eros de viaje. Ll\u00e9venle los rostros, las situaciones felices y dolorosas, porque no hay oraci\u00f3n sin relaciones, como tampoco hay alegr\u00eda sin amor.<\/p>\n<figure id=\"attachment_65093\" aria-describedby=\"caption-attachment-65093\" style=\"width: 300px\" class=\"wp-caption alignright\"><img loading=\"lazy\" decoding=\"async\" class=\"size-medium wp-image-65093\" src=\"https:\/\/exaudi.org\/wp-content\/uploads\/2022\/11\/RIS8310-300x200.jpg\" alt=\"\u00a9 Vatican Media\" width=\"300\" height=\"200\" srcset=\"https:\/\/exaudi.org\/wp-content\/uploads\/2022\/11\/RIS8310-300x200.jpg 300w, https:\/\/exaudi.org\/wp-content\/uploads\/2022\/11\/RIS8310-1024x683.jpg 1024w, https:\/\/exaudi.org\/wp-content\/uploads\/2022\/11\/RIS8310-770x513.jpg 770w, https:\/\/exaudi.org\/wp-content\/uploads\/2022\/11\/RIS8310-1536x1024.jpg 1536w, https:\/\/exaudi.org\/wp-content\/uploads\/2022\/11\/RIS8310-2048x1365.jpg 2048w, https:\/\/exaudi.org\/wp-content\/uploads\/2022\/11\/RIS8310-360x240.jpg?crop=1 360w, https:\/\/exaudi.org\/wp-content\/uploads\/2022\/11\/RIS8310-500x333.jpg 500w, https:\/\/exaudi.org\/wp-content\/uploads\/2022\/11\/RIS8310-1155x770.jpg 1155w, https:\/\/exaudi.org\/wp-content\/uploads\/2022\/11\/RIS8310-370x247.jpg 370w, https:\/\/exaudi.org\/wp-content\/uploads\/2022\/11\/RIS8310-293x195.jpg 293w, https:\/\/exaudi.org\/wp-content\/uploads\/2022\/11\/RIS8310-1400x933.jpg 1400w, https:\/\/exaudi.org\/wp-content\/uploads\/2022\/11\/RIS8310-120x80.jpg 120w, https:\/\/exaudi.org\/wp-content\/uploads\/2022\/11\/RIS8310-240x160.jpg 240w, https:\/\/exaudi.org\/wp-content\/uploads\/2022\/11\/RIS8310-390x260.jpg 390w\" sizes=\"auto, (max-width: 300px) 100vw, 300px\" \/><figcaption id=\"caption-attachment-65093\" class=\"wp-caption-text\">\u00a9 Vatican Media<\/figcaption><\/figure>\n<p>Y el amor \u2014ustedes lo saben\u2014 no es una telenovela o una pel\u00edcula rom\u00e1ntica. Amar es preocuparse por el otro, cuidarlo, ofrecer el propio tiempo y los propios dones a quien lo necesita, arriesgarse para hacer de la vida un regalo que genera ulterior vida. Amigos, por favor, no se olviden nunca de una cosa: todos ustedes \u2014sin excluir a nadie\u2014 son un tesoro, un tesoro \u00fanico y valioso. Por eso, no encierren su vida en una caja fuerte, pensando que es mejor no hacer ning\u00fan esfuerzo porque no ha llegado a\u00fan el momento de gastarla. Muchos de ustedes est\u00e1n aqu\u00ed de paso, por razones de trabajo y a menudo por un tiempo determinado. Pero si vivimos con la mentalidad del turista, no aprovechamos el momento presente y nos arriesgamos a desperdiciar trozos enteros de vida. Qu\u00e9 hermoso es, en cambio, dejar\u00a0<i>ahora<\/i>\u00a0una buena huella en el camino, preocup\u00e1ndonos por la comunidad, por los compa\u00f1eros de clase, por los colegas de trabajo, por la creaci\u00f3n. Nos hace bien pregunt\u00e1rnoslo, \u00bfqu\u00e9 huella estoy dejando ahora, aqu\u00ed donde vivo, en el lugar donde la Providencia me ha puesto?<\/p>\n<p>Esta es la primera invitaci\u00f3n, la cultura del cuidado; si la hacemos nuestra, contribuimos a que crezca la semilla de la fraternidad. Y esta es la segunda invitaci\u00f3n que quisiera hacerles:\u00a0<i>sembrar fraternidad<\/i>. Me gust\u00f3 lo que dijiste Abdulla: \u201cEs necesario ser campeones no s\u00f3lo en el campo de juego, sino en la vida\u201d. Campeones fuera del campo. Es verdad, \u00a1sean\u00a0<i>campeones de fraternidad<\/i>, fuera del campo! Este es el desaf\u00edo de hoy para el triunfo de ma\u00f1ana, el desaf\u00edo de nuestras sociedades cada vez m\u00e1s globalizadas y multiculturales. Miren, todos los instrumentos y la tecnolog\u00eda que la modernidad nos da no bastan para que el mundo sea pac\u00edfico y fraterno. Lo estamos viendo, en efecto, los vientos de guerra no se aplacan con el progreso t\u00e9cnico. Constatamos con tristeza que en muchas regiones las tensiones y las amenazas aumentan, y a veces los conflictos estallan. Pero esto a menudo sucede porque no se trabaja el propio coraz\u00f3n, porque se permite que en las relaciones con los dem\u00e1s las distancias se agranden, y de este mismo modo las diferencias \u00e9tnicas, culturales, religiosas y de otro tipo se convierten en problemas y temores que a\u00edslan, y no en oportunidades para crecer juntos. Y cuando parecen ser m\u00e1s fuertes que la fraternidad que nos une, se corre el riesgo del enfrentamiento.<\/p>\n<p>A ustedes j\u00f3venes, que son m\u00e1s directos y capaces de establecer contactos y amistades, superando los prejuicios y las barreras ideol\u00f3gicas, quiero decirles: sean sembradores de fraternidad y ser\u00e1n\u00a0<i>cosechadores de futuro<\/i>, porque el mundo s\u00f3lo tendr\u00e1 futuro en la fraternidad. Es una invitaci\u00f3n que encuentro en el centro de mi fe. Dice la Biblia: \u00ab\u00bfC\u00f3mo puede amar a Dios, a quien no ve, el que no ama a su hermano, a quien ve? Este es el mandamiento que hemos recibido de \u00e9l: el que ama a Dios debe tambi\u00e9n amar a su hermano\u00bb (<i>1 Jn<\/i>\u00a04,20-21). S\u00ed, Jes\u00fas nos pide que no desvinculemos nunca el amor a Dios del amor al pr\u00f3jimo, haci\u00e9ndonos nosotros mismos pr\u00f3jimos de todos (cf.\u00a0<i>Lc\u00a0<\/i>10,29-37). De todos, no s\u00f3lo de quien me resulta simp\u00e1tico. Vivir como hermanos y hermanas es la vocaci\u00f3n universal confiada a toda criatura. Y ustedes, j\u00f3venes \u2014sobre todo ustedes\u2014, frente a la tendencia dominante de permanecer indiferentes y mostrarse intolerantes con los dem\u00e1s, hasta el punto de avalar guerras y conflictos, est\u00e1n llamados a \u00abreaccionar con un nuevo sue\u00f1o de fraternidad y de amistad social que no se quede en las palabras\u00bb (<i><a href=\"https:\/\/www.vatican.va\/content\/francesco\/es\/encyclicals\/documents\/papa-francesco_20201003_enciclica-fratelli-tutti.html#6\">Fratelli tutti<\/a><\/i>, 6). Las palabras no son suficientes, se necesitan gestos concretos realizados en lo cotidiano.<\/p>\n<p>Hag\u00e1monos algunas preguntas tambi\u00e9n aqu\u00ed: \u00bfSoy abierto a los dem\u00e1s? \u00bfSoy amigo o amiga de alguna persona que no forma parte de mi grupo de intereses, que tiene creencias y costumbres diferentes de las m\u00edas? \u00bfBusco el encuentro o me quedo en lo m\u00edo? El camino es el que nos ha se\u00f1alado Nevin con pocas palabras: \u201ccrear buenas relaciones\u201d, con todos. En ustedes, j\u00f3venes, est\u00e1 vivo el deseo de viajar, de conocer nuevas tierras, de superar los l\u00edmites de los lugares habituales. Quisiera decirles: aprendan a viajar tambi\u00e9n dentro de ustedes mismos, ampl\u00eden las fronteras interiores, para que se desplomen los prejuicios sobre los dem\u00e1s, se reduzca el espacio de la desconfianza, se derriben los muros del miedo, florezca la amistad fraterna. Tambi\u00e9n en esto d\u00e9jense ayudar por la oraci\u00f3n, que ensancha el coraz\u00f3n y que, abri\u00e9ndonos al encuentro con Dios, nos ayuda a ver en qui\u00e9n encontramos a un hermano y una hermana. A este respecto, son hermosas las palabras de un profeta que dice: \u00ab\u00bfNo nos ha creado un solo Dios? \u00bfPor qu\u00e9 nos traicionamos unos a otros?\u00bb (<i>Ml<\/i>\u00a02,10). Sociedades como esta, con una notable riqueza de fe, tradiciones y lenguas diversas, pueden convertirse en \u201cescuelas de fraternidad\u201d. Aqu\u00ed estamos a las puertas del gran y multiforme continente asi\u00e1tico, al que un te\u00f3logo defini\u00f3 como \u00abun continente de lenguas\u00bb (A. Pieris, en\u00a0<i>Teologia in Asia<\/i>, Brescia 2006, 5); \u00a1sepan armonizarlas en la \u00fanica lengua, la lengua del amor, como verdaderos campeones de fraternidad!<\/p>\n<figure id=\"attachment_65093\" aria-describedby=\"caption-attachment-65093\" style=\"width: 300px\" class=\"wp-caption alignleft\"><img loading=\"lazy\" decoding=\"async\" class=\"size-medium wp-image-65093\" src=\"https:\/\/exaudi.org\/wp-content\/uploads\/2022\/11\/RIS8310-300x200.jpg\" alt=\"\u00a9 Vatican Media\" width=\"300\" height=\"200\" srcset=\"https:\/\/exaudi.org\/wp-content\/uploads\/2022\/11\/RIS8310-300x200.jpg 300w, https:\/\/exaudi.org\/wp-content\/uploads\/2022\/11\/RIS8310-1024x683.jpg 1024w, https:\/\/exaudi.org\/wp-content\/uploads\/2022\/11\/RIS8310-770x513.jpg 770w, https:\/\/exaudi.org\/wp-content\/uploads\/2022\/11\/RIS8310-1536x1024.jpg 1536w, https:\/\/exaudi.org\/wp-content\/uploads\/2022\/11\/RIS8310-2048x1365.jpg 2048w, https:\/\/exaudi.org\/wp-content\/uploads\/2022\/11\/RIS8310-360x240.jpg?crop=1 360w, https:\/\/exaudi.org\/wp-content\/uploads\/2022\/11\/RIS8310-500x333.jpg 500w, https:\/\/exaudi.org\/wp-content\/uploads\/2022\/11\/RIS8310-1155x770.jpg 1155w, https:\/\/exaudi.org\/wp-content\/uploads\/2022\/11\/RIS8310-370x247.jpg 370w, https:\/\/exaudi.org\/wp-content\/uploads\/2022\/11\/RIS8310-293x195.jpg 293w, https:\/\/exaudi.org\/wp-content\/uploads\/2022\/11\/RIS8310-1400x933.jpg 1400w, https:\/\/exaudi.org\/wp-content\/uploads\/2022\/11\/RIS8310-120x80.jpg 120w, https:\/\/exaudi.org\/wp-content\/uploads\/2022\/11\/RIS8310-240x160.jpg 240w, https:\/\/exaudi.org\/wp-content\/uploads\/2022\/11\/RIS8310-390x260.jpg 390w\" sizes=\"auto, (max-width: 300px) 100vw, 300px\" \/><figcaption id=\"caption-attachment-65093\" class=\"wp-caption-text\">\u00a9 Vatican Media<\/figcaption><\/figure>\n<p>Quisiera hacerles adem\u00e1s una tercera invitaci\u00f3n. Se refiere al desaf\u00edo de\u00a0<i>tomar decisiones<\/i>\u00a0en la vida. Ustedes lo saben bien, por la experiencia de cada d\u00eda, no existe una vida sin desaf\u00edos que afrontar. Y siempre, frente a un desaf\u00edo, como ante una encrucijada, es necesario elegir, involucrarse, arriesgarse, decidir. Pero esto requiere una buena estrategia, no se puede improvisar viviendo s\u00f3lo por instinto y al instante. \u00bfY c\u00f3mo se hace para prepararse, para entrenar la capacidad de decidir, la creatividad, la valent\u00eda, la perseverancia? \u00bfC\u00f3mo afinar la mirada interior, aprender a juzgar las situaciones, a captar lo esencial? Se trata de crecer en el arte de orientarse en las decisiones, de tomar la direcci\u00f3n correcta.Por eso, la tercera invitaci\u00f3n es hacer elecciones en la vida, elecciones justas.<\/p>\n<p>Todo esto me vino a la mente pensando en las preguntas de Merina. Son interrogantes que expresan justamente la necesidad de descubrir la direcci\u00f3n que hay que tomar en la vida.\u00a0\u2014Por c\u00f3mo dijo las cosas, ella muestra ser muy valiente\u2014\u00a0Y puedo compartirles mi experiencia: era un adolescente como ustedes, como todos, y mi vida era la vida normal de un joven. La adolescencia \u2014lo sabemos\u2014 es un camino, es una etapa de crecimiento, un periodo en el que nos asomamos a la vida en sus aspectos a veces contradictorios, afrontando ciertos desaf\u00edos por primera vez. Y bien, \u00bfcu\u00e1l es mi consejo?: \u00a1sigan adelante sin miedo, y nunca solos! Dos cosas, sigan adelante sin miedo y nunca solos. Dios nunca los deja solos, pero, para darles una mano, espera que se la pidan. \u00c9l nos acompa\u00f1a y nos gu\u00eda. No con prodigios y milagros, sino hablando delicadamente por medio de nuestros pensamientos y de nuestros sentimientos;y tambi\u00e9n a trav\u00e9s de nuestros profesores, nuestros amigos, nuestros padres y todas las personas que quieren ayudarnos.<\/p>\n<p>Es necesario, entonces, aprender a distinguir su voz. La voz de Dios que nos habla. \u00bfC\u00f3mo aprendemos esto? Como nos dec\u00edas t\u00fa, Merina, por medio de la oraci\u00f3n silenciosa, el di\u00e1logo \u00edntimo con \u00c9l, conservando en el coraz\u00f3n lo que nos hace bien y nos da paz. La paz es un signo de la presencia de Dios. Esta luz de Dios ilumina el laberinto de pensamientos, emociones y sentimientos en el que a menudo nos movemos. El Se\u00f1or desea iluminar sus inteligencias, sus sentimientos m\u00e1s \u00edntimos, las aspiraciones que tienen en el coraz\u00f3n, las opiniones que maduran dentro de ustedes. Quiere ayudarlos a distinguir lo que es esencial de lo que es superficial, lo que es bueno de lo que es malo para ustedes y para los dem\u00e1s, lo que es justo de lo que genera injusticia y desorden. Nada de lo que nos sucede le es ajeno a Dios, nada, pero con frecuencia somos nosotros los que nos alejamos de \u00c9l, no le confiamos las personas y las situaciones, nos cerramos en el miedo y la verg\u00fcenza. No, alimentemos en la oraci\u00f3n la certeza consoladora de que el Se\u00f1or vela sobre nosotros, que no duerme, sino que nos cuida siempre.<\/p>\n<p>Amigos, j\u00f3venes, la aventura de las decisiones no la realizamos solos. Por eso, perm\u00edtanme decirles una \u00faltima cosa: busquen siempre, antes que las opiniones de internet, buenos consejeros en la vida, personas sabias y de confianza que puedan orientarlos, ayudarlos. Pienso en los padres y en los maestros, pero tambi\u00e9n en los ancianos, en los abuelos, y en un buen acompa\u00f1ante espiritual. \u00a1Cada uno de nosotros necesita ser acompa\u00f1ado en el camino de la vida!Repito lo que les he dicho, \u00a1nunca solos! Necesitamos ser acompa\u00f1ados en el camino de la vida.<\/p>\n<figure id=\"attachment_65081\" aria-describedby=\"caption-attachment-65081\" style=\"width: 300px\" class=\"wp-caption alignleft\"><img loading=\"lazy\" decoding=\"async\" class=\"size-medium wp-image-65081\" src=\"https:\/\/exaudi.org\/wp-content\/uploads\/2022\/11\/DSC1797-300x200.jpg\" alt=\"\u00a9 Vatican Media\" width=\"300\" height=\"200\" srcset=\"https:\/\/exaudi.org\/wp-content\/uploads\/2022\/11\/DSC1797-300x200.jpg 300w, https:\/\/exaudi.org\/wp-content\/uploads\/2022\/11\/DSC1797-1024x683.jpg 1024w, https:\/\/exaudi.org\/wp-content\/uploads\/2022\/11\/DSC1797-770x513.jpg 770w, https:\/\/exaudi.org\/wp-content\/uploads\/2022\/11\/DSC1797-1536x1024.jpg 1536w, https:\/\/exaudi.org\/wp-content\/uploads\/2022\/11\/DSC1797-2048x1365.jpg 2048w, https:\/\/exaudi.org\/wp-content\/uploads\/2022\/11\/DSC1797-360x240.jpg?crop=1 360w, https:\/\/exaudi.org\/wp-content\/uploads\/2022\/11\/DSC1797-500x333.jpg 500w, https:\/\/exaudi.org\/wp-content\/uploads\/2022\/11\/DSC1797-1155x770.jpg 1155w, https:\/\/exaudi.org\/wp-content\/uploads\/2022\/11\/DSC1797-370x247.jpg 370w, https:\/\/exaudi.org\/wp-content\/uploads\/2022\/11\/DSC1797-293x195.jpg 293w, https:\/\/exaudi.org\/wp-content\/uploads\/2022\/11\/DSC1797-1400x933.jpg 1400w, https:\/\/exaudi.org\/wp-content\/uploads\/2022\/11\/DSC1797-120x80.jpg 120w, https:\/\/exaudi.org\/wp-content\/uploads\/2022\/11\/DSC1797-240x160.jpg 240w, https:\/\/exaudi.org\/wp-content\/uploads\/2022\/11\/DSC1797-390x260.jpg 390w\" sizes=\"auto, (max-width: 300px) 100vw, 300px\" \/><figcaption id=\"caption-attachment-65081\" class=\"wp-caption-text\">\u00a9 Vatican Media<\/figcaption><\/figure>\n<p>Queridos j\u00f3venes, los necesitamos, necesitamos su creatividad, sus sue\u00f1os y su valent\u00eda, su simpat\u00eda y sus sonrisas, su alegr\u00eda contagiosa y tambi\u00e9n esa pizca de locura que ustedes saben llevar a cada situaci\u00f3n, y que ayuda a salir del sopor de la rutina y de los esquemas repetitivos en los que a veces encasillamos la vida. Como Papa quiero decirles: la Iglesia est\u00e1 con ustedes y los necesita, a cada uno de ustedes, para rejuvenecer, explorar nuevos senderos, experimentar nuevos lenguajes, volverse m\u00e1s alegre y acogedora. \u00a1No pierdan nunca la valent\u00eda de so\u00f1ar y de vivir en grande! Apr\u00f3piense de la cultura del cuidado y dif\u00fandanla; sean campeones de fraternidad; afronten los desaf\u00edos de la vida dej\u00e1ndose orientar por la creatividad fiel de Dios y por buenos consejeros. Y, por \u00faltimo, acu\u00e9rdense de m\u00ed en sus oraciones. Yo har\u00e9 lo mismo por ustedes; los llevo en el coraz\u00f3n. \u00a1Gracias!<\/p>\n<p><i>God be with you! Allah ma\u2019akum<\/i>\u00a0[Que Dios est\u00e9 con ustedes]<\/p>\n<div class=\"clearfix\"><\/div>\n<\/div>\n<div class=\"content parsys\"><\/div>\n<\/div>\n","protected":false},"excerpt":{"rendered":"<p>39\u00ba Viaje Apost\u00f3lico encuentro con los j\u00f3venes <\/p>\n","protected":false},"author":15,"featured_media":65090,"comment_status":"closed","ping_status":"closed","sticky":false,"template":"","format":"standard","meta":{"_acf_changed":false,"_crdt_document":"","inline_featured_image":false,"footnotes":""},"categories":[68,126],"tags":[7193,1855,158,4953],"class_list":["post-65080","post","type-post","status-publish","format-standard","has-post-thumbnail","hentry","category-leon-xiv","category-viajes-papales","tag-barein","tag-jovenes","tag-papa-francisco","tag-trending-es"],"acf":[],"yoast_head":"<!-- This site is optimized with the Yoast SEO plugin v27.5 - https:\/\/yoast.com\/product\/yoast-seo-wordpress\/ -->\n<title>Papa Francisco: \u00bfSoy abierto a los dem\u00e1s? \u00bfBusco el encuentro o me quedo en lo m\u00edo? &#8211; Exaudi<\/title>\n<meta name=\"robots\" content=\"index, follow, max-snippet:-1, max-image-preview:large, max-video-preview:-1\" \/>\n<link rel=\"canonical\" href=\"https:\/\/exaudi.org\/es\/papa-francisco-soy-abierto-a-los-demas-busco-el-encuentro-o-me-quedo-en-lo-mio\/\" \/>\n<meta property=\"og:locale\" content=\"es_ES\" \/>\n<meta property=\"og:type\" content=\"article\" \/>\n<meta property=\"og:title\" content=\"Papa Francisco: \u00bfSoy abierto a los dem\u00e1s? \u00bfBusco el encuentro o me quedo en lo m\u00edo? &#8211; Exaudi\" \/>\n<meta property=\"og:description\" content=\"39\u00ba Viaje Apost\u00f3lico encuentro con los j\u00f3venes\" \/>\n<meta property=\"og:url\" content=\"https:\/\/exaudi.org\/es\/papa-francisco-soy-abierto-a-los-demas-busco-el-encuentro-o-me-quedo-en-lo-mio\/\" \/>\n<meta property=\"og:site_name\" content=\"Exaudi\" \/>\n<meta property=\"article:publisher\" content=\"https:\/\/www.facebook.com\/ExaudiNews\" \/>\n<meta property=\"article:author\" content=\"https:\/\/www.facebook.com\/ExaudiNoticias\/\" \/>\n<meta property=\"article:published_time\" content=\"2022-11-05T19:14:38+00:00\" \/>\n<meta property=\"og:image\" content=\"https:\/\/exaudi.org\/wp-content\/uploads\/2022\/11\/RIS8433-scaled.jpg\" \/>\n\t<meta property=\"og:image:width\" content=\"2560\" \/>\n\t<meta property=\"og:image:height\" content=\"1707\" \/>\n\t<meta property=\"og:image:type\" content=\"image\/jpeg\" \/>\n<meta name=\"author\" content=\"Exaudi Redacci\u00f3n\" \/>\n<meta name=\"twitter:card\" content=\"summary_large_image\" \/>\n<meta name=\"twitter:creator\" content=\"@Exaudi_noticias\" \/>\n<meta name=\"twitter:site\" content=\"@Exaudi_News\" \/>\n<meta name=\"twitter:label1\" content=\"Escrito por\" \/>\n\t<meta name=\"twitter:data1\" content=\"Exaudi Redacci\u00f3n\" \/>\n\t<meta name=\"twitter:label2\" content=\"Tiempo de lectura\" \/>\n\t<meta name=\"twitter:data2\" content=\"13 minutos\" \/>\n<script type=\"application\/ld+json\" class=\"yoast-schema-graph\">{\"@context\":\"https:\\\/\\\/schema.org\",\"@graph\":[{\"@type\":\"Article\",\"@id\":\"https:\\\/\\\/exaudi.org\\\/es\\\/papa-francisco-soy-abierto-a-los-demas-busco-el-encuentro-o-me-quedo-en-lo-mio\\\/#article\",\"isPartOf\":{\"@id\":\"https:\\\/\\\/exaudi.org\\\/es\\\/papa-francisco-soy-abierto-a-los-demas-busco-el-encuentro-o-me-quedo-en-lo-mio\\\/\"},\"author\":{\"name\":\"Exaudi Redacci\u00f3n\",\"@id\":\"https:\\\/\\\/exaudi.org\\\/#\\\/schema\\\/person\\\/f5fc8f063065e38742da7afe15f25df7\"},\"headline\":\"Papa Francisco: \u00bfSoy abierto a los dem\u00e1s? \u00bfBusco el encuentro o me quedo en lo m\u00edo?\",\"datePublished\":\"2022-11-05T19:14:38+00:00\",\"mainEntityOfPage\":{\"@id\":\"https:\\\/\\\/exaudi.org\\\/es\\\/papa-francisco-soy-abierto-a-los-demas-busco-el-encuentro-o-me-quedo-en-lo-mio\\\/\"},\"wordCount\":2551,\"image\":{\"@id\":\"https:\\\/\\\/exaudi.org\\\/es\\\/papa-francisco-soy-abierto-a-los-demas-busco-el-encuentro-o-me-quedo-en-lo-mio\\\/#primaryimage\"},\"thumbnailUrl\":\"https:\\\/\\\/exaudi.org\\\/wp-content\\\/uploads\\\/2022\\\/11\\\/RIS8433-scaled.jpg\",\"keywords\":[\"Bar\u00e9in\",\"J\u00f3venes\",\"papa francisco\",\"Trending\"],\"articleSection\":[\"Le\u00f3n XIV\",\"Viajes Papales\"],\"inLanguage\":\"es\"},{\"@type\":\"WebPage\",\"@id\":\"https:\\\/\\\/exaudi.org\\\/es\\\/papa-francisco-soy-abierto-a-los-demas-busco-el-encuentro-o-me-quedo-en-lo-mio\\\/\",\"url\":\"https:\\\/\\\/exaudi.org\\\/es\\\/papa-francisco-soy-abierto-a-los-demas-busco-el-encuentro-o-me-quedo-en-lo-mio\\\/\",\"name\":\"Papa Francisco: \u00bfSoy abierto a los dem\u00e1s? \u00bfBusco el encuentro o me quedo en lo m\u00edo? &#8211; Exaudi\",\"isPartOf\":{\"@id\":\"https:\\\/\\\/exaudi.org\\\/#website\"},\"primaryImageOfPage\":{\"@id\":\"https:\\\/\\\/exaudi.org\\\/es\\\/papa-francisco-soy-abierto-a-los-demas-busco-el-encuentro-o-me-quedo-en-lo-mio\\\/#primaryimage\"},\"image\":{\"@id\":\"https:\\\/\\\/exaudi.org\\\/es\\\/papa-francisco-soy-abierto-a-los-demas-busco-el-encuentro-o-me-quedo-en-lo-mio\\\/#primaryimage\"},\"thumbnailUrl\":\"https:\\\/\\\/exaudi.org\\\/wp-content\\\/uploads\\\/2022\\\/11\\\/RIS8433-scaled.jpg\",\"datePublished\":\"2022-11-05T19:14:38+00:00\",\"author\":{\"@id\":\"https:\\\/\\\/exaudi.org\\\/#\\\/schema\\\/person\\\/f5fc8f063065e38742da7afe15f25df7\"},\"breadcrumb\":{\"@id\":\"https:\\\/\\\/exaudi.org\\\/es\\\/papa-francisco-soy-abierto-a-los-demas-busco-el-encuentro-o-me-quedo-en-lo-mio\\\/#breadcrumb\"},\"inLanguage\":\"es\",\"potentialAction\":[{\"@type\":\"ReadAction\",\"target\":[\"https:\\\/\\\/exaudi.org\\\/es\\\/papa-francisco-soy-abierto-a-los-demas-busco-el-encuentro-o-me-quedo-en-lo-mio\\\/\"]}]},{\"@type\":\"ImageObject\",\"inLanguage\":\"es\",\"@id\":\"https:\\\/\\\/exaudi.org\\\/es\\\/papa-francisco-soy-abierto-a-los-demas-busco-el-encuentro-o-me-quedo-en-lo-mio\\\/#primaryimage\",\"url\":\"https:\\\/\\\/exaudi.org\\\/wp-content\\\/uploads\\\/2022\\\/11\\\/RIS8433-scaled.jpg\",\"contentUrl\":\"https:\\\/\\\/exaudi.org\\\/wp-content\\\/uploads\\\/2022\\\/11\\\/RIS8433-scaled.jpg\",\"width\":2560,\"height\":1707,\"caption\":\"\u00a9 Vatican Media\"},{\"@type\":\"BreadcrumbList\",\"@id\":\"https:\\\/\\\/exaudi.org\\\/es\\\/papa-francisco-soy-abierto-a-los-demas-busco-el-encuentro-o-me-quedo-en-lo-mio\\\/#breadcrumb\",\"itemListElement\":[{\"@type\":\"ListItem\",\"position\":1,\"name\":\"Portada\",\"item\":\"https:\\\/\\\/exaudi.org\\\/es\\\/\"},{\"@type\":\"ListItem\",\"position\":2,\"name\":\"Papa Francisco: \u00bfSoy abierto a los dem\u00e1s? \u00bfBusco el encuentro o me quedo en lo m\u00edo?\"}]},{\"@type\":\"WebSite\",\"@id\":\"https:\\\/\\\/exaudi.org\\\/#website\",\"url\":\"https:\\\/\\\/exaudi.org\\\/\",\"name\":\"Exaudi\",\"description\":\"News\",\"potentialAction\":[{\"@type\":\"SearchAction\",\"target\":{\"@type\":\"EntryPoint\",\"urlTemplate\":\"https:\\\/\\\/exaudi.org\\\/?s={search_term_string}\"},\"query-input\":{\"@type\":\"PropertyValueSpecification\",\"valueRequired\":true,\"valueName\":\"search_term_string\"}}],\"inLanguage\":\"es\"},{\"@type\":\"Person\",\"@id\":\"https:\\\/\\\/exaudi.org\\\/#\\\/schema\\\/person\\\/f5fc8f063065e38742da7afe15f25df7\",\"name\":\"Exaudi Redacci\u00f3n\",\"image\":{\"@type\":\"ImageObject\",\"inLanguage\":\"es\",\"@id\":\"https:\\\/\\\/secure.gravatar.com\\\/avatar\\\/fe0f6a059fb68d9b3e11bc5850dd4899b1c7492091a3cb6dd9b01b56ad828be2?s=96&d=mm&r=g\",\"url\":\"https:\\\/\\\/secure.gravatar.com\\\/avatar\\\/fe0f6a059fb68d9b3e11bc5850dd4899b1c7492091a3cb6dd9b01b56ad828be2?s=96&d=mm&r=g\",\"contentUrl\":\"https:\\\/\\\/secure.gravatar.com\\\/avatar\\\/fe0f6a059fb68d9b3e11bc5850dd4899b1c7492091a3cb6dd9b01b56ad828be2?s=96&d=mm&r=g\",\"caption\":\"Exaudi Redacci\u00f3n\"},\"description\":\"\u00bfQu\u00e9 es Exaudi News? Exaudi News es un medio de comunicaci\u00f3n cat\u00f3lico internacional que informa, forma y transforma, diariamente en espa\u00f1ol, ingl\u00e9s e italiano. A trav\u00e9s de noticias, art\u00edculos de an\u00e1lisis y transmisiones en directo de los eventos del Papa, Exaudi busca fortalecer la unidad de los cristianos y contribuir a la evangelizaci\u00f3n del mundo, siempre guiados por la doctrina social de la Iglesia. Trabajamos para acercar la verdad y los valores cristianos a cada rinc\u00f3n del planeta. \u00a1Ay\u00fadanos a transformar el mundo con Exaudi! En Exaudi creemos que la evangelizaci\u00f3n y la informaci\u00f3n de calidad pueden cambiar vidas. Para continuar con nuestra misi\u00f3n y expandir nuestro alcance, necesitamos tu ayuda. Adem\u00e1s, buscamos personas comprometidas que deseen unirse a nuestro equipo. Con tu apoyo, lograremos llegar a m\u00e1s personas, difundir el mensaje de Cristo y reforzar la unidad de los cristianos. \u00bfTe unes a nuestra misi\u00f3n? Para m\u00e1s informaci\u00f3n sobre c\u00f3mo colaborar, visita Exaudi.org\\\/es o cont\u00e1ctanos directamente: info@exaudi.org Exaudi: Informa, forma y transforma.\",\"sameAs\":[\"https:\\\/\\\/www.facebook.com\\\/ExaudiNoticias\\\/\",\"https:\\\/\\\/www.instagram.com\\\/exaudi_noticias\\\/\",\"https:\\\/\\\/x.com\\\/Exaudi_noticias\",\"https:\\\/\\\/www.youtube.com\\\/@exaudicatholicnews\"],\"url\":\"https:\\\/\\\/exaudi.org\\\/es\\\/author\\\/redaccionexaudi\\\/\"}]}<\/script>\n<!-- \/ Yoast SEO plugin. -->","yoast_head_json":{"title":"Papa Francisco: \u00bfSoy abierto a los dem\u00e1s? \u00bfBusco el encuentro o me quedo en lo m\u00edo? &#8211; Exaudi","robots":{"index":"index","follow":"follow","max-snippet":"max-snippet:-1","max-image-preview":"max-image-preview:large","max-video-preview":"max-video-preview:-1"},"canonical":"https:\/\/exaudi.org\/es\/papa-francisco-soy-abierto-a-los-demas-busco-el-encuentro-o-me-quedo-en-lo-mio\/","og_locale":"es_ES","og_type":"article","og_title":"Papa Francisco: \u00bfSoy abierto a los dem\u00e1s? \u00bfBusco el encuentro o me quedo en lo m\u00edo? &#8211; Exaudi","og_description":"39\u00ba Viaje Apost\u00f3lico encuentro con los j\u00f3venes","og_url":"https:\/\/exaudi.org\/es\/papa-francisco-soy-abierto-a-los-demas-busco-el-encuentro-o-me-quedo-en-lo-mio\/","og_site_name":"Exaudi","article_publisher":"https:\/\/www.facebook.com\/ExaudiNews","article_author":"https:\/\/www.facebook.com\/ExaudiNoticias\/","article_published_time":"2022-11-05T19:14:38+00:00","og_image":[{"width":2560,"height":1707,"url":"https:\/\/exaudi.org\/wp-content\/uploads\/2022\/11\/RIS8433-scaled.jpg","type":"image\/jpeg"}],"author":"Exaudi Redacci\u00f3n","twitter_card":"summary_large_image","twitter_creator":"@Exaudi_noticias","twitter_site":"@Exaudi_News","twitter_misc":{"Escrito por":"Exaudi Redacci\u00f3n","Tiempo de lectura":"13 minutos"},"schema":{"@context":"https:\/\/schema.org","@graph":[{"@type":"Article","@id":"https:\/\/exaudi.org\/es\/papa-francisco-soy-abierto-a-los-demas-busco-el-encuentro-o-me-quedo-en-lo-mio\/#article","isPartOf":{"@id":"https:\/\/exaudi.org\/es\/papa-francisco-soy-abierto-a-los-demas-busco-el-encuentro-o-me-quedo-en-lo-mio\/"},"author":{"name":"Exaudi Redacci\u00f3n","@id":"https:\/\/exaudi.org\/#\/schema\/person\/f5fc8f063065e38742da7afe15f25df7"},"headline":"Papa Francisco: \u00bfSoy abierto a los dem\u00e1s? \u00bfBusco el encuentro o me quedo en lo m\u00edo?","datePublished":"2022-11-05T19:14:38+00:00","mainEntityOfPage":{"@id":"https:\/\/exaudi.org\/es\/papa-francisco-soy-abierto-a-los-demas-busco-el-encuentro-o-me-quedo-en-lo-mio\/"},"wordCount":2551,"image":{"@id":"https:\/\/exaudi.org\/es\/papa-francisco-soy-abierto-a-los-demas-busco-el-encuentro-o-me-quedo-en-lo-mio\/#primaryimage"},"thumbnailUrl":"https:\/\/exaudi.org\/wp-content\/uploads\/2022\/11\/RIS8433-scaled.jpg","keywords":["Bar\u00e9in","J\u00f3venes","papa francisco","Trending"],"articleSection":["Le\u00f3n XIV","Viajes Papales"],"inLanguage":"es"},{"@type":"WebPage","@id":"https:\/\/exaudi.org\/es\/papa-francisco-soy-abierto-a-los-demas-busco-el-encuentro-o-me-quedo-en-lo-mio\/","url":"https:\/\/exaudi.org\/es\/papa-francisco-soy-abierto-a-los-demas-busco-el-encuentro-o-me-quedo-en-lo-mio\/","name":"Papa Francisco: \u00bfSoy abierto a los dem\u00e1s? \u00bfBusco el encuentro o me quedo en lo m\u00edo? &#8211; Exaudi","isPartOf":{"@id":"https:\/\/exaudi.org\/#website"},"primaryImageOfPage":{"@id":"https:\/\/exaudi.org\/es\/papa-francisco-soy-abierto-a-los-demas-busco-el-encuentro-o-me-quedo-en-lo-mio\/#primaryimage"},"image":{"@id":"https:\/\/exaudi.org\/es\/papa-francisco-soy-abierto-a-los-demas-busco-el-encuentro-o-me-quedo-en-lo-mio\/#primaryimage"},"thumbnailUrl":"https:\/\/exaudi.org\/wp-content\/uploads\/2022\/11\/RIS8433-scaled.jpg","datePublished":"2022-11-05T19:14:38+00:00","author":{"@id":"https:\/\/exaudi.org\/#\/schema\/person\/f5fc8f063065e38742da7afe15f25df7"},"breadcrumb":{"@id":"https:\/\/exaudi.org\/es\/papa-francisco-soy-abierto-a-los-demas-busco-el-encuentro-o-me-quedo-en-lo-mio\/#breadcrumb"},"inLanguage":"es","potentialAction":[{"@type":"ReadAction","target":["https:\/\/exaudi.org\/es\/papa-francisco-soy-abierto-a-los-demas-busco-el-encuentro-o-me-quedo-en-lo-mio\/"]}]},{"@type":"ImageObject","inLanguage":"es","@id":"https:\/\/exaudi.org\/es\/papa-francisco-soy-abierto-a-los-demas-busco-el-encuentro-o-me-quedo-en-lo-mio\/#primaryimage","url":"https:\/\/exaudi.org\/wp-content\/uploads\/2022\/11\/RIS8433-scaled.jpg","contentUrl":"https:\/\/exaudi.org\/wp-content\/uploads\/2022\/11\/RIS8433-scaled.jpg","width":2560,"height":1707,"caption":"\u00a9 Vatican Media"},{"@type":"BreadcrumbList","@id":"https:\/\/exaudi.org\/es\/papa-francisco-soy-abierto-a-los-demas-busco-el-encuentro-o-me-quedo-en-lo-mio\/#breadcrumb","itemListElement":[{"@type":"ListItem","position":1,"name":"Portada","item":"https:\/\/exaudi.org\/es\/"},{"@type":"ListItem","position":2,"name":"Papa Francisco: \u00bfSoy abierto a los dem\u00e1s? \u00bfBusco el encuentro o me quedo en lo m\u00edo?"}]},{"@type":"WebSite","@id":"https:\/\/exaudi.org\/#website","url":"https:\/\/exaudi.org\/","name":"Exaudi","description":"News","potentialAction":[{"@type":"SearchAction","target":{"@type":"EntryPoint","urlTemplate":"https:\/\/exaudi.org\/?s={search_term_string}"},"query-input":{"@type":"PropertyValueSpecification","valueRequired":true,"valueName":"search_term_string"}}],"inLanguage":"es"},{"@type":"Person","@id":"https:\/\/exaudi.org\/#\/schema\/person\/f5fc8f063065e38742da7afe15f25df7","name":"Exaudi Redacci\u00f3n","image":{"@type":"ImageObject","inLanguage":"es","@id":"https:\/\/secure.gravatar.com\/avatar\/fe0f6a059fb68d9b3e11bc5850dd4899b1c7492091a3cb6dd9b01b56ad828be2?s=96&d=mm&r=g","url":"https:\/\/secure.gravatar.com\/avatar\/fe0f6a059fb68d9b3e11bc5850dd4899b1c7492091a3cb6dd9b01b56ad828be2?s=96&d=mm&r=g","contentUrl":"https:\/\/secure.gravatar.com\/avatar\/fe0f6a059fb68d9b3e11bc5850dd4899b1c7492091a3cb6dd9b01b56ad828be2?s=96&d=mm&r=g","caption":"Exaudi Redacci\u00f3n"},"description":"\u00bfQu\u00e9 es Exaudi News? Exaudi News es un medio de comunicaci\u00f3n cat\u00f3lico internacional que informa, forma y transforma, diariamente en espa\u00f1ol, ingl\u00e9s e italiano. A trav\u00e9s de noticias, art\u00edculos de an\u00e1lisis y transmisiones en directo de los eventos del Papa, Exaudi busca fortalecer la unidad de los cristianos y contribuir a la evangelizaci\u00f3n del mundo, siempre guiados por la doctrina social de la Iglesia. Trabajamos para acercar la verdad y los valores cristianos a cada rinc\u00f3n del planeta. \u00a1Ay\u00fadanos a transformar el mundo con Exaudi! En Exaudi creemos que la evangelizaci\u00f3n y la informaci\u00f3n de calidad pueden cambiar vidas. Para continuar con nuestra misi\u00f3n y expandir nuestro alcance, necesitamos tu ayuda. Adem\u00e1s, buscamos personas comprometidas que deseen unirse a nuestro equipo. Con tu apoyo, lograremos llegar a m\u00e1s personas, difundir el mensaje de Cristo y reforzar la unidad de los cristianos. \u00bfTe unes a nuestra misi\u00f3n? Para m\u00e1s informaci\u00f3n sobre c\u00f3mo colaborar, visita Exaudi.org\/es o cont\u00e1ctanos directamente: info@exaudi.org Exaudi: Informa, forma y transforma.","sameAs":["https:\/\/www.facebook.com\/ExaudiNoticias\/","https:\/\/www.instagram.com\/exaudi_noticias\/","https:\/\/x.com\/Exaudi_noticias","https:\/\/www.youtube.com\/@exaudicatholicnews"],"url":"https:\/\/exaudi.org\/es\/author\/redaccionexaudi\/"}]}},"jetpack_featured_media_url":"https:\/\/exaudi.org\/wp-content\/uploads\/2022\/11\/RIS8433-scaled.jpg","jetpack_shortlink":"https:\/\/wp.me\/pgKjF2-gVG","_links":{"self":[{"href":"https:\/\/exaudi.org\/es\/wp-json\/wp\/v2\/posts\/65080","targetHints":{"allow":["GET"]}}],"collection":[{"href":"https:\/\/exaudi.org\/es\/wp-json\/wp\/v2\/posts"}],"about":[{"href":"https:\/\/exaudi.org\/es\/wp-json\/wp\/v2\/types\/post"}],"author":[{"embeddable":true,"href":"https:\/\/exaudi.org\/es\/wp-json\/wp\/v2\/users\/15"}],"replies":[{"embeddable":true,"href":"https:\/\/exaudi.org\/es\/wp-json\/wp\/v2\/comments?post=65080"}],"version-history":[{"count":0,"href":"https:\/\/exaudi.org\/es\/wp-json\/wp\/v2\/posts\/65080\/revisions"}],"wp:featuredmedia":[{"embeddable":true,"href":"https:\/\/exaudi.org\/es\/wp-json\/wp\/v2\/media\/65090"}],"wp:attachment":[{"href":"https:\/\/exaudi.org\/es\/wp-json\/wp\/v2\/media?parent=65080"}],"wp:term":[{"taxonomy":"category","embeddable":true,"href":"https:\/\/exaudi.org\/es\/wp-json\/wp\/v2\/categories?post=65080"},{"taxonomy":"post_tag","embeddable":true,"href":"https:\/\/exaudi.org\/es\/wp-json\/wp\/v2\/tags?post=65080"}],"curies":[{"name":"wp","href":"https:\/\/api.w.org\/{rel}","templated":true}]}}