{"id":64909,"date":"2022-11-03T10:50:45","date_gmt":"2022-11-03T09:50:45","guid":{"rendered":"https:\/\/exaudi.org\/?p=64909"},"modified":"2022-11-04T14:04:37","modified_gmt":"2022-11-04T13:04:37","slug":"cardenal-arizmendi-vamos-a-contracorriente","status":"publish","type":"post","link":"https:\/\/exaudi.org\/es\/cardenal-arizmendi-vamos-a-contracorriente\/","title":{"rendered":"Cardenal Arizmendi: Vamos a contracorriente"},"content":{"rendered":"<p>El <a href=\"https:\/\/exaudi.org\/es\/author\/felipearizmendi\/\" target=\"_blank\" rel=\"noopener\">cardenal Felipe Arizmendi<\/a>, obispo em\u00e9rito de San Crist\u00f3bal de Las Casas y responsable de la Doctrina de la Fe en la\u00a0<a href=\"https:\/\/www.cem.org.mx\/\" target=\"_blank\" rel=\"noopener\">Conferencia del Episcopado Mexicano (CEM)<\/a>, ofrece a los lectores de Exaudi su art\u00edculo semanal titulado: \u201cVamos a contracorriente\u201d.<\/p>\n<p>***<\/p>\n<p><strong>MIRAR<\/strong><\/p>\n<p>Varios han festejado que las legislaturas locales de los 32 Estados (Provincias) de nuestro pa\u00eds ya han aprobado lo que err\u00f3neamente llaman \u201cmatrimonio igualitario\u201d, por el que dos personas de mismo sexo se comprometen a vivir unidos como si fueran esposos. No discriminamos ni ofendemos a quienes manifiestan esa tendencia, pero no se le puede llamar \u201cmatrimonio\u201d a lo que contradice incluso el sentido de esta palabra, que tiene que ver en su origen con la maternidad, cosa que biol\u00f3gicamente no puede darse en este tipo de parejas.<\/p>\n<p>Los creyentes en Cristo vamos en sentido contrario a lo legislado por nuestros diputados locales, conforme a lo que dice el Catecismo de la Iglesia Cat\u00f3lica sobre la homosexualidad: \u201cSu origen ps\u00edquico permanece en gran medida inexplicado. Apoy\u00e1ndose en la Sagrada Escritura que los presenta como depravaciones graves (Cf. Gn 19, 1-29; Rm 1, 24-27; 1 Co 6, 10; 1 Tm 1, 10), la Tradici\u00f3n ha declarado siempre que los actos homosexuales son intr\u00ednsecamente desordenados. Son contrarios a la ley natural. Cierran el acto sexual al don de la vida. No proceden de una verdadera complementariedad afectiva y sexual. No pueden recibir aprobaci\u00f3n en ning\u00fan caso\u201d (2357). Sin embargo, guiados por la actitud de Jes\u00fas, se nos indica con severidad: \u201cDeben ser acogidos con respeto, compasi\u00f3n y delicadeza. Se evitar\u00e1, respecto a ellos, todo signo de discriminaci\u00f3n injusta. Estas personas est\u00e1n llamadas a realizar la voluntad de Dios en su vida, y, si son cristianas, a unir al sacrificio de la cruz del Se\u00f1or las\u00a0\u00a0\u00a0 dificultades que \u00a0pueden encontrar \u00a0a \u00a0causa \u00a0de \u00a0su \u00a0condici\u00f3n\u201d (2358).<\/p>\n<p>Cada d\u00eda son m\u00e1s los Estados que reconocen lo que llaman \u201cderecho al aborto\u201d, como si asesinar a un inocente fuera totalmente legal. Aunque nuestros legisladores lo aprueben; aunque el Presidente de Estados Unidos lo promueva, en contradicci\u00f3n con su fe cat\u00f3lica; aunque esto se aliente desde la ONU, nosotros siempre sostendremos que eso va en contra del quinto mandamiento de la Ley de Dios, que expl\u00edcitamente ordena no matar. Comprendemos a las mujeres que se sienten presionadas para abortar, y porque lamentamos que tomen esa decisi\u00f3n, debemos ver la forma de estar cerca de su situaci\u00f3n para apoyarles en otro tipo de ayudas. Nos deben importar ambas vidas: de la madre y de la criatura en gestaci\u00f3n, que es un verdadero ser humano, con todos sus derechos.<\/p>\n<p>Nos preocupa que cada vez m\u00e1s j\u00f3venes no quieran comprometerse de por vida en un matrimonio; nos preocupa que los reci\u00e9n casados no quieran tener hijos, para seguir disfrutando de todo, sin el \u201cestorbo\u201d de unos hijos; nos preocupa que parejas bien constituidas, incluso sacramentalmente, se separen a las menores dificultades; nos preocupa la liberalidad en el uso de la sexualidad desde temprana edad, sin estar preparados f\u00edsica, psicol\u00f3gica y moralmente. Desde nuestra fe, recordaremos siempre el sexto y noveno mandamientos de la Ley de Dios, que nos ense\u00f1a respetar la sexualidad y el matrimonio. En todo esto, vamos a contracorriente de las modas actuales, que presumen de libertad y progreso, da\u00f1ando a las mismas personas en su ser m\u00e1s profundo.<\/p>\n<p><strong>DISCERNIR<\/strong><\/p>\n<p>El Papa Francisco, en su mensaje de este 1 de noviembre, ha dicho claramente:<em> \u201c<\/em>Las Bienaventuranzas de Jes\u00fas (cf.\u00a0Mt\u00a05,1-12), que son el carnet de identidad de los santos, \u00a1hablan de una vida a contracorriente, de una vida revolucionaria! Los santos son los verdaderos revolucionarios&#8230; Los que trabajan por la paz \u00abser\u00e1n llamados hijos de Dios\u00bb (Mt\u00a05,9): en el mundo parecen fuera de lugar, porque no ceden a la l\u00f3gica del poder y del predominio; en el Cielo ser\u00e1n los m\u00e1s cercanos a Dios, los m\u00e1s parecidos a \u00c9l\u201d.<\/p>\n<p>Y en su Exhortaci\u00f3n <em>Gaudete et Exultate, <\/em>afirma: \u201cAunque las palabras de Jes\u00fas puedan parecernos po\u00e9ticas, sin embargo van muy a contracorriente con respecto a lo que es costumbre, a lo que se hace en la sociedad; y, si bien este mensaje de Jes\u00fas nos atrae, en realidad el mundo nos lleva hacia otro estilo de vida. Las bienaventuranzas de ninguna manera son algo liviano o superficial; al contrario, ya que solo podemos vivirlas si el Esp\u00edritu Santo nos invade con toda su potencia y nos libera de la debilidad del ego\u00edsmo, de la comodidad, del orgullo. Volvamos a escuchar a Jes\u00fas, con todo el amor y el respeto que merece el Maestro. Permit\u00e1mosle que nos golpee con sus palabras, que nos desaf\u00ede, que nos interpele a un cambio real de vida. De otro modo, la santidad ser\u00e1 solo palabras\u201d (Nos. 65-66).<\/p>\n<p><em>\u00a0<\/em><em>\u201cJes\u00fas mismo remarca que este camino va a contracorriente hasta el punto de convertirnos en seres que cuestionan a la sociedad con su vida, personas que molestan. Jes\u00fas recuerda cu\u00e1nta gente es perseguida y ha sido perseguida sencillamente por haber luchado por la justicia, por haber vivido sus compromisos con Dios y con los dem\u00e1s. Si no queremos sumergirnos en una oscura mediocridad, no pretendamos una vida c\u00f3moda, porque &#8216;quien quiera salvar su vida la perder\u00e1&#8217;\u201d <\/em>(No. 90).<\/p>\n<p><strong>ACTUAR<\/strong><\/p>\n<p>\u00bfTu criterio de vida es lo que hacen los dem\u00e1s, o te gu\u00eda siempre la Palabra de Dios? \u00bfTu forma de pensar y de vivir trata de discernir la vida actual a la luz de Jesucristo? Si quieres ser fiel a tu fe cat\u00f3lica, analiza lo que se hace y se difunde, para ver si est\u00e1 de acuerdo con lo que Dios nos ense\u00f1a, y decide tu camino de vida. Prep\u00e1rate a las cr\u00edticas e incomprensiones por la verdad del Evangelio.<\/p>\n","protected":false},"excerpt":{"rendered":"<p>Nos gu\u00eda la Palabra de Dios<\/p>\n","protected":false},"author":24,"featured_media":64916,"comment_status":"closed","ping_status":"closed","sticky":false,"template":"","format":"standard","meta":{"_acf_changed":false,"_crdt_document":"","inline_featured_image":false,"footnotes":""},"categories":[130],"tags":[6274,4953],"class_list":["post-64909","post","type-post","status-publish","format-standard","has-post-thumbnail","hentry","category-voces","tag-felipe-arizmendi","tag-trending-es"],"acf":[],"yoast_head":"<!-- This site is optimized with the Yoast SEO plugin v27.4 - https:\/\/yoast.com\/product\/yoast-seo-wordpress\/ -->\n<title>Cardenal Arizmendi: Vamos a contracorriente &#8211; Exaudi<\/title>\n<meta name=\"robots\" content=\"index, follow, max-snippet:-1, max-image-preview:large, max-video-preview:-1\" \/>\n<link rel=\"canonical\" href=\"https:\/\/exaudi.org\/es\/cardenal-arizmendi-vamos-a-contracorriente\/\" \/>\n<meta property=\"og:locale\" content=\"es_ES\" \/>\n<meta property=\"og:type\" content=\"article\" \/>\n<meta property=\"og:title\" content=\"Cardenal Arizmendi: Vamos a contracorriente &#8211; Exaudi\" \/>\n<meta property=\"og:description\" content=\"Nos gu\u00eda la Palabra de Dios\" \/>\n<meta property=\"og:url\" content=\"https:\/\/exaudi.org\/es\/cardenal-arizmendi-vamos-a-contracorriente\/\" \/>\n<meta property=\"og:site_name\" content=\"Exaudi\" \/>\n<meta property=\"article:publisher\" content=\"https:\/\/www.facebook.com\/ExaudiNews\" \/>\n<meta property=\"article:published_time\" content=\"2022-11-03T09:50:45+00:00\" \/>\n<meta property=\"article:modified_time\" content=\"2022-11-04T13:04:37+00:00\" \/>\n<meta property=\"og:image\" content=\"https:\/\/exaudi.org\/wp-content\/uploads\/2022\/11\/pexels-spencer-selover-775417-scaled.jpg\" \/>\n\t<meta property=\"og:image:width\" content=\"2560\" \/>\n\t<meta property=\"og:image:height\" content=\"1709\" \/>\n\t<meta property=\"og:image:type\" content=\"image\/jpeg\" \/>\n<meta name=\"author\" content=\"Cardenal Felipe Arizmendi\" \/>\n<meta name=\"twitter:card\" content=\"summary_large_image\" \/>\n<meta name=\"twitter:creator\" content=\"@Exaudi_News\" \/>\n<meta name=\"twitter:site\" content=\"@Exaudi_News\" \/>\n<meta name=\"twitter:label1\" content=\"Escrito por\" \/>\n\t<meta name=\"twitter:data1\" content=\"Cardenal Felipe Arizmendi\" \/>\n\t<meta name=\"twitter:label2\" content=\"Tiempo de lectura\" \/>\n\t<meta name=\"twitter:data2\" content=\"5 minutos\" \/>\n<script type=\"application\/ld+json\" class=\"yoast-schema-graph\">{\"@context\":\"https:\\\/\\\/schema.org\",\"@graph\":[{\"@type\":\"Article\",\"@id\":\"https:\\\/\\\/exaudi.org\\\/es\\\/cardenal-arizmendi-vamos-a-contracorriente\\\/#article\",\"isPartOf\":{\"@id\":\"https:\\\/\\\/exaudi.org\\\/es\\\/cardenal-arizmendi-vamos-a-contracorriente\\\/\"},\"author\":{\"name\":\"Cardenal Felipe Arizmendi\",\"@id\":\"https:\\\/\\\/exaudi.org\\\/#\\\/schema\\\/person\\\/c7d223f87e58f1105d044d8da1439102\"},\"headline\":\"Cardenal Arizmendi: Vamos a contracorriente\",\"datePublished\":\"2022-11-03T09:50:45+00:00\",\"dateModified\":\"2022-11-04T13:04:37+00:00\",\"mainEntityOfPage\":{\"@id\":\"https:\\\/\\\/exaudi.org\\\/es\\\/cardenal-arizmendi-vamos-a-contracorriente\\\/\"},\"wordCount\":999,\"image\":{\"@id\":\"https:\\\/\\\/exaudi.org\\\/es\\\/cardenal-arizmendi-vamos-a-contracorriente\\\/#primaryimage\"},\"thumbnailUrl\":\"https:\\\/\\\/exaudi.org\\\/wp-content\\\/uploads\\\/2022\\\/11\\\/pexels-spencer-selover-775417-scaled.jpg\",\"keywords\":[\"Felipe Arizmendi\",\"Trending\"],\"articleSection\":[\"Voces\"],\"inLanguage\":\"es\"},{\"@type\":\"WebPage\",\"@id\":\"https:\\\/\\\/exaudi.org\\\/es\\\/cardenal-arizmendi-vamos-a-contracorriente\\\/\",\"url\":\"https:\\\/\\\/exaudi.org\\\/es\\\/cardenal-arizmendi-vamos-a-contracorriente\\\/\",\"name\":\"Cardenal Arizmendi: Vamos a contracorriente &#8211; Exaudi\",\"isPartOf\":{\"@id\":\"https:\\\/\\\/exaudi.org\\\/#website\"},\"primaryImageOfPage\":{\"@id\":\"https:\\\/\\\/exaudi.org\\\/es\\\/cardenal-arizmendi-vamos-a-contracorriente\\\/#primaryimage\"},\"image\":{\"@id\":\"https:\\\/\\\/exaudi.org\\\/es\\\/cardenal-arizmendi-vamos-a-contracorriente\\\/#primaryimage\"},\"thumbnailUrl\":\"https:\\\/\\\/exaudi.org\\\/wp-content\\\/uploads\\\/2022\\\/11\\\/pexels-spencer-selover-775417-scaled.jpg\",\"datePublished\":\"2022-11-03T09:50:45+00:00\",\"dateModified\":\"2022-11-04T13:04:37+00:00\",\"author\":{\"@id\":\"https:\\\/\\\/exaudi.org\\\/#\\\/schema\\\/person\\\/c7d223f87e58f1105d044d8da1439102\"},\"breadcrumb\":{\"@id\":\"https:\\\/\\\/exaudi.org\\\/es\\\/cardenal-arizmendi-vamos-a-contracorriente\\\/#breadcrumb\"},\"inLanguage\":\"es\",\"potentialAction\":[{\"@type\":\"ReadAction\",\"target\":[\"https:\\\/\\\/exaudi.org\\\/es\\\/cardenal-arizmendi-vamos-a-contracorriente\\\/\"]}]},{\"@type\":\"ImageObject\",\"inLanguage\":\"es\",\"@id\":\"https:\\\/\\\/exaudi.org\\\/es\\\/cardenal-arizmendi-vamos-a-contracorriente\\\/#primaryimage\",\"url\":\"https:\\\/\\\/exaudi.org\\\/wp-content\\\/uploads\\\/2022\\\/11\\\/pexels-spencer-selover-775417-scaled.jpg\",\"contentUrl\":\"https:\\\/\\\/exaudi.org\\\/wp-content\\\/uploads\\\/2022\\\/11\\\/pexels-spencer-selover-775417-scaled.jpg\",\"width\":2560,\"height\":1709,\"caption\":\"Meditar \u00a9 Pexels. Spencer Selover\"},{\"@type\":\"BreadcrumbList\",\"@id\":\"https:\\\/\\\/exaudi.org\\\/es\\\/cardenal-arizmendi-vamos-a-contracorriente\\\/#breadcrumb\",\"itemListElement\":[{\"@type\":\"ListItem\",\"position\":1,\"name\":\"Portada\",\"item\":\"https:\\\/\\\/exaudi.org\\\/es\\\/\"},{\"@type\":\"ListItem\",\"position\":2,\"name\":\"Cardenal Arizmendi: Vamos a contracorriente\"}]},{\"@type\":\"WebSite\",\"@id\":\"https:\\\/\\\/exaudi.org\\\/#website\",\"url\":\"https:\\\/\\\/exaudi.org\\\/\",\"name\":\"Exaudi\",\"description\":\"News\",\"potentialAction\":[{\"@type\":\"SearchAction\",\"target\":{\"@type\":\"EntryPoint\",\"urlTemplate\":\"https:\\\/\\\/exaudi.org\\\/?s={search_term_string}\"},\"query-input\":{\"@type\":\"PropertyValueSpecification\",\"valueRequired\":true,\"valueName\":\"search_term_string\"}}],\"inLanguage\":\"es\"},{\"@type\":\"Person\",\"@id\":\"https:\\\/\\\/exaudi.org\\\/#\\\/schema\\\/person\\\/c7d223f87e58f1105d044d8da1439102\",\"name\":\"Cardenal Felipe Arizmendi\",\"image\":{\"@type\":\"ImageObject\",\"inLanguage\":\"es\",\"@id\":\"https:\\\/\\\/secure.gravatar.com\\\/avatar\\\/4ffc5520d896b86d39346168903de33a17ef0f23d16de0ff45062c1ff422ed2f?s=96&d=mm&r=g\",\"url\":\"https:\\\/\\\/secure.gravatar.com\\\/avatar\\\/4ffc5520d896b86d39346168903de33a17ef0f23d16de0ff45062c1ff422ed2f?s=96&d=mm&r=g\",\"contentUrl\":\"https:\\\/\\\/secure.gravatar.com\\\/avatar\\\/4ffc5520d896b86d39346168903de33a17ef0f23d16de0ff45062c1ff422ed2f?s=96&d=mm&r=g\",\"caption\":\"Cardenal Felipe Arizmendi\"},\"description\":\"Nacido en Chiltepec el 1 de mayo de 1940. Estudi\u00f3 Humanidades y Filosof\u00eda en el Seminario de Toluca, de 1952 a 1959. Curs\u00f3 la Teolog\u00eda en la Universidad Pontificia de Salamanca, Espa\u00f1a, de 1959 a 1963, obteniendo la licenciatura en Teolog\u00eda Dogm\u00e1tica. Por su cuenta, se especializ\u00f3 en Liturgia. Fue ordenado sacerdote el 25 de agosto de 1963 en Toluca. Sirvi\u00f3 como Vicario Parroquial en tres parroquias por tres a\u00f1os y medio y fue p\u00e1rroco de una comunidad ind\u00edgena otom\u00ed, de 1967 a 1970. Fue Director Espiritual del Seminario de Toluca por diez a\u00f1os, y Rector del mismo de 1981 a 1991. El 7 de marzo de 1991, fue ordenado obispo de la di\u00f3cesis de Tapachula, donde estuvo hasta el 30 de abril del a\u00f1o 2000. El 1 de mayo del 2000, inici\u00f3 su ministerio episcopal como XLVI obispo de la di\u00f3cesis de San Crist\u00f3bal de las Casas, Chiapas, una de las di\u00f3cesis m\u00e1s antiguas de M\u00e9xico, erigida en 1539; all\u00ed sirvi\u00f3 por casi 18 a\u00f1os. Ha ocupado diversos cargos en la Conferencia del Episcopado Mexicano y en el CELAM. El 3 de noviembre de 2017, el Papa Francisco le acept\u00f3, por edad, su renuncia al servicio episcopal en esta di\u00f3cesis, que entreg\u00f3 a su sucesor el 3 de enero de 2018. Desde entonces, reside en la ciudad de Toluca. Desde 1979, escribe art\u00edculos de actualidad en varios medios religiosos y civiles. Es autor de varias publicaciones.\",\"url\":\"https:\\\/\\\/exaudi.org\\\/es\\\/author\\\/felipearizmendi\\\/\"}]}<\/script>\n<!-- \/ Yoast SEO plugin. -->","yoast_head_json":{"title":"Cardenal Arizmendi: Vamos a contracorriente &#8211; Exaudi","robots":{"index":"index","follow":"follow","max-snippet":"max-snippet:-1","max-image-preview":"max-image-preview:large","max-video-preview":"max-video-preview:-1"},"canonical":"https:\/\/exaudi.org\/es\/cardenal-arizmendi-vamos-a-contracorriente\/","og_locale":"es_ES","og_type":"article","og_title":"Cardenal Arizmendi: Vamos a contracorriente &#8211; Exaudi","og_description":"Nos gu\u00eda la Palabra de Dios","og_url":"https:\/\/exaudi.org\/es\/cardenal-arizmendi-vamos-a-contracorriente\/","og_site_name":"Exaudi","article_publisher":"https:\/\/www.facebook.com\/ExaudiNews","article_published_time":"2022-11-03T09:50:45+00:00","article_modified_time":"2022-11-04T13:04:37+00:00","og_image":[{"width":2560,"height":1709,"url":"https:\/\/exaudi.org\/wp-content\/uploads\/2022\/11\/pexels-spencer-selover-775417-scaled.jpg","type":"image\/jpeg"}],"author":"Cardenal Felipe Arizmendi","twitter_card":"summary_large_image","twitter_creator":"@Exaudi_News","twitter_site":"@Exaudi_News","twitter_misc":{"Escrito por":"Cardenal Felipe Arizmendi","Tiempo de lectura":"5 minutos"},"schema":{"@context":"https:\/\/schema.org","@graph":[{"@type":"Article","@id":"https:\/\/exaudi.org\/es\/cardenal-arizmendi-vamos-a-contracorriente\/#article","isPartOf":{"@id":"https:\/\/exaudi.org\/es\/cardenal-arizmendi-vamos-a-contracorriente\/"},"author":{"name":"Cardenal Felipe Arizmendi","@id":"https:\/\/exaudi.org\/#\/schema\/person\/c7d223f87e58f1105d044d8da1439102"},"headline":"Cardenal Arizmendi: Vamos a contracorriente","datePublished":"2022-11-03T09:50:45+00:00","dateModified":"2022-11-04T13:04:37+00:00","mainEntityOfPage":{"@id":"https:\/\/exaudi.org\/es\/cardenal-arizmendi-vamos-a-contracorriente\/"},"wordCount":999,"image":{"@id":"https:\/\/exaudi.org\/es\/cardenal-arizmendi-vamos-a-contracorriente\/#primaryimage"},"thumbnailUrl":"https:\/\/exaudi.org\/wp-content\/uploads\/2022\/11\/pexels-spencer-selover-775417-scaled.jpg","keywords":["Felipe Arizmendi","Trending"],"articleSection":["Voces"],"inLanguage":"es"},{"@type":"WebPage","@id":"https:\/\/exaudi.org\/es\/cardenal-arizmendi-vamos-a-contracorriente\/","url":"https:\/\/exaudi.org\/es\/cardenal-arizmendi-vamos-a-contracorriente\/","name":"Cardenal Arizmendi: Vamos a contracorriente &#8211; Exaudi","isPartOf":{"@id":"https:\/\/exaudi.org\/#website"},"primaryImageOfPage":{"@id":"https:\/\/exaudi.org\/es\/cardenal-arizmendi-vamos-a-contracorriente\/#primaryimage"},"image":{"@id":"https:\/\/exaudi.org\/es\/cardenal-arizmendi-vamos-a-contracorriente\/#primaryimage"},"thumbnailUrl":"https:\/\/exaudi.org\/wp-content\/uploads\/2022\/11\/pexels-spencer-selover-775417-scaled.jpg","datePublished":"2022-11-03T09:50:45+00:00","dateModified":"2022-11-04T13:04:37+00:00","author":{"@id":"https:\/\/exaudi.org\/#\/schema\/person\/c7d223f87e58f1105d044d8da1439102"},"breadcrumb":{"@id":"https:\/\/exaudi.org\/es\/cardenal-arizmendi-vamos-a-contracorriente\/#breadcrumb"},"inLanguage":"es","potentialAction":[{"@type":"ReadAction","target":["https:\/\/exaudi.org\/es\/cardenal-arizmendi-vamos-a-contracorriente\/"]}]},{"@type":"ImageObject","inLanguage":"es","@id":"https:\/\/exaudi.org\/es\/cardenal-arizmendi-vamos-a-contracorriente\/#primaryimage","url":"https:\/\/exaudi.org\/wp-content\/uploads\/2022\/11\/pexels-spencer-selover-775417-scaled.jpg","contentUrl":"https:\/\/exaudi.org\/wp-content\/uploads\/2022\/11\/pexels-spencer-selover-775417-scaled.jpg","width":2560,"height":1709,"caption":"Meditar \u00a9 Pexels. Spencer Selover"},{"@type":"BreadcrumbList","@id":"https:\/\/exaudi.org\/es\/cardenal-arizmendi-vamos-a-contracorriente\/#breadcrumb","itemListElement":[{"@type":"ListItem","position":1,"name":"Portada","item":"https:\/\/exaudi.org\/es\/"},{"@type":"ListItem","position":2,"name":"Cardenal Arizmendi: Vamos a contracorriente"}]},{"@type":"WebSite","@id":"https:\/\/exaudi.org\/#website","url":"https:\/\/exaudi.org\/","name":"Exaudi","description":"News","potentialAction":[{"@type":"SearchAction","target":{"@type":"EntryPoint","urlTemplate":"https:\/\/exaudi.org\/?s={search_term_string}"},"query-input":{"@type":"PropertyValueSpecification","valueRequired":true,"valueName":"search_term_string"}}],"inLanguage":"es"},{"@type":"Person","@id":"https:\/\/exaudi.org\/#\/schema\/person\/c7d223f87e58f1105d044d8da1439102","name":"Cardenal Felipe Arizmendi","image":{"@type":"ImageObject","inLanguage":"es","@id":"https:\/\/secure.gravatar.com\/avatar\/4ffc5520d896b86d39346168903de33a17ef0f23d16de0ff45062c1ff422ed2f?s=96&d=mm&r=g","url":"https:\/\/secure.gravatar.com\/avatar\/4ffc5520d896b86d39346168903de33a17ef0f23d16de0ff45062c1ff422ed2f?s=96&d=mm&r=g","contentUrl":"https:\/\/secure.gravatar.com\/avatar\/4ffc5520d896b86d39346168903de33a17ef0f23d16de0ff45062c1ff422ed2f?s=96&d=mm&r=g","caption":"Cardenal Felipe Arizmendi"},"description":"Nacido en Chiltepec el 1 de mayo de 1940. Estudi\u00f3 Humanidades y Filosof\u00eda en el Seminario de Toluca, de 1952 a 1959. Curs\u00f3 la Teolog\u00eda en la Universidad Pontificia de Salamanca, Espa\u00f1a, de 1959 a 1963, obteniendo la licenciatura en Teolog\u00eda Dogm\u00e1tica. Por su cuenta, se especializ\u00f3 en Liturgia. Fue ordenado sacerdote el 25 de agosto de 1963 en Toluca. Sirvi\u00f3 como Vicario Parroquial en tres parroquias por tres a\u00f1os y medio y fue p\u00e1rroco de una comunidad ind\u00edgena otom\u00ed, de 1967 a 1970. Fue Director Espiritual del Seminario de Toluca por diez a\u00f1os, y Rector del mismo de 1981 a 1991. El 7 de marzo de 1991, fue ordenado obispo de la di\u00f3cesis de Tapachula, donde estuvo hasta el 30 de abril del a\u00f1o 2000. El 1 de mayo del 2000, inici\u00f3 su ministerio episcopal como XLVI obispo de la di\u00f3cesis de San Crist\u00f3bal de las Casas, Chiapas, una de las di\u00f3cesis m\u00e1s antiguas de M\u00e9xico, erigida en 1539; all\u00ed sirvi\u00f3 por casi 18 a\u00f1os. Ha ocupado diversos cargos en la Conferencia del Episcopado Mexicano y en el CELAM. El 3 de noviembre de 2017, el Papa Francisco le acept\u00f3, por edad, su renuncia al servicio episcopal en esta di\u00f3cesis, que entreg\u00f3 a su sucesor el 3 de enero de 2018. Desde entonces, reside en la ciudad de Toluca. Desde 1979, escribe art\u00edculos de actualidad en varios medios religiosos y civiles. Es autor de varias publicaciones.","url":"https:\/\/exaudi.org\/es\/author\/felipearizmendi\/"}]}},"jetpack_featured_media_url":"https:\/\/exaudi.org\/wp-content\/uploads\/2022\/11\/pexels-spencer-selover-775417-scaled.jpg","jetpack_shortlink":"https:\/\/wp.me\/pgKjF2-gSV","_links":{"self":[{"href":"https:\/\/exaudi.org\/es\/wp-json\/wp\/v2\/posts\/64909","targetHints":{"allow":["GET"]}}],"collection":[{"href":"https:\/\/exaudi.org\/es\/wp-json\/wp\/v2\/posts"}],"about":[{"href":"https:\/\/exaudi.org\/es\/wp-json\/wp\/v2\/types\/post"}],"author":[{"embeddable":true,"href":"https:\/\/exaudi.org\/es\/wp-json\/wp\/v2\/users\/24"}],"replies":[{"embeddable":true,"href":"https:\/\/exaudi.org\/es\/wp-json\/wp\/v2\/comments?post=64909"}],"version-history":[{"count":0,"href":"https:\/\/exaudi.org\/es\/wp-json\/wp\/v2\/posts\/64909\/revisions"}],"wp:featuredmedia":[{"embeddable":true,"href":"https:\/\/exaudi.org\/es\/wp-json\/wp\/v2\/media\/64916"}],"wp:attachment":[{"href":"https:\/\/exaudi.org\/es\/wp-json\/wp\/v2\/media?parent=64909"}],"wp:term":[{"taxonomy":"category","embeddable":true,"href":"https:\/\/exaudi.org\/es\/wp-json\/wp\/v2\/categories?post=64909"},{"taxonomy":"post_tag","embeddable":true,"href":"https:\/\/exaudi.org\/es\/wp-json\/wp\/v2\/tags?post=64909"}],"curies":[{"name":"wp","href":"https:\/\/api.w.org\/{rel}","templated":true}]}}