{"id":64547,"date":"2022-10-26T13:51:20","date_gmt":"2022-10-26T11:51:20","guid":{"rendered":"https:\/\/exaudi.org\/?p=64547"},"modified":"2022-10-26T16:24:56","modified_gmt":"2022-10-26T14:24:56","slug":"madre-ven-se-estrena-en-cines","status":"publish","type":"post","link":"https:\/\/exaudi.org\/es\/madre-ven-se-estrena-en-cines\/","title":{"rendered":"&#8216;Madre Ven&#8217; se estrena en cines"},"content":{"rendered":"<p>El pr\u00f3ximo 25 de noviembre se estrena en los cines de Espa\u00f1a <em>Madre Ven<\/em>, una pel\u00edcula de Armageddon 2020 AIE, en asociaci\u00f3n con Goya Producciones.<\/p>\n<p>El largometraje recoge numerosos testimonios de conversiones y favores extraordinarios ocurridos durante la peregrinaci\u00f3n \u2018Madre Ven\u2019, que tuvo lugar entre el 1 de mayo y el 12 de octubre de 2021, en plena pospandemia del COVID-19.<\/p>\n<p>\u201cEra impresionante ver c\u00f3mo se iban abriendo las puertas, c\u00f3mo iba tomando forma todo\u201d, recuerdan desde la organizaci\u00f3n de \u2018Madre Ven\u2019. La iniciativa parti\u00f3 de un grupo de laicos y fue apoyada por las di\u00f3cesis, contando con la implicaci\u00f3n directa de varios obispos, algunos de los cuales aparecen en el filme.<\/p>\n<h2><strong>Una peregrinaci\u00f3n ins\u00f3lita<\/strong><\/h2>\n<figure id=\"attachment_64548\" aria-describedby=\"caption-attachment-64548\" style=\"width: 210px\" class=\"wp-caption alignleft\"><img loading=\"lazy\" decoding=\"async\" class=\"size-medium wp-image-64548\" src=\"https:\/\/exaudi.org\/wp-content\/uploads\/2022\/10\/cartel-MADRE-VEN-700x1000-150ppp-SPAIN_81-E-210x300.jpg\" alt=\"(C) Goya Producciones\" width=\"210\" height=\"300\" srcset=\"https:\/\/exaudi.org\/wp-content\/uploads\/2022\/10\/cartel-MADRE-VEN-700x1000-150ppp-SPAIN_81-E-210x300.jpg 210w, https:\/\/exaudi.org\/wp-content\/uploads\/2022\/10\/cartel-MADRE-VEN-700x1000-150ppp-SPAIN_81-E-717x1024.jpg 717w, https:\/\/exaudi.org\/wp-content\/uploads\/2022\/10\/cartel-MADRE-VEN-700x1000-150ppp-SPAIN_81-E-770x1100.jpg 770w, https:\/\/exaudi.org\/wp-content\/uploads\/2022\/10\/cartel-MADRE-VEN-700x1000-150ppp-SPAIN_81-E-1076x1536.jpg 1076w, https:\/\/exaudi.org\/wp-content\/uploads\/2022\/10\/cartel-MADRE-VEN-700x1000-150ppp-SPAIN_81-E-1434x2048.jpg 1434w, https:\/\/exaudi.org\/wp-content\/uploads\/2022\/10\/cartel-MADRE-VEN-700x1000-150ppp-SPAIN_81-E-500x714.jpg 500w, https:\/\/exaudi.org\/wp-content\/uploads\/2022\/10\/cartel-MADRE-VEN-700x1000-150ppp-SPAIN_81-E-293x418.jpg 293w, https:\/\/exaudi.org\/wp-content\/uploads\/2022\/10\/cartel-MADRE-VEN-700x1000-150ppp-SPAIN_81-E-1400x1999.jpg 1400w, https:\/\/exaudi.org\/wp-content\/uploads\/2022\/10\/cartel-MADRE-VEN-700x1000-150ppp-SPAIN_81-E-390x557.jpg 390w, https:\/\/exaudi.org\/wp-content\/uploads\/2022\/10\/cartel-MADRE-VEN-700x1000-150ppp-SPAIN_81-E-scaled.jpg 1793w\" sizes=\"auto, (max-width: 210px) 100vw, 210px\" \/><figcaption id=\"caption-attachment-64548\" class=\"wp-caption-text\">(C) Goya Producciones<\/figcaption><\/figure>\n<p>\u201cNo era nadie peregrinando para ver a la Virgen\u201d,\u00a0explican desde la organizaci\u00f3n,\u00a0\u201csino que la Virgen ha peregrinado para vernos a nosotros. La Virgen se sirvi\u00f3 de esa talla para hacerse presente y venir a visitarnos\u201d.<\/p>\n<p>La imagen de Mar\u00eda Inmaculada vol\u00f3 desde \u00c9feso (Turqu\u00eda) hasta Zaragoza, y recorri\u00f3 un total de 10.800 kil\u00f3metros.\u00a0Parti\u00f3 el 1 de mayo desde el Pilar hasta Santiago de Compostela, donde lleg\u00f3 durante las fiestas del Ap\u00f3stol del 25 de julio. Luego se desplaz\u00f3 por el resto del pa\u00eds, visitando santuarios, conventos, iglesias, hospitales, c\u00e1rceles, etc.,\u00a0para terminar el 12 de octubre, D\u00eda de la Hispanidad, en el Cerro de los \u00c1ngeles en Getafe (Madrid), junto al Sagrado Coraz\u00f3n de Jes\u00fas,\u00a0\u201cporque la Virgen siempre nos lleva a su Hijo\u201d, como se expresa en la pel\u00edcula.<\/p>\n<p>\u201cHe descubierto que la Virgen es una Madre real, que est\u00e1 ah\u00ed y que me acompa\u00f1a todos los d\u00edas de mi vida\u201d, cuenta Alejandra, estudiante de Madrid.\u00a0\u201cLa Virgen fue una tabla de salvaci\u00f3n, porque mi familia se estaba desintegrando\u201d, explica M\u00f3nica, de Albatera (Alicante), recordando c\u00f3mo la imagen de la Virgen entr\u00f3 en su propia casa para visitar a su hija enferma.<\/p>\n<p><strong>La acci\u00f3n de la Virgen en la realidad y en la ficci\u00f3n<\/strong><\/p>\n<p>Adem\u00e1s de todas las grabaciones e im\u00e1genes tomadas durante la peregrinaci\u00f3n y de los testimonios recogidos posteriormente, \u201cMadre Ven<strong><em>\u201d\u00a0cuenta con una historia de ficci\u00f3n, dirigida por Pablo Moreno<\/em><\/strong>.<\/p>\n<p>En ella, Tato (Juan Lombardero) celebra su 80 cumplea\u00f1os rodeado de sus hijas y sus nietos. Son momentos complicados para la familia, ya que su hija Mar\u00eda (Cristina Mediero) est\u00e1 a punto de divorciarse de su marido Pedro (Javier Lorenzo), mientras Carmen (Marta Romero), la hermana mayor, intenta buscar una soluci\u00f3n. Ning\u00fan miembro de la familia parece conservar la fe cristiana, que Tato y su difunta esposa tanto se esforzaron en transmitirles, de modo que sus nietos ni siquiera saben qui\u00e9n es la Virgen Mar\u00eda.<\/p>\n<p><img loading=\"lazy\" decoding=\"async\" class=\"size-medium wp-image-64562 alignright\" src=\"https:\/\/exaudi.org\/wp-content\/uploads\/2022\/10\/unnamed-02-300x169.jpg\" alt=\"\" width=\"300\" height=\"169\" srcset=\"https:\/\/exaudi.org\/wp-content\/uploads\/2022\/10\/unnamed-02-300x169.jpg 300w, https:\/\/exaudi.org\/wp-content\/uploads\/2022\/10\/unnamed-02-1024x576.jpg 1024w, https:\/\/exaudi.org\/wp-content\/uploads\/2022\/10\/unnamed-02-770x433.jpg 770w, https:\/\/exaudi.org\/wp-content\/uploads\/2022\/10\/unnamed-02-1536x864.jpg 1536w, https:\/\/exaudi.org\/wp-content\/uploads\/2022\/10\/unnamed-02-2048x1152.jpg 2048w, https:\/\/exaudi.org\/wp-content\/uploads\/2022\/10\/unnamed-02-500x281.jpg 500w, https:\/\/exaudi.org\/wp-content\/uploads\/2022\/10\/unnamed-02-293x165.jpg 293w, https:\/\/exaudi.org\/wp-content\/uploads\/2022\/10\/unnamed-02-1400x788.jpg 1400w, https:\/\/exaudi.org\/wp-content\/uploads\/2022\/10\/unnamed-02-390x219.jpg 390w\" sizes=\"auto, (max-width: 300px) 100vw, 300px\" \/>La aparici\u00f3n de un viejo malet\u00edn lleno de fotograf\u00edas de la peregrinaci\u00f3n \u2018Madre Ven\u2019 supondr\u00e1 un antes y un despu\u00e9s en las vidas de Tato y su familia, provocando un giro vital que parec\u00eda del todo imposible.<\/p>\n<h2><strong>Peregrinar desde una sala de cine<\/strong><\/h2>\n<p>La intenci\u00f3n de esta producci\u00f3n es volver a sacar a la Virgen para que recorra Espa\u00f1a a trav\u00e9s de las salas de cine. A lo largo de los 106 minutos de duraci\u00f3n de la pel\u00edcula, el espectador tendr\u00e1 la ocasi\u00f3n de participar de esta peregrinaci\u00f3n, contemplando los variopintos paisajes y lugares por los que pas\u00f3 la imagen, y conociendo m\u00e1s de una decena de testimonios que aseguran que \u2018Madre Ven\u2019 les cambi\u00f3 la vida.<\/p>\n<p>Todos los detalles de la pel\u00edcula y el material de descarga est\u00e1n disponibles en la p\u00e1gina web oficial:\u00a0<a href=\"http:\/\/madrevenlapelicula.com\">madrevenlapelicula.com<\/a><\/p>\n<h2><strong>Sinopsis<\/strong><\/h2>\n<p>En su 80 cumplea\u00f1os, Tato encuentra unas viejas fotograf\u00edas de una peregrinaci\u00f3n mariana. Este hallazgo reavivar\u00e1 sus recuerdos y provocar\u00e1 un vuelco en la complicada situaci\u00f3n de su familia. \u2018Madre Ven\u2019 fue un evento sin precedentes en Espa\u00f1a. En plena pospandemia de COVID-19, una imagen de Mar\u00eda Inmaculada recorri\u00f3 10.800 kil\u00f3metros durante seis meses a lo largo de gran parte del pa\u00eds. Miles de personas acompa\u00f1aron a la Virgen y muchos afirman que sintieron su presencia real, ofreci\u00e9ndoles luz y esperanza en momentos dif\u00edciles.<\/p>\n<h2><strong>La Productora<\/strong><\/h2>\n<p>Goya Producciones se ha convertido, en sus 22 a\u00f1os de labor, en un referente mundial en la producci\u00f3n y distribuci\u00f3n de contenidos audiovisuales con valores. Sus \u00faltimos estrenos han tenido gran aceptaci\u00f3n de cr\u00edtica y p\u00fablico. As\u00ed lo demuestran t\u00edtulos como \u201cF\u00e1tima, el \u00faltimo misterio\u201d, \u201cCoraz\u00f3n Ardiente\u201d, o el filme \u201cTierra Santa. El \u00faltimo peregrino\u201d, sobre conversiones y testimonios ocurridos en la tierra de Jes\u00fas. Con \u201cCoraz\u00f3n de Padre\u201d, su producci\u00f3n m\u00e1s reciente, todav\u00eda recorriendo los cines de varios pa\u00edses en Hispanoam\u00e9rica, la productora cerr\u00f3 la \u2018trilog\u00eda de la Sagrada Familia\u2019, dedicando el largometraje a la figura de San Jos\u00e9.<\/p>\n<p><iframe loading=\"lazy\" title=\"MADRE VEN - Tr\u00e1iler Oficial Espa\u00f1ol (2022)\" width=\"500\" height=\"281\" src=\"https:\/\/www.youtube.com\/embed\/f1hm1Pxy4oQ?feature=oembed\" frameborder=\"0\" allow=\"accelerometer; autoplay; clipboard-write; encrypted-media; gyroscope; picture-in-picture; web-share\" referrerpolicy=\"strict-origin-when-cross-origin\" allowfullscreen><\/iframe><\/p>\n","protected":false},"excerpt":{"rendered":"<p>El largometraje recoge numerosos testimonios de conversiones y favores extraordinarios ocurridos durante la peregrinaci\u00f3n \u2018Madre Ven\u2019<\/p>\n","protected":false},"author":15,"featured_media":64548,"comment_status":"closed","ping_status":"closed","sticky":false,"template":"","format":"standard","meta":{"_acf_changed":false,"_crdt_document":"","inline_featured_image":false,"footnotes":""},"categories":[74],"tags":[5224,5362,2049,1119],"class_list":["post-64547","post","type-post","status-publish","format-standard","has-post-thumbnail","hentry","category-iglesia-y-mundo","tag-cine-catolico","tag-goya-producciones","tag-peregrinacion","tag-virgen-maria"],"acf":[],"yoast_head":"<!-- This site is optimized with the Yoast SEO plugin v27.5 - https:\/\/yoast.com\/product\/yoast-seo-wordpress\/ -->\n<title>&#039;Madre Ven&#039; se estrena en cines &#8211; Exaudi<\/title>\n<meta name=\"robots\" content=\"index, follow, max-snippet:-1, max-image-preview:large, max-video-preview:-1\" \/>\n<link rel=\"canonical\" href=\"https:\/\/exaudi.org\/es\/madre-ven-se-estrena-en-cines\/\" \/>\n<meta property=\"og:locale\" content=\"es_ES\" \/>\n<meta property=\"og:type\" content=\"article\" \/>\n<meta property=\"og:title\" content=\"&#039;Madre Ven&#039; se estrena en cines &#8211; Exaudi\" \/>\n<meta property=\"og:description\" content=\"El largometraje recoge numerosos testimonios de conversiones y favores extraordinarios ocurridos durante la peregrinaci\u00f3n \u2018Madre Ven\u2019\" \/>\n<meta property=\"og:url\" content=\"https:\/\/exaudi.org\/es\/madre-ven-se-estrena-en-cines\/\" \/>\n<meta property=\"og:site_name\" content=\"Exaudi\" \/>\n<meta property=\"article:publisher\" content=\"https:\/\/www.facebook.com\/ExaudiNews\" \/>\n<meta property=\"article:author\" content=\"https:\/\/www.facebook.com\/ExaudiNoticias\/\" \/>\n<meta property=\"article:published_time\" content=\"2022-10-26T11:51:20+00:00\" \/>\n<meta property=\"article:modified_time\" content=\"2022-10-26T14:24:56+00:00\" \/>\n<meta property=\"og:image\" content=\"https:\/\/exaudi.org\/wp-content\/uploads\/2022\/10\/cartel-MADRE-VEN-700x1000-150ppp-SPAIN_81-E-scaled.jpg\" \/>\n\t<meta property=\"og:image:width\" content=\"1793\" \/>\n\t<meta property=\"og:image:height\" content=\"2560\" \/>\n\t<meta property=\"og:image:type\" content=\"image\/jpeg\" \/>\n<meta name=\"author\" content=\"Exaudi Redacci\u00f3n\" \/>\n<meta name=\"twitter:card\" content=\"summary_large_image\" \/>\n<meta name=\"twitter:creator\" content=\"@Exaudi_noticias\" \/>\n<meta name=\"twitter:site\" content=\"@Exaudi_News\" \/>\n<meta name=\"twitter:label1\" content=\"Escrito por\" \/>\n\t<meta name=\"twitter:data1\" content=\"Exaudi Redacci\u00f3n\" \/>\n\t<meta name=\"twitter:label2\" content=\"Tiempo de lectura\" \/>\n\t<meta name=\"twitter:data2\" content=\"4 minutos\" \/>\n<script type=\"application\/ld+json\" class=\"yoast-schema-graph\">{\"@context\":\"https:\\\/\\\/schema.org\",\"@graph\":[{\"@type\":\"Article\",\"@id\":\"https:\\\/\\\/exaudi.org\\\/es\\\/madre-ven-se-estrena-en-cines\\\/#article\",\"isPartOf\":{\"@id\":\"https:\\\/\\\/exaudi.org\\\/es\\\/madre-ven-se-estrena-en-cines\\\/\"},\"author\":{\"name\":\"Exaudi Redacci\u00f3n\",\"@id\":\"https:\\\/\\\/exaudi.org\\\/#\\\/schema\\\/person\\\/f5fc8f063065e38742da7afe15f25df7\"},\"headline\":\"&#8216;Madre Ven&#8217; se estrena en cines\",\"datePublished\":\"2022-10-26T11:51:20+00:00\",\"dateModified\":\"2022-10-26T14:24:56+00:00\",\"mainEntityOfPage\":{\"@id\":\"https:\\\/\\\/exaudi.org\\\/es\\\/madre-ven-se-estrena-en-cines\\\/\"},\"wordCount\":859,\"image\":{\"@id\":\"https:\\\/\\\/exaudi.org\\\/es\\\/madre-ven-se-estrena-en-cines\\\/#primaryimage\"},\"thumbnailUrl\":\"https:\\\/\\\/exaudi.org\\\/wp-content\\\/uploads\\\/2022\\\/10\\\/cartel-MADRE-VEN-700x1000-150ppp-SPAIN_81-E-scaled.jpg\",\"keywords\":[\"cine cat\u00f3lico\",\"Goya Producciones\",\"Peregrinaci\u00f3n\",\"Virgen Mar\u00eda\"],\"articleSection\":[\"Iglesia y Mundo\"],\"inLanguage\":\"es\"},{\"@type\":\"WebPage\",\"@id\":\"https:\\\/\\\/exaudi.org\\\/es\\\/madre-ven-se-estrena-en-cines\\\/\",\"url\":\"https:\\\/\\\/exaudi.org\\\/es\\\/madre-ven-se-estrena-en-cines\\\/\",\"name\":\"'Madre Ven' se estrena en cines &#8211; Exaudi\",\"isPartOf\":{\"@id\":\"https:\\\/\\\/exaudi.org\\\/#website\"},\"primaryImageOfPage\":{\"@id\":\"https:\\\/\\\/exaudi.org\\\/es\\\/madre-ven-se-estrena-en-cines\\\/#primaryimage\"},\"image\":{\"@id\":\"https:\\\/\\\/exaudi.org\\\/es\\\/madre-ven-se-estrena-en-cines\\\/#primaryimage\"},\"thumbnailUrl\":\"https:\\\/\\\/exaudi.org\\\/wp-content\\\/uploads\\\/2022\\\/10\\\/cartel-MADRE-VEN-700x1000-150ppp-SPAIN_81-E-scaled.jpg\",\"datePublished\":\"2022-10-26T11:51:20+00:00\",\"dateModified\":\"2022-10-26T14:24:56+00:00\",\"author\":{\"@id\":\"https:\\\/\\\/exaudi.org\\\/#\\\/schema\\\/person\\\/f5fc8f063065e38742da7afe15f25df7\"},\"breadcrumb\":{\"@id\":\"https:\\\/\\\/exaudi.org\\\/es\\\/madre-ven-se-estrena-en-cines\\\/#breadcrumb\"},\"inLanguage\":\"es\",\"potentialAction\":[{\"@type\":\"ReadAction\",\"target\":[\"https:\\\/\\\/exaudi.org\\\/es\\\/madre-ven-se-estrena-en-cines\\\/\"]}]},{\"@type\":\"ImageObject\",\"inLanguage\":\"es\",\"@id\":\"https:\\\/\\\/exaudi.org\\\/es\\\/madre-ven-se-estrena-en-cines\\\/#primaryimage\",\"url\":\"https:\\\/\\\/exaudi.org\\\/wp-content\\\/uploads\\\/2022\\\/10\\\/cartel-MADRE-VEN-700x1000-150ppp-SPAIN_81-E-scaled.jpg\",\"contentUrl\":\"https:\\\/\\\/exaudi.org\\\/wp-content\\\/uploads\\\/2022\\\/10\\\/cartel-MADRE-VEN-700x1000-150ppp-SPAIN_81-E-scaled.jpg\",\"width\":1793,\"height\":2560,\"caption\":\"(C) Goya Producciones\"},{\"@type\":\"BreadcrumbList\",\"@id\":\"https:\\\/\\\/exaudi.org\\\/es\\\/madre-ven-se-estrena-en-cines\\\/#breadcrumb\",\"itemListElement\":[{\"@type\":\"ListItem\",\"position\":1,\"name\":\"Portada\",\"item\":\"https:\\\/\\\/exaudi.org\\\/es\\\/\"},{\"@type\":\"ListItem\",\"position\":2,\"name\":\"&#8216;Madre Ven&#8217; se estrena en cines\"}]},{\"@type\":\"WebSite\",\"@id\":\"https:\\\/\\\/exaudi.org\\\/#website\",\"url\":\"https:\\\/\\\/exaudi.org\\\/\",\"name\":\"Exaudi\",\"description\":\"News\",\"potentialAction\":[{\"@type\":\"SearchAction\",\"target\":{\"@type\":\"EntryPoint\",\"urlTemplate\":\"https:\\\/\\\/exaudi.org\\\/?s={search_term_string}\"},\"query-input\":{\"@type\":\"PropertyValueSpecification\",\"valueRequired\":true,\"valueName\":\"search_term_string\"}}],\"inLanguage\":\"es\"},{\"@type\":\"Person\",\"@id\":\"https:\\\/\\\/exaudi.org\\\/#\\\/schema\\\/person\\\/f5fc8f063065e38742da7afe15f25df7\",\"name\":\"Exaudi Redacci\u00f3n\",\"image\":{\"@type\":\"ImageObject\",\"inLanguage\":\"es\",\"@id\":\"https:\\\/\\\/secure.gravatar.com\\\/avatar\\\/fe0f6a059fb68d9b3e11bc5850dd4899b1c7492091a3cb6dd9b01b56ad828be2?s=96&d=mm&r=g\",\"url\":\"https:\\\/\\\/secure.gravatar.com\\\/avatar\\\/fe0f6a059fb68d9b3e11bc5850dd4899b1c7492091a3cb6dd9b01b56ad828be2?s=96&d=mm&r=g\",\"contentUrl\":\"https:\\\/\\\/secure.gravatar.com\\\/avatar\\\/fe0f6a059fb68d9b3e11bc5850dd4899b1c7492091a3cb6dd9b01b56ad828be2?s=96&d=mm&r=g\",\"caption\":\"Exaudi Redacci\u00f3n\"},\"description\":\"\u00bfQu\u00e9 es Exaudi News? Exaudi News es un medio de comunicaci\u00f3n cat\u00f3lico internacional que informa, forma y transforma, diariamente en espa\u00f1ol, ingl\u00e9s e italiano. A trav\u00e9s de noticias, art\u00edculos de an\u00e1lisis y transmisiones en directo de los eventos del Papa, Exaudi busca fortalecer la unidad de los cristianos y contribuir a la evangelizaci\u00f3n del mundo, siempre guiados por la doctrina social de la Iglesia. Trabajamos para acercar la verdad y los valores cristianos a cada rinc\u00f3n del planeta. \u00a1Ay\u00fadanos a transformar el mundo con Exaudi! En Exaudi creemos que la evangelizaci\u00f3n y la informaci\u00f3n de calidad pueden cambiar vidas. Para continuar con nuestra misi\u00f3n y expandir nuestro alcance, necesitamos tu ayuda. Adem\u00e1s, buscamos personas comprometidas que deseen unirse a nuestro equipo. Con tu apoyo, lograremos llegar a m\u00e1s personas, difundir el mensaje de Cristo y reforzar la unidad de los cristianos. \u00bfTe unes a nuestra misi\u00f3n? Para m\u00e1s informaci\u00f3n sobre c\u00f3mo colaborar, visita Exaudi.org\\\/es o cont\u00e1ctanos directamente: info@exaudi.org Exaudi: Informa, forma y transforma.\",\"sameAs\":[\"https:\\\/\\\/www.facebook.com\\\/ExaudiNoticias\\\/\",\"https:\\\/\\\/www.instagram.com\\\/exaudi_noticias\\\/\",\"https:\\\/\\\/x.com\\\/Exaudi_noticias\",\"https:\\\/\\\/www.youtube.com\\\/@exaudicatholicnews\"],\"url\":\"https:\\\/\\\/exaudi.org\\\/es\\\/author\\\/redaccionexaudi\\\/\"}]}<\/script>\n<!-- \/ Yoast SEO plugin. -->","yoast_head_json":{"title":"'Madre Ven' se estrena en cines &#8211; Exaudi","robots":{"index":"index","follow":"follow","max-snippet":"max-snippet:-1","max-image-preview":"max-image-preview:large","max-video-preview":"max-video-preview:-1"},"canonical":"https:\/\/exaudi.org\/es\/madre-ven-se-estrena-en-cines\/","og_locale":"es_ES","og_type":"article","og_title":"'Madre Ven' se estrena en cines &#8211; Exaudi","og_description":"El largometraje recoge numerosos testimonios de conversiones y favores extraordinarios ocurridos durante la peregrinaci\u00f3n \u2018Madre Ven\u2019","og_url":"https:\/\/exaudi.org\/es\/madre-ven-se-estrena-en-cines\/","og_site_name":"Exaudi","article_publisher":"https:\/\/www.facebook.com\/ExaudiNews","article_author":"https:\/\/www.facebook.com\/ExaudiNoticias\/","article_published_time":"2022-10-26T11:51:20+00:00","article_modified_time":"2022-10-26T14:24:56+00:00","og_image":[{"width":1793,"height":2560,"url":"https:\/\/exaudi.org\/wp-content\/uploads\/2022\/10\/cartel-MADRE-VEN-700x1000-150ppp-SPAIN_81-E-scaled.jpg","type":"image\/jpeg"}],"author":"Exaudi Redacci\u00f3n","twitter_card":"summary_large_image","twitter_creator":"@Exaudi_noticias","twitter_site":"@Exaudi_News","twitter_misc":{"Escrito por":"Exaudi Redacci\u00f3n","Tiempo de lectura":"4 minutos"},"schema":{"@context":"https:\/\/schema.org","@graph":[{"@type":"Article","@id":"https:\/\/exaudi.org\/es\/madre-ven-se-estrena-en-cines\/#article","isPartOf":{"@id":"https:\/\/exaudi.org\/es\/madre-ven-se-estrena-en-cines\/"},"author":{"name":"Exaudi Redacci\u00f3n","@id":"https:\/\/exaudi.org\/#\/schema\/person\/f5fc8f063065e38742da7afe15f25df7"},"headline":"&#8216;Madre Ven&#8217; se estrena en cines","datePublished":"2022-10-26T11:51:20+00:00","dateModified":"2022-10-26T14:24:56+00:00","mainEntityOfPage":{"@id":"https:\/\/exaudi.org\/es\/madre-ven-se-estrena-en-cines\/"},"wordCount":859,"image":{"@id":"https:\/\/exaudi.org\/es\/madre-ven-se-estrena-en-cines\/#primaryimage"},"thumbnailUrl":"https:\/\/exaudi.org\/wp-content\/uploads\/2022\/10\/cartel-MADRE-VEN-700x1000-150ppp-SPAIN_81-E-scaled.jpg","keywords":["cine cat\u00f3lico","Goya Producciones","Peregrinaci\u00f3n","Virgen Mar\u00eda"],"articleSection":["Iglesia y Mundo"],"inLanguage":"es"},{"@type":"WebPage","@id":"https:\/\/exaudi.org\/es\/madre-ven-se-estrena-en-cines\/","url":"https:\/\/exaudi.org\/es\/madre-ven-se-estrena-en-cines\/","name":"'Madre Ven' se estrena en cines &#8211; Exaudi","isPartOf":{"@id":"https:\/\/exaudi.org\/#website"},"primaryImageOfPage":{"@id":"https:\/\/exaudi.org\/es\/madre-ven-se-estrena-en-cines\/#primaryimage"},"image":{"@id":"https:\/\/exaudi.org\/es\/madre-ven-se-estrena-en-cines\/#primaryimage"},"thumbnailUrl":"https:\/\/exaudi.org\/wp-content\/uploads\/2022\/10\/cartel-MADRE-VEN-700x1000-150ppp-SPAIN_81-E-scaled.jpg","datePublished":"2022-10-26T11:51:20+00:00","dateModified":"2022-10-26T14:24:56+00:00","author":{"@id":"https:\/\/exaudi.org\/#\/schema\/person\/f5fc8f063065e38742da7afe15f25df7"},"breadcrumb":{"@id":"https:\/\/exaudi.org\/es\/madre-ven-se-estrena-en-cines\/#breadcrumb"},"inLanguage":"es","potentialAction":[{"@type":"ReadAction","target":["https:\/\/exaudi.org\/es\/madre-ven-se-estrena-en-cines\/"]}]},{"@type":"ImageObject","inLanguage":"es","@id":"https:\/\/exaudi.org\/es\/madre-ven-se-estrena-en-cines\/#primaryimage","url":"https:\/\/exaudi.org\/wp-content\/uploads\/2022\/10\/cartel-MADRE-VEN-700x1000-150ppp-SPAIN_81-E-scaled.jpg","contentUrl":"https:\/\/exaudi.org\/wp-content\/uploads\/2022\/10\/cartel-MADRE-VEN-700x1000-150ppp-SPAIN_81-E-scaled.jpg","width":1793,"height":2560,"caption":"(C) Goya Producciones"},{"@type":"BreadcrumbList","@id":"https:\/\/exaudi.org\/es\/madre-ven-se-estrena-en-cines\/#breadcrumb","itemListElement":[{"@type":"ListItem","position":1,"name":"Portada","item":"https:\/\/exaudi.org\/es\/"},{"@type":"ListItem","position":2,"name":"&#8216;Madre Ven&#8217; se estrena en cines"}]},{"@type":"WebSite","@id":"https:\/\/exaudi.org\/#website","url":"https:\/\/exaudi.org\/","name":"Exaudi","description":"News","potentialAction":[{"@type":"SearchAction","target":{"@type":"EntryPoint","urlTemplate":"https:\/\/exaudi.org\/?s={search_term_string}"},"query-input":{"@type":"PropertyValueSpecification","valueRequired":true,"valueName":"search_term_string"}}],"inLanguage":"es"},{"@type":"Person","@id":"https:\/\/exaudi.org\/#\/schema\/person\/f5fc8f063065e38742da7afe15f25df7","name":"Exaudi Redacci\u00f3n","image":{"@type":"ImageObject","inLanguage":"es","@id":"https:\/\/secure.gravatar.com\/avatar\/fe0f6a059fb68d9b3e11bc5850dd4899b1c7492091a3cb6dd9b01b56ad828be2?s=96&d=mm&r=g","url":"https:\/\/secure.gravatar.com\/avatar\/fe0f6a059fb68d9b3e11bc5850dd4899b1c7492091a3cb6dd9b01b56ad828be2?s=96&d=mm&r=g","contentUrl":"https:\/\/secure.gravatar.com\/avatar\/fe0f6a059fb68d9b3e11bc5850dd4899b1c7492091a3cb6dd9b01b56ad828be2?s=96&d=mm&r=g","caption":"Exaudi Redacci\u00f3n"},"description":"\u00bfQu\u00e9 es Exaudi News? Exaudi News es un medio de comunicaci\u00f3n cat\u00f3lico internacional que informa, forma y transforma, diariamente en espa\u00f1ol, ingl\u00e9s e italiano. A trav\u00e9s de noticias, art\u00edculos de an\u00e1lisis y transmisiones en directo de los eventos del Papa, Exaudi busca fortalecer la unidad de los cristianos y contribuir a la evangelizaci\u00f3n del mundo, siempre guiados por la doctrina social de la Iglesia. Trabajamos para acercar la verdad y los valores cristianos a cada rinc\u00f3n del planeta. \u00a1Ay\u00fadanos a transformar el mundo con Exaudi! En Exaudi creemos que la evangelizaci\u00f3n y la informaci\u00f3n de calidad pueden cambiar vidas. Para continuar con nuestra misi\u00f3n y expandir nuestro alcance, necesitamos tu ayuda. Adem\u00e1s, buscamos personas comprometidas que deseen unirse a nuestro equipo. Con tu apoyo, lograremos llegar a m\u00e1s personas, difundir el mensaje de Cristo y reforzar la unidad de los cristianos. \u00bfTe unes a nuestra misi\u00f3n? Para m\u00e1s informaci\u00f3n sobre c\u00f3mo colaborar, visita Exaudi.org\/es o cont\u00e1ctanos directamente: info@exaudi.org Exaudi: Informa, forma y transforma.","sameAs":["https:\/\/www.facebook.com\/ExaudiNoticias\/","https:\/\/www.instagram.com\/exaudi_noticias\/","https:\/\/x.com\/Exaudi_noticias","https:\/\/www.youtube.com\/@exaudicatholicnews"],"url":"https:\/\/exaudi.org\/es\/author\/redaccionexaudi\/"}]}},"jetpack_featured_media_url":"https:\/\/exaudi.org\/wp-content\/uploads\/2022\/10\/cartel-MADRE-VEN-700x1000-150ppp-SPAIN_81-E-scaled.jpg","jetpack_shortlink":"https:\/\/wp.me\/pgKjF2-gN5","_links":{"self":[{"href":"https:\/\/exaudi.org\/es\/wp-json\/wp\/v2\/posts\/64547","targetHints":{"allow":["GET"]}}],"collection":[{"href":"https:\/\/exaudi.org\/es\/wp-json\/wp\/v2\/posts"}],"about":[{"href":"https:\/\/exaudi.org\/es\/wp-json\/wp\/v2\/types\/post"}],"author":[{"embeddable":true,"href":"https:\/\/exaudi.org\/es\/wp-json\/wp\/v2\/users\/15"}],"replies":[{"embeddable":true,"href":"https:\/\/exaudi.org\/es\/wp-json\/wp\/v2\/comments?post=64547"}],"version-history":[{"count":0,"href":"https:\/\/exaudi.org\/es\/wp-json\/wp\/v2\/posts\/64547\/revisions"}],"wp:featuredmedia":[{"embeddable":true,"href":"https:\/\/exaudi.org\/es\/wp-json\/wp\/v2\/media\/64548"}],"wp:attachment":[{"href":"https:\/\/exaudi.org\/es\/wp-json\/wp\/v2\/media?parent=64547"}],"wp:term":[{"taxonomy":"category","embeddable":true,"href":"https:\/\/exaudi.org\/es\/wp-json\/wp\/v2\/categories?post=64547"},{"taxonomy":"post_tag","embeddable":true,"href":"https:\/\/exaudi.org\/es\/wp-json\/wp\/v2\/tags?post=64547"}],"curies":[{"name":"wp","href":"https:\/\/api.w.org\/{rel}","templated":true}]}}