{"id":64455,"date":"2022-10-25T10:58:30","date_gmt":"2022-10-25T08:58:30","guid":{"rendered":"https:\/\/exaudi.org\/?p=64455"},"modified":"2022-10-25T11:08:43","modified_gmt":"2022-10-25T09:08:43","slug":"la-catequesis-comienza-por-formar-a-los-catequistas","status":"publish","type":"post","link":"https:\/\/exaudi.org\/es\/la-catequesis-comienza-por-formar-a-los-catequistas\/","title":{"rendered":"La catequesis comienza por formar a los catequistas"},"content":{"rendered":"<p><a href=\"https:\/\/exaudi.org\/es\/author\/fernandomoreno\/\" target=\"_blank\" rel=\"noopener\">Fernando Moreno<\/a>, doctor en Educaci\u00f3n, ofrece este art\u00edculo titulado \u201cLa catequesis comienza por formar a los catequistas\u201d.<\/p>\n<p>***<\/p>\n<p>El t\u00e9rmino \u201cformaci\u00f3n\u201d aparece 185 veces en el texto del <em>Directorio para la Catequesis<\/em> (2020). Dedica un cap\u00edtulo completo (el cuarto) a la formaci\u00f3n de los catequistas, que el propio Directorio considera importante en orden a la renovaci\u00f3n de la catequesis.<\/p>\n<p>Vale la pena leer ese cap\u00edtulo cuarto para percibir la riqueza y profundidad con que el Magisterio aborda esta cuesti\u00f3n; pero la simple lectura puede conducir a la falsa impresi\u00f3n de que se trata de recomendaciones te\u00f3ricas o, en el mejor de los casos, de propuestas muy alejadas de su realizaci\u00f3n en el tiempo. Por eso, creo que el tema merece una consideraci\u00f3n pr\u00e1ctica para hacer frente a los problemas y retos reales. Por las aulas del proyecto #BeCaT (<a href=\"https:\/\/becat.online\" target=\"_blank\" rel=\"noopener\">https:\/\/becat.online<\/a>) han pasado en los \u00faltimos a\u00f1os m\u00e1s de 15.000 catequistas de 23 pa\u00edses, de los que la mitad han obtenido alg\u00fan certificado. Desde esa experiencia, me atrevo a ofrecer unas ideas que espero que sirvan de ayuda:<\/p>\n<ul>\n<li><strong>La formaci\u00f3n cultural y doctrinal de la mayor parte de los catequistas clama al cielo por medidas urgentes de mejora.<\/strong> Que la catequesis sea impartida por voluntarios no equivale a que todos los voluntarios tengan la preparaci\u00f3n m\u00ednima suficiente para ense\u00f1ar a otros. Son abundantes los catequistas avanzados en edad que se cierran en banda a renovar sus m\u00e9todos y plantearse objetivos nuevos. Y, en el otro extremo, con frecuencia se echa mano de j\u00f3venes que acaban de recibir el sacramento de la Confirmaci\u00f3n, sin m\u00e1s apoyo que el de su ilusi\u00f3n, como si la ilusi\u00f3n fuera convalidable por la formaci\u00f3n teol\u00f3gica, humana y pedag\u00f3gica.<\/li>\n<li><strong>La disposici\u00f3n para aprender y para dedicar tiempo a la autoformaci\u00f3n es imprescindible. <\/strong>Buena parte de los catequistas que han pasado por las aulas de #BeCaT lo ha hecho a t\u00edtulo propio, por inter\u00e9s personal y sin que nadie (di\u00f3cesis o parroquia) se lo pidiera. Pero tambi\u00e9n hay que constatar que un n\u00famero todav\u00eda mayor de catequistas convive pl\u00e1cidamente con un nivel sorprendente de ignorancia. En la Presentaci\u00f3n, el Directorio afirma de forma rotunda que \u201csolo los catequistas que viven su ministerio como vocaci\u00f3n contribuyen a la eficacia de la catequesis\u201d. Me pregunto si se les est\u00e1n ofreciendo los medios adecuados y se les insiste en que los aprovechen, apelando a su sentido de responsabilidad y a la vocaci\u00f3n a la que han sido llamados.<\/li>\n<li><strong>La ignorancia se traduce con frecuencia en incoherencia.<\/strong> Sorprende advertir que personas que p\u00fablicamente no viven de acuerdo con la fe cat\u00f3lica son nombradas catequistas, formadores y acompa\u00f1antes de cat\u00f3licos. Pone de manifiesto la poca atenci\u00f3n que se presta a la catequesis en los lugares donde esto ocurre.<\/li>\n<li><strong>\u00bfFaltan recursos? <\/strong>Si una di\u00f3cesis no dispusiera de los recursos necesarios (escuela de catequistas, formadores bien preparados, etc.), la animo a que acuda a #BeCaT para solicitar ayuda (<a href=\"https:\/\/becat.online\/ARCHIVOS\/colaboracion-diocesis-parroquias.pdf\" target=\"_blank\" rel=\"noopener\">ver formas en que podemos ayudar<\/a> [https:\/\/becat.online\/ARCHIVOS\/colaboracion-diocesis-parroquias.pdf]). Todo menos dejar a estos imprescindibles colaboradores sin las herramientas de trabajo que necesitan.<\/li>\n<\/ul>\n<p>La realidad de lo que se transmite en estas breves reflexiones es de sobra conocida. Como son muchos los frentes abiertos, hasta cierto punto se comprende la respuesta que he escuchado repetidas veces al mencionar el problema: \u201chagamos lo que podamos\u201d. Pero, honradamente, me parece que podemos hacer m\u00e1s. Del futuro de la catequesis depende, al fin y al cabo, el futuro de la Iglesia.<\/p>\n","protected":false},"excerpt":{"rendered":"<p>Fernando Moreno, doctor en Educaci\u00f3n, ofrece este art\u00edculo titulado \u201cLa catequesis comienza por formar a los catequistas\u201d. *** El t\u00e9rmino \u201cformaci\u00f3n\u201d aparece 185 veces en el texto del Directorio para la Catequesis (2020). Dedica un cap\u00edtulo completo (el cuarto) a la formaci\u00f3n de los catequistas, que el propio Directorio considera importante en orden a la [&hellip;]<\/p>\n","protected":false},"author":95,"featured_media":64457,"comment_status":"closed","ping_status":"closed","sticky":false,"template":"","format":"standard","meta":{"_acf_changed":false,"_crdt_document":"","inline_featured_image":false,"footnotes":""},"categories":[130],"tags":[182,2023,4953],"class_list":["post-64455","post","type-post","status-publish","format-standard","has-post-thumbnail","hentry","category-voces","tag-catequesis","tag-formacion","tag-trending-es"],"acf":[],"yoast_head":"<!-- This site is optimized with the Yoast SEO plugin v27.4 - https:\/\/yoast.com\/product\/yoast-seo-wordpress\/ -->\n<title>La catequesis comienza por formar a los catequistas &#8211; Exaudi<\/title>\n<meta name=\"robots\" content=\"index, follow, max-snippet:-1, max-image-preview:large, max-video-preview:-1\" \/>\n<link rel=\"canonical\" href=\"https:\/\/exaudi.org\/es\/la-catequesis-comienza-por-formar-a-los-catequistas\/\" \/>\n<meta property=\"og:locale\" content=\"es_ES\" \/>\n<meta property=\"og:type\" content=\"article\" \/>\n<meta property=\"og:title\" content=\"La catequesis comienza por formar a los catequistas &#8211; Exaudi\" \/>\n<meta property=\"og:description\" content=\"Fernando Moreno, doctor en Educaci\u00f3n, ofrece este art\u00edculo titulado \u201cLa catequesis comienza por formar a los catequistas\u201d. *** El t\u00e9rmino \u201cformaci\u00f3n\u201d aparece 185 veces en el texto del Directorio para la Catequesis (2020). Dedica un cap\u00edtulo completo (el cuarto) a la formaci\u00f3n de los catequistas, que el propio Directorio considera importante en orden a la [&hellip;]\" \/>\n<meta property=\"og:url\" content=\"https:\/\/exaudi.org\/es\/la-catequesis-comienza-por-formar-a-los-catequistas\/\" \/>\n<meta property=\"og:site_name\" content=\"Exaudi\" \/>\n<meta property=\"article:publisher\" content=\"https:\/\/www.facebook.com\/ExaudiNews\" \/>\n<meta property=\"article:published_time\" content=\"2022-10-25T08:58:30+00:00\" \/>\n<meta property=\"article:modified_time\" content=\"2022-10-25T09:08:43+00:00\" \/>\n<meta property=\"og:image\" content=\"https:\/\/exaudi.org\/wp-content\/uploads\/2022\/10\/pexels-andrew-doucette-970084-scaled.jpg\" \/>\n\t<meta property=\"og:image:width\" content=\"2560\" \/>\n\t<meta property=\"og:image:height\" content=\"1707\" \/>\n\t<meta property=\"og:image:type\" content=\"image\/jpeg\" \/>\n<meta name=\"author\" content=\"Fernando Moreno\" \/>\n<meta name=\"twitter:card\" content=\"summary_large_image\" \/>\n<meta name=\"twitter:creator\" content=\"@Exaudi_News\" \/>\n<meta name=\"twitter:site\" content=\"@Exaudi_News\" \/>\n<meta name=\"twitter:label1\" content=\"Escrito por\" \/>\n\t<meta name=\"twitter:data1\" content=\"Fernando Moreno\" \/>\n\t<meta name=\"twitter:label2\" content=\"Tiempo de lectura\" \/>\n\t<meta name=\"twitter:data2\" content=\"3 minutos\" \/>\n<script type=\"application\/ld+json\" class=\"yoast-schema-graph\">{\"@context\":\"https:\\\/\\\/schema.org\",\"@graph\":[{\"@type\":\"Article\",\"@id\":\"https:\\\/\\\/exaudi.org\\\/es\\\/la-catequesis-comienza-por-formar-a-los-catequistas\\\/#article\",\"isPartOf\":{\"@id\":\"https:\\\/\\\/exaudi.org\\\/es\\\/la-catequesis-comienza-por-formar-a-los-catequistas\\\/\"},\"author\":{\"name\":\"Fernando Moreno\",\"@id\":\"https:\\\/\\\/exaudi.org\\\/#\\\/schema\\\/person\\\/f7be66f9b167acd77364fb22baf2df18\"},\"headline\":\"La catequesis comienza por formar a los catequistas\",\"datePublished\":\"2022-10-25T08:58:30+00:00\",\"dateModified\":\"2022-10-25T09:08:43+00:00\",\"mainEntityOfPage\":{\"@id\":\"https:\\\/\\\/exaudi.org\\\/es\\\/la-catequesis-comienza-por-formar-a-los-catequistas\\\/\"},\"wordCount\":629,\"image\":{\"@id\":\"https:\\\/\\\/exaudi.org\\\/es\\\/la-catequesis-comienza-por-formar-a-los-catequistas\\\/#primaryimage\"},\"thumbnailUrl\":\"https:\\\/\\\/exaudi.org\\\/wp-content\\\/uploads\\\/2022\\\/10\\\/pexels-andrew-doucette-970084-scaled.jpg\",\"keywords\":[\"catequesis\",\"Formaci\u00f3n\",\"Trending\"],\"articleSection\":[\"Voces\"],\"inLanguage\":\"es\"},{\"@type\":\"WebPage\",\"@id\":\"https:\\\/\\\/exaudi.org\\\/es\\\/la-catequesis-comienza-por-formar-a-los-catequistas\\\/\",\"url\":\"https:\\\/\\\/exaudi.org\\\/es\\\/la-catequesis-comienza-por-formar-a-los-catequistas\\\/\",\"name\":\"La catequesis comienza por formar a los catequistas &#8211; Exaudi\",\"isPartOf\":{\"@id\":\"https:\\\/\\\/exaudi.org\\\/#website\"},\"primaryImageOfPage\":{\"@id\":\"https:\\\/\\\/exaudi.org\\\/es\\\/la-catequesis-comienza-por-formar-a-los-catequistas\\\/#primaryimage\"},\"image\":{\"@id\":\"https:\\\/\\\/exaudi.org\\\/es\\\/la-catequesis-comienza-por-formar-a-los-catequistas\\\/#primaryimage\"},\"thumbnailUrl\":\"https:\\\/\\\/exaudi.org\\\/wp-content\\\/uploads\\\/2022\\\/10\\\/pexels-andrew-doucette-970084-scaled.jpg\",\"datePublished\":\"2022-10-25T08:58:30+00:00\",\"dateModified\":\"2022-10-25T09:08:43+00:00\",\"author\":{\"@id\":\"https:\\\/\\\/exaudi.org\\\/#\\\/schema\\\/person\\\/f7be66f9b167acd77364fb22baf2df18\"},\"breadcrumb\":{\"@id\":\"https:\\\/\\\/exaudi.org\\\/es\\\/la-catequesis-comienza-por-formar-a-los-catequistas\\\/#breadcrumb\"},\"inLanguage\":\"es\",\"potentialAction\":[{\"@type\":\"ReadAction\",\"target\":[\"https:\\\/\\\/exaudi.org\\\/es\\\/la-catequesis-comienza-por-formar-a-los-catequistas\\\/\"]}]},{\"@type\":\"ImageObject\",\"inLanguage\":\"es\",\"@id\":\"https:\\\/\\\/exaudi.org\\\/es\\\/la-catequesis-comienza-por-formar-a-los-catequistas\\\/#primaryimage\",\"url\":\"https:\\\/\\\/exaudi.org\\\/wp-content\\\/uploads\\\/2022\\\/10\\\/pexels-andrew-doucette-970084-scaled.jpg\",\"contentUrl\":\"https:\\\/\\\/exaudi.org\\\/wp-content\\\/uploads\\\/2022\\\/10\\\/pexels-andrew-doucette-970084-scaled.jpg\",\"width\":2560,\"height\":1707,\"caption\":\"\u00a9 Pexels. Andrew Doucette\"},{\"@type\":\"BreadcrumbList\",\"@id\":\"https:\\\/\\\/exaudi.org\\\/es\\\/la-catequesis-comienza-por-formar-a-los-catequistas\\\/#breadcrumb\",\"itemListElement\":[{\"@type\":\"ListItem\",\"position\":1,\"name\":\"Portada\",\"item\":\"https:\\\/\\\/exaudi.org\\\/es\\\/\"},{\"@type\":\"ListItem\",\"position\":2,\"name\":\"La catequesis comienza por formar a los catequistas\"}]},{\"@type\":\"WebSite\",\"@id\":\"https:\\\/\\\/exaudi.org\\\/#website\",\"url\":\"https:\\\/\\\/exaudi.org\\\/\",\"name\":\"Exaudi\",\"description\":\"News\",\"potentialAction\":[{\"@type\":\"SearchAction\",\"target\":{\"@type\":\"EntryPoint\",\"urlTemplate\":\"https:\\\/\\\/exaudi.org\\\/?s={search_term_string}\"},\"query-input\":{\"@type\":\"PropertyValueSpecification\",\"valueRequired\":true,\"valueName\":\"search_term_string\"}}],\"inLanguage\":\"es\"},{\"@type\":\"Person\",\"@id\":\"https:\\\/\\\/exaudi.org\\\/#\\\/schema\\\/person\\\/f7be66f9b167acd77364fb22baf2df18\",\"name\":\"Fernando Moreno\",\"image\":{\"@type\":\"ImageObject\",\"inLanguage\":\"es\",\"@id\":\"https:\\\/\\\/secure.gravatar.com\\\/avatar\\\/89d06a32e238a5809ca3e34f462a4afe4c499cdb794f65c9ba8a1c6fe2f299bf?s=96&d=mm&r=g\",\"url\":\"https:\\\/\\\/secure.gravatar.com\\\/avatar\\\/89d06a32e238a5809ca3e34f462a4afe4c499cdb794f65c9ba8a1c6fe2f299bf?s=96&d=mm&r=g\",\"contentUrl\":\"https:\\\/\\\/secure.gravatar.com\\\/avatar\\\/89d06a32e238a5809ca3e34f462a4afe4c499cdb794f65c9ba8a1c6fe2f299bf?s=96&d=mm&r=g\",\"caption\":\"Fernando Moreno\"},\"description\":\"Director del Diploma en Did\u00e1ctica de la Catequesis de la Universidad Internacional de la Rioja (UNIR) y responsable de los proyectos #BeCaT (https:\\\/\\\/becat.online) y Catequesis Familiar (https:\\\/\\\/catequesisfamiliar.net), es doctor Europeo en Educaci\u00f3n (Universidad de Navarra), MSc in TQM (Sheffield Hallam University) y M\u00e1ster en Persona y Sociedad seg\u00fan Joseph Ratzinger (UNIR).\",\"url\":\"https:\\\/\\\/exaudi.org\\\/es\\\/author\\\/fernandomoreno\\\/\"}]}<\/script>\n<!-- \/ Yoast SEO plugin. -->","yoast_head_json":{"title":"La catequesis comienza por formar a los catequistas &#8211; Exaudi","robots":{"index":"index","follow":"follow","max-snippet":"max-snippet:-1","max-image-preview":"max-image-preview:large","max-video-preview":"max-video-preview:-1"},"canonical":"https:\/\/exaudi.org\/es\/la-catequesis-comienza-por-formar-a-los-catequistas\/","og_locale":"es_ES","og_type":"article","og_title":"La catequesis comienza por formar a los catequistas &#8211; Exaudi","og_description":"Fernando Moreno, doctor en Educaci\u00f3n, ofrece este art\u00edculo titulado \u201cLa catequesis comienza por formar a los catequistas\u201d. *** El t\u00e9rmino \u201cformaci\u00f3n\u201d aparece 185 veces en el texto del Directorio para la Catequesis (2020). Dedica un cap\u00edtulo completo (el cuarto) a la formaci\u00f3n de los catequistas, que el propio Directorio considera importante en orden a la [&hellip;]","og_url":"https:\/\/exaudi.org\/es\/la-catequesis-comienza-por-formar-a-los-catequistas\/","og_site_name":"Exaudi","article_publisher":"https:\/\/www.facebook.com\/ExaudiNews","article_published_time":"2022-10-25T08:58:30+00:00","article_modified_time":"2022-10-25T09:08:43+00:00","og_image":[{"width":2560,"height":1707,"url":"https:\/\/exaudi.org\/wp-content\/uploads\/2022\/10\/pexels-andrew-doucette-970084-scaled.jpg","type":"image\/jpeg"}],"author":"Fernando Moreno","twitter_card":"summary_large_image","twitter_creator":"@Exaudi_News","twitter_site":"@Exaudi_News","twitter_misc":{"Escrito por":"Fernando Moreno","Tiempo de lectura":"3 minutos"},"schema":{"@context":"https:\/\/schema.org","@graph":[{"@type":"Article","@id":"https:\/\/exaudi.org\/es\/la-catequesis-comienza-por-formar-a-los-catequistas\/#article","isPartOf":{"@id":"https:\/\/exaudi.org\/es\/la-catequesis-comienza-por-formar-a-los-catequistas\/"},"author":{"name":"Fernando Moreno","@id":"https:\/\/exaudi.org\/#\/schema\/person\/f7be66f9b167acd77364fb22baf2df18"},"headline":"La catequesis comienza por formar a los catequistas","datePublished":"2022-10-25T08:58:30+00:00","dateModified":"2022-10-25T09:08:43+00:00","mainEntityOfPage":{"@id":"https:\/\/exaudi.org\/es\/la-catequesis-comienza-por-formar-a-los-catequistas\/"},"wordCount":629,"image":{"@id":"https:\/\/exaudi.org\/es\/la-catequesis-comienza-por-formar-a-los-catequistas\/#primaryimage"},"thumbnailUrl":"https:\/\/exaudi.org\/wp-content\/uploads\/2022\/10\/pexels-andrew-doucette-970084-scaled.jpg","keywords":["catequesis","Formaci\u00f3n","Trending"],"articleSection":["Voces"],"inLanguage":"es"},{"@type":"WebPage","@id":"https:\/\/exaudi.org\/es\/la-catequesis-comienza-por-formar-a-los-catequistas\/","url":"https:\/\/exaudi.org\/es\/la-catequesis-comienza-por-formar-a-los-catequistas\/","name":"La catequesis comienza por formar a los catequistas &#8211; Exaudi","isPartOf":{"@id":"https:\/\/exaudi.org\/#website"},"primaryImageOfPage":{"@id":"https:\/\/exaudi.org\/es\/la-catequesis-comienza-por-formar-a-los-catequistas\/#primaryimage"},"image":{"@id":"https:\/\/exaudi.org\/es\/la-catequesis-comienza-por-formar-a-los-catequistas\/#primaryimage"},"thumbnailUrl":"https:\/\/exaudi.org\/wp-content\/uploads\/2022\/10\/pexels-andrew-doucette-970084-scaled.jpg","datePublished":"2022-10-25T08:58:30+00:00","dateModified":"2022-10-25T09:08:43+00:00","author":{"@id":"https:\/\/exaudi.org\/#\/schema\/person\/f7be66f9b167acd77364fb22baf2df18"},"breadcrumb":{"@id":"https:\/\/exaudi.org\/es\/la-catequesis-comienza-por-formar-a-los-catequistas\/#breadcrumb"},"inLanguage":"es","potentialAction":[{"@type":"ReadAction","target":["https:\/\/exaudi.org\/es\/la-catequesis-comienza-por-formar-a-los-catequistas\/"]}]},{"@type":"ImageObject","inLanguage":"es","@id":"https:\/\/exaudi.org\/es\/la-catequesis-comienza-por-formar-a-los-catequistas\/#primaryimage","url":"https:\/\/exaudi.org\/wp-content\/uploads\/2022\/10\/pexels-andrew-doucette-970084-scaled.jpg","contentUrl":"https:\/\/exaudi.org\/wp-content\/uploads\/2022\/10\/pexels-andrew-doucette-970084-scaled.jpg","width":2560,"height":1707,"caption":"\u00a9 Pexels. Andrew Doucette"},{"@type":"BreadcrumbList","@id":"https:\/\/exaudi.org\/es\/la-catequesis-comienza-por-formar-a-los-catequistas\/#breadcrumb","itemListElement":[{"@type":"ListItem","position":1,"name":"Portada","item":"https:\/\/exaudi.org\/es\/"},{"@type":"ListItem","position":2,"name":"La catequesis comienza por formar a los catequistas"}]},{"@type":"WebSite","@id":"https:\/\/exaudi.org\/#website","url":"https:\/\/exaudi.org\/","name":"Exaudi","description":"News","potentialAction":[{"@type":"SearchAction","target":{"@type":"EntryPoint","urlTemplate":"https:\/\/exaudi.org\/?s={search_term_string}"},"query-input":{"@type":"PropertyValueSpecification","valueRequired":true,"valueName":"search_term_string"}}],"inLanguage":"es"},{"@type":"Person","@id":"https:\/\/exaudi.org\/#\/schema\/person\/f7be66f9b167acd77364fb22baf2df18","name":"Fernando Moreno","image":{"@type":"ImageObject","inLanguage":"es","@id":"https:\/\/secure.gravatar.com\/avatar\/89d06a32e238a5809ca3e34f462a4afe4c499cdb794f65c9ba8a1c6fe2f299bf?s=96&d=mm&r=g","url":"https:\/\/secure.gravatar.com\/avatar\/89d06a32e238a5809ca3e34f462a4afe4c499cdb794f65c9ba8a1c6fe2f299bf?s=96&d=mm&r=g","contentUrl":"https:\/\/secure.gravatar.com\/avatar\/89d06a32e238a5809ca3e34f462a4afe4c499cdb794f65c9ba8a1c6fe2f299bf?s=96&d=mm&r=g","caption":"Fernando Moreno"},"description":"Director del Diploma en Did\u00e1ctica de la Catequesis de la Universidad Internacional de la Rioja (UNIR) y responsable de los proyectos #BeCaT (https:\/\/becat.online) y Catequesis Familiar (https:\/\/catequesisfamiliar.net), es doctor Europeo en Educaci\u00f3n (Universidad de Navarra), MSc in TQM (Sheffield Hallam University) y M\u00e1ster en Persona y Sociedad seg\u00fan Joseph Ratzinger (UNIR).","url":"https:\/\/exaudi.org\/es\/author\/fernandomoreno\/"}]}},"jetpack_featured_media_url":"https:\/\/exaudi.org\/wp-content\/uploads\/2022\/10\/pexels-andrew-doucette-970084-scaled.jpg","jetpack_shortlink":"https:\/\/wp.me\/pgKjF2-gLB","_links":{"self":[{"href":"https:\/\/exaudi.org\/es\/wp-json\/wp\/v2\/posts\/64455","targetHints":{"allow":["GET"]}}],"collection":[{"href":"https:\/\/exaudi.org\/es\/wp-json\/wp\/v2\/posts"}],"about":[{"href":"https:\/\/exaudi.org\/es\/wp-json\/wp\/v2\/types\/post"}],"author":[{"embeddable":true,"href":"https:\/\/exaudi.org\/es\/wp-json\/wp\/v2\/users\/95"}],"replies":[{"embeddable":true,"href":"https:\/\/exaudi.org\/es\/wp-json\/wp\/v2\/comments?post=64455"}],"version-history":[{"count":0,"href":"https:\/\/exaudi.org\/es\/wp-json\/wp\/v2\/posts\/64455\/revisions"}],"wp:featuredmedia":[{"embeddable":true,"href":"https:\/\/exaudi.org\/es\/wp-json\/wp\/v2\/media\/64457"}],"wp:attachment":[{"href":"https:\/\/exaudi.org\/es\/wp-json\/wp\/v2\/media?parent=64455"}],"wp:term":[{"taxonomy":"category","embeddable":true,"href":"https:\/\/exaudi.org\/es\/wp-json\/wp\/v2\/categories?post=64455"},{"taxonomy":"post_tag","embeddable":true,"href":"https:\/\/exaudi.org\/es\/wp-json\/wp\/v2\/tags?post=64455"}],"curies":[{"name":"wp","href":"https:\/\/api.w.org\/{rel}","templated":true}]}}