{"id":64171,"date":"2022-10-19T19:11:28","date_gmt":"2022-10-19T17:11:28","guid":{"rendered":"https:\/\/exaudi.org\/?p=64171"},"modified":"2022-10-19T19:11:52","modified_gmt":"2022-10-19T17:11:52","slug":"inauguracion-del-centro-heschel-en-la-universidad-catolica-de-lublin","status":"publish","type":"post","link":"https:\/\/exaudi.org\/es\/inauguracion-del-centro-heschel-en-la-universidad-catolica-de-lublin\/","title":{"rendered":"Inauguraci\u00f3n del Centro Heschel en la Universidad Cat\u00f3lica de Lublin"},"content":{"rendered":"<p>El Centro Abraham J. Heschel para las Relaciones Cat\u00f3lico-Jud\u00edas -una nueva unidad cient\u00edfica, educativa y cultural que pretende profundizar las relaciones cat\u00f3lico-jud\u00edas a nivel internacional- inici\u00f3 el lunes su actividad en la Universidad Cat\u00f3lica de Lublin. La investigaci\u00f3n cient\u00edfica, el trabajo editorial, los intercambios de estudiantes, as\u00ed como los simposios internacionales, las conferencias, los debates y los eventos culturales son las tareas principales de esta instituci\u00f3n.<\/p>\n<figure id=\"attachment_64167\" aria-describedby=\"caption-attachment-64167\" style=\"width: 300px\" class=\"wp-caption alignleft\"><img loading=\"lazy\" decoding=\"async\" class=\"size-medium wp-image-64167\" src=\"https:\/\/exaudi.org\/wp-content\/uploads\/2022\/10\/Rector-of-the-Catholic-University-of-Lublin-Rev.-Prof.-Miroslaw-Kalinowski-PhotoCredit2_KUL_Catholic-University-of-Lublin-300x200.jpg\" alt=\"Catholic University of Lublin\" width=\"300\" height=\"200\" srcset=\"https:\/\/exaudi.org\/wp-content\/uploads\/2022\/10\/Rector-of-the-Catholic-University-of-Lublin-Rev.-Prof.-Miroslaw-Kalinowski-PhotoCredit2_KUL_Catholic-University-of-Lublin-300x200.jpg 300w, https:\/\/exaudi.org\/wp-content\/uploads\/2022\/10\/Rector-of-the-Catholic-University-of-Lublin-Rev.-Prof.-Miroslaw-Kalinowski-PhotoCredit2_KUL_Catholic-University-of-Lublin-1024x683.jpg 1024w, https:\/\/exaudi.org\/wp-content\/uploads\/2022\/10\/Rector-of-the-Catholic-University-of-Lublin-Rev.-Prof.-Miroslaw-Kalinowski-PhotoCredit2_KUL_Catholic-University-of-Lublin-770x513.jpg 770w, https:\/\/exaudi.org\/wp-content\/uploads\/2022\/10\/Rector-of-the-Catholic-University-of-Lublin-Rev.-Prof.-Miroslaw-Kalinowski-PhotoCredit2_KUL_Catholic-University-of-Lublin-1536x1024.jpg 1536w, https:\/\/exaudi.org\/wp-content\/uploads\/2022\/10\/Rector-of-the-Catholic-University-of-Lublin-Rev.-Prof.-Miroslaw-Kalinowski-PhotoCredit2_KUL_Catholic-University-of-Lublin-360x240.jpg?crop=1 360w, https:\/\/exaudi.org\/wp-content\/uploads\/2022\/10\/Rector-of-the-Catholic-University-of-Lublin-Rev.-Prof.-Miroslaw-Kalinowski-PhotoCredit2_KUL_Catholic-University-of-Lublin-500x333.jpg 500w, https:\/\/exaudi.org\/wp-content\/uploads\/2022\/10\/Rector-of-the-Catholic-University-of-Lublin-Rev.-Prof.-Miroslaw-Kalinowski-PhotoCredit2_KUL_Catholic-University-of-Lublin-1155x770.jpg 1155w, https:\/\/exaudi.org\/wp-content\/uploads\/2022\/10\/Rector-of-the-Catholic-University-of-Lublin-Rev.-Prof.-Miroslaw-Kalinowski-PhotoCredit2_KUL_Catholic-University-of-Lublin-370x247.jpg 370w, https:\/\/exaudi.org\/wp-content\/uploads\/2022\/10\/Rector-of-the-Catholic-University-of-Lublin-Rev.-Prof.-Miroslaw-Kalinowski-PhotoCredit2_KUL_Catholic-University-of-Lublin-293x195.jpg 293w, https:\/\/exaudi.org\/wp-content\/uploads\/2022\/10\/Rector-of-the-Catholic-University-of-Lublin-Rev.-Prof.-Miroslaw-Kalinowski-PhotoCredit2_KUL_Catholic-University-of-Lublin-1400x933.jpg 1400w, https:\/\/exaudi.org\/wp-content\/uploads\/2022\/10\/Rector-of-the-Catholic-University-of-Lublin-Rev.-Prof.-Miroslaw-Kalinowski-PhotoCredit2_KUL_Catholic-University-of-Lublin-120x80.jpg 120w, https:\/\/exaudi.org\/wp-content\/uploads\/2022\/10\/Rector-of-the-Catholic-University-of-Lublin-Rev.-Prof.-Miroslaw-Kalinowski-PhotoCredit2_KUL_Catholic-University-of-Lublin-240x160.jpg 240w, https:\/\/exaudi.org\/wp-content\/uploads\/2022\/10\/Rector-of-the-Catholic-University-of-Lublin-Rev.-Prof.-Miroslaw-Kalinowski-PhotoCredit2_KUL_Catholic-University-of-Lublin-390x260.jpg 390w, https:\/\/exaudi.org\/wp-content\/uploads\/2022\/10\/Rector-of-the-Catholic-University-of-Lublin-Rev.-Prof.-Miroslaw-Kalinowski-PhotoCredit2_KUL_Catholic-University-of-Lublin.jpg 1920w\" sizes=\"auto, (max-width: 300px) 100vw, 300px\" \/><figcaption id=\"caption-attachment-64167\" class=\"wp-caption-text\">Catholic University of Lublin<\/figcaption><\/figure>\n<p>La inauguraci\u00f3n del Centro Abraham J. Heschel para las Relaciones Cat\u00f3lico-Jud\u00edas en la Universidad Cat\u00f3lica de Lublin es un acontecimiento hist\u00f3rico, y estoy convencido de que no s\u00f3lo para nuestra universidad\u00bb. &#8211; subray\u00f3 el rector de la Universidad Cat\u00f3lica de la Rep\u00fablica Cat\u00f3lica de Lublin, el profesor padre Miros\u0142aw Kalinowski. \u00abLos fundamentos en los que se basan las actividades del Centro pueden resumirse en el lema: Biblia com\u00fan &#8211; Pasado com\u00fan &#8211; Futuro com\u00fan. Se refieren a las ra\u00edces b\u00edblicas comunes, a la historia com\u00fan de ambas comunidades, as\u00ed como a la necesidad de construir un futuro basado en el di\u00e1logo y la apertura a la multiculturalidad\u00bb. &#8211; dijo el rector de la Universidad Cat\u00f3lica de Lublin (KUL).<\/p>\n<p>El embajador de Israel en Polonia, Yacov Livne, escribi\u00f3 una carta especial para la ceremonia: \u00bb Centr\u00e1ndose en las actividades cient\u00edficas y de investigaci\u00f3n, el Centro se abre a las cuestiones relacionadas con la historia, la cultura y el patrimonio jud\u00edos, as\u00ed como a las relaciones judeo-polacas a lo largo de los siglos, incluso en la actualidad.<\/p>\n<p>La hija del patrono del Centro, la profesora Susannah Heschel, que realiza investigaciones en el Dartmouth College de Estados Unidos, record\u00f3 las ideas m\u00e1s importantes de su padre, tambi\u00e9n en relaci\u00f3n con el di\u00e1logo cristiano-jud\u00edo. &#8211; \u00abLo que est\u00e1is haciendo est\u00e1 en l\u00ednea con el mensaje de mi padre de no ser indiferentes a los dem\u00e1s\u00bb. \u2013 dijo la profesora Heschel.<\/p>\n<figure id=\"attachment_64164\" aria-describedby=\"caption-attachment-64164\" style=\"width: 300px\" class=\"wp-caption alignright\"><img loading=\"lazy\" decoding=\"async\" class=\"size-medium wp-image-64164\" src=\"https:\/\/exaudi.org\/wp-content\/uploads\/2022\/10\/Professor-Susannah-Heschel-PhotoCredit4_KUL_Catholic-University-of-Lublin-300x200.jpg\" alt=\"Catholic University of Lublin\" width=\"300\" height=\"200\" srcset=\"https:\/\/exaudi.org\/wp-content\/uploads\/2022\/10\/Professor-Susannah-Heschel-PhotoCredit4_KUL_Catholic-University-of-Lublin-300x200.jpg 300w, https:\/\/exaudi.org\/wp-content\/uploads\/2022\/10\/Professor-Susannah-Heschel-PhotoCredit4_KUL_Catholic-University-of-Lublin-1024x683.jpg 1024w, https:\/\/exaudi.org\/wp-content\/uploads\/2022\/10\/Professor-Susannah-Heschel-PhotoCredit4_KUL_Catholic-University-of-Lublin-770x513.jpg 770w, https:\/\/exaudi.org\/wp-content\/uploads\/2022\/10\/Professor-Susannah-Heschel-PhotoCredit4_KUL_Catholic-University-of-Lublin-1536x1024.jpg 1536w, https:\/\/exaudi.org\/wp-content\/uploads\/2022\/10\/Professor-Susannah-Heschel-PhotoCredit4_KUL_Catholic-University-of-Lublin-360x240.jpg?crop=1 360w, https:\/\/exaudi.org\/wp-content\/uploads\/2022\/10\/Professor-Susannah-Heschel-PhotoCredit4_KUL_Catholic-University-of-Lublin-500x333.jpg 500w, https:\/\/exaudi.org\/wp-content\/uploads\/2022\/10\/Professor-Susannah-Heschel-PhotoCredit4_KUL_Catholic-University-of-Lublin-1155x770.jpg 1155w, https:\/\/exaudi.org\/wp-content\/uploads\/2022\/10\/Professor-Susannah-Heschel-PhotoCredit4_KUL_Catholic-University-of-Lublin-370x247.jpg 370w, https:\/\/exaudi.org\/wp-content\/uploads\/2022\/10\/Professor-Susannah-Heschel-PhotoCredit4_KUL_Catholic-University-of-Lublin-293x195.jpg 293w, https:\/\/exaudi.org\/wp-content\/uploads\/2022\/10\/Professor-Susannah-Heschel-PhotoCredit4_KUL_Catholic-University-of-Lublin-1400x933.jpg 1400w, https:\/\/exaudi.org\/wp-content\/uploads\/2022\/10\/Professor-Susannah-Heschel-PhotoCredit4_KUL_Catholic-University-of-Lublin-120x80.jpg 120w, https:\/\/exaudi.org\/wp-content\/uploads\/2022\/10\/Professor-Susannah-Heschel-PhotoCredit4_KUL_Catholic-University-of-Lublin-240x160.jpg 240w, https:\/\/exaudi.org\/wp-content\/uploads\/2022\/10\/Professor-Susannah-Heschel-PhotoCredit4_KUL_Catholic-University-of-Lublin-390x260.jpg 390w, https:\/\/exaudi.org\/wp-content\/uploads\/2022\/10\/Professor-Susannah-Heschel-PhotoCredit4_KUL_Catholic-University-of-Lublin.jpg 1920w\" sizes=\"auto, (max-width: 300px) 100vw, 300px\" \/><figcaption id=\"caption-attachment-64164\" class=\"wp-caption-text\">Catholic University of Lublin<\/figcaption><\/figure>\n<p>El rabino Abraham Sk\u00f3ra, activista del di\u00e1logo interreligioso y amigo del Papa Francisco desde hace muchos a\u00f1os, subray\u00f3 que la Universidad Cat\u00f3lica de Lublin -al crear el Centro Heschel- est\u00e1 dando una respuesta positiva a la llamada a jud\u00edos y cat\u00f3licos para cambiar el curso de la historia abri\u00e9ndose al di\u00e1logo que permita un futuro lleno de comprensi\u00f3n mutua, paz y cordialidad. Para crear un futuro.<\/p>\n<p>El patriarca latino de Jerusal\u00e9n, el arzobispo Pierbattista Pizzaballa, record\u00f3 que la historia de las relaciones cristiano-jud\u00edas ha sido dif\u00edcil, por lo que el di\u00e1logo entre las religiones hermanas es de gran valor. &#8211; \u00abEl di\u00e1logo cristiano-jud\u00edo es el primero y m\u00e1s importante, porque es un di\u00e1logo con nuestras ra\u00edces. No podemos acceder a las ense\u00f1anzas de Jesucristo si no somos conscientes de sus ra\u00edces jud\u00edas\u00bb. &#8211; dijo el Arzobispo.<\/p>\n<figure id=\"attachment_64158\" aria-describedby=\"caption-attachment-64158\" style=\"width: 300px\" class=\"wp-caption alignleft\"><img loading=\"lazy\" decoding=\"async\" class=\"size-medium wp-image-64158\" src=\"https:\/\/exaudi.org\/wp-content\/uploads\/2022\/10\/Archbishop-Pierbattista-Pizzaballa-PhotoCredit3_KUL_Catholic-University-of-Lublin-300x200.jpg\" alt=\"Catholic University of Lublin\" width=\"300\" height=\"200\" srcset=\"https:\/\/exaudi.org\/wp-content\/uploads\/2022\/10\/Archbishop-Pierbattista-Pizzaballa-PhotoCredit3_KUL_Catholic-University-of-Lublin-300x200.jpg 300w, https:\/\/exaudi.org\/wp-content\/uploads\/2022\/10\/Archbishop-Pierbattista-Pizzaballa-PhotoCredit3_KUL_Catholic-University-of-Lublin-1024x683.jpg 1024w, https:\/\/exaudi.org\/wp-content\/uploads\/2022\/10\/Archbishop-Pierbattista-Pizzaballa-PhotoCredit3_KUL_Catholic-University-of-Lublin-770x513.jpg 770w, https:\/\/exaudi.org\/wp-content\/uploads\/2022\/10\/Archbishop-Pierbattista-Pizzaballa-PhotoCredit3_KUL_Catholic-University-of-Lublin-1536x1024.jpg 1536w, https:\/\/exaudi.org\/wp-content\/uploads\/2022\/10\/Archbishop-Pierbattista-Pizzaballa-PhotoCredit3_KUL_Catholic-University-of-Lublin-360x240.jpg?crop=1 360w, https:\/\/exaudi.org\/wp-content\/uploads\/2022\/10\/Archbishop-Pierbattista-Pizzaballa-PhotoCredit3_KUL_Catholic-University-of-Lublin-500x333.jpg 500w, https:\/\/exaudi.org\/wp-content\/uploads\/2022\/10\/Archbishop-Pierbattista-Pizzaballa-PhotoCredit3_KUL_Catholic-University-of-Lublin-1155x770.jpg 1155w, https:\/\/exaudi.org\/wp-content\/uploads\/2022\/10\/Archbishop-Pierbattista-Pizzaballa-PhotoCredit3_KUL_Catholic-University-of-Lublin-370x247.jpg 370w, https:\/\/exaudi.org\/wp-content\/uploads\/2022\/10\/Archbishop-Pierbattista-Pizzaballa-PhotoCredit3_KUL_Catholic-University-of-Lublin-293x195.jpg 293w, https:\/\/exaudi.org\/wp-content\/uploads\/2022\/10\/Archbishop-Pierbattista-Pizzaballa-PhotoCredit3_KUL_Catholic-University-of-Lublin-1400x933.jpg 1400w, https:\/\/exaudi.org\/wp-content\/uploads\/2022\/10\/Archbishop-Pierbattista-Pizzaballa-PhotoCredit3_KUL_Catholic-University-of-Lublin-120x80.jpg 120w, https:\/\/exaudi.org\/wp-content\/uploads\/2022\/10\/Archbishop-Pierbattista-Pizzaballa-PhotoCredit3_KUL_Catholic-University-of-Lublin-240x160.jpg 240w, https:\/\/exaudi.org\/wp-content\/uploads\/2022\/10\/Archbishop-Pierbattista-Pizzaballa-PhotoCredit3_KUL_Catholic-University-of-Lublin-390x260.jpg 390w, https:\/\/exaudi.org\/wp-content\/uploads\/2022\/10\/Archbishop-Pierbattista-Pizzaballa-PhotoCredit3_KUL_Catholic-University-of-Lublin.jpg 1920w\" sizes=\"auto, (max-width: 300px) 100vw, 300px\" \/><figcaption id=\"caption-attachment-64158\" class=\"wp-caption-text\">Catholic University of Lublin<\/figcaption><\/figure>\n<p>Por su parte, el presidente de la Conferencia Episcopal Polaca, el arzobispo Stanis\u0142aw G\u0105decki, destac\u00f3 que el Centro Heschel de la Universidad Cat\u00f3lica de Lublin es la realizaci\u00f3n de la declaraci\u00f3n conciliar \u00abNostra aetate\u00bb y la ense\u00f1anza de la Iglesia expresada por los sucesivos papas. Tambi\u00e9n record\u00f3 el papel del Patrono de la Universidad Cat\u00f3lica de Lublin, el Papa Juan Pablo II, que es un modelo en el di\u00e1logo cat\u00f3lico-jud\u00edo. \u00abFue el primer Papa que rez\u00f3 junto a un rabino por la paz, el primer Papa que entr\u00f3 en una sinagoga y que visit\u00f3 el campo de concentraci\u00f3n nazi alem\u00e1n Auschwitz-Birkenau. Juan Pablo II fue el primer Papa que rez\u00f3 en el Muro de las Lamentaciones, pidiendo a Dios el perd\u00f3n y la fraternidad mutua\u00bb.<\/p>\n<p>Durante la ceremonia, que concluy\u00f3 con la presentaci\u00f3n de los nombramientos para el Consejo del Centro Abraham J. Heschel para las Relaciones Cat\u00f3lico-Jud\u00edas de la Universidad Cat\u00f3lica de Lublin (KUL) y un discurso del Cantor Symcha Keller, tambi\u00e9n se present\u00f3 el Comit\u00e9 de Honor del Centro y el Consejo Cient\u00edfico de la nueva instituci\u00f3n. El Consejo Cient\u00edfico y el Comit\u00e9 de Honor de la reci\u00e9n creada instituci\u00f3n inclu\u00edan al Rabino Prof. Abraham Sk\u00f3ra de Argentina, al Director de Relaciones Interreligiosas del Comit\u00e9 Jud\u00edo Americano Rabino David Rosen, al Profesor de la Universidad de Nueva York Rabino Prof. Lawrence H. Schiffman, a la Profesora de Estudios Hebreos y Jud\u00edos de la Universidad de Oxford Prof. Judith Olszowy-Schlanger, Profesor de Estudios del Nuevo Testamento E. Rhodes y a Leona B. Carpintero de la Escuela de Divinidad de la Universidad de Vanderbilt, en Nashville, la profesora Amy-Jill Levine, la profesora Glenda Abramson de la Universidad de Oxford, el patriarca latino de Jerusal\u00e9n, el arzobispo Pierbattista Pizzaballa, el director del Centro Internacional de Investigaci\u00f3n sobre la Historia y el Patrimonio Cultural de los Jud\u00edos de Europa Central y Oriental, el doctor Slawomir Zurek y el profesor Yagil Limore de la Universidad Bar Ilan de Tel Aviv.<\/p>\n<p>El Centro Abraham J. Heschel para las Relaciones Cat\u00f3lico-Jud\u00edas de la Universidad Cat\u00f3lica de Lublin (KUL) es una unidad de investigaci\u00f3n y educaci\u00f3n cuya misi\u00f3n es construir relaciones cat\u00f3lico-jud\u00edas a nivel internacional en los campos de la ciencia, la educaci\u00f3n y la cultura. El Centro combina los trabajos de investigaci\u00f3n, la conmemoraci\u00f3n del pasado, la educaci\u00f3n y la participaci\u00f3n de los j\u00f3venes, as\u00ed como la sensibilizaci\u00f3n del p\u00fablico a trav\u00e9s de los medios de comunicaci\u00f3n modernos a escala mundial.<\/p>\n","protected":false},"excerpt":{"rendered":"<p>Inauguraci\u00f3n del Centro Abraham J. Heschel para las Relaciones Cat\u00f3lico-Jud\u00edas.<\/p>\n","protected":false},"author":15,"featured_media":64161,"comment_status":"closed","ping_status":"closed","sticky":false,"template":"","format":"standard","meta":{"_acf_changed":false,"_crdt_document":"","inline_featured_image":false,"footnotes":""},"categories":[74],"tags":[7098,4953,7305],"class_list":["post-64171","post","type-post","status-publish","format-standard","has-post-thumbnail","hentry","category-iglesia-y-mundo","tag-centro-heschel","tag-trending-es","tag-universidad-catolica-de-lublin"],"acf":[],"yoast_head":"<!-- This site is optimized with the Yoast SEO plugin v27.4 - https:\/\/yoast.com\/product\/yoast-seo-wordpress\/ -->\n<title>Inauguraci\u00f3n del Centro Heschel en la Universidad Cat\u00f3lica de Lublin &#8211; Exaudi<\/title>\n<meta name=\"robots\" content=\"index, follow, max-snippet:-1, max-image-preview:large, max-video-preview:-1\" \/>\n<link rel=\"canonical\" href=\"https:\/\/exaudi.org\/es\/inauguracion-del-centro-heschel-en-la-universidad-catolica-de-lublin\/\" \/>\n<meta property=\"og:locale\" content=\"es_ES\" \/>\n<meta property=\"og:type\" content=\"article\" \/>\n<meta property=\"og:title\" content=\"Inauguraci\u00f3n del Centro Heschel en la Universidad Cat\u00f3lica de Lublin &#8211; Exaudi\" \/>\n<meta property=\"og:description\" content=\"Inauguraci\u00f3n del Centro Abraham J. Heschel para las Relaciones Cat\u00f3lico-Jud\u00edas.\" \/>\n<meta property=\"og:url\" content=\"https:\/\/exaudi.org\/es\/inauguracion-del-centro-heschel-en-la-universidad-catolica-de-lublin\/\" \/>\n<meta property=\"og:site_name\" content=\"Exaudi\" \/>\n<meta property=\"article:publisher\" content=\"https:\/\/www.facebook.com\/ExaudiNews\" \/>\n<meta property=\"article:author\" content=\"https:\/\/www.facebook.com\/ExaudiNoticias\/\" \/>\n<meta property=\"article:published_time\" content=\"2022-10-19T17:11:28+00:00\" \/>\n<meta property=\"article:modified_time\" content=\"2022-10-19T17:11:52+00:00\" \/>\n<meta property=\"og:image\" content=\"https:\/\/exaudi.org\/wp-content\/uploads\/2022\/10\/PhotoCredit1_Catholic-University-of-Lublin-1024x683.jpg\" \/>\n\t<meta property=\"og:image:width\" content=\"1024\" \/>\n\t<meta property=\"og:image:height\" content=\"683\" \/>\n\t<meta property=\"og:image:type\" content=\"image\/jpeg\" \/>\n<meta name=\"author\" content=\"Exaudi Redacci\u00f3n\" \/>\n<meta name=\"twitter:card\" content=\"summary_large_image\" \/>\n<meta name=\"twitter:creator\" content=\"@Exaudi_noticias\" \/>\n<meta name=\"twitter:site\" content=\"@Exaudi_News\" \/>\n<meta name=\"twitter:label1\" content=\"Escrito por\" \/>\n\t<meta name=\"twitter:data1\" content=\"Exaudi Redacci\u00f3n\" \/>\n\t<meta name=\"twitter:label2\" content=\"Tiempo de lectura\" \/>\n\t<meta name=\"twitter:data2\" content=\"5 minutos\" \/>\n<script type=\"application\/ld+json\" class=\"yoast-schema-graph\">{\"@context\":\"https:\\\/\\\/schema.org\",\"@graph\":[{\"@type\":\"Article\",\"@id\":\"https:\\\/\\\/exaudi.org\\\/es\\\/inauguracion-del-centro-heschel-en-la-universidad-catolica-de-lublin\\\/#article\",\"isPartOf\":{\"@id\":\"https:\\\/\\\/exaudi.org\\\/es\\\/inauguracion-del-centro-heschel-en-la-universidad-catolica-de-lublin\\\/\"},\"author\":{\"name\":\"Exaudi Redacci\u00f3n\",\"@id\":\"https:\\\/\\\/exaudi.org\\\/#\\\/schema\\\/person\\\/f5fc8f063065e38742da7afe15f25df7\"},\"headline\":\"Inauguraci\u00f3n del Centro Heschel en la Universidad Cat\u00f3lica de Lublin\",\"datePublished\":\"2022-10-19T17:11:28+00:00\",\"dateModified\":\"2022-10-19T17:11:52+00:00\",\"mainEntityOfPage\":{\"@id\":\"https:\\\/\\\/exaudi.org\\\/es\\\/inauguracion-del-centro-heschel-en-la-universidad-catolica-de-lublin\\\/\"},\"wordCount\":996,\"image\":{\"@id\":\"https:\\\/\\\/exaudi.org\\\/es\\\/inauguracion-del-centro-heschel-en-la-universidad-catolica-de-lublin\\\/#primaryimage\"},\"thumbnailUrl\":\"https:\\\/\\\/exaudi.org\\\/wp-content\\\/uploads\\\/2022\\\/10\\\/PhotoCredit1_Catholic-University-of-Lublin.jpg\",\"keywords\":[\"Centro Heschel\",\"Trending\",\"Universidad Cat\u00f3lica de Lublin\"],\"articleSection\":[\"Iglesia y Mundo\"],\"inLanguage\":\"es\"},{\"@type\":\"WebPage\",\"@id\":\"https:\\\/\\\/exaudi.org\\\/es\\\/inauguracion-del-centro-heschel-en-la-universidad-catolica-de-lublin\\\/\",\"url\":\"https:\\\/\\\/exaudi.org\\\/es\\\/inauguracion-del-centro-heschel-en-la-universidad-catolica-de-lublin\\\/\",\"name\":\"Inauguraci\u00f3n del Centro Heschel en la Universidad Cat\u00f3lica de Lublin &#8211; Exaudi\",\"isPartOf\":{\"@id\":\"https:\\\/\\\/exaudi.org\\\/#website\"},\"primaryImageOfPage\":{\"@id\":\"https:\\\/\\\/exaudi.org\\\/es\\\/inauguracion-del-centro-heschel-en-la-universidad-catolica-de-lublin\\\/#primaryimage\"},\"image\":{\"@id\":\"https:\\\/\\\/exaudi.org\\\/es\\\/inauguracion-del-centro-heschel-en-la-universidad-catolica-de-lublin\\\/#primaryimage\"},\"thumbnailUrl\":\"https:\\\/\\\/exaudi.org\\\/wp-content\\\/uploads\\\/2022\\\/10\\\/PhotoCredit1_Catholic-University-of-Lublin.jpg\",\"datePublished\":\"2022-10-19T17:11:28+00:00\",\"dateModified\":\"2022-10-19T17:11:52+00:00\",\"author\":{\"@id\":\"https:\\\/\\\/exaudi.org\\\/#\\\/schema\\\/person\\\/f5fc8f063065e38742da7afe15f25df7\"},\"breadcrumb\":{\"@id\":\"https:\\\/\\\/exaudi.org\\\/es\\\/inauguracion-del-centro-heschel-en-la-universidad-catolica-de-lublin\\\/#breadcrumb\"},\"inLanguage\":\"es\",\"potentialAction\":[{\"@type\":\"ReadAction\",\"target\":[\"https:\\\/\\\/exaudi.org\\\/es\\\/inauguracion-del-centro-heschel-en-la-universidad-catolica-de-lublin\\\/\"]}]},{\"@type\":\"ImageObject\",\"inLanguage\":\"es\",\"@id\":\"https:\\\/\\\/exaudi.org\\\/es\\\/inauguracion-del-centro-heschel-en-la-universidad-catolica-de-lublin\\\/#primaryimage\",\"url\":\"https:\\\/\\\/exaudi.org\\\/wp-content\\\/uploads\\\/2022\\\/10\\\/PhotoCredit1_Catholic-University-of-Lublin.jpg\",\"contentUrl\":\"https:\\\/\\\/exaudi.org\\\/wp-content\\\/uploads\\\/2022\\\/10\\\/PhotoCredit1_Catholic-University-of-Lublin.jpg\",\"width\":1920,\"height\":1280,\"caption\":\"Catholic University of Lublin\"},{\"@type\":\"BreadcrumbList\",\"@id\":\"https:\\\/\\\/exaudi.org\\\/es\\\/inauguracion-del-centro-heschel-en-la-universidad-catolica-de-lublin\\\/#breadcrumb\",\"itemListElement\":[{\"@type\":\"ListItem\",\"position\":1,\"name\":\"Portada\",\"item\":\"https:\\\/\\\/exaudi.org\\\/es\\\/\"},{\"@type\":\"ListItem\",\"position\":2,\"name\":\"Inauguraci\u00f3n del Centro Heschel en la Universidad Cat\u00f3lica de Lublin\"}]},{\"@type\":\"WebSite\",\"@id\":\"https:\\\/\\\/exaudi.org\\\/#website\",\"url\":\"https:\\\/\\\/exaudi.org\\\/\",\"name\":\"Exaudi\",\"description\":\"News\",\"potentialAction\":[{\"@type\":\"SearchAction\",\"target\":{\"@type\":\"EntryPoint\",\"urlTemplate\":\"https:\\\/\\\/exaudi.org\\\/?s={search_term_string}\"},\"query-input\":{\"@type\":\"PropertyValueSpecification\",\"valueRequired\":true,\"valueName\":\"search_term_string\"}}],\"inLanguage\":\"es\"},{\"@type\":\"Person\",\"@id\":\"https:\\\/\\\/exaudi.org\\\/#\\\/schema\\\/person\\\/f5fc8f063065e38742da7afe15f25df7\",\"name\":\"Exaudi Redacci\u00f3n\",\"image\":{\"@type\":\"ImageObject\",\"inLanguage\":\"es\",\"@id\":\"https:\\\/\\\/secure.gravatar.com\\\/avatar\\\/fe0f6a059fb68d9b3e11bc5850dd4899b1c7492091a3cb6dd9b01b56ad828be2?s=96&d=mm&r=g\",\"url\":\"https:\\\/\\\/secure.gravatar.com\\\/avatar\\\/fe0f6a059fb68d9b3e11bc5850dd4899b1c7492091a3cb6dd9b01b56ad828be2?s=96&d=mm&r=g\",\"contentUrl\":\"https:\\\/\\\/secure.gravatar.com\\\/avatar\\\/fe0f6a059fb68d9b3e11bc5850dd4899b1c7492091a3cb6dd9b01b56ad828be2?s=96&d=mm&r=g\",\"caption\":\"Exaudi Redacci\u00f3n\"},\"description\":\"\u00bfQu\u00e9 es Exaudi News? Exaudi News es un medio de comunicaci\u00f3n cat\u00f3lico internacional que informa, forma y transforma, diariamente en espa\u00f1ol, ingl\u00e9s e italiano. A trav\u00e9s de noticias, art\u00edculos de an\u00e1lisis y transmisiones en directo de los eventos del Papa, Exaudi busca fortalecer la unidad de los cristianos y contribuir a la evangelizaci\u00f3n del mundo, siempre guiados por la doctrina social de la Iglesia. Trabajamos para acercar la verdad y los valores cristianos a cada rinc\u00f3n del planeta. \u00a1Ay\u00fadanos a transformar el mundo con Exaudi! En Exaudi creemos que la evangelizaci\u00f3n y la informaci\u00f3n de calidad pueden cambiar vidas. Para continuar con nuestra misi\u00f3n y expandir nuestro alcance, necesitamos tu ayuda. Adem\u00e1s, buscamos personas comprometidas que deseen unirse a nuestro equipo. Con tu apoyo, lograremos llegar a m\u00e1s personas, difundir el mensaje de Cristo y reforzar la unidad de los cristianos. \u00bfTe unes a nuestra misi\u00f3n? Para m\u00e1s informaci\u00f3n sobre c\u00f3mo colaborar, visita Exaudi.org\\\/es o cont\u00e1ctanos directamente: info@exaudi.org Exaudi: Informa, forma y transforma.\",\"sameAs\":[\"https:\\\/\\\/www.facebook.com\\\/ExaudiNoticias\\\/\",\"https:\\\/\\\/www.instagram.com\\\/exaudi_noticias\\\/\",\"https:\\\/\\\/x.com\\\/Exaudi_noticias\",\"https:\\\/\\\/www.youtube.com\\\/@exaudicatholicnews\"],\"url\":\"https:\\\/\\\/exaudi.org\\\/es\\\/author\\\/redaccionexaudi\\\/\"}]}<\/script>\n<!-- \/ Yoast SEO plugin. -->","yoast_head_json":{"title":"Inauguraci\u00f3n del Centro Heschel en la Universidad Cat\u00f3lica de Lublin &#8211; Exaudi","robots":{"index":"index","follow":"follow","max-snippet":"max-snippet:-1","max-image-preview":"max-image-preview:large","max-video-preview":"max-video-preview:-1"},"canonical":"https:\/\/exaudi.org\/es\/inauguracion-del-centro-heschel-en-la-universidad-catolica-de-lublin\/","og_locale":"es_ES","og_type":"article","og_title":"Inauguraci\u00f3n del Centro Heschel en la Universidad Cat\u00f3lica de Lublin &#8211; Exaudi","og_description":"Inauguraci\u00f3n del Centro Abraham J. Heschel para las Relaciones Cat\u00f3lico-Jud\u00edas.","og_url":"https:\/\/exaudi.org\/es\/inauguracion-del-centro-heschel-en-la-universidad-catolica-de-lublin\/","og_site_name":"Exaudi","article_publisher":"https:\/\/www.facebook.com\/ExaudiNews","article_author":"https:\/\/www.facebook.com\/ExaudiNoticias\/","article_published_time":"2022-10-19T17:11:28+00:00","article_modified_time":"2022-10-19T17:11:52+00:00","og_image":[{"width":1024,"height":683,"url":"https:\/\/exaudi.org\/wp-content\/uploads\/2022\/10\/PhotoCredit1_Catholic-University-of-Lublin-1024x683.jpg","type":"image\/jpeg"}],"author":"Exaudi Redacci\u00f3n","twitter_card":"summary_large_image","twitter_creator":"@Exaudi_noticias","twitter_site":"@Exaudi_News","twitter_misc":{"Escrito por":"Exaudi Redacci\u00f3n","Tiempo de lectura":"5 minutos"},"schema":{"@context":"https:\/\/schema.org","@graph":[{"@type":"Article","@id":"https:\/\/exaudi.org\/es\/inauguracion-del-centro-heschel-en-la-universidad-catolica-de-lublin\/#article","isPartOf":{"@id":"https:\/\/exaudi.org\/es\/inauguracion-del-centro-heschel-en-la-universidad-catolica-de-lublin\/"},"author":{"name":"Exaudi Redacci\u00f3n","@id":"https:\/\/exaudi.org\/#\/schema\/person\/f5fc8f063065e38742da7afe15f25df7"},"headline":"Inauguraci\u00f3n del Centro Heschel en la Universidad Cat\u00f3lica de Lublin","datePublished":"2022-10-19T17:11:28+00:00","dateModified":"2022-10-19T17:11:52+00:00","mainEntityOfPage":{"@id":"https:\/\/exaudi.org\/es\/inauguracion-del-centro-heschel-en-la-universidad-catolica-de-lublin\/"},"wordCount":996,"image":{"@id":"https:\/\/exaudi.org\/es\/inauguracion-del-centro-heschel-en-la-universidad-catolica-de-lublin\/#primaryimage"},"thumbnailUrl":"https:\/\/exaudi.org\/wp-content\/uploads\/2022\/10\/PhotoCredit1_Catholic-University-of-Lublin.jpg","keywords":["Centro Heschel","Trending","Universidad Cat\u00f3lica de Lublin"],"articleSection":["Iglesia y Mundo"],"inLanguage":"es"},{"@type":"WebPage","@id":"https:\/\/exaudi.org\/es\/inauguracion-del-centro-heschel-en-la-universidad-catolica-de-lublin\/","url":"https:\/\/exaudi.org\/es\/inauguracion-del-centro-heschel-en-la-universidad-catolica-de-lublin\/","name":"Inauguraci\u00f3n del Centro Heschel en la Universidad Cat\u00f3lica de Lublin &#8211; Exaudi","isPartOf":{"@id":"https:\/\/exaudi.org\/#website"},"primaryImageOfPage":{"@id":"https:\/\/exaudi.org\/es\/inauguracion-del-centro-heschel-en-la-universidad-catolica-de-lublin\/#primaryimage"},"image":{"@id":"https:\/\/exaudi.org\/es\/inauguracion-del-centro-heschel-en-la-universidad-catolica-de-lublin\/#primaryimage"},"thumbnailUrl":"https:\/\/exaudi.org\/wp-content\/uploads\/2022\/10\/PhotoCredit1_Catholic-University-of-Lublin.jpg","datePublished":"2022-10-19T17:11:28+00:00","dateModified":"2022-10-19T17:11:52+00:00","author":{"@id":"https:\/\/exaudi.org\/#\/schema\/person\/f5fc8f063065e38742da7afe15f25df7"},"breadcrumb":{"@id":"https:\/\/exaudi.org\/es\/inauguracion-del-centro-heschel-en-la-universidad-catolica-de-lublin\/#breadcrumb"},"inLanguage":"es","potentialAction":[{"@type":"ReadAction","target":["https:\/\/exaudi.org\/es\/inauguracion-del-centro-heschel-en-la-universidad-catolica-de-lublin\/"]}]},{"@type":"ImageObject","inLanguage":"es","@id":"https:\/\/exaudi.org\/es\/inauguracion-del-centro-heschel-en-la-universidad-catolica-de-lublin\/#primaryimage","url":"https:\/\/exaudi.org\/wp-content\/uploads\/2022\/10\/PhotoCredit1_Catholic-University-of-Lublin.jpg","contentUrl":"https:\/\/exaudi.org\/wp-content\/uploads\/2022\/10\/PhotoCredit1_Catholic-University-of-Lublin.jpg","width":1920,"height":1280,"caption":"Catholic University of Lublin"},{"@type":"BreadcrumbList","@id":"https:\/\/exaudi.org\/es\/inauguracion-del-centro-heschel-en-la-universidad-catolica-de-lublin\/#breadcrumb","itemListElement":[{"@type":"ListItem","position":1,"name":"Portada","item":"https:\/\/exaudi.org\/es\/"},{"@type":"ListItem","position":2,"name":"Inauguraci\u00f3n del Centro Heschel en la Universidad Cat\u00f3lica de Lublin"}]},{"@type":"WebSite","@id":"https:\/\/exaudi.org\/#website","url":"https:\/\/exaudi.org\/","name":"Exaudi","description":"News","potentialAction":[{"@type":"SearchAction","target":{"@type":"EntryPoint","urlTemplate":"https:\/\/exaudi.org\/?s={search_term_string}"},"query-input":{"@type":"PropertyValueSpecification","valueRequired":true,"valueName":"search_term_string"}}],"inLanguage":"es"},{"@type":"Person","@id":"https:\/\/exaudi.org\/#\/schema\/person\/f5fc8f063065e38742da7afe15f25df7","name":"Exaudi Redacci\u00f3n","image":{"@type":"ImageObject","inLanguage":"es","@id":"https:\/\/secure.gravatar.com\/avatar\/fe0f6a059fb68d9b3e11bc5850dd4899b1c7492091a3cb6dd9b01b56ad828be2?s=96&d=mm&r=g","url":"https:\/\/secure.gravatar.com\/avatar\/fe0f6a059fb68d9b3e11bc5850dd4899b1c7492091a3cb6dd9b01b56ad828be2?s=96&d=mm&r=g","contentUrl":"https:\/\/secure.gravatar.com\/avatar\/fe0f6a059fb68d9b3e11bc5850dd4899b1c7492091a3cb6dd9b01b56ad828be2?s=96&d=mm&r=g","caption":"Exaudi Redacci\u00f3n"},"description":"\u00bfQu\u00e9 es Exaudi News? Exaudi News es un medio de comunicaci\u00f3n cat\u00f3lico internacional que informa, forma y transforma, diariamente en espa\u00f1ol, ingl\u00e9s e italiano. A trav\u00e9s de noticias, art\u00edculos de an\u00e1lisis y transmisiones en directo de los eventos del Papa, Exaudi busca fortalecer la unidad de los cristianos y contribuir a la evangelizaci\u00f3n del mundo, siempre guiados por la doctrina social de la Iglesia. Trabajamos para acercar la verdad y los valores cristianos a cada rinc\u00f3n del planeta. \u00a1Ay\u00fadanos a transformar el mundo con Exaudi! En Exaudi creemos que la evangelizaci\u00f3n y la informaci\u00f3n de calidad pueden cambiar vidas. Para continuar con nuestra misi\u00f3n y expandir nuestro alcance, necesitamos tu ayuda. Adem\u00e1s, buscamos personas comprometidas que deseen unirse a nuestro equipo. Con tu apoyo, lograremos llegar a m\u00e1s personas, difundir el mensaje de Cristo y reforzar la unidad de los cristianos. \u00bfTe unes a nuestra misi\u00f3n? Para m\u00e1s informaci\u00f3n sobre c\u00f3mo colaborar, visita Exaudi.org\/es o cont\u00e1ctanos directamente: info@exaudi.org Exaudi: Informa, forma y transforma.","sameAs":["https:\/\/www.facebook.com\/ExaudiNoticias\/","https:\/\/www.instagram.com\/exaudi_noticias\/","https:\/\/x.com\/Exaudi_noticias","https:\/\/www.youtube.com\/@exaudicatholicnews"],"url":"https:\/\/exaudi.org\/es\/author\/redaccionexaudi\/"}]}},"jetpack_featured_media_url":"https:\/\/exaudi.org\/wp-content\/uploads\/2022\/10\/PhotoCredit1_Catholic-University-of-Lublin.jpg","jetpack_shortlink":"https:\/\/wp.me\/pgKjF2-gH1","_links":{"self":[{"href":"https:\/\/exaudi.org\/es\/wp-json\/wp\/v2\/posts\/64171","targetHints":{"allow":["GET"]}}],"collection":[{"href":"https:\/\/exaudi.org\/es\/wp-json\/wp\/v2\/posts"}],"about":[{"href":"https:\/\/exaudi.org\/es\/wp-json\/wp\/v2\/types\/post"}],"author":[{"embeddable":true,"href":"https:\/\/exaudi.org\/es\/wp-json\/wp\/v2\/users\/15"}],"replies":[{"embeddable":true,"href":"https:\/\/exaudi.org\/es\/wp-json\/wp\/v2\/comments?post=64171"}],"version-history":[{"count":0,"href":"https:\/\/exaudi.org\/es\/wp-json\/wp\/v2\/posts\/64171\/revisions"}],"wp:featuredmedia":[{"embeddable":true,"href":"https:\/\/exaudi.org\/es\/wp-json\/wp\/v2\/media\/64161"}],"wp:attachment":[{"href":"https:\/\/exaudi.org\/es\/wp-json\/wp\/v2\/media?parent=64171"}],"wp:term":[{"taxonomy":"category","embeddable":true,"href":"https:\/\/exaudi.org\/es\/wp-json\/wp\/v2\/categories?post=64171"},{"taxonomy":"post_tag","embeddable":true,"href":"https:\/\/exaudi.org\/es\/wp-json\/wp\/v2\/tags?post=64171"}],"curies":[{"name":"wp","href":"https:\/\/api.w.org\/{rel}","templated":true}]}}