{"id":64143,"date":"2022-10-19T16:26:27","date_gmt":"2022-10-19T14:26:27","guid":{"rendered":"https:\/\/exaudi.org\/?p=64143"},"modified":"2022-10-19T16:54:11","modified_gmt":"2022-10-19T14:54:11","slug":"cardenal-arizmendi-el-concilio-vaticano-ii","status":"publish","type":"post","link":"https:\/\/exaudi.org\/es\/cardenal-arizmendi-el-concilio-vaticano-ii\/","title":{"rendered":"Cardenal Arizmendi: El Concilio Vaticano II"},"content":{"rendered":"<p>El\u00a0<a href=\"https:\/\/exaudi.org\/es\/author\/felipearizmendi\/\" target=\"_blank\" rel=\"noopener\">cardenal Felipe Arizmendi<\/a>, obispo em\u00e9rito de San Crist\u00f3bal de Las Casas y responsable de la Doctrina de la Fe en la\u00a0<a href=\"https:\/\/www.cem.org.mx\/\" target=\"_blank\" rel=\"noopener\">Conferencia del Episcopado Mexicano (CEM)<\/a>, ofrece a los lectores de Exaudi su art\u00edculo semanal sobre el Concilio Vaticano II.<\/p>\n<p>***<\/p>\n<p><strong>MIRAR<\/strong><\/p>\n<p>El 11 de octubre de 1962, siendo san Juan XXIII el sumo pont\u00edfice, se inici\u00f3 este gran acontecimiento que marcar\u00eda la ruta de nuestra Iglesia en su renovaci\u00f3n. Han pasado 60 a\u00f1os y muchos no lo conocen; ni siquiera lo han le\u00eddo, mucho menos se han esforzado en llevarlo a la pr\u00e1ctica. En atenci\u00f3n a ellos, har\u00e9 una brev\u00edsima descripci\u00f3n.<\/p>\n<p>Participaron unos cuatro mil obispos de todo el mundo, con la asesor\u00eda de sacerdotes especialistas en diversos asuntos teol\u00f3gicos y pastorales; en aquellos tiempos no se resaltaba tanto la participaci\u00f3n de los laicos. Se realizaron cuatro sesiones, pero cada sesi\u00f3n duraba entre uno y tres meses, con deliberaciones ma\u00f1ana y tarde en el interior de la bas\u00edlica de San Pedro, casi siempre en la presencia del Papa. Cuando muri\u00f3 Juan XXIII, continu\u00f3 el gran Pablo VI, con una sabidur\u00eda y prudencia exquisitas. El Esp\u00edritu Santo nunca nos deja. El Concilio se concluy\u00f3 el 8 de diciembre de 1965.<\/p>\n<p>Se aprobaron 16 documentos: 4 constituciones, que son las m\u00e1s importantes, 9 decretos y 3 declaraciones. Las constituciones son: sobre la Iglesia <em>(Lumen Gentium)<\/em>, sobre la divina revelaci\u00f3n <em>(Dei Verbum),<\/em> sobre la sagrada liturgia <em>(Sacrosanctum Concilium) <\/em>y sobre la Iglesia en el mundo actual <em>(Gaudium et spes). <\/em>El primer documento que se aprob\u00f3 fue el de la liturgia, el 4 de diciembre de 1963. Uno de los \u00faltimos, fue el de la Iglesia en el mundo actual, aprobado el 7 de diciembre de 1965.<\/p>\n<p>Los nueve decretos del Concilio son: sobre el oficio pastoral de los obispos <em>(Christus Dominus), <\/em>sobre el ministerio y vida de los presb\u00edteros <em>(Presbyterorum Ordinis),<\/em> sobre la formaci\u00f3n sacerdotal <em>(Optatam totius), <\/em>sobre la adecuada renovaci\u00f3n de la vida religiosa <em>(Perfectae caritatis), <\/em>sobre el apostolado de los seglares <em>(Apostolicam actuositatem), <\/em>sobre las Iglesias orientales cat\u00f3licas <em>(Orientalium Ecclesiarum), <\/em>sobre la actividad misionera de la Iglesia <em>(Ad gentes), <\/em>sobre el ecumenismo <em>(Unitatis redintegratio)<\/em> y sobre los medios de comunicaci\u00f3n social <em>(Inter mirifica). <\/em><\/p>\n<p>Las tres declaraciones son: sobre la libertad religiosa <em>(Dignitatis humanae), <\/em>sobre la educaci\u00f3n cristiana de la juventud <em>(Gravissimum educationis) <\/em>y sobre las relaciones de la Iglesia con las religiones no cristianas <em>(Nostra aetate)<\/em>. Ponerles un t\u00edtulo en lat\u00edn era una pr\u00e1ctica com\u00fan en la Iglesia para los documentos oficiales, pues el lat\u00edn sigue siendo la lengua oficial; sin embargo, el Papa Francisco ha puesto t\u00edtulos no latinos a algunos de sus documentos, como <em>Laudato si, Fratelli tutti, Querida Amazonia\u2026<\/em><\/p>\n<p>Hasta la fecha, hay personas que no aceptan de coraz\u00f3n los caminos marcados por este Concilio. Tras la defensa del lat\u00edn, que muchos no comprenden, se esconden resistencias a cambiar su mentalidad sobre la vivencia del Evangelio. No aceptan que se insista en la dimensi\u00f3n social de la fe cristiana y quisieran que todo se redujera a un espiritualismo desencarnado, sin compromiso por la transformaci\u00f3n de la sociedad. Por eso, no aceptan del todo a los papas que nos hablan de esto, desde Juan XXIII hasta Francisco.<\/p>\n<p><strong>DISCERNIR<\/strong><\/p>\n<p>Transcribo s\u00f3lo algunos p\u00e1rrafos de las cuatro constituciones conciliares:<\/p>\n<p>Constituci\u00f3n sobre la Iglesia: \u201cCristo es la luz de los pueblos. Por ello, este sacrosanto S\u00ednodo, reunido en el Esp\u00edritu Santo, desea ardientemente iluminar a todos los hombres, anunciando el Evangelio a toda criatura (cf Mc 16,15) con la claridad de Cristo, que resplandece sobre la faz de la Iglesia. Y porque la Iglesia es en Cristo como un sacramento, o sea signo e instrumento de la uni\u00f3n \u00edntima con Dios y de la unidad de todo el g\u00e9nero humano, ella se propone presentar a sus fieles y a todo el mundo con mayor precisi\u00f3n su naturaleza y su misi\u00f3n universal, abundando en la doctrina de los concilios precedentes. Las condiciones de nuestra \u00e9poca hacen m\u00e1s urgente este deber de la Iglesia, a saber, el que todos los hombres, que hoy est\u00e1n \u00edntimamente unidos por m\u00faltiples v\u00ednculos sociales, t\u00e9cnicos y culturales, consigan tambi\u00e9n la unidad completa en Cristo\u201d (LG 1).<\/p>\n<p>Constituci\u00f3n sobre la divina revelaci\u00f3n: \u201cLa Palabra de Dios la escucha con devoci\u00f3n y la proclama con valent\u00eda el Santo Concilio, obedeciendo a aquellas palabras de Juan: \u2018Os anunciamos la vida eterna: que estaba junto al Padre y se nos manifest\u00f3. Lo que hemos visto y o\u00eddo os lo anunciamos para que tambi\u00e9n vosotros viv\u00e1is en esta uni\u00f3n nuestra, que nos une con el Padre y con su Hijo Jesucristo (1 Jn 1,2-3). Y as\u00ed, siguiendo las huellas de los Concilios Tridentino y Vaticano I, este Concilio quiere proponer la doctrina aut\u00e9ntica sobre la revelaci\u00f3n y su transmisi\u00f3n, para que todo el mundo, escuchando el mensaje de salvaci\u00f3n, crea, creyendo espere, esperando ame\u201d (DV 1).<\/p>\n<p>Constituci\u00f3n sobre la sagrada liturgia: \u201cEste sacrosanto Concilio se propone acrecentar de d\u00eda en d\u00eda entre los fieles la vida cristiana, adaptar mejor a las necesidades de nuestro tiempo las instituciones que est\u00e1n sujetas a cambio, promover todo aquello que pueda contribuir a la uni\u00f3n de cuantos creen en Jesucristo y fortalecer lo que sirve para invitar a todos los hombres al seno de la Iglesia. Por eso cree que le corresponde de un modo particular promover la reforma y el fomento de la liturgia\u201d (SC 1).<\/p>\n<p>Constituci\u00f3n sobre la Iglesia en el mundo actual: \u201cLos gozos y las esperanzas, las tristezas y las angustias de los hombres de nuestro tiempo, sobre todo de los pobres y de cuantos sufren, son a la vez gozos y esperanzas, tristezas y angustias de los disc\u00edpulos de Cristo. Nada hay verdaderamente humano que no encuentre eco en su coraz\u00f3n. La comunidad cristiana est\u00e1 integrada por hombres que, reunidos en Cristo, son guiados por el Esp\u00edritu Santo en su peregrinar hacia el Reino del Padre y ha recibido la buena nueva de la salvaci\u00f3n para comunicarla a todos. La Iglesia por ello se siente \u00edntima y realmente solidaria del g\u00e9nero humano y de su historia\u201d (GS 1).<\/p>\n<p><strong>ACTUAR<\/strong><\/p>\n<p>Si quieres seguir el camino de Jes\u00fas, medita estos documentos, inspirados por el Esp\u00edritu Santo, ora con ellos y descubre qu\u00e9 senderos te propone la Iglesia para vivir con m\u00e1s profundidad la Palabra de Dios, y as\u00ed colaborar a la vida plena de la humanidad.<\/p>\n","protected":false},"excerpt":{"rendered":"<p>Han pasado 60 a\u00f1os y muchos no lo conocen<\/p>\n","protected":false},"author":24,"featured_media":64144,"comment_status":"closed","ping_status":"closed","sticky":false,"template":"","format":"standard","meta":{"_acf_changed":false,"_crdt_document":"","inline_featured_image":false,"footnotes":""},"categories":[130],"tags":[3727,2998,4467,2517,4953],"class_list":["post-64143","post","type-post","status-publish","format-standard","has-post-thumbnail","hentry","category-voces","tag-cardenal-felipe-arizmendi","tag-concilio-vaticano-ii","tag-san-juan-xxiii","tag-san-pablo-vi","tag-trending-es"],"acf":[],"yoast_head":"<!-- This site is optimized with the Yoast SEO plugin v27.5 - https:\/\/yoast.com\/product\/yoast-seo-wordpress\/ -->\n<title>Cardenal Arizmendi: El Concilio Vaticano II &#8211; Exaudi<\/title>\n<meta name=\"robots\" content=\"index, follow, max-snippet:-1, max-image-preview:large, max-video-preview:-1\" \/>\n<link rel=\"canonical\" href=\"https:\/\/exaudi.org\/es\/cardenal-arizmendi-el-concilio-vaticano-ii\/\" \/>\n<meta property=\"og:locale\" content=\"es_ES\" \/>\n<meta property=\"og:type\" content=\"article\" \/>\n<meta property=\"og:title\" content=\"Cardenal Arizmendi: El Concilio Vaticano II &#8211; Exaudi\" \/>\n<meta property=\"og:description\" content=\"Han pasado 60 a\u00f1os y muchos no lo conocen\" \/>\n<meta property=\"og:url\" content=\"https:\/\/exaudi.org\/es\/cardenal-arizmendi-el-concilio-vaticano-ii\/\" \/>\n<meta property=\"og:site_name\" content=\"Exaudi\" \/>\n<meta property=\"article:publisher\" content=\"https:\/\/www.facebook.com\/ExaudiNews\" \/>\n<meta property=\"article:published_time\" content=\"2022-10-19T14:26:27+00:00\" \/>\n<meta property=\"article:modified_time\" content=\"2022-10-19T14:54:11+00:00\" \/>\n<meta property=\"og:image\" content=\"https:\/\/exaudi.org\/wp-content\/uploads\/2022\/10\/Concilio-Vaticano-II.jpeg\" \/>\n\t<meta property=\"og:image:width\" content=\"1280\" \/>\n\t<meta property=\"og:image:height\" content=\"720\" \/>\n\t<meta property=\"og:image:type\" content=\"image\/jpeg\" \/>\n<meta name=\"author\" content=\"Cardenal Felipe Arizmendi\" \/>\n<meta name=\"twitter:card\" content=\"summary_large_image\" \/>\n<meta name=\"twitter:creator\" content=\"@Exaudi_News\" \/>\n<meta name=\"twitter:site\" content=\"@Exaudi_News\" \/>\n<meta name=\"twitter:label1\" content=\"Escrito por\" \/>\n\t<meta name=\"twitter:data1\" content=\"Cardenal Felipe Arizmendi\" \/>\n\t<meta name=\"twitter:label2\" content=\"Tiempo de lectura\" \/>\n\t<meta name=\"twitter:data2\" content=\"5 minutos\" \/>\n<script type=\"application\/ld+json\" class=\"yoast-schema-graph\">{\"@context\":\"https:\\\/\\\/schema.org\",\"@graph\":[{\"@type\":\"Article\",\"@id\":\"https:\\\/\\\/exaudi.org\\\/es\\\/cardenal-arizmendi-el-concilio-vaticano-ii\\\/#article\",\"isPartOf\":{\"@id\":\"https:\\\/\\\/exaudi.org\\\/es\\\/cardenal-arizmendi-el-concilio-vaticano-ii\\\/\"},\"author\":{\"name\":\"Cardenal Felipe Arizmendi\",\"@id\":\"https:\\\/\\\/exaudi.org\\\/#\\\/schema\\\/person\\\/c7d223f87e58f1105d044d8da1439102\"},\"headline\":\"Cardenal Arizmendi: El Concilio Vaticano II\",\"datePublished\":\"2022-10-19T14:26:27+00:00\",\"dateModified\":\"2022-10-19T14:54:11+00:00\",\"mainEntityOfPage\":{\"@id\":\"https:\\\/\\\/exaudi.org\\\/es\\\/cardenal-arizmendi-el-concilio-vaticano-ii\\\/\"},\"wordCount\":1119,\"image\":{\"@id\":\"https:\\\/\\\/exaudi.org\\\/es\\\/cardenal-arizmendi-el-concilio-vaticano-ii\\\/#primaryimage\"},\"thumbnailUrl\":\"https:\\\/\\\/exaudi.org\\\/wp-content\\\/uploads\\\/2022\\\/10\\\/Concilio-Vaticano-II.jpeg\",\"keywords\":[\"Cardenal Felipe Arizmendi\",\"Concilio Vaticano II\",\"San Juan XXIII\",\"San Pablo VI\",\"Trending\"],\"articleSection\":[\"Voces\"],\"inLanguage\":\"es\"},{\"@type\":\"WebPage\",\"@id\":\"https:\\\/\\\/exaudi.org\\\/es\\\/cardenal-arizmendi-el-concilio-vaticano-ii\\\/\",\"url\":\"https:\\\/\\\/exaudi.org\\\/es\\\/cardenal-arizmendi-el-concilio-vaticano-ii\\\/\",\"name\":\"Cardenal Arizmendi: El Concilio Vaticano II &#8211; Exaudi\",\"isPartOf\":{\"@id\":\"https:\\\/\\\/exaudi.org\\\/#website\"},\"primaryImageOfPage\":{\"@id\":\"https:\\\/\\\/exaudi.org\\\/es\\\/cardenal-arizmendi-el-concilio-vaticano-ii\\\/#primaryimage\"},\"image\":{\"@id\":\"https:\\\/\\\/exaudi.org\\\/es\\\/cardenal-arizmendi-el-concilio-vaticano-ii\\\/#primaryimage\"},\"thumbnailUrl\":\"https:\\\/\\\/exaudi.org\\\/wp-content\\\/uploads\\\/2022\\\/10\\\/Concilio-Vaticano-II.jpeg\",\"datePublished\":\"2022-10-19T14:26:27+00:00\",\"dateModified\":\"2022-10-19T14:54:11+00:00\",\"author\":{\"@id\":\"https:\\\/\\\/exaudi.org\\\/#\\\/schema\\\/person\\\/c7d223f87e58f1105d044d8da1439102\"},\"breadcrumb\":{\"@id\":\"https:\\\/\\\/exaudi.org\\\/es\\\/cardenal-arizmendi-el-concilio-vaticano-ii\\\/#breadcrumb\"},\"inLanguage\":\"es\",\"potentialAction\":[{\"@type\":\"ReadAction\",\"target\":[\"https:\\\/\\\/exaudi.org\\\/es\\\/cardenal-arizmendi-el-concilio-vaticano-ii\\\/\"]}]},{\"@type\":\"ImageObject\",\"inLanguage\":\"es\",\"@id\":\"https:\\\/\\\/exaudi.org\\\/es\\\/cardenal-arizmendi-el-concilio-vaticano-ii\\\/#primaryimage\",\"url\":\"https:\\\/\\\/exaudi.org\\\/wp-content\\\/uploads\\\/2022\\\/10\\\/Concilio-Vaticano-II.jpeg\",\"contentUrl\":\"https:\\\/\\\/exaudi.org\\\/wp-content\\\/uploads\\\/2022\\\/10\\\/Concilio-Vaticano-II.jpeg\",\"width\":1280,\"height\":720,\"caption\":\"Concilio Vaticano II \u00a9 Vatican Media\"},{\"@type\":\"BreadcrumbList\",\"@id\":\"https:\\\/\\\/exaudi.org\\\/es\\\/cardenal-arizmendi-el-concilio-vaticano-ii\\\/#breadcrumb\",\"itemListElement\":[{\"@type\":\"ListItem\",\"position\":1,\"name\":\"Portada\",\"item\":\"https:\\\/\\\/exaudi.org\\\/es\\\/\"},{\"@type\":\"ListItem\",\"position\":2,\"name\":\"Cardenal Arizmendi: El Concilio Vaticano II\"}]},{\"@type\":\"WebSite\",\"@id\":\"https:\\\/\\\/exaudi.org\\\/#website\",\"url\":\"https:\\\/\\\/exaudi.org\\\/\",\"name\":\"Exaudi\",\"description\":\"News\",\"potentialAction\":[{\"@type\":\"SearchAction\",\"target\":{\"@type\":\"EntryPoint\",\"urlTemplate\":\"https:\\\/\\\/exaudi.org\\\/?s={search_term_string}\"},\"query-input\":{\"@type\":\"PropertyValueSpecification\",\"valueRequired\":true,\"valueName\":\"search_term_string\"}}],\"inLanguage\":\"es\"},{\"@type\":\"Person\",\"@id\":\"https:\\\/\\\/exaudi.org\\\/#\\\/schema\\\/person\\\/c7d223f87e58f1105d044d8da1439102\",\"name\":\"Cardenal Felipe Arizmendi\",\"image\":{\"@type\":\"ImageObject\",\"inLanguage\":\"es\",\"@id\":\"https:\\\/\\\/secure.gravatar.com\\\/avatar\\\/4ffc5520d896b86d39346168903de33a17ef0f23d16de0ff45062c1ff422ed2f?s=96&d=mm&r=g\",\"url\":\"https:\\\/\\\/secure.gravatar.com\\\/avatar\\\/4ffc5520d896b86d39346168903de33a17ef0f23d16de0ff45062c1ff422ed2f?s=96&d=mm&r=g\",\"contentUrl\":\"https:\\\/\\\/secure.gravatar.com\\\/avatar\\\/4ffc5520d896b86d39346168903de33a17ef0f23d16de0ff45062c1ff422ed2f?s=96&d=mm&r=g\",\"caption\":\"Cardenal Felipe Arizmendi\"},\"description\":\"Nacido en Chiltepec el 1 de mayo de 1940. Estudi\u00f3 Humanidades y Filosof\u00eda en el Seminario de Toluca, de 1952 a 1959. Curs\u00f3 la Teolog\u00eda en la Universidad Pontificia de Salamanca, Espa\u00f1a, de 1959 a 1963, obteniendo la licenciatura en Teolog\u00eda Dogm\u00e1tica. Por su cuenta, se especializ\u00f3 en Liturgia. Fue ordenado sacerdote el 25 de agosto de 1963 en Toluca. Sirvi\u00f3 como Vicario Parroquial en tres parroquias por tres a\u00f1os y medio y fue p\u00e1rroco de una comunidad ind\u00edgena otom\u00ed, de 1967 a 1970. Fue Director Espiritual del Seminario de Toluca por diez a\u00f1os, y Rector del mismo de 1981 a 1991. El 7 de marzo de 1991, fue ordenado obispo de la di\u00f3cesis de Tapachula, donde estuvo hasta el 30 de abril del a\u00f1o 2000. El 1 de mayo del 2000, inici\u00f3 su ministerio episcopal como XLVI obispo de la di\u00f3cesis de San Crist\u00f3bal de las Casas, Chiapas, una de las di\u00f3cesis m\u00e1s antiguas de M\u00e9xico, erigida en 1539; all\u00ed sirvi\u00f3 por casi 18 a\u00f1os. Ha ocupado diversos cargos en la Conferencia del Episcopado Mexicano y en el CELAM. El 3 de noviembre de 2017, el Papa Francisco le acept\u00f3, por edad, su renuncia al servicio episcopal en esta di\u00f3cesis, que entreg\u00f3 a su sucesor el 3 de enero de 2018. Desde entonces, reside en la ciudad de Toluca. Desde 1979, escribe art\u00edculos de actualidad en varios medios religiosos y civiles. Es autor de varias publicaciones.\",\"url\":\"https:\\\/\\\/exaudi.org\\\/es\\\/author\\\/felipearizmendi\\\/\"}]}<\/script>\n<!-- \/ Yoast SEO plugin. -->","yoast_head_json":{"title":"Cardenal Arizmendi: El Concilio Vaticano II &#8211; Exaudi","robots":{"index":"index","follow":"follow","max-snippet":"max-snippet:-1","max-image-preview":"max-image-preview:large","max-video-preview":"max-video-preview:-1"},"canonical":"https:\/\/exaudi.org\/es\/cardenal-arizmendi-el-concilio-vaticano-ii\/","og_locale":"es_ES","og_type":"article","og_title":"Cardenal Arizmendi: El Concilio Vaticano II &#8211; Exaudi","og_description":"Han pasado 60 a\u00f1os y muchos no lo conocen","og_url":"https:\/\/exaudi.org\/es\/cardenal-arizmendi-el-concilio-vaticano-ii\/","og_site_name":"Exaudi","article_publisher":"https:\/\/www.facebook.com\/ExaudiNews","article_published_time":"2022-10-19T14:26:27+00:00","article_modified_time":"2022-10-19T14:54:11+00:00","og_image":[{"width":1280,"height":720,"url":"https:\/\/exaudi.org\/wp-content\/uploads\/2022\/10\/Concilio-Vaticano-II.jpeg","type":"image\/jpeg"}],"author":"Cardenal Felipe Arizmendi","twitter_card":"summary_large_image","twitter_creator":"@Exaudi_News","twitter_site":"@Exaudi_News","twitter_misc":{"Escrito por":"Cardenal Felipe Arizmendi","Tiempo de lectura":"5 minutos"},"schema":{"@context":"https:\/\/schema.org","@graph":[{"@type":"Article","@id":"https:\/\/exaudi.org\/es\/cardenal-arizmendi-el-concilio-vaticano-ii\/#article","isPartOf":{"@id":"https:\/\/exaudi.org\/es\/cardenal-arizmendi-el-concilio-vaticano-ii\/"},"author":{"name":"Cardenal Felipe Arizmendi","@id":"https:\/\/exaudi.org\/#\/schema\/person\/c7d223f87e58f1105d044d8da1439102"},"headline":"Cardenal Arizmendi: El Concilio Vaticano II","datePublished":"2022-10-19T14:26:27+00:00","dateModified":"2022-10-19T14:54:11+00:00","mainEntityOfPage":{"@id":"https:\/\/exaudi.org\/es\/cardenal-arizmendi-el-concilio-vaticano-ii\/"},"wordCount":1119,"image":{"@id":"https:\/\/exaudi.org\/es\/cardenal-arizmendi-el-concilio-vaticano-ii\/#primaryimage"},"thumbnailUrl":"https:\/\/exaudi.org\/wp-content\/uploads\/2022\/10\/Concilio-Vaticano-II.jpeg","keywords":["Cardenal Felipe Arizmendi","Concilio Vaticano II","San Juan XXIII","San Pablo VI","Trending"],"articleSection":["Voces"],"inLanguage":"es"},{"@type":"WebPage","@id":"https:\/\/exaudi.org\/es\/cardenal-arizmendi-el-concilio-vaticano-ii\/","url":"https:\/\/exaudi.org\/es\/cardenal-arizmendi-el-concilio-vaticano-ii\/","name":"Cardenal Arizmendi: El Concilio Vaticano II &#8211; Exaudi","isPartOf":{"@id":"https:\/\/exaudi.org\/#website"},"primaryImageOfPage":{"@id":"https:\/\/exaudi.org\/es\/cardenal-arizmendi-el-concilio-vaticano-ii\/#primaryimage"},"image":{"@id":"https:\/\/exaudi.org\/es\/cardenal-arizmendi-el-concilio-vaticano-ii\/#primaryimage"},"thumbnailUrl":"https:\/\/exaudi.org\/wp-content\/uploads\/2022\/10\/Concilio-Vaticano-II.jpeg","datePublished":"2022-10-19T14:26:27+00:00","dateModified":"2022-10-19T14:54:11+00:00","author":{"@id":"https:\/\/exaudi.org\/#\/schema\/person\/c7d223f87e58f1105d044d8da1439102"},"breadcrumb":{"@id":"https:\/\/exaudi.org\/es\/cardenal-arizmendi-el-concilio-vaticano-ii\/#breadcrumb"},"inLanguage":"es","potentialAction":[{"@type":"ReadAction","target":["https:\/\/exaudi.org\/es\/cardenal-arizmendi-el-concilio-vaticano-ii\/"]}]},{"@type":"ImageObject","inLanguage":"es","@id":"https:\/\/exaudi.org\/es\/cardenal-arizmendi-el-concilio-vaticano-ii\/#primaryimage","url":"https:\/\/exaudi.org\/wp-content\/uploads\/2022\/10\/Concilio-Vaticano-II.jpeg","contentUrl":"https:\/\/exaudi.org\/wp-content\/uploads\/2022\/10\/Concilio-Vaticano-II.jpeg","width":1280,"height":720,"caption":"Concilio Vaticano II \u00a9 Vatican Media"},{"@type":"BreadcrumbList","@id":"https:\/\/exaudi.org\/es\/cardenal-arizmendi-el-concilio-vaticano-ii\/#breadcrumb","itemListElement":[{"@type":"ListItem","position":1,"name":"Portada","item":"https:\/\/exaudi.org\/es\/"},{"@type":"ListItem","position":2,"name":"Cardenal Arizmendi: El Concilio Vaticano II"}]},{"@type":"WebSite","@id":"https:\/\/exaudi.org\/#website","url":"https:\/\/exaudi.org\/","name":"Exaudi","description":"News","potentialAction":[{"@type":"SearchAction","target":{"@type":"EntryPoint","urlTemplate":"https:\/\/exaudi.org\/?s={search_term_string}"},"query-input":{"@type":"PropertyValueSpecification","valueRequired":true,"valueName":"search_term_string"}}],"inLanguage":"es"},{"@type":"Person","@id":"https:\/\/exaudi.org\/#\/schema\/person\/c7d223f87e58f1105d044d8da1439102","name":"Cardenal Felipe Arizmendi","image":{"@type":"ImageObject","inLanguage":"es","@id":"https:\/\/secure.gravatar.com\/avatar\/4ffc5520d896b86d39346168903de33a17ef0f23d16de0ff45062c1ff422ed2f?s=96&d=mm&r=g","url":"https:\/\/secure.gravatar.com\/avatar\/4ffc5520d896b86d39346168903de33a17ef0f23d16de0ff45062c1ff422ed2f?s=96&d=mm&r=g","contentUrl":"https:\/\/secure.gravatar.com\/avatar\/4ffc5520d896b86d39346168903de33a17ef0f23d16de0ff45062c1ff422ed2f?s=96&d=mm&r=g","caption":"Cardenal Felipe Arizmendi"},"description":"Nacido en Chiltepec el 1 de mayo de 1940. Estudi\u00f3 Humanidades y Filosof\u00eda en el Seminario de Toluca, de 1952 a 1959. Curs\u00f3 la Teolog\u00eda en la Universidad Pontificia de Salamanca, Espa\u00f1a, de 1959 a 1963, obteniendo la licenciatura en Teolog\u00eda Dogm\u00e1tica. Por su cuenta, se especializ\u00f3 en Liturgia. Fue ordenado sacerdote el 25 de agosto de 1963 en Toluca. Sirvi\u00f3 como Vicario Parroquial en tres parroquias por tres a\u00f1os y medio y fue p\u00e1rroco de una comunidad ind\u00edgena otom\u00ed, de 1967 a 1970. Fue Director Espiritual del Seminario de Toluca por diez a\u00f1os, y Rector del mismo de 1981 a 1991. El 7 de marzo de 1991, fue ordenado obispo de la di\u00f3cesis de Tapachula, donde estuvo hasta el 30 de abril del a\u00f1o 2000. El 1 de mayo del 2000, inici\u00f3 su ministerio episcopal como XLVI obispo de la di\u00f3cesis de San Crist\u00f3bal de las Casas, Chiapas, una de las di\u00f3cesis m\u00e1s antiguas de M\u00e9xico, erigida en 1539; all\u00ed sirvi\u00f3 por casi 18 a\u00f1os. Ha ocupado diversos cargos en la Conferencia del Episcopado Mexicano y en el CELAM. El 3 de noviembre de 2017, el Papa Francisco le acept\u00f3, por edad, su renuncia al servicio episcopal en esta di\u00f3cesis, que entreg\u00f3 a su sucesor el 3 de enero de 2018. Desde entonces, reside en la ciudad de Toluca. Desde 1979, escribe art\u00edculos de actualidad en varios medios religiosos y civiles. Es autor de varias publicaciones.","url":"https:\/\/exaudi.org\/es\/author\/felipearizmendi\/"}]}},"jetpack_featured_media_url":"https:\/\/exaudi.org\/wp-content\/uploads\/2022\/10\/Concilio-Vaticano-II.jpeg","jetpack_shortlink":"https:\/\/wp.me\/pgKjF2-gGz","_links":{"self":[{"href":"https:\/\/exaudi.org\/es\/wp-json\/wp\/v2\/posts\/64143","targetHints":{"allow":["GET"]}}],"collection":[{"href":"https:\/\/exaudi.org\/es\/wp-json\/wp\/v2\/posts"}],"about":[{"href":"https:\/\/exaudi.org\/es\/wp-json\/wp\/v2\/types\/post"}],"author":[{"embeddable":true,"href":"https:\/\/exaudi.org\/es\/wp-json\/wp\/v2\/users\/24"}],"replies":[{"embeddable":true,"href":"https:\/\/exaudi.org\/es\/wp-json\/wp\/v2\/comments?post=64143"}],"version-history":[{"count":0,"href":"https:\/\/exaudi.org\/es\/wp-json\/wp\/v2\/posts\/64143\/revisions"}],"wp:featuredmedia":[{"embeddable":true,"href":"https:\/\/exaudi.org\/es\/wp-json\/wp\/v2\/media\/64144"}],"wp:attachment":[{"href":"https:\/\/exaudi.org\/es\/wp-json\/wp\/v2\/media?parent=64143"}],"wp:term":[{"taxonomy":"category","embeddable":true,"href":"https:\/\/exaudi.org\/es\/wp-json\/wp\/v2\/categories?post=64143"},{"taxonomy":"post_tag","embeddable":true,"href":"https:\/\/exaudi.org\/es\/wp-json\/wp\/v2\/tags?post=64143"}],"curies":[{"name":"wp","href":"https:\/\/api.w.org\/{rel}","templated":true}]}}