{"id":64056,"date":"2022-10-17T16:41:14","date_gmt":"2022-10-17T14:41:14","guid":{"rendered":"https:\/\/exaudi.org\/?p=64056"},"modified":"2022-10-17T16:52:17","modified_gmt":"2022-10-17T14:52:17","slug":"papa-a-empresarios-transformar-con-creatividad-el-rostro-de-la-economia","status":"publish","type":"post","link":"https:\/\/exaudi.org\/es\/papa-a-empresarios-transformar-con-creatividad-el-rostro-de-la-economia\/","title":{"rendered":"El Papa a empresarios: Transformar \u201ccon creatividad el rostro de la econom\u00eda\u201d"},"content":{"rendered":"<p>El Papa Francisco ha animado a un grupo de empresarios de Espa\u00f1a \u201ca seguir transformando con creatividad el rostro de la econom\u00eda, para que est\u00e9 m\u00e1s atenta a los principios \u00e9ticos (cf. Carta enc. <em>Laudato si\u2019<\/em>, 189) y no se olvide de que su actividad est\u00e1 al servicio del ser humano, no s\u00f3lo de unos pocos sino de todos, especialmente de los pobres\u201d, ha indicado<\/p>\n<p>En la ma\u00f1ana de hoy, 17 de octubre de 2022, en el Palacio Apost\u00f3lico Vaticano, el Santo Padre \u00a0ha recibido en audiencia a miembros de la Confederaci\u00f3n Espa\u00f1ola de Asociaciones de J\u00f3venes Empresarios y de la Confederaci\u00f3n de Empresarios de Galicia.<\/p>\n<p>En sus palabras, Francisco comparti\u00f3 con ellos 3 ideas \u201cque me parecen<strong>\u00a0<\/strong>oportunas para su caminar como emprendedores\u201d:\u00a0la\u00a0profec\u00eda, el cuidado de la relaci\u00f3n con Dios y el trabajo y la pobreza.<\/p>\n<p>A continuaci\u00f3n, sigue el discurso completo del Santo Padre.<\/p>\n<p>***<\/p>\n<h2><strong>Discurso del Santo Padre<\/strong><\/h2>\n<p>Saludo cordialmente a ustedes, queridos hermanos y hermanas, miembros de la Confederaci\u00f3n Espa\u00f1ola de Asociaciones de J\u00f3venes Empresarios y de la Confederaci\u00f3n de Empresarios de Galicia<strong>\u00a0<\/strong>\u2014son todos j\u00f3venes por lo que veo, lo cual es muy bueno\u2014, y les agradezco las amables palabras que me dirigieron. Su presencia aqu\u00ed es un signo de esperanza.<\/p>\n<p>Nos toca una \u00e9poca con notorios desequilibrios sea econ\u00f3micos y sociales. El <a href=\"https:\/\/www.vatican.va\/archive\/hist_councils\/ii_vatican_council\/index_sp.htm\" target=\"_blank\" rel=\"noopener\">Concilio Vaticano II<\/a> ya hab\u00eda afirmado que \u201cel lujo pulula junto a la miseria \u2014estoy citando\u2014. Y mientras unos pocos disponen de un poder ampl\u00edsimo de decisi\u00f3n, muchos carecen de toda iniciativa y de toda responsabilidad, viviendo con frecuencia en condiciones de vida y de trabajo indignas de la persona humana\u201d (Const. past.\u00a0<em>Gaudium et Spes<\/em>, 63). En este contexto, es apremiante proponer una econom\u00eda adecuada para contribuir a resolver las grandes problem\u00e1ticas que vivimos a nivel mundial.<\/p>\n<p>Quisiera compartirles tres ideas que me parecen<strong>\u00a0<\/strong>oportunas para su caminar como emprendedores. En primer lugar, est\u00e1\u00a0<em>la<\/em>\u00a0<em>profec\u00eda.<\/em>\u00a0\u00bfC\u00f3mo, Padre, \u00bfqu\u00e9 dijo? \u00bfLa profec\u00eda? \u00bfQu\u00e9 tiene que ver con la empresa la profec\u00eda? Yo se las propongo. En la Biblia el profeta es aquel que habla en nombre de Dios, que transmite su mensaje, y a trav\u00e9s del cual favorece un cambio en su entorno. Por ejemplo, Am\u00f3s, el profeta de la \u201cjusticia\u201d, denunciaba ya en el siglo VII a.C. el ansia de lujo y enriquecimiento de los poderosos en el pueblo de Israel, que beneficiaba s\u00f3lo a un sector que pod\u00eda, mientras la gran mayor\u00eda del pueblo estaba oprimido, hambriento, pasando necesidad. En un contexto tan complejo como el actual, caracterizado por la guerra y la crisis ambiental, a ustedes les toca realizar<strong>\u00a0<\/strong>su servicio, digamos, como profetas que anuncien y edifiquen la casa com\u00fan, respetando todas las formas de vida, interes\u00e1ndose por el bien de todos y fomentando la paz. Sin profec\u00eda, la econom\u00eda, y en general toda la acci\u00f3n humana, est\u00e1 ciega. Porque esa radica en s\u00ed misma, \u00bfno?, cuando no se enferma y se transforma en finanza, y cuando la econom\u00eda se transforma en finanza, ya todo se vuelve l\u00edquido o gaseoso y termina como la cadena de san Antonio, que uno no sabe cu\u00e1nto hay ac\u00e1,\u00a0<em>cuanto hay all\u00e1<\/em>, porque no se toca y es todo gaseoso.<strong>\u00a0<\/strong>Una dirigente financiera econ\u00f3mica a nivel mundial, un d\u00eda charlando conmigo, me dijo que ella hab\u00eda procurado \u2014ocupaba un puesto muy alto\u2014 hacer un encuentro entre econom\u00eda, humanismo y religi\u00f3n, y que hab\u00eda estado muy bien. Intent\u00f3 hacer lo mismo con finanza, humanismo y religi\u00f3n, y no encontraron salida. Eso me hace pensar mucho, \u00bfno?<\/p>\n<p>El segundo aspecto se refiere al\u00a0<em>cuidado de la relaci\u00f3n con Dios<\/em>. Primero la profec\u00eda, segundo, cuidado de la relaci\u00f3n con Dios. Como la tierra, cuando es bien cultivada y cuidada, da abundantes frutos, as\u00ed tambi\u00e9n nosotros, cuando cultivamos la salud espiritual, cuando tenemos una relaci\u00f3n bien cuidada con el Se\u00f1or, comenzamos a dar muchos frutos buenos. El profeta<strong>\u00a0<\/strong>Am\u00f3s recalca \u201cbusquen al Se\u00f1or y vivir\u00e1n, [\u2026] busquen el bien y no el mal, y as\u00ed el Se\u00f1or [\u2026] estar\u00e1 con ustedes\u201d (5,6.14). La heroicidad que el mundo necesita hoy por parte de ustedes, s\u00f3lo puede ser sostenible si hay ra\u00edces fuertes. Preguntarse, \u00bfc\u00f3mo est\u00e1n mis ra\u00edces? Lo cual no quiere decir volver atr\u00e1s, no. Las ra\u00edces para poder crecer mejor. Que sea una armon\u00eda entre las ra\u00edces, el tronco, los frutos.<strong>\u00a0<\/strong>La conversi\u00f3n econ\u00f3mica ser\u00e1 posible cuando vivamos una conversi\u00f3n del coraz\u00f3n; cuando seamos capaces de pensar m\u00e1s en los necesitados; cuando aprendamos a anteponer el bien com\u00fan al bien individual; cuando entendamos que la carest\u00eda de amor y justicia en nuestras relaciones son consecuencia de un descuido de nuestra relaci\u00f3n con el Creador, y esto repercute tambi\u00e9n en nuestra casa com\u00fan. Entonces, y quiz\u00e1s s\u00f3lo en ese momento, podremos dar marcha atr\u00e1s a las acciones perjudiciales que est\u00e1n preparando un futuro triste para las nuevas generaciones. Recuerden que cultivar la relaci\u00f3n con el Se\u00f1or hace posible tener ra\u00edces fuertes que sostendr\u00e1n los proyectos que se deseen emprender.<\/p>\n<p>El tercer pensamiento que les comparto tiene que ver con\u00a0<em>el trabajo<\/em>\u00a0y\u00a0<em>la<\/em>\u00a0<em>pobreza<\/em>. De estos nos ha dado un importante testimonio san Francisco de As\u00eds, que llev\u00f3 adelante no s\u00f3lo la restauraci\u00f3n de la capilla de san Dami\u00e1n, sino que, sobre todo, contribuy\u00f3 a restaurar la Iglesia de su tiempo. Concretamente, lo hizo con el amor que tuvo hacia los pobres y con su forma austera de vivir. Con los valores del trabajo y la pobreza, que implican la confianza completa en Dios y no en las cosas, se puede crear una econom\u00eda que reconcilie entre s\u00ed todos los miembros de las diversas etapas de producci\u00f3n, sin que se desprecien mutuamente, sin que se creen mayores injusticias o se viva una fr\u00eda indiferencia. Por otro lado, esto no quiere decir que se ame la miseria, la cual, por el contrario, tiene que ser combatida, y para ello ustedes tienen los buenos instrumentos, como la posibilidad de crear empleos, y contribuir as\u00ed a dignificar a sus pr\u00f3jimos. Pues por medio del trabajo, el Se\u00f1or \u201clevanta del polvo al desvalido, alza de la basura al pobre (<em>Sal<\/em>\u00a0113,7). De manera que aqu\u00ed tenemos un remedio para combatir la enfermedad de la miseria: el trabajo y el amor a los pobres. Sean creativos en la planificaci\u00f3n del trabajo, sean creativos y eso les va a dar mucha m\u00e1s fuerza.<\/p>\n<p>Los animo a seguir transformando con creatividad el rostro de la econom\u00eda, para que est\u00e9 m\u00e1s atenta a los principios \u00e9ticos (cf. Carta enc.\u00a0<em>Laudato si\u2019<\/em>, 189) y no se olvide de que su actividad est\u00e1 al servicio del ser humano, no s\u00f3lo de unos pocos sino de todos, especialmente de los pobres. Adem\u00e1s, es importante que tome conciencia de que no est\u00e1 por encima de la naturaleza, sino que tiene que cuidar de ella, pues de esto dependen las generaciones futuras. Tu empresa debe tener, de alguna manera, un cuidado para no contaminar m\u00e1s la naturaleza, al contrario, ir abriendo caminos de sanaci\u00f3n. Uno de los grandes cient\u00edficos europeos en un encuentro que tuve hace seis meses, dijo: \u201cayer naci\u00f3 una nieta, y pens\u00e9, pobrecita, si las cosas siguen as\u00ed, dentro de treinta a\u00f1os, le tocar\u00e1 habitar un mundo inhabitable\u201d. Todav\u00eda est\u00e1 en nuestras manos cambiar esa tendencia de contaminaci\u00f3n que\u00a0<em>est\u00e1 destruyendo<\/em>\u00a0todo.<\/p>\n<p>Quisiera terminar mi mensaje, encomend\u00e1ndolos a la protecci\u00f3n de la Virgen Sant\u00edsima y de <a href=\"https:\/\/exaudi.org\/es\/san-jose-19-marzo-de-2021\/\">san Jos\u00e9<\/a>. Ellos supieron cuidar de su familia y de su casa con coraz\u00f3n de padres. Que ellos intercedan por ustedes, para que el Se\u00f1or les conceda tambi\u00e9n un amor maternal y paternal para cuidar de la familia humana, cuidar, y cuidar de la casa com\u00fan. Esta es una virtud de la que\u00a0<em>no se<\/em>\u00a0habla mucho cuando se dan clases de econom\u00eda \u2014est\u00e9n atentos\u2014: una de tus principales funciones es\u00a0<em>cuidar<\/em>, cuidar a los tuyos, cuidar a tu empresa, cuidar a tus empleados, cuidar la casa com\u00fan, cuidar todo, \u00bfno? El buen economista, el buen empresario cuida.<strong>\u00a0<\/strong>Que Dios los bendiga, que la Virgen los cuide. Y no se olviden de rezar por m\u00ed, que lo necesito. Gracias.<\/p>\n<p><strong>\u00a9 Librer\u00eda Editora Vaticana<\/strong><\/p>\n","protected":false},"excerpt":{"rendered":"<p>Discurso a miembros de la Confederaci\u00f3n Espa\u00f1ola de Asociaciones de J\u00f3venes Empresarios y de la Confederaci\u00f3n de Empresarios de Galicia<\/p>\n","protected":false},"author":15,"featured_media":64071,"comment_status":"closed","ping_status":"closed","sticky":false,"template":"","format":"standard","meta":{"_acf_changed":false,"_crdt_document":"","inline_featured_image":false,"footnotes":""},"categories":[124,68],"tags":[3742,7286,3134,1008,158,4953],"class_list":["post-64056","post","type-post","status-publish","format-standard","has-post-thumbnail","hentry","category-discursos","category-leon-xiv","tag-economia-es","tag-empresa","tag-empresarios","tag-espana","tag-papa-francisco","tag-trending-es"],"acf":[],"yoast_head":"<!-- This site is optimized with the Yoast SEO plugin v27.5 - https:\/\/yoast.com\/product\/yoast-seo-wordpress\/ -->\n<title>El Papa a empresarios: Transformar \u201ccon creatividad el rostro de la econom\u00eda\u201d &#8211; Exaudi<\/title>\n<meta name=\"description\" content=\"El Papa Francisco a empresarios espa\u00f1oles: \u201cLos animo a seguir transformando con creatividad el rostro de la econom\u00eda&quot;\" \/>\n<meta name=\"robots\" content=\"index, follow, max-snippet:-1, max-image-preview:large, max-video-preview:-1\" \/>\n<link rel=\"canonical\" href=\"https:\/\/exaudi.org\/es\/papa-a-empresarios-transformar-con-creatividad-el-rostro-de-la-economia\/\" \/>\n<meta property=\"og:locale\" content=\"es_ES\" \/>\n<meta property=\"og:type\" content=\"article\" \/>\n<meta property=\"og:title\" content=\"El Papa a empresarios: Transformar \u201ccon creatividad el rostro de la econom\u00eda\u201d &#8211; Exaudi\" \/>\n<meta property=\"og:description\" content=\"El Papa Francisco a empresarios espa\u00f1oles: \u201cLos animo a seguir transformando con creatividad el rostro de la econom\u00eda&quot;\" \/>\n<meta property=\"og:url\" content=\"https:\/\/exaudi.org\/es\/papa-a-empresarios-transformar-con-creatividad-el-rostro-de-la-economia\/\" \/>\n<meta property=\"og:site_name\" content=\"Exaudi\" \/>\n<meta property=\"article:publisher\" content=\"https:\/\/www.facebook.com\/ExaudiNews\" \/>\n<meta property=\"article:author\" content=\"https:\/\/www.facebook.com\/ExaudiNoticias\/\" \/>\n<meta property=\"article:published_time\" content=\"2022-10-17T14:41:14+00:00\" \/>\n<meta property=\"article:modified_time\" content=\"2022-10-17T14:52:17+00:00\" \/>\n<meta property=\"og:image\" content=\"https:\/\/exaudi.org\/wp-content\/uploads\/2022\/10\/DSC0082-3-scaled.jpg\" \/>\n\t<meta property=\"og:image:width\" content=\"2560\" \/>\n\t<meta property=\"og:image:height\" content=\"1707\" \/>\n\t<meta property=\"og:image:type\" content=\"image\/jpeg\" \/>\n<meta name=\"author\" content=\"Exaudi Redacci\u00f3n\" \/>\n<meta name=\"twitter:card\" content=\"summary_large_image\" \/>\n<meta name=\"twitter:creator\" content=\"@Exaudi_noticias\" \/>\n<meta name=\"twitter:site\" content=\"@Exaudi_News\" \/>\n<meta name=\"twitter:label1\" content=\"Escrito por\" \/>\n\t<meta name=\"twitter:data1\" content=\"Exaudi Redacci\u00f3n\" \/>\n\t<meta name=\"twitter:label2\" content=\"Tiempo de lectura\" \/>\n\t<meta name=\"twitter:data2\" content=\"7 minutos\" \/>\n<script type=\"application\/ld+json\" class=\"yoast-schema-graph\">{\"@context\":\"https:\\\/\\\/schema.org\",\"@graph\":[{\"@type\":\"Article\",\"@id\":\"https:\\\/\\\/exaudi.org\\\/es\\\/papa-a-empresarios-transformar-con-creatividad-el-rostro-de-la-economia\\\/#article\",\"isPartOf\":{\"@id\":\"https:\\\/\\\/exaudi.org\\\/es\\\/papa-a-empresarios-transformar-con-creatividad-el-rostro-de-la-economia\\\/\"},\"author\":{\"name\":\"Exaudi Redacci\u00f3n\",\"@id\":\"https:\\\/\\\/exaudi.org\\\/#\\\/schema\\\/person\\\/f5fc8f063065e38742da7afe15f25df7\"},\"headline\":\"El Papa a empresarios: Transformar \u201ccon creatividad el rostro de la econom\u00eda\u201d\",\"datePublished\":\"2022-10-17T14:41:14+00:00\",\"dateModified\":\"2022-10-17T14:52:17+00:00\",\"mainEntityOfPage\":{\"@id\":\"https:\\\/\\\/exaudi.org\\\/es\\\/papa-a-empresarios-transformar-con-creatividad-el-rostro-de-la-economia\\\/\"},\"wordCount\":1464,\"image\":{\"@id\":\"https:\\\/\\\/exaudi.org\\\/es\\\/papa-a-empresarios-transformar-con-creatividad-el-rostro-de-la-economia\\\/#primaryimage\"},\"thumbnailUrl\":\"https:\\\/\\\/exaudi.org\\\/wp-content\\\/uploads\\\/2022\\\/10\\\/DSC0082-3-scaled.jpg\",\"keywords\":[\"economia\",\"empresa\",\"Empresarios\",\"Espa\u00f1a\",\"papa francisco\",\"Trending\"],\"articleSection\":[\"Discursos\",\"Le\u00f3n XIV\"],\"inLanguage\":\"es\"},{\"@type\":\"WebPage\",\"@id\":\"https:\\\/\\\/exaudi.org\\\/es\\\/papa-a-empresarios-transformar-con-creatividad-el-rostro-de-la-economia\\\/\",\"url\":\"https:\\\/\\\/exaudi.org\\\/es\\\/papa-a-empresarios-transformar-con-creatividad-el-rostro-de-la-economia\\\/\",\"name\":\"El Papa a empresarios: Transformar \u201ccon creatividad el rostro de la econom\u00eda\u201d &#8211; Exaudi\",\"isPartOf\":{\"@id\":\"https:\\\/\\\/exaudi.org\\\/#website\"},\"primaryImageOfPage\":{\"@id\":\"https:\\\/\\\/exaudi.org\\\/es\\\/papa-a-empresarios-transformar-con-creatividad-el-rostro-de-la-economia\\\/#primaryimage\"},\"image\":{\"@id\":\"https:\\\/\\\/exaudi.org\\\/es\\\/papa-a-empresarios-transformar-con-creatividad-el-rostro-de-la-economia\\\/#primaryimage\"},\"thumbnailUrl\":\"https:\\\/\\\/exaudi.org\\\/wp-content\\\/uploads\\\/2022\\\/10\\\/DSC0082-3-scaled.jpg\",\"datePublished\":\"2022-10-17T14:41:14+00:00\",\"dateModified\":\"2022-10-17T14:52:17+00:00\",\"author\":{\"@id\":\"https:\\\/\\\/exaudi.org\\\/#\\\/schema\\\/person\\\/f5fc8f063065e38742da7afe15f25df7\"},\"description\":\"El Papa Francisco a empresarios espa\u00f1oles: \u201cLos animo a seguir transformando con creatividad el rostro de la econom\u00eda\\\"\",\"breadcrumb\":{\"@id\":\"https:\\\/\\\/exaudi.org\\\/es\\\/papa-a-empresarios-transformar-con-creatividad-el-rostro-de-la-economia\\\/#breadcrumb\"},\"inLanguage\":\"es\",\"potentialAction\":[{\"@type\":\"ReadAction\",\"target\":[\"https:\\\/\\\/exaudi.org\\\/es\\\/papa-a-empresarios-transformar-con-creatividad-el-rostro-de-la-economia\\\/\"]}]},{\"@type\":\"ImageObject\",\"inLanguage\":\"es\",\"@id\":\"https:\\\/\\\/exaudi.org\\\/es\\\/papa-a-empresarios-transformar-con-creatividad-el-rostro-de-la-economia\\\/#primaryimage\",\"url\":\"https:\\\/\\\/exaudi.org\\\/wp-content\\\/uploads\\\/2022\\\/10\\\/DSC0082-3-scaled.jpg\",\"contentUrl\":\"https:\\\/\\\/exaudi.org\\\/wp-content\\\/uploads\\\/2022\\\/10\\\/DSC0082-3-scaled.jpg\",\"width\":2560,\"height\":1707,\"caption\":\"Audiecia con empresarios j\u00f3venes de Espa\u00f1a, 17 octubre 2022\"},{\"@type\":\"BreadcrumbList\",\"@id\":\"https:\\\/\\\/exaudi.org\\\/es\\\/papa-a-empresarios-transformar-con-creatividad-el-rostro-de-la-economia\\\/#breadcrumb\",\"itemListElement\":[{\"@type\":\"ListItem\",\"position\":1,\"name\":\"Portada\",\"item\":\"https:\\\/\\\/exaudi.org\\\/es\\\/\"},{\"@type\":\"ListItem\",\"position\":2,\"name\":\"El Papa a empresarios: Transformar \u201ccon creatividad el rostro de la econom\u00eda\u201d\"}]},{\"@type\":\"WebSite\",\"@id\":\"https:\\\/\\\/exaudi.org\\\/#website\",\"url\":\"https:\\\/\\\/exaudi.org\\\/\",\"name\":\"Exaudi\",\"description\":\"News\",\"potentialAction\":[{\"@type\":\"SearchAction\",\"target\":{\"@type\":\"EntryPoint\",\"urlTemplate\":\"https:\\\/\\\/exaudi.org\\\/?s={search_term_string}\"},\"query-input\":{\"@type\":\"PropertyValueSpecification\",\"valueRequired\":true,\"valueName\":\"search_term_string\"}}],\"inLanguage\":\"es\"},{\"@type\":\"Person\",\"@id\":\"https:\\\/\\\/exaudi.org\\\/#\\\/schema\\\/person\\\/f5fc8f063065e38742da7afe15f25df7\",\"name\":\"Exaudi Redacci\u00f3n\",\"image\":{\"@type\":\"ImageObject\",\"inLanguage\":\"es\",\"@id\":\"https:\\\/\\\/secure.gravatar.com\\\/avatar\\\/fe0f6a059fb68d9b3e11bc5850dd4899b1c7492091a3cb6dd9b01b56ad828be2?s=96&d=mm&r=g\",\"url\":\"https:\\\/\\\/secure.gravatar.com\\\/avatar\\\/fe0f6a059fb68d9b3e11bc5850dd4899b1c7492091a3cb6dd9b01b56ad828be2?s=96&d=mm&r=g\",\"contentUrl\":\"https:\\\/\\\/secure.gravatar.com\\\/avatar\\\/fe0f6a059fb68d9b3e11bc5850dd4899b1c7492091a3cb6dd9b01b56ad828be2?s=96&d=mm&r=g\",\"caption\":\"Exaudi Redacci\u00f3n\"},\"description\":\"\u00bfQu\u00e9 es Exaudi News? Exaudi News es un medio de comunicaci\u00f3n cat\u00f3lico internacional que informa, forma y transforma, diariamente en espa\u00f1ol, ingl\u00e9s e italiano. A trav\u00e9s de noticias, art\u00edculos de an\u00e1lisis y transmisiones en directo de los eventos del Papa, Exaudi busca fortalecer la unidad de los cristianos y contribuir a la evangelizaci\u00f3n del mundo, siempre guiados por la doctrina social de la Iglesia. Trabajamos para acercar la verdad y los valores cristianos a cada rinc\u00f3n del planeta. \u00a1Ay\u00fadanos a transformar el mundo con Exaudi! En Exaudi creemos que la evangelizaci\u00f3n y la informaci\u00f3n de calidad pueden cambiar vidas. Para continuar con nuestra misi\u00f3n y expandir nuestro alcance, necesitamos tu ayuda. Adem\u00e1s, buscamos personas comprometidas que deseen unirse a nuestro equipo. Con tu apoyo, lograremos llegar a m\u00e1s personas, difundir el mensaje de Cristo y reforzar la unidad de los cristianos. \u00bfTe unes a nuestra misi\u00f3n? Para m\u00e1s informaci\u00f3n sobre c\u00f3mo colaborar, visita Exaudi.org\\\/es o cont\u00e1ctanos directamente: info@exaudi.org Exaudi: Informa, forma y transforma.\",\"sameAs\":[\"https:\\\/\\\/www.facebook.com\\\/ExaudiNoticias\\\/\",\"https:\\\/\\\/www.instagram.com\\\/exaudi_noticias\\\/\",\"https:\\\/\\\/x.com\\\/Exaudi_noticias\",\"https:\\\/\\\/www.youtube.com\\\/@exaudicatholicnews\"],\"url\":\"https:\\\/\\\/exaudi.org\\\/es\\\/author\\\/redaccionexaudi\\\/\"}]}<\/script>\n<!-- \/ Yoast SEO plugin. -->","yoast_head_json":{"title":"El Papa a empresarios: Transformar \u201ccon creatividad el rostro de la econom\u00eda\u201d &#8211; Exaudi","description":"El Papa Francisco a empresarios espa\u00f1oles: \u201cLos animo a seguir transformando con creatividad el rostro de la econom\u00eda\"","robots":{"index":"index","follow":"follow","max-snippet":"max-snippet:-1","max-image-preview":"max-image-preview:large","max-video-preview":"max-video-preview:-1"},"canonical":"https:\/\/exaudi.org\/es\/papa-a-empresarios-transformar-con-creatividad-el-rostro-de-la-economia\/","og_locale":"es_ES","og_type":"article","og_title":"El Papa a empresarios: Transformar \u201ccon creatividad el rostro de la econom\u00eda\u201d &#8211; Exaudi","og_description":"El Papa Francisco a empresarios espa\u00f1oles: \u201cLos animo a seguir transformando con creatividad el rostro de la econom\u00eda\"","og_url":"https:\/\/exaudi.org\/es\/papa-a-empresarios-transformar-con-creatividad-el-rostro-de-la-economia\/","og_site_name":"Exaudi","article_publisher":"https:\/\/www.facebook.com\/ExaudiNews","article_author":"https:\/\/www.facebook.com\/ExaudiNoticias\/","article_published_time":"2022-10-17T14:41:14+00:00","article_modified_time":"2022-10-17T14:52:17+00:00","og_image":[{"width":2560,"height":1707,"url":"https:\/\/exaudi.org\/wp-content\/uploads\/2022\/10\/DSC0082-3-scaled.jpg","type":"image\/jpeg"}],"author":"Exaudi Redacci\u00f3n","twitter_card":"summary_large_image","twitter_creator":"@Exaudi_noticias","twitter_site":"@Exaudi_News","twitter_misc":{"Escrito por":"Exaudi Redacci\u00f3n","Tiempo de lectura":"7 minutos"},"schema":{"@context":"https:\/\/schema.org","@graph":[{"@type":"Article","@id":"https:\/\/exaudi.org\/es\/papa-a-empresarios-transformar-con-creatividad-el-rostro-de-la-economia\/#article","isPartOf":{"@id":"https:\/\/exaudi.org\/es\/papa-a-empresarios-transformar-con-creatividad-el-rostro-de-la-economia\/"},"author":{"name":"Exaudi Redacci\u00f3n","@id":"https:\/\/exaudi.org\/#\/schema\/person\/f5fc8f063065e38742da7afe15f25df7"},"headline":"El Papa a empresarios: Transformar \u201ccon creatividad el rostro de la econom\u00eda\u201d","datePublished":"2022-10-17T14:41:14+00:00","dateModified":"2022-10-17T14:52:17+00:00","mainEntityOfPage":{"@id":"https:\/\/exaudi.org\/es\/papa-a-empresarios-transformar-con-creatividad-el-rostro-de-la-economia\/"},"wordCount":1464,"image":{"@id":"https:\/\/exaudi.org\/es\/papa-a-empresarios-transformar-con-creatividad-el-rostro-de-la-economia\/#primaryimage"},"thumbnailUrl":"https:\/\/exaudi.org\/wp-content\/uploads\/2022\/10\/DSC0082-3-scaled.jpg","keywords":["economia","empresa","Empresarios","Espa\u00f1a","papa francisco","Trending"],"articleSection":["Discursos","Le\u00f3n XIV"],"inLanguage":"es"},{"@type":"WebPage","@id":"https:\/\/exaudi.org\/es\/papa-a-empresarios-transformar-con-creatividad-el-rostro-de-la-economia\/","url":"https:\/\/exaudi.org\/es\/papa-a-empresarios-transformar-con-creatividad-el-rostro-de-la-economia\/","name":"El Papa a empresarios: Transformar \u201ccon creatividad el rostro de la econom\u00eda\u201d &#8211; Exaudi","isPartOf":{"@id":"https:\/\/exaudi.org\/#website"},"primaryImageOfPage":{"@id":"https:\/\/exaudi.org\/es\/papa-a-empresarios-transformar-con-creatividad-el-rostro-de-la-economia\/#primaryimage"},"image":{"@id":"https:\/\/exaudi.org\/es\/papa-a-empresarios-transformar-con-creatividad-el-rostro-de-la-economia\/#primaryimage"},"thumbnailUrl":"https:\/\/exaudi.org\/wp-content\/uploads\/2022\/10\/DSC0082-3-scaled.jpg","datePublished":"2022-10-17T14:41:14+00:00","dateModified":"2022-10-17T14:52:17+00:00","author":{"@id":"https:\/\/exaudi.org\/#\/schema\/person\/f5fc8f063065e38742da7afe15f25df7"},"description":"El Papa Francisco a empresarios espa\u00f1oles: \u201cLos animo a seguir transformando con creatividad el rostro de la econom\u00eda\"","breadcrumb":{"@id":"https:\/\/exaudi.org\/es\/papa-a-empresarios-transformar-con-creatividad-el-rostro-de-la-economia\/#breadcrumb"},"inLanguage":"es","potentialAction":[{"@type":"ReadAction","target":["https:\/\/exaudi.org\/es\/papa-a-empresarios-transformar-con-creatividad-el-rostro-de-la-economia\/"]}]},{"@type":"ImageObject","inLanguage":"es","@id":"https:\/\/exaudi.org\/es\/papa-a-empresarios-transformar-con-creatividad-el-rostro-de-la-economia\/#primaryimage","url":"https:\/\/exaudi.org\/wp-content\/uploads\/2022\/10\/DSC0082-3-scaled.jpg","contentUrl":"https:\/\/exaudi.org\/wp-content\/uploads\/2022\/10\/DSC0082-3-scaled.jpg","width":2560,"height":1707,"caption":"Audiecia con empresarios j\u00f3venes de Espa\u00f1a, 17 octubre 2022"},{"@type":"BreadcrumbList","@id":"https:\/\/exaudi.org\/es\/papa-a-empresarios-transformar-con-creatividad-el-rostro-de-la-economia\/#breadcrumb","itemListElement":[{"@type":"ListItem","position":1,"name":"Portada","item":"https:\/\/exaudi.org\/es\/"},{"@type":"ListItem","position":2,"name":"El Papa a empresarios: Transformar \u201ccon creatividad el rostro de la econom\u00eda\u201d"}]},{"@type":"WebSite","@id":"https:\/\/exaudi.org\/#website","url":"https:\/\/exaudi.org\/","name":"Exaudi","description":"News","potentialAction":[{"@type":"SearchAction","target":{"@type":"EntryPoint","urlTemplate":"https:\/\/exaudi.org\/?s={search_term_string}"},"query-input":{"@type":"PropertyValueSpecification","valueRequired":true,"valueName":"search_term_string"}}],"inLanguage":"es"},{"@type":"Person","@id":"https:\/\/exaudi.org\/#\/schema\/person\/f5fc8f063065e38742da7afe15f25df7","name":"Exaudi Redacci\u00f3n","image":{"@type":"ImageObject","inLanguage":"es","@id":"https:\/\/secure.gravatar.com\/avatar\/fe0f6a059fb68d9b3e11bc5850dd4899b1c7492091a3cb6dd9b01b56ad828be2?s=96&d=mm&r=g","url":"https:\/\/secure.gravatar.com\/avatar\/fe0f6a059fb68d9b3e11bc5850dd4899b1c7492091a3cb6dd9b01b56ad828be2?s=96&d=mm&r=g","contentUrl":"https:\/\/secure.gravatar.com\/avatar\/fe0f6a059fb68d9b3e11bc5850dd4899b1c7492091a3cb6dd9b01b56ad828be2?s=96&d=mm&r=g","caption":"Exaudi Redacci\u00f3n"},"description":"\u00bfQu\u00e9 es Exaudi News? Exaudi News es un medio de comunicaci\u00f3n cat\u00f3lico internacional que informa, forma y transforma, diariamente en espa\u00f1ol, ingl\u00e9s e italiano. A trav\u00e9s de noticias, art\u00edculos de an\u00e1lisis y transmisiones en directo de los eventos del Papa, Exaudi busca fortalecer la unidad de los cristianos y contribuir a la evangelizaci\u00f3n del mundo, siempre guiados por la doctrina social de la Iglesia. Trabajamos para acercar la verdad y los valores cristianos a cada rinc\u00f3n del planeta. \u00a1Ay\u00fadanos a transformar el mundo con Exaudi! En Exaudi creemos que la evangelizaci\u00f3n y la informaci\u00f3n de calidad pueden cambiar vidas. Para continuar con nuestra misi\u00f3n y expandir nuestro alcance, necesitamos tu ayuda. Adem\u00e1s, buscamos personas comprometidas que deseen unirse a nuestro equipo. Con tu apoyo, lograremos llegar a m\u00e1s personas, difundir el mensaje de Cristo y reforzar la unidad de los cristianos. \u00bfTe unes a nuestra misi\u00f3n? Para m\u00e1s informaci\u00f3n sobre c\u00f3mo colaborar, visita Exaudi.org\/es o cont\u00e1ctanos directamente: info@exaudi.org Exaudi: Informa, forma y transforma.","sameAs":["https:\/\/www.facebook.com\/ExaudiNoticias\/","https:\/\/www.instagram.com\/exaudi_noticias\/","https:\/\/x.com\/Exaudi_noticias","https:\/\/www.youtube.com\/@exaudicatholicnews"],"url":"https:\/\/exaudi.org\/es\/author\/redaccionexaudi\/"}]}},"jetpack_featured_media_url":"https:\/\/exaudi.org\/wp-content\/uploads\/2022\/10\/DSC0082-3-scaled.jpg","jetpack_shortlink":"https:\/\/wp.me\/pgKjF2-gFa","_links":{"self":[{"href":"https:\/\/exaudi.org\/es\/wp-json\/wp\/v2\/posts\/64056","targetHints":{"allow":["GET"]}}],"collection":[{"href":"https:\/\/exaudi.org\/es\/wp-json\/wp\/v2\/posts"}],"about":[{"href":"https:\/\/exaudi.org\/es\/wp-json\/wp\/v2\/types\/post"}],"author":[{"embeddable":true,"href":"https:\/\/exaudi.org\/es\/wp-json\/wp\/v2\/users\/15"}],"replies":[{"embeddable":true,"href":"https:\/\/exaudi.org\/es\/wp-json\/wp\/v2\/comments?post=64056"}],"version-history":[{"count":0,"href":"https:\/\/exaudi.org\/es\/wp-json\/wp\/v2\/posts\/64056\/revisions"}],"wp:featuredmedia":[{"embeddable":true,"href":"https:\/\/exaudi.org\/es\/wp-json\/wp\/v2\/media\/64071"}],"wp:attachment":[{"href":"https:\/\/exaudi.org\/es\/wp-json\/wp\/v2\/media?parent=64056"}],"wp:term":[{"taxonomy":"category","embeddable":true,"href":"https:\/\/exaudi.org\/es\/wp-json\/wp\/v2\/categories?post=64056"},{"taxonomy":"post_tag","embeddable":true,"href":"https:\/\/exaudi.org\/es\/wp-json\/wp\/v2\/tags?post=64056"}],"curies":[{"name":"wp","href":"https:\/\/api.w.org\/{rel}","templated":true}]}}