{"id":63947,"date":"2022-10-15T18:48:18","date_gmt":"2022-10-15T16:48:18","guid":{"rendered":"https:\/\/exaudi.org\/?p=63947"},"modified":"2022-10-17T11:38:06","modified_gmt":"2022-10-17T09:38:06","slug":"francisco-es-en-la-iglesia-donde-permanece-vivo-el-encuentro-con-cristo","status":"publish","type":"post","link":"https:\/\/exaudi.org\/es\/francisco-es-en-la-iglesia-donde-permanece-vivo-el-encuentro-con-cristo\/","title":{"rendered":"El Papa a Comuni\u00f3n y Liberaci\u00f3n: \u201cEs en la Iglesia donde permanece vivo el encuentro con Cristo\u201d"},"content":{"rendered":"<p>\u201cEs en la Iglesia donde permanece vivo el encuentro con Cristo. Es la Iglesia donde se guardan, alimentan y profundizan todos los carismas\u201d, record\u00f3 el Papa Francisco.<\/p>\n<p>Este s\u00e1bado, 15 de octubre de 2022, en la plaza de San Pedro, el Santo Padre se ha reunido con los miembros de <a href=\"https:\/\/espanol.clonline.org\/\" target=\"_blank\" rel=\"noopener\">Comuni\u00f3n y Liberaci\u00f3n<\/a>, con motivo del centenario del nacimiento de su fundador, el siervo de Dios don Luigi Giussani.<\/p>\n<p>Francisco ha querido resaltar \u201calgunos aspectos de la rica personalidad de don Giussani: su carisma, su vocaci\u00f3n de educador, su amor a la Iglesia\u201d.<\/p>\n<p>Publicamos a continuaci\u00f3n el discurso que el Pont\u00edfice dirigi\u00f3 a los presentes en la audiencia:<\/p>\n<p>***<\/p>\n<h2><strong>Discurso del Santo Padre<\/strong><\/h2>\n<p>Queridos hermanos y hermanas, \u00a1buenos d\u00edas y bienvenidos!<\/p>\n<p>Hab\u00e9is venido en gran n\u00famero, desde Italia y desde varios pa\u00edses. Su movimiento no ha perdido su capacidad de convocatoria y movilizaci\u00f3n. Le agradezco que quiera manifestar su comuni\u00f3n con la Sede Apost\u00f3lica y su afecto por el Papa. Agradezco al Presidente de la Fraternidad, el profesor Davide Prosperi, as\u00ed como a Hassina y Rose, que compartieron sus experiencias. Saludo al Cardenal Prefecto, al Cardenal Farrell y a los Cardenales y Obispos presentes.<\/p>\n<p>Estamos reunidos para conmemorar el centenario del nacimiento de Mons. Luigi Giussani. Y lo hacemos con gratitud en el coraz\u00f3n, como nos han contado Rose y Hassina. Expreso mi gratitud personal por el bien que me hizo, como sacerdote, meditar algunos de los libros de don Giussani -como joven sacerdote-; y lo hago tambi\u00e9n como Pastor universal por todo lo que supo sembrar e irradiar por doquier para bien de la Iglesia. \u00bfY c\u00f3mo no van a recordarle con sincera gratitud los que fueron sus amigos, sus hijos, sus disc\u00edpulos? Gracias a su apasionada paternidad sacerdotal en la comunicaci\u00f3n de Cristo, crecieron en la fe como un don que da sentido, amplitud humana y esperanza a la vida. Don Giussani fue padre y maestro, estuvo al servicio de todas las angustias y situaciones humanas que encontr\u00f3 en su pasi\u00f3n educativa y misionera. La Iglesia reconoce su genio pedag\u00f3gico y teol\u00f3gico, desplegado desde un carisma que le fue dado por el Esp\u00edritu Santo para el \u201cbien com\u00fan\u201d. No es la mera nostalgia la que nos lleva a celebrar este centenario, sino el recuerdo agradecido de su presencia: no s\u00f3lo en nuestras biograf\u00edas y corazones, sino en la comuni\u00f3n de los santos, desde donde intercede por todos los suyos.<\/p>\n<p>S\u00e9, queridos amigos, hermanos y hermanas, que los per\u00edodos de transici\u00f3n, cuando el padre fundador ya no est\u00e1 f\u00edsicamente presente, no son nada f\u00e1ciles. Muchas fundaciones cat\u00f3licas a lo largo de la historia han experimentado esto. Tenemos que agradecer al Padre Juli\u00e1n Carr\u00f3n su servicio de gu\u00eda del movimiento durante este periodo y por mantener firme el tim\u00f3n de la comuni\u00f3n con el pontificado. Sin embargo, no han faltado graves problemas, divisiones, y ciertamente tambi\u00e9n un empobrecimiento ante un movimiento eclesial tan importante como Comuni\u00f3n y Liberaci\u00f3n, del que la Iglesia, y yo mismo, esperamos m\u00e1s, mucho m\u00e1s. Los tiempos de crisis son tiempos de recapitulaci\u00f3n de vuestra extraordinaria historia de caridad, cultura y misi\u00f3n; son tiempos de discernimiento cr\u00edtico de lo que ha limitado las potencialidades fecundas del carisma de don Giussani; son tiempos de renovaci\u00f3n y relanzamiento misionero a la luz del momento eclesial actual, as\u00ed como de las necesidades, sufrimientos y esperanzas de la humanidad contempor\u00e1nea. La crisis nos hace crecer. No debe reducirse al conflicto, que aniquila. La crisis hace que uno crezca.<\/p>\n<p>Seguro que don Giussani reza por la unidad en todas las articulaciones de su movimiento; seguro. Sabes muy bien que la unidad no significa uniformidad. No hay que tener miedo a las diferentes sensibilidades y a la confrontaci\u00f3n en el camino del movimiento. No puede ser de otra manera en un movimiento en el que todos los adherentes est\u00e1n llamados a vivir personalmente y compartir corresponsablemente el carisma que han recibido. Todo el mundo lo vive originalmente y tambi\u00e9n en comunidad. Esto es importante: que la unidad es m\u00e1s fuerte que las fuerzas de dispersi\u00f3n o el arrastre de viejas oposiciones. Unidad con los que dirigen el movimiento, unidad con los Pastores, unidad en el seguimiento atento de las indicaciones del Dicasterio para los Laicos, la Familia y la Vida, y unidad con el Papa, que es el servidor de la comuni\u00f3n en la verdad y la caridad.<\/p>\n<p>No pierdas tu precioso tiempo en charlas, desconfianza y oposici\u00f3n. \u00a1Por favor! No pierdas el tiempo.<\/p>\n<p>Ahora quisiera recordar algunos aspectos de la rica personalidad de don Giussani: su carisma, su vocaci\u00f3n de educador, su amor a la Iglesia.<\/p>\n<ol>\n<li>Don Giussani es un hombre carism\u00e1tico. Sin duda, era un hombre de gran carisma personal, capaz de atraer a miles de j\u00f3venes y tocar sus corazones. Podemos preguntarnos: \u00bfde d\u00f3nde viene su carisma? Se trataba de algo que hab\u00eda experimentado de primera mano: siendo un muchacho de s\u00f3lo quince a\u00f1os, se hab\u00eda visto sorprendido por el descubrimiento del misterio de Cristo. Hab\u00eda intuido -no s\u00f3lo con la mente, sino con el coraz\u00f3n- que Cristo es el centro unificador de toda la realidad, es la respuesta a todas las preguntas humanas, es la realizaci\u00f3n de todos los deseos de felicidad, bondad, amor y eternidad presentes en el coraz\u00f3n humano. El asombro y la fascinaci\u00f3n de este primer encuentro con Cristo nunca lo abandonaron. Como dijo el entonces cardenal Ratzinger en su funeral: \u201cDon Giussani mantuvo siempre la mirada de su vida y de su coraz\u00f3n fijada en Cristo. Comprendi\u00f3 as\u00ed que el cristianismo no es un sistema intelectual, un paquete de dogmas, un moralismo, sino que el cristianismo es un encuentro; es una historia de amor; es un acontecimiento\u201d. Aqu\u00ed est\u00e1 la ra\u00edz de su carisma. Don Giussani atra\u00eda, convenc\u00eda y convert\u00eda los corazones porque transmit\u00eda a los dem\u00e1s lo que llevaba dentro tras su experiencia fundamental: la pasi\u00f3n por el hombre y la pasi\u00f3n por Cristo como realizaci\u00f3n del hombre. Muchos j\u00f3venes le siguieron porque los j\u00f3venes tienen un gran talento. Lo que dec\u00eda proven\u00eda de su experiencia y de su coraz\u00f3n, por lo que inspiraba confianza, simpat\u00eda e inter\u00e9s.<\/li>\n<\/ol>\n<p>El Presidente dijo que usted se compromete a que el carisma otorgado a don Giussani para el bien de toda la Iglesia d\u00e9 siempre nuevos frutos. Esta es la sabia custodia del don que se os ha transmitido, una custodia que no s\u00f3lo es conservadora del pasado, sino que, animada por el Esp\u00edritu Santo, sabe reconocer y acoger los nuevos brotes de este \u00e1rbol que es vuestro movimiento, que vive en la buena tierra de la comuni\u00f3n eclesial.<\/p>\n<p>En este sentido, se preguntar\u00e1: \u00bfc\u00f3mo responder a las exigencias del cambio en el tiempo actual preservando el carisma? En primer lugar, es importante recordar que no es el carisma el que debe cambiar: siempre hay que acogerlo de nuevo y hacerlo fructificar en el mundo de hoy. Los carismas crecen como crecen las verdades del dogma, de la moral: crecen en plenitud. Son las formas de vivirlo las que pueden constituir un obst\u00e1culo o incluso una traici\u00f3n a la finalidad para la que el carisma fue suscitado por el Esp\u00edritu Santo. Reconocer y corregir los caminos equivocados, cuando sea necesario, s\u00f3lo es posible con una actitud de humildad y bajo la sabia gu\u00eda de la Iglesia. Y esta actitud de humildad la resumir\u00eda con dos verbos: hacer memoria, es decir, traer al coraz\u00f3n, recordar el encuentro con el Misterio que nos ha tra\u00eddo hasta aqu\u00ed; y generar, mirando hacia adelante con confianza, escuchando los gemidos que el Esp\u00edritu vuelve a expresar hoy. \u201cEl hombre humilde, la mujer humilde tambi\u00e9n aprecia el futuro, no s\u00f3lo el pasado, porque sabe mirar hacia adelante, sabe mirar los brotes, con una memoria llena de gratitud. El hombre humilde genera, el hombre humilde invita y empuja hacia lo desconocido. El orgulloso, en cambio, repite, se vuelve r\u00edgido [\u2026], retrocede y se encierra en su repetici\u00f3n, se siente seguro en lo que conoce y teme, siempre teme lo nuevo porque no lo puede controlar, se siente desestabilizado por ello\u2026 \u00bfpor qu\u00e9? Porque ha perdido la memoria\u201d [1]. Mira la memoria del fundador.<\/p>\n<p>Queridos hermanos, apreciad el precioso don de vuestro carisma y de la fraternidad que lo custodia, porque todav\u00eda puede hacer \u201cflorecer\u201d muchas vidas, como nos han testimoniado Hassina y Rose. El potencial de vuestro carisma est\u00e1 todav\u00eda en gran parte por descubrir, todav\u00eda mucho por descubrir; por eso os invito a huir de cualquier repliegue sobre vosotros mismos, del miedo -el miedo nunca os llevar\u00e1 a buen puerto- y del cansancio espiritual, que os lleva a la pereza espiritual. Os animo a encontrar los caminos y los lenguajes adecuados para que el carisma que os ha dado don Giussani llegue a nuevas personas y nuevos ambientes, para que pueda hablar al mundo de hoy, que ha cambiado desde los inicios de vuestro movimiento. \u00a1Hay tantos hombres y mujeres que a\u00fan no han tenido ese encuentro con el Se\u00f1or que cambi\u00f3 y embelleci\u00f3 sus vidas!<\/p>\n<ol start=\"2\">\n<li>Segundo aspecto: don Giussani el educador. Desde los primeros a\u00f1os de su ministerio sacerdotal, ante el desconcierto y la ignorancia religiosa de muchos j\u00f3venes, don Giussani sinti\u00f3 la urgencia de comunicarles el encuentro con la persona de Jes\u00fas que \u00e9l mismo hab\u00eda experimentado. El P. Luigi ten\u00eda una capacidad \u00fanica para desencadenar la b\u00fasqueda sincera del sentido de la vida en el coraz\u00f3n de los j\u00f3venes, para despertar su deseo de verdad. Como verdadero ap\u00f3stol, al ver que esta sed se hab\u00eda encendido en los j\u00f3venes, no tuvo miedo de presentarles la fe cristiana. Pero sin imponer nunca nada. Su enfoque gener\u00f3 muchas personalidades libres, que se adhirieron al cristianismo con convicci\u00f3n y pasi\u00f3n; no por costumbre, ni por conformismo, sino de forma personal y creativa. Don Giussani ten\u00eda una gran sensibilidad para respetar el car\u00e1cter de cada persona, respetando su historia, su temperamento, sus dones. No quer\u00eda que todos fueran iguales, ni que todos le imitaran, que cada uno fuera original, como Dios le hizo. Y, de hecho, esos j\u00f3venes, al crecer, se convirtieron, cada uno seg\u00fan su inclinaci\u00f3n, en presencias significativas en diversos campos, ya sea en el periodismo, en la escuela, en la econom\u00eda, en las obras de caridad y de promoci\u00f3n social.<\/li>\n<\/ol>\n<p>Este, amigos, es un gran legado espiritual que os ha dejado don Giussani. Os animo a alimentar en vosotros su pasi\u00f3n educativa, su amor por los j\u00f3venes, su amor por la libertad y la responsabilidad personal de cada uno ante su propio destino, su respeto por la irrepetible singularidad de cada hombre y de cada mujer.<\/p>\n<ol start=\"3\">\n<li>Y tercero: Giussani hijo de la Iglesia. Don Giussani era un sacerdote que amaba mucho a la Iglesia. Incluso en tiempos de desconcierto y fuerte contestaci\u00f3n de las instituciones, mantuvo siempre con firmeza su fidelidad a la Iglesia, por la que sent\u00eda un gran afecto -\u00a1amor! -, casi una ternura, y al mismo tiempo una gran reverencia, porque cre\u00eda que es la continuaci\u00f3n de Cristo en la historia. Dijo: \u2018Has encontrado esta compa\u00f1\u00eda: esta es la forma en que el misterio de Jes\u00fas [\u2026] ha llamado a tu puerta\u2019 [2]. Utiliz\u00f3 esta hermosa expresi\u00f3n: la \u201ccompa\u00f1\u00eda\u201d. Los grupos del movimiento eran para \u00e9l una \u201ccompa\u00f1\u00eda\u201d de personas que hab\u00edan encontrado a Cristo. Y, en \u00faltima instancia, la Iglesia misma es la \u201ccompa\u00f1\u00eda\u201d de los bautizados que mantiene todo unido, de la que todo toma vida, y que nos mantiene en el buen camino.<\/li>\n<\/ol>\n<p>Don Giussani nos ense\u00f1\u00f3 a tener respeto y amor filial por la Iglesia y, con gran equilibrio, siempre supo mantener el carisma y la autoridad, que son complementarios, ambos necesarios. A menudo canta \u201cThe Road\u201d en sus reuniones. Giussani, utilizando precisamente la met\u00e1fora del camino, dec\u00eda: \u201cLa autoridad asegura el camino correcto, el carisma hace el camino hermoso\u201d [3]. Sin autoridad existe el riesgo de salirse del camino, de ir en la direcci\u00f3n equivocada. Pero sin carisma el camino corre el riesgo de volverse aburrido, de dejar de ser atractivo para la gente de ese momento hist\u00f3rico concreto.<\/p>\n<p>Incluso entre vosotros, a algunos se les conf\u00eda una tarea de autoridad y gobierno, para servir a todos los dem\u00e1s e indicar el camino correcto. En concreto, consiste en guiar y representar al movimiento, favorecer su desarrollo, realizar proyectos apost\u00f3licos espec\u00edficos, asegurar la fidelidad al carisma, proteger a los miembros del movimiento, promover su camino cristiano y su formaci\u00f3n humana y espiritual. Pero junto al servicio de la autoridad, es esencial que, en todos los miembros de la Fraternidad, el carisma permanezca vivo, para que la vida cristiana conserve siempre el encanto del primer encuentro. No olvides nunca esa primera Galilea de la llamada, esa primera Galilea del encuentro. Vuelve siempre all\u00ed, a esa primera Galilea que cada uno de nosotros experiment\u00f3. Esto nos dar\u00e1 fuerza para ir siempre en obediencia en la Iglesia. Esto es lo que \u201chace que el camino sea hermoso\u201d. As\u00ed, los movimientos eclesiales contribuyen, con sus carismas, a mostrar el car\u00e1cter atractivo y nuevo del cristianismo; y corresponde a la autoridad de la Iglesia indicar con sabidur\u00eda y prudencia por qu\u00e9 camino han de caminar los movimientos, para mantenerse fieles a s\u00ed mismos y a la misi\u00f3n que Dios les ha encomendado. En palabras de don Giussani podemos afirmar que \u201ces una exigencia irrenunciable de la Encarnaci\u00f3n este continuo intercambio entre instituci\u00f3n y carisma. Esta relaci\u00f3n entre gracia y libertad no puede pensarse en ning\u00fan caso como una alternativa dial\u00e9ctica, como si la instituci\u00f3n no fuera el carisma y el carisma no necesitara de la instituci\u00f3n. Un carisma debe ser institucionalizado. Y una instituci\u00f3n debe mantener la dimensi\u00f3n carism\u00e1tica. En definitiva, son la \u00fanica realidad de la Iglesia. \u00bfPodr\u00eda pensarse en el organismo humano sin el esqueleto que lo sostiene? Por eso es impensable que la Iglesia viva sin una instituci\u00f3n\u201d [4].<\/p>\n<p>Sab\u00e9is que el descubrimiento de un carisma pasa siempre por el encuentro con personas concretas. Estas personas son testigos que nos permiten acercarnos a una realidad mayor, que es la comunidad cristiana, la Iglesia. Es en la Iglesia donde permanece vivo el encuentro con Cristo. Es la Iglesia donde se guardan, alimentan y profundizan todos los carismas. Pensemos, en los Hechos de los Ap\u00f3stoles, en el episodio de Felipe y el eunuco, funcionario de la reina de Etiop\u00eda. Felipe fue decisivo para su conversi\u00f3n, fue el mediador del encuentro con Cristo para aquel hombre en busca de la verdad. \u00bfC\u00f3mo termina este episodio? Felipe bautiza al eunuco y el texto dice: \u201cCuando salieron del agua, el Esp\u00edritu del Se\u00f1or arrebat\u00f3 a Felipe y el eunuco no lo vio m\u00e1s\u201d (Hechos 8:39). \u201c\u00a1No lo vio m\u00e1s!\u201d Despu\u00e9s de conducirlo a Cristo, Felipe desaparece de la vida del eunuco. Pero la alegr\u00eda del encuentro con Cristo permanece, \u00a1esa alegr\u00eda del encuentro siempre permanece! \u2013 De hecho, el relato a\u00f1ade: \u201cY lleno de alegr\u00eda, sigui\u00f3 su camino\u201d. Todos estamos llamados a esto: a ser mediadores para los dem\u00e1s del encuentro con Cristo, y luego dejar que sigan su camino, sin atarlos a nosotros.<\/p>\n<p>Y, para terminar, me gustar\u00eda pedirte una ayuda concreta para hoy, para este momento. Te invito a acompa\u00f1arme en la profec\u00eda por la paz \u2013 \u00a1Cristo, Se\u00f1or de la paz! El mundo cada vez m\u00e1s violento y b\u00e9lico me asusta de verdad, lo digo: me asusta-; en la profec\u00eda que se\u00f1ala la presencia de Dios en los pobres, en los abandonados y vulnerables, condenados o desechados en la construcci\u00f3n social; en la profec\u00eda que proclama la presencia de Dios en cada naci\u00f3n y cultura, respondiendo a las aspiraciones de amor y de verdad, de justicia y de felicidad que pertenecen al coraz\u00f3n humano y que laten en la vida de los pueblos. Que esta santa inquietud prof\u00e9tica y misionera arda en vuestros corazones. No te quedes quieto.<\/p>\n<p>Amado, ama siempre a la Iglesia. Ama y preserva la unidad de tu \u201cempresa\u201d. No dej\u00e9is que vuestra fraternidad sea herida por divisiones y oposiciones, que hacen el juego al maligno; ese es su trabajo: dividir, siempre. Incluso los momentos dif\u00edciles pueden ser momentos de gracia, y pueden ser momentos de renacimiento. Comuni\u00f3n y Liberaci\u00f3n naci\u00f3 precisamente en un momento de crisis como el del 68. Y despu\u00e9s don Giussani no se asust\u00f3 ante los momentos de paso y crecimiento de la Fraternidad, sino que los afront\u00f3 con valor evang\u00e9lico, confianza en Cristo y en comuni\u00f3n con la Madre Iglesia.<\/p>\n<p>Agradezcamos hoy juntos al Se\u00f1or el don de don Giussani. Invocamos al Esp\u00edritu Santo y la intercesi\u00f3n de la Virgen Mar\u00eda, para que todos vosotros sig\u00e1is, unidos y alegres, por el camino que \u00e9l os mostr\u00f3 con libertad, creatividad y valent\u00eda. De coraz\u00f3n, te bendigo. Y por favor, les pido que recen por m\u00ed. Gracias.<\/p>\n<p>_____________________________________________________________<\/p>\n<p>[1]\u00a0<a href=\"https:\/\/www.vatican.va\/content\/francesco\/es\/speeches\/2021\/december\/documents\/20211223-curiaromana.html\">Discurso al Colegio de Cardenales y a la Curia Romana<\/a>, 23 de diciembre de 2021.<\/p>\n<p>[2] L. Giussani,\u00a0<em>Dal temperamento un metodo. I libri dello spirito cristiano: quasi Tischreden<\/em>, 6, Milano 2002, p. 7.<\/p>\n<p>[3] Id.,\u00a0<em>Un avvenimento nella vita dell\u2019uomo<\/em>, Milano 2020, p. 249.<\/p>\n<p>[4] Id., Supplemento a\u00a0<em>Litterae Communionis-LC<\/em>, n. 11\/1985.<\/p>\n","protected":false},"excerpt":{"rendered":"<p>Discurso del Papa a los miembros de Comuni\u00f3n y Liberaci\u00f3n<\/p>\n","protected":false},"author":15,"featured_media":63948,"comment_status":"closed","ping_status":"closed","sticky":false,"template":"","format":"standard","meta":{"_acf_changed":false,"_crdt_document":"","inline_featured_image":false,"footnotes":""},"categories":[124,68],"tags":[3739,4953],"class_list":["post-63947","post","type-post","status-publish","format-standard","has-post-thumbnail","hentry","category-discursos","category-leon-xiv","tag-comunion-y-liberacion","tag-trending-es"],"acf":[],"yoast_head":"<!-- This site is optimized with the Yoast SEO plugin v27.5 - https:\/\/yoast.com\/product\/yoast-seo-wordpress\/ -->\n<title>El Papa a Comuni\u00f3n y Liberaci\u00f3n: \u201cEs en la Iglesia donde permanece vivo el encuentro con Cristo\u201d &#8211; Exaudi<\/title>\n<meta name=\"robots\" content=\"index, follow, max-snippet:-1, max-image-preview:large, max-video-preview:-1\" \/>\n<link rel=\"canonical\" href=\"https:\/\/exaudi.org\/es\/francisco-es-en-la-iglesia-donde-permanece-vivo-el-encuentro-con-cristo\/\" \/>\n<meta property=\"og:locale\" content=\"es_ES\" \/>\n<meta property=\"og:type\" content=\"article\" \/>\n<meta property=\"og:title\" content=\"El Papa a Comuni\u00f3n y Liberaci\u00f3n: \u201cEs en la Iglesia donde permanece vivo el encuentro con Cristo\u201d &#8211; Exaudi\" \/>\n<meta property=\"og:description\" content=\"Discurso del Papa a los miembros de Comuni\u00f3n y Liberaci\u00f3n\" \/>\n<meta property=\"og:url\" content=\"https:\/\/exaudi.org\/es\/francisco-es-en-la-iglesia-donde-permanece-vivo-el-encuentro-con-cristo\/\" \/>\n<meta property=\"og:site_name\" content=\"Exaudi\" \/>\n<meta property=\"article:publisher\" content=\"https:\/\/www.facebook.com\/ExaudiNews\" \/>\n<meta property=\"article:author\" content=\"https:\/\/www.facebook.com\/ExaudiNoticias\/\" \/>\n<meta property=\"article:published_time\" content=\"2022-10-15T16:48:18+00:00\" \/>\n<meta property=\"article:modified_time\" content=\"2022-10-17T09:38:06+00:00\" \/>\n<meta property=\"og:image\" content=\"https:\/\/exaudi.org\/wp-content\/uploads\/2022\/10\/Comunion-y-Liberacion-scaled.jpg\" \/>\n\t<meta property=\"og:image:width\" content=\"2560\" \/>\n\t<meta property=\"og:image:height\" content=\"1707\" \/>\n\t<meta property=\"og:image:type\" content=\"image\/jpeg\" \/>\n<meta name=\"author\" content=\"Exaudi Redacci\u00f3n\" \/>\n<meta name=\"twitter:card\" content=\"summary_large_image\" \/>\n<meta name=\"twitter:creator\" content=\"@Exaudi_noticias\" \/>\n<meta name=\"twitter:site\" content=\"@Exaudi_News\" \/>\n<meta name=\"twitter:label1\" content=\"Escrito por\" \/>\n\t<meta name=\"twitter:data1\" content=\"Exaudi Redacci\u00f3n\" \/>\n\t<meta name=\"twitter:label2\" content=\"Tiempo de lectura\" \/>\n\t<meta name=\"twitter:data2\" content=\"13 minutos\" \/>\n<script type=\"application\/ld+json\" class=\"yoast-schema-graph\">{\"@context\":\"https:\\\/\\\/schema.org\",\"@graph\":[{\"@type\":\"Article\",\"@id\":\"https:\\\/\\\/exaudi.org\\\/es\\\/francisco-es-en-la-iglesia-donde-permanece-vivo-el-encuentro-con-cristo\\\/#article\",\"isPartOf\":{\"@id\":\"https:\\\/\\\/exaudi.org\\\/es\\\/francisco-es-en-la-iglesia-donde-permanece-vivo-el-encuentro-con-cristo\\\/\"},\"author\":{\"name\":\"Exaudi Redacci\u00f3n\",\"@id\":\"https:\\\/\\\/exaudi.org\\\/#\\\/schema\\\/person\\\/f5fc8f063065e38742da7afe15f25df7\"},\"headline\":\"El Papa a Comuni\u00f3n y Liberaci\u00f3n: \u201cEs en la Iglesia donde permanece vivo el encuentro con Cristo\u201d\",\"datePublished\":\"2022-10-15T16:48:18+00:00\",\"dateModified\":\"2022-10-17T09:38:06+00:00\",\"mainEntityOfPage\":{\"@id\":\"https:\\\/\\\/exaudi.org\\\/es\\\/francisco-es-en-la-iglesia-donde-permanece-vivo-el-encuentro-con-cristo\\\/\"},\"wordCount\":3032,\"image\":{\"@id\":\"https:\\\/\\\/exaudi.org\\\/es\\\/francisco-es-en-la-iglesia-donde-permanece-vivo-el-encuentro-con-cristo\\\/#primaryimage\"},\"thumbnailUrl\":\"https:\\\/\\\/exaudi.org\\\/wp-content\\\/uploads\\\/2022\\\/10\\\/Comunion-y-Liberacion-scaled.jpg\",\"keywords\":[\"Comuni\u00f3n y Liberaci\u00f3n\",\"Trending\"],\"articleSection\":[\"Discursos\",\"Le\u00f3n XIV\"],\"inLanguage\":\"es\"},{\"@type\":\"WebPage\",\"@id\":\"https:\\\/\\\/exaudi.org\\\/es\\\/francisco-es-en-la-iglesia-donde-permanece-vivo-el-encuentro-con-cristo\\\/\",\"url\":\"https:\\\/\\\/exaudi.org\\\/es\\\/francisco-es-en-la-iglesia-donde-permanece-vivo-el-encuentro-con-cristo\\\/\",\"name\":\"El Papa a Comuni\u00f3n y Liberaci\u00f3n: \u201cEs en la Iglesia donde permanece vivo el encuentro con Cristo\u201d &#8211; Exaudi\",\"isPartOf\":{\"@id\":\"https:\\\/\\\/exaudi.org\\\/#website\"},\"primaryImageOfPage\":{\"@id\":\"https:\\\/\\\/exaudi.org\\\/es\\\/francisco-es-en-la-iglesia-donde-permanece-vivo-el-encuentro-con-cristo\\\/#primaryimage\"},\"image\":{\"@id\":\"https:\\\/\\\/exaudi.org\\\/es\\\/francisco-es-en-la-iglesia-donde-permanece-vivo-el-encuentro-con-cristo\\\/#primaryimage\"},\"thumbnailUrl\":\"https:\\\/\\\/exaudi.org\\\/wp-content\\\/uploads\\\/2022\\\/10\\\/Comunion-y-Liberacion-scaled.jpg\",\"datePublished\":\"2022-10-15T16:48:18+00:00\",\"dateModified\":\"2022-10-17T09:38:06+00:00\",\"author\":{\"@id\":\"https:\\\/\\\/exaudi.org\\\/#\\\/schema\\\/person\\\/f5fc8f063065e38742da7afe15f25df7\"},\"breadcrumb\":{\"@id\":\"https:\\\/\\\/exaudi.org\\\/es\\\/francisco-es-en-la-iglesia-donde-permanece-vivo-el-encuentro-con-cristo\\\/#breadcrumb\"},\"inLanguage\":\"es\",\"potentialAction\":[{\"@type\":\"ReadAction\",\"target\":[\"https:\\\/\\\/exaudi.org\\\/es\\\/francisco-es-en-la-iglesia-donde-permanece-vivo-el-encuentro-con-cristo\\\/\"]}]},{\"@type\":\"ImageObject\",\"inLanguage\":\"es\",\"@id\":\"https:\\\/\\\/exaudi.org\\\/es\\\/francisco-es-en-la-iglesia-donde-permanece-vivo-el-encuentro-con-cristo\\\/#primaryimage\",\"url\":\"https:\\\/\\\/exaudi.org\\\/wp-content\\\/uploads\\\/2022\\\/10\\\/Comunion-y-Liberacion-scaled.jpg\",\"contentUrl\":\"https:\\\/\\\/exaudi.org\\\/wp-content\\\/uploads\\\/2022\\\/10\\\/Comunion-y-Liberacion-scaled.jpg\",\"width\":2560,\"height\":1707,\"caption\":\"Comuni\u00f3n y Liberaci\u00f3n \u00a9 Vatican Media\"},{\"@type\":\"BreadcrumbList\",\"@id\":\"https:\\\/\\\/exaudi.org\\\/es\\\/francisco-es-en-la-iglesia-donde-permanece-vivo-el-encuentro-con-cristo\\\/#breadcrumb\",\"itemListElement\":[{\"@type\":\"ListItem\",\"position\":1,\"name\":\"Portada\",\"item\":\"https:\\\/\\\/exaudi.org\\\/es\\\/\"},{\"@type\":\"ListItem\",\"position\":2,\"name\":\"El Papa a Comuni\u00f3n y Liberaci\u00f3n: \u201cEs en la Iglesia donde permanece vivo el encuentro con Cristo\u201d\"}]},{\"@type\":\"WebSite\",\"@id\":\"https:\\\/\\\/exaudi.org\\\/#website\",\"url\":\"https:\\\/\\\/exaudi.org\\\/\",\"name\":\"Exaudi\",\"description\":\"News\",\"potentialAction\":[{\"@type\":\"SearchAction\",\"target\":{\"@type\":\"EntryPoint\",\"urlTemplate\":\"https:\\\/\\\/exaudi.org\\\/?s={search_term_string}\"},\"query-input\":{\"@type\":\"PropertyValueSpecification\",\"valueRequired\":true,\"valueName\":\"search_term_string\"}}],\"inLanguage\":\"es\"},{\"@type\":\"Person\",\"@id\":\"https:\\\/\\\/exaudi.org\\\/#\\\/schema\\\/person\\\/f5fc8f063065e38742da7afe15f25df7\",\"name\":\"Exaudi Redacci\u00f3n\",\"image\":{\"@type\":\"ImageObject\",\"inLanguage\":\"es\",\"@id\":\"https:\\\/\\\/secure.gravatar.com\\\/avatar\\\/fe0f6a059fb68d9b3e11bc5850dd4899b1c7492091a3cb6dd9b01b56ad828be2?s=96&d=mm&r=g\",\"url\":\"https:\\\/\\\/secure.gravatar.com\\\/avatar\\\/fe0f6a059fb68d9b3e11bc5850dd4899b1c7492091a3cb6dd9b01b56ad828be2?s=96&d=mm&r=g\",\"contentUrl\":\"https:\\\/\\\/secure.gravatar.com\\\/avatar\\\/fe0f6a059fb68d9b3e11bc5850dd4899b1c7492091a3cb6dd9b01b56ad828be2?s=96&d=mm&r=g\",\"caption\":\"Exaudi Redacci\u00f3n\"},\"description\":\"\u00bfQu\u00e9 es Exaudi News? Exaudi News es un medio de comunicaci\u00f3n cat\u00f3lico internacional que informa, forma y transforma, diariamente en espa\u00f1ol, ingl\u00e9s e italiano. A trav\u00e9s de noticias, art\u00edculos de an\u00e1lisis y transmisiones en directo de los eventos del Papa, Exaudi busca fortalecer la unidad de los cristianos y contribuir a la evangelizaci\u00f3n del mundo, siempre guiados por la doctrina social de la Iglesia. Trabajamos para acercar la verdad y los valores cristianos a cada rinc\u00f3n del planeta. \u00a1Ay\u00fadanos a transformar el mundo con Exaudi! En Exaudi creemos que la evangelizaci\u00f3n y la informaci\u00f3n de calidad pueden cambiar vidas. Para continuar con nuestra misi\u00f3n y expandir nuestro alcance, necesitamos tu ayuda. Adem\u00e1s, buscamos personas comprometidas que deseen unirse a nuestro equipo. Con tu apoyo, lograremos llegar a m\u00e1s personas, difundir el mensaje de Cristo y reforzar la unidad de los cristianos. \u00bfTe unes a nuestra misi\u00f3n? Para m\u00e1s informaci\u00f3n sobre c\u00f3mo colaborar, visita Exaudi.org\\\/es o cont\u00e1ctanos directamente: info@exaudi.org Exaudi: Informa, forma y transforma.\",\"sameAs\":[\"https:\\\/\\\/www.facebook.com\\\/ExaudiNoticias\\\/\",\"https:\\\/\\\/www.instagram.com\\\/exaudi_noticias\\\/\",\"https:\\\/\\\/x.com\\\/Exaudi_noticias\",\"https:\\\/\\\/www.youtube.com\\\/@exaudicatholicnews\"],\"url\":\"https:\\\/\\\/exaudi.org\\\/es\\\/author\\\/redaccionexaudi\\\/\"}]}<\/script>\n<!-- \/ Yoast SEO plugin. -->","yoast_head_json":{"title":"El Papa a Comuni\u00f3n y Liberaci\u00f3n: \u201cEs en la Iglesia donde permanece vivo el encuentro con Cristo\u201d &#8211; Exaudi","robots":{"index":"index","follow":"follow","max-snippet":"max-snippet:-1","max-image-preview":"max-image-preview:large","max-video-preview":"max-video-preview:-1"},"canonical":"https:\/\/exaudi.org\/es\/francisco-es-en-la-iglesia-donde-permanece-vivo-el-encuentro-con-cristo\/","og_locale":"es_ES","og_type":"article","og_title":"El Papa a Comuni\u00f3n y Liberaci\u00f3n: \u201cEs en la Iglesia donde permanece vivo el encuentro con Cristo\u201d &#8211; Exaudi","og_description":"Discurso del Papa a los miembros de Comuni\u00f3n y Liberaci\u00f3n","og_url":"https:\/\/exaudi.org\/es\/francisco-es-en-la-iglesia-donde-permanece-vivo-el-encuentro-con-cristo\/","og_site_name":"Exaudi","article_publisher":"https:\/\/www.facebook.com\/ExaudiNews","article_author":"https:\/\/www.facebook.com\/ExaudiNoticias\/","article_published_time":"2022-10-15T16:48:18+00:00","article_modified_time":"2022-10-17T09:38:06+00:00","og_image":[{"width":2560,"height":1707,"url":"https:\/\/exaudi.org\/wp-content\/uploads\/2022\/10\/Comunion-y-Liberacion-scaled.jpg","type":"image\/jpeg"}],"author":"Exaudi Redacci\u00f3n","twitter_card":"summary_large_image","twitter_creator":"@Exaudi_noticias","twitter_site":"@Exaudi_News","twitter_misc":{"Escrito por":"Exaudi Redacci\u00f3n","Tiempo de lectura":"13 minutos"},"schema":{"@context":"https:\/\/schema.org","@graph":[{"@type":"Article","@id":"https:\/\/exaudi.org\/es\/francisco-es-en-la-iglesia-donde-permanece-vivo-el-encuentro-con-cristo\/#article","isPartOf":{"@id":"https:\/\/exaudi.org\/es\/francisco-es-en-la-iglesia-donde-permanece-vivo-el-encuentro-con-cristo\/"},"author":{"name":"Exaudi Redacci\u00f3n","@id":"https:\/\/exaudi.org\/#\/schema\/person\/f5fc8f063065e38742da7afe15f25df7"},"headline":"El Papa a Comuni\u00f3n y Liberaci\u00f3n: \u201cEs en la Iglesia donde permanece vivo el encuentro con Cristo\u201d","datePublished":"2022-10-15T16:48:18+00:00","dateModified":"2022-10-17T09:38:06+00:00","mainEntityOfPage":{"@id":"https:\/\/exaudi.org\/es\/francisco-es-en-la-iglesia-donde-permanece-vivo-el-encuentro-con-cristo\/"},"wordCount":3032,"image":{"@id":"https:\/\/exaudi.org\/es\/francisco-es-en-la-iglesia-donde-permanece-vivo-el-encuentro-con-cristo\/#primaryimage"},"thumbnailUrl":"https:\/\/exaudi.org\/wp-content\/uploads\/2022\/10\/Comunion-y-Liberacion-scaled.jpg","keywords":["Comuni\u00f3n y Liberaci\u00f3n","Trending"],"articleSection":["Discursos","Le\u00f3n XIV"],"inLanguage":"es"},{"@type":"WebPage","@id":"https:\/\/exaudi.org\/es\/francisco-es-en-la-iglesia-donde-permanece-vivo-el-encuentro-con-cristo\/","url":"https:\/\/exaudi.org\/es\/francisco-es-en-la-iglesia-donde-permanece-vivo-el-encuentro-con-cristo\/","name":"El Papa a Comuni\u00f3n y Liberaci\u00f3n: \u201cEs en la Iglesia donde permanece vivo el encuentro con Cristo\u201d &#8211; Exaudi","isPartOf":{"@id":"https:\/\/exaudi.org\/#website"},"primaryImageOfPage":{"@id":"https:\/\/exaudi.org\/es\/francisco-es-en-la-iglesia-donde-permanece-vivo-el-encuentro-con-cristo\/#primaryimage"},"image":{"@id":"https:\/\/exaudi.org\/es\/francisco-es-en-la-iglesia-donde-permanece-vivo-el-encuentro-con-cristo\/#primaryimage"},"thumbnailUrl":"https:\/\/exaudi.org\/wp-content\/uploads\/2022\/10\/Comunion-y-Liberacion-scaled.jpg","datePublished":"2022-10-15T16:48:18+00:00","dateModified":"2022-10-17T09:38:06+00:00","author":{"@id":"https:\/\/exaudi.org\/#\/schema\/person\/f5fc8f063065e38742da7afe15f25df7"},"breadcrumb":{"@id":"https:\/\/exaudi.org\/es\/francisco-es-en-la-iglesia-donde-permanece-vivo-el-encuentro-con-cristo\/#breadcrumb"},"inLanguage":"es","potentialAction":[{"@type":"ReadAction","target":["https:\/\/exaudi.org\/es\/francisco-es-en-la-iglesia-donde-permanece-vivo-el-encuentro-con-cristo\/"]}]},{"@type":"ImageObject","inLanguage":"es","@id":"https:\/\/exaudi.org\/es\/francisco-es-en-la-iglesia-donde-permanece-vivo-el-encuentro-con-cristo\/#primaryimage","url":"https:\/\/exaudi.org\/wp-content\/uploads\/2022\/10\/Comunion-y-Liberacion-scaled.jpg","contentUrl":"https:\/\/exaudi.org\/wp-content\/uploads\/2022\/10\/Comunion-y-Liberacion-scaled.jpg","width":2560,"height":1707,"caption":"Comuni\u00f3n y Liberaci\u00f3n \u00a9 Vatican Media"},{"@type":"BreadcrumbList","@id":"https:\/\/exaudi.org\/es\/francisco-es-en-la-iglesia-donde-permanece-vivo-el-encuentro-con-cristo\/#breadcrumb","itemListElement":[{"@type":"ListItem","position":1,"name":"Portada","item":"https:\/\/exaudi.org\/es\/"},{"@type":"ListItem","position":2,"name":"El Papa a Comuni\u00f3n y Liberaci\u00f3n: \u201cEs en la Iglesia donde permanece vivo el encuentro con Cristo\u201d"}]},{"@type":"WebSite","@id":"https:\/\/exaudi.org\/#website","url":"https:\/\/exaudi.org\/","name":"Exaudi","description":"News","potentialAction":[{"@type":"SearchAction","target":{"@type":"EntryPoint","urlTemplate":"https:\/\/exaudi.org\/?s={search_term_string}"},"query-input":{"@type":"PropertyValueSpecification","valueRequired":true,"valueName":"search_term_string"}}],"inLanguage":"es"},{"@type":"Person","@id":"https:\/\/exaudi.org\/#\/schema\/person\/f5fc8f063065e38742da7afe15f25df7","name":"Exaudi Redacci\u00f3n","image":{"@type":"ImageObject","inLanguage":"es","@id":"https:\/\/secure.gravatar.com\/avatar\/fe0f6a059fb68d9b3e11bc5850dd4899b1c7492091a3cb6dd9b01b56ad828be2?s=96&d=mm&r=g","url":"https:\/\/secure.gravatar.com\/avatar\/fe0f6a059fb68d9b3e11bc5850dd4899b1c7492091a3cb6dd9b01b56ad828be2?s=96&d=mm&r=g","contentUrl":"https:\/\/secure.gravatar.com\/avatar\/fe0f6a059fb68d9b3e11bc5850dd4899b1c7492091a3cb6dd9b01b56ad828be2?s=96&d=mm&r=g","caption":"Exaudi Redacci\u00f3n"},"description":"\u00bfQu\u00e9 es Exaudi News? Exaudi News es un medio de comunicaci\u00f3n cat\u00f3lico internacional que informa, forma y transforma, diariamente en espa\u00f1ol, ingl\u00e9s e italiano. A trav\u00e9s de noticias, art\u00edculos de an\u00e1lisis y transmisiones en directo de los eventos del Papa, Exaudi busca fortalecer la unidad de los cristianos y contribuir a la evangelizaci\u00f3n del mundo, siempre guiados por la doctrina social de la Iglesia. Trabajamos para acercar la verdad y los valores cristianos a cada rinc\u00f3n del planeta. \u00a1Ay\u00fadanos a transformar el mundo con Exaudi! En Exaudi creemos que la evangelizaci\u00f3n y la informaci\u00f3n de calidad pueden cambiar vidas. Para continuar con nuestra misi\u00f3n y expandir nuestro alcance, necesitamos tu ayuda. Adem\u00e1s, buscamos personas comprometidas que deseen unirse a nuestro equipo. Con tu apoyo, lograremos llegar a m\u00e1s personas, difundir el mensaje de Cristo y reforzar la unidad de los cristianos. \u00bfTe unes a nuestra misi\u00f3n? Para m\u00e1s informaci\u00f3n sobre c\u00f3mo colaborar, visita Exaudi.org\/es o cont\u00e1ctanos directamente: info@exaudi.org Exaudi: Informa, forma y transforma.","sameAs":["https:\/\/www.facebook.com\/ExaudiNoticias\/","https:\/\/www.instagram.com\/exaudi_noticias\/","https:\/\/x.com\/Exaudi_noticias","https:\/\/www.youtube.com\/@exaudicatholicnews"],"url":"https:\/\/exaudi.org\/es\/author\/redaccionexaudi\/"}]}},"jetpack_featured_media_url":"https:\/\/exaudi.org\/wp-content\/uploads\/2022\/10\/Comunion-y-Liberacion-scaled.jpg","jetpack_shortlink":"https:\/\/wp.me\/pgKjF2-gDp","_links":{"self":[{"href":"https:\/\/exaudi.org\/es\/wp-json\/wp\/v2\/posts\/63947","targetHints":{"allow":["GET"]}}],"collection":[{"href":"https:\/\/exaudi.org\/es\/wp-json\/wp\/v2\/posts"}],"about":[{"href":"https:\/\/exaudi.org\/es\/wp-json\/wp\/v2\/types\/post"}],"author":[{"embeddable":true,"href":"https:\/\/exaudi.org\/es\/wp-json\/wp\/v2\/users\/15"}],"replies":[{"embeddable":true,"href":"https:\/\/exaudi.org\/es\/wp-json\/wp\/v2\/comments?post=63947"}],"version-history":[{"count":0,"href":"https:\/\/exaudi.org\/es\/wp-json\/wp\/v2\/posts\/63947\/revisions"}],"wp:featuredmedia":[{"embeddable":true,"href":"https:\/\/exaudi.org\/es\/wp-json\/wp\/v2\/media\/63948"}],"wp:attachment":[{"href":"https:\/\/exaudi.org\/es\/wp-json\/wp\/v2\/media?parent=63947"}],"wp:term":[{"taxonomy":"category","embeddable":true,"href":"https:\/\/exaudi.org\/es\/wp-json\/wp\/v2\/categories?post=63947"},{"taxonomy":"post_tag","embeddable":true,"href":"https:\/\/exaudi.org\/es\/wp-json\/wp\/v2\/tags?post=63947"}],"curies":[{"name":"wp","href":"https:\/\/api.w.org\/{rel}","templated":true}]}}