{"id":63719,"date":"2022-10-08T19:56:05","date_gmt":"2022-10-08T17:56:05","guid":{"rendered":"https:\/\/exaudi.org\/?p=63719"},"modified":"2022-10-10T18:13:32","modified_gmt":"2022-10-10T16:13:32","slug":"gran-oportunidad-para-repensar-la-pastoral-de-turismo","status":"publish","type":"post","link":"https:\/\/exaudi.org\/es\/gran-oportunidad-para-repensar-la-pastoral-de-turismo\/","title":{"rendered":"\u00abGran oportunidad para repensar la pastoral de turismo\u00bb"},"content":{"rendered":"<p><strong>8 de octubre de 2022<\/strong><\/p>\n<p>El director de la S.A. Xesti\u00f3n do Plan Xacobeo, Ildefonso de la Campa, ofreci\u00f3 la \u00faltima ponencia del congreso abordando las realidades sociales y econ\u00f3micas del Camino de Santiago<br \/>\nEl congreso concluye con la apuesta por \u00abun turismo sostenible,\u00a0donde el encuentro con las personas sea prioritario,\u00a0y enriquecerlo desde la identidad cristiana\u00bb.<\/p>\n<p><strong>El IX Congreso Mundial tendr\u00e1 lugar dentro de tres a\u00f1os en alg\u00fan pa\u00eds de Sudam\u00e9rica<\/strong><\/p>\n<p>El Camino de Santiago centr\u00f3 la \u00faltima jornada del Congreso Mundial de Pastoral de Turismo que celebr\u00f3 en Compostela su VIII edici\u00f3n en el marco del A\u00f1o Santo,\u00a0con la participaci\u00f3n de numerosas autoridades eclesi\u00e1sticas procedentes de diferentes pa\u00edses de todo el mundo.\u00a0Ildefonso de la Campa,\u00a0director del Xacobeo e Relaci\u00f3ns coas Asociaci\u00f3ns do Cami\u00f1o de Santiago,\u00a0fue el encargado de acercar a los congresistas la historia del Camino de Santiago y su puesta en valor desde 1993,\u00a0cuando se crea la S.\u00a0Al respecto,\u00a0De la Campa hizo hincapi\u00e9 en la necesidad de que \u00abesta intensa afluencia de peregrinos sea tratada con la m\u00e1xima prudencia\u00bb,\u00a0se\u00f1al\u00f3 De la Campa,\u00a0\u00abpues est\u00e1 en juego el efecto vertebrador del Camino de Santiago en Galicia\u00bb.\u00a0Declarado Primer Itinerario Cultural Europeo en 1987,\u00a0el Camino de Santiago cuenta con 1.500 kil\u00f3metros de rutas jacobeas repartidas por Galicia.\u00a0Adem\u00e1s,\u00a0hay m\u00e1s de 83.000 kil\u00f3metros de Caminos de Santiago identificados en Europa y m\u00e1s de 350 asociaciones de Amigos del Camino en los cinco continentes,\u00a0a los que calific\u00f3 como \u00ablos grandes valedores para ver el estado y condiciones en el que est\u00e1n las rutas y poder actuar sobre ellos desde la Administraci\u00f3n\u00bb.<\/p>\n<p><img loading=\"lazy\" decoding=\"async\" class=\"size-medium wp-image-63720 alignright\" src=\"https:\/\/exaudi.org\/wp-content\/uploads\/2022\/10\/CMPT_03-300x159.jpg\" alt=\"\" width=\"300\" height=\"159\" srcset=\"https:\/\/exaudi.org\/wp-content\/uploads\/2022\/10\/CMPT_03-300x159.jpg 300w, https:\/\/exaudi.org\/wp-content\/uploads\/2022\/10\/CMPT_03-1024x544.jpg 1024w, https:\/\/exaudi.org\/wp-content\/uploads\/2022\/10\/CMPT_03-770x409.jpg 770w, https:\/\/exaudi.org\/wp-content\/uploads\/2022\/10\/CMPT_03-1536x816.jpg 1536w, https:\/\/exaudi.org\/wp-content\/uploads\/2022\/10\/CMPT_03-500x266.jpg 500w, https:\/\/exaudi.org\/wp-content\/uploads\/2022\/10\/CMPT_03-293x156.jpg 293w, https:\/\/exaudi.org\/wp-content\/uploads\/2022\/10\/CMPT_03-1400x744.jpg 1400w, https:\/\/exaudi.org\/wp-content\/uploads\/2022\/10\/CMPT_03-390x207.jpg 390w, https:\/\/exaudi.org\/wp-content\/uploads\/2022\/10\/CMPT_03.jpg 1751w\" sizes=\"auto, (max-width: 300px) 100vw, 300px\" \/>Asimismo, se\u00f1al\u00f3 que \u201cen invierno hay m\u00e1s peregrinos expertos que recorren la Ruta Jacobea, que le dan m\u00e1s importancia a la reflexi\u00f3n y a la espiritualidad\u201d, mientras que en verano \u201chay peregrinaciones masivas de estudiantes, de grupos de extranjeros\u2026 siendo los m\u00e1s numerosos en julio, agosto y septiembre\u201d<\/p>\n<p>Las estad\u00edsticas tambi\u00e9n constatan el \u00e9xito del Camino de Santiago.\u00a0El congreso finaliz\u00f3 ayer su andadura con las conclusiones tras las ponencias de estos d\u00edas y los desaf\u00edos futuros.\u00a0El obispo auxiliar de Santiago,\u00a0Monse\u00f1or Francisco Prieto,\u00a0se\u00f1al\u00f3 que \u00abel congreso ha sido una gran oportunidad para repensar la pastoral de turismo,\u00a0una pastoral que tiene que abrir un camino de esperanza para los que trabajan en el sector y para los que trabajan como agentes de pastoral\u00bb.\u00a0La jornada finaliz\u00f3 con una peregrinaci\u00f3n desde el Monte do Gozo a la Catedral compostelana,\u00a0donde se celebr\u00f3 la Misa del Peregrino,\u00a0y el emplazamiento al pr\u00f3ximo Congreso Mundial de Pastoral de Turismo que tendr\u00e1 lugar dentro de tres a\u00f1os en alg\u00fan pa\u00eds de Sudam\u00e9rica.<\/p>\n<p><strong>Archidi\u00f3cesis Santiago de Compostela\u00a0<\/strong><\/p>\n","protected":false},"excerpt":{"rendered":"<p>Broche de oro del VIII Congreso Mundial de Pastoral de Turismo<\/p>\n","protected":false},"author":15,"featured_media":63724,"comment_status":"closed","ping_status":"closed","sticky":false,"template":"","format":"standard","meta":{"_acf_changed":false,"_crdt_document":"","inline_featured_image":false,"footnotes":""},"categories":[74],"tags":[2858,7137],"class_list":["post-63719","post","type-post","status-publish","format-standard","has-post-thumbnail","hentry","category-iglesia-y-mundo","tag-santiago-de-compostela","tag-viii-congreso-mundial-de-pastoral-de-turismo"],"acf":[],"yoast_head":"<!-- This site is optimized with the Yoast SEO plugin v27.5 - https:\/\/yoast.com\/product\/yoast-seo-wordpress\/ -->\n<title>&quot;Gran oportunidad para repensar la pastoral de turismo&quot; &#8211; Exaudi<\/title>\n<meta name=\"robots\" content=\"index, follow, max-snippet:-1, max-image-preview:large, max-video-preview:-1\" \/>\n<link rel=\"canonical\" href=\"https:\/\/exaudi.org\/es\/gran-oportunidad-para-repensar-la-pastoral-de-turismo\/\" \/>\n<meta property=\"og:locale\" content=\"es_ES\" \/>\n<meta property=\"og:type\" content=\"article\" \/>\n<meta property=\"og:title\" content=\"&quot;Gran oportunidad para repensar la pastoral de turismo&quot; &#8211; Exaudi\" \/>\n<meta property=\"og:description\" content=\"Broche de oro del VIII Congreso Mundial de Pastoral de Turismo\" \/>\n<meta property=\"og:url\" content=\"https:\/\/exaudi.org\/es\/gran-oportunidad-para-repensar-la-pastoral-de-turismo\/\" \/>\n<meta property=\"og:site_name\" content=\"Exaudi\" \/>\n<meta property=\"article:publisher\" content=\"https:\/\/www.facebook.com\/ExaudiNews\" \/>\n<meta property=\"article:author\" content=\"https:\/\/www.facebook.com\/ExaudiNoticias\/\" \/>\n<meta property=\"article:published_time\" content=\"2022-10-08T17:56:05+00:00\" \/>\n<meta property=\"article:modified_time\" content=\"2022-10-10T16:13:32+00:00\" \/>\n<meta property=\"og:image\" content=\"https:\/\/exaudi.org\/wp-content\/uploads\/2022\/10\/CMPT_02.jpg\" \/>\n\t<meta property=\"og:image:width\" content=\"1743\" \/>\n\t<meta property=\"og:image:height\" content=\"882\" \/>\n\t<meta property=\"og:image:type\" content=\"image\/jpeg\" \/>\n<meta name=\"author\" content=\"Exaudi Redacci\u00f3n\" \/>\n<meta name=\"twitter:card\" content=\"summary_large_image\" \/>\n<meta name=\"twitter:creator\" content=\"@Exaudi_noticias\" \/>\n<meta name=\"twitter:site\" content=\"@Exaudi_News\" \/>\n<meta name=\"twitter:label1\" content=\"Escrito por\" \/>\n\t<meta name=\"twitter:data1\" content=\"Exaudi Redacci\u00f3n\" \/>\n\t<meta name=\"twitter:label2\" content=\"Tiempo de lectura\" \/>\n\t<meta name=\"twitter:data2\" content=\"3 minutos\" \/>\n<script type=\"application\/ld+json\" class=\"yoast-schema-graph\">{\"@context\":\"https:\\\/\\\/schema.org\",\"@graph\":[{\"@type\":\"Article\",\"@id\":\"https:\\\/\\\/exaudi.org\\\/es\\\/gran-oportunidad-para-repensar-la-pastoral-de-turismo\\\/#article\",\"isPartOf\":{\"@id\":\"https:\\\/\\\/exaudi.org\\\/es\\\/gran-oportunidad-para-repensar-la-pastoral-de-turismo\\\/\"},\"author\":{\"name\":\"Exaudi Redacci\u00f3n\",\"@id\":\"https:\\\/\\\/exaudi.org\\\/#\\\/schema\\\/person\\\/f5fc8f063065e38742da7afe15f25df7\"},\"headline\":\"\u00abGran oportunidad para repensar la pastoral de turismo\u00bb\",\"datePublished\":\"2022-10-08T17:56:05+00:00\",\"dateModified\":\"2022-10-10T16:13:32+00:00\",\"mainEntityOfPage\":{\"@id\":\"https:\\\/\\\/exaudi.org\\\/es\\\/gran-oportunidad-para-repensar-la-pastoral-de-turismo\\\/\"},\"wordCount\":490,\"image\":{\"@id\":\"https:\\\/\\\/exaudi.org\\\/es\\\/gran-oportunidad-para-repensar-la-pastoral-de-turismo\\\/#primaryimage\"},\"thumbnailUrl\":\"https:\\\/\\\/exaudi.org\\\/wp-content\\\/uploads\\\/2022\\\/10\\\/CMPT_02.jpg\",\"keywords\":[\"Santiago de Compostela\",\"VIII Congreso Mundial de Pastoral de Turismo\"],\"articleSection\":[\"Iglesia y Mundo\"],\"inLanguage\":\"es\"},{\"@type\":\"WebPage\",\"@id\":\"https:\\\/\\\/exaudi.org\\\/es\\\/gran-oportunidad-para-repensar-la-pastoral-de-turismo\\\/\",\"url\":\"https:\\\/\\\/exaudi.org\\\/es\\\/gran-oportunidad-para-repensar-la-pastoral-de-turismo\\\/\",\"name\":\"\\\"Gran oportunidad para repensar la pastoral de turismo\\\" &#8211; Exaudi\",\"isPartOf\":{\"@id\":\"https:\\\/\\\/exaudi.org\\\/#website\"},\"primaryImageOfPage\":{\"@id\":\"https:\\\/\\\/exaudi.org\\\/es\\\/gran-oportunidad-para-repensar-la-pastoral-de-turismo\\\/#primaryimage\"},\"image\":{\"@id\":\"https:\\\/\\\/exaudi.org\\\/es\\\/gran-oportunidad-para-repensar-la-pastoral-de-turismo\\\/#primaryimage\"},\"thumbnailUrl\":\"https:\\\/\\\/exaudi.org\\\/wp-content\\\/uploads\\\/2022\\\/10\\\/CMPT_02.jpg\",\"datePublished\":\"2022-10-08T17:56:05+00:00\",\"dateModified\":\"2022-10-10T16:13:32+00:00\",\"author\":{\"@id\":\"https:\\\/\\\/exaudi.org\\\/#\\\/schema\\\/person\\\/f5fc8f063065e38742da7afe15f25df7\"},\"breadcrumb\":{\"@id\":\"https:\\\/\\\/exaudi.org\\\/es\\\/gran-oportunidad-para-repensar-la-pastoral-de-turismo\\\/#breadcrumb\"},\"inLanguage\":\"es\",\"potentialAction\":[{\"@type\":\"ReadAction\",\"target\":[\"https:\\\/\\\/exaudi.org\\\/es\\\/gran-oportunidad-para-repensar-la-pastoral-de-turismo\\\/\"]}]},{\"@type\":\"ImageObject\",\"inLanguage\":\"es\",\"@id\":\"https:\\\/\\\/exaudi.org\\\/es\\\/gran-oportunidad-para-repensar-la-pastoral-de-turismo\\\/#primaryimage\",\"url\":\"https:\\\/\\\/exaudi.org\\\/wp-content\\\/uploads\\\/2022\\\/10\\\/CMPT_02.jpg\",\"contentUrl\":\"https:\\\/\\\/exaudi.org\\\/wp-content\\\/uploads\\\/2022\\\/10\\\/CMPT_02.jpg\",\"width\":1743,\"height\":882},{\"@type\":\"BreadcrumbList\",\"@id\":\"https:\\\/\\\/exaudi.org\\\/es\\\/gran-oportunidad-para-repensar-la-pastoral-de-turismo\\\/#breadcrumb\",\"itemListElement\":[{\"@type\":\"ListItem\",\"position\":1,\"name\":\"Portada\",\"item\":\"https:\\\/\\\/exaudi.org\\\/es\\\/\"},{\"@type\":\"ListItem\",\"position\":2,\"name\":\"\u00abGran oportunidad para repensar la pastoral de turismo\u00bb\"}]},{\"@type\":\"WebSite\",\"@id\":\"https:\\\/\\\/exaudi.org\\\/#website\",\"url\":\"https:\\\/\\\/exaudi.org\\\/\",\"name\":\"Exaudi\",\"description\":\"News\",\"potentialAction\":[{\"@type\":\"SearchAction\",\"target\":{\"@type\":\"EntryPoint\",\"urlTemplate\":\"https:\\\/\\\/exaudi.org\\\/?s={search_term_string}\"},\"query-input\":{\"@type\":\"PropertyValueSpecification\",\"valueRequired\":true,\"valueName\":\"search_term_string\"}}],\"inLanguage\":\"es\"},{\"@type\":\"Person\",\"@id\":\"https:\\\/\\\/exaudi.org\\\/#\\\/schema\\\/person\\\/f5fc8f063065e38742da7afe15f25df7\",\"name\":\"Exaudi Redacci\u00f3n\",\"image\":{\"@type\":\"ImageObject\",\"inLanguage\":\"es\",\"@id\":\"https:\\\/\\\/secure.gravatar.com\\\/avatar\\\/fe0f6a059fb68d9b3e11bc5850dd4899b1c7492091a3cb6dd9b01b56ad828be2?s=96&d=mm&r=g\",\"url\":\"https:\\\/\\\/secure.gravatar.com\\\/avatar\\\/fe0f6a059fb68d9b3e11bc5850dd4899b1c7492091a3cb6dd9b01b56ad828be2?s=96&d=mm&r=g\",\"contentUrl\":\"https:\\\/\\\/secure.gravatar.com\\\/avatar\\\/fe0f6a059fb68d9b3e11bc5850dd4899b1c7492091a3cb6dd9b01b56ad828be2?s=96&d=mm&r=g\",\"caption\":\"Exaudi Redacci\u00f3n\"},\"description\":\"\u00bfQu\u00e9 es Exaudi News? Exaudi News es un medio de comunicaci\u00f3n cat\u00f3lico internacional que informa, forma y transforma, diariamente en espa\u00f1ol, ingl\u00e9s e italiano. A trav\u00e9s de noticias, art\u00edculos de an\u00e1lisis y transmisiones en directo de los eventos del Papa, Exaudi busca fortalecer la unidad de los cristianos y contribuir a la evangelizaci\u00f3n del mundo, siempre guiados por la doctrina social de la Iglesia. Trabajamos para acercar la verdad y los valores cristianos a cada rinc\u00f3n del planeta. \u00a1Ay\u00fadanos a transformar el mundo con Exaudi! En Exaudi creemos que la evangelizaci\u00f3n y la informaci\u00f3n de calidad pueden cambiar vidas. Para continuar con nuestra misi\u00f3n y expandir nuestro alcance, necesitamos tu ayuda. Adem\u00e1s, buscamos personas comprometidas que deseen unirse a nuestro equipo. Con tu apoyo, lograremos llegar a m\u00e1s personas, difundir el mensaje de Cristo y reforzar la unidad de los cristianos. \u00bfTe unes a nuestra misi\u00f3n? Para m\u00e1s informaci\u00f3n sobre c\u00f3mo colaborar, visita Exaudi.org\\\/es o cont\u00e1ctanos directamente: info@exaudi.org Exaudi: Informa, forma y transforma.\",\"sameAs\":[\"https:\\\/\\\/www.facebook.com\\\/ExaudiNoticias\\\/\",\"https:\\\/\\\/www.instagram.com\\\/exaudi_noticias\\\/\",\"https:\\\/\\\/x.com\\\/Exaudi_noticias\",\"https:\\\/\\\/www.youtube.com\\\/@exaudicatholicnews\"],\"url\":\"https:\\\/\\\/exaudi.org\\\/es\\\/author\\\/redaccionexaudi\\\/\"}]}<\/script>\n<!-- \/ Yoast SEO plugin. -->","yoast_head_json":{"title":"\"Gran oportunidad para repensar la pastoral de turismo\" &#8211; Exaudi","robots":{"index":"index","follow":"follow","max-snippet":"max-snippet:-1","max-image-preview":"max-image-preview:large","max-video-preview":"max-video-preview:-1"},"canonical":"https:\/\/exaudi.org\/es\/gran-oportunidad-para-repensar-la-pastoral-de-turismo\/","og_locale":"es_ES","og_type":"article","og_title":"\"Gran oportunidad para repensar la pastoral de turismo\" &#8211; Exaudi","og_description":"Broche de oro del VIII Congreso Mundial de Pastoral de Turismo","og_url":"https:\/\/exaudi.org\/es\/gran-oportunidad-para-repensar-la-pastoral-de-turismo\/","og_site_name":"Exaudi","article_publisher":"https:\/\/www.facebook.com\/ExaudiNews","article_author":"https:\/\/www.facebook.com\/ExaudiNoticias\/","article_published_time":"2022-10-08T17:56:05+00:00","article_modified_time":"2022-10-10T16:13:32+00:00","og_image":[{"width":1743,"height":882,"url":"https:\/\/exaudi.org\/wp-content\/uploads\/2022\/10\/CMPT_02.jpg","type":"image\/jpeg"}],"author":"Exaudi Redacci\u00f3n","twitter_card":"summary_large_image","twitter_creator":"@Exaudi_noticias","twitter_site":"@Exaudi_News","twitter_misc":{"Escrito por":"Exaudi Redacci\u00f3n","Tiempo de lectura":"3 minutos"},"schema":{"@context":"https:\/\/schema.org","@graph":[{"@type":"Article","@id":"https:\/\/exaudi.org\/es\/gran-oportunidad-para-repensar-la-pastoral-de-turismo\/#article","isPartOf":{"@id":"https:\/\/exaudi.org\/es\/gran-oportunidad-para-repensar-la-pastoral-de-turismo\/"},"author":{"name":"Exaudi Redacci\u00f3n","@id":"https:\/\/exaudi.org\/#\/schema\/person\/f5fc8f063065e38742da7afe15f25df7"},"headline":"\u00abGran oportunidad para repensar la pastoral de turismo\u00bb","datePublished":"2022-10-08T17:56:05+00:00","dateModified":"2022-10-10T16:13:32+00:00","mainEntityOfPage":{"@id":"https:\/\/exaudi.org\/es\/gran-oportunidad-para-repensar-la-pastoral-de-turismo\/"},"wordCount":490,"image":{"@id":"https:\/\/exaudi.org\/es\/gran-oportunidad-para-repensar-la-pastoral-de-turismo\/#primaryimage"},"thumbnailUrl":"https:\/\/exaudi.org\/wp-content\/uploads\/2022\/10\/CMPT_02.jpg","keywords":["Santiago de Compostela","VIII Congreso Mundial de Pastoral de Turismo"],"articleSection":["Iglesia y Mundo"],"inLanguage":"es"},{"@type":"WebPage","@id":"https:\/\/exaudi.org\/es\/gran-oportunidad-para-repensar-la-pastoral-de-turismo\/","url":"https:\/\/exaudi.org\/es\/gran-oportunidad-para-repensar-la-pastoral-de-turismo\/","name":"\"Gran oportunidad para repensar la pastoral de turismo\" &#8211; Exaudi","isPartOf":{"@id":"https:\/\/exaudi.org\/#website"},"primaryImageOfPage":{"@id":"https:\/\/exaudi.org\/es\/gran-oportunidad-para-repensar-la-pastoral-de-turismo\/#primaryimage"},"image":{"@id":"https:\/\/exaudi.org\/es\/gran-oportunidad-para-repensar-la-pastoral-de-turismo\/#primaryimage"},"thumbnailUrl":"https:\/\/exaudi.org\/wp-content\/uploads\/2022\/10\/CMPT_02.jpg","datePublished":"2022-10-08T17:56:05+00:00","dateModified":"2022-10-10T16:13:32+00:00","author":{"@id":"https:\/\/exaudi.org\/#\/schema\/person\/f5fc8f063065e38742da7afe15f25df7"},"breadcrumb":{"@id":"https:\/\/exaudi.org\/es\/gran-oportunidad-para-repensar-la-pastoral-de-turismo\/#breadcrumb"},"inLanguage":"es","potentialAction":[{"@type":"ReadAction","target":["https:\/\/exaudi.org\/es\/gran-oportunidad-para-repensar-la-pastoral-de-turismo\/"]}]},{"@type":"ImageObject","inLanguage":"es","@id":"https:\/\/exaudi.org\/es\/gran-oportunidad-para-repensar-la-pastoral-de-turismo\/#primaryimage","url":"https:\/\/exaudi.org\/wp-content\/uploads\/2022\/10\/CMPT_02.jpg","contentUrl":"https:\/\/exaudi.org\/wp-content\/uploads\/2022\/10\/CMPT_02.jpg","width":1743,"height":882},{"@type":"BreadcrumbList","@id":"https:\/\/exaudi.org\/es\/gran-oportunidad-para-repensar-la-pastoral-de-turismo\/#breadcrumb","itemListElement":[{"@type":"ListItem","position":1,"name":"Portada","item":"https:\/\/exaudi.org\/es\/"},{"@type":"ListItem","position":2,"name":"\u00abGran oportunidad para repensar la pastoral de turismo\u00bb"}]},{"@type":"WebSite","@id":"https:\/\/exaudi.org\/#website","url":"https:\/\/exaudi.org\/","name":"Exaudi","description":"News","potentialAction":[{"@type":"SearchAction","target":{"@type":"EntryPoint","urlTemplate":"https:\/\/exaudi.org\/?s={search_term_string}"},"query-input":{"@type":"PropertyValueSpecification","valueRequired":true,"valueName":"search_term_string"}}],"inLanguage":"es"},{"@type":"Person","@id":"https:\/\/exaudi.org\/#\/schema\/person\/f5fc8f063065e38742da7afe15f25df7","name":"Exaudi Redacci\u00f3n","image":{"@type":"ImageObject","inLanguage":"es","@id":"https:\/\/secure.gravatar.com\/avatar\/fe0f6a059fb68d9b3e11bc5850dd4899b1c7492091a3cb6dd9b01b56ad828be2?s=96&d=mm&r=g","url":"https:\/\/secure.gravatar.com\/avatar\/fe0f6a059fb68d9b3e11bc5850dd4899b1c7492091a3cb6dd9b01b56ad828be2?s=96&d=mm&r=g","contentUrl":"https:\/\/secure.gravatar.com\/avatar\/fe0f6a059fb68d9b3e11bc5850dd4899b1c7492091a3cb6dd9b01b56ad828be2?s=96&d=mm&r=g","caption":"Exaudi Redacci\u00f3n"},"description":"\u00bfQu\u00e9 es Exaudi News? Exaudi News es un medio de comunicaci\u00f3n cat\u00f3lico internacional que informa, forma y transforma, diariamente en espa\u00f1ol, ingl\u00e9s e italiano. A trav\u00e9s de noticias, art\u00edculos de an\u00e1lisis y transmisiones en directo de los eventos del Papa, Exaudi busca fortalecer la unidad de los cristianos y contribuir a la evangelizaci\u00f3n del mundo, siempre guiados por la doctrina social de la Iglesia. Trabajamos para acercar la verdad y los valores cristianos a cada rinc\u00f3n del planeta. \u00a1Ay\u00fadanos a transformar el mundo con Exaudi! En Exaudi creemos que la evangelizaci\u00f3n y la informaci\u00f3n de calidad pueden cambiar vidas. Para continuar con nuestra misi\u00f3n y expandir nuestro alcance, necesitamos tu ayuda. Adem\u00e1s, buscamos personas comprometidas que deseen unirse a nuestro equipo. Con tu apoyo, lograremos llegar a m\u00e1s personas, difundir el mensaje de Cristo y reforzar la unidad de los cristianos. \u00bfTe unes a nuestra misi\u00f3n? Para m\u00e1s informaci\u00f3n sobre c\u00f3mo colaborar, visita Exaudi.org\/es o cont\u00e1ctanos directamente: info@exaudi.org Exaudi: Informa, forma y transforma.","sameAs":["https:\/\/www.facebook.com\/ExaudiNoticias\/","https:\/\/www.instagram.com\/exaudi_noticias\/","https:\/\/x.com\/Exaudi_noticias","https:\/\/www.youtube.com\/@exaudicatholicnews"],"url":"https:\/\/exaudi.org\/es\/author\/redaccionexaudi\/"}]}},"jetpack_featured_media_url":"https:\/\/exaudi.org\/wp-content\/uploads\/2022\/10\/CMPT_02.jpg","jetpack_shortlink":"https:\/\/wp.me\/pgKjF2-gzJ","_links":{"self":[{"href":"https:\/\/exaudi.org\/es\/wp-json\/wp\/v2\/posts\/63719","targetHints":{"allow":["GET"]}}],"collection":[{"href":"https:\/\/exaudi.org\/es\/wp-json\/wp\/v2\/posts"}],"about":[{"href":"https:\/\/exaudi.org\/es\/wp-json\/wp\/v2\/types\/post"}],"author":[{"embeddable":true,"href":"https:\/\/exaudi.org\/es\/wp-json\/wp\/v2\/users\/15"}],"replies":[{"embeddable":true,"href":"https:\/\/exaudi.org\/es\/wp-json\/wp\/v2\/comments?post=63719"}],"version-history":[{"count":0,"href":"https:\/\/exaudi.org\/es\/wp-json\/wp\/v2\/posts\/63719\/revisions"}],"wp:featuredmedia":[{"embeddable":true,"href":"https:\/\/exaudi.org\/es\/wp-json\/wp\/v2\/media\/63724"}],"wp:attachment":[{"href":"https:\/\/exaudi.org\/es\/wp-json\/wp\/v2\/media?parent=63719"}],"wp:term":[{"taxonomy":"category","embeddable":true,"href":"https:\/\/exaudi.org\/es\/wp-json\/wp\/v2\/categories?post=63719"},{"taxonomy":"post_tag","embeddable":true,"href":"https:\/\/exaudi.org\/es\/wp-json\/wp\/v2\/tags?post=63719"}],"curies":[{"name":"wp","href":"https:\/\/api.w.org\/{rel}","templated":true}]}}