{"id":63658,"date":"2022-10-10T12:29:11","date_gmt":"2022-10-10T10:29:11","guid":{"rendered":"https:\/\/exaudi.org\/?p=63658"},"modified":"2022-10-10T12:29:11","modified_gmt":"2022-10-10T10:29:11","slug":"mensaje-de-la-secretaria-general-del-sinodo-con-motivo-del-60-aniversario-de-la-apertura-del-concilio-ecumenico-vaticano-ii","status":"publish","type":"post","link":"https:\/\/exaudi.org\/es\/mensaje-de-la-secretaria-general-del-sinodo-con-motivo-del-60-aniversario-de-la-apertura-del-concilio-ecumenico-vaticano-ii\/","title":{"rendered":"Mensaje de la Secretar\u00eda General del S\u00ednodo con motivo del 60\u00b0 aniversario de la apertura del Concilio Ecum\u00e9nico Vaticano II"},"content":{"rendered":"<p style=\"font-weight: 400\">El 60\u00ba aniversario de la apertura del Concilio Vaticano II es un momento de particular gracia tambi\u00e9n para el S\u00ednodo, que representa un fruto de aquella asamblea ecum\u00e9nica, de hecho, una de sus \u00abherencias m\u00e1s valiosas\u00bb (Francisco, const. ap. Episcopalis Communio, 15 de septiembre de 2018, 1). El Synodus Episcoporum, de hecho, fue instituido por San Pablo VI al inicio del cuarto y \u00faltimo per\u00edodo del Concilio (15 de septiembre de 1965), atendiendo a las peticiones de muchos padres conciliares.<\/p>\n<p style=\"font-weight: 400\">La finalidad del S\u00ednodo era y sigue siendo la de prolongar, en la vida y en la misi\u00f3n de la Iglesia, el estilo del Concilio Vaticano II, as\u00ed como la de fomentar en el Pueblo de Dios la apropiaci\u00f3n viva de sus ense\u00f1anzas, con la conciencia de que ese Concilio represent\u00f3 \u00abla gran gracia de la que se ha beneficiado la Iglesia en el siglo XX\u00bb (Juan Pablo II, Carta apost\u00f3lica Novo millennio ineunte, 6 de enero de 2001, 57). Una tarea que dista mucho de estar agotada, dado que la recepci\u00f3n del magisterio del Concilio es un proceso continuo, en algunos aspectos todav\u00eda incipiente.<\/p>\n<p style=\"font-weight: 400\">A lo largo de estos decenios, el S\u00ednodo se ha puesto constantemente al servicio del Concilio, contribuyendo a renovar el rostro de la Iglesia, en una fidelidad cada vez m\u00e1s profunda a la Sagrada Escritura y a la Tradici\u00f3n viva y en una escucha atenta de los signos de los tiempos. Sus Asambleas -General Ordinaria, General Extraordinaria y General Especial- se han visto impregnadas, cada una a su manera, por la savia vital del Concilio, cuyas ense\u00f1anzas han profundizado, han abierto la potencialidad frente a nuevos escenarios y han favorecido la inculturaci\u00f3n entre los distintos pueblos.<\/p>\n<p style=\"font-weight: 400\">El actual proceso sinodal, dedicado a la \u00abSinodalidad en la vida y la misi\u00f3n de la Iglesia\u00bb, sigue tambi\u00e9n la senda del Concilio. La sinodalidad es en todo momento un tema del Concilio, aunque este t\u00e9rmino -de reciente acu\u00f1aci\u00f3n- no se encuentre expresamente en los documentos de la asamblea ecum\u00e9nica. La magna charta del S\u00ednodo 2021-2023 es la ense\u00f1anza del Concilio sobre la Iglesia, en particular su teolog\u00eda del Pueblo de Dios, \u00abLa condici\u00f3n de este pueblo es la dignidad y la libertad de los hijos de Dios, en cuyos corazones habita el Esp\u00edritu Santo como en un templo\u00bb (Lumen gentium 9).<\/p>\n<p style=\"font-weight: 400\">Despu\u00e9s de todo, \u00abcomuni\u00f3n, participaci\u00f3n y misi\u00f3n\u00bb -los t\u00e9rminos que el Papa Francisco ha querido incluir en el propio t\u00edtulo del camino sinodal, convirti\u00e9ndolos en las palabras clave, por as\u00ed decirlo- son palabras eminentemente conciliares. La Iglesia que estamos llamados a so\u00f1ar y construir es una comunidad de mujeres y hombres unidos en comuni\u00f3n por la \u00fanica fe, por el com\u00fan Bautismo y por la misma Eucarist\u00eda, a imagen del Dios Trinidad: mujeres y hombres que juntos, en la diversidad de ministerios y carismas recibidos, participan activamente en la instauraci\u00f3n del Reino de Dios, con el af\u00e1n misionero de llevar a todos y a todas el testimonio gozoso de Cristo, \u00fanico Salvador del mundo.<\/p>\n<p style=\"font-weight: 400\">Benedicto XVI ha afirmado ya que \u00abla dimensi\u00f3n sinodal es constitutiva de la Iglesia: consiste en reunir a personas de todos los pueblos y culturas para hacerse uno en Cristo y caminar juntos hacia \u00c9l, que dijo: \u00abYo soy el Camino, la Verdad y la Vida\u201d (Jn 14,6)\u00bb (\u00c1ngelus, 5 de octubre de 2008). En el mismo horizonte, el Papa Francisco, al conmemorar el 50 aniversario de la instituci\u00f3n del S\u00ednodo, afirm\u00f3 que el camino de la sinodalidad, \u00abdimensi\u00f3n constitutiva de la Iglesia\u00bb, \u00abes el camino que Dios espera de la Iglesia del tercer milenio\u00bb (17 de octubre de 2015).<\/p>\n","protected":false},"excerpt":{"rendered":"<p>11 de octubre de 1962 &#8211; 11 de octubre de 2022<\/p>\n","protected":false},"author":15,"featured_media":63659,"comment_status":"closed","ping_status":"closed","sticky":false,"template":"","format":"standard","meta":{"_acf_changed":false,"_crdt_document":"","inline_featured_image":false,"footnotes":""},"categories":[114,68],"tags":[6424],"class_list":["post-63658","post","type-post","status-publish","format-standard","has-post-thumbnail","hentry","category-homilias","category-leon-xiv","tag-papa-francesco-es-2"],"acf":[],"yoast_head":"<!-- This site is optimized with the Yoast SEO plugin v27.5 - https:\/\/yoast.com\/product\/yoast-seo-wordpress\/ -->\n<title>Mensaje de la Secretar\u00eda General del S\u00ednodo con motivo del 60\u00b0 aniversario de la apertura del Concilio Ecum\u00e9nico Vaticano II &#8211; Exaudi<\/title>\n<meta name=\"robots\" content=\"index, follow, max-snippet:-1, max-image-preview:large, max-video-preview:-1\" \/>\n<link rel=\"canonical\" href=\"https:\/\/exaudi.org\/es\/mensaje-de-la-secretaria-general-del-sinodo-con-motivo-del-60-aniversario-de-la-apertura-del-concilio-ecumenico-vaticano-ii\/\" \/>\n<meta property=\"og:locale\" content=\"es_ES\" \/>\n<meta property=\"og:type\" content=\"article\" \/>\n<meta property=\"og:title\" content=\"Mensaje de la Secretar\u00eda General del S\u00ednodo con motivo del 60\u00b0 aniversario de la apertura del Concilio Ecum\u00e9nico Vaticano II &#8211; Exaudi\" \/>\n<meta property=\"og:description\" content=\"11 de octubre de 1962 - 11 de octubre de 2022\" \/>\n<meta property=\"og:url\" content=\"https:\/\/exaudi.org\/es\/mensaje-de-la-secretaria-general-del-sinodo-con-motivo-del-60-aniversario-de-la-apertura-del-concilio-ecumenico-vaticano-ii\/\" \/>\n<meta property=\"og:site_name\" content=\"Exaudi\" \/>\n<meta property=\"article:publisher\" content=\"https:\/\/www.facebook.com\/ExaudiNews\" \/>\n<meta property=\"article:author\" content=\"https:\/\/www.facebook.com\/ExaudiNoticias\/\" \/>\n<meta property=\"article:published_time\" content=\"2022-10-10T10:29:11+00:00\" \/>\n<meta property=\"og:image\" content=\"https:\/\/exaudi.org\/wp-content\/uploads\/2022\/10\/Captura-de-Pantalla-2022-10-10-a-las-12.24.45-1024x682.png\" \/>\n\t<meta property=\"og:image:width\" content=\"1024\" \/>\n\t<meta property=\"og:image:height\" content=\"682\" \/>\n\t<meta property=\"og:image:type\" content=\"image\/png\" \/>\n<meta name=\"author\" content=\"Exaudi Redacci\u00f3n\" \/>\n<meta name=\"twitter:card\" content=\"summary_large_image\" \/>\n<meta name=\"twitter:creator\" content=\"@Exaudi_noticias\" \/>\n<meta name=\"twitter:site\" content=\"@Exaudi_News\" \/>\n<meta name=\"twitter:label1\" content=\"Escrito por\" \/>\n\t<meta name=\"twitter:data1\" content=\"Exaudi Redacci\u00f3n\" \/>\n\t<meta name=\"twitter:label2\" content=\"Tiempo de lectura\" \/>\n\t<meta name=\"twitter:data2\" content=\"3 minutos\" \/>\n<script type=\"application\/ld+json\" class=\"yoast-schema-graph\">{\"@context\":\"https:\\\/\\\/schema.org\",\"@graph\":[{\"@type\":\"Article\",\"@id\":\"https:\\\/\\\/exaudi.org\\\/es\\\/mensaje-de-la-secretaria-general-del-sinodo-con-motivo-del-60-aniversario-de-la-apertura-del-concilio-ecumenico-vaticano-ii\\\/#article\",\"isPartOf\":{\"@id\":\"https:\\\/\\\/exaudi.org\\\/es\\\/mensaje-de-la-secretaria-general-del-sinodo-con-motivo-del-60-aniversario-de-la-apertura-del-concilio-ecumenico-vaticano-ii\\\/\"},\"author\":{\"name\":\"Exaudi Redacci\u00f3n\",\"@id\":\"https:\\\/\\\/exaudi.org\\\/#\\\/schema\\\/person\\\/f5fc8f063065e38742da7afe15f25df7\"},\"headline\":\"Mensaje de la Secretar\u00eda General del S\u00ednodo con motivo del 60\u00b0 aniversario de la apertura del Concilio Ecum\u00e9nico Vaticano II\",\"datePublished\":\"2022-10-10T10:29:11+00:00\",\"mainEntityOfPage\":{\"@id\":\"https:\\\/\\\/exaudi.org\\\/es\\\/mensaje-de-la-secretaria-general-del-sinodo-con-motivo-del-60-aniversario-de-la-apertura-del-concilio-ecumenico-vaticano-ii\\\/\"},\"wordCount\":648,\"image\":{\"@id\":\"https:\\\/\\\/exaudi.org\\\/es\\\/mensaje-de-la-secretaria-general-del-sinodo-con-motivo-del-60-aniversario-de-la-apertura-del-concilio-ecumenico-vaticano-ii\\\/#primaryimage\"},\"thumbnailUrl\":\"https:\\\/\\\/exaudi.org\\\/wp-content\\\/uploads\\\/2022\\\/10\\\/Captura-de-Pantalla-2022-10-10-a-las-12.24.45.png\",\"keywords\":[\"Papa Francesco\"],\"articleSection\":[\"Homilias\",\"Le\u00f3n XIV\"],\"inLanguage\":\"es\"},{\"@type\":\"WebPage\",\"@id\":\"https:\\\/\\\/exaudi.org\\\/es\\\/mensaje-de-la-secretaria-general-del-sinodo-con-motivo-del-60-aniversario-de-la-apertura-del-concilio-ecumenico-vaticano-ii\\\/\",\"url\":\"https:\\\/\\\/exaudi.org\\\/es\\\/mensaje-de-la-secretaria-general-del-sinodo-con-motivo-del-60-aniversario-de-la-apertura-del-concilio-ecumenico-vaticano-ii\\\/\",\"name\":\"Mensaje de la Secretar\u00eda General del S\u00ednodo con motivo del 60\u00b0 aniversario de la apertura del Concilio Ecum\u00e9nico Vaticano II &#8211; Exaudi\",\"isPartOf\":{\"@id\":\"https:\\\/\\\/exaudi.org\\\/#website\"},\"primaryImageOfPage\":{\"@id\":\"https:\\\/\\\/exaudi.org\\\/es\\\/mensaje-de-la-secretaria-general-del-sinodo-con-motivo-del-60-aniversario-de-la-apertura-del-concilio-ecumenico-vaticano-ii\\\/#primaryimage\"},\"image\":{\"@id\":\"https:\\\/\\\/exaudi.org\\\/es\\\/mensaje-de-la-secretaria-general-del-sinodo-con-motivo-del-60-aniversario-de-la-apertura-del-concilio-ecumenico-vaticano-ii\\\/#primaryimage\"},\"thumbnailUrl\":\"https:\\\/\\\/exaudi.org\\\/wp-content\\\/uploads\\\/2022\\\/10\\\/Captura-de-Pantalla-2022-10-10-a-las-12.24.45.png\",\"datePublished\":\"2022-10-10T10:29:11+00:00\",\"author\":{\"@id\":\"https:\\\/\\\/exaudi.org\\\/#\\\/schema\\\/person\\\/f5fc8f063065e38742da7afe15f25df7\"},\"breadcrumb\":{\"@id\":\"https:\\\/\\\/exaudi.org\\\/es\\\/mensaje-de-la-secretaria-general-del-sinodo-con-motivo-del-60-aniversario-de-la-apertura-del-concilio-ecumenico-vaticano-ii\\\/#breadcrumb\"},\"inLanguage\":\"es\",\"potentialAction\":[{\"@type\":\"ReadAction\",\"target\":[\"https:\\\/\\\/exaudi.org\\\/es\\\/mensaje-de-la-secretaria-general-del-sinodo-con-motivo-del-60-aniversario-de-la-apertura-del-concilio-ecumenico-vaticano-ii\\\/\"]}]},{\"@type\":\"ImageObject\",\"inLanguage\":\"es\",\"@id\":\"https:\\\/\\\/exaudi.org\\\/es\\\/mensaje-de-la-secretaria-general-del-sinodo-con-motivo-del-60-aniversario-de-la-apertura-del-concilio-ecumenico-vaticano-ii\\\/#primaryimage\",\"url\":\"https:\\\/\\\/exaudi.org\\\/wp-content\\\/uploads\\\/2022\\\/10\\\/Captura-de-Pantalla-2022-10-10-a-las-12.24.45.png\",\"contentUrl\":\"https:\\\/\\\/exaudi.org\\\/wp-content\\\/uploads\\\/2022\\\/10\\\/Captura-de-Pantalla-2022-10-10-a-las-12.24.45.png\",\"width\":1836,\"height\":1222,\"caption\":\"\u00a9Pexels: Olga Lioncat\"},{\"@type\":\"BreadcrumbList\",\"@id\":\"https:\\\/\\\/exaudi.org\\\/es\\\/mensaje-de-la-secretaria-general-del-sinodo-con-motivo-del-60-aniversario-de-la-apertura-del-concilio-ecumenico-vaticano-ii\\\/#breadcrumb\",\"itemListElement\":[{\"@type\":\"ListItem\",\"position\":1,\"name\":\"Portada\",\"item\":\"https:\\\/\\\/exaudi.org\\\/es\\\/\"},{\"@type\":\"ListItem\",\"position\":2,\"name\":\"Mensaje de la Secretar\u00eda General del S\u00ednodo con motivo del 60\u00b0 aniversario de la apertura del Concilio Ecum\u00e9nico Vaticano II\"}]},{\"@type\":\"WebSite\",\"@id\":\"https:\\\/\\\/exaudi.org\\\/#website\",\"url\":\"https:\\\/\\\/exaudi.org\\\/\",\"name\":\"Exaudi\",\"description\":\"News\",\"potentialAction\":[{\"@type\":\"SearchAction\",\"target\":{\"@type\":\"EntryPoint\",\"urlTemplate\":\"https:\\\/\\\/exaudi.org\\\/?s={search_term_string}\"},\"query-input\":{\"@type\":\"PropertyValueSpecification\",\"valueRequired\":true,\"valueName\":\"search_term_string\"}}],\"inLanguage\":\"es\"},{\"@type\":\"Person\",\"@id\":\"https:\\\/\\\/exaudi.org\\\/#\\\/schema\\\/person\\\/f5fc8f063065e38742da7afe15f25df7\",\"name\":\"Exaudi Redacci\u00f3n\",\"image\":{\"@type\":\"ImageObject\",\"inLanguage\":\"es\",\"@id\":\"https:\\\/\\\/secure.gravatar.com\\\/avatar\\\/fe0f6a059fb68d9b3e11bc5850dd4899b1c7492091a3cb6dd9b01b56ad828be2?s=96&d=mm&r=g\",\"url\":\"https:\\\/\\\/secure.gravatar.com\\\/avatar\\\/fe0f6a059fb68d9b3e11bc5850dd4899b1c7492091a3cb6dd9b01b56ad828be2?s=96&d=mm&r=g\",\"contentUrl\":\"https:\\\/\\\/secure.gravatar.com\\\/avatar\\\/fe0f6a059fb68d9b3e11bc5850dd4899b1c7492091a3cb6dd9b01b56ad828be2?s=96&d=mm&r=g\",\"caption\":\"Exaudi Redacci\u00f3n\"},\"description\":\"\u00bfQu\u00e9 es Exaudi News? Exaudi News es un medio de comunicaci\u00f3n cat\u00f3lico internacional que informa, forma y transforma, diariamente en espa\u00f1ol, ingl\u00e9s e italiano. A trav\u00e9s de noticias, art\u00edculos de an\u00e1lisis y transmisiones en directo de los eventos del Papa, Exaudi busca fortalecer la unidad de los cristianos y contribuir a la evangelizaci\u00f3n del mundo, siempre guiados por la doctrina social de la Iglesia. Trabajamos para acercar la verdad y los valores cristianos a cada rinc\u00f3n del planeta. \u00a1Ay\u00fadanos a transformar el mundo con Exaudi! En Exaudi creemos que la evangelizaci\u00f3n y la informaci\u00f3n de calidad pueden cambiar vidas. Para continuar con nuestra misi\u00f3n y expandir nuestro alcance, necesitamos tu ayuda. Adem\u00e1s, buscamos personas comprometidas que deseen unirse a nuestro equipo. Con tu apoyo, lograremos llegar a m\u00e1s personas, difundir el mensaje de Cristo y reforzar la unidad de los cristianos. \u00bfTe unes a nuestra misi\u00f3n? Para m\u00e1s informaci\u00f3n sobre c\u00f3mo colaborar, visita Exaudi.org\\\/es o cont\u00e1ctanos directamente: info@exaudi.org Exaudi: Informa, forma y transforma.\",\"sameAs\":[\"https:\\\/\\\/www.facebook.com\\\/ExaudiNoticias\\\/\",\"https:\\\/\\\/www.instagram.com\\\/exaudi_noticias\\\/\",\"https:\\\/\\\/x.com\\\/Exaudi_noticias\",\"https:\\\/\\\/www.youtube.com\\\/@exaudicatholicnews\"],\"url\":\"https:\\\/\\\/exaudi.org\\\/es\\\/author\\\/redaccionexaudi\\\/\"}]}<\/script>\n<!-- \/ Yoast SEO plugin. -->","yoast_head_json":{"title":"Mensaje de la Secretar\u00eda General del S\u00ednodo con motivo del 60\u00b0 aniversario de la apertura del Concilio Ecum\u00e9nico Vaticano II &#8211; Exaudi","robots":{"index":"index","follow":"follow","max-snippet":"max-snippet:-1","max-image-preview":"max-image-preview:large","max-video-preview":"max-video-preview:-1"},"canonical":"https:\/\/exaudi.org\/es\/mensaje-de-la-secretaria-general-del-sinodo-con-motivo-del-60-aniversario-de-la-apertura-del-concilio-ecumenico-vaticano-ii\/","og_locale":"es_ES","og_type":"article","og_title":"Mensaje de la Secretar\u00eda General del S\u00ednodo con motivo del 60\u00b0 aniversario de la apertura del Concilio Ecum\u00e9nico Vaticano II &#8211; Exaudi","og_description":"11 de octubre de 1962 - 11 de octubre de 2022","og_url":"https:\/\/exaudi.org\/es\/mensaje-de-la-secretaria-general-del-sinodo-con-motivo-del-60-aniversario-de-la-apertura-del-concilio-ecumenico-vaticano-ii\/","og_site_name":"Exaudi","article_publisher":"https:\/\/www.facebook.com\/ExaudiNews","article_author":"https:\/\/www.facebook.com\/ExaudiNoticias\/","article_published_time":"2022-10-10T10:29:11+00:00","og_image":[{"width":1024,"height":682,"url":"https:\/\/exaudi.org\/wp-content\/uploads\/2022\/10\/Captura-de-Pantalla-2022-10-10-a-las-12.24.45-1024x682.png","type":"image\/png"}],"author":"Exaudi Redacci\u00f3n","twitter_card":"summary_large_image","twitter_creator":"@Exaudi_noticias","twitter_site":"@Exaudi_News","twitter_misc":{"Escrito por":"Exaudi Redacci\u00f3n","Tiempo de lectura":"3 minutos"},"schema":{"@context":"https:\/\/schema.org","@graph":[{"@type":"Article","@id":"https:\/\/exaudi.org\/es\/mensaje-de-la-secretaria-general-del-sinodo-con-motivo-del-60-aniversario-de-la-apertura-del-concilio-ecumenico-vaticano-ii\/#article","isPartOf":{"@id":"https:\/\/exaudi.org\/es\/mensaje-de-la-secretaria-general-del-sinodo-con-motivo-del-60-aniversario-de-la-apertura-del-concilio-ecumenico-vaticano-ii\/"},"author":{"name":"Exaudi Redacci\u00f3n","@id":"https:\/\/exaudi.org\/#\/schema\/person\/f5fc8f063065e38742da7afe15f25df7"},"headline":"Mensaje de la Secretar\u00eda General del S\u00ednodo con motivo del 60\u00b0 aniversario de la apertura del Concilio Ecum\u00e9nico Vaticano II","datePublished":"2022-10-10T10:29:11+00:00","mainEntityOfPage":{"@id":"https:\/\/exaudi.org\/es\/mensaje-de-la-secretaria-general-del-sinodo-con-motivo-del-60-aniversario-de-la-apertura-del-concilio-ecumenico-vaticano-ii\/"},"wordCount":648,"image":{"@id":"https:\/\/exaudi.org\/es\/mensaje-de-la-secretaria-general-del-sinodo-con-motivo-del-60-aniversario-de-la-apertura-del-concilio-ecumenico-vaticano-ii\/#primaryimage"},"thumbnailUrl":"https:\/\/exaudi.org\/wp-content\/uploads\/2022\/10\/Captura-de-Pantalla-2022-10-10-a-las-12.24.45.png","keywords":["Papa Francesco"],"articleSection":["Homilias","Le\u00f3n XIV"],"inLanguage":"es"},{"@type":"WebPage","@id":"https:\/\/exaudi.org\/es\/mensaje-de-la-secretaria-general-del-sinodo-con-motivo-del-60-aniversario-de-la-apertura-del-concilio-ecumenico-vaticano-ii\/","url":"https:\/\/exaudi.org\/es\/mensaje-de-la-secretaria-general-del-sinodo-con-motivo-del-60-aniversario-de-la-apertura-del-concilio-ecumenico-vaticano-ii\/","name":"Mensaje de la Secretar\u00eda General del S\u00ednodo con motivo del 60\u00b0 aniversario de la apertura del Concilio Ecum\u00e9nico Vaticano II &#8211; Exaudi","isPartOf":{"@id":"https:\/\/exaudi.org\/#website"},"primaryImageOfPage":{"@id":"https:\/\/exaudi.org\/es\/mensaje-de-la-secretaria-general-del-sinodo-con-motivo-del-60-aniversario-de-la-apertura-del-concilio-ecumenico-vaticano-ii\/#primaryimage"},"image":{"@id":"https:\/\/exaudi.org\/es\/mensaje-de-la-secretaria-general-del-sinodo-con-motivo-del-60-aniversario-de-la-apertura-del-concilio-ecumenico-vaticano-ii\/#primaryimage"},"thumbnailUrl":"https:\/\/exaudi.org\/wp-content\/uploads\/2022\/10\/Captura-de-Pantalla-2022-10-10-a-las-12.24.45.png","datePublished":"2022-10-10T10:29:11+00:00","author":{"@id":"https:\/\/exaudi.org\/#\/schema\/person\/f5fc8f063065e38742da7afe15f25df7"},"breadcrumb":{"@id":"https:\/\/exaudi.org\/es\/mensaje-de-la-secretaria-general-del-sinodo-con-motivo-del-60-aniversario-de-la-apertura-del-concilio-ecumenico-vaticano-ii\/#breadcrumb"},"inLanguage":"es","potentialAction":[{"@type":"ReadAction","target":["https:\/\/exaudi.org\/es\/mensaje-de-la-secretaria-general-del-sinodo-con-motivo-del-60-aniversario-de-la-apertura-del-concilio-ecumenico-vaticano-ii\/"]}]},{"@type":"ImageObject","inLanguage":"es","@id":"https:\/\/exaudi.org\/es\/mensaje-de-la-secretaria-general-del-sinodo-con-motivo-del-60-aniversario-de-la-apertura-del-concilio-ecumenico-vaticano-ii\/#primaryimage","url":"https:\/\/exaudi.org\/wp-content\/uploads\/2022\/10\/Captura-de-Pantalla-2022-10-10-a-las-12.24.45.png","contentUrl":"https:\/\/exaudi.org\/wp-content\/uploads\/2022\/10\/Captura-de-Pantalla-2022-10-10-a-las-12.24.45.png","width":1836,"height":1222,"caption":"\u00a9Pexels: Olga Lioncat"},{"@type":"BreadcrumbList","@id":"https:\/\/exaudi.org\/es\/mensaje-de-la-secretaria-general-del-sinodo-con-motivo-del-60-aniversario-de-la-apertura-del-concilio-ecumenico-vaticano-ii\/#breadcrumb","itemListElement":[{"@type":"ListItem","position":1,"name":"Portada","item":"https:\/\/exaudi.org\/es\/"},{"@type":"ListItem","position":2,"name":"Mensaje de la Secretar\u00eda General del S\u00ednodo con motivo del 60\u00b0 aniversario de la apertura del Concilio Ecum\u00e9nico Vaticano II"}]},{"@type":"WebSite","@id":"https:\/\/exaudi.org\/#website","url":"https:\/\/exaudi.org\/","name":"Exaudi","description":"News","potentialAction":[{"@type":"SearchAction","target":{"@type":"EntryPoint","urlTemplate":"https:\/\/exaudi.org\/?s={search_term_string}"},"query-input":{"@type":"PropertyValueSpecification","valueRequired":true,"valueName":"search_term_string"}}],"inLanguage":"es"},{"@type":"Person","@id":"https:\/\/exaudi.org\/#\/schema\/person\/f5fc8f063065e38742da7afe15f25df7","name":"Exaudi Redacci\u00f3n","image":{"@type":"ImageObject","inLanguage":"es","@id":"https:\/\/secure.gravatar.com\/avatar\/fe0f6a059fb68d9b3e11bc5850dd4899b1c7492091a3cb6dd9b01b56ad828be2?s=96&d=mm&r=g","url":"https:\/\/secure.gravatar.com\/avatar\/fe0f6a059fb68d9b3e11bc5850dd4899b1c7492091a3cb6dd9b01b56ad828be2?s=96&d=mm&r=g","contentUrl":"https:\/\/secure.gravatar.com\/avatar\/fe0f6a059fb68d9b3e11bc5850dd4899b1c7492091a3cb6dd9b01b56ad828be2?s=96&d=mm&r=g","caption":"Exaudi Redacci\u00f3n"},"description":"\u00bfQu\u00e9 es Exaudi News? Exaudi News es un medio de comunicaci\u00f3n cat\u00f3lico internacional que informa, forma y transforma, diariamente en espa\u00f1ol, ingl\u00e9s e italiano. A trav\u00e9s de noticias, art\u00edculos de an\u00e1lisis y transmisiones en directo de los eventos del Papa, Exaudi busca fortalecer la unidad de los cristianos y contribuir a la evangelizaci\u00f3n del mundo, siempre guiados por la doctrina social de la Iglesia. Trabajamos para acercar la verdad y los valores cristianos a cada rinc\u00f3n del planeta. \u00a1Ay\u00fadanos a transformar el mundo con Exaudi! En Exaudi creemos que la evangelizaci\u00f3n y la informaci\u00f3n de calidad pueden cambiar vidas. Para continuar con nuestra misi\u00f3n y expandir nuestro alcance, necesitamos tu ayuda. Adem\u00e1s, buscamos personas comprometidas que deseen unirse a nuestro equipo. Con tu apoyo, lograremos llegar a m\u00e1s personas, difundir el mensaje de Cristo y reforzar la unidad de los cristianos. \u00bfTe unes a nuestra misi\u00f3n? Para m\u00e1s informaci\u00f3n sobre c\u00f3mo colaborar, visita Exaudi.org\/es o cont\u00e1ctanos directamente: info@exaudi.org Exaudi: Informa, forma y transforma.","sameAs":["https:\/\/www.facebook.com\/ExaudiNoticias\/","https:\/\/www.instagram.com\/exaudi_noticias\/","https:\/\/x.com\/Exaudi_noticias","https:\/\/www.youtube.com\/@exaudicatholicnews"],"url":"https:\/\/exaudi.org\/es\/author\/redaccionexaudi\/"}]}},"jetpack_featured_media_url":"https:\/\/exaudi.org\/wp-content\/uploads\/2022\/10\/Captura-de-Pantalla-2022-10-10-a-las-12.24.45.png","jetpack_shortlink":"https:\/\/wp.me\/pgKjF2-gyK","_links":{"self":[{"href":"https:\/\/exaudi.org\/es\/wp-json\/wp\/v2\/posts\/63658","targetHints":{"allow":["GET"]}}],"collection":[{"href":"https:\/\/exaudi.org\/es\/wp-json\/wp\/v2\/posts"}],"about":[{"href":"https:\/\/exaudi.org\/es\/wp-json\/wp\/v2\/types\/post"}],"author":[{"embeddable":true,"href":"https:\/\/exaudi.org\/es\/wp-json\/wp\/v2\/users\/15"}],"replies":[{"embeddable":true,"href":"https:\/\/exaudi.org\/es\/wp-json\/wp\/v2\/comments?post=63658"}],"version-history":[{"count":0,"href":"https:\/\/exaudi.org\/es\/wp-json\/wp\/v2\/posts\/63658\/revisions"}],"wp:featuredmedia":[{"embeddable":true,"href":"https:\/\/exaudi.org\/es\/wp-json\/wp\/v2\/media\/63659"}],"wp:attachment":[{"href":"https:\/\/exaudi.org\/es\/wp-json\/wp\/v2\/media?parent=63658"}],"wp:term":[{"taxonomy":"category","embeddable":true,"href":"https:\/\/exaudi.org\/es\/wp-json\/wp\/v2\/categories?post=63658"},{"taxonomy":"post_tag","embeddable":true,"href":"https:\/\/exaudi.org\/es\/wp-json\/wp\/v2\/tags?post=63658"}],"curies":[{"name":"wp","href":"https:\/\/api.w.org\/{rel}","templated":true}]}}