{"id":63621,"date":"2022-10-08T16:46:49","date_gmt":"2022-10-08T14:46:49","guid":{"rendered":"https:\/\/exaudi.org\/?p=63621"},"modified":"2022-10-09T17:31:00","modified_gmt":"2022-10-09T15:31:00","slug":"el-papa-francisco-el-manana-reflejara-la-esperanza-de-hoy","status":"publish","type":"post","link":"https:\/\/exaudi.org\/es\/el-papa-francisco-el-manana-reflejara-la-esperanza-de-hoy\/","title":{"rendered":"El Papa Francisco: \u00abEl ma\u00f1ana reflejar\u00e1 la esperanza de hoy\u00bb"},"content":{"rendered":"<p>Resumen de las palabras de bienvenida ofrecidas por el Arzobispo de Santiago de Compostela, Juli\u00e1n Barrio Barrio, con motivo de la celebraci\u00f3n del VIII Congreso Mundial de Pastoral del Turismo, que se llevar\u00e1 a cabo del 5 al 8 de octubre de 2022:<\/p>\n<p><strong>Sal de tu tierra\u2026 El ap\u00f3stol Santiago te espera.\u00a0<\/strong>Con este lema anunci\u00f3 la celebraci\u00f3n del A\u00f1o Santo Compostelano 2021-2022. En la Catedral que acoge la tumba del Ap\u00f3stol y guarda su memoria, una realidad viva en el peregrinar cristiano.<\/p>\n<figure id=\"attachment_63626\" aria-describedby=\"caption-attachment-63626\" style=\"width: 300px\" class=\"wp-caption alignright\"><img loading=\"lazy\" decoding=\"async\" class=\"size-medium wp-image-63626\" src=\"https:\/\/exaudi.org\/wp-content\/uploads\/2022\/10\/cq5dam.thumbnail.cropped.750.422-1-2-300x169.jpeg\" alt=\"\" width=\"300\" height=\"169\" srcset=\"https:\/\/exaudi.org\/wp-content\/uploads\/2022\/10\/cq5dam.thumbnail.cropped.750.422-1-2-300x169.jpeg 300w, https:\/\/exaudi.org\/wp-content\/uploads\/2022\/10\/cq5dam.thumbnail.cropped.750.422-1-2-500x281.jpeg 500w, https:\/\/exaudi.org\/wp-content\/uploads\/2022\/10\/cq5dam.thumbnail.cropped.750.422-1-2-293x165.jpeg 293w, https:\/\/exaudi.org\/wp-content\/uploads\/2022\/10\/cq5dam.thumbnail.cropped.750.422-1-2-390x219.jpeg 390w, https:\/\/exaudi.org\/wp-content\/uploads\/2022\/10\/cq5dam.thumbnail.cropped.750.422-1-2.jpeg 750w\" sizes=\"auto, (max-width: 300px) 100vw, 300px\" \/><figcaption id=\"caption-attachment-63626\" class=\"wp-caption-text\">\u00a9 Vatican News<\/figcaption><\/figure>\n<p>La celebraci\u00f3n de los A\u00f1os Santos Compostelanos tiene una connotaci\u00f3n cultural, adem\u00e1s de la espiritual, favoreciendo el despertar religioso y alentando el esp\u00edritu de b\u00fasqueda del sentido de la vida. Los peregrinos a la Casa del Ap\u00f3stol Santiago <em>\u201ccrearon una v\u00eda de cultura, de oraci\u00f3n, de misericordia y conversi\u00f3n, que se ha plasmado en iglesias y hospitales, en albergues, puentes y monasterios\u201d<\/em>, como dec\u00eda el papa Benedicto XVI.<\/p>\n<p><strong>\u00a0<\/strong>La ciudad de Santiago, en medio del drama humano generado por la pandemia y, ahora, por la guerra en Ucrania, quien se pone en camino, percibe que \u201csomos capaces de mirarnos a nosotros mismos con honestidad, de sacar a la luz nuestro propio hast\u00edo y de iniciar caminos nuevos hacia la verdadera libertad. Dios sigue alentando desde lo profundo de los corazones humanos\u201d, como indica el papa Francisco. El ma\u00f1ana reflejar\u00e1 la esperanza de hoy.<\/p>\n<p>Santiago de Compostela, esta ciudad siempre acogedora, \u201c<em>tienda del encuentro y meta de la peregrinaci\u00f3n\u201d\u00a0<\/em>y<em>\u00a0\u201chogar espacioso y de puertas abiertas\u201d<\/em>, es meta de peregrinos y encuentro de corrientes espirituales, de tendencias culturales, econ\u00f3micas y sociales.\u00a0<strong>\u201cPoneos en camino\u2026 Santiago os espera\u201d.\u00a0<\/strong>Esperamos vuestra participaci\u00f3n en el VIII Congreso Mundial de Pastoral del Turismo, que se celebrar\u00e1 en Santiago de Compostela del 5 al 8 de octubre de 2022. \u00a1Bienvenidos!<\/p>\n<p>&nbsp;<\/p>\n","protected":false},"excerpt":{"rendered":"<p>Santiago de Compostela: \u201ctienda del encuentro y meta de la peregrinaci\u00f3n\u201d<\/p>\n","protected":false},"author":15,"featured_media":63623,"comment_status":"closed","ping_status":"closed","sticky":false,"template":"","format":"standard","meta":{"_acf_changed":false,"_crdt_document":"","inline_featured_image":false,"footnotes":""},"categories":[74,59],"tags":[2858,4953,7216],"class_list":["post-63621","post","type-post","status-publish","format-standard","has-post-thumbnail","hentry","category-iglesia-y-mundo","category-featured-news","tag-santiago-de-compostela","tag-trending-es","tag-viii-congreso-mundial-pastoral-de-turismo"],"acf":[],"yoast_head":"<!-- This site is optimized with the Yoast SEO plugin v27.4 - https:\/\/yoast.com\/product\/yoast-seo-wordpress\/ -->\n<title>El Papa Francisco: &quot;El ma\u00f1ana reflejar\u00e1 la esperanza de hoy&quot; &#8211; Exaudi<\/title>\n<meta name=\"robots\" content=\"index, follow, max-snippet:-1, max-image-preview:large, max-video-preview:-1\" \/>\n<link rel=\"canonical\" href=\"https:\/\/exaudi.org\/es\/el-papa-francisco-el-manana-reflejara-la-esperanza-de-hoy\/\" \/>\n<meta property=\"og:locale\" content=\"es_ES\" \/>\n<meta property=\"og:type\" content=\"article\" \/>\n<meta property=\"og:title\" content=\"El Papa Francisco: &quot;El ma\u00f1ana reflejar\u00e1 la esperanza de hoy&quot; &#8211; Exaudi\" \/>\n<meta property=\"og:description\" content=\"Santiago de Compostela: \u201ctienda del encuentro y meta de la peregrinaci\u00f3n\u201d\" \/>\n<meta property=\"og:url\" content=\"https:\/\/exaudi.org\/es\/el-papa-francisco-el-manana-reflejara-la-esperanza-de-hoy\/\" \/>\n<meta property=\"og:site_name\" content=\"Exaudi\" \/>\n<meta property=\"article:publisher\" content=\"https:\/\/www.facebook.com\/ExaudiNews\" \/>\n<meta property=\"article:author\" content=\"https:\/\/www.facebook.com\/ExaudiNoticias\/\" \/>\n<meta property=\"article:published_time\" content=\"2022-10-08T14:46:49+00:00\" \/>\n<meta property=\"article:modified_time\" content=\"2022-10-09T15:31:00+00:00\" \/>\n<meta property=\"og:image\" content=\"https:\/\/exaudi.org\/wp-content\/uploads\/2022\/10\/cq5dam.thumbnail.cropped.750.422-4.jpeg\" \/>\n\t<meta property=\"og:image:width\" content=\"750\" \/>\n\t<meta property=\"og:image:height\" content=\"422\" \/>\n\t<meta property=\"og:image:type\" content=\"image\/jpeg\" \/>\n<meta name=\"author\" content=\"Exaudi Redacci\u00f3n\" \/>\n<meta name=\"twitter:card\" content=\"summary_large_image\" \/>\n<meta name=\"twitter:creator\" content=\"@Exaudi_noticias\" \/>\n<meta name=\"twitter:site\" content=\"@Exaudi_News\" \/>\n<meta name=\"twitter:label1\" content=\"Escrito por\" \/>\n\t<meta name=\"twitter:data1\" content=\"Exaudi Redacci\u00f3n\" \/>\n\t<meta name=\"twitter:label2\" content=\"Tiempo de lectura\" \/>\n\t<meta name=\"twitter:data2\" content=\"2 minutos\" \/>\n<script type=\"application\/ld+json\" class=\"yoast-schema-graph\">{\"@context\":\"https:\\\/\\\/schema.org\",\"@graph\":[{\"@type\":\"Article\",\"@id\":\"https:\\\/\\\/exaudi.org\\\/es\\\/el-papa-francisco-el-manana-reflejara-la-esperanza-de-hoy\\\/#article\",\"isPartOf\":{\"@id\":\"https:\\\/\\\/exaudi.org\\\/es\\\/el-papa-francisco-el-manana-reflejara-la-esperanza-de-hoy\\\/\"},\"author\":{\"name\":\"Exaudi Redacci\u00f3n\",\"@id\":\"https:\\\/\\\/exaudi.org\\\/#\\\/schema\\\/person\\\/f5fc8f063065e38742da7afe15f25df7\"},\"headline\":\"El Papa Francisco: \u00abEl ma\u00f1ana reflejar\u00e1 la esperanza de hoy\u00bb\",\"datePublished\":\"2022-10-08T14:46:49+00:00\",\"dateModified\":\"2022-10-09T15:31:00+00:00\",\"mainEntityOfPage\":{\"@id\":\"https:\\\/\\\/exaudi.org\\\/es\\\/el-papa-francisco-el-manana-reflejara-la-esperanza-de-hoy\\\/\"},\"wordCount\":334,\"image\":{\"@id\":\"https:\\\/\\\/exaudi.org\\\/es\\\/el-papa-francisco-el-manana-reflejara-la-esperanza-de-hoy\\\/#primaryimage\"},\"thumbnailUrl\":\"https:\\\/\\\/exaudi.org\\\/wp-content\\\/uploads\\\/2022\\\/10\\\/cq5dam.thumbnail.cropped.750.422-4.jpeg\",\"keywords\":[\"Santiago de Compostela\",\"Trending\",\"VIII Congreso Mundial Pastoral de Turismo\"],\"articleSection\":[\"Iglesia y Mundo\",\"Featured News\"],\"inLanguage\":\"es\"},{\"@type\":\"WebPage\",\"@id\":\"https:\\\/\\\/exaudi.org\\\/es\\\/el-papa-francisco-el-manana-reflejara-la-esperanza-de-hoy\\\/\",\"url\":\"https:\\\/\\\/exaudi.org\\\/es\\\/el-papa-francisco-el-manana-reflejara-la-esperanza-de-hoy\\\/\",\"name\":\"El Papa Francisco: \\\"El ma\u00f1ana reflejar\u00e1 la esperanza de hoy\\\" &#8211; Exaudi\",\"isPartOf\":{\"@id\":\"https:\\\/\\\/exaudi.org\\\/#website\"},\"primaryImageOfPage\":{\"@id\":\"https:\\\/\\\/exaudi.org\\\/es\\\/el-papa-francisco-el-manana-reflejara-la-esperanza-de-hoy\\\/#primaryimage\"},\"image\":{\"@id\":\"https:\\\/\\\/exaudi.org\\\/es\\\/el-papa-francisco-el-manana-reflejara-la-esperanza-de-hoy\\\/#primaryimage\"},\"thumbnailUrl\":\"https:\\\/\\\/exaudi.org\\\/wp-content\\\/uploads\\\/2022\\\/10\\\/cq5dam.thumbnail.cropped.750.422-4.jpeg\",\"datePublished\":\"2022-10-08T14:46:49+00:00\",\"dateModified\":\"2022-10-09T15:31:00+00:00\",\"author\":{\"@id\":\"https:\\\/\\\/exaudi.org\\\/#\\\/schema\\\/person\\\/f5fc8f063065e38742da7afe15f25df7\"},\"breadcrumb\":{\"@id\":\"https:\\\/\\\/exaudi.org\\\/es\\\/el-papa-francisco-el-manana-reflejara-la-esperanza-de-hoy\\\/#breadcrumb\"},\"inLanguage\":\"es\",\"potentialAction\":[{\"@type\":\"ReadAction\",\"target\":[\"https:\\\/\\\/exaudi.org\\\/es\\\/el-papa-francisco-el-manana-reflejara-la-esperanza-de-hoy\\\/\"]}]},{\"@type\":\"ImageObject\",\"inLanguage\":\"es\",\"@id\":\"https:\\\/\\\/exaudi.org\\\/es\\\/el-papa-francisco-el-manana-reflejara-la-esperanza-de-hoy\\\/#primaryimage\",\"url\":\"https:\\\/\\\/exaudi.org\\\/wp-content\\\/uploads\\\/2022\\\/10\\\/cq5dam.thumbnail.cropped.750.422-4.jpeg\",\"contentUrl\":\"https:\\\/\\\/exaudi.org\\\/wp-content\\\/uploads\\\/2022\\\/10\\\/cq5dam.thumbnail.cropped.750.422-4.jpeg\",\"width\":750,\"height\":422,\"caption\":\"\u00a9 Vatican News\"},{\"@type\":\"BreadcrumbList\",\"@id\":\"https:\\\/\\\/exaudi.org\\\/es\\\/el-papa-francisco-el-manana-reflejara-la-esperanza-de-hoy\\\/#breadcrumb\",\"itemListElement\":[{\"@type\":\"ListItem\",\"position\":1,\"name\":\"Portada\",\"item\":\"https:\\\/\\\/exaudi.org\\\/es\\\/\"},{\"@type\":\"ListItem\",\"position\":2,\"name\":\"El Papa Francisco: \u00abEl ma\u00f1ana reflejar\u00e1 la esperanza de hoy\u00bb\"}]},{\"@type\":\"WebSite\",\"@id\":\"https:\\\/\\\/exaudi.org\\\/#website\",\"url\":\"https:\\\/\\\/exaudi.org\\\/\",\"name\":\"Exaudi\",\"description\":\"News\",\"potentialAction\":[{\"@type\":\"SearchAction\",\"target\":{\"@type\":\"EntryPoint\",\"urlTemplate\":\"https:\\\/\\\/exaudi.org\\\/?s={search_term_string}\"},\"query-input\":{\"@type\":\"PropertyValueSpecification\",\"valueRequired\":true,\"valueName\":\"search_term_string\"}}],\"inLanguage\":\"es\"},{\"@type\":\"Person\",\"@id\":\"https:\\\/\\\/exaudi.org\\\/#\\\/schema\\\/person\\\/f5fc8f063065e38742da7afe15f25df7\",\"name\":\"Exaudi Redacci\u00f3n\",\"image\":{\"@type\":\"ImageObject\",\"inLanguage\":\"es\",\"@id\":\"https:\\\/\\\/secure.gravatar.com\\\/avatar\\\/fe0f6a059fb68d9b3e11bc5850dd4899b1c7492091a3cb6dd9b01b56ad828be2?s=96&d=mm&r=g\",\"url\":\"https:\\\/\\\/secure.gravatar.com\\\/avatar\\\/fe0f6a059fb68d9b3e11bc5850dd4899b1c7492091a3cb6dd9b01b56ad828be2?s=96&d=mm&r=g\",\"contentUrl\":\"https:\\\/\\\/secure.gravatar.com\\\/avatar\\\/fe0f6a059fb68d9b3e11bc5850dd4899b1c7492091a3cb6dd9b01b56ad828be2?s=96&d=mm&r=g\",\"caption\":\"Exaudi Redacci\u00f3n\"},\"description\":\"\u00bfQu\u00e9 es Exaudi News? Exaudi News es un medio de comunicaci\u00f3n cat\u00f3lico internacional que informa, forma y transforma, diariamente en espa\u00f1ol, ingl\u00e9s e italiano. A trav\u00e9s de noticias, art\u00edculos de an\u00e1lisis y transmisiones en directo de los eventos del Papa, Exaudi busca fortalecer la unidad de los cristianos y contribuir a la evangelizaci\u00f3n del mundo, siempre guiados por la doctrina social de la Iglesia. Trabajamos para acercar la verdad y los valores cristianos a cada rinc\u00f3n del planeta. \u00a1Ay\u00fadanos a transformar el mundo con Exaudi! En Exaudi creemos que la evangelizaci\u00f3n y la informaci\u00f3n de calidad pueden cambiar vidas. Para continuar con nuestra misi\u00f3n y expandir nuestro alcance, necesitamos tu ayuda. Adem\u00e1s, buscamos personas comprometidas que deseen unirse a nuestro equipo. Con tu apoyo, lograremos llegar a m\u00e1s personas, difundir el mensaje de Cristo y reforzar la unidad de los cristianos. \u00bfTe unes a nuestra misi\u00f3n? Para m\u00e1s informaci\u00f3n sobre c\u00f3mo colaborar, visita Exaudi.org\\\/es o cont\u00e1ctanos directamente: info@exaudi.org Exaudi: Informa, forma y transforma.\",\"sameAs\":[\"https:\\\/\\\/www.facebook.com\\\/ExaudiNoticias\\\/\",\"https:\\\/\\\/www.instagram.com\\\/exaudi_noticias\\\/\",\"https:\\\/\\\/x.com\\\/Exaudi_noticias\",\"https:\\\/\\\/www.youtube.com\\\/@exaudicatholicnews\"],\"url\":\"https:\\\/\\\/exaudi.org\\\/es\\\/author\\\/redaccionexaudi\\\/\"}]}<\/script>\n<!-- \/ Yoast SEO plugin. -->","yoast_head_json":{"title":"El Papa Francisco: \"El ma\u00f1ana reflejar\u00e1 la esperanza de hoy\" &#8211; Exaudi","robots":{"index":"index","follow":"follow","max-snippet":"max-snippet:-1","max-image-preview":"max-image-preview:large","max-video-preview":"max-video-preview:-1"},"canonical":"https:\/\/exaudi.org\/es\/el-papa-francisco-el-manana-reflejara-la-esperanza-de-hoy\/","og_locale":"es_ES","og_type":"article","og_title":"El Papa Francisco: \"El ma\u00f1ana reflejar\u00e1 la esperanza de hoy\" &#8211; Exaudi","og_description":"Santiago de Compostela: \u201ctienda del encuentro y meta de la peregrinaci\u00f3n\u201d","og_url":"https:\/\/exaudi.org\/es\/el-papa-francisco-el-manana-reflejara-la-esperanza-de-hoy\/","og_site_name":"Exaudi","article_publisher":"https:\/\/www.facebook.com\/ExaudiNews","article_author":"https:\/\/www.facebook.com\/ExaudiNoticias\/","article_published_time":"2022-10-08T14:46:49+00:00","article_modified_time":"2022-10-09T15:31:00+00:00","og_image":[{"width":750,"height":422,"url":"https:\/\/exaudi.org\/wp-content\/uploads\/2022\/10\/cq5dam.thumbnail.cropped.750.422-4.jpeg","type":"image\/jpeg"}],"author":"Exaudi Redacci\u00f3n","twitter_card":"summary_large_image","twitter_creator":"@Exaudi_noticias","twitter_site":"@Exaudi_News","twitter_misc":{"Escrito por":"Exaudi Redacci\u00f3n","Tiempo de lectura":"2 minutos"},"schema":{"@context":"https:\/\/schema.org","@graph":[{"@type":"Article","@id":"https:\/\/exaudi.org\/es\/el-papa-francisco-el-manana-reflejara-la-esperanza-de-hoy\/#article","isPartOf":{"@id":"https:\/\/exaudi.org\/es\/el-papa-francisco-el-manana-reflejara-la-esperanza-de-hoy\/"},"author":{"name":"Exaudi Redacci\u00f3n","@id":"https:\/\/exaudi.org\/#\/schema\/person\/f5fc8f063065e38742da7afe15f25df7"},"headline":"El Papa Francisco: \u00abEl ma\u00f1ana reflejar\u00e1 la esperanza de hoy\u00bb","datePublished":"2022-10-08T14:46:49+00:00","dateModified":"2022-10-09T15:31:00+00:00","mainEntityOfPage":{"@id":"https:\/\/exaudi.org\/es\/el-papa-francisco-el-manana-reflejara-la-esperanza-de-hoy\/"},"wordCount":334,"image":{"@id":"https:\/\/exaudi.org\/es\/el-papa-francisco-el-manana-reflejara-la-esperanza-de-hoy\/#primaryimage"},"thumbnailUrl":"https:\/\/exaudi.org\/wp-content\/uploads\/2022\/10\/cq5dam.thumbnail.cropped.750.422-4.jpeg","keywords":["Santiago de Compostela","Trending","VIII Congreso Mundial Pastoral de Turismo"],"articleSection":["Iglesia y Mundo","Featured News"],"inLanguage":"es"},{"@type":"WebPage","@id":"https:\/\/exaudi.org\/es\/el-papa-francisco-el-manana-reflejara-la-esperanza-de-hoy\/","url":"https:\/\/exaudi.org\/es\/el-papa-francisco-el-manana-reflejara-la-esperanza-de-hoy\/","name":"El Papa Francisco: \"El ma\u00f1ana reflejar\u00e1 la esperanza de hoy\" &#8211; Exaudi","isPartOf":{"@id":"https:\/\/exaudi.org\/#website"},"primaryImageOfPage":{"@id":"https:\/\/exaudi.org\/es\/el-papa-francisco-el-manana-reflejara-la-esperanza-de-hoy\/#primaryimage"},"image":{"@id":"https:\/\/exaudi.org\/es\/el-papa-francisco-el-manana-reflejara-la-esperanza-de-hoy\/#primaryimage"},"thumbnailUrl":"https:\/\/exaudi.org\/wp-content\/uploads\/2022\/10\/cq5dam.thumbnail.cropped.750.422-4.jpeg","datePublished":"2022-10-08T14:46:49+00:00","dateModified":"2022-10-09T15:31:00+00:00","author":{"@id":"https:\/\/exaudi.org\/#\/schema\/person\/f5fc8f063065e38742da7afe15f25df7"},"breadcrumb":{"@id":"https:\/\/exaudi.org\/es\/el-papa-francisco-el-manana-reflejara-la-esperanza-de-hoy\/#breadcrumb"},"inLanguage":"es","potentialAction":[{"@type":"ReadAction","target":["https:\/\/exaudi.org\/es\/el-papa-francisco-el-manana-reflejara-la-esperanza-de-hoy\/"]}]},{"@type":"ImageObject","inLanguage":"es","@id":"https:\/\/exaudi.org\/es\/el-papa-francisco-el-manana-reflejara-la-esperanza-de-hoy\/#primaryimage","url":"https:\/\/exaudi.org\/wp-content\/uploads\/2022\/10\/cq5dam.thumbnail.cropped.750.422-4.jpeg","contentUrl":"https:\/\/exaudi.org\/wp-content\/uploads\/2022\/10\/cq5dam.thumbnail.cropped.750.422-4.jpeg","width":750,"height":422,"caption":"\u00a9 Vatican News"},{"@type":"BreadcrumbList","@id":"https:\/\/exaudi.org\/es\/el-papa-francisco-el-manana-reflejara-la-esperanza-de-hoy\/#breadcrumb","itemListElement":[{"@type":"ListItem","position":1,"name":"Portada","item":"https:\/\/exaudi.org\/es\/"},{"@type":"ListItem","position":2,"name":"El Papa Francisco: \u00abEl ma\u00f1ana reflejar\u00e1 la esperanza de hoy\u00bb"}]},{"@type":"WebSite","@id":"https:\/\/exaudi.org\/#website","url":"https:\/\/exaudi.org\/","name":"Exaudi","description":"News","potentialAction":[{"@type":"SearchAction","target":{"@type":"EntryPoint","urlTemplate":"https:\/\/exaudi.org\/?s={search_term_string}"},"query-input":{"@type":"PropertyValueSpecification","valueRequired":true,"valueName":"search_term_string"}}],"inLanguage":"es"},{"@type":"Person","@id":"https:\/\/exaudi.org\/#\/schema\/person\/f5fc8f063065e38742da7afe15f25df7","name":"Exaudi Redacci\u00f3n","image":{"@type":"ImageObject","inLanguage":"es","@id":"https:\/\/secure.gravatar.com\/avatar\/fe0f6a059fb68d9b3e11bc5850dd4899b1c7492091a3cb6dd9b01b56ad828be2?s=96&d=mm&r=g","url":"https:\/\/secure.gravatar.com\/avatar\/fe0f6a059fb68d9b3e11bc5850dd4899b1c7492091a3cb6dd9b01b56ad828be2?s=96&d=mm&r=g","contentUrl":"https:\/\/secure.gravatar.com\/avatar\/fe0f6a059fb68d9b3e11bc5850dd4899b1c7492091a3cb6dd9b01b56ad828be2?s=96&d=mm&r=g","caption":"Exaudi Redacci\u00f3n"},"description":"\u00bfQu\u00e9 es Exaudi News? Exaudi News es un medio de comunicaci\u00f3n cat\u00f3lico internacional que informa, forma y transforma, diariamente en espa\u00f1ol, ingl\u00e9s e italiano. A trav\u00e9s de noticias, art\u00edculos de an\u00e1lisis y transmisiones en directo de los eventos del Papa, Exaudi busca fortalecer la unidad de los cristianos y contribuir a la evangelizaci\u00f3n del mundo, siempre guiados por la doctrina social de la Iglesia. Trabajamos para acercar la verdad y los valores cristianos a cada rinc\u00f3n del planeta. \u00a1Ay\u00fadanos a transformar el mundo con Exaudi! En Exaudi creemos que la evangelizaci\u00f3n y la informaci\u00f3n de calidad pueden cambiar vidas. Para continuar con nuestra misi\u00f3n y expandir nuestro alcance, necesitamos tu ayuda. Adem\u00e1s, buscamos personas comprometidas que deseen unirse a nuestro equipo. Con tu apoyo, lograremos llegar a m\u00e1s personas, difundir el mensaje de Cristo y reforzar la unidad de los cristianos. \u00bfTe unes a nuestra misi\u00f3n? Para m\u00e1s informaci\u00f3n sobre c\u00f3mo colaborar, visita Exaudi.org\/es o cont\u00e1ctanos directamente: info@exaudi.org Exaudi: Informa, forma y transforma.","sameAs":["https:\/\/www.facebook.com\/ExaudiNoticias\/","https:\/\/www.instagram.com\/exaudi_noticias\/","https:\/\/x.com\/Exaudi_noticias","https:\/\/www.youtube.com\/@exaudicatholicnews"],"url":"https:\/\/exaudi.org\/es\/author\/redaccionexaudi\/"}]}},"jetpack_featured_media_url":"https:\/\/exaudi.org\/wp-content\/uploads\/2022\/10\/cq5dam.thumbnail.cropped.750.422-4.jpeg","jetpack_shortlink":"https:\/\/wp.me\/pgKjF2-gy9","_links":{"self":[{"href":"https:\/\/exaudi.org\/es\/wp-json\/wp\/v2\/posts\/63621","targetHints":{"allow":["GET"]}}],"collection":[{"href":"https:\/\/exaudi.org\/es\/wp-json\/wp\/v2\/posts"}],"about":[{"href":"https:\/\/exaudi.org\/es\/wp-json\/wp\/v2\/types\/post"}],"author":[{"embeddable":true,"href":"https:\/\/exaudi.org\/es\/wp-json\/wp\/v2\/users\/15"}],"replies":[{"embeddable":true,"href":"https:\/\/exaudi.org\/es\/wp-json\/wp\/v2\/comments?post=63621"}],"version-history":[{"count":0,"href":"https:\/\/exaudi.org\/es\/wp-json\/wp\/v2\/posts\/63621\/revisions"}],"wp:featuredmedia":[{"embeddable":true,"href":"https:\/\/exaudi.org\/es\/wp-json\/wp\/v2\/media\/63623"}],"wp:attachment":[{"href":"https:\/\/exaudi.org\/es\/wp-json\/wp\/v2\/media?parent=63621"}],"wp:term":[{"taxonomy":"category","embeddable":true,"href":"https:\/\/exaudi.org\/es\/wp-json\/wp\/v2\/categories?post=63621"},{"taxonomy":"post_tag","embeddable":true,"href":"https:\/\/exaudi.org\/es\/wp-json\/wp\/v2\/tags?post=63621"}],"curies":[{"name":"wp","href":"https:\/\/api.w.org\/{rel}","templated":true}]}}