{"id":63294,"date":"2022-10-03T16:22:02","date_gmt":"2022-10-03T14:22:02","guid":{"rendered":"https:\/\/exaudi.org\/?p=63294"},"modified":"2022-10-03T16:23:28","modified_gmt":"2022-10-03T14:23:28","slug":"lampedusa-sant-egidio-siguen-muriendo-personas-en-el-mediterraneo-el-recuerdo-del-naufragio-compromete-a-europa-a-salvar-e-integrar","status":"publish","type":"post","link":"https:\/\/exaudi.org\/es\/lampedusa-sant-egidio-siguen-muriendo-personas-en-el-mediterraneo-el-recuerdo-del-naufragio-compromete-a-europa-a-salvar-e-integrar\/","title":{"rendered":"Lampedusa, Sant \u2018Egidio: Siguen muriendo personas en el mediterr\u00e1neo"},"content":{"rendered":"<p>Despu\u00e9s de la tragedia del 3 de octubre de 2013, nacieron los Corredores Humanitarios: se convierte cada vez m\u00e1s en un modelo a seguir<\/p>\n<p>En el D\u00eda Nacional de la Memoria y la Hospitalidad, la Comunidad de Sant&#8217;Egidio rinde homenaje a las 368 v\u00edctimas del naufragio ocurrido frente a las costas de Lampedusa el 3 de octubre de 2013 y recuerda que siguen muriendo personas en las aguas del mar Mediterr\u00e1neo. Un balance que con el paso de los a\u00f1os se hace cada vez m\u00e1s dram\u00e1tico, si pensamos que desde 1990 han muerto m\u00e1s de 61.000 personas intentando llegar a Europa. Con el paso de los a\u00f1os, las rutas han cambiado, pero no las tragedias: hace apenas unos d\u00edas se conoc\u00eda la noticia de la muerte de 80 ciudadanos libaneses y sirios que fallecieron en el naufragio de un barco frente al puerto de Tartus. Ante esta terrible tragedia, se puede y se debe hacer mucho m\u00e1s: continuar con el rescate en el mar y facilitar la entrada regular de migrantes por motivos laborales, de la que Italia, en plena crisis demogr\u00e1fica, est\u00e1 muy necesitada, as\u00ed como fomentar las reagrupaciones familiares.<\/p>\n<p>Tambi\u00e9n hay que fomentar los corredores humanitarios. A trav\u00e9s de este proyecto totalmente autofinanciado, nacido de la indignaci\u00f3n por la masacre de Lampedusa, la Comunidad de Sant&#8217;Egidio -junto con las Iglesias protestantes, la Conferencia Episcopal Italiana y otras organizaciones- ha conseguido traer a Europa a m\u00e1s de 5.100 refugiados, sustray\u00e9ndolos a los traficantes de personas y poni\u00e9ndolos en el camino de la integraci\u00f3n, hasta el punto de que los acogidos hace a\u00f1os son ahora un recurso para nuestro pa\u00eds. Y bas\u00e1ndose en este modelo, las Comunidades de Sant&#8217;Egidio de varios pa\u00edses europeos han ofrecido hospitalidad a m\u00e1s de 1.800 refugiados ucranianos.<\/p>\n<p>Roma, 3 de octubre de 2022<\/p>\n<p>&nbsp;<\/p>\n","protected":false},"excerpt":{"rendered":"<p>El recuerdo del naufragio compromete a Europa a salvar e integrar<\/p>\n","protected":false},"author":15,"featured_media":63303,"comment_status":"closed","ping_status":"closed","sticky":false,"template":"","format":"standard","meta":{"_acf_changed":false,"_crdt_document":"","inline_featured_image":false,"footnotes":""},"categories":[74],"tags":[6962,4953],"class_list":["post-63294","post","type-post","status-publish","format-standard","has-post-thumbnail","hentry","category-iglesia-y-mundo","tag-santegidio-2","tag-trending-es"],"acf":[],"yoast_head":"<!-- This site is optimized with the Yoast SEO plugin v27.4 - https:\/\/yoast.com\/product\/yoast-seo-wordpress\/ -->\n<title>Lampedusa, Sant \u2018Egidio: Siguen muriendo personas en el mediterr\u00e1neo &#8211; Exaudi<\/title>\n<meta name=\"robots\" content=\"index, follow, max-snippet:-1, max-image-preview:large, max-video-preview:-1\" \/>\n<link rel=\"canonical\" href=\"https:\/\/exaudi.org\/es\/lampedusa-sant-egidio-siguen-muriendo-personas-en-el-mediterraneo-el-recuerdo-del-naufragio-compromete-a-europa-a-salvar-e-integrar\/\" \/>\n<meta property=\"og:locale\" content=\"es_ES\" \/>\n<meta property=\"og:type\" content=\"article\" \/>\n<meta property=\"og:title\" content=\"Lampedusa, Sant \u2018Egidio: Siguen muriendo personas en el mediterr\u00e1neo &#8211; Exaudi\" \/>\n<meta property=\"og:description\" content=\"El recuerdo del naufragio compromete a Europa a salvar e integrar\" \/>\n<meta property=\"og:url\" content=\"https:\/\/exaudi.org\/es\/lampedusa-sant-egidio-siguen-muriendo-personas-en-el-mediterraneo-el-recuerdo-del-naufragio-compromete-a-europa-a-salvar-e-integrar\/\" \/>\n<meta property=\"og:site_name\" content=\"Exaudi\" \/>\n<meta property=\"article:publisher\" content=\"https:\/\/www.facebook.com\/ExaudiNews\" \/>\n<meta property=\"article:author\" content=\"https:\/\/www.facebook.com\/ExaudiNoticias\/\" \/>\n<meta property=\"article:published_time\" content=\"2022-10-03T14:22:02+00:00\" \/>\n<meta property=\"article:modified_time\" content=\"2022-10-03T14:23:28+00:00\" \/>\n<meta property=\"og:image\" content=\"https:\/\/exaudi.org\/wp-content\/uploads\/2022\/10\/pexels-gautham-krishnan-12645601-scaled.jpg\" \/>\n\t<meta property=\"og:image:width\" content=\"1707\" \/>\n\t<meta property=\"og:image:height\" content=\"2560\" \/>\n\t<meta property=\"og:image:type\" content=\"image\/jpeg\" \/>\n<meta name=\"author\" content=\"Exaudi Redacci\u00f3n\" \/>\n<meta name=\"twitter:card\" content=\"summary_large_image\" \/>\n<meta name=\"twitter:creator\" content=\"@Exaudi_noticias\" \/>\n<meta name=\"twitter:site\" content=\"@Exaudi_News\" \/>\n<meta name=\"twitter:label1\" content=\"Escrito por\" \/>\n\t<meta name=\"twitter:data1\" content=\"Exaudi Redacci\u00f3n\" \/>\n\t<meta name=\"twitter:label2\" content=\"Tiempo de lectura\" \/>\n\t<meta name=\"twitter:data2\" content=\"2 minutos\" \/>\n<script type=\"application\/ld+json\" class=\"yoast-schema-graph\">{\"@context\":\"https:\\\/\\\/schema.org\",\"@graph\":[{\"@type\":\"Article\",\"@id\":\"https:\\\/\\\/exaudi.org\\\/es\\\/lampedusa-sant-egidio-siguen-muriendo-personas-en-el-mediterraneo-el-recuerdo-del-naufragio-compromete-a-europa-a-salvar-e-integrar\\\/#article\",\"isPartOf\":{\"@id\":\"https:\\\/\\\/exaudi.org\\\/es\\\/lampedusa-sant-egidio-siguen-muriendo-personas-en-el-mediterraneo-el-recuerdo-del-naufragio-compromete-a-europa-a-salvar-e-integrar\\\/\"},\"author\":{\"name\":\"Exaudi Redacci\u00f3n\",\"@id\":\"https:\\\/\\\/exaudi.org\\\/#\\\/schema\\\/person\\\/f5fc8f063065e38742da7afe15f25df7\"},\"headline\":\"Lampedusa, Sant \u2018Egidio: Siguen muriendo personas en el mediterr\u00e1neo\",\"datePublished\":\"2022-10-03T14:22:02+00:00\",\"dateModified\":\"2022-10-03T14:23:28+00:00\",\"mainEntityOfPage\":{\"@id\":\"https:\\\/\\\/exaudi.org\\\/es\\\/lampedusa-sant-egidio-siguen-muriendo-personas-en-el-mediterraneo-el-recuerdo-del-naufragio-compromete-a-europa-a-salvar-e-integrar\\\/\"},\"wordCount\":326,\"image\":{\"@id\":\"https:\\\/\\\/exaudi.org\\\/es\\\/lampedusa-sant-egidio-siguen-muriendo-personas-en-el-mediterraneo-el-recuerdo-del-naufragio-compromete-a-europa-a-salvar-e-integrar\\\/#primaryimage\"},\"thumbnailUrl\":\"https:\\\/\\\/exaudi.org\\\/wp-content\\\/uploads\\\/2022\\\/10\\\/pexels-gautham-krishnan-12645601-scaled.jpg\",\"keywords\":[\"Sant'Egidio\",\"Trending\"],\"articleSection\":[\"Iglesia y Mundo\"],\"inLanguage\":\"es\"},{\"@type\":\"WebPage\",\"@id\":\"https:\\\/\\\/exaudi.org\\\/es\\\/lampedusa-sant-egidio-siguen-muriendo-personas-en-el-mediterraneo-el-recuerdo-del-naufragio-compromete-a-europa-a-salvar-e-integrar\\\/\",\"url\":\"https:\\\/\\\/exaudi.org\\\/es\\\/lampedusa-sant-egidio-siguen-muriendo-personas-en-el-mediterraneo-el-recuerdo-del-naufragio-compromete-a-europa-a-salvar-e-integrar\\\/\",\"name\":\"Lampedusa, Sant \u2018Egidio: Siguen muriendo personas en el mediterr\u00e1neo &#8211; Exaudi\",\"isPartOf\":{\"@id\":\"https:\\\/\\\/exaudi.org\\\/#website\"},\"primaryImageOfPage\":{\"@id\":\"https:\\\/\\\/exaudi.org\\\/es\\\/lampedusa-sant-egidio-siguen-muriendo-personas-en-el-mediterraneo-el-recuerdo-del-naufragio-compromete-a-europa-a-salvar-e-integrar\\\/#primaryimage\"},\"image\":{\"@id\":\"https:\\\/\\\/exaudi.org\\\/es\\\/lampedusa-sant-egidio-siguen-muriendo-personas-en-el-mediterraneo-el-recuerdo-del-naufragio-compromete-a-europa-a-salvar-e-integrar\\\/#primaryimage\"},\"thumbnailUrl\":\"https:\\\/\\\/exaudi.org\\\/wp-content\\\/uploads\\\/2022\\\/10\\\/pexels-gautham-krishnan-12645601-scaled.jpg\",\"datePublished\":\"2022-10-03T14:22:02+00:00\",\"dateModified\":\"2022-10-03T14:23:28+00:00\",\"author\":{\"@id\":\"https:\\\/\\\/exaudi.org\\\/#\\\/schema\\\/person\\\/f5fc8f063065e38742da7afe15f25df7\"},\"breadcrumb\":{\"@id\":\"https:\\\/\\\/exaudi.org\\\/es\\\/lampedusa-sant-egidio-siguen-muriendo-personas-en-el-mediterraneo-el-recuerdo-del-naufragio-compromete-a-europa-a-salvar-e-integrar\\\/#breadcrumb\"},\"inLanguage\":\"es\",\"potentialAction\":[{\"@type\":\"ReadAction\",\"target\":[\"https:\\\/\\\/exaudi.org\\\/es\\\/lampedusa-sant-egidio-siguen-muriendo-personas-en-el-mediterraneo-el-recuerdo-del-naufragio-compromete-a-europa-a-salvar-e-integrar\\\/\"]}]},{\"@type\":\"ImageObject\",\"inLanguage\":\"es\",\"@id\":\"https:\\\/\\\/exaudi.org\\\/es\\\/lampedusa-sant-egidio-siguen-muriendo-personas-en-el-mediterraneo-el-recuerdo-del-naufragio-compromete-a-europa-a-salvar-e-integrar\\\/#primaryimage\",\"url\":\"https:\\\/\\\/exaudi.org\\\/wp-content\\\/uploads\\\/2022\\\/10\\\/pexels-gautham-krishnan-12645601-scaled.jpg\",\"contentUrl\":\"https:\\\/\\\/exaudi.org\\\/wp-content\\\/uploads\\\/2022\\\/10\\\/pexels-gautham-krishnan-12645601-scaled.jpg\",\"width\":1707,\"height\":2560,\"caption\":\"pexels-gautham-krishnan-\"},{\"@type\":\"BreadcrumbList\",\"@id\":\"https:\\\/\\\/exaudi.org\\\/es\\\/lampedusa-sant-egidio-siguen-muriendo-personas-en-el-mediterraneo-el-recuerdo-del-naufragio-compromete-a-europa-a-salvar-e-integrar\\\/#breadcrumb\",\"itemListElement\":[{\"@type\":\"ListItem\",\"position\":1,\"name\":\"Portada\",\"item\":\"https:\\\/\\\/exaudi.org\\\/es\\\/\"},{\"@type\":\"ListItem\",\"position\":2,\"name\":\"Lampedusa, Sant \u2018Egidio: Siguen muriendo personas en el mediterr\u00e1neo\"}]},{\"@type\":\"WebSite\",\"@id\":\"https:\\\/\\\/exaudi.org\\\/#website\",\"url\":\"https:\\\/\\\/exaudi.org\\\/\",\"name\":\"Exaudi\",\"description\":\"News\",\"potentialAction\":[{\"@type\":\"SearchAction\",\"target\":{\"@type\":\"EntryPoint\",\"urlTemplate\":\"https:\\\/\\\/exaudi.org\\\/?s={search_term_string}\"},\"query-input\":{\"@type\":\"PropertyValueSpecification\",\"valueRequired\":true,\"valueName\":\"search_term_string\"}}],\"inLanguage\":\"es\"},{\"@type\":\"Person\",\"@id\":\"https:\\\/\\\/exaudi.org\\\/#\\\/schema\\\/person\\\/f5fc8f063065e38742da7afe15f25df7\",\"name\":\"Exaudi Redacci\u00f3n\",\"image\":{\"@type\":\"ImageObject\",\"inLanguage\":\"es\",\"@id\":\"https:\\\/\\\/secure.gravatar.com\\\/avatar\\\/fe0f6a059fb68d9b3e11bc5850dd4899b1c7492091a3cb6dd9b01b56ad828be2?s=96&d=mm&r=g\",\"url\":\"https:\\\/\\\/secure.gravatar.com\\\/avatar\\\/fe0f6a059fb68d9b3e11bc5850dd4899b1c7492091a3cb6dd9b01b56ad828be2?s=96&d=mm&r=g\",\"contentUrl\":\"https:\\\/\\\/secure.gravatar.com\\\/avatar\\\/fe0f6a059fb68d9b3e11bc5850dd4899b1c7492091a3cb6dd9b01b56ad828be2?s=96&d=mm&r=g\",\"caption\":\"Exaudi Redacci\u00f3n\"},\"description\":\"\u00bfQu\u00e9 es Exaudi News? Exaudi News es un medio de comunicaci\u00f3n cat\u00f3lico internacional que informa, forma y transforma, diariamente en espa\u00f1ol, ingl\u00e9s e italiano. A trav\u00e9s de noticias, art\u00edculos de an\u00e1lisis y transmisiones en directo de los eventos del Papa, Exaudi busca fortalecer la unidad de los cristianos y contribuir a la evangelizaci\u00f3n del mundo, siempre guiados por la doctrina social de la Iglesia. Trabajamos para acercar la verdad y los valores cristianos a cada rinc\u00f3n del planeta. \u00a1Ay\u00fadanos a transformar el mundo con Exaudi! En Exaudi creemos que la evangelizaci\u00f3n y la informaci\u00f3n de calidad pueden cambiar vidas. Para continuar con nuestra misi\u00f3n y expandir nuestro alcance, necesitamos tu ayuda. Adem\u00e1s, buscamos personas comprometidas que deseen unirse a nuestro equipo. Con tu apoyo, lograremos llegar a m\u00e1s personas, difundir el mensaje de Cristo y reforzar la unidad de los cristianos. \u00bfTe unes a nuestra misi\u00f3n? Para m\u00e1s informaci\u00f3n sobre c\u00f3mo colaborar, visita Exaudi.org\\\/es o cont\u00e1ctanos directamente: info@exaudi.org Exaudi: Informa, forma y transforma.\",\"sameAs\":[\"https:\\\/\\\/www.facebook.com\\\/ExaudiNoticias\\\/\",\"https:\\\/\\\/www.instagram.com\\\/exaudi_noticias\\\/\",\"https:\\\/\\\/x.com\\\/Exaudi_noticias\",\"https:\\\/\\\/www.youtube.com\\\/@exaudicatholicnews\"],\"url\":\"https:\\\/\\\/exaudi.org\\\/es\\\/author\\\/redaccionexaudi\\\/\"}]}<\/script>\n<!-- \/ Yoast SEO plugin. -->","yoast_head_json":{"title":"Lampedusa, Sant \u2018Egidio: Siguen muriendo personas en el mediterr\u00e1neo &#8211; Exaudi","robots":{"index":"index","follow":"follow","max-snippet":"max-snippet:-1","max-image-preview":"max-image-preview:large","max-video-preview":"max-video-preview:-1"},"canonical":"https:\/\/exaudi.org\/es\/lampedusa-sant-egidio-siguen-muriendo-personas-en-el-mediterraneo-el-recuerdo-del-naufragio-compromete-a-europa-a-salvar-e-integrar\/","og_locale":"es_ES","og_type":"article","og_title":"Lampedusa, Sant \u2018Egidio: Siguen muriendo personas en el mediterr\u00e1neo &#8211; Exaudi","og_description":"El recuerdo del naufragio compromete a Europa a salvar e integrar","og_url":"https:\/\/exaudi.org\/es\/lampedusa-sant-egidio-siguen-muriendo-personas-en-el-mediterraneo-el-recuerdo-del-naufragio-compromete-a-europa-a-salvar-e-integrar\/","og_site_name":"Exaudi","article_publisher":"https:\/\/www.facebook.com\/ExaudiNews","article_author":"https:\/\/www.facebook.com\/ExaudiNoticias\/","article_published_time":"2022-10-03T14:22:02+00:00","article_modified_time":"2022-10-03T14:23:28+00:00","og_image":[{"width":1707,"height":2560,"url":"https:\/\/exaudi.org\/wp-content\/uploads\/2022\/10\/pexels-gautham-krishnan-12645601-scaled.jpg","type":"image\/jpeg"}],"author":"Exaudi Redacci\u00f3n","twitter_card":"summary_large_image","twitter_creator":"@Exaudi_noticias","twitter_site":"@Exaudi_News","twitter_misc":{"Escrito por":"Exaudi Redacci\u00f3n","Tiempo de lectura":"2 minutos"},"schema":{"@context":"https:\/\/schema.org","@graph":[{"@type":"Article","@id":"https:\/\/exaudi.org\/es\/lampedusa-sant-egidio-siguen-muriendo-personas-en-el-mediterraneo-el-recuerdo-del-naufragio-compromete-a-europa-a-salvar-e-integrar\/#article","isPartOf":{"@id":"https:\/\/exaudi.org\/es\/lampedusa-sant-egidio-siguen-muriendo-personas-en-el-mediterraneo-el-recuerdo-del-naufragio-compromete-a-europa-a-salvar-e-integrar\/"},"author":{"name":"Exaudi Redacci\u00f3n","@id":"https:\/\/exaudi.org\/#\/schema\/person\/f5fc8f063065e38742da7afe15f25df7"},"headline":"Lampedusa, Sant \u2018Egidio: Siguen muriendo personas en el mediterr\u00e1neo","datePublished":"2022-10-03T14:22:02+00:00","dateModified":"2022-10-03T14:23:28+00:00","mainEntityOfPage":{"@id":"https:\/\/exaudi.org\/es\/lampedusa-sant-egidio-siguen-muriendo-personas-en-el-mediterraneo-el-recuerdo-del-naufragio-compromete-a-europa-a-salvar-e-integrar\/"},"wordCount":326,"image":{"@id":"https:\/\/exaudi.org\/es\/lampedusa-sant-egidio-siguen-muriendo-personas-en-el-mediterraneo-el-recuerdo-del-naufragio-compromete-a-europa-a-salvar-e-integrar\/#primaryimage"},"thumbnailUrl":"https:\/\/exaudi.org\/wp-content\/uploads\/2022\/10\/pexels-gautham-krishnan-12645601-scaled.jpg","keywords":["Sant'Egidio","Trending"],"articleSection":["Iglesia y Mundo"],"inLanguage":"es"},{"@type":"WebPage","@id":"https:\/\/exaudi.org\/es\/lampedusa-sant-egidio-siguen-muriendo-personas-en-el-mediterraneo-el-recuerdo-del-naufragio-compromete-a-europa-a-salvar-e-integrar\/","url":"https:\/\/exaudi.org\/es\/lampedusa-sant-egidio-siguen-muriendo-personas-en-el-mediterraneo-el-recuerdo-del-naufragio-compromete-a-europa-a-salvar-e-integrar\/","name":"Lampedusa, Sant \u2018Egidio: Siguen muriendo personas en el mediterr\u00e1neo &#8211; Exaudi","isPartOf":{"@id":"https:\/\/exaudi.org\/#website"},"primaryImageOfPage":{"@id":"https:\/\/exaudi.org\/es\/lampedusa-sant-egidio-siguen-muriendo-personas-en-el-mediterraneo-el-recuerdo-del-naufragio-compromete-a-europa-a-salvar-e-integrar\/#primaryimage"},"image":{"@id":"https:\/\/exaudi.org\/es\/lampedusa-sant-egidio-siguen-muriendo-personas-en-el-mediterraneo-el-recuerdo-del-naufragio-compromete-a-europa-a-salvar-e-integrar\/#primaryimage"},"thumbnailUrl":"https:\/\/exaudi.org\/wp-content\/uploads\/2022\/10\/pexels-gautham-krishnan-12645601-scaled.jpg","datePublished":"2022-10-03T14:22:02+00:00","dateModified":"2022-10-03T14:23:28+00:00","author":{"@id":"https:\/\/exaudi.org\/#\/schema\/person\/f5fc8f063065e38742da7afe15f25df7"},"breadcrumb":{"@id":"https:\/\/exaudi.org\/es\/lampedusa-sant-egidio-siguen-muriendo-personas-en-el-mediterraneo-el-recuerdo-del-naufragio-compromete-a-europa-a-salvar-e-integrar\/#breadcrumb"},"inLanguage":"es","potentialAction":[{"@type":"ReadAction","target":["https:\/\/exaudi.org\/es\/lampedusa-sant-egidio-siguen-muriendo-personas-en-el-mediterraneo-el-recuerdo-del-naufragio-compromete-a-europa-a-salvar-e-integrar\/"]}]},{"@type":"ImageObject","inLanguage":"es","@id":"https:\/\/exaudi.org\/es\/lampedusa-sant-egidio-siguen-muriendo-personas-en-el-mediterraneo-el-recuerdo-del-naufragio-compromete-a-europa-a-salvar-e-integrar\/#primaryimage","url":"https:\/\/exaudi.org\/wp-content\/uploads\/2022\/10\/pexels-gautham-krishnan-12645601-scaled.jpg","contentUrl":"https:\/\/exaudi.org\/wp-content\/uploads\/2022\/10\/pexels-gautham-krishnan-12645601-scaled.jpg","width":1707,"height":2560,"caption":"pexels-gautham-krishnan-"},{"@type":"BreadcrumbList","@id":"https:\/\/exaudi.org\/es\/lampedusa-sant-egidio-siguen-muriendo-personas-en-el-mediterraneo-el-recuerdo-del-naufragio-compromete-a-europa-a-salvar-e-integrar\/#breadcrumb","itemListElement":[{"@type":"ListItem","position":1,"name":"Portada","item":"https:\/\/exaudi.org\/es\/"},{"@type":"ListItem","position":2,"name":"Lampedusa, Sant \u2018Egidio: Siguen muriendo personas en el mediterr\u00e1neo"}]},{"@type":"WebSite","@id":"https:\/\/exaudi.org\/#website","url":"https:\/\/exaudi.org\/","name":"Exaudi","description":"News","potentialAction":[{"@type":"SearchAction","target":{"@type":"EntryPoint","urlTemplate":"https:\/\/exaudi.org\/?s={search_term_string}"},"query-input":{"@type":"PropertyValueSpecification","valueRequired":true,"valueName":"search_term_string"}}],"inLanguage":"es"},{"@type":"Person","@id":"https:\/\/exaudi.org\/#\/schema\/person\/f5fc8f063065e38742da7afe15f25df7","name":"Exaudi Redacci\u00f3n","image":{"@type":"ImageObject","inLanguage":"es","@id":"https:\/\/secure.gravatar.com\/avatar\/fe0f6a059fb68d9b3e11bc5850dd4899b1c7492091a3cb6dd9b01b56ad828be2?s=96&d=mm&r=g","url":"https:\/\/secure.gravatar.com\/avatar\/fe0f6a059fb68d9b3e11bc5850dd4899b1c7492091a3cb6dd9b01b56ad828be2?s=96&d=mm&r=g","contentUrl":"https:\/\/secure.gravatar.com\/avatar\/fe0f6a059fb68d9b3e11bc5850dd4899b1c7492091a3cb6dd9b01b56ad828be2?s=96&d=mm&r=g","caption":"Exaudi Redacci\u00f3n"},"description":"\u00bfQu\u00e9 es Exaudi News? Exaudi News es un medio de comunicaci\u00f3n cat\u00f3lico internacional que informa, forma y transforma, diariamente en espa\u00f1ol, ingl\u00e9s e italiano. A trav\u00e9s de noticias, art\u00edculos de an\u00e1lisis y transmisiones en directo de los eventos del Papa, Exaudi busca fortalecer la unidad de los cristianos y contribuir a la evangelizaci\u00f3n del mundo, siempre guiados por la doctrina social de la Iglesia. Trabajamos para acercar la verdad y los valores cristianos a cada rinc\u00f3n del planeta. \u00a1Ay\u00fadanos a transformar el mundo con Exaudi! En Exaudi creemos que la evangelizaci\u00f3n y la informaci\u00f3n de calidad pueden cambiar vidas. Para continuar con nuestra misi\u00f3n y expandir nuestro alcance, necesitamos tu ayuda. Adem\u00e1s, buscamos personas comprometidas que deseen unirse a nuestro equipo. Con tu apoyo, lograremos llegar a m\u00e1s personas, difundir el mensaje de Cristo y reforzar la unidad de los cristianos. \u00bfTe unes a nuestra misi\u00f3n? Para m\u00e1s informaci\u00f3n sobre c\u00f3mo colaborar, visita Exaudi.org\/es o cont\u00e1ctanos directamente: info@exaudi.org Exaudi: Informa, forma y transforma.","sameAs":["https:\/\/www.facebook.com\/ExaudiNoticias\/","https:\/\/www.instagram.com\/exaudi_noticias\/","https:\/\/x.com\/Exaudi_noticias","https:\/\/www.youtube.com\/@exaudicatholicnews"],"url":"https:\/\/exaudi.org\/es\/author\/redaccionexaudi\/"}]}},"jetpack_featured_media_url":"https:\/\/exaudi.org\/wp-content\/uploads\/2022\/10\/pexels-gautham-krishnan-12645601-scaled.jpg","jetpack_shortlink":"https:\/\/wp.me\/pgKjF2-gsS","_links":{"self":[{"href":"https:\/\/exaudi.org\/es\/wp-json\/wp\/v2\/posts\/63294","targetHints":{"allow":["GET"]}}],"collection":[{"href":"https:\/\/exaudi.org\/es\/wp-json\/wp\/v2\/posts"}],"about":[{"href":"https:\/\/exaudi.org\/es\/wp-json\/wp\/v2\/types\/post"}],"author":[{"embeddable":true,"href":"https:\/\/exaudi.org\/es\/wp-json\/wp\/v2\/users\/15"}],"replies":[{"embeddable":true,"href":"https:\/\/exaudi.org\/es\/wp-json\/wp\/v2\/comments?post=63294"}],"version-history":[{"count":0,"href":"https:\/\/exaudi.org\/es\/wp-json\/wp\/v2\/posts\/63294\/revisions"}],"wp:featuredmedia":[{"embeddable":true,"href":"https:\/\/exaudi.org\/es\/wp-json\/wp\/v2\/media\/63303"}],"wp:attachment":[{"href":"https:\/\/exaudi.org\/es\/wp-json\/wp\/v2\/media?parent=63294"}],"wp:term":[{"taxonomy":"category","embeddable":true,"href":"https:\/\/exaudi.org\/es\/wp-json\/wp\/v2\/categories?post=63294"},{"taxonomy":"post_tag","embeddable":true,"href":"https:\/\/exaudi.org\/es\/wp-json\/wp\/v2\/tags?post=63294"}],"curies":[{"name":"wp","href":"https:\/\/api.w.org\/{rel}","templated":true}]}}