{"id":63034,"date":"2022-09-29T14:53:54","date_gmt":"2022-09-29T12:53:54","guid":{"rendered":"https:\/\/exaudi.org\/?p=63034"},"modified":"2022-09-29T16:46:53","modified_gmt":"2022-09-29T14:46:53","slug":"hablar-con-el-corazon-tema-de-la-jornada-de-las-comunicaciones-sociales-2023","status":"publish","type":"post","link":"https:\/\/exaudi.org\/es\/hablar-con-el-corazon-tema-de-la-jornada-de-las-comunicaciones-sociales-2023\/","title":{"rendered":"\u201cHablar con el coraz\u00f3n\u201d: Tema de la Jornada de las Comunicaciones Sociales 2023"},"content":{"rendered":"<p>\u201cHablar con el coraz\u00f3n:\u00a0<i>Veritatem facientes in caritate<\/i> (Ef 4,15)\u201d <span class=\"css-901oao css-16my406 r-poiln3 r-bcqeeo r-qvutc0\">es el tema escogido por el <\/span><span class=\"r-18u37iz\">Papa Francisco<\/span><span class=\"css-901oao css-16my406 r-poiln3 r-bcqeeo r-qvutc0\"> para la Jornada de las Comunicaciones Sociales 2023, anunciado hoy, 29 de septiembre de 2022.<\/span><\/p>\n<p>De acuerdo a una nota de la Oficina de Prensa de la Santa Sede, este tema se conecta idealmente con el de 2022, \u201cEscuchar con el o\u00eddo del coraz\u00f3n\u201d, y se inserta en el camino que conducir\u00e1 a toda la Iglesia a la celebraci\u00f3n del S\u00ednodo de octubre de 2023. Hablar con el coraz\u00f3n significa \u201cdar raz\u00f3n de la esperanza que hay en nosotros\u201d (cfr. <em>1Pe\u00a0<\/em>3,14-17) y hacerlo con afabilidad, utilizando el don de la comunicaci\u00f3n como un puente y no como un muro. En un tiempo caracterizado -tambi\u00e9n en la vida eclesial- por polarizaciones y debates exasperados que exacerban los \u00e1nimos, estamos invitados a ir contra corriente.<\/p>\n<p>No hemos de tener miedo de afirmar la verdad, a veces inc\u00f3moda, que tiene su fundamento en el Evangelio; pero, al mismo tiempo, no hemos de separar este anuncio de un estilo de misericordia, de sincera participaci\u00f3n en las alegr\u00edas y los sufrimientos de las personas de nuestro tiempo, como nos ense\u00f1a de modo sublime la p\u00e1gina evang\u00e9lica que narra el di\u00e1logo entre el misterioso Viandante y los disc\u00edpulos de Ema\u00fas.<\/p>\n<p>Hoy d\u00eda, en el dram\u00e1tico contexto del conflicto global que estamos viviendo, es m\u00e1s necesario que nunca que se afirme una comunicaci\u00f3n no hostil. Una comunicaci\u00f3n abierta al di\u00e1logo con el otro, que favorezca un \u201cdesarme integral\u201d, que trabaje para desmontar la \u201cpsicosis b\u00e9lica\u201d que se anida en nuestros corazones, como prof\u00e9ticamente exhortaba San Juan XXIII, hace 60 a\u00f1os, en la\u00a0<em>Pacem in Terris<\/em>. Es un esfuerzo que se nos pide a todos, pero en especial a los operadores de la comunicaci\u00f3n, llamados a ejercer su profesi\u00f3n como una misi\u00f3n para construir un futuro m\u00e1s justo, m\u00e1s fraterno, m\u00e1s humano.<\/p>\n","protected":false},"excerpt":{"rendered":"<p>Escogido por el Papa Francisco<\/p>\n","protected":false},"author":15,"featured_media":63044,"comment_status":"closed","ping_status":"closed","sticky":false,"template":"","format":"standard","meta":{"_acf_changed":false,"_crdt_document":"","inline_featured_image":false,"footnotes":""},"categories":[74,68,118],"tags":[7118,158,4953],"class_list":["post-63034","post","type-post","status-publish","format-standard","has-post-thumbnail","hentry","category-iglesia-y-mundo","category-leon-xiv","category-mensajes","tag-jornada-de-las-comunicaciones-sociales-2023","tag-papa-francisco","tag-trending-es"],"acf":[],"yoast_head":"<!-- This site is optimized with the Yoast SEO plugin v27.4 - https:\/\/yoast.com\/product\/yoast-seo-wordpress\/ -->\n<title>\u201cHablar con el coraz\u00f3n\u201d: Tema de la Jornada de las Comunicaciones Sociales 2023 &#8211; Exaudi<\/title>\n<meta name=\"description\" content=\"\u201cHablar con el coraz\u00f3n:\u00a0Veritatem facientes in caritate (Ef 4,15)\u201d es el tema escogido por el Papa Francisco para la Jornada de las Comunicaciones Sociales 2023, anunciado hoy, 29 de septiembre de 2022.\" \/>\n<meta name=\"robots\" content=\"index, follow, max-snippet:-1, max-image-preview:large, max-video-preview:-1\" \/>\n<link rel=\"canonical\" href=\"https:\/\/exaudi.org\/es\/hablar-con-el-corazon-tema-de-la-jornada-de-las-comunicaciones-sociales-2023\/\" \/>\n<meta property=\"og:locale\" content=\"es_ES\" \/>\n<meta property=\"og:type\" content=\"article\" \/>\n<meta property=\"og:title\" content=\"\u201cHablar con el coraz\u00f3n\u201d: Tema de la Jornada de las Comunicaciones Sociales 2023 &#8211; Exaudi\" \/>\n<meta property=\"og:description\" content=\"\u201cHablar con el coraz\u00f3n:\u00a0Veritatem facientes in caritate (Ef 4,15)\u201d es el tema escogido por el Papa Francisco para la Jornada de las Comunicaciones Sociales 2023, anunciado hoy, 29 de septiembre de 2022.\" \/>\n<meta property=\"og:url\" content=\"https:\/\/exaudi.org\/es\/hablar-con-el-corazon-tema-de-la-jornada-de-las-comunicaciones-sociales-2023\/\" \/>\n<meta property=\"og:site_name\" content=\"Exaudi\" \/>\n<meta property=\"article:publisher\" content=\"https:\/\/www.facebook.com\/ExaudiNews\" \/>\n<meta property=\"article:author\" content=\"https:\/\/www.facebook.com\/ExaudiNoticias\/\" \/>\n<meta property=\"article:published_time\" content=\"2022-09-29T12:53:54+00:00\" \/>\n<meta property=\"article:modified_time\" content=\"2022-09-29T14:46:53+00:00\" \/>\n<meta property=\"og:image\" content=\"https:\/\/exaudi.org\/wp-content\/uploads\/2022\/09\/pexels-cowomen-2041396-scaled.jpg\" \/>\n\t<meta property=\"og:image:width\" content=\"2560\" \/>\n\t<meta property=\"og:image:height\" content=\"1707\" \/>\n\t<meta property=\"og:image:type\" content=\"image\/jpeg\" \/>\n<meta name=\"author\" content=\"Exaudi Redacci\u00f3n\" \/>\n<meta name=\"twitter:card\" content=\"summary_large_image\" \/>\n<meta name=\"twitter:creator\" content=\"@Exaudi_noticias\" \/>\n<meta name=\"twitter:site\" content=\"@Exaudi_News\" \/>\n<meta name=\"twitter:label1\" content=\"Escrito por\" \/>\n\t<meta name=\"twitter:data1\" content=\"Exaudi Redacci\u00f3n\" \/>\n\t<meta name=\"twitter:label2\" content=\"Tiempo de lectura\" \/>\n\t<meta name=\"twitter:data2\" content=\"2 minutos\" \/>\n<script type=\"application\/ld+json\" class=\"yoast-schema-graph\">{\"@context\":\"https:\\\/\\\/schema.org\",\"@graph\":[{\"@type\":\"Article\",\"@id\":\"https:\\\/\\\/exaudi.org\\\/es\\\/hablar-con-el-corazon-tema-de-la-jornada-de-las-comunicaciones-sociales-2023\\\/#article\",\"isPartOf\":{\"@id\":\"https:\\\/\\\/exaudi.org\\\/es\\\/hablar-con-el-corazon-tema-de-la-jornada-de-las-comunicaciones-sociales-2023\\\/\"},\"author\":{\"name\":\"Exaudi Redacci\u00f3n\",\"@id\":\"https:\\\/\\\/exaudi.org\\\/#\\\/schema\\\/person\\\/f5fc8f063065e38742da7afe15f25df7\"},\"headline\":\"\u201cHablar con el coraz\u00f3n\u201d: Tema de la Jornada de las Comunicaciones Sociales 2023\",\"datePublished\":\"2022-09-29T12:53:54+00:00\",\"dateModified\":\"2022-09-29T14:46:53+00:00\",\"mainEntityOfPage\":{\"@id\":\"https:\\\/\\\/exaudi.org\\\/es\\\/hablar-con-el-corazon-tema-de-la-jornada-de-las-comunicaciones-sociales-2023\\\/\"},\"wordCount\":352,\"image\":{\"@id\":\"https:\\\/\\\/exaudi.org\\\/es\\\/hablar-con-el-corazon-tema-de-la-jornada-de-las-comunicaciones-sociales-2023\\\/#primaryimage\"},\"thumbnailUrl\":\"https:\\\/\\\/exaudi.org\\\/wp-content\\\/uploads\\\/2022\\\/09\\\/pexels-cowomen-2041396-scaled.jpg\",\"keywords\":[\"Jornada de las Comunicaciones Sociales 2023\",\"papa francisco\",\"Trending\"],\"articleSection\":[\"Iglesia y Mundo\",\"Le\u00f3n XIV\",\"Mensajes\"],\"inLanguage\":\"es\"},{\"@type\":\"WebPage\",\"@id\":\"https:\\\/\\\/exaudi.org\\\/es\\\/hablar-con-el-corazon-tema-de-la-jornada-de-las-comunicaciones-sociales-2023\\\/\",\"url\":\"https:\\\/\\\/exaudi.org\\\/es\\\/hablar-con-el-corazon-tema-de-la-jornada-de-las-comunicaciones-sociales-2023\\\/\",\"name\":\"\u201cHablar con el coraz\u00f3n\u201d: Tema de la Jornada de las Comunicaciones Sociales 2023 &#8211; Exaudi\",\"isPartOf\":{\"@id\":\"https:\\\/\\\/exaudi.org\\\/#website\"},\"primaryImageOfPage\":{\"@id\":\"https:\\\/\\\/exaudi.org\\\/es\\\/hablar-con-el-corazon-tema-de-la-jornada-de-las-comunicaciones-sociales-2023\\\/#primaryimage\"},\"image\":{\"@id\":\"https:\\\/\\\/exaudi.org\\\/es\\\/hablar-con-el-corazon-tema-de-la-jornada-de-las-comunicaciones-sociales-2023\\\/#primaryimage\"},\"thumbnailUrl\":\"https:\\\/\\\/exaudi.org\\\/wp-content\\\/uploads\\\/2022\\\/09\\\/pexels-cowomen-2041396-scaled.jpg\",\"datePublished\":\"2022-09-29T12:53:54+00:00\",\"dateModified\":\"2022-09-29T14:46:53+00:00\",\"author\":{\"@id\":\"https:\\\/\\\/exaudi.org\\\/#\\\/schema\\\/person\\\/f5fc8f063065e38742da7afe15f25df7\"},\"description\":\"\u201cHablar con el coraz\u00f3n:\u00a0Veritatem facientes in caritate (Ef 4,15)\u201d es el tema escogido por el Papa Francisco para la Jornada de las Comunicaciones Sociales 2023, anunciado hoy, 29 de septiembre de 2022.\",\"breadcrumb\":{\"@id\":\"https:\\\/\\\/exaudi.org\\\/es\\\/hablar-con-el-corazon-tema-de-la-jornada-de-las-comunicaciones-sociales-2023\\\/#breadcrumb\"},\"inLanguage\":\"es\",\"potentialAction\":[{\"@type\":\"ReadAction\",\"target\":[\"https:\\\/\\\/exaudi.org\\\/es\\\/hablar-con-el-corazon-tema-de-la-jornada-de-las-comunicaciones-sociales-2023\\\/\"]}]},{\"@type\":\"ImageObject\",\"inLanguage\":\"es\",\"@id\":\"https:\\\/\\\/exaudi.org\\\/es\\\/hablar-con-el-corazon-tema-de-la-jornada-de-las-comunicaciones-sociales-2023\\\/#primaryimage\",\"url\":\"https:\\\/\\\/exaudi.org\\\/wp-content\\\/uploads\\\/2022\\\/09\\\/pexels-cowomen-2041396-scaled.jpg\",\"contentUrl\":\"https:\\\/\\\/exaudi.org\\\/wp-content\\\/uploads\\\/2022\\\/09\\\/pexels-cowomen-2041396-scaled.jpg\",\"width\":2560,\"height\":1707,\"caption\":\"Comunicaci\u00f3n social \u00a9 Pexels. Cowomen\"},{\"@type\":\"BreadcrumbList\",\"@id\":\"https:\\\/\\\/exaudi.org\\\/es\\\/hablar-con-el-corazon-tema-de-la-jornada-de-las-comunicaciones-sociales-2023\\\/#breadcrumb\",\"itemListElement\":[{\"@type\":\"ListItem\",\"position\":1,\"name\":\"Portada\",\"item\":\"https:\\\/\\\/exaudi.org\\\/es\\\/\"},{\"@type\":\"ListItem\",\"position\":2,\"name\":\"\u201cHablar con el coraz\u00f3n\u201d: Tema de la Jornada de las Comunicaciones Sociales 2023\"}]},{\"@type\":\"WebSite\",\"@id\":\"https:\\\/\\\/exaudi.org\\\/#website\",\"url\":\"https:\\\/\\\/exaudi.org\\\/\",\"name\":\"Exaudi\",\"description\":\"News\",\"potentialAction\":[{\"@type\":\"SearchAction\",\"target\":{\"@type\":\"EntryPoint\",\"urlTemplate\":\"https:\\\/\\\/exaudi.org\\\/?s={search_term_string}\"},\"query-input\":{\"@type\":\"PropertyValueSpecification\",\"valueRequired\":true,\"valueName\":\"search_term_string\"}}],\"inLanguage\":\"es\"},{\"@type\":\"Person\",\"@id\":\"https:\\\/\\\/exaudi.org\\\/#\\\/schema\\\/person\\\/f5fc8f063065e38742da7afe15f25df7\",\"name\":\"Exaudi Redacci\u00f3n\",\"image\":{\"@type\":\"ImageObject\",\"inLanguage\":\"es\",\"@id\":\"https:\\\/\\\/secure.gravatar.com\\\/avatar\\\/fe0f6a059fb68d9b3e11bc5850dd4899b1c7492091a3cb6dd9b01b56ad828be2?s=96&d=mm&r=g\",\"url\":\"https:\\\/\\\/secure.gravatar.com\\\/avatar\\\/fe0f6a059fb68d9b3e11bc5850dd4899b1c7492091a3cb6dd9b01b56ad828be2?s=96&d=mm&r=g\",\"contentUrl\":\"https:\\\/\\\/secure.gravatar.com\\\/avatar\\\/fe0f6a059fb68d9b3e11bc5850dd4899b1c7492091a3cb6dd9b01b56ad828be2?s=96&d=mm&r=g\",\"caption\":\"Exaudi Redacci\u00f3n\"},\"description\":\"\u00bfQu\u00e9 es Exaudi News? Exaudi News es un medio de comunicaci\u00f3n cat\u00f3lico internacional que informa, forma y transforma, diariamente en espa\u00f1ol, ingl\u00e9s e italiano. A trav\u00e9s de noticias, art\u00edculos de an\u00e1lisis y transmisiones en directo de los eventos del Papa, Exaudi busca fortalecer la unidad de los cristianos y contribuir a la evangelizaci\u00f3n del mundo, siempre guiados por la doctrina social de la Iglesia. Trabajamos para acercar la verdad y los valores cristianos a cada rinc\u00f3n del planeta. \u00a1Ay\u00fadanos a transformar el mundo con Exaudi! En Exaudi creemos que la evangelizaci\u00f3n y la informaci\u00f3n de calidad pueden cambiar vidas. Para continuar con nuestra misi\u00f3n y expandir nuestro alcance, necesitamos tu ayuda. Adem\u00e1s, buscamos personas comprometidas que deseen unirse a nuestro equipo. Con tu apoyo, lograremos llegar a m\u00e1s personas, difundir el mensaje de Cristo y reforzar la unidad de los cristianos. \u00bfTe unes a nuestra misi\u00f3n? Para m\u00e1s informaci\u00f3n sobre c\u00f3mo colaborar, visita Exaudi.org\\\/es o cont\u00e1ctanos directamente: info@exaudi.org Exaudi: Informa, forma y transforma.\",\"sameAs\":[\"https:\\\/\\\/www.facebook.com\\\/ExaudiNoticias\\\/\",\"https:\\\/\\\/www.instagram.com\\\/exaudi_noticias\\\/\",\"https:\\\/\\\/x.com\\\/Exaudi_noticias\",\"https:\\\/\\\/www.youtube.com\\\/@exaudicatholicnews\"],\"url\":\"https:\\\/\\\/exaudi.org\\\/es\\\/author\\\/redaccionexaudi\\\/\"}]}<\/script>\n<!-- \/ Yoast SEO plugin. -->","yoast_head_json":{"title":"\u201cHablar con el coraz\u00f3n\u201d: Tema de la Jornada de las Comunicaciones Sociales 2023 &#8211; Exaudi","description":"\u201cHablar con el coraz\u00f3n:\u00a0Veritatem facientes in caritate (Ef 4,15)\u201d es el tema escogido por el Papa Francisco para la Jornada de las Comunicaciones Sociales 2023, anunciado hoy, 29 de septiembre de 2022.","robots":{"index":"index","follow":"follow","max-snippet":"max-snippet:-1","max-image-preview":"max-image-preview:large","max-video-preview":"max-video-preview:-1"},"canonical":"https:\/\/exaudi.org\/es\/hablar-con-el-corazon-tema-de-la-jornada-de-las-comunicaciones-sociales-2023\/","og_locale":"es_ES","og_type":"article","og_title":"\u201cHablar con el coraz\u00f3n\u201d: Tema de la Jornada de las Comunicaciones Sociales 2023 &#8211; Exaudi","og_description":"\u201cHablar con el coraz\u00f3n:\u00a0Veritatem facientes in caritate (Ef 4,15)\u201d es el tema escogido por el Papa Francisco para la Jornada de las Comunicaciones Sociales 2023, anunciado hoy, 29 de septiembre de 2022.","og_url":"https:\/\/exaudi.org\/es\/hablar-con-el-corazon-tema-de-la-jornada-de-las-comunicaciones-sociales-2023\/","og_site_name":"Exaudi","article_publisher":"https:\/\/www.facebook.com\/ExaudiNews","article_author":"https:\/\/www.facebook.com\/ExaudiNoticias\/","article_published_time":"2022-09-29T12:53:54+00:00","article_modified_time":"2022-09-29T14:46:53+00:00","og_image":[{"width":2560,"height":1707,"url":"https:\/\/exaudi.org\/wp-content\/uploads\/2022\/09\/pexels-cowomen-2041396-scaled.jpg","type":"image\/jpeg"}],"author":"Exaudi Redacci\u00f3n","twitter_card":"summary_large_image","twitter_creator":"@Exaudi_noticias","twitter_site":"@Exaudi_News","twitter_misc":{"Escrito por":"Exaudi Redacci\u00f3n","Tiempo de lectura":"2 minutos"},"schema":{"@context":"https:\/\/schema.org","@graph":[{"@type":"Article","@id":"https:\/\/exaudi.org\/es\/hablar-con-el-corazon-tema-de-la-jornada-de-las-comunicaciones-sociales-2023\/#article","isPartOf":{"@id":"https:\/\/exaudi.org\/es\/hablar-con-el-corazon-tema-de-la-jornada-de-las-comunicaciones-sociales-2023\/"},"author":{"name":"Exaudi Redacci\u00f3n","@id":"https:\/\/exaudi.org\/#\/schema\/person\/f5fc8f063065e38742da7afe15f25df7"},"headline":"\u201cHablar con el coraz\u00f3n\u201d: Tema de la Jornada de las Comunicaciones Sociales 2023","datePublished":"2022-09-29T12:53:54+00:00","dateModified":"2022-09-29T14:46:53+00:00","mainEntityOfPage":{"@id":"https:\/\/exaudi.org\/es\/hablar-con-el-corazon-tema-de-la-jornada-de-las-comunicaciones-sociales-2023\/"},"wordCount":352,"image":{"@id":"https:\/\/exaudi.org\/es\/hablar-con-el-corazon-tema-de-la-jornada-de-las-comunicaciones-sociales-2023\/#primaryimage"},"thumbnailUrl":"https:\/\/exaudi.org\/wp-content\/uploads\/2022\/09\/pexels-cowomen-2041396-scaled.jpg","keywords":["Jornada de las Comunicaciones Sociales 2023","papa francisco","Trending"],"articleSection":["Iglesia y Mundo","Le\u00f3n XIV","Mensajes"],"inLanguage":"es"},{"@type":"WebPage","@id":"https:\/\/exaudi.org\/es\/hablar-con-el-corazon-tema-de-la-jornada-de-las-comunicaciones-sociales-2023\/","url":"https:\/\/exaudi.org\/es\/hablar-con-el-corazon-tema-de-la-jornada-de-las-comunicaciones-sociales-2023\/","name":"\u201cHablar con el coraz\u00f3n\u201d: Tema de la Jornada de las Comunicaciones Sociales 2023 &#8211; Exaudi","isPartOf":{"@id":"https:\/\/exaudi.org\/#website"},"primaryImageOfPage":{"@id":"https:\/\/exaudi.org\/es\/hablar-con-el-corazon-tema-de-la-jornada-de-las-comunicaciones-sociales-2023\/#primaryimage"},"image":{"@id":"https:\/\/exaudi.org\/es\/hablar-con-el-corazon-tema-de-la-jornada-de-las-comunicaciones-sociales-2023\/#primaryimage"},"thumbnailUrl":"https:\/\/exaudi.org\/wp-content\/uploads\/2022\/09\/pexels-cowomen-2041396-scaled.jpg","datePublished":"2022-09-29T12:53:54+00:00","dateModified":"2022-09-29T14:46:53+00:00","author":{"@id":"https:\/\/exaudi.org\/#\/schema\/person\/f5fc8f063065e38742da7afe15f25df7"},"description":"\u201cHablar con el coraz\u00f3n:\u00a0Veritatem facientes in caritate (Ef 4,15)\u201d es el tema escogido por el Papa Francisco para la Jornada de las Comunicaciones Sociales 2023, anunciado hoy, 29 de septiembre de 2022.","breadcrumb":{"@id":"https:\/\/exaudi.org\/es\/hablar-con-el-corazon-tema-de-la-jornada-de-las-comunicaciones-sociales-2023\/#breadcrumb"},"inLanguage":"es","potentialAction":[{"@type":"ReadAction","target":["https:\/\/exaudi.org\/es\/hablar-con-el-corazon-tema-de-la-jornada-de-las-comunicaciones-sociales-2023\/"]}]},{"@type":"ImageObject","inLanguage":"es","@id":"https:\/\/exaudi.org\/es\/hablar-con-el-corazon-tema-de-la-jornada-de-las-comunicaciones-sociales-2023\/#primaryimage","url":"https:\/\/exaudi.org\/wp-content\/uploads\/2022\/09\/pexels-cowomen-2041396-scaled.jpg","contentUrl":"https:\/\/exaudi.org\/wp-content\/uploads\/2022\/09\/pexels-cowomen-2041396-scaled.jpg","width":2560,"height":1707,"caption":"Comunicaci\u00f3n social \u00a9 Pexels. Cowomen"},{"@type":"BreadcrumbList","@id":"https:\/\/exaudi.org\/es\/hablar-con-el-corazon-tema-de-la-jornada-de-las-comunicaciones-sociales-2023\/#breadcrumb","itemListElement":[{"@type":"ListItem","position":1,"name":"Portada","item":"https:\/\/exaudi.org\/es\/"},{"@type":"ListItem","position":2,"name":"\u201cHablar con el coraz\u00f3n\u201d: Tema de la Jornada de las Comunicaciones Sociales 2023"}]},{"@type":"WebSite","@id":"https:\/\/exaudi.org\/#website","url":"https:\/\/exaudi.org\/","name":"Exaudi","description":"News","potentialAction":[{"@type":"SearchAction","target":{"@type":"EntryPoint","urlTemplate":"https:\/\/exaudi.org\/?s={search_term_string}"},"query-input":{"@type":"PropertyValueSpecification","valueRequired":true,"valueName":"search_term_string"}}],"inLanguage":"es"},{"@type":"Person","@id":"https:\/\/exaudi.org\/#\/schema\/person\/f5fc8f063065e38742da7afe15f25df7","name":"Exaudi Redacci\u00f3n","image":{"@type":"ImageObject","inLanguage":"es","@id":"https:\/\/secure.gravatar.com\/avatar\/fe0f6a059fb68d9b3e11bc5850dd4899b1c7492091a3cb6dd9b01b56ad828be2?s=96&d=mm&r=g","url":"https:\/\/secure.gravatar.com\/avatar\/fe0f6a059fb68d9b3e11bc5850dd4899b1c7492091a3cb6dd9b01b56ad828be2?s=96&d=mm&r=g","contentUrl":"https:\/\/secure.gravatar.com\/avatar\/fe0f6a059fb68d9b3e11bc5850dd4899b1c7492091a3cb6dd9b01b56ad828be2?s=96&d=mm&r=g","caption":"Exaudi Redacci\u00f3n"},"description":"\u00bfQu\u00e9 es Exaudi News? Exaudi News es un medio de comunicaci\u00f3n cat\u00f3lico internacional que informa, forma y transforma, diariamente en espa\u00f1ol, ingl\u00e9s e italiano. A trav\u00e9s de noticias, art\u00edculos de an\u00e1lisis y transmisiones en directo de los eventos del Papa, Exaudi busca fortalecer la unidad de los cristianos y contribuir a la evangelizaci\u00f3n del mundo, siempre guiados por la doctrina social de la Iglesia. Trabajamos para acercar la verdad y los valores cristianos a cada rinc\u00f3n del planeta. \u00a1Ay\u00fadanos a transformar el mundo con Exaudi! En Exaudi creemos que la evangelizaci\u00f3n y la informaci\u00f3n de calidad pueden cambiar vidas. Para continuar con nuestra misi\u00f3n y expandir nuestro alcance, necesitamos tu ayuda. Adem\u00e1s, buscamos personas comprometidas que deseen unirse a nuestro equipo. Con tu apoyo, lograremos llegar a m\u00e1s personas, difundir el mensaje de Cristo y reforzar la unidad de los cristianos. \u00bfTe unes a nuestra misi\u00f3n? Para m\u00e1s informaci\u00f3n sobre c\u00f3mo colaborar, visita Exaudi.org\/es o cont\u00e1ctanos directamente: info@exaudi.org Exaudi: Informa, forma y transforma.","sameAs":["https:\/\/www.facebook.com\/ExaudiNoticias\/","https:\/\/www.instagram.com\/exaudi_noticias\/","https:\/\/x.com\/Exaudi_noticias","https:\/\/www.youtube.com\/@exaudicatholicnews"],"url":"https:\/\/exaudi.org\/es\/author\/redaccionexaudi\/"}]}},"jetpack_featured_media_url":"https:\/\/exaudi.org\/wp-content\/uploads\/2022\/09\/pexels-cowomen-2041396-scaled.jpg","jetpack_shortlink":"https:\/\/wp.me\/pgKjF2-goG","_links":{"self":[{"href":"https:\/\/exaudi.org\/es\/wp-json\/wp\/v2\/posts\/63034","targetHints":{"allow":["GET"]}}],"collection":[{"href":"https:\/\/exaudi.org\/es\/wp-json\/wp\/v2\/posts"}],"about":[{"href":"https:\/\/exaudi.org\/es\/wp-json\/wp\/v2\/types\/post"}],"author":[{"embeddable":true,"href":"https:\/\/exaudi.org\/es\/wp-json\/wp\/v2\/users\/15"}],"replies":[{"embeddable":true,"href":"https:\/\/exaudi.org\/es\/wp-json\/wp\/v2\/comments?post=63034"}],"version-history":[{"count":0,"href":"https:\/\/exaudi.org\/es\/wp-json\/wp\/v2\/posts\/63034\/revisions"}],"wp:featuredmedia":[{"embeddable":true,"href":"https:\/\/exaudi.org\/es\/wp-json\/wp\/v2\/media\/63044"}],"wp:attachment":[{"href":"https:\/\/exaudi.org\/es\/wp-json\/wp\/v2\/media?parent=63034"}],"wp:term":[{"taxonomy":"category","embeddable":true,"href":"https:\/\/exaudi.org\/es\/wp-json\/wp\/v2\/categories?post=63034"},{"taxonomy":"post_tag","embeddable":true,"href":"https:\/\/exaudi.org\/es\/wp-json\/wp\/v2\/tags?post=63034"}],"curies":[{"name":"wp","href":"https:\/\/api.w.org\/{rel}","templated":true}]}}