{"id":62842,"date":"2022-09-27T09:00:45","date_gmt":"2022-09-27T07:00:45","guid":{"rendered":"https:\/\/exaudi.org\/?p=62842"},"modified":"2022-09-27T11:14:35","modified_gmt":"2022-09-27T09:14:35","slug":"la-confesion-un-acto-de-sinodalidad","status":"publish","type":"post","link":"https:\/\/exaudi.org\/es\/la-confesion-un-acto-de-sinodalidad\/","title":{"rendered":"La confesi\u00f3n, un acto de sinodalidad"},"content":{"rendered":"<p>El sacerdote y doctor en Filosof\u00eda, <a href=\"https:\/\/exaudi.org\/es\/author\/josepmariamontiudenuix\/\" target=\"_blank\" rel=\"noopener\">Jos\u00e9 Mar\u00eda Montiu<\/a>, ofrece esta reflexi\u00f3n sobre la confesi\u00f3n sacramental como un acto de sinodalidad.<\/p>\n<p>***<\/p>\n<p style=\"font-weight: 400\">La sinodalidad es un andar juntos. Pero, es un andar juntos como personas. Esto es, se trata, principalmente, de corazones que andan juntos.<\/p>\n<p style=\"font-weight: 400\">Decimos, en su acepci\u00f3n principal, que dos cosas est\u00e1n juntas cuando la distancia que media entre ambas es el n\u00famero cero. Esto es, \u00a1no media distancia!<\/p>\n<p style=\"font-weight: 400\">Imaginemos ahora, por un momento, a dos personas, que, por lo que se refiere al mero plano f\u00edsico, est\u00e1n recorriendo juntos un mismo camino, se est\u00e1n acompa\u00f1ando. Es indudable que participando en esta caminata se encuentran f\u00edsicamente cercanos. Para ello les ha bastado recorrer el mismo sendero. Pero, tambi\u00e9n es verdad que uno puede ir cada d\u00eda a caminar con otra persona, y, sin embargo, no llegar nunca a conocerla de veras. En este caso, desde el punto de referencia de los ojos f\u00edsicos estar\u00edan muy cerca; pero, desde la perspectiva de los ojos del esp\u00edritu, estar\u00edan muy lejanos. Es una cercan\u00eda que es una lejan\u00eda.<\/p>\n<p style=\"font-weight: 400\">Es verdad que la cercan\u00eda f\u00edsica da un cierto conocimiento del otro. Pero, es verdad tambi\u00e9n que no vemos los corazones. Y, no viendo los corazones, lo que vemos es \u00fanicamente las apariencias. Esto es, vemos s\u00f3lo como aparece, como se manifiesta el coraz\u00f3n, lo cual puede ser muy distinto del coraz\u00f3n mismo. Lo sabemos bien todos: las apariencias no coinciden siempre con las realidades. No es lo mismo las sombras que las figuras que proyectan estas sombras. Ya el c\u00e9lebre literato Calder\u00f3n de la Barca se refiri\u00f3 a este mundo como el gran teatro del mundo, lugar en el que se suceden las apariencias, y en el que a menudo el papel que uno desempe\u00f1a hacia la galer\u00eda no es exactamente el papel propio en la vida. Qui\u00e9n en el palco esc\u00e9nico hace de catedr\u00e1tico, puede ser un iletrado; y el que hace de enfermo, puede estar realmente sano.<\/p>\n<p style=\"font-weight: 400\">De la cercan\u00eda f\u00edsica a la cercan\u00eda espiritual puede incluso llegar a mediar una distancia insalvable, un aut\u00e9ntico abismo, por lo que puede decirse que entre dos personas f\u00edsicamente cercanas puede haber una distancia infinita.<\/p>\n<p style=\"font-weight: 400\">La confesi\u00f3n sacramental es un acto de sinodalidad porque es un andar juntos en el coraz\u00f3n de Cristo. Y no s\u00f3lo es andar juntos, es andar muy juntos.<\/p>\n<p style=\"font-weight: 400\">En el sacramento de la confesi\u00f3n andan juntos el sacerdote confesor y el penitente. M\u00e1s a\u00fan, andan juntos, el confesor, el penitente y, principalmente, Nuestro Se\u00f1or Jesucristo.<\/p>\n<p style=\"font-weight: 400\">Este santo sacramento dice relaci\u00f3n a Cristo, pues es Cristo mismo el que perdona al pecador, y lo hace a trav\u00e9s del confesor que est\u00e1 actuando <em>in persona Christi<\/em>. El amor de Cristo se vuelca sobre el pecador de una manera inmensamente maravillosa, abrazo fant\u00e1stico de Cristo. En este sacramento se vuelve a ser amigo de Cristo, o se aumenta el v\u00ednculo con Cristo del que ya se era amigo y se estrechan los lazos, quedando m\u00e1s cerquita de Cristo.<\/p>\n<p style=\"font-weight: 400\">En este sacramento hay una cercan\u00eda de los corazones, pues en el mismo se conocen los corazones en la medida en que pueden ser conocidos en este mundo. Se conoce lo que el otro est\u00e1 viviendo, sus sufrimientos, sus pecados, sus deseos de mejorar su existencia, su intenci\u00f3n de cambiar, su anhelo de convertirse, lo que nunca contar\u00eda. Hay cosas que s\u00f3lo se cuentan en la confesi\u00f3n, y que no se cuentan ni siquiera al propio conjugue. En la confesi\u00f3n es donde se toca m\u00e1s la realidad, es la hora de la verdad, la hora del desvelamiento de las almas, es el momento en que se conoce propiamente la vida del otro. Todo esto hace que la confesi\u00f3n sea un \u00e1mbito de inteligibilidad, de comprensi\u00f3n del hond\u00f3n del alma del otro, de llegar a entender el pozo profund\u00edsimo de su esp\u00edritu. Aqu\u00ed se llega a alcanzar lo que sino nunca se comprender\u00eda. Aqu\u00ed es donde el penitente muestra sus llagas, su pus, y aqu\u00ed es pues donde sus heridas manifestadas pueden ser vendadas, donde puede cur\u00e1rsele con delicadeza, donde \u00e9stas pueden cicatrizarse a besos, donde realmente se le puede ayudar. Aqu\u00ed es donde el penitente puede sentirse m\u00e1s comprendido que nunca, acogido y querido como es, con cari\u00f1o y afecto.<\/p>\n<p style=\"font-weight: 400\">Dicho de otro modo, si en este mundo es posible la verdadera cercan\u00eda, la distancia cero de comprensi\u00f3n entre los corazones, esta distancia cero donde se da es en la confesi\u00f3n. Esto conlleva que la confesi\u00f3n es un momento muy privilegiado de la sinodalidad.<\/p>\n<p style=\"font-weight: 400\">Adem\u00e1s, en la confesi\u00f3n hay tambi\u00e9n una cercan\u00eda espiritual. Cuantas veces los confesores al terminar la confesi\u00f3n hemos o\u00eddo que nos dec\u00edan: \u00a1gracias, padre! Es hermoso que el penitente sienta que le quieren como le quiere un padre. En la confesi\u00f3n hay una maternidad espiritual hacia el penitente, que da lugar a una vida nueva en su alma. Hay pues, un andar juntos, que es tambi\u00e9n un andar juntos de coraz\u00f3n, un andar juntos en el afecto, en el aprecio del otro, en el don. Ya dec\u00eda el Santo Cura de Ars, el sacerdote confesor es la caridad de Cristo. La confesi\u00f3n, dice, pues, amor, amor misericordioso. Amor delicado y elevado, muy de Dios, muy de imitador de Cristo crucificado y resucitado, pero amor de veras. O, dicho en otras palabras, caridad espiritual, el amor que Cristo pide que tengamos.<\/p>\n<p style=\"font-weight: 400\">La sinodalidad, en sus mejores y m\u00e1s altas expresiones, no es reducible a una estrategia, a un m\u00e9todo, a un organigrama, a una especie de algoritmo matem\u00e1tico o de tabla de logaritmos, sino que es el amor de Cristo. Pues, la salvaci\u00f3n del mundo no vendr\u00e1 por una revoluci\u00f3n inform\u00e1tica, o por un n\u00famero, sino por la acci\u00f3n salvadora de Cristo. Cristo desde el sagrario hace grand\u00edsimo bien a las almas. Cristo se sirve grandemente de los santos, los cuales son brazos de Cristo, transmisores del amor de Cristo. \u00a1El triunfo de Cristo es el triunfo del amor! Y, el confesonario es lugar privilegiado del amor de Cristo, del latido amoroso del Coraz\u00f3n de Cristo.<\/p>\n<p style=\"font-weight: 400\">En definitiva, la confesi\u00f3n sacramental es un momento maravilloso y privilegiado, de sinodalidad, de andar juntos en el Coraz\u00f3n de Cristo. Es un momento en que la Iglesia se siente especialmente familia, donde uno se siente acogido, querido como \u00e9l es, como se siente querido un hijo en su familia porque es hijo \u00a1Un momento maravilloso! Y, no s\u00f3lo un momento maravilloso, sino un momento que hace grand\u00edsimo bien a las almas. \u00a1Cu\u00e1ntas cosas buenas hemos recibido gracias a algo tan po\u00e9tico como la confesi\u00f3n, en la que uno se hace peque\u00f1o hasta meterse en los brazos de Cristo que le abrazan con un inmenso cari\u00f1o de padre! \u00a1Es para ca\u00e9rsele a uno las l\u00e1grimas de emoci\u00f3n, de alegr\u00eda!<\/p>\n","protected":false},"excerpt":{"rendered":"<p>Momento privilegiado para andar juntos en el Coraz\u00f3n de Cristo<\/p>\n","protected":false},"author":45,"featured_media":62877,"comment_status":"closed","ping_status":"closed","sticky":false,"template":"","format":"standard","meta":{"_acf_changed":false,"_crdt_document":"","inline_featured_image":false,"footnotes":""},"categories":[130],"tags":[],"class_list":["post-62842","post","type-post","status-publish","format-standard","has-post-thumbnail","hentry","category-voces"],"acf":[],"yoast_head":"<!-- This site is optimized with the Yoast SEO plugin v27.4 - https:\/\/yoast.com\/product\/yoast-seo-wordpress\/ -->\n<title>La confesi\u00f3n, un acto de sinodalidad &#8211; Exaudi<\/title>\n<meta name=\"robots\" content=\"index, follow, max-snippet:-1, max-image-preview:large, max-video-preview:-1\" \/>\n<link rel=\"canonical\" href=\"https:\/\/exaudi.org\/es\/la-confesion-un-acto-de-sinodalidad\/\" \/>\n<meta property=\"og:locale\" content=\"es_ES\" \/>\n<meta property=\"og:type\" content=\"article\" \/>\n<meta property=\"og:title\" content=\"La confesi\u00f3n, un acto de sinodalidad &#8211; Exaudi\" \/>\n<meta property=\"og:description\" content=\"Momento privilegiado para andar juntos en el Coraz\u00f3n de Cristo\" \/>\n<meta property=\"og:url\" content=\"https:\/\/exaudi.org\/es\/la-confesion-un-acto-de-sinodalidad\/\" \/>\n<meta property=\"og:site_name\" content=\"Exaudi\" \/>\n<meta property=\"article:publisher\" content=\"https:\/\/www.facebook.com\/ExaudiNews\" \/>\n<meta property=\"article:published_time\" content=\"2022-09-27T07:00:45+00:00\" \/>\n<meta property=\"article:modified_time\" content=\"2022-09-27T09:14:35+00:00\" \/>\n<meta property=\"og:image\" content=\"https:\/\/exaudi.org\/wp-content\/uploads\/2022\/09\/cathopic_1516722841360481-1024x666.jpg\" \/>\n\t<meta property=\"og:image:width\" content=\"1024\" \/>\n\t<meta property=\"og:image:height\" content=\"666\" \/>\n\t<meta property=\"og:image:type\" content=\"image\/jpeg\" \/>\n<meta name=\"author\" content=\"Jos\u00e9 Mar\u00eda Montiu de Nuix\" \/>\n<meta name=\"twitter:card\" content=\"summary_large_image\" \/>\n<meta name=\"twitter:creator\" content=\"@Exaudi_News\" \/>\n<meta name=\"twitter:site\" content=\"@Exaudi_News\" \/>\n<meta name=\"twitter:label1\" content=\"Escrito por\" \/>\n\t<meta name=\"twitter:data1\" content=\"Jos\u00e9 Mar\u00eda Montiu de Nuix\" \/>\n\t<meta name=\"twitter:label2\" content=\"Tiempo de lectura\" \/>\n\t<meta name=\"twitter:data2\" content=\"6 minutos\" \/>\n<script type=\"application\/ld+json\" class=\"yoast-schema-graph\">{\"@context\":\"https:\\\/\\\/schema.org\",\"@graph\":[{\"@type\":\"Article\",\"@id\":\"https:\\\/\\\/exaudi.org\\\/es\\\/la-confesion-un-acto-de-sinodalidad\\\/#article\",\"isPartOf\":{\"@id\":\"https:\\\/\\\/exaudi.org\\\/es\\\/la-confesion-un-acto-de-sinodalidad\\\/\"},\"author\":{\"name\":\"Jos\u00e9 Mar\u00eda Montiu de Nuix\",\"@id\":\"https:\\\/\\\/exaudi.org\\\/#\\\/schema\\\/person\\\/63aa8d363a4039100348c8036010e9fa\"},\"headline\":\"La confesi\u00f3n, un acto de sinodalidad\",\"datePublished\":\"2022-09-27T07:00:45+00:00\",\"dateModified\":\"2022-09-27T09:14:35+00:00\",\"mainEntityOfPage\":{\"@id\":\"https:\\\/\\\/exaudi.org\\\/es\\\/la-confesion-un-acto-de-sinodalidad\\\/\"},\"wordCount\":1236,\"image\":{\"@id\":\"https:\\\/\\\/exaudi.org\\\/es\\\/la-confesion-un-acto-de-sinodalidad\\\/#primaryimage\"},\"thumbnailUrl\":\"https:\\\/\\\/exaudi.org\\\/wp-content\\\/uploads\\\/2022\\\/09\\\/cathopic_1516722841360481.jpg\",\"articleSection\":[\"Voces\"],\"inLanguage\":\"es\"},{\"@type\":\"WebPage\",\"@id\":\"https:\\\/\\\/exaudi.org\\\/es\\\/la-confesion-un-acto-de-sinodalidad\\\/\",\"url\":\"https:\\\/\\\/exaudi.org\\\/es\\\/la-confesion-un-acto-de-sinodalidad\\\/\",\"name\":\"La confesi\u00f3n, un acto de sinodalidad &#8211; Exaudi\",\"isPartOf\":{\"@id\":\"https:\\\/\\\/exaudi.org\\\/#website\"},\"primaryImageOfPage\":{\"@id\":\"https:\\\/\\\/exaudi.org\\\/es\\\/la-confesion-un-acto-de-sinodalidad\\\/#primaryimage\"},\"image\":{\"@id\":\"https:\\\/\\\/exaudi.org\\\/es\\\/la-confesion-un-acto-de-sinodalidad\\\/#primaryimage\"},\"thumbnailUrl\":\"https:\\\/\\\/exaudi.org\\\/wp-content\\\/uploads\\\/2022\\\/09\\\/cathopic_1516722841360481.jpg\",\"datePublished\":\"2022-09-27T07:00:45+00:00\",\"dateModified\":\"2022-09-27T09:14:35+00:00\",\"author\":{\"@id\":\"https:\\\/\\\/exaudi.org\\\/#\\\/schema\\\/person\\\/63aa8d363a4039100348c8036010e9fa\"},\"breadcrumb\":{\"@id\":\"https:\\\/\\\/exaudi.org\\\/es\\\/la-confesion-un-acto-de-sinodalidad\\\/#breadcrumb\"},\"inLanguage\":\"es\",\"potentialAction\":[{\"@type\":\"ReadAction\",\"target\":[\"https:\\\/\\\/exaudi.org\\\/es\\\/la-confesion-un-acto-de-sinodalidad\\\/\"]}]},{\"@type\":\"ImageObject\",\"inLanguage\":\"es\",\"@id\":\"https:\\\/\\\/exaudi.org\\\/es\\\/la-confesion-un-acto-de-sinodalidad\\\/#primaryimage\",\"url\":\"https:\\\/\\\/exaudi.org\\\/wp-content\\\/uploads\\\/2022\\\/09\\\/cathopic_1516722841360481.jpg\",\"contentUrl\":\"https:\\\/\\\/exaudi.org\\\/wp-content\\\/uploads\\\/2022\\\/09\\\/cathopic_1516722841360481.jpg\",\"width\":9450,\"height\":6146,\"caption\":\"Confesi\u00f3n \u00a9 Cathopic. Captura con fe\"},{\"@type\":\"BreadcrumbList\",\"@id\":\"https:\\\/\\\/exaudi.org\\\/es\\\/la-confesion-un-acto-de-sinodalidad\\\/#breadcrumb\",\"itemListElement\":[{\"@type\":\"ListItem\",\"position\":1,\"name\":\"Portada\",\"item\":\"https:\\\/\\\/exaudi.org\\\/es\\\/\"},{\"@type\":\"ListItem\",\"position\":2,\"name\":\"La confesi\u00f3n, un acto de sinodalidad\"}]},{\"@type\":\"WebSite\",\"@id\":\"https:\\\/\\\/exaudi.org\\\/#website\",\"url\":\"https:\\\/\\\/exaudi.org\\\/\",\"name\":\"Exaudi\",\"description\":\"News\",\"potentialAction\":[{\"@type\":\"SearchAction\",\"target\":{\"@type\":\"EntryPoint\",\"urlTemplate\":\"https:\\\/\\\/exaudi.org\\\/?s={search_term_string}\"},\"query-input\":{\"@type\":\"PropertyValueSpecification\",\"valueRequired\":true,\"valueName\":\"search_term_string\"}}],\"inLanguage\":\"es\"},{\"@type\":\"Person\",\"@id\":\"https:\\\/\\\/exaudi.org\\\/#\\\/schema\\\/person\\\/63aa8d363a4039100348c8036010e9fa\",\"name\":\"Jos\u00e9 Mar\u00eda Montiu de Nuix\",\"image\":{\"@type\":\"ImageObject\",\"inLanguage\":\"es\",\"@id\":\"https:\\\/\\\/secure.gravatar.com\\\/avatar\\\/f3d1e54272060740a50258cef7d916098d4ffe7ad9f6a7a8603d12c508634d10?s=96&d=mm&r=g\",\"url\":\"https:\\\/\\\/secure.gravatar.com\\\/avatar\\\/f3d1e54272060740a50258cef7d916098d4ffe7ad9f6a7a8603d12c508634d10?s=96&d=mm&r=g\",\"contentUrl\":\"https:\\\/\\\/secure.gravatar.com\\\/avatar\\\/f3d1e54272060740a50258cef7d916098d4ffe7ad9f6a7a8603d12c508634d10?s=96&d=mm&r=g\",\"caption\":\"Jos\u00e9 Mar\u00eda Montiu de Nuix\"},\"description\":\"Nacido en Cervera, L\u00e9rida, Espa\u00f1a, en 1960 y bautizado ese mismo a\u00f1o. Ordenado sacerdote en 1992. Doctor en Filosof\u00eda. Licenciado en Filosof\u00eda y Ciencias de la Educaci\u00f3n por la Universidad de Barcelona (UB). Licenciado (especialidad: Matem\u00e1tica Fundamental), cursos de doctorado y suficiencia investigadora en Ciencias Exactas por la UB. Licenciado en Filosof\u00eda por la Universidad de Navarra. Licenciado en Estudios Eclesi\u00e1sticos por la Facultad de Teolog\u00eda San Vicente Ferrer, Valencia. Docente e investigador con m\u00e1s de medio millar de publicaciones. Acad\u00e9mico de la Academia Hispanoamericana de Doctores.\",\"url\":\"https:\\\/\\\/exaudi.org\\\/es\\\/author\\\/josepmariamontiudenuix\\\/\"}]}<\/script>\n<!-- \/ Yoast SEO plugin. -->","yoast_head_json":{"title":"La confesi\u00f3n, un acto de sinodalidad &#8211; Exaudi","robots":{"index":"index","follow":"follow","max-snippet":"max-snippet:-1","max-image-preview":"max-image-preview:large","max-video-preview":"max-video-preview:-1"},"canonical":"https:\/\/exaudi.org\/es\/la-confesion-un-acto-de-sinodalidad\/","og_locale":"es_ES","og_type":"article","og_title":"La confesi\u00f3n, un acto de sinodalidad &#8211; Exaudi","og_description":"Momento privilegiado para andar juntos en el Coraz\u00f3n de Cristo","og_url":"https:\/\/exaudi.org\/es\/la-confesion-un-acto-de-sinodalidad\/","og_site_name":"Exaudi","article_publisher":"https:\/\/www.facebook.com\/ExaudiNews","article_published_time":"2022-09-27T07:00:45+00:00","article_modified_time":"2022-09-27T09:14:35+00:00","og_image":[{"width":1024,"height":666,"url":"https:\/\/exaudi.org\/wp-content\/uploads\/2022\/09\/cathopic_1516722841360481-1024x666.jpg","type":"image\/jpeg"}],"author":"Jos\u00e9 Mar\u00eda Montiu de Nuix","twitter_card":"summary_large_image","twitter_creator":"@Exaudi_News","twitter_site":"@Exaudi_News","twitter_misc":{"Escrito por":"Jos\u00e9 Mar\u00eda Montiu de Nuix","Tiempo de lectura":"6 minutos"},"schema":{"@context":"https:\/\/schema.org","@graph":[{"@type":"Article","@id":"https:\/\/exaudi.org\/es\/la-confesion-un-acto-de-sinodalidad\/#article","isPartOf":{"@id":"https:\/\/exaudi.org\/es\/la-confesion-un-acto-de-sinodalidad\/"},"author":{"name":"Jos\u00e9 Mar\u00eda Montiu de Nuix","@id":"https:\/\/exaudi.org\/#\/schema\/person\/63aa8d363a4039100348c8036010e9fa"},"headline":"La confesi\u00f3n, un acto de sinodalidad","datePublished":"2022-09-27T07:00:45+00:00","dateModified":"2022-09-27T09:14:35+00:00","mainEntityOfPage":{"@id":"https:\/\/exaudi.org\/es\/la-confesion-un-acto-de-sinodalidad\/"},"wordCount":1236,"image":{"@id":"https:\/\/exaudi.org\/es\/la-confesion-un-acto-de-sinodalidad\/#primaryimage"},"thumbnailUrl":"https:\/\/exaudi.org\/wp-content\/uploads\/2022\/09\/cathopic_1516722841360481.jpg","articleSection":["Voces"],"inLanguage":"es"},{"@type":"WebPage","@id":"https:\/\/exaudi.org\/es\/la-confesion-un-acto-de-sinodalidad\/","url":"https:\/\/exaudi.org\/es\/la-confesion-un-acto-de-sinodalidad\/","name":"La confesi\u00f3n, un acto de sinodalidad &#8211; Exaudi","isPartOf":{"@id":"https:\/\/exaudi.org\/#website"},"primaryImageOfPage":{"@id":"https:\/\/exaudi.org\/es\/la-confesion-un-acto-de-sinodalidad\/#primaryimage"},"image":{"@id":"https:\/\/exaudi.org\/es\/la-confesion-un-acto-de-sinodalidad\/#primaryimage"},"thumbnailUrl":"https:\/\/exaudi.org\/wp-content\/uploads\/2022\/09\/cathopic_1516722841360481.jpg","datePublished":"2022-09-27T07:00:45+00:00","dateModified":"2022-09-27T09:14:35+00:00","author":{"@id":"https:\/\/exaudi.org\/#\/schema\/person\/63aa8d363a4039100348c8036010e9fa"},"breadcrumb":{"@id":"https:\/\/exaudi.org\/es\/la-confesion-un-acto-de-sinodalidad\/#breadcrumb"},"inLanguage":"es","potentialAction":[{"@type":"ReadAction","target":["https:\/\/exaudi.org\/es\/la-confesion-un-acto-de-sinodalidad\/"]}]},{"@type":"ImageObject","inLanguage":"es","@id":"https:\/\/exaudi.org\/es\/la-confesion-un-acto-de-sinodalidad\/#primaryimage","url":"https:\/\/exaudi.org\/wp-content\/uploads\/2022\/09\/cathopic_1516722841360481.jpg","contentUrl":"https:\/\/exaudi.org\/wp-content\/uploads\/2022\/09\/cathopic_1516722841360481.jpg","width":9450,"height":6146,"caption":"Confesi\u00f3n \u00a9 Cathopic. Captura con fe"},{"@type":"BreadcrumbList","@id":"https:\/\/exaudi.org\/es\/la-confesion-un-acto-de-sinodalidad\/#breadcrumb","itemListElement":[{"@type":"ListItem","position":1,"name":"Portada","item":"https:\/\/exaudi.org\/es\/"},{"@type":"ListItem","position":2,"name":"La confesi\u00f3n, un acto de sinodalidad"}]},{"@type":"WebSite","@id":"https:\/\/exaudi.org\/#website","url":"https:\/\/exaudi.org\/","name":"Exaudi","description":"News","potentialAction":[{"@type":"SearchAction","target":{"@type":"EntryPoint","urlTemplate":"https:\/\/exaudi.org\/?s={search_term_string}"},"query-input":{"@type":"PropertyValueSpecification","valueRequired":true,"valueName":"search_term_string"}}],"inLanguage":"es"},{"@type":"Person","@id":"https:\/\/exaudi.org\/#\/schema\/person\/63aa8d363a4039100348c8036010e9fa","name":"Jos\u00e9 Mar\u00eda Montiu de Nuix","image":{"@type":"ImageObject","inLanguage":"es","@id":"https:\/\/secure.gravatar.com\/avatar\/f3d1e54272060740a50258cef7d916098d4ffe7ad9f6a7a8603d12c508634d10?s=96&d=mm&r=g","url":"https:\/\/secure.gravatar.com\/avatar\/f3d1e54272060740a50258cef7d916098d4ffe7ad9f6a7a8603d12c508634d10?s=96&d=mm&r=g","contentUrl":"https:\/\/secure.gravatar.com\/avatar\/f3d1e54272060740a50258cef7d916098d4ffe7ad9f6a7a8603d12c508634d10?s=96&d=mm&r=g","caption":"Jos\u00e9 Mar\u00eda Montiu de Nuix"},"description":"Nacido en Cervera, L\u00e9rida, Espa\u00f1a, en 1960 y bautizado ese mismo a\u00f1o. Ordenado sacerdote en 1992. Doctor en Filosof\u00eda. Licenciado en Filosof\u00eda y Ciencias de la Educaci\u00f3n por la Universidad de Barcelona (UB). Licenciado (especialidad: Matem\u00e1tica Fundamental), cursos de doctorado y suficiencia investigadora en Ciencias Exactas por la UB. Licenciado en Filosof\u00eda por la Universidad de Navarra. Licenciado en Estudios Eclesi\u00e1sticos por la Facultad de Teolog\u00eda San Vicente Ferrer, Valencia. Docente e investigador con m\u00e1s de medio millar de publicaciones. Acad\u00e9mico de la Academia Hispanoamericana de Doctores.","url":"https:\/\/exaudi.org\/es\/author\/josepmariamontiudenuix\/"}]}},"jetpack_featured_media_url":"https:\/\/exaudi.org\/wp-content\/uploads\/2022\/09\/cathopic_1516722841360481.jpg","jetpack_shortlink":"https:\/\/wp.me\/pgKjF2-glA","_links":{"self":[{"href":"https:\/\/exaudi.org\/es\/wp-json\/wp\/v2\/posts\/62842","targetHints":{"allow":["GET"]}}],"collection":[{"href":"https:\/\/exaudi.org\/es\/wp-json\/wp\/v2\/posts"}],"about":[{"href":"https:\/\/exaudi.org\/es\/wp-json\/wp\/v2\/types\/post"}],"author":[{"embeddable":true,"href":"https:\/\/exaudi.org\/es\/wp-json\/wp\/v2\/users\/45"}],"replies":[{"embeddable":true,"href":"https:\/\/exaudi.org\/es\/wp-json\/wp\/v2\/comments?post=62842"}],"version-history":[{"count":0,"href":"https:\/\/exaudi.org\/es\/wp-json\/wp\/v2\/posts\/62842\/revisions"}],"wp:featuredmedia":[{"embeddable":true,"href":"https:\/\/exaudi.org\/es\/wp-json\/wp\/v2\/media\/62877"}],"wp:attachment":[{"href":"https:\/\/exaudi.org\/es\/wp-json\/wp\/v2\/media?parent=62842"}],"wp:term":[{"taxonomy":"category","embeddable":true,"href":"https:\/\/exaudi.org\/es\/wp-json\/wp\/v2\/categories?post=62842"},{"taxonomy":"post_tag","embeddable":true,"href":"https:\/\/exaudi.org\/es\/wp-json\/wp\/v2\/tags?post=62842"}],"curies":[{"name":"wp","href":"https:\/\/api.w.org\/{rel}","templated":true}]}}