{"id":62776,"date":"2022-09-26T09:46:19","date_gmt":"2022-09-26T07:46:19","guid":{"rendered":"https:\/\/exaudi.org\/?p=62776"},"modified":"2022-09-27T13:32:39","modified_gmt":"2022-09-27T11:32:39","slug":"amor-que-sana-en-el-peru","status":"publish","type":"post","link":"https:\/\/exaudi.org\/es\/amor-que-sana-en-el-peru\/","title":{"rendered":"Amor que sana en el Per\u00fa"},"content":{"rendered":"<p style=\"font-weight: 400\">Aliviar el dolor de quienes m\u00e1s sufren es una tarea encomiable. M\u00e1s aun, cuando ese deseo de curar las heridas no solo del cuerpo, sino tambi\u00e9n del alma, brota del coraz\u00f3n. El padre Luis Tezza ofreci\u00f3 su vida, en esa labor, por las calles de los Barrios Altos de Lima, durante m\u00e1s de 20 a\u00f1os.<\/p>\n<p style=\"font-weight: 400\">El sacerdote de nacionalidad italiana, lleg\u00f3 al Per\u00fa en 1900 como visitador para la reforma de la orden de los padres de la congregaci\u00f3n de San Camilo de Lima. Al cumplirse el centenario de su partida al cielo, la superiora provincial de las Hijas de San Camilo, sor Milagros Guti\u00e9rrez Castro, narra en exclusiva para Exaudi, c\u00f3mo el beato Luis Tezza se santific\u00f3 en tierras peruanas, donde encontr\u00f3 la muerte un 26 de setiembre de 1923.<\/p>\n<p style=\"font-weight: 400\">El \u201cAp\u00f3stol de Lima\u201d, como lo llamaban en la tambi\u00e9n recordada \u201cCiudad de los Reyes\u201d aprendi\u00f3 de su padre m\u00e9dico, el amor misericordioso por quienes sufren. Pues, cuando no estaba en la casa de alg\u00fan seminarista confesando sus necesidades espirituales, visitaba a los reos enfermos, o adultos mayores para aliviar sus males.<\/p>\n<h2 style=\"font-weight: 400\"><strong>Medico de coraz\u00f3n<\/strong><\/h2>\n<figure id=\"attachment_62777\" aria-describedby=\"caption-attachment-62777\" style=\"width: 135px\" class=\"wp-caption alignright\"><img loading=\"lazy\" decoding=\"async\" class=\"size-medium wp-image-62777\" src=\"https:\/\/exaudi.org\/wp-content\/uploads\/2022\/09\/IMG-20220914-WA0019-135x300.jpg\" alt=\"\u00a9Esther N\u00fa\u00f1ez\" width=\"135\" height=\"300\" srcset=\"https:\/\/exaudi.org\/wp-content\/uploads\/2022\/09\/IMG-20220914-WA0019-135x300.jpg 135w, https:\/\/exaudi.org\/wp-content\/uploads\/2022\/09\/IMG-20220914-WA0019-462x1024.jpg 462w, https:\/\/exaudi.org\/wp-content\/uploads\/2022\/09\/IMG-20220914-WA0019-770x1709.jpg 770w, https:\/\/exaudi.org\/wp-content\/uploads\/2022\/09\/IMG-20220914-WA0019-692x1536.jpg 692w, https:\/\/exaudi.org\/wp-content\/uploads\/2022\/09\/IMG-20220914-WA0019-500x1109.jpg 500w, https:\/\/exaudi.org\/wp-content\/uploads\/2022\/09\/IMG-20220914-WA0019-293x650.jpg 293w, https:\/\/exaudi.org\/wp-content\/uploads\/2022\/09\/IMG-20220914-WA0019-390x865.jpg 390w, https:\/\/exaudi.org\/wp-content\/uploads\/2022\/09\/IMG-20220914-WA0019.jpg 923w\" sizes=\"auto, (max-width: 135px) 100vw, 135px\" \/><figcaption id=\"caption-attachment-62777\" class=\"wp-caption-text\">\u00a9Esther N\u00fa\u00f1ez<\/figcaption><\/figure>\n<p style=\"font-weight: 400\">En estos tiempos de pandemia, las Hijas de san Camilo siguen asistiendo a los enfermos con el propio riesgo de su vida. El legado de espiritualidad que el padre fundador Luis Tezza dej\u00f3 es su mejor tesoro. A los cien a\u00f1os de su paso al cielo, las religiosas camilianas promueven su carisma al asistir al enfermo, como una madre lo har\u00eda, con su \u00fanico hijo.<\/p>\n<p style=\"font-weight: 400\">Bajo la intercesi\u00f3n de su fundador, las religiosas atienden con especial cari\u00f1o a los moribundos, como lo supo hacer el religioso camilo d\u00eda y noche, en el templo que toma el nombre de la Buena Muerte, tambi\u00e9n en Barrios Altos. Sus hijas cumplen su misi\u00f3n en diversas obras de servicio que llevan adelante en las nueve casas de reposo, cl\u00ednicas y hospitales tanto en Lima como en el interior del pa\u00eds.<\/p>\n<p style=\"font-weight: 400\">Tras la COVID -19, las Hijas de San Camilo, despidieron a la casa del Padre, a dos de sus hermanas, contagiadas por el virus durante sus visitas domiciliarias a los caser\u00edos de la regi\u00f3n andina.<\/p>\n<h2 style=\"font-weight: 400\"><strong>Una misi\u00f3n para los enfermos<\/strong><\/h2>\n<p style=\"font-weight: 400\">Su labor de enfermer\u00eda en la cl\u00ednica Padre Luis Tezza no se detiene. D\u00eda a d\u00eda curan a los enfermos en medio de todas las carencias materiales, pues conseguir su reinserci\u00f3n en la sociedad es su mejor recompensa.<\/p>\n<p style=\"font-weight: 400\">Esta labor la realizan desde 1960 cuando fueron invitadas a complementar este servicio por los propios padres Camilos. En 2021, iniciaron un nuevo camino de misi\u00f3n en la Amazonia peruana, en los caser\u00edos \u201cAlto Napo\u201d y \u201cSanta Clotilde\u201d, en Iquitos hasta d\u00f3nde deben llegar en lancha luego de seis horas de viaje. Para este a\u00f1o esperan renovar el comedor en Manchay (Lima), que ofrece 200 raciones diarias de alimentos.<\/p>\n<p style=\"font-weight: 400\">En el marco del A\u00f1o Jubilar, que concluir\u00e1 en 2023, se presentar\u00e1 el remozado santuario dedicado al beato padre Luis Tezza en la casa de Barrrios Altos, donde se podr\u00e1 venerar la reliquia del metatarso del pie de su fundador.<\/p>\n<p style=\"font-weight: 400\">Vivir esta experiencia de amor que sana puede cambiar tambi\u00e9n la vida de m\u00e1s personas, no temas seguir el llamado de Dios.<\/p>\n<p style=\"font-weight: 400\">Para conocer m\u00e1s de las Hijas de San Camilo <a href=\"https:\/\/clinicatezza.com.pe\/congregacion-hijas-de-san-camilo\/\" target=\"_blank\" rel=\"noopener\">aqu\u00ed.<\/a><\/p>\n","protected":false},"excerpt":{"rendered":"<p>Las Hijas de San Camilo celebran el a\u00f1o jubilar del beato padre Luis Tezza<\/p>\n","protected":false},"author":39,"featured_media":62780,"comment_status":"closed","ping_status":"closed","sticky":false,"template":"","format":"standard","meta":{"_acf_changed":false,"_crdt_document":"","inline_featured_image":false,"footnotes":""},"categories":[98],"tags":[4953],"class_list":["post-62776","post","type-post","status-publish","format-standard","has-post-thumbnail","hentry","category-testimonios","tag-trending-es"],"acf":[],"yoast_head":"<!-- This site is optimized with the Yoast SEO plugin v27.5 - https:\/\/yoast.com\/product\/yoast-seo-wordpress\/ -->\n<title>Amor que sana en el Per\u00fa &#8211; Exaudi<\/title>\n<meta name=\"robots\" content=\"index, follow, max-snippet:-1, max-image-preview:large, max-video-preview:-1\" \/>\n<link rel=\"canonical\" href=\"https:\/\/exaudi.org\/es\/amor-que-sana-en-el-peru\/\" \/>\n<meta property=\"og:locale\" content=\"es_ES\" \/>\n<meta property=\"og:type\" content=\"article\" \/>\n<meta property=\"og:title\" content=\"Amor que sana en el Per\u00fa &#8211; Exaudi\" \/>\n<meta property=\"og:description\" content=\"Las Hijas de San Camilo celebran el a\u00f1o jubilar del beato padre Luis Tezza\" \/>\n<meta property=\"og:url\" content=\"https:\/\/exaudi.org\/es\/amor-que-sana-en-el-peru\/\" \/>\n<meta property=\"og:site_name\" content=\"Exaudi\" \/>\n<meta property=\"article:publisher\" content=\"https:\/\/www.facebook.com\/ExaudiNews\" \/>\n<meta property=\"article:published_time\" content=\"2022-09-26T07:46:19+00:00\" \/>\n<meta property=\"article:modified_time\" content=\"2022-09-27T11:32:39+00:00\" \/>\n<meta property=\"og:image\" content=\"https:\/\/exaudi.org\/wp-content\/uploads\/2022\/09\/IMG-20220914-WA0020.jpg\" \/>\n\t<meta property=\"og:image:width\" content=\"1280\" \/>\n\t<meta property=\"og:image:height\" content=\"720\" \/>\n\t<meta property=\"og:image:type\" content=\"image\/jpeg\" \/>\n<meta name=\"author\" content=\"Esther N\u00fa\u00f1ez\" \/>\n<meta name=\"twitter:card\" content=\"summary_large_image\" \/>\n<meta name=\"twitter:creator\" content=\"@Exaudi_News\" \/>\n<meta name=\"twitter:site\" content=\"@Exaudi_News\" \/>\n<meta name=\"twitter:label1\" content=\"Escrito por\" \/>\n\t<meta name=\"twitter:data1\" content=\"Esther N\u00fa\u00f1ez\" \/>\n\t<meta name=\"twitter:label2\" content=\"Tiempo de lectura\" \/>\n\t<meta name=\"twitter:data2\" content=\"3 minutos\" \/>\n<script type=\"application\/ld+json\" class=\"yoast-schema-graph\">{\"@context\":\"https:\\\/\\\/schema.org\",\"@graph\":[{\"@type\":\"Article\",\"@id\":\"https:\\\/\\\/exaudi.org\\\/es\\\/amor-que-sana-en-el-peru\\\/#article\",\"isPartOf\":{\"@id\":\"https:\\\/\\\/exaudi.org\\\/es\\\/amor-que-sana-en-el-peru\\\/\"},\"author\":{\"name\":\"Esther N\u00fa\u00f1ez\",\"@id\":\"https:\\\/\\\/exaudi.org\\\/#\\\/schema\\\/person\\\/7105d7735b2bf8c31e7cf8784351ebbc\"},\"headline\":\"Amor que sana en el Per\u00fa\",\"datePublished\":\"2022-09-26T07:46:19+00:00\",\"dateModified\":\"2022-09-27T11:32:39+00:00\",\"mainEntityOfPage\":{\"@id\":\"https:\\\/\\\/exaudi.org\\\/es\\\/amor-que-sana-en-el-peru\\\/\"},\"wordCount\":588,\"image\":{\"@id\":\"https:\\\/\\\/exaudi.org\\\/es\\\/amor-que-sana-en-el-peru\\\/#primaryimage\"},\"thumbnailUrl\":\"https:\\\/\\\/exaudi.org\\\/wp-content\\\/uploads\\\/2022\\\/09\\\/IMG-20220914-WA0020.jpg\",\"keywords\":[\"Trending\"],\"articleSection\":[\"Testimonios\"],\"inLanguage\":\"es\"},{\"@type\":\"WebPage\",\"@id\":\"https:\\\/\\\/exaudi.org\\\/es\\\/amor-que-sana-en-el-peru\\\/\",\"url\":\"https:\\\/\\\/exaudi.org\\\/es\\\/amor-que-sana-en-el-peru\\\/\",\"name\":\"Amor que sana en el Per\u00fa &#8211; Exaudi\",\"isPartOf\":{\"@id\":\"https:\\\/\\\/exaudi.org\\\/#website\"},\"primaryImageOfPage\":{\"@id\":\"https:\\\/\\\/exaudi.org\\\/es\\\/amor-que-sana-en-el-peru\\\/#primaryimage\"},\"image\":{\"@id\":\"https:\\\/\\\/exaudi.org\\\/es\\\/amor-que-sana-en-el-peru\\\/#primaryimage\"},\"thumbnailUrl\":\"https:\\\/\\\/exaudi.org\\\/wp-content\\\/uploads\\\/2022\\\/09\\\/IMG-20220914-WA0020.jpg\",\"datePublished\":\"2022-09-26T07:46:19+00:00\",\"dateModified\":\"2022-09-27T11:32:39+00:00\",\"author\":{\"@id\":\"https:\\\/\\\/exaudi.org\\\/#\\\/schema\\\/person\\\/7105d7735b2bf8c31e7cf8784351ebbc\"},\"breadcrumb\":{\"@id\":\"https:\\\/\\\/exaudi.org\\\/es\\\/amor-que-sana-en-el-peru\\\/#breadcrumb\"},\"inLanguage\":\"es\",\"potentialAction\":[{\"@type\":\"ReadAction\",\"target\":[\"https:\\\/\\\/exaudi.org\\\/es\\\/amor-que-sana-en-el-peru\\\/\"]}]},{\"@type\":\"ImageObject\",\"inLanguage\":\"es\",\"@id\":\"https:\\\/\\\/exaudi.org\\\/es\\\/amor-que-sana-en-el-peru\\\/#primaryimage\",\"url\":\"https:\\\/\\\/exaudi.org\\\/wp-content\\\/uploads\\\/2022\\\/09\\\/IMG-20220914-WA0020.jpg\",\"contentUrl\":\"https:\\\/\\\/exaudi.org\\\/wp-content\\\/uploads\\\/2022\\\/09\\\/IMG-20220914-WA0020.jpg\",\"width\":1280,\"height\":720,\"caption\":\"\u00a9 Esther N\u00fa\u00f1ez\"},{\"@type\":\"BreadcrumbList\",\"@id\":\"https:\\\/\\\/exaudi.org\\\/es\\\/amor-que-sana-en-el-peru\\\/#breadcrumb\",\"itemListElement\":[{\"@type\":\"ListItem\",\"position\":1,\"name\":\"Portada\",\"item\":\"https:\\\/\\\/exaudi.org\\\/es\\\/\"},{\"@type\":\"ListItem\",\"position\":2,\"name\":\"Amor que sana en el Per\u00fa\"}]},{\"@type\":\"WebSite\",\"@id\":\"https:\\\/\\\/exaudi.org\\\/#website\",\"url\":\"https:\\\/\\\/exaudi.org\\\/\",\"name\":\"Exaudi\",\"description\":\"News\",\"potentialAction\":[{\"@type\":\"SearchAction\",\"target\":{\"@type\":\"EntryPoint\",\"urlTemplate\":\"https:\\\/\\\/exaudi.org\\\/?s={search_term_string}\"},\"query-input\":{\"@type\":\"PropertyValueSpecification\",\"valueRequired\":true,\"valueName\":\"search_term_string\"}}],\"inLanguage\":\"es\"},{\"@type\":\"Person\",\"@id\":\"https:\\\/\\\/exaudi.org\\\/#\\\/schema\\\/person\\\/7105d7735b2bf8c31e7cf8784351ebbc\",\"name\":\"Esther N\u00fa\u00f1ez\",\"image\":{\"@type\":\"ImageObject\",\"inLanguage\":\"es\",\"@id\":\"https:\\\/\\\/secure.gravatar.com\\\/avatar\\\/856566533d218d9d7b852b03a545bc963463ade36cec448d0cba38a2d59be800?s=96&d=mm&r=g\",\"url\":\"https:\\\/\\\/secure.gravatar.com\\\/avatar\\\/856566533d218d9d7b852b03a545bc963463ade36cec448d0cba38a2d59be800?s=96&d=mm&r=g\",\"contentUrl\":\"https:\\\/\\\/secure.gravatar.com\\\/avatar\\\/856566533d218d9d7b852b03a545bc963463ade36cec448d0cba38a2d59be800?s=96&d=mm&r=g\",\"caption\":\"Esther N\u00fa\u00f1ez\"},\"description\":\"Lima, Per\u00fa Periodista colegiada con ejercicio de la profesi\u00f3n desde 2001. Licenciada en periodismo por la Universidad Jaime Bausate y Meza, de Lima. Estudios complementarios en Teolog\u00eda, Filosof\u00eda, Comunicaci\u00f3n Digital; as\u00ed como en Conducci\u00f3n de noticieros y producci\u00f3n audiovisual. Con preparaci\u00f3n adicional en doctrina social de la Iglesia, comunicaci\u00f3n institucional en el sector p\u00fablico y eclesial. Ha ejercido tareas como imagen institucional en la Oficina de Educaci\u00f3n de la Conferencia Episcopal Peruana. Asimismo, Jefa de prensa de un canal y editora de dos revistas impresas. Experiencia en la realizaci\u00f3n de talleres de redacci\u00f3n, as\u00ed como en corresponsal\u00edas de agencias y portales web, direcci\u00f3n, producci\u00f3n y conducci\u00f3n de programas de radio y televisi\u00f3n. Desde 2020 colabora como periodista en el Instituto de Radio y Televisi\u00f3n del Per\u00fa.\",\"url\":\"https:\\\/\\\/exaudi.org\\\/es\\\/author\\\/esthernunez\\\/\"}]}<\/script>\n<!-- \/ Yoast SEO plugin. -->","yoast_head_json":{"title":"Amor que sana en el Per\u00fa &#8211; Exaudi","robots":{"index":"index","follow":"follow","max-snippet":"max-snippet:-1","max-image-preview":"max-image-preview:large","max-video-preview":"max-video-preview:-1"},"canonical":"https:\/\/exaudi.org\/es\/amor-que-sana-en-el-peru\/","og_locale":"es_ES","og_type":"article","og_title":"Amor que sana en el Per\u00fa &#8211; Exaudi","og_description":"Las Hijas de San Camilo celebran el a\u00f1o jubilar del beato padre Luis Tezza","og_url":"https:\/\/exaudi.org\/es\/amor-que-sana-en-el-peru\/","og_site_name":"Exaudi","article_publisher":"https:\/\/www.facebook.com\/ExaudiNews","article_published_time":"2022-09-26T07:46:19+00:00","article_modified_time":"2022-09-27T11:32:39+00:00","og_image":[{"width":1280,"height":720,"url":"https:\/\/exaudi.org\/wp-content\/uploads\/2022\/09\/IMG-20220914-WA0020.jpg","type":"image\/jpeg"}],"author":"Esther N\u00fa\u00f1ez","twitter_card":"summary_large_image","twitter_creator":"@Exaudi_News","twitter_site":"@Exaudi_News","twitter_misc":{"Escrito por":"Esther N\u00fa\u00f1ez","Tiempo de lectura":"3 minutos"},"schema":{"@context":"https:\/\/schema.org","@graph":[{"@type":"Article","@id":"https:\/\/exaudi.org\/es\/amor-que-sana-en-el-peru\/#article","isPartOf":{"@id":"https:\/\/exaudi.org\/es\/amor-que-sana-en-el-peru\/"},"author":{"name":"Esther N\u00fa\u00f1ez","@id":"https:\/\/exaudi.org\/#\/schema\/person\/7105d7735b2bf8c31e7cf8784351ebbc"},"headline":"Amor que sana en el Per\u00fa","datePublished":"2022-09-26T07:46:19+00:00","dateModified":"2022-09-27T11:32:39+00:00","mainEntityOfPage":{"@id":"https:\/\/exaudi.org\/es\/amor-que-sana-en-el-peru\/"},"wordCount":588,"image":{"@id":"https:\/\/exaudi.org\/es\/amor-que-sana-en-el-peru\/#primaryimage"},"thumbnailUrl":"https:\/\/exaudi.org\/wp-content\/uploads\/2022\/09\/IMG-20220914-WA0020.jpg","keywords":["Trending"],"articleSection":["Testimonios"],"inLanguage":"es"},{"@type":"WebPage","@id":"https:\/\/exaudi.org\/es\/amor-que-sana-en-el-peru\/","url":"https:\/\/exaudi.org\/es\/amor-que-sana-en-el-peru\/","name":"Amor que sana en el Per\u00fa &#8211; Exaudi","isPartOf":{"@id":"https:\/\/exaudi.org\/#website"},"primaryImageOfPage":{"@id":"https:\/\/exaudi.org\/es\/amor-que-sana-en-el-peru\/#primaryimage"},"image":{"@id":"https:\/\/exaudi.org\/es\/amor-que-sana-en-el-peru\/#primaryimage"},"thumbnailUrl":"https:\/\/exaudi.org\/wp-content\/uploads\/2022\/09\/IMG-20220914-WA0020.jpg","datePublished":"2022-09-26T07:46:19+00:00","dateModified":"2022-09-27T11:32:39+00:00","author":{"@id":"https:\/\/exaudi.org\/#\/schema\/person\/7105d7735b2bf8c31e7cf8784351ebbc"},"breadcrumb":{"@id":"https:\/\/exaudi.org\/es\/amor-que-sana-en-el-peru\/#breadcrumb"},"inLanguage":"es","potentialAction":[{"@type":"ReadAction","target":["https:\/\/exaudi.org\/es\/amor-que-sana-en-el-peru\/"]}]},{"@type":"ImageObject","inLanguage":"es","@id":"https:\/\/exaudi.org\/es\/amor-que-sana-en-el-peru\/#primaryimage","url":"https:\/\/exaudi.org\/wp-content\/uploads\/2022\/09\/IMG-20220914-WA0020.jpg","contentUrl":"https:\/\/exaudi.org\/wp-content\/uploads\/2022\/09\/IMG-20220914-WA0020.jpg","width":1280,"height":720,"caption":"\u00a9 Esther N\u00fa\u00f1ez"},{"@type":"BreadcrumbList","@id":"https:\/\/exaudi.org\/es\/amor-que-sana-en-el-peru\/#breadcrumb","itemListElement":[{"@type":"ListItem","position":1,"name":"Portada","item":"https:\/\/exaudi.org\/es\/"},{"@type":"ListItem","position":2,"name":"Amor que sana en el Per\u00fa"}]},{"@type":"WebSite","@id":"https:\/\/exaudi.org\/#website","url":"https:\/\/exaudi.org\/","name":"Exaudi","description":"News","potentialAction":[{"@type":"SearchAction","target":{"@type":"EntryPoint","urlTemplate":"https:\/\/exaudi.org\/?s={search_term_string}"},"query-input":{"@type":"PropertyValueSpecification","valueRequired":true,"valueName":"search_term_string"}}],"inLanguage":"es"},{"@type":"Person","@id":"https:\/\/exaudi.org\/#\/schema\/person\/7105d7735b2bf8c31e7cf8784351ebbc","name":"Esther N\u00fa\u00f1ez","image":{"@type":"ImageObject","inLanguage":"es","@id":"https:\/\/secure.gravatar.com\/avatar\/856566533d218d9d7b852b03a545bc963463ade36cec448d0cba38a2d59be800?s=96&d=mm&r=g","url":"https:\/\/secure.gravatar.com\/avatar\/856566533d218d9d7b852b03a545bc963463ade36cec448d0cba38a2d59be800?s=96&d=mm&r=g","contentUrl":"https:\/\/secure.gravatar.com\/avatar\/856566533d218d9d7b852b03a545bc963463ade36cec448d0cba38a2d59be800?s=96&d=mm&r=g","caption":"Esther N\u00fa\u00f1ez"},"description":"Lima, Per\u00fa Periodista colegiada con ejercicio de la profesi\u00f3n desde 2001. Licenciada en periodismo por la Universidad Jaime Bausate y Meza, de Lima. Estudios complementarios en Teolog\u00eda, Filosof\u00eda, Comunicaci\u00f3n Digital; as\u00ed como en Conducci\u00f3n de noticieros y producci\u00f3n audiovisual. Con preparaci\u00f3n adicional en doctrina social de la Iglesia, comunicaci\u00f3n institucional en el sector p\u00fablico y eclesial. Ha ejercido tareas como imagen institucional en la Oficina de Educaci\u00f3n de la Conferencia Episcopal Peruana. Asimismo, Jefa de prensa de un canal y editora de dos revistas impresas. Experiencia en la realizaci\u00f3n de talleres de redacci\u00f3n, as\u00ed como en corresponsal\u00edas de agencias y portales web, direcci\u00f3n, producci\u00f3n y conducci\u00f3n de programas de radio y televisi\u00f3n. Desde 2020 colabora como periodista en el Instituto de Radio y Televisi\u00f3n del Per\u00fa.","url":"https:\/\/exaudi.org\/es\/author\/esthernunez\/"}]}},"jetpack_featured_media_url":"https:\/\/exaudi.org\/wp-content\/uploads\/2022\/09\/IMG-20220914-WA0020.jpg","jetpack_shortlink":"https:\/\/wp.me\/pgKjF2-gkw","_links":{"self":[{"href":"https:\/\/exaudi.org\/es\/wp-json\/wp\/v2\/posts\/62776","targetHints":{"allow":["GET"]}}],"collection":[{"href":"https:\/\/exaudi.org\/es\/wp-json\/wp\/v2\/posts"}],"about":[{"href":"https:\/\/exaudi.org\/es\/wp-json\/wp\/v2\/types\/post"}],"author":[{"embeddable":true,"href":"https:\/\/exaudi.org\/es\/wp-json\/wp\/v2\/users\/39"}],"replies":[{"embeddable":true,"href":"https:\/\/exaudi.org\/es\/wp-json\/wp\/v2\/comments?post=62776"}],"version-history":[{"count":0,"href":"https:\/\/exaudi.org\/es\/wp-json\/wp\/v2\/posts\/62776\/revisions"}],"wp:featuredmedia":[{"embeddable":true,"href":"https:\/\/exaudi.org\/es\/wp-json\/wp\/v2\/media\/62780"}],"wp:attachment":[{"href":"https:\/\/exaudi.org\/es\/wp-json\/wp\/v2\/media?parent=62776"}],"wp:term":[{"taxonomy":"category","embeddable":true,"href":"https:\/\/exaudi.org\/es\/wp-json\/wp\/v2\/categories?post=62776"},{"taxonomy":"post_tag","embeddable":true,"href":"https:\/\/exaudi.org\/es\/wp-json\/wp\/v2\/tags?post=62776"}],"curies":[{"name":"wp","href":"https:\/\/api.w.org\/{rel}","templated":true}]}}