{"id":62628,"date":"2022-09-23T10:35:22","date_gmt":"2022-09-23T08:35:22","guid":{"rendered":"https:\/\/exaudi.org\/?p=62628"},"modified":"2022-09-23T13:47:55","modified_gmt":"2022-09-23T11:47:55","slug":"visita-del-santo-padre-francisco-a-asis-encuentro-economia-de-francisco","status":"publish","type":"post","link":"https:\/\/exaudi.org\/es\/visita-del-santo-padre-francisco-a-asis-encuentro-economia-de-francisco\/","title":{"rendered":"El Papa Francisco visita As\u00eds para el encuentro \u201cEconom\u00eda de Francisco\u201d"},"content":{"rendered":"<p>El Papa Francisco visitar\u00e1 As\u00eds este s\u00e1bado, 24 de septiembre de 2022, con motivo del evento <a href=\"https:\/\/francescoeconomy.org\/es\/eof_people\/\" target=\"_blank\" rel=\"noopener\">Econom\u00eda de Francisco<\/a>. Se trata de un encuentro, convocado presencialmente por el Santo Padre en 2020 y truncado por la pandemia, para trabajar en pro de una econom\u00eda con alma, al servicio de la persona humana, una econom\u00eda inclusiva, que promueva la dignidad de las personas.<\/p>\n<p>Del el 22 al 24 de septiembre, As\u00eds est\u00e1 siendo punto de encuentro de casi mil j\u00f3venes de los que se han puesto en marcha en estos tres a\u00f1os, involucrando en el proyecto a otros j\u00f3venes economistas, emprendedores y <em>changemakers<\/em> de todo el mundo.<\/p>\n<p>\u201cQueridos j\u00f3venes, dejad que surjan vuestras ideas y vuestros sue\u00f1os y, a trav\u00e9s de ellos, aportad al mundo, a la Iglesia y a los dem\u00e1s j\u00f3venes, la profec\u00eda y la belleza de la que sois capaces. No sois el futuro: sois el presente. Otro presente. El mundo necesita vuestro valor. Ahora\u201d, expresa Francisco al dirigirse a los participantes en esta iniciativa.<\/p>\n<p>Tras los testimonios y su discurso, el Pont\u00edfice firmar\u00e1 un pacto con los j\u00f3venes para comprometerse juntos en este camino hacia una econom\u00eda con alma y que no deje a nadie atr\u00e1s.<\/p>\n<p>A continuaci\u00f3n, el programa completo de la visita de Su Santidad a la ciudad de san Francisco.<\/p>\n<p>***<\/p>\n<h2><strong>Programa de la visita del Santo Padre a As\u00eds, s\u00e1bado 24 de septiembre de 2022<\/strong><\/h2>\n<p><strong>9 Despegue desde el helipuerto del Vaticano<\/strong><\/p>\n<p><strong>9.30 Aterrizaje en la explanada del \u201cPala-Eventi\u201d de Santa Mar\u00eda de los \u00c1ngeles.<\/strong><\/p>\n<p>El Santo Padre llega en autom\u00f3vil al \u201cPala-Eventi\u201d, donde lo reciben:<\/p>\n<p>&#8211;\u00a0 tres j\u00f3venes, en representaci\u00f3n de los j\u00f3venes que participan en el encuentro;<\/p>\n<p>&#8211;\u00a0 Card. Michael Czerny, Prefecto del Dicasterio para el Servicio del Desarrollo Humano Integral;<\/p>\n<p>&#8211;\u00a0 S.E. Mons. Domenico Sorrentino, Arzobispo-Obispo de As\u00eds-Nocera Umbra-Gualdo Tadino, y de Foligno;<\/p>\n<p>&#8211;\u00a0 Dra. Donatella Tesei, Presidente de la Regi\u00f3n Umbria;<\/p>\n<p>&#8211;\u00a0 Dr. Armando Gradone, Prefecto de Perugia;<\/p>\n<p>&#8211;\u00a0 Dra. Stefania Proietti, Alcaldesa de As\u00eds y Presidenta de la Provincia de Perugia;<\/p>\n<p>&#8211;\u00a0 Miembros del Comit\u00e9 organizador del encuentro:<\/p>\n<p>&#8211;\u00a0 Prof. Luigino Bruni;<\/p>\n<p>&#8211;\u00a0 Dra. Francesca di Maolo;<\/p>\n<p>&#8211;\u00a0 Sor Alessandra Smerilli.<\/p>\n<p>&#8211;\u00a0 Representantes de las familias franciscanas de As\u00eds y de la Pro Civitate Christiana<\/p>\n<p><strong>10 El Santo Padre llega a la tribuna.<\/strong><\/p>\n<p>El encuentro con los j\u00f3venes se desarrolla de la siguiente manera:<\/p>\n<p>&#8211;\u00a0 momento art\u00edstico-teatral;<\/p>\n<p>&#8211;\u00a0 bienvenida e introducci\u00f3n;<\/p>\n<p>&#8211;\u00a0 ocho j\u00f3venes narran sus experiencias.<\/p>\n<p>* Discurso del Santo Padre<\/p>\n<p>&#8211;\u00a0 lectura y firma del \u201cPacto\u201d;<\/p>\n<p>&#8211;\u00a0 el Santo Padre saluda a los j\u00f3venes presentes en la tribuna.<\/p>\n<p><strong>11.30 Al final del encuentro, el Santo Padre se dirige en autom\u00f3vil a la plaza adyacente al Teatro<\/strong><\/p>\n<p><strong>11.45 Despegue desde Santa Mar\u00eda de los \u00c1ngeles<\/strong><\/p>\n<p><strong>12.15 Aterrizaje en el helipuerto del Vaticano<\/strong><\/p>\n","protected":false},"excerpt":{"rendered":"<p>Aqu\u00ed tienes el programa del viaje<\/p>\n","protected":false},"author":15,"featured_media":62647,"comment_status":"closed","ping_status":"closed","sticky":false,"template":"","format":"standard","meta":{"_acf_changed":false,"_crdt_document":"","inline_featured_image":false,"footnotes":""},"categories":[116,68],"tags":[3609,1288,4953],"class_list":["post-62628","post","type-post","status-publish","format-standard","has-post-thumbnail","hentry","category-encuentros","category-leon-xiv","tag-asis","tag-economia-de-francisco","tag-trending-es"],"acf":[],"yoast_head":"<!-- This site is optimized with the Yoast SEO plugin v27.5 - https:\/\/yoast.com\/product\/yoast-seo-wordpress\/ -->\n<title>El Papa Francisco visita As\u00eds para el encuentro \u201cEconom\u00eda de Francisco\u201d &#8211; Exaudi<\/title>\n<meta name=\"robots\" content=\"index, follow, max-snippet:-1, max-image-preview:large, max-video-preview:-1\" \/>\n<link rel=\"canonical\" href=\"https:\/\/exaudi.org\/es\/visita-del-santo-padre-francisco-a-asis-encuentro-economia-de-francisco\/\" \/>\n<meta property=\"og:locale\" content=\"es_ES\" \/>\n<meta property=\"og:type\" content=\"article\" \/>\n<meta property=\"og:title\" content=\"El Papa Francisco visita As\u00eds para el encuentro \u201cEconom\u00eda de Francisco\u201d &#8211; Exaudi\" \/>\n<meta property=\"og:description\" content=\"Aqu\u00ed tienes el programa del viaje\" \/>\n<meta property=\"og:url\" content=\"https:\/\/exaudi.org\/es\/visita-del-santo-padre-francisco-a-asis-encuentro-economia-de-francisco\/\" \/>\n<meta property=\"og:site_name\" content=\"Exaudi\" \/>\n<meta property=\"article:publisher\" content=\"https:\/\/www.facebook.com\/ExaudiNews\" \/>\n<meta property=\"article:author\" content=\"https:\/\/www.facebook.com\/ExaudiNoticias\/\" \/>\n<meta property=\"article:published_time\" content=\"2022-09-23T08:35:22+00:00\" \/>\n<meta property=\"article:modified_time\" content=\"2022-09-23T11:47:55+00:00\" \/>\n<meta property=\"og:image\" content=\"https:\/\/exaudi.org\/wp-content\/uploads\/2022\/09\/El-Papa-Francisco-junto-a-jovenes-Jesuitas-Colombia.jpg\" \/>\n\t<meta property=\"og:image:width\" content=\"800\" \/>\n\t<meta property=\"og:image:height\" content=\"600\" \/>\n\t<meta property=\"og:image:type\" content=\"image\/jpeg\" \/>\n<meta name=\"author\" content=\"Exaudi Redacci\u00f3n\" \/>\n<meta name=\"twitter:card\" content=\"summary_large_image\" \/>\n<meta name=\"twitter:creator\" content=\"@Exaudi_noticias\" \/>\n<meta name=\"twitter:site\" content=\"@Exaudi_News\" \/>\n<meta name=\"twitter:label1\" content=\"Escrito por\" \/>\n\t<meta name=\"twitter:data1\" content=\"Exaudi Redacci\u00f3n\" \/>\n\t<meta name=\"twitter:label2\" content=\"Tiempo de lectura\" \/>\n\t<meta name=\"twitter:data2\" content=\"3 minutos\" \/>\n<script type=\"application\/ld+json\" class=\"yoast-schema-graph\">{\"@context\":\"https:\\\/\\\/schema.org\",\"@graph\":[{\"@type\":\"Article\",\"@id\":\"https:\\\/\\\/exaudi.org\\\/es\\\/visita-del-santo-padre-francisco-a-asis-encuentro-economia-de-francisco\\\/#article\",\"isPartOf\":{\"@id\":\"https:\\\/\\\/exaudi.org\\\/es\\\/visita-del-santo-padre-francisco-a-asis-encuentro-economia-de-francisco\\\/\"},\"author\":{\"name\":\"Exaudi Redacci\u00f3n\",\"@id\":\"https:\\\/\\\/exaudi.org\\\/#\\\/schema\\\/person\\\/f5fc8f063065e38742da7afe15f25df7\"},\"headline\":\"El Papa Francisco visita As\u00eds para el encuentro \u201cEconom\u00eda de Francisco\u201d\",\"datePublished\":\"2022-09-23T08:35:22+00:00\",\"dateModified\":\"2022-09-23T11:47:55+00:00\",\"mainEntityOfPage\":{\"@id\":\"https:\\\/\\\/exaudi.org\\\/es\\\/visita-del-santo-padre-francisco-a-asis-encuentro-economia-de-francisco\\\/\"},\"wordCount\":492,\"image\":{\"@id\":\"https:\\\/\\\/exaudi.org\\\/es\\\/visita-del-santo-padre-francisco-a-asis-encuentro-economia-de-francisco\\\/#primaryimage\"},\"thumbnailUrl\":\"https:\\\/\\\/exaudi.org\\\/wp-content\\\/uploads\\\/2022\\\/09\\\/El-Papa-Francisco-junto-a-jovenes-Jesuitas-Colombia.jpg\",\"keywords\":[\"As\u00eds\",\"Econom\u00eda de Francisco\",\"Trending\"],\"articleSection\":[\"Encuentros\",\"Le\u00f3n XIV\"],\"inLanguage\":\"es\"},{\"@type\":\"WebPage\",\"@id\":\"https:\\\/\\\/exaudi.org\\\/es\\\/visita-del-santo-padre-francisco-a-asis-encuentro-economia-de-francisco\\\/\",\"url\":\"https:\\\/\\\/exaudi.org\\\/es\\\/visita-del-santo-padre-francisco-a-asis-encuentro-economia-de-francisco\\\/\",\"name\":\"El Papa Francisco visita As\u00eds para el encuentro \u201cEconom\u00eda de Francisco\u201d &#8211; Exaudi\",\"isPartOf\":{\"@id\":\"https:\\\/\\\/exaudi.org\\\/#website\"},\"primaryImageOfPage\":{\"@id\":\"https:\\\/\\\/exaudi.org\\\/es\\\/visita-del-santo-padre-francisco-a-asis-encuentro-economia-de-francisco\\\/#primaryimage\"},\"image\":{\"@id\":\"https:\\\/\\\/exaudi.org\\\/es\\\/visita-del-santo-padre-francisco-a-asis-encuentro-economia-de-francisco\\\/#primaryimage\"},\"thumbnailUrl\":\"https:\\\/\\\/exaudi.org\\\/wp-content\\\/uploads\\\/2022\\\/09\\\/El-Papa-Francisco-junto-a-jovenes-Jesuitas-Colombia.jpg\",\"datePublished\":\"2022-09-23T08:35:22+00:00\",\"dateModified\":\"2022-09-23T11:47:55+00:00\",\"author\":{\"@id\":\"https:\\\/\\\/exaudi.org\\\/#\\\/schema\\\/person\\\/f5fc8f063065e38742da7afe15f25df7\"},\"breadcrumb\":{\"@id\":\"https:\\\/\\\/exaudi.org\\\/es\\\/visita-del-santo-padre-francisco-a-asis-encuentro-economia-de-francisco\\\/#breadcrumb\"},\"inLanguage\":\"es\",\"potentialAction\":[{\"@type\":\"ReadAction\",\"target\":[\"https:\\\/\\\/exaudi.org\\\/es\\\/visita-del-santo-padre-francisco-a-asis-encuentro-economia-de-francisco\\\/\"]}]},{\"@type\":\"ImageObject\",\"inLanguage\":\"es\",\"@id\":\"https:\\\/\\\/exaudi.org\\\/es\\\/visita-del-santo-padre-francisco-a-asis-encuentro-economia-de-francisco\\\/#primaryimage\",\"url\":\"https:\\\/\\\/exaudi.org\\\/wp-content\\\/uploads\\\/2022\\\/09\\\/El-Papa-Francisco-junto-a-jovenes-Jesuitas-Colombia.jpg\",\"contentUrl\":\"https:\\\/\\\/exaudi.org\\\/wp-content\\\/uploads\\\/2022\\\/09\\\/El-Papa-Francisco-junto-a-jovenes-Jesuitas-Colombia.jpg\",\"width\":800,\"height\":600},{\"@type\":\"BreadcrumbList\",\"@id\":\"https:\\\/\\\/exaudi.org\\\/es\\\/visita-del-santo-padre-francisco-a-asis-encuentro-economia-de-francisco\\\/#breadcrumb\",\"itemListElement\":[{\"@type\":\"ListItem\",\"position\":1,\"name\":\"Portada\",\"item\":\"https:\\\/\\\/exaudi.org\\\/es\\\/\"},{\"@type\":\"ListItem\",\"position\":2,\"name\":\"El Papa Francisco visita As\u00eds para el encuentro \u201cEconom\u00eda de Francisco\u201d\"}]},{\"@type\":\"WebSite\",\"@id\":\"https:\\\/\\\/exaudi.org\\\/#website\",\"url\":\"https:\\\/\\\/exaudi.org\\\/\",\"name\":\"Exaudi\",\"description\":\"News\",\"potentialAction\":[{\"@type\":\"SearchAction\",\"target\":{\"@type\":\"EntryPoint\",\"urlTemplate\":\"https:\\\/\\\/exaudi.org\\\/?s={search_term_string}\"},\"query-input\":{\"@type\":\"PropertyValueSpecification\",\"valueRequired\":true,\"valueName\":\"search_term_string\"}}],\"inLanguage\":\"es\"},{\"@type\":\"Person\",\"@id\":\"https:\\\/\\\/exaudi.org\\\/#\\\/schema\\\/person\\\/f5fc8f063065e38742da7afe15f25df7\",\"name\":\"Exaudi Redacci\u00f3n\",\"image\":{\"@type\":\"ImageObject\",\"inLanguage\":\"es\",\"@id\":\"https:\\\/\\\/secure.gravatar.com\\\/avatar\\\/fe0f6a059fb68d9b3e11bc5850dd4899b1c7492091a3cb6dd9b01b56ad828be2?s=96&d=mm&r=g\",\"url\":\"https:\\\/\\\/secure.gravatar.com\\\/avatar\\\/fe0f6a059fb68d9b3e11bc5850dd4899b1c7492091a3cb6dd9b01b56ad828be2?s=96&d=mm&r=g\",\"contentUrl\":\"https:\\\/\\\/secure.gravatar.com\\\/avatar\\\/fe0f6a059fb68d9b3e11bc5850dd4899b1c7492091a3cb6dd9b01b56ad828be2?s=96&d=mm&r=g\",\"caption\":\"Exaudi Redacci\u00f3n\"},\"description\":\"\u00bfQu\u00e9 es Exaudi News? Exaudi News es un medio de comunicaci\u00f3n cat\u00f3lico internacional que informa, forma y transforma, diariamente en espa\u00f1ol, ingl\u00e9s e italiano. A trav\u00e9s de noticias, art\u00edculos de an\u00e1lisis y transmisiones en directo de los eventos del Papa, Exaudi busca fortalecer la unidad de los cristianos y contribuir a la evangelizaci\u00f3n del mundo, siempre guiados por la doctrina social de la Iglesia. Trabajamos para acercar la verdad y los valores cristianos a cada rinc\u00f3n del planeta. \u00a1Ay\u00fadanos a transformar el mundo con Exaudi! En Exaudi creemos que la evangelizaci\u00f3n y la informaci\u00f3n de calidad pueden cambiar vidas. Para continuar con nuestra misi\u00f3n y expandir nuestro alcance, necesitamos tu ayuda. Adem\u00e1s, buscamos personas comprometidas que deseen unirse a nuestro equipo. Con tu apoyo, lograremos llegar a m\u00e1s personas, difundir el mensaje de Cristo y reforzar la unidad de los cristianos. \u00bfTe unes a nuestra misi\u00f3n? Para m\u00e1s informaci\u00f3n sobre c\u00f3mo colaborar, visita Exaudi.org\\\/es o cont\u00e1ctanos directamente: info@exaudi.org Exaudi: Informa, forma y transforma.\",\"sameAs\":[\"https:\\\/\\\/www.facebook.com\\\/ExaudiNoticias\\\/\",\"https:\\\/\\\/www.instagram.com\\\/exaudi_noticias\\\/\",\"https:\\\/\\\/x.com\\\/Exaudi_noticias\",\"https:\\\/\\\/www.youtube.com\\\/@exaudicatholicnews\"],\"url\":\"https:\\\/\\\/exaudi.org\\\/es\\\/author\\\/redaccionexaudi\\\/\"}]}<\/script>\n<!-- \/ Yoast SEO plugin. -->","yoast_head_json":{"title":"El Papa Francisco visita As\u00eds para el encuentro \u201cEconom\u00eda de Francisco\u201d &#8211; Exaudi","robots":{"index":"index","follow":"follow","max-snippet":"max-snippet:-1","max-image-preview":"max-image-preview:large","max-video-preview":"max-video-preview:-1"},"canonical":"https:\/\/exaudi.org\/es\/visita-del-santo-padre-francisco-a-asis-encuentro-economia-de-francisco\/","og_locale":"es_ES","og_type":"article","og_title":"El Papa Francisco visita As\u00eds para el encuentro \u201cEconom\u00eda de Francisco\u201d &#8211; Exaudi","og_description":"Aqu\u00ed tienes el programa del viaje","og_url":"https:\/\/exaudi.org\/es\/visita-del-santo-padre-francisco-a-asis-encuentro-economia-de-francisco\/","og_site_name":"Exaudi","article_publisher":"https:\/\/www.facebook.com\/ExaudiNews","article_author":"https:\/\/www.facebook.com\/ExaudiNoticias\/","article_published_time":"2022-09-23T08:35:22+00:00","article_modified_time":"2022-09-23T11:47:55+00:00","og_image":[{"width":800,"height":600,"url":"https:\/\/exaudi.org\/wp-content\/uploads\/2022\/09\/El-Papa-Francisco-junto-a-jovenes-Jesuitas-Colombia.jpg","type":"image\/jpeg"}],"author":"Exaudi Redacci\u00f3n","twitter_card":"summary_large_image","twitter_creator":"@Exaudi_noticias","twitter_site":"@Exaudi_News","twitter_misc":{"Escrito por":"Exaudi Redacci\u00f3n","Tiempo de lectura":"3 minutos"},"schema":{"@context":"https:\/\/schema.org","@graph":[{"@type":"Article","@id":"https:\/\/exaudi.org\/es\/visita-del-santo-padre-francisco-a-asis-encuentro-economia-de-francisco\/#article","isPartOf":{"@id":"https:\/\/exaudi.org\/es\/visita-del-santo-padre-francisco-a-asis-encuentro-economia-de-francisco\/"},"author":{"name":"Exaudi Redacci\u00f3n","@id":"https:\/\/exaudi.org\/#\/schema\/person\/f5fc8f063065e38742da7afe15f25df7"},"headline":"El Papa Francisco visita As\u00eds para el encuentro \u201cEconom\u00eda de Francisco\u201d","datePublished":"2022-09-23T08:35:22+00:00","dateModified":"2022-09-23T11:47:55+00:00","mainEntityOfPage":{"@id":"https:\/\/exaudi.org\/es\/visita-del-santo-padre-francisco-a-asis-encuentro-economia-de-francisco\/"},"wordCount":492,"image":{"@id":"https:\/\/exaudi.org\/es\/visita-del-santo-padre-francisco-a-asis-encuentro-economia-de-francisco\/#primaryimage"},"thumbnailUrl":"https:\/\/exaudi.org\/wp-content\/uploads\/2022\/09\/El-Papa-Francisco-junto-a-jovenes-Jesuitas-Colombia.jpg","keywords":["As\u00eds","Econom\u00eda de Francisco","Trending"],"articleSection":["Encuentros","Le\u00f3n XIV"],"inLanguage":"es"},{"@type":"WebPage","@id":"https:\/\/exaudi.org\/es\/visita-del-santo-padre-francisco-a-asis-encuentro-economia-de-francisco\/","url":"https:\/\/exaudi.org\/es\/visita-del-santo-padre-francisco-a-asis-encuentro-economia-de-francisco\/","name":"El Papa Francisco visita As\u00eds para el encuentro \u201cEconom\u00eda de Francisco\u201d &#8211; Exaudi","isPartOf":{"@id":"https:\/\/exaudi.org\/#website"},"primaryImageOfPage":{"@id":"https:\/\/exaudi.org\/es\/visita-del-santo-padre-francisco-a-asis-encuentro-economia-de-francisco\/#primaryimage"},"image":{"@id":"https:\/\/exaudi.org\/es\/visita-del-santo-padre-francisco-a-asis-encuentro-economia-de-francisco\/#primaryimage"},"thumbnailUrl":"https:\/\/exaudi.org\/wp-content\/uploads\/2022\/09\/El-Papa-Francisco-junto-a-jovenes-Jesuitas-Colombia.jpg","datePublished":"2022-09-23T08:35:22+00:00","dateModified":"2022-09-23T11:47:55+00:00","author":{"@id":"https:\/\/exaudi.org\/#\/schema\/person\/f5fc8f063065e38742da7afe15f25df7"},"breadcrumb":{"@id":"https:\/\/exaudi.org\/es\/visita-del-santo-padre-francisco-a-asis-encuentro-economia-de-francisco\/#breadcrumb"},"inLanguage":"es","potentialAction":[{"@type":"ReadAction","target":["https:\/\/exaudi.org\/es\/visita-del-santo-padre-francisco-a-asis-encuentro-economia-de-francisco\/"]}]},{"@type":"ImageObject","inLanguage":"es","@id":"https:\/\/exaudi.org\/es\/visita-del-santo-padre-francisco-a-asis-encuentro-economia-de-francisco\/#primaryimage","url":"https:\/\/exaudi.org\/wp-content\/uploads\/2022\/09\/El-Papa-Francisco-junto-a-jovenes-Jesuitas-Colombia.jpg","contentUrl":"https:\/\/exaudi.org\/wp-content\/uploads\/2022\/09\/El-Papa-Francisco-junto-a-jovenes-Jesuitas-Colombia.jpg","width":800,"height":600},{"@type":"BreadcrumbList","@id":"https:\/\/exaudi.org\/es\/visita-del-santo-padre-francisco-a-asis-encuentro-economia-de-francisco\/#breadcrumb","itemListElement":[{"@type":"ListItem","position":1,"name":"Portada","item":"https:\/\/exaudi.org\/es\/"},{"@type":"ListItem","position":2,"name":"El Papa Francisco visita As\u00eds para el encuentro \u201cEconom\u00eda de Francisco\u201d"}]},{"@type":"WebSite","@id":"https:\/\/exaudi.org\/#website","url":"https:\/\/exaudi.org\/","name":"Exaudi","description":"News","potentialAction":[{"@type":"SearchAction","target":{"@type":"EntryPoint","urlTemplate":"https:\/\/exaudi.org\/?s={search_term_string}"},"query-input":{"@type":"PropertyValueSpecification","valueRequired":true,"valueName":"search_term_string"}}],"inLanguage":"es"},{"@type":"Person","@id":"https:\/\/exaudi.org\/#\/schema\/person\/f5fc8f063065e38742da7afe15f25df7","name":"Exaudi Redacci\u00f3n","image":{"@type":"ImageObject","inLanguage":"es","@id":"https:\/\/secure.gravatar.com\/avatar\/fe0f6a059fb68d9b3e11bc5850dd4899b1c7492091a3cb6dd9b01b56ad828be2?s=96&d=mm&r=g","url":"https:\/\/secure.gravatar.com\/avatar\/fe0f6a059fb68d9b3e11bc5850dd4899b1c7492091a3cb6dd9b01b56ad828be2?s=96&d=mm&r=g","contentUrl":"https:\/\/secure.gravatar.com\/avatar\/fe0f6a059fb68d9b3e11bc5850dd4899b1c7492091a3cb6dd9b01b56ad828be2?s=96&d=mm&r=g","caption":"Exaudi Redacci\u00f3n"},"description":"\u00bfQu\u00e9 es Exaudi News? Exaudi News es un medio de comunicaci\u00f3n cat\u00f3lico internacional que informa, forma y transforma, diariamente en espa\u00f1ol, ingl\u00e9s e italiano. A trav\u00e9s de noticias, art\u00edculos de an\u00e1lisis y transmisiones en directo de los eventos del Papa, Exaudi busca fortalecer la unidad de los cristianos y contribuir a la evangelizaci\u00f3n del mundo, siempre guiados por la doctrina social de la Iglesia. Trabajamos para acercar la verdad y los valores cristianos a cada rinc\u00f3n del planeta. \u00a1Ay\u00fadanos a transformar el mundo con Exaudi! En Exaudi creemos que la evangelizaci\u00f3n y la informaci\u00f3n de calidad pueden cambiar vidas. Para continuar con nuestra misi\u00f3n y expandir nuestro alcance, necesitamos tu ayuda. Adem\u00e1s, buscamos personas comprometidas que deseen unirse a nuestro equipo. Con tu apoyo, lograremos llegar a m\u00e1s personas, difundir el mensaje de Cristo y reforzar la unidad de los cristianos. \u00bfTe unes a nuestra misi\u00f3n? Para m\u00e1s informaci\u00f3n sobre c\u00f3mo colaborar, visita Exaudi.org\/es o cont\u00e1ctanos directamente: info@exaudi.org Exaudi: Informa, forma y transforma.","sameAs":["https:\/\/www.facebook.com\/ExaudiNoticias\/","https:\/\/www.instagram.com\/exaudi_noticias\/","https:\/\/x.com\/Exaudi_noticias","https:\/\/www.youtube.com\/@exaudicatholicnews"],"url":"https:\/\/exaudi.org\/es\/author\/redaccionexaudi\/"}]}},"jetpack_featured_media_url":"https:\/\/exaudi.org\/wp-content\/uploads\/2022\/09\/El-Papa-Francisco-junto-a-jovenes-Jesuitas-Colombia.jpg","jetpack_shortlink":"https:\/\/wp.me\/pgKjF2-gi8","_links":{"self":[{"href":"https:\/\/exaudi.org\/es\/wp-json\/wp\/v2\/posts\/62628","targetHints":{"allow":["GET"]}}],"collection":[{"href":"https:\/\/exaudi.org\/es\/wp-json\/wp\/v2\/posts"}],"about":[{"href":"https:\/\/exaudi.org\/es\/wp-json\/wp\/v2\/types\/post"}],"author":[{"embeddable":true,"href":"https:\/\/exaudi.org\/es\/wp-json\/wp\/v2\/users\/15"}],"replies":[{"embeddable":true,"href":"https:\/\/exaudi.org\/es\/wp-json\/wp\/v2\/comments?post=62628"}],"version-history":[{"count":0,"href":"https:\/\/exaudi.org\/es\/wp-json\/wp\/v2\/posts\/62628\/revisions"}],"wp:featuredmedia":[{"embeddable":true,"href":"https:\/\/exaudi.org\/es\/wp-json\/wp\/v2\/media\/62647"}],"wp:attachment":[{"href":"https:\/\/exaudi.org\/es\/wp-json\/wp\/v2\/media?parent=62628"}],"wp:term":[{"taxonomy":"category","embeddable":true,"href":"https:\/\/exaudi.org\/es\/wp-json\/wp\/v2\/categories?post=62628"},{"taxonomy":"post_tag","embeddable":true,"href":"https:\/\/exaudi.org\/es\/wp-json\/wp\/v2\/tags?post=62628"}],"curies":[{"name":"wp","href":"https:\/\/api.w.org\/{rel}","templated":true}]}}