{"id":62546,"date":"2022-09-22T13:49:09","date_gmt":"2022-09-22T11:49:09","guid":{"rendered":"https:\/\/exaudi.org\/?p=62546"},"modified":"2022-09-22T16:52:56","modified_gmt":"2022-09-22T14:52:56","slug":"el-grito-silencioso-el-caso-roe-v-wade","status":"publish","type":"post","link":"https:\/\/exaudi.org\/es\/el-grito-silencioso-el-caso-roe-v-wade\/","title":{"rendered":"&#8216;El grito silencioso: el caso Roe V. Wade&#8217;"},"content":{"rendered":"<p><span style=\"color: #000000\"><em><img loading=\"lazy\" decoding=\"async\" class=\"size-medium wp-image-62556 alignright\" src=\"https:\/\/exaudi.org\/wp-content\/uploads\/2022\/09\/unnamed-3-300x169.png\" alt=\"\" width=\"300\" height=\"169\" srcset=\"https:\/\/exaudi.org\/wp-content\/uploads\/2022\/09\/unnamed-3-300x169.png 300w, https:\/\/exaudi.org\/wp-content\/uploads\/2022\/09\/unnamed-3-1024x576.png 1024w, https:\/\/exaudi.org\/wp-content\/uploads\/2022\/09\/unnamed-3-770x433.png 770w, https:\/\/exaudi.org\/wp-content\/uploads\/2022\/09\/unnamed-3-1536x864.png 1536w, https:\/\/exaudi.org\/wp-content\/uploads\/2022\/09\/unnamed-3-500x281.png 500w, https:\/\/exaudi.org\/wp-content\/uploads\/2022\/09\/unnamed-3-293x165.png 293w, https:\/\/exaudi.org\/wp-content\/uploads\/2022\/09\/unnamed-3-1400x788.png 1400w, https:\/\/exaudi.org\/wp-content\/uploads\/2022\/09\/unnamed-3-390x219.png 390w, https:\/\/exaudi.org\/wp-content\/uploads\/2022\/09\/unnamed-3.png 1920w\" sizes=\"auto, (max-width: 300px) 100vw, 300px\" \/>El grito silencioso: El caso Roe v. Wade, <\/em>b<\/span>asada en hechos reales, desvela los entresijos del caso que redefini\u00f3 el aborto como un derecho en los Estados Unidos. Una pel\u00edcula de plena actualidad, porque la hist\u00f3rica sentencia de 1973 por la Corte Suprema de los Estados Unidos, que defini\u00f3 el aborto como un derecho protegido impl\u00edcitamente en la Constituci\u00f3n, un dictamen que el pasado 24 de junio fue revocado. Un filme de plena actualidad que recorre tambi\u00e9n la trayectoria vital del Dr. Bernard Nathanson, desde su radical postura abortista hasta su conversi\u00f3n..<\/p>\n<p><span style=\"color: #000000\">La pel\u00edcula, dirigida por Nick Loeb y producida, entre otros, por Alveda King (sobrina de Martin Luther King), cuenta la verdad oculta tras el fallo de la Corte Suprema en 1973: datos falsificados, manipulaciones medi\u00e1ticas, intereses econ\u00f3micos de <em>Planned Parenthood&#8230;<\/em>\u00a0<\/span><\/p>\n<p><span style=\"color: #000000\">En su primera semana en la cartelera espa\u00f1ola, la pel\u00edcula se estrena en 56 salas de m\u00e1s de 30 provincias\u00a0a partir de este viernes 23 de septiembre.\u00a0Las entradas est\u00e1n ya a la venta en los cines\u00a0y se pueden adquirir a trav\u00e9s de la web del\u00a0filme:\u00a0<a href=\"https:\/\/edreamsfactory.us9.list-manage.com\/track\/click?u=205368b404f3d9734c3d8efee&amp;id=6214b93afa&amp;e=32d73c7eab\" target=\"_blank\" rel=\"noreferrer noopener\" data-saferedirecturl=\"https:\/\/www.google.com\/url?q=https:\/\/edreamsfactory.us9.list-manage.com\/track\/click?u%3D205368b404f3d9734c3d8efee%26id%3D6214b93afa%26e%3D32d73c7eab&amp;source=gmail&amp;ust=1663932054020000&amp;usg=AOvVaw0vfZyYVEM-FkVIQYmM9p6u\">elgritosilencioso.es<\/a><\/span><br \/>\n<span style=\"color: #000000\"><img loading=\"lazy\" decoding=\"async\" class=\"size-medium wp-image-62553 alignleft\" src=\"https:\/\/exaudi.org\/wp-content\/uploads\/2022\/09\/unnamed-2-300x169.png\" alt=\"\" width=\"300\" height=\"169\" srcset=\"https:\/\/exaudi.org\/wp-content\/uploads\/2022\/09\/unnamed-2-300x169.png 300w, https:\/\/exaudi.org\/wp-content\/uploads\/2022\/09\/unnamed-2-1024x576.png 1024w, https:\/\/exaudi.org\/wp-content\/uploads\/2022\/09\/unnamed-2-770x433.png 770w, https:\/\/exaudi.org\/wp-content\/uploads\/2022\/09\/unnamed-2-1536x864.png 1536w, https:\/\/exaudi.org\/wp-content\/uploads\/2022\/09\/unnamed-2-500x281.png 500w, https:\/\/exaudi.org\/wp-content\/uploads\/2022\/09\/unnamed-2-293x165.png 293w, https:\/\/exaudi.org\/wp-content\/uploads\/2022\/09\/unnamed-2-1400x788.png 1400w, https:\/\/exaudi.org\/wp-content\/uploads\/2022\/09\/unnamed-2-390x219.png 390w, https:\/\/exaudi.org\/wp-content\/uploads\/2022\/09\/unnamed-2.png 1920w\" sizes=\"auto, (max-width: 300px) 100vw, 300px\" \/>La cinta\u00a0tuvo un recorrido dif\u00edcil en Estados Unidos, a causa de la fuerte oposici\u00f3n y las duras cr\u00edticas recibidas por parte de ciertos sectores declaradamente proabortistas.\u00a0La controversia se ha agudizado\u00a0despu\u00e9s de que\u00a0el pasado 24 de junio de este a\u00f1o el\u00a0Tribunal Supremo\u00a0de\u00a0los\u00a0Estados Unidos revocara la sentencia del caso Roe contra Wade,\u00a0el pleito judicial que desemboc\u00f3 en la legalizaci\u00f3n del aborto en todas las regiones de los Estados Unidos.<\/span><\/p>\n<p><span style=\"color: #000000\"><img loading=\"lazy\" decoding=\"async\" class=\"size-medium wp-image-62559 alignright\" src=\"https:\/\/exaudi.org\/wp-content\/uploads\/2022\/09\/unnamed-4-300x169.png\" alt=\"\" width=\"300\" height=\"169\" srcset=\"https:\/\/exaudi.org\/wp-content\/uploads\/2022\/09\/unnamed-4-300x169.png 300w, https:\/\/exaudi.org\/wp-content\/uploads\/2022\/09\/unnamed-4-1024x576.png 1024w, https:\/\/exaudi.org\/wp-content\/uploads\/2022\/09\/unnamed-4-770x433.png 770w, https:\/\/exaudi.org\/wp-content\/uploads\/2022\/09\/unnamed-4-1536x864.png 1536w, https:\/\/exaudi.org\/wp-content\/uploads\/2022\/09\/unnamed-4-500x281.png 500w, https:\/\/exaudi.org\/wp-content\/uploads\/2022\/09\/unnamed-4-293x165.png 293w, https:\/\/exaudi.org\/wp-content\/uploads\/2022\/09\/unnamed-4-1400x788.png 1400w, https:\/\/exaudi.org\/wp-content\/uploads\/2022\/09\/unnamed-4-390x219.png 390w, https:\/\/exaudi.org\/wp-content\/uploads\/2022\/09\/unnamed-4.png 1920w\" sizes=\"auto, (max-width: 300px) 100vw, 300px\" \/>Cathy Allyn, co-directora de la pel\u00edcula junto a Nick Loeb, cuenta algunos detalles de la investigaci\u00f3n que llevaron a cabo para producir esta pel\u00edcula: \u201cAl recabar informaci\u00f3n para realizarla, Nick Loeb y yo nos quedamos boquiabiertos ante las conspiraciones, el dinero en juego, la manipulaci\u00f3n de los medios de comunicaci\u00f3n y las fuerzas de poder que realmente estaban detr\u00e1s de esta hist\u00f3rica decisi\u00f3n. Como se hace tambi\u00e9n hoy, se vendi\u00f3 una historia a los medios de comunicaci\u00f3n para influir en el pueblo estadounidense. Se publicaron art\u00edculos en el <em>New York Times<\/em> con investigaciones falsas, se compraron y pagaron l\u00edneas argumentales en programas de televisi\u00f3n y pel\u00edculas de \u00e9xito, y los hechos y las estad\u00edsticas fueron simplemente inventados.\u00bb<\/span><\/p>\n<p><img loading=\"lazy\" decoding=\"async\" class=\"size-medium wp-image-62565 alignleft\" src=\"https:\/\/exaudi.org\/wp-content\/uploads\/2022\/09\/unnamed-300x169.png\" alt=\"\" width=\"300\" height=\"169\" srcset=\"https:\/\/exaudi.org\/wp-content\/uploads\/2022\/09\/unnamed-300x169.png 300w, https:\/\/exaudi.org\/wp-content\/uploads\/2022\/09\/unnamed-1024x576.png 1024w, https:\/\/exaudi.org\/wp-content\/uploads\/2022\/09\/unnamed-770x433.png 770w, https:\/\/exaudi.org\/wp-content\/uploads\/2022\/09\/unnamed-1536x864.png 1536w, https:\/\/exaudi.org\/wp-content\/uploads\/2022\/09\/unnamed-500x281.png 500w, https:\/\/exaudi.org\/wp-content\/uploads\/2022\/09\/unnamed-293x165.png 293w, https:\/\/exaudi.org\/wp-content\/uploads\/2022\/09\/unnamed-1400x788.png 1400w, https:\/\/exaudi.org\/wp-content\/uploads\/2022\/09\/unnamed-390x219.png 390w, https:\/\/exaudi.org\/wp-content\/uploads\/2022\/09\/unnamed.png 1920w\" sizes=\"auto, (max-width: 300px) 100vw, 300px\" \/>\u201cEl objetivo es animar a todos a que busquen la verdad. Eso es todo. Y esta pel\u00edcula va a ayudar mucho\u201d, exprea el actor Jon Voight.<\/p>\n<p>Aqu\u00ed puedes ver el video en el que Voight habla sobre<em> <a href=\"https:\/\/www.youtube.com\/watch?v=GQakEPB1NGI\" target=\"_blank\" rel=\"noopener\">El Grito Silencioso, el caso Roe v. Wade<\/a><\/em><\/p>\n<p><iframe loading=\"lazy\" title=\"EL GRITO SILENCIOSO, EL CASO ROE V  WADE - TRAILER CASTELLANO\" width=\"500\" height=\"281\" src=\"https:\/\/www.youtube.com\/embed\/zJGTBLGCYPE?feature=oembed\" frameborder=\"0\" allow=\"accelerometer; autoplay; clipboard-write; encrypted-media; gyroscope; picture-in-picture; web-share\" referrerpolicy=\"strict-origin-when-cross-origin\" allowfullscreen><\/iframe><\/p>\n","protected":false},"excerpt":{"rendered":"<p>Espa\u00f1a: Se estrena en cines este viernes 23 de septiembre en m\u00e1s de 30 provincias<\/p>\n","protected":false},"author":15,"featured_media":62584,"comment_status":"closed","ping_status":"closed","sticky":false,"template":"","format":"standard","meta":{"_acf_changed":false,"_crdt_document":"","inline_featured_image":false,"footnotes":""},"categories":[78],"tags":[1121,7052,7051,4953],"class_list":["post-62546","post","type-post","status-publish","format-standard","has-post-thumbnail","hentry","category-defensa-de-la-vida","tag-aborto","tag-el-grito-silencioso","tag-roe-v-wade-2","tag-trending-es"],"acf":[],"yoast_head":"<!-- This site is optimized with the Yoast SEO plugin v27.5 - https:\/\/yoast.com\/product\/yoast-seo-wordpress\/ -->\n<title>&#039;El grito silencioso: el caso Roe V. Wade&#039; &#8211; Exaudi<\/title>\n<meta name=\"robots\" content=\"index, follow, max-snippet:-1, max-image-preview:large, max-video-preview:-1\" \/>\n<link rel=\"canonical\" href=\"https:\/\/exaudi.org\/es\/el-grito-silencioso-el-caso-roe-v-wade\/\" \/>\n<meta property=\"og:locale\" content=\"es_ES\" \/>\n<meta property=\"og:type\" content=\"article\" \/>\n<meta property=\"og:title\" content=\"&#039;El grito silencioso: el caso Roe V. Wade&#039; &#8211; Exaudi\" \/>\n<meta property=\"og:description\" content=\"Espa\u00f1a: Se estrena en cines este viernes 23 de septiembre en m\u00e1s de 30 provincias\" \/>\n<meta property=\"og:url\" content=\"https:\/\/exaudi.org\/es\/el-grito-silencioso-el-caso-roe-v-wade\/\" \/>\n<meta property=\"og:site_name\" content=\"Exaudi\" \/>\n<meta property=\"article:publisher\" content=\"https:\/\/www.facebook.com\/ExaudiNews\" \/>\n<meta property=\"article:author\" content=\"https:\/\/www.facebook.com\/ExaudiNoticias\/\" \/>\n<meta property=\"article:published_time\" content=\"2022-09-22T11:49:09+00:00\" \/>\n<meta property=\"article:modified_time\" content=\"2022-09-22T14:52:56+00:00\" \/>\n<meta property=\"og:image\" content=\"https:\/\/exaudi.org\/wp-content\/uploads\/2022\/09\/El-grito-silencioso.png\" \/>\n\t<meta property=\"og:image:width\" content=\"699\" \/>\n\t<meta property=\"og:image:height\" content=\"528\" \/>\n\t<meta property=\"og:image:type\" content=\"image\/png\" \/>\n<meta name=\"author\" content=\"Exaudi Redacci\u00f3n\" \/>\n<meta name=\"twitter:card\" content=\"summary_large_image\" \/>\n<meta name=\"twitter:creator\" content=\"@Exaudi_noticias\" \/>\n<meta name=\"twitter:site\" content=\"@Exaudi_News\" \/>\n<meta name=\"twitter:label1\" content=\"Escrito por\" \/>\n\t<meta name=\"twitter:data1\" content=\"Exaudi Redacci\u00f3n\" \/>\n\t<meta name=\"twitter:label2\" content=\"Tiempo de lectura\" \/>\n\t<meta name=\"twitter:data2\" content=\"3 minutos\" \/>\n<script type=\"application\/ld+json\" class=\"yoast-schema-graph\">{\"@context\":\"https:\\\/\\\/schema.org\",\"@graph\":[{\"@type\":\"Article\",\"@id\":\"https:\\\/\\\/exaudi.org\\\/es\\\/el-grito-silencioso-el-caso-roe-v-wade\\\/#article\",\"isPartOf\":{\"@id\":\"https:\\\/\\\/exaudi.org\\\/es\\\/el-grito-silencioso-el-caso-roe-v-wade\\\/\"},\"author\":{\"name\":\"Exaudi Redacci\u00f3n\",\"@id\":\"https:\\\/\\\/exaudi.org\\\/#\\\/schema\\\/person\\\/f5fc8f063065e38742da7afe15f25df7\"},\"headline\":\"&#8216;El grito silencioso: el caso Roe V. Wade&#8217;\",\"datePublished\":\"2022-09-22T11:49:09+00:00\",\"dateModified\":\"2022-09-22T14:52:56+00:00\",\"mainEntityOfPage\":{\"@id\":\"https:\\\/\\\/exaudi.org\\\/es\\\/el-grito-silencioso-el-caso-roe-v-wade\\\/\"},\"wordCount\":470,\"image\":{\"@id\":\"https:\\\/\\\/exaudi.org\\\/es\\\/el-grito-silencioso-el-caso-roe-v-wade\\\/#primaryimage\"},\"thumbnailUrl\":\"https:\\\/\\\/exaudi.org\\\/wp-content\\\/uploads\\\/2022\\\/09\\\/El-grito-silencioso.png\",\"keywords\":[\"Aborto\",\"El grito silencioso\",\"Roe V. Wade\",\"Trending\"],\"articleSection\":[\"Defensa de la vida\"],\"inLanguage\":\"es\"},{\"@type\":\"WebPage\",\"@id\":\"https:\\\/\\\/exaudi.org\\\/es\\\/el-grito-silencioso-el-caso-roe-v-wade\\\/\",\"url\":\"https:\\\/\\\/exaudi.org\\\/es\\\/el-grito-silencioso-el-caso-roe-v-wade\\\/\",\"name\":\"'El grito silencioso: el caso Roe V. Wade' &#8211; Exaudi\",\"isPartOf\":{\"@id\":\"https:\\\/\\\/exaudi.org\\\/#website\"},\"primaryImageOfPage\":{\"@id\":\"https:\\\/\\\/exaudi.org\\\/es\\\/el-grito-silencioso-el-caso-roe-v-wade\\\/#primaryimage\"},\"image\":{\"@id\":\"https:\\\/\\\/exaudi.org\\\/es\\\/el-grito-silencioso-el-caso-roe-v-wade\\\/#primaryimage\"},\"thumbnailUrl\":\"https:\\\/\\\/exaudi.org\\\/wp-content\\\/uploads\\\/2022\\\/09\\\/El-grito-silencioso.png\",\"datePublished\":\"2022-09-22T11:49:09+00:00\",\"dateModified\":\"2022-09-22T14:52:56+00:00\",\"author\":{\"@id\":\"https:\\\/\\\/exaudi.org\\\/#\\\/schema\\\/person\\\/f5fc8f063065e38742da7afe15f25df7\"},\"breadcrumb\":{\"@id\":\"https:\\\/\\\/exaudi.org\\\/es\\\/el-grito-silencioso-el-caso-roe-v-wade\\\/#breadcrumb\"},\"inLanguage\":\"es\",\"potentialAction\":[{\"@type\":\"ReadAction\",\"target\":[\"https:\\\/\\\/exaudi.org\\\/es\\\/el-grito-silencioso-el-caso-roe-v-wade\\\/\"]}]},{\"@type\":\"ImageObject\",\"inLanguage\":\"es\",\"@id\":\"https:\\\/\\\/exaudi.org\\\/es\\\/el-grito-silencioso-el-caso-roe-v-wade\\\/#primaryimage\",\"url\":\"https:\\\/\\\/exaudi.org\\\/wp-content\\\/uploads\\\/2022\\\/09\\\/El-grito-silencioso.png\",\"contentUrl\":\"https:\\\/\\\/exaudi.org\\\/wp-content\\\/uploads\\\/2022\\\/09\\\/El-grito-silencioso.png\",\"width\":699,\"height\":528,\"caption\":\"El grito silencioso \u00a9 European Dreams Factory\"},{\"@type\":\"BreadcrumbList\",\"@id\":\"https:\\\/\\\/exaudi.org\\\/es\\\/el-grito-silencioso-el-caso-roe-v-wade\\\/#breadcrumb\",\"itemListElement\":[{\"@type\":\"ListItem\",\"position\":1,\"name\":\"Portada\",\"item\":\"https:\\\/\\\/exaudi.org\\\/es\\\/\"},{\"@type\":\"ListItem\",\"position\":2,\"name\":\"&#8216;El grito silencioso: el caso Roe V. Wade&#8217;\"}]},{\"@type\":\"WebSite\",\"@id\":\"https:\\\/\\\/exaudi.org\\\/#website\",\"url\":\"https:\\\/\\\/exaudi.org\\\/\",\"name\":\"Exaudi\",\"description\":\"News\",\"potentialAction\":[{\"@type\":\"SearchAction\",\"target\":{\"@type\":\"EntryPoint\",\"urlTemplate\":\"https:\\\/\\\/exaudi.org\\\/?s={search_term_string}\"},\"query-input\":{\"@type\":\"PropertyValueSpecification\",\"valueRequired\":true,\"valueName\":\"search_term_string\"}}],\"inLanguage\":\"es\"},{\"@type\":\"Person\",\"@id\":\"https:\\\/\\\/exaudi.org\\\/#\\\/schema\\\/person\\\/f5fc8f063065e38742da7afe15f25df7\",\"name\":\"Exaudi Redacci\u00f3n\",\"image\":{\"@type\":\"ImageObject\",\"inLanguage\":\"es\",\"@id\":\"https:\\\/\\\/secure.gravatar.com\\\/avatar\\\/fe0f6a059fb68d9b3e11bc5850dd4899b1c7492091a3cb6dd9b01b56ad828be2?s=96&d=mm&r=g\",\"url\":\"https:\\\/\\\/secure.gravatar.com\\\/avatar\\\/fe0f6a059fb68d9b3e11bc5850dd4899b1c7492091a3cb6dd9b01b56ad828be2?s=96&d=mm&r=g\",\"contentUrl\":\"https:\\\/\\\/secure.gravatar.com\\\/avatar\\\/fe0f6a059fb68d9b3e11bc5850dd4899b1c7492091a3cb6dd9b01b56ad828be2?s=96&d=mm&r=g\",\"caption\":\"Exaudi Redacci\u00f3n\"},\"description\":\"\u00bfQu\u00e9 es Exaudi News? Exaudi News es un medio de comunicaci\u00f3n cat\u00f3lico internacional que informa, forma y transforma, diariamente en espa\u00f1ol, ingl\u00e9s e italiano. A trav\u00e9s de noticias, art\u00edculos de an\u00e1lisis y transmisiones en directo de los eventos del Papa, Exaudi busca fortalecer la unidad de los cristianos y contribuir a la evangelizaci\u00f3n del mundo, siempre guiados por la doctrina social de la Iglesia. Trabajamos para acercar la verdad y los valores cristianos a cada rinc\u00f3n del planeta. \u00a1Ay\u00fadanos a transformar el mundo con Exaudi! En Exaudi creemos que la evangelizaci\u00f3n y la informaci\u00f3n de calidad pueden cambiar vidas. Para continuar con nuestra misi\u00f3n y expandir nuestro alcance, necesitamos tu ayuda. Adem\u00e1s, buscamos personas comprometidas que deseen unirse a nuestro equipo. Con tu apoyo, lograremos llegar a m\u00e1s personas, difundir el mensaje de Cristo y reforzar la unidad de los cristianos. \u00bfTe unes a nuestra misi\u00f3n? Para m\u00e1s informaci\u00f3n sobre c\u00f3mo colaborar, visita Exaudi.org\\\/es o cont\u00e1ctanos directamente: info@exaudi.org Exaudi: Informa, forma y transforma.\",\"sameAs\":[\"https:\\\/\\\/www.facebook.com\\\/ExaudiNoticias\\\/\",\"https:\\\/\\\/www.instagram.com\\\/exaudi_noticias\\\/\",\"https:\\\/\\\/x.com\\\/Exaudi_noticias\",\"https:\\\/\\\/www.youtube.com\\\/@exaudicatholicnews\"],\"url\":\"https:\\\/\\\/exaudi.org\\\/es\\\/author\\\/redaccionexaudi\\\/\"}]}<\/script>\n<!-- \/ Yoast SEO plugin. -->","yoast_head_json":{"title":"'El grito silencioso: el caso Roe V. Wade' &#8211; Exaudi","robots":{"index":"index","follow":"follow","max-snippet":"max-snippet:-1","max-image-preview":"max-image-preview:large","max-video-preview":"max-video-preview:-1"},"canonical":"https:\/\/exaudi.org\/es\/el-grito-silencioso-el-caso-roe-v-wade\/","og_locale":"es_ES","og_type":"article","og_title":"'El grito silencioso: el caso Roe V. Wade' &#8211; Exaudi","og_description":"Espa\u00f1a: Se estrena en cines este viernes 23 de septiembre en m\u00e1s de 30 provincias","og_url":"https:\/\/exaudi.org\/es\/el-grito-silencioso-el-caso-roe-v-wade\/","og_site_name":"Exaudi","article_publisher":"https:\/\/www.facebook.com\/ExaudiNews","article_author":"https:\/\/www.facebook.com\/ExaudiNoticias\/","article_published_time":"2022-09-22T11:49:09+00:00","article_modified_time":"2022-09-22T14:52:56+00:00","og_image":[{"width":699,"height":528,"url":"https:\/\/exaudi.org\/wp-content\/uploads\/2022\/09\/El-grito-silencioso.png","type":"image\/png"}],"author":"Exaudi Redacci\u00f3n","twitter_card":"summary_large_image","twitter_creator":"@Exaudi_noticias","twitter_site":"@Exaudi_News","twitter_misc":{"Escrito por":"Exaudi Redacci\u00f3n","Tiempo de lectura":"3 minutos"},"schema":{"@context":"https:\/\/schema.org","@graph":[{"@type":"Article","@id":"https:\/\/exaudi.org\/es\/el-grito-silencioso-el-caso-roe-v-wade\/#article","isPartOf":{"@id":"https:\/\/exaudi.org\/es\/el-grito-silencioso-el-caso-roe-v-wade\/"},"author":{"name":"Exaudi Redacci\u00f3n","@id":"https:\/\/exaudi.org\/#\/schema\/person\/f5fc8f063065e38742da7afe15f25df7"},"headline":"&#8216;El grito silencioso: el caso Roe V. Wade&#8217;","datePublished":"2022-09-22T11:49:09+00:00","dateModified":"2022-09-22T14:52:56+00:00","mainEntityOfPage":{"@id":"https:\/\/exaudi.org\/es\/el-grito-silencioso-el-caso-roe-v-wade\/"},"wordCount":470,"image":{"@id":"https:\/\/exaudi.org\/es\/el-grito-silencioso-el-caso-roe-v-wade\/#primaryimage"},"thumbnailUrl":"https:\/\/exaudi.org\/wp-content\/uploads\/2022\/09\/El-grito-silencioso.png","keywords":["Aborto","El grito silencioso","Roe V. Wade","Trending"],"articleSection":["Defensa de la vida"],"inLanguage":"es"},{"@type":"WebPage","@id":"https:\/\/exaudi.org\/es\/el-grito-silencioso-el-caso-roe-v-wade\/","url":"https:\/\/exaudi.org\/es\/el-grito-silencioso-el-caso-roe-v-wade\/","name":"'El grito silencioso: el caso Roe V. Wade' &#8211; Exaudi","isPartOf":{"@id":"https:\/\/exaudi.org\/#website"},"primaryImageOfPage":{"@id":"https:\/\/exaudi.org\/es\/el-grito-silencioso-el-caso-roe-v-wade\/#primaryimage"},"image":{"@id":"https:\/\/exaudi.org\/es\/el-grito-silencioso-el-caso-roe-v-wade\/#primaryimage"},"thumbnailUrl":"https:\/\/exaudi.org\/wp-content\/uploads\/2022\/09\/El-grito-silencioso.png","datePublished":"2022-09-22T11:49:09+00:00","dateModified":"2022-09-22T14:52:56+00:00","author":{"@id":"https:\/\/exaudi.org\/#\/schema\/person\/f5fc8f063065e38742da7afe15f25df7"},"breadcrumb":{"@id":"https:\/\/exaudi.org\/es\/el-grito-silencioso-el-caso-roe-v-wade\/#breadcrumb"},"inLanguage":"es","potentialAction":[{"@type":"ReadAction","target":["https:\/\/exaudi.org\/es\/el-grito-silencioso-el-caso-roe-v-wade\/"]}]},{"@type":"ImageObject","inLanguage":"es","@id":"https:\/\/exaudi.org\/es\/el-grito-silencioso-el-caso-roe-v-wade\/#primaryimage","url":"https:\/\/exaudi.org\/wp-content\/uploads\/2022\/09\/El-grito-silencioso.png","contentUrl":"https:\/\/exaudi.org\/wp-content\/uploads\/2022\/09\/El-grito-silencioso.png","width":699,"height":528,"caption":"El grito silencioso \u00a9 European Dreams Factory"},{"@type":"BreadcrumbList","@id":"https:\/\/exaudi.org\/es\/el-grito-silencioso-el-caso-roe-v-wade\/#breadcrumb","itemListElement":[{"@type":"ListItem","position":1,"name":"Portada","item":"https:\/\/exaudi.org\/es\/"},{"@type":"ListItem","position":2,"name":"&#8216;El grito silencioso: el caso Roe V. Wade&#8217;"}]},{"@type":"WebSite","@id":"https:\/\/exaudi.org\/#website","url":"https:\/\/exaudi.org\/","name":"Exaudi","description":"News","potentialAction":[{"@type":"SearchAction","target":{"@type":"EntryPoint","urlTemplate":"https:\/\/exaudi.org\/?s={search_term_string}"},"query-input":{"@type":"PropertyValueSpecification","valueRequired":true,"valueName":"search_term_string"}}],"inLanguage":"es"},{"@type":"Person","@id":"https:\/\/exaudi.org\/#\/schema\/person\/f5fc8f063065e38742da7afe15f25df7","name":"Exaudi Redacci\u00f3n","image":{"@type":"ImageObject","inLanguage":"es","@id":"https:\/\/secure.gravatar.com\/avatar\/fe0f6a059fb68d9b3e11bc5850dd4899b1c7492091a3cb6dd9b01b56ad828be2?s=96&d=mm&r=g","url":"https:\/\/secure.gravatar.com\/avatar\/fe0f6a059fb68d9b3e11bc5850dd4899b1c7492091a3cb6dd9b01b56ad828be2?s=96&d=mm&r=g","contentUrl":"https:\/\/secure.gravatar.com\/avatar\/fe0f6a059fb68d9b3e11bc5850dd4899b1c7492091a3cb6dd9b01b56ad828be2?s=96&d=mm&r=g","caption":"Exaudi Redacci\u00f3n"},"description":"\u00bfQu\u00e9 es Exaudi News? Exaudi News es un medio de comunicaci\u00f3n cat\u00f3lico internacional que informa, forma y transforma, diariamente en espa\u00f1ol, ingl\u00e9s e italiano. A trav\u00e9s de noticias, art\u00edculos de an\u00e1lisis y transmisiones en directo de los eventos del Papa, Exaudi busca fortalecer la unidad de los cristianos y contribuir a la evangelizaci\u00f3n del mundo, siempre guiados por la doctrina social de la Iglesia. Trabajamos para acercar la verdad y los valores cristianos a cada rinc\u00f3n del planeta. \u00a1Ay\u00fadanos a transformar el mundo con Exaudi! En Exaudi creemos que la evangelizaci\u00f3n y la informaci\u00f3n de calidad pueden cambiar vidas. Para continuar con nuestra misi\u00f3n y expandir nuestro alcance, necesitamos tu ayuda. Adem\u00e1s, buscamos personas comprometidas que deseen unirse a nuestro equipo. Con tu apoyo, lograremos llegar a m\u00e1s personas, difundir el mensaje de Cristo y reforzar la unidad de los cristianos. \u00bfTe unes a nuestra misi\u00f3n? Para m\u00e1s informaci\u00f3n sobre c\u00f3mo colaborar, visita Exaudi.org\/es o cont\u00e1ctanos directamente: info@exaudi.org Exaudi: Informa, forma y transforma.","sameAs":["https:\/\/www.facebook.com\/ExaudiNoticias\/","https:\/\/www.instagram.com\/exaudi_noticias\/","https:\/\/x.com\/Exaudi_noticias","https:\/\/www.youtube.com\/@exaudicatholicnews"],"url":"https:\/\/exaudi.org\/es\/author\/redaccionexaudi\/"}]}},"jetpack_featured_media_url":"https:\/\/exaudi.org\/wp-content\/uploads\/2022\/09\/El-grito-silencioso.png","jetpack_shortlink":"https:\/\/wp.me\/pgKjF2-ggO","_links":{"self":[{"href":"https:\/\/exaudi.org\/es\/wp-json\/wp\/v2\/posts\/62546","targetHints":{"allow":["GET"]}}],"collection":[{"href":"https:\/\/exaudi.org\/es\/wp-json\/wp\/v2\/posts"}],"about":[{"href":"https:\/\/exaudi.org\/es\/wp-json\/wp\/v2\/types\/post"}],"author":[{"embeddable":true,"href":"https:\/\/exaudi.org\/es\/wp-json\/wp\/v2\/users\/15"}],"replies":[{"embeddable":true,"href":"https:\/\/exaudi.org\/es\/wp-json\/wp\/v2\/comments?post=62546"}],"version-history":[{"count":0,"href":"https:\/\/exaudi.org\/es\/wp-json\/wp\/v2\/posts\/62546\/revisions"}],"wp:featuredmedia":[{"embeddable":true,"href":"https:\/\/exaudi.org\/es\/wp-json\/wp\/v2\/media\/62584"}],"wp:attachment":[{"href":"https:\/\/exaudi.org\/es\/wp-json\/wp\/v2\/media?parent=62546"}],"wp:term":[{"taxonomy":"category","embeddable":true,"href":"https:\/\/exaudi.org\/es\/wp-json\/wp\/v2\/categories?post=62546"},{"taxonomy":"post_tag","embeddable":true,"href":"https:\/\/exaudi.org\/es\/wp-json\/wp\/v2\/tags?post=62546"}],"curies":[{"name":"wp","href":"https:\/\/api.w.org\/{rel}","templated":true}]}}