{"id":62533,"date":"2022-09-22T11:33:25","date_gmt":"2022-09-22T09:33:25","guid":{"rendered":"https:\/\/exaudi.org\/?p=62533"},"modified":"2022-09-22T17:40:18","modified_gmt":"2022-09-22T15:40:18","slug":"influencers-catolicos-hacen-su-propuesta-al-sinodo","status":"publish","type":"post","link":"https:\/\/exaudi.org\/es\/influencers-catolicos-hacen-su-propuesta-al-sinodo\/","title":{"rendered":"Influencers cat\u00f3licos hacen su propuesta al S\u00ednodo"},"content":{"rendered":"<p style=\"font-weight: 400\">La iniciativa \u2018La Iglesia te escucha\u2019, nacida de la mano de la Red Inform\u00e1tica de la Iglesia en Am\u00e9rica Latina, ha presentado ante la Secretar\u00eda General del S\u00ednodo un documento con la s\u00edntesis de los resultados obtenidos por una encuesta elaborada, durante dos meses y medio, por 244 influencers cat\u00f3licos a trav\u00e9s de sus redes sociales. El texto reivindica, de esta manera, que la red puede ser un \u201ccanal formativo de valor y futuro\u201d que puede servir como v\u00eda de comunicaci\u00f3n para la evangelizaci\u00f3n.<\/p>\n<p style=\"font-weight: 400\">\u201cLa web permite llegar a los pliegues de tantas vidas del Pueblo de Dios que muestran sentirse perdidos\u201d, asegura el documento. \u201cLo digital, como cultura, como lugar de encuentro, como medio de di\u00e1logo, como forma de educar e informar, ha demostrado ser valioso durante este proceso de escucha y consulta\u201d, asevera. Y, precisamente por ello, se muestra la necesidad de elaborar \u201cuna pastoral digital de manera org\u00e1nica, sistem\u00e1tica e institucional\u201d que impulse la comuni\u00f3n, la participaci\u00f3n y misi\u00f3n, adem\u00e1s de una reflexi\u00f3n desde la Teolog\u00eda y el Derecho Can\u00f3nico \u201ccomo se hace con los catequistas\u201d, para que los influencer \u201csean y se sientan parte del Cuerpo y de la Misi\u00f3n de la Iglesia\u201d.<\/p>\n<p style=\"font-weight: 400\">\u201cAhora sabemos que un 30% de los que nos siguen no van a la Iglesia, pero est\u00e1n siguiendo a un misionero digital\u201d, indica Xiskya Valladares, religiosa de la Pureza de Mar\u00eda y una de las influencer que ha participado en la iniciativa. \u201cCuanto m\u00e1s formados estemos, m\u00e1s ayudamos a que el Esp\u00edritu Santo siga actuando tambi\u00e9n en internet\u201d, insiste.<\/p>\n<p style=\"font-weight: 400\">\u201cEl hecho de que el 30% de los que han participado en el cuestionario de consulta no sean creyentes, o sean agn\u00f3sticos o alejados de la Iglesia, significa mucho para la Iglesia, significa que en estos influenceres\/misioneros digitales encuentran una voz amiga en la que conf\u00edan y por la cual les llega la caricia de Dios\u201d, se\u00f1ala Lucio Ruiz, Secretario del Dicasterio para la Comunicaci\u00f3n en el Vaticano.<\/p>\n<p style=\"font-weight: 400\"><strong>Resultados del sondeo<\/strong><\/p>\n<p style=\"font-weight: 400\">Para la elaboraci\u00f3n del documento han sido necesarios 110.000 cuestionarios, 115 pa\u00edses y siete idiomas, y ha dado lugar a m\u00e1s de 150.000 propuestas sinodales. Los encuestados, con una media de edad de 40 a\u00f1os, han sido tanto personas que se declaran cat\u00f3licas o practicantes como no creyentes. Por su parte, de los influencers que han formado parte de la iniciativa el 27% son sacerdotes; un 10%, religiosas; y un 63% son catequistas y laicos comprometidos.<\/p>\n<p style=\"font-weight: 400\">Entre los resultados de esta consulta, destaca que el 67% de los cat\u00f3licos encuestados se sienten en sinton\u00eda con el papa Francisco, y piden a la Iglesia cambios como los que propone el Pont\u00edfice. Dentro de los distintos tipos de personas alejadas, el \u201cprincipal problema\u201d que se encuentra es que, en muchos de los casos del 26% de creyentes que no practica, es porque \u201cse han visto juzgados y no acogidos por la Iglesia\u201d. Adem\u00e1s, el 84% de las personas consultadas que siguen a influencers cat\u00f3licos en redes sociales expresa \u201chaber sentido un encuentro personal con Dios\u201d, y en dos tercios de las personas consultadas, su relaci\u00f3n con la Iglesia se establece a trav\u00e9s de amigos creyentes.<\/p>\n<p style=\"font-weight: 400\">Por otro lado, el 37% de los encuestados alza la petici\u00f3n de \u201cuna Iglesia ejemplar y valiente en sus estructuras, actitudes y un modo de proceder\u201d. Del mismo modo, las redes reclaman \u201csacerdotes y obispos m\u00e1s cercanos y abiertos a la participaci\u00f3n\u201d, siempre desde un di\u00e1logo \u201csin prejuicios\u201d con la sociedad. De hecho, una de las conclusiones a las que llega el documento es que \u201clos debates sobre el ejercicio de la sexualidad (separados\/divorciados vueltos a casar, personas con atracci\u00f3n al mismo sexo, etc.), genera conflictos intensos entre cat\u00f3licos con distintas interpretaciones\u201d.<\/p>\n<p style=\"font-weight: 400\">En este sentido, un 26% de los consultados piden a la Iglesia que haga hincapi\u00e9 en su deber de \u201corientar una realidad confusa y cambio acelerado\u201d. \u201cSe repite constantemente la petici\u00f3n de no juzgar, en particular a las personas en situaciones de pareja irregulares, o por su orientaci\u00f3n sexual, defendiendo la dignidad de toda persona, como lo hac\u00eda Jes\u00fas\u201d, subraya el documento aglutinador, incidiendo en la necesidad de ofrecer respuestas \u201ccon capacidad de di\u00e1logo y aportando la verdad de Cristo\u201d. Y, sobre todo, el \u201ccontinente digital\u201d reclama a la Iglesia que hable y act\u00fae con claridad \u201cante lo que aparece como injustificable, como son la pedofilia, los abusos sexuales, desprecio de las mujeres, corrupci\u00f3n, etc.\u201d.<\/p>\n<p style=\"font-weight: 400\">Del mismo modo, un 17% de los encuestados creen necesario que los cristianos se comporten de un modo \u201cm\u00e1s aut\u00e9ntico\u201d con los otros, y se reclama, asimismo, un mayor compromiso con el cuidado de la Casa Com\u00fan. Por otro lado, en cuanto a la liturgia, el 20% considera que las misas son \u201caburridas\u201d, lo cual no facilita que sean lugares que \u201ciluminan y acompa\u00f1an la vida\u201d. Urge, por ello, \u201cfacilitar la relaci\u00f3n personal y comunitaria con Dios\u201d.<\/p>\n<p style=\"font-weight: 400\">En cuanto a las sugerencias de cara al futuro, de las 13 ofertadas por los encuestadores, los participantes subrayan tres como las m\u00e1s importantes:<\/p>\n<p style=\"font-weight: 400\"><strong>Fomentar la espiritualidad: silencio, contemplaci\u00f3n<\/strong><\/p>\n<p style=\"font-weight: 400\">Acompa\u00f1ar-Asistir-Atender: a parejas, familias, personas separadas\/divorciadas, en su vida y sexualidad; pobres, migrantes, grupos LGTB, etnias originales, presos, etc.<\/p>\n<p style=\"font-weight: 400\">Renovarse-salir-participar: actualizar su forma de educar a todos los niveles. Impulsar el voluntariado y actividades con j\u00f3venes. Promover la igualdad de las mujeres en sociedad e Iglesia, participar m\u00e1s del mundo digital. Puntos de encuentro con periodistas y cient\u00edficos.<\/p>\n","protected":false},"excerpt":{"rendered":"<p>Quieren poner en marcha una pastoral digital para esta nueva \u201ctierra de misi\u00f3n\u201d<\/p>\n","protected":false},"author":15,"featured_media":62538,"comment_status":"closed","ping_status":"closed","sticky":false,"template":"","format":"standard","meta":{"_acf_changed":false,"_crdt_document":"","inline_featured_image":false,"footnotes":""},"categories":[74],"tags":[7055,4460,4953],"class_list":["post-62533","post","type-post","status-publish","format-standard","has-post-thumbnail","hentry","category-iglesia-y-mundo","tag-influencers","tag-sinodo-es","tag-trending-es"],"acf":[],"yoast_head":"<!-- This site is optimized with the Yoast SEO plugin v27.5 - https:\/\/yoast.com\/product\/yoast-seo-wordpress\/ -->\n<title>Influencers cat\u00f3licos hacen su propuesta al S\u00ednodo &#8211; Exaudi<\/title>\n<meta name=\"robots\" content=\"index, follow, max-snippet:-1, max-image-preview:large, max-video-preview:-1\" \/>\n<link rel=\"canonical\" href=\"https:\/\/exaudi.org\/es\/influencers-catolicos-hacen-su-propuesta-al-sinodo\/\" \/>\n<meta property=\"og:locale\" content=\"es_ES\" \/>\n<meta property=\"og:type\" content=\"article\" \/>\n<meta property=\"og:title\" content=\"Influencers cat\u00f3licos hacen su propuesta al S\u00ednodo &#8211; Exaudi\" \/>\n<meta property=\"og:description\" content=\"Quieren poner en marcha una pastoral digital para esta nueva \u201ctierra de misi\u00f3n\u201d\" \/>\n<meta property=\"og:url\" content=\"https:\/\/exaudi.org\/es\/influencers-catolicos-hacen-su-propuesta-al-sinodo\/\" \/>\n<meta property=\"og:site_name\" content=\"Exaudi\" \/>\n<meta property=\"article:publisher\" content=\"https:\/\/www.facebook.com\/ExaudiNews\" \/>\n<meta property=\"article:author\" content=\"https:\/\/www.facebook.com\/ExaudiNoticias\/\" \/>\n<meta property=\"article:published_time\" content=\"2022-09-22T09:33:25+00:00\" \/>\n<meta property=\"article:modified_time\" content=\"2022-09-22T15:40:18+00:00\" \/>\n<meta property=\"og:image\" content=\"https:\/\/exaudi.org\/wp-content\/uploads\/2022\/09\/Captura-de-Pantalla-2022-09-22-a-las-11.29.05.png\" \/>\n\t<meta property=\"og:image:width\" content=\"784\" \/>\n\t<meta property=\"og:image:height\" content=\"514\" \/>\n\t<meta property=\"og:image:type\" content=\"image\/png\" \/>\n<meta name=\"author\" content=\"Exaudi Redacci\u00f3n\" \/>\n<meta name=\"twitter:card\" content=\"summary_large_image\" \/>\n<meta name=\"twitter:creator\" content=\"@Exaudi_noticias\" \/>\n<meta name=\"twitter:site\" content=\"@Exaudi_News\" \/>\n<meta name=\"twitter:label1\" content=\"Escrito por\" \/>\n\t<meta name=\"twitter:data1\" content=\"Exaudi Redacci\u00f3n\" \/>\n\t<meta name=\"twitter:label2\" content=\"Tiempo de lectura\" \/>\n\t<meta name=\"twitter:data2\" content=\"5 minutos\" \/>\n<script type=\"application\/ld+json\" class=\"yoast-schema-graph\">{\"@context\":\"https:\\\/\\\/schema.org\",\"@graph\":[{\"@type\":\"Article\",\"@id\":\"https:\\\/\\\/exaudi.org\\\/es\\\/influencers-catolicos-hacen-su-propuesta-al-sinodo\\\/#article\",\"isPartOf\":{\"@id\":\"https:\\\/\\\/exaudi.org\\\/es\\\/influencers-catolicos-hacen-su-propuesta-al-sinodo\\\/\"},\"author\":{\"name\":\"Exaudi Redacci\u00f3n\",\"@id\":\"https:\\\/\\\/exaudi.org\\\/#\\\/schema\\\/person\\\/f5fc8f063065e38742da7afe15f25df7\"},\"headline\":\"Influencers cat\u00f3licos hacen su propuesta al S\u00ednodo\",\"datePublished\":\"2022-09-22T09:33:25+00:00\",\"dateModified\":\"2022-09-22T15:40:18+00:00\",\"mainEntityOfPage\":{\"@id\":\"https:\\\/\\\/exaudi.org\\\/es\\\/influencers-catolicos-hacen-su-propuesta-al-sinodo\\\/\"},\"wordCount\":952,\"image\":{\"@id\":\"https:\\\/\\\/exaudi.org\\\/es\\\/influencers-catolicos-hacen-su-propuesta-al-sinodo\\\/#primaryimage\"},\"thumbnailUrl\":\"https:\\\/\\\/exaudi.org\\\/wp-content\\\/uploads\\\/2022\\\/09\\\/Captura-de-Pantalla-2022-09-22-a-las-11.29.05.png\",\"keywords\":[\"Influencers\",\"Sinodo\",\"Trending\"],\"articleSection\":[\"Iglesia y Mundo\"],\"inLanguage\":\"es\"},{\"@type\":\"WebPage\",\"@id\":\"https:\\\/\\\/exaudi.org\\\/es\\\/influencers-catolicos-hacen-su-propuesta-al-sinodo\\\/\",\"url\":\"https:\\\/\\\/exaudi.org\\\/es\\\/influencers-catolicos-hacen-su-propuesta-al-sinodo\\\/\",\"name\":\"Influencers cat\u00f3licos hacen su propuesta al S\u00ednodo &#8211; Exaudi\",\"isPartOf\":{\"@id\":\"https:\\\/\\\/exaudi.org\\\/#website\"},\"primaryImageOfPage\":{\"@id\":\"https:\\\/\\\/exaudi.org\\\/es\\\/influencers-catolicos-hacen-su-propuesta-al-sinodo\\\/#primaryimage\"},\"image\":{\"@id\":\"https:\\\/\\\/exaudi.org\\\/es\\\/influencers-catolicos-hacen-su-propuesta-al-sinodo\\\/#primaryimage\"},\"thumbnailUrl\":\"https:\\\/\\\/exaudi.org\\\/wp-content\\\/uploads\\\/2022\\\/09\\\/Captura-de-Pantalla-2022-09-22-a-las-11.29.05.png\",\"datePublished\":\"2022-09-22T09:33:25+00:00\",\"dateModified\":\"2022-09-22T15:40:18+00:00\",\"author\":{\"@id\":\"https:\\\/\\\/exaudi.org\\\/#\\\/schema\\\/person\\\/f5fc8f063065e38742da7afe15f25df7\"},\"breadcrumb\":{\"@id\":\"https:\\\/\\\/exaudi.org\\\/es\\\/influencers-catolicos-hacen-su-propuesta-al-sinodo\\\/#breadcrumb\"},\"inLanguage\":\"es\",\"potentialAction\":[{\"@type\":\"ReadAction\",\"target\":[\"https:\\\/\\\/exaudi.org\\\/es\\\/influencers-catolicos-hacen-su-propuesta-al-sinodo\\\/\"]}]},{\"@type\":\"ImageObject\",\"inLanguage\":\"es\",\"@id\":\"https:\\\/\\\/exaudi.org\\\/es\\\/influencers-catolicos-hacen-su-propuesta-al-sinodo\\\/#primaryimage\",\"url\":\"https:\\\/\\\/exaudi.org\\\/wp-content\\\/uploads\\\/2022\\\/09\\\/Captura-de-Pantalla-2022-09-22-a-las-11.29.05.png\",\"contentUrl\":\"https:\\\/\\\/exaudi.org\\\/wp-content\\\/uploads\\\/2022\\\/09\\\/Captura-de-Pantalla-2022-09-22-a-las-11.29.05.png\",\"width\":784,\"height\":514,\"caption\":\"\u00a9 Pexels: Plann\"},{\"@type\":\"BreadcrumbList\",\"@id\":\"https:\\\/\\\/exaudi.org\\\/es\\\/influencers-catolicos-hacen-su-propuesta-al-sinodo\\\/#breadcrumb\",\"itemListElement\":[{\"@type\":\"ListItem\",\"position\":1,\"name\":\"Portada\",\"item\":\"https:\\\/\\\/exaudi.org\\\/es\\\/\"},{\"@type\":\"ListItem\",\"position\":2,\"name\":\"Influencers cat\u00f3licos hacen su propuesta al S\u00ednodo\"}]},{\"@type\":\"WebSite\",\"@id\":\"https:\\\/\\\/exaudi.org\\\/#website\",\"url\":\"https:\\\/\\\/exaudi.org\\\/\",\"name\":\"Exaudi\",\"description\":\"News\",\"potentialAction\":[{\"@type\":\"SearchAction\",\"target\":{\"@type\":\"EntryPoint\",\"urlTemplate\":\"https:\\\/\\\/exaudi.org\\\/?s={search_term_string}\"},\"query-input\":{\"@type\":\"PropertyValueSpecification\",\"valueRequired\":true,\"valueName\":\"search_term_string\"}}],\"inLanguage\":\"es\"},{\"@type\":\"Person\",\"@id\":\"https:\\\/\\\/exaudi.org\\\/#\\\/schema\\\/person\\\/f5fc8f063065e38742da7afe15f25df7\",\"name\":\"Exaudi Redacci\u00f3n\",\"image\":{\"@type\":\"ImageObject\",\"inLanguage\":\"es\",\"@id\":\"https:\\\/\\\/secure.gravatar.com\\\/avatar\\\/fe0f6a059fb68d9b3e11bc5850dd4899b1c7492091a3cb6dd9b01b56ad828be2?s=96&d=mm&r=g\",\"url\":\"https:\\\/\\\/secure.gravatar.com\\\/avatar\\\/fe0f6a059fb68d9b3e11bc5850dd4899b1c7492091a3cb6dd9b01b56ad828be2?s=96&d=mm&r=g\",\"contentUrl\":\"https:\\\/\\\/secure.gravatar.com\\\/avatar\\\/fe0f6a059fb68d9b3e11bc5850dd4899b1c7492091a3cb6dd9b01b56ad828be2?s=96&d=mm&r=g\",\"caption\":\"Exaudi Redacci\u00f3n\"},\"description\":\"\u00bfQu\u00e9 es Exaudi News? Exaudi News es un medio de comunicaci\u00f3n cat\u00f3lico internacional que informa, forma y transforma, diariamente en espa\u00f1ol, ingl\u00e9s e italiano. A trav\u00e9s de noticias, art\u00edculos de an\u00e1lisis y transmisiones en directo de los eventos del Papa, Exaudi busca fortalecer la unidad de los cristianos y contribuir a la evangelizaci\u00f3n del mundo, siempre guiados por la doctrina social de la Iglesia. Trabajamos para acercar la verdad y los valores cristianos a cada rinc\u00f3n del planeta. \u00a1Ay\u00fadanos a transformar el mundo con Exaudi! En Exaudi creemos que la evangelizaci\u00f3n y la informaci\u00f3n de calidad pueden cambiar vidas. Para continuar con nuestra misi\u00f3n y expandir nuestro alcance, necesitamos tu ayuda. Adem\u00e1s, buscamos personas comprometidas que deseen unirse a nuestro equipo. Con tu apoyo, lograremos llegar a m\u00e1s personas, difundir el mensaje de Cristo y reforzar la unidad de los cristianos. \u00bfTe unes a nuestra misi\u00f3n? Para m\u00e1s informaci\u00f3n sobre c\u00f3mo colaborar, visita Exaudi.org\\\/es o cont\u00e1ctanos directamente: info@exaudi.org Exaudi: Informa, forma y transforma.\",\"sameAs\":[\"https:\\\/\\\/www.facebook.com\\\/ExaudiNoticias\\\/\",\"https:\\\/\\\/www.instagram.com\\\/exaudi_noticias\\\/\",\"https:\\\/\\\/x.com\\\/Exaudi_noticias\",\"https:\\\/\\\/www.youtube.com\\\/@exaudicatholicnews\"],\"url\":\"https:\\\/\\\/exaudi.org\\\/es\\\/author\\\/redaccionexaudi\\\/\"}]}<\/script>\n<!-- \/ Yoast SEO plugin. -->","yoast_head_json":{"title":"Influencers cat\u00f3licos hacen su propuesta al S\u00ednodo &#8211; Exaudi","robots":{"index":"index","follow":"follow","max-snippet":"max-snippet:-1","max-image-preview":"max-image-preview:large","max-video-preview":"max-video-preview:-1"},"canonical":"https:\/\/exaudi.org\/es\/influencers-catolicos-hacen-su-propuesta-al-sinodo\/","og_locale":"es_ES","og_type":"article","og_title":"Influencers cat\u00f3licos hacen su propuesta al S\u00ednodo &#8211; Exaudi","og_description":"Quieren poner en marcha una pastoral digital para esta nueva \u201ctierra de misi\u00f3n\u201d","og_url":"https:\/\/exaudi.org\/es\/influencers-catolicos-hacen-su-propuesta-al-sinodo\/","og_site_name":"Exaudi","article_publisher":"https:\/\/www.facebook.com\/ExaudiNews","article_author":"https:\/\/www.facebook.com\/ExaudiNoticias\/","article_published_time":"2022-09-22T09:33:25+00:00","article_modified_time":"2022-09-22T15:40:18+00:00","og_image":[{"width":784,"height":514,"url":"https:\/\/exaudi.org\/wp-content\/uploads\/2022\/09\/Captura-de-Pantalla-2022-09-22-a-las-11.29.05.png","type":"image\/png"}],"author":"Exaudi Redacci\u00f3n","twitter_card":"summary_large_image","twitter_creator":"@Exaudi_noticias","twitter_site":"@Exaudi_News","twitter_misc":{"Escrito por":"Exaudi Redacci\u00f3n","Tiempo de lectura":"5 minutos"},"schema":{"@context":"https:\/\/schema.org","@graph":[{"@type":"Article","@id":"https:\/\/exaudi.org\/es\/influencers-catolicos-hacen-su-propuesta-al-sinodo\/#article","isPartOf":{"@id":"https:\/\/exaudi.org\/es\/influencers-catolicos-hacen-su-propuesta-al-sinodo\/"},"author":{"name":"Exaudi Redacci\u00f3n","@id":"https:\/\/exaudi.org\/#\/schema\/person\/f5fc8f063065e38742da7afe15f25df7"},"headline":"Influencers cat\u00f3licos hacen su propuesta al S\u00ednodo","datePublished":"2022-09-22T09:33:25+00:00","dateModified":"2022-09-22T15:40:18+00:00","mainEntityOfPage":{"@id":"https:\/\/exaudi.org\/es\/influencers-catolicos-hacen-su-propuesta-al-sinodo\/"},"wordCount":952,"image":{"@id":"https:\/\/exaudi.org\/es\/influencers-catolicos-hacen-su-propuesta-al-sinodo\/#primaryimage"},"thumbnailUrl":"https:\/\/exaudi.org\/wp-content\/uploads\/2022\/09\/Captura-de-Pantalla-2022-09-22-a-las-11.29.05.png","keywords":["Influencers","Sinodo","Trending"],"articleSection":["Iglesia y Mundo"],"inLanguage":"es"},{"@type":"WebPage","@id":"https:\/\/exaudi.org\/es\/influencers-catolicos-hacen-su-propuesta-al-sinodo\/","url":"https:\/\/exaudi.org\/es\/influencers-catolicos-hacen-su-propuesta-al-sinodo\/","name":"Influencers cat\u00f3licos hacen su propuesta al S\u00ednodo &#8211; Exaudi","isPartOf":{"@id":"https:\/\/exaudi.org\/#website"},"primaryImageOfPage":{"@id":"https:\/\/exaudi.org\/es\/influencers-catolicos-hacen-su-propuesta-al-sinodo\/#primaryimage"},"image":{"@id":"https:\/\/exaudi.org\/es\/influencers-catolicos-hacen-su-propuesta-al-sinodo\/#primaryimage"},"thumbnailUrl":"https:\/\/exaudi.org\/wp-content\/uploads\/2022\/09\/Captura-de-Pantalla-2022-09-22-a-las-11.29.05.png","datePublished":"2022-09-22T09:33:25+00:00","dateModified":"2022-09-22T15:40:18+00:00","author":{"@id":"https:\/\/exaudi.org\/#\/schema\/person\/f5fc8f063065e38742da7afe15f25df7"},"breadcrumb":{"@id":"https:\/\/exaudi.org\/es\/influencers-catolicos-hacen-su-propuesta-al-sinodo\/#breadcrumb"},"inLanguage":"es","potentialAction":[{"@type":"ReadAction","target":["https:\/\/exaudi.org\/es\/influencers-catolicos-hacen-su-propuesta-al-sinodo\/"]}]},{"@type":"ImageObject","inLanguage":"es","@id":"https:\/\/exaudi.org\/es\/influencers-catolicos-hacen-su-propuesta-al-sinodo\/#primaryimage","url":"https:\/\/exaudi.org\/wp-content\/uploads\/2022\/09\/Captura-de-Pantalla-2022-09-22-a-las-11.29.05.png","contentUrl":"https:\/\/exaudi.org\/wp-content\/uploads\/2022\/09\/Captura-de-Pantalla-2022-09-22-a-las-11.29.05.png","width":784,"height":514,"caption":"\u00a9 Pexels: Plann"},{"@type":"BreadcrumbList","@id":"https:\/\/exaudi.org\/es\/influencers-catolicos-hacen-su-propuesta-al-sinodo\/#breadcrumb","itemListElement":[{"@type":"ListItem","position":1,"name":"Portada","item":"https:\/\/exaudi.org\/es\/"},{"@type":"ListItem","position":2,"name":"Influencers cat\u00f3licos hacen su propuesta al S\u00ednodo"}]},{"@type":"WebSite","@id":"https:\/\/exaudi.org\/#website","url":"https:\/\/exaudi.org\/","name":"Exaudi","description":"News","potentialAction":[{"@type":"SearchAction","target":{"@type":"EntryPoint","urlTemplate":"https:\/\/exaudi.org\/?s={search_term_string}"},"query-input":{"@type":"PropertyValueSpecification","valueRequired":true,"valueName":"search_term_string"}}],"inLanguage":"es"},{"@type":"Person","@id":"https:\/\/exaudi.org\/#\/schema\/person\/f5fc8f063065e38742da7afe15f25df7","name":"Exaudi Redacci\u00f3n","image":{"@type":"ImageObject","inLanguage":"es","@id":"https:\/\/secure.gravatar.com\/avatar\/fe0f6a059fb68d9b3e11bc5850dd4899b1c7492091a3cb6dd9b01b56ad828be2?s=96&d=mm&r=g","url":"https:\/\/secure.gravatar.com\/avatar\/fe0f6a059fb68d9b3e11bc5850dd4899b1c7492091a3cb6dd9b01b56ad828be2?s=96&d=mm&r=g","contentUrl":"https:\/\/secure.gravatar.com\/avatar\/fe0f6a059fb68d9b3e11bc5850dd4899b1c7492091a3cb6dd9b01b56ad828be2?s=96&d=mm&r=g","caption":"Exaudi Redacci\u00f3n"},"description":"\u00bfQu\u00e9 es Exaudi News? Exaudi News es un medio de comunicaci\u00f3n cat\u00f3lico internacional que informa, forma y transforma, diariamente en espa\u00f1ol, ingl\u00e9s e italiano. A trav\u00e9s de noticias, art\u00edculos de an\u00e1lisis y transmisiones en directo de los eventos del Papa, Exaudi busca fortalecer la unidad de los cristianos y contribuir a la evangelizaci\u00f3n del mundo, siempre guiados por la doctrina social de la Iglesia. Trabajamos para acercar la verdad y los valores cristianos a cada rinc\u00f3n del planeta. \u00a1Ay\u00fadanos a transformar el mundo con Exaudi! En Exaudi creemos que la evangelizaci\u00f3n y la informaci\u00f3n de calidad pueden cambiar vidas. Para continuar con nuestra misi\u00f3n y expandir nuestro alcance, necesitamos tu ayuda. Adem\u00e1s, buscamos personas comprometidas que deseen unirse a nuestro equipo. Con tu apoyo, lograremos llegar a m\u00e1s personas, difundir el mensaje de Cristo y reforzar la unidad de los cristianos. \u00bfTe unes a nuestra misi\u00f3n? Para m\u00e1s informaci\u00f3n sobre c\u00f3mo colaborar, visita Exaudi.org\/es o cont\u00e1ctanos directamente: info@exaudi.org Exaudi: Informa, forma y transforma.","sameAs":["https:\/\/www.facebook.com\/ExaudiNoticias\/","https:\/\/www.instagram.com\/exaudi_noticias\/","https:\/\/x.com\/Exaudi_noticias","https:\/\/www.youtube.com\/@exaudicatholicnews"],"url":"https:\/\/exaudi.org\/es\/author\/redaccionexaudi\/"}]}},"jetpack_featured_media_url":"https:\/\/exaudi.org\/wp-content\/uploads\/2022\/09\/Captura-de-Pantalla-2022-09-22-a-las-11.29.05.png","jetpack_shortlink":"https:\/\/wp.me\/pgKjF2-ggB","_links":{"self":[{"href":"https:\/\/exaudi.org\/es\/wp-json\/wp\/v2\/posts\/62533","targetHints":{"allow":["GET"]}}],"collection":[{"href":"https:\/\/exaudi.org\/es\/wp-json\/wp\/v2\/posts"}],"about":[{"href":"https:\/\/exaudi.org\/es\/wp-json\/wp\/v2\/types\/post"}],"author":[{"embeddable":true,"href":"https:\/\/exaudi.org\/es\/wp-json\/wp\/v2\/users\/15"}],"replies":[{"embeddable":true,"href":"https:\/\/exaudi.org\/es\/wp-json\/wp\/v2\/comments?post=62533"}],"version-history":[{"count":0,"href":"https:\/\/exaudi.org\/es\/wp-json\/wp\/v2\/posts\/62533\/revisions"}],"wp:featuredmedia":[{"embeddable":true,"href":"https:\/\/exaudi.org\/es\/wp-json\/wp\/v2\/media\/62538"}],"wp:attachment":[{"href":"https:\/\/exaudi.org\/es\/wp-json\/wp\/v2\/media?parent=62533"}],"wp:term":[{"taxonomy":"category","embeddable":true,"href":"https:\/\/exaudi.org\/es\/wp-json\/wp\/v2\/categories?post=62533"},{"taxonomy":"post_tag","embeddable":true,"href":"https:\/\/exaudi.org\/es\/wp-json\/wp\/v2\/tags?post=62533"}],"curies":[{"name":"wp","href":"https:\/\/api.w.org\/{rel}","templated":true}]}}