{"id":62436,"date":"2022-09-20T17:26:16","date_gmt":"2022-09-20T15:26:16","guid":{"rendered":"https:\/\/exaudi.org\/?p=62436"},"modified":"2022-09-21T15:54:46","modified_gmt":"2022-09-21T13:54:46","slug":"varsovia-mas-de-10-000-personas-en-la-marcha-provida","status":"publish","type":"post","link":"https:\/\/exaudi.org\/es\/varsovia-mas-de-10-000-personas-en-la-marcha-provida\/","title":{"rendered":"Varsovia: M\u00e1s de 10.000 personas en la marcha provida"},"content":{"rendered":"<p>M\u00e1s de 10.000 personas participaron en la Marcha Nacional por la Vida y la Familia en la capital polaca el 18 de septiembre. En 150 localidades de Polonia se organizan marchas similares que re\u00fanen a cientos de miles de personas. Los participantes fueron recibidos por el presidente polaco Andrzej Duda.<\/p>\n<p>La Marcha de este a\u00f1o en Varsovia fue bajo el lema \u00abTe lo juro\u00bb. De este modo, se refer\u00eda a los votos matrimoniales. Por consiguiente, a principios de marzo, los c\u00f3nyuges renovaron sus votos matrimoniales.<\/p>\n<p>Los participantes en la Marcha fueron saludados por el Presidente de la Republica de Polonia Andrzej Duda en un mensaje de v\u00eddeo especial. Dijo: \u00abEstoy muy contento de que vuelvan a marchar por las calles de Varsovia. Los abuelos, los padres, los hijos y los futuros padres forman hoy aqu\u00ed una gran comunidad alegre. Juntos dan testimonio p\u00fablico de su compromiso con los ideales m\u00e1s nobles. Expresan la convicci\u00f3n de que una familia fuerte significa un futuro pr\u00f3spero para nuestra patria. Se lo agradezco de todo coraz\u00f3n\u00bb. &#8211; subray\u00f3 el Presidente de la Republica de Polonia.<\/p>\n<figure id=\"attachment_62388\" aria-describedby=\"caption-attachment-62388\" style=\"width: 300px\" class=\"wp-caption alignleft\"><img loading=\"lazy\" decoding=\"async\" class=\"size-medium wp-image-62388\" src=\"https:\/\/exaudi.org\/wp-content\/uploads\/2022\/09\/2022-09-18-March-for-Life-and-Family_Photo2-by-Sr.-Amata-J.-Nowaszewska-300x169.jpg\" alt=\"Photos by Sr. Amata J. Nowaszewska\" width=\"300\" height=\"169\" srcset=\"https:\/\/exaudi.org\/wp-content\/uploads\/2022\/09\/2022-09-18-March-for-Life-and-Family_Photo2-by-Sr.-Amata-J.-Nowaszewska-300x169.jpg 300w, https:\/\/exaudi.org\/wp-content\/uploads\/2022\/09\/2022-09-18-March-for-Life-and-Family_Photo2-by-Sr.-Amata-J.-Nowaszewska-1024x576.jpg 1024w, https:\/\/exaudi.org\/wp-content\/uploads\/2022\/09\/2022-09-18-March-for-Life-and-Family_Photo2-by-Sr.-Amata-J.-Nowaszewska-770x433.jpg 770w, https:\/\/exaudi.org\/wp-content\/uploads\/2022\/09\/2022-09-18-March-for-Life-and-Family_Photo2-by-Sr.-Amata-J.-Nowaszewska-1536x864.jpg 1536w, https:\/\/exaudi.org\/wp-content\/uploads\/2022\/09\/2022-09-18-March-for-Life-and-Family_Photo2-by-Sr.-Amata-J.-Nowaszewska-2048x1152.jpg 2048w, https:\/\/exaudi.org\/wp-content\/uploads\/2022\/09\/2022-09-18-March-for-Life-and-Family_Photo2-by-Sr.-Amata-J.-Nowaszewska-500x281.jpg 500w, https:\/\/exaudi.org\/wp-content\/uploads\/2022\/09\/2022-09-18-March-for-Life-and-Family_Photo2-by-Sr.-Amata-J.-Nowaszewska-293x165.jpg 293w, https:\/\/exaudi.org\/wp-content\/uploads\/2022\/09\/2022-09-18-March-for-Life-and-Family_Photo2-by-Sr.-Amata-J.-Nowaszewska-1400x788.jpg 1400w, https:\/\/exaudi.org\/wp-content\/uploads\/2022\/09\/2022-09-18-March-for-Life-and-Family_Photo2-by-Sr.-Amata-J.-Nowaszewska-390x219.jpg 390w\" sizes=\"auto, (max-width: 300px) 100vw, 300px\" \/><figcaption id=\"caption-attachment-62388\" class=\"wp-caption-text\">Photos by Sr. Amata J. Nowaszewska<\/figcaption><\/figure>\n<p>Los participantes en la marcha recorrieron las calles de Varsovia con banderas blancas y rojas y globos de los mismos colores. Adem\u00e1s, los c\u00f3nyuges llevaban corazones especiales en los que escrib\u00edan sus nombres y el n\u00famero de a\u00f1os de vida matrimonial. Tambi\u00e9n llevaban pancartas con los lemas: \u00abLa vida es bella\u00bb, \u00abVivan los ni\u00f1os\u00bb o \u00abLa paternidad comienza en la concepci\u00f3n\u00bb. Igualdad de responsabilidades. Igualdad de derechos\u00bb.<\/p>\n<p>\u00abEstamos construyendo una gran comunidad, un grupo de personas que defienden firmemente la vida, el matrimonio y la familia. Damos testimonio p\u00fablico de que el matrimonio como instituci\u00f3n es extremadamente valioso. Hay que defenderlo, sobre todo hoy en d\u00eda que est\u00e1 muy atacado y en crisis\u00bb, dijo Pawe\u0142 Ozdoba, presidente del Centro para la Vida y la Familia, responsable de la organizaci\u00f3n de la Marcha.<\/p>\n<p>A la Marcha asistieron padres con hijos, personas p\u00fablicas, miembros de movimientos y asociaciones, cl\u00e9rigos y personas mayores. Al final de la Marcha hubo una Santa Misa solemne. El acto se celebr\u00f3 bajo el patrocinio honor\u00edfico del Presidente de la Conferencia Episcopal Polaca, Monse\u00f1or Stanis\u0142aw G\u0105decki.<\/p>\n<p>Esta fue la 17\u00aa Marcha por la Vida y la Familia en Varsovia. Marchas similares se organizan en unas 150 localidades de Polonia y re\u00fanen a cientos de miles de personas.<\/p>\n","protected":false},"excerpt":{"rendered":"<p>Esta fue la 17\u00aa Marcha por la Vida y la Familia en Varsovia<\/p>\n","protected":false},"author":15,"featured_media":62394,"comment_status":"closed","ping_status":"closed","sticky":false,"template":"","format":"standard","meta":{"_acf_changed":false,"_crdt_document":"","inline_featured_image":false,"footnotes":""},"categories":[74],"tags":[4106,7028],"class_list":["post-62436","post","type-post","status-publish","format-standard","has-post-thumbnail","hentry","category-iglesia-y-mundo","tag-provida","tag-varsovia"],"acf":[],"yoast_head":"<!-- This site is optimized with the Yoast SEO plugin v27.5 - https:\/\/yoast.com\/product\/yoast-seo-wordpress\/ -->\n<title>Varsovia: M\u00e1s de 10.000 personas en la marcha provida &#8211; Exaudi<\/title>\n<meta name=\"robots\" content=\"index, follow, max-snippet:-1, max-image-preview:large, max-video-preview:-1\" \/>\n<link rel=\"canonical\" href=\"https:\/\/exaudi.org\/es\/varsovia-mas-de-10-000-personas-en-la-marcha-provida\/\" \/>\n<meta property=\"og:locale\" content=\"es_ES\" \/>\n<meta property=\"og:type\" content=\"article\" \/>\n<meta property=\"og:title\" content=\"Varsovia: M\u00e1s de 10.000 personas en la marcha provida &#8211; Exaudi\" \/>\n<meta property=\"og:description\" content=\"Esta fue la 17\u00aa Marcha por la Vida y la Familia en Varsovia\" \/>\n<meta property=\"og:url\" content=\"https:\/\/exaudi.org\/es\/varsovia-mas-de-10-000-personas-en-la-marcha-provida\/\" \/>\n<meta property=\"og:site_name\" content=\"Exaudi\" \/>\n<meta property=\"article:publisher\" content=\"https:\/\/www.facebook.com\/ExaudiNews\" \/>\n<meta property=\"article:author\" content=\"https:\/\/www.facebook.com\/ExaudiNoticias\/\" \/>\n<meta property=\"article:published_time\" content=\"2022-09-20T15:26:16+00:00\" \/>\n<meta property=\"article:modified_time\" content=\"2022-09-21T13:54:46+00:00\" \/>\n<meta property=\"og:image\" content=\"https:\/\/exaudi.org\/wp-content\/uploads\/2022\/09\/2022-09-18-March-for-Life-and-Family_Photo4-by-Sr.-Amata-J.-Nowaszewska-scaled.jpg\" \/>\n\t<meta property=\"og:image:width\" content=\"2560\" \/>\n\t<meta property=\"og:image:height\" content=\"1440\" \/>\n\t<meta property=\"og:image:type\" content=\"image\/jpeg\" \/>\n<meta name=\"author\" content=\"Exaudi Redacci\u00f3n\" \/>\n<meta name=\"twitter:card\" content=\"summary_large_image\" \/>\n<meta name=\"twitter:creator\" content=\"@Exaudi_noticias\" \/>\n<meta name=\"twitter:site\" content=\"@Exaudi_News\" \/>\n<meta name=\"twitter:label1\" content=\"Escrito por\" \/>\n\t<meta name=\"twitter:data1\" content=\"Exaudi Redacci\u00f3n\" \/>\n\t<meta name=\"twitter:label2\" content=\"Tiempo de lectura\" \/>\n\t<meta name=\"twitter:data2\" content=\"3 minutos\" \/>\n<script type=\"application\/ld+json\" class=\"yoast-schema-graph\">{\"@context\":\"https:\\\/\\\/schema.org\",\"@graph\":[{\"@type\":\"Article\",\"@id\":\"https:\\\/\\\/exaudi.org\\\/es\\\/varsovia-mas-de-10-000-personas-en-la-marcha-provida\\\/#article\",\"isPartOf\":{\"@id\":\"https:\\\/\\\/exaudi.org\\\/es\\\/varsovia-mas-de-10-000-personas-en-la-marcha-provida\\\/\"},\"author\":{\"name\":\"Exaudi Redacci\u00f3n\",\"@id\":\"https:\\\/\\\/exaudi.org\\\/#\\\/schema\\\/person\\\/f5fc8f063065e38742da7afe15f25df7\"},\"headline\":\"Varsovia: M\u00e1s de 10.000 personas en la marcha provida\",\"datePublished\":\"2022-09-20T15:26:16+00:00\",\"dateModified\":\"2022-09-21T13:54:46+00:00\",\"mainEntityOfPage\":{\"@id\":\"https:\\\/\\\/exaudi.org\\\/es\\\/varsovia-mas-de-10-000-personas-en-la-marcha-provida\\\/\"},\"wordCount\":437,\"image\":{\"@id\":\"https:\\\/\\\/exaudi.org\\\/es\\\/varsovia-mas-de-10-000-personas-en-la-marcha-provida\\\/#primaryimage\"},\"thumbnailUrl\":\"https:\\\/\\\/exaudi.org\\\/wp-content\\\/uploads\\\/2022\\\/09\\\/2022-09-18-March-for-Life-and-Family_Photo4-by-Sr.-Amata-J.-Nowaszewska-scaled.jpg\",\"keywords\":[\"Provida\",\"Varsovia\"],\"articleSection\":[\"Iglesia y Mundo\"],\"inLanguage\":\"es\"},{\"@type\":\"WebPage\",\"@id\":\"https:\\\/\\\/exaudi.org\\\/es\\\/varsovia-mas-de-10-000-personas-en-la-marcha-provida\\\/\",\"url\":\"https:\\\/\\\/exaudi.org\\\/es\\\/varsovia-mas-de-10-000-personas-en-la-marcha-provida\\\/\",\"name\":\"Varsovia: M\u00e1s de 10.000 personas en la marcha provida &#8211; Exaudi\",\"isPartOf\":{\"@id\":\"https:\\\/\\\/exaudi.org\\\/#website\"},\"primaryImageOfPage\":{\"@id\":\"https:\\\/\\\/exaudi.org\\\/es\\\/varsovia-mas-de-10-000-personas-en-la-marcha-provida\\\/#primaryimage\"},\"image\":{\"@id\":\"https:\\\/\\\/exaudi.org\\\/es\\\/varsovia-mas-de-10-000-personas-en-la-marcha-provida\\\/#primaryimage\"},\"thumbnailUrl\":\"https:\\\/\\\/exaudi.org\\\/wp-content\\\/uploads\\\/2022\\\/09\\\/2022-09-18-March-for-Life-and-Family_Photo4-by-Sr.-Amata-J.-Nowaszewska-scaled.jpg\",\"datePublished\":\"2022-09-20T15:26:16+00:00\",\"dateModified\":\"2022-09-21T13:54:46+00:00\",\"author\":{\"@id\":\"https:\\\/\\\/exaudi.org\\\/#\\\/schema\\\/person\\\/f5fc8f063065e38742da7afe15f25df7\"},\"breadcrumb\":{\"@id\":\"https:\\\/\\\/exaudi.org\\\/es\\\/varsovia-mas-de-10-000-personas-en-la-marcha-provida\\\/#breadcrumb\"},\"inLanguage\":\"es\",\"potentialAction\":[{\"@type\":\"ReadAction\",\"target\":[\"https:\\\/\\\/exaudi.org\\\/es\\\/varsovia-mas-de-10-000-personas-en-la-marcha-provida\\\/\"]}]},{\"@type\":\"ImageObject\",\"inLanguage\":\"es\",\"@id\":\"https:\\\/\\\/exaudi.org\\\/es\\\/varsovia-mas-de-10-000-personas-en-la-marcha-provida\\\/#primaryimage\",\"url\":\"https:\\\/\\\/exaudi.org\\\/wp-content\\\/uploads\\\/2022\\\/09\\\/2022-09-18-March-for-Life-and-Family_Photo4-by-Sr.-Amata-J.-Nowaszewska-scaled.jpg\",\"contentUrl\":\"https:\\\/\\\/exaudi.org\\\/wp-content\\\/uploads\\\/2022\\\/09\\\/2022-09-18-March-for-Life-and-Family_Photo4-by-Sr.-Amata-J.-Nowaszewska-scaled.jpg\",\"width\":2560,\"height\":1440,\"caption\":\"Photos by Sr. Amata J. Nowaszewska\"},{\"@type\":\"BreadcrumbList\",\"@id\":\"https:\\\/\\\/exaudi.org\\\/es\\\/varsovia-mas-de-10-000-personas-en-la-marcha-provida\\\/#breadcrumb\",\"itemListElement\":[{\"@type\":\"ListItem\",\"position\":1,\"name\":\"Portada\",\"item\":\"https:\\\/\\\/exaudi.org\\\/es\\\/\"},{\"@type\":\"ListItem\",\"position\":2,\"name\":\"Varsovia: M\u00e1s de 10.000 personas en la marcha provida\"}]},{\"@type\":\"WebSite\",\"@id\":\"https:\\\/\\\/exaudi.org\\\/#website\",\"url\":\"https:\\\/\\\/exaudi.org\\\/\",\"name\":\"Exaudi\",\"description\":\"News\",\"potentialAction\":[{\"@type\":\"SearchAction\",\"target\":{\"@type\":\"EntryPoint\",\"urlTemplate\":\"https:\\\/\\\/exaudi.org\\\/?s={search_term_string}\"},\"query-input\":{\"@type\":\"PropertyValueSpecification\",\"valueRequired\":true,\"valueName\":\"search_term_string\"}}],\"inLanguage\":\"es\"},{\"@type\":\"Person\",\"@id\":\"https:\\\/\\\/exaudi.org\\\/#\\\/schema\\\/person\\\/f5fc8f063065e38742da7afe15f25df7\",\"name\":\"Exaudi Redacci\u00f3n\",\"image\":{\"@type\":\"ImageObject\",\"inLanguage\":\"es\",\"@id\":\"https:\\\/\\\/secure.gravatar.com\\\/avatar\\\/fe0f6a059fb68d9b3e11bc5850dd4899b1c7492091a3cb6dd9b01b56ad828be2?s=96&d=mm&r=g\",\"url\":\"https:\\\/\\\/secure.gravatar.com\\\/avatar\\\/fe0f6a059fb68d9b3e11bc5850dd4899b1c7492091a3cb6dd9b01b56ad828be2?s=96&d=mm&r=g\",\"contentUrl\":\"https:\\\/\\\/secure.gravatar.com\\\/avatar\\\/fe0f6a059fb68d9b3e11bc5850dd4899b1c7492091a3cb6dd9b01b56ad828be2?s=96&d=mm&r=g\",\"caption\":\"Exaudi Redacci\u00f3n\"},\"description\":\"\u00bfQu\u00e9 es Exaudi News? Exaudi News es un medio de comunicaci\u00f3n cat\u00f3lico internacional que informa, forma y transforma, diariamente en espa\u00f1ol, ingl\u00e9s e italiano. A trav\u00e9s de noticias, art\u00edculos de an\u00e1lisis y transmisiones en directo de los eventos del Papa, Exaudi busca fortalecer la unidad de los cristianos y contribuir a la evangelizaci\u00f3n del mundo, siempre guiados por la doctrina social de la Iglesia. Trabajamos para acercar la verdad y los valores cristianos a cada rinc\u00f3n del planeta. \u00a1Ay\u00fadanos a transformar el mundo con Exaudi! En Exaudi creemos que la evangelizaci\u00f3n y la informaci\u00f3n de calidad pueden cambiar vidas. Para continuar con nuestra misi\u00f3n y expandir nuestro alcance, necesitamos tu ayuda. Adem\u00e1s, buscamos personas comprometidas que deseen unirse a nuestro equipo. Con tu apoyo, lograremos llegar a m\u00e1s personas, difundir el mensaje de Cristo y reforzar la unidad de los cristianos. \u00bfTe unes a nuestra misi\u00f3n? Para m\u00e1s informaci\u00f3n sobre c\u00f3mo colaborar, visita Exaudi.org\\\/es o cont\u00e1ctanos directamente: info@exaudi.org Exaudi: Informa, forma y transforma.\",\"sameAs\":[\"https:\\\/\\\/www.facebook.com\\\/ExaudiNoticias\\\/\",\"https:\\\/\\\/www.instagram.com\\\/exaudi_noticias\\\/\",\"https:\\\/\\\/x.com\\\/Exaudi_noticias\",\"https:\\\/\\\/www.youtube.com\\\/@exaudicatholicnews\"],\"url\":\"https:\\\/\\\/exaudi.org\\\/es\\\/author\\\/redaccionexaudi\\\/\"}]}<\/script>\n<!-- \/ Yoast SEO plugin. -->","yoast_head_json":{"title":"Varsovia: M\u00e1s de 10.000 personas en la marcha provida &#8211; Exaudi","robots":{"index":"index","follow":"follow","max-snippet":"max-snippet:-1","max-image-preview":"max-image-preview:large","max-video-preview":"max-video-preview:-1"},"canonical":"https:\/\/exaudi.org\/es\/varsovia-mas-de-10-000-personas-en-la-marcha-provida\/","og_locale":"es_ES","og_type":"article","og_title":"Varsovia: M\u00e1s de 10.000 personas en la marcha provida &#8211; Exaudi","og_description":"Esta fue la 17\u00aa Marcha por la Vida y la Familia en Varsovia","og_url":"https:\/\/exaudi.org\/es\/varsovia-mas-de-10-000-personas-en-la-marcha-provida\/","og_site_name":"Exaudi","article_publisher":"https:\/\/www.facebook.com\/ExaudiNews","article_author":"https:\/\/www.facebook.com\/ExaudiNoticias\/","article_published_time":"2022-09-20T15:26:16+00:00","article_modified_time":"2022-09-21T13:54:46+00:00","og_image":[{"width":2560,"height":1440,"url":"https:\/\/exaudi.org\/wp-content\/uploads\/2022\/09\/2022-09-18-March-for-Life-and-Family_Photo4-by-Sr.-Amata-J.-Nowaszewska-scaled.jpg","type":"image\/jpeg"}],"author":"Exaudi Redacci\u00f3n","twitter_card":"summary_large_image","twitter_creator":"@Exaudi_noticias","twitter_site":"@Exaudi_News","twitter_misc":{"Escrito por":"Exaudi Redacci\u00f3n","Tiempo de lectura":"3 minutos"},"schema":{"@context":"https:\/\/schema.org","@graph":[{"@type":"Article","@id":"https:\/\/exaudi.org\/es\/varsovia-mas-de-10-000-personas-en-la-marcha-provida\/#article","isPartOf":{"@id":"https:\/\/exaudi.org\/es\/varsovia-mas-de-10-000-personas-en-la-marcha-provida\/"},"author":{"name":"Exaudi Redacci\u00f3n","@id":"https:\/\/exaudi.org\/#\/schema\/person\/f5fc8f063065e38742da7afe15f25df7"},"headline":"Varsovia: M\u00e1s de 10.000 personas en la marcha provida","datePublished":"2022-09-20T15:26:16+00:00","dateModified":"2022-09-21T13:54:46+00:00","mainEntityOfPage":{"@id":"https:\/\/exaudi.org\/es\/varsovia-mas-de-10-000-personas-en-la-marcha-provida\/"},"wordCount":437,"image":{"@id":"https:\/\/exaudi.org\/es\/varsovia-mas-de-10-000-personas-en-la-marcha-provida\/#primaryimage"},"thumbnailUrl":"https:\/\/exaudi.org\/wp-content\/uploads\/2022\/09\/2022-09-18-March-for-Life-and-Family_Photo4-by-Sr.-Amata-J.-Nowaszewska-scaled.jpg","keywords":["Provida","Varsovia"],"articleSection":["Iglesia y Mundo"],"inLanguage":"es"},{"@type":"WebPage","@id":"https:\/\/exaudi.org\/es\/varsovia-mas-de-10-000-personas-en-la-marcha-provida\/","url":"https:\/\/exaudi.org\/es\/varsovia-mas-de-10-000-personas-en-la-marcha-provida\/","name":"Varsovia: M\u00e1s de 10.000 personas en la marcha provida &#8211; Exaudi","isPartOf":{"@id":"https:\/\/exaudi.org\/#website"},"primaryImageOfPage":{"@id":"https:\/\/exaudi.org\/es\/varsovia-mas-de-10-000-personas-en-la-marcha-provida\/#primaryimage"},"image":{"@id":"https:\/\/exaudi.org\/es\/varsovia-mas-de-10-000-personas-en-la-marcha-provida\/#primaryimage"},"thumbnailUrl":"https:\/\/exaudi.org\/wp-content\/uploads\/2022\/09\/2022-09-18-March-for-Life-and-Family_Photo4-by-Sr.-Amata-J.-Nowaszewska-scaled.jpg","datePublished":"2022-09-20T15:26:16+00:00","dateModified":"2022-09-21T13:54:46+00:00","author":{"@id":"https:\/\/exaudi.org\/#\/schema\/person\/f5fc8f063065e38742da7afe15f25df7"},"breadcrumb":{"@id":"https:\/\/exaudi.org\/es\/varsovia-mas-de-10-000-personas-en-la-marcha-provida\/#breadcrumb"},"inLanguage":"es","potentialAction":[{"@type":"ReadAction","target":["https:\/\/exaudi.org\/es\/varsovia-mas-de-10-000-personas-en-la-marcha-provida\/"]}]},{"@type":"ImageObject","inLanguage":"es","@id":"https:\/\/exaudi.org\/es\/varsovia-mas-de-10-000-personas-en-la-marcha-provida\/#primaryimage","url":"https:\/\/exaudi.org\/wp-content\/uploads\/2022\/09\/2022-09-18-March-for-Life-and-Family_Photo4-by-Sr.-Amata-J.-Nowaszewska-scaled.jpg","contentUrl":"https:\/\/exaudi.org\/wp-content\/uploads\/2022\/09\/2022-09-18-March-for-Life-and-Family_Photo4-by-Sr.-Amata-J.-Nowaszewska-scaled.jpg","width":2560,"height":1440,"caption":"Photos by Sr. Amata J. Nowaszewska"},{"@type":"BreadcrumbList","@id":"https:\/\/exaudi.org\/es\/varsovia-mas-de-10-000-personas-en-la-marcha-provida\/#breadcrumb","itemListElement":[{"@type":"ListItem","position":1,"name":"Portada","item":"https:\/\/exaudi.org\/es\/"},{"@type":"ListItem","position":2,"name":"Varsovia: M\u00e1s de 10.000 personas en la marcha provida"}]},{"@type":"WebSite","@id":"https:\/\/exaudi.org\/#website","url":"https:\/\/exaudi.org\/","name":"Exaudi","description":"News","potentialAction":[{"@type":"SearchAction","target":{"@type":"EntryPoint","urlTemplate":"https:\/\/exaudi.org\/?s={search_term_string}"},"query-input":{"@type":"PropertyValueSpecification","valueRequired":true,"valueName":"search_term_string"}}],"inLanguage":"es"},{"@type":"Person","@id":"https:\/\/exaudi.org\/#\/schema\/person\/f5fc8f063065e38742da7afe15f25df7","name":"Exaudi Redacci\u00f3n","image":{"@type":"ImageObject","inLanguage":"es","@id":"https:\/\/secure.gravatar.com\/avatar\/fe0f6a059fb68d9b3e11bc5850dd4899b1c7492091a3cb6dd9b01b56ad828be2?s=96&d=mm&r=g","url":"https:\/\/secure.gravatar.com\/avatar\/fe0f6a059fb68d9b3e11bc5850dd4899b1c7492091a3cb6dd9b01b56ad828be2?s=96&d=mm&r=g","contentUrl":"https:\/\/secure.gravatar.com\/avatar\/fe0f6a059fb68d9b3e11bc5850dd4899b1c7492091a3cb6dd9b01b56ad828be2?s=96&d=mm&r=g","caption":"Exaudi Redacci\u00f3n"},"description":"\u00bfQu\u00e9 es Exaudi News? Exaudi News es un medio de comunicaci\u00f3n cat\u00f3lico internacional que informa, forma y transforma, diariamente en espa\u00f1ol, ingl\u00e9s e italiano. A trav\u00e9s de noticias, art\u00edculos de an\u00e1lisis y transmisiones en directo de los eventos del Papa, Exaudi busca fortalecer la unidad de los cristianos y contribuir a la evangelizaci\u00f3n del mundo, siempre guiados por la doctrina social de la Iglesia. Trabajamos para acercar la verdad y los valores cristianos a cada rinc\u00f3n del planeta. \u00a1Ay\u00fadanos a transformar el mundo con Exaudi! En Exaudi creemos que la evangelizaci\u00f3n y la informaci\u00f3n de calidad pueden cambiar vidas. Para continuar con nuestra misi\u00f3n y expandir nuestro alcance, necesitamos tu ayuda. Adem\u00e1s, buscamos personas comprometidas que deseen unirse a nuestro equipo. Con tu apoyo, lograremos llegar a m\u00e1s personas, difundir el mensaje de Cristo y reforzar la unidad de los cristianos. \u00bfTe unes a nuestra misi\u00f3n? Para m\u00e1s informaci\u00f3n sobre c\u00f3mo colaborar, visita Exaudi.org\/es o cont\u00e1ctanos directamente: info@exaudi.org Exaudi: Informa, forma y transforma.","sameAs":["https:\/\/www.facebook.com\/ExaudiNoticias\/","https:\/\/www.instagram.com\/exaudi_noticias\/","https:\/\/x.com\/Exaudi_noticias","https:\/\/www.youtube.com\/@exaudicatholicnews"],"url":"https:\/\/exaudi.org\/es\/author\/redaccionexaudi\/"}]}},"jetpack_featured_media_url":"https:\/\/exaudi.org\/wp-content\/uploads\/2022\/09\/2022-09-18-March-for-Life-and-Family_Photo4-by-Sr.-Amata-J.-Nowaszewska-scaled.jpg","jetpack_shortlink":"https:\/\/wp.me\/pgKjF2-gf2","_links":{"self":[{"href":"https:\/\/exaudi.org\/es\/wp-json\/wp\/v2\/posts\/62436","targetHints":{"allow":["GET"]}}],"collection":[{"href":"https:\/\/exaudi.org\/es\/wp-json\/wp\/v2\/posts"}],"about":[{"href":"https:\/\/exaudi.org\/es\/wp-json\/wp\/v2\/types\/post"}],"author":[{"embeddable":true,"href":"https:\/\/exaudi.org\/es\/wp-json\/wp\/v2\/users\/15"}],"replies":[{"embeddable":true,"href":"https:\/\/exaudi.org\/es\/wp-json\/wp\/v2\/comments?post=62436"}],"version-history":[{"count":0,"href":"https:\/\/exaudi.org\/es\/wp-json\/wp\/v2\/posts\/62436\/revisions"}],"wp:featuredmedia":[{"embeddable":true,"href":"https:\/\/exaudi.org\/es\/wp-json\/wp\/v2\/media\/62394"}],"wp:attachment":[{"href":"https:\/\/exaudi.org\/es\/wp-json\/wp\/v2\/media?parent=62436"}],"wp:term":[{"taxonomy":"category","embeddable":true,"href":"https:\/\/exaudi.org\/es\/wp-json\/wp\/v2\/categories?post=62436"},{"taxonomy":"post_tag","embeddable":true,"href":"https:\/\/exaudi.org\/es\/wp-json\/wp\/v2\/tags?post=62436"}],"curies":[{"name":"wp","href":"https:\/\/api.w.org\/{rel}","templated":true}]}}