{"id":62336,"date":"2022-09-19T10:54:32","date_gmt":"2022-09-19T08:54:32","guid":{"rendered":"https:\/\/exaudi.org\/?p=62336"},"modified":"2022-09-19T10:54:32","modified_gmt":"2022-09-19T08:54:32","slug":"torreciudad-celebra-la-30a-jornada-mariana-de-la-familia","status":"publish","type":"post","link":"https:\/\/exaudi.org\/es\/torreciudad-celebra-la-30a-jornada-mariana-de-la-familia\/","title":{"rendered":"Torreciudad celebra la 30\u00aa Jornada Mariana de la Familia"},"content":{"rendered":"<p>Torreciudad (Huesca), 17.- El santuario de Torreciudad ha celebrado hoy la 30\u00aa Jornada Mariana de la Familia que ha convocado a cerca de nueve mil peregrinos llegados de toda Espa\u00f1a. Los participantes se han sumado a la petici\u00f3n del Papa Francisco para que sus hogares sean \u00absemilla de convivencia, participaci\u00f3n y solidaridad\u00bb.<\/p>\n<p>Las familias han rezado por el final de la guerra en Ucrania y se han unido en un emocionante aplauso a un grupo de 30 refugiados ucranianos llegados desde Selva del Camp (Tarragona) y acogidos por la ONG Coopera Acci\u00f3n Familiar y por SOS Ucrania.<\/p>\n<p>Los asistentes llegaron al Alto Arag\u00f3n para participar en la multitudinaria eucarist\u00eda presidida por el obispo de Vitoria, Juan Carlos Elizalde, y celebrada en la explanada del santuario. Durante la celebraci\u00f3n cantaron los coros de los colegios Tajamar (Vallecas, Madrid) y Alborada (Alcal\u00e1 de Henares).<\/p>\n<p>A su t\u00e9rmino, el rector de Torreciudad, \u00c1ngel Lasheras, ley\u00f3 un mensaje del Papa dirigido a las familias en el que pide que sean \u00abel rostro acogedor de la Iglesia, que construyan familias de gran coraz\u00f3n que transmiten la fe y recomponen el tejido de la sociedad\u00bb. Antes de finalizar el mensaje con su bendici\u00f3n apost\u00f3lica, el Papa Francisco ha rogado que \u00abno le olviden en sus oraciones por su misi\u00f3n al frente de toda la Iglesia\u00bb.<\/p>\n<p><strong>Un proyecto familiar<\/strong><\/p>\n<p><img loading=\"lazy\" decoding=\"async\" class=\"size-medium wp-image-62340 alignleft\" src=\"https:\/\/exaudi.org\/wp-content\/uploads\/2022\/09\/Rosario-con-la-Virgen-de-Torreciudad-en-la-Jornada-Mariana-de-la-Familia-300x200.jpg\" alt=\"\" width=\"300\" height=\"200\" srcset=\"https:\/\/exaudi.org\/wp-content\/uploads\/2022\/09\/Rosario-con-la-Virgen-de-Torreciudad-en-la-Jornada-Mariana-de-la-Familia-300x200.jpg 300w, https:\/\/exaudi.org\/wp-content\/uploads\/2022\/09\/Rosario-con-la-Virgen-de-Torreciudad-en-la-Jornada-Mariana-de-la-Familia-1024x683.jpg 1024w, https:\/\/exaudi.org\/wp-content\/uploads\/2022\/09\/Rosario-con-la-Virgen-de-Torreciudad-en-la-Jornada-Mariana-de-la-Familia-770x513.jpg 770w, https:\/\/exaudi.org\/wp-content\/uploads\/2022\/09\/Rosario-con-la-Virgen-de-Torreciudad-en-la-Jornada-Mariana-de-la-Familia-1536x1024.jpg 1536w, https:\/\/exaudi.org\/wp-content\/uploads\/2022\/09\/Rosario-con-la-Virgen-de-Torreciudad-en-la-Jornada-Mariana-de-la-Familia-2048x1365.jpg 2048w, https:\/\/exaudi.org\/wp-content\/uploads\/2022\/09\/Rosario-con-la-Virgen-de-Torreciudad-en-la-Jornada-Mariana-de-la-Familia-360x240.jpg?crop=1 360w, https:\/\/exaudi.org\/wp-content\/uploads\/2022\/09\/Rosario-con-la-Virgen-de-Torreciudad-en-la-Jornada-Mariana-de-la-Familia-500x333.jpg 500w, https:\/\/exaudi.org\/wp-content\/uploads\/2022\/09\/Rosario-con-la-Virgen-de-Torreciudad-en-la-Jornada-Mariana-de-la-Familia-1155x770.jpg 1155w, https:\/\/exaudi.org\/wp-content\/uploads\/2022\/09\/Rosario-con-la-Virgen-de-Torreciudad-en-la-Jornada-Mariana-de-la-Familia-370x247.jpg 370w, https:\/\/exaudi.org\/wp-content\/uploads\/2022\/09\/Rosario-con-la-Virgen-de-Torreciudad-en-la-Jornada-Mariana-de-la-Familia-293x195.jpg 293w, https:\/\/exaudi.org\/wp-content\/uploads\/2022\/09\/Rosario-con-la-Virgen-de-Torreciudad-en-la-Jornada-Mariana-de-la-Familia-1400x933.jpg 1400w, https:\/\/exaudi.org\/wp-content\/uploads\/2022\/09\/Rosario-con-la-Virgen-de-Torreciudad-en-la-Jornada-Mariana-de-la-Familia-120x80.jpg 120w, https:\/\/exaudi.org\/wp-content\/uploads\/2022\/09\/Rosario-con-la-Virgen-de-Torreciudad-en-la-Jornada-Mariana-de-la-Familia-240x160.jpg 240w, https:\/\/exaudi.org\/wp-content\/uploads\/2022\/09\/Rosario-con-la-Virgen-de-Torreciudad-en-la-Jornada-Mariana-de-la-Familia-390x260.jpg 390w\" sizes=\"auto, (max-width: 300px) 100vw, 300px\" \/>En su homil\u00eda el obispo de Vitoria anim\u00f3 a cada asistente a considerar ante el comienzo del curso escolar, \u00abel proyecto familiar\u00bb, a \u00abrescatar la promesa de felicidad que Dios te hizo en tu familia y que te ayuda ante conflictos, enfermedades, deudas, separaciones, ausencias y difuntos\u00bb.<\/p>\n<p>Monse\u00f1or Elizalde destac\u00f3 ante los padres que \u00abla vida es grande por las personas que acompa\u00f1amos, es un tesoro por las personas que crecen junto a vosotros\u00bb. Pidi\u00f3 valorar \u00ablo peque\u00f1o y lo fr\u00e1gil, donde nos jugamos la madurez de la familia en una sociedad que suele optar por la cultura del descarte\u00bb.<\/p>\n<p>Por \u00faltimo, anim\u00f3 a evitar discusiones, culpabilizar o sacar trapos sucios: \u00abnos envenenamos -dijo- cuando buscamos culpables\u00bb. Y pidi\u00f3 preguntarse: \u00ab\u00bfd\u00f3nde tengo que ayudar, qui\u00e9n me necesita, qu\u00e9 me est\u00e1n pidiendo a gritos, cu\u00e1l va a ser mi aportaci\u00f3n este curso?\u00bb.<\/p>\n<p><strong>Conocer el Alto Arag\u00f3n<\/strong><\/p>\n<p>Tras el par\u00f3n impuesto por la pandemia, el rector \u00c1ngel Lasheras mostr\u00f3 su satisfacci\u00f3n por \u00abla recuperaci\u00f3n y este cumplea\u00f1os redondo de la Jornada\u00bb, y anim\u00f3 a todos \u00aba conocer las comarcas cercanas\u00bb.<\/p>\n<p>\u00c1ngel Vidal, alcalde de Secastilla, municipio que acoge al santuario, destac\u00f3 el reencuentro tras el par\u00f3n por la pandemia y se\u00f1al\u00f3 que \u00abojal\u00e1 podamos seguir avanzando en estos eventos, con la ilusi\u00f3n de dar a conocer Ribagorza entre tantos visitantes\u00bb. Ildefonso Salillas, director gerente de Turismo de Arag\u00f3n, se hizo eco del \u00abgran n\u00famero de visitantes\u00bb y Mar\u00eda Jos\u00e9 Olivera, teniente de alcalde de El Grado, piensa que el balance es \u00abun d\u00eda maravilloso, por la gente, la organizaci\u00f3n, los voluntarios\u00bb, con una vuelta a la normalidad que \u00abha sido una alegr\u00eda\u00bb.<\/p>\n<p>Fernando Torres, alcalde de Barbastro, mostr\u00f3 su agradecimiento por su participaci\u00f3n en \u00abesta jornada multitudinaria, una fiesta y una oportunidad para visitar el Somontano y Barbastro, como ciudad de paso y cuna de san Josemar\u00eda\u00bb. Rosa Mur, alcaldesa ped\u00e1nea de Artasona de El Grado, con su marido Ignacio Peir\u00f3n, ha asistido por primera vez y ha destacado \u00abla gran alegr\u00eda que hemos visto en la gente, felicidades\u00bb.<\/p>\n<p>* * *<\/p>\n","protected":false},"excerpt":{"rendered":"<p>El Papa Francisco anima en un mensaje a ser \u00absemilla de convivencia, participaci\u00f3n y solidaridad\u00bb.<\/p>\n","protected":false},"author":15,"featured_media":62337,"comment_status":"closed","ping_status":"closed","sticky":false,"template":"","format":"standard","meta":{"_acf_changed":false,"_crdt_document":"","inline_featured_image":false,"footnotes":""},"categories":[74],"tags":[6876,4915,4953],"class_list":["post-62336","post","type-post","status-publish","format-standard","has-post-thumbnail","hentry","category-iglesia-y-mundo","tag-jornada-mariana-de-la-familia","tag-torreciudad","tag-trending-es"],"acf":[],"yoast_head":"<!-- This site is optimized with the Yoast SEO plugin v27.5 - https:\/\/yoast.com\/product\/yoast-seo-wordpress\/ -->\n<title>Torreciudad celebra la 30\u00aa Jornada Mariana de la Familia &#8211; Exaudi<\/title>\n<meta name=\"robots\" content=\"index, follow, max-snippet:-1, max-image-preview:large, max-video-preview:-1\" \/>\n<link rel=\"canonical\" href=\"https:\/\/exaudi.org\/es\/torreciudad-celebra-la-30a-jornada-mariana-de-la-familia\/\" \/>\n<meta property=\"og:locale\" content=\"es_ES\" \/>\n<meta property=\"og:type\" content=\"article\" \/>\n<meta property=\"og:title\" content=\"Torreciudad celebra la 30\u00aa Jornada Mariana de la Familia &#8211; Exaudi\" \/>\n<meta property=\"og:description\" content=\"El Papa Francisco anima en un mensaje a ser \u00absemilla de convivencia, participaci\u00f3n y solidaridad\u00bb.\" \/>\n<meta property=\"og:url\" content=\"https:\/\/exaudi.org\/es\/torreciudad-celebra-la-30a-jornada-mariana-de-la-familia\/\" \/>\n<meta property=\"og:site_name\" content=\"Exaudi\" \/>\n<meta property=\"article:publisher\" content=\"https:\/\/www.facebook.com\/ExaudiNews\" \/>\n<meta property=\"article:author\" content=\"https:\/\/www.facebook.com\/ExaudiNoticias\/\" \/>\n<meta property=\"article:published_time\" content=\"2022-09-19T08:54:32+00:00\" \/>\n<meta property=\"og:image\" content=\"https:\/\/exaudi.org\/wp-content\/uploads\/2022\/09\/30-Jornada-Mariana-de-la-Familia-celebrada-en-Torreciudad-scaled.jpg\" \/>\n\t<meta property=\"og:image:width\" content=\"2560\" \/>\n\t<meta property=\"og:image:height\" content=\"1707\" \/>\n\t<meta property=\"og:image:type\" content=\"image\/jpeg\" \/>\n<meta name=\"author\" content=\"Exaudi Redacci\u00f3n\" \/>\n<meta name=\"twitter:card\" content=\"summary_large_image\" \/>\n<meta name=\"twitter:creator\" content=\"@Exaudi_noticias\" \/>\n<meta name=\"twitter:site\" content=\"@Exaudi_News\" \/>\n<meta name=\"twitter:label1\" content=\"Escrito por\" \/>\n\t<meta name=\"twitter:data1\" content=\"Exaudi Redacci\u00f3n\" \/>\n\t<meta name=\"twitter:label2\" content=\"Tiempo de lectura\" \/>\n\t<meta name=\"twitter:data2\" content=\"3 minutos\" \/>\n<script type=\"application\/ld+json\" class=\"yoast-schema-graph\">{\"@context\":\"https:\\\/\\\/schema.org\",\"@graph\":[{\"@type\":\"Article\",\"@id\":\"https:\\\/\\\/exaudi.org\\\/es\\\/torreciudad-celebra-la-30a-jornada-mariana-de-la-familia\\\/#article\",\"isPartOf\":{\"@id\":\"https:\\\/\\\/exaudi.org\\\/es\\\/torreciudad-celebra-la-30a-jornada-mariana-de-la-familia\\\/\"},\"author\":{\"name\":\"Exaudi Redacci\u00f3n\",\"@id\":\"https:\\\/\\\/exaudi.org\\\/#\\\/schema\\\/person\\\/f5fc8f063065e38742da7afe15f25df7\"},\"headline\":\"Torreciudad celebra la 30\u00aa Jornada Mariana de la Familia\",\"datePublished\":\"2022-09-19T08:54:32+00:00\",\"mainEntityOfPage\":{\"@id\":\"https:\\\/\\\/exaudi.org\\\/es\\\/torreciudad-celebra-la-30a-jornada-mariana-de-la-familia\\\/\"},\"wordCount\":606,\"image\":{\"@id\":\"https:\\\/\\\/exaudi.org\\\/es\\\/torreciudad-celebra-la-30a-jornada-mariana-de-la-familia\\\/#primaryimage\"},\"thumbnailUrl\":\"https:\\\/\\\/exaudi.org\\\/wp-content\\\/uploads\\\/2022\\\/09\\\/30-Jornada-Mariana-de-la-Familia-celebrada-en-Torreciudad-scaled.jpg\",\"keywords\":[\"Jornada Mariana de la Familia\",\"Torreciudad\",\"Trending\"],\"articleSection\":[\"Iglesia y Mundo\"],\"inLanguage\":\"es\"},{\"@type\":\"WebPage\",\"@id\":\"https:\\\/\\\/exaudi.org\\\/es\\\/torreciudad-celebra-la-30a-jornada-mariana-de-la-familia\\\/\",\"url\":\"https:\\\/\\\/exaudi.org\\\/es\\\/torreciudad-celebra-la-30a-jornada-mariana-de-la-familia\\\/\",\"name\":\"Torreciudad celebra la 30\u00aa Jornada Mariana de la Familia &#8211; Exaudi\",\"isPartOf\":{\"@id\":\"https:\\\/\\\/exaudi.org\\\/#website\"},\"primaryImageOfPage\":{\"@id\":\"https:\\\/\\\/exaudi.org\\\/es\\\/torreciudad-celebra-la-30a-jornada-mariana-de-la-familia\\\/#primaryimage\"},\"image\":{\"@id\":\"https:\\\/\\\/exaudi.org\\\/es\\\/torreciudad-celebra-la-30a-jornada-mariana-de-la-familia\\\/#primaryimage\"},\"thumbnailUrl\":\"https:\\\/\\\/exaudi.org\\\/wp-content\\\/uploads\\\/2022\\\/09\\\/30-Jornada-Mariana-de-la-Familia-celebrada-en-Torreciudad-scaled.jpg\",\"datePublished\":\"2022-09-19T08:54:32+00:00\",\"author\":{\"@id\":\"https:\\\/\\\/exaudi.org\\\/#\\\/schema\\\/person\\\/f5fc8f063065e38742da7afe15f25df7\"},\"breadcrumb\":{\"@id\":\"https:\\\/\\\/exaudi.org\\\/es\\\/torreciudad-celebra-la-30a-jornada-mariana-de-la-familia\\\/#breadcrumb\"},\"inLanguage\":\"es\",\"potentialAction\":[{\"@type\":\"ReadAction\",\"target\":[\"https:\\\/\\\/exaudi.org\\\/es\\\/torreciudad-celebra-la-30a-jornada-mariana-de-la-familia\\\/\"]}]},{\"@type\":\"ImageObject\",\"inLanguage\":\"es\",\"@id\":\"https:\\\/\\\/exaudi.org\\\/es\\\/torreciudad-celebra-la-30a-jornada-mariana-de-la-familia\\\/#primaryimage\",\"url\":\"https:\\\/\\\/exaudi.org\\\/wp-content\\\/uploads\\\/2022\\\/09\\\/30-Jornada-Mariana-de-la-Familia-celebrada-en-Torreciudad-scaled.jpg\",\"contentUrl\":\"https:\\\/\\\/exaudi.org\\\/wp-content\\\/uploads\\\/2022\\\/09\\\/30-Jornada-Mariana-de-la-Familia-celebrada-en-Torreciudad-scaled.jpg\",\"width\":2560,\"height\":1707},{\"@type\":\"BreadcrumbList\",\"@id\":\"https:\\\/\\\/exaudi.org\\\/es\\\/torreciudad-celebra-la-30a-jornada-mariana-de-la-familia\\\/#breadcrumb\",\"itemListElement\":[{\"@type\":\"ListItem\",\"position\":1,\"name\":\"Portada\",\"item\":\"https:\\\/\\\/exaudi.org\\\/es\\\/\"},{\"@type\":\"ListItem\",\"position\":2,\"name\":\"Torreciudad celebra la 30\u00aa Jornada Mariana de la Familia\"}]},{\"@type\":\"WebSite\",\"@id\":\"https:\\\/\\\/exaudi.org\\\/#website\",\"url\":\"https:\\\/\\\/exaudi.org\\\/\",\"name\":\"Exaudi\",\"description\":\"News\",\"potentialAction\":[{\"@type\":\"SearchAction\",\"target\":{\"@type\":\"EntryPoint\",\"urlTemplate\":\"https:\\\/\\\/exaudi.org\\\/?s={search_term_string}\"},\"query-input\":{\"@type\":\"PropertyValueSpecification\",\"valueRequired\":true,\"valueName\":\"search_term_string\"}}],\"inLanguage\":\"es\"},{\"@type\":\"Person\",\"@id\":\"https:\\\/\\\/exaudi.org\\\/#\\\/schema\\\/person\\\/f5fc8f063065e38742da7afe15f25df7\",\"name\":\"Exaudi Redacci\u00f3n\",\"image\":{\"@type\":\"ImageObject\",\"inLanguage\":\"es\",\"@id\":\"https:\\\/\\\/secure.gravatar.com\\\/avatar\\\/fe0f6a059fb68d9b3e11bc5850dd4899b1c7492091a3cb6dd9b01b56ad828be2?s=96&d=mm&r=g\",\"url\":\"https:\\\/\\\/secure.gravatar.com\\\/avatar\\\/fe0f6a059fb68d9b3e11bc5850dd4899b1c7492091a3cb6dd9b01b56ad828be2?s=96&d=mm&r=g\",\"contentUrl\":\"https:\\\/\\\/secure.gravatar.com\\\/avatar\\\/fe0f6a059fb68d9b3e11bc5850dd4899b1c7492091a3cb6dd9b01b56ad828be2?s=96&d=mm&r=g\",\"caption\":\"Exaudi Redacci\u00f3n\"},\"description\":\"\u00bfQu\u00e9 es Exaudi News? Exaudi News es un medio de comunicaci\u00f3n cat\u00f3lico internacional que informa, forma y transforma, diariamente en espa\u00f1ol, ingl\u00e9s e italiano. A trav\u00e9s de noticias, art\u00edculos de an\u00e1lisis y transmisiones en directo de los eventos del Papa, Exaudi busca fortalecer la unidad de los cristianos y contribuir a la evangelizaci\u00f3n del mundo, siempre guiados por la doctrina social de la Iglesia. Trabajamos para acercar la verdad y los valores cristianos a cada rinc\u00f3n del planeta. \u00a1Ay\u00fadanos a transformar el mundo con Exaudi! En Exaudi creemos que la evangelizaci\u00f3n y la informaci\u00f3n de calidad pueden cambiar vidas. Para continuar con nuestra misi\u00f3n y expandir nuestro alcance, necesitamos tu ayuda. Adem\u00e1s, buscamos personas comprometidas que deseen unirse a nuestro equipo. Con tu apoyo, lograremos llegar a m\u00e1s personas, difundir el mensaje de Cristo y reforzar la unidad de los cristianos. \u00bfTe unes a nuestra misi\u00f3n? Para m\u00e1s informaci\u00f3n sobre c\u00f3mo colaborar, visita Exaudi.org\\\/es o cont\u00e1ctanos directamente: info@exaudi.org Exaudi: Informa, forma y transforma.\",\"sameAs\":[\"https:\\\/\\\/www.facebook.com\\\/ExaudiNoticias\\\/\",\"https:\\\/\\\/www.instagram.com\\\/exaudi_noticias\\\/\",\"https:\\\/\\\/x.com\\\/Exaudi_noticias\",\"https:\\\/\\\/www.youtube.com\\\/@exaudicatholicnews\"],\"url\":\"https:\\\/\\\/exaudi.org\\\/es\\\/author\\\/redaccionexaudi\\\/\"}]}<\/script>\n<!-- \/ Yoast SEO plugin. -->","yoast_head_json":{"title":"Torreciudad celebra la 30\u00aa Jornada Mariana de la Familia &#8211; Exaudi","robots":{"index":"index","follow":"follow","max-snippet":"max-snippet:-1","max-image-preview":"max-image-preview:large","max-video-preview":"max-video-preview:-1"},"canonical":"https:\/\/exaudi.org\/es\/torreciudad-celebra-la-30a-jornada-mariana-de-la-familia\/","og_locale":"es_ES","og_type":"article","og_title":"Torreciudad celebra la 30\u00aa Jornada Mariana de la Familia &#8211; Exaudi","og_description":"El Papa Francisco anima en un mensaje a ser \u00absemilla de convivencia, participaci\u00f3n y solidaridad\u00bb.","og_url":"https:\/\/exaudi.org\/es\/torreciudad-celebra-la-30a-jornada-mariana-de-la-familia\/","og_site_name":"Exaudi","article_publisher":"https:\/\/www.facebook.com\/ExaudiNews","article_author":"https:\/\/www.facebook.com\/ExaudiNoticias\/","article_published_time":"2022-09-19T08:54:32+00:00","og_image":[{"width":2560,"height":1707,"url":"https:\/\/exaudi.org\/wp-content\/uploads\/2022\/09\/30-Jornada-Mariana-de-la-Familia-celebrada-en-Torreciudad-scaled.jpg","type":"image\/jpeg"}],"author":"Exaudi Redacci\u00f3n","twitter_card":"summary_large_image","twitter_creator":"@Exaudi_noticias","twitter_site":"@Exaudi_News","twitter_misc":{"Escrito por":"Exaudi Redacci\u00f3n","Tiempo de lectura":"3 minutos"},"schema":{"@context":"https:\/\/schema.org","@graph":[{"@type":"Article","@id":"https:\/\/exaudi.org\/es\/torreciudad-celebra-la-30a-jornada-mariana-de-la-familia\/#article","isPartOf":{"@id":"https:\/\/exaudi.org\/es\/torreciudad-celebra-la-30a-jornada-mariana-de-la-familia\/"},"author":{"name":"Exaudi Redacci\u00f3n","@id":"https:\/\/exaudi.org\/#\/schema\/person\/f5fc8f063065e38742da7afe15f25df7"},"headline":"Torreciudad celebra la 30\u00aa Jornada Mariana de la Familia","datePublished":"2022-09-19T08:54:32+00:00","mainEntityOfPage":{"@id":"https:\/\/exaudi.org\/es\/torreciudad-celebra-la-30a-jornada-mariana-de-la-familia\/"},"wordCount":606,"image":{"@id":"https:\/\/exaudi.org\/es\/torreciudad-celebra-la-30a-jornada-mariana-de-la-familia\/#primaryimage"},"thumbnailUrl":"https:\/\/exaudi.org\/wp-content\/uploads\/2022\/09\/30-Jornada-Mariana-de-la-Familia-celebrada-en-Torreciudad-scaled.jpg","keywords":["Jornada Mariana de la Familia","Torreciudad","Trending"],"articleSection":["Iglesia y Mundo"],"inLanguage":"es"},{"@type":"WebPage","@id":"https:\/\/exaudi.org\/es\/torreciudad-celebra-la-30a-jornada-mariana-de-la-familia\/","url":"https:\/\/exaudi.org\/es\/torreciudad-celebra-la-30a-jornada-mariana-de-la-familia\/","name":"Torreciudad celebra la 30\u00aa Jornada Mariana de la Familia &#8211; Exaudi","isPartOf":{"@id":"https:\/\/exaudi.org\/#website"},"primaryImageOfPage":{"@id":"https:\/\/exaudi.org\/es\/torreciudad-celebra-la-30a-jornada-mariana-de-la-familia\/#primaryimage"},"image":{"@id":"https:\/\/exaudi.org\/es\/torreciudad-celebra-la-30a-jornada-mariana-de-la-familia\/#primaryimage"},"thumbnailUrl":"https:\/\/exaudi.org\/wp-content\/uploads\/2022\/09\/30-Jornada-Mariana-de-la-Familia-celebrada-en-Torreciudad-scaled.jpg","datePublished":"2022-09-19T08:54:32+00:00","author":{"@id":"https:\/\/exaudi.org\/#\/schema\/person\/f5fc8f063065e38742da7afe15f25df7"},"breadcrumb":{"@id":"https:\/\/exaudi.org\/es\/torreciudad-celebra-la-30a-jornada-mariana-de-la-familia\/#breadcrumb"},"inLanguage":"es","potentialAction":[{"@type":"ReadAction","target":["https:\/\/exaudi.org\/es\/torreciudad-celebra-la-30a-jornada-mariana-de-la-familia\/"]}]},{"@type":"ImageObject","inLanguage":"es","@id":"https:\/\/exaudi.org\/es\/torreciudad-celebra-la-30a-jornada-mariana-de-la-familia\/#primaryimage","url":"https:\/\/exaudi.org\/wp-content\/uploads\/2022\/09\/30-Jornada-Mariana-de-la-Familia-celebrada-en-Torreciudad-scaled.jpg","contentUrl":"https:\/\/exaudi.org\/wp-content\/uploads\/2022\/09\/30-Jornada-Mariana-de-la-Familia-celebrada-en-Torreciudad-scaled.jpg","width":2560,"height":1707},{"@type":"BreadcrumbList","@id":"https:\/\/exaudi.org\/es\/torreciudad-celebra-la-30a-jornada-mariana-de-la-familia\/#breadcrumb","itemListElement":[{"@type":"ListItem","position":1,"name":"Portada","item":"https:\/\/exaudi.org\/es\/"},{"@type":"ListItem","position":2,"name":"Torreciudad celebra la 30\u00aa Jornada Mariana de la Familia"}]},{"@type":"WebSite","@id":"https:\/\/exaudi.org\/#website","url":"https:\/\/exaudi.org\/","name":"Exaudi","description":"News","potentialAction":[{"@type":"SearchAction","target":{"@type":"EntryPoint","urlTemplate":"https:\/\/exaudi.org\/?s={search_term_string}"},"query-input":{"@type":"PropertyValueSpecification","valueRequired":true,"valueName":"search_term_string"}}],"inLanguage":"es"},{"@type":"Person","@id":"https:\/\/exaudi.org\/#\/schema\/person\/f5fc8f063065e38742da7afe15f25df7","name":"Exaudi Redacci\u00f3n","image":{"@type":"ImageObject","inLanguage":"es","@id":"https:\/\/secure.gravatar.com\/avatar\/fe0f6a059fb68d9b3e11bc5850dd4899b1c7492091a3cb6dd9b01b56ad828be2?s=96&d=mm&r=g","url":"https:\/\/secure.gravatar.com\/avatar\/fe0f6a059fb68d9b3e11bc5850dd4899b1c7492091a3cb6dd9b01b56ad828be2?s=96&d=mm&r=g","contentUrl":"https:\/\/secure.gravatar.com\/avatar\/fe0f6a059fb68d9b3e11bc5850dd4899b1c7492091a3cb6dd9b01b56ad828be2?s=96&d=mm&r=g","caption":"Exaudi Redacci\u00f3n"},"description":"\u00bfQu\u00e9 es Exaudi News? Exaudi News es un medio de comunicaci\u00f3n cat\u00f3lico internacional que informa, forma y transforma, diariamente en espa\u00f1ol, ingl\u00e9s e italiano. A trav\u00e9s de noticias, art\u00edculos de an\u00e1lisis y transmisiones en directo de los eventos del Papa, Exaudi busca fortalecer la unidad de los cristianos y contribuir a la evangelizaci\u00f3n del mundo, siempre guiados por la doctrina social de la Iglesia. Trabajamos para acercar la verdad y los valores cristianos a cada rinc\u00f3n del planeta. \u00a1Ay\u00fadanos a transformar el mundo con Exaudi! En Exaudi creemos que la evangelizaci\u00f3n y la informaci\u00f3n de calidad pueden cambiar vidas. Para continuar con nuestra misi\u00f3n y expandir nuestro alcance, necesitamos tu ayuda. Adem\u00e1s, buscamos personas comprometidas que deseen unirse a nuestro equipo. Con tu apoyo, lograremos llegar a m\u00e1s personas, difundir el mensaje de Cristo y reforzar la unidad de los cristianos. \u00bfTe unes a nuestra misi\u00f3n? Para m\u00e1s informaci\u00f3n sobre c\u00f3mo colaborar, visita Exaudi.org\/es o cont\u00e1ctanos directamente: info@exaudi.org Exaudi: Informa, forma y transforma.","sameAs":["https:\/\/www.facebook.com\/ExaudiNoticias\/","https:\/\/www.instagram.com\/exaudi_noticias\/","https:\/\/x.com\/Exaudi_noticias","https:\/\/www.youtube.com\/@exaudicatholicnews"],"url":"https:\/\/exaudi.org\/es\/author\/redaccionexaudi\/"}]}},"jetpack_featured_media_url":"https:\/\/exaudi.org\/wp-content\/uploads\/2022\/09\/30-Jornada-Mariana-de-la-Familia-celebrada-en-Torreciudad-scaled.jpg","jetpack_shortlink":"https:\/\/wp.me\/pgKjF2-gdq","_links":{"self":[{"href":"https:\/\/exaudi.org\/es\/wp-json\/wp\/v2\/posts\/62336","targetHints":{"allow":["GET"]}}],"collection":[{"href":"https:\/\/exaudi.org\/es\/wp-json\/wp\/v2\/posts"}],"about":[{"href":"https:\/\/exaudi.org\/es\/wp-json\/wp\/v2\/types\/post"}],"author":[{"embeddable":true,"href":"https:\/\/exaudi.org\/es\/wp-json\/wp\/v2\/users\/15"}],"replies":[{"embeddable":true,"href":"https:\/\/exaudi.org\/es\/wp-json\/wp\/v2\/comments?post=62336"}],"version-history":[{"count":0,"href":"https:\/\/exaudi.org\/es\/wp-json\/wp\/v2\/posts\/62336\/revisions"}],"wp:featuredmedia":[{"embeddable":true,"href":"https:\/\/exaudi.org\/es\/wp-json\/wp\/v2\/media\/62337"}],"wp:attachment":[{"href":"https:\/\/exaudi.org\/es\/wp-json\/wp\/v2\/media?parent=62336"}],"wp:term":[{"taxonomy":"category","embeddable":true,"href":"https:\/\/exaudi.org\/es\/wp-json\/wp\/v2\/categories?post=62336"},{"taxonomy":"post_tag","embeddable":true,"href":"https:\/\/exaudi.org\/es\/wp-json\/wp\/v2\/tags?post=62336"}],"curies":[{"name":"wp","href":"https:\/\/api.w.org\/{rel}","templated":true}]}}